{"id":975233,"date":"2018-04-07T22:54:39","date_gmt":"2018-04-07T22:54:39","guid":{"rendered":"http:\/\/www.eldigitaldeasturias.com\/noticias\/?p=975233"},"modified":"2018-04-07T22:54:39","modified_gmt":"2018-04-07T22:54:39","slug":"el-rey-emerito-espanol-juan-carlos-operado-con-exito-en-la-rodilla","status":"publish","type":"post","link":"https:\/\/www.eldigitaldeasturias.com\/noticias\/el-rey-emerito-espanol-juan-carlos-operado-con-exito-en-la-rodilla\/","title":{"rendered":"El rey em\u00e9rito espa\u00f1ol Juan Carlos, operado con \u00e9xito en la rodilla"},"content":{"rendered":"<p><img loading=\"lazy\" decoding=\"async\" class=\"alignleft size-medium wp-image-687372\" src=\"https:\/\/www.eldigitaldeasturias.com\/noticias\/wp-content\/uploads\/2014\/11\/7177386w-360x299.jpg\" alt=\"\" width=\"360\" height=\"299\" \/>Madrid, 7 abr (dpa) &#8211; El rey em\u00e9rito de Espa\u00f1a Juan Carlos I se someti\u00f3 hoy a una operaci\u00f3n en la que se le reemplaz\u00f3 con \u00e9xito una pr\u00f3tesis que lleva en la rodilla derecha.<\/p>\n<p>La intervenci\u00f3n de 90 minutos finaliz\u00f3 con un resultado \u00abplenamente satisfactorio\u00bb, seg\u00fan el parte m\u00e9dico del hospital Sanitas, en el norte de Madrid, citado en la prensa espa\u00f1ola.<\/p>\n<p>El rey em\u00e9rito, que cumpli\u00f3 80 a\u00f1os en enero, permanecer\u00e1 ahora 24 horas en la unidad de cuidados intensivos del centro hospitalario para un control postoperatorio.<\/p>\n<p>Juan Carlos, monarca desde 1975 hasta su abdicaci\u00f3n en 2014 en favor de su hijo y actual rey, Felipe VI, se someti\u00f3 a la intervenci\u00f3n para contar con una nueva pr\u00f3tesis que le permitir\u00e1 \u00abmejorar la estabilidad de la rodilla y la funci\u00f3n articular\u00bb.<\/p>\n<p>Fue su primera operaci\u00f3n desde 2013, cuando pas\u00f3 por quir\u00f3fano por dos intervenciones en la cadera. La pr\u00f3tesis de rodilla reemplazada hoy le hab\u00eda sido implantada en 2011.<\/p>\n<p>La Casa Real hab\u00eda adelantado a mediados de marzo la operaci\u00f3n de Juan Carlos \u00abcon la finalidad de permitirle una mayor comodidad y estabilidad en atencion a las prestaciones que ofrecen actualmente las pr\u00f3tesis de \u00faltima generaci\u00f3n\u00bb, aunque no anunci\u00f3 entonces la fecha por \u00abel car\u00e1cter no urgente\u00bb de la intervenci\u00f3n.<\/p>\n","protected":false},"excerpt":{"rendered":"<p>Madrid, 7 abr (dpa) &#8211; El rey em\u00e9rito de Espa\u00f1a Juan Carlos I se someti\u00f3 hoy a una operaci\u00f3n en la que se le reemplaz\u00f3 con \u00e9xito una pr\u00f3tesis que lleva en la rodilla derecha. La intervenci\u00f3n de 90 minutos finaliz\u00f3 con un resultado \u00abplenamente satisfactorio\u00bb, seg\u00fan el parte m\u00e9dico del hospital Sanitas, en el [&hellip;]<\/p>\n","protected":false},"author":1,"featured_media":687372,"comment_status":"closed","ping_status":"closed","sticky":false,"template":"","format":"standard","meta":{"footnotes":""},"categories":[1],"tags":[],"class_list":["post-975233","post","type-post","status-publish","format-standard","has-post-thumbnail","hentry","category-actualidad"],"aioseo_notices":[],"aioseo_head":"\n\t\t<!-- All in One SEO Pro 5.0.1 - aioseo.com -->\n\t<meta name=\"description\" content=\"Madrid, 7 abr (dpa) - El rey em\u00e9rito de Espa\u00f1a Juan Carlos I se someti\u00f3 hoy a una operaci\u00f3n en la que se le reemplaz\u00f3 con \u00e9xito una pr\u00f3tesis que lleva en la rodilla derecha. La intervenci\u00f3n de 90 minutos finaliz\u00f3 con un resultado &quot;plenamente satisfactorio&quot;, seg\u00fan el parte m\u00e9dico del hospital Sanitas, en el\" \/>\n\t<meta name=\"robots\" content=\"max-image-preview:large\" \/>\n\t<meta name=\"author\" content=\"El Digital de Asturias\"\/>\n\t<meta name=\"google-site-verification\" content=\"UA-38556648-1\" \/>\n\t<meta name=\"msvalidate.01\" content=\"7dfe9f3f1b24437ab69f4f2559babe99\" \/>\n\t<meta name=\"keywords\" content=\"actualidad\" \/>\n\t<link rel=\"canonical\" href=\"https:\/\/www.eldigitaldeasturias.com\/noticias\/el-rey-emerito-espanol-juan-carlos-operado-con-exito-en-la-rodilla\/\" \/>\n\t<meta name=\"generator\" content=\"All in One SEO Pro (AIOSEO) 5.0.1\" \/>\n\t\t<meta property=\"og:locale\" content=\"es_ES\" \/>\n\t\t<meta property=\"og:site_name\" content=\"El Digital de Asturias\" \/>\n\t\t<meta property=\"og:type\" content=\"article\" \/>\n\t\t<meta property=\"og:title\" content=\"El rey em\u00e9rito espa\u00f1ol Juan Carlos, operado con \u00e9xito en la rodilla - El Digital de Asturias\" \/>\n\t\t<meta property=\"og:description\" content=\"Madrid, 7 abr (dpa) - El rey em\u00e9rito de Espa\u00f1a Juan Carlos I se someti\u00f3 hoy a una operaci\u00f3n en la que se le reemplaz\u00f3 con \u00e9xito una pr\u00f3tesis que lleva en la rodilla derecha. La intervenci\u00f3n de 90 minutos finaliz\u00f3 con un resultado &quot;plenamente satisfactorio&quot;, seg\u00fan el parte m\u00e9dico del hospital Sanitas, en el\" \/>\n\t\t<meta property=\"og:url\" content=\"https:\/\/www.eldigitaldeasturias.com\/noticias\/el-rey-emerito-espanol-juan-carlos-operado-con-exito-en-la-rodilla\/\" \/>\n\t\t<meta property=\"article:tag\" content=\"actualidad\" \/>\n\t\t<meta property=\"article:published_time\" content=\"2018-04-07T22:54:39+00:00\" \/>\n\t\t<meta property=\"article:modified_time\" content=\"2018-04-07T22:54:39+00:00\" \/>\n\t\t<meta property=\"article:publisher\" content=\"https:\/\/facebook.com\/eldigitaldeasturias\" \/>\n\t\t<meta name=\"twitter:card\" content=\"summary_large_image\" \/>\n\t\t<meta name=\"twitter:title\" content=\"El rey em\u00e9rito espa\u00f1ol Juan Carlos, operado con \u00e9xito en la rodilla - El Digital de Asturias\" \/>\n\t\t<meta name=\"twitter:description\" content=\"Madrid, 7 abr (dpa) - El rey em\u00e9rito de Espa\u00f1a Juan Carlos I se someti\u00f3 hoy a una operaci\u00f3n en la que se le reemplaz\u00f3 con \u00e9xito una pr\u00f3tesis que lleva en la rodilla derecha. La intervenci\u00f3n de 90 minutos finaliz\u00f3 con un resultado &quot;plenamente satisfactorio&quot;, seg\u00fan el parte m\u00e9dico del hospital Sanitas, en el\" \/>\n\t\t<meta name=\"twitter:image\" content=\"https:\/\/www.eldigitaldeasturias.com\/noticias\/wp-content\/uploads\/2020\/12\/EDA-1.jpg\" \/>\n\t\t<meta name=\"twitter:label1\" content=\"Escrito por\" \/>\n\t\t<meta name=\"twitter:data1\" content=\"El Digital de Asturias\" \/>\n\t\t<meta name=\"twitter:label2\" content=\"Tiempo de lectura estimado\" \/>\n\t\t<meta name=\"twitter:data2\" content=\"1 minuto\" \/>\n\t\t<script type=\"application\/ld+json\" class=\"aioseo-schema\">\n\t\t\t{\"@context\":\"https:\\\/\\\/schema.org\",\"@graph\":[{\"@type\":\"BlogPosting\",\"@id\":\"https:\\\/\\\/www.eldigitaldeasturias.com\\\/noticias\\\/el-rey-emerito-espanol-juan-carlos-operado-con-exito-en-la-rodilla\\\/#blogposting\",\"name\":\"El rey em\\u00e9rito espa\\u00f1ol Juan Carlos, operado con \\u00e9xito en la rodilla - El Digital de Asturias\",\"headline\":\"El rey em\\u00e9rito espa\\u00f1ol Juan Carlos, operado con \\u00e9xito en la rodilla\",\"author\":{\"@id\":\"https:\\\/\\\/www.eldigitaldeasturias.com\\\/noticias\\\/author\\\/admin\\\/#author\"},\"publisher\":{\"@id\":\"https:\\\/\\\/www.eldigitaldeasturias.com\\\/noticias\\\/#organization\"},\"image\":{\"@type\":\"ImageObject\",\"url\":687372},\"datePublished\":\"2018-04-07T22:54:39+02:00\",\"dateModified\":\"2018-04-07T22:54:39+02:00\",\"inLanguage\":\"es-ES\",\"mainEntityOfPage\":{\"@id\":\"https:\\\/\\\/www.eldigitaldeasturias.com\\\/noticias\\\/el-rey-emerito-espanol-juan-carlos-operado-con-exito-en-la-rodilla\\\/#webpage\"},\"isPartOf\":{\"@id\":\"https:\\\/\\\/www.eldigitaldeasturias.com\\\/noticias\\\/el-rey-emerito-espanol-juan-carlos-operado-con-exito-en-la-rodilla\\\/#webpage\"},\"articleSection\":\"Actualidad\"},{\"@type\":\"BreadcrumbList\",\"@id\":\"https:\\\/\\\/www.eldigitaldeasturias.com\\\/noticias\\\/el-rey-emerito-espanol-juan-carlos-operado-con-exito-en-la-rodilla\\\/#breadcrumblist\",\"itemListElement\":[{\"@type\":\"ListItem\",\"@id\":\"https:\\\/\\\/www.eldigitaldeasturias.com\\\/noticias#listItem\",\"position\":1,\"name\":\"Home\",\"item\":\"https:\\\/\\\/www.eldigitaldeasturias.com\\\/noticias\",\"nextItem\":{\"@type\":\"ListItem\",\"@id\":\"https:\\\/\\\/www.eldigitaldeasturias.com\\\/noticias\\\/category\\\/actualidad\\\/#listItem\",\"name\":\"Actualidad\"}},{\"@type\":\"ListItem\",\"@id\":\"https:\\\/\\\/www.eldigitaldeasturias.com\\\/noticias\\\/category\\\/actualidad\\\/#listItem\",\"position\":2,\"name\":\"Actualidad\",\"item\":\"https:\\\/\\\/www.eldigitaldeasturias.com\\\/noticias\\\/category\\\/actualidad\\\/\",\"nextItem\":{\"@type\":\"ListItem\",\"@id\":\"https:\\\/\\\/www.eldigitaldeasturias.com\\\/noticias\\\/el-rey-emerito-espanol-juan-carlos-operado-con-exito-en-la-rodilla\\\/#listItem\",\"name\":\"El rey em\\u00e9rito espa\\u00f1ol Juan Carlos, operado con \\u00e9xito en la rodilla\"},\"previousItem\":{\"@type\":\"ListItem\",\"@id\":\"https:\\\/\\\/www.eldigitaldeasturias.com\\\/noticias#listItem\",\"name\":\"Home\"}},{\"@type\":\"ListItem\",\"@id\":\"https:\\\/\\\/www.eldigitaldeasturias.com\\\/noticias\\\/el-rey-emerito-espanol-juan-carlos-operado-con-exito-en-la-rodilla\\\/#listItem\",\"position\":3,\"name\":\"El rey em\\u00e9rito espa\\u00f1ol Juan Carlos, operado con \\u00e9xito en la rodilla\",\"previousItem\":{\"@type\":\"ListItem\",\"@id\":\"https:\\\/\\\/www.eldigitaldeasturias.com\\\/noticias\\\/category\\\/actualidad\\\/#listItem\",\"name\":\"Actualidad\"}}]},{\"@type\":\"Organization\",\"@id\":\"https:\\\/\\\/www.eldigitaldeasturias.com\\\/noticias\\\/#organization\",\"name\":\"El Digital de Asturias\",\"description\":\"Hemeroteca\",\"url\":\"https:\\\/\\\/www.eldigitaldeasturias.com\\\/noticias\\\/\",\"email\":\"info@eldigitaldeasturias.com\",\"telephone\":\"+34652131393\",\"logo\":{\"@type\":\"ImageObject\",\"url\":\"https:\\\/\\\/www.eldigitaldeasturias.com\\\/noticias\\\/wp-content\\\/uploads\\\/2020\\\/12\\\/EDA.jpg\",\"@id\":\"https:\\\/\\\/www.eldigitaldeasturias.com\\\/noticias\\\/el-rey-emerito-espanol-juan-carlos-operado-con-exito-en-la-rodilla\\\/#organizationLogo\"},\"image\":{\"@id\":\"https:\\\/\\\/www.eldigitaldeasturias.com\\\/noticias\\\/el-rey-emerito-espanol-juan-carlos-operado-con-exito-en-la-rodilla\\\/#organizationLogo\"},\"sameAs\":[\"https:\\\/\\\/facebook.com\\\/eldigitaldeasturias\",\"https:\\\/\\\/www.youtube.com\\\/channel\\\/UCZP-2wLEB9Rv6erhFmqVnvg\"],\"address\":{\"@id\":\"https:\\\/\\\/www.eldigitaldeasturias.com\\\/noticias\\\/#postaladdress\",\"@type\":\"PostalAddress\",\"streetAddress\":\"san antonio 4\",\"postalCode\":\"33430\",\"addressLocality\":\"Cand\\u00e1s\",\"addressRegion\":\"Asturias\",\"addressCountry\":\"ES\"}},{\"@type\":\"Person\",\"@id\":\"https:\\\/\\\/www.eldigitaldeasturias.com\\\/noticias\\\/author\\\/admin\\\/#author\",\"url\":\"https:\\\/\\\/www.eldigitaldeasturias.com\\\/noticias\\\/author\\\/admin\\\/\",\"name\":\"El Digital de Asturias\",\"image\":{\"@type\":\"ImageObject\",\"@id\":\"https:\\\/\\\/www.eldigitaldeasturias.com\\\/noticias\\\/el-rey-emerito-espanol-juan-carlos-operado-con-exito-en-la-rodilla\\\/#authorImage\",\"url\":\"https:\\\/\\\/secure.gravatar.com\\\/avatar\\\/df2aeffc32bcd13f8d26072ef8a91b623d677766deac7f97ca815868cd41bf5e?s=96&d=mm&r=g\",\"width\":96,\"height\":96,\"caption\":\"El Digital de Asturias\"}},{\"@type\":\"WebPage\",\"@id\":\"https:\\\/\\\/www.eldigitaldeasturias.com\\\/noticias\\\/el-rey-emerito-espanol-juan-carlos-operado-con-exito-en-la-rodilla\\\/#webpage\",\"url\":\"https:\\\/\\\/www.eldigitaldeasturias.com\\\/noticias\\\/el-rey-emerito-espanol-juan-carlos-operado-con-exito-en-la-rodilla\\\/\",\"name\":\"El rey em\\u00e9rito espa\\u00f1ol Juan Carlos, operado con \\u00e9xito en la rodilla - El Digital de Asturias\",\"description\":\"Madrid, 7 abr (dpa) - El rey em\\u00e9rito de Espa\\u00f1a Juan Carlos I se someti\\u00f3 hoy a una operaci\\u00f3n en la que se le reemplaz\\u00f3 con \\u00e9xito una pr\\u00f3tesis que lleva en la rodilla derecha. La intervenci\\u00f3n de 90 minutos finaliz\\u00f3 con un resultado \\\"plenamente satisfactorio\\\", seg\\u00fan el parte m\\u00e9dico del hospital Sanitas, en el\",\"inLanguage\":\"es-ES\",\"isPartOf\":{\"@id\":\"https:\\\/\\\/www.eldigitaldeasturias.com\\\/noticias\\\/#website\"},\"breadcrumb\":{\"@id\":\"https:\\\/\\\/www.eldigitaldeasturias.com\\\/noticias\\\/el-rey-emerito-espanol-juan-carlos-operado-con-exito-en-la-rodilla\\\/#breadcrumblist\"},\"author\":{\"@id\":\"https:\\\/\\\/www.eldigitaldeasturias.com\\\/noticias\\\/author\\\/admin\\\/#author\"},\"creator\":{\"@id\":\"https:\\\/\\\/www.eldigitaldeasturias.com\\\/noticias\\\/author\\\/admin\\\/#author\"},\"image\":{\"@type\":\"ImageObject\",\"url\":687372,\"@id\":\"https:\\\/\\\/www.eldigitaldeasturias.com\\\/noticias\\\/el-rey-emerito-espanol-juan-carlos-operado-con-exito-en-la-rodilla\\\/#mainImage\"},\"primaryImageOfPage\":{\"@id\":\"https:\\\/\\\/www.eldigitaldeasturias.com\\\/noticias\\\/el-rey-emerito-espanol-juan-carlos-operado-con-exito-en-la-rodilla\\\/#mainImage\"},\"datePublished\":\"2018-04-07T22:54:39+02:00\",\"dateModified\":\"2018-04-07T22:54:39+02:00\"},{\"@type\":\"WebSite\",\"@id\":\"https:\\\/\\\/www.eldigitaldeasturias.com\\\/noticias\\\/#website\",\"url\":\"https:\\\/\\\/www.eldigitaldeasturias.com\\\/noticias\\\/\",\"name\":\"El Digital de Asturias - Diario de actualidad y noticias\",\"alternateName\":\"El Digital de Asturias - Diario de actualidad y noticias\",\"description\":\"Hemeroteca\",\"inLanguage\":\"es-ES\",\"publisher\":{\"@id\":\"https:\\\/\\\/www.eldigitaldeasturias.com\\\/noticias\\\/#organization\"}}]}\n\t\t<\/script>\n\t\t<!-- All in One SEO Pro -->\r\n\t\t<title>El rey em\u00e9rito espa\u00f1ol Juan Carlos, operado con \u00e9xito en la rodilla - El Digital de Asturias<\/title>\n\n","aioseo_head_json":{"title":"El rey em\u00e9rito espa\u00f1ol Juan Carlos, operado con \u00e9xito en la rodilla - El Digital de Asturias","description":"Madrid, 7 abr (dpa) - El rey em\u00e9rito de Espa\u00f1a Juan Carlos I se someti\u00f3 hoy a una operaci\u00f3n en la que se le reemplaz\u00f3 con \u00e9xito una pr\u00f3tesis que lleva en la rodilla derecha. La intervenci\u00f3n de 90 minutos finaliz\u00f3 con un resultado \"plenamente satisfactorio\", seg\u00fan el parte m\u00e9dico del hospital Sanitas, en el","canonical_url":"https:\/\/www.eldigitaldeasturias.com\/noticias\/el-rey-emerito-espanol-juan-carlos-operado-con-exito-en-la-rodilla\/","robots":"max-image-preview:large","keywords":"actualidad","webmasterTools":{"google-site-verification":"UA-38556648-1","msvalidate.01":"7dfe9f3f1b24437ab69f4f2559babe99","miscellaneous":""},"schema":{"@context":"https:\/\/schema.org","@graph":[{"@type":"BlogPosting","@id":"https:\/\/www.eldigitaldeasturias.com\/noticias\/el-rey-emerito-espanol-juan-carlos-operado-con-exito-en-la-rodilla\/#blogposting","name":"El rey em\u00e9rito espa\u00f1ol Juan Carlos, operado con \u00e9xito en la rodilla - El Digital de Asturias","headline":"El rey em\u00e9rito espa\u00f1ol Juan Carlos, operado con \u00e9xito en la rodilla","author":{"@id":"https:\/\/www.eldigitaldeasturias.com\/noticias\/author\/admin\/#author"},"publisher":{"@id":"https:\/\/www.eldigitaldeasturias.com\/noticias\/#organization"},"image":{"@type":"ImageObject","url":687372},"datePublished":"2018-04-07T22:54:39+02:00","dateModified":"2018-04-07T22:54:39+02:00","inLanguage":"es-ES","mainEntityOfPage":{"@id":"https:\/\/www.eldigitaldeasturias.com\/noticias\/el-rey-emerito-espanol-juan-carlos-operado-con-exito-en-la-rodilla\/#webpage"},"isPartOf":{"@id":"https:\/\/www.eldigitaldeasturias.com\/noticias\/el-rey-emerito-espanol-juan-carlos-operado-con-exito-en-la-rodilla\/#webpage"},"articleSection":"Actualidad"},{"@type":"BreadcrumbList","@id":"https:\/\/www.eldigitaldeasturias.com\/noticias\/el-rey-emerito-espanol-juan-carlos-operado-con-exito-en-la-rodilla\/#breadcrumblist","itemListElement":[{"@type":"ListItem","@id":"https:\/\/www.eldigitaldeasturias.com\/noticias#listItem","position":1,"name":"Home","item":"https:\/\/www.eldigitaldeasturias.com\/noticias","nextItem":{"@type":"ListItem","@id":"https:\/\/www.eldigitaldeasturias.com\/noticias\/category\/actualidad\/#listItem","name":"Actualidad"}},{"@type":"ListItem","@id":"https:\/\/www.eldigitaldeasturias.com\/noticias\/category\/actualidad\/#listItem","position":2,"name":"Actualidad","item":"https:\/\/www.eldigitaldeasturias.com\/noticias\/category\/actualidad\/","nextItem":{"@type":"ListItem","@id":"https:\/\/www.eldigitaldeasturias.com\/noticias\/el-rey-emerito-espanol-juan-carlos-operado-con-exito-en-la-rodilla\/#listItem","name":"El rey em\u00e9rito espa\u00f1ol Juan Carlos, operado con \u00e9xito en la rodilla"},"previousItem":{"@type":"ListItem","@id":"https:\/\/www.eldigitaldeasturias.com\/noticias#listItem","name":"Home"}},{"@type":"ListItem","@id":"https:\/\/www.eldigitaldeasturias.com\/noticias\/el-rey-emerito-espanol-juan-carlos-operado-con-exito-en-la-rodilla\/#listItem","position":3,"name":"El rey em\u00e9rito espa\u00f1ol Juan Carlos, operado con \u00e9xito en la rodilla","previousItem":{"@type":"ListItem","@id":"https:\/\/www.eldigitaldeasturias.com\/noticias\/category\/actualidad\/#listItem","name":"Actualidad"}}]},{"@type":"Organization","@id":"https:\/\/www.eldigitaldeasturias.com\/noticias\/#organization","name":"El Digital de Asturias","description":"Hemeroteca","url":"https:\/\/www.eldigitaldeasturias.com\/noticias\/","email":"info@eldigitaldeasturias.com","telephone":"+34652131393","logo":{"@type":"ImageObject","url":"https:\/\/www.eldigitaldeasturias.com\/noticias\/wp-content\/uploads\/2020\/12\/EDA.jpg","@id":"https:\/\/www.eldigitaldeasturias.com\/noticias\/el-rey-emerito-espanol-juan-carlos-operado-con-exito-en-la-rodilla\/#organizationLogo"},"image":{"@id":"https:\/\/www.eldigitaldeasturias.com\/noticias\/el-rey-emerito-espanol-juan-carlos-operado-con-exito-en-la-rodilla\/#organizationLogo"},"sameAs":["https:\/\/facebook.com\/eldigitaldeasturias","https:\/\/www.youtube.com\/channel\/UCZP-2wLEB9Rv6erhFmqVnvg"],"address":{"@id":"https:\/\/www.eldigitaldeasturias.com\/noticias\/#postaladdress","@type":"PostalAddress","streetAddress":"san antonio 4","postalCode":"33430","addressLocality":"Cand\u00e1s","addressRegion":"Asturias","addressCountry":"ES"}},{"@type":"Person","@id":"https:\/\/www.eldigitaldeasturias.com\/noticias\/author\/admin\/#author","url":"https:\/\/www.eldigitaldeasturias.com\/noticias\/author\/admin\/","name":"El Digital de Asturias","image":{"@type":"ImageObject","@id":"https:\/\/www.eldigitaldeasturias.com\/noticias\/el-rey-emerito-espanol-juan-carlos-operado-con-exito-en-la-rodilla\/#authorImage","url":"https:\/\/secure.gravatar.com\/avatar\/df2aeffc32bcd13f8d26072ef8a91b623d677766deac7f97ca815868cd41bf5e?s=96&d=mm&r=g","width":96,"height":96,"caption":"El Digital de Asturias"}},{"@type":"WebPage","@id":"https:\/\/www.eldigitaldeasturias.com\/noticias\/el-rey-emerito-espanol-juan-carlos-operado-con-exito-en-la-rodilla\/#webpage","url":"https:\/\/www.eldigitaldeasturias.com\/noticias\/el-rey-emerito-espanol-juan-carlos-operado-con-exito-en-la-rodilla\/","name":"El rey em\u00e9rito espa\u00f1ol Juan Carlos, operado con \u00e9xito en la rodilla - El Digital de Asturias","description":"Madrid, 7 abr (dpa) - El rey em\u00e9rito de Espa\u00f1a Juan Carlos I se someti\u00f3 hoy a una operaci\u00f3n en la que se le reemplaz\u00f3 con \u00e9xito una pr\u00f3tesis que lleva en la rodilla derecha. La intervenci\u00f3n de 90 minutos finaliz\u00f3 con un resultado \"plenamente satisfactorio\", seg\u00fan el parte m\u00e9dico del hospital Sanitas, en el","inLanguage":"es-ES","isPartOf":{"@id":"https:\/\/www.eldigitaldeasturias.com\/noticias\/#website"},"breadcrumb":{"@id":"https:\/\/www.eldigitaldeasturias.com\/noticias\/el-rey-emerito-espanol-juan-carlos-operado-con-exito-en-la-rodilla\/#breadcrumblist"},"author":{"@id":"https:\/\/www.eldigitaldeasturias.com\/noticias\/author\/admin\/#author"},"creator":{"@id":"https:\/\/www.eldigitaldeasturias.com\/noticias\/author\/admin\/#author"},"image":{"@type":"ImageObject","url":687372,"@id":"https:\/\/www.eldigitaldeasturias.com\/noticias\/el-rey-emerito-espanol-juan-carlos-operado-con-exito-en-la-rodilla\/#mainImage"},"primaryImageOfPage":{"@id":"https:\/\/www.eldigitaldeasturias.com\/noticias\/el-rey-emerito-espanol-juan-carlos-operado-con-exito-en-la-rodilla\/#mainImage"},"datePublished":"2018-04-07T22:54:39+02:00","dateModified":"2018-04-07T22:54:39+02:00"},{"@type":"WebSite","@id":"https:\/\/www.eldigitaldeasturias.com\/noticias\/#website","url":"https:\/\/www.eldigitaldeasturias.com\/noticias\/","name":"El Digital de Asturias - Diario de actualidad y noticias","alternateName":"El Digital de Asturias - Diario de actualidad y noticias","description":"Hemeroteca","inLanguage":"es-ES","publisher":{"@id":"https:\/\/www.eldigitaldeasturias.com\/noticias\/#organization"}}]},"og:locale":"es_ES","og:site_name":"El Digital de Asturias","og:type":"article","og:title":"El rey em\u00e9rito espa\u00f1ol Juan Carlos, operado con \u00e9xito en la rodilla - El Digital de Asturias","og:description":"Madrid, 7 abr (dpa) - El rey em\u00e9rito de Espa\u00f1a Juan Carlos I se someti\u00f3 hoy a una operaci\u00f3n en la que se le reemplaz\u00f3 con \u00e9xito una pr\u00f3tesis que lleva en la rodilla derecha. La intervenci\u00f3n de 90 minutos finaliz\u00f3 con un resultado &quot;plenamente satisfactorio&quot;, seg\u00fan el parte m\u00e9dico del hospital Sanitas, en el","og:url":"https:\/\/www.eldigitaldeasturias.com\/noticias\/el-rey-emerito-espanol-juan-carlos-operado-con-exito-en-la-rodilla\/","article:tag":["actualidad"],"article:published_time":"2018-04-07T22:54:39+00:00","article:modified_time":"2018-04-07T22:54:39+00:00","article:publisher":"https:\/\/facebook.com\/eldigitaldeasturias","twitter:card":"summary_large_image","twitter:title":"El rey em\u00e9rito espa\u00f1ol Juan Carlos, operado con \u00e9xito en la rodilla - El Digital de Asturias","twitter:description":"Madrid, 7 abr (dpa) - El rey em\u00e9rito de Espa\u00f1a Juan Carlos I se someti\u00f3 hoy a una operaci\u00f3n en la que se le reemplaz\u00f3 con \u00e9xito una pr\u00f3tesis que lleva en la rodilla derecha. La intervenci\u00f3n de 90 minutos finaliz\u00f3 con un resultado &quot;plenamente satisfactorio&quot;, seg\u00fan el parte m\u00e9dico del hospital Sanitas, en el","twitter:image":"https:\/\/www.eldigitaldeasturias.com\/noticias\/wp-content\/uploads\/2020\/12\/EDA-1.jpg","twitter:label1":"Escrito por","twitter:data1":"El Digital de Asturias","twitter:label2":"Tiempo de lectura estimado","twitter:data2":"1 minuto"},"aioseo_meta_data":{"post_id":"975233","title":null,"description":null,"keywords":null,"keyphrases":null,"primary_term":null,"canonical_url":null,"og_title":null,"og_description":null,"og_object_type":"default","og_image_type":"default","og_image_url":null,"og_image_width":null,"og_image_height":null,"og_image_custom_url":null,"og_image_custom_fields":null,"og_video":null,"og_custom_url":null,"og_article_section":null,"og_article_tags":null,"twitter_use_og":false,"twitter_card":"default","twitter_image_type":"default","twitter_image_url":null,"twitter_image_custom_url":null,"twitter_image_custom_fields":null,"twitter_title":null,"twitter_description":null,"schema":{"blockGraphs":[],"customGraphs":[],"default":{"data":{"Article":[],"Course":[],"Dataset":[],"FAQPage":[],"Movie":[],"Person":[],"Product":[],"ProductReview":[],"Car":[],"Recipe":[],"Service":[],"SoftwareApplication":[],"WebPage":[]},"graphName":"","isEnabled":true},"graphs":[],"defaultGraph":"","defaultPostTypeGraph":""},"schema_type":null,"schema_type_options":null,"pillar_content":false,"robots_default":true,"robots_noindex":false,"robots_noarchive":false,"robots_nosnippet":false,"robots_nofollow":false,"robots_noimageindex":false,"robots_noodp":false,"robots_notranslate":false,"robots_max_snippet":null,"robots_max_videopreview":null,"robots_max_imagepreview":"large","priority":null,"frequency":null,"local_seo":null,"seo_analyzer_scan_date":"2025-10-07 23:10:14","breadcrumb_settings":null,"limit_modified_date":false,"open_ai":null,"ai":null,"created":"2020-12-21 10:40:09","updated":"2025-10-07 23:10:14","focus_keyword":null,"additional_keywords":null,"truseo_locale":null},"aioseo_breadcrumb":"<div class=\"aioseo-breadcrumbs\"><span class=\"aioseo-breadcrumb\">\n\t<a href=\"https:\/\/www.eldigitaldeasturias.com\/noticias\" title=\"Home\">Home<\/a>\n<\/span><span class=\"aioseo-breadcrumb-separator\">\u2013<\/span><span class=\"aioseo-breadcrumb\">\n\t<a href=\"https:\/\/www.eldigitaldeasturias.com\/noticias\/category\/actualidad\/\" title=\"Actualidad\">Actualidad<\/a>\n<\/span><span class=\"aioseo-breadcrumb-separator\">\u2013<\/span><span class=\"aioseo-breadcrumb\">\n\t<a href=\"https:\/\/www.eldigitaldeasturias.com\/noticias\/el-rey-emerito-espanol-juan-carlos-operado-con-exito-en-la-rodilla\/\" title=\"El rey em\u00e9rito espa\u00f1ol Juan Carlos, operado con \u00e9xito en la rodilla\">El rey em\u00e9rito espa\u00f1ol Juan Carlos, operado con \u00e9xito en la rodilla<\/a>\n<\/span><\/div>","aioseo_breadcrumb_json":[{"label":"Home","link":"https:\/\/www.eldigitaldeasturias.com\/noticias"},{"label":"Actualidad","link":"https:\/\/www.eldigitaldeasturias.com\/noticias\/category\/actualidad\/"},{"label":"El rey em\u00e9rito espa\u00f1ol Juan Carlos, operado con \u00e9xito en la rodilla","link":"https:\/\/www.eldigitaldeasturias.com\/noticias\/el-rey-emerito-espanol-juan-carlos-operado-con-exito-en-la-rodilla\/"}],"_links":{"self":[{"href":"https:\/\/www.eldigitaldeasturias.com\/noticias\/wp-json\/wp\/v2\/posts\/975233","targetHints":{"allow":["GET"]}}],"collection":[{"href":"https:\/\/www.eldigitaldeasturias.com\/noticias\/wp-json\/wp\/v2\/posts"}],"about":[{"href":"https:\/\/www.eldigitaldeasturias.com\/noticias\/wp-json\/wp\/v2\/types\/post"}],"author":[{"embeddable":true,"href":"https:\/\/www.eldigitaldeasturias.com\/noticias\/wp-json\/wp\/v2\/users\/1"}],"replies":[{"embeddable":true,"href":"https:\/\/www.eldigitaldeasturias.com\/noticias\/wp-json\/wp\/v2\/comments?post=975233"}],"version-history":[{"count":0,"href":"https:\/\/www.eldigitaldeasturias.com\/noticias\/wp-json\/wp\/v2\/posts\/975233\/revisions"}],"wp:attachment":[{"href":"https:\/\/www.eldigitaldeasturias.com\/noticias\/wp-json\/wp\/v2\/media?parent=975233"}],"wp:term":[{"taxonomy":"category","embeddable":true,"href":"https:\/\/www.eldigitaldeasturias.com\/noticias\/wp-json\/wp\/v2\/categories?post=975233"},{"taxonomy":"post_tag","embeddable":true,"href":"https:\/\/www.eldigitaldeasturias.com\/noticias\/wp-json\/wp\/v2\/tags?post=975233"}],"curies":[{"name":"wp","href":"https:\/\/api.w.org\/{rel}","templated":true}]}}