{"id":975222,"date":"2018-04-07T22:35:46","date_gmt":"2018-04-07T22:35:46","guid":{"rendered":"http:\/\/www.eldigitaldeasturias.com\/noticias\/?p=975222"},"modified":"2018-04-07T22:35:46","modified_gmt":"2018-04-07T22:35:46","slug":"dolors-montserrat-el-partido-popular-es-el-unico-partido-que-de-verdad-cuida-de-las-familias","status":"publish","type":"post","link":"https:\/\/www.eldigitaldeasturias.com\/noticias\/dolors-montserrat-el-partido-popular-es-el-unico-partido-que-de-verdad-cuida-de-las-familias\/","title":{"rendered":"Dolors Montserrat: \u201cEl Partido Popular es el \u00fanico partido que, de verdad, cuida de las familias\u201d"},"content":{"rendered":"<p><img loading=\"lazy\" decoding=\"async\" class=\"alignleft size-medium wp-image-975223\" src=\"https:\/\/www.eldigitaldeasturias.com\/noticias\/wp-content\/uploads\/2018\/04\/20180406_convencionsevilla_1_0-360x163.jpg\" alt=\"\" width=\"360\" height=\"163\" \/>El vicesecretario de Pol\u00edtica Social y Sectorial del PP, Javier Maroto, ha afirmado hoy que el Partido Popular \u201ctiene alma, esp\u00edritu y vocaci\u00f3n para trabajar por lo m\u00e1s importante: las personas\u201d, ha dicho. \u201cEl PP es el partido de las personas \u2013ha insistido- acertamos en lo econ\u00f3mico y tambi\u00e9n en las pol\u00edticas sociales de verdad y con rigor\u201d.<\/p>\n<p>El vicesecretario popular, que ha moderado el Panel sobre Solidaridad e Igualdad en la Convenci\u00f3n Nacional que el PP celebra en Sevilla, ha defendido que detr\u00e1s de toda pol\u00edtica social hay un equipo econ\u00f3mico \u201csolvente\u201d que crea la base para poder hablar \u201cde sanidad, educaci\u00f3n o de pensiones\u201d. En esta l\u00ednea, Maroto ha criticado las pol\u00edticas de la socialdemocracia \u201cque suelen olvidarse de crear riqueza antes de repartirla\u201d, y que hablan de pol\u00edticas sociales y personas olvidando que su principal derecho es tener un empleo.<\/p>\n<p>Por \u00faltimo, Javier Maroto ha apostado por abrir el debate sobre el reto demogr\u00e1fico, un asunto que afecta a la despoblaci\u00f3n, las pensiones, la igualdad de oportunidades o al empleo.<\/p>\n<p><strong>GARC\u00cdA TEJERINA<\/strong><\/p>\n<p>Durante su intervenci\u00f3n, la ministra de Agricultura, Pesca, Alimentaci\u00f3n y Medio Ambiente, Isabel Garc\u00eda Tejerina ha asegurado que las palabras solidaridad e igualdad definen perfectamente al Partido Popular porque, esta formaci\u00f3n pol\u00edtica \u201ctiene a las personas como eje\u201d de su acci\u00f3n pol\u00edtica. \u201cEl Gobierno del PP se dedica, cada d\u00eda, al progreso social\u201d, ha dicho.<\/p>\n<p>La ministra ha asegurado que los gobiernos del PP se caracterizan por \u201cla eficacia en la gesti\u00f3n\u201d, al tiempo que ha recalcado que \u201cno hay buena pol\u00edtica social sin una buena pol\u00edtica econ\u00f3mica\u201d, y que \u201ces mejor una buena medida que un buen eslogan\u201d.<\/p>\n<p>En esta l\u00ednea, Garc\u00eda Tejerina ha puesto en valor la buena gesti\u00f3n del Gobierno del PP tambi\u00e9n en materia de Agricultura, que ha permitido que la renta de nuestros agricultores haya crecido un 25%. Por \u00faltimo, la ministra ha hecho una apuesta por la transformaci\u00f3n digital como herramienta para cerrar la brecha entre lo rural y lo urbano.<\/p>\n<p><strong>DOLORS MONTSERRAT<\/strong><\/p>\n<p>Por su parte, la ministra de Sanidad y Servicios Sociales e Igualdad, Dolors Montserrat, ha subrayado que \u201cel Partido Popular es el \u00fanico partido que, de verdad, cuida de las familias\u201d. \u201cCreemos en el valor social de la familia\u201d. En este sentido, Montserrat ha explicado que el Gobierno quiere \u201cgarantizar el mejor entorno posible para el crecimiento de nuestros hijos\u201d.<\/p>\n<p>Por ello, se est\u00e1n estudiando medidas que atiendan, principalmente, a tres preocupaciones: el consumo de alcohol en menores, concienciando a las familias y a los menores de que el alcohol ocasiona da\u00f1os muy importantes para la salud en edad temprana; el uso responsable y \u201csaludable\u201d de las nuevas tecnolog\u00edas; y la violencia infantil, endureciendo el tratamiento penal de todas las formas de violencia contra la infancia.<\/p>\n<p>Por \u00faltimo, la alcaldesa de Logro\u00f1o, Cuca Gamarra, ha asegurado que \u201clos ayuntamientos del PP somos los garantes de la igualdad y la solidaridad entre los espa\u00f1oles, vivan donde vivan, desde los pueblos m\u00e1s peque\u00f1os hasta los que residen en las ciudades m\u00e1s grandes\u201d. En esta l\u00ednea, ha puesto en valor la labor de la pol\u00edtica municipal \u201ccercana y humilde\u201d del PP \u201cfrente a las pol\u00edticas sectarias y excluyentes que dividen y enfrentan a una parte de la sociedad con la otra; de los llamados gobiernos del cambio, que han demostrado que su cambio era gobernar solo para algunos, o de los nacionalismos excluyentes\u201d.<\/p>\n","protected":false},"excerpt":{"rendered":"<p>El vicesecretario de Pol\u00edtica Social y Sectorial del PP, Javier Maroto, ha afirmado hoy que el Partido Popular \u201ctiene alma, esp\u00edritu y vocaci\u00f3n para trabajar por lo m\u00e1s importante: las personas\u201d, ha dicho. \u201cEl PP es el partido de las personas \u2013ha insistido- acertamos en lo econ\u00f3mico y tambi\u00e9n en las pol\u00edticas sociales de verdad [&hellip;]<\/p>\n","protected":false},"author":1,"featured_media":975223,"comment_status":"closed","ping_status":"closed","sticky":false,"template":"","format":"standard","meta":{"footnotes":""},"categories":[1],"tags":[],"class_list":["post-975222","post","type-post","status-publish","format-standard","has-post-thumbnail","hentry","category-actualidad"],"aioseo_notices":[],"aioseo_head":"\n\t\t<!-- All in One SEO Pro 5.0.1 - aioseo.com -->\n\t<meta name=\"description\" content=\"El vicesecretario de Pol\u00edtica Social y Sectorial del PP, Javier Maroto, ha afirmado hoy que el Partido Popular \u201ctiene alma, esp\u00edritu y vocaci\u00f3n para trabajar por lo m\u00e1s importante: las personas\u201d, ha dicho. \u201cEl PP es el partido de las personas \u2013ha insistido- acertamos en lo econ\u00f3mico y tambi\u00e9n en las pol\u00edticas sociales de verdad\" \/>\n\t<meta name=\"robots\" content=\"max-image-preview:large\" \/>\n\t<meta name=\"author\" content=\"El Digital de Asturias\"\/>\n\t<meta name=\"google-site-verification\" content=\"UA-38556648-1\" \/>\n\t<meta name=\"msvalidate.01\" content=\"7dfe9f3f1b24437ab69f4f2559babe99\" \/>\n\t<meta name=\"keywords\" content=\"actualidad\" \/>\n\t<link rel=\"canonical\" href=\"https:\/\/www.eldigitaldeasturias.com\/noticias\/dolors-montserrat-el-partido-popular-es-el-unico-partido-que-de-verdad-cuida-de-las-familias\/\" \/>\n\t<meta name=\"generator\" content=\"All in One SEO Pro (AIOSEO) 5.0.1\" \/>\n\t\t<meta property=\"og:locale\" content=\"es_ES\" \/>\n\t\t<meta property=\"og:site_name\" content=\"El Digital de Asturias\" \/>\n\t\t<meta property=\"og:type\" content=\"article\" \/>\n\t\t<meta property=\"og:title\" content=\"Dolors Montserrat: \u201cEl Partido Popular es el \u00fanico partido que, de verdad, cuida de las familias\u201d - El Digital de Asturias\" \/>\n\t\t<meta property=\"og:description\" content=\"El vicesecretario de Pol\u00edtica Social y Sectorial del PP, Javier Maroto, ha afirmado hoy que el Partido Popular \u201ctiene alma, esp\u00edritu y vocaci\u00f3n para trabajar por lo m\u00e1s importante: las personas\u201d, ha dicho. \u201cEl PP es el partido de las personas \u2013ha insistido- acertamos en lo econ\u00f3mico y tambi\u00e9n en las pol\u00edticas sociales de verdad\" \/>\n\t\t<meta property=\"og:url\" content=\"https:\/\/www.eldigitaldeasturias.com\/noticias\/dolors-montserrat-el-partido-popular-es-el-unico-partido-que-de-verdad-cuida-de-las-familias\/\" \/>\n\t\t<meta property=\"article:tag\" content=\"actualidad\" \/>\n\t\t<meta property=\"article:published_time\" content=\"2018-04-07T22:35:46+00:00\" \/>\n\t\t<meta property=\"article:modified_time\" content=\"2018-04-07T22:35:46+00:00\" \/>\n\t\t<meta property=\"article:publisher\" content=\"https:\/\/facebook.com\/eldigitaldeasturias\" \/>\n\t\t<meta name=\"twitter:card\" content=\"summary_large_image\" \/>\n\t\t<meta name=\"twitter:title\" content=\"Dolors Montserrat: \u201cEl Partido Popular es el \u00fanico partido que, de verdad, cuida de las familias\u201d - El Digital de Asturias\" \/>\n\t\t<meta name=\"twitter:description\" content=\"El vicesecretario de Pol\u00edtica Social y Sectorial del PP, Javier Maroto, ha afirmado hoy que el Partido Popular \u201ctiene alma, esp\u00edritu y vocaci\u00f3n para trabajar por lo m\u00e1s importante: las personas\u201d, ha dicho. \u201cEl PP es el partido de las personas \u2013ha insistido- acertamos en lo econ\u00f3mico y tambi\u00e9n en las pol\u00edticas sociales de verdad\" \/>\n\t\t<meta name=\"twitter:image\" content=\"https:\/\/www.eldigitaldeasturias.com\/noticias\/wp-content\/uploads\/2020\/12\/EDA-1.jpg\" \/>\n\t\t<meta name=\"twitter:label1\" content=\"Escrito por\" \/>\n\t\t<meta name=\"twitter:data1\" content=\"El Digital de Asturias\" \/>\n\t\t<meta name=\"twitter:label2\" content=\"Tiempo de lectura estimado\" \/>\n\t\t<meta name=\"twitter:data2\" content=\"3 minutos\" \/>\n\t\t<script type=\"application\/ld+json\" class=\"aioseo-schema\">\n\t\t\t{\"@context\":\"https:\\\/\\\/schema.org\",\"@graph\":[{\"@type\":\"BlogPosting\",\"@id\":\"https:\\\/\\\/www.eldigitaldeasturias.com\\\/noticias\\\/dolors-montserrat-el-partido-popular-es-el-unico-partido-que-de-verdad-cuida-de-las-familias\\\/#blogposting\",\"name\":\"Dolors Montserrat: \\u201cEl Partido Popular es el \\u00fanico partido que, de verdad, cuida de las familias\\u201d - El Digital de Asturias\",\"headline\":\"Dolors Montserrat: \\u201cEl Partido Popular es el \\u00fanico partido que, de verdad, cuida de las familias\\u201d\",\"author\":{\"@id\":\"https:\\\/\\\/www.eldigitaldeasturias.com\\\/noticias\\\/author\\\/admin\\\/#author\"},\"publisher\":{\"@id\":\"https:\\\/\\\/www.eldigitaldeasturias.com\\\/noticias\\\/#organization\"},\"image\":{\"@type\":\"ImageObject\",\"url\":975223},\"datePublished\":\"2018-04-07T22:35:46+02:00\",\"dateModified\":\"2018-04-07T22:35:46+02:00\",\"inLanguage\":\"es-ES\",\"mainEntityOfPage\":{\"@id\":\"https:\\\/\\\/www.eldigitaldeasturias.com\\\/noticias\\\/dolors-montserrat-el-partido-popular-es-el-unico-partido-que-de-verdad-cuida-de-las-familias\\\/#webpage\"},\"isPartOf\":{\"@id\":\"https:\\\/\\\/www.eldigitaldeasturias.com\\\/noticias\\\/dolors-montserrat-el-partido-popular-es-el-unico-partido-que-de-verdad-cuida-de-las-familias\\\/#webpage\"},\"articleSection\":\"Actualidad\"},{\"@type\":\"BreadcrumbList\",\"@id\":\"https:\\\/\\\/www.eldigitaldeasturias.com\\\/noticias\\\/dolors-montserrat-el-partido-popular-es-el-unico-partido-que-de-verdad-cuida-de-las-familias\\\/#breadcrumblist\",\"itemListElement\":[{\"@type\":\"ListItem\",\"@id\":\"https:\\\/\\\/www.eldigitaldeasturias.com\\\/noticias#listItem\",\"position\":1,\"name\":\"Home\",\"item\":\"https:\\\/\\\/www.eldigitaldeasturias.com\\\/noticias\",\"nextItem\":{\"@type\":\"ListItem\",\"@id\":\"https:\\\/\\\/www.eldigitaldeasturias.com\\\/noticias\\\/category\\\/actualidad\\\/#listItem\",\"name\":\"Actualidad\"}},{\"@type\":\"ListItem\",\"@id\":\"https:\\\/\\\/www.eldigitaldeasturias.com\\\/noticias\\\/category\\\/actualidad\\\/#listItem\",\"position\":2,\"name\":\"Actualidad\",\"item\":\"https:\\\/\\\/www.eldigitaldeasturias.com\\\/noticias\\\/category\\\/actualidad\\\/\",\"nextItem\":{\"@type\":\"ListItem\",\"@id\":\"https:\\\/\\\/www.eldigitaldeasturias.com\\\/noticias\\\/dolors-montserrat-el-partido-popular-es-el-unico-partido-que-de-verdad-cuida-de-las-familias\\\/#listItem\",\"name\":\"Dolors Montserrat: \\u201cEl Partido Popular es el \\u00fanico partido que, de verdad, cuida de las familias\\u201d\"},\"previousItem\":{\"@type\":\"ListItem\",\"@id\":\"https:\\\/\\\/www.eldigitaldeasturias.com\\\/noticias#listItem\",\"name\":\"Home\"}},{\"@type\":\"ListItem\",\"@id\":\"https:\\\/\\\/www.eldigitaldeasturias.com\\\/noticias\\\/dolors-montserrat-el-partido-popular-es-el-unico-partido-que-de-verdad-cuida-de-las-familias\\\/#listItem\",\"position\":3,\"name\":\"Dolors Montserrat: \\u201cEl Partido Popular es el \\u00fanico partido que, de verdad, cuida de las familias\\u201d\",\"previousItem\":{\"@type\":\"ListItem\",\"@id\":\"https:\\\/\\\/www.eldigitaldeasturias.com\\\/noticias\\\/category\\\/actualidad\\\/#listItem\",\"name\":\"Actualidad\"}}]},{\"@type\":\"Organization\",\"@id\":\"https:\\\/\\\/www.eldigitaldeasturias.com\\\/noticias\\\/#organization\",\"name\":\"El Digital de Asturias\",\"description\":\"Hemeroteca\",\"url\":\"https:\\\/\\\/www.eldigitaldeasturias.com\\\/noticias\\\/\",\"email\":\"info@eldigitaldeasturias.com\",\"telephone\":\"+34652131393\",\"logo\":{\"@type\":\"ImageObject\",\"url\":\"https:\\\/\\\/www.eldigitaldeasturias.com\\\/noticias\\\/wp-content\\\/uploads\\\/2020\\\/12\\\/EDA.jpg\",\"@id\":\"https:\\\/\\\/www.eldigitaldeasturias.com\\\/noticias\\\/dolors-montserrat-el-partido-popular-es-el-unico-partido-que-de-verdad-cuida-de-las-familias\\\/#organizationLogo\"},\"image\":{\"@id\":\"https:\\\/\\\/www.eldigitaldeasturias.com\\\/noticias\\\/dolors-montserrat-el-partido-popular-es-el-unico-partido-que-de-verdad-cuida-de-las-familias\\\/#organizationLogo\"},\"sameAs\":[\"https:\\\/\\\/facebook.com\\\/eldigitaldeasturias\",\"https:\\\/\\\/www.youtube.com\\\/channel\\\/UCZP-2wLEB9Rv6erhFmqVnvg\"],\"address\":{\"@id\":\"https:\\\/\\\/www.eldigitaldeasturias.com\\\/noticias\\\/#postaladdress\",\"@type\":\"PostalAddress\",\"streetAddress\":\"san antonio 4\",\"postalCode\":\"33430\",\"addressLocality\":\"Cand\\u00e1s\",\"addressRegion\":\"Asturias\",\"addressCountry\":\"ES\"}},{\"@type\":\"Person\",\"@id\":\"https:\\\/\\\/www.eldigitaldeasturias.com\\\/noticias\\\/author\\\/admin\\\/#author\",\"url\":\"https:\\\/\\\/www.eldigitaldeasturias.com\\\/noticias\\\/author\\\/admin\\\/\",\"name\":\"El Digital de Asturias\",\"image\":{\"@type\":\"ImageObject\",\"@id\":\"https:\\\/\\\/www.eldigitaldeasturias.com\\\/noticias\\\/dolors-montserrat-el-partido-popular-es-el-unico-partido-que-de-verdad-cuida-de-las-familias\\\/#authorImage\",\"url\":\"https:\\\/\\\/secure.gravatar.com\\\/avatar\\\/df2aeffc32bcd13f8d26072ef8a91b623d677766deac7f97ca815868cd41bf5e?s=96&d=mm&r=g\",\"width\":96,\"height\":96,\"caption\":\"El Digital de Asturias\"}},{\"@type\":\"WebPage\",\"@id\":\"https:\\\/\\\/www.eldigitaldeasturias.com\\\/noticias\\\/dolors-montserrat-el-partido-popular-es-el-unico-partido-que-de-verdad-cuida-de-las-familias\\\/#webpage\",\"url\":\"https:\\\/\\\/www.eldigitaldeasturias.com\\\/noticias\\\/dolors-montserrat-el-partido-popular-es-el-unico-partido-que-de-verdad-cuida-de-las-familias\\\/\",\"name\":\"Dolors Montserrat: \\u201cEl Partido Popular es el \\u00fanico partido que, de verdad, cuida de las familias\\u201d - El Digital de Asturias\",\"description\":\"El vicesecretario de Pol\\u00edtica Social y Sectorial del PP, Javier Maroto, ha afirmado hoy que el Partido Popular \\u201ctiene alma, esp\\u00edritu y vocaci\\u00f3n para trabajar por lo m\\u00e1s importante: las personas\\u201d, ha dicho. \\u201cEl PP es el partido de las personas \\u2013ha insistido- acertamos en lo econ\\u00f3mico y tambi\\u00e9n en las pol\\u00edticas sociales de verdad\",\"inLanguage\":\"es-ES\",\"isPartOf\":{\"@id\":\"https:\\\/\\\/www.eldigitaldeasturias.com\\\/noticias\\\/#website\"},\"breadcrumb\":{\"@id\":\"https:\\\/\\\/www.eldigitaldeasturias.com\\\/noticias\\\/dolors-montserrat-el-partido-popular-es-el-unico-partido-que-de-verdad-cuida-de-las-familias\\\/#breadcrumblist\"},\"author\":{\"@id\":\"https:\\\/\\\/www.eldigitaldeasturias.com\\\/noticias\\\/author\\\/admin\\\/#author\"},\"creator\":{\"@id\":\"https:\\\/\\\/www.eldigitaldeasturias.com\\\/noticias\\\/author\\\/admin\\\/#author\"},\"image\":{\"@type\":\"ImageObject\",\"url\":975223,\"@id\":\"https:\\\/\\\/www.eldigitaldeasturias.com\\\/noticias\\\/dolors-montserrat-el-partido-popular-es-el-unico-partido-que-de-verdad-cuida-de-las-familias\\\/#mainImage\"},\"primaryImageOfPage\":{\"@id\":\"https:\\\/\\\/www.eldigitaldeasturias.com\\\/noticias\\\/dolors-montserrat-el-partido-popular-es-el-unico-partido-que-de-verdad-cuida-de-las-familias\\\/#mainImage\"},\"datePublished\":\"2018-04-07T22:35:46+02:00\",\"dateModified\":\"2018-04-07T22:35:46+02:00\"},{\"@type\":\"WebSite\",\"@id\":\"https:\\\/\\\/www.eldigitaldeasturias.com\\\/noticias\\\/#website\",\"url\":\"https:\\\/\\\/www.eldigitaldeasturias.com\\\/noticias\\\/\",\"name\":\"El Digital de Asturias - Diario de actualidad y noticias\",\"alternateName\":\"El Digital de Asturias - Diario de actualidad y noticias\",\"description\":\"Hemeroteca\",\"inLanguage\":\"es-ES\",\"publisher\":{\"@id\":\"https:\\\/\\\/www.eldigitaldeasturias.com\\\/noticias\\\/#organization\"}}]}\n\t\t<\/script>\n\t\t<!-- All in One SEO Pro -->\r\n\t\t<title>Dolors Montserrat: \u201cEl Partido Popular es el \u00fanico partido que, de verdad, cuida de las familias\u201d - El Digital de Asturias<\/title>\n\n","aioseo_head_json":{"title":"Dolors Montserrat: \u201cEl Partido Popular es el \u00fanico partido que, de verdad, cuida de las familias\u201d - El Digital de Asturias","description":"El vicesecretario de Pol\u00edtica Social y Sectorial del PP, Javier Maroto, ha afirmado hoy que el Partido Popular \u201ctiene alma, esp\u00edritu y vocaci\u00f3n para trabajar por lo m\u00e1s importante: las personas\u201d, ha dicho. \u201cEl PP es el partido de las personas \u2013ha insistido- acertamos en lo econ\u00f3mico y tambi\u00e9n en las pol\u00edticas sociales de verdad","canonical_url":"https:\/\/www.eldigitaldeasturias.com\/noticias\/dolors-montserrat-el-partido-popular-es-el-unico-partido-que-de-verdad-cuida-de-las-familias\/","robots":"max-image-preview:large","keywords":"actualidad","webmasterTools":{"google-site-verification":"UA-38556648-1","msvalidate.01":"7dfe9f3f1b24437ab69f4f2559babe99","miscellaneous":""},"schema":{"@context":"https:\/\/schema.org","@graph":[{"@type":"BlogPosting","@id":"https:\/\/www.eldigitaldeasturias.com\/noticias\/dolors-montserrat-el-partido-popular-es-el-unico-partido-que-de-verdad-cuida-de-las-familias\/#blogposting","name":"Dolors Montserrat: \u201cEl Partido Popular es el \u00fanico partido que, de verdad, cuida de las familias\u201d - El Digital de Asturias","headline":"Dolors Montserrat: \u201cEl Partido Popular es el \u00fanico partido que, de verdad, cuida de las familias\u201d","author":{"@id":"https:\/\/www.eldigitaldeasturias.com\/noticias\/author\/admin\/#author"},"publisher":{"@id":"https:\/\/www.eldigitaldeasturias.com\/noticias\/#organization"},"image":{"@type":"ImageObject","url":975223},"datePublished":"2018-04-07T22:35:46+02:00","dateModified":"2018-04-07T22:35:46+02:00","inLanguage":"es-ES","mainEntityOfPage":{"@id":"https:\/\/www.eldigitaldeasturias.com\/noticias\/dolors-montserrat-el-partido-popular-es-el-unico-partido-que-de-verdad-cuida-de-las-familias\/#webpage"},"isPartOf":{"@id":"https:\/\/www.eldigitaldeasturias.com\/noticias\/dolors-montserrat-el-partido-popular-es-el-unico-partido-que-de-verdad-cuida-de-las-familias\/#webpage"},"articleSection":"Actualidad"},{"@type":"BreadcrumbList","@id":"https:\/\/www.eldigitaldeasturias.com\/noticias\/dolors-montserrat-el-partido-popular-es-el-unico-partido-que-de-verdad-cuida-de-las-familias\/#breadcrumblist","itemListElement":[{"@type":"ListItem","@id":"https:\/\/www.eldigitaldeasturias.com\/noticias#listItem","position":1,"name":"Home","item":"https:\/\/www.eldigitaldeasturias.com\/noticias","nextItem":{"@type":"ListItem","@id":"https:\/\/www.eldigitaldeasturias.com\/noticias\/category\/actualidad\/#listItem","name":"Actualidad"}},{"@type":"ListItem","@id":"https:\/\/www.eldigitaldeasturias.com\/noticias\/category\/actualidad\/#listItem","position":2,"name":"Actualidad","item":"https:\/\/www.eldigitaldeasturias.com\/noticias\/category\/actualidad\/","nextItem":{"@type":"ListItem","@id":"https:\/\/www.eldigitaldeasturias.com\/noticias\/dolors-montserrat-el-partido-popular-es-el-unico-partido-que-de-verdad-cuida-de-las-familias\/#listItem","name":"Dolors Montserrat: \u201cEl Partido Popular es el \u00fanico partido que, de verdad, cuida de las familias\u201d"},"previousItem":{"@type":"ListItem","@id":"https:\/\/www.eldigitaldeasturias.com\/noticias#listItem","name":"Home"}},{"@type":"ListItem","@id":"https:\/\/www.eldigitaldeasturias.com\/noticias\/dolors-montserrat-el-partido-popular-es-el-unico-partido-que-de-verdad-cuida-de-las-familias\/#listItem","position":3,"name":"Dolors Montserrat: \u201cEl Partido Popular es el \u00fanico partido que, de verdad, cuida de las familias\u201d","previousItem":{"@type":"ListItem","@id":"https:\/\/www.eldigitaldeasturias.com\/noticias\/category\/actualidad\/#listItem","name":"Actualidad"}}]},{"@type":"Organization","@id":"https:\/\/www.eldigitaldeasturias.com\/noticias\/#organization","name":"El Digital de Asturias","description":"Hemeroteca","url":"https:\/\/www.eldigitaldeasturias.com\/noticias\/","email":"info@eldigitaldeasturias.com","telephone":"+34652131393","logo":{"@type":"ImageObject","url":"https:\/\/www.eldigitaldeasturias.com\/noticias\/wp-content\/uploads\/2020\/12\/EDA.jpg","@id":"https:\/\/www.eldigitaldeasturias.com\/noticias\/dolors-montserrat-el-partido-popular-es-el-unico-partido-que-de-verdad-cuida-de-las-familias\/#organizationLogo"},"image":{"@id":"https:\/\/www.eldigitaldeasturias.com\/noticias\/dolors-montserrat-el-partido-popular-es-el-unico-partido-que-de-verdad-cuida-de-las-familias\/#organizationLogo"},"sameAs":["https:\/\/facebook.com\/eldigitaldeasturias","https:\/\/www.youtube.com\/channel\/UCZP-2wLEB9Rv6erhFmqVnvg"],"address":{"@id":"https:\/\/www.eldigitaldeasturias.com\/noticias\/#postaladdress","@type":"PostalAddress","streetAddress":"san antonio 4","postalCode":"33430","addressLocality":"Cand\u00e1s","addressRegion":"Asturias","addressCountry":"ES"}},{"@type":"Person","@id":"https:\/\/www.eldigitaldeasturias.com\/noticias\/author\/admin\/#author","url":"https:\/\/www.eldigitaldeasturias.com\/noticias\/author\/admin\/","name":"El Digital de Asturias","image":{"@type":"ImageObject","@id":"https:\/\/www.eldigitaldeasturias.com\/noticias\/dolors-montserrat-el-partido-popular-es-el-unico-partido-que-de-verdad-cuida-de-las-familias\/#authorImage","url":"https:\/\/secure.gravatar.com\/avatar\/df2aeffc32bcd13f8d26072ef8a91b623d677766deac7f97ca815868cd41bf5e?s=96&d=mm&r=g","width":96,"height":96,"caption":"El Digital de Asturias"}},{"@type":"WebPage","@id":"https:\/\/www.eldigitaldeasturias.com\/noticias\/dolors-montserrat-el-partido-popular-es-el-unico-partido-que-de-verdad-cuida-de-las-familias\/#webpage","url":"https:\/\/www.eldigitaldeasturias.com\/noticias\/dolors-montserrat-el-partido-popular-es-el-unico-partido-que-de-verdad-cuida-de-las-familias\/","name":"Dolors Montserrat: \u201cEl Partido Popular es el \u00fanico partido que, de verdad, cuida de las familias\u201d - El Digital de Asturias","description":"El vicesecretario de Pol\u00edtica Social y Sectorial del PP, Javier Maroto, ha afirmado hoy que el Partido Popular \u201ctiene alma, esp\u00edritu y vocaci\u00f3n para trabajar por lo m\u00e1s importante: las personas\u201d, ha dicho. \u201cEl PP es el partido de las personas \u2013ha insistido- acertamos en lo econ\u00f3mico y tambi\u00e9n en las pol\u00edticas sociales de verdad","inLanguage":"es-ES","isPartOf":{"@id":"https:\/\/www.eldigitaldeasturias.com\/noticias\/#website"},"breadcrumb":{"@id":"https:\/\/www.eldigitaldeasturias.com\/noticias\/dolors-montserrat-el-partido-popular-es-el-unico-partido-que-de-verdad-cuida-de-las-familias\/#breadcrumblist"},"author":{"@id":"https:\/\/www.eldigitaldeasturias.com\/noticias\/author\/admin\/#author"},"creator":{"@id":"https:\/\/www.eldigitaldeasturias.com\/noticias\/author\/admin\/#author"},"image":{"@type":"ImageObject","url":975223,"@id":"https:\/\/www.eldigitaldeasturias.com\/noticias\/dolors-montserrat-el-partido-popular-es-el-unico-partido-que-de-verdad-cuida-de-las-familias\/#mainImage"},"primaryImageOfPage":{"@id":"https:\/\/www.eldigitaldeasturias.com\/noticias\/dolors-montserrat-el-partido-popular-es-el-unico-partido-que-de-verdad-cuida-de-las-familias\/#mainImage"},"datePublished":"2018-04-07T22:35:46+02:00","dateModified":"2018-04-07T22:35:46+02:00"},{"@type":"WebSite","@id":"https:\/\/www.eldigitaldeasturias.com\/noticias\/#website","url":"https:\/\/www.eldigitaldeasturias.com\/noticias\/","name":"El Digital de Asturias - Diario de actualidad y noticias","alternateName":"El Digital de Asturias - Diario de actualidad y noticias","description":"Hemeroteca","inLanguage":"es-ES","publisher":{"@id":"https:\/\/www.eldigitaldeasturias.com\/noticias\/#organization"}}]},"og:locale":"es_ES","og:site_name":"El Digital de Asturias","og:type":"article","og:title":"Dolors Montserrat: \u201cEl Partido Popular es el \u00fanico partido que, de verdad, cuida de las familias\u201d - El Digital de Asturias","og:description":"El vicesecretario de Pol\u00edtica Social y Sectorial del PP, Javier Maroto, ha afirmado hoy que el Partido Popular \u201ctiene alma, esp\u00edritu y vocaci\u00f3n para trabajar por lo m\u00e1s importante: las personas\u201d, ha dicho. \u201cEl PP es el partido de las personas \u2013ha insistido- acertamos en lo econ\u00f3mico y tambi\u00e9n en las pol\u00edticas sociales de verdad","og:url":"https:\/\/www.eldigitaldeasturias.com\/noticias\/dolors-montserrat-el-partido-popular-es-el-unico-partido-que-de-verdad-cuida-de-las-familias\/","article:tag":["actualidad"],"article:published_time":"2018-04-07T22:35:46+00:00","article:modified_time":"2018-04-07T22:35:46+00:00","article:publisher":"https:\/\/facebook.com\/eldigitaldeasturias","twitter:card":"summary_large_image","twitter:title":"Dolors Montserrat: \u201cEl Partido Popular es el \u00fanico partido que, de verdad, cuida de las familias\u201d - El Digital de Asturias","twitter:description":"El vicesecretario de Pol\u00edtica Social y Sectorial del PP, Javier Maroto, ha afirmado hoy que el Partido Popular \u201ctiene alma, esp\u00edritu y vocaci\u00f3n para trabajar por lo m\u00e1s importante: las personas\u201d, ha dicho. \u201cEl PP es el partido de las personas \u2013ha insistido- acertamos en lo econ\u00f3mico y tambi\u00e9n en las pol\u00edticas sociales de verdad","twitter:image":"https:\/\/www.eldigitaldeasturias.com\/noticias\/wp-content\/uploads\/2020\/12\/EDA-1.jpg","twitter:label1":"Escrito por","twitter:data1":"El Digital de Asturias","twitter:label2":"Tiempo de lectura estimado","twitter:data2":"3 minutos"},"aioseo_meta_data":{"post_id":"975222","title":null,"description":null,"keywords":null,"keyphrases":null,"primary_term":null,"canonical_url":null,"og_title":null,"og_description":null,"og_object_type":"default","og_image_type":"default","og_image_url":null,"og_image_width":null,"og_image_height":null,"og_image_custom_url":null,"og_image_custom_fields":null,"og_video":null,"og_custom_url":null,"og_article_section":null,"og_article_tags":null,"twitter_use_og":false,"twitter_card":"default","twitter_image_type":"default","twitter_image_url":null,"twitter_image_custom_url":null,"twitter_image_custom_fields":null,"twitter_title":null,"twitter_description":null,"schema":{"blockGraphs":[],"customGraphs":[],"default":{"data":{"Article":[],"Course":[],"Dataset":[],"FAQPage":[],"Movie":[],"Person":[],"Product":[],"ProductReview":[],"Car":[],"Recipe":[],"Service":[],"SoftwareApplication":[],"WebPage":[]},"graphName":"","isEnabled":true},"graphs":[],"defaultGraph":"","defaultPostTypeGraph":""},"schema_type":null,"schema_type_options":null,"pillar_content":false,"robots_default":true,"robots_noindex":false,"robots_noarchive":false,"robots_nosnippet":false,"robots_nofollow":false,"robots_noimageindex":false,"robots_noodp":false,"robots_notranslate":false,"robots_max_snippet":null,"robots_max_videopreview":null,"robots_max_imagepreview":"large","priority":null,"frequency":null,"local_seo":null,"seo_analyzer_scan_date":"2025-10-07 23:08:01","breadcrumb_settings":null,"limit_modified_date":false,"open_ai":null,"ai":null,"created":"2020-12-21 12:11:38","updated":"2025-10-07 23:08:01","focus_keyword":null,"additional_keywords":null,"truseo_locale":null},"aioseo_breadcrumb":"<div class=\"aioseo-breadcrumbs\"><span class=\"aioseo-breadcrumb\">\n\t<a href=\"https:\/\/www.eldigitaldeasturias.com\/noticias\" title=\"Home\">Home<\/a>\n<\/span><span class=\"aioseo-breadcrumb-separator\">\u2013<\/span><span class=\"aioseo-breadcrumb\">\n\t<a href=\"https:\/\/www.eldigitaldeasturias.com\/noticias\/category\/actualidad\/\" title=\"Actualidad\">Actualidad<\/a>\n<\/span><span class=\"aioseo-breadcrumb-separator\">\u2013<\/span><span class=\"aioseo-breadcrumb\">\n\t<a href=\"https:\/\/www.eldigitaldeasturias.com\/noticias\/dolors-montserrat-el-partido-popular-es-el-unico-partido-que-de-verdad-cuida-de-las-familias\/\" title=\"Dolors Montserrat: \u201cEl Partido Popular es el \u00fanico partido que, de verdad, cuida de las familias\u201d\">Dolors Montserrat: \u201cEl Partido Popular es el \u00fanico partido que, de verdad, cuida de las familias\u201d<\/a>\n<\/span><\/div>","aioseo_breadcrumb_json":[{"label":"Home","link":"https:\/\/www.eldigitaldeasturias.com\/noticias"},{"label":"Actualidad","link":"https:\/\/www.eldigitaldeasturias.com\/noticias\/category\/actualidad\/"},{"label":"Dolors Montserrat: \u201cEl Partido Popular es el \u00fanico partido que, de verdad, cuida de las familias\u201d","link":"https:\/\/www.eldigitaldeasturias.com\/noticias\/dolors-montserrat-el-partido-popular-es-el-unico-partido-que-de-verdad-cuida-de-las-familias\/"}],"_links":{"self":[{"href":"https:\/\/www.eldigitaldeasturias.com\/noticias\/wp-json\/wp\/v2\/posts\/975222","targetHints":{"allow":["GET"]}}],"collection":[{"href":"https:\/\/www.eldigitaldeasturias.com\/noticias\/wp-json\/wp\/v2\/posts"}],"about":[{"href":"https:\/\/www.eldigitaldeasturias.com\/noticias\/wp-json\/wp\/v2\/types\/post"}],"author":[{"embeddable":true,"href":"https:\/\/www.eldigitaldeasturias.com\/noticias\/wp-json\/wp\/v2\/users\/1"}],"replies":[{"embeddable":true,"href":"https:\/\/www.eldigitaldeasturias.com\/noticias\/wp-json\/wp\/v2\/comments?post=975222"}],"version-history":[{"count":0,"href":"https:\/\/www.eldigitaldeasturias.com\/noticias\/wp-json\/wp\/v2\/posts\/975222\/revisions"}],"wp:attachment":[{"href":"https:\/\/www.eldigitaldeasturias.com\/noticias\/wp-json\/wp\/v2\/media?parent=975222"}],"wp:term":[{"taxonomy":"category","embeddable":true,"href":"https:\/\/www.eldigitaldeasturias.com\/noticias\/wp-json\/wp\/v2\/categories?post=975222"},{"taxonomy":"post_tag","embeddable":true,"href":"https:\/\/www.eldigitaldeasturias.com\/noticias\/wp-json\/wp\/v2\/tags?post=975222"}],"curies":[{"name":"wp","href":"https:\/\/api.w.org\/{rel}","templated":true}]}}