{"id":975215,"date":"2018-04-07T22:19:42","date_gmt":"2018-04-07T22:19:42","guid":{"rendered":"http:\/\/www.eldigitaldeasturias.com\/noticias\/?p=975215"},"modified":"2018-04-07T22:19:42","modified_gmt":"2018-04-07T22:19:42","slug":"la-junta-de-andalucia-declarara-bic-el-carnaval-de-cadiz","status":"publish","type":"post","link":"https:\/\/www.eldigitaldeasturias.com\/noticias\/la-junta-de-andalucia-declarara-bic-el-carnaval-de-cadiz\/","title":{"rendered":"La Junta de Andaluc\u00eda declarar\u00e1 BIC el Carnaval de C\u00e1diz"},"content":{"rendered":"<p><img loading=\"lazy\" decoding=\"async\" class=\"alignleft size-medium wp-image-975216\" src=\"https:\/\/www.eldigitaldeasturias.com\/noticias\/wp-content\/uploads\/2018\/04\/1523014269838-360x212.jpg\" alt=\"\" width=\"360\" height=\"212\" \/>El consejero de Cultura, Miguel \u00c1ngel V\u00e1zquez, ha confirmado que la Junta de Andaluc\u00eda declarar\u00e1 el Carnaval de C\u00e1diz como Bien de Inter\u00e9s Cultural (BIC), un expediente en el que ya se est\u00e1 trabajando y que se incoar\u00e1 en los pr\u00f3ximos meses. La Consejer\u00eda de Cultura ha iniciado los trabajos para lograr esta declaraci\u00f3n que supondr\u00e1 la protecci\u00f3n de una celebraci\u00f3n que, seg\u00fan V\u00e1zquez, es \u00abuna se\u00f1a de identidad del pueblo gaditano y una muestra de la creaci\u00f3n y del inagotable talento e ingenio que cada a\u00f1o despliegan quienes participan en \u00e9l\u00bb.<\/p>\n<p>Tras asistir a la firma de un convenio entre la Universidad de C\u00e1diz y con el Aula del Carnaval para la creaci\u00f3n de la C\u00e1tedra de Carnaval de C\u00e1diz, V\u00e1zquez ha expresado \u00abel pleno apoyo y total respaldo\u00bb de la Junta de Andaluc\u00eda al Carnaval de C\u00e1diz. \u00abCreemos firmemente en el Carnaval de C\u00e1diz como representaci\u00f3n cultural, por su capacidad de uni\u00f3n del pueblo gaditano, por su reflejo de la libertad de expresi\u00f3n y el esp\u00edritu cr\u00edtico de la ciudadan\u00eda y por las m\u00faltiples oportunidades que ofrece para el desarrollo cultural, tur\u00edstico y econ\u00f3mico\u00bb, ha afirmado el consejero.<\/p>\n<p>La declaraci\u00f3n como BIC se producir\u00e1 en paralelo a la candidatura del Carnaval de C\u00e1diz como Patrimonio Cultural Inmaterial de la Humanidad por la Unesco, impulsada por el Aula de Cultura del Carnaval de C\u00e1diz y apoyada desde sus inicios por el Gobierno andaluz. De hecho, la Junta ya lo incluy\u00f3 en 2013 en el Atlas del Patrimonio Inmaterial de Andaluc\u00eda, requisito previo establecido por la Unesco para su declaraci\u00f3n.<\/p>\n<p>\u00abTrabajaremos codo con codo con las dem\u00e1s instituciones y aportaremos asesoramiento t\u00e9cnico y nuestra experiencia en expedientes similares que han culminado en \u00e9xito, como es el caso del reconocimiento del Flamenco en 2010\u00bb, ha se\u00f1alado el consejero, que ha asegurado que la Junta aportar\u00e1 los recursos econ\u00f3micos, t\u00e9cnicos y humanos necesarios para conseguir la designaci\u00f3n.<\/p>\n","protected":false},"excerpt":{"rendered":"<p>El consejero de Cultura, Miguel \u00c1ngel V\u00e1zquez, ha confirmado que la Junta de Andaluc\u00eda declarar\u00e1 el Carnaval de C\u00e1diz como Bien de Inter\u00e9s Cultural (BIC), un expediente en el que ya se est\u00e1 trabajando y que se incoar\u00e1 en los pr\u00f3ximos meses. La Consejer\u00eda de Cultura ha iniciado los trabajos para lograr esta declaraci\u00f3n que [&hellip;]<\/p>\n","protected":false},"author":1,"featured_media":975216,"comment_status":"closed","ping_status":"closed","sticky":false,"template":"","format":"standard","meta":{"footnotes":""},"categories":[1],"tags":[],"class_list":["post-975215","post","type-post","status-publish","format-standard","has-post-thumbnail","hentry","category-actualidad"],"aioseo_notices":[],"aioseo_head":"\n\t\t<!-- All in One SEO Pro 5.0.1 - aioseo.com -->\n\t<meta name=\"description\" content=\"El consejero de Cultura, Miguel \u00c1ngel V\u00e1zquez, ha confirmado que la Junta de Andaluc\u00eda declarar\u00e1 el Carnaval de C\u00e1diz como Bien de Inter\u00e9s Cultural (BIC), un expediente en el que ya se est\u00e1 trabajando y que se incoar\u00e1 en los pr\u00f3ximos meses. La Consejer\u00eda de Cultura ha iniciado los trabajos para lograr esta declaraci\u00f3n que\" \/>\n\t<meta name=\"robots\" content=\"max-image-preview:large\" \/>\n\t<meta name=\"author\" content=\"El Digital de Asturias\"\/>\n\t<meta name=\"google-site-verification\" content=\"UA-38556648-1\" \/>\n\t<meta name=\"msvalidate.01\" content=\"7dfe9f3f1b24437ab69f4f2559babe99\" \/>\n\t<meta name=\"keywords\" content=\"actualidad\" \/>\n\t<link rel=\"canonical\" href=\"https:\/\/www.eldigitaldeasturias.com\/noticias\/la-junta-de-andalucia-declarara-bic-el-carnaval-de-cadiz\/\" \/>\n\t<meta name=\"generator\" content=\"All in One SEO Pro (AIOSEO) 5.0.1\" \/>\n\t\t<meta property=\"og:locale\" content=\"es_ES\" \/>\n\t\t<meta property=\"og:site_name\" content=\"El Digital de Asturias\" \/>\n\t\t<meta property=\"og:type\" content=\"article\" \/>\n\t\t<meta property=\"og:title\" content=\"La Junta de Andaluc\u00eda declarar\u00e1 BIC el Carnaval de C\u00e1diz - El Digital de Asturias\" \/>\n\t\t<meta property=\"og:description\" content=\"El consejero de Cultura, Miguel \u00c1ngel V\u00e1zquez, ha confirmado que la Junta de Andaluc\u00eda declarar\u00e1 el Carnaval de C\u00e1diz como Bien de Inter\u00e9s Cultural (BIC), un expediente en el que ya se est\u00e1 trabajando y que se incoar\u00e1 en los pr\u00f3ximos meses. La Consejer\u00eda de Cultura ha iniciado los trabajos para lograr esta declaraci\u00f3n que\" \/>\n\t\t<meta property=\"og:url\" content=\"https:\/\/www.eldigitaldeasturias.com\/noticias\/la-junta-de-andalucia-declarara-bic-el-carnaval-de-cadiz\/\" \/>\n\t\t<meta property=\"article:tag\" content=\"actualidad\" \/>\n\t\t<meta property=\"article:published_time\" content=\"2018-04-07T22:19:42+00:00\" \/>\n\t\t<meta property=\"article:modified_time\" content=\"2018-04-07T22:19:42+00:00\" \/>\n\t\t<meta property=\"article:publisher\" content=\"https:\/\/facebook.com\/eldigitaldeasturias\" \/>\n\t\t<meta name=\"twitter:card\" content=\"summary_large_image\" \/>\n\t\t<meta name=\"twitter:title\" content=\"La Junta de Andaluc\u00eda declarar\u00e1 BIC el Carnaval de C\u00e1diz - El Digital de Asturias\" \/>\n\t\t<meta name=\"twitter:description\" content=\"El consejero de Cultura, Miguel \u00c1ngel V\u00e1zquez, ha confirmado que la Junta de Andaluc\u00eda declarar\u00e1 el Carnaval de C\u00e1diz como Bien de Inter\u00e9s Cultural (BIC), un expediente en el que ya se est\u00e1 trabajando y que se incoar\u00e1 en los pr\u00f3ximos meses. La Consejer\u00eda de Cultura ha iniciado los trabajos para lograr esta declaraci\u00f3n que\" \/>\n\t\t<meta name=\"twitter:image\" content=\"https:\/\/www.eldigitaldeasturias.com\/noticias\/wp-content\/uploads\/2020\/12\/EDA-1.jpg\" \/>\n\t\t<meta name=\"twitter:label1\" content=\"Escrito por\" \/>\n\t\t<meta name=\"twitter:data1\" content=\"El Digital de Asturias\" \/>\n\t\t<meta name=\"twitter:label2\" content=\"Tiempo de lectura estimado\" \/>\n\t\t<meta name=\"twitter:data2\" content=\"2 minutos\" \/>\n\t\t<script type=\"application\/ld+json\" class=\"aioseo-schema\">\n\t\t\t{\"@context\":\"https:\\\/\\\/schema.org\",\"@graph\":[{\"@type\":\"BlogPosting\",\"@id\":\"https:\\\/\\\/www.eldigitaldeasturias.com\\\/noticias\\\/la-junta-de-andalucia-declarara-bic-el-carnaval-de-cadiz\\\/#blogposting\",\"name\":\"La Junta de Andaluc\\u00eda declarar\\u00e1 BIC el Carnaval de C\\u00e1diz - El Digital de Asturias\",\"headline\":\"La Junta de Andaluc\\u00eda declarar\\u00e1 BIC el Carnaval de C\\u00e1diz\",\"author\":{\"@id\":\"https:\\\/\\\/www.eldigitaldeasturias.com\\\/noticias\\\/author\\\/admin\\\/#author\"},\"publisher\":{\"@id\":\"https:\\\/\\\/www.eldigitaldeasturias.com\\\/noticias\\\/#organization\"},\"image\":{\"@type\":\"ImageObject\",\"url\":975216},\"datePublished\":\"2018-04-07T22:19:42+02:00\",\"dateModified\":\"2018-04-07T22:19:42+02:00\",\"inLanguage\":\"es-ES\",\"mainEntityOfPage\":{\"@id\":\"https:\\\/\\\/www.eldigitaldeasturias.com\\\/noticias\\\/la-junta-de-andalucia-declarara-bic-el-carnaval-de-cadiz\\\/#webpage\"},\"isPartOf\":{\"@id\":\"https:\\\/\\\/www.eldigitaldeasturias.com\\\/noticias\\\/la-junta-de-andalucia-declarara-bic-el-carnaval-de-cadiz\\\/#webpage\"},\"articleSection\":\"Actualidad\"},{\"@type\":\"BreadcrumbList\",\"@id\":\"https:\\\/\\\/www.eldigitaldeasturias.com\\\/noticias\\\/la-junta-de-andalucia-declarara-bic-el-carnaval-de-cadiz\\\/#breadcrumblist\",\"itemListElement\":[{\"@type\":\"ListItem\",\"@id\":\"https:\\\/\\\/www.eldigitaldeasturias.com\\\/noticias#listItem\",\"position\":1,\"name\":\"Home\",\"item\":\"https:\\\/\\\/www.eldigitaldeasturias.com\\\/noticias\",\"nextItem\":{\"@type\":\"ListItem\",\"@id\":\"https:\\\/\\\/www.eldigitaldeasturias.com\\\/noticias\\\/category\\\/actualidad\\\/#listItem\",\"name\":\"Actualidad\"}},{\"@type\":\"ListItem\",\"@id\":\"https:\\\/\\\/www.eldigitaldeasturias.com\\\/noticias\\\/category\\\/actualidad\\\/#listItem\",\"position\":2,\"name\":\"Actualidad\",\"item\":\"https:\\\/\\\/www.eldigitaldeasturias.com\\\/noticias\\\/category\\\/actualidad\\\/\",\"nextItem\":{\"@type\":\"ListItem\",\"@id\":\"https:\\\/\\\/www.eldigitaldeasturias.com\\\/noticias\\\/la-junta-de-andalucia-declarara-bic-el-carnaval-de-cadiz\\\/#listItem\",\"name\":\"La Junta de Andaluc\\u00eda declarar\\u00e1 BIC el Carnaval de C\\u00e1diz\"},\"previousItem\":{\"@type\":\"ListItem\",\"@id\":\"https:\\\/\\\/www.eldigitaldeasturias.com\\\/noticias#listItem\",\"name\":\"Home\"}},{\"@type\":\"ListItem\",\"@id\":\"https:\\\/\\\/www.eldigitaldeasturias.com\\\/noticias\\\/la-junta-de-andalucia-declarara-bic-el-carnaval-de-cadiz\\\/#listItem\",\"position\":3,\"name\":\"La Junta de Andaluc\\u00eda declarar\\u00e1 BIC el Carnaval de C\\u00e1diz\",\"previousItem\":{\"@type\":\"ListItem\",\"@id\":\"https:\\\/\\\/www.eldigitaldeasturias.com\\\/noticias\\\/category\\\/actualidad\\\/#listItem\",\"name\":\"Actualidad\"}}]},{\"@type\":\"Organization\",\"@id\":\"https:\\\/\\\/www.eldigitaldeasturias.com\\\/noticias\\\/#organization\",\"name\":\"El Digital de Asturias\",\"description\":\"Hemeroteca\",\"url\":\"https:\\\/\\\/www.eldigitaldeasturias.com\\\/noticias\\\/\",\"email\":\"info@eldigitaldeasturias.com\",\"telephone\":\"+34652131393\",\"logo\":{\"@type\":\"ImageObject\",\"url\":\"https:\\\/\\\/www.eldigitaldeasturias.com\\\/noticias\\\/wp-content\\\/uploads\\\/2020\\\/12\\\/EDA.jpg\",\"@id\":\"https:\\\/\\\/www.eldigitaldeasturias.com\\\/noticias\\\/la-junta-de-andalucia-declarara-bic-el-carnaval-de-cadiz\\\/#organizationLogo\"},\"image\":{\"@id\":\"https:\\\/\\\/www.eldigitaldeasturias.com\\\/noticias\\\/la-junta-de-andalucia-declarara-bic-el-carnaval-de-cadiz\\\/#organizationLogo\"},\"sameAs\":[\"https:\\\/\\\/facebook.com\\\/eldigitaldeasturias\",\"https:\\\/\\\/www.youtube.com\\\/channel\\\/UCZP-2wLEB9Rv6erhFmqVnvg\"],\"address\":{\"@id\":\"https:\\\/\\\/www.eldigitaldeasturias.com\\\/noticias\\\/#postaladdress\",\"@type\":\"PostalAddress\",\"streetAddress\":\"san antonio 4\",\"postalCode\":\"33430\",\"addressLocality\":\"Cand\\u00e1s\",\"addressRegion\":\"Asturias\",\"addressCountry\":\"ES\"}},{\"@type\":\"Person\",\"@id\":\"https:\\\/\\\/www.eldigitaldeasturias.com\\\/noticias\\\/author\\\/admin\\\/#author\",\"url\":\"https:\\\/\\\/www.eldigitaldeasturias.com\\\/noticias\\\/author\\\/admin\\\/\",\"name\":\"El Digital de Asturias\",\"image\":{\"@type\":\"ImageObject\",\"@id\":\"https:\\\/\\\/www.eldigitaldeasturias.com\\\/noticias\\\/la-junta-de-andalucia-declarara-bic-el-carnaval-de-cadiz\\\/#authorImage\",\"url\":\"https:\\\/\\\/secure.gravatar.com\\\/avatar\\\/df2aeffc32bcd13f8d26072ef8a91b623d677766deac7f97ca815868cd41bf5e?s=96&d=mm&r=g\",\"width\":96,\"height\":96,\"caption\":\"El Digital de Asturias\"}},{\"@type\":\"WebPage\",\"@id\":\"https:\\\/\\\/www.eldigitaldeasturias.com\\\/noticias\\\/la-junta-de-andalucia-declarara-bic-el-carnaval-de-cadiz\\\/#webpage\",\"url\":\"https:\\\/\\\/www.eldigitaldeasturias.com\\\/noticias\\\/la-junta-de-andalucia-declarara-bic-el-carnaval-de-cadiz\\\/\",\"name\":\"La Junta de Andaluc\\u00eda declarar\\u00e1 BIC el Carnaval de C\\u00e1diz - El Digital de Asturias\",\"description\":\"El consejero de Cultura, Miguel \\u00c1ngel V\\u00e1zquez, ha confirmado que la Junta de Andaluc\\u00eda declarar\\u00e1 el Carnaval de C\\u00e1diz como Bien de Inter\\u00e9s Cultural (BIC), un expediente en el que ya se est\\u00e1 trabajando y que se incoar\\u00e1 en los pr\\u00f3ximos meses. La Consejer\\u00eda de Cultura ha iniciado los trabajos para lograr esta declaraci\\u00f3n que\",\"inLanguage\":\"es-ES\",\"isPartOf\":{\"@id\":\"https:\\\/\\\/www.eldigitaldeasturias.com\\\/noticias\\\/#website\"},\"breadcrumb\":{\"@id\":\"https:\\\/\\\/www.eldigitaldeasturias.com\\\/noticias\\\/la-junta-de-andalucia-declarara-bic-el-carnaval-de-cadiz\\\/#breadcrumblist\"},\"author\":{\"@id\":\"https:\\\/\\\/www.eldigitaldeasturias.com\\\/noticias\\\/author\\\/admin\\\/#author\"},\"creator\":{\"@id\":\"https:\\\/\\\/www.eldigitaldeasturias.com\\\/noticias\\\/author\\\/admin\\\/#author\"},\"image\":{\"@type\":\"ImageObject\",\"url\":975216,\"@id\":\"https:\\\/\\\/www.eldigitaldeasturias.com\\\/noticias\\\/la-junta-de-andalucia-declarara-bic-el-carnaval-de-cadiz\\\/#mainImage\"},\"primaryImageOfPage\":{\"@id\":\"https:\\\/\\\/www.eldigitaldeasturias.com\\\/noticias\\\/la-junta-de-andalucia-declarara-bic-el-carnaval-de-cadiz\\\/#mainImage\"},\"datePublished\":\"2018-04-07T22:19:42+02:00\",\"dateModified\":\"2018-04-07T22:19:42+02:00\"},{\"@type\":\"WebSite\",\"@id\":\"https:\\\/\\\/www.eldigitaldeasturias.com\\\/noticias\\\/#website\",\"url\":\"https:\\\/\\\/www.eldigitaldeasturias.com\\\/noticias\\\/\",\"name\":\"El Digital de Asturias - Diario de actualidad y noticias\",\"alternateName\":\"El Digital de Asturias - Diario de actualidad y noticias\",\"description\":\"Hemeroteca\",\"inLanguage\":\"es-ES\",\"publisher\":{\"@id\":\"https:\\\/\\\/www.eldigitaldeasturias.com\\\/noticias\\\/#organization\"}}]}\n\t\t<\/script>\n\t\t<!-- All in One SEO Pro -->\r\n\t\t<title>La Junta de Andaluc\u00eda declarar\u00e1 BIC el Carnaval de C\u00e1diz - El Digital de Asturias<\/title>\n\n","aioseo_head_json":{"title":"La Junta de Andaluc\u00eda declarar\u00e1 BIC el Carnaval de C\u00e1diz - El Digital de Asturias","description":"El consejero de Cultura, Miguel \u00c1ngel V\u00e1zquez, ha confirmado que la Junta de Andaluc\u00eda declarar\u00e1 el Carnaval de C\u00e1diz como Bien de Inter\u00e9s Cultural (BIC), un expediente en el que ya se est\u00e1 trabajando y que se incoar\u00e1 en los pr\u00f3ximos meses. La Consejer\u00eda de Cultura ha iniciado los trabajos para lograr esta declaraci\u00f3n que","canonical_url":"https:\/\/www.eldigitaldeasturias.com\/noticias\/la-junta-de-andalucia-declarara-bic-el-carnaval-de-cadiz\/","robots":"max-image-preview:large","keywords":"actualidad","webmasterTools":{"google-site-verification":"UA-38556648-1","msvalidate.01":"7dfe9f3f1b24437ab69f4f2559babe99","miscellaneous":""},"schema":{"@context":"https:\/\/schema.org","@graph":[{"@type":"BlogPosting","@id":"https:\/\/www.eldigitaldeasturias.com\/noticias\/la-junta-de-andalucia-declarara-bic-el-carnaval-de-cadiz\/#blogposting","name":"La Junta de Andaluc\u00eda declarar\u00e1 BIC el Carnaval de C\u00e1diz - El Digital de Asturias","headline":"La Junta de Andaluc\u00eda declarar\u00e1 BIC el Carnaval de C\u00e1diz","author":{"@id":"https:\/\/www.eldigitaldeasturias.com\/noticias\/author\/admin\/#author"},"publisher":{"@id":"https:\/\/www.eldigitaldeasturias.com\/noticias\/#organization"},"image":{"@type":"ImageObject","url":975216},"datePublished":"2018-04-07T22:19:42+02:00","dateModified":"2018-04-07T22:19:42+02:00","inLanguage":"es-ES","mainEntityOfPage":{"@id":"https:\/\/www.eldigitaldeasturias.com\/noticias\/la-junta-de-andalucia-declarara-bic-el-carnaval-de-cadiz\/#webpage"},"isPartOf":{"@id":"https:\/\/www.eldigitaldeasturias.com\/noticias\/la-junta-de-andalucia-declarara-bic-el-carnaval-de-cadiz\/#webpage"},"articleSection":"Actualidad"},{"@type":"BreadcrumbList","@id":"https:\/\/www.eldigitaldeasturias.com\/noticias\/la-junta-de-andalucia-declarara-bic-el-carnaval-de-cadiz\/#breadcrumblist","itemListElement":[{"@type":"ListItem","@id":"https:\/\/www.eldigitaldeasturias.com\/noticias#listItem","position":1,"name":"Home","item":"https:\/\/www.eldigitaldeasturias.com\/noticias","nextItem":{"@type":"ListItem","@id":"https:\/\/www.eldigitaldeasturias.com\/noticias\/category\/actualidad\/#listItem","name":"Actualidad"}},{"@type":"ListItem","@id":"https:\/\/www.eldigitaldeasturias.com\/noticias\/category\/actualidad\/#listItem","position":2,"name":"Actualidad","item":"https:\/\/www.eldigitaldeasturias.com\/noticias\/category\/actualidad\/","nextItem":{"@type":"ListItem","@id":"https:\/\/www.eldigitaldeasturias.com\/noticias\/la-junta-de-andalucia-declarara-bic-el-carnaval-de-cadiz\/#listItem","name":"La Junta de Andaluc\u00eda declarar\u00e1 BIC el Carnaval de C\u00e1diz"},"previousItem":{"@type":"ListItem","@id":"https:\/\/www.eldigitaldeasturias.com\/noticias#listItem","name":"Home"}},{"@type":"ListItem","@id":"https:\/\/www.eldigitaldeasturias.com\/noticias\/la-junta-de-andalucia-declarara-bic-el-carnaval-de-cadiz\/#listItem","position":3,"name":"La Junta de Andaluc\u00eda declarar\u00e1 BIC el Carnaval de C\u00e1diz","previousItem":{"@type":"ListItem","@id":"https:\/\/www.eldigitaldeasturias.com\/noticias\/category\/actualidad\/#listItem","name":"Actualidad"}}]},{"@type":"Organization","@id":"https:\/\/www.eldigitaldeasturias.com\/noticias\/#organization","name":"El Digital de Asturias","description":"Hemeroteca","url":"https:\/\/www.eldigitaldeasturias.com\/noticias\/","email":"info@eldigitaldeasturias.com","telephone":"+34652131393","logo":{"@type":"ImageObject","url":"https:\/\/www.eldigitaldeasturias.com\/noticias\/wp-content\/uploads\/2020\/12\/EDA.jpg","@id":"https:\/\/www.eldigitaldeasturias.com\/noticias\/la-junta-de-andalucia-declarara-bic-el-carnaval-de-cadiz\/#organizationLogo"},"image":{"@id":"https:\/\/www.eldigitaldeasturias.com\/noticias\/la-junta-de-andalucia-declarara-bic-el-carnaval-de-cadiz\/#organizationLogo"},"sameAs":["https:\/\/facebook.com\/eldigitaldeasturias","https:\/\/www.youtube.com\/channel\/UCZP-2wLEB9Rv6erhFmqVnvg"],"address":{"@id":"https:\/\/www.eldigitaldeasturias.com\/noticias\/#postaladdress","@type":"PostalAddress","streetAddress":"san antonio 4","postalCode":"33430","addressLocality":"Cand\u00e1s","addressRegion":"Asturias","addressCountry":"ES"}},{"@type":"Person","@id":"https:\/\/www.eldigitaldeasturias.com\/noticias\/author\/admin\/#author","url":"https:\/\/www.eldigitaldeasturias.com\/noticias\/author\/admin\/","name":"El Digital de Asturias","image":{"@type":"ImageObject","@id":"https:\/\/www.eldigitaldeasturias.com\/noticias\/la-junta-de-andalucia-declarara-bic-el-carnaval-de-cadiz\/#authorImage","url":"https:\/\/secure.gravatar.com\/avatar\/df2aeffc32bcd13f8d26072ef8a91b623d677766deac7f97ca815868cd41bf5e?s=96&d=mm&r=g","width":96,"height":96,"caption":"El Digital de Asturias"}},{"@type":"WebPage","@id":"https:\/\/www.eldigitaldeasturias.com\/noticias\/la-junta-de-andalucia-declarara-bic-el-carnaval-de-cadiz\/#webpage","url":"https:\/\/www.eldigitaldeasturias.com\/noticias\/la-junta-de-andalucia-declarara-bic-el-carnaval-de-cadiz\/","name":"La Junta de Andaluc\u00eda declarar\u00e1 BIC el Carnaval de C\u00e1diz - El Digital de Asturias","description":"El consejero de Cultura, Miguel \u00c1ngel V\u00e1zquez, ha confirmado que la Junta de Andaluc\u00eda declarar\u00e1 el Carnaval de C\u00e1diz como Bien de Inter\u00e9s Cultural (BIC), un expediente en el que ya se est\u00e1 trabajando y que se incoar\u00e1 en los pr\u00f3ximos meses. La Consejer\u00eda de Cultura ha iniciado los trabajos para lograr esta declaraci\u00f3n que","inLanguage":"es-ES","isPartOf":{"@id":"https:\/\/www.eldigitaldeasturias.com\/noticias\/#website"},"breadcrumb":{"@id":"https:\/\/www.eldigitaldeasturias.com\/noticias\/la-junta-de-andalucia-declarara-bic-el-carnaval-de-cadiz\/#breadcrumblist"},"author":{"@id":"https:\/\/www.eldigitaldeasturias.com\/noticias\/author\/admin\/#author"},"creator":{"@id":"https:\/\/www.eldigitaldeasturias.com\/noticias\/author\/admin\/#author"},"image":{"@type":"ImageObject","url":975216,"@id":"https:\/\/www.eldigitaldeasturias.com\/noticias\/la-junta-de-andalucia-declarara-bic-el-carnaval-de-cadiz\/#mainImage"},"primaryImageOfPage":{"@id":"https:\/\/www.eldigitaldeasturias.com\/noticias\/la-junta-de-andalucia-declarara-bic-el-carnaval-de-cadiz\/#mainImage"},"datePublished":"2018-04-07T22:19:42+02:00","dateModified":"2018-04-07T22:19:42+02:00"},{"@type":"WebSite","@id":"https:\/\/www.eldigitaldeasturias.com\/noticias\/#website","url":"https:\/\/www.eldigitaldeasturias.com\/noticias\/","name":"El Digital de Asturias - Diario de actualidad y noticias","alternateName":"El Digital de Asturias - Diario de actualidad y noticias","description":"Hemeroteca","inLanguage":"es-ES","publisher":{"@id":"https:\/\/www.eldigitaldeasturias.com\/noticias\/#organization"}}]},"og:locale":"es_ES","og:site_name":"El Digital de Asturias","og:type":"article","og:title":"La Junta de Andaluc\u00eda declarar\u00e1 BIC el Carnaval de C\u00e1diz - El Digital de Asturias","og:description":"El consejero de Cultura, Miguel \u00c1ngel V\u00e1zquez, ha confirmado que la Junta de Andaluc\u00eda declarar\u00e1 el Carnaval de C\u00e1diz como Bien de Inter\u00e9s Cultural (BIC), un expediente en el que ya se est\u00e1 trabajando y que se incoar\u00e1 en los pr\u00f3ximos meses. La Consejer\u00eda de Cultura ha iniciado los trabajos para lograr esta declaraci\u00f3n que","og:url":"https:\/\/www.eldigitaldeasturias.com\/noticias\/la-junta-de-andalucia-declarara-bic-el-carnaval-de-cadiz\/","article:tag":["actualidad"],"article:published_time":"2018-04-07T22:19:42+00:00","article:modified_time":"2018-04-07T22:19:42+00:00","article:publisher":"https:\/\/facebook.com\/eldigitaldeasturias","twitter:card":"summary_large_image","twitter:title":"La Junta de Andaluc\u00eda declarar\u00e1 BIC el Carnaval de C\u00e1diz - El Digital de Asturias","twitter:description":"El consejero de Cultura, Miguel \u00c1ngel V\u00e1zquez, ha confirmado que la Junta de Andaluc\u00eda declarar\u00e1 el Carnaval de C\u00e1diz como Bien de Inter\u00e9s Cultural (BIC), un expediente en el que ya se est\u00e1 trabajando y que se incoar\u00e1 en los pr\u00f3ximos meses. La Consejer\u00eda de Cultura ha iniciado los trabajos para lograr esta declaraci\u00f3n que","twitter:image":"https:\/\/www.eldigitaldeasturias.com\/noticias\/wp-content\/uploads\/2020\/12\/EDA-1.jpg","twitter:label1":"Escrito por","twitter:data1":"El Digital de Asturias","twitter:label2":"Tiempo de lectura estimado","twitter:data2":"2 minutos"},"aioseo_meta_data":{"post_id":"975215","title":null,"description":null,"keywords":null,"keyphrases":null,"primary_term":null,"canonical_url":null,"og_title":null,"og_description":null,"og_object_type":"default","og_image_type":"default","og_image_url":null,"og_image_width":null,"og_image_height":null,"og_image_custom_url":null,"og_image_custom_fields":null,"og_video":null,"og_custom_url":null,"og_article_section":null,"og_article_tags":null,"twitter_use_og":false,"twitter_card":"default","twitter_image_type":"default","twitter_image_url":null,"twitter_image_custom_url":null,"twitter_image_custom_fields":null,"twitter_title":null,"twitter_description":null,"schema":{"blockGraphs":[],"customGraphs":[],"default":{"data":{"Article":[],"Course":[],"Dataset":[],"FAQPage":[],"Movie":[],"Person":[],"Product":[],"ProductReview":[],"Car":[],"Recipe":[],"Service":[],"SoftwareApplication":[],"WebPage":[]},"graphName":"","isEnabled":true},"graphs":[],"defaultGraph":"","defaultPostTypeGraph":""},"schema_type":null,"schema_type_options":null,"pillar_content":false,"robots_default":true,"robots_noindex":false,"robots_noarchive":false,"robots_nosnippet":false,"robots_nofollow":false,"robots_noimageindex":false,"robots_noodp":false,"robots_notranslate":false,"robots_max_snippet":null,"robots_max_videopreview":null,"robots_max_imagepreview":"large","priority":null,"frequency":null,"local_seo":null,"seo_analyzer_scan_date":"2025-10-07 23:08:00","breadcrumb_settings":null,"limit_modified_date":false,"open_ai":null,"ai":null,"created":"2020-12-21 12:11:38","updated":"2025-10-07 23:08:00","focus_keyword":null,"additional_keywords":null,"truseo_locale":null},"aioseo_breadcrumb":"<div class=\"aioseo-breadcrumbs\"><span class=\"aioseo-breadcrumb\">\n\t<a href=\"https:\/\/www.eldigitaldeasturias.com\/noticias\" title=\"Home\">Home<\/a>\n<\/span><span class=\"aioseo-breadcrumb-separator\">\u2013<\/span><span class=\"aioseo-breadcrumb\">\n\t<a href=\"https:\/\/www.eldigitaldeasturias.com\/noticias\/category\/actualidad\/\" title=\"Actualidad\">Actualidad<\/a>\n<\/span><span class=\"aioseo-breadcrumb-separator\">\u2013<\/span><span class=\"aioseo-breadcrumb\">\n\t<a href=\"https:\/\/www.eldigitaldeasturias.com\/noticias\/la-junta-de-andalucia-declarara-bic-el-carnaval-de-cadiz\/\" title=\"La Junta de Andaluc\u00eda declarar\u00e1 BIC el Carnaval de C\u00e1diz\">La Junta de Andaluc\u00eda declarar\u00e1 BIC el Carnaval de C\u00e1diz<\/a>\n<\/span><\/div>","aioseo_breadcrumb_json":[{"label":"Home","link":"https:\/\/www.eldigitaldeasturias.com\/noticias"},{"label":"Actualidad","link":"https:\/\/www.eldigitaldeasturias.com\/noticias\/category\/actualidad\/"},{"label":"La Junta de Andaluc\u00eda declarar\u00e1 BIC el Carnaval de C\u00e1diz","link":"https:\/\/www.eldigitaldeasturias.com\/noticias\/la-junta-de-andalucia-declarara-bic-el-carnaval-de-cadiz\/"}],"_links":{"self":[{"href":"https:\/\/www.eldigitaldeasturias.com\/noticias\/wp-json\/wp\/v2\/posts\/975215","targetHints":{"allow":["GET"]}}],"collection":[{"href":"https:\/\/www.eldigitaldeasturias.com\/noticias\/wp-json\/wp\/v2\/posts"}],"about":[{"href":"https:\/\/www.eldigitaldeasturias.com\/noticias\/wp-json\/wp\/v2\/types\/post"}],"author":[{"embeddable":true,"href":"https:\/\/www.eldigitaldeasturias.com\/noticias\/wp-json\/wp\/v2\/users\/1"}],"replies":[{"embeddable":true,"href":"https:\/\/www.eldigitaldeasturias.com\/noticias\/wp-json\/wp\/v2\/comments?post=975215"}],"version-history":[{"count":0,"href":"https:\/\/www.eldigitaldeasturias.com\/noticias\/wp-json\/wp\/v2\/posts\/975215\/revisions"}],"wp:attachment":[{"href":"https:\/\/www.eldigitaldeasturias.com\/noticias\/wp-json\/wp\/v2\/media?parent=975215"}],"wp:term":[{"taxonomy":"category","embeddable":true,"href":"https:\/\/www.eldigitaldeasturias.com\/noticias\/wp-json\/wp\/v2\/categories?post=975215"},{"taxonomy":"post_tag","embeddable":true,"href":"https:\/\/www.eldigitaldeasturias.com\/noticias\/wp-json\/wp\/v2\/tags?post=975215"}],"curies":[{"name":"wp","href":"https:\/\/api.w.org\/{rel}","templated":true}]}}