{"id":975196,"date":"2018-04-07T21:53:10","date_gmt":"2018-04-07T21:53:10","guid":{"rendered":"http:\/\/www.eldigitaldeasturias.com\/noticias\/?p=975196"},"modified":"2018-04-07T21:53:10","modified_gmt":"2018-04-07T21:53:10","slug":"lula-la-muerte-de-un-combatiente-no-para-la-revolucion","status":"publish","type":"post","link":"https:\/\/www.eldigitaldeasturias.com\/noticias\/lula-la-muerte-de-un-combatiente-no-para-la-revolucion\/","title":{"rendered":"Lula: \u00abLa muerte de un combatiente no para la revoluci\u00f3n\u00bb"},"content":{"rendered":"<p><img loading=\"lazy\" decoding=\"async\" class=\"alignleft size-medium wp-image-868078\" src=\"https:\/\/www.eldigitaldeasturias.com\/noticias\/wp-content\/uploads\/2016\/03\/fotonoticia_20160321102713_800-360x240.jpg\" alt=\"\" width=\"360\" height=\"240\" \/>R\u00edo de Janeiro\/Sao Paulo, 7 abr (dpa) &#8211; Combativo, emocional y clamando que es inocente: el ex presidente brasile\u00f1o Luiz In\u00e1cio Lula da Silva se despidi\u00f3 hoy de sus seguidores con un aguerrido discurso y un ba\u00f1o de masas en Sao Paulo antes de entregarse a la Justicia para empezar a cumplir una pena de c\u00e1rcel por corrupci\u00f3n.<\/p>\n<p>\u00abLa muerte de un combatiente no para la revoluci\u00f3n\u00bb, dijo Lula ante miles de simpatizantes en las afueras del Sindicato de los Metal\u00fargicos en la periferia de Sao Paulo, antes de confirmar que se entregar\u00e1 a la Polic\u00eda. \u00abVoy a cumplir el mandato\u00bb, dijo en alusi\u00f3n a la orden de ingreso en prisi\u00f3n emitida por el juez S\u00e9rgio Moro.<\/p>\n<p>El lugar elegido no era casual. El sindicato metal\u00fargico es el lugar donde Lula inici\u00f3 su trayectoria pol\u00edtica en los a\u00f1os 70 como un joven l\u00edder sindical. El ex mandatario volvi\u00f3 a la pol\u00edtica activa en los \u00faltimos a\u00f1os despu\u00e9s de ser acusado de corrupto.<\/p>\n<p>Lula, favorito a sus 72 a\u00f1os para volver a ser elegido presidente en las elecciones de octubre, se hab\u00eda refugiado desde la noche del jueves en el lugar que lo vio nacer como pol\u00edtico. Horas antes el juez Moro hab\u00eda emitido una orden para que Lula ingresase a prisi\u00f3n, d\u00e1ndole plazo para entregarse hasta la tarde del jueves.<\/p>\n<p>El ex mandatario no cumpli\u00f3 y la tensi\u00f3n se hab\u00eda disparado en las \u00faltimas horas en Brasil por un posible arresto, en un pa\u00eds agitado desde hace semanas por el caso del popular l\u00edder de izquierda, \u00eddolo sobre todo de las clases m\u00e1s pobres por los \u00e9xitos de sus dos Gobiernos (2003-2010). Seg\u00fan medios brasile\u00f1os, sus abogados negociaron para que Lula se entregase hoy.<\/p>\n<p>Una de las condiciones fue que le permitiesen participar en un acto en memoria de su esposa fallecida el a\u00f1o pasado, que habr\u00eda cumplido 68 a\u00f1os hoy. El carism\u00e1tico Lula tom\u00f3 despu\u00e9s del acto el micr\u00f3fono para dirigirse a sus seguidores.<\/p>\n<p>\u00abEl sue\u00f1o de ellos es la fotograf\u00eda de Lula preso\u00bb, dijo el ex presidente, que acusa a sus adversarios de haberle hecho un proceso pol\u00edtico para alejarlo del poder, y que acus\u00f3 tambi\u00e9n a los grandes medios de comunicaci\u00f3n de hacer campa\u00f1a contra \u00e9l.<\/p>\n<p>\u00abNo los perdono por haber dicho a la sociedad que soy un ladr\u00f3n\u00bb, reclam\u00f3 Lula en alusi\u00f3n a Moro y el resto de jueces de su caso.<\/p>\n<p>Lula fue condenado en 2017 por cargos de que acept\u00f3 de la constructora OAS la reforma de un apartamento que \u00e9l pensaba comprar en la costa de Sao Paulo, a cambio de favorecer a la empresa en sus negocios con la estatal Petrobras, que est\u00e1 en el centro de los esc\u00e1ndalos de \u00abLava Jato\u00bb (\u00abLavado de autos\u00bb).<\/p>\n<p>Lula no lleg\u00f3 a comprar el apartamento y afirma que no hay pruebas de que acept\u00f3 favores indebidos. Un tribunal de apelaci\u00f3n, sin embargo, confirm\u00f3 la condena en enero y la aument\u00f3 de nueve a\u00f1os y medio a 12 a\u00f1os y un mes. Los tribunales superiores rechazaron en los \u00faltimos d\u00edas varios recursos para evitar que Lula fuera detenido.<\/p>\n<p>Pese a que su encarcelamiento truncar\u00e1 ahora sus aspiraciones electorales, el mandatario anim\u00f3 a sus seguidores a continuar. \u00abYa no soy un ser humano. Yo soy una idea\u00bb, clam\u00f3.<\/p>\n<p>Lula compareci\u00f3 rodeado de varios compa\u00f1eros de su larga trayectoria pol\u00edtica, entre ellos su sucesora Dilma Rousseff. A varios los elogi\u00f3 ampliamente antes de comenzar un discurso de casi una hora que tuvo un aire de despedida pol\u00edtica.<\/p>\n<p><i class=\"lang-es\"><span class=\" readonly\" title=\"\">Por Isaac Risco (dpa)<\/span><\/i><\/p>\n","protected":false},"excerpt":{"rendered":"<p>R\u00edo de Janeiro\/Sao Paulo, 7 abr (dpa) &#8211; Combativo, emocional y clamando que es inocente: el ex presidente brasile\u00f1o Luiz In\u00e1cio Lula da Silva se despidi\u00f3 hoy de sus seguidores con un aguerrido discurso y un ba\u00f1o de masas en Sao Paulo antes de entregarse a la Justicia para empezar a cumplir una pena de [&hellip;]<\/p>\n","protected":false},"author":1,"featured_media":868078,"comment_status":"closed","ping_status":"closed","sticky":false,"template":"","format":"standard","meta":{"footnotes":""},"categories":[1],"tags":[],"class_list":["post-975196","post","type-post","status-publish","format-standard","has-post-thumbnail","hentry","category-actualidad"],"aioseo_notices":[],"aioseo_head":"\n\t\t<!-- All in One SEO Pro 5.0.1 - aioseo.com -->\n\t<meta name=\"description\" content=\"R\u00edo de Janeiro\/Sao Paulo, 7 abr (dpa) - Combativo, emocional y clamando que es inocente: el ex presidente brasile\u00f1o Luiz In\u00e1cio Lula da Silva se despidi\u00f3 hoy de sus seguidores con un aguerrido discurso y un ba\u00f1o de masas en Sao Paulo antes de entregarse a la Justicia para empezar a cumplir una pena de\" \/>\n\t<meta name=\"robots\" content=\"max-image-preview:large\" \/>\n\t<meta name=\"author\" content=\"El Digital de Asturias\"\/>\n\t<meta name=\"google-site-verification\" content=\"UA-38556648-1\" \/>\n\t<meta name=\"msvalidate.01\" content=\"7dfe9f3f1b24437ab69f4f2559babe99\" \/>\n\t<meta name=\"keywords\" content=\"actualidad\" \/>\n\t<link rel=\"canonical\" href=\"https:\/\/www.eldigitaldeasturias.com\/noticias\/lula-la-muerte-de-un-combatiente-no-para-la-revolucion\/\" \/>\n\t<meta name=\"generator\" content=\"All in One SEO Pro (AIOSEO) 5.0.1\" \/>\n\t\t<meta property=\"og:locale\" content=\"es_ES\" \/>\n\t\t<meta property=\"og:site_name\" content=\"El Digital de Asturias\" \/>\n\t\t<meta property=\"og:type\" content=\"article\" \/>\n\t\t<meta property=\"og:title\" content=\"Lula: \u00abLa muerte de un combatiente no para la revoluci\u00f3n\u00bb - El Digital de Asturias\" \/>\n\t\t<meta property=\"og:description\" content=\"R\u00edo de Janeiro\/Sao Paulo, 7 abr (dpa) - Combativo, emocional y clamando que es inocente: el ex presidente brasile\u00f1o Luiz In\u00e1cio Lula da Silva se despidi\u00f3 hoy de sus seguidores con un aguerrido discurso y un ba\u00f1o de masas en Sao Paulo antes de entregarse a la Justicia para empezar a cumplir una pena de\" \/>\n\t\t<meta property=\"og:url\" content=\"https:\/\/www.eldigitaldeasturias.com\/noticias\/lula-la-muerte-de-un-combatiente-no-para-la-revolucion\/\" \/>\n\t\t<meta property=\"article:tag\" content=\"actualidad\" \/>\n\t\t<meta property=\"article:published_time\" content=\"2018-04-07T21:53:10+00:00\" \/>\n\t\t<meta property=\"article:modified_time\" content=\"2018-04-07T21:53:10+00:00\" \/>\n\t\t<meta property=\"article:publisher\" content=\"https:\/\/facebook.com\/eldigitaldeasturias\" \/>\n\t\t<meta name=\"twitter:card\" content=\"summary_large_image\" \/>\n\t\t<meta name=\"twitter:title\" content=\"Lula: \u00abLa muerte de un combatiente no para la revoluci\u00f3n\u00bb - El Digital de Asturias\" \/>\n\t\t<meta name=\"twitter:description\" content=\"R\u00edo de Janeiro\/Sao Paulo, 7 abr (dpa) - Combativo, emocional y clamando que es inocente: el ex presidente brasile\u00f1o Luiz In\u00e1cio Lula da Silva se despidi\u00f3 hoy de sus seguidores con un aguerrido discurso y un ba\u00f1o de masas en Sao Paulo antes de entregarse a la Justicia para empezar a cumplir una pena de\" \/>\n\t\t<meta name=\"twitter:image\" content=\"https:\/\/www.eldigitaldeasturias.com\/noticias\/wp-content\/uploads\/2020\/12\/EDA-1.jpg\" \/>\n\t\t<meta name=\"twitter:label1\" content=\"Escrito por\" \/>\n\t\t<meta name=\"twitter:data1\" content=\"El Digital de Asturias\" \/>\n\t\t<meta name=\"twitter:label2\" content=\"Tiempo de lectura estimado\" \/>\n\t\t<meta name=\"twitter:data2\" content=\"3 minutos\" \/>\n\t\t<script type=\"application\/ld+json\" class=\"aioseo-schema\">\n\t\t\t{\"@context\":\"https:\\\/\\\/schema.org\",\"@graph\":[{\"@type\":\"BlogPosting\",\"@id\":\"https:\\\/\\\/www.eldigitaldeasturias.com\\\/noticias\\\/lula-la-muerte-de-un-combatiente-no-para-la-revolucion\\\/#blogposting\",\"name\":\"Lula: \\u00abLa muerte de un combatiente no para la revoluci\\u00f3n\\u00bb - El Digital de Asturias\",\"headline\":\"Lula: \\u00abLa muerte de un combatiente no para la revoluci\\u00f3n\\u00bb\",\"author\":{\"@id\":\"https:\\\/\\\/www.eldigitaldeasturias.com\\\/noticias\\\/author\\\/admin\\\/#author\"},\"publisher\":{\"@id\":\"https:\\\/\\\/www.eldigitaldeasturias.com\\\/noticias\\\/#organization\"},\"image\":{\"@type\":\"ImageObject\",\"url\":868078},\"datePublished\":\"2018-04-07T21:53:10+02:00\",\"dateModified\":\"2018-04-07T21:53:10+02:00\",\"inLanguage\":\"es-ES\",\"mainEntityOfPage\":{\"@id\":\"https:\\\/\\\/www.eldigitaldeasturias.com\\\/noticias\\\/lula-la-muerte-de-un-combatiente-no-para-la-revolucion\\\/#webpage\"},\"isPartOf\":{\"@id\":\"https:\\\/\\\/www.eldigitaldeasturias.com\\\/noticias\\\/lula-la-muerte-de-un-combatiente-no-para-la-revolucion\\\/#webpage\"},\"articleSection\":\"Actualidad\"},{\"@type\":\"BreadcrumbList\",\"@id\":\"https:\\\/\\\/www.eldigitaldeasturias.com\\\/noticias\\\/lula-la-muerte-de-un-combatiente-no-para-la-revolucion\\\/#breadcrumblist\",\"itemListElement\":[{\"@type\":\"ListItem\",\"@id\":\"https:\\\/\\\/www.eldigitaldeasturias.com\\\/noticias#listItem\",\"position\":1,\"name\":\"Home\",\"item\":\"https:\\\/\\\/www.eldigitaldeasturias.com\\\/noticias\",\"nextItem\":{\"@type\":\"ListItem\",\"@id\":\"https:\\\/\\\/www.eldigitaldeasturias.com\\\/noticias\\\/category\\\/actualidad\\\/#listItem\",\"name\":\"Actualidad\"}},{\"@type\":\"ListItem\",\"@id\":\"https:\\\/\\\/www.eldigitaldeasturias.com\\\/noticias\\\/category\\\/actualidad\\\/#listItem\",\"position\":2,\"name\":\"Actualidad\",\"item\":\"https:\\\/\\\/www.eldigitaldeasturias.com\\\/noticias\\\/category\\\/actualidad\\\/\",\"nextItem\":{\"@type\":\"ListItem\",\"@id\":\"https:\\\/\\\/www.eldigitaldeasturias.com\\\/noticias\\\/lula-la-muerte-de-un-combatiente-no-para-la-revolucion\\\/#listItem\",\"name\":\"Lula: \\u00abLa muerte de un combatiente no para la revoluci\\u00f3n\\u00bb\"},\"previousItem\":{\"@type\":\"ListItem\",\"@id\":\"https:\\\/\\\/www.eldigitaldeasturias.com\\\/noticias#listItem\",\"name\":\"Home\"}},{\"@type\":\"ListItem\",\"@id\":\"https:\\\/\\\/www.eldigitaldeasturias.com\\\/noticias\\\/lula-la-muerte-de-un-combatiente-no-para-la-revolucion\\\/#listItem\",\"position\":3,\"name\":\"Lula: \\u00abLa muerte de un combatiente no para la revoluci\\u00f3n\\u00bb\",\"previousItem\":{\"@type\":\"ListItem\",\"@id\":\"https:\\\/\\\/www.eldigitaldeasturias.com\\\/noticias\\\/category\\\/actualidad\\\/#listItem\",\"name\":\"Actualidad\"}}]},{\"@type\":\"Organization\",\"@id\":\"https:\\\/\\\/www.eldigitaldeasturias.com\\\/noticias\\\/#organization\",\"name\":\"El Digital de Asturias\",\"description\":\"Hemeroteca\",\"url\":\"https:\\\/\\\/www.eldigitaldeasturias.com\\\/noticias\\\/\",\"email\":\"info@eldigitaldeasturias.com\",\"telephone\":\"+34652131393\",\"logo\":{\"@type\":\"ImageObject\",\"url\":\"https:\\\/\\\/www.eldigitaldeasturias.com\\\/noticias\\\/wp-content\\\/uploads\\\/2020\\\/12\\\/EDA.jpg\",\"@id\":\"https:\\\/\\\/www.eldigitaldeasturias.com\\\/noticias\\\/lula-la-muerte-de-un-combatiente-no-para-la-revolucion\\\/#organizationLogo\"},\"image\":{\"@id\":\"https:\\\/\\\/www.eldigitaldeasturias.com\\\/noticias\\\/lula-la-muerte-de-un-combatiente-no-para-la-revolucion\\\/#organizationLogo\"},\"sameAs\":[\"https:\\\/\\\/facebook.com\\\/eldigitaldeasturias\",\"https:\\\/\\\/www.youtube.com\\\/channel\\\/UCZP-2wLEB9Rv6erhFmqVnvg\"],\"address\":{\"@id\":\"https:\\\/\\\/www.eldigitaldeasturias.com\\\/noticias\\\/#postaladdress\",\"@type\":\"PostalAddress\",\"streetAddress\":\"san antonio 4\",\"postalCode\":\"33430\",\"addressLocality\":\"Cand\\u00e1s\",\"addressRegion\":\"Asturias\",\"addressCountry\":\"ES\"}},{\"@type\":\"Person\",\"@id\":\"https:\\\/\\\/www.eldigitaldeasturias.com\\\/noticias\\\/author\\\/admin\\\/#author\",\"url\":\"https:\\\/\\\/www.eldigitaldeasturias.com\\\/noticias\\\/author\\\/admin\\\/\",\"name\":\"El Digital de Asturias\",\"image\":{\"@type\":\"ImageObject\",\"@id\":\"https:\\\/\\\/www.eldigitaldeasturias.com\\\/noticias\\\/lula-la-muerte-de-un-combatiente-no-para-la-revolucion\\\/#authorImage\",\"url\":\"https:\\\/\\\/secure.gravatar.com\\\/avatar\\\/df2aeffc32bcd13f8d26072ef8a91b623d677766deac7f97ca815868cd41bf5e?s=96&d=mm&r=g\",\"width\":96,\"height\":96,\"caption\":\"El Digital de Asturias\"}},{\"@type\":\"WebPage\",\"@id\":\"https:\\\/\\\/www.eldigitaldeasturias.com\\\/noticias\\\/lula-la-muerte-de-un-combatiente-no-para-la-revolucion\\\/#webpage\",\"url\":\"https:\\\/\\\/www.eldigitaldeasturias.com\\\/noticias\\\/lula-la-muerte-de-un-combatiente-no-para-la-revolucion\\\/\",\"name\":\"Lula: \\u00abLa muerte de un combatiente no para la revoluci\\u00f3n\\u00bb - El Digital de Asturias\",\"description\":\"R\\u00edo de Janeiro\\\/Sao Paulo, 7 abr (dpa) - Combativo, emocional y clamando que es inocente: el ex presidente brasile\\u00f1o Luiz In\\u00e1cio Lula da Silva se despidi\\u00f3 hoy de sus seguidores con un aguerrido discurso y un ba\\u00f1o de masas en Sao Paulo antes de entregarse a la Justicia para empezar a cumplir una pena de\",\"inLanguage\":\"es-ES\",\"isPartOf\":{\"@id\":\"https:\\\/\\\/www.eldigitaldeasturias.com\\\/noticias\\\/#website\"},\"breadcrumb\":{\"@id\":\"https:\\\/\\\/www.eldigitaldeasturias.com\\\/noticias\\\/lula-la-muerte-de-un-combatiente-no-para-la-revolucion\\\/#breadcrumblist\"},\"author\":{\"@id\":\"https:\\\/\\\/www.eldigitaldeasturias.com\\\/noticias\\\/author\\\/admin\\\/#author\"},\"creator\":{\"@id\":\"https:\\\/\\\/www.eldigitaldeasturias.com\\\/noticias\\\/author\\\/admin\\\/#author\"},\"image\":{\"@type\":\"ImageObject\",\"url\":868078,\"@id\":\"https:\\\/\\\/www.eldigitaldeasturias.com\\\/noticias\\\/lula-la-muerte-de-un-combatiente-no-para-la-revolucion\\\/#mainImage\"},\"primaryImageOfPage\":{\"@id\":\"https:\\\/\\\/www.eldigitaldeasturias.com\\\/noticias\\\/lula-la-muerte-de-un-combatiente-no-para-la-revolucion\\\/#mainImage\"},\"datePublished\":\"2018-04-07T21:53:10+02:00\",\"dateModified\":\"2018-04-07T21:53:10+02:00\"},{\"@type\":\"WebSite\",\"@id\":\"https:\\\/\\\/www.eldigitaldeasturias.com\\\/noticias\\\/#website\",\"url\":\"https:\\\/\\\/www.eldigitaldeasturias.com\\\/noticias\\\/\",\"name\":\"El Digital de Asturias - Diario de actualidad y noticias\",\"alternateName\":\"El Digital de Asturias - Diario de actualidad y noticias\",\"description\":\"Hemeroteca\",\"inLanguage\":\"es-ES\",\"publisher\":{\"@id\":\"https:\\\/\\\/www.eldigitaldeasturias.com\\\/noticias\\\/#organization\"}}]}\n\t\t<\/script>\n\t\t<!-- All in One SEO Pro -->\r\n\t\t<title>Lula: \u00abLa muerte de un combatiente no para la revoluci\u00f3n\u00bb - El Digital de Asturias<\/title>\n\n","aioseo_head_json":{"title":"Lula: \u00abLa muerte de un combatiente no para la revoluci\u00f3n\u00bb - El Digital de Asturias","description":"R\u00edo de Janeiro\/Sao Paulo, 7 abr (dpa) - Combativo, emocional y clamando que es inocente: el ex presidente brasile\u00f1o Luiz In\u00e1cio Lula da Silva se despidi\u00f3 hoy de sus seguidores con un aguerrido discurso y un ba\u00f1o de masas en Sao Paulo antes de entregarse a la Justicia para empezar a cumplir una pena de","canonical_url":"https:\/\/www.eldigitaldeasturias.com\/noticias\/lula-la-muerte-de-un-combatiente-no-para-la-revolucion\/","robots":"max-image-preview:large","keywords":"actualidad","webmasterTools":{"google-site-verification":"UA-38556648-1","msvalidate.01":"7dfe9f3f1b24437ab69f4f2559babe99","miscellaneous":""},"schema":{"@context":"https:\/\/schema.org","@graph":[{"@type":"BlogPosting","@id":"https:\/\/www.eldigitaldeasturias.com\/noticias\/lula-la-muerte-de-un-combatiente-no-para-la-revolucion\/#blogposting","name":"Lula: \u00abLa muerte de un combatiente no para la revoluci\u00f3n\u00bb - El Digital de Asturias","headline":"Lula: \u00abLa muerte de un combatiente no para la revoluci\u00f3n\u00bb","author":{"@id":"https:\/\/www.eldigitaldeasturias.com\/noticias\/author\/admin\/#author"},"publisher":{"@id":"https:\/\/www.eldigitaldeasturias.com\/noticias\/#organization"},"image":{"@type":"ImageObject","url":868078},"datePublished":"2018-04-07T21:53:10+02:00","dateModified":"2018-04-07T21:53:10+02:00","inLanguage":"es-ES","mainEntityOfPage":{"@id":"https:\/\/www.eldigitaldeasturias.com\/noticias\/lula-la-muerte-de-un-combatiente-no-para-la-revolucion\/#webpage"},"isPartOf":{"@id":"https:\/\/www.eldigitaldeasturias.com\/noticias\/lula-la-muerte-de-un-combatiente-no-para-la-revolucion\/#webpage"},"articleSection":"Actualidad"},{"@type":"BreadcrumbList","@id":"https:\/\/www.eldigitaldeasturias.com\/noticias\/lula-la-muerte-de-un-combatiente-no-para-la-revolucion\/#breadcrumblist","itemListElement":[{"@type":"ListItem","@id":"https:\/\/www.eldigitaldeasturias.com\/noticias#listItem","position":1,"name":"Home","item":"https:\/\/www.eldigitaldeasturias.com\/noticias","nextItem":{"@type":"ListItem","@id":"https:\/\/www.eldigitaldeasturias.com\/noticias\/category\/actualidad\/#listItem","name":"Actualidad"}},{"@type":"ListItem","@id":"https:\/\/www.eldigitaldeasturias.com\/noticias\/category\/actualidad\/#listItem","position":2,"name":"Actualidad","item":"https:\/\/www.eldigitaldeasturias.com\/noticias\/category\/actualidad\/","nextItem":{"@type":"ListItem","@id":"https:\/\/www.eldigitaldeasturias.com\/noticias\/lula-la-muerte-de-un-combatiente-no-para-la-revolucion\/#listItem","name":"Lula: \u00abLa muerte de un combatiente no para la revoluci\u00f3n\u00bb"},"previousItem":{"@type":"ListItem","@id":"https:\/\/www.eldigitaldeasturias.com\/noticias#listItem","name":"Home"}},{"@type":"ListItem","@id":"https:\/\/www.eldigitaldeasturias.com\/noticias\/lula-la-muerte-de-un-combatiente-no-para-la-revolucion\/#listItem","position":3,"name":"Lula: \u00abLa muerte de un combatiente no para la revoluci\u00f3n\u00bb","previousItem":{"@type":"ListItem","@id":"https:\/\/www.eldigitaldeasturias.com\/noticias\/category\/actualidad\/#listItem","name":"Actualidad"}}]},{"@type":"Organization","@id":"https:\/\/www.eldigitaldeasturias.com\/noticias\/#organization","name":"El Digital de Asturias","description":"Hemeroteca","url":"https:\/\/www.eldigitaldeasturias.com\/noticias\/","email":"info@eldigitaldeasturias.com","telephone":"+34652131393","logo":{"@type":"ImageObject","url":"https:\/\/www.eldigitaldeasturias.com\/noticias\/wp-content\/uploads\/2020\/12\/EDA.jpg","@id":"https:\/\/www.eldigitaldeasturias.com\/noticias\/lula-la-muerte-de-un-combatiente-no-para-la-revolucion\/#organizationLogo"},"image":{"@id":"https:\/\/www.eldigitaldeasturias.com\/noticias\/lula-la-muerte-de-un-combatiente-no-para-la-revolucion\/#organizationLogo"},"sameAs":["https:\/\/facebook.com\/eldigitaldeasturias","https:\/\/www.youtube.com\/channel\/UCZP-2wLEB9Rv6erhFmqVnvg"],"address":{"@id":"https:\/\/www.eldigitaldeasturias.com\/noticias\/#postaladdress","@type":"PostalAddress","streetAddress":"san antonio 4","postalCode":"33430","addressLocality":"Cand\u00e1s","addressRegion":"Asturias","addressCountry":"ES"}},{"@type":"Person","@id":"https:\/\/www.eldigitaldeasturias.com\/noticias\/author\/admin\/#author","url":"https:\/\/www.eldigitaldeasturias.com\/noticias\/author\/admin\/","name":"El Digital de Asturias","image":{"@type":"ImageObject","@id":"https:\/\/www.eldigitaldeasturias.com\/noticias\/lula-la-muerte-de-un-combatiente-no-para-la-revolucion\/#authorImage","url":"https:\/\/secure.gravatar.com\/avatar\/df2aeffc32bcd13f8d26072ef8a91b623d677766deac7f97ca815868cd41bf5e?s=96&d=mm&r=g","width":96,"height":96,"caption":"El Digital de Asturias"}},{"@type":"WebPage","@id":"https:\/\/www.eldigitaldeasturias.com\/noticias\/lula-la-muerte-de-un-combatiente-no-para-la-revolucion\/#webpage","url":"https:\/\/www.eldigitaldeasturias.com\/noticias\/lula-la-muerte-de-un-combatiente-no-para-la-revolucion\/","name":"Lula: \u00abLa muerte de un combatiente no para la revoluci\u00f3n\u00bb - El Digital de Asturias","description":"R\u00edo de Janeiro\/Sao Paulo, 7 abr (dpa) - Combativo, emocional y clamando que es inocente: el ex presidente brasile\u00f1o Luiz In\u00e1cio Lula da Silva se despidi\u00f3 hoy de sus seguidores con un aguerrido discurso y un ba\u00f1o de masas en Sao Paulo antes de entregarse a la Justicia para empezar a cumplir una pena de","inLanguage":"es-ES","isPartOf":{"@id":"https:\/\/www.eldigitaldeasturias.com\/noticias\/#website"},"breadcrumb":{"@id":"https:\/\/www.eldigitaldeasturias.com\/noticias\/lula-la-muerte-de-un-combatiente-no-para-la-revolucion\/#breadcrumblist"},"author":{"@id":"https:\/\/www.eldigitaldeasturias.com\/noticias\/author\/admin\/#author"},"creator":{"@id":"https:\/\/www.eldigitaldeasturias.com\/noticias\/author\/admin\/#author"},"image":{"@type":"ImageObject","url":868078,"@id":"https:\/\/www.eldigitaldeasturias.com\/noticias\/lula-la-muerte-de-un-combatiente-no-para-la-revolucion\/#mainImage"},"primaryImageOfPage":{"@id":"https:\/\/www.eldigitaldeasturias.com\/noticias\/lula-la-muerte-de-un-combatiente-no-para-la-revolucion\/#mainImage"},"datePublished":"2018-04-07T21:53:10+02:00","dateModified":"2018-04-07T21:53:10+02:00"},{"@type":"WebSite","@id":"https:\/\/www.eldigitaldeasturias.com\/noticias\/#website","url":"https:\/\/www.eldigitaldeasturias.com\/noticias\/","name":"El Digital de Asturias - Diario de actualidad y noticias","alternateName":"El Digital de Asturias - Diario de actualidad y noticias","description":"Hemeroteca","inLanguage":"es-ES","publisher":{"@id":"https:\/\/www.eldigitaldeasturias.com\/noticias\/#organization"}}]},"og:locale":"es_ES","og:site_name":"El Digital de Asturias","og:type":"article","og:title":"Lula: \u00abLa muerte de un combatiente no para la revoluci\u00f3n\u00bb - El Digital de Asturias","og:description":"R\u00edo de Janeiro\/Sao Paulo, 7 abr (dpa) - Combativo, emocional y clamando que es inocente: el ex presidente brasile\u00f1o Luiz In\u00e1cio Lula da Silva se despidi\u00f3 hoy de sus seguidores con un aguerrido discurso y un ba\u00f1o de masas en Sao Paulo antes de entregarse a la Justicia para empezar a cumplir una pena de","og:url":"https:\/\/www.eldigitaldeasturias.com\/noticias\/lula-la-muerte-de-un-combatiente-no-para-la-revolucion\/","article:tag":["actualidad"],"article:published_time":"2018-04-07T21:53:10+00:00","article:modified_time":"2018-04-07T21:53:10+00:00","article:publisher":"https:\/\/facebook.com\/eldigitaldeasturias","twitter:card":"summary_large_image","twitter:title":"Lula: \u00abLa muerte de un combatiente no para la revoluci\u00f3n\u00bb - El Digital de Asturias","twitter:description":"R\u00edo de Janeiro\/Sao Paulo, 7 abr (dpa) - Combativo, emocional y clamando que es inocente: el ex presidente brasile\u00f1o Luiz In\u00e1cio Lula da Silva se despidi\u00f3 hoy de sus seguidores con un aguerrido discurso y un ba\u00f1o de masas en Sao Paulo antes de entregarse a la Justicia para empezar a cumplir una pena de","twitter:image":"https:\/\/www.eldigitaldeasturias.com\/noticias\/wp-content\/uploads\/2020\/12\/EDA-1.jpg","twitter:label1":"Escrito por","twitter:data1":"El Digital de Asturias","twitter:label2":"Tiempo de lectura estimado","twitter:data2":"3 minutos"},"aioseo_meta_data":{"post_id":"975196","title":null,"description":null,"keywords":null,"keyphrases":null,"primary_term":null,"canonical_url":null,"og_title":null,"og_description":null,"og_object_type":"default","og_image_type":"default","og_image_url":null,"og_image_width":null,"og_image_height":null,"og_image_custom_url":null,"og_image_custom_fields":null,"og_video":null,"og_custom_url":null,"og_article_section":null,"og_article_tags":null,"twitter_use_og":false,"twitter_card":"default","twitter_image_type":"default","twitter_image_url":null,"twitter_image_custom_url":null,"twitter_image_custom_fields":null,"twitter_title":null,"twitter_description":null,"schema":{"blockGraphs":[],"customGraphs":[],"default":{"data":{"Article":[],"Course":[],"Dataset":[],"FAQPage":[],"Movie":[],"Person":[],"Product":[],"ProductReview":[],"Car":[],"Recipe":[],"Service":[],"SoftwareApplication":[],"WebPage":[]},"graphName":"","isEnabled":true},"graphs":[],"defaultGraph":"","defaultPostTypeGraph":""},"schema_type":null,"schema_type_options":null,"pillar_content":false,"robots_default":true,"robots_noindex":false,"robots_noarchive":false,"robots_nosnippet":false,"robots_nofollow":false,"robots_noimageindex":false,"robots_noodp":false,"robots_notranslate":false,"robots_max_snippet":null,"robots_max_videopreview":null,"robots_max_imagepreview":"large","priority":null,"frequency":null,"local_seo":null,"seo_analyzer_scan_date":"2025-10-07 23:05:07","breadcrumb_settings":null,"limit_modified_date":false,"open_ai":null,"ai":null,"created":"2020-12-21 12:11:38","updated":"2025-10-07 23:05:07","focus_keyword":null,"additional_keywords":null,"truseo_locale":null},"aioseo_breadcrumb":"<div class=\"aioseo-breadcrumbs\"><span class=\"aioseo-breadcrumb\">\n\t<a href=\"https:\/\/www.eldigitaldeasturias.com\/noticias\" title=\"Home\">Home<\/a>\n<\/span><span class=\"aioseo-breadcrumb-separator\">\u2013<\/span><span class=\"aioseo-breadcrumb\">\n\t<a href=\"https:\/\/www.eldigitaldeasturias.com\/noticias\/category\/actualidad\/\" title=\"Actualidad\">Actualidad<\/a>\n<\/span><span class=\"aioseo-breadcrumb-separator\">\u2013<\/span><span class=\"aioseo-breadcrumb\">\n\t<a href=\"https:\/\/www.eldigitaldeasturias.com\/noticias\/lula-la-muerte-de-un-combatiente-no-para-la-revolucion\/\" title=\"Lula: \u00abLa muerte de un combatiente no para la revoluci\u00f3n\u00bb\">Lula: \u00abLa muerte de un combatiente no para la revoluci\u00f3n\u00bb<\/a>\n<\/span><\/div>","aioseo_breadcrumb_json":[{"label":"Home","link":"https:\/\/www.eldigitaldeasturias.com\/noticias"},{"label":"Actualidad","link":"https:\/\/www.eldigitaldeasturias.com\/noticias\/category\/actualidad\/"},{"label":"Lula: \u00abLa muerte de un combatiente no para la revoluci\u00f3n\u00bb","link":"https:\/\/www.eldigitaldeasturias.com\/noticias\/lula-la-muerte-de-un-combatiente-no-para-la-revolucion\/"}],"_links":{"self":[{"href":"https:\/\/www.eldigitaldeasturias.com\/noticias\/wp-json\/wp\/v2\/posts\/975196","targetHints":{"allow":["GET"]}}],"collection":[{"href":"https:\/\/www.eldigitaldeasturias.com\/noticias\/wp-json\/wp\/v2\/posts"}],"about":[{"href":"https:\/\/www.eldigitaldeasturias.com\/noticias\/wp-json\/wp\/v2\/types\/post"}],"author":[{"embeddable":true,"href":"https:\/\/www.eldigitaldeasturias.com\/noticias\/wp-json\/wp\/v2\/users\/1"}],"replies":[{"embeddable":true,"href":"https:\/\/www.eldigitaldeasturias.com\/noticias\/wp-json\/wp\/v2\/comments?post=975196"}],"version-history":[{"count":0,"href":"https:\/\/www.eldigitaldeasturias.com\/noticias\/wp-json\/wp\/v2\/posts\/975196\/revisions"}],"wp:attachment":[{"href":"https:\/\/www.eldigitaldeasturias.com\/noticias\/wp-json\/wp\/v2\/media?parent=975196"}],"wp:term":[{"taxonomy":"category","embeddable":true,"href":"https:\/\/www.eldigitaldeasturias.com\/noticias\/wp-json\/wp\/v2\/categories?post=975196"},{"taxonomy":"post_tag","embeddable":true,"href":"https:\/\/www.eldigitaldeasturias.com\/noticias\/wp-json\/wp\/v2\/tags?post=975196"}],"curies":[{"name":"wp","href":"https:\/\/api.w.org\/{rel}","templated":true}]}}