{"id":975185,"date":"2018-04-07T21:23:05","date_gmt":"2018-04-07T21:23:05","guid":{"rendered":"http:\/\/www.eldigitaldeasturias.com\/noticias\/?p=975185"},"modified":"2018-04-07T21:23:05","modified_gmt":"2018-04-07T21:23:05","slug":"el-bogotazo-cumple-70-anos-sin-que-cese-la-violencia-en-colombia","status":"publish","type":"post","link":"https:\/\/www.eldigitaldeasturias.com\/noticias\/el-bogotazo-cumple-70-anos-sin-que-cese-la-violencia-en-colombia\/","title":{"rendered":"El \u00abBogotazo\u00bb cumple 70 a\u00f1os sin que cese la violencia en Colombia"},"content":{"rendered":"<p><img loading=\"lazy\" decoding=\"async\" class=\"alignleft size-medium wp-image-971593\" src=\"https:\/\/www.eldigitaldeasturias.com\/noticias\/wp-content\/uploads\/2018\/03\/bogota-2453628_1280-360x240.jpg\" alt=\"\" width=\"360\" height=\"240\" \/>Bogot\u00e1, 7 abr (dpa) &#8211; Los colombianos conmemorar\u00e1n el lunes los 70 a\u00f1os del \u00abBogotazo\u00bb, la revuelta popular que dej\u00f3 semidestruida a Bogot\u00e1 por el asesinato del l\u00edder pol\u00edtico Jorge Eli\u00e9cer Gait\u00e1n, un hecho que parti\u00f3 en dos la historia del pa\u00eds.<\/p>\n<p>El crimen m\u00e1s impactante del siglo pasado en Colombia se enmarc\u00f3 en la violencia que protagonizaron los partidos Liberal y Conservador, y es visto por historiadores como algo estrechamente relacionado con el origen del conflicto armado que a\u00fan se resiste a desaparecer, si bien en 2016 se firm\u00f3 la paz con las Fuerzas Armadas Revolucionarias de Colombia (FARC).<\/p>\n<p>Aunque las ra\u00edces del conflicto han sido buscadas en la pobreza y la exclusi\u00f3n pol\u00edtica, lo ocurrido el 9 de abril de 1948 en el centro de Bogot\u00e1 explica en buena parte la historia que desde entonces se ha escrito sobre Colombia.<\/p>\n<p>Gait\u00e1n, que ten\u00eda 45 a\u00f1os, muri\u00f3 por cuatro balazos que le propin\u00f3 un hombre que apenas sobrevivi\u00f3 unos minutos despu\u00e9s de disparar contra el personaje m\u00e1s popular de ese entonces, a quien se consideraba como el m\u00e1s probable ganador de las elecciones presidenciales de 1950 por el Partido Liberal.<\/p>\n<p>Siete d\u00e9cadas despu\u00e9s del crimen, no hay una verdad \u00fanica sobre las motivaciones que tuvo Juan Roa para disparar su Smith &amp; Wesson calibre 32 en contra de alguien que era seguido con fervor por las clases populares y visto con desconfianza por los m\u00e1s pudientes.<\/p>\n<p>Segundos despu\u00e9s del estruendo de esos cuatro disparos, los gritos proliferaron en Bogot\u00e1. \u00ab\u00a1Mataron a Gait\u00e1n!, \u00a1mataron a Gait\u00e1n!\u00bb. El asesino intent\u00f3 escapar pero no tard\u00f3 en ser atrapado por simpatizantes del \u00abgaitanismo\u00bb.<\/p>\n<p>El linchamiento priv\u00f3 al pa\u00eds de escuchar una versi\u00f3n del asesino sobre los m\u00f3viles que tuvo para cometer el crimen.<\/p>\n<p>Pero para los seguidores de Gait\u00e1n poco importaba escuchar un testimonio en un juicio. Ellos concluyeron que fue un crimen de Estado y dirigieron su furia contra el Gobierno de entonces, en cabeza del conservador Mariano Ospina P\u00e9rez (1946-1950).<\/p>\n<p>Sin un l\u00edder que guiara a las bases \u00abgaitanistas\u00bb, una horda humana se dedic\u00f3 durante horas a prender fuego a lo que tuviera al frente. El cielo bogotano se ti\u00f1\u00f3 de negro por centenares de incendios que solo la lluvia apag\u00f3. Seg\u00fan la Cruz Roja, 600 personas murieron y m\u00e1s de 1.000 quedaron heridas.<\/p>\n<p>Los polic\u00edas, muchos de ellos \u00abgaitanistas\u00bb, se unieron a la revuelta y entregaron armas a la poblaci\u00f3n, pero el movimiento fracas\u00f3 por la falta de liderazgo. Muchos de los \u00abrevolucionarios\u00bb terminaron borrachos tras saquear los negocios de venta de licor.<\/p>\n<p>Bogot\u00e1 estaba muy vigilada por esos d\u00edas, pues era sede de una conferencia que se convirti\u00f3 en el acta de nacimiento de la Organizaci\u00f3n de Estados Americanos (OEA).<\/p>\n<p>Tambi\u00e9n se realizaba un congreso de estudiantes que contaba con la participaci\u00f3n de un universitario cubano que el 7 de abril hab\u00eda quedado cautivado con Gait\u00e1n durante un encuentro y que empu\u00f1\u00f3 las armas para unirse a la revuelta. Se llamaba Fidel Castro.<\/p>\n<p>El posterior l\u00edder de la revoluci\u00f3n cubana relat\u00f3 al escritor Carlos Franqui en su libro \u00abMemorias de Franqui\u00bb que entr\u00f3 a un cuartel policial y tom\u00f3 una escopeta de gases lacrim\u00f3genos, que cambi\u00f3 despu\u00e9s por un fusil con 16 balas.<\/p>\n<p>La presencia de Castro y de estudiantes de izquierda teji\u00f3 conjeturas sobre la participaci\u00f3n del \u00abcomunismo internacional\u00bb en el magnicidio. Algunos atribuyeron el crimen al Gobierno conservador y no pocos a organismos de inteligencia de Estados Unidos, que pod\u00edan ver a Gait\u00e1n como un \u00abpeligro\u00bb en la regi\u00f3n por sus ideas antiimperialistas.<\/p>\n<p>El entonces candidato presidencial logr\u00f3 formar su movimiento \u00abgaitanista\u00bb con las bases populares del Partido Liberal, aunque tambi\u00e9n consigui\u00f3 el respaldo de sectores del Partido Conservador que comulgaban con unas ideas que pueden tener m\u00faltiples interpretaciones.<\/p>\n<p>Algunos analistas dicen que Gait\u00e1n hac\u00eda un sincretismo con el fascismo y el socialismo. Otros opinan que simplemente era un populista y hay quienes lo ven como un miembro \u00abresentido\u00bb de los estratos sociales bajos que busc\u00f3 el poder con un encendido discurso.<\/p>\n<p>El crimen de Gait\u00e1n es considerado como el golpe m\u00e1s osado de la guerra que protagonizaban sectores de los partidos Liberal y Conservador, que tiempo despu\u00e9s hicieron un pacto para frenar esa violencia mediante un mecanismo para alternarse el poder.<\/p>\n<p>El llamado Frente Nacional funcion\u00f3 en cuatro periodos presidenciales (1958\/1962 &#8211; 1962\/1966 &#8211; 1966\/1970 &#8211; 1970\/1974) y consisti\u00f3 en inscribir en cada elecci\u00f3n un candidato con el respaldo de los sectores oficiales de ambos partidos.<\/p>\n<p>El cuestionado pacto apacigu\u00f3 el enfrentamiento entre los partidos tradicionales, pero gener\u00f3 una situaci\u00f3n de exclusi\u00f3n pol\u00edtica que se convirti\u00f3 en los a\u00f1os 60 y 70 en el origen del surgimiento de varios grupos guerrilleros.<\/p>\n<p><i class=\"lang-es\"><span class=\" readonly\" title=\"\">Por Rodrigo Ruiz Tovar (dpa)<\/span><\/i><\/p>\n","protected":false},"excerpt":{"rendered":"<p>Bogot\u00e1, 7 abr (dpa) &#8211; Los colombianos conmemorar\u00e1n el lunes los 70 a\u00f1os del \u00abBogotazo\u00bb, la revuelta popular que dej\u00f3 semidestruida a Bogot\u00e1 por el asesinato del l\u00edder pol\u00edtico Jorge Eli\u00e9cer Gait\u00e1n, un hecho que parti\u00f3 en dos la historia del pa\u00eds. El crimen m\u00e1s impactante del siglo pasado en Colombia se enmarc\u00f3 en la [&hellip;]<\/p>\n","protected":false},"author":1,"featured_media":971593,"comment_status":"closed","ping_status":"closed","sticky":false,"template":"","format":"standard","meta":{"footnotes":""},"categories":[1],"tags":[],"class_list":["post-975185","post","type-post","status-publish","format-standard","has-post-thumbnail","hentry","category-actualidad"],"aioseo_notices":[],"aioseo_head":"\n\t\t<!-- All in One SEO Pro 5.0.1 - aioseo.com -->\n\t<meta name=\"description\" content=\"Bogot\u00e1, 7 abr (dpa) - Los colombianos conmemorar\u00e1n el lunes los 70 a\u00f1os del &quot;Bogotazo&quot;, la revuelta popular que dej\u00f3 semidestruida a Bogot\u00e1 por el asesinato del l\u00edder pol\u00edtico Jorge Eli\u00e9cer Gait\u00e1n, un hecho que parti\u00f3 en dos la historia del pa\u00eds. El crimen m\u00e1s impactante del siglo pasado en Colombia se enmarc\u00f3 en la\" \/>\n\t<meta name=\"robots\" content=\"max-image-preview:large\" \/>\n\t<meta name=\"author\" content=\"El Digital de Asturias\"\/>\n\t<meta name=\"google-site-verification\" content=\"UA-38556648-1\" \/>\n\t<meta name=\"msvalidate.01\" content=\"7dfe9f3f1b24437ab69f4f2559babe99\" \/>\n\t<meta name=\"keywords\" content=\"actualidad\" \/>\n\t<link rel=\"canonical\" href=\"https:\/\/www.eldigitaldeasturias.com\/noticias\/el-bogotazo-cumple-70-anos-sin-que-cese-la-violencia-en-colombia\/\" \/>\n\t<meta name=\"generator\" content=\"All in One SEO Pro (AIOSEO) 5.0.1\" \/>\n\t\t<meta property=\"og:locale\" content=\"es_ES\" \/>\n\t\t<meta property=\"og:site_name\" content=\"El Digital de Asturias\" \/>\n\t\t<meta property=\"og:type\" content=\"article\" \/>\n\t\t<meta property=\"og:title\" content=\"El \u00abBogotazo\u00bb cumple 70 a\u00f1os sin que cese la violencia en Colombia - El Digital de Asturias\" \/>\n\t\t<meta property=\"og:description\" content=\"Bogot\u00e1, 7 abr (dpa) - Los colombianos conmemorar\u00e1n el lunes los 70 a\u00f1os del &quot;Bogotazo&quot;, la revuelta popular que dej\u00f3 semidestruida a Bogot\u00e1 por el asesinato del l\u00edder pol\u00edtico Jorge Eli\u00e9cer Gait\u00e1n, un hecho que parti\u00f3 en dos la historia del pa\u00eds. El crimen m\u00e1s impactante del siglo pasado en Colombia se enmarc\u00f3 en la\" \/>\n\t\t<meta property=\"og:url\" content=\"https:\/\/www.eldigitaldeasturias.com\/noticias\/el-bogotazo-cumple-70-anos-sin-que-cese-la-violencia-en-colombia\/\" \/>\n\t\t<meta property=\"article:tag\" content=\"actualidad\" \/>\n\t\t<meta property=\"article:published_time\" content=\"2018-04-07T21:23:05+00:00\" \/>\n\t\t<meta property=\"article:modified_time\" content=\"2018-04-07T21:23:05+00:00\" \/>\n\t\t<meta property=\"article:publisher\" content=\"https:\/\/facebook.com\/eldigitaldeasturias\" \/>\n\t\t<meta name=\"twitter:card\" content=\"summary_large_image\" \/>\n\t\t<meta name=\"twitter:title\" content=\"El \u00abBogotazo\u00bb cumple 70 a\u00f1os sin que cese la violencia en Colombia - El Digital de Asturias\" \/>\n\t\t<meta name=\"twitter:description\" content=\"Bogot\u00e1, 7 abr (dpa) - Los colombianos conmemorar\u00e1n el lunes los 70 a\u00f1os del &quot;Bogotazo&quot;, la revuelta popular que dej\u00f3 semidestruida a Bogot\u00e1 por el asesinato del l\u00edder pol\u00edtico Jorge Eli\u00e9cer Gait\u00e1n, un hecho que parti\u00f3 en dos la historia del pa\u00eds. El crimen m\u00e1s impactante del siglo pasado en Colombia se enmarc\u00f3 en la\" \/>\n\t\t<meta name=\"twitter:image\" content=\"https:\/\/www.eldigitaldeasturias.com\/noticias\/wp-content\/uploads\/2020\/12\/EDA-1.jpg\" \/>\n\t\t<meta name=\"twitter:label1\" content=\"Escrito por\" \/>\n\t\t<meta name=\"twitter:data1\" content=\"El Digital de Asturias\" \/>\n\t\t<meta name=\"twitter:label2\" content=\"Tiempo de lectura estimado\" \/>\n\t\t<meta name=\"twitter:data2\" content=\"4 minutos\" \/>\n\t\t<script type=\"application\/ld+json\" class=\"aioseo-schema\">\n\t\t\t{\"@context\":\"https:\\\/\\\/schema.org\",\"@graph\":[{\"@type\":\"BlogPosting\",\"@id\":\"https:\\\/\\\/www.eldigitaldeasturias.com\\\/noticias\\\/el-bogotazo-cumple-70-anos-sin-que-cese-la-violencia-en-colombia\\\/#blogposting\",\"name\":\"El \\u00abBogotazo\\u00bb cumple 70 a\\u00f1os sin que cese la violencia en Colombia - El Digital de Asturias\",\"headline\":\"El \\u00abBogotazo\\u00bb cumple 70 a\\u00f1os sin que cese la violencia en Colombia\",\"author\":{\"@id\":\"https:\\\/\\\/www.eldigitaldeasturias.com\\\/noticias\\\/author\\\/admin\\\/#author\"},\"publisher\":{\"@id\":\"https:\\\/\\\/www.eldigitaldeasturias.com\\\/noticias\\\/#organization\"},\"image\":{\"@type\":\"ImageObject\",\"url\":971593},\"datePublished\":\"2018-04-07T21:23:05+02:00\",\"dateModified\":\"2018-04-07T21:23:05+02:00\",\"inLanguage\":\"es-ES\",\"mainEntityOfPage\":{\"@id\":\"https:\\\/\\\/www.eldigitaldeasturias.com\\\/noticias\\\/el-bogotazo-cumple-70-anos-sin-que-cese-la-violencia-en-colombia\\\/#webpage\"},\"isPartOf\":{\"@id\":\"https:\\\/\\\/www.eldigitaldeasturias.com\\\/noticias\\\/el-bogotazo-cumple-70-anos-sin-que-cese-la-violencia-en-colombia\\\/#webpage\"},\"articleSection\":\"Actualidad\"},{\"@type\":\"BreadcrumbList\",\"@id\":\"https:\\\/\\\/www.eldigitaldeasturias.com\\\/noticias\\\/el-bogotazo-cumple-70-anos-sin-que-cese-la-violencia-en-colombia\\\/#breadcrumblist\",\"itemListElement\":[{\"@type\":\"ListItem\",\"@id\":\"https:\\\/\\\/www.eldigitaldeasturias.com\\\/noticias#listItem\",\"position\":1,\"name\":\"Home\",\"item\":\"https:\\\/\\\/www.eldigitaldeasturias.com\\\/noticias\",\"nextItem\":{\"@type\":\"ListItem\",\"@id\":\"https:\\\/\\\/www.eldigitaldeasturias.com\\\/noticias\\\/category\\\/actualidad\\\/#listItem\",\"name\":\"Actualidad\"}},{\"@type\":\"ListItem\",\"@id\":\"https:\\\/\\\/www.eldigitaldeasturias.com\\\/noticias\\\/category\\\/actualidad\\\/#listItem\",\"position\":2,\"name\":\"Actualidad\",\"item\":\"https:\\\/\\\/www.eldigitaldeasturias.com\\\/noticias\\\/category\\\/actualidad\\\/\",\"nextItem\":{\"@type\":\"ListItem\",\"@id\":\"https:\\\/\\\/www.eldigitaldeasturias.com\\\/noticias\\\/el-bogotazo-cumple-70-anos-sin-que-cese-la-violencia-en-colombia\\\/#listItem\",\"name\":\"El \\u00abBogotazo\\u00bb cumple 70 a\\u00f1os sin que cese la violencia en Colombia\"},\"previousItem\":{\"@type\":\"ListItem\",\"@id\":\"https:\\\/\\\/www.eldigitaldeasturias.com\\\/noticias#listItem\",\"name\":\"Home\"}},{\"@type\":\"ListItem\",\"@id\":\"https:\\\/\\\/www.eldigitaldeasturias.com\\\/noticias\\\/el-bogotazo-cumple-70-anos-sin-que-cese-la-violencia-en-colombia\\\/#listItem\",\"position\":3,\"name\":\"El \\u00abBogotazo\\u00bb cumple 70 a\\u00f1os sin que cese la violencia en Colombia\",\"previousItem\":{\"@type\":\"ListItem\",\"@id\":\"https:\\\/\\\/www.eldigitaldeasturias.com\\\/noticias\\\/category\\\/actualidad\\\/#listItem\",\"name\":\"Actualidad\"}}]},{\"@type\":\"Organization\",\"@id\":\"https:\\\/\\\/www.eldigitaldeasturias.com\\\/noticias\\\/#organization\",\"name\":\"El Digital de Asturias\",\"description\":\"Hemeroteca\",\"url\":\"https:\\\/\\\/www.eldigitaldeasturias.com\\\/noticias\\\/\",\"email\":\"info@eldigitaldeasturias.com\",\"telephone\":\"+34652131393\",\"logo\":{\"@type\":\"ImageObject\",\"url\":\"https:\\\/\\\/www.eldigitaldeasturias.com\\\/noticias\\\/wp-content\\\/uploads\\\/2020\\\/12\\\/EDA.jpg\",\"@id\":\"https:\\\/\\\/www.eldigitaldeasturias.com\\\/noticias\\\/el-bogotazo-cumple-70-anos-sin-que-cese-la-violencia-en-colombia\\\/#organizationLogo\"},\"image\":{\"@id\":\"https:\\\/\\\/www.eldigitaldeasturias.com\\\/noticias\\\/el-bogotazo-cumple-70-anos-sin-que-cese-la-violencia-en-colombia\\\/#organizationLogo\"},\"sameAs\":[\"https:\\\/\\\/facebook.com\\\/eldigitaldeasturias\",\"https:\\\/\\\/www.youtube.com\\\/channel\\\/UCZP-2wLEB9Rv6erhFmqVnvg\"],\"address\":{\"@id\":\"https:\\\/\\\/www.eldigitaldeasturias.com\\\/noticias\\\/#postaladdress\",\"@type\":\"PostalAddress\",\"streetAddress\":\"san antonio 4\",\"postalCode\":\"33430\",\"addressLocality\":\"Cand\\u00e1s\",\"addressRegion\":\"Asturias\",\"addressCountry\":\"ES\"}},{\"@type\":\"Person\",\"@id\":\"https:\\\/\\\/www.eldigitaldeasturias.com\\\/noticias\\\/author\\\/admin\\\/#author\",\"url\":\"https:\\\/\\\/www.eldigitaldeasturias.com\\\/noticias\\\/author\\\/admin\\\/\",\"name\":\"El Digital de Asturias\",\"image\":{\"@type\":\"ImageObject\",\"@id\":\"https:\\\/\\\/www.eldigitaldeasturias.com\\\/noticias\\\/el-bogotazo-cumple-70-anos-sin-que-cese-la-violencia-en-colombia\\\/#authorImage\",\"url\":\"https:\\\/\\\/secure.gravatar.com\\\/avatar\\\/df2aeffc32bcd13f8d26072ef8a91b623d677766deac7f97ca815868cd41bf5e?s=96&d=mm&r=g\",\"width\":96,\"height\":96,\"caption\":\"El Digital de Asturias\"}},{\"@type\":\"WebPage\",\"@id\":\"https:\\\/\\\/www.eldigitaldeasturias.com\\\/noticias\\\/el-bogotazo-cumple-70-anos-sin-que-cese-la-violencia-en-colombia\\\/#webpage\",\"url\":\"https:\\\/\\\/www.eldigitaldeasturias.com\\\/noticias\\\/el-bogotazo-cumple-70-anos-sin-que-cese-la-violencia-en-colombia\\\/\",\"name\":\"El \\u00abBogotazo\\u00bb cumple 70 a\\u00f1os sin que cese la violencia en Colombia - El Digital de Asturias\",\"description\":\"Bogot\\u00e1, 7 abr (dpa) - Los colombianos conmemorar\\u00e1n el lunes los 70 a\\u00f1os del \\\"Bogotazo\\\", la revuelta popular que dej\\u00f3 semidestruida a Bogot\\u00e1 por el asesinato del l\\u00edder pol\\u00edtico Jorge Eli\\u00e9cer Gait\\u00e1n, un hecho que parti\\u00f3 en dos la historia del pa\\u00eds. El crimen m\\u00e1s impactante del siglo pasado en Colombia se enmarc\\u00f3 en la\",\"inLanguage\":\"es-ES\",\"isPartOf\":{\"@id\":\"https:\\\/\\\/www.eldigitaldeasturias.com\\\/noticias\\\/#website\"},\"breadcrumb\":{\"@id\":\"https:\\\/\\\/www.eldigitaldeasturias.com\\\/noticias\\\/el-bogotazo-cumple-70-anos-sin-que-cese-la-violencia-en-colombia\\\/#breadcrumblist\"},\"author\":{\"@id\":\"https:\\\/\\\/www.eldigitaldeasturias.com\\\/noticias\\\/author\\\/admin\\\/#author\"},\"creator\":{\"@id\":\"https:\\\/\\\/www.eldigitaldeasturias.com\\\/noticias\\\/author\\\/admin\\\/#author\"},\"image\":{\"@type\":\"ImageObject\",\"url\":971593,\"@id\":\"https:\\\/\\\/www.eldigitaldeasturias.com\\\/noticias\\\/el-bogotazo-cumple-70-anos-sin-que-cese-la-violencia-en-colombia\\\/#mainImage\"},\"primaryImageOfPage\":{\"@id\":\"https:\\\/\\\/www.eldigitaldeasturias.com\\\/noticias\\\/el-bogotazo-cumple-70-anos-sin-que-cese-la-violencia-en-colombia\\\/#mainImage\"},\"datePublished\":\"2018-04-07T21:23:05+02:00\",\"dateModified\":\"2018-04-07T21:23:05+02:00\"},{\"@type\":\"WebSite\",\"@id\":\"https:\\\/\\\/www.eldigitaldeasturias.com\\\/noticias\\\/#website\",\"url\":\"https:\\\/\\\/www.eldigitaldeasturias.com\\\/noticias\\\/\",\"name\":\"El Digital de Asturias - Diario de actualidad y noticias\",\"alternateName\":\"El Digital de Asturias - Diario de actualidad y noticias\",\"description\":\"Hemeroteca\",\"inLanguage\":\"es-ES\",\"publisher\":{\"@id\":\"https:\\\/\\\/www.eldigitaldeasturias.com\\\/noticias\\\/#organization\"}}]}\n\t\t<\/script>\n\t\t<!-- All in One SEO Pro -->\r\n\t\t<title>El \u00abBogotazo\u00bb cumple 70 a\u00f1os sin que cese la violencia en Colombia - El Digital de Asturias<\/title>\n\n","aioseo_head_json":{"title":"El \u00abBogotazo\u00bb cumple 70 a\u00f1os sin que cese la violencia en Colombia - El Digital de Asturias","description":"Bogot\u00e1, 7 abr (dpa) - Los colombianos conmemorar\u00e1n el lunes los 70 a\u00f1os del \"Bogotazo\", la revuelta popular que dej\u00f3 semidestruida a Bogot\u00e1 por el asesinato del l\u00edder pol\u00edtico Jorge Eli\u00e9cer Gait\u00e1n, un hecho que parti\u00f3 en dos la historia del pa\u00eds. El crimen m\u00e1s impactante del siglo pasado en Colombia se enmarc\u00f3 en la","canonical_url":"https:\/\/www.eldigitaldeasturias.com\/noticias\/el-bogotazo-cumple-70-anos-sin-que-cese-la-violencia-en-colombia\/","robots":"max-image-preview:large","keywords":"actualidad","webmasterTools":{"google-site-verification":"UA-38556648-1","msvalidate.01":"7dfe9f3f1b24437ab69f4f2559babe99","miscellaneous":""},"schema":{"@context":"https:\/\/schema.org","@graph":[{"@type":"BlogPosting","@id":"https:\/\/www.eldigitaldeasturias.com\/noticias\/el-bogotazo-cumple-70-anos-sin-que-cese-la-violencia-en-colombia\/#blogposting","name":"El \u00abBogotazo\u00bb cumple 70 a\u00f1os sin que cese la violencia en Colombia - El Digital de Asturias","headline":"El \u00abBogotazo\u00bb cumple 70 a\u00f1os sin que cese la violencia en Colombia","author":{"@id":"https:\/\/www.eldigitaldeasturias.com\/noticias\/author\/admin\/#author"},"publisher":{"@id":"https:\/\/www.eldigitaldeasturias.com\/noticias\/#organization"},"image":{"@type":"ImageObject","url":971593},"datePublished":"2018-04-07T21:23:05+02:00","dateModified":"2018-04-07T21:23:05+02:00","inLanguage":"es-ES","mainEntityOfPage":{"@id":"https:\/\/www.eldigitaldeasturias.com\/noticias\/el-bogotazo-cumple-70-anos-sin-que-cese-la-violencia-en-colombia\/#webpage"},"isPartOf":{"@id":"https:\/\/www.eldigitaldeasturias.com\/noticias\/el-bogotazo-cumple-70-anos-sin-que-cese-la-violencia-en-colombia\/#webpage"},"articleSection":"Actualidad"},{"@type":"BreadcrumbList","@id":"https:\/\/www.eldigitaldeasturias.com\/noticias\/el-bogotazo-cumple-70-anos-sin-que-cese-la-violencia-en-colombia\/#breadcrumblist","itemListElement":[{"@type":"ListItem","@id":"https:\/\/www.eldigitaldeasturias.com\/noticias#listItem","position":1,"name":"Home","item":"https:\/\/www.eldigitaldeasturias.com\/noticias","nextItem":{"@type":"ListItem","@id":"https:\/\/www.eldigitaldeasturias.com\/noticias\/category\/actualidad\/#listItem","name":"Actualidad"}},{"@type":"ListItem","@id":"https:\/\/www.eldigitaldeasturias.com\/noticias\/category\/actualidad\/#listItem","position":2,"name":"Actualidad","item":"https:\/\/www.eldigitaldeasturias.com\/noticias\/category\/actualidad\/","nextItem":{"@type":"ListItem","@id":"https:\/\/www.eldigitaldeasturias.com\/noticias\/el-bogotazo-cumple-70-anos-sin-que-cese-la-violencia-en-colombia\/#listItem","name":"El \u00abBogotazo\u00bb cumple 70 a\u00f1os sin que cese la violencia en Colombia"},"previousItem":{"@type":"ListItem","@id":"https:\/\/www.eldigitaldeasturias.com\/noticias#listItem","name":"Home"}},{"@type":"ListItem","@id":"https:\/\/www.eldigitaldeasturias.com\/noticias\/el-bogotazo-cumple-70-anos-sin-que-cese-la-violencia-en-colombia\/#listItem","position":3,"name":"El \u00abBogotazo\u00bb cumple 70 a\u00f1os sin que cese la violencia en Colombia","previousItem":{"@type":"ListItem","@id":"https:\/\/www.eldigitaldeasturias.com\/noticias\/category\/actualidad\/#listItem","name":"Actualidad"}}]},{"@type":"Organization","@id":"https:\/\/www.eldigitaldeasturias.com\/noticias\/#organization","name":"El Digital de Asturias","description":"Hemeroteca","url":"https:\/\/www.eldigitaldeasturias.com\/noticias\/","email":"info@eldigitaldeasturias.com","telephone":"+34652131393","logo":{"@type":"ImageObject","url":"https:\/\/www.eldigitaldeasturias.com\/noticias\/wp-content\/uploads\/2020\/12\/EDA.jpg","@id":"https:\/\/www.eldigitaldeasturias.com\/noticias\/el-bogotazo-cumple-70-anos-sin-que-cese-la-violencia-en-colombia\/#organizationLogo"},"image":{"@id":"https:\/\/www.eldigitaldeasturias.com\/noticias\/el-bogotazo-cumple-70-anos-sin-que-cese-la-violencia-en-colombia\/#organizationLogo"},"sameAs":["https:\/\/facebook.com\/eldigitaldeasturias","https:\/\/www.youtube.com\/channel\/UCZP-2wLEB9Rv6erhFmqVnvg"],"address":{"@id":"https:\/\/www.eldigitaldeasturias.com\/noticias\/#postaladdress","@type":"PostalAddress","streetAddress":"san antonio 4","postalCode":"33430","addressLocality":"Cand\u00e1s","addressRegion":"Asturias","addressCountry":"ES"}},{"@type":"Person","@id":"https:\/\/www.eldigitaldeasturias.com\/noticias\/author\/admin\/#author","url":"https:\/\/www.eldigitaldeasturias.com\/noticias\/author\/admin\/","name":"El Digital de Asturias","image":{"@type":"ImageObject","@id":"https:\/\/www.eldigitaldeasturias.com\/noticias\/el-bogotazo-cumple-70-anos-sin-que-cese-la-violencia-en-colombia\/#authorImage","url":"https:\/\/secure.gravatar.com\/avatar\/df2aeffc32bcd13f8d26072ef8a91b623d677766deac7f97ca815868cd41bf5e?s=96&d=mm&r=g","width":96,"height":96,"caption":"El Digital de Asturias"}},{"@type":"WebPage","@id":"https:\/\/www.eldigitaldeasturias.com\/noticias\/el-bogotazo-cumple-70-anos-sin-que-cese-la-violencia-en-colombia\/#webpage","url":"https:\/\/www.eldigitaldeasturias.com\/noticias\/el-bogotazo-cumple-70-anos-sin-que-cese-la-violencia-en-colombia\/","name":"El \u00abBogotazo\u00bb cumple 70 a\u00f1os sin que cese la violencia en Colombia - El Digital de Asturias","description":"Bogot\u00e1, 7 abr (dpa) - Los colombianos conmemorar\u00e1n el lunes los 70 a\u00f1os del \"Bogotazo\", la revuelta popular que dej\u00f3 semidestruida a Bogot\u00e1 por el asesinato del l\u00edder pol\u00edtico Jorge Eli\u00e9cer Gait\u00e1n, un hecho que parti\u00f3 en dos la historia del pa\u00eds. El crimen m\u00e1s impactante del siglo pasado en Colombia se enmarc\u00f3 en la","inLanguage":"es-ES","isPartOf":{"@id":"https:\/\/www.eldigitaldeasturias.com\/noticias\/#website"},"breadcrumb":{"@id":"https:\/\/www.eldigitaldeasturias.com\/noticias\/el-bogotazo-cumple-70-anos-sin-que-cese-la-violencia-en-colombia\/#breadcrumblist"},"author":{"@id":"https:\/\/www.eldigitaldeasturias.com\/noticias\/author\/admin\/#author"},"creator":{"@id":"https:\/\/www.eldigitaldeasturias.com\/noticias\/author\/admin\/#author"},"image":{"@type":"ImageObject","url":971593,"@id":"https:\/\/www.eldigitaldeasturias.com\/noticias\/el-bogotazo-cumple-70-anos-sin-que-cese-la-violencia-en-colombia\/#mainImage"},"primaryImageOfPage":{"@id":"https:\/\/www.eldigitaldeasturias.com\/noticias\/el-bogotazo-cumple-70-anos-sin-que-cese-la-violencia-en-colombia\/#mainImage"},"datePublished":"2018-04-07T21:23:05+02:00","dateModified":"2018-04-07T21:23:05+02:00"},{"@type":"WebSite","@id":"https:\/\/www.eldigitaldeasturias.com\/noticias\/#website","url":"https:\/\/www.eldigitaldeasturias.com\/noticias\/","name":"El Digital de Asturias - Diario de actualidad y noticias","alternateName":"El Digital de Asturias - Diario de actualidad y noticias","description":"Hemeroteca","inLanguage":"es-ES","publisher":{"@id":"https:\/\/www.eldigitaldeasturias.com\/noticias\/#organization"}}]},"og:locale":"es_ES","og:site_name":"El Digital de Asturias","og:type":"article","og:title":"El \u00abBogotazo\u00bb cumple 70 a\u00f1os sin que cese la violencia en Colombia - El Digital de Asturias","og:description":"Bogot\u00e1, 7 abr (dpa) - Los colombianos conmemorar\u00e1n el lunes los 70 a\u00f1os del &quot;Bogotazo&quot;, la revuelta popular que dej\u00f3 semidestruida a Bogot\u00e1 por el asesinato del l\u00edder pol\u00edtico Jorge Eli\u00e9cer Gait\u00e1n, un hecho que parti\u00f3 en dos la historia del pa\u00eds. El crimen m\u00e1s impactante del siglo pasado en Colombia se enmarc\u00f3 en la","og:url":"https:\/\/www.eldigitaldeasturias.com\/noticias\/el-bogotazo-cumple-70-anos-sin-que-cese-la-violencia-en-colombia\/","article:tag":["actualidad"],"article:published_time":"2018-04-07T21:23:05+00:00","article:modified_time":"2018-04-07T21:23:05+00:00","article:publisher":"https:\/\/facebook.com\/eldigitaldeasturias","twitter:card":"summary_large_image","twitter:title":"El \u00abBogotazo\u00bb cumple 70 a\u00f1os sin que cese la violencia en Colombia - El Digital de Asturias","twitter:description":"Bogot\u00e1, 7 abr (dpa) - Los colombianos conmemorar\u00e1n el lunes los 70 a\u00f1os del &quot;Bogotazo&quot;, la revuelta popular que dej\u00f3 semidestruida a Bogot\u00e1 por el asesinato del l\u00edder pol\u00edtico Jorge Eli\u00e9cer Gait\u00e1n, un hecho que parti\u00f3 en dos la historia del pa\u00eds. El crimen m\u00e1s impactante del siglo pasado en Colombia se enmarc\u00f3 en la","twitter:image":"https:\/\/www.eldigitaldeasturias.com\/noticias\/wp-content\/uploads\/2020\/12\/EDA-1.jpg","twitter:label1":"Escrito por","twitter:data1":"El Digital de Asturias","twitter:label2":"Tiempo de lectura estimado","twitter:data2":"4 minutos"},"aioseo_meta_data":{"post_id":"975185","title":null,"description":null,"keywords":null,"keyphrases":null,"primary_term":null,"canonical_url":null,"og_title":null,"og_description":null,"og_object_type":"default","og_image_type":"default","og_image_url":null,"og_image_width":null,"og_image_height":null,"og_image_custom_url":null,"og_image_custom_fields":null,"og_video":null,"og_custom_url":null,"og_article_section":null,"og_article_tags":null,"twitter_use_og":false,"twitter_card":"default","twitter_image_type":"default","twitter_image_url":null,"twitter_image_custom_url":null,"twitter_image_custom_fields":null,"twitter_title":null,"twitter_description":null,"schema":{"blockGraphs":[],"customGraphs":[],"default":{"data":{"Article":[],"Course":[],"Dataset":[],"FAQPage":[],"Movie":[],"Person":[],"Product":[],"ProductReview":[],"Car":[],"Recipe":[],"Service":[],"SoftwareApplication":[],"WebPage":[]},"graphName":"","isEnabled":true},"graphs":[],"defaultGraph":"","defaultPostTypeGraph":""},"schema_type":null,"schema_type_options":null,"pillar_content":false,"robots_default":true,"robots_noindex":false,"robots_noarchive":false,"robots_nosnippet":false,"robots_nofollow":false,"robots_noimageindex":false,"robots_noodp":false,"robots_notranslate":false,"robots_max_snippet":null,"robots_max_videopreview":null,"robots_max_imagepreview":"large","priority":null,"frequency":null,"local_seo":null,"seo_analyzer_scan_date":"2025-10-07 23:01:15","breadcrumb_settings":null,"limit_modified_date":false,"open_ai":null,"ai":null,"created":"2020-12-21 12:11:38","updated":"2025-10-07 23:01:15","focus_keyword":null,"additional_keywords":null,"truseo_locale":null},"aioseo_breadcrumb":"<div class=\"aioseo-breadcrumbs\"><span class=\"aioseo-breadcrumb\">\n\t<a href=\"https:\/\/www.eldigitaldeasturias.com\/noticias\" title=\"Home\">Home<\/a>\n<\/span><span class=\"aioseo-breadcrumb-separator\">\u2013<\/span><span class=\"aioseo-breadcrumb\">\n\t<a href=\"https:\/\/www.eldigitaldeasturias.com\/noticias\/category\/actualidad\/\" title=\"Actualidad\">Actualidad<\/a>\n<\/span><span class=\"aioseo-breadcrumb-separator\">\u2013<\/span><span class=\"aioseo-breadcrumb\">\n\t<a href=\"https:\/\/www.eldigitaldeasturias.com\/noticias\/el-bogotazo-cumple-70-anos-sin-que-cese-la-violencia-en-colombia\/\" title=\"El \u00abBogotazo\u00bb cumple 70 a\u00f1os sin que cese la violencia en Colombia\">El \u00abBogotazo\u00bb cumple 70 a\u00f1os sin que cese la violencia en Colombia<\/a>\n<\/span><\/div>","aioseo_breadcrumb_json":[{"label":"Home","link":"https:\/\/www.eldigitaldeasturias.com\/noticias"},{"label":"Actualidad","link":"https:\/\/www.eldigitaldeasturias.com\/noticias\/category\/actualidad\/"},{"label":"El \u00abBogotazo\u00bb cumple 70 a\u00f1os sin que cese la violencia en Colombia","link":"https:\/\/www.eldigitaldeasturias.com\/noticias\/el-bogotazo-cumple-70-anos-sin-que-cese-la-violencia-en-colombia\/"}],"_links":{"self":[{"href":"https:\/\/www.eldigitaldeasturias.com\/noticias\/wp-json\/wp\/v2\/posts\/975185","targetHints":{"allow":["GET"]}}],"collection":[{"href":"https:\/\/www.eldigitaldeasturias.com\/noticias\/wp-json\/wp\/v2\/posts"}],"about":[{"href":"https:\/\/www.eldigitaldeasturias.com\/noticias\/wp-json\/wp\/v2\/types\/post"}],"author":[{"embeddable":true,"href":"https:\/\/www.eldigitaldeasturias.com\/noticias\/wp-json\/wp\/v2\/users\/1"}],"replies":[{"embeddable":true,"href":"https:\/\/www.eldigitaldeasturias.com\/noticias\/wp-json\/wp\/v2\/comments?post=975185"}],"version-history":[{"count":0,"href":"https:\/\/www.eldigitaldeasturias.com\/noticias\/wp-json\/wp\/v2\/posts\/975185\/revisions"}],"wp:attachment":[{"href":"https:\/\/www.eldigitaldeasturias.com\/noticias\/wp-json\/wp\/v2\/media?parent=975185"}],"wp:term":[{"taxonomy":"category","embeddable":true,"href":"https:\/\/www.eldigitaldeasturias.com\/noticias\/wp-json\/wp\/v2\/categories?post=975185"},{"taxonomy":"post_tag","embeddable":true,"href":"https:\/\/www.eldigitaldeasturias.com\/noticias\/wp-json\/wp\/v2\/tags?post=975185"}],"curies":[{"name":"wp","href":"https:\/\/api.w.org\/{rel}","templated":true}]}}