{"id":975151,"date":"2018-04-07T20:33:49","date_gmt":"2018-04-07T20:33:49","guid":{"rendered":"http:\/\/www.eldigitaldeasturias.com\/noticias\/?p=975151"},"modified":"2018-04-07T20:33:49","modified_gmt":"2018-04-07T20:33:49","slug":"la-ardua-seleccion-del-jurado-de-el-chapo","status":"publish","type":"post","link":"https:\/\/www.eldigitaldeasturias.com\/noticias\/la-ardua-seleccion-del-jurado-de-el-chapo\/","title":{"rendered":"La ardua selecci\u00f3n del jurado de \u00abEl Chapo\u00bb"},"content":{"rendered":"<p><img loading=\"lazy\" decoding=\"async\" class=\"alignleft size-medium wp-image-881768\" src=\"https:\/\/www.eldigitaldeasturias.com\/noticias\/wp-content\/uploads\/2016\/05\/Chapo-360x198.jpg\" alt=\"\" width=\"360\" height=\"198\" \/>Nueva York, 7 abr (dpa) &#8211; El principal cargo contra Joaqu\u00edn \u00abEl Chapo\u00bb Guzm\u00e1n en la corte federal del Distrito Este de Nueva York es el de manejo de organizaci\u00f3n criminal. Pero es suficiente con que sea declarado culpable en solo una del total de las 17 acusaciones que pesan sobre \u00e9l para que el ex jefe del c\u00e1rtel de Sinaloa tenga que pasar el resto de su vida en una c\u00e1rcel de Estados Unidos.<\/p>\n<p>A partir de septiembre, el destino del narcotraficante mexicano quedar\u00e1 en manos de las doce personas que integrar\u00e1n el jurado en esa corte situada en el barrio de Brooklyn. Comenzar\u00e1n a ser seleccionadas en agosto a trav\u00e9s de un cuestionario acordado esta semana por la fiscal\u00eda y el abogado defensor de \u00abEl Chapo\u00bb.<\/p>\n<p>Ese jurado, seg\u00fan decret\u00f3 en febrero el juez Brian Cogan, ser\u00e1 an\u00f3nimo y estar\u00e1 aislado y protegido por agentes armados ante la posibilidad, esgrimida por la fiscal\u00eda, de que el entorno de Guzm\u00e1n pueda actuar contra sus miembros.<\/p>\n<p>El letrado Eduardo Balarezo es, de las dos partes, la que se enfrenta a un mayor reto en la selecci\u00f3n de un jurado imparcial con su cliente por el alto perfil medi\u00e1tico que tiene. El nombre de Joaqu\u00edn Guzm\u00e1n Loera quiz\u00e1 no dice mucho en Estados Unidos, pero \u00bfqui\u00e9n no conoce a \u00abEl Chapo\u00bb?<\/p>\n<p>Al frente del c\u00e1rtel de Sinaloa, uno de los m\u00e1s violentos y sanguinarios en la historia de M\u00e9xico, lleg\u00f3 a estar considerado el narco m\u00e1s poderoso del mundo, por encima incluso de lo que fue en su d\u00eda el colombiano Pablo Escobar. Chicago lo declar\u00f3 enemigo p\u00fablico n\u00famero 1 como a Al Capone.<\/p>\n<p>Sus fugas de la c\u00e1rcel en M\u00e9xico, sobre todo la \u00faltima, en 2015, estuvieron en los titulares de todo el mundo. Hay una serie sobre \u00e9l que lleva su nombre. El actor estadounidense Sean Penn lo entrevist\u00f3 durante su huida para la revista \u00abRolling Stone\u00bb. Y la mexicana Kate del Castillo hizo un documental sobre sus encuentros con \u00e9l.<\/p>\n<p>La imagen del narco esposado y entre dos agentes en la pista del aeropuerto tras aterrizar en Nueva York la noche del 19 de enero de 2017 fue publicada por la prensa estadounidense la ma\u00f1ana en la que Donald Trump juraba como presidente en la escalinata del Capitolio.<\/p>\n<p>Desde entonces, \u00abEl Chapo\u00bb espera juicio en estricto r\u00e9gimen de aislamiento en una c\u00e1rcel de m\u00e1xima seguridad de Manhattan, a la que se llega directamente desde la corte atravesando el puente de Brooklyn.<\/p>\n<p>El universo de potenciales jurados se ha tenido que ampliar a un m\u00ednimo de 650, mucho m\u00e1s all\u00e1 de lo normal, porque se sabe que encontrar a los 12 miembros y a sus seis suplentes ser\u00e1 dif\u00edcil. Y para manejar esa cifra se ha creado el cuestionario escrito, algo que no se hace normalmente.<\/p>\n<p>Son 120 las preguntas acordadas por la fiscal\u00eda y el abogado de Guzm\u00e1n, que cada vez que acude a la corte del juez Cogan para una vista oral preparatoria del juicio a su cliente suele recordar ante los medios que ninguna de las acusaciones contra \u00e9l en este proceso es de delito de sangre u otro tipo de violencia.<\/p>\n<p>\u00ab\u00bfVe programas de televisi\u00f3n o lee libros sobre crimen, incluidos programas sobre tr\u00e1fico o c\u00e1rteles de droga, el sistema de justicia criminal o instituciones correcionales?\u00bb, inquiere una pregunta. \u00ab\u00bfHa le\u00eddo, visto o escuchado sobre el Cartel de Sinaloa?\u00bb.<\/p>\n<p>Junto a las cuestiones habituales en los procesos criminales, en este se han incluido otras que responden a la singularidad del caso. \u00ab\u00bfConoce usted a Jes\u00fas Malverde?\u00bb, dice una. Es el llamado \u00absanto de los narcos\u00bb. En una capilla en su honor en Sinaloa arranc\u00f3 en 2014 una manifestaci\u00f3n contra la extradici\u00f3n de \u00abEl Chapo\u00bb a Estados Unidos, despu\u00e9s de su arresto tras su primera fuga.<\/p>\n<p>En tiempos de Trump y sus ataques a M\u00e9xico, a los potenciales jurados se les preguntar\u00e1 tambi\u00e9n si tienen \u00abpuntos de vista personales\u00bb sobre los mexicanos, adem\u00e1s de si ellos o su familia han tenido alguna experiencia con las drogas que \u00abEl Chapo\u00bb est\u00e1 acusado de distribuir: coca\u00edna, hero\u00edna, metanfetamina y marihuana.<\/p>\n<p>La idea es que sirva para la primera criba. El 5 de septiembre se presentar\u00e1n solo 40 potenciales jurados en la corte de Cogan para hacer la selecci\u00f3n final y que el juicio en s\u00ed pueda arrancar diez d\u00edas despu\u00e9s, el 15 de ese mes.<\/p>\n<p>Ya solo la duraci\u00f3n del proceso puede resultar problem\u00e1tica para muchos: se extender\u00e1 un m\u00ednimo de tres meses con sesiones en la corte de lunes a jueves que ir\u00e1n desde las 10 de la ma\u00f1ana hasta las 5 de la tarde. \u00abHabr\u00e1 una pausa en el juicio para las fiestas jud\u00edas de Rosh Hashanah y Yom Kippur, as\u00ed como para el fin de semana de Acci\u00f3n de Gracias\u00bb, indican la fiscal\u00eda y la defensa a los posibles jurados, que en ese tiempo tendr\u00e1n que mantenerse al margen de toda cobertura period\u00edstica del proceso y no hacer b\u00fasquedas en Internet sobre \u00e9l.<\/p>\n<p>Su veredicto, en cada uno de los 17 cargos contra \u00abEl Chapo\u00bb, tendr\u00e1 que ser un\u00e1nime. La sola discrepancia de uno de los miembros al final del proceso de deliberaciones podr\u00eda acabar en un juicio nulo.<\/p>\n<p><i class=\"lang-es\"><span class=\" readonly\" title=\"\">Por Sara Barderas (dpa)<\/span><\/i><\/p>\n","protected":false},"excerpt":{"rendered":"<p>Nueva York, 7 abr (dpa) &#8211; El principal cargo contra Joaqu\u00edn \u00abEl Chapo\u00bb Guzm\u00e1n en la corte federal del Distrito Este de Nueva York es el de manejo de organizaci\u00f3n criminal. Pero es suficiente con que sea declarado culpable en solo una del total de las 17 acusaciones que pesan sobre \u00e9l para que el [&hellip;]<\/p>\n","protected":false},"author":1,"featured_media":881768,"comment_status":"closed","ping_status":"closed","sticky":false,"template":"","format":"standard","meta":{"footnotes":""},"categories":[1],"tags":[],"class_list":["post-975151","post","type-post","status-publish","format-standard","has-post-thumbnail","hentry","category-actualidad"],"aioseo_notices":[],"aioseo_head":"\n\t\t<!-- All in One SEO Pro 5.0.1 - aioseo.com -->\n\t<meta name=\"description\" content=\"Nueva York, 7 abr (dpa) - El principal cargo contra Joaqu\u00edn &quot;El Chapo&quot; Guzm\u00e1n en la corte federal del Distrito Este de Nueva York es el de manejo de organizaci\u00f3n criminal. Pero es suficiente con que sea declarado culpable en solo una del total de las 17 acusaciones que pesan sobre \u00e9l para que el\" \/>\n\t<meta name=\"robots\" content=\"max-image-preview:large\" \/>\n\t<meta name=\"author\" content=\"El Digital de Asturias\"\/>\n\t<meta name=\"google-site-verification\" content=\"UA-38556648-1\" \/>\n\t<meta name=\"msvalidate.01\" content=\"7dfe9f3f1b24437ab69f4f2559babe99\" \/>\n\t<meta name=\"keywords\" content=\"actualidad\" \/>\n\t<link rel=\"canonical\" href=\"https:\/\/www.eldigitaldeasturias.com\/noticias\/la-ardua-seleccion-del-jurado-de-el-chapo\/\" \/>\n\t<meta name=\"generator\" content=\"All in One SEO Pro (AIOSEO) 5.0.1\" \/>\n\t\t<meta property=\"og:locale\" content=\"es_ES\" \/>\n\t\t<meta property=\"og:site_name\" content=\"El Digital de Asturias\" \/>\n\t\t<meta property=\"og:type\" content=\"article\" \/>\n\t\t<meta property=\"og:title\" content=\"La ardua selecci\u00f3n del jurado de \u00abEl Chapo\u00bb - El Digital de Asturias\" \/>\n\t\t<meta property=\"og:description\" content=\"Nueva York, 7 abr (dpa) - El principal cargo contra Joaqu\u00edn &quot;El Chapo&quot; Guzm\u00e1n en la corte federal del Distrito Este de Nueva York es el de manejo de organizaci\u00f3n criminal. Pero es suficiente con que sea declarado culpable en solo una del total de las 17 acusaciones que pesan sobre \u00e9l para que el\" \/>\n\t\t<meta property=\"og:url\" content=\"https:\/\/www.eldigitaldeasturias.com\/noticias\/la-ardua-seleccion-del-jurado-de-el-chapo\/\" \/>\n\t\t<meta property=\"article:tag\" content=\"actualidad\" \/>\n\t\t<meta property=\"article:published_time\" content=\"2018-04-07T20:33:49+00:00\" \/>\n\t\t<meta property=\"article:modified_time\" content=\"2018-04-07T20:33:49+00:00\" \/>\n\t\t<meta property=\"article:publisher\" content=\"https:\/\/facebook.com\/eldigitaldeasturias\" \/>\n\t\t<meta name=\"twitter:card\" content=\"summary_large_image\" \/>\n\t\t<meta name=\"twitter:title\" content=\"La ardua selecci\u00f3n del jurado de \u00abEl Chapo\u00bb - El Digital de Asturias\" \/>\n\t\t<meta name=\"twitter:description\" content=\"Nueva York, 7 abr (dpa) - El principal cargo contra Joaqu\u00edn &quot;El Chapo&quot; Guzm\u00e1n en la corte federal del Distrito Este de Nueva York es el de manejo de organizaci\u00f3n criminal. Pero es suficiente con que sea declarado culpable en solo una del total de las 17 acusaciones que pesan sobre \u00e9l para que el\" \/>\n\t\t<meta name=\"twitter:image\" content=\"https:\/\/www.eldigitaldeasturias.com\/noticias\/wp-content\/uploads\/2020\/12\/EDA-1.jpg\" \/>\n\t\t<meta name=\"twitter:label1\" content=\"Escrito por\" \/>\n\t\t<meta name=\"twitter:data1\" content=\"El Digital de Asturias\" \/>\n\t\t<meta name=\"twitter:label2\" content=\"Tiempo de lectura estimado\" \/>\n\t\t<meta name=\"twitter:data2\" content=\"5 minutos\" \/>\n\t\t<script type=\"application\/ld+json\" class=\"aioseo-schema\">\n\t\t\t{\"@context\":\"https:\\\/\\\/schema.org\",\"@graph\":[{\"@type\":\"BlogPosting\",\"@id\":\"https:\\\/\\\/www.eldigitaldeasturias.com\\\/noticias\\\/la-ardua-seleccion-del-jurado-de-el-chapo\\\/#blogposting\",\"name\":\"La ardua selecci\\u00f3n del jurado de \\u00abEl Chapo\\u00bb - El Digital de Asturias\",\"headline\":\"La ardua selecci\\u00f3n del jurado de \\u00abEl Chapo\\u00bb\",\"author\":{\"@id\":\"https:\\\/\\\/www.eldigitaldeasturias.com\\\/noticias\\\/author\\\/admin\\\/#author\"},\"publisher\":{\"@id\":\"https:\\\/\\\/www.eldigitaldeasturias.com\\\/noticias\\\/#organization\"},\"image\":{\"@type\":\"ImageObject\",\"url\":881768},\"datePublished\":\"2018-04-07T20:33:49+02:00\",\"dateModified\":\"2018-04-07T20:33:49+02:00\",\"inLanguage\":\"es-ES\",\"mainEntityOfPage\":{\"@id\":\"https:\\\/\\\/www.eldigitaldeasturias.com\\\/noticias\\\/la-ardua-seleccion-del-jurado-de-el-chapo\\\/#webpage\"},\"isPartOf\":{\"@id\":\"https:\\\/\\\/www.eldigitaldeasturias.com\\\/noticias\\\/la-ardua-seleccion-del-jurado-de-el-chapo\\\/#webpage\"},\"articleSection\":\"Actualidad\"},{\"@type\":\"BreadcrumbList\",\"@id\":\"https:\\\/\\\/www.eldigitaldeasturias.com\\\/noticias\\\/la-ardua-seleccion-del-jurado-de-el-chapo\\\/#breadcrumblist\",\"itemListElement\":[{\"@type\":\"ListItem\",\"@id\":\"https:\\\/\\\/www.eldigitaldeasturias.com\\\/noticias#listItem\",\"position\":1,\"name\":\"Home\",\"item\":\"https:\\\/\\\/www.eldigitaldeasturias.com\\\/noticias\",\"nextItem\":{\"@type\":\"ListItem\",\"@id\":\"https:\\\/\\\/www.eldigitaldeasturias.com\\\/noticias\\\/category\\\/actualidad\\\/#listItem\",\"name\":\"Actualidad\"}},{\"@type\":\"ListItem\",\"@id\":\"https:\\\/\\\/www.eldigitaldeasturias.com\\\/noticias\\\/category\\\/actualidad\\\/#listItem\",\"position\":2,\"name\":\"Actualidad\",\"item\":\"https:\\\/\\\/www.eldigitaldeasturias.com\\\/noticias\\\/category\\\/actualidad\\\/\",\"nextItem\":{\"@type\":\"ListItem\",\"@id\":\"https:\\\/\\\/www.eldigitaldeasturias.com\\\/noticias\\\/la-ardua-seleccion-del-jurado-de-el-chapo\\\/#listItem\",\"name\":\"La ardua selecci\\u00f3n del jurado de \\u00abEl Chapo\\u00bb\"},\"previousItem\":{\"@type\":\"ListItem\",\"@id\":\"https:\\\/\\\/www.eldigitaldeasturias.com\\\/noticias#listItem\",\"name\":\"Home\"}},{\"@type\":\"ListItem\",\"@id\":\"https:\\\/\\\/www.eldigitaldeasturias.com\\\/noticias\\\/la-ardua-seleccion-del-jurado-de-el-chapo\\\/#listItem\",\"position\":3,\"name\":\"La ardua selecci\\u00f3n del jurado de \\u00abEl Chapo\\u00bb\",\"previousItem\":{\"@type\":\"ListItem\",\"@id\":\"https:\\\/\\\/www.eldigitaldeasturias.com\\\/noticias\\\/category\\\/actualidad\\\/#listItem\",\"name\":\"Actualidad\"}}]},{\"@type\":\"Organization\",\"@id\":\"https:\\\/\\\/www.eldigitaldeasturias.com\\\/noticias\\\/#organization\",\"name\":\"El Digital de Asturias\",\"description\":\"Hemeroteca\",\"url\":\"https:\\\/\\\/www.eldigitaldeasturias.com\\\/noticias\\\/\",\"email\":\"info@eldigitaldeasturias.com\",\"telephone\":\"+34652131393\",\"logo\":{\"@type\":\"ImageObject\",\"url\":\"https:\\\/\\\/www.eldigitaldeasturias.com\\\/noticias\\\/wp-content\\\/uploads\\\/2020\\\/12\\\/EDA.jpg\",\"@id\":\"https:\\\/\\\/www.eldigitaldeasturias.com\\\/noticias\\\/la-ardua-seleccion-del-jurado-de-el-chapo\\\/#organizationLogo\"},\"image\":{\"@id\":\"https:\\\/\\\/www.eldigitaldeasturias.com\\\/noticias\\\/la-ardua-seleccion-del-jurado-de-el-chapo\\\/#organizationLogo\"},\"sameAs\":[\"https:\\\/\\\/facebook.com\\\/eldigitaldeasturias\",\"https:\\\/\\\/www.youtube.com\\\/channel\\\/UCZP-2wLEB9Rv6erhFmqVnvg\"],\"address\":{\"@id\":\"https:\\\/\\\/www.eldigitaldeasturias.com\\\/noticias\\\/#postaladdress\",\"@type\":\"PostalAddress\",\"streetAddress\":\"san antonio 4\",\"postalCode\":\"33430\",\"addressLocality\":\"Cand\\u00e1s\",\"addressRegion\":\"Asturias\",\"addressCountry\":\"ES\"}},{\"@type\":\"Person\",\"@id\":\"https:\\\/\\\/www.eldigitaldeasturias.com\\\/noticias\\\/author\\\/admin\\\/#author\",\"url\":\"https:\\\/\\\/www.eldigitaldeasturias.com\\\/noticias\\\/author\\\/admin\\\/\",\"name\":\"El Digital de Asturias\",\"image\":{\"@type\":\"ImageObject\",\"@id\":\"https:\\\/\\\/www.eldigitaldeasturias.com\\\/noticias\\\/la-ardua-seleccion-del-jurado-de-el-chapo\\\/#authorImage\",\"url\":\"https:\\\/\\\/secure.gravatar.com\\\/avatar\\\/df2aeffc32bcd13f8d26072ef8a91b623d677766deac7f97ca815868cd41bf5e?s=96&d=mm&r=g\",\"width\":96,\"height\":96,\"caption\":\"El Digital de Asturias\"}},{\"@type\":\"WebPage\",\"@id\":\"https:\\\/\\\/www.eldigitaldeasturias.com\\\/noticias\\\/la-ardua-seleccion-del-jurado-de-el-chapo\\\/#webpage\",\"url\":\"https:\\\/\\\/www.eldigitaldeasturias.com\\\/noticias\\\/la-ardua-seleccion-del-jurado-de-el-chapo\\\/\",\"name\":\"La ardua selecci\\u00f3n del jurado de \\u00abEl Chapo\\u00bb - El Digital de Asturias\",\"description\":\"Nueva York, 7 abr (dpa) - El principal cargo contra Joaqu\\u00edn \\\"El Chapo\\\" Guzm\\u00e1n en la corte federal del Distrito Este de Nueva York es el de manejo de organizaci\\u00f3n criminal. Pero es suficiente con que sea declarado culpable en solo una del total de las 17 acusaciones que pesan sobre \\u00e9l para que el\",\"inLanguage\":\"es-ES\",\"isPartOf\":{\"@id\":\"https:\\\/\\\/www.eldigitaldeasturias.com\\\/noticias\\\/#website\"},\"breadcrumb\":{\"@id\":\"https:\\\/\\\/www.eldigitaldeasturias.com\\\/noticias\\\/la-ardua-seleccion-del-jurado-de-el-chapo\\\/#breadcrumblist\"},\"author\":{\"@id\":\"https:\\\/\\\/www.eldigitaldeasturias.com\\\/noticias\\\/author\\\/admin\\\/#author\"},\"creator\":{\"@id\":\"https:\\\/\\\/www.eldigitaldeasturias.com\\\/noticias\\\/author\\\/admin\\\/#author\"},\"image\":{\"@type\":\"ImageObject\",\"url\":881768,\"@id\":\"https:\\\/\\\/www.eldigitaldeasturias.com\\\/noticias\\\/la-ardua-seleccion-del-jurado-de-el-chapo\\\/#mainImage\"},\"primaryImageOfPage\":{\"@id\":\"https:\\\/\\\/www.eldigitaldeasturias.com\\\/noticias\\\/la-ardua-seleccion-del-jurado-de-el-chapo\\\/#mainImage\"},\"datePublished\":\"2018-04-07T20:33:49+02:00\",\"dateModified\":\"2018-04-07T20:33:49+02:00\"},{\"@type\":\"WebSite\",\"@id\":\"https:\\\/\\\/www.eldigitaldeasturias.com\\\/noticias\\\/#website\",\"url\":\"https:\\\/\\\/www.eldigitaldeasturias.com\\\/noticias\\\/\",\"name\":\"El Digital de Asturias - Diario de actualidad y noticias\",\"alternateName\":\"El Digital de Asturias - Diario de actualidad y noticias\",\"description\":\"Hemeroteca\",\"inLanguage\":\"es-ES\",\"publisher\":{\"@id\":\"https:\\\/\\\/www.eldigitaldeasturias.com\\\/noticias\\\/#organization\"}}]}\n\t\t<\/script>\n\t\t<!-- All in One SEO Pro -->\r\n\t\t<title>La ardua selecci\u00f3n del jurado de \u00abEl Chapo\u00bb - El Digital de Asturias<\/title>\n\n","aioseo_head_json":{"title":"La ardua selecci\u00f3n del jurado de \u00abEl Chapo\u00bb - El Digital de Asturias","description":"Nueva York, 7 abr (dpa) - El principal cargo contra Joaqu\u00edn \"El Chapo\" Guzm\u00e1n en la corte federal del Distrito Este de Nueva York es el de manejo de organizaci\u00f3n criminal. Pero es suficiente con que sea declarado culpable en solo una del total de las 17 acusaciones que pesan sobre \u00e9l para que el","canonical_url":"https:\/\/www.eldigitaldeasturias.com\/noticias\/la-ardua-seleccion-del-jurado-de-el-chapo\/","robots":"max-image-preview:large","keywords":"actualidad","webmasterTools":{"google-site-verification":"UA-38556648-1","msvalidate.01":"7dfe9f3f1b24437ab69f4f2559babe99","miscellaneous":""},"schema":{"@context":"https:\/\/schema.org","@graph":[{"@type":"BlogPosting","@id":"https:\/\/www.eldigitaldeasturias.com\/noticias\/la-ardua-seleccion-del-jurado-de-el-chapo\/#blogposting","name":"La ardua selecci\u00f3n del jurado de \u00abEl Chapo\u00bb - El Digital de Asturias","headline":"La ardua selecci\u00f3n del jurado de \u00abEl Chapo\u00bb","author":{"@id":"https:\/\/www.eldigitaldeasturias.com\/noticias\/author\/admin\/#author"},"publisher":{"@id":"https:\/\/www.eldigitaldeasturias.com\/noticias\/#organization"},"image":{"@type":"ImageObject","url":881768},"datePublished":"2018-04-07T20:33:49+02:00","dateModified":"2018-04-07T20:33:49+02:00","inLanguage":"es-ES","mainEntityOfPage":{"@id":"https:\/\/www.eldigitaldeasturias.com\/noticias\/la-ardua-seleccion-del-jurado-de-el-chapo\/#webpage"},"isPartOf":{"@id":"https:\/\/www.eldigitaldeasturias.com\/noticias\/la-ardua-seleccion-del-jurado-de-el-chapo\/#webpage"},"articleSection":"Actualidad"},{"@type":"BreadcrumbList","@id":"https:\/\/www.eldigitaldeasturias.com\/noticias\/la-ardua-seleccion-del-jurado-de-el-chapo\/#breadcrumblist","itemListElement":[{"@type":"ListItem","@id":"https:\/\/www.eldigitaldeasturias.com\/noticias#listItem","position":1,"name":"Home","item":"https:\/\/www.eldigitaldeasturias.com\/noticias","nextItem":{"@type":"ListItem","@id":"https:\/\/www.eldigitaldeasturias.com\/noticias\/category\/actualidad\/#listItem","name":"Actualidad"}},{"@type":"ListItem","@id":"https:\/\/www.eldigitaldeasturias.com\/noticias\/category\/actualidad\/#listItem","position":2,"name":"Actualidad","item":"https:\/\/www.eldigitaldeasturias.com\/noticias\/category\/actualidad\/","nextItem":{"@type":"ListItem","@id":"https:\/\/www.eldigitaldeasturias.com\/noticias\/la-ardua-seleccion-del-jurado-de-el-chapo\/#listItem","name":"La ardua selecci\u00f3n del jurado de \u00abEl Chapo\u00bb"},"previousItem":{"@type":"ListItem","@id":"https:\/\/www.eldigitaldeasturias.com\/noticias#listItem","name":"Home"}},{"@type":"ListItem","@id":"https:\/\/www.eldigitaldeasturias.com\/noticias\/la-ardua-seleccion-del-jurado-de-el-chapo\/#listItem","position":3,"name":"La ardua selecci\u00f3n del jurado de \u00abEl Chapo\u00bb","previousItem":{"@type":"ListItem","@id":"https:\/\/www.eldigitaldeasturias.com\/noticias\/category\/actualidad\/#listItem","name":"Actualidad"}}]},{"@type":"Organization","@id":"https:\/\/www.eldigitaldeasturias.com\/noticias\/#organization","name":"El Digital de Asturias","description":"Hemeroteca","url":"https:\/\/www.eldigitaldeasturias.com\/noticias\/","email":"info@eldigitaldeasturias.com","telephone":"+34652131393","logo":{"@type":"ImageObject","url":"https:\/\/www.eldigitaldeasturias.com\/noticias\/wp-content\/uploads\/2020\/12\/EDA.jpg","@id":"https:\/\/www.eldigitaldeasturias.com\/noticias\/la-ardua-seleccion-del-jurado-de-el-chapo\/#organizationLogo"},"image":{"@id":"https:\/\/www.eldigitaldeasturias.com\/noticias\/la-ardua-seleccion-del-jurado-de-el-chapo\/#organizationLogo"},"sameAs":["https:\/\/facebook.com\/eldigitaldeasturias","https:\/\/www.youtube.com\/channel\/UCZP-2wLEB9Rv6erhFmqVnvg"],"address":{"@id":"https:\/\/www.eldigitaldeasturias.com\/noticias\/#postaladdress","@type":"PostalAddress","streetAddress":"san antonio 4","postalCode":"33430","addressLocality":"Cand\u00e1s","addressRegion":"Asturias","addressCountry":"ES"}},{"@type":"Person","@id":"https:\/\/www.eldigitaldeasturias.com\/noticias\/author\/admin\/#author","url":"https:\/\/www.eldigitaldeasturias.com\/noticias\/author\/admin\/","name":"El Digital de Asturias","image":{"@type":"ImageObject","@id":"https:\/\/www.eldigitaldeasturias.com\/noticias\/la-ardua-seleccion-del-jurado-de-el-chapo\/#authorImage","url":"https:\/\/secure.gravatar.com\/avatar\/df2aeffc32bcd13f8d26072ef8a91b623d677766deac7f97ca815868cd41bf5e?s=96&d=mm&r=g","width":96,"height":96,"caption":"El Digital de Asturias"}},{"@type":"WebPage","@id":"https:\/\/www.eldigitaldeasturias.com\/noticias\/la-ardua-seleccion-del-jurado-de-el-chapo\/#webpage","url":"https:\/\/www.eldigitaldeasturias.com\/noticias\/la-ardua-seleccion-del-jurado-de-el-chapo\/","name":"La ardua selecci\u00f3n del jurado de \u00abEl Chapo\u00bb - El Digital de Asturias","description":"Nueva York, 7 abr (dpa) - El principal cargo contra Joaqu\u00edn \"El Chapo\" Guzm\u00e1n en la corte federal del Distrito Este de Nueva York es el de manejo de organizaci\u00f3n criminal. Pero es suficiente con que sea declarado culpable en solo una del total de las 17 acusaciones que pesan sobre \u00e9l para que el","inLanguage":"es-ES","isPartOf":{"@id":"https:\/\/www.eldigitaldeasturias.com\/noticias\/#website"},"breadcrumb":{"@id":"https:\/\/www.eldigitaldeasturias.com\/noticias\/la-ardua-seleccion-del-jurado-de-el-chapo\/#breadcrumblist"},"author":{"@id":"https:\/\/www.eldigitaldeasturias.com\/noticias\/author\/admin\/#author"},"creator":{"@id":"https:\/\/www.eldigitaldeasturias.com\/noticias\/author\/admin\/#author"},"image":{"@type":"ImageObject","url":881768,"@id":"https:\/\/www.eldigitaldeasturias.com\/noticias\/la-ardua-seleccion-del-jurado-de-el-chapo\/#mainImage"},"primaryImageOfPage":{"@id":"https:\/\/www.eldigitaldeasturias.com\/noticias\/la-ardua-seleccion-del-jurado-de-el-chapo\/#mainImage"},"datePublished":"2018-04-07T20:33:49+02:00","dateModified":"2018-04-07T20:33:49+02:00"},{"@type":"WebSite","@id":"https:\/\/www.eldigitaldeasturias.com\/noticias\/#website","url":"https:\/\/www.eldigitaldeasturias.com\/noticias\/","name":"El Digital de Asturias - Diario de actualidad y noticias","alternateName":"El Digital de Asturias - Diario de actualidad y noticias","description":"Hemeroteca","inLanguage":"es-ES","publisher":{"@id":"https:\/\/www.eldigitaldeasturias.com\/noticias\/#organization"}}]},"og:locale":"es_ES","og:site_name":"El Digital de Asturias","og:type":"article","og:title":"La ardua selecci\u00f3n del jurado de \u00abEl Chapo\u00bb - El Digital de Asturias","og:description":"Nueva York, 7 abr (dpa) - El principal cargo contra Joaqu\u00edn &quot;El Chapo&quot; Guzm\u00e1n en la corte federal del Distrito Este de Nueva York es el de manejo de organizaci\u00f3n criminal. Pero es suficiente con que sea declarado culpable en solo una del total de las 17 acusaciones que pesan sobre \u00e9l para que el","og:url":"https:\/\/www.eldigitaldeasturias.com\/noticias\/la-ardua-seleccion-del-jurado-de-el-chapo\/","article:tag":["actualidad"],"article:published_time":"2018-04-07T20:33:49+00:00","article:modified_time":"2018-04-07T20:33:49+00:00","article:publisher":"https:\/\/facebook.com\/eldigitaldeasturias","twitter:card":"summary_large_image","twitter:title":"La ardua selecci\u00f3n del jurado de \u00abEl Chapo\u00bb - El Digital de Asturias","twitter:description":"Nueva York, 7 abr (dpa) - El principal cargo contra Joaqu\u00edn &quot;El Chapo&quot; Guzm\u00e1n en la corte federal del Distrito Este de Nueva York es el de manejo de organizaci\u00f3n criminal. Pero es suficiente con que sea declarado culpable en solo una del total de las 17 acusaciones que pesan sobre \u00e9l para que el","twitter:image":"https:\/\/www.eldigitaldeasturias.com\/noticias\/wp-content\/uploads\/2020\/12\/EDA-1.jpg","twitter:label1":"Escrito por","twitter:data1":"El Digital de Asturias","twitter:label2":"Tiempo de lectura estimado","twitter:data2":"5 minutos"},"aioseo_meta_data":{"post_id":"975151","title":null,"description":null,"keywords":null,"keyphrases":null,"primary_term":null,"canonical_url":null,"og_title":null,"og_description":null,"og_object_type":"default","og_image_type":"default","og_image_url":null,"og_image_width":null,"og_image_height":null,"og_image_custom_url":null,"og_image_custom_fields":null,"og_video":null,"og_custom_url":null,"og_article_section":null,"og_article_tags":null,"twitter_use_og":false,"twitter_card":"default","twitter_image_type":"default","twitter_image_url":null,"twitter_image_custom_url":null,"twitter_image_custom_fields":null,"twitter_title":null,"twitter_description":null,"schema":{"blockGraphs":[],"customGraphs":[],"default":{"data":{"Article":[],"Course":[],"Dataset":[],"FAQPage":[],"Movie":[],"Person":[],"Product":[],"ProductReview":[],"Car":[],"Recipe":[],"Service":[],"SoftwareApplication":[],"WebPage":[]},"graphName":"","isEnabled":true},"graphs":[],"defaultGraph":"","defaultPostTypeGraph":""},"schema_type":null,"schema_type_options":null,"pillar_content":false,"robots_default":true,"robots_noindex":false,"robots_noarchive":false,"robots_nosnippet":false,"robots_nofollow":false,"robots_noimageindex":false,"robots_noodp":false,"robots_notranslate":false,"robots_max_snippet":null,"robots_max_videopreview":null,"robots_max_imagepreview":"large","priority":null,"frequency":null,"local_seo":null,"seo_analyzer_scan_date":"2025-10-07 22:53:36","breadcrumb_settings":null,"limit_modified_date":false,"open_ai":null,"ai":null,"created":"2020-12-21 12:11:39","updated":"2025-10-07 22:53:36","focus_keyword":null,"additional_keywords":null,"truseo_locale":null},"aioseo_breadcrumb":"<div class=\"aioseo-breadcrumbs\"><span class=\"aioseo-breadcrumb\">\n\t<a href=\"https:\/\/www.eldigitaldeasturias.com\/noticias\" title=\"Home\">Home<\/a>\n<\/span><span class=\"aioseo-breadcrumb-separator\">\u2013<\/span><span class=\"aioseo-breadcrumb\">\n\t<a href=\"https:\/\/www.eldigitaldeasturias.com\/noticias\/category\/actualidad\/\" title=\"Actualidad\">Actualidad<\/a>\n<\/span><span class=\"aioseo-breadcrumb-separator\">\u2013<\/span><span class=\"aioseo-breadcrumb\">\n\t<a href=\"https:\/\/www.eldigitaldeasturias.com\/noticias\/la-ardua-seleccion-del-jurado-de-el-chapo\/\" title=\"La ardua selecci\u00f3n del jurado de \u00abEl Chapo\u00bb\">La ardua selecci\u00f3n del jurado de \u00abEl Chapo\u00bb<\/a>\n<\/span><\/div>","aioseo_breadcrumb_json":[{"label":"Home","link":"https:\/\/www.eldigitaldeasturias.com\/noticias"},{"label":"Actualidad","link":"https:\/\/www.eldigitaldeasturias.com\/noticias\/category\/actualidad\/"},{"label":"La ardua selecci\u00f3n del jurado de \u00abEl Chapo\u00bb","link":"https:\/\/www.eldigitaldeasturias.com\/noticias\/la-ardua-seleccion-del-jurado-de-el-chapo\/"}],"_links":{"self":[{"href":"https:\/\/www.eldigitaldeasturias.com\/noticias\/wp-json\/wp\/v2\/posts\/975151","targetHints":{"allow":["GET"]}}],"collection":[{"href":"https:\/\/www.eldigitaldeasturias.com\/noticias\/wp-json\/wp\/v2\/posts"}],"about":[{"href":"https:\/\/www.eldigitaldeasturias.com\/noticias\/wp-json\/wp\/v2\/types\/post"}],"author":[{"embeddable":true,"href":"https:\/\/www.eldigitaldeasturias.com\/noticias\/wp-json\/wp\/v2\/users\/1"}],"replies":[{"embeddable":true,"href":"https:\/\/www.eldigitaldeasturias.com\/noticias\/wp-json\/wp\/v2\/comments?post=975151"}],"version-history":[{"count":0,"href":"https:\/\/www.eldigitaldeasturias.com\/noticias\/wp-json\/wp\/v2\/posts\/975151\/revisions"}],"wp:attachment":[{"href":"https:\/\/www.eldigitaldeasturias.com\/noticias\/wp-json\/wp\/v2\/media?parent=975151"}],"wp:term":[{"taxonomy":"category","embeddable":true,"href":"https:\/\/www.eldigitaldeasturias.com\/noticias\/wp-json\/wp\/v2\/categories?post=975151"},{"taxonomy":"post_tag","embeddable":true,"href":"https:\/\/www.eldigitaldeasturias.com\/noticias\/wp-json\/wp\/v2\/tags?post=975151"}],"curies":[{"name":"wp","href":"https:\/\/api.w.org\/{rel}","templated":true}]}}