{"id":975077,"date":"2018-04-07T01:29:36","date_gmt":"2018-04-07T01:29:36","guid":{"rendered":"http:\/\/www.eldigitaldeasturias.com\/noticias\/?p=975077"},"modified":"2018-04-07T01:29:36","modified_gmt":"2018-04-07T01:29:36","slug":"alerta-amarilla-en-diez-provincias-de-nicaragua-afectadas-por-los-incendios","status":"publish","type":"post","link":"https:\/\/www.eldigitaldeasturias.com\/noticias\/alerta-amarilla-en-diez-provincias-de-nicaragua-afectadas-por-los-incendios\/","title":{"rendered":"Alerta amarilla en diez provincias de Nicaragua afectadas por los incendios"},"content":{"rendered":"<p><img loading=\"lazy\" decoding=\"async\" class=\"alignleft size-medium wp-image-975078\" src=\"https:\/\/www.eldigitaldeasturias.com\/noticias\/wp-content\/uploads\/2018\/04\/fire-fighter-2098461_1280-356x320.jpg\" alt=\"\" width=\"356\" height=\"320\" \/>Managua, 6 abr (dpa) &#8211; El Gobierno de Nicaragua decret\u00f3 hoy \u00abalerta amarilla\u00bb en diez provincias afectadas por incendios, entre estas la zona sur donde el fuego ha consumido miles de hect\u00e1reas de bosque en la reserva Indio Ma\u00edz.<\/p>\n<p>El portal oficial \u00abEl 19\u00bb public\u00f3 hoy por la tarde un decreto firmado por el presidente, Daniel Ortega, en el cual se pone en alerta a diversas entidades p\u00fablicas encargadas de la atenci\u00f3n y prevenci\u00f3n de cat\u00e1strofes.<\/p>\n<p>La alerta amarilla regir\u00e1 en todos los municipios de R\u00edo San Juan (sur), Nueva Segovia, Madriz y Estel\u00ed (norte), Chontales y Zelaya Central (centro), Le\u00f3n y Chinandega (occidente), as\u00ed como en Managua y en la Regi\u00f3n Aut\u00f3noma del Caribe Norte (noreste).<\/p>\n<p>La regi\u00f3n m\u00e1s afectada por incendios es la reserva Indio Ma\u00edz, en la frontera con Costa Rica y con una extensi\u00f3n de 320.000 hect\u00e1reas de bosque tropical h\u00famedo, de las cuales unas 3.000 hect\u00e1reas ya han sido consumidas por el fuego, seg\u00fan el m\u00e1s reciente reporte de organismos ambientalistas.<\/p>\n<p>\u00abEs necesario intervenir con prontitud y eficacia para reducir los riesgos a que puedan exponerse familias, comunidades, \u00e1reas protegidas, as\u00ed como bienes p\u00fablicos y privados\u00bb, se\u00f1al\u00f3 el decreto ejecutivo.<\/p>\n<p>El Gobierno destac\u00f3 que existe abundante material org\u00e1nico seco en zonas vulnerables y de dif\u00edcil acceso, donde adem\u00e1s las pr\u00e1cticas utilizadas para la preparaci\u00f3n de la tierra para la siembra pueden provocar incendios forestales y agropecuarios.<\/p>\n<p>La \u00abalerta amarilla\u00bb significa que todos los comit\u00e9s de atenci\u00f3n de desastres en las provincias se\u00f1aladas \u00abdeben ejecutar los planes de respuesta, garantizando la protecci\u00f3n y atenci\u00f3n oportuna a familias y comunidades que puedan verse afectadas\u00bb, indic\u00f3 el informe oficial.<\/p>\n","protected":false},"excerpt":{"rendered":"<p>Managua, 6 abr (dpa) &#8211; El Gobierno de Nicaragua decret\u00f3 hoy \u00abalerta amarilla\u00bb en diez provincias afectadas por incendios, entre estas la zona sur donde el fuego ha consumido miles de hect\u00e1reas de bosque en la reserva Indio Ma\u00edz. El portal oficial \u00abEl 19\u00bb public\u00f3 hoy por la tarde un decreto firmado por el presidente, [&hellip;]<\/p>\n","protected":false},"author":1,"featured_media":975078,"comment_status":"closed","ping_status":"closed","sticky":false,"template":"","format":"standard","meta":{"footnotes":""},"categories":[1],"tags":[],"class_list":["post-975077","post","type-post","status-publish","format-standard","has-post-thumbnail","hentry","category-actualidad"],"aioseo_notices":[],"aioseo_head":"\n\t\t<!-- All in One SEO Pro 5.0.1 - aioseo.com -->\n\t<meta name=\"description\" content=\"Managua, 6 abr (dpa) - El Gobierno de Nicaragua decret\u00f3 hoy &quot;alerta amarilla&quot; en diez provincias afectadas por incendios, entre estas la zona sur donde el fuego ha consumido miles de hect\u00e1reas de bosque en la reserva Indio Ma\u00edz. El portal oficial &quot;El 19&quot; public\u00f3 hoy por la tarde un decreto firmado por el presidente,\" \/>\n\t<meta name=\"robots\" content=\"max-image-preview:large\" \/>\n\t<meta name=\"author\" content=\"El Digital de Asturias\"\/>\n\t<meta name=\"google-site-verification\" content=\"UA-38556648-1\" \/>\n\t<meta name=\"msvalidate.01\" content=\"7dfe9f3f1b24437ab69f4f2559babe99\" \/>\n\t<meta name=\"keywords\" content=\"actualidad\" \/>\n\t<link rel=\"canonical\" href=\"https:\/\/www.eldigitaldeasturias.com\/noticias\/alerta-amarilla-en-diez-provincias-de-nicaragua-afectadas-por-los-incendios\/\" \/>\n\t<meta name=\"generator\" content=\"All in One SEO Pro (AIOSEO) 5.0.1\" \/>\n\t\t<meta property=\"og:locale\" content=\"es_ES\" \/>\n\t\t<meta property=\"og:site_name\" content=\"El Digital de Asturias\" \/>\n\t\t<meta property=\"og:type\" content=\"article\" \/>\n\t\t<meta property=\"og:title\" content=\"Alerta amarilla en diez provincias de Nicaragua afectadas por los incendios - El Digital de Asturias\" \/>\n\t\t<meta property=\"og:description\" content=\"Managua, 6 abr (dpa) - El Gobierno de Nicaragua decret\u00f3 hoy &quot;alerta amarilla&quot; en diez provincias afectadas por incendios, entre estas la zona sur donde el fuego ha consumido miles de hect\u00e1reas de bosque en la reserva Indio Ma\u00edz. El portal oficial &quot;El 19&quot; public\u00f3 hoy por la tarde un decreto firmado por el presidente,\" \/>\n\t\t<meta property=\"og:url\" content=\"https:\/\/www.eldigitaldeasturias.com\/noticias\/alerta-amarilla-en-diez-provincias-de-nicaragua-afectadas-por-los-incendios\/\" \/>\n\t\t<meta property=\"article:tag\" content=\"actualidad\" \/>\n\t\t<meta property=\"article:published_time\" content=\"2018-04-07T01:29:36+00:00\" \/>\n\t\t<meta property=\"article:modified_time\" content=\"2018-04-07T01:29:36+00:00\" \/>\n\t\t<meta property=\"article:publisher\" content=\"https:\/\/facebook.com\/eldigitaldeasturias\" \/>\n\t\t<meta name=\"twitter:card\" content=\"summary_large_image\" \/>\n\t\t<meta name=\"twitter:title\" content=\"Alerta amarilla en diez provincias de Nicaragua afectadas por los incendios - El Digital de Asturias\" \/>\n\t\t<meta name=\"twitter:description\" content=\"Managua, 6 abr (dpa) - El Gobierno de Nicaragua decret\u00f3 hoy &quot;alerta amarilla&quot; en diez provincias afectadas por incendios, entre estas la zona sur donde el fuego ha consumido miles de hect\u00e1reas de bosque en la reserva Indio Ma\u00edz. El portal oficial &quot;El 19&quot; public\u00f3 hoy por la tarde un decreto firmado por el presidente,\" \/>\n\t\t<meta name=\"twitter:image\" content=\"https:\/\/www.eldigitaldeasturias.com\/noticias\/wp-content\/uploads\/2020\/12\/EDA-1.jpg\" \/>\n\t\t<meta name=\"twitter:label1\" content=\"Escrito por\" \/>\n\t\t<meta name=\"twitter:data1\" content=\"El Digital de Asturias\" \/>\n\t\t<meta name=\"twitter:label2\" content=\"Tiempo de lectura estimado\" \/>\n\t\t<meta name=\"twitter:data2\" content=\"1 minuto\" \/>\n\t\t<script type=\"application\/ld+json\" class=\"aioseo-schema\">\n\t\t\t{\"@context\":\"https:\\\/\\\/schema.org\",\"@graph\":[{\"@type\":\"BlogPosting\",\"@id\":\"https:\\\/\\\/www.eldigitaldeasturias.com\\\/noticias\\\/alerta-amarilla-en-diez-provincias-de-nicaragua-afectadas-por-los-incendios\\\/#blogposting\",\"name\":\"Alerta amarilla en diez provincias de Nicaragua afectadas por los incendios - El Digital de Asturias\",\"headline\":\"Alerta amarilla en diez provincias de Nicaragua afectadas por los incendios\",\"author\":{\"@id\":\"https:\\\/\\\/www.eldigitaldeasturias.com\\\/noticias\\\/author\\\/admin\\\/#author\"},\"publisher\":{\"@id\":\"https:\\\/\\\/www.eldigitaldeasturias.com\\\/noticias\\\/#organization\"},\"image\":{\"@type\":\"ImageObject\",\"url\":975078},\"datePublished\":\"2018-04-07T01:29:36+02:00\",\"dateModified\":\"2018-04-07T01:29:36+02:00\",\"inLanguage\":\"es-ES\",\"mainEntityOfPage\":{\"@id\":\"https:\\\/\\\/www.eldigitaldeasturias.com\\\/noticias\\\/alerta-amarilla-en-diez-provincias-de-nicaragua-afectadas-por-los-incendios\\\/#webpage\"},\"isPartOf\":{\"@id\":\"https:\\\/\\\/www.eldigitaldeasturias.com\\\/noticias\\\/alerta-amarilla-en-diez-provincias-de-nicaragua-afectadas-por-los-incendios\\\/#webpage\"},\"articleSection\":\"Actualidad\"},{\"@type\":\"BreadcrumbList\",\"@id\":\"https:\\\/\\\/www.eldigitaldeasturias.com\\\/noticias\\\/alerta-amarilla-en-diez-provincias-de-nicaragua-afectadas-por-los-incendios\\\/#breadcrumblist\",\"itemListElement\":[{\"@type\":\"ListItem\",\"@id\":\"https:\\\/\\\/www.eldigitaldeasturias.com\\\/noticias#listItem\",\"position\":1,\"name\":\"Home\",\"item\":\"https:\\\/\\\/www.eldigitaldeasturias.com\\\/noticias\",\"nextItem\":{\"@type\":\"ListItem\",\"@id\":\"https:\\\/\\\/www.eldigitaldeasturias.com\\\/noticias\\\/category\\\/actualidad\\\/#listItem\",\"name\":\"Actualidad\"}},{\"@type\":\"ListItem\",\"@id\":\"https:\\\/\\\/www.eldigitaldeasturias.com\\\/noticias\\\/category\\\/actualidad\\\/#listItem\",\"position\":2,\"name\":\"Actualidad\",\"item\":\"https:\\\/\\\/www.eldigitaldeasturias.com\\\/noticias\\\/category\\\/actualidad\\\/\",\"nextItem\":{\"@type\":\"ListItem\",\"@id\":\"https:\\\/\\\/www.eldigitaldeasturias.com\\\/noticias\\\/alerta-amarilla-en-diez-provincias-de-nicaragua-afectadas-por-los-incendios\\\/#listItem\",\"name\":\"Alerta amarilla en diez provincias de Nicaragua afectadas por los incendios\"},\"previousItem\":{\"@type\":\"ListItem\",\"@id\":\"https:\\\/\\\/www.eldigitaldeasturias.com\\\/noticias#listItem\",\"name\":\"Home\"}},{\"@type\":\"ListItem\",\"@id\":\"https:\\\/\\\/www.eldigitaldeasturias.com\\\/noticias\\\/alerta-amarilla-en-diez-provincias-de-nicaragua-afectadas-por-los-incendios\\\/#listItem\",\"position\":3,\"name\":\"Alerta amarilla en diez provincias de Nicaragua afectadas por los incendios\",\"previousItem\":{\"@type\":\"ListItem\",\"@id\":\"https:\\\/\\\/www.eldigitaldeasturias.com\\\/noticias\\\/category\\\/actualidad\\\/#listItem\",\"name\":\"Actualidad\"}}]},{\"@type\":\"Organization\",\"@id\":\"https:\\\/\\\/www.eldigitaldeasturias.com\\\/noticias\\\/#organization\",\"name\":\"El Digital de Asturias\",\"description\":\"Hemeroteca\",\"url\":\"https:\\\/\\\/www.eldigitaldeasturias.com\\\/noticias\\\/\",\"email\":\"info@eldigitaldeasturias.com\",\"telephone\":\"+34652131393\",\"logo\":{\"@type\":\"ImageObject\",\"url\":\"https:\\\/\\\/www.eldigitaldeasturias.com\\\/noticias\\\/wp-content\\\/uploads\\\/2020\\\/12\\\/EDA.jpg\",\"@id\":\"https:\\\/\\\/www.eldigitaldeasturias.com\\\/noticias\\\/alerta-amarilla-en-diez-provincias-de-nicaragua-afectadas-por-los-incendios\\\/#organizationLogo\"},\"image\":{\"@id\":\"https:\\\/\\\/www.eldigitaldeasturias.com\\\/noticias\\\/alerta-amarilla-en-diez-provincias-de-nicaragua-afectadas-por-los-incendios\\\/#organizationLogo\"},\"sameAs\":[\"https:\\\/\\\/facebook.com\\\/eldigitaldeasturias\",\"https:\\\/\\\/www.youtube.com\\\/channel\\\/UCZP-2wLEB9Rv6erhFmqVnvg\"],\"address\":{\"@id\":\"https:\\\/\\\/www.eldigitaldeasturias.com\\\/noticias\\\/#postaladdress\",\"@type\":\"PostalAddress\",\"streetAddress\":\"san antonio 4\",\"postalCode\":\"33430\",\"addressLocality\":\"Cand\\u00e1s\",\"addressRegion\":\"Asturias\",\"addressCountry\":\"ES\"}},{\"@type\":\"Person\",\"@id\":\"https:\\\/\\\/www.eldigitaldeasturias.com\\\/noticias\\\/author\\\/admin\\\/#author\",\"url\":\"https:\\\/\\\/www.eldigitaldeasturias.com\\\/noticias\\\/author\\\/admin\\\/\",\"name\":\"El Digital de Asturias\",\"image\":{\"@type\":\"ImageObject\",\"@id\":\"https:\\\/\\\/www.eldigitaldeasturias.com\\\/noticias\\\/alerta-amarilla-en-diez-provincias-de-nicaragua-afectadas-por-los-incendios\\\/#authorImage\",\"url\":\"https:\\\/\\\/secure.gravatar.com\\\/avatar\\\/df2aeffc32bcd13f8d26072ef8a91b623d677766deac7f97ca815868cd41bf5e?s=96&d=mm&r=g\",\"width\":96,\"height\":96,\"caption\":\"El Digital de Asturias\"}},{\"@type\":\"WebPage\",\"@id\":\"https:\\\/\\\/www.eldigitaldeasturias.com\\\/noticias\\\/alerta-amarilla-en-diez-provincias-de-nicaragua-afectadas-por-los-incendios\\\/#webpage\",\"url\":\"https:\\\/\\\/www.eldigitaldeasturias.com\\\/noticias\\\/alerta-amarilla-en-diez-provincias-de-nicaragua-afectadas-por-los-incendios\\\/\",\"name\":\"Alerta amarilla en diez provincias de Nicaragua afectadas por los incendios - El Digital de Asturias\",\"description\":\"Managua, 6 abr (dpa) - El Gobierno de Nicaragua decret\\u00f3 hoy \\\"alerta amarilla\\\" en diez provincias afectadas por incendios, entre estas la zona sur donde el fuego ha consumido miles de hect\\u00e1reas de bosque en la reserva Indio Ma\\u00edz. El portal oficial \\\"El 19\\\" public\\u00f3 hoy por la tarde un decreto firmado por el presidente,\",\"inLanguage\":\"es-ES\",\"isPartOf\":{\"@id\":\"https:\\\/\\\/www.eldigitaldeasturias.com\\\/noticias\\\/#website\"},\"breadcrumb\":{\"@id\":\"https:\\\/\\\/www.eldigitaldeasturias.com\\\/noticias\\\/alerta-amarilla-en-diez-provincias-de-nicaragua-afectadas-por-los-incendios\\\/#breadcrumblist\"},\"author\":{\"@id\":\"https:\\\/\\\/www.eldigitaldeasturias.com\\\/noticias\\\/author\\\/admin\\\/#author\"},\"creator\":{\"@id\":\"https:\\\/\\\/www.eldigitaldeasturias.com\\\/noticias\\\/author\\\/admin\\\/#author\"},\"image\":{\"@type\":\"ImageObject\",\"url\":975078,\"@id\":\"https:\\\/\\\/www.eldigitaldeasturias.com\\\/noticias\\\/alerta-amarilla-en-diez-provincias-de-nicaragua-afectadas-por-los-incendios\\\/#mainImage\"},\"primaryImageOfPage\":{\"@id\":\"https:\\\/\\\/www.eldigitaldeasturias.com\\\/noticias\\\/alerta-amarilla-en-diez-provincias-de-nicaragua-afectadas-por-los-incendios\\\/#mainImage\"},\"datePublished\":\"2018-04-07T01:29:36+02:00\",\"dateModified\":\"2018-04-07T01:29:36+02:00\"},{\"@type\":\"WebSite\",\"@id\":\"https:\\\/\\\/www.eldigitaldeasturias.com\\\/noticias\\\/#website\",\"url\":\"https:\\\/\\\/www.eldigitaldeasturias.com\\\/noticias\\\/\",\"name\":\"El Digital de Asturias - Diario de actualidad y noticias\",\"alternateName\":\"El Digital de Asturias - Diario de actualidad y noticias\",\"description\":\"Hemeroteca\",\"inLanguage\":\"es-ES\",\"publisher\":{\"@id\":\"https:\\\/\\\/www.eldigitaldeasturias.com\\\/noticias\\\/#organization\"}}]}\n\t\t<\/script>\n\t\t<!-- All in One SEO Pro -->\r\n\t\t<title>Alerta amarilla en diez provincias de Nicaragua afectadas por los incendios - El Digital de Asturias<\/title>\n\n","aioseo_head_json":{"title":"Alerta amarilla en diez provincias de Nicaragua afectadas por los incendios - El Digital de Asturias","description":"Managua, 6 abr (dpa) - El Gobierno de Nicaragua decret\u00f3 hoy \"alerta amarilla\" en diez provincias afectadas por incendios, entre estas la zona sur donde el fuego ha consumido miles de hect\u00e1reas de bosque en la reserva Indio Ma\u00edz. El portal oficial \"El 19\" public\u00f3 hoy por la tarde un decreto firmado por el presidente,","canonical_url":"https:\/\/www.eldigitaldeasturias.com\/noticias\/alerta-amarilla-en-diez-provincias-de-nicaragua-afectadas-por-los-incendios\/","robots":"max-image-preview:large","keywords":"actualidad","webmasterTools":{"google-site-verification":"UA-38556648-1","msvalidate.01":"7dfe9f3f1b24437ab69f4f2559babe99","miscellaneous":""},"schema":{"@context":"https:\/\/schema.org","@graph":[{"@type":"BlogPosting","@id":"https:\/\/www.eldigitaldeasturias.com\/noticias\/alerta-amarilla-en-diez-provincias-de-nicaragua-afectadas-por-los-incendios\/#blogposting","name":"Alerta amarilla en diez provincias de Nicaragua afectadas por los incendios - El Digital de Asturias","headline":"Alerta amarilla en diez provincias de Nicaragua afectadas por los incendios","author":{"@id":"https:\/\/www.eldigitaldeasturias.com\/noticias\/author\/admin\/#author"},"publisher":{"@id":"https:\/\/www.eldigitaldeasturias.com\/noticias\/#organization"},"image":{"@type":"ImageObject","url":975078},"datePublished":"2018-04-07T01:29:36+02:00","dateModified":"2018-04-07T01:29:36+02:00","inLanguage":"es-ES","mainEntityOfPage":{"@id":"https:\/\/www.eldigitaldeasturias.com\/noticias\/alerta-amarilla-en-diez-provincias-de-nicaragua-afectadas-por-los-incendios\/#webpage"},"isPartOf":{"@id":"https:\/\/www.eldigitaldeasturias.com\/noticias\/alerta-amarilla-en-diez-provincias-de-nicaragua-afectadas-por-los-incendios\/#webpage"},"articleSection":"Actualidad"},{"@type":"BreadcrumbList","@id":"https:\/\/www.eldigitaldeasturias.com\/noticias\/alerta-amarilla-en-diez-provincias-de-nicaragua-afectadas-por-los-incendios\/#breadcrumblist","itemListElement":[{"@type":"ListItem","@id":"https:\/\/www.eldigitaldeasturias.com\/noticias#listItem","position":1,"name":"Home","item":"https:\/\/www.eldigitaldeasturias.com\/noticias","nextItem":{"@type":"ListItem","@id":"https:\/\/www.eldigitaldeasturias.com\/noticias\/category\/actualidad\/#listItem","name":"Actualidad"}},{"@type":"ListItem","@id":"https:\/\/www.eldigitaldeasturias.com\/noticias\/category\/actualidad\/#listItem","position":2,"name":"Actualidad","item":"https:\/\/www.eldigitaldeasturias.com\/noticias\/category\/actualidad\/","nextItem":{"@type":"ListItem","@id":"https:\/\/www.eldigitaldeasturias.com\/noticias\/alerta-amarilla-en-diez-provincias-de-nicaragua-afectadas-por-los-incendios\/#listItem","name":"Alerta amarilla en diez provincias de Nicaragua afectadas por los incendios"},"previousItem":{"@type":"ListItem","@id":"https:\/\/www.eldigitaldeasturias.com\/noticias#listItem","name":"Home"}},{"@type":"ListItem","@id":"https:\/\/www.eldigitaldeasturias.com\/noticias\/alerta-amarilla-en-diez-provincias-de-nicaragua-afectadas-por-los-incendios\/#listItem","position":3,"name":"Alerta amarilla en diez provincias de Nicaragua afectadas por los incendios","previousItem":{"@type":"ListItem","@id":"https:\/\/www.eldigitaldeasturias.com\/noticias\/category\/actualidad\/#listItem","name":"Actualidad"}}]},{"@type":"Organization","@id":"https:\/\/www.eldigitaldeasturias.com\/noticias\/#organization","name":"El Digital de Asturias","description":"Hemeroteca","url":"https:\/\/www.eldigitaldeasturias.com\/noticias\/","email":"info@eldigitaldeasturias.com","telephone":"+34652131393","logo":{"@type":"ImageObject","url":"https:\/\/www.eldigitaldeasturias.com\/noticias\/wp-content\/uploads\/2020\/12\/EDA.jpg","@id":"https:\/\/www.eldigitaldeasturias.com\/noticias\/alerta-amarilla-en-diez-provincias-de-nicaragua-afectadas-por-los-incendios\/#organizationLogo"},"image":{"@id":"https:\/\/www.eldigitaldeasturias.com\/noticias\/alerta-amarilla-en-diez-provincias-de-nicaragua-afectadas-por-los-incendios\/#organizationLogo"},"sameAs":["https:\/\/facebook.com\/eldigitaldeasturias","https:\/\/www.youtube.com\/channel\/UCZP-2wLEB9Rv6erhFmqVnvg"],"address":{"@id":"https:\/\/www.eldigitaldeasturias.com\/noticias\/#postaladdress","@type":"PostalAddress","streetAddress":"san antonio 4","postalCode":"33430","addressLocality":"Cand\u00e1s","addressRegion":"Asturias","addressCountry":"ES"}},{"@type":"Person","@id":"https:\/\/www.eldigitaldeasturias.com\/noticias\/author\/admin\/#author","url":"https:\/\/www.eldigitaldeasturias.com\/noticias\/author\/admin\/","name":"El Digital de Asturias","image":{"@type":"ImageObject","@id":"https:\/\/www.eldigitaldeasturias.com\/noticias\/alerta-amarilla-en-diez-provincias-de-nicaragua-afectadas-por-los-incendios\/#authorImage","url":"https:\/\/secure.gravatar.com\/avatar\/df2aeffc32bcd13f8d26072ef8a91b623d677766deac7f97ca815868cd41bf5e?s=96&d=mm&r=g","width":96,"height":96,"caption":"El Digital de Asturias"}},{"@type":"WebPage","@id":"https:\/\/www.eldigitaldeasturias.com\/noticias\/alerta-amarilla-en-diez-provincias-de-nicaragua-afectadas-por-los-incendios\/#webpage","url":"https:\/\/www.eldigitaldeasturias.com\/noticias\/alerta-amarilla-en-diez-provincias-de-nicaragua-afectadas-por-los-incendios\/","name":"Alerta amarilla en diez provincias de Nicaragua afectadas por los incendios - El Digital de Asturias","description":"Managua, 6 abr (dpa) - El Gobierno de Nicaragua decret\u00f3 hoy \"alerta amarilla\" en diez provincias afectadas por incendios, entre estas la zona sur donde el fuego ha consumido miles de hect\u00e1reas de bosque en la reserva Indio Ma\u00edz. El portal oficial \"El 19\" public\u00f3 hoy por la tarde un decreto firmado por el presidente,","inLanguage":"es-ES","isPartOf":{"@id":"https:\/\/www.eldigitaldeasturias.com\/noticias\/#website"},"breadcrumb":{"@id":"https:\/\/www.eldigitaldeasturias.com\/noticias\/alerta-amarilla-en-diez-provincias-de-nicaragua-afectadas-por-los-incendios\/#breadcrumblist"},"author":{"@id":"https:\/\/www.eldigitaldeasturias.com\/noticias\/author\/admin\/#author"},"creator":{"@id":"https:\/\/www.eldigitaldeasturias.com\/noticias\/author\/admin\/#author"},"image":{"@type":"ImageObject","url":975078,"@id":"https:\/\/www.eldigitaldeasturias.com\/noticias\/alerta-amarilla-en-diez-provincias-de-nicaragua-afectadas-por-los-incendios\/#mainImage"},"primaryImageOfPage":{"@id":"https:\/\/www.eldigitaldeasturias.com\/noticias\/alerta-amarilla-en-diez-provincias-de-nicaragua-afectadas-por-los-incendios\/#mainImage"},"datePublished":"2018-04-07T01:29:36+02:00","dateModified":"2018-04-07T01:29:36+02:00"},{"@type":"WebSite","@id":"https:\/\/www.eldigitaldeasturias.com\/noticias\/#website","url":"https:\/\/www.eldigitaldeasturias.com\/noticias\/","name":"El Digital de Asturias - Diario de actualidad y noticias","alternateName":"El Digital de Asturias - Diario de actualidad y noticias","description":"Hemeroteca","inLanguage":"es-ES","publisher":{"@id":"https:\/\/www.eldigitaldeasturias.com\/noticias\/#organization"}}]},"og:locale":"es_ES","og:site_name":"El Digital de Asturias","og:type":"article","og:title":"Alerta amarilla en diez provincias de Nicaragua afectadas por los incendios - El Digital de Asturias","og:description":"Managua, 6 abr (dpa) - El Gobierno de Nicaragua decret\u00f3 hoy &quot;alerta amarilla&quot; en diez provincias afectadas por incendios, entre estas la zona sur donde el fuego ha consumido miles de hect\u00e1reas de bosque en la reserva Indio Ma\u00edz. El portal oficial &quot;El 19&quot; public\u00f3 hoy por la tarde un decreto firmado por el presidente,","og:url":"https:\/\/www.eldigitaldeasturias.com\/noticias\/alerta-amarilla-en-diez-provincias-de-nicaragua-afectadas-por-los-incendios\/","article:tag":["actualidad"],"article:published_time":"2018-04-07T01:29:36+00:00","article:modified_time":"2018-04-07T01:29:36+00:00","article:publisher":"https:\/\/facebook.com\/eldigitaldeasturias","twitter:card":"summary_large_image","twitter:title":"Alerta amarilla en diez provincias de Nicaragua afectadas por los incendios - El Digital de Asturias","twitter:description":"Managua, 6 abr (dpa) - El Gobierno de Nicaragua decret\u00f3 hoy &quot;alerta amarilla&quot; en diez provincias afectadas por incendios, entre estas la zona sur donde el fuego ha consumido miles de hect\u00e1reas de bosque en la reserva Indio Ma\u00edz. El portal oficial &quot;El 19&quot; public\u00f3 hoy por la tarde un decreto firmado por el presidente,","twitter:image":"https:\/\/www.eldigitaldeasturias.com\/noticias\/wp-content\/uploads\/2020\/12\/EDA-1.jpg","twitter:label1":"Escrito por","twitter:data1":"El Digital de Asturias","twitter:label2":"Tiempo de lectura estimado","twitter:data2":"1 minuto"},"aioseo_meta_data":{"post_id":"975077","title":null,"description":null,"keywords":null,"keyphrases":null,"primary_term":null,"canonical_url":null,"og_title":null,"og_description":null,"og_object_type":"default","og_image_type":"default","og_image_url":null,"og_image_width":null,"og_image_height":null,"og_image_custom_url":null,"og_image_custom_fields":null,"og_video":null,"og_custom_url":null,"og_article_section":null,"og_article_tags":null,"twitter_use_og":false,"twitter_card":"default","twitter_image_type":"default","twitter_image_url":null,"twitter_image_custom_url":null,"twitter_image_custom_fields":null,"twitter_title":null,"twitter_description":null,"schema":{"blockGraphs":[],"customGraphs":[],"default":{"data":{"Article":[],"Course":[],"Dataset":[],"FAQPage":[],"Movie":[],"Person":[],"Product":[],"ProductReview":[],"Car":[],"Recipe":[],"Service":[],"SoftwareApplication":[],"WebPage":[]},"graphName":"","isEnabled":true},"graphs":[],"defaultGraph":"","defaultPostTypeGraph":""},"schema_type":null,"schema_type_options":null,"pillar_content":false,"robots_default":true,"robots_noindex":false,"robots_noarchive":false,"robots_nosnippet":false,"robots_nofollow":false,"robots_noimageindex":false,"robots_noodp":false,"robots_notranslate":false,"robots_max_snippet":null,"robots_max_videopreview":null,"robots_max_imagepreview":"large","priority":null,"frequency":null,"local_seo":null,"seo_analyzer_scan_date":"2025-10-07 22:36:12","breadcrumb_settings":null,"limit_modified_date":false,"open_ai":null,"ai":null,"created":"2020-12-21 12:11:39","updated":"2025-10-07 22:36:12","focus_keyword":null,"additional_keywords":null,"truseo_locale":null},"aioseo_breadcrumb":"<div class=\"aioseo-breadcrumbs\"><span class=\"aioseo-breadcrumb\">\n\t<a href=\"https:\/\/www.eldigitaldeasturias.com\/noticias\" title=\"Home\">Home<\/a>\n<\/span><span class=\"aioseo-breadcrumb-separator\">\u2013<\/span><span class=\"aioseo-breadcrumb\">\n\t<a href=\"https:\/\/www.eldigitaldeasturias.com\/noticias\/category\/actualidad\/\" title=\"Actualidad\">Actualidad<\/a>\n<\/span><span class=\"aioseo-breadcrumb-separator\">\u2013<\/span><span class=\"aioseo-breadcrumb\">\n\t<a href=\"https:\/\/www.eldigitaldeasturias.com\/noticias\/alerta-amarilla-en-diez-provincias-de-nicaragua-afectadas-por-los-incendios\/\" title=\"Alerta amarilla en diez provincias de Nicaragua afectadas por los incendios\">Alerta amarilla en diez provincias de Nicaragua afectadas por los incendios<\/a>\n<\/span><\/div>","aioseo_breadcrumb_json":[{"label":"Home","link":"https:\/\/www.eldigitaldeasturias.com\/noticias"},{"label":"Actualidad","link":"https:\/\/www.eldigitaldeasturias.com\/noticias\/category\/actualidad\/"},{"label":"Alerta amarilla en diez provincias de Nicaragua afectadas por los incendios","link":"https:\/\/www.eldigitaldeasturias.com\/noticias\/alerta-amarilla-en-diez-provincias-de-nicaragua-afectadas-por-los-incendios\/"}],"_links":{"self":[{"href":"https:\/\/www.eldigitaldeasturias.com\/noticias\/wp-json\/wp\/v2\/posts\/975077","targetHints":{"allow":["GET"]}}],"collection":[{"href":"https:\/\/www.eldigitaldeasturias.com\/noticias\/wp-json\/wp\/v2\/posts"}],"about":[{"href":"https:\/\/www.eldigitaldeasturias.com\/noticias\/wp-json\/wp\/v2\/types\/post"}],"author":[{"embeddable":true,"href":"https:\/\/www.eldigitaldeasturias.com\/noticias\/wp-json\/wp\/v2\/users\/1"}],"replies":[{"embeddable":true,"href":"https:\/\/www.eldigitaldeasturias.com\/noticias\/wp-json\/wp\/v2\/comments?post=975077"}],"version-history":[{"count":0,"href":"https:\/\/www.eldigitaldeasturias.com\/noticias\/wp-json\/wp\/v2\/posts\/975077\/revisions"}],"wp:attachment":[{"href":"https:\/\/www.eldigitaldeasturias.com\/noticias\/wp-json\/wp\/v2\/media?parent=975077"}],"wp:term":[{"taxonomy":"category","embeddable":true,"href":"https:\/\/www.eldigitaldeasturias.com\/noticias\/wp-json\/wp\/v2\/categories?post=975077"},{"taxonomy":"post_tag","embeddable":true,"href":"https:\/\/www.eldigitaldeasturias.com\/noticias\/wp-json\/wp\/v2\/tags?post=975077"}],"curies":[{"name":"wp","href":"https:\/\/api.w.org\/{rel}","templated":true}]}}