{"id":975072,"date":"2018-04-07T01:23:05","date_gmt":"2018-04-07T01:23:05","guid":{"rendered":"http:\/\/www.eldigitaldeasturias.com\/noticias\/?p=975072"},"modified":"2018-04-07T01:23:05","modified_gmt":"2018-04-07T01:23:05","slug":"brasil-a-la-espera-lula-no-se-entrega","status":"publish","type":"post","link":"https:\/\/www.eldigitaldeasturias.com\/noticias\/brasil-a-la-espera-lula-no-se-entrega\/","title":{"rendered":"Brasil a la espera: \u201cLula no se entrega\u201d"},"content":{"rendered":"<p><img loading=\"lazy\" decoding=\"async\" class=\"alignleft size-medium wp-image-868078\" src=\"https:\/\/www.eldigitaldeasturias.com\/noticias\/wp-content\/uploads\/2016\/03\/fotonoticia_20160321102713_800-360x240.jpg\" alt=\"\" width=\"360\" height=\"240\" \/>Sao Paulo, 6 abr (dpa) &#8211; El ex presidente brasile\u00f1o Luiz In\u00e1cio Lula da Silva considera que no incumpli\u00f3 una orden de arresto al no entregarse hoy a la Polic\u00eda para ingresar en prisi\u00f3n por una condena por corrupci\u00f3n, seg\u00fan explic\u00f3 la l\u00edder del Partido de los Trabajadores (PT), Gleisi Hoffmann.<\/p>\n<p>\u00abQuiero dejar en claro que no hay, por parte de Lula, ning\u00fan incumplimiento del mandato de prisi\u00f3n expedido por el juez S\u00e9rgio Moro\u00bb, explic\u00f3 Hoffmann ante varios medios delante de la sede del sindicato metal\u00fargico de Sao Paulo, donde Lula permanece desde la noche del jueves.<\/p>\n<p>\u00ab\u00c9l ten\u00eda la opci\u00f3n, dada por el juez, de ir a Curitiba: no ejerci\u00f3 esa opci\u00f3n\u00bb, agreg\u00f3 la presidenta del PT. \u00ab\u00c9l est\u00e1 aqu\u00ed. Es un lugar p\u00fablico. Muchas personas saben d\u00f3nde est\u00e1, es decir todo el mundo sabe. \u00c9l permanecer\u00e1 aqu\u00ed con la militancia\u00bb, dijo.<\/p>\n<p>Moro emiti\u00f3 el d\u00eda anterior una orden judicial dando un plazo a Lula hasta las 17 horas de hoy (22:00 GMT) para entregarse voluntariamente a la Polic\u00eda en la sure\u00f1a ciudad de Curitiba para cumplir una condena a 12 a\u00f1os de c\u00e1rcel que le fue impuesta en enero.<\/p>\n<p>La interpretaci\u00f3n de que el despacho de Moro no era una orden estricta parece ser la estrategia elegida por los abogados del ex presidente.<\/p>\n<p>El canal de televisi\u00f3n \u00abGlobo\u00bb public\u00f3 estimaciones de expertos jur\u00eddicos que iban en la misma direcci\u00f3n. Los juristas consideran \u00abla decisi\u00f3n de Lula de no entregarse no representa un desacato a una decisi\u00f3n judicial, toda vez que su comparecencia a las 17 horas era un oferta\u00bb, cit\u00f3 \u00abGlobo\u00bb el an\u00e1lisis.<\/p>\n<p>En Brasil se esperaba que el juez Moro, el magistrado que conden\u00f3 a Lula a prisi\u00f3n por el caso sobre corrupci\u00f3n pol\u00edtica \u00abLava Jato\u00bb (\u00abLavado de autos\u00bb), emita posiblemente en breve una orden de arresto.<\/p>\n","protected":false},"excerpt":{"rendered":"<p>Sao Paulo, 6 abr (dpa) &#8211; El ex presidente brasile\u00f1o Luiz In\u00e1cio Lula da Silva considera que no incumpli\u00f3 una orden de arresto al no entregarse hoy a la Polic\u00eda para ingresar en prisi\u00f3n por una condena por corrupci\u00f3n, seg\u00fan explic\u00f3 la l\u00edder del Partido de los Trabajadores (PT), Gleisi Hoffmann. \u00abQuiero dejar en claro [&hellip;]<\/p>\n","protected":false},"author":1,"featured_media":868078,"comment_status":"closed","ping_status":"closed","sticky":false,"template":"","format":"standard","meta":{"footnotes":""},"categories":[1],"tags":[],"class_list":["post-975072","post","type-post","status-publish","format-standard","has-post-thumbnail","hentry","category-actualidad"],"aioseo_notices":[],"aioseo_head":"\n\t\t<!-- All in One SEO Pro 5.0.1 - aioseo.com -->\n\t<meta name=\"description\" content=\"Sao Paulo, 6 abr (dpa) - El ex presidente brasile\u00f1o Luiz In\u00e1cio Lula da Silva considera que no incumpli\u00f3 una orden de arresto al no entregarse hoy a la Polic\u00eda para ingresar en prisi\u00f3n por una condena por corrupci\u00f3n, seg\u00fan explic\u00f3 la l\u00edder del Partido de los Trabajadores (PT), Gleisi Hoffmann. &quot;Quiero dejar en claro\" \/>\n\t<meta name=\"robots\" content=\"max-image-preview:large\" \/>\n\t<meta name=\"author\" content=\"El Digital de Asturias\"\/>\n\t<meta name=\"google-site-verification\" content=\"UA-38556648-1\" \/>\n\t<meta name=\"msvalidate.01\" content=\"7dfe9f3f1b24437ab69f4f2559babe99\" \/>\n\t<meta name=\"keywords\" content=\"actualidad\" \/>\n\t<link rel=\"canonical\" href=\"https:\/\/www.eldigitaldeasturias.com\/noticias\/brasil-a-la-espera-lula-no-se-entrega\/\" \/>\n\t<meta name=\"generator\" content=\"All in One SEO Pro (AIOSEO) 5.0.1\" \/>\n\t\t<meta property=\"og:locale\" content=\"es_ES\" \/>\n\t\t<meta property=\"og:site_name\" content=\"El Digital de Asturias\" \/>\n\t\t<meta property=\"og:type\" content=\"article\" \/>\n\t\t<meta property=\"og:title\" content=\"Brasil a la espera: \u201cLula no se entrega\u201d - El Digital de Asturias\" \/>\n\t\t<meta property=\"og:description\" content=\"Sao Paulo, 6 abr (dpa) - El ex presidente brasile\u00f1o Luiz In\u00e1cio Lula da Silva considera que no incumpli\u00f3 una orden de arresto al no entregarse hoy a la Polic\u00eda para ingresar en prisi\u00f3n por una condena por corrupci\u00f3n, seg\u00fan explic\u00f3 la l\u00edder del Partido de los Trabajadores (PT), Gleisi Hoffmann. &quot;Quiero dejar en claro\" \/>\n\t\t<meta property=\"og:url\" content=\"https:\/\/www.eldigitaldeasturias.com\/noticias\/brasil-a-la-espera-lula-no-se-entrega\/\" \/>\n\t\t<meta property=\"article:tag\" content=\"actualidad\" \/>\n\t\t<meta property=\"article:published_time\" content=\"2018-04-07T01:23:05+00:00\" \/>\n\t\t<meta property=\"article:modified_time\" content=\"2018-04-07T01:23:05+00:00\" \/>\n\t\t<meta property=\"article:publisher\" content=\"https:\/\/facebook.com\/eldigitaldeasturias\" \/>\n\t\t<meta name=\"twitter:card\" content=\"summary_large_image\" \/>\n\t\t<meta name=\"twitter:title\" content=\"Brasil a la espera: \u201cLula no se entrega\u201d - El Digital de Asturias\" \/>\n\t\t<meta name=\"twitter:description\" content=\"Sao Paulo, 6 abr (dpa) - El ex presidente brasile\u00f1o Luiz In\u00e1cio Lula da Silva considera que no incumpli\u00f3 una orden de arresto al no entregarse hoy a la Polic\u00eda para ingresar en prisi\u00f3n por una condena por corrupci\u00f3n, seg\u00fan explic\u00f3 la l\u00edder del Partido de los Trabajadores (PT), Gleisi Hoffmann. &quot;Quiero dejar en claro\" \/>\n\t\t<meta name=\"twitter:image\" content=\"https:\/\/www.eldigitaldeasturias.com\/noticias\/wp-content\/uploads\/2020\/12\/EDA-1.jpg\" \/>\n\t\t<meta name=\"twitter:label1\" content=\"Escrito por\" \/>\n\t\t<meta name=\"twitter:data1\" content=\"El Digital de Asturias\" \/>\n\t\t<meta name=\"twitter:label2\" content=\"Tiempo de lectura estimado\" \/>\n\t\t<meta name=\"twitter:data2\" content=\"2 minutos\" \/>\n\t\t<script type=\"application\/ld+json\" class=\"aioseo-schema\">\n\t\t\t{\"@context\":\"https:\\\/\\\/schema.org\",\"@graph\":[{\"@type\":\"BlogPosting\",\"@id\":\"https:\\\/\\\/www.eldigitaldeasturias.com\\\/noticias\\\/brasil-a-la-espera-lula-no-se-entrega\\\/#blogposting\",\"name\":\"Brasil a la espera: \\u201cLula no se entrega\\u201d - El Digital de Asturias\",\"headline\":\"Brasil a la espera: \\u201cLula no se entrega\\u201d\",\"author\":{\"@id\":\"https:\\\/\\\/www.eldigitaldeasturias.com\\\/noticias\\\/author\\\/admin\\\/#author\"},\"publisher\":{\"@id\":\"https:\\\/\\\/www.eldigitaldeasturias.com\\\/noticias\\\/#organization\"},\"image\":{\"@type\":\"ImageObject\",\"url\":868078},\"datePublished\":\"2018-04-07T01:23:05+02:00\",\"dateModified\":\"2018-04-07T01:23:05+02:00\",\"inLanguage\":\"es-ES\",\"mainEntityOfPage\":{\"@id\":\"https:\\\/\\\/www.eldigitaldeasturias.com\\\/noticias\\\/brasil-a-la-espera-lula-no-se-entrega\\\/#webpage\"},\"isPartOf\":{\"@id\":\"https:\\\/\\\/www.eldigitaldeasturias.com\\\/noticias\\\/brasil-a-la-espera-lula-no-se-entrega\\\/#webpage\"},\"articleSection\":\"Actualidad\"},{\"@type\":\"BreadcrumbList\",\"@id\":\"https:\\\/\\\/www.eldigitaldeasturias.com\\\/noticias\\\/brasil-a-la-espera-lula-no-se-entrega\\\/#breadcrumblist\",\"itemListElement\":[{\"@type\":\"ListItem\",\"@id\":\"https:\\\/\\\/www.eldigitaldeasturias.com\\\/noticias#listItem\",\"position\":1,\"name\":\"Home\",\"item\":\"https:\\\/\\\/www.eldigitaldeasturias.com\\\/noticias\",\"nextItem\":{\"@type\":\"ListItem\",\"@id\":\"https:\\\/\\\/www.eldigitaldeasturias.com\\\/noticias\\\/category\\\/actualidad\\\/#listItem\",\"name\":\"Actualidad\"}},{\"@type\":\"ListItem\",\"@id\":\"https:\\\/\\\/www.eldigitaldeasturias.com\\\/noticias\\\/category\\\/actualidad\\\/#listItem\",\"position\":2,\"name\":\"Actualidad\",\"item\":\"https:\\\/\\\/www.eldigitaldeasturias.com\\\/noticias\\\/category\\\/actualidad\\\/\",\"nextItem\":{\"@type\":\"ListItem\",\"@id\":\"https:\\\/\\\/www.eldigitaldeasturias.com\\\/noticias\\\/brasil-a-la-espera-lula-no-se-entrega\\\/#listItem\",\"name\":\"Brasil a la espera: \\u201cLula no se entrega\\u201d\"},\"previousItem\":{\"@type\":\"ListItem\",\"@id\":\"https:\\\/\\\/www.eldigitaldeasturias.com\\\/noticias#listItem\",\"name\":\"Home\"}},{\"@type\":\"ListItem\",\"@id\":\"https:\\\/\\\/www.eldigitaldeasturias.com\\\/noticias\\\/brasil-a-la-espera-lula-no-se-entrega\\\/#listItem\",\"position\":3,\"name\":\"Brasil a la espera: \\u201cLula no se entrega\\u201d\",\"previousItem\":{\"@type\":\"ListItem\",\"@id\":\"https:\\\/\\\/www.eldigitaldeasturias.com\\\/noticias\\\/category\\\/actualidad\\\/#listItem\",\"name\":\"Actualidad\"}}]},{\"@type\":\"Organization\",\"@id\":\"https:\\\/\\\/www.eldigitaldeasturias.com\\\/noticias\\\/#organization\",\"name\":\"El Digital de Asturias\",\"description\":\"Hemeroteca\",\"url\":\"https:\\\/\\\/www.eldigitaldeasturias.com\\\/noticias\\\/\",\"email\":\"info@eldigitaldeasturias.com\",\"telephone\":\"+34652131393\",\"logo\":{\"@type\":\"ImageObject\",\"url\":\"https:\\\/\\\/www.eldigitaldeasturias.com\\\/noticias\\\/wp-content\\\/uploads\\\/2020\\\/12\\\/EDA.jpg\",\"@id\":\"https:\\\/\\\/www.eldigitaldeasturias.com\\\/noticias\\\/brasil-a-la-espera-lula-no-se-entrega\\\/#organizationLogo\"},\"image\":{\"@id\":\"https:\\\/\\\/www.eldigitaldeasturias.com\\\/noticias\\\/brasil-a-la-espera-lula-no-se-entrega\\\/#organizationLogo\"},\"sameAs\":[\"https:\\\/\\\/facebook.com\\\/eldigitaldeasturias\",\"https:\\\/\\\/www.youtube.com\\\/channel\\\/UCZP-2wLEB9Rv6erhFmqVnvg\"],\"address\":{\"@id\":\"https:\\\/\\\/www.eldigitaldeasturias.com\\\/noticias\\\/#postaladdress\",\"@type\":\"PostalAddress\",\"streetAddress\":\"san antonio 4\",\"postalCode\":\"33430\",\"addressLocality\":\"Cand\\u00e1s\",\"addressRegion\":\"Asturias\",\"addressCountry\":\"ES\"}},{\"@type\":\"Person\",\"@id\":\"https:\\\/\\\/www.eldigitaldeasturias.com\\\/noticias\\\/author\\\/admin\\\/#author\",\"url\":\"https:\\\/\\\/www.eldigitaldeasturias.com\\\/noticias\\\/author\\\/admin\\\/\",\"name\":\"El Digital de Asturias\",\"image\":{\"@type\":\"ImageObject\",\"@id\":\"https:\\\/\\\/www.eldigitaldeasturias.com\\\/noticias\\\/brasil-a-la-espera-lula-no-se-entrega\\\/#authorImage\",\"url\":\"https:\\\/\\\/secure.gravatar.com\\\/avatar\\\/df2aeffc32bcd13f8d26072ef8a91b623d677766deac7f97ca815868cd41bf5e?s=96&d=mm&r=g\",\"width\":96,\"height\":96,\"caption\":\"El Digital de Asturias\"}},{\"@type\":\"WebPage\",\"@id\":\"https:\\\/\\\/www.eldigitaldeasturias.com\\\/noticias\\\/brasil-a-la-espera-lula-no-se-entrega\\\/#webpage\",\"url\":\"https:\\\/\\\/www.eldigitaldeasturias.com\\\/noticias\\\/brasil-a-la-espera-lula-no-se-entrega\\\/\",\"name\":\"Brasil a la espera: \\u201cLula no se entrega\\u201d - El Digital de Asturias\",\"description\":\"Sao Paulo, 6 abr (dpa) - El ex presidente brasile\\u00f1o Luiz In\\u00e1cio Lula da Silva considera que no incumpli\\u00f3 una orden de arresto al no entregarse hoy a la Polic\\u00eda para ingresar en prisi\\u00f3n por una condena por corrupci\\u00f3n, seg\\u00fan explic\\u00f3 la l\\u00edder del Partido de los Trabajadores (PT), Gleisi Hoffmann. \\\"Quiero dejar en claro\",\"inLanguage\":\"es-ES\",\"isPartOf\":{\"@id\":\"https:\\\/\\\/www.eldigitaldeasturias.com\\\/noticias\\\/#website\"},\"breadcrumb\":{\"@id\":\"https:\\\/\\\/www.eldigitaldeasturias.com\\\/noticias\\\/brasil-a-la-espera-lula-no-se-entrega\\\/#breadcrumblist\"},\"author\":{\"@id\":\"https:\\\/\\\/www.eldigitaldeasturias.com\\\/noticias\\\/author\\\/admin\\\/#author\"},\"creator\":{\"@id\":\"https:\\\/\\\/www.eldigitaldeasturias.com\\\/noticias\\\/author\\\/admin\\\/#author\"},\"image\":{\"@type\":\"ImageObject\",\"url\":868078,\"@id\":\"https:\\\/\\\/www.eldigitaldeasturias.com\\\/noticias\\\/brasil-a-la-espera-lula-no-se-entrega\\\/#mainImage\"},\"primaryImageOfPage\":{\"@id\":\"https:\\\/\\\/www.eldigitaldeasturias.com\\\/noticias\\\/brasil-a-la-espera-lula-no-se-entrega\\\/#mainImage\"},\"datePublished\":\"2018-04-07T01:23:05+02:00\",\"dateModified\":\"2018-04-07T01:23:05+02:00\"},{\"@type\":\"WebSite\",\"@id\":\"https:\\\/\\\/www.eldigitaldeasturias.com\\\/noticias\\\/#website\",\"url\":\"https:\\\/\\\/www.eldigitaldeasturias.com\\\/noticias\\\/\",\"name\":\"El Digital de Asturias - Diario de actualidad y noticias\",\"alternateName\":\"El Digital de Asturias - Diario de actualidad y noticias\",\"description\":\"Hemeroteca\",\"inLanguage\":\"es-ES\",\"publisher\":{\"@id\":\"https:\\\/\\\/www.eldigitaldeasturias.com\\\/noticias\\\/#organization\"}}]}\n\t\t<\/script>\n\t\t<!-- All in One SEO Pro -->\r\n\t\t<title>Brasil a la espera: \u201cLula no se entrega\u201d - El Digital de Asturias<\/title>\n\n","aioseo_head_json":{"title":"Brasil a la espera: \u201cLula no se entrega\u201d - El Digital de Asturias","description":"Sao Paulo, 6 abr (dpa) - El ex presidente brasile\u00f1o Luiz In\u00e1cio Lula da Silva considera que no incumpli\u00f3 una orden de arresto al no entregarse hoy a la Polic\u00eda para ingresar en prisi\u00f3n por una condena por corrupci\u00f3n, seg\u00fan explic\u00f3 la l\u00edder del Partido de los Trabajadores (PT), Gleisi Hoffmann. \"Quiero dejar en claro","canonical_url":"https:\/\/www.eldigitaldeasturias.com\/noticias\/brasil-a-la-espera-lula-no-se-entrega\/","robots":"max-image-preview:large","keywords":"actualidad","webmasterTools":{"google-site-verification":"UA-38556648-1","msvalidate.01":"7dfe9f3f1b24437ab69f4f2559babe99","miscellaneous":""},"schema":{"@context":"https:\/\/schema.org","@graph":[{"@type":"BlogPosting","@id":"https:\/\/www.eldigitaldeasturias.com\/noticias\/brasil-a-la-espera-lula-no-se-entrega\/#blogposting","name":"Brasil a la espera: \u201cLula no se entrega\u201d - El Digital de Asturias","headline":"Brasil a la espera: \u201cLula no se entrega\u201d","author":{"@id":"https:\/\/www.eldigitaldeasturias.com\/noticias\/author\/admin\/#author"},"publisher":{"@id":"https:\/\/www.eldigitaldeasturias.com\/noticias\/#organization"},"image":{"@type":"ImageObject","url":868078},"datePublished":"2018-04-07T01:23:05+02:00","dateModified":"2018-04-07T01:23:05+02:00","inLanguage":"es-ES","mainEntityOfPage":{"@id":"https:\/\/www.eldigitaldeasturias.com\/noticias\/brasil-a-la-espera-lula-no-se-entrega\/#webpage"},"isPartOf":{"@id":"https:\/\/www.eldigitaldeasturias.com\/noticias\/brasil-a-la-espera-lula-no-se-entrega\/#webpage"},"articleSection":"Actualidad"},{"@type":"BreadcrumbList","@id":"https:\/\/www.eldigitaldeasturias.com\/noticias\/brasil-a-la-espera-lula-no-se-entrega\/#breadcrumblist","itemListElement":[{"@type":"ListItem","@id":"https:\/\/www.eldigitaldeasturias.com\/noticias#listItem","position":1,"name":"Home","item":"https:\/\/www.eldigitaldeasturias.com\/noticias","nextItem":{"@type":"ListItem","@id":"https:\/\/www.eldigitaldeasturias.com\/noticias\/category\/actualidad\/#listItem","name":"Actualidad"}},{"@type":"ListItem","@id":"https:\/\/www.eldigitaldeasturias.com\/noticias\/category\/actualidad\/#listItem","position":2,"name":"Actualidad","item":"https:\/\/www.eldigitaldeasturias.com\/noticias\/category\/actualidad\/","nextItem":{"@type":"ListItem","@id":"https:\/\/www.eldigitaldeasturias.com\/noticias\/brasil-a-la-espera-lula-no-se-entrega\/#listItem","name":"Brasil a la espera: \u201cLula no se entrega\u201d"},"previousItem":{"@type":"ListItem","@id":"https:\/\/www.eldigitaldeasturias.com\/noticias#listItem","name":"Home"}},{"@type":"ListItem","@id":"https:\/\/www.eldigitaldeasturias.com\/noticias\/brasil-a-la-espera-lula-no-se-entrega\/#listItem","position":3,"name":"Brasil a la espera: \u201cLula no se entrega\u201d","previousItem":{"@type":"ListItem","@id":"https:\/\/www.eldigitaldeasturias.com\/noticias\/category\/actualidad\/#listItem","name":"Actualidad"}}]},{"@type":"Organization","@id":"https:\/\/www.eldigitaldeasturias.com\/noticias\/#organization","name":"El Digital de Asturias","description":"Hemeroteca","url":"https:\/\/www.eldigitaldeasturias.com\/noticias\/","email":"info@eldigitaldeasturias.com","telephone":"+34652131393","logo":{"@type":"ImageObject","url":"https:\/\/www.eldigitaldeasturias.com\/noticias\/wp-content\/uploads\/2020\/12\/EDA.jpg","@id":"https:\/\/www.eldigitaldeasturias.com\/noticias\/brasil-a-la-espera-lula-no-se-entrega\/#organizationLogo"},"image":{"@id":"https:\/\/www.eldigitaldeasturias.com\/noticias\/brasil-a-la-espera-lula-no-se-entrega\/#organizationLogo"},"sameAs":["https:\/\/facebook.com\/eldigitaldeasturias","https:\/\/www.youtube.com\/channel\/UCZP-2wLEB9Rv6erhFmqVnvg"],"address":{"@id":"https:\/\/www.eldigitaldeasturias.com\/noticias\/#postaladdress","@type":"PostalAddress","streetAddress":"san antonio 4","postalCode":"33430","addressLocality":"Cand\u00e1s","addressRegion":"Asturias","addressCountry":"ES"}},{"@type":"Person","@id":"https:\/\/www.eldigitaldeasturias.com\/noticias\/author\/admin\/#author","url":"https:\/\/www.eldigitaldeasturias.com\/noticias\/author\/admin\/","name":"El Digital de Asturias","image":{"@type":"ImageObject","@id":"https:\/\/www.eldigitaldeasturias.com\/noticias\/brasil-a-la-espera-lula-no-se-entrega\/#authorImage","url":"https:\/\/secure.gravatar.com\/avatar\/df2aeffc32bcd13f8d26072ef8a91b623d677766deac7f97ca815868cd41bf5e?s=96&d=mm&r=g","width":96,"height":96,"caption":"El Digital de Asturias"}},{"@type":"WebPage","@id":"https:\/\/www.eldigitaldeasturias.com\/noticias\/brasil-a-la-espera-lula-no-se-entrega\/#webpage","url":"https:\/\/www.eldigitaldeasturias.com\/noticias\/brasil-a-la-espera-lula-no-se-entrega\/","name":"Brasil a la espera: \u201cLula no se entrega\u201d - El Digital de Asturias","description":"Sao Paulo, 6 abr (dpa) - El ex presidente brasile\u00f1o Luiz In\u00e1cio Lula da Silva considera que no incumpli\u00f3 una orden de arresto al no entregarse hoy a la Polic\u00eda para ingresar en prisi\u00f3n por una condena por corrupci\u00f3n, seg\u00fan explic\u00f3 la l\u00edder del Partido de los Trabajadores (PT), Gleisi Hoffmann. \"Quiero dejar en claro","inLanguage":"es-ES","isPartOf":{"@id":"https:\/\/www.eldigitaldeasturias.com\/noticias\/#website"},"breadcrumb":{"@id":"https:\/\/www.eldigitaldeasturias.com\/noticias\/brasil-a-la-espera-lula-no-se-entrega\/#breadcrumblist"},"author":{"@id":"https:\/\/www.eldigitaldeasturias.com\/noticias\/author\/admin\/#author"},"creator":{"@id":"https:\/\/www.eldigitaldeasturias.com\/noticias\/author\/admin\/#author"},"image":{"@type":"ImageObject","url":868078,"@id":"https:\/\/www.eldigitaldeasturias.com\/noticias\/brasil-a-la-espera-lula-no-se-entrega\/#mainImage"},"primaryImageOfPage":{"@id":"https:\/\/www.eldigitaldeasturias.com\/noticias\/brasil-a-la-espera-lula-no-se-entrega\/#mainImage"},"datePublished":"2018-04-07T01:23:05+02:00","dateModified":"2018-04-07T01:23:05+02:00"},{"@type":"WebSite","@id":"https:\/\/www.eldigitaldeasturias.com\/noticias\/#website","url":"https:\/\/www.eldigitaldeasturias.com\/noticias\/","name":"El Digital de Asturias - Diario de actualidad y noticias","alternateName":"El Digital de Asturias - Diario de actualidad y noticias","description":"Hemeroteca","inLanguage":"es-ES","publisher":{"@id":"https:\/\/www.eldigitaldeasturias.com\/noticias\/#organization"}}]},"og:locale":"es_ES","og:site_name":"El Digital de Asturias","og:type":"article","og:title":"Brasil a la espera: \u201cLula no se entrega\u201d - El Digital de Asturias","og:description":"Sao Paulo, 6 abr (dpa) - El ex presidente brasile\u00f1o Luiz In\u00e1cio Lula da Silva considera que no incumpli\u00f3 una orden de arresto al no entregarse hoy a la Polic\u00eda para ingresar en prisi\u00f3n por una condena por corrupci\u00f3n, seg\u00fan explic\u00f3 la l\u00edder del Partido de los Trabajadores (PT), Gleisi Hoffmann. &quot;Quiero dejar en claro","og:url":"https:\/\/www.eldigitaldeasturias.com\/noticias\/brasil-a-la-espera-lula-no-se-entrega\/","article:tag":["actualidad"],"article:published_time":"2018-04-07T01:23:05+00:00","article:modified_time":"2018-04-07T01:23:05+00:00","article:publisher":"https:\/\/facebook.com\/eldigitaldeasturias","twitter:card":"summary_large_image","twitter:title":"Brasil a la espera: \u201cLula no se entrega\u201d - El Digital de Asturias","twitter:description":"Sao Paulo, 6 abr (dpa) - El ex presidente brasile\u00f1o Luiz In\u00e1cio Lula da Silva considera que no incumpli\u00f3 una orden de arresto al no entregarse hoy a la Polic\u00eda para ingresar en prisi\u00f3n por una condena por corrupci\u00f3n, seg\u00fan explic\u00f3 la l\u00edder del Partido de los Trabajadores (PT), Gleisi Hoffmann. &quot;Quiero dejar en claro","twitter:image":"https:\/\/www.eldigitaldeasturias.com\/noticias\/wp-content\/uploads\/2020\/12\/EDA-1.jpg","twitter:label1":"Escrito por","twitter:data1":"El Digital de Asturias","twitter:label2":"Tiempo de lectura estimado","twitter:data2":"2 minutos"},"aioseo_meta_data":{"post_id":"975072","title":null,"description":null,"keywords":null,"keyphrases":null,"primary_term":null,"canonical_url":null,"og_title":null,"og_description":null,"og_object_type":"default","og_image_type":"default","og_image_url":null,"og_image_width":null,"og_image_height":null,"og_image_custom_url":null,"og_image_custom_fields":null,"og_video":null,"og_custom_url":null,"og_article_section":null,"og_article_tags":null,"twitter_use_og":false,"twitter_card":"default","twitter_image_type":"default","twitter_image_url":null,"twitter_image_custom_url":null,"twitter_image_custom_fields":null,"twitter_title":null,"twitter_description":null,"schema":{"blockGraphs":[],"customGraphs":[],"default":{"data":{"Article":[],"Course":[],"Dataset":[],"FAQPage":[],"Movie":[],"Person":[],"Product":[],"ProductReview":[],"Car":[],"Recipe":[],"Service":[],"SoftwareApplication":[],"WebPage":[]},"graphName":"","isEnabled":true},"graphs":[],"defaultGraph":"","defaultPostTypeGraph":""},"schema_type":null,"schema_type_options":null,"pillar_content":false,"robots_default":true,"robots_noindex":false,"robots_noarchive":false,"robots_nosnippet":false,"robots_nofollow":false,"robots_noimageindex":false,"robots_noodp":false,"robots_notranslate":false,"robots_max_snippet":null,"robots_max_videopreview":null,"robots_max_imagepreview":"large","priority":null,"frequency":null,"local_seo":null,"seo_analyzer_scan_date":"2025-10-07 22:34:08","breadcrumb_settings":null,"limit_modified_date":false,"open_ai":null,"ai":null,"created":"2020-12-21 12:11:39","updated":"2025-10-07 22:34:08","focus_keyword":null,"additional_keywords":null,"truseo_locale":null},"aioseo_breadcrumb":"<div class=\"aioseo-breadcrumbs\"><span class=\"aioseo-breadcrumb\">\n\t<a href=\"https:\/\/www.eldigitaldeasturias.com\/noticias\" title=\"Home\">Home<\/a>\n<\/span><span class=\"aioseo-breadcrumb-separator\">\u2013<\/span><span class=\"aioseo-breadcrumb\">\n\t<a href=\"https:\/\/www.eldigitaldeasturias.com\/noticias\/category\/actualidad\/\" title=\"Actualidad\">Actualidad<\/a>\n<\/span><span class=\"aioseo-breadcrumb-separator\">\u2013<\/span><span class=\"aioseo-breadcrumb\">\n\t<a href=\"https:\/\/www.eldigitaldeasturias.com\/noticias\/brasil-a-la-espera-lula-no-se-entrega\/\" title=\"Brasil a la espera: \u201cLula no se entrega\u201d\">Brasil a la espera: \u201cLula no se entrega\u201d<\/a>\n<\/span><\/div>","aioseo_breadcrumb_json":[{"label":"Home","link":"https:\/\/www.eldigitaldeasturias.com\/noticias"},{"label":"Actualidad","link":"https:\/\/www.eldigitaldeasturias.com\/noticias\/category\/actualidad\/"},{"label":"Brasil a la espera: \u201cLula no se entrega\u201d","link":"https:\/\/www.eldigitaldeasturias.com\/noticias\/brasil-a-la-espera-lula-no-se-entrega\/"}],"_links":{"self":[{"href":"https:\/\/www.eldigitaldeasturias.com\/noticias\/wp-json\/wp\/v2\/posts\/975072","targetHints":{"allow":["GET"]}}],"collection":[{"href":"https:\/\/www.eldigitaldeasturias.com\/noticias\/wp-json\/wp\/v2\/posts"}],"about":[{"href":"https:\/\/www.eldigitaldeasturias.com\/noticias\/wp-json\/wp\/v2\/types\/post"}],"author":[{"embeddable":true,"href":"https:\/\/www.eldigitaldeasturias.com\/noticias\/wp-json\/wp\/v2\/users\/1"}],"replies":[{"embeddable":true,"href":"https:\/\/www.eldigitaldeasturias.com\/noticias\/wp-json\/wp\/v2\/comments?post=975072"}],"version-history":[{"count":0,"href":"https:\/\/www.eldigitaldeasturias.com\/noticias\/wp-json\/wp\/v2\/posts\/975072\/revisions"}],"wp:attachment":[{"href":"https:\/\/www.eldigitaldeasturias.com\/noticias\/wp-json\/wp\/v2\/media?parent=975072"}],"wp:term":[{"taxonomy":"category","embeddable":true,"href":"https:\/\/www.eldigitaldeasturias.com\/noticias\/wp-json\/wp\/v2\/categories?post=975072"},{"taxonomy":"post_tag","embeddable":true,"href":"https:\/\/www.eldigitaldeasturias.com\/noticias\/wp-json\/wp\/v2\/tags?post=975072"}],"curies":[{"name":"wp","href":"https:\/\/api.w.org\/{rel}","templated":true}]}}