{"id":975066,"date":"2018-04-07T01:03:58","date_gmt":"2018-04-07T01:03:58","guid":{"rendered":"http:\/\/www.eldigitaldeasturias.com\/noticias\/?p=975066"},"modified":"2018-04-07T01:03:58","modified_gmt":"2018-04-07T01:03:58","slug":"siete-muertos-y-mas-de-1-000-heridos-en-la-franja-de-gaza","status":"publish","type":"post","link":"https:\/\/www.eldigitaldeasturias.com\/noticias\/siete-muertos-y-mas-de-1-000-heridos-en-la-franja-de-gaza\/","title":{"rendered":"Siete muertos y m\u00e1s de 1.000 heridos en la Franja de Gaza"},"content":{"rendered":"<p><img loading=\"lazy\" decoding=\"async\" class=\"alignleft size-medium wp-image-974234\" src=\"https:\/\/www.eldigitaldeasturias.com\/noticias\/wp-content\/uploads\/2018\/03\/gaza-678979_1280-360x240.jpg\" alt=\"\" width=\"360\" height=\"240\" \/>Gaza, 6 abr (dpa) &#8211; Al menos siete palestinos murieron hoy y 1.070 resultaron heridos durante nuevas protestas masivas en la Franja de Gaza, en la frontera con Israel, por segundo viernes consecutivo.<\/p>\n<p>Un portavoz de las autoridades sanitarias palestinas inform\u00f3 que entre las v\u00edctimas mortales hay un adolescente de 16 a\u00f1os. Entre los heridos, en tanto, hay mujeres y ni\u00f1os.<\/p>\n<p>Alrededor de un tercio de los heridos sufrieron lesiones de armas de fuego, mientras que muchos otros se quejaron de molestias tras el uso de gases lacrim\u00f3genos. Tambi\u00e9n habr\u00eda periodistas palestinos entre los heridos.<\/p>\n<p>En los episodios de violencia m\u00e1s graves desde 2014, ya suman al menos 29 los palestinos muertos y m\u00e1s de 2.500 los heridos en el marco de la protesta de seis semanas llamada \u00abGran Marcha del Retorno\u00bb, iniciada el viernes pasado en la frontera entre Israel y la Franja de Gaza. As\u00ed los palestinos pretenden reivindicar su derecho a regresar al territorio del que fueron expulsados.<\/p>\n<p>Israel asegura que ataca expresamente a los instigadores de las protestas y que la mayor\u00eda de los muertos son milicianos palestinos.<\/p>\n<p>Seg\u00fan datos militares israel\u00edes, unos 20.000 palestinos participaron este viernes en las protestas y disturbios a lo largo de la frontera, quemando neum\u00e1ticos y lanzando piedras hacia Israel. Densas nubes de humo negro se elevaban en diversas partes de la frontera.<\/p>\n<p>El Ej\u00e9rcito israel\u00ed utiliz\u00f3 veh\u00edculos lanzaaguas para apagar los incendios y un gigantesco ventilador contra las nubes de humo que avanzaban hacia territorio israel\u00ed.<\/p>\n<p>Las protestas se producen cuando est\u00e1 a punto de cumplirse el 70 aniversario de la fundaci\u00f3n del Estado de Israel el 15 mayo de 1948, que los palestinos conocen como la \u00abNakba\u00bb (cat\u00e1strofe) ante los desplazamientos forzosos que provoc\u00f3. Desde entonces exigen su derecho a regresar a su antigua tierra, algo que Israel rechaza. Hasta ese d\u00eda, el 15 de mayo, Hamas pretende continuar con las protestas.<\/p>\n<p>Adem\u00e1s coincidir\u00e1n con el traslado previsto para el 14 de mayo de la embajada estadounidense de Tel Aviv a Jerusal\u00e9n, que tambi\u00e9n ha creado tensiones.<\/p>\n<p>Con la quema de miles de neum\u00e1ticos, los palestinos pretend\u00edan crear una \u00abpared de humo\u00bb para dificultar la visi\u00f3n de los francotiradores del Ej\u00e9rcito israel\u00ed apostados al otro lado.<\/p>\n<p>Los militares israel\u00edes dijeron que hubo varios intentos de da\u00f1ar la valla lim\u00edtrofe y de cruzar la frontera al amparo del humo. Tambi\u00e9n se arrojaron artefactos explosivos, apuntaron.<\/p>\n<p>El Ej\u00e9rcito israel\u00ed declar\u00f3 el \u00e1rea zona militar y asegur\u00f3 que responde \u00abcon medios y fuego para dispersar protestas seg\u00fan lo estipulado\u00bb. \u00abNo tolera ninguna violaci\u00f3n del dispositivo de seguridad y de la valle fronteriza\u00bb y actuar\u00e1 contra los atacantes para proteger a los civiles israel\u00edes, a\u00f1adi\u00f3.<\/p>\n<p>Los activistas palestinos se protegieron con mascarillas durante la quema de los neum\u00e1ticos. Israel ha alertado tambi\u00e9n de las consecuencias para el medio ambiente y la salud que tienen estas acciones.<\/p>\n<p>El secretario general de la ONU, Ant\u00f3nio Guterres, hizo un llamamiento a la contenci\u00f3n. La Oficina de Derechos Humanos de la ONU se\u00f1al\u00f3 que hay \u00abfuertes indicios\u00bb de que las fuerzas de seguridad israel\u00edes utilizaron excesiva violencia y Guterres pidi\u00f3 una investigaci\u00f3n de lo ocurrido.<\/p>\n<p>Mientras, el Comit\u00e9 Internacional de la Cruz Roja (CICR) se mostr\u00f3 preocupado por la elevada cifra de v\u00edctimas. \u00abReconocemos las preocupaciones de Israel por su seguridad, pero la violencia letal debe emplearse s\u00f3lo como \u00faltimo recurso y cuando sea totalmente inevitable para proteger vidas\u00bb, se\u00f1ala en un comunicado.<\/p>\n<p>Hamas es considerada organizaci\u00f3n terrorista por Estados Unidos, la Uni\u00f3n Europea e Israel. No reconoce el derecho a la existencia de Israel y aboga por el establecimiento por la fuerza de un Estado de Palestina desde el mar Mediterr\u00e1neo hasta el r\u00edo Jord\u00e1n.<\/p>\n<p>Hamas asumi\u00f3 el poder en la Franja de Gaza en 2007 y desde entonces se enfrent\u00f3 en tres guerras con Israel, que han minado la econom\u00eda de Gaza.<\/p>\n<p>El enclave costero tiene una tasa de desempleo de m\u00e1s del 40 por ciento y enfrenta una situaci\u00f3n humanitaria extrema, exacerbada por el bloqueo de a\u00f1os de Israel y Egipto.<\/p>\n<p>\u00abEsperaremos y veremos si el mundo recibe nuestro mensaje y (pone) presi\u00f3n sobre Israel para que frene sus cr\u00edmenes contra nuestro pueblo\u00bb, dijo hoy Mahmud Zahar, un alto l\u00edder de Hamas. \u00abY si el mundo no lo hace, nos veremos obligados a usar nuestras armas\u00bb.<\/p>\n","protected":false},"excerpt":{"rendered":"<p>Gaza, 6 abr (dpa) &#8211; Al menos siete palestinos murieron hoy y 1.070 resultaron heridos durante nuevas protestas masivas en la Franja de Gaza, en la frontera con Israel, por segundo viernes consecutivo. Un portavoz de las autoridades sanitarias palestinas inform\u00f3 que entre las v\u00edctimas mortales hay un adolescente de 16 a\u00f1os. Entre los heridos, [&hellip;]<\/p>\n","protected":false},"author":1,"featured_media":974234,"comment_status":"closed","ping_status":"closed","sticky":false,"template":"","format":"standard","meta":{"footnotes":""},"categories":[1],"tags":[],"class_list":["post-975066","post","type-post","status-publish","format-standard","has-post-thumbnail","hentry","category-actualidad"],"aioseo_notices":[],"aioseo_head":"\n\t\t<!-- All in One SEO Pro 5.0.1 - aioseo.com -->\n\t<meta name=\"description\" content=\"Gaza, 6 abr (dpa) - Al menos siete palestinos murieron hoy y 1.070 resultaron heridos durante nuevas protestas masivas en la Franja de Gaza, en la frontera con Israel, por segundo viernes consecutivo. Un portavoz de las autoridades sanitarias palestinas inform\u00f3 que entre las v\u00edctimas mortales hay un adolescente de 16 a\u00f1os. Entre los heridos,\" \/>\n\t<meta name=\"robots\" content=\"max-image-preview:large\" \/>\n\t<meta name=\"author\" content=\"El Digital de Asturias\"\/>\n\t<meta name=\"google-site-verification\" content=\"UA-38556648-1\" \/>\n\t<meta name=\"msvalidate.01\" content=\"7dfe9f3f1b24437ab69f4f2559babe99\" \/>\n\t<meta name=\"keywords\" content=\"actualidad\" \/>\n\t<link rel=\"canonical\" href=\"https:\/\/www.eldigitaldeasturias.com\/noticias\/siete-muertos-y-mas-de-1-000-heridos-en-la-franja-de-gaza\/\" \/>\n\t<meta name=\"generator\" content=\"All in One SEO Pro (AIOSEO) 5.0.1\" \/>\n\t\t<meta property=\"og:locale\" content=\"es_ES\" \/>\n\t\t<meta property=\"og:site_name\" content=\"El Digital de Asturias\" \/>\n\t\t<meta property=\"og:type\" content=\"article\" \/>\n\t\t<meta property=\"og:title\" content=\"Siete muertos y m\u00e1s de 1.000 heridos en la Franja de Gaza - El Digital de Asturias\" \/>\n\t\t<meta property=\"og:description\" content=\"Gaza, 6 abr (dpa) - Al menos siete palestinos murieron hoy y 1.070 resultaron heridos durante nuevas protestas masivas en la Franja de Gaza, en la frontera con Israel, por segundo viernes consecutivo. Un portavoz de las autoridades sanitarias palestinas inform\u00f3 que entre las v\u00edctimas mortales hay un adolescente de 16 a\u00f1os. Entre los heridos,\" \/>\n\t\t<meta property=\"og:url\" content=\"https:\/\/www.eldigitaldeasturias.com\/noticias\/siete-muertos-y-mas-de-1-000-heridos-en-la-franja-de-gaza\/\" \/>\n\t\t<meta property=\"article:tag\" content=\"actualidad\" \/>\n\t\t<meta property=\"article:published_time\" content=\"2018-04-07T01:03:58+00:00\" \/>\n\t\t<meta property=\"article:modified_time\" content=\"2018-04-07T01:03:58+00:00\" \/>\n\t\t<meta property=\"article:publisher\" content=\"https:\/\/facebook.com\/eldigitaldeasturias\" \/>\n\t\t<meta name=\"twitter:card\" content=\"summary_large_image\" \/>\n\t\t<meta name=\"twitter:title\" content=\"Siete muertos y m\u00e1s de 1.000 heridos en la Franja de Gaza - El Digital de Asturias\" \/>\n\t\t<meta name=\"twitter:description\" content=\"Gaza, 6 abr (dpa) - Al menos siete palestinos murieron hoy y 1.070 resultaron heridos durante nuevas protestas masivas en la Franja de Gaza, en la frontera con Israel, por segundo viernes consecutivo. Un portavoz de las autoridades sanitarias palestinas inform\u00f3 que entre las v\u00edctimas mortales hay un adolescente de 16 a\u00f1os. Entre los heridos,\" \/>\n\t\t<meta name=\"twitter:image\" content=\"https:\/\/www.eldigitaldeasturias.com\/noticias\/wp-content\/uploads\/2020\/12\/EDA-1.jpg\" \/>\n\t\t<meta name=\"twitter:label1\" content=\"Escrito por\" \/>\n\t\t<meta name=\"twitter:data1\" content=\"El Digital de Asturias\" \/>\n\t\t<meta name=\"twitter:label2\" content=\"Tiempo de lectura estimado\" \/>\n\t\t<meta name=\"twitter:data2\" content=\"4 minutos\" \/>\n\t\t<script type=\"application\/ld+json\" class=\"aioseo-schema\">\n\t\t\t{\"@context\":\"https:\\\/\\\/schema.org\",\"@graph\":[{\"@type\":\"BlogPosting\",\"@id\":\"https:\\\/\\\/www.eldigitaldeasturias.com\\\/noticias\\\/siete-muertos-y-mas-de-1-000-heridos-en-la-franja-de-gaza\\\/#blogposting\",\"name\":\"Siete muertos y m\\u00e1s de 1.000 heridos en la Franja de Gaza - El Digital de Asturias\",\"headline\":\"Siete muertos y m\\u00e1s de 1.000 heridos en la Franja de Gaza\",\"author\":{\"@id\":\"https:\\\/\\\/www.eldigitaldeasturias.com\\\/noticias\\\/author\\\/admin\\\/#author\"},\"publisher\":{\"@id\":\"https:\\\/\\\/www.eldigitaldeasturias.com\\\/noticias\\\/#organization\"},\"image\":{\"@type\":\"ImageObject\",\"url\":974234},\"datePublished\":\"2018-04-07T01:03:58+02:00\",\"dateModified\":\"2018-04-07T01:03:58+02:00\",\"inLanguage\":\"es-ES\",\"mainEntityOfPage\":{\"@id\":\"https:\\\/\\\/www.eldigitaldeasturias.com\\\/noticias\\\/siete-muertos-y-mas-de-1-000-heridos-en-la-franja-de-gaza\\\/#webpage\"},\"isPartOf\":{\"@id\":\"https:\\\/\\\/www.eldigitaldeasturias.com\\\/noticias\\\/siete-muertos-y-mas-de-1-000-heridos-en-la-franja-de-gaza\\\/#webpage\"},\"articleSection\":\"Actualidad\"},{\"@type\":\"BreadcrumbList\",\"@id\":\"https:\\\/\\\/www.eldigitaldeasturias.com\\\/noticias\\\/siete-muertos-y-mas-de-1-000-heridos-en-la-franja-de-gaza\\\/#breadcrumblist\",\"itemListElement\":[{\"@type\":\"ListItem\",\"@id\":\"https:\\\/\\\/www.eldigitaldeasturias.com\\\/noticias#listItem\",\"position\":1,\"name\":\"Home\",\"item\":\"https:\\\/\\\/www.eldigitaldeasturias.com\\\/noticias\",\"nextItem\":{\"@type\":\"ListItem\",\"@id\":\"https:\\\/\\\/www.eldigitaldeasturias.com\\\/noticias\\\/category\\\/actualidad\\\/#listItem\",\"name\":\"Actualidad\"}},{\"@type\":\"ListItem\",\"@id\":\"https:\\\/\\\/www.eldigitaldeasturias.com\\\/noticias\\\/category\\\/actualidad\\\/#listItem\",\"position\":2,\"name\":\"Actualidad\",\"item\":\"https:\\\/\\\/www.eldigitaldeasturias.com\\\/noticias\\\/category\\\/actualidad\\\/\",\"nextItem\":{\"@type\":\"ListItem\",\"@id\":\"https:\\\/\\\/www.eldigitaldeasturias.com\\\/noticias\\\/siete-muertos-y-mas-de-1-000-heridos-en-la-franja-de-gaza\\\/#listItem\",\"name\":\"Siete muertos y m\\u00e1s de 1.000 heridos en la Franja de Gaza\"},\"previousItem\":{\"@type\":\"ListItem\",\"@id\":\"https:\\\/\\\/www.eldigitaldeasturias.com\\\/noticias#listItem\",\"name\":\"Home\"}},{\"@type\":\"ListItem\",\"@id\":\"https:\\\/\\\/www.eldigitaldeasturias.com\\\/noticias\\\/siete-muertos-y-mas-de-1-000-heridos-en-la-franja-de-gaza\\\/#listItem\",\"position\":3,\"name\":\"Siete muertos y m\\u00e1s de 1.000 heridos en la Franja de Gaza\",\"previousItem\":{\"@type\":\"ListItem\",\"@id\":\"https:\\\/\\\/www.eldigitaldeasturias.com\\\/noticias\\\/category\\\/actualidad\\\/#listItem\",\"name\":\"Actualidad\"}}]},{\"@type\":\"Organization\",\"@id\":\"https:\\\/\\\/www.eldigitaldeasturias.com\\\/noticias\\\/#organization\",\"name\":\"El Digital de Asturias\",\"description\":\"Hemeroteca\",\"url\":\"https:\\\/\\\/www.eldigitaldeasturias.com\\\/noticias\\\/\",\"email\":\"info@eldigitaldeasturias.com\",\"telephone\":\"+34652131393\",\"logo\":{\"@type\":\"ImageObject\",\"url\":\"https:\\\/\\\/www.eldigitaldeasturias.com\\\/noticias\\\/wp-content\\\/uploads\\\/2020\\\/12\\\/EDA.jpg\",\"@id\":\"https:\\\/\\\/www.eldigitaldeasturias.com\\\/noticias\\\/siete-muertos-y-mas-de-1-000-heridos-en-la-franja-de-gaza\\\/#organizationLogo\"},\"image\":{\"@id\":\"https:\\\/\\\/www.eldigitaldeasturias.com\\\/noticias\\\/siete-muertos-y-mas-de-1-000-heridos-en-la-franja-de-gaza\\\/#organizationLogo\"},\"sameAs\":[\"https:\\\/\\\/facebook.com\\\/eldigitaldeasturias\",\"https:\\\/\\\/www.youtube.com\\\/channel\\\/UCZP-2wLEB9Rv6erhFmqVnvg\"],\"address\":{\"@id\":\"https:\\\/\\\/www.eldigitaldeasturias.com\\\/noticias\\\/#postaladdress\",\"@type\":\"PostalAddress\",\"streetAddress\":\"san antonio 4\",\"postalCode\":\"33430\",\"addressLocality\":\"Cand\\u00e1s\",\"addressRegion\":\"Asturias\",\"addressCountry\":\"ES\"}},{\"@type\":\"Person\",\"@id\":\"https:\\\/\\\/www.eldigitaldeasturias.com\\\/noticias\\\/author\\\/admin\\\/#author\",\"url\":\"https:\\\/\\\/www.eldigitaldeasturias.com\\\/noticias\\\/author\\\/admin\\\/\",\"name\":\"El Digital de Asturias\",\"image\":{\"@type\":\"ImageObject\",\"@id\":\"https:\\\/\\\/www.eldigitaldeasturias.com\\\/noticias\\\/siete-muertos-y-mas-de-1-000-heridos-en-la-franja-de-gaza\\\/#authorImage\",\"url\":\"https:\\\/\\\/secure.gravatar.com\\\/avatar\\\/df2aeffc32bcd13f8d26072ef8a91b623d677766deac7f97ca815868cd41bf5e?s=96&d=mm&r=g\",\"width\":96,\"height\":96,\"caption\":\"El Digital de Asturias\"}},{\"@type\":\"WebPage\",\"@id\":\"https:\\\/\\\/www.eldigitaldeasturias.com\\\/noticias\\\/siete-muertos-y-mas-de-1-000-heridos-en-la-franja-de-gaza\\\/#webpage\",\"url\":\"https:\\\/\\\/www.eldigitaldeasturias.com\\\/noticias\\\/siete-muertos-y-mas-de-1-000-heridos-en-la-franja-de-gaza\\\/\",\"name\":\"Siete muertos y m\\u00e1s de 1.000 heridos en la Franja de Gaza - El Digital de Asturias\",\"description\":\"Gaza, 6 abr (dpa) - Al menos siete palestinos murieron hoy y 1.070 resultaron heridos durante nuevas protestas masivas en la Franja de Gaza, en la frontera con Israel, por segundo viernes consecutivo. Un portavoz de las autoridades sanitarias palestinas inform\\u00f3 que entre las v\\u00edctimas mortales hay un adolescente de 16 a\\u00f1os. Entre los heridos,\",\"inLanguage\":\"es-ES\",\"isPartOf\":{\"@id\":\"https:\\\/\\\/www.eldigitaldeasturias.com\\\/noticias\\\/#website\"},\"breadcrumb\":{\"@id\":\"https:\\\/\\\/www.eldigitaldeasturias.com\\\/noticias\\\/siete-muertos-y-mas-de-1-000-heridos-en-la-franja-de-gaza\\\/#breadcrumblist\"},\"author\":{\"@id\":\"https:\\\/\\\/www.eldigitaldeasturias.com\\\/noticias\\\/author\\\/admin\\\/#author\"},\"creator\":{\"@id\":\"https:\\\/\\\/www.eldigitaldeasturias.com\\\/noticias\\\/author\\\/admin\\\/#author\"},\"image\":{\"@type\":\"ImageObject\",\"url\":974234,\"@id\":\"https:\\\/\\\/www.eldigitaldeasturias.com\\\/noticias\\\/siete-muertos-y-mas-de-1-000-heridos-en-la-franja-de-gaza\\\/#mainImage\"},\"primaryImageOfPage\":{\"@id\":\"https:\\\/\\\/www.eldigitaldeasturias.com\\\/noticias\\\/siete-muertos-y-mas-de-1-000-heridos-en-la-franja-de-gaza\\\/#mainImage\"},\"datePublished\":\"2018-04-07T01:03:58+02:00\",\"dateModified\":\"2018-04-07T01:03:58+02:00\"},{\"@type\":\"WebSite\",\"@id\":\"https:\\\/\\\/www.eldigitaldeasturias.com\\\/noticias\\\/#website\",\"url\":\"https:\\\/\\\/www.eldigitaldeasturias.com\\\/noticias\\\/\",\"name\":\"El Digital de Asturias - Diario de actualidad y noticias\",\"alternateName\":\"El Digital de Asturias - Diario de actualidad y noticias\",\"description\":\"Hemeroteca\",\"inLanguage\":\"es-ES\",\"publisher\":{\"@id\":\"https:\\\/\\\/www.eldigitaldeasturias.com\\\/noticias\\\/#organization\"}}]}\n\t\t<\/script>\n\t\t<!-- All in One SEO Pro -->\r\n\t\t<title>Siete muertos y m\u00e1s de 1.000 heridos en la Franja de Gaza - El Digital de Asturias<\/title>\n\n","aioseo_head_json":{"title":"Siete muertos y m\u00e1s de 1.000 heridos en la Franja de Gaza - El Digital de Asturias","description":"Gaza, 6 abr (dpa) - Al menos siete palestinos murieron hoy y 1.070 resultaron heridos durante nuevas protestas masivas en la Franja de Gaza, en la frontera con Israel, por segundo viernes consecutivo. Un portavoz de las autoridades sanitarias palestinas inform\u00f3 que entre las v\u00edctimas mortales hay un adolescente de 16 a\u00f1os. Entre los heridos,","canonical_url":"https:\/\/www.eldigitaldeasturias.com\/noticias\/siete-muertos-y-mas-de-1-000-heridos-en-la-franja-de-gaza\/","robots":"max-image-preview:large","keywords":"actualidad","webmasterTools":{"google-site-verification":"UA-38556648-1","msvalidate.01":"7dfe9f3f1b24437ab69f4f2559babe99","miscellaneous":""},"schema":{"@context":"https:\/\/schema.org","@graph":[{"@type":"BlogPosting","@id":"https:\/\/www.eldigitaldeasturias.com\/noticias\/siete-muertos-y-mas-de-1-000-heridos-en-la-franja-de-gaza\/#blogposting","name":"Siete muertos y m\u00e1s de 1.000 heridos en la Franja de Gaza - El Digital de Asturias","headline":"Siete muertos y m\u00e1s de 1.000 heridos en la Franja de Gaza","author":{"@id":"https:\/\/www.eldigitaldeasturias.com\/noticias\/author\/admin\/#author"},"publisher":{"@id":"https:\/\/www.eldigitaldeasturias.com\/noticias\/#organization"},"image":{"@type":"ImageObject","url":974234},"datePublished":"2018-04-07T01:03:58+02:00","dateModified":"2018-04-07T01:03:58+02:00","inLanguage":"es-ES","mainEntityOfPage":{"@id":"https:\/\/www.eldigitaldeasturias.com\/noticias\/siete-muertos-y-mas-de-1-000-heridos-en-la-franja-de-gaza\/#webpage"},"isPartOf":{"@id":"https:\/\/www.eldigitaldeasturias.com\/noticias\/siete-muertos-y-mas-de-1-000-heridos-en-la-franja-de-gaza\/#webpage"},"articleSection":"Actualidad"},{"@type":"BreadcrumbList","@id":"https:\/\/www.eldigitaldeasturias.com\/noticias\/siete-muertos-y-mas-de-1-000-heridos-en-la-franja-de-gaza\/#breadcrumblist","itemListElement":[{"@type":"ListItem","@id":"https:\/\/www.eldigitaldeasturias.com\/noticias#listItem","position":1,"name":"Home","item":"https:\/\/www.eldigitaldeasturias.com\/noticias","nextItem":{"@type":"ListItem","@id":"https:\/\/www.eldigitaldeasturias.com\/noticias\/category\/actualidad\/#listItem","name":"Actualidad"}},{"@type":"ListItem","@id":"https:\/\/www.eldigitaldeasturias.com\/noticias\/category\/actualidad\/#listItem","position":2,"name":"Actualidad","item":"https:\/\/www.eldigitaldeasturias.com\/noticias\/category\/actualidad\/","nextItem":{"@type":"ListItem","@id":"https:\/\/www.eldigitaldeasturias.com\/noticias\/siete-muertos-y-mas-de-1-000-heridos-en-la-franja-de-gaza\/#listItem","name":"Siete muertos y m\u00e1s de 1.000 heridos en la Franja de Gaza"},"previousItem":{"@type":"ListItem","@id":"https:\/\/www.eldigitaldeasturias.com\/noticias#listItem","name":"Home"}},{"@type":"ListItem","@id":"https:\/\/www.eldigitaldeasturias.com\/noticias\/siete-muertos-y-mas-de-1-000-heridos-en-la-franja-de-gaza\/#listItem","position":3,"name":"Siete muertos y m\u00e1s de 1.000 heridos en la Franja de Gaza","previousItem":{"@type":"ListItem","@id":"https:\/\/www.eldigitaldeasturias.com\/noticias\/category\/actualidad\/#listItem","name":"Actualidad"}}]},{"@type":"Organization","@id":"https:\/\/www.eldigitaldeasturias.com\/noticias\/#organization","name":"El Digital de Asturias","description":"Hemeroteca","url":"https:\/\/www.eldigitaldeasturias.com\/noticias\/","email":"info@eldigitaldeasturias.com","telephone":"+34652131393","logo":{"@type":"ImageObject","url":"https:\/\/www.eldigitaldeasturias.com\/noticias\/wp-content\/uploads\/2020\/12\/EDA.jpg","@id":"https:\/\/www.eldigitaldeasturias.com\/noticias\/siete-muertos-y-mas-de-1-000-heridos-en-la-franja-de-gaza\/#organizationLogo"},"image":{"@id":"https:\/\/www.eldigitaldeasturias.com\/noticias\/siete-muertos-y-mas-de-1-000-heridos-en-la-franja-de-gaza\/#organizationLogo"},"sameAs":["https:\/\/facebook.com\/eldigitaldeasturias","https:\/\/www.youtube.com\/channel\/UCZP-2wLEB9Rv6erhFmqVnvg"],"address":{"@id":"https:\/\/www.eldigitaldeasturias.com\/noticias\/#postaladdress","@type":"PostalAddress","streetAddress":"san antonio 4","postalCode":"33430","addressLocality":"Cand\u00e1s","addressRegion":"Asturias","addressCountry":"ES"}},{"@type":"Person","@id":"https:\/\/www.eldigitaldeasturias.com\/noticias\/author\/admin\/#author","url":"https:\/\/www.eldigitaldeasturias.com\/noticias\/author\/admin\/","name":"El Digital de Asturias","image":{"@type":"ImageObject","@id":"https:\/\/www.eldigitaldeasturias.com\/noticias\/siete-muertos-y-mas-de-1-000-heridos-en-la-franja-de-gaza\/#authorImage","url":"https:\/\/secure.gravatar.com\/avatar\/df2aeffc32bcd13f8d26072ef8a91b623d677766deac7f97ca815868cd41bf5e?s=96&d=mm&r=g","width":96,"height":96,"caption":"El Digital de Asturias"}},{"@type":"WebPage","@id":"https:\/\/www.eldigitaldeasturias.com\/noticias\/siete-muertos-y-mas-de-1-000-heridos-en-la-franja-de-gaza\/#webpage","url":"https:\/\/www.eldigitaldeasturias.com\/noticias\/siete-muertos-y-mas-de-1-000-heridos-en-la-franja-de-gaza\/","name":"Siete muertos y m\u00e1s de 1.000 heridos en la Franja de Gaza - El Digital de Asturias","description":"Gaza, 6 abr (dpa) - Al menos siete palestinos murieron hoy y 1.070 resultaron heridos durante nuevas protestas masivas en la Franja de Gaza, en la frontera con Israel, por segundo viernes consecutivo. Un portavoz de las autoridades sanitarias palestinas inform\u00f3 que entre las v\u00edctimas mortales hay un adolescente de 16 a\u00f1os. Entre los heridos,","inLanguage":"es-ES","isPartOf":{"@id":"https:\/\/www.eldigitaldeasturias.com\/noticias\/#website"},"breadcrumb":{"@id":"https:\/\/www.eldigitaldeasturias.com\/noticias\/siete-muertos-y-mas-de-1-000-heridos-en-la-franja-de-gaza\/#breadcrumblist"},"author":{"@id":"https:\/\/www.eldigitaldeasturias.com\/noticias\/author\/admin\/#author"},"creator":{"@id":"https:\/\/www.eldigitaldeasturias.com\/noticias\/author\/admin\/#author"},"image":{"@type":"ImageObject","url":974234,"@id":"https:\/\/www.eldigitaldeasturias.com\/noticias\/siete-muertos-y-mas-de-1-000-heridos-en-la-franja-de-gaza\/#mainImage"},"primaryImageOfPage":{"@id":"https:\/\/www.eldigitaldeasturias.com\/noticias\/siete-muertos-y-mas-de-1-000-heridos-en-la-franja-de-gaza\/#mainImage"},"datePublished":"2018-04-07T01:03:58+02:00","dateModified":"2018-04-07T01:03:58+02:00"},{"@type":"WebSite","@id":"https:\/\/www.eldigitaldeasturias.com\/noticias\/#website","url":"https:\/\/www.eldigitaldeasturias.com\/noticias\/","name":"El Digital de Asturias - Diario de actualidad y noticias","alternateName":"El Digital de Asturias - Diario de actualidad y noticias","description":"Hemeroteca","inLanguage":"es-ES","publisher":{"@id":"https:\/\/www.eldigitaldeasturias.com\/noticias\/#organization"}}]},"og:locale":"es_ES","og:site_name":"El Digital de Asturias","og:type":"article","og:title":"Siete muertos y m\u00e1s de 1.000 heridos en la Franja de Gaza - El Digital de Asturias","og:description":"Gaza, 6 abr (dpa) - Al menos siete palestinos murieron hoy y 1.070 resultaron heridos durante nuevas protestas masivas en la Franja de Gaza, en la frontera con Israel, por segundo viernes consecutivo. Un portavoz de las autoridades sanitarias palestinas inform\u00f3 que entre las v\u00edctimas mortales hay un adolescente de 16 a\u00f1os. Entre los heridos,","og:url":"https:\/\/www.eldigitaldeasturias.com\/noticias\/siete-muertos-y-mas-de-1-000-heridos-en-la-franja-de-gaza\/","article:tag":["actualidad"],"article:published_time":"2018-04-07T01:03:58+00:00","article:modified_time":"2018-04-07T01:03:58+00:00","article:publisher":"https:\/\/facebook.com\/eldigitaldeasturias","twitter:card":"summary_large_image","twitter:title":"Siete muertos y m\u00e1s de 1.000 heridos en la Franja de Gaza - El Digital de Asturias","twitter:description":"Gaza, 6 abr (dpa) - Al menos siete palestinos murieron hoy y 1.070 resultaron heridos durante nuevas protestas masivas en la Franja de Gaza, en la frontera con Israel, por segundo viernes consecutivo. Un portavoz de las autoridades sanitarias palestinas inform\u00f3 que entre las v\u00edctimas mortales hay un adolescente de 16 a\u00f1os. Entre los heridos,","twitter:image":"https:\/\/www.eldigitaldeasturias.com\/noticias\/wp-content\/uploads\/2020\/12\/EDA-1.jpg","twitter:label1":"Escrito por","twitter:data1":"El Digital de Asturias","twitter:label2":"Tiempo de lectura estimado","twitter:data2":"4 minutos"},"aioseo_meta_data":{"post_id":"975066","title":null,"description":null,"keywords":null,"keyphrases":null,"primary_term":null,"canonical_url":null,"og_title":null,"og_description":null,"og_object_type":"default","og_image_type":"default","og_image_url":null,"og_image_width":null,"og_image_height":null,"og_image_custom_url":null,"og_image_custom_fields":null,"og_video":null,"og_custom_url":null,"og_article_section":null,"og_article_tags":null,"twitter_use_og":false,"twitter_card":"default","twitter_image_type":"default","twitter_image_url":null,"twitter_image_custom_url":null,"twitter_image_custom_fields":null,"twitter_title":null,"twitter_description":null,"schema":{"blockGraphs":[],"customGraphs":[],"default":{"data":{"Article":[],"Course":[],"Dataset":[],"FAQPage":[],"Movie":[],"Person":[],"Product":[],"ProductReview":[],"Car":[],"Recipe":[],"Service":[],"SoftwareApplication":[],"WebPage":[]},"graphName":"","isEnabled":true},"graphs":[],"defaultGraph":"","defaultPostTypeGraph":""},"schema_type":null,"schema_type_options":null,"pillar_content":false,"robots_default":true,"robots_noindex":false,"robots_noarchive":false,"robots_nosnippet":false,"robots_nofollow":false,"robots_noimageindex":false,"robots_noodp":false,"robots_notranslate":false,"robots_max_snippet":null,"robots_max_videopreview":null,"robots_max_imagepreview":"large","priority":null,"frequency":null,"local_seo":null,"seo_analyzer_scan_date":"2025-10-07 22:32:30","breadcrumb_settings":null,"limit_modified_date":false,"open_ai":null,"ai":null,"created":"2020-12-21 12:11:39","updated":"2025-10-07 22:32:30","focus_keyword":null,"additional_keywords":null,"truseo_locale":null},"aioseo_breadcrumb":"<div class=\"aioseo-breadcrumbs\"><span class=\"aioseo-breadcrumb\">\n\t<a href=\"https:\/\/www.eldigitaldeasturias.com\/noticias\" title=\"Home\">Home<\/a>\n<\/span><span class=\"aioseo-breadcrumb-separator\">\u2013<\/span><span class=\"aioseo-breadcrumb\">\n\t<a href=\"https:\/\/www.eldigitaldeasturias.com\/noticias\/category\/actualidad\/\" title=\"Actualidad\">Actualidad<\/a>\n<\/span><span class=\"aioseo-breadcrumb-separator\">\u2013<\/span><span class=\"aioseo-breadcrumb\">\n\t<a href=\"https:\/\/www.eldigitaldeasturias.com\/noticias\/siete-muertos-y-mas-de-1-000-heridos-en-la-franja-de-gaza\/\" title=\"Siete muertos y m\u00e1s de 1.000 heridos en la Franja de Gaza\">Siete muertos y m\u00e1s de 1.000 heridos en la Franja de Gaza<\/a>\n<\/span><\/div>","aioseo_breadcrumb_json":[{"label":"Home","link":"https:\/\/www.eldigitaldeasturias.com\/noticias"},{"label":"Actualidad","link":"https:\/\/www.eldigitaldeasturias.com\/noticias\/category\/actualidad\/"},{"label":"Siete muertos y m\u00e1s de 1.000 heridos en la Franja de Gaza","link":"https:\/\/www.eldigitaldeasturias.com\/noticias\/siete-muertos-y-mas-de-1-000-heridos-en-la-franja-de-gaza\/"}],"_links":{"self":[{"href":"https:\/\/www.eldigitaldeasturias.com\/noticias\/wp-json\/wp\/v2\/posts\/975066","targetHints":{"allow":["GET"]}}],"collection":[{"href":"https:\/\/www.eldigitaldeasturias.com\/noticias\/wp-json\/wp\/v2\/posts"}],"about":[{"href":"https:\/\/www.eldigitaldeasturias.com\/noticias\/wp-json\/wp\/v2\/types\/post"}],"author":[{"embeddable":true,"href":"https:\/\/www.eldigitaldeasturias.com\/noticias\/wp-json\/wp\/v2\/users\/1"}],"replies":[{"embeddable":true,"href":"https:\/\/www.eldigitaldeasturias.com\/noticias\/wp-json\/wp\/v2\/comments?post=975066"}],"version-history":[{"count":0,"href":"https:\/\/www.eldigitaldeasturias.com\/noticias\/wp-json\/wp\/v2\/posts\/975066\/revisions"}],"wp:attachment":[{"href":"https:\/\/www.eldigitaldeasturias.com\/noticias\/wp-json\/wp\/v2\/media?parent=975066"}],"wp:term":[{"taxonomy":"category","embeddable":true,"href":"https:\/\/www.eldigitaldeasturias.com\/noticias\/wp-json\/wp\/v2\/categories?post=975066"},{"taxonomy":"post_tag","embeddable":true,"href":"https:\/\/www.eldigitaldeasturias.com\/noticias\/wp-json\/wp\/v2\/tags?post=975066"}],"curies":[{"name":"wp","href":"https:\/\/api.w.org\/{rel}","templated":true}]}}