{"id":975056,"date":"2018-04-07T00:47:56","date_gmt":"2018-04-07T00:47:56","guid":{"rendered":"http:\/\/www.eldigitaldeasturias.com\/noticias\/?p=975056"},"modified":"2018-04-07T00:47:56","modified_gmt":"2018-04-07T00:47:56","slug":"cristina-cifuentes-no-veo-ninguna-razon-para-dimitir","status":"publish","type":"post","link":"https:\/\/www.eldigitaldeasturias.com\/noticias\/cristina-cifuentes-no-veo-ninguna-razon-para-dimitir\/","title":{"rendered":"Cristina Cifuentes: \u00abNo veo ninguna raz\u00f3n para dimitir\u00bb"},"content":{"rendered":"<p><img loading=\"lazy\" decoding=\"async\" class=\"alignleft size-medium wp-image-638444\" src=\"https:\/\/www.eldigitaldeasturias.com\/noticias\/wp-content\/uploads\/2014\/10\/6711176w-360x293.jpg\" alt=\"\" width=\"360\" height=\"293\" \/>Madrid, 6 abr (dpa) &#8211; La presidenta del Gobierno regional de Madrid, Cristina Cifuentes, descart\u00f3 hoy dimitir por las acusaciones que la relacionan con la posible falsificaci\u00f3n de un t\u00edtulo universitario y que en los \u00faltimos d\u00edas la han puesto contra las cuerdas.<\/p>\n<p>\u00abNo he cometido ninguna ilegalidad y, por tanto, no veo ninguna raz\u00f3n para dimitir. He dicho la verdad, no he mentido absolutamente en nada\u00bb, dijo en rueda de prensa en Sevilla (sur), donde este fin de semana celebra una convenci\u00f3n su formaci\u00f3n, el Partido Popular (PP).<\/p>\n<p>Cifuentes, una de las dirigentes m\u00e1s importantes del partido de Mariano Rajoy, est\u00e1 en el foco en las \u00faltimas semanas por la presunta falsificaci\u00f3n del t\u00edtulo de un m\u00e1ster (maestr\u00eda) de Derecho que curs\u00f3 en 2011-2012 en la universidad espa\u00f1ola Rey Juan Carlos.<\/p>\n<p>El esc\u00e1ndalo estall\u00f3 hace dos semanas, cuando el peri\u00f3dico digital \u00abEldiario.es\u00bb public\u00f3 que sus notas en dos asignaturas pasaron de \u00abNo presentado\u00bb a \u00abNotable\u00bb despu\u00e9s de haber terminado el m\u00e1ster.<\/p>\n<p>El tema fue cobrando relevancia y poco a poco surgieron otros flecos sueltos y lagunas en relaci\u00f3n con el caso que elevaron la presi\u00f3n sobre la jefa del Gobierno de Madrid, clave para el PP de cara a las elecciones regionales que se celebrar\u00e1n en Espa\u00f1a en 2019.<\/p>\n<p>El rector de la Universidad Rey Juan Carlos, Javier Ramos, reconoci\u00f3 hoy que no hay constancia de que Cifuentes defendiera su trabajo de fin de m\u00e1ster (TFM) y que no se remiti\u00f3 la memoria. Ante un posible delito de falsedad documental, traslad\u00f3 el tema a la Fiscal\u00eda.<\/p>\n<p>\u00abSe constata que no consta el acta en el servicio de posgrado pese a que su archivo en el mismo sea obligatorio, tampoco ha sido remitida la memoria del TFM ni se puede confirmar que la defensa de dicho trabajo haya tenido lugar\u00bb, explic\u00f3 agitando todav\u00eda m\u00e1s la pol\u00e9mica.<\/p>\n<p>Poco despu\u00e9s, la dirigente del PP insisti\u00f3 en que ella curs\u00f3 el m\u00e1ster, hizo el TFM y deriv\u00f3 la responsabilidad a la Universidad.<\/p>\n<p>El Partido Socialista (PSOE), el m\u00e1s importante de la oposici\u00f3n en Espa\u00f1a, registr\u00f3 esta semana una moci\u00f3n de censura contra Cifuentes, quien gobierna en minor\u00eda desde 2015 gracias al apoyo del partido liberal Ciudadanos, que de momento mantiene su respaldo.<\/p>\n<p>\u00abSi se demuestra que la se\u00f1ora Cifuentes pudo haber cometido un delito, pediremos su dimisi\u00f3n\u00bb, dijo hoy su l\u00edder, Albert Rivera.<\/p>\n<p>La pol\u00e9mica lleg\u00f3 hasta el Gobierno espa\u00f1ol. Su portavoz y ministro de Cultura,, \u00cd\u00f1igo M\u00e9ndez de Vigo, pidi\u00f3 a la Universidad que aclare lo sucedido \u00abcon total transparencia\u00bb.<\/p>\n<p>Cifuentes dijo el mi\u00e9rcoles que el t\u00edtulo del m\u00e1ster que curs\u00f3 \u00abes perfectamente real y legal\u00bb. \u00abNi mi curriculum ni mis calificaciones han sido falseadas ni falsificadas\u00bb, asegur\u00f3 en una intervenci\u00f3n en la Asamblea de Madrid, la C\u00e1mara parlamentaria de la regi\u00f3n.<\/p>\n<p>Para la dirigente conservadora, el esc\u00e1ndalo responde a \u00abuna operaci\u00f3n pol\u00edtica\u00bb para \u00abdesestabilizar\u00bb a su Gobierno.<\/p>\n<p>Cifuentes emergi\u00f3 en los \u00faltimos a\u00f1os como posible activo del PP en unos tiempos convulsos para la formaci\u00f3n, golpeada por la corrupci\u00f3n.<\/p>\n<p>La lucha contra la corrupci\u00f3n fue precisamente su principal cruzada desde que se puso al frente del Gobierno de Madrid en una trayectoria pol\u00edtica que se presentaba prometedora y que ahora est\u00e1 en la cuerda floja. Algunos la se\u00f1alaban incluso como posible sucesora de Rajoy.<\/p>\n","protected":false},"excerpt":{"rendered":"<p>Madrid, 6 abr (dpa) &#8211; La presidenta del Gobierno regional de Madrid, Cristina Cifuentes, descart\u00f3 hoy dimitir por las acusaciones que la relacionan con la posible falsificaci\u00f3n de un t\u00edtulo universitario y que en los \u00faltimos d\u00edas la han puesto contra las cuerdas. \u00abNo he cometido ninguna ilegalidad y, por tanto, no veo ninguna raz\u00f3n [&hellip;]<\/p>\n","protected":false},"author":1,"featured_media":638444,"comment_status":"closed","ping_status":"closed","sticky":false,"template":"","format":"standard","meta":{"footnotes":""},"categories":[1],"tags":[],"class_list":["post-975056","post","type-post","status-publish","format-standard","has-post-thumbnail","hentry","category-actualidad"],"aioseo_notices":[],"aioseo_head":"\n\t\t<!-- All in One SEO Pro 5.0.1 - aioseo.com -->\n\t<meta name=\"description\" content=\"Madrid, 6 abr (dpa) - La presidenta del Gobierno regional de Madrid, Cristina Cifuentes, descart\u00f3 hoy dimitir por las acusaciones que la relacionan con la posible falsificaci\u00f3n de un t\u00edtulo universitario y que en los \u00faltimos d\u00edas la han puesto contra las cuerdas. &quot;No he cometido ninguna ilegalidad y, por tanto, no veo ninguna raz\u00f3n\" \/>\n\t<meta name=\"robots\" content=\"max-image-preview:large\" \/>\n\t<meta name=\"author\" content=\"El Digital de Asturias\"\/>\n\t<meta name=\"google-site-verification\" content=\"UA-38556648-1\" \/>\n\t<meta name=\"msvalidate.01\" content=\"7dfe9f3f1b24437ab69f4f2559babe99\" \/>\n\t<meta name=\"keywords\" content=\"actualidad\" \/>\n\t<link rel=\"canonical\" href=\"https:\/\/www.eldigitaldeasturias.com\/noticias\/cristina-cifuentes-no-veo-ninguna-razon-para-dimitir\/\" \/>\n\t<meta name=\"generator\" content=\"All in One SEO Pro (AIOSEO) 5.0.1\" \/>\n\t\t<meta property=\"og:locale\" content=\"es_ES\" \/>\n\t\t<meta property=\"og:site_name\" content=\"El Digital de Asturias\" \/>\n\t\t<meta property=\"og:type\" content=\"article\" \/>\n\t\t<meta property=\"og:title\" content=\"Cristina Cifuentes: \u00abNo veo ninguna raz\u00f3n para dimitir\u00bb - El Digital de Asturias\" \/>\n\t\t<meta property=\"og:description\" content=\"Madrid, 6 abr (dpa) - La presidenta del Gobierno regional de Madrid, Cristina Cifuentes, descart\u00f3 hoy dimitir por las acusaciones que la relacionan con la posible falsificaci\u00f3n de un t\u00edtulo universitario y que en los \u00faltimos d\u00edas la han puesto contra las cuerdas. &quot;No he cometido ninguna ilegalidad y, por tanto, no veo ninguna raz\u00f3n\" \/>\n\t\t<meta property=\"og:url\" content=\"https:\/\/www.eldigitaldeasturias.com\/noticias\/cristina-cifuentes-no-veo-ninguna-razon-para-dimitir\/\" \/>\n\t\t<meta property=\"article:tag\" content=\"actualidad\" \/>\n\t\t<meta property=\"article:published_time\" content=\"2018-04-07T00:47:56+00:00\" \/>\n\t\t<meta property=\"article:modified_time\" content=\"2018-04-07T00:47:56+00:00\" \/>\n\t\t<meta property=\"article:publisher\" content=\"https:\/\/facebook.com\/eldigitaldeasturias\" \/>\n\t\t<meta name=\"twitter:card\" content=\"summary_large_image\" \/>\n\t\t<meta name=\"twitter:title\" content=\"Cristina Cifuentes: \u00abNo veo ninguna raz\u00f3n para dimitir\u00bb - El Digital de Asturias\" \/>\n\t\t<meta name=\"twitter:description\" content=\"Madrid, 6 abr (dpa) - La presidenta del Gobierno regional de Madrid, Cristina Cifuentes, descart\u00f3 hoy dimitir por las acusaciones que la relacionan con la posible falsificaci\u00f3n de un t\u00edtulo universitario y que en los \u00faltimos d\u00edas la han puesto contra las cuerdas. &quot;No he cometido ninguna ilegalidad y, por tanto, no veo ninguna raz\u00f3n\" \/>\n\t\t<meta name=\"twitter:image\" content=\"https:\/\/www.eldigitaldeasturias.com\/noticias\/wp-content\/uploads\/2020\/12\/EDA-1.jpg\" \/>\n\t\t<meta name=\"twitter:label1\" content=\"Escrito por\" \/>\n\t\t<meta name=\"twitter:data1\" content=\"El Digital de Asturias\" \/>\n\t\t<meta name=\"twitter:label2\" content=\"Tiempo de lectura estimado\" \/>\n\t\t<meta name=\"twitter:data2\" content=\"3 minutos\" \/>\n\t\t<script type=\"application\/ld+json\" class=\"aioseo-schema\">\n\t\t\t{\"@context\":\"https:\\\/\\\/schema.org\",\"@graph\":[{\"@type\":\"BlogPosting\",\"@id\":\"https:\\\/\\\/www.eldigitaldeasturias.com\\\/noticias\\\/cristina-cifuentes-no-veo-ninguna-razon-para-dimitir\\\/#blogposting\",\"name\":\"Cristina Cifuentes: \\u00abNo veo ninguna raz\\u00f3n para dimitir\\u00bb - El Digital de Asturias\",\"headline\":\"Cristina Cifuentes: \\u00abNo veo ninguna raz\\u00f3n para dimitir\\u00bb\",\"author\":{\"@id\":\"https:\\\/\\\/www.eldigitaldeasturias.com\\\/noticias\\\/author\\\/admin\\\/#author\"},\"publisher\":{\"@id\":\"https:\\\/\\\/www.eldigitaldeasturias.com\\\/noticias\\\/#organization\"},\"image\":{\"@type\":\"ImageObject\",\"url\":638444},\"datePublished\":\"2018-04-07T00:47:56+02:00\",\"dateModified\":\"2018-04-07T00:47:56+02:00\",\"inLanguage\":\"es-ES\",\"mainEntityOfPage\":{\"@id\":\"https:\\\/\\\/www.eldigitaldeasturias.com\\\/noticias\\\/cristina-cifuentes-no-veo-ninguna-razon-para-dimitir\\\/#webpage\"},\"isPartOf\":{\"@id\":\"https:\\\/\\\/www.eldigitaldeasturias.com\\\/noticias\\\/cristina-cifuentes-no-veo-ninguna-razon-para-dimitir\\\/#webpage\"},\"articleSection\":\"Actualidad\"},{\"@type\":\"BreadcrumbList\",\"@id\":\"https:\\\/\\\/www.eldigitaldeasturias.com\\\/noticias\\\/cristina-cifuentes-no-veo-ninguna-razon-para-dimitir\\\/#breadcrumblist\",\"itemListElement\":[{\"@type\":\"ListItem\",\"@id\":\"https:\\\/\\\/www.eldigitaldeasturias.com\\\/noticias#listItem\",\"position\":1,\"name\":\"Home\",\"item\":\"https:\\\/\\\/www.eldigitaldeasturias.com\\\/noticias\",\"nextItem\":{\"@type\":\"ListItem\",\"@id\":\"https:\\\/\\\/www.eldigitaldeasturias.com\\\/noticias\\\/category\\\/actualidad\\\/#listItem\",\"name\":\"Actualidad\"}},{\"@type\":\"ListItem\",\"@id\":\"https:\\\/\\\/www.eldigitaldeasturias.com\\\/noticias\\\/category\\\/actualidad\\\/#listItem\",\"position\":2,\"name\":\"Actualidad\",\"item\":\"https:\\\/\\\/www.eldigitaldeasturias.com\\\/noticias\\\/category\\\/actualidad\\\/\",\"nextItem\":{\"@type\":\"ListItem\",\"@id\":\"https:\\\/\\\/www.eldigitaldeasturias.com\\\/noticias\\\/cristina-cifuentes-no-veo-ninguna-razon-para-dimitir\\\/#listItem\",\"name\":\"Cristina Cifuentes: \\u00abNo veo ninguna raz\\u00f3n para dimitir\\u00bb\"},\"previousItem\":{\"@type\":\"ListItem\",\"@id\":\"https:\\\/\\\/www.eldigitaldeasturias.com\\\/noticias#listItem\",\"name\":\"Home\"}},{\"@type\":\"ListItem\",\"@id\":\"https:\\\/\\\/www.eldigitaldeasturias.com\\\/noticias\\\/cristina-cifuentes-no-veo-ninguna-razon-para-dimitir\\\/#listItem\",\"position\":3,\"name\":\"Cristina Cifuentes: \\u00abNo veo ninguna raz\\u00f3n para dimitir\\u00bb\",\"previousItem\":{\"@type\":\"ListItem\",\"@id\":\"https:\\\/\\\/www.eldigitaldeasturias.com\\\/noticias\\\/category\\\/actualidad\\\/#listItem\",\"name\":\"Actualidad\"}}]},{\"@type\":\"Organization\",\"@id\":\"https:\\\/\\\/www.eldigitaldeasturias.com\\\/noticias\\\/#organization\",\"name\":\"El Digital de Asturias\",\"description\":\"Hemeroteca\",\"url\":\"https:\\\/\\\/www.eldigitaldeasturias.com\\\/noticias\\\/\",\"email\":\"info@eldigitaldeasturias.com\",\"telephone\":\"+34652131393\",\"logo\":{\"@type\":\"ImageObject\",\"url\":\"https:\\\/\\\/www.eldigitaldeasturias.com\\\/noticias\\\/wp-content\\\/uploads\\\/2020\\\/12\\\/EDA.jpg\",\"@id\":\"https:\\\/\\\/www.eldigitaldeasturias.com\\\/noticias\\\/cristina-cifuentes-no-veo-ninguna-razon-para-dimitir\\\/#organizationLogo\"},\"image\":{\"@id\":\"https:\\\/\\\/www.eldigitaldeasturias.com\\\/noticias\\\/cristina-cifuentes-no-veo-ninguna-razon-para-dimitir\\\/#organizationLogo\"},\"sameAs\":[\"https:\\\/\\\/facebook.com\\\/eldigitaldeasturias\",\"https:\\\/\\\/www.youtube.com\\\/channel\\\/UCZP-2wLEB9Rv6erhFmqVnvg\"],\"address\":{\"@id\":\"https:\\\/\\\/www.eldigitaldeasturias.com\\\/noticias\\\/#postaladdress\",\"@type\":\"PostalAddress\",\"streetAddress\":\"san antonio 4\",\"postalCode\":\"33430\",\"addressLocality\":\"Cand\\u00e1s\",\"addressRegion\":\"Asturias\",\"addressCountry\":\"ES\"}},{\"@type\":\"Person\",\"@id\":\"https:\\\/\\\/www.eldigitaldeasturias.com\\\/noticias\\\/author\\\/admin\\\/#author\",\"url\":\"https:\\\/\\\/www.eldigitaldeasturias.com\\\/noticias\\\/author\\\/admin\\\/\",\"name\":\"El Digital de Asturias\",\"image\":{\"@type\":\"ImageObject\",\"@id\":\"https:\\\/\\\/www.eldigitaldeasturias.com\\\/noticias\\\/cristina-cifuentes-no-veo-ninguna-razon-para-dimitir\\\/#authorImage\",\"url\":\"https:\\\/\\\/secure.gravatar.com\\\/avatar\\\/df2aeffc32bcd13f8d26072ef8a91b623d677766deac7f97ca815868cd41bf5e?s=96&d=mm&r=g\",\"width\":96,\"height\":96,\"caption\":\"El Digital de Asturias\"}},{\"@type\":\"WebPage\",\"@id\":\"https:\\\/\\\/www.eldigitaldeasturias.com\\\/noticias\\\/cristina-cifuentes-no-veo-ninguna-razon-para-dimitir\\\/#webpage\",\"url\":\"https:\\\/\\\/www.eldigitaldeasturias.com\\\/noticias\\\/cristina-cifuentes-no-veo-ninguna-razon-para-dimitir\\\/\",\"name\":\"Cristina Cifuentes: \\u00abNo veo ninguna raz\\u00f3n para dimitir\\u00bb - El Digital de Asturias\",\"description\":\"Madrid, 6 abr (dpa) - La presidenta del Gobierno regional de Madrid, Cristina Cifuentes, descart\\u00f3 hoy dimitir por las acusaciones que la relacionan con la posible falsificaci\\u00f3n de un t\\u00edtulo universitario y que en los \\u00faltimos d\\u00edas la han puesto contra las cuerdas. \\\"No he cometido ninguna ilegalidad y, por tanto, no veo ninguna raz\\u00f3n\",\"inLanguage\":\"es-ES\",\"isPartOf\":{\"@id\":\"https:\\\/\\\/www.eldigitaldeasturias.com\\\/noticias\\\/#website\"},\"breadcrumb\":{\"@id\":\"https:\\\/\\\/www.eldigitaldeasturias.com\\\/noticias\\\/cristina-cifuentes-no-veo-ninguna-razon-para-dimitir\\\/#breadcrumblist\"},\"author\":{\"@id\":\"https:\\\/\\\/www.eldigitaldeasturias.com\\\/noticias\\\/author\\\/admin\\\/#author\"},\"creator\":{\"@id\":\"https:\\\/\\\/www.eldigitaldeasturias.com\\\/noticias\\\/author\\\/admin\\\/#author\"},\"image\":{\"@type\":\"ImageObject\",\"url\":638444,\"@id\":\"https:\\\/\\\/www.eldigitaldeasturias.com\\\/noticias\\\/cristina-cifuentes-no-veo-ninguna-razon-para-dimitir\\\/#mainImage\"},\"primaryImageOfPage\":{\"@id\":\"https:\\\/\\\/www.eldigitaldeasturias.com\\\/noticias\\\/cristina-cifuentes-no-veo-ninguna-razon-para-dimitir\\\/#mainImage\"},\"datePublished\":\"2018-04-07T00:47:56+02:00\",\"dateModified\":\"2018-04-07T00:47:56+02:00\"},{\"@type\":\"WebSite\",\"@id\":\"https:\\\/\\\/www.eldigitaldeasturias.com\\\/noticias\\\/#website\",\"url\":\"https:\\\/\\\/www.eldigitaldeasturias.com\\\/noticias\\\/\",\"name\":\"El Digital de Asturias - Diario de actualidad y noticias\",\"alternateName\":\"El Digital de Asturias - Diario de actualidad y noticias\",\"description\":\"Hemeroteca\",\"inLanguage\":\"es-ES\",\"publisher\":{\"@id\":\"https:\\\/\\\/www.eldigitaldeasturias.com\\\/noticias\\\/#organization\"}}]}\n\t\t<\/script>\n\t\t<!-- All in One SEO Pro -->\r\n\t\t<title>Cristina Cifuentes: \u00abNo veo ninguna raz\u00f3n para dimitir\u00bb - El Digital de Asturias<\/title>\n\n","aioseo_head_json":{"title":"Cristina Cifuentes: \u00abNo veo ninguna raz\u00f3n para dimitir\u00bb - El Digital de Asturias","description":"Madrid, 6 abr (dpa) - La presidenta del Gobierno regional de Madrid, Cristina Cifuentes, descart\u00f3 hoy dimitir por las acusaciones que la relacionan con la posible falsificaci\u00f3n de un t\u00edtulo universitario y que en los \u00faltimos d\u00edas la han puesto contra las cuerdas. \"No he cometido ninguna ilegalidad y, por tanto, no veo ninguna raz\u00f3n","canonical_url":"https:\/\/www.eldigitaldeasturias.com\/noticias\/cristina-cifuentes-no-veo-ninguna-razon-para-dimitir\/","robots":"max-image-preview:large","keywords":"actualidad","webmasterTools":{"google-site-verification":"UA-38556648-1","msvalidate.01":"7dfe9f3f1b24437ab69f4f2559babe99","miscellaneous":""},"schema":{"@context":"https:\/\/schema.org","@graph":[{"@type":"BlogPosting","@id":"https:\/\/www.eldigitaldeasturias.com\/noticias\/cristina-cifuentes-no-veo-ninguna-razon-para-dimitir\/#blogposting","name":"Cristina Cifuentes: \u00abNo veo ninguna raz\u00f3n para dimitir\u00bb - El Digital de Asturias","headline":"Cristina Cifuentes: \u00abNo veo ninguna raz\u00f3n para dimitir\u00bb","author":{"@id":"https:\/\/www.eldigitaldeasturias.com\/noticias\/author\/admin\/#author"},"publisher":{"@id":"https:\/\/www.eldigitaldeasturias.com\/noticias\/#organization"},"image":{"@type":"ImageObject","url":638444},"datePublished":"2018-04-07T00:47:56+02:00","dateModified":"2018-04-07T00:47:56+02:00","inLanguage":"es-ES","mainEntityOfPage":{"@id":"https:\/\/www.eldigitaldeasturias.com\/noticias\/cristina-cifuentes-no-veo-ninguna-razon-para-dimitir\/#webpage"},"isPartOf":{"@id":"https:\/\/www.eldigitaldeasturias.com\/noticias\/cristina-cifuentes-no-veo-ninguna-razon-para-dimitir\/#webpage"},"articleSection":"Actualidad"},{"@type":"BreadcrumbList","@id":"https:\/\/www.eldigitaldeasturias.com\/noticias\/cristina-cifuentes-no-veo-ninguna-razon-para-dimitir\/#breadcrumblist","itemListElement":[{"@type":"ListItem","@id":"https:\/\/www.eldigitaldeasturias.com\/noticias#listItem","position":1,"name":"Home","item":"https:\/\/www.eldigitaldeasturias.com\/noticias","nextItem":{"@type":"ListItem","@id":"https:\/\/www.eldigitaldeasturias.com\/noticias\/category\/actualidad\/#listItem","name":"Actualidad"}},{"@type":"ListItem","@id":"https:\/\/www.eldigitaldeasturias.com\/noticias\/category\/actualidad\/#listItem","position":2,"name":"Actualidad","item":"https:\/\/www.eldigitaldeasturias.com\/noticias\/category\/actualidad\/","nextItem":{"@type":"ListItem","@id":"https:\/\/www.eldigitaldeasturias.com\/noticias\/cristina-cifuentes-no-veo-ninguna-razon-para-dimitir\/#listItem","name":"Cristina Cifuentes: \u00abNo veo ninguna raz\u00f3n para dimitir\u00bb"},"previousItem":{"@type":"ListItem","@id":"https:\/\/www.eldigitaldeasturias.com\/noticias#listItem","name":"Home"}},{"@type":"ListItem","@id":"https:\/\/www.eldigitaldeasturias.com\/noticias\/cristina-cifuentes-no-veo-ninguna-razon-para-dimitir\/#listItem","position":3,"name":"Cristina Cifuentes: \u00abNo veo ninguna raz\u00f3n para dimitir\u00bb","previousItem":{"@type":"ListItem","@id":"https:\/\/www.eldigitaldeasturias.com\/noticias\/category\/actualidad\/#listItem","name":"Actualidad"}}]},{"@type":"Organization","@id":"https:\/\/www.eldigitaldeasturias.com\/noticias\/#organization","name":"El Digital de Asturias","description":"Hemeroteca","url":"https:\/\/www.eldigitaldeasturias.com\/noticias\/","email":"info@eldigitaldeasturias.com","telephone":"+34652131393","logo":{"@type":"ImageObject","url":"https:\/\/www.eldigitaldeasturias.com\/noticias\/wp-content\/uploads\/2020\/12\/EDA.jpg","@id":"https:\/\/www.eldigitaldeasturias.com\/noticias\/cristina-cifuentes-no-veo-ninguna-razon-para-dimitir\/#organizationLogo"},"image":{"@id":"https:\/\/www.eldigitaldeasturias.com\/noticias\/cristina-cifuentes-no-veo-ninguna-razon-para-dimitir\/#organizationLogo"},"sameAs":["https:\/\/facebook.com\/eldigitaldeasturias","https:\/\/www.youtube.com\/channel\/UCZP-2wLEB9Rv6erhFmqVnvg"],"address":{"@id":"https:\/\/www.eldigitaldeasturias.com\/noticias\/#postaladdress","@type":"PostalAddress","streetAddress":"san antonio 4","postalCode":"33430","addressLocality":"Cand\u00e1s","addressRegion":"Asturias","addressCountry":"ES"}},{"@type":"Person","@id":"https:\/\/www.eldigitaldeasturias.com\/noticias\/author\/admin\/#author","url":"https:\/\/www.eldigitaldeasturias.com\/noticias\/author\/admin\/","name":"El Digital de Asturias","image":{"@type":"ImageObject","@id":"https:\/\/www.eldigitaldeasturias.com\/noticias\/cristina-cifuentes-no-veo-ninguna-razon-para-dimitir\/#authorImage","url":"https:\/\/secure.gravatar.com\/avatar\/df2aeffc32bcd13f8d26072ef8a91b623d677766deac7f97ca815868cd41bf5e?s=96&d=mm&r=g","width":96,"height":96,"caption":"El Digital de Asturias"}},{"@type":"WebPage","@id":"https:\/\/www.eldigitaldeasturias.com\/noticias\/cristina-cifuentes-no-veo-ninguna-razon-para-dimitir\/#webpage","url":"https:\/\/www.eldigitaldeasturias.com\/noticias\/cristina-cifuentes-no-veo-ninguna-razon-para-dimitir\/","name":"Cristina Cifuentes: \u00abNo veo ninguna raz\u00f3n para dimitir\u00bb - El Digital de Asturias","description":"Madrid, 6 abr (dpa) - La presidenta del Gobierno regional de Madrid, Cristina Cifuentes, descart\u00f3 hoy dimitir por las acusaciones que la relacionan con la posible falsificaci\u00f3n de un t\u00edtulo universitario y que en los \u00faltimos d\u00edas la han puesto contra las cuerdas. \"No he cometido ninguna ilegalidad y, por tanto, no veo ninguna raz\u00f3n","inLanguage":"es-ES","isPartOf":{"@id":"https:\/\/www.eldigitaldeasturias.com\/noticias\/#website"},"breadcrumb":{"@id":"https:\/\/www.eldigitaldeasturias.com\/noticias\/cristina-cifuentes-no-veo-ninguna-razon-para-dimitir\/#breadcrumblist"},"author":{"@id":"https:\/\/www.eldigitaldeasturias.com\/noticias\/author\/admin\/#author"},"creator":{"@id":"https:\/\/www.eldigitaldeasturias.com\/noticias\/author\/admin\/#author"},"image":{"@type":"ImageObject","url":638444,"@id":"https:\/\/www.eldigitaldeasturias.com\/noticias\/cristina-cifuentes-no-veo-ninguna-razon-para-dimitir\/#mainImage"},"primaryImageOfPage":{"@id":"https:\/\/www.eldigitaldeasturias.com\/noticias\/cristina-cifuentes-no-veo-ninguna-razon-para-dimitir\/#mainImage"},"datePublished":"2018-04-07T00:47:56+02:00","dateModified":"2018-04-07T00:47:56+02:00"},{"@type":"WebSite","@id":"https:\/\/www.eldigitaldeasturias.com\/noticias\/#website","url":"https:\/\/www.eldigitaldeasturias.com\/noticias\/","name":"El Digital de Asturias - Diario de actualidad y noticias","alternateName":"El Digital de Asturias - Diario de actualidad y noticias","description":"Hemeroteca","inLanguage":"es-ES","publisher":{"@id":"https:\/\/www.eldigitaldeasturias.com\/noticias\/#organization"}}]},"og:locale":"es_ES","og:site_name":"El Digital de Asturias","og:type":"article","og:title":"Cristina Cifuentes: \u00abNo veo ninguna raz\u00f3n para dimitir\u00bb - El Digital de Asturias","og:description":"Madrid, 6 abr (dpa) - La presidenta del Gobierno regional de Madrid, Cristina Cifuentes, descart\u00f3 hoy dimitir por las acusaciones que la relacionan con la posible falsificaci\u00f3n de un t\u00edtulo universitario y que en los \u00faltimos d\u00edas la han puesto contra las cuerdas. &quot;No he cometido ninguna ilegalidad y, por tanto, no veo ninguna raz\u00f3n","og:url":"https:\/\/www.eldigitaldeasturias.com\/noticias\/cristina-cifuentes-no-veo-ninguna-razon-para-dimitir\/","article:tag":["actualidad"],"article:published_time":"2018-04-07T00:47:56+00:00","article:modified_time":"2018-04-07T00:47:56+00:00","article:publisher":"https:\/\/facebook.com\/eldigitaldeasturias","twitter:card":"summary_large_image","twitter:title":"Cristina Cifuentes: \u00abNo veo ninguna raz\u00f3n para dimitir\u00bb - El Digital de Asturias","twitter:description":"Madrid, 6 abr (dpa) - La presidenta del Gobierno regional de Madrid, Cristina Cifuentes, descart\u00f3 hoy dimitir por las acusaciones que la relacionan con la posible falsificaci\u00f3n de un t\u00edtulo universitario y que en los \u00faltimos d\u00edas la han puesto contra las cuerdas. &quot;No he cometido ninguna ilegalidad y, por tanto, no veo ninguna raz\u00f3n","twitter:image":"https:\/\/www.eldigitaldeasturias.com\/noticias\/wp-content\/uploads\/2020\/12\/EDA-1.jpg","twitter:label1":"Escrito por","twitter:data1":"El Digital de Asturias","twitter:label2":"Tiempo de lectura estimado","twitter:data2":"3 minutos"},"aioseo_meta_data":{"post_id":"975056","title":null,"description":null,"keywords":null,"keyphrases":null,"primary_term":null,"canonical_url":null,"og_title":null,"og_description":null,"og_object_type":"default","og_image_type":"default","og_image_url":null,"og_image_width":null,"og_image_height":null,"og_image_custom_url":null,"og_image_custom_fields":null,"og_video":null,"og_custom_url":null,"og_article_section":null,"og_article_tags":null,"twitter_use_og":false,"twitter_card":"default","twitter_image_type":"default","twitter_image_url":null,"twitter_image_custom_url":null,"twitter_image_custom_fields":null,"twitter_title":null,"twitter_description":null,"schema":{"blockGraphs":[],"customGraphs":[],"default":{"data":{"Article":[],"Course":[],"Dataset":[],"FAQPage":[],"Movie":[],"Person":[],"Product":[],"ProductReview":[],"Car":[],"Recipe":[],"Service":[],"SoftwareApplication":[],"WebPage":[]},"graphName":"","isEnabled":true},"graphs":[],"defaultGraph":"","defaultPostTypeGraph":""},"schema_type":null,"schema_type_options":null,"pillar_content":false,"robots_default":true,"robots_noindex":false,"robots_noarchive":false,"robots_nosnippet":false,"robots_nofollow":false,"robots_noimageindex":false,"robots_noodp":false,"robots_notranslate":false,"robots_max_snippet":null,"robots_max_videopreview":null,"robots_max_imagepreview":"large","priority":null,"frequency":null,"local_seo":null,"seo_analyzer_scan_date":"2025-10-07 22:30:19","breadcrumb_settings":null,"limit_modified_date":false,"open_ai":null,"ai":null,"created":"2020-12-21 12:11:39","updated":"2025-10-07 22:30:19","focus_keyword":null,"additional_keywords":null,"truseo_locale":null},"aioseo_breadcrumb":"<div class=\"aioseo-breadcrumbs\"><span class=\"aioseo-breadcrumb\">\n\t<a href=\"https:\/\/www.eldigitaldeasturias.com\/noticias\" title=\"Home\">Home<\/a>\n<\/span><span class=\"aioseo-breadcrumb-separator\">\u2013<\/span><span class=\"aioseo-breadcrumb\">\n\t<a href=\"https:\/\/www.eldigitaldeasturias.com\/noticias\/category\/actualidad\/\" title=\"Actualidad\">Actualidad<\/a>\n<\/span><span class=\"aioseo-breadcrumb-separator\">\u2013<\/span><span class=\"aioseo-breadcrumb\">\n\t<a href=\"https:\/\/www.eldigitaldeasturias.com\/noticias\/cristina-cifuentes-no-veo-ninguna-razon-para-dimitir\/\" title=\"Cristina Cifuentes: \u00abNo veo ninguna raz\u00f3n para dimitir\u00bb\">Cristina Cifuentes: \u00abNo veo ninguna raz\u00f3n para dimitir\u00bb<\/a>\n<\/span><\/div>","aioseo_breadcrumb_json":[{"label":"Home","link":"https:\/\/www.eldigitaldeasturias.com\/noticias"},{"label":"Actualidad","link":"https:\/\/www.eldigitaldeasturias.com\/noticias\/category\/actualidad\/"},{"label":"Cristina Cifuentes: \u00abNo veo ninguna raz\u00f3n para dimitir\u00bb","link":"https:\/\/www.eldigitaldeasturias.com\/noticias\/cristina-cifuentes-no-veo-ninguna-razon-para-dimitir\/"}],"_links":{"self":[{"href":"https:\/\/www.eldigitaldeasturias.com\/noticias\/wp-json\/wp\/v2\/posts\/975056","targetHints":{"allow":["GET"]}}],"collection":[{"href":"https:\/\/www.eldigitaldeasturias.com\/noticias\/wp-json\/wp\/v2\/posts"}],"about":[{"href":"https:\/\/www.eldigitaldeasturias.com\/noticias\/wp-json\/wp\/v2\/types\/post"}],"author":[{"embeddable":true,"href":"https:\/\/www.eldigitaldeasturias.com\/noticias\/wp-json\/wp\/v2\/users\/1"}],"replies":[{"embeddable":true,"href":"https:\/\/www.eldigitaldeasturias.com\/noticias\/wp-json\/wp\/v2\/comments?post=975056"}],"version-history":[{"count":0,"href":"https:\/\/www.eldigitaldeasturias.com\/noticias\/wp-json\/wp\/v2\/posts\/975056\/revisions"}],"wp:attachment":[{"href":"https:\/\/www.eldigitaldeasturias.com\/noticias\/wp-json\/wp\/v2\/media?parent=975056"}],"wp:term":[{"taxonomy":"category","embeddable":true,"href":"https:\/\/www.eldigitaldeasturias.com\/noticias\/wp-json\/wp\/v2\/categories?post=975056"},{"taxonomy":"post_tag","embeddable":true,"href":"https:\/\/www.eldigitaldeasturias.com\/noticias\/wp-json\/wp\/v2\/tags?post=975056"}],"curies":[{"name":"wp","href":"https:\/\/api.w.org\/{rel}","templated":true}]}}