{"id":975050,"date":"2018-04-07T00:36:32","date_gmt":"2018-04-07T00:36:32","guid":{"rendered":"http:\/\/www.eldigitaldeasturias.com\/noticias\/?p=975050"},"modified":"2018-04-07T00:36:32","modified_gmt":"2018-04-07T00:36:32","slug":"politica-carcel-y-viajes-los-cinco-meses-de-puigdemont-fuera-de-espana","status":"publish","type":"post","link":"https:\/\/www.eldigitaldeasturias.com\/noticias\/politica-carcel-y-viajes-los-cinco-meses-de-puigdemont-fuera-de-espana\/","title":{"rendered":"Pol\u00edtica, c\u00e1rcel y viajes: Los cinco meses de Puigdemont fuera de Espa\u00f1a"},"content":{"rendered":"<p><img loading=\"lazy\" decoding=\"async\" class=\"alignleft size-medium wp-image-973532\" src=\"https:\/\/www.eldigitaldeasturias.com\/noticias\/wp-content\/uploads\/2018\/03\/Puigdemont-360x202.jpg\" alt=\"\" width=\"360\" height=\"202\" \/>Madrid, 6 abr (dpa) &#8211; La huida de Carles Puigdemont a Bruselas con parte de su gabinete abri\u00f3 a fines de octubre uno de los cap\u00edtulos m\u00e1s inesperados en la crisis en Catalu\u00f1a, que vivi\u00f3 hoy un giro crucial cuando el ex presidente regional qued\u00f3 en libertad bajo fianza tras 12 d\u00edas encarcelado en Alemania.<\/p>\n<p>Los hitos de los cinco meses de Puigdemont fuera del pa\u00eds:<\/p>\n<p>&#8211; 30 de octubre de 2017: Puigdemont cuelga en Instagram una foto desde la \u00abGeneralitat\u00bb en Barcelona, sugiriendo que ha ido a trabajar el lunes pese a la destituci\u00f3n de todo su \u00abGovern\u00bb dos d\u00edas antes por parte del Gobierno espa\u00f1ol. Poco despu\u00e9s se confirma que se ha desplazado a Bruselas el fin de semana con parte de su ex Ejecutivo.<\/p>\n<p>El mismo d\u00eda, el fiscal general del Estado espa\u00f1ol presenta una querella contra todo el destituido Gobierno catal\u00e1n por delitos vinculados al plan independentista en la regi\u00f3n.<\/p>\n<p>&#8211; 31 de octubre: Puigdemont explica que viaj\u00f3 a Bruselas para \u00abponer de manifiesto el problema catal\u00e1n en el coraz\u00f3n institucional de Europa y denunciar la politizaci\u00f3n de la Justicia espa\u00f1ola\u00bb. Parte de la prensa comunitaria califica de \u00abcirco\u00bb su tumultuosa rueda de prensa y las instituciones europeas le dan la espalda.<\/p>\n<p>&#8211; 2 de noviembre: Nueve ex consejeros (ministros) que permanecieron en Espa\u00f1a quedan en prisi\u00f3n sin fianza tras acudir a declarar a la Audiencia Nacional en Madrid. La juez dicta una orden de detenci\u00f3n europea contra Puigdemont y los cuatro ex consejeros que lo acompa\u00f1an en Bruselas.<\/p>\n<p>&#8211; 5 de noviembre: Los cinco imputados se entregan a la Polic\u00eda belga, que los deja en libertad vigilada hasta que se resuelva la orden de detenci\u00f3n cursada por Espa\u00f1a.<\/p>\n<p>&#8211; 25 de noviembre: Se confirma que Puigdemont concurrir\u00e1 a las elecciones auton\u00f3micas del 21 de diciembre en Catalu\u00f1a como cabeza de lista de la plataforma Junts per Catalunya (JxCat).<\/p>\n<p>&#8211; 5 de diciembre: Comienza oficialmente la campa\u00f1a electoral y ese mismo d\u00eda el Tribunal Supremo de Espa\u00f1a retira las \u00f3rdenes de captura contra Puigdemont y los cuatro ex consejeros huidos. Cinco d\u00edas antes hab\u00eda dejado en libertad provisional a todos los ex consejeros presos en Madrid, con excepci\u00f3n de Junqueras y el ex titular de Interior.<\/p>\n<p>&#8211; 7 de diciembre: Decenas de miles de personas se manifiestan en Bruselas convocadas por entidades secesionistas para reclamar la independencia de Catalu\u00f1a y tratar de implicar a la UE en la crisis.<\/p>\n<p>&#8211; 21 de diciembre: El partido antiindependentista Ciudadanos gana las elecciones en Catalu\u00f1a, pero las fuerzas soberanistas suman mayor\u00eda absoluta. JxCat supera inesperadamente a Esquerra Republicana de Catalunya (ERC), lo que coloca a Puigdemont como favorito para liderar el nuevo \u00abGovern\u00bb.<\/p>\n<p>&#8211; 22 de enero de 2018: Puigdemont se arriesga a ser detenido viajando a Copenhague para una conferencia, su primera salida de Bruselas, pero el juez del Supremo evita pedir su arresto. El ex \u00abpresident\u00bb viajar\u00e1 las semanas siguientes tambi\u00e9n a Suiza y Finlandia en un intento por internacionalizar la crisis catalana.<\/p>\n<p>&#8211; 30 de enero: El presidente del Parlamento catal\u00e1n suspende a \u00faltima hora el pleno que pretend\u00eda investir a Puigdemont como presidente. Cede as\u00ed a las advertencias de la Justicia, que ve ilegal una investidura a distancia del candidato.<\/p>\n<p>&#8211; 31 de enero: Los medios filtran un mensaje privado de Puigdemont a uno de los ex consejeros que lo acompa\u00f1an en Bruselas dando por \u00abacabado\u00bb el plan independentista. \u00abLos nuestros nos han sacrificado. Al menos a m\u00ed\u00bb, dice sobre la suspensi\u00f3n de su investidura.<\/p>\n<p>&#8211; 23 de marzo: El Tribunal Supremo espa\u00f1ol anuncia el procesamiento de 25 de los 28 investigados por el plan soberanista, que quedan as\u00ed a un paso del juicio. Puigdemont y otros 12 son acusados de rebeli\u00f3n, delito castigado con hasta 30 a\u00f1os de c\u00e1rcel. El juez reactiva adem\u00e1s las \u00f3rdenes europeas de detenci\u00f3n contra seis que se encuentran fuera de Espa\u00f1a y dicta prisi\u00f3n preventiva incondicional para otros cinco.<\/p>\n<p>&#8211; 25 de marzo: La Polic\u00eda alemana detiene a Puigdemont despu\u00e9s de que cruzara la frontera desde Dinamarca en coche con el objetivo de volver a Bruselas. Cumple as\u00ed con la orden europea activada por Tribunal Supremo en Madrid e inicia un tr\u00e1mite que podr\u00eda acabar con la entrega del independentista a Espa\u00f1a.<\/p>\n<p>&#8211; 6 de abril: Puigdemont sale en libertad bajo fianza por orden del tribunal regional de Schleswig-Holstein. La corte descarta adem\u00e1s el cargo de rebeli\u00f3n que le imputa Espa\u00f1a y se limitar\u00e1 a analizar si lo entrega solo por malversaci\u00f3n.<\/p>\n","protected":false},"excerpt":{"rendered":"<p>Madrid, 6 abr (dpa) &#8211; La huida de Carles Puigdemont a Bruselas con parte de su gabinete abri\u00f3 a fines de octubre uno de los cap\u00edtulos m\u00e1s inesperados en la crisis en Catalu\u00f1a, que vivi\u00f3 hoy un giro crucial cuando el ex presidente regional qued\u00f3 en libertad bajo fianza tras 12 d\u00edas encarcelado en Alemania. [&hellip;]<\/p>\n","protected":false},"author":1,"featured_media":973532,"comment_status":"closed","ping_status":"closed","sticky":false,"template":"","format":"standard","meta":{"footnotes":""},"categories":[1],"tags":[],"class_list":["post-975050","post","type-post","status-publish","format-standard","has-post-thumbnail","hentry","category-actualidad"],"aioseo_notices":[],"aioseo_head":"\n\t\t<!-- All in One SEO Pro 5.0.1 - aioseo.com -->\n\t<meta name=\"description\" content=\"Madrid, 6 abr (dpa) - La huida de Carles Puigdemont a Bruselas con parte de su gabinete abri\u00f3 a fines de octubre uno de los cap\u00edtulos m\u00e1s inesperados en la crisis en Catalu\u00f1a, que vivi\u00f3 hoy un giro crucial cuando el ex presidente regional qued\u00f3 en libertad bajo fianza tras 12 d\u00edas encarcelado en Alemania.\" \/>\n\t<meta name=\"robots\" content=\"max-image-preview:large\" \/>\n\t<meta name=\"author\" content=\"El Digital de Asturias\"\/>\n\t<meta name=\"google-site-verification\" content=\"UA-38556648-1\" \/>\n\t<meta name=\"msvalidate.01\" content=\"7dfe9f3f1b24437ab69f4f2559babe99\" \/>\n\t<meta name=\"keywords\" content=\"actualidad\" \/>\n\t<link rel=\"canonical\" href=\"https:\/\/www.eldigitaldeasturias.com\/noticias\/politica-carcel-y-viajes-los-cinco-meses-de-puigdemont-fuera-de-espana\/\" \/>\n\t<meta name=\"generator\" content=\"All in One SEO Pro (AIOSEO) 5.0.1\" \/>\n\t\t<meta property=\"og:locale\" content=\"es_ES\" \/>\n\t\t<meta property=\"og:site_name\" content=\"El Digital de Asturias\" \/>\n\t\t<meta property=\"og:type\" content=\"article\" \/>\n\t\t<meta property=\"og:title\" content=\"Pol\u00edtica, c\u00e1rcel y viajes: Los cinco meses de Puigdemont fuera de Espa\u00f1a - El Digital de Asturias\" \/>\n\t\t<meta property=\"og:description\" content=\"Madrid, 6 abr (dpa) - La huida de Carles Puigdemont a Bruselas con parte de su gabinete abri\u00f3 a fines de octubre uno de los cap\u00edtulos m\u00e1s inesperados en la crisis en Catalu\u00f1a, que vivi\u00f3 hoy un giro crucial cuando el ex presidente regional qued\u00f3 en libertad bajo fianza tras 12 d\u00edas encarcelado en Alemania.\" \/>\n\t\t<meta property=\"og:url\" content=\"https:\/\/www.eldigitaldeasturias.com\/noticias\/politica-carcel-y-viajes-los-cinco-meses-de-puigdemont-fuera-de-espana\/\" \/>\n\t\t<meta property=\"article:tag\" content=\"actualidad\" \/>\n\t\t<meta property=\"article:published_time\" content=\"2018-04-07T00:36:32+00:00\" \/>\n\t\t<meta property=\"article:modified_time\" content=\"2018-04-07T00:36:32+00:00\" \/>\n\t\t<meta property=\"article:publisher\" content=\"https:\/\/facebook.com\/eldigitaldeasturias\" \/>\n\t\t<meta name=\"twitter:card\" content=\"summary_large_image\" \/>\n\t\t<meta name=\"twitter:title\" content=\"Pol\u00edtica, c\u00e1rcel y viajes: Los cinco meses de Puigdemont fuera de Espa\u00f1a - El Digital de Asturias\" \/>\n\t\t<meta name=\"twitter:description\" content=\"Madrid, 6 abr (dpa) - La huida de Carles Puigdemont a Bruselas con parte de su gabinete abri\u00f3 a fines de octubre uno de los cap\u00edtulos m\u00e1s inesperados en la crisis en Catalu\u00f1a, que vivi\u00f3 hoy un giro crucial cuando el ex presidente regional qued\u00f3 en libertad bajo fianza tras 12 d\u00edas encarcelado en Alemania.\" \/>\n\t\t<meta name=\"twitter:image\" content=\"https:\/\/www.eldigitaldeasturias.com\/noticias\/wp-content\/uploads\/2020\/12\/EDA-1.jpg\" \/>\n\t\t<meta name=\"twitter:label1\" content=\"Escrito por\" \/>\n\t\t<meta name=\"twitter:data1\" content=\"El Digital de Asturias\" \/>\n\t\t<meta name=\"twitter:label2\" content=\"Tiempo de lectura estimado\" \/>\n\t\t<meta name=\"twitter:data2\" content=\"4 minutos\" \/>\n\t\t<script type=\"application\/ld+json\" class=\"aioseo-schema\">\n\t\t\t{\"@context\":\"https:\\\/\\\/schema.org\",\"@graph\":[{\"@type\":\"BlogPosting\",\"@id\":\"https:\\\/\\\/www.eldigitaldeasturias.com\\\/noticias\\\/politica-carcel-y-viajes-los-cinco-meses-de-puigdemont-fuera-de-espana\\\/#blogposting\",\"name\":\"Pol\\u00edtica, c\\u00e1rcel y viajes: Los cinco meses de Puigdemont fuera de Espa\\u00f1a - El Digital de Asturias\",\"headline\":\"Pol\\u00edtica, c\\u00e1rcel y viajes: Los cinco meses de Puigdemont fuera de Espa\\u00f1a\",\"author\":{\"@id\":\"https:\\\/\\\/www.eldigitaldeasturias.com\\\/noticias\\\/author\\\/admin\\\/#author\"},\"publisher\":{\"@id\":\"https:\\\/\\\/www.eldigitaldeasturias.com\\\/noticias\\\/#organization\"},\"image\":{\"@type\":\"ImageObject\",\"url\":973532},\"datePublished\":\"2018-04-07T00:36:32+02:00\",\"dateModified\":\"2018-04-07T00:36:32+02:00\",\"inLanguage\":\"es-ES\",\"mainEntityOfPage\":{\"@id\":\"https:\\\/\\\/www.eldigitaldeasturias.com\\\/noticias\\\/politica-carcel-y-viajes-los-cinco-meses-de-puigdemont-fuera-de-espana\\\/#webpage\"},\"isPartOf\":{\"@id\":\"https:\\\/\\\/www.eldigitaldeasturias.com\\\/noticias\\\/politica-carcel-y-viajes-los-cinco-meses-de-puigdemont-fuera-de-espana\\\/#webpage\"},\"articleSection\":\"Actualidad\"},{\"@type\":\"BreadcrumbList\",\"@id\":\"https:\\\/\\\/www.eldigitaldeasturias.com\\\/noticias\\\/politica-carcel-y-viajes-los-cinco-meses-de-puigdemont-fuera-de-espana\\\/#breadcrumblist\",\"itemListElement\":[{\"@type\":\"ListItem\",\"@id\":\"https:\\\/\\\/www.eldigitaldeasturias.com\\\/noticias#listItem\",\"position\":1,\"name\":\"Home\",\"item\":\"https:\\\/\\\/www.eldigitaldeasturias.com\\\/noticias\",\"nextItem\":{\"@type\":\"ListItem\",\"@id\":\"https:\\\/\\\/www.eldigitaldeasturias.com\\\/noticias\\\/category\\\/actualidad\\\/#listItem\",\"name\":\"Actualidad\"}},{\"@type\":\"ListItem\",\"@id\":\"https:\\\/\\\/www.eldigitaldeasturias.com\\\/noticias\\\/category\\\/actualidad\\\/#listItem\",\"position\":2,\"name\":\"Actualidad\",\"item\":\"https:\\\/\\\/www.eldigitaldeasturias.com\\\/noticias\\\/category\\\/actualidad\\\/\",\"nextItem\":{\"@type\":\"ListItem\",\"@id\":\"https:\\\/\\\/www.eldigitaldeasturias.com\\\/noticias\\\/politica-carcel-y-viajes-los-cinco-meses-de-puigdemont-fuera-de-espana\\\/#listItem\",\"name\":\"Pol\\u00edtica, c\\u00e1rcel y viajes: Los cinco meses de Puigdemont fuera de Espa\\u00f1a\"},\"previousItem\":{\"@type\":\"ListItem\",\"@id\":\"https:\\\/\\\/www.eldigitaldeasturias.com\\\/noticias#listItem\",\"name\":\"Home\"}},{\"@type\":\"ListItem\",\"@id\":\"https:\\\/\\\/www.eldigitaldeasturias.com\\\/noticias\\\/politica-carcel-y-viajes-los-cinco-meses-de-puigdemont-fuera-de-espana\\\/#listItem\",\"position\":3,\"name\":\"Pol\\u00edtica, c\\u00e1rcel y viajes: Los cinco meses de Puigdemont fuera de Espa\\u00f1a\",\"previousItem\":{\"@type\":\"ListItem\",\"@id\":\"https:\\\/\\\/www.eldigitaldeasturias.com\\\/noticias\\\/category\\\/actualidad\\\/#listItem\",\"name\":\"Actualidad\"}}]},{\"@type\":\"Organization\",\"@id\":\"https:\\\/\\\/www.eldigitaldeasturias.com\\\/noticias\\\/#organization\",\"name\":\"El Digital de Asturias\",\"description\":\"Hemeroteca\",\"url\":\"https:\\\/\\\/www.eldigitaldeasturias.com\\\/noticias\\\/\",\"email\":\"info@eldigitaldeasturias.com\",\"telephone\":\"+34652131393\",\"logo\":{\"@type\":\"ImageObject\",\"url\":\"https:\\\/\\\/www.eldigitaldeasturias.com\\\/noticias\\\/wp-content\\\/uploads\\\/2020\\\/12\\\/EDA.jpg\",\"@id\":\"https:\\\/\\\/www.eldigitaldeasturias.com\\\/noticias\\\/politica-carcel-y-viajes-los-cinco-meses-de-puigdemont-fuera-de-espana\\\/#organizationLogo\"},\"image\":{\"@id\":\"https:\\\/\\\/www.eldigitaldeasturias.com\\\/noticias\\\/politica-carcel-y-viajes-los-cinco-meses-de-puigdemont-fuera-de-espana\\\/#organizationLogo\"},\"sameAs\":[\"https:\\\/\\\/facebook.com\\\/eldigitaldeasturias\",\"https:\\\/\\\/www.youtube.com\\\/channel\\\/UCZP-2wLEB9Rv6erhFmqVnvg\"],\"address\":{\"@id\":\"https:\\\/\\\/www.eldigitaldeasturias.com\\\/noticias\\\/#postaladdress\",\"@type\":\"PostalAddress\",\"streetAddress\":\"san antonio 4\",\"postalCode\":\"33430\",\"addressLocality\":\"Cand\\u00e1s\",\"addressRegion\":\"Asturias\",\"addressCountry\":\"ES\"}},{\"@type\":\"Person\",\"@id\":\"https:\\\/\\\/www.eldigitaldeasturias.com\\\/noticias\\\/author\\\/admin\\\/#author\",\"url\":\"https:\\\/\\\/www.eldigitaldeasturias.com\\\/noticias\\\/author\\\/admin\\\/\",\"name\":\"El Digital de Asturias\",\"image\":{\"@type\":\"ImageObject\",\"@id\":\"https:\\\/\\\/www.eldigitaldeasturias.com\\\/noticias\\\/politica-carcel-y-viajes-los-cinco-meses-de-puigdemont-fuera-de-espana\\\/#authorImage\",\"url\":\"https:\\\/\\\/secure.gravatar.com\\\/avatar\\\/df2aeffc32bcd13f8d26072ef8a91b623d677766deac7f97ca815868cd41bf5e?s=96&d=mm&r=g\",\"width\":96,\"height\":96,\"caption\":\"El Digital de Asturias\"}},{\"@type\":\"WebPage\",\"@id\":\"https:\\\/\\\/www.eldigitaldeasturias.com\\\/noticias\\\/politica-carcel-y-viajes-los-cinco-meses-de-puigdemont-fuera-de-espana\\\/#webpage\",\"url\":\"https:\\\/\\\/www.eldigitaldeasturias.com\\\/noticias\\\/politica-carcel-y-viajes-los-cinco-meses-de-puigdemont-fuera-de-espana\\\/\",\"name\":\"Pol\\u00edtica, c\\u00e1rcel y viajes: Los cinco meses de Puigdemont fuera de Espa\\u00f1a - El Digital de Asturias\",\"description\":\"Madrid, 6 abr (dpa) - La huida de Carles Puigdemont a Bruselas con parte de su gabinete abri\\u00f3 a fines de octubre uno de los cap\\u00edtulos m\\u00e1s inesperados en la crisis en Catalu\\u00f1a, que vivi\\u00f3 hoy un giro crucial cuando el ex presidente regional qued\\u00f3 en libertad bajo fianza tras 12 d\\u00edas encarcelado en Alemania.\",\"inLanguage\":\"es-ES\",\"isPartOf\":{\"@id\":\"https:\\\/\\\/www.eldigitaldeasturias.com\\\/noticias\\\/#website\"},\"breadcrumb\":{\"@id\":\"https:\\\/\\\/www.eldigitaldeasturias.com\\\/noticias\\\/politica-carcel-y-viajes-los-cinco-meses-de-puigdemont-fuera-de-espana\\\/#breadcrumblist\"},\"author\":{\"@id\":\"https:\\\/\\\/www.eldigitaldeasturias.com\\\/noticias\\\/author\\\/admin\\\/#author\"},\"creator\":{\"@id\":\"https:\\\/\\\/www.eldigitaldeasturias.com\\\/noticias\\\/author\\\/admin\\\/#author\"},\"image\":{\"@type\":\"ImageObject\",\"url\":973532,\"@id\":\"https:\\\/\\\/www.eldigitaldeasturias.com\\\/noticias\\\/politica-carcel-y-viajes-los-cinco-meses-de-puigdemont-fuera-de-espana\\\/#mainImage\"},\"primaryImageOfPage\":{\"@id\":\"https:\\\/\\\/www.eldigitaldeasturias.com\\\/noticias\\\/politica-carcel-y-viajes-los-cinco-meses-de-puigdemont-fuera-de-espana\\\/#mainImage\"},\"datePublished\":\"2018-04-07T00:36:32+02:00\",\"dateModified\":\"2018-04-07T00:36:32+02:00\"},{\"@type\":\"WebSite\",\"@id\":\"https:\\\/\\\/www.eldigitaldeasturias.com\\\/noticias\\\/#website\",\"url\":\"https:\\\/\\\/www.eldigitaldeasturias.com\\\/noticias\\\/\",\"name\":\"El Digital de Asturias - Diario de actualidad y noticias\",\"alternateName\":\"El Digital de Asturias - Diario de actualidad y noticias\",\"description\":\"Hemeroteca\",\"inLanguage\":\"es-ES\",\"publisher\":{\"@id\":\"https:\\\/\\\/www.eldigitaldeasturias.com\\\/noticias\\\/#organization\"}}]}\n\t\t<\/script>\n\t\t<!-- All in One SEO Pro -->\r\n\t\t<title>Pol\u00edtica, c\u00e1rcel y viajes: Los cinco meses de Puigdemont fuera de Espa\u00f1a - El Digital de Asturias<\/title>\n\n","aioseo_head_json":{"title":"Pol\u00edtica, c\u00e1rcel y viajes: Los cinco meses de Puigdemont fuera de Espa\u00f1a - El Digital de Asturias","description":"Madrid, 6 abr (dpa) - La huida de Carles Puigdemont a Bruselas con parte de su gabinete abri\u00f3 a fines de octubre uno de los cap\u00edtulos m\u00e1s inesperados en la crisis en Catalu\u00f1a, que vivi\u00f3 hoy un giro crucial cuando el ex presidente regional qued\u00f3 en libertad bajo fianza tras 12 d\u00edas encarcelado en Alemania.","canonical_url":"https:\/\/www.eldigitaldeasturias.com\/noticias\/politica-carcel-y-viajes-los-cinco-meses-de-puigdemont-fuera-de-espana\/","robots":"max-image-preview:large","keywords":"actualidad","webmasterTools":{"google-site-verification":"UA-38556648-1","msvalidate.01":"7dfe9f3f1b24437ab69f4f2559babe99","miscellaneous":""},"schema":{"@context":"https:\/\/schema.org","@graph":[{"@type":"BlogPosting","@id":"https:\/\/www.eldigitaldeasturias.com\/noticias\/politica-carcel-y-viajes-los-cinco-meses-de-puigdemont-fuera-de-espana\/#blogposting","name":"Pol\u00edtica, c\u00e1rcel y viajes: Los cinco meses de Puigdemont fuera de Espa\u00f1a - El Digital de Asturias","headline":"Pol\u00edtica, c\u00e1rcel y viajes: Los cinco meses de Puigdemont fuera de Espa\u00f1a","author":{"@id":"https:\/\/www.eldigitaldeasturias.com\/noticias\/author\/admin\/#author"},"publisher":{"@id":"https:\/\/www.eldigitaldeasturias.com\/noticias\/#organization"},"image":{"@type":"ImageObject","url":973532},"datePublished":"2018-04-07T00:36:32+02:00","dateModified":"2018-04-07T00:36:32+02:00","inLanguage":"es-ES","mainEntityOfPage":{"@id":"https:\/\/www.eldigitaldeasturias.com\/noticias\/politica-carcel-y-viajes-los-cinco-meses-de-puigdemont-fuera-de-espana\/#webpage"},"isPartOf":{"@id":"https:\/\/www.eldigitaldeasturias.com\/noticias\/politica-carcel-y-viajes-los-cinco-meses-de-puigdemont-fuera-de-espana\/#webpage"},"articleSection":"Actualidad"},{"@type":"BreadcrumbList","@id":"https:\/\/www.eldigitaldeasturias.com\/noticias\/politica-carcel-y-viajes-los-cinco-meses-de-puigdemont-fuera-de-espana\/#breadcrumblist","itemListElement":[{"@type":"ListItem","@id":"https:\/\/www.eldigitaldeasturias.com\/noticias#listItem","position":1,"name":"Home","item":"https:\/\/www.eldigitaldeasturias.com\/noticias","nextItem":{"@type":"ListItem","@id":"https:\/\/www.eldigitaldeasturias.com\/noticias\/category\/actualidad\/#listItem","name":"Actualidad"}},{"@type":"ListItem","@id":"https:\/\/www.eldigitaldeasturias.com\/noticias\/category\/actualidad\/#listItem","position":2,"name":"Actualidad","item":"https:\/\/www.eldigitaldeasturias.com\/noticias\/category\/actualidad\/","nextItem":{"@type":"ListItem","@id":"https:\/\/www.eldigitaldeasturias.com\/noticias\/politica-carcel-y-viajes-los-cinco-meses-de-puigdemont-fuera-de-espana\/#listItem","name":"Pol\u00edtica, c\u00e1rcel y viajes: Los cinco meses de Puigdemont fuera de Espa\u00f1a"},"previousItem":{"@type":"ListItem","@id":"https:\/\/www.eldigitaldeasturias.com\/noticias#listItem","name":"Home"}},{"@type":"ListItem","@id":"https:\/\/www.eldigitaldeasturias.com\/noticias\/politica-carcel-y-viajes-los-cinco-meses-de-puigdemont-fuera-de-espana\/#listItem","position":3,"name":"Pol\u00edtica, c\u00e1rcel y viajes: Los cinco meses de Puigdemont fuera de Espa\u00f1a","previousItem":{"@type":"ListItem","@id":"https:\/\/www.eldigitaldeasturias.com\/noticias\/category\/actualidad\/#listItem","name":"Actualidad"}}]},{"@type":"Organization","@id":"https:\/\/www.eldigitaldeasturias.com\/noticias\/#organization","name":"El Digital de Asturias","description":"Hemeroteca","url":"https:\/\/www.eldigitaldeasturias.com\/noticias\/","email":"info@eldigitaldeasturias.com","telephone":"+34652131393","logo":{"@type":"ImageObject","url":"https:\/\/www.eldigitaldeasturias.com\/noticias\/wp-content\/uploads\/2020\/12\/EDA.jpg","@id":"https:\/\/www.eldigitaldeasturias.com\/noticias\/politica-carcel-y-viajes-los-cinco-meses-de-puigdemont-fuera-de-espana\/#organizationLogo"},"image":{"@id":"https:\/\/www.eldigitaldeasturias.com\/noticias\/politica-carcel-y-viajes-los-cinco-meses-de-puigdemont-fuera-de-espana\/#organizationLogo"},"sameAs":["https:\/\/facebook.com\/eldigitaldeasturias","https:\/\/www.youtube.com\/channel\/UCZP-2wLEB9Rv6erhFmqVnvg"],"address":{"@id":"https:\/\/www.eldigitaldeasturias.com\/noticias\/#postaladdress","@type":"PostalAddress","streetAddress":"san antonio 4","postalCode":"33430","addressLocality":"Cand\u00e1s","addressRegion":"Asturias","addressCountry":"ES"}},{"@type":"Person","@id":"https:\/\/www.eldigitaldeasturias.com\/noticias\/author\/admin\/#author","url":"https:\/\/www.eldigitaldeasturias.com\/noticias\/author\/admin\/","name":"El Digital de Asturias","image":{"@type":"ImageObject","@id":"https:\/\/www.eldigitaldeasturias.com\/noticias\/politica-carcel-y-viajes-los-cinco-meses-de-puigdemont-fuera-de-espana\/#authorImage","url":"https:\/\/secure.gravatar.com\/avatar\/df2aeffc32bcd13f8d26072ef8a91b623d677766deac7f97ca815868cd41bf5e?s=96&d=mm&r=g","width":96,"height":96,"caption":"El Digital de Asturias"}},{"@type":"WebPage","@id":"https:\/\/www.eldigitaldeasturias.com\/noticias\/politica-carcel-y-viajes-los-cinco-meses-de-puigdemont-fuera-de-espana\/#webpage","url":"https:\/\/www.eldigitaldeasturias.com\/noticias\/politica-carcel-y-viajes-los-cinco-meses-de-puigdemont-fuera-de-espana\/","name":"Pol\u00edtica, c\u00e1rcel y viajes: Los cinco meses de Puigdemont fuera de Espa\u00f1a - El Digital de Asturias","description":"Madrid, 6 abr (dpa) - La huida de Carles Puigdemont a Bruselas con parte de su gabinete abri\u00f3 a fines de octubre uno de los cap\u00edtulos m\u00e1s inesperados en la crisis en Catalu\u00f1a, que vivi\u00f3 hoy un giro crucial cuando el ex presidente regional qued\u00f3 en libertad bajo fianza tras 12 d\u00edas encarcelado en Alemania.","inLanguage":"es-ES","isPartOf":{"@id":"https:\/\/www.eldigitaldeasturias.com\/noticias\/#website"},"breadcrumb":{"@id":"https:\/\/www.eldigitaldeasturias.com\/noticias\/politica-carcel-y-viajes-los-cinco-meses-de-puigdemont-fuera-de-espana\/#breadcrumblist"},"author":{"@id":"https:\/\/www.eldigitaldeasturias.com\/noticias\/author\/admin\/#author"},"creator":{"@id":"https:\/\/www.eldigitaldeasturias.com\/noticias\/author\/admin\/#author"},"image":{"@type":"ImageObject","url":973532,"@id":"https:\/\/www.eldigitaldeasturias.com\/noticias\/politica-carcel-y-viajes-los-cinco-meses-de-puigdemont-fuera-de-espana\/#mainImage"},"primaryImageOfPage":{"@id":"https:\/\/www.eldigitaldeasturias.com\/noticias\/politica-carcel-y-viajes-los-cinco-meses-de-puigdemont-fuera-de-espana\/#mainImage"},"datePublished":"2018-04-07T00:36:32+02:00","dateModified":"2018-04-07T00:36:32+02:00"},{"@type":"WebSite","@id":"https:\/\/www.eldigitaldeasturias.com\/noticias\/#website","url":"https:\/\/www.eldigitaldeasturias.com\/noticias\/","name":"El Digital de Asturias - Diario de actualidad y noticias","alternateName":"El Digital de Asturias - Diario de actualidad y noticias","description":"Hemeroteca","inLanguage":"es-ES","publisher":{"@id":"https:\/\/www.eldigitaldeasturias.com\/noticias\/#organization"}}]},"og:locale":"es_ES","og:site_name":"El Digital de Asturias","og:type":"article","og:title":"Pol\u00edtica, c\u00e1rcel y viajes: Los cinco meses de Puigdemont fuera de Espa\u00f1a - El Digital de Asturias","og:description":"Madrid, 6 abr (dpa) - La huida de Carles Puigdemont a Bruselas con parte de su gabinete abri\u00f3 a fines de octubre uno de los cap\u00edtulos m\u00e1s inesperados en la crisis en Catalu\u00f1a, que vivi\u00f3 hoy un giro crucial cuando el ex presidente regional qued\u00f3 en libertad bajo fianza tras 12 d\u00edas encarcelado en Alemania.","og:url":"https:\/\/www.eldigitaldeasturias.com\/noticias\/politica-carcel-y-viajes-los-cinco-meses-de-puigdemont-fuera-de-espana\/","article:tag":["actualidad"],"article:published_time":"2018-04-07T00:36:32+00:00","article:modified_time":"2018-04-07T00:36:32+00:00","article:publisher":"https:\/\/facebook.com\/eldigitaldeasturias","twitter:card":"summary_large_image","twitter:title":"Pol\u00edtica, c\u00e1rcel y viajes: Los cinco meses de Puigdemont fuera de Espa\u00f1a - El Digital de Asturias","twitter:description":"Madrid, 6 abr (dpa) - La huida de Carles Puigdemont a Bruselas con parte de su gabinete abri\u00f3 a fines de octubre uno de los cap\u00edtulos m\u00e1s inesperados en la crisis en Catalu\u00f1a, que vivi\u00f3 hoy un giro crucial cuando el ex presidente regional qued\u00f3 en libertad bajo fianza tras 12 d\u00edas encarcelado en Alemania.","twitter:image":"https:\/\/www.eldigitaldeasturias.com\/noticias\/wp-content\/uploads\/2020\/12\/EDA-1.jpg","twitter:label1":"Escrito por","twitter:data1":"El Digital de Asturias","twitter:label2":"Tiempo de lectura estimado","twitter:data2":"4 minutos"},"aioseo_meta_data":{"post_id":"975050","title":null,"description":null,"keywords":null,"keyphrases":null,"primary_term":null,"canonical_url":null,"og_title":null,"og_description":null,"og_object_type":"default","og_image_type":"default","og_image_url":null,"og_image_width":null,"og_image_height":null,"og_image_custom_url":null,"og_image_custom_fields":null,"og_video":null,"og_custom_url":null,"og_article_section":null,"og_article_tags":null,"twitter_use_og":false,"twitter_card":"default","twitter_image_type":"default","twitter_image_url":null,"twitter_image_custom_url":null,"twitter_image_custom_fields":null,"twitter_title":null,"twitter_description":null,"schema":{"blockGraphs":[],"customGraphs":[],"default":{"data":{"Article":[],"Course":[],"Dataset":[],"FAQPage":[],"Movie":[],"Person":[],"Product":[],"ProductReview":[],"Car":[],"Recipe":[],"Service":[],"SoftwareApplication":[],"WebPage":[]},"graphName":"","isEnabled":true},"graphs":[],"defaultGraph":"","defaultPostTypeGraph":""},"schema_type":null,"schema_type_options":null,"pillar_content":false,"robots_default":true,"robots_noindex":false,"robots_noarchive":false,"robots_nosnippet":false,"robots_nofollow":false,"robots_noimageindex":false,"robots_noodp":false,"robots_notranslate":false,"robots_max_snippet":null,"robots_max_videopreview":null,"robots_max_imagepreview":"large","priority":null,"frequency":null,"local_seo":null,"seo_analyzer_scan_date":"2025-10-07 22:28:16","breadcrumb_settings":null,"limit_modified_date":false,"open_ai":null,"ai":null,"created":"2020-12-21 12:11:39","updated":"2025-10-07 22:28:16","focus_keyword":null,"additional_keywords":null,"truseo_locale":null},"aioseo_breadcrumb":"<div class=\"aioseo-breadcrumbs\"><span class=\"aioseo-breadcrumb\">\n\t<a href=\"https:\/\/www.eldigitaldeasturias.com\/noticias\" title=\"Home\">Home<\/a>\n<\/span><span class=\"aioseo-breadcrumb-separator\">\u2013<\/span><span class=\"aioseo-breadcrumb\">\n\t<a href=\"https:\/\/www.eldigitaldeasturias.com\/noticias\/category\/actualidad\/\" title=\"Actualidad\">Actualidad<\/a>\n<\/span><span class=\"aioseo-breadcrumb-separator\">\u2013<\/span><span class=\"aioseo-breadcrumb\">\n\t<a href=\"https:\/\/www.eldigitaldeasturias.com\/noticias\/politica-carcel-y-viajes-los-cinco-meses-de-puigdemont-fuera-de-espana\/\" title=\"Pol\u00edtica, c\u00e1rcel y viajes: Los cinco meses de Puigdemont fuera de Espa\u00f1a\">Pol\u00edtica, c\u00e1rcel y viajes: Los cinco meses de Puigdemont fuera de Espa\u00f1a<\/a>\n<\/span><\/div>","aioseo_breadcrumb_json":[{"label":"Home","link":"https:\/\/www.eldigitaldeasturias.com\/noticias"},{"label":"Actualidad","link":"https:\/\/www.eldigitaldeasturias.com\/noticias\/category\/actualidad\/"},{"label":"Pol\u00edtica, c\u00e1rcel y viajes: Los cinco meses de Puigdemont fuera de Espa\u00f1a","link":"https:\/\/www.eldigitaldeasturias.com\/noticias\/politica-carcel-y-viajes-los-cinco-meses-de-puigdemont-fuera-de-espana\/"}],"_links":{"self":[{"href":"https:\/\/www.eldigitaldeasturias.com\/noticias\/wp-json\/wp\/v2\/posts\/975050","targetHints":{"allow":["GET"]}}],"collection":[{"href":"https:\/\/www.eldigitaldeasturias.com\/noticias\/wp-json\/wp\/v2\/posts"}],"about":[{"href":"https:\/\/www.eldigitaldeasturias.com\/noticias\/wp-json\/wp\/v2\/types\/post"}],"author":[{"embeddable":true,"href":"https:\/\/www.eldigitaldeasturias.com\/noticias\/wp-json\/wp\/v2\/users\/1"}],"replies":[{"embeddable":true,"href":"https:\/\/www.eldigitaldeasturias.com\/noticias\/wp-json\/wp\/v2\/comments?post=975050"}],"version-history":[{"count":0,"href":"https:\/\/www.eldigitaldeasturias.com\/noticias\/wp-json\/wp\/v2\/posts\/975050\/revisions"}],"wp:attachment":[{"href":"https:\/\/www.eldigitaldeasturias.com\/noticias\/wp-json\/wp\/v2\/media?parent=975050"}],"wp:term":[{"taxonomy":"category","embeddable":true,"href":"https:\/\/www.eldigitaldeasturias.com\/noticias\/wp-json\/wp\/v2\/categories?post=975050"},{"taxonomy":"post_tag","embeddable":true,"href":"https:\/\/www.eldigitaldeasturias.com\/noticias\/wp-json\/wp\/v2\/tags?post=975050"}],"curies":[{"name":"wp","href":"https:\/\/api.w.org\/{rel}","templated":true}]}}