{"id":975048,"date":"2018-04-07T00:33:11","date_gmt":"2018-04-07T00:33:11","guid":{"rendered":"http:\/\/www.eldigitaldeasturias.com\/noticias\/?p=975048"},"modified":"2018-04-07T00:33:11","modified_gmt":"2018-04-07T00:33:11","slug":"hungria-celebra-el-proximo-domingo-elecciones-parlamentarias","status":"publish","type":"post","link":"https:\/\/www.eldigitaldeasturias.com\/noticias\/hungria-celebra-el-proximo-domingo-elecciones-parlamentarias\/","title":{"rendered":"Hungr\u00eda celebra el pr\u00f3ximo domingo elecciones parlamentarias"},"content":{"rendered":"<p><img loading=\"lazy\" decoding=\"async\" class=\"alignleft size-medium wp-image-583110\" src=\"https:\/\/www.eldigitaldeasturias.com\/noticias\/wp-content\/uploads\/2014\/08\/6560500w-336x320.jpg\" alt=\"\" width=\"336\" height=\"320\" \/>Budapest\/Bruselas, 4 abr (dpa) &#8211; Hungr\u00eda celebra el pr\u00f3ximo domingo elecciones parlamentarias en las que el primer ministro, el nacionalista derechista Viktor Orban, busca la reelecci\u00f3n, y cuya campa\u00f1a ha estado marcada por un \u00fanico gran tema: el debate migratorio.<\/p>\n<p>Orban, fuerte detractor de la entrada de migrantes y el m\u00e1s duro cr\u00edtico de la pol\u00edtica migratoria de la Uni\u00f3n Europea (UE), habla continuamente del tema, acusando con frecuencia al multimillonario estadounidense George Soros.<\/p>\n<p>A Soros, un superviviente del Holocausto de origen h\u00fangaro, Orban lo acusa de mover los hilos de la Uni\u00f3n Europea (UE) y dirigir una masa migratoria de musulmanes a Europa. El objetivo de Soros ser\u00eda robar al pueblo del Viejo Continente su \u00abidentidad nacional y cristiana\u00bb, asegura Orban.<\/p>\n<p>El primer ministro ha convertido su teor\u00eda conspiratoria en un mantra en todo el pa\u00eds, que sirve tambi\u00e9n como medio para difamar a las organizaciones civiles cr\u00edticas con el Gobierno, algunas de las cuales son apoyadas por Soros, un millonario de 87 a\u00f1os que aboga por la democracia y los derechos humanos en el mundo.<\/p>\n<p>En el mundo de Orban, los activistas de las organizaciones civiles son s\u00f3lo \u00absoldados de Soros\u00bb, de los que el Gobierno conoce \u00abpor sus nombres\u00bb a 2.000, amenaz\u00f3 el primer ministro el pasado viernes en declaraciones en la radio p\u00fablica. \u00abSabemos exactamente qui\u00e9n trabaja para hacer de Hungr\u00eda un pa\u00eds de inmigrantes y c\u00f3mo lo hace\u00bb.<\/p>\n<p>\u00bfAmenazas vac\u00edas de Orban o realmente en Hungr\u00eda los servicios secretos est\u00e1n vigilando a las personas comprometidas con los refugiados, los sin techo o los gitanos?<\/p>\n<p>No s\u00f3lo la propaganda parece jugar a favor de Orban, sino tambi\u00e9n la divisi\u00f3n de la oposici\u00f3n aumentan las opciones del primer ministro a la reelecci\u00f3n: una encuesta del instituto Republikon del martes situaba a su partido Fidesz una intenci\u00f3n de voto del 41 por ciento, seguido de lejos del radical de derechas Jobbik, con el 21 por ciento, y los socialdem\u00f3cratas del MSZP con el 19 por ciento.<\/p>\n<p>El derecho electoral h\u00fangaro favorece al partido m\u00e1s fuerte, que en este caso ser\u00eda el Fidesz: 106 de los 199 esca\u00f1os en juego se entregan en distritos electorales \u00fanicos, donde basta ser el partido m\u00e1s votado para llevarse el mandato directo. Ello hace prever que las elecciones del domingo concluir\u00e1n con mayor\u00eda absoluta para Orban.<\/p>\n<p>Una muy probable reelecci\u00f3n que augura a\u00fan m\u00e1s problemas para una Uni\u00f3n Europea, que ya enfrenta muchos desaf\u00edos: Italia se encuentra en una situaci\u00f3n de bloqueo pol\u00edtico tras unas elecciones que no arrojaron mayor\u00edas claras y a ello se suman los debates sobre reformas, un nuevo marco presupuestario y una reforma sobre el sistema de asilo en el bloque.<\/p>\n<p>Y un Orban reforzado con un respaldo fuerte en las urnas no hace prever tiempos f\u00e1ciles en el Consejo Europeo, la \u00faltima instancia de decisi\u00f3n en el bloque.<\/p>\n<p>\u00abSer\u00e1 seguramente uno de los interlocutores m\u00e1s dif\u00edciles para negociar\u00bb, pronostica Stefan Lehne, del \u00abthink tank\u00bb Carnegie Europe. \u00abPero tampoco se descarta poder llegar a acuerdos con \u00e9l\u00bb.<\/p>\n<p>La canciller alemana, Angela Merkel, y el resto de jefes de Estado y Gobierno de la UE quieren cerrar antes de junio una reforma del derecho de asilo en el bloque. Y Orban podr\u00eda ser un problema.<\/p>\n<p>Ya se ha mostrado contrario a aceptar una cuota de migrantes vinculante, como recomend\u00f3 recientemente el pol\u00edtico alem\u00e1n Manfred Weber, del partido b\u00e1varo CSU, hermano de la CDU de Merkel. Y Orban sabe que en ese rechazo cuenta con el respaldo de otros pa\u00edses de Europa central y oriental.<\/p>\n<p>Sin embargo, la terquedad de Orban puede tener tambi\u00e9n un punto d\u00e9bil: el bienestar econ\u00f3mico de su pa\u00eds depende en gran medida de subvenciones europeas, que constituyen en torno al cuatro por ciento de su producto interno bruto (PIB).<\/p>\n<p>Esas subvenciones son sin embargo una manifestaci\u00f3n de solidaridad en una UE con un desarrollo desigual. \u00bfPuede entonces esperarse del receptor a cambio algo de solidaridad al enfrentar la cuesti\u00f3n de los refugiados? Recientemente Merkel dio a entender que s\u00ed, al insinuar la idea de hacer depender las ayudas en el prdsupuesto a partir de 2021 de una actitud constructiva del receptor en cuestiones de asilo.<\/p>\n<p>Bruselas cree por ello que no habr\u00e1 una ruptura abrupta entre Hungr\u00eda y la UE. \u00abOrban es un pol\u00edtico extremadamente inteligente y est\u00e1 muy bien conectado\u00bb, se\u00f1ala Lehne, del Carnegie. \u00abSu pol\u00edtica no es proeuropea, pero sabe exactamente hasta d\u00f3nde puede llegar\u00bb.<\/p>\n<p><i class=\"lang-es\"><span class=\" readonly\" title=\"\">Por Gregor Mayer (dpa)<\/span><\/i><\/p>\n","protected":false},"excerpt":{"rendered":"<p>Budapest\/Bruselas, 4 abr (dpa) &#8211; Hungr\u00eda celebra el pr\u00f3ximo domingo elecciones parlamentarias en las que el primer ministro, el nacionalista derechista Viktor Orban, busca la reelecci\u00f3n, y cuya campa\u00f1a ha estado marcada por un \u00fanico gran tema: el debate migratorio. Orban, fuerte detractor de la entrada de migrantes y el m\u00e1s duro cr\u00edtico de la [&hellip;]<\/p>\n","protected":false},"author":1,"featured_media":583110,"comment_status":"closed","ping_status":"closed","sticky":false,"template":"","format":"standard","meta":{"footnotes":""},"categories":[1],"tags":[],"class_list":["post-975048","post","type-post","status-publish","format-standard","has-post-thumbnail","hentry","category-actualidad"],"aioseo_notices":[],"aioseo_head":"\n\t\t<!-- All in One SEO Pro 5.0.1 - aioseo.com -->\n\t<meta name=\"description\" content=\"Budapest\/Bruselas, 4 abr (dpa) - Hungr\u00eda celebra el pr\u00f3ximo domingo elecciones parlamentarias en las que el primer ministro, el nacionalista derechista Viktor Orban, busca la reelecci\u00f3n, y cuya campa\u00f1a ha estado marcada por un \u00fanico gran tema: el debate migratorio. Orban, fuerte detractor de la entrada de migrantes y el m\u00e1s duro cr\u00edtico de la\" \/>\n\t<meta name=\"robots\" content=\"max-image-preview:large\" \/>\n\t<meta name=\"author\" content=\"El Digital de Asturias\"\/>\n\t<meta name=\"google-site-verification\" content=\"UA-38556648-1\" \/>\n\t<meta name=\"msvalidate.01\" content=\"7dfe9f3f1b24437ab69f4f2559babe99\" \/>\n\t<meta name=\"keywords\" content=\"actualidad\" \/>\n\t<link rel=\"canonical\" href=\"https:\/\/www.eldigitaldeasturias.com\/noticias\/hungria-celebra-el-proximo-domingo-elecciones-parlamentarias\/\" \/>\n\t<meta name=\"generator\" content=\"All in One SEO Pro (AIOSEO) 5.0.1\" \/>\n\t\t<meta property=\"og:locale\" content=\"es_ES\" \/>\n\t\t<meta property=\"og:site_name\" content=\"El Digital de Asturias\" \/>\n\t\t<meta property=\"og:type\" content=\"article\" \/>\n\t\t<meta property=\"og:title\" content=\"Hungr\u00eda celebra el pr\u00f3ximo domingo elecciones parlamentarias - El Digital de Asturias\" \/>\n\t\t<meta property=\"og:description\" content=\"Budapest\/Bruselas, 4 abr (dpa) - Hungr\u00eda celebra el pr\u00f3ximo domingo elecciones parlamentarias en las que el primer ministro, el nacionalista derechista Viktor Orban, busca la reelecci\u00f3n, y cuya campa\u00f1a ha estado marcada por un \u00fanico gran tema: el debate migratorio. Orban, fuerte detractor de la entrada de migrantes y el m\u00e1s duro cr\u00edtico de la\" \/>\n\t\t<meta property=\"og:url\" content=\"https:\/\/www.eldigitaldeasturias.com\/noticias\/hungria-celebra-el-proximo-domingo-elecciones-parlamentarias\/\" \/>\n\t\t<meta property=\"article:tag\" content=\"actualidad\" \/>\n\t\t<meta property=\"article:published_time\" content=\"2018-04-07T00:33:11+00:00\" \/>\n\t\t<meta property=\"article:modified_time\" content=\"2018-04-07T00:33:11+00:00\" \/>\n\t\t<meta property=\"article:publisher\" content=\"https:\/\/facebook.com\/eldigitaldeasturias\" \/>\n\t\t<meta name=\"twitter:card\" content=\"summary_large_image\" \/>\n\t\t<meta name=\"twitter:title\" content=\"Hungr\u00eda celebra el pr\u00f3ximo domingo elecciones parlamentarias - El Digital de Asturias\" \/>\n\t\t<meta name=\"twitter:description\" content=\"Budapest\/Bruselas, 4 abr (dpa) - Hungr\u00eda celebra el pr\u00f3ximo domingo elecciones parlamentarias en las que el primer ministro, el nacionalista derechista Viktor Orban, busca la reelecci\u00f3n, y cuya campa\u00f1a ha estado marcada por un \u00fanico gran tema: el debate migratorio. Orban, fuerte detractor de la entrada de migrantes y el m\u00e1s duro cr\u00edtico de la\" \/>\n\t\t<meta name=\"twitter:image\" content=\"https:\/\/www.eldigitaldeasturias.com\/noticias\/wp-content\/uploads\/2020\/12\/EDA-1.jpg\" \/>\n\t\t<meta name=\"twitter:label1\" content=\"Escrito por\" \/>\n\t\t<meta name=\"twitter:data1\" content=\"El Digital de Asturias\" \/>\n\t\t<meta name=\"twitter:label2\" content=\"Tiempo de lectura estimado\" \/>\n\t\t<meta name=\"twitter:data2\" content=\"4 minutos\" \/>\n\t\t<script type=\"application\/ld+json\" class=\"aioseo-schema\">\n\t\t\t{\"@context\":\"https:\\\/\\\/schema.org\",\"@graph\":[{\"@type\":\"BlogPosting\",\"@id\":\"https:\\\/\\\/www.eldigitaldeasturias.com\\\/noticias\\\/hungria-celebra-el-proximo-domingo-elecciones-parlamentarias\\\/#blogposting\",\"name\":\"Hungr\\u00eda celebra el pr\\u00f3ximo domingo elecciones parlamentarias - El Digital de Asturias\",\"headline\":\"Hungr\\u00eda celebra el pr\\u00f3ximo domingo elecciones parlamentarias\",\"author\":{\"@id\":\"https:\\\/\\\/www.eldigitaldeasturias.com\\\/noticias\\\/author\\\/admin\\\/#author\"},\"publisher\":{\"@id\":\"https:\\\/\\\/www.eldigitaldeasturias.com\\\/noticias\\\/#organization\"},\"image\":{\"@type\":\"ImageObject\",\"url\":583110},\"datePublished\":\"2018-04-07T00:33:11+02:00\",\"dateModified\":\"2018-04-07T00:33:11+02:00\",\"inLanguage\":\"es-ES\",\"mainEntityOfPage\":{\"@id\":\"https:\\\/\\\/www.eldigitaldeasturias.com\\\/noticias\\\/hungria-celebra-el-proximo-domingo-elecciones-parlamentarias\\\/#webpage\"},\"isPartOf\":{\"@id\":\"https:\\\/\\\/www.eldigitaldeasturias.com\\\/noticias\\\/hungria-celebra-el-proximo-domingo-elecciones-parlamentarias\\\/#webpage\"},\"articleSection\":\"Actualidad\"},{\"@type\":\"BreadcrumbList\",\"@id\":\"https:\\\/\\\/www.eldigitaldeasturias.com\\\/noticias\\\/hungria-celebra-el-proximo-domingo-elecciones-parlamentarias\\\/#breadcrumblist\",\"itemListElement\":[{\"@type\":\"ListItem\",\"@id\":\"https:\\\/\\\/www.eldigitaldeasturias.com\\\/noticias#listItem\",\"position\":1,\"name\":\"Home\",\"item\":\"https:\\\/\\\/www.eldigitaldeasturias.com\\\/noticias\",\"nextItem\":{\"@type\":\"ListItem\",\"@id\":\"https:\\\/\\\/www.eldigitaldeasturias.com\\\/noticias\\\/category\\\/actualidad\\\/#listItem\",\"name\":\"Actualidad\"}},{\"@type\":\"ListItem\",\"@id\":\"https:\\\/\\\/www.eldigitaldeasturias.com\\\/noticias\\\/category\\\/actualidad\\\/#listItem\",\"position\":2,\"name\":\"Actualidad\",\"item\":\"https:\\\/\\\/www.eldigitaldeasturias.com\\\/noticias\\\/category\\\/actualidad\\\/\",\"nextItem\":{\"@type\":\"ListItem\",\"@id\":\"https:\\\/\\\/www.eldigitaldeasturias.com\\\/noticias\\\/hungria-celebra-el-proximo-domingo-elecciones-parlamentarias\\\/#listItem\",\"name\":\"Hungr\\u00eda celebra el pr\\u00f3ximo domingo elecciones parlamentarias\"},\"previousItem\":{\"@type\":\"ListItem\",\"@id\":\"https:\\\/\\\/www.eldigitaldeasturias.com\\\/noticias#listItem\",\"name\":\"Home\"}},{\"@type\":\"ListItem\",\"@id\":\"https:\\\/\\\/www.eldigitaldeasturias.com\\\/noticias\\\/hungria-celebra-el-proximo-domingo-elecciones-parlamentarias\\\/#listItem\",\"position\":3,\"name\":\"Hungr\\u00eda celebra el pr\\u00f3ximo domingo elecciones parlamentarias\",\"previousItem\":{\"@type\":\"ListItem\",\"@id\":\"https:\\\/\\\/www.eldigitaldeasturias.com\\\/noticias\\\/category\\\/actualidad\\\/#listItem\",\"name\":\"Actualidad\"}}]},{\"@type\":\"Organization\",\"@id\":\"https:\\\/\\\/www.eldigitaldeasturias.com\\\/noticias\\\/#organization\",\"name\":\"El Digital de Asturias\",\"description\":\"Hemeroteca\",\"url\":\"https:\\\/\\\/www.eldigitaldeasturias.com\\\/noticias\\\/\",\"email\":\"info@eldigitaldeasturias.com\",\"telephone\":\"+34652131393\",\"logo\":{\"@type\":\"ImageObject\",\"url\":\"https:\\\/\\\/www.eldigitaldeasturias.com\\\/noticias\\\/wp-content\\\/uploads\\\/2020\\\/12\\\/EDA.jpg\",\"@id\":\"https:\\\/\\\/www.eldigitaldeasturias.com\\\/noticias\\\/hungria-celebra-el-proximo-domingo-elecciones-parlamentarias\\\/#organizationLogo\"},\"image\":{\"@id\":\"https:\\\/\\\/www.eldigitaldeasturias.com\\\/noticias\\\/hungria-celebra-el-proximo-domingo-elecciones-parlamentarias\\\/#organizationLogo\"},\"sameAs\":[\"https:\\\/\\\/facebook.com\\\/eldigitaldeasturias\",\"https:\\\/\\\/www.youtube.com\\\/channel\\\/UCZP-2wLEB9Rv6erhFmqVnvg\"],\"address\":{\"@id\":\"https:\\\/\\\/www.eldigitaldeasturias.com\\\/noticias\\\/#postaladdress\",\"@type\":\"PostalAddress\",\"streetAddress\":\"san antonio 4\",\"postalCode\":\"33430\",\"addressLocality\":\"Cand\\u00e1s\",\"addressRegion\":\"Asturias\",\"addressCountry\":\"ES\"}},{\"@type\":\"Person\",\"@id\":\"https:\\\/\\\/www.eldigitaldeasturias.com\\\/noticias\\\/author\\\/admin\\\/#author\",\"url\":\"https:\\\/\\\/www.eldigitaldeasturias.com\\\/noticias\\\/author\\\/admin\\\/\",\"name\":\"El Digital de Asturias\",\"image\":{\"@type\":\"ImageObject\",\"@id\":\"https:\\\/\\\/www.eldigitaldeasturias.com\\\/noticias\\\/hungria-celebra-el-proximo-domingo-elecciones-parlamentarias\\\/#authorImage\",\"url\":\"https:\\\/\\\/secure.gravatar.com\\\/avatar\\\/df2aeffc32bcd13f8d26072ef8a91b623d677766deac7f97ca815868cd41bf5e?s=96&d=mm&r=g\",\"width\":96,\"height\":96,\"caption\":\"El Digital de Asturias\"}},{\"@type\":\"WebPage\",\"@id\":\"https:\\\/\\\/www.eldigitaldeasturias.com\\\/noticias\\\/hungria-celebra-el-proximo-domingo-elecciones-parlamentarias\\\/#webpage\",\"url\":\"https:\\\/\\\/www.eldigitaldeasturias.com\\\/noticias\\\/hungria-celebra-el-proximo-domingo-elecciones-parlamentarias\\\/\",\"name\":\"Hungr\\u00eda celebra el pr\\u00f3ximo domingo elecciones parlamentarias - El Digital de Asturias\",\"description\":\"Budapest\\\/Bruselas, 4 abr (dpa) - Hungr\\u00eda celebra el pr\\u00f3ximo domingo elecciones parlamentarias en las que el primer ministro, el nacionalista derechista Viktor Orban, busca la reelecci\\u00f3n, y cuya campa\\u00f1a ha estado marcada por un \\u00fanico gran tema: el debate migratorio. Orban, fuerte detractor de la entrada de migrantes y el m\\u00e1s duro cr\\u00edtico de la\",\"inLanguage\":\"es-ES\",\"isPartOf\":{\"@id\":\"https:\\\/\\\/www.eldigitaldeasturias.com\\\/noticias\\\/#website\"},\"breadcrumb\":{\"@id\":\"https:\\\/\\\/www.eldigitaldeasturias.com\\\/noticias\\\/hungria-celebra-el-proximo-domingo-elecciones-parlamentarias\\\/#breadcrumblist\"},\"author\":{\"@id\":\"https:\\\/\\\/www.eldigitaldeasturias.com\\\/noticias\\\/author\\\/admin\\\/#author\"},\"creator\":{\"@id\":\"https:\\\/\\\/www.eldigitaldeasturias.com\\\/noticias\\\/author\\\/admin\\\/#author\"},\"image\":{\"@type\":\"ImageObject\",\"url\":583110,\"@id\":\"https:\\\/\\\/www.eldigitaldeasturias.com\\\/noticias\\\/hungria-celebra-el-proximo-domingo-elecciones-parlamentarias\\\/#mainImage\"},\"primaryImageOfPage\":{\"@id\":\"https:\\\/\\\/www.eldigitaldeasturias.com\\\/noticias\\\/hungria-celebra-el-proximo-domingo-elecciones-parlamentarias\\\/#mainImage\"},\"datePublished\":\"2018-04-07T00:33:11+02:00\",\"dateModified\":\"2018-04-07T00:33:11+02:00\"},{\"@type\":\"WebSite\",\"@id\":\"https:\\\/\\\/www.eldigitaldeasturias.com\\\/noticias\\\/#website\",\"url\":\"https:\\\/\\\/www.eldigitaldeasturias.com\\\/noticias\\\/\",\"name\":\"El Digital de Asturias - Diario de actualidad y noticias\",\"alternateName\":\"El Digital de Asturias - Diario de actualidad y noticias\",\"description\":\"Hemeroteca\",\"inLanguage\":\"es-ES\",\"publisher\":{\"@id\":\"https:\\\/\\\/www.eldigitaldeasturias.com\\\/noticias\\\/#organization\"}}]}\n\t\t<\/script>\n\t\t<!-- All in One SEO Pro -->\r\n\t\t<title>Hungr\u00eda celebra el pr\u00f3ximo domingo elecciones parlamentarias - El Digital de Asturias<\/title>\n\n","aioseo_head_json":{"title":"Hungr\u00eda celebra el pr\u00f3ximo domingo elecciones parlamentarias - El Digital de Asturias","description":"Budapest\/Bruselas, 4 abr (dpa) - Hungr\u00eda celebra el pr\u00f3ximo domingo elecciones parlamentarias en las que el primer ministro, el nacionalista derechista Viktor Orban, busca la reelecci\u00f3n, y cuya campa\u00f1a ha estado marcada por un \u00fanico gran tema: el debate migratorio. Orban, fuerte detractor de la entrada de migrantes y el m\u00e1s duro cr\u00edtico de la","canonical_url":"https:\/\/www.eldigitaldeasturias.com\/noticias\/hungria-celebra-el-proximo-domingo-elecciones-parlamentarias\/","robots":"max-image-preview:large","keywords":"actualidad","webmasterTools":{"google-site-verification":"UA-38556648-1","msvalidate.01":"7dfe9f3f1b24437ab69f4f2559babe99","miscellaneous":""},"schema":{"@context":"https:\/\/schema.org","@graph":[{"@type":"BlogPosting","@id":"https:\/\/www.eldigitaldeasturias.com\/noticias\/hungria-celebra-el-proximo-domingo-elecciones-parlamentarias\/#blogposting","name":"Hungr\u00eda celebra el pr\u00f3ximo domingo elecciones parlamentarias - El Digital de Asturias","headline":"Hungr\u00eda celebra el pr\u00f3ximo domingo elecciones parlamentarias","author":{"@id":"https:\/\/www.eldigitaldeasturias.com\/noticias\/author\/admin\/#author"},"publisher":{"@id":"https:\/\/www.eldigitaldeasturias.com\/noticias\/#organization"},"image":{"@type":"ImageObject","url":583110},"datePublished":"2018-04-07T00:33:11+02:00","dateModified":"2018-04-07T00:33:11+02:00","inLanguage":"es-ES","mainEntityOfPage":{"@id":"https:\/\/www.eldigitaldeasturias.com\/noticias\/hungria-celebra-el-proximo-domingo-elecciones-parlamentarias\/#webpage"},"isPartOf":{"@id":"https:\/\/www.eldigitaldeasturias.com\/noticias\/hungria-celebra-el-proximo-domingo-elecciones-parlamentarias\/#webpage"},"articleSection":"Actualidad"},{"@type":"BreadcrumbList","@id":"https:\/\/www.eldigitaldeasturias.com\/noticias\/hungria-celebra-el-proximo-domingo-elecciones-parlamentarias\/#breadcrumblist","itemListElement":[{"@type":"ListItem","@id":"https:\/\/www.eldigitaldeasturias.com\/noticias#listItem","position":1,"name":"Home","item":"https:\/\/www.eldigitaldeasturias.com\/noticias","nextItem":{"@type":"ListItem","@id":"https:\/\/www.eldigitaldeasturias.com\/noticias\/category\/actualidad\/#listItem","name":"Actualidad"}},{"@type":"ListItem","@id":"https:\/\/www.eldigitaldeasturias.com\/noticias\/category\/actualidad\/#listItem","position":2,"name":"Actualidad","item":"https:\/\/www.eldigitaldeasturias.com\/noticias\/category\/actualidad\/","nextItem":{"@type":"ListItem","@id":"https:\/\/www.eldigitaldeasturias.com\/noticias\/hungria-celebra-el-proximo-domingo-elecciones-parlamentarias\/#listItem","name":"Hungr\u00eda celebra el pr\u00f3ximo domingo elecciones parlamentarias"},"previousItem":{"@type":"ListItem","@id":"https:\/\/www.eldigitaldeasturias.com\/noticias#listItem","name":"Home"}},{"@type":"ListItem","@id":"https:\/\/www.eldigitaldeasturias.com\/noticias\/hungria-celebra-el-proximo-domingo-elecciones-parlamentarias\/#listItem","position":3,"name":"Hungr\u00eda celebra el pr\u00f3ximo domingo elecciones parlamentarias","previousItem":{"@type":"ListItem","@id":"https:\/\/www.eldigitaldeasturias.com\/noticias\/category\/actualidad\/#listItem","name":"Actualidad"}}]},{"@type":"Organization","@id":"https:\/\/www.eldigitaldeasturias.com\/noticias\/#organization","name":"El Digital de Asturias","description":"Hemeroteca","url":"https:\/\/www.eldigitaldeasturias.com\/noticias\/","email":"info@eldigitaldeasturias.com","telephone":"+34652131393","logo":{"@type":"ImageObject","url":"https:\/\/www.eldigitaldeasturias.com\/noticias\/wp-content\/uploads\/2020\/12\/EDA.jpg","@id":"https:\/\/www.eldigitaldeasturias.com\/noticias\/hungria-celebra-el-proximo-domingo-elecciones-parlamentarias\/#organizationLogo"},"image":{"@id":"https:\/\/www.eldigitaldeasturias.com\/noticias\/hungria-celebra-el-proximo-domingo-elecciones-parlamentarias\/#organizationLogo"},"sameAs":["https:\/\/facebook.com\/eldigitaldeasturias","https:\/\/www.youtube.com\/channel\/UCZP-2wLEB9Rv6erhFmqVnvg"],"address":{"@id":"https:\/\/www.eldigitaldeasturias.com\/noticias\/#postaladdress","@type":"PostalAddress","streetAddress":"san antonio 4","postalCode":"33430","addressLocality":"Cand\u00e1s","addressRegion":"Asturias","addressCountry":"ES"}},{"@type":"Person","@id":"https:\/\/www.eldigitaldeasturias.com\/noticias\/author\/admin\/#author","url":"https:\/\/www.eldigitaldeasturias.com\/noticias\/author\/admin\/","name":"El Digital de Asturias","image":{"@type":"ImageObject","@id":"https:\/\/www.eldigitaldeasturias.com\/noticias\/hungria-celebra-el-proximo-domingo-elecciones-parlamentarias\/#authorImage","url":"https:\/\/secure.gravatar.com\/avatar\/df2aeffc32bcd13f8d26072ef8a91b623d677766deac7f97ca815868cd41bf5e?s=96&d=mm&r=g","width":96,"height":96,"caption":"El Digital de Asturias"}},{"@type":"WebPage","@id":"https:\/\/www.eldigitaldeasturias.com\/noticias\/hungria-celebra-el-proximo-domingo-elecciones-parlamentarias\/#webpage","url":"https:\/\/www.eldigitaldeasturias.com\/noticias\/hungria-celebra-el-proximo-domingo-elecciones-parlamentarias\/","name":"Hungr\u00eda celebra el pr\u00f3ximo domingo elecciones parlamentarias - El Digital de Asturias","description":"Budapest\/Bruselas, 4 abr (dpa) - Hungr\u00eda celebra el pr\u00f3ximo domingo elecciones parlamentarias en las que el primer ministro, el nacionalista derechista Viktor Orban, busca la reelecci\u00f3n, y cuya campa\u00f1a ha estado marcada por un \u00fanico gran tema: el debate migratorio. Orban, fuerte detractor de la entrada de migrantes y el m\u00e1s duro cr\u00edtico de la","inLanguage":"es-ES","isPartOf":{"@id":"https:\/\/www.eldigitaldeasturias.com\/noticias\/#website"},"breadcrumb":{"@id":"https:\/\/www.eldigitaldeasturias.com\/noticias\/hungria-celebra-el-proximo-domingo-elecciones-parlamentarias\/#breadcrumblist"},"author":{"@id":"https:\/\/www.eldigitaldeasturias.com\/noticias\/author\/admin\/#author"},"creator":{"@id":"https:\/\/www.eldigitaldeasturias.com\/noticias\/author\/admin\/#author"},"image":{"@type":"ImageObject","url":583110,"@id":"https:\/\/www.eldigitaldeasturias.com\/noticias\/hungria-celebra-el-proximo-domingo-elecciones-parlamentarias\/#mainImage"},"primaryImageOfPage":{"@id":"https:\/\/www.eldigitaldeasturias.com\/noticias\/hungria-celebra-el-proximo-domingo-elecciones-parlamentarias\/#mainImage"},"datePublished":"2018-04-07T00:33:11+02:00","dateModified":"2018-04-07T00:33:11+02:00"},{"@type":"WebSite","@id":"https:\/\/www.eldigitaldeasturias.com\/noticias\/#website","url":"https:\/\/www.eldigitaldeasturias.com\/noticias\/","name":"El Digital de Asturias - Diario de actualidad y noticias","alternateName":"El Digital de Asturias - Diario de actualidad y noticias","description":"Hemeroteca","inLanguage":"es-ES","publisher":{"@id":"https:\/\/www.eldigitaldeasturias.com\/noticias\/#organization"}}]},"og:locale":"es_ES","og:site_name":"El Digital de Asturias","og:type":"article","og:title":"Hungr\u00eda celebra el pr\u00f3ximo domingo elecciones parlamentarias - El Digital de Asturias","og:description":"Budapest\/Bruselas, 4 abr (dpa) - Hungr\u00eda celebra el pr\u00f3ximo domingo elecciones parlamentarias en las que el primer ministro, el nacionalista derechista Viktor Orban, busca la reelecci\u00f3n, y cuya campa\u00f1a ha estado marcada por un \u00fanico gran tema: el debate migratorio. Orban, fuerte detractor de la entrada de migrantes y el m\u00e1s duro cr\u00edtico de la","og:url":"https:\/\/www.eldigitaldeasturias.com\/noticias\/hungria-celebra-el-proximo-domingo-elecciones-parlamentarias\/","article:tag":["actualidad"],"article:published_time":"2018-04-07T00:33:11+00:00","article:modified_time":"2018-04-07T00:33:11+00:00","article:publisher":"https:\/\/facebook.com\/eldigitaldeasturias","twitter:card":"summary_large_image","twitter:title":"Hungr\u00eda celebra el pr\u00f3ximo domingo elecciones parlamentarias - El Digital de Asturias","twitter:description":"Budapest\/Bruselas, 4 abr (dpa) - Hungr\u00eda celebra el pr\u00f3ximo domingo elecciones parlamentarias en las que el primer ministro, el nacionalista derechista Viktor Orban, busca la reelecci\u00f3n, y cuya campa\u00f1a ha estado marcada por un \u00fanico gran tema: el debate migratorio. Orban, fuerte detractor de la entrada de migrantes y el m\u00e1s duro cr\u00edtico de la","twitter:image":"https:\/\/www.eldigitaldeasturias.com\/noticias\/wp-content\/uploads\/2020\/12\/EDA-1.jpg","twitter:label1":"Escrito por","twitter:data1":"El Digital de Asturias","twitter:label2":"Tiempo de lectura estimado","twitter:data2":"4 minutos"},"aioseo_meta_data":{"post_id":"975048","title":null,"description":null,"keywords":null,"keyphrases":null,"primary_term":null,"canonical_url":null,"og_title":null,"og_description":null,"og_object_type":"default","og_image_type":"default","og_image_url":null,"og_image_width":null,"og_image_height":null,"og_image_custom_url":null,"og_image_custom_fields":null,"og_video":null,"og_custom_url":null,"og_article_section":null,"og_article_tags":null,"twitter_use_og":false,"twitter_card":"default","twitter_image_type":"default","twitter_image_url":null,"twitter_image_custom_url":null,"twitter_image_custom_fields":null,"twitter_title":null,"twitter_description":null,"schema":{"blockGraphs":[],"customGraphs":[],"default":{"data":{"Article":[],"Course":[],"Dataset":[],"FAQPage":[],"Movie":[],"Person":[],"Product":[],"ProductReview":[],"Car":[],"Recipe":[],"Service":[],"SoftwareApplication":[],"WebPage":[]},"graphName":"","isEnabled":true},"graphs":[],"defaultGraph":"","defaultPostTypeGraph":""},"schema_type":null,"schema_type_options":null,"pillar_content":false,"robots_default":true,"robots_noindex":false,"robots_noarchive":false,"robots_nosnippet":false,"robots_nofollow":false,"robots_noimageindex":false,"robots_noodp":false,"robots_notranslate":false,"robots_max_snippet":null,"robots_max_videopreview":null,"robots_max_imagepreview":"large","priority":null,"frequency":null,"local_seo":null,"seo_analyzer_scan_date":"2025-10-07 22:28:16","breadcrumb_settings":null,"limit_modified_date":false,"open_ai":null,"ai":null,"created":"2020-12-21 12:11:39","updated":"2025-10-07 22:28:16","focus_keyword":null,"additional_keywords":null,"truseo_locale":null},"aioseo_breadcrumb":"<div class=\"aioseo-breadcrumbs\"><span class=\"aioseo-breadcrumb\">\n\t<a href=\"https:\/\/www.eldigitaldeasturias.com\/noticias\" title=\"Home\">Home<\/a>\n<\/span><span class=\"aioseo-breadcrumb-separator\">\u2013<\/span><span class=\"aioseo-breadcrumb\">\n\t<a href=\"https:\/\/www.eldigitaldeasturias.com\/noticias\/category\/actualidad\/\" title=\"Actualidad\">Actualidad<\/a>\n<\/span><span class=\"aioseo-breadcrumb-separator\">\u2013<\/span><span class=\"aioseo-breadcrumb\">\n\t<a href=\"https:\/\/www.eldigitaldeasturias.com\/noticias\/hungria-celebra-el-proximo-domingo-elecciones-parlamentarias\/\" title=\"Hungr\u00eda celebra el pr\u00f3ximo domingo elecciones parlamentarias\">Hungr\u00eda celebra el pr\u00f3ximo domingo elecciones parlamentarias<\/a>\n<\/span><\/div>","aioseo_breadcrumb_json":[{"label":"Home","link":"https:\/\/www.eldigitaldeasturias.com\/noticias"},{"label":"Actualidad","link":"https:\/\/www.eldigitaldeasturias.com\/noticias\/category\/actualidad\/"},{"label":"Hungr\u00eda celebra el pr\u00f3ximo domingo elecciones parlamentarias","link":"https:\/\/www.eldigitaldeasturias.com\/noticias\/hungria-celebra-el-proximo-domingo-elecciones-parlamentarias\/"}],"_links":{"self":[{"href":"https:\/\/www.eldigitaldeasturias.com\/noticias\/wp-json\/wp\/v2\/posts\/975048","targetHints":{"allow":["GET"]}}],"collection":[{"href":"https:\/\/www.eldigitaldeasturias.com\/noticias\/wp-json\/wp\/v2\/posts"}],"about":[{"href":"https:\/\/www.eldigitaldeasturias.com\/noticias\/wp-json\/wp\/v2\/types\/post"}],"author":[{"embeddable":true,"href":"https:\/\/www.eldigitaldeasturias.com\/noticias\/wp-json\/wp\/v2\/users\/1"}],"replies":[{"embeddable":true,"href":"https:\/\/www.eldigitaldeasturias.com\/noticias\/wp-json\/wp\/v2\/comments?post=975048"}],"version-history":[{"count":0,"href":"https:\/\/www.eldigitaldeasturias.com\/noticias\/wp-json\/wp\/v2\/posts\/975048\/revisions"}],"wp:attachment":[{"href":"https:\/\/www.eldigitaldeasturias.com\/noticias\/wp-json\/wp\/v2\/media?parent=975048"}],"wp:term":[{"taxonomy":"category","embeddable":true,"href":"https:\/\/www.eldigitaldeasturias.com\/noticias\/wp-json\/wp\/v2\/categories?post=975048"},{"taxonomy":"post_tag","embeddable":true,"href":"https:\/\/www.eldigitaldeasturias.com\/noticias\/wp-json\/wp\/v2\/tags?post=975048"}],"curies":[{"name":"wp","href":"https:\/\/api.w.org\/{rel}","templated":true}]}}