{"id":975034,"date":"2018-04-06T21:34:36","date_gmt":"2018-04-06T21:34:36","guid":{"rendered":"http:\/\/www.eldigitaldeasturias.com\/noticias\/?p=975034"},"modified":"2018-04-06T21:34:36","modified_gmt":"2018-04-06T21:34:36","slug":"el-presupuesto-para-el-programa-erasmus-en-2018-sera-de-2067-millones-de-euros","status":"publish","type":"post","link":"https:\/\/www.eldigitaldeasturias.com\/noticias\/el-presupuesto-para-el-programa-erasmus-en-2018-sera-de-2067-millones-de-euros\/","title":{"rendered":"El presupuesto para el Programa Erasmus+ en 2018 ser\u00e1 de 206,7 millones de euros"},"content":{"rendered":"<p><img loading=\"lazy\" decoding=\"async\" class=\"alignleft size-medium wp-image-975035\" src=\"https:\/\/www.eldigitaldeasturias.com\/noticias\/wp-content\/uploads\/2018\/04\/060418-Erasmus2-360x239.jpg\" alt=\"\" width=\"360\" height=\"239\" \/>El Gobierno de Espa\u00f1a sigue confiando en Erasmus+ como \u00abel programa que simboliza lo mejor de Europa y lo mejor de la educaci\u00f3n espa\u00f1ola\u00bb. As\u00ed lo ha destacado el secretario de Estado de Educaci\u00f3n, Formaci\u00f3n Profesional y Universidades, Marcial Mar\u00edn, quien ha avanzado que la partida destinada a este programa para 2018 experimenta un crecimiento de 28,5 millones de euros respecto a la inversi\u00f3n del a\u00f1o 2017.<\/p>\n<p>Ha sido durante su intervenci\u00f3n en las Jornadas de Seguimiento de Asociaciones Estrat\u00e9gicas del programa Erasmus+ para proyectos de la convocatoria de 2016, celebradas los d\u00edas 5 y 6 de abril en la Universidad Pablo de Olavide de Sevilla, donde ha afirmado que los presupuestos de 2018 alcanzan una cifra r\u00e9cord de 1.575 millones de euros destinados a las becas y ayudas al estudio.<\/p>\n<p>Seg\u00fan el secretario de Estado, Erasmus+ naci\u00f3 hace m\u00e1s de treinta a\u00f1os \u00abcon la intenci\u00f3n de cambiar el futuro de Europa a trav\u00e9s de puentes entre universidades, profesores y estudiantes\u00bb.<\/p>\n<p>Asimismo, se ha servido del ejemplo de Erasmus+ para demostrar que esa es \u00abla Espa\u00f1a que somos: abierta al mundo, con mentalidad exterior, para ofrecer a todos lo mejor de nosotros mismos, lejos de otras pretensiones propias de tiempos antiguos, las de quienes aspiran a levantar muros, enfrentamientos y divisi\u00f3n\u00bb.<\/p>\n<p><strong>M\u00e1s del 40% de los proyectos de cooperaci\u00f3n tienen como objetivo la inclusi\u00f3n de los m\u00e1s desfavorecidos<\/strong><\/p>\n<p>En el transcurso de las sesiones en estas Jornadas de Seguimiento -donde participan organizaciones y centros educativos de los proyectos de la convocatoria de 2016 de todos los sectores educativos: Educaci\u00f3n Escolar, Educaci\u00f3n Superior, Formaci\u00f3n Profesional y Educaci\u00f3n de Personas Adultas-, se han abordado cuestiones de car\u00e1cter t\u00e9cnico, as\u00ed como el impacto de este tipo de acciones financiadas por el programa Erasmus+ que, en este caso, involucran a m\u00e1s de 20.000 personas.<\/p>\n<p>En este mismo sentido, uno de los ejes centrales del exitoso programa de Comisi\u00f3n Europea es el fomento de la inclusi\u00f3n, la tolerancia y la no discriminaci\u00f3n, y esta es precisamente una de las prioridades tratadas durante ambos d\u00edas en Sevilla.<\/p>\n<p>En su intervenci\u00f3n, el secretario de Estado tambi\u00e9n se ha referido a los 230 proyectos Erasmus + en marcha de la convocatoria de 2016, en los que participan 1.220 organizaciones de toda Europa. De estos, m\u00e1s del 40% tienen el objetivo de la inclusi\u00f3n de los m\u00e1s desfavorecidos, ya sea en t\u00e9rminos de capacidades o de exclusi\u00f3n por cualquier otra raz\u00f3n, como es el caso del IES Antonio Dom\u00ednguez Ortiz.<\/p>\n<p>Este proyecto es un caso paradigm\u00e1tico. Situado en las Tres Mil Viviendas de Sevilla, el centro ha encontrado en el programa Erasmus+ el marco id\u00f3neo para poner en marcha diversas iniciativas destinadas al fomento de la inclusi\u00f3n en su comunidad educativa. Durante el presente curso acad\u00e9mico participa en tres proyectos que abordan esta prioridad desde diferentes perspectivas. Hace dos a\u00f1os decidi\u00f3 implicarse como socio en sendos proyectos escolares que profundizan sobre el papel de las familias en el proceso educativo y sobre la prevenci\u00f3n del abandono escolar temprano, a trav\u00e9s del fomento de la autoestima y la motivaci\u00f3n de alumnado en riesgo de exclusi\u00f3n.<\/p>\n<p>Por otra parte, adem\u00e1s de este car\u00e1cter inclusivo, ha destacado otros proyectos como los dedicados a erradicar el &#8216;bullying&#8217; y el acoso, iniciativas para formar a los j\u00f3venes en las t\u00e9cnicas profesionales para la gran revoluci\u00f3n industrial del 4.0 o la integraci\u00f3n de refugiados, migrantes y peticionarios de asilo a trav\u00e9s de programas educativos de \u00faltima generaci\u00f3n, adem\u00e1s de proyectos de inclusi\u00f3n social destinados a personas con discapacidad.<\/p>\n<p>Han sido m\u00e1s de nueve millones de europeos los que han participado en el programa Erasmus+ y han convertido a Espa\u00f1a en uno de los destinos m\u00e1s demandados.<\/p>\n","protected":false},"excerpt":{"rendered":"<p>El Gobierno de Espa\u00f1a sigue confiando en Erasmus+ como \u00abel programa que simboliza lo mejor de Europa y lo mejor de la educaci\u00f3n espa\u00f1ola\u00bb. As\u00ed lo ha destacado el secretario de Estado de Educaci\u00f3n, Formaci\u00f3n Profesional y Universidades, Marcial Mar\u00edn, quien ha avanzado que la partida destinada a este programa para 2018 experimenta un crecimiento [&hellip;]<\/p>\n","protected":false},"author":1,"featured_media":975035,"comment_status":"closed","ping_status":"closed","sticky":false,"template":"","format":"standard","meta":{"footnotes":""},"categories":[1],"tags":[],"class_list":["post-975034","post","type-post","status-publish","format-standard","has-post-thumbnail","hentry","category-actualidad"],"aioseo_notices":[],"aioseo_head":"\n\t\t<!-- All in One SEO Pro 5.0.1 - aioseo.com -->\n\t<meta name=\"description\" content=\"El Gobierno de Espa\u00f1a sigue confiando en Erasmus+ como &quot;el programa que simboliza lo mejor de Europa y lo mejor de la educaci\u00f3n espa\u00f1ola&quot;. As\u00ed lo ha destacado el secretario de Estado de Educaci\u00f3n, Formaci\u00f3n Profesional y Universidades, Marcial Mar\u00edn, quien ha avanzado que la partida destinada a este programa para 2018 experimenta un crecimiento\" \/>\n\t<meta name=\"robots\" content=\"max-image-preview:large\" \/>\n\t<meta name=\"author\" content=\"El Digital de Asturias\"\/>\n\t<meta name=\"google-site-verification\" content=\"UA-38556648-1\" \/>\n\t<meta name=\"msvalidate.01\" content=\"7dfe9f3f1b24437ab69f4f2559babe99\" \/>\n\t<meta name=\"keywords\" content=\"actualidad\" \/>\n\t<link rel=\"canonical\" href=\"https:\/\/www.eldigitaldeasturias.com\/noticias\/el-presupuesto-para-el-programa-erasmus-en-2018-sera-de-2067-millones-de-euros\/\" \/>\n\t<meta name=\"generator\" content=\"All in One SEO Pro (AIOSEO) 5.0.1\" \/>\n\t\t<meta property=\"og:locale\" content=\"es_ES\" \/>\n\t\t<meta property=\"og:site_name\" content=\"El Digital de Asturias\" \/>\n\t\t<meta property=\"og:type\" content=\"article\" \/>\n\t\t<meta property=\"og:title\" content=\"El presupuesto para el Programa Erasmus+ en 2018 ser\u00e1 de 206,7 millones de euros - El Digital de Asturias\" \/>\n\t\t<meta property=\"og:description\" content=\"El Gobierno de Espa\u00f1a sigue confiando en Erasmus+ como &quot;el programa que simboliza lo mejor de Europa y lo mejor de la educaci\u00f3n espa\u00f1ola&quot;. As\u00ed lo ha destacado el secretario de Estado de Educaci\u00f3n, Formaci\u00f3n Profesional y Universidades, Marcial Mar\u00edn, quien ha avanzado que la partida destinada a este programa para 2018 experimenta un crecimiento\" \/>\n\t\t<meta property=\"og:url\" content=\"https:\/\/www.eldigitaldeasturias.com\/noticias\/el-presupuesto-para-el-programa-erasmus-en-2018-sera-de-2067-millones-de-euros\/\" \/>\n\t\t<meta property=\"article:tag\" content=\"actualidad\" \/>\n\t\t<meta property=\"article:published_time\" content=\"2018-04-06T21:34:36+00:00\" \/>\n\t\t<meta property=\"article:modified_time\" content=\"2018-04-06T21:34:36+00:00\" \/>\n\t\t<meta property=\"article:publisher\" content=\"https:\/\/facebook.com\/eldigitaldeasturias\" \/>\n\t\t<meta name=\"twitter:card\" content=\"summary_large_image\" \/>\n\t\t<meta name=\"twitter:title\" content=\"El presupuesto para el Programa Erasmus+ en 2018 ser\u00e1 de 206,7 millones de euros - El Digital de Asturias\" \/>\n\t\t<meta name=\"twitter:description\" content=\"El Gobierno de Espa\u00f1a sigue confiando en Erasmus+ como &quot;el programa que simboliza lo mejor de Europa y lo mejor de la educaci\u00f3n espa\u00f1ola&quot;. As\u00ed lo ha destacado el secretario de Estado de Educaci\u00f3n, Formaci\u00f3n Profesional y Universidades, Marcial Mar\u00edn, quien ha avanzado que la partida destinada a este programa para 2018 experimenta un crecimiento\" \/>\n\t\t<meta name=\"twitter:image\" content=\"https:\/\/www.eldigitaldeasturias.com\/noticias\/wp-content\/uploads\/2020\/12\/EDA-1.jpg\" \/>\n\t\t<meta name=\"twitter:label1\" content=\"Escrito por\" \/>\n\t\t<meta name=\"twitter:data1\" content=\"El Digital de Asturias\" \/>\n\t\t<meta name=\"twitter:label2\" content=\"Tiempo de lectura estimado\" \/>\n\t\t<meta name=\"twitter:data2\" content=\"3 minutos\" \/>\n\t\t<script type=\"application\/ld+json\" class=\"aioseo-schema\">\n\t\t\t{\"@context\":\"https:\\\/\\\/schema.org\",\"@graph\":[{\"@type\":\"BlogPosting\",\"@id\":\"https:\\\/\\\/www.eldigitaldeasturias.com\\\/noticias\\\/el-presupuesto-para-el-programa-erasmus-en-2018-sera-de-2067-millones-de-euros\\\/#blogposting\",\"name\":\"El presupuesto para el Programa Erasmus+ en 2018 ser\\u00e1 de 206,7 millones de euros - El Digital de Asturias\",\"headline\":\"El presupuesto para el Programa Erasmus+ en 2018 ser\\u00e1 de 206,7 millones de euros\",\"author\":{\"@id\":\"https:\\\/\\\/www.eldigitaldeasturias.com\\\/noticias\\\/author\\\/admin\\\/#author\"},\"publisher\":{\"@id\":\"https:\\\/\\\/www.eldigitaldeasturias.com\\\/noticias\\\/#organization\"},\"image\":{\"@type\":\"ImageObject\",\"url\":975035},\"datePublished\":\"2018-04-06T21:34:36+02:00\",\"dateModified\":\"2018-04-06T21:34:36+02:00\",\"inLanguage\":\"es-ES\",\"mainEntityOfPage\":{\"@id\":\"https:\\\/\\\/www.eldigitaldeasturias.com\\\/noticias\\\/el-presupuesto-para-el-programa-erasmus-en-2018-sera-de-2067-millones-de-euros\\\/#webpage\"},\"isPartOf\":{\"@id\":\"https:\\\/\\\/www.eldigitaldeasturias.com\\\/noticias\\\/el-presupuesto-para-el-programa-erasmus-en-2018-sera-de-2067-millones-de-euros\\\/#webpage\"},\"articleSection\":\"Actualidad\"},{\"@type\":\"BreadcrumbList\",\"@id\":\"https:\\\/\\\/www.eldigitaldeasturias.com\\\/noticias\\\/el-presupuesto-para-el-programa-erasmus-en-2018-sera-de-2067-millones-de-euros\\\/#breadcrumblist\",\"itemListElement\":[{\"@type\":\"ListItem\",\"@id\":\"https:\\\/\\\/www.eldigitaldeasturias.com\\\/noticias#listItem\",\"position\":1,\"name\":\"Home\",\"item\":\"https:\\\/\\\/www.eldigitaldeasturias.com\\\/noticias\",\"nextItem\":{\"@type\":\"ListItem\",\"@id\":\"https:\\\/\\\/www.eldigitaldeasturias.com\\\/noticias\\\/category\\\/actualidad\\\/#listItem\",\"name\":\"Actualidad\"}},{\"@type\":\"ListItem\",\"@id\":\"https:\\\/\\\/www.eldigitaldeasturias.com\\\/noticias\\\/category\\\/actualidad\\\/#listItem\",\"position\":2,\"name\":\"Actualidad\",\"item\":\"https:\\\/\\\/www.eldigitaldeasturias.com\\\/noticias\\\/category\\\/actualidad\\\/\",\"nextItem\":{\"@type\":\"ListItem\",\"@id\":\"https:\\\/\\\/www.eldigitaldeasturias.com\\\/noticias\\\/el-presupuesto-para-el-programa-erasmus-en-2018-sera-de-2067-millones-de-euros\\\/#listItem\",\"name\":\"El presupuesto para el Programa Erasmus+ en 2018 ser\\u00e1 de 206,7 millones de euros\"},\"previousItem\":{\"@type\":\"ListItem\",\"@id\":\"https:\\\/\\\/www.eldigitaldeasturias.com\\\/noticias#listItem\",\"name\":\"Home\"}},{\"@type\":\"ListItem\",\"@id\":\"https:\\\/\\\/www.eldigitaldeasturias.com\\\/noticias\\\/el-presupuesto-para-el-programa-erasmus-en-2018-sera-de-2067-millones-de-euros\\\/#listItem\",\"position\":3,\"name\":\"El presupuesto para el Programa Erasmus+ en 2018 ser\\u00e1 de 206,7 millones de euros\",\"previousItem\":{\"@type\":\"ListItem\",\"@id\":\"https:\\\/\\\/www.eldigitaldeasturias.com\\\/noticias\\\/category\\\/actualidad\\\/#listItem\",\"name\":\"Actualidad\"}}]},{\"@type\":\"Organization\",\"@id\":\"https:\\\/\\\/www.eldigitaldeasturias.com\\\/noticias\\\/#organization\",\"name\":\"El Digital de Asturias\",\"description\":\"Hemeroteca\",\"url\":\"https:\\\/\\\/www.eldigitaldeasturias.com\\\/noticias\\\/\",\"email\":\"info@eldigitaldeasturias.com\",\"telephone\":\"+34652131393\",\"logo\":{\"@type\":\"ImageObject\",\"url\":\"https:\\\/\\\/www.eldigitaldeasturias.com\\\/noticias\\\/wp-content\\\/uploads\\\/2020\\\/12\\\/EDA.jpg\",\"@id\":\"https:\\\/\\\/www.eldigitaldeasturias.com\\\/noticias\\\/el-presupuesto-para-el-programa-erasmus-en-2018-sera-de-2067-millones-de-euros\\\/#organizationLogo\"},\"image\":{\"@id\":\"https:\\\/\\\/www.eldigitaldeasturias.com\\\/noticias\\\/el-presupuesto-para-el-programa-erasmus-en-2018-sera-de-2067-millones-de-euros\\\/#organizationLogo\"},\"sameAs\":[\"https:\\\/\\\/facebook.com\\\/eldigitaldeasturias\",\"https:\\\/\\\/www.youtube.com\\\/channel\\\/UCZP-2wLEB9Rv6erhFmqVnvg\"],\"address\":{\"@id\":\"https:\\\/\\\/www.eldigitaldeasturias.com\\\/noticias\\\/#postaladdress\",\"@type\":\"PostalAddress\",\"streetAddress\":\"san antonio 4\",\"postalCode\":\"33430\",\"addressLocality\":\"Cand\\u00e1s\",\"addressRegion\":\"Asturias\",\"addressCountry\":\"ES\"}},{\"@type\":\"Person\",\"@id\":\"https:\\\/\\\/www.eldigitaldeasturias.com\\\/noticias\\\/author\\\/admin\\\/#author\",\"url\":\"https:\\\/\\\/www.eldigitaldeasturias.com\\\/noticias\\\/author\\\/admin\\\/\",\"name\":\"El Digital de Asturias\",\"image\":{\"@type\":\"ImageObject\",\"@id\":\"https:\\\/\\\/www.eldigitaldeasturias.com\\\/noticias\\\/el-presupuesto-para-el-programa-erasmus-en-2018-sera-de-2067-millones-de-euros\\\/#authorImage\",\"url\":\"https:\\\/\\\/secure.gravatar.com\\\/avatar\\\/df2aeffc32bcd13f8d26072ef8a91b623d677766deac7f97ca815868cd41bf5e?s=96&d=mm&r=g\",\"width\":96,\"height\":96,\"caption\":\"El Digital de Asturias\"}},{\"@type\":\"WebPage\",\"@id\":\"https:\\\/\\\/www.eldigitaldeasturias.com\\\/noticias\\\/el-presupuesto-para-el-programa-erasmus-en-2018-sera-de-2067-millones-de-euros\\\/#webpage\",\"url\":\"https:\\\/\\\/www.eldigitaldeasturias.com\\\/noticias\\\/el-presupuesto-para-el-programa-erasmus-en-2018-sera-de-2067-millones-de-euros\\\/\",\"name\":\"El presupuesto para el Programa Erasmus+ en 2018 ser\\u00e1 de 206,7 millones de euros - El Digital de Asturias\",\"description\":\"El Gobierno de Espa\\u00f1a sigue confiando en Erasmus+ como \\\"el programa que simboliza lo mejor de Europa y lo mejor de la educaci\\u00f3n espa\\u00f1ola\\\". As\\u00ed lo ha destacado el secretario de Estado de Educaci\\u00f3n, Formaci\\u00f3n Profesional y Universidades, Marcial Mar\\u00edn, quien ha avanzado que la partida destinada a este programa para 2018 experimenta un crecimiento\",\"inLanguage\":\"es-ES\",\"isPartOf\":{\"@id\":\"https:\\\/\\\/www.eldigitaldeasturias.com\\\/noticias\\\/#website\"},\"breadcrumb\":{\"@id\":\"https:\\\/\\\/www.eldigitaldeasturias.com\\\/noticias\\\/el-presupuesto-para-el-programa-erasmus-en-2018-sera-de-2067-millones-de-euros\\\/#breadcrumblist\"},\"author\":{\"@id\":\"https:\\\/\\\/www.eldigitaldeasturias.com\\\/noticias\\\/author\\\/admin\\\/#author\"},\"creator\":{\"@id\":\"https:\\\/\\\/www.eldigitaldeasturias.com\\\/noticias\\\/author\\\/admin\\\/#author\"},\"image\":{\"@type\":\"ImageObject\",\"url\":975035,\"@id\":\"https:\\\/\\\/www.eldigitaldeasturias.com\\\/noticias\\\/el-presupuesto-para-el-programa-erasmus-en-2018-sera-de-2067-millones-de-euros\\\/#mainImage\"},\"primaryImageOfPage\":{\"@id\":\"https:\\\/\\\/www.eldigitaldeasturias.com\\\/noticias\\\/el-presupuesto-para-el-programa-erasmus-en-2018-sera-de-2067-millones-de-euros\\\/#mainImage\"},\"datePublished\":\"2018-04-06T21:34:36+02:00\",\"dateModified\":\"2018-04-06T21:34:36+02:00\"},{\"@type\":\"WebSite\",\"@id\":\"https:\\\/\\\/www.eldigitaldeasturias.com\\\/noticias\\\/#website\",\"url\":\"https:\\\/\\\/www.eldigitaldeasturias.com\\\/noticias\\\/\",\"name\":\"El Digital de Asturias - Diario de actualidad y noticias\",\"alternateName\":\"El Digital de Asturias - Diario de actualidad y noticias\",\"description\":\"Hemeroteca\",\"inLanguage\":\"es-ES\",\"publisher\":{\"@id\":\"https:\\\/\\\/www.eldigitaldeasturias.com\\\/noticias\\\/#organization\"}}]}\n\t\t<\/script>\n\t\t<!-- All in One SEO Pro -->\r\n\t\t<title>El presupuesto para el Programa Erasmus+ en 2018 ser\u00e1 de 206,7 millones de euros - El Digital de Asturias<\/title>\n\n","aioseo_head_json":{"title":"El presupuesto para el Programa Erasmus+ en 2018 ser\u00e1 de 206,7 millones de euros - El Digital de Asturias","description":"El Gobierno de Espa\u00f1a sigue confiando en Erasmus+ como \"el programa que simboliza lo mejor de Europa y lo mejor de la educaci\u00f3n espa\u00f1ola\". As\u00ed lo ha destacado el secretario de Estado de Educaci\u00f3n, Formaci\u00f3n Profesional y Universidades, Marcial Mar\u00edn, quien ha avanzado que la partida destinada a este programa para 2018 experimenta un crecimiento","canonical_url":"https:\/\/www.eldigitaldeasturias.com\/noticias\/el-presupuesto-para-el-programa-erasmus-en-2018-sera-de-2067-millones-de-euros\/","robots":"max-image-preview:large","keywords":"actualidad","webmasterTools":{"google-site-verification":"UA-38556648-1","msvalidate.01":"7dfe9f3f1b24437ab69f4f2559babe99","miscellaneous":""},"schema":{"@context":"https:\/\/schema.org","@graph":[{"@type":"BlogPosting","@id":"https:\/\/www.eldigitaldeasturias.com\/noticias\/el-presupuesto-para-el-programa-erasmus-en-2018-sera-de-2067-millones-de-euros\/#blogposting","name":"El presupuesto para el Programa Erasmus+ en 2018 ser\u00e1 de 206,7 millones de euros - El Digital de Asturias","headline":"El presupuesto para el Programa Erasmus+ en 2018 ser\u00e1 de 206,7 millones de euros","author":{"@id":"https:\/\/www.eldigitaldeasturias.com\/noticias\/author\/admin\/#author"},"publisher":{"@id":"https:\/\/www.eldigitaldeasturias.com\/noticias\/#organization"},"image":{"@type":"ImageObject","url":975035},"datePublished":"2018-04-06T21:34:36+02:00","dateModified":"2018-04-06T21:34:36+02:00","inLanguage":"es-ES","mainEntityOfPage":{"@id":"https:\/\/www.eldigitaldeasturias.com\/noticias\/el-presupuesto-para-el-programa-erasmus-en-2018-sera-de-2067-millones-de-euros\/#webpage"},"isPartOf":{"@id":"https:\/\/www.eldigitaldeasturias.com\/noticias\/el-presupuesto-para-el-programa-erasmus-en-2018-sera-de-2067-millones-de-euros\/#webpage"},"articleSection":"Actualidad"},{"@type":"BreadcrumbList","@id":"https:\/\/www.eldigitaldeasturias.com\/noticias\/el-presupuesto-para-el-programa-erasmus-en-2018-sera-de-2067-millones-de-euros\/#breadcrumblist","itemListElement":[{"@type":"ListItem","@id":"https:\/\/www.eldigitaldeasturias.com\/noticias#listItem","position":1,"name":"Home","item":"https:\/\/www.eldigitaldeasturias.com\/noticias","nextItem":{"@type":"ListItem","@id":"https:\/\/www.eldigitaldeasturias.com\/noticias\/category\/actualidad\/#listItem","name":"Actualidad"}},{"@type":"ListItem","@id":"https:\/\/www.eldigitaldeasturias.com\/noticias\/category\/actualidad\/#listItem","position":2,"name":"Actualidad","item":"https:\/\/www.eldigitaldeasturias.com\/noticias\/category\/actualidad\/","nextItem":{"@type":"ListItem","@id":"https:\/\/www.eldigitaldeasturias.com\/noticias\/el-presupuesto-para-el-programa-erasmus-en-2018-sera-de-2067-millones-de-euros\/#listItem","name":"El presupuesto para el Programa Erasmus+ en 2018 ser\u00e1 de 206,7 millones de euros"},"previousItem":{"@type":"ListItem","@id":"https:\/\/www.eldigitaldeasturias.com\/noticias#listItem","name":"Home"}},{"@type":"ListItem","@id":"https:\/\/www.eldigitaldeasturias.com\/noticias\/el-presupuesto-para-el-programa-erasmus-en-2018-sera-de-2067-millones-de-euros\/#listItem","position":3,"name":"El presupuesto para el Programa Erasmus+ en 2018 ser\u00e1 de 206,7 millones de euros","previousItem":{"@type":"ListItem","@id":"https:\/\/www.eldigitaldeasturias.com\/noticias\/category\/actualidad\/#listItem","name":"Actualidad"}}]},{"@type":"Organization","@id":"https:\/\/www.eldigitaldeasturias.com\/noticias\/#organization","name":"El Digital de Asturias","description":"Hemeroteca","url":"https:\/\/www.eldigitaldeasturias.com\/noticias\/","email":"info@eldigitaldeasturias.com","telephone":"+34652131393","logo":{"@type":"ImageObject","url":"https:\/\/www.eldigitaldeasturias.com\/noticias\/wp-content\/uploads\/2020\/12\/EDA.jpg","@id":"https:\/\/www.eldigitaldeasturias.com\/noticias\/el-presupuesto-para-el-programa-erasmus-en-2018-sera-de-2067-millones-de-euros\/#organizationLogo"},"image":{"@id":"https:\/\/www.eldigitaldeasturias.com\/noticias\/el-presupuesto-para-el-programa-erasmus-en-2018-sera-de-2067-millones-de-euros\/#organizationLogo"},"sameAs":["https:\/\/facebook.com\/eldigitaldeasturias","https:\/\/www.youtube.com\/channel\/UCZP-2wLEB9Rv6erhFmqVnvg"],"address":{"@id":"https:\/\/www.eldigitaldeasturias.com\/noticias\/#postaladdress","@type":"PostalAddress","streetAddress":"san antonio 4","postalCode":"33430","addressLocality":"Cand\u00e1s","addressRegion":"Asturias","addressCountry":"ES"}},{"@type":"Person","@id":"https:\/\/www.eldigitaldeasturias.com\/noticias\/author\/admin\/#author","url":"https:\/\/www.eldigitaldeasturias.com\/noticias\/author\/admin\/","name":"El Digital de Asturias","image":{"@type":"ImageObject","@id":"https:\/\/www.eldigitaldeasturias.com\/noticias\/el-presupuesto-para-el-programa-erasmus-en-2018-sera-de-2067-millones-de-euros\/#authorImage","url":"https:\/\/secure.gravatar.com\/avatar\/df2aeffc32bcd13f8d26072ef8a91b623d677766deac7f97ca815868cd41bf5e?s=96&d=mm&r=g","width":96,"height":96,"caption":"El Digital de Asturias"}},{"@type":"WebPage","@id":"https:\/\/www.eldigitaldeasturias.com\/noticias\/el-presupuesto-para-el-programa-erasmus-en-2018-sera-de-2067-millones-de-euros\/#webpage","url":"https:\/\/www.eldigitaldeasturias.com\/noticias\/el-presupuesto-para-el-programa-erasmus-en-2018-sera-de-2067-millones-de-euros\/","name":"El presupuesto para el Programa Erasmus+ en 2018 ser\u00e1 de 206,7 millones de euros - El Digital de Asturias","description":"El Gobierno de Espa\u00f1a sigue confiando en Erasmus+ como \"el programa que simboliza lo mejor de Europa y lo mejor de la educaci\u00f3n espa\u00f1ola\". As\u00ed lo ha destacado el secretario de Estado de Educaci\u00f3n, Formaci\u00f3n Profesional y Universidades, Marcial Mar\u00edn, quien ha avanzado que la partida destinada a este programa para 2018 experimenta un crecimiento","inLanguage":"es-ES","isPartOf":{"@id":"https:\/\/www.eldigitaldeasturias.com\/noticias\/#website"},"breadcrumb":{"@id":"https:\/\/www.eldigitaldeasturias.com\/noticias\/el-presupuesto-para-el-programa-erasmus-en-2018-sera-de-2067-millones-de-euros\/#breadcrumblist"},"author":{"@id":"https:\/\/www.eldigitaldeasturias.com\/noticias\/author\/admin\/#author"},"creator":{"@id":"https:\/\/www.eldigitaldeasturias.com\/noticias\/author\/admin\/#author"},"image":{"@type":"ImageObject","url":975035,"@id":"https:\/\/www.eldigitaldeasturias.com\/noticias\/el-presupuesto-para-el-programa-erasmus-en-2018-sera-de-2067-millones-de-euros\/#mainImage"},"primaryImageOfPage":{"@id":"https:\/\/www.eldigitaldeasturias.com\/noticias\/el-presupuesto-para-el-programa-erasmus-en-2018-sera-de-2067-millones-de-euros\/#mainImage"},"datePublished":"2018-04-06T21:34:36+02:00","dateModified":"2018-04-06T21:34:36+02:00"},{"@type":"WebSite","@id":"https:\/\/www.eldigitaldeasturias.com\/noticias\/#website","url":"https:\/\/www.eldigitaldeasturias.com\/noticias\/","name":"El Digital de Asturias - Diario de actualidad y noticias","alternateName":"El Digital de Asturias - Diario de actualidad y noticias","description":"Hemeroteca","inLanguage":"es-ES","publisher":{"@id":"https:\/\/www.eldigitaldeasturias.com\/noticias\/#organization"}}]},"og:locale":"es_ES","og:site_name":"El Digital de Asturias","og:type":"article","og:title":"El presupuesto para el Programa Erasmus+ en 2018 ser\u00e1 de 206,7 millones de euros - El Digital de Asturias","og:description":"El Gobierno de Espa\u00f1a sigue confiando en Erasmus+ como &quot;el programa que simboliza lo mejor de Europa y lo mejor de la educaci\u00f3n espa\u00f1ola&quot;. As\u00ed lo ha destacado el secretario de Estado de Educaci\u00f3n, Formaci\u00f3n Profesional y Universidades, Marcial Mar\u00edn, quien ha avanzado que la partida destinada a este programa para 2018 experimenta un crecimiento","og:url":"https:\/\/www.eldigitaldeasturias.com\/noticias\/el-presupuesto-para-el-programa-erasmus-en-2018-sera-de-2067-millones-de-euros\/","article:tag":["actualidad"],"article:published_time":"2018-04-06T21:34:36+00:00","article:modified_time":"2018-04-06T21:34:36+00:00","article:publisher":"https:\/\/facebook.com\/eldigitaldeasturias","twitter:card":"summary_large_image","twitter:title":"El presupuesto para el Programa Erasmus+ en 2018 ser\u00e1 de 206,7 millones de euros - El Digital de Asturias","twitter:description":"El Gobierno de Espa\u00f1a sigue confiando en Erasmus+ como &quot;el programa que simboliza lo mejor de Europa y lo mejor de la educaci\u00f3n espa\u00f1ola&quot;. As\u00ed lo ha destacado el secretario de Estado de Educaci\u00f3n, Formaci\u00f3n Profesional y Universidades, Marcial Mar\u00edn, quien ha avanzado que la partida destinada a este programa para 2018 experimenta un crecimiento","twitter:image":"https:\/\/www.eldigitaldeasturias.com\/noticias\/wp-content\/uploads\/2020\/12\/EDA-1.jpg","twitter:label1":"Escrito por","twitter:data1":"El Digital de Asturias","twitter:label2":"Tiempo de lectura estimado","twitter:data2":"3 minutos"},"aioseo_meta_data":{"post_id":"975034","title":null,"description":null,"keywords":null,"keyphrases":null,"primary_term":null,"canonical_url":null,"og_title":null,"og_description":null,"og_object_type":"default","og_image_type":"default","og_image_url":null,"og_image_width":null,"og_image_height":null,"og_image_custom_url":null,"og_image_custom_fields":null,"og_video":null,"og_custom_url":null,"og_article_section":null,"og_article_tags":null,"twitter_use_og":false,"twitter_card":"default","twitter_image_type":"default","twitter_image_url":null,"twitter_image_custom_url":null,"twitter_image_custom_fields":null,"twitter_title":null,"twitter_description":null,"schema":{"blockGraphs":[],"customGraphs":[],"default":{"data":{"Article":[],"Course":[],"Dataset":[],"FAQPage":[],"Movie":[],"Person":[],"Product":[],"ProductReview":[],"Car":[],"Recipe":[],"Service":[],"SoftwareApplication":[],"WebPage":[]},"graphName":"","isEnabled":true},"graphs":[],"defaultGraph":"","defaultPostTypeGraph":""},"schema_type":null,"schema_type_options":null,"pillar_content":false,"robots_default":true,"robots_noindex":false,"robots_noarchive":false,"robots_nosnippet":false,"robots_nofollow":false,"robots_noimageindex":false,"robots_noodp":false,"robots_notranslate":false,"robots_max_snippet":null,"robots_max_videopreview":null,"robots_max_imagepreview":"large","priority":null,"frequency":null,"local_seo":null,"seo_analyzer_scan_date":"2025-10-07 22:26:44","breadcrumb_settings":null,"limit_modified_date":false,"open_ai":null,"ai":null,"created":"2020-12-21 12:11:39","updated":"2025-10-07 22:26:44","focus_keyword":null,"additional_keywords":null,"truseo_locale":null},"aioseo_breadcrumb":"<div class=\"aioseo-breadcrumbs\"><span class=\"aioseo-breadcrumb\">\n\t<a href=\"https:\/\/www.eldigitaldeasturias.com\/noticias\" title=\"Home\">Home<\/a>\n<\/span><span class=\"aioseo-breadcrumb-separator\">\u2013<\/span><span class=\"aioseo-breadcrumb\">\n\t<a href=\"https:\/\/www.eldigitaldeasturias.com\/noticias\/category\/actualidad\/\" title=\"Actualidad\">Actualidad<\/a>\n<\/span><span class=\"aioseo-breadcrumb-separator\">\u2013<\/span><span class=\"aioseo-breadcrumb\">\n\t<a href=\"https:\/\/www.eldigitaldeasturias.com\/noticias\/el-presupuesto-para-el-programa-erasmus-en-2018-sera-de-2067-millones-de-euros\/\" title=\"El presupuesto para el Programa Erasmus+ en 2018 ser\u00e1 de 206,7 millones de euros\">El presupuesto para el Programa Erasmus+ en 2018 ser\u00e1 de 206,7 millones de euros<\/a>\n<\/span><\/div>","aioseo_breadcrumb_json":[{"label":"Home","link":"https:\/\/www.eldigitaldeasturias.com\/noticias"},{"label":"Actualidad","link":"https:\/\/www.eldigitaldeasturias.com\/noticias\/category\/actualidad\/"},{"label":"El presupuesto para el Programa Erasmus+ en 2018 ser\u00e1 de 206,7 millones de euros","link":"https:\/\/www.eldigitaldeasturias.com\/noticias\/el-presupuesto-para-el-programa-erasmus-en-2018-sera-de-2067-millones-de-euros\/"}],"_links":{"self":[{"href":"https:\/\/www.eldigitaldeasturias.com\/noticias\/wp-json\/wp\/v2\/posts\/975034","targetHints":{"allow":["GET"]}}],"collection":[{"href":"https:\/\/www.eldigitaldeasturias.com\/noticias\/wp-json\/wp\/v2\/posts"}],"about":[{"href":"https:\/\/www.eldigitaldeasturias.com\/noticias\/wp-json\/wp\/v2\/types\/post"}],"author":[{"embeddable":true,"href":"https:\/\/www.eldigitaldeasturias.com\/noticias\/wp-json\/wp\/v2\/users\/1"}],"replies":[{"embeddable":true,"href":"https:\/\/www.eldigitaldeasturias.com\/noticias\/wp-json\/wp\/v2\/comments?post=975034"}],"version-history":[{"count":0,"href":"https:\/\/www.eldigitaldeasturias.com\/noticias\/wp-json\/wp\/v2\/posts\/975034\/revisions"}],"wp:attachment":[{"href":"https:\/\/www.eldigitaldeasturias.com\/noticias\/wp-json\/wp\/v2\/media?parent=975034"}],"wp:term":[{"taxonomy":"category","embeddable":true,"href":"https:\/\/www.eldigitaldeasturias.com\/noticias\/wp-json\/wp\/v2\/categories?post=975034"},{"taxonomy":"post_tag","embeddable":true,"href":"https:\/\/www.eldigitaldeasturias.com\/noticias\/wp-json\/wp\/v2\/tags?post=975034"}],"curies":[{"name":"wp","href":"https:\/\/api.w.org\/{rel}","templated":true}]}}