{"id":975031,"date":"2018-04-06T21:33:00","date_gmt":"2018-04-06T21:33:00","guid":{"rendered":"http:\/\/www.eldigitaldeasturias.com\/noticias\/?p=975031"},"modified":"2018-04-06T21:33:00","modified_gmt":"2018-04-06T21:33:00","slug":"constituida-la-comision-que-coordina-la-incorporacion-de-los-criterios-sociales-en-la-contratacion-publica","status":"publish","type":"post","link":"https:\/\/www.eldigitaldeasturias.com\/noticias\/constituida-la-comision-que-coordina-la-incorporacion-de-los-criterios-sociales-en-la-contratacion-publica\/","title":{"rendered":"Constituida la Comisi\u00f3n que coordina la incorporaci\u00f3n de los criterios sociales en la contrataci\u00f3n p\u00fablica"},"content":{"rendered":"<p><img loading=\"lazy\" decoding=\"async\" class=\"alignleft size-medium wp-image-975032\" src=\"https:\/\/www.eldigitaldeasturias.com\/noticias\/wp-content\/uploads\/2018\/04\/Sede-MinisterioSanidad-I-360x239.jpg\" alt=\"\" width=\"360\" height=\"239\" \/>Hoy se ha constituido la Comisi\u00f3n interministerial para coordinar la incorporaci\u00f3n de criterios sociales en la contrataci\u00f3n p\u00fablica. Con esta reuni\u00f3n celebrada en la sede del Ministerio de Sanidad, Servicios Sociales e Igualdad, presidida por el secretario de Estado, Mario Garc\u00e9s, se desarrolla el Real Decreto aprobado el pasado 2 de marzo por el Consejo de Ministros para incentivar a las empresas a desarrollar una gesti\u00f3n socialmente responsable.<\/p>\n<p>Esta Comisi\u00f3n Interministerial para la incorporaci\u00f3n de criterios sociales en la contrataci\u00f3n p\u00fablica tiene como objetivo avanzar hacia una contrataci\u00f3n p\u00fablica socialmente m\u00e1s responsable, que promueva mayores oportunidades de inclusi\u00f3n social, de accesibilidad y un mayor cumplimiento de los derechos laborales y sociales de los trabajadores.<\/p>\n<p>Asimismo, esta Comisi\u00f3n se crea en el marco de la nueva Ley de Contratos del Sector P\u00fablico y plantea la condici\u00f3n de la contrataci\u00f3n p\u00fablica como instrumento para establecer estrategias de car\u00e1cter social. Adscrita al Ministerio de Sanidad, Servicios Sociales e Igualdad, cuenta con representaci\u00f3n de todos los ministerios, adem\u00e1s del Consejo Nacional de la Discapacidad, cuya representaci\u00f3n recaer\u00e1 en el Comit\u00e9 Espa\u00f1ol de Representantes de Personas con Discapacidad (CERMI) y la Comisi\u00f3n del Di\u00e1logo Civil con la Plataforma del Tercer Sector.<\/p>\n<p>Sus funciones ser\u00e1n el an\u00e1lisis, aplicaci\u00f3n y seguimiento de las cl\u00e1usulas sociales en la contrataci\u00f3n p\u00fablica y para ello podr\u00e1 elaborar propuestas y recomendaciones, informes o estudios que podr\u00e1n elevarse al Consejo de Ministros; igualmente, podr\u00e1 colaborar con expertos, interlocutores sociales, entidades y organizaciones p\u00fablicas y privadas.<\/p>\n","protected":false},"excerpt":{"rendered":"<p>Hoy se ha constituido la Comisi\u00f3n interministerial para coordinar la incorporaci\u00f3n de criterios sociales en la contrataci\u00f3n p\u00fablica. Con esta reuni\u00f3n celebrada en la sede del Ministerio de Sanidad, Servicios Sociales e Igualdad, presidida por el secretario de Estado, Mario Garc\u00e9s, se desarrolla el Real Decreto aprobado el pasado 2 de marzo por el Consejo [&hellip;]<\/p>\n","protected":false},"author":1,"featured_media":975032,"comment_status":"closed","ping_status":"closed","sticky":false,"template":"","format":"standard","meta":{"footnotes":""},"categories":[1],"tags":[],"class_list":["post-975031","post","type-post","status-publish","format-standard","has-post-thumbnail","hentry","category-actualidad"],"aioseo_notices":[],"aioseo_head":"\n\t\t<!-- All in One SEO Pro 5.0.1 - aioseo.com -->\n\t<meta name=\"description\" content=\"Hoy se ha constituido la Comisi\u00f3n interministerial para coordinar la incorporaci\u00f3n de criterios sociales en la contrataci\u00f3n p\u00fablica. Con esta reuni\u00f3n celebrada en la sede del Ministerio de Sanidad, Servicios Sociales e Igualdad, presidida por el secretario de Estado, Mario Garc\u00e9s, se desarrolla el Real Decreto aprobado el pasado 2 de marzo por el Consejo\" \/>\n\t<meta name=\"robots\" content=\"max-image-preview:large\" \/>\n\t<meta name=\"author\" content=\"El Digital de Asturias\"\/>\n\t<meta name=\"google-site-verification\" content=\"UA-38556648-1\" \/>\n\t<meta name=\"msvalidate.01\" content=\"7dfe9f3f1b24437ab69f4f2559babe99\" \/>\n\t<meta name=\"keywords\" content=\"actualidad\" \/>\n\t<link rel=\"canonical\" href=\"https:\/\/www.eldigitaldeasturias.com\/noticias\/constituida-la-comision-que-coordina-la-incorporacion-de-los-criterios-sociales-en-la-contratacion-publica\/\" \/>\n\t<meta name=\"generator\" content=\"All in One SEO Pro (AIOSEO) 5.0.1\" \/>\n\t\t<meta property=\"og:locale\" content=\"es_ES\" \/>\n\t\t<meta property=\"og:site_name\" content=\"El Digital de Asturias\" \/>\n\t\t<meta property=\"og:type\" content=\"article\" \/>\n\t\t<meta property=\"og:title\" content=\"Constituida la Comisi\u00f3n que coordina la incorporaci\u00f3n de los criterios sociales en la contrataci\u00f3n p\u00fablica - El Digital de Asturias\" \/>\n\t\t<meta property=\"og:description\" content=\"Hoy se ha constituido la Comisi\u00f3n interministerial para coordinar la incorporaci\u00f3n de criterios sociales en la contrataci\u00f3n p\u00fablica. Con esta reuni\u00f3n celebrada en la sede del Ministerio de Sanidad, Servicios Sociales e Igualdad, presidida por el secretario de Estado, Mario Garc\u00e9s, se desarrolla el Real Decreto aprobado el pasado 2 de marzo por el Consejo\" \/>\n\t\t<meta property=\"og:url\" content=\"https:\/\/www.eldigitaldeasturias.com\/noticias\/constituida-la-comision-que-coordina-la-incorporacion-de-los-criterios-sociales-en-la-contratacion-publica\/\" \/>\n\t\t<meta property=\"article:tag\" content=\"actualidad\" \/>\n\t\t<meta property=\"article:published_time\" content=\"2018-04-06T21:33:00+00:00\" \/>\n\t\t<meta property=\"article:modified_time\" content=\"2018-04-06T21:33:00+00:00\" \/>\n\t\t<meta property=\"article:publisher\" content=\"https:\/\/facebook.com\/eldigitaldeasturias\" \/>\n\t\t<meta name=\"twitter:card\" content=\"summary_large_image\" \/>\n\t\t<meta name=\"twitter:title\" content=\"Constituida la Comisi\u00f3n que coordina la incorporaci\u00f3n de los criterios sociales en la contrataci\u00f3n p\u00fablica - El Digital de Asturias\" \/>\n\t\t<meta name=\"twitter:description\" content=\"Hoy se ha constituido la Comisi\u00f3n interministerial para coordinar la incorporaci\u00f3n de criterios sociales en la contrataci\u00f3n p\u00fablica. Con esta reuni\u00f3n celebrada en la sede del Ministerio de Sanidad, Servicios Sociales e Igualdad, presidida por el secretario de Estado, Mario Garc\u00e9s, se desarrolla el Real Decreto aprobado el pasado 2 de marzo por el Consejo\" \/>\n\t\t<meta name=\"twitter:image\" content=\"https:\/\/www.eldigitaldeasturias.com\/noticias\/wp-content\/uploads\/2020\/12\/EDA-1.jpg\" \/>\n\t\t<meta name=\"twitter:label1\" content=\"Escrito por\" \/>\n\t\t<meta name=\"twitter:data1\" content=\"El Digital de Asturias\" \/>\n\t\t<meta name=\"twitter:label2\" content=\"Tiempo de lectura estimado\" \/>\n\t\t<meta name=\"twitter:data2\" content=\"1 minuto\" \/>\n\t\t<script type=\"application\/ld+json\" class=\"aioseo-schema\">\n\t\t\t{\"@context\":\"https:\\\/\\\/schema.org\",\"@graph\":[{\"@type\":\"BlogPosting\",\"@id\":\"https:\\\/\\\/www.eldigitaldeasturias.com\\\/noticias\\\/constituida-la-comision-que-coordina-la-incorporacion-de-los-criterios-sociales-en-la-contratacion-publica\\\/#blogposting\",\"name\":\"Constituida la Comisi\\u00f3n que coordina la incorporaci\\u00f3n de los criterios sociales en la contrataci\\u00f3n p\\u00fablica - El Digital de Asturias\",\"headline\":\"Constituida la Comisi\\u00f3n que coordina la incorporaci\\u00f3n de los criterios sociales en la contrataci\\u00f3n p\\u00fablica\",\"author\":{\"@id\":\"https:\\\/\\\/www.eldigitaldeasturias.com\\\/noticias\\\/author\\\/admin\\\/#author\"},\"publisher\":{\"@id\":\"https:\\\/\\\/www.eldigitaldeasturias.com\\\/noticias\\\/#organization\"},\"image\":{\"@type\":\"ImageObject\",\"url\":975032},\"datePublished\":\"2018-04-06T21:33:00+02:00\",\"dateModified\":\"2018-04-06T21:33:00+02:00\",\"inLanguage\":\"es-ES\",\"mainEntityOfPage\":{\"@id\":\"https:\\\/\\\/www.eldigitaldeasturias.com\\\/noticias\\\/constituida-la-comision-que-coordina-la-incorporacion-de-los-criterios-sociales-en-la-contratacion-publica\\\/#webpage\"},\"isPartOf\":{\"@id\":\"https:\\\/\\\/www.eldigitaldeasturias.com\\\/noticias\\\/constituida-la-comision-que-coordina-la-incorporacion-de-los-criterios-sociales-en-la-contratacion-publica\\\/#webpage\"},\"articleSection\":\"Actualidad\"},{\"@type\":\"BreadcrumbList\",\"@id\":\"https:\\\/\\\/www.eldigitaldeasturias.com\\\/noticias\\\/constituida-la-comision-que-coordina-la-incorporacion-de-los-criterios-sociales-en-la-contratacion-publica\\\/#breadcrumblist\",\"itemListElement\":[{\"@type\":\"ListItem\",\"@id\":\"https:\\\/\\\/www.eldigitaldeasturias.com\\\/noticias#listItem\",\"position\":1,\"name\":\"Home\",\"item\":\"https:\\\/\\\/www.eldigitaldeasturias.com\\\/noticias\",\"nextItem\":{\"@type\":\"ListItem\",\"@id\":\"https:\\\/\\\/www.eldigitaldeasturias.com\\\/noticias\\\/category\\\/actualidad\\\/#listItem\",\"name\":\"Actualidad\"}},{\"@type\":\"ListItem\",\"@id\":\"https:\\\/\\\/www.eldigitaldeasturias.com\\\/noticias\\\/category\\\/actualidad\\\/#listItem\",\"position\":2,\"name\":\"Actualidad\",\"item\":\"https:\\\/\\\/www.eldigitaldeasturias.com\\\/noticias\\\/category\\\/actualidad\\\/\",\"nextItem\":{\"@type\":\"ListItem\",\"@id\":\"https:\\\/\\\/www.eldigitaldeasturias.com\\\/noticias\\\/constituida-la-comision-que-coordina-la-incorporacion-de-los-criterios-sociales-en-la-contratacion-publica\\\/#listItem\",\"name\":\"Constituida la Comisi\\u00f3n que coordina la incorporaci\\u00f3n de los criterios sociales en la contrataci\\u00f3n p\\u00fablica\"},\"previousItem\":{\"@type\":\"ListItem\",\"@id\":\"https:\\\/\\\/www.eldigitaldeasturias.com\\\/noticias#listItem\",\"name\":\"Home\"}},{\"@type\":\"ListItem\",\"@id\":\"https:\\\/\\\/www.eldigitaldeasturias.com\\\/noticias\\\/constituida-la-comision-que-coordina-la-incorporacion-de-los-criterios-sociales-en-la-contratacion-publica\\\/#listItem\",\"position\":3,\"name\":\"Constituida la Comisi\\u00f3n que coordina la incorporaci\\u00f3n de los criterios sociales en la contrataci\\u00f3n p\\u00fablica\",\"previousItem\":{\"@type\":\"ListItem\",\"@id\":\"https:\\\/\\\/www.eldigitaldeasturias.com\\\/noticias\\\/category\\\/actualidad\\\/#listItem\",\"name\":\"Actualidad\"}}]},{\"@type\":\"Organization\",\"@id\":\"https:\\\/\\\/www.eldigitaldeasturias.com\\\/noticias\\\/#organization\",\"name\":\"El Digital de Asturias\",\"description\":\"Hemeroteca\",\"url\":\"https:\\\/\\\/www.eldigitaldeasturias.com\\\/noticias\\\/\",\"email\":\"info@eldigitaldeasturias.com\",\"telephone\":\"+34652131393\",\"logo\":{\"@type\":\"ImageObject\",\"url\":\"https:\\\/\\\/www.eldigitaldeasturias.com\\\/noticias\\\/wp-content\\\/uploads\\\/2020\\\/12\\\/EDA.jpg\",\"@id\":\"https:\\\/\\\/www.eldigitaldeasturias.com\\\/noticias\\\/constituida-la-comision-que-coordina-la-incorporacion-de-los-criterios-sociales-en-la-contratacion-publica\\\/#organizationLogo\"},\"image\":{\"@id\":\"https:\\\/\\\/www.eldigitaldeasturias.com\\\/noticias\\\/constituida-la-comision-que-coordina-la-incorporacion-de-los-criterios-sociales-en-la-contratacion-publica\\\/#organizationLogo\"},\"sameAs\":[\"https:\\\/\\\/facebook.com\\\/eldigitaldeasturias\",\"https:\\\/\\\/www.youtube.com\\\/channel\\\/UCZP-2wLEB9Rv6erhFmqVnvg\"],\"address\":{\"@id\":\"https:\\\/\\\/www.eldigitaldeasturias.com\\\/noticias\\\/#postaladdress\",\"@type\":\"PostalAddress\",\"streetAddress\":\"san antonio 4\",\"postalCode\":\"33430\",\"addressLocality\":\"Cand\\u00e1s\",\"addressRegion\":\"Asturias\",\"addressCountry\":\"ES\"}},{\"@type\":\"Person\",\"@id\":\"https:\\\/\\\/www.eldigitaldeasturias.com\\\/noticias\\\/author\\\/admin\\\/#author\",\"url\":\"https:\\\/\\\/www.eldigitaldeasturias.com\\\/noticias\\\/author\\\/admin\\\/\",\"name\":\"El Digital de Asturias\",\"image\":{\"@type\":\"ImageObject\",\"@id\":\"https:\\\/\\\/www.eldigitaldeasturias.com\\\/noticias\\\/constituida-la-comision-que-coordina-la-incorporacion-de-los-criterios-sociales-en-la-contratacion-publica\\\/#authorImage\",\"url\":\"https:\\\/\\\/secure.gravatar.com\\\/avatar\\\/df2aeffc32bcd13f8d26072ef8a91b623d677766deac7f97ca815868cd41bf5e?s=96&d=mm&r=g\",\"width\":96,\"height\":96,\"caption\":\"El Digital de Asturias\"}},{\"@type\":\"WebPage\",\"@id\":\"https:\\\/\\\/www.eldigitaldeasturias.com\\\/noticias\\\/constituida-la-comision-que-coordina-la-incorporacion-de-los-criterios-sociales-en-la-contratacion-publica\\\/#webpage\",\"url\":\"https:\\\/\\\/www.eldigitaldeasturias.com\\\/noticias\\\/constituida-la-comision-que-coordina-la-incorporacion-de-los-criterios-sociales-en-la-contratacion-publica\\\/\",\"name\":\"Constituida la Comisi\\u00f3n que coordina la incorporaci\\u00f3n de los criterios sociales en la contrataci\\u00f3n p\\u00fablica - El Digital de Asturias\",\"description\":\"Hoy se ha constituido la Comisi\\u00f3n interministerial para coordinar la incorporaci\\u00f3n de criterios sociales en la contrataci\\u00f3n p\\u00fablica. Con esta reuni\\u00f3n celebrada en la sede del Ministerio de Sanidad, Servicios Sociales e Igualdad, presidida por el secretario de Estado, Mario Garc\\u00e9s, se desarrolla el Real Decreto aprobado el pasado 2 de marzo por el Consejo\",\"inLanguage\":\"es-ES\",\"isPartOf\":{\"@id\":\"https:\\\/\\\/www.eldigitaldeasturias.com\\\/noticias\\\/#website\"},\"breadcrumb\":{\"@id\":\"https:\\\/\\\/www.eldigitaldeasturias.com\\\/noticias\\\/constituida-la-comision-que-coordina-la-incorporacion-de-los-criterios-sociales-en-la-contratacion-publica\\\/#breadcrumblist\"},\"author\":{\"@id\":\"https:\\\/\\\/www.eldigitaldeasturias.com\\\/noticias\\\/author\\\/admin\\\/#author\"},\"creator\":{\"@id\":\"https:\\\/\\\/www.eldigitaldeasturias.com\\\/noticias\\\/author\\\/admin\\\/#author\"},\"image\":{\"@type\":\"ImageObject\",\"url\":975032,\"@id\":\"https:\\\/\\\/www.eldigitaldeasturias.com\\\/noticias\\\/constituida-la-comision-que-coordina-la-incorporacion-de-los-criterios-sociales-en-la-contratacion-publica\\\/#mainImage\"},\"primaryImageOfPage\":{\"@id\":\"https:\\\/\\\/www.eldigitaldeasturias.com\\\/noticias\\\/constituida-la-comision-que-coordina-la-incorporacion-de-los-criterios-sociales-en-la-contratacion-publica\\\/#mainImage\"},\"datePublished\":\"2018-04-06T21:33:00+02:00\",\"dateModified\":\"2018-04-06T21:33:00+02:00\"},{\"@type\":\"WebSite\",\"@id\":\"https:\\\/\\\/www.eldigitaldeasturias.com\\\/noticias\\\/#website\",\"url\":\"https:\\\/\\\/www.eldigitaldeasturias.com\\\/noticias\\\/\",\"name\":\"El Digital de Asturias - Diario de actualidad y noticias\",\"alternateName\":\"El Digital de Asturias - Diario de actualidad y noticias\",\"description\":\"Hemeroteca\",\"inLanguage\":\"es-ES\",\"publisher\":{\"@id\":\"https:\\\/\\\/www.eldigitaldeasturias.com\\\/noticias\\\/#organization\"}}]}\n\t\t<\/script>\n\t\t<!-- All in One SEO Pro -->\r\n\t\t<title>Constituida la Comisi\u00f3n que coordina la incorporaci\u00f3n de los criterios sociales en la contrataci\u00f3n p\u00fablica - El Digital de Asturias<\/title>\n\n","aioseo_head_json":{"title":"Constituida la Comisi\u00f3n que coordina la incorporaci\u00f3n de los criterios sociales en la contrataci\u00f3n p\u00fablica - El Digital de Asturias","description":"Hoy se ha constituido la Comisi\u00f3n interministerial para coordinar la incorporaci\u00f3n de criterios sociales en la contrataci\u00f3n p\u00fablica. Con esta reuni\u00f3n celebrada en la sede del Ministerio de Sanidad, Servicios Sociales e Igualdad, presidida por el secretario de Estado, Mario Garc\u00e9s, se desarrolla el Real Decreto aprobado el pasado 2 de marzo por el Consejo","canonical_url":"https:\/\/www.eldigitaldeasturias.com\/noticias\/constituida-la-comision-que-coordina-la-incorporacion-de-los-criterios-sociales-en-la-contratacion-publica\/","robots":"max-image-preview:large","keywords":"actualidad","webmasterTools":{"google-site-verification":"UA-38556648-1","msvalidate.01":"7dfe9f3f1b24437ab69f4f2559babe99","miscellaneous":""},"schema":{"@context":"https:\/\/schema.org","@graph":[{"@type":"BlogPosting","@id":"https:\/\/www.eldigitaldeasturias.com\/noticias\/constituida-la-comision-que-coordina-la-incorporacion-de-los-criterios-sociales-en-la-contratacion-publica\/#blogposting","name":"Constituida la Comisi\u00f3n que coordina la incorporaci\u00f3n de los criterios sociales en la contrataci\u00f3n p\u00fablica - El Digital de Asturias","headline":"Constituida la Comisi\u00f3n que coordina la incorporaci\u00f3n de los criterios sociales en la contrataci\u00f3n p\u00fablica","author":{"@id":"https:\/\/www.eldigitaldeasturias.com\/noticias\/author\/admin\/#author"},"publisher":{"@id":"https:\/\/www.eldigitaldeasturias.com\/noticias\/#organization"},"image":{"@type":"ImageObject","url":975032},"datePublished":"2018-04-06T21:33:00+02:00","dateModified":"2018-04-06T21:33:00+02:00","inLanguage":"es-ES","mainEntityOfPage":{"@id":"https:\/\/www.eldigitaldeasturias.com\/noticias\/constituida-la-comision-que-coordina-la-incorporacion-de-los-criterios-sociales-en-la-contratacion-publica\/#webpage"},"isPartOf":{"@id":"https:\/\/www.eldigitaldeasturias.com\/noticias\/constituida-la-comision-que-coordina-la-incorporacion-de-los-criterios-sociales-en-la-contratacion-publica\/#webpage"},"articleSection":"Actualidad"},{"@type":"BreadcrumbList","@id":"https:\/\/www.eldigitaldeasturias.com\/noticias\/constituida-la-comision-que-coordina-la-incorporacion-de-los-criterios-sociales-en-la-contratacion-publica\/#breadcrumblist","itemListElement":[{"@type":"ListItem","@id":"https:\/\/www.eldigitaldeasturias.com\/noticias#listItem","position":1,"name":"Home","item":"https:\/\/www.eldigitaldeasturias.com\/noticias","nextItem":{"@type":"ListItem","@id":"https:\/\/www.eldigitaldeasturias.com\/noticias\/category\/actualidad\/#listItem","name":"Actualidad"}},{"@type":"ListItem","@id":"https:\/\/www.eldigitaldeasturias.com\/noticias\/category\/actualidad\/#listItem","position":2,"name":"Actualidad","item":"https:\/\/www.eldigitaldeasturias.com\/noticias\/category\/actualidad\/","nextItem":{"@type":"ListItem","@id":"https:\/\/www.eldigitaldeasturias.com\/noticias\/constituida-la-comision-que-coordina-la-incorporacion-de-los-criterios-sociales-en-la-contratacion-publica\/#listItem","name":"Constituida la Comisi\u00f3n que coordina la incorporaci\u00f3n de los criterios sociales en la contrataci\u00f3n p\u00fablica"},"previousItem":{"@type":"ListItem","@id":"https:\/\/www.eldigitaldeasturias.com\/noticias#listItem","name":"Home"}},{"@type":"ListItem","@id":"https:\/\/www.eldigitaldeasturias.com\/noticias\/constituida-la-comision-que-coordina-la-incorporacion-de-los-criterios-sociales-en-la-contratacion-publica\/#listItem","position":3,"name":"Constituida la Comisi\u00f3n que coordina la incorporaci\u00f3n de los criterios sociales en la contrataci\u00f3n p\u00fablica","previousItem":{"@type":"ListItem","@id":"https:\/\/www.eldigitaldeasturias.com\/noticias\/category\/actualidad\/#listItem","name":"Actualidad"}}]},{"@type":"Organization","@id":"https:\/\/www.eldigitaldeasturias.com\/noticias\/#organization","name":"El Digital de Asturias","description":"Hemeroteca","url":"https:\/\/www.eldigitaldeasturias.com\/noticias\/","email":"info@eldigitaldeasturias.com","telephone":"+34652131393","logo":{"@type":"ImageObject","url":"https:\/\/www.eldigitaldeasturias.com\/noticias\/wp-content\/uploads\/2020\/12\/EDA.jpg","@id":"https:\/\/www.eldigitaldeasturias.com\/noticias\/constituida-la-comision-que-coordina-la-incorporacion-de-los-criterios-sociales-en-la-contratacion-publica\/#organizationLogo"},"image":{"@id":"https:\/\/www.eldigitaldeasturias.com\/noticias\/constituida-la-comision-que-coordina-la-incorporacion-de-los-criterios-sociales-en-la-contratacion-publica\/#organizationLogo"},"sameAs":["https:\/\/facebook.com\/eldigitaldeasturias","https:\/\/www.youtube.com\/channel\/UCZP-2wLEB9Rv6erhFmqVnvg"],"address":{"@id":"https:\/\/www.eldigitaldeasturias.com\/noticias\/#postaladdress","@type":"PostalAddress","streetAddress":"san antonio 4","postalCode":"33430","addressLocality":"Cand\u00e1s","addressRegion":"Asturias","addressCountry":"ES"}},{"@type":"Person","@id":"https:\/\/www.eldigitaldeasturias.com\/noticias\/author\/admin\/#author","url":"https:\/\/www.eldigitaldeasturias.com\/noticias\/author\/admin\/","name":"El Digital de Asturias","image":{"@type":"ImageObject","@id":"https:\/\/www.eldigitaldeasturias.com\/noticias\/constituida-la-comision-que-coordina-la-incorporacion-de-los-criterios-sociales-en-la-contratacion-publica\/#authorImage","url":"https:\/\/secure.gravatar.com\/avatar\/df2aeffc32bcd13f8d26072ef8a91b623d677766deac7f97ca815868cd41bf5e?s=96&d=mm&r=g","width":96,"height":96,"caption":"El Digital de Asturias"}},{"@type":"WebPage","@id":"https:\/\/www.eldigitaldeasturias.com\/noticias\/constituida-la-comision-que-coordina-la-incorporacion-de-los-criterios-sociales-en-la-contratacion-publica\/#webpage","url":"https:\/\/www.eldigitaldeasturias.com\/noticias\/constituida-la-comision-que-coordina-la-incorporacion-de-los-criterios-sociales-en-la-contratacion-publica\/","name":"Constituida la Comisi\u00f3n que coordina la incorporaci\u00f3n de los criterios sociales en la contrataci\u00f3n p\u00fablica - El Digital de Asturias","description":"Hoy se ha constituido la Comisi\u00f3n interministerial para coordinar la incorporaci\u00f3n de criterios sociales en la contrataci\u00f3n p\u00fablica. Con esta reuni\u00f3n celebrada en la sede del Ministerio de Sanidad, Servicios Sociales e Igualdad, presidida por el secretario de Estado, Mario Garc\u00e9s, se desarrolla el Real Decreto aprobado el pasado 2 de marzo por el Consejo","inLanguage":"es-ES","isPartOf":{"@id":"https:\/\/www.eldigitaldeasturias.com\/noticias\/#website"},"breadcrumb":{"@id":"https:\/\/www.eldigitaldeasturias.com\/noticias\/constituida-la-comision-que-coordina-la-incorporacion-de-los-criterios-sociales-en-la-contratacion-publica\/#breadcrumblist"},"author":{"@id":"https:\/\/www.eldigitaldeasturias.com\/noticias\/author\/admin\/#author"},"creator":{"@id":"https:\/\/www.eldigitaldeasturias.com\/noticias\/author\/admin\/#author"},"image":{"@type":"ImageObject","url":975032,"@id":"https:\/\/www.eldigitaldeasturias.com\/noticias\/constituida-la-comision-que-coordina-la-incorporacion-de-los-criterios-sociales-en-la-contratacion-publica\/#mainImage"},"primaryImageOfPage":{"@id":"https:\/\/www.eldigitaldeasturias.com\/noticias\/constituida-la-comision-que-coordina-la-incorporacion-de-los-criterios-sociales-en-la-contratacion-publica\/#mainImage"},"datePublished":"2018-04-06T21:33:00+02:00","dateModified":"2018-04-06T21:33:00+02:00"},{"@type":"WebSite","@id":"https:\/\/www.eldigitaldeasturias.com\/noticias\/#website","url":"https:\/\/www.eldigitaldeasturias.com\/noticias\/","name":"El Digital de Asturias - Diario de actualidad y noticias","alternateName":"El Digital de Asturias - Diario de actualidad y noticias","description":"Hemeroteca","inLanguage":"es-ES","publisher":{"@id":"https:\/\/www.eldigitaldeasturias.com\/noticias\/#organization"}}]},"og:locale":"es_ES","og:site_name":"El Digital de Asturias","og:type":"article","og:title":"Constituida la Comisi\u00f3n que coordina la incorporaci\u00f3n de los criterios sociales en la contrataci\u00f3n p\u00fablica - El Digital de Asturias","og:description":"Hoy se ha constituido la Comisi\u00f3n interministerial para coordinar la incorporaci\u00f3n de criterios sociales en la contrataci\u00f3n p\u00fablica. Con esta reuni\u00f3n celebrada en la sede del Ministerio de Sanidad, Servicios Sociales e Igualdad, presidida por el secretario de Estado, Mario Garc\u00e9s, se desarrolla el Real Decreto aprobado el pasado 2 de marzo por el Consejo","og:url":"https:\/\/www.eldigitaldeasturias.com\/noticias\/constituida-la-comision-que-coordina-la-incorporacion-de-los-criterios-sociales-en-la-contratacion-publica\/","article:tag":["actualidad"],"article:published_time":"2018-04-06T21:33:00+00:00","article:modified_time":"2018-04-06T21:33:00+00:00","article:publisher":"https:\/\/facebook.com\/eldigitaldeasturias","twitter:card":"summary_large_image","twitter:title":"Constituida la Comisi\u00f3n que coordina la incorporaci\u00f3n de los criterios sociales en la contrataci\u00f3n p\u00fablica - El Digital de Asturias","twitter:description":"Hoy se ha constituido la Comisi\u00f3n interministerial para coordinar la incorporaci\u00f3n de criterios sociales en la contrataci\u00f3n p\u00fablica. Con esta reuni\u00f3n celebrada en la sede del Ministerio de Sanidad, Servicios Sociales e Igualdad, presidida por el secretario de Estado, Mario Garc\u00e9s, se desarrolla el Real Decreto aprobado el pasado 2 de marzo por el Consejo","twitter:image":"https:\/\/www.eldigitaldeasturias.com\/noticias\/wp-content\/uploads\/2020\/12\/EDA-1.jpg","twitter:label1":"Escrito por","twitter:data1":"El Digital de Asturias","twitter:label2":"Tiempo de lectura estimado","twitter:data2":"1 minuto"},"aioseo_meta_data":{"post_id":"975031","title":null,"description":null,"keywords":null,"keyphrases":null,"primary_term":null,"canonical_url":null,"og_title":null,"og_description":null,"og_object_type":"default","og_image_type":"default","og_image_url":null,"og_image_width":null,"og_image_height":null,"og_image_custom_url":null,"og_image_custom_fields":null,"og_video":null,"og_custom_url":null,"og_article_section":null,"og_article_tags":null,"twitter_use_og":false,"twitter_card":"default","twitter_image_type":"default","twitter_image_url":null,"twitter_image_custom_url":null,"twitter_image_custom_fields":null,"twitter_title":null,"twitter_description":null,"schema":{"blockGraphs":[],"customGraphs":[],"default":{"data":{"Article":[],"Course":[],"Dataset":[],"FAQPage":[],"Movie":[],"Person":[],"Product":[],"ProductReview":[],"Car":[],"Recipe":[],"Service":[],"SoftwareApplication":[],"WebPage":[]},"graphName":"","isEnabled":true},"graphs":[],"defaultGraph":"","defaultPostTypeGraph":""},"schema_type":null,"schema_type_options":null,"pillar_content":false,"robots_default":true,"robots_noindex":false,"robots_noarchive":false,"robots_nosnippet":false,"robots_nofollow":false,"robots_noimageindex":false,"robots_noodp":false,"robots_notranslate":false,"robots_max_snippet":null,"robots_max_videopreview":null,"robots_max_imagepreview":"large","priority":null,"frequency":null,"local_seo":null,"seo_analyzer_scan_date":"2025-10-07 22:25:12","breadcrumb_settings":null,"limit_modified_date":false,"open_ai":null,"ai":null,"created":"2020-12-21 12:11:39","updated":"2025-10-07 22:25:12","focus_keyword":null,"additional_keywords":null,"truseo_locale":null},"aioseo_breadcrumb":"<div class=\"aioseo-breadcrumbs\"><span class=\"aioseo-breadcrumb\">\n\t<a href=\"https:\/\/www.eldigitaldeasturias.com\/noticias\" title=\"Home\">Home<\/a>\n<\/span><span class=\"aioseo-breadcrumb-separator\">\u2013<\/span><span class=\"aioseo-breadcrumb\">\n\t<a href=\"https:\/\/www.eldigitaldeasturias.com\/noticias\/category\/actualidad\/\" title=\"Actualidad\">Actualidad<\/a>\n<\/span><span class=\"aioseo-breadcrumb-separator\">\u2013<\/span><span class=\"aioseo-breadcrumb\">\n\t<a href=\"https:\/\/www.eldigitaldeasturias.com\/noticias\/constituida-la-comision-que-coordina-la-incorporacion-de-los-criterios-sociales-en-la-contratacion-publica\/\" title=\"Constituida la Comisi\u00f3n que coordina la incorporaci\u00f3n de los criterios sociales en la contrataci\u00f3n p\u00fablica\">Constituida la Comisi\u00f3n que coordina la incorporaci\u00f3n de los criterios sociales en la contrataci\u00f3n p\u00fablica<\/a>\n<\/span><\/div>","aioseo_breadcrumb_json":[{"label":"Home","link":"https:\/\/www.eldigitaldeasturias.com\/noticias"},{"label":"Actualidad","link":"https:\/\/www.eldigitaldeasturias.com\/noticias\/category\/actualidad\/"},{"label":"Constituida la Comisi\u00f3n que coordina la incorporaci\u00f3n de los criterios sociales en la contrataci\u00f3n p\u00fablica","link":"https:\/\/www.eldigitaldeasturias.com\/noticias\/constituida-la-comision-que-coordina-la-incorporacion-de-los-criterios-sociales-en-la-contratacion-publica\/"}],"_links":{"self":[{"href":"https:\/\/www.eldigitaldeasturias.com\/noticias\/wp-json\/wp\/v2\/posts\/975031","targetHints":{"allow":["GET"]}}],"collection":[{"href":"https:\/\/www.eldigitaldeasturias.com\/noticias\/wp-json\/wp\/v2\/posts"}],"about":[{"href":"https:\/\/www.eldigitaldeasturias.com\/noticias\/wp-json\/wp\/v2\/types\/post"}],"author":[{"embeddable":true,"href":"https:\/\/www.eldigitaldeasturias.com\/noticias\/wp-json\/wp\/v2\/users\/1"}],"replies":[{"embeddable":true,"href":"https:\/\/www.eldigitaldeasturias.com\/noticias\/wp-json\/wp\/v2\/comments?post=975031"}],"version-history":[{"count":0,"href":"https:\/\/www.eldigitaldeasturias.com\/noticias\/wp-json\/wp\/v2\/posts\/975031\/revisions"}],"wp:attachment":[{"href":"https:\/\/www.eldigitaldeasturias.com\/noticias\/wp-json\/wp\/v2\/media?parent=975031"}],"wp:term":[{"taxonomy":"category","embeddable":true,"href":"https:\/\/www.eldigitaldeasturias.com\/noticias\/wp-json\/wp\/v2\/categories?post=975031"},{"taxonomy":"post_tag","embeddable":true,"href":"https:\/\/www.eldigitaldeasturias.com\/noticias\/wp-json\/wp\/v2\/tags?post=975031"}],"curies":[{"name":"wp","href":"https:\/\/api.w.org\/{rel}","templated":true}]}}