{"id":975022,"date":"2018-04-06T21:25:00","date_gmt":"2018-04-06T21:25:00","guid":{"rendered":"http:\/\/www.eldigitaldeasturias.com\/noticias\/?p=975022"},"modified":"2018-04-06T21:25:00","modified_gmt":"2018-04-06T21:25:00","slug":"la-pirateria-digital-desciende-en-espana-por-segundo-ano-consecutivo","status":"publish","type":"post","link":"https:\/\/www.eldigitaldeasturias.com\/noticias\/la-pirateria-digital-desciende-en-espana-por-segundo-ano-consecutivo\/","title":{"rendered":"La pirater\u00eda digital desciende en Espa\u00f1a por segundo a\u00f1o consecutivo"},"content":{"rendered":"<p><img loading=\"lazy\" decoding=\"async\" class=\"alignleft size-medium wp-image-975023\" src=\"https:\/\/www.eldigitaldeasturias.com\/noticias\/wp-content\/uploads\/2018\/04\/060418Pirateria-360x239.jpg\" alt=\"\" width=\"360\" height=\"239\" \/>La pirater\u00eda digital ha experimentado en Espa\u00f1a por segundo a\u00f1o consecutivo un descenso en cifras absolutas. Esta bajada demuestra lo que viene constat\u00e1ndose desde hace a\u00f1os, y es que la tendencia ha cambiado, tal y como se demuestra \u00faltimamente con los datos de Alexa, p\u00e1gina web de medici\u00f3n de audiencias.<\/p>\n<p>Estos datos se recogen en las estimaciones del Observatorio de la pirater\u00eda y h\u00e1bitos de consumo de contenidos digitales 2017m presentado en la Secretar\u00eda de Estado de Cultura con la participaci\u00f3n del director general de Industrias Culturales y del Libro, \u00d3scar S\u00e1enz de Santa Mar\u00eda.\u200b<\/p>\n<p>S\u00e1enz de Santa Mar\u00eda ha informado que de los datos de visitas a las 250 web m\u00e1s visitadas en Espa\u00f1a, recogido en el ranking de Alexa -web de medici\u00f3n de visitas-, se desprende que la pirater\u00eda estar\u00eda en Espa\u00f1a en claro descenso. As\u00ed, entre el 1 de enero de 2017 y el 1 de marzo de 2018, en este ranking se observa que se ha pasado de tener 19 p\u00e1ginas piratas entre las 250 webs m\u00e1s visitadas en 2017, a 10 p\u00e1ginas en 2018 y s\u00f3lo una parece tener v\u00ednculos identificados con Espa\u00f1a.<\/p>\n<p>Ese descenso se debe en buena parte a las medidas puestas en marcha por el Ministerio de Educaci\u00f3n, Cultura y Deporte para luchar contra la pirater\u00eda y al incremento de la oferta legal en Internet en nuestro pa\u00eds en estos dos \u00faltimos a\u00f1os.<\/p>\n<p>La Secretar\u00eda de Estado de Cultura se identifica plenamente con las propuestas que realiza el informe del Observatorio como son: bloqueos de webs, campa\u00f1as de sensibilizaci\u00f3n, etc\u00e9tera, que de hecho es su l\u00ednea de actuaci\u00f3n a trav\u00e9s de los proyectos recogidos en el Plan Cultura 2020.<\/p>\n<p>En la actualidad, adem\u00e1s, la actividad de la Secci\u00f3n Segunda de la Secretar\u00eda de Estado de Cultura est\u00e1 obteniendo muy buenos resultados tras el incremento de los medios tecnol\u00f3gicos y humanos, la obtenci\u00f3n de nuevos autos judiciales de bloqueo y la mayor colaboraci\u00f3n con las operadoras de acceso a Internet y con los servicios de publicidad en la ejecuci\u00f3n de las medidas impuestas por las resoluciones finales de dicho \u00f3rgano.<\/p>\n<p>Como consecuencia de las medidas adoptadas, Espa\u00f1a ya no es mencionada a nivel internacional cuando se enumeran pa\u00edses en los que la pirater\u00eda tiene un nivel especialmente significativo.<\/p>\n<p><strong>&#8216;No piratees tu futuro&#8217;. La sensibilizaci\u00f3n es clave<\/strong><\/p>\n<p>Entre las campa\u00f1as de sensibilizaci\u00f3n y otras actuaciones promovidas por la Secretar\u00eda de Estado de Cultura cabe destacar:<\/p>\n<p>La campa\u00f1a de sensibilizaci\u00f3n \u00abNo piratees tu futuro\u00bb, puesta en marcha en octubre de 2017. Cuenta con spots, cu\u00f1as de radio y material gr\u00e1fico en los medios de comunicaci\u00f3n contra la vulneraci\u00f3n de los derechos de propiedad intelectual y en la que est\u00e1n colaborando de forma desinteresada y voluntaria La Liga, Mediapro, Disney Channel, RTVE, ADIF, Atresmedia, FECE, Telef\u00f3nica-Movistar, Vodafone, la Federaci\u00f3n de Gremios de Editores de Espa\u00f1a, DigitalES, KissFm, Google y la Fundaci\u00f3n Germ\u00e1n S\u00e1nchez Ruip\u00e9rez, entre otros.<\/p>\n<p>El Acuerdo de colaboraci\u00f3n con el Ministerio del Interior para impulsar acciones de protecci\u00f3n de la Propiedad Intelectual, firmado el 19 de julio de 2017, que prev\u00e9 un Plan de sensibilizaci\u00f3n dirigido a los escolares sobre la necesidad de respetar la propiedad intelectual en el entorno de las nuevas tecnolog\u00edas. En 2018 se prev\u00e9 desarrollar las primeras jornadas en centros escolares.<\/p>\n<p>La elaboraci\u00f3n de un borrador de C\u00f3digo de Conducta Voluntario, por las Secretar\u00edas de Estado de Cultura y de Agenda Digital, ya trasladado a los titulares de derechos, operadores de Internet y publicistas. Con \u00e9l se pretende impulsar la colaboraci\u00f3n voluntaria de estos agentes contra los servicios de la sociedad de la informaci\u00f3n vulneradores de derechos de propiedad intelectual. Actualmente la Secretar\u00eda de Estado de Cultura est\u00e1 recibiendo aportaciones y valoraciones del sector privado involucrado.<\/p>\n<p>Un nuevo Convenio con La Liga, firmado el pasado 20 de marzo, con el que se pone en marcha una nueva campa\u00f1a para la sensibilizaci\u00f3n social en defensa de la propiedad intelectual y en la lucha contra la pirater\u00eda en sus diferentes vertientes. Financiada por La Liga, producir\u00e1 anuncios de servicio p\u00fablico de difusi\u00f3n gratuita a trav\u00e9s de las redes sociales, webs u otros soportes o medios de comunicaci\u00f3n que pertenezcan a la entidad.<\/p>\n<p>Refuerzo de la Secci\u00f3n Segunda de la Comisi\u00f3n de Propiedad Intelectual<br \/>\nLa Secci\u00f3n Segunda de la Comisi\u00f3n de Propiedad Intelectual ha sido reforzada con nuevos efectivos, equipos inform\u00e1ticos y software especializado lo que ha permitido una reducci\u00f3n en tiempos de tramitaci\u00f3n de m\u00e1s del 60% con respecto a 2017.<\/p>\n<p><strong>La Secci\u00f3n Segunda, desde su creaci\u00f3n y hasta el momento, ha obtenido:<\/strong><\/p>\n<p>37 bloqueos de nombres de dominio web autorizados por los Juzgados Centrales de lo Contencioso-Administrativo (Audiencia Nacional), a petici\u00f3n de la Secci\u00f3n Segunda.<\/p>\n<p>La retirada voluntaria de contenidos ilegales por m\u00e1s de 338 webs vulneradoras, el 95% de las webs que han sido notificadas por esta secci\u00f3n.<\/p>\n<p>Y el cese de actividad de hasta 88 dominios web.<\/p>\n<p>Todo ello significa de manera estimativa que varios millones de accesos a contenidos culturales ofrecidos de forma il\u00edcita han sido impedidos, bloqueados o eliminados de la Red.<\/p>\n","protected":false},"excerpt":{"rendered":"<p>La pirater\u00eda digital ha experimentado en Espa\u00f1a por segundo a\u00f1o consecutivo un descenso en cifras absolutas. Esta bajada demuestra lo que viene constat\u00e1ndose desde hace a\u00f1os, y es que la tendencia ha cambiado, tal y como se demuestra \u00faltimamente con los datos de Alexa, p\u00e1gina web de medici\u00f3n de audiencias. Estos datos se recogen en [&hellip;]<\/p>\n","protected":false},"author":1,"featured_media":975023,"comment_status":"closed","ping_status":"closed","sticky":false,"template":"","format":"standard","meta":{"footnotes":""},"categories":[1],"tags":[],"class_list":["post-975022","post","type-post","status-publish","format-standard","has-post-thumbnail","hentry","category-actualidad"],"aioseo_notices":[],"aioseo_head":"\n\t\t<!-- All in One SEO Pro 5.0.1 - aioseo.com -->\n\t<meta name=\"description\" content=\"La pirater\u00eda digital ha experimentado en Espa\u00f1a por segundo a\u00f1o consecutivo un descenso en cifras absolutas. Esta bajada demuestra lo que viene constat\u00e1ndose desde hace a\u00f1os, y es que la tendencia ha cambiado, tal y como se demuestra \u00faltimamente con los datos de Alexa, p\u00e1gina web de medici\u00f3n de audiencias. Estos datos se recogen en\" \/>\n\t<meta name=\"robots\" content=\"max-image-preview:large\" \/>\n\t<meta name=\"author\" content=\"El Digital de Asturias\"\/>\n\t<meta name=\"google-site-verification\" content=\"UA-38556648-1\" \/>\n\t<meta name=\"msvalidate.01\" content=\"7dfe9f3f1b24437ab69f4f2559babe99\" \/>\n\t<meta name=\"keywords\" content=\"actualidad\" \/>\n\t<link rel=\"canonical\" href=\"https:\/\/www.eldigitaldeasturias.com\/noticias\/la-pirateria-digital-desciende-en-espana-por-segundo-ano-consecutivo\/\" \/>\n\t<meta name=\"generator\" content=\"All in One SEO Pro (AIOSEO) 5.0.1\" \/>\n\t\t<meta property=\"og:locale\" content=\"es_ES\" \/>\n\t\t<meta property=\"og:site_name\" content=\"El Digital de Asturias\" \/>\n\t\t<meta property=\"og:type\" content=\"article\" \/>\n\t\t<meta property=\"og:title\" content=\"La pirater\u00eda digital desciende en Espa\u00f1a por segundo a\u00f1o consecutivo - El Digital de Asturias\" \/>\n\t\t<meta property=\"og:description\" content=\"La pirater\u00eda digital ha experimentado en Espa\u00f1a por segundo a\u00f1o consecutivo un descenso en cifras absolutas. Esta bajada demuestra lo que viene constat\u00e1ndose desde hace a\u00f1os, y es que la tendencia ha cambiado, tal y como se demuestra \u00faltimamente con los datos de Alexa, p\u00e1gina web de medici\u00f3n de audiencias. Estos datos se recogen en\" \/>\n\t\t<meta property=\"og:url\" content=\"https:\/\/www.eldigitaldeasturias.com\/noticias\/la-pirateria-digital-desciende-en-espana-por-segundo-ano-consecutivo\/\" \/>\n\t\t<meta property=\"article:tag\" content=\"actualidad\" \/>\n\t\t<meta property=\"article:published_time\" content=\"2018-04-06T21:25:00+00:00\" \/>\n\t\t<meta property=\"article:modified_time\" content=\"2018-04-06T21:25:00+00:00\" \/>\n\t\t<meta property=\"article:publisher\" content=\"https:\/\/facebook.com\/eldigitaldeasturias\" \/>\n\t\t<meta name=\"twitter:card\" content=\"summary_large_image\" \/>\n\t\t<meta name=\"twitter:title\" content=\"La pirater\u00eda digital desciende en Espa\u00f1a por segundo a\u00f1o consecutivo - El Digital de Asturias\" \/>\n\t\t<meta name=\"twitter:description\" content=\"La pirater\u00eda digital ha experimentado en Espa\u00f1a por segundo a\u00f1o consecutivo un descenso en cifras absolutas. Esta bajada demuestra lo que viene constat\u00e1ndose desde hace a\u00f1os, y es que la tendencia ha cambiado, tal y como se demuestra \u00faltimamente con los datos de Alexa, p\u00e1gina web de medici\u00f3n de audiencias. Estos datos se recogen en\" \/>\n\t\t<meta name=\"twitter:image\" content=\"https:\/\/www.eldigitaldeasturias.com\/noticias\/wp-content\/uploads\/2020\/12\/EDA-1.jpg\" \/>\n\t\t<meta name=\"twitter:label1\" content=\"Escrito por\" \/>\n\t\t<meta name=\"twitter:data1\" content=\"El Digital de Asturias\" \/>\n\t\t<meta name=\"twitter:label2\" content=\"Tiempo de lectura estimado\" \/>\n\t\t<meta name=\"twitter:data2\" content=\"5 minutos\" \/>\n\t\t<script type=\"application\/ld+json\" class=\"aioseo-schema\">\n\t\t\t{\"@context\":\"https:\\\/\\\/schema.org\",\"@graph\":[{\"@type\":\"BlogPosting\",\"@id\":\"https:\\\/\\\/www.eldigitaldeasturias.com\\\/noticias\\\/la-pirateria-digital-desciende-en-espana-por-segundo-ano-consecutivo\\\/#blogposting\",\"name\":\"La pirater\\u00eda digital desciende en Espa\\u00f1a por segundo a\\u00f1o consecutivo - El Digital de Asturias\",\"headline\":\"La pirater\\u00eda digital desciende en Espa\\u00f1a por segundo a\\u00f1o consecutivo\",\"author\":{\"@id\":\"https:\\\/\\\/www.eldigitaldeasturias.com\\\/noticias\\\/author\\\/admin\\\/#author\"},\"publisher\":{\"@id\":\"https:\\\/\\\/www.eldigitaldeasturias.com\\\/noticias\\\/#organization\"},\"image\":{\"@type\":\"ImageObject\",\"url\":975023},\"datePublished\":\"2018-04-06T21:25:00+02:00\",\"dateModified\":\"2018-04-06T21:25:00+02:00\",\"inLanguage\":\"es-ES\",\"mainEntityOfPage\":{\"@id\":\"https:\\\/\\\/www.eldigitaldeasturias.com\\\/noticias\\\/la-pirateria-digital-desciende-en-espana-por-segundo-ano-consecutivo\\\/#webpage\"},\"isPartOf\":{\"@id\":\"https:\\\/\\\/www.eldigitaldeasturias.com\\\/noticias\\\/la-pirateria-digital-desciende-en-espana-por-segundo-ano-consecutivo\\\/#webpage\"},\"articleSection\":\"Actualidad\"},{\"@type\":\"BreadcrumbList\",\"@id\":\"https:\\\/\\\/www.eldigitaldeasturias.com\\\/noticias\\\/la-pirateria-digital-desciende-en-espana-por-segundo-ano-consecutivo\\\/#breadcrumblist\",\"itemListElement\":[{\"@type\":\"ListItem\",\"@id\":\"https:\\\/\\\/www.eldigitaldeasturias.com\\\/noticias#listItem\",\"position\":1,\"name\":\"Home\",\"item\":\"https:\\\/\\\/www.eldigitaldeasturias.com\\\/noticias\",\"nextItem\":{\"@type\":\"ListItem\",\"@id\":\"https:\\\/\\\/www.eldigitaldeasturias.com\\\/noticias\\\/category\\\/actualidad\\\/#listItem\",\"name\":\"Actualidad\"}},{\"@type\":\"ListItem\",\"@id\":\"https:\\\/\\\/www.eldigitaldeasturias.com\\\/noticias\\\/category\\\/actualidad\\\/#listItem\",\"position\":2,\"name\":\"Actualidad\",\"item\":\"https:\\\/\\\/www.eldigitaldeasturias.com\\\/noticias\\\/category\\\/actualidad\\\/\",\"nextItem\":{\"@type\":\"ListItem\",\"@id\":\"https:\\\/\\\/www.eldigitaldeasturias.com\\\/noticias\\\/la-pirateria-digital-desciende-en-espana-por-segundo-ano-consecutivo\\\/#listItem\",\"name\":\"La pirater\\u00eda digital desciende en Espa\\u00f1a por segundo a\\u00f1o consecutivo\"},\"previousItem\":{\"@type\":\"ListItem\",\"@id\":\"https:\\\/\\\/www.eldigitaldeasturias.com\\\/noticias#listItem\",\"name\":\"Home\"}},{\"@type\":\"ListItem\",\"@id\":\"https:\\\/\\\/www.eldigitaldeasturias.com\\\/noticias\\\/la-pirateria-digital-desciende-en-espana-por-segundo-ano-consecutivo\\\/#listItem\",\"position\":3,\"name\":\"La pirater\\u00eda digital desciende en Espa\\u00f1a por segundo a\\u00f1o consecutivo\",\"previousItem\":{\"@type\":\"ListItem\",\"@id\":\"https:\\\/\\\/www.eldigitaldeasturias.com\\\/noticias\\\/category\\\/actualidad\\\/#listItem\",\"name\":\"Actualidad\"}}]},{\"@type\":\"Organization\",\"@id\":\"https:\\\/\\\/www.eldigitaldeasturias.com\\\/noticias\\\/#organization\",\"name\":\"El Digital de Asturias\",\"description\":\"Hemeroteca\",\"url\":\"https:\\\/\\\/www.eldigitaldeasturias.com\\\/noticias\\\/\",\"email\":\"info@eldigitaldeasturias.com\",\"telephone\":\"+34652131393\",\"logo\":{\"@type\":\"ImageObject\",\"url\":\"https:\\\/\\\/www.eldigitaldeasturias.com\\\/noticias\\\/wp-content\\\/uploads\\\/2020\\\/12\\\/EDA.jpg\",\"@id\":\"https:\\\/\\\/www.eldigitaldeasturias.com\\\/noticias\\\/la-pirateria-digital-desciende-en-espana-por-segundo-ano-consecutivo\\\/#organizationLogo\"},\"image\":{\"@id\":\"https:\\\/\\\/www.eldigitaldeasturias.com\\\/noticias\\\/la-pirateria-digital-desciende-en-espana-por-segundo-ano-consecutivo\\\/#organizationLogo\"},\"sameAs\":[\"https:\\\/\\\/facebook.com\\\/eldigitaldeasturias\",\"https:\\\/\\\/www.youtube.com\\\/channel\\\/UCZP-2wLEB9Rv6erhFmqVnvg\"],\"address\":{\"@id\":\"https:\\\/\\\/www.eldigitaldeasturias.com\\\/noticias\\\/#postaladdress\",\"@type\":\"PostalAddress\",\"streetAddress\":\"san antonio 4\",\"postalCode\":\"33430\",\"addressLocality\":\"Cand\\u00e1s\",\"addressRegion\":\"Asturias\",\"addressCountry\":\"ES\"}},{\"@type\":\"Person\",\"@id\":\"https:\\\/\\\/www.eldigitaldeasturias.com\\\/noticias\\\/author\\\/admin\\\/#author\",\"url\":\"https:\\\/\\\/www.eldigitaldeasturias.com\\\/noticias\\\/author\\\/admin\\\/\",\"name\":\"El Digital de Asturias\",\"image\":{\"@type\":\"ImageObject\",\"@id\":\"https:\\\/\\\/www.eldigitaldeasturias.com\\\/noticias\\\/la-pirateria-digital-desciende-en-espana-por-segundo-ano-consecutivo\\\/#authorImage\",\"url\":\"https:\\\/\\\/secure.gravatar.com\\\/avatar\\\/df2aeffc32bcd13f8d26072ef8a91b623d677766deac7f97ca815868cd41bf5e?s=96&d=mm&r=g\",\"width\":96,\"height\":96,\"caption\":\"El Digital de Asturias\"}},{\"@type\":\"WebPage\",\"@id\":\"https:\\\/\\\/www.eldigitaldeasturias.com\\\/noticias\\\/la-pirateria-digital-desciende-en-espana-por-segundo-ano-consecutivo\\\/#webpage\",\"url\":\"https:\\\/\\\/www.eldigitaldeasturias.com\\\/noticias\\\/la-pirateria-digital-desciende-en-espana-por-segundo-ano-consecutivo\\\/\",\"name\":\"La pirater\\u00eda digital desciende en Espa\\u00f1a por segundo a\\u00f1o consecutivo - El Digital de Asturias\",\"description\":\"La pirater\\u00eda digital ha experimentado en Espa\\u00f1a por segundo a\\u00f1o consecutivo un descenso en cifras absolutas. Esta bajada demuestra lo que viene constat\\u00e1ndose desde hace a\\u00f1os, y es que la tendencia ha cambiado, tal y como se demuestra \\u00faltimamente con los datos de Alexa, p\\u00e1gina web de medici\\u00f3n de audiencias. Estos datos se recogen en\",\"inLanguage\":\"es-ES\",\"isPartOf\":{\"@id\":\"https:\\\/\\\/www.eldigitaldeasturias.com\\\/noticias\\\/#website\"},\"breadcrumb\":{\"@id\":\"https:\\\/\\\/www.eldigitaldeasturias.com\\\/noticias\\\/la-pirateria-digital-desciende-en-espana-por-segundo-ano-consecutivo\\\/#breadcrumblist\"},\"author\":{\"@id\":\"https:\\\/\\\/www.eldigitaldeasturias.com\\\/noticias\\\/author\\\/admin\\\/#author\"},\"creator\":{\"@id\":\"https:\\\/\\\/www.eldigitaldeasturias.com\\\/noticias\\\/author\\\/admin\\\/#author\"},\"image\":{\"@type\":\"ImageObject\",\"url\":975023,\"@id\":\"https:\\\/\\\/www.eldigitaldeasturias.com\\\/noticias\\\/la-pirateria-digital-desciende-en-espana-por-segundo-ano-consecutivo\\\/#mainImage\"},\"primaryImageOfPage\":{\"@id\":\"https:\\\/\\\/www.eldigitaldeasturias.com\\\/noticias\\\/la-pirateria-digital-desciende-en-espana-por-segundo-ano-consecutivo\\\/#mainImage\"},\"datePublished\":\"2018-04-06T21:25:00+02:00\",\"dateModified\":\"2018-04-06T21:25:00+02:00\"},{\"@type\":\"WebSite\",\"@id\":\"https:\\\/\\\/www.eldigitaldeasturias.com\\\/noticias\\\/#website\",\"url\":\"https:\\\/\\\/www.eldigitaldeasturias.com\\\/noticias\\\/\",\"name\":\"El Digital de Asturias - Diario de actualidad y noticias\",\"alternateName\":\"El Digital de Asturias - Diario de actualidad y noticias\",\"description\":\"Hemeroteca\",\"inLanguage\":\"es-ES\",\"publisher\":{\"@id\":\"https:\\\/\\\/www.eldigitaldeasturias.com\\\/noticias\\\/#organization\"}}]}\n\t\t<\/script>\n\t\t<!-- All in One SEO Pro -->\r\n\t\t<title>La pirater\u00eda digital desciende en Espa\u00f1a por segundo a\u00f1o consecutivo - El Digital de Asturias<\/title>\n\n","aioseo_head_json":{"title":"La pirater\u00eda digital desciende en Espa\u00f1a por segundo a\u00f1o consecutivo - El Digital de Asturias","description":"La pirater\u00eda digital ha experimentado en Espa\u00f1a por segundo a\u00f1o consecutivo un descenso en cifras absolutas. Esta bajada demuestra lo que viene constat\u00e1ndose desde hace a\u00f1os, y es que la tendencia ha cambiado, tal y como se demuestra \u00faltimamente con los datos de Alexa, p\u00e1gina web de medici\u00f3n de audiencias. Estos datos se recogen en","canonical_url":"https:\/\/www.eldigitaldeasturias.com\/noticias\/la-pirateria-digital-desciende-en-espana-por-segundo-ano-consecutivo\/","robots":"max-image-preview:large","keywords":"actualidad","webmasterTools":{"google-site-verification":"UA-38556648-1","msvalidate.01":"7dfe9f3f1b24437ab69f4f2559babe99","miscellaneous":""},"schema":{"@context":"https:\/\/schema.org","@graph":[{"@type":"BlogPosting","@id":"https:\/\/www.eldigitaldeasturias.com\/noticias\/la-pirateria-digital-desciende-en-espana-por-segundo-ano-consecutivo\/#blogposting","name":"La pirater\u00eda digital desciende en Espa\u00f1a por segundo a\u00f1o consecutivo - El Digital de Asturias","headline":"La pirater\u00eda digital desciende en Espa\u00f1a por segundo a\u00f1o consecutivo","author":{"@id":"https:\/\/www.eldigitaldeasturias.com\/noticias\/author\/admin\/#author"},"publisher":{"@id":"https:\/\/www.eldigitaldeasturias.com\/noticias\/#organization"},"image":{"@type":"ImageObject","url":975023},"datePublished":"2018-04-06T21:25:00+02:00","dateModified":"2018-04-06T21:25:00+02:00","inLanguage":"es-ES","mainEntityOfPage":{"@id":"https:\/\/www.eldigitaldeasturias.com\/noticias\/la-pirateria-digital-desciende-en-espana-por-segundo-ano-consecutivo\/#webpage"},"isPartOf":{"@id":"https:\/\/www.eldigitaldeasturias.com\/noticias\/la-pirateria-digital-desciende-en-espana-por-segundo-ano-consecutivo\/#webpage"},"articleSection":"Actualidad"},{"@type":"BreadcrumbList","@id":"https:\/\/www.eldigitaldeasturias.com\/noticias\/la-pirateria-digital-desciende-en-espana-por-segundo-ano-consecutivo\/#breadcrumblist","itemListElement":[{"@type":"ListItem","@id":"https:\/\/www.eldigitaldeasturias.com\/noticias#listItem","position":1,"name":"Home","item":"https:\/\/www.eldigitaldeasturias.com\/noticias","nextItem":{"@type":"ListItem","@id":"https:\/\/www.eldigitaldeasturias.com\/noticias\/category\/actualidad\/#listItem","name":"Actualidad"}},{"@type":"ListItem","@id":"https:\/\/www.eldigitaldeasturias.com\/noticias\/category\/actualidad\/#listItem","position":2,"name":"Actualidad","item":"https:\/\/www.eldigitaldeasturias.com\/noticias\/category\/actualidad\/","nextItem":{"@type":"ListItem","@id":"https:\/\/www.eldigitaldeasturias.com\/noticias\/la-pirateria-digital-desciende-en-espana-por-segundo-ano-consecutivo\/#listItem","name":"La pirater\u00eda digital desciende en Espa\u00f1a por segundo a\u00f1o consecutivo"},"previousItem":{"@type":"ListItem","@id":"https:\/\/www.eldigitaldeasturias.com\/noticias#listItem","name":"Home"}},{"@type":"ListItem","@id":"https:\/\/www.eldigitaldeasturias.com\/noticias\/la-pirateria-digital-desciende-en-espana-por-segundo-ano-consecutivo\/#listItem","position":3,"name":"La pirater\u00eda digital desciende en Espa\u00f1a por segundo a\u00f1o consecutivo","previousItem":{"@type":"ListItem","@id":"https:\/\/www.eldigitaldeasturias.com\/noticias\/category\/actualidad\/#listItem","name":"Actualidad"}}]},{"@type":"Organization","@id":"https:\/\/www.eldigitaldeasturias.com\/noticias\/#organization","name":"El Digital de Asturias","description":"Hemeroteca","url":"https:\/\/www.eldigitaldeasturias.com\/noticias\/","email":"info@eldigitaldeasturias.com","telephone":"+34652131393","logo":{"@type":"ImageObject","url":"https:\/\/www.eldigitaldeasturias.com\/noticias\/wp-content\/uploads\/2020\/12\/EDA.jpg","@id":"https:\/\/www.eldigitaldeasturias.com\/noticias\/la-pirateria-digital-desciende-en-espana-por-segundo-ano-consecutivo\/#organizationLogo"},"image":{"@id":"https:\/\/www.eldigitaldeasturias.com\/noticias\/la-pirateria-digital-desciende-en-espana-por-segundo-ano-consecutivo\/#organizationLogo"},"sameAs":["https:\/\/facebook.com\/eldigitaldeasturias","https:\/\/www.youtube.com\/channel\/UCZP-2wLEB9Rv6erhFmqVnvg"],"address":{"@id":"https:\/\/www.eldigitaldeasturias.com\/noticias\/#postaladdress","@type":"PostalAddress","streetAddress":"san antonio 4","postalCode":"33430","addressLocality":"Cand\u00e1s","addressRegion":"Asturias","addressCountry":"ES"}},{"@type":"Person","@id":"https:\/\/www.eldigitaldeasturias.com\/noticias\/author\/admin\/#author","url":"https:\/\/www.eldigitaldeasturias.com\/noticias\/author\/admin\/","name":"El Digital de Asturias","image":{"@type":"ImageObject","@id":"https:\/\/www.eldigitaldeasturias.com\/noticias\/la-pirateria-digital-desciende-en-espana-por-segundo-ano-consecutivo\/#authorImage","url":"https:\/\/secure.gravatar.com\/avatar\/df2aeffc32bcd13f8d26072ef8a91b623d677766deac7f97ca815868cd41bf5e?s=96&d=mm&r=g","width":96,"height":96,"caption":"El Digital de Asturias"}},{"@type":"WebPage","@id":"https:\/\/www.eldigitaldeasturias.com\/noticias\/la-pirateria-digital-desciende-en-espana-por-segundo-ano-consecutivo\/#webpage","url":"https:\/\/www.eldigitaldeasturias.com\/noticias\/la-pirateria-digital-desciende-en-espana-por-segundo-ano-consecutivo\/","name":"La pirater\u00eda digital desciende en Espa\u00f1a por segundo a\u00f1o consecutivo - El Digital de Asturias","description":"La pirater\u00eda digital ha experimentado en Espa\u00f1a por segundo a\u00f1o consecutivo un descenso en cifras absolutas. Esta bajada demuestra lo que viene constat\u00e1ndose desde hace a\u00f1os, y es que la tendencia ha cambiado, tal y como se demuestra \u00faltimamente con los datos de Alexa, p\u00e1gina web de medici\u00f3n de audiencias. Estos datos se recogen en","inLanguage":"es-ES","isPartOf":{"@id":"https:\/\/www.eldigitaldeasturias.com\/noticias\/#website"},"breadcrumb":{"@id":"https:\/\/www.eldigitaldeasturias.com\/noticias\/la-pirateria-digital-desciende-en-espana-por-segundo-ano-consecutivo\/#breadcrumblist"},"author":{"@id":"https:\/\/www.eldigitaldeasturias.com\/noticias\/author\/admin\/#author"},"creator":{"@id":"https:\/\/www.eldigitaldeasturias.com\/noticias\/author\/admin\/#author"},"image":{"@type":"ImageObject","url":975023,"@id":"https:\/\/www.eldigitaldeasturias.com\/noticias\/la-pirateria-digital-desciende-en-espana-por-segundo-ano-consecutivo\/#mainImage"},"primaryImageOfPage":{"@id":"https:\/\/www.eldigitaldeasturias.com\/noticias\/la-pirateria-digital-desciende-en-espana-por-segundo-ano-consecutivo\/#mainImage"},"datePublished":"2018-04-06T21:25:00+02:00","dateModified":"2018-04-06T21:25:00+02:00"},{"@type":"WebSite","@id":"https:\/\/www.eldigitaldeasturias.com\/noticias\/#website","url":"https:\/\/www.eldigitaldeasturias.com\/noticias\/","name":"El Digital de Asturias - Diario de actualidad y noticias","alternateName":"El Digital de Asturias - Diario de actualidad y noticias","description":"Hemeroteca","inLanguage":"es-ES","publisher":{"@id":"https:\/\/www.eldigitaldeasturias.com\/noticias\/#organization"}}]},"og:locale":"es_ES","og:site_name":"El Digital de Asturias","og:type":"article","og:title":"La pirater\u00eda digital desciende en Espa\u00f1a por segundo a\u00f1o consecutivo - El Digital de Asturias","og:description":"La pirater\u00eda digital ha experimentado en Espa\u00f1a por segundo a\u00f1o consecutivo un descenso en cifras absolutas. Esta bajada demuestra lo que viene constat\u00e1ndose desde hace a\u00f1os, y es que la tendencia ha cambiado, tal y como se demuestra \u00faltimamente con los datos de Alexa, p\u00e1gina web de medici\u00f3n de audiencias. Estos datos se recogen en","og:url":"https:\/\/www.eldigitaldeasturias.com\/noticias\/la-pirateria-digital-desciende-en-espana-por-segundo-ano-consecutivo\/","article:tag":["actualidad"],"article:published_time":"2018-04-06T21:25:00+00:00","article:modified_time":"2018-04-06T21:25:00+00:00","article:publisher":"https:\/\/facebook.com\/eldigitaldeasturias","twitter:card":"summary_large_image","twitter:title":"La pirater\u00eda digital desciende en Espa\u00f1a por segundo a\u00f1o consecutivo - El Digital de Asturias","twitter:description":"La pirater\u00eda digital ha experimentado en Espa\u00f1a por segundo a\u00f1o consecutivo un descenso en cifras absolutas. Esta bajada demuestra lo que viene constat\u00e1ndose desde hace a\u00f1os, y es que la tendencia ha cambiado, tal y como se demuestra \u00faltimamente con los datos de Alexa, p\u00e1gina web de medici\u00f3n de audiencias. Estos datos se recogen en","twitter:image":"https:\/\/www.eldigitaldeasturias.com\/noticias\/wp-content\/uploads\/2020\/12\/EDA-1.jpg","twitter:label1":"Escrito por","twitter:data1":"El Digital de Asturias","twitter:label2":"Tiempo de lectura estimado","twitter:data2":"5 minutos"},"aioseo_meta_data":{"post_id":"975022","title":null,"description":null,"keywords":null,"keyphrases":null,"primary_term":null,"canonical_url":null,"og_title":null,"og_description":null,"og_object_type":"default","og_image_type":"default","og_image_url":null,"og_image_width":null,"og_image_height":null,"og_image_custom_url":null,"og_image_custom_fields":null,"og_video":null,"og_custom_url":null,"og_article_section":null,"og_article_tags":null,"twitter_use_og":false,"twitter_card":"default","twitter_image_type":"default","twitter_image_url":null,"twitter_image_custom_url":null,"twitter_image_custom_fields":null,"twitter_title":null,"twitter_description":null,"schema":{"blockGraphs":[],"customGraphs":[],"default":{"data":{"Article":[],"Course":[],"Dataset":[],"FAQPage":[],"Movie":[],"Person":[],"Product":[],"ProductReview":[],"Car":[],"Recipe":[],"Service":[],"SoftwareApplication":[],"WebPage":[]},"graphName":"","isEnabled":true},"graphs":[],"defaultGraph":"","defaultPostTypeGraph":""},"schema_type":null,"schema_type_options":null,"pillar_content":false,"robots_default":true,"robots_noindex":false,"robots_noarchive":false,"robots_nosnippet":false,"robots_nofollow":false,"robots_noimageindex":false,"robots_noodp":false,"robots_notranslate":false,"robots_max_snippet":null,"robots_max_videopreview":null,"robots_max_imagepreview":"large","priority":null,"frequency":null,"local_seo":null,"seo_analyzer_scan_date":"2025-10-07 22:25:09","breadcrumb_settings":null,"limit_modified_date":false,"open_ai":null,"ai":null,"created":"2020-12-21 12:11:39","updated":"2025-10-07 22:25:09","focus_keyword":null,"additional_keywords":null,"truseo_locale":null},"aioseo_breadcrumb":"<div class=\"aioseo-breadcrumbs\"><span class=\"aioseo-breadcrumb\">\n\t<a href=\"https:\/\/www.eldigitaldeasturias.com\/noticias\" title=\"Home\">Home<\/a>\n<\/span><span class=\"aioseo-breadcrumb-separator\">\u2013<\/span><span class=\"aioseo-breadcrumb\">\n\t<a href=\"https:\/\/www.eldigitaldeasturias.com\/noticias\/category\/actualidad\/\" title=\"Actualidad\">Actualidad<\/a>\n<\/span><span class=\"aioseo-breadcrumb-separator\">\u2013<\/span><span class=\"aioseo-breadcrumb\">\n\t<a href=\"https:\/\/www.eldigitaldeasturias.com\/noticias\/la-pirateria-digital-desciende-en-espana-por-segundo-ano-consecutivo\/\" title=\"La pirater\u00eda digital desciende en Espa\u00f1a por segundo a\u00f1o consecutivo\">La pirater\u00eda digital desciende en Espa\u00f1a por segundo a\u00f1o consecutivo<\/a>\n<\/span><\/div>","aioseo_breadcrumb_json":[{"label":"Home","link":"https:\/\/www.eldigitaldeasturias.com\/noticias"},{"label":"Actualidad","link":"https:\/\/www.eldigitaldeasturias.com\/noticias\/category\/actualidad\/"},{"label":"La pirater\u00eda digital desciende en Espa\u00f1a por segundo a\u00f1o consecutivo","link":"https:\/\/www.eldigitaldeasturias.com\/noticias\/la-pirateria-digital-desciende-en-espana-por-segundo-ano-consecutivo\/"}],"_links":{"self":[{"href":"https:\/\/www.eldigitaldeasturias.com\/noticias\/wp-json\/wp\/v2\/posts\/975022","targetHints":{"allow":["GET"]}}],"collection":[{"href":"https:\/\/www.eldigitaldeasturias.com\/noticias\/wp-json\/wp\/v2\/posts"}],"about":[{"href":"https:\/\/www.eldigitaldeasturias.com\/noticias\/wp-json\/wp\/v2\/types\/post"}],"author":[{"embeddable":true,"href":"https:\/\/www.eldigitaldeasturias.com\/noticias\/wp-json\/wp\/v2\/users\/1"}],"replies":[{"embeddable":true,"href":"https:\/\/www.eldigitaldeasturias.com\/noticias\/wp-json\/wp\/v2\/comments?post=975022"}],"version-history":[{"count":0,"href":"https:\/\/www.eldigitaldeasturias.com\/noticias\/wp-json\/wp\/v2\/posts\/975022\/revisions"}],"wp:attachment":[{"href":"https:\/\/www.eldigitaldeasturias.com\/noticias\/wp-json\/wp\/v2\/media?parent=975022"}],"wp:term":[{"taxonomy":"category","embeddable":true,"href":"https:\/\/www.eldigitaldeasturias.com\/noticias\/wp-json\/wp\/v2\/categories?post=975022"},{"taxonomy":"post_tag","embeddable":true,"href":"https:\/\/www.eldigitaldeasturias.com\/noticias\/wp-json\/wp\/v2\/tags?post=975022"}],"curies":[{"name":"wp","href":"https:\/\/api.w.org\/{rel}","templated":true}]}}