{"id":974995,"date":"2018-04-06T16:19:42","date_gmt":"2018-04-06T16:19:42","guid":{"rendered":"http:\/\/www.eldigitaldeasturias.com\/noticias\/?p=974995"},"modified":"2018-04-06T16:19:42","modified_gmt":"2018-04-06T16:19:42","slug":"pedro-sanchez-la-mocion-a-cifuentes-esta-absolutamente-justificada","status":"publish","type":"post","link":"https:\/\/www.eldigitaldeasturias.com\/noticias\/pedro-sanchez-la-mocion-a-cifuentes-esta-absolutamente-justificada\/","title":{"rendered":"Pedro S\u00e1nchez: \u00abLa moci\u00f3n a Cifuentes est\u00e1 absolutamente justificada\u201d"},"content":{"rendered":"<p><img loading=\"lazy\" decoding=\"async\" class=\"alignleft size-medium wp-image-793321\" src=\"https:\/\/www.eldigitaldeasturias.com\/noticias\/wp-content\/uploads\/2015\/07\/pedro-sanchez-360x240.jpg\" alt=\"\" width=\"360\" height=\"240\" \/>El secretario general, Pedro S\u00e1nchez, se ha referido a la decisi\u00f3n de la justicia alemana de dejar en libertad bajo fianza a Carles Puigdemont, al no apreciar en su actuaci\u00f3n delito de rebeli\u00f3n, y ha se\u00f1alado que \u201cvivimos en un Estado social y democr\u00e1tico de Derecho tanto en Espa\u00f1a como en Europa y, en consecuencia, hay que respetar las decisiones del poder judicial nos gusten m\u00e1s o menos\u201d, y a\u00f1adi\u00f3 que \u201cdesde luego tambi\u00e9n estamos viendo las limitaciones de una estrategia meramente judicial para una crisis que es pol\u00edtica\u201d.<\/p>\n<p>En una entrevista en \u2018Los Desayunos\u2019 de TVE, S\u00e1nchez subrayo que el PSOE \u201csigue apoyando al Estado, aunque en d\u00edas como hoy sea dif\u00edcil confiar en la estrategia del Gobierno para resolver la crisis catalana\u201d, al tiempo que ha querido expresar \u201ctodo su apoyo, consideraci\u00f3n y respeto a la justicia espa\u00f1ola que, en circunstancias muy precarias y complicadas, est\u00e1 liderando la respuesta que en algunas ocasiones deber\u00eda ser m\u00e1s pol\u00edtica que judicial\u201d.<\/p>\n<p>Insisti\u00f3 en que el Gobierno debe ponerse \u201cal frente\u201d de esta crisis \u2013que sin duda \u201chan abierto los secesionistas\u201d- y \u201cofrecer un horizonte de soluciones\u201d y \u201csalidas pol\u00edticas, tanto en Catalu\u00f1a como en el conjunto del pa\u00eds\u201d, en vez de \u201cesconderse detr\u00e1s de las togas\u201d.<\/p>\n<p><strong>La moci\u00f3n a Cifuentes est\u00e1 \u201cabsolutamente justificada\u201d<\/strong><\/p>\n<p>Pedro S\u00e1nchez asegur\u00f3 tambi\u00e9n que la moci\u00f3n de censura presentada ayer por el portavoz socialista \u00c1ngel Gabilondo contra Cristina Cifuentes, \u201cest\u00e1 absolutamente justificada\u201d, pues responde a la necesidad de recuperar \u201cla dignidad de las instituciones p\u00fablicas madrile\u00f1as que est\u00e1n vi\u00e9ndose da\u00f1adas seriamente por una presidenta que, a todas luces, parece cada vez m\u00e1s evidente que no curs\u00f3 ese m\u00e1ster\u201d y que, adem\u00e1s, vali\u00e9ndose de su puesto, ha \u201cutilizado a una universidad p\u00fablica como es la Rey Juan Carlos para aparentar que tiene una formaci\u00f3n y un expediente acad\u00e9mico que no es tal\u201d.<\/p>\n<p>S\u00e1nchez se\u00f1al\u00f3 que \u201cCifuentes ha permanecido 15 d\u00edas escondida y ahora mismo est\u00e1 atrapada por sus silencios\u201d y por el cruce de \u201cdesmentidos\u201d de los distintos actores en esta historia. A su juicio \u201cMadrid se merece una oportunidad\u201d y \u201capoyar hoy a Cifuentes es apoyar la mentira al frente de la Comunidad de Madrid\u201d, donde \u201cel PP se merece pasar a la oposici\u00f3n\u201d, porque \u201cson muchos ya los casos que estamos viendo en la Comunidad de Madrid vinculados con la corrupci\u00f3n\u201d.<\/p>\n<p>Respondiendo a las fuentes de La Moncloa que lo consideran una cuesti\u00f3n personal y no de corrupci\u00f3n, el l\u00edder socialista lo neg\u00f3 asegurando que \u201cestamos ante un caso de corrupci\u00f3n, porque corrupci\u00f3n tambi\u00e9n es valerse de las instituciones p\u00fablicas y del cargo\u201d para decir que has cursado un m\u00e1ster, cuando est\u00e1 tan en duda que realmente lo hiciste.<\/p>\n<p>Respecto al rechazo inicial de Ciudadanos a esa moci\u00f3n de censura presentada por los socialistas, consider\u00f3 que esta formaci\u00f3n \u201cno quiere desencantar a los votantes desencantados con el PP\u201d y por ello \u201cest\u00e1 en una estrategia electoralista y cortoplacista\u201d. \u201cEstamos ante una grave crisis institucional. Esta es una moci\u00f3n no contra un partido sino para recuperar la estabilidad y el buen nombre de las instituciones madrile\u00f1as\u201d a las que est\u00e1 da\u00f1ando la se\u00f1ora Cifuentes; y con su postura \u201cel riesgo que puede correr Rivera es el de pasar de ser un supuesto regenerador a un encubridor de la corrupci\u00f3n del PP\u201d, concluy\u00f3.<\/p>\n","protected":false},"excerpt":{"rendered":"<p>El secretario general, Pedro S\u00e1nchez, se ha referido a la decisi\u00f3n de la justicia alemana de dejar en libertad bajo fianza a Carles Puigdemont, al no apreciar en su actuaci\u00f3n delito de rebeli\u00f3n, y ha se\u00f1alado que \u201cvivimos en un Estado social y democr\u00e1tico de Derecho tanto en Espa\u00f1a como en Europa y, en consecuencia, [&hellip;]<\/p>\n","protected":false},"author":1,"featured_media":793321,"comment_status":"closed","ping_status":"closed","sticky":false,"template":"","format":"standard","meta":{"footnotes":""},"categories":[1],"tags":[],"class_list":["post-974995","post","type-post","status-publish","format-standard","has-post-thumbnail","hentry","category-actualidad"],"aioseo_notices":[],"aioseo_head":"\n\t\t<!-- All in One SEO Pro 5.0.1 - aioseo.com -->\n\t<meta name=\"description\" content=\"El secretario general, Pedro S\u00e1nchez, se ha referido a la decisi\u00f3n de la justicia alemana de dejar en libertad bajo fianza a Carles Puigdemont, al no apreciar en su actuaci\u00f3n delito de rebeli\u00f3n, y ha se\u00f1alado que \u201cvivimos en un Estado social y democr\u00e1tico de Derecho tanto en Espa\u00f1a como en Europa y, en consecuencia,\" \/>\n\t<meta name=\"robots\" content=\"max-image-preview:large\" \/>\n\t<meta name=\"author\" content=\"El Digital de Asturias\"\/>\n\t<meta name=\"google-site-verification\" content=\"UA-38556648-1\" \/>\n\t<meta name=\"msvalidate.01\" content=\"7dfe9f3f1b24437ab69f4f2559babe99\" \/>\n\t<meta name=\"keywords\" content=\"actualidad\" \/>\n\t<link rel=\"canonical\" href=\"https:\/\/www.eldigitaldeasturias.com\/noticias\/pedro-sanchez-la-mocion-a-cifuentes-esta-absolutamente-justificada\/\" \/>\n\t<meta name=\"generator\" content=\"All in One SEO Pro (AIOSEO) 5.0.1\" \/>\n\t\t<meta property=\"og:locale\" content=\"es_ES\" \/>\n\t\t<meta property=\"og:site_name\" content=\"El Digital de Asturias\" \/>\n\t\t<meta property=\"og:type\" content=\"article\" \/>\n\t\t<meta property=\"og:title\" content=\"Pedro S\u00e1nchez: \u00abLa moci\u00f3n a Cifuentes est\u00e1 absolutamente justificada\u201d - El Digital de Asturias\" \/>\n\t\t<meta property=\"og:description\" content=\"El secretario general, Pedro S\u00e1nchez, se ha referido a la decisi\u00f3n de la justicia alemana de dejar en libertad bajo fianza a Carles Puigdemont, al no apreciar en su actuaci\u00f3n delito de rebeli\u00f3n, y ha se\u00f1alado que \u201cvivimos en un Estado social y democr\u00e1tico de Derecho tanto en Espa\u00f1a como en Europa y, en consecuencia,\" \/>\n\t\t<meta property=\"og:url\" content=\"https:\/\/www.eldigitaldeasturias.com\/noticias\/pedro-sanchez-la-mocion-a-cifuentes-esta-absolutamente-justificada\/\" \/>\n\t\t<meta property=\"article:tag\" content=\"actualidad\" \/>\n\t\t<meta property=\"article:published_time\" content=\"2018-04-06T16:19:42+00:00\" \/>\n\t\t<meta property=\"article:modified_time\" content=\"2018-04-06T16:19:42+00:00\" \/>\n\t\t<meta property=\"article:publisher\" content=\"https:\/\/facebook.com\/eldigitaldeasturias\" \/>\n\t\t<meta name=\"twitter:card\" content=\"summary_large_image\" \/>\n\t\t<meta name=\"twitter:title\" content=\"Pedro S\u00e1nchez: \u00abLa moci\u00f3n a Cifuentes est\u00e1 absolutamente justificada\u201d - El Digital de Asturias\" \/>\n\t\t<meta name=\"twitter:description\" content=\"El secretario general, Pedro S\u00e1nchez, se ha referido a la decisi\u00f3n de la justicia alemana de dejar en libertad bajo fianza a Carles Puigdemont, al no apreciar en su actuaci\u00f3n delito de rebeli\u00f3n, y ha se\u00f1alado que \u201cvivimos en un Estado social y democr\u00e1tico de Derecho tanto en Espa\u00f1a como en Europa y, en consecuencia,\" \/>\n\t\t<meta name=\"twitter:image\" content=\"https:\/\/www.eldigitaldeasturias.com\/noticias\/wp-content\/uploads\/2020\/12\/EDA-1.jpg\" \/>\n\t\t<meta name=\"twitter:label1\" content=\"Escrito por\" \/>\n\t\t<meta name=\"twitter:data1\" content=\"El Digital de Asturias\" \/>\n\t\t<meta name=\"twitter:label2\" content=\"Tiempo de lectura estimado\" \/>\n\t\t<meta name=\"twitter:data2\" content=\"3 minutos\" \/>\n\t\t<script type=\"application\/ld+json\" class=\"aioseo-schema\">\n\t\t\t{\"@context\":\"https:\\\/\\\/schema.org\",\"@graph\":[{\"@type\":\"BlogPosting\",\"@id\":\"https:\\\/\\\/www.eldigitaldeasturias.com\\\/noticias\\\/pedro-sanchez-la-mocion-a-cifuentes-esta-absolutamente-justificada\\\/#blogposting\",\"name\":\"Pedro S\\u00e1nchez: \\u00abLa moci\\u00f3n a Cifuentes est\\u00e1 absolutamente justificada\\u201d - El Digital de Asturias\",\"headline\":\"Pedro S\\u00e1nchez: \\u00abLa moci\\u00f3n a Cifuentes est\\u00e1 absolutamente justificada\\u201d\",\"author\":{\"@id\":\"https:\\\/\\\/www.eldigitaldeasturias.com\\\/noticias\\\/author\\\/admin\\\/#author\"},\"publisher\":{\"@id\":\"https:\\\/\\\/www.eldigitaldeasturias.com\\\/noticias\\\/#organization\"},\"image\":{\"@type\":\"ImageObject\",\"url\":793321},\"datePublished\":\"2018-04-06T16:19:42+02:00\",\"dateModified\":\"2018-04-06T16:19:42+02:00\",\"inLanguage\":\"es-ES\",\"mainEntityOfPage\":{\"@id\":\"https:\\\/\\\/www.eldigitaldeasturias.com\\\/noticias\\\/pedro-sanchez-la-mocion-a-cifuentes-esta-absolutamente-justificada\\\/#webpage\"},\"isPartOf\":{\"@id\":\"https:\\\/\\\/www.eldigitaldeasturias.com\\\/noticias\\\/pedro-sanchez-la-mocion-a-cifuentes-esta-absolutamente-justificada\\\/#webpage\"},\"articleSection\":\"Actualidad\"},{\"@type\":\"BreadcrumbList\",\"@id\":\"https:\\\/\\\/www.eldigitaldeasturias.com\\\/noticias\\\/pedro-sanchez-la-mocion-a-cifuentes-esta-absolutamente-justificada\\\/#breadcrumblist\",\"itemListElement\":[{\"@type\":\"ListItem\",\"@id\":\"https:\\\/\\\/www.eldigitaldeasturias.com\\\/noticias#listItem\",\"position\":1,\"name\":\"Home\",\"item\":\"https:\\\/\\\/www.eldigitaldeasturias.com\\\/noticias\",\"nextItem\":{\"@type\":\"ListItem\",\"@id\":\"https:\\\/\\\/www.eldigitaldeasturias.com\\\/noticias\\\/category\\\/actualidad\\\/#listItem\",\"name\":\"Actualidad\"}},{\"@type\":\"ListItem\",\"@id\":\"https:\\\/\\\/www.eldigitaldeasturias.com\\\/noticias\\\/category\\\/actualidad\\\/#listItem\",\"position\":2,\"name\":\"Actualidad\",\"item\":\"https:\\\/\\\/www.eldigitaldeasturias.com\\\/noticias\\\/category\\\/actualidad\\\/\",\"nextItem\":{\"@type\":\"ListItem\",\"@id\":\"https:\\\/\\\/www.eldigitaldeasturias.com\\\/noticias\\\/pedro-sanchez-la-mocion-a-cifuentes-esta-absolutamente-justificada\\\/#listItem\",\"name\":\"Pedro S\\u00e1nchez: \\u00abLa moci\\u00f3n a Cifuentes est\\u00e1 absolutamente justificada\\u201d\"},\"previousItem\":{\"@type\":\"ListItem\",\"@id\":\"https:\\\/\\\/www.eldigitaldeasturias.com\\\/noticias#listItem\",\"name\":\"Home\"}},{\"@type\":\"ListItem\",\"@id\":\"https:\\\/\\\/www.eldigitaldeasturias.com\\\/noticias\\\/pedro-sanchez-la-mocion-a-cifuentes-esta-absolutamente-justificada\\\/#listItem\",\"position\":3,\"name\":\"Pedro S\\u00e1nchez: \\u00abLa moci\\u00f3n a Cifuentes est\\u00e1 absolutamente justificada\\u201d\",\"previousItem\":{\"@type\":\"ListItem\",\"@id\":\"https:\\\/\\\/www.eldigitaldeasturias.com\\\/noticias\\\/category\\\/actualidad\\\/#listItem\",\"name\":\"Actualidad\"}}]},{\"@type\":\"Organization\",\"@id\":\"https:\\\/\\\/www.eldigitaldeasturias.com\\\/noticias\\\/#organization\",\"name\":\"El Digital de Asturias\",\"description\":\"Hemeroteca\",\"url\":\"https:\\\/\\\/www.eldigitaldeasturias.com\\\/noticias\\\/\",\"email\":\"info@eldigitaldeasturias.com\",\"telephone\":\"+34652131393\",\"logo\":{\"@type\":\"ImageObject\",\"url\":\"https:\\\/\\\/www.eldigitaldeasturias.com\\\/noticias\\\/wp-content\\\/uploads\\\/2020\\\/12\\\/EDA.jpg\",\"@id\":\"https:\\\/\\\/www.eldigitaldeasturias.com\\\/noticias\\\/pedro-sanchez-la-mocion-a-cifuentes-esta-absolutamente-justificada\\\/#organizationLogo\"},\"image\":{\"@id\":\"https:\\\/\\\/www.eldigitaldeasturias.com\\\/noticias\\\/pedro-sanchez-la-mocion-a-cifuentes-esta-absolutamente-justificada\\\/#organizationLogo\"},\"sameAs\":[\"https:\\\/\\\/facebook.com\\\/eldigitaldeasturias\",\"https:\\\/\\\/www.youtube.com\\\/channel\\\/UCZP-2wLEB9Rv6erhFmqVnvg\"],\"address\":{\"@id\":\"https:\\\/\\\/www.eldigitaldeasturias.com\\\/noticias\\\/#postaladdress\",\"@type\":\"PostalAddress\",\"streetAddress\":\"san antonio 4\",\"postalCode\":\"33430\",\"addressLocality\":\"Cand\\u00e1s\",\"addressRegion\":\"Asturias\",\"addressCountry\":\"ES\"}},{\"@type\":\"Person\",\"@id\":\"https:\\\/\\\/www.eldigitaldeasturias.com\\\/noticias\\\/author\\\/admin\\\/#author\",\"url\":\"https:\\\/\\\/www.eldigitaldeasturias.com\\\/noticias\\\/author\\\/admin\\\/\",\"name\":\"El Digital de Asturias\",\"image\":{\"@type\":\"ImageObject\",\"@id\":\"https:\\\/\\\/www.eldigitaldeasturias.com\\\/noticias\\\/pedro-sanchez-la-mocion-a-cifuentes-esta-absolutamente-justificada\\\/#authorImage\",\"url\":\"https:\\\/\\\/secure.gravatar.com\\\/avatar\\\/df2aeffc32bcd13f8d26072ef8a91b623d677766deac7f97ca815868cd41bf5e?s=96&d=mm&r=g\",\"width\":96,\"height\":96,\"caption\":\"El Digital de Asturias\"}},{\"@type\":\"WebPage\",\"@id\":\"https:\\\/\\\/www.eldigitaldeasturias.com\\\/noticias\\\/pedro-sanchez-la-mocion-a-cifuentes-esta-absolutamente-justificada\\\/#webpage\",\"url\":\"https:\\\/\\\/www.eldigitaldeasturias.com\\\/noticias\\\/pedro-sanchez-la-mocion-a-cifuentes-esta-absolutamente-justificada\\\/\",\"name\":\"Pedro S\\u00e1nchez: \\u00abLa moci\\u00f3n a Cifuentes est\\u00e1 absolutamente justificada\\u201d - El Digital de Asturias\",\"description\":\"El secretario general, Pedro S\\u00e1nchez, se ha referido a la decisi\\u00f3n de la justicia alemana de dejar en libertad bajo fianza a Carles Puigdemont, al no apreciar en su actuaci\\u00f3n delito de rebeli\\u00f3n, y ha se\\u00f1alado que \\u201cvivimos en un Estado social y democr\\u00e1tico de Derecho tanto en Espa\\u00f1a como en Europa y, en consecuencia,\",\"inLanguage\":\"es-ES\",\"isPartOf\":{\"@id\":\"https:\\\/\\\/www.eldigitaldeasturias.com\\\/noticias\\\/#website\"},\"breadcrumb\":{\"@id\":\"https:\\\/\\\/www.eldigitaldeasturias.com\\\/noticias\\\/pedro-sanchez-la-mocion-a-cifuentes-esta-absolutamente-justificada\\\/#breadcrumblist\"},\"author\":{\"@id\":\"https:\\\/\\\/www.eldigitaldeasturias.com\\\/noticias\\\/author\\\/admin\\\/#author\"},\"creator\":{\"@id\":\"https:\\\/\\\/www.eldigitaldeasturias.com\\\/noticias\\\/author\\\/admin\\\/#author\"},\"image\":{\"@type\":\"ImageObject\",\"url\":793321,\"@id\":\"https:\\\/\\\/www.eldigitaldeasturias.com\\\/noticias\\\/pedro-sanchez-la-mocion-a-cifuentes-esta-absolutamente-justificada\\\/#mainImage\"},\"primaryImageOfPage\":{\"@id\":\"https:\\\/\\\/www.eldigitaldeasturias.com\\\/noticias\\\/pedro-sanchez-la-mocion-a-cifuentes-esta-absolutamente-justificada\\\/#mainImage\"},\"datePublished\":\"2018-04-06T16:19:42+02:00\",\"dateModified\":\"2018-04-06T16:19:42+02:00\"},{\"@type\":\"WebSite\",\"@id\":\"https:\\\/\\\/www.eldigitaldeasturias.com\\\/noticias\\\/#website\",\"url\":\"https:\\\/\\\/www.eldigitaldeasturias.com\\\/noticias\\\/\",\"name\":\"El Digital de Asturias - Diario de actualidad y noticias\",\"alternateName\":\"El Digital de Asturias - Diario de actualidad y noticias\",\"description\":\"Hemeroteca\",\"inLanguage\":\"es-ES\",\"publisher\":{\"@id\":\"https:\\\/\\\/www.eldigitaldeasturias.com\\\/noticias\\\/#organization\"}}]}\n\t\t<\/script>\n\t\t<!-- All in One SEO Pro -->\r\n\t\t<title>Pedro S\u00e1nchez: \u00abLa moci\u00f3n a Cifuentes est\u00e1 absolutamente justificada\u201d - El Digital de Asturias<\/title>\n\n","aioseo_head_json":{"title":"Pedro S\u00e1nchez: \u00abLa moci\u00f3n a Cifuentes est\u00e1 absolutamente justificada\u201d - El Digital de Asturias","description":"El secretario general, Pedro S\u00e1nchez, se ha referido a la decisi\u00f3n de la justicia alemana de dejar en libertad bajo fianza a Carles Puigdemont, al no apreciar en su actuaci\u00f3n delito de rebeli\u00f3n, y ha se\u00f1alado que \u201cvivimos en un Estado social y democr\u00e1tico de Derecho tanto en Espa\u00f1a como en Europa y, en consecuencia,","canonical_url":"https:\/\/www.eldigitaldeasturias.com\/noticias\/pedro-sanchez-la-mocion-a-cifuentes-esta-absolutamente-justificada\/","robots":"max-image-preview:large","keywords":"actualidad","webmasterTools":{"google-site-verification":"UA-38556648-1","msvalidate.01":"7dfe9f3f1b24437ab69f4f2559babe99","miscellaneous":""},"schema":{"@context":"https:\/\/schema.org","@graph":[{"@type":"BlogPosting","@id":"https:\/\/www.eldigitaldeasturias.com\/noticias\/pedro-sanchez-la-mocion-a-cifuentes-esta-absolutamente-justificada\/#blogposting","name":"Pedro S\u00e1nchez: \u00abLa moci\u00f3n a Cifuentes est\u00e1 absolutamente justificada\u201d - El Digital de Asturias","headline":"Pedro S\u00e1nchez: \u00abLa moci\u00f3n a Cifuentes est\u00e1 absolutamente justificada\u201d","author":{"@id":"https:\/\/www.eldigitaldeasturias.com\/noticias\/author\/admin\/#author"},"publisher":{"@id":"https:\/\/www.eldigitaldeasturias.com\/noticias\/#organization"},"image":{"@type":"ImageObject","url":793321},"datePublished":"2018-04-06T16:19:42+02:00","dateModified":"2018-04-06T16:19:42+02:00","inLanguage":"es-ES","mainEntityOfPage":{"@id":"https:\/\/www.eldigitaldeasturias.com\/noticias\/pedro-sanchez-la-mocion-a-cifuentes-esta-absolutamente-justificada\/#webpage"},"isPartOf":{"@id":"https:\/\/www.eldigitaldeasturias.com\/noticias\/pedro-sanchez-la-mocion-a-cifuentes-esta-absolutamente-justificada\/#webpage"},"articleSection":"Actualidad"},{"@type":"BreadcrumbList","@id":"https:\/\/www.eldigitaldeasturias.com\/noticias\/pedro-sanchez-la-mocion-a-cifuentes-esta-absolutamente-justificada\/#breadcrumblist","itemListElement":[{"@type":"ListItem","@id":"https:\/\/www.eldigitaldeasturias.com\/noticias#listItem","position":1,"name":"Home","item":"https:\/\/www.eldigitaldeasturias.com\/noticias","nextItem":{"@type":"ListItem","@id":"https:\/\/www.eldigitaldeasturias.com\/noticias\/category\/actualidad\/#listItem","name":"Actualidad"}},{"@type":"ListItem","@id":"https:\/\/www.eldigitaldeasturias.com\/noticias\/category\/actualidad\/#listItem","position":2,"name":"Actualidad","item":"https:\/\/www.eldigitaldeasturias.com\/noticias\/category\/actualidad\/","nextItem":{"@type":"ListItem","@id":"https:\/\/www.eldigitaldeasturias.com\/noticias\/pedro-sanchez-la-mocion-a-cifuentes-esta-absolutamente-justificada\/#listItem","name":"Pedro S\u00e1nchez: \u00abLa moci\u00f3n a Cifuentes est\u00e1 absolutamente justificada\u201d"},"previousItem":{"@type":"ListItem","@id":"https:\/\/www.eldigitaldeasturias.com\/noticias#listItem","name":"Home"}},{"@type":"ListItem","@id":"https:\/\/www.eldigitaldeasturias.com\/noticias\/pedro-sanchez-la-mocion-a-cifuentes-esta-absolutamente-justificada\/#listItem","position":3,"name":"Pedro S\u00e1nchez: \u00abLa moci\u00f3n a Cifuentes est\u00e1 absolutamente justificada\u201d","previousItem":{"@type":"ListItem","@id":"https:\/\/www.eldigitaldeasturias.com\/noticias\/category\/actualidad\/#listItem","name":"Actualidad"}}]},{"@type":"Organization","@id":"https:\/\/www.eldigitaldeasturias.com\/noticias\/#organization","name":"El Digital de Asturias","description":"Hemeroteca","url":"https:\/\/www.eldigitaldeasturias.com\/noticias\/","email":"info@eldigitaldeasturias.com","telephone":"+34652131393","logo":{"@type":"ImageObject","url":"https:\/\/www.eldigitaldeasturias.com\/noticias\/wp-content\/uploads\/2020\/12\/EDA.jpg","@id":"https:\/\/www.eldigitaldeasturias.com\/noticias\/pedro-sanchez-la-mocion-a-cifuentes-esta-absolutamente-justificada\/#organizationLogo"},"image":{"@id":"https:\/\/www.eldigitaldeasturias.com\/noticias\/pedro-sanchez-la-mocion-a-cifuentes-esta-absolutamente-justificada\/#organizationLogo"},"sameAs":["https:\/\/facebook.com\/eldigitaldeasturias","https:\/\/www.youtube.com\/channel\/UCZP-2wLEB9Rv6erhFmqVnvg"],"address":{"@id":"https:\/\/www.eldigitaldeasturias.com\/noticias\/#postaladdress","@type":"PostalAddress","streetAddress":"san antonio 4","postalCode":"33430","addressLocality":"Cand\u00e1s","addressRegion":"Asturias","addressCountry":"ES"}},{"@type":"Person","@id":"https:\/\/www.eldigitaldeasturias.com\/noticias\/author\/admin\/#author","url":"https:\/\/www.eldigitaldeasturias.com\/noticias\/author\/admin\/","name":"El Digital de Asturias","image":{"@type":"ImageObject","@id":"https:\/\/www.eldigitaldeasturias.com\/noticias\/pedro-sanchez-la-mocion-a-cifuentes-esta-absolutamente-justificada\/#authorImage","url":"https:\/\/secure.gravatar.com\/avatar\/df2aeffc32bcd13f8d26072ef8a91b623d677766deac7f97ca815868cd41bf5e?s=96&d=mm&r=g","width":96,"height":96,"caption":"El Digital de Asturias"}},{"@type":"WebPage","@id":"https:\/\/www.eldigitaldeasturias.com\/noticias\/pedro-sanchez-la-mocion-a-cifuentes-esta-absolutamente-justificada\/#webpage","url":"https:\/\/www.eldigitaldeasturias.com\/noticias\/pedro-sanchez-la-mocion-a-cifuentes-esta-absolutamente-justificada\/","name":"Pedro S\u00e1nchez: \u00abLa moci\u00f3n a Cifuentes est\u00e1 absolutamente justificada\u201d - El Digital de Asturias","description":"El secretario general, Pedro S\u00e1nchez, se ha referido a la decisi\u00f3n de la justicia alemana de dejar en libertad bajo fianza a Carles Puigdemont, al no apreciar en su actuaci\u00f3n delito de rebeli\u00f3n, y ha se\u00f1alado que \u201cvivimos en un Estado social y democr\u00e1tico de Derecho tanto en Espa\u00f1a como en Europa y, en consecuencia,","inLanguage":"es-ES","isPartOf":{"@id":"https:\/\/www.eldigitaldeasturias.com\/noticias\/#website"},"breadcrumb":{"@id":"https:\/\/www.eldigitaldeasturias.com\/noticias\/pedro-sanchez-la-mocion-a-cifuentes-esta-absolutamente-justificada\/#breadcrumblist"},"author":{"@id":"https:\/\/www.eldigitaldeasturias.com\/noticias\/author\/admin\/#author"},"creator":{"@id":"https:\/\/www.eldigitaldeasturias.com\/noticias\/author\/admin\/#author"},"image":{"@type":"ImageObject","url":793321,"@id":"https:\/\/www.eldigitaldeasturias.com\/noticias\/pedro-sanchez-la-mocion-a-cifuentes-esta-absolutamente-justificada\/#mainImage"},"primaryImageOfPage":{"@id":"https:\/\/www.eldigitaldeasturias.com\/noticias\/pedro-sanchez-la-mocion-a-cifuentes-esta-absolutamente-justificada\/#mainImage"},"datePublished":"2018-04-06T16:19:42+02:00","dateModified":"2018-04-06T16:19:42+02:00"},{"@type":"WebSite","@id":"https:\/\/www.eldigitaldeasturias.com\/noticias\/#website","url":"https:\/\/www.eldigitaldeasturias.com\/noticias\/","name":"El Digital de Asturias - Diario de actualidad y noticias","alternateName":"El Digital de Asturias - Diario de actualidad y noticias","description":"Hemeroteca","inLanguage":"es-ES","publisher":{"@id":"https:\/\/www.eldigitaldeasturias.com\/noticias\/#organization"}}]},"og:locale":"es_ES","og:site_name":"El Digital de Asturias","og:type":"article","og:title":"Pedro S\u00e1nchez: \u00abLa moci\u00f3n a Cifuentes est\u00e1 absolutamente justificada\u201d - El Digital de Asturias","og:description":"El secretario general, Pedro S\u00e1nchez, se ha referido a la decisi\u00f3n de la justicia alemana de dejar en libertad bajo fianza a Carles Puigdemont, al no apreciar en su actuaci\u00f3n delito de rebeli\u00f3n, y ha se\u00f1alado que \u201cvivimos en un Estado social y democr\u00e1tico de Derecho tanto en Espa\u00f1a como en Europa y, en consecuencia,","og:url":"https:\/\/www.eldigitaldeasturias.com\/noticias\/pedro-sanchez-la-mocion-a-cifuentes-esta-absolutamente-justificada\/","article:tag":["actualidad"],"article:published_time":"2018-04-06T16:19:42+00:00","article:modified_time":"2018-04-06T16:19:42+00:00","article:publisher":"https:\/\/facebook.com\/eldigitaldeasturias","twitter:card":"summary_large_image","twitter:title":"Pedro S\u00e1nchez: \u00abLa moci\u00f3n a Cifuentes est\u00e1 absolutamente justificada\u201d - El Digital de Asturias","twitter:description":"El secretario general, Pedro S\u00e1nchez, se ha referido a la decisi\u00f3n de la justicia alemana de dejar en libertad bajo fianza a Carles Puigdemont, al no apreciar en su actuaci\u00f3n delito de rebeli\u00f3n, y ha se\u00f1alado que \u201cvivimos en un Estado social y democr\u00e1tico de Derecho tanto en Espa\u00f1a como en Europa y, en consecuencia,","twitter:image":"https:\/\/www.eldigitaldeasturias.com\/noticias\/wp-content\/uploads\/2020\/12\/EDA-1.jpg","twitter:label1":"Escrito por","twitter:data1":"El Digital de Asturias","twitter:label2":"Tiempo de lectura estimado","twitter:data2":"3 minutos"},"aioseo_meta_data":{"post_id":"974995","title":null,"description":null,"keywords":null,"keyphrases":null,"primary_term":null,"canonical_url":null,"og_title":null,"og_description":null,"og_object_type":"default","og_image_type":"default","og_image_url":null,"og_image_width":null,"og_image_height":null,"og_image_custom_url":null,"og_image_custom_fields":null,"og_video":null,"og_custom_url":null,"og_article_section":null,"og_article_tags":null,"twitter_use_og":false,"twitter_card":"default","twitter_image_type":"default","twitter_image_url":null,"twitter_image_custom_url":null,"twitter_image_custom_fields":null,"twitter_title":null,"twitter_description":null,"schema":{"blockGraphs":[],"customGraphs":[],"default":{"data":{"Article":[],"Course":[],"Dataset":[],"FAQPage":[],"Movie":[],"Person":[],"Product":[],"ProductReview":[],"Car":[],"Recipe":[],"Service":[],"SoftwareApplication":[],"WebPage":[]},"graphName":"","isEnabled":true},"graphs":[],"defaultGraph":"","defaultPostTypeGraph":""},"schema_type":null,"schema_type_options":null,"pillar_content":false,"robots_default":true,"robots_noindex":false,"robots_noarchive":false,"robots_nosnippet":false,"robots_nofollow":false,"robots_noimageindex":false,"robots_noodp":false,"robots_notranslate":false,"robots_max_snippet":null,"robots_max_videopreview":null,"robots_max_imagepreview":"large","priority":null,"frequency":null,"local_seo":null,"seo_analyzer_scan_date":"2025-10-07 22:17:07","breadcrumb_settings":null,"limit_modified_date":false,"open_ai":null,"ai":null,"created":"2020-12-21 12:11:39","updated":"2025-10-07 22:17:07","focus_keyword":null,"additional_keywords":null,"truseo_locale":null},"aioseo_breadcrumb":"<div class=\"aioseo-breadcrumbs\"><span class=\"aioseo-breadcrumb\">\n\t<a href=\"https:\/\/www.eldigitaldeasturias.com\/noticias\" title=\"Home\">Home<\/a>\n<\/span><span class=\"aioseo-breadcrumb-separator\">\u2013<\/span><span class=\"aioseo-breadcrumb\">\n\t<a href=\"https:\/\/www.eldigitaldeasturias.com\/noticias\/category\/actualidad\/\" title=\"Actualidad\">Actualidad<\/a>\n<\/span><span class=\"aioseo-breadcrumb-separator\">\u2013<\/span><span class=\"aioseo-breadcrumb\">\n\t<a href=\"https:\/\/www.eldigitaldeasturias.com\/noticias\/pedro-sanchez-la-mocion-a-cifuentes-esta-absolutamente-justificada\/\" title=\"Pedro S\u00e1nchez: \u00abLa moci\u00f3n a Cifuentes est\u00e1 absolutamente justificada\u201d\">Pedro S\u00e1nchez: \u00abLa moci\u00f3n a Cifuentes est\u00e1 absolutamente justificada\u201d<\/a>\n<\/span><\/div>","aioseo_breadcrumb_json":[{"label":"Home","link":"https:\/\/www.eldigitaldeasturias.com\/noticias"},{"label":"Actualidad","link":"https:\/\/www.eldigitaldeasturias.com\/noticias\/category\/actualidad\/"},{"label":"Pedro S\u00e1nchez: \u00abLa moci\u00f3n a Cifuentes est\u00e1 absolutamente justificada\u201d","link":"https:\/\/www.eldigitaldeasturias.com\/noticias\/pedro-sanchez-la-mocion-a-cifuentes-esta-absolutamente-justificada\/"}],"_links":{"self":[{"href":"https:\/\/www.eldigitaldeasturias.com\/noticias\/wp-json\/wp\/v2\/posts\/974995","targetHints":{"allow":["GET"]}}],"collection":[{"href":"https:\/\/www.eldigitaldeasturias.com\/noticias\/wp-json\/wp\/v2\/posts"}],"about":[{"href":"https:\/\/www.eldigitaldeasturias.com\/noticias\/wp-json\/wp\/v2\/types\/post"}],"author":[{"embeddable":true,"href":"https:\/\/www.eldigitaldeasturias.com\/noticias\/wp-json\/wp\/v2\/users\/1"}],"replies":[{"embeddable":true,"href":"https:\/\/www.eldigitaldeasturias.com\/noticias\/wp-json\/wp\/v2\/comments?post=974995"}],"version-history":[{"count":0,"href":"https:\/\/www.eldigitaldeasturias.com\/noticias\/wp-json\/wp\/v2\/posts\/974995\/revisions"}],"wp:attachment":[{"href":"https:\/\/www.eldigitaldeasturias.com\/noticias\/wp-json\/wp\/v2\/media?parent=974995"}],"wp:term":[{"taxonomy":"category","embeddable":true,"href":"https:\/\/www.eldigitaldeasturias.com\/noticias\/wp-json\/wp\/v2\/categories?post=974995"},{"taxonomy":"post_tag","embeddable":true,"href":"https:\/\/www.eldigitaldeasturias.com\/noticias\/wp-json\/wp\/v2\/tags?post=974995"}],"curies":[{"name":"wp","href":"https:\/\/api.w.org\/{rel}","templated":true}]}}