{"id":974961,"date":"2018-04-06T13:40:52","date_gmt":"2018-04-06T13:40:52","guid":{"rendered":"http:\/\/www.eldigitaldeasturias.com\/noticias\/?p=974961"},"modified":"2018-04-06T13:40:52","modified_gmt":"2018-04-06T13:40:52","slug":"lula-debe-entrar-en-prision-antes-de-la-tarde-del-viernes","status":"publish","type":"post","link":"https:\/\/www.eldigitaldeasturias.com\/noticias\/lula-debe-entrar-en-prision-antes-de-la-tarde-del-viernes\/","title":{"rendered":"Lula debe entrar en prisi\u00f3n antes de la tarde del viernes"},"content":{"rendered":"<p><img loading=\"lazy\" decoding=\"async\" class=\"alignleft size-medium wp-image-868078\" src=\"https:\/\/www.eldigitaldeasturias.com\/noticias\/wp-content\/uploads\/2016\/03\/fotonoticia_20160321102713_800-360x240.jpg\" alt=\"\" width=\"360\" height=\"240\" \/>R\u00edo de Janeiro\/Sao Paulo\/Curitiba, 5 abr (dpa) &#8211; Luiz In\u00e1cio Lula da Silva debe entrar en prisi\u00f3n en las pr\u00f3ximas horas. El juez del caso \u00abLava Jato\u00bb S\u00e9rgio Moro orden\u00f3 hoy la reclusi\u00f3n del ex presidente brasile\u00f1o, gran favorito para las elecciones de octubre, a m\u00e1s tardar hasta ma\u00f1ana viernes para que empiece a cumplir una condena de 12 a\u00f1os por corrupci\u00f3n.<\/p>\n<p>Lula, de 72 a\u00f1os, debe entregarse hasta las 17 horas del viernes (20:00 GMT) a la Polic\u00eda Federal en Curitiba, en el sur de Brasil, seg\u00fan el texto de la orden emitida por Moro menos de 24 horas despu\u00e9s de que la Corte Suprema negara al ex mandatario un recurso especial para evitar ir a la c\u00e1rcel.<\/p>\n<p>El Supremo Tribunal Federal (STF) neg\u00f3 en la madrugada de hoy mismo un pedido de \u00abhabeas corpus\u00bb con el que Lula ped\u00eda que se suspendiera una posible orden de arresto contra \u00e9l hasta que su condena sea firme en todas las instancias judiciales posibles.<\/p>\n<p>Despu\u00e9s del fallo, se esperaba la orden de arresto de forma inminente, aunque algunos expertos especulaban con que Moro se tomase tiempo hasta la pr\u00f3xima semana, hasta que terminasen de cumplirse unas formalidades en la corte de segunda instancia de Porto Alegre que confirm\u00f3 la condena en enero.<\/p>\n<p>Lula se encontraba en la noche en Sao Paulo, donde su Partido de los Trabajadores (PT) planeaba realizar un acto en su apoyo el viernes. El ex presidente, \u00eddolo de la izquierda latinoamericana, se reuni\u00f3 con sus abogados y con l\u00edderes del PT, entre ellos su sucesora Dilma Rousseff, para analizar c\u00f3mo proceder en las pr\u00f3ximas horas.<\/p>\n<p>Seg\u00fan el diario \u00abFolha de Sao Paulo\u00bb, los planes eran que Lula pase la noche en la sede del Sindicato de los Metal\u00fargicos paulista, su basti\u00f3n pol\u00edtico desde sus tiempos de l\u00edder sindical.<\/p>\n<p>El ex presidente no se ha pronunciado p\u00fablicamente desde el fallo del STF. S\u00f3lo un periodista de la cadena de radio CBN habl\u00f3 por tel\u00e9fono con \u00e9l. \u00abEst\u00e1 tranquilo\u00bb, lo cit\u00f3 el reportero Kennedy Alencar, que no divulg\u00f3 directamente las palabras del ex mandatario.<\/p>\n<p>Miles de simpatizantes se reunieron adem\u00e1s delante de la sede del sindicato en la localidad paulista de Sao Bernardo do Campo. Seg\u00fan la radio CBN, frente al cercano Instituto Lula, tambi\u00e9n en Sao Paulo, hubo un incidente entre simpatizantes y detractores del ex presidente, por los que result\u00f3 herida una persona despu\u00e9s de que un auto la golpeara accidentalmente.<\/p>\n<p>El drama judicial en torno a Lula amenazaba con agitar m\u00e1s al pa\u00eds en las pr\u00f3ximas horas. Ya despu\u00e9s del fallo del STF simpatizantes del ex presidente hab\u00edan pedido en las redes sociales formar una \u00abcadena humana\u00bb delante de su casa para evitar un posible arresto.<\/p>\n<p>Seg\u00fan el despacho de Moro, Lula debe permanecer preso en un calabozo de la Polic\u00eda Federal en Curitiba. La orden judicial da margen al ex presidente para que se entregue \u00abvoluntariamente\u00bb y descarta el \u00abuso de esposas\u00bb.<\/p>\n<p>\u00abEn raz\u00f3n de la dignidad del cargo ocupado, se prepar\u00f3 previamente una sala reservada, una especie de sala de Estado Mayor, en la propia superintendencia de la Polic\u00eda Federal, para el inicio del cumplimiento de la pena, en la cual el ex presidente estar\u00e1 separado de los dem\u00e1s presos, sin ning\u00fan riesgo para su integridad moral o f\u00edsica\u00bb, se\u00f1alo el texto.<\/p>\n<p>Moro conden\u00f3 en julio de 2017 a Lula inicialmente a nueve a\u00f1os y medio de c\u00e1rcel por cargos de que acept\u00f3 sobornos de la constructora OAS en el marco del caso de corrupci\u00f3n \u00abLava Jato\u00bb (\u00abLavado de autos\u00bb), en forma de la reforma de un apartamento, a cambio de favorecer a la empresa en sus negocios con Petrobras. La petrolera estatal est\u00e1 en el centro de los esc\u00e1ndalos de \u00abLava Jato\u00bb.<\/p>\n<p>Un tribunal de apelaci\u00f3n de Porto Alegre confirm\u00f3 en enero de este a\u00f1o la condena y aument\u00f3 la pena de c\u00e1rcel a 12 a\u00f1os y un mes. Pese a la condena, Lula quiere volver a ser candidato presidencial para las elecciones del 7 de octubre y es favorito en todos los sondeos, con hasta el 37 por ciento de los apoyos.<\/p>\n<p>Lula est\u00e1 en teor\u00eda inhabilitado para postular por la ley de \u00abFicha Limpa\u00bb(\u00abexpediente limpio\u00bb), que impide a pol\u00edticos con condenas penales ser candidatos. Una corte electoral, sin embargo, debe dar un veredicto oficial. Eso ocurrir\u00e1 previsiblemente en agosto, cuando se inscriban las candidaturas.<\/p>\n<p>Lula, que dej\u00f3 su cargo el 1 de enero de 2011 como uno de los pol\u00edticos m\u00e1s populares del planeta, sigue teniendo grandes apoyos entre las clases m\u00e1s pobres por el \u00e9xito de los programas sociales de sus Gobiernos.<\/p>\n<p>Las clases medias y altas, sin embargo, rechazan al ex l\u00edder obrero por los numerosos cargos de corrupci\u00f3n que se le imputan. Lula es el acusado m\u00e1s conocido por el caso \u00abLava Jato\u00bb, que salpica a casi toda la clase pol\u00edtica brasile\u00f1a.<\/p>\n<p><i class=\"lang-es\"><span class=\" readonly\" title=\"\">Por Isaac Risco (dpa)<\/span><\/i><\/p>\n","protected":false},"excerpt":{"rendered":"<p>R\u00edo de Janeiro\/Sao Paulo\/Curitiba, 5 abr (dpa) &#8211; Luiz In\u00e1cio Lula da Silva debe entrar en prisi\u00f3n en las pr\u00f3ximas horas. El juez del caso \u00abLava Jato\u00bb S\u00e9rgio Moro orden\u00f3 hoy la reclusi\u00f3n del ex presidente brasile\u00f1o, gran favorito para las elecciones de octubre, a m\u00e1s tardar hasta ma\u00f1ana viernes para que empiece a cumplir [&hellip;]<\/p>\n","protected":false},"author":1,"featured_media":868078,"comment_status":"closed","ping_status":"closed","sticky":false,"template":"","format":"standard","meta":{"footnotes":""},"categories":[1],"tags":[],"class_list":["post-974961","post","type-post","status-publish","format-standard","has-post-thumbnail","hentry","category-actualidad"],"aioseo_notices":[],"aioseo_head":"\n\t\t<!-- All in One SEO Pro 5.0.1 - aioseo.com -->\n\t<meta name=\"description\" content=\"R\u00edo de Janeiro\/Sao Paulo\/Curitiba, 5 abr (dpa) - Luiz In\u00e1cio Lula da Silva debe entrar en prisi\u00f3n en las pr\u00f3ximas horas. El juez del caso &quot;Lava Jato&quot; S\u00e9rgio Moro orden\u00f3 hoy la reclusi\u00f3n del ex presidente brasile\u00f1o, gran favorito para las elecciones de octubre, a m\u00e1s tardar hasta ma\u00f1ana viernes para que empiece a cumplir\" \/>\n\t<meta name=\"robots\" content=\"max-image-preview:large\" \/>\n\t<meta name=\"author\" content=\"El Digital de Asturias\"\/>\n\t<meta name=\"google-site-verification\" content=\"UA-38556648-1\" \/>\n\t<meta name=\"msvalidate.01\" content=\"7dfe9f3f1b24437ab69f4f2559babe99\" \/>\n\t<meta name=\"keywords\" content=\"actualidad\" \/>\n\t<link rel=\"canonical\" href=\"https:\/\/www.eldigitaldeasturias.com\/noticias\/lula-debe-entrar-en-prision-antes-de-la-tarde-del-viernes\/\" \/>\n\t<meta name=\"generator\" content=\"All in One SEO Pro (AIOSEO) 5.0.1\" \/>\n\t\t<meta property=\"og:locale\" content=\"es_ES\" \/>\n\t\t<meta property=\"og:site_name\" content=\"El Digital de Asturias\" \/>\n\t\t<meta property=\"og:type\" content=\"article\" \/>\n\t\t<meta property=\"og:title\" content=\"Lula debe entrar en prisi\u00f3n antes de la tarde del viernes - El Digital de Asturias\" \/>\n\t\t<meta property=\"og:description\" content=\"R\u00edo de Janeiro\/Sao Paulo\/Curitiba, 5 abr (dpa) - Luiz In\u00e1cio Lula da Silva debe entrar en prisi\u00f3n en las pr\u00f3ximas horas. El juez del caso &quot;Lava Jato&quot; S\u00e9rgio Moro orden\u00f3 hoy la reclusi\u00f3n del ex presidente brasile\u00f1o, gran favorito para las elecciones de octubre, a m\u00e1s tardar hasta ma\u00f1ana viernes para que empiece a cumplir\" \/>\n\t\t<meta property=\"og:url\" content=\"https:\/\/www.eldigitaldeasturias.com\/noticias\/lula-debe-entrar-en-prision-antes-de-la-tarde-del-viernes\/\" \/>\n\t\t<meta property=\"article:tag\" content=\"actualidad\" \/>\n\t\t<meta property=\"article:published_time\" content=\"2018-04-06T13:40:52+00:00\" \/>\n\t\t<meta property=\"article:modified_time\" content=\"2018-04-06T13:40:52+00:00\" \/>\n\t\t<meta property=\"article:publisher\" content=\"https:\/\/facebook.com\/eldigitaldeasturias\" \/>\n\t\t<meta name=\"twitter:card\" content=\"summary_large_image\" \/>\n\t\t<meta name=\"twitter:title\" content=\"Lula debe entrar en prisi\u00f3n antes de la tarde del viernes - El Digital de Asturias\" \/>\n\t\t<meta name=\"twitter:description\" content=\"R\u00edo de Janeiro\/Sao Paulo\/Curitiba, 5 abr (dpa) - Luiz In\u00e1cio Lula da Silva debe entrar en prisi\u00f3n en las pr\u00f3ximas horas. El juez del caso &quot;Lava Jato&quot; S\u00e9rgio Moro orden\u00f3 hoy la reclusi\u00f3n del ex presidente brasile\u00f1o, gran favorito para las elecciones de octubre, a m\u00e1s tardar hasta ma\u00f1ana viernes para que empiece a cumplir\" \/>\n\t\t<meta name=\"twitter:image\" content=\"https:\/\/www.eldigitaldeasturias.com\/noticias\/wp-content\/uploads\/2020\/12\/EDA-1.jpg\" \/>\n\t\t<meta name=\"twitter:label1\" content=\"Escrito por\" \/>\n\t\t<meta name=\"twitter:data1\" content=\"El Digital de Asturias\" \/>\n\t\t<meta name=\"twitter:label2\" content=\"Tiempo de lectura estimado\" \/>\n\t\t<meta name=\"twitter:data2\" content=\"4 minutos\" \/>\n\t\t<script type=\"application\/ld+json\" class=\"aioseo-schema\">\n\t\t\t{\"@context\":\"https:\\\/\\\/schema.org\",\"@graph\":[{\"@type\":\"BlogPosting\",\"@id\":\"https:\\\/\\\/www.eldigitaldeasturias.com\\\/noticias\\\/lula-debe-entrar-en-prision-antes-de-la-tarde-del-viernes\\\/#blogposting\",\"name\":\"Lula debe entrar en prisi\\u00f3n antes de la tarde del viernes - El Digital de Asturias\",\"headline\":\"Lula debe entrar en prisi\\u00f3n antes de la tarde del viernes\",\"author\":{\"@id\":\"https:\\\/\\\/www.eldigitaldeasturias.com\\\/noticias\\\/author\\\/admin\\\/#author\"},\"publisher\":{\"@id\":\"https:\\\/\\\/www.eldigitaldeasturias.com\\\/noticias\\\/#organization\"},\"image\":{\"@type\":\"ImageObject\",\"url\":868078},\"datePublished\":\"2018-04-06T13:40:52+02:00\",\"dateModified\":\"2018-04-06T13:40:52+02:00\",\"inLanguage\":\"es-ES\",\"mainEntityOfPage\":{\"@id\":\"https:\\\/\\\/www.eldigitaldeasturias.com\\\/noticias\\\/lula-debe-entrar-en-prision-antes-de-la-tarde-del-viernes\\\/#webpage\"},\"isPartOf\":{\"@id\":\"https:\\\/\\\/www.eldigitaldeasturias.com\\\/noticias\\\/lula-debe-entrar-en-prision-antes-de-la-tarde-del-viernes\\\/#webpage\"},\"articleSection\":\"Actualidad\"},{\"@type\":\"BreadcrumbList\",\"@id\":\"https:\\\/\\\/www.eldigitaldeasturias.com\\\/noticias\\\/lula-debe-entrar-en-prision-antes-de-la-tarde-del-viernes\\\/#breadcrumblist\",\"itemListElement\":[{\"@type\":\"ListItem\",\"@id\":\"https:\\\/\\\/www.eldigitaldeasturias.com\\\/noticias#listItem\",\"position\":1,\"name\":\"Home\",\"item\":\"https:\\\/\\\/www.eldigitaldeasturias.com\\\/noticias\",\"nextItem\":{\"@type\":\"ListItem\",\"@id\":\"https:\\\/\\\/www.eldigitaldeasturias.com\\\/noticias\\\/category\\\/actualidad\\\/#listItem\",\"name\":\"Actualidad\"}},{\"@type\":\"ListItem\",\"@id\":\"https:\\\/\\\/www.eldigitaldeasturias.com\\\/noticias\\\/category\\\/actualidad\\\/#listItem\",\"position\":2,\"name\":\"Actualidad\",\"item\":\"https:\\\/\\\/www.eldigitaldeasturias.com\\\/noticias\\\/category\\\/actualidad\\\/\",\"nextItem\":{\"@type\":\"ListItem\",\"@id\":\"https:\\\/\\\/www.eldigitaldeasturias.com\\\/noticias\\\/lula-debe-entrar-en-prision-antes-de-la-tarde-del-viernes\\\/#listItem\",\"name\":\"Lula debe entrar en prisi\\u00f3n antes de la tarde del viernes\"},\"previousItem\":{\"@type\":\"ListItem\",\"@id\":\"https:\\\/\\\/www.eldigitaldeasturias.com\\\/noticias#listItem\",\"name\":\"Home\"}},{\"@type\":\"ListItem\",\"@id\":\"https:\\\/\\\/www.eldigitaldeasturias.com\\\/noticias\\\/lula-debe-entrar-en-prision-antes-de-la-tarde-del-viernes\\\/#listItem\",\"position\":3,\"name\":\"Lula debe entrar en prisi\\u00f3n antes de la tarde del viernes\",\"previousItem\":{\"@type\":\"ListItem\",\"@id\":\"https:\\\/\\\/www.eldigitaldeasturias.com\\\/noticias\\\/category\\\/actualidad\\\/#listItem\",\"name\":\"Actualidad\"}}]},{\"@type\":\"Organization\",\"@id\":\"https:\\\/\\\/www.eldigitaldeasturias.com\\\/noticias\\\/#organization\",\"name\":\"El Digital de Asturias\",\"description\":\"Hemeroteca\",\"url\":\"https:\\\/\\\/www.eldigitaldeasturias.com\\\/noticias\\\/\",\"email\":\"info@eldigitaldeasturias.com\",\"telephone\":\"+34652131393\",\"logo\":{\"@type\":\"ImageObject\",\"url\":\"https:\\\/\\\/www.eldigitaldeasturias.com\\\/noticias\\\/wp-content\\\/uploads\\\/2020\\\/12\\\/EDA.jpg\",\"@id\":\"https:\\\/\\\/www.eldigitaldeasturias.com\\\/noticias\\\/lula-debe-entrar-en-prision-antes-de-la-tarde-del-viernes\\\/#organizationLogo\"},\"image\":{\"@id\":\"https:\\\/\\\/www.eldigitaldeasturias.com\\\/noticias\\\/lula-debe-entrar-en-prision-antes-de-la-tarde-del-viernes\\\/#organizationLogo\"},\"sameAs\":[\"https:\\\/\\\/facebook.com\\\/eldigitaldeasturias\",\"https:\\\/\\\/www.youtube.com\\\/channel\\\/UCZP-2wLEB9Rv6erhFmqVnvg\"],\"address\":{\"@id\":\"https:\\\/\\\/www.eldigitaldeasturias.com\\\/noticias\\\/#postaladdress\",\"@type\":\"PostalAddress\",\"streetAddress\":\"san antonio 4\",\"postalCode\":\"33430\",\"addressLocality\":\"Cand\\u00e1s\",\"addressRegion\":\"Asturias\",\"addressCountry\":\"ES\"}},{\"@type\":\"Person\",\"@id\":\"https:\\\/\\\/www.eldigitaldeasturias.com\\\/noticias\\\/author\\\/admin\\\/#author\",\"url\":\"https:\\\/\\\/www.eldigitaldeasturias.com\\\/noticias\\\/author\\\/admin\\\/\",\"name\":\"El Digital de Asturias\",\"image\":{\"@type\":\"ImageObject\",\"@id\":\"https:\\\/\\\/www.eldigitaldeasturias.com\\\/noticias\\\/lula-debe-entrar-en-prision-antes-de-la-tarde-del-viernes\\\/#authorImage\",\"url\":\"https:\\\/\\\/secure.gravatar.com\\\/avatar\\\/df2aeffc32bcd13f8d26072ef8a91b623d677766deac7f97ca815868cd41bf5e?s=96&d=mm&r=g\",\"width\":96,\"height\":96,\"caption\":\"El Digital de Asturias\"}},{\"@type\":\"WebPage\",\"@id\":\"https:\\\/\\\/www.eldigitaldeasturias.com\\\/noticias\\\/lula-debe-entrar-en-prision-antes-de-la-tarde-del-viernes\\\/#webpage\",\"url\":\"https:\\\/\\\/www.eldigitaldeasturias.com\\\/noticias\\\/lula-debe-entrar-en-prision-antes-de-la-tarde-del-viernes\\\/\",\"name\":\"Lula debe entrar en prisi\\u00f3n antes de la tarde del viernes - El Digital de Asturias\",\"description\":\"R\\u00edo de Janeiro\\\/Sao Paulo\\\/Curitiba, 5 abr (dpa) - Luiz In\\u00e1cio Lula da Silva debe entrar en prisi\\u00f3n en las pr\\u00f3ximas horas. El juez del caso \\\"Lava Jato\\\" S\\u00e9rgio Moro orden\\u00f3 hoy la reclusi\\u00f3n del ex presidente brasile\\u00f1o, gran favorito para las elecciones de octubre, a m\\u00e1s tardar hasta ma\\u00f1ana viernes para que empiece a cumplir\",\"inLanguage\":\"es-ES\",\"isPartOf\":{\"@id\":\"https:\\\/\\\/www.eldigitaldeasturias.com\\\/noticias\\\/#website\"},\"breadcrumb\":{\"@id\":\"https:\\\/\\\/www.eldigitaldeasturias.com\\\/noticias\\\/lula-debe-entrar-en-prision-antes-de-la-tarde-del-viernes\\\/#breadcrumblist\"},\"author\":{\"@id\":\"https:\\\/\\\/www.eldigitaldeasturias.com\\\/noticias\\\/author\\\/admin\\\/#author\"},\"creator\":{\"@id\":\"https:\\\/\\\/www.eldigitaldeasturias.com\\\/noticias\\\/author\\\/admin\\\/#author\"},\"image\":{\"@type\":\"ImageObject\",\"url\":868078,\"@id\":\"https:\\\/\\\/www.eldigitaldeasturias.com\\\/noticias\\\/lula-debe-entrar-en-prision-antes-de-la-tarde-del-viernes\\\/#mainImage\"},\"primaryImageOfPage\":{\"@id\":\"https:\\\/\\\/www.eldigitaldeasturias.com\\\/noticias\\\/lula-debe-entrar-en-prision-antes-de-la-tarde-del-viernes\\\/#mainImage\"},\"datePublished\":\"2018-04-06T13:40:52+02:00\",\"dateModified\":\"2018-04-06T13:40:52+02:00\"},{\"@type\":\"WebSite\",\"@id\":\"https:\\\/\\\/www.eldigitaldeasturias.com\\\/noticias\\\/#website\",\"url\":\"https:\\\/\\\/www.eldigitaldeasturias.com\\\/noticias\\\/\",\"name\":\"El Digital de Asturias - Diario de actualidad y noticias\",\"alternateName\":\"El Digital de Asturias - Diario de actualidad y noticias\",\"description\":\"Hemeroteca\",\"inLanguage\":\"es-ES\",\"publisher\":{\"@id\":\"https:\\\/\\\/www.eldigitaldeasturias.com\\\/noticias\\\/#organization\"}}]}\n\t\t<\/script>\n\t\t<!-- All in One SEO Pro -->\r\n\t\t<title>Lula debe entrar en prisi\u00f3n antes de la tarde del viernes - El Digital de Asturias<\/title>\n\n","aioseo_head_json":{"title":"Lula debe entrar en prisi\u00f3n antes de la tarde del viernes - El Digital de Asturias","description":"R\u00edo de Janeiro\/Sao Paulo\/Curitiba, 5 abr (dpa) - Luiz In\u00e1cio Lula da Silva debe entrar en prisi\u00f3n en las pr\u00f3ximas horas. El juez del caso \"Lava Jato\" S\u00e9rgio Moro orden\u00f3 hoy la reclusi\u00f3n del ex presidente brasile\u00f1o, gran favorito para las elecciones de octubre, a m\u00e1s tardar hasta ma\u00f1ana viernes para que empiece a cumplir","canonical_url":"https:\/\/www.eldigitaldeasturias.com\/noticias\/lula-debe-entrar-en-prision-antes-de-la-tarde-del-viernes\/","robots":"max-image-preview:large","keywords":"actualidad","webmasterTools":{"google-site-verification":"UA-38556648-1","msvalidate.01":"7dfe9f3f1b24437ab69f4f2559babe99","miscellaneous":""},"schema":{"@context":"https:\/\/schema.org","@graph":[{"@type":"BlogPosting","@id":"https:\/\/www.eldigitaldeasturias.com\/noticias\/lula-debe-entrar-en-prision-antes-de-la-tarde-del-viernes\/#blogposting","name":"Lula debe entrar en prisi\u00f3n antes de la tarde del viernes - El Digital de Asturias","headline":"Lula debe entrar en prisi\u00f3n antes de la tarde del viernes","author":{"@id":"https:\/\/www.eldigitaldeasturias.com\/noticias\/author\/admin\/#author"},"publisher":{"@id":"https:\/\/www.eldigitaldeasturias.com\/noticias\/#organization"},"image":{"@type":"ImageObject","url":868078},"datePublished":"2018-04-06T13:40:52+02:00","dateModified":"2018-04-06T13:40:52+02:00","inLanguage":"es-ES","mainEntityOfPage":{"@id":"https:\/\/www.eldigitaldeasturias.com\/noticias\/lula-debe-entrar-en-prision-antes-de-la-tarde-del-viernes\/#webpage"},"isPartOf":{"@id":"https:\/\/www.eldigitaldeasturias.com\/noticias\/lula-debe-entrar-en-prision-antes-de-la-tarde-del-viernes\/#webpage"},"articleSection":"Actualidad"},{"@type":"BreadcrumbList","@id":"https:\/\/www.eldigitaldeasturias.com\/noticias\/lula-debe-entrar-en-prision-antes-de-la-tarde-del-viernes\/#breadcrumblist","itemListElement":[{"@type":"ListItem","@id":"https:\/\/www.eldigitaldeasturias.com\/noticias#listItem","position":1,"name":"Home","item":"https:\/\/www.eldigitaldeasturias.com\/noticias","nextItem":{"@type":"ListItem","@id":"https:\/\/www.eldigitaldeasturias.com\/noticias\/category\/actualidad\/#listItem","name":"Actualidad"}},{"@type":"ListItem","@id":"https:\/\/www.eldigitaldeasturias.com\/noticias\/category\/actualidad\/#listItem","position":2,"name":"Actualidad","item":"https:\/\/www.eldigitaldeasturias.com\/noticias\/category\/actualidad\/","nextItem":{"@type":"ListItem","@id":"https:\/\/www.eldigitaldeasturias.com\/noticias\/lula-debe-entrar-en-prision-antes-de-la-tarde-del-viernes\/#listItem","name":"Lula debe entrar en prisi\u00f3n antes de la tarde del viernes"},"previousItem":{"@type":"ListItem","@id":"https:\/\/www.eldigitaldeasturias.com\/noticias#listItem","name":"Home"}},{"@type":"ListItem","@id":"https:\/\/www.eldigitaldeasturias.com\/noticias\/lula-debe-entrar-en-prision-antes-de-la-tarde-del-viernes\/#listItem","position":3,"name":"Lula debe entrar en prisi\u00f3n antes de la tarde del viernes","previousItem":{"@type":"ListItem","@id":"https:\/\/www.eldigitaldeasturias.com\/noticias\/category\/actualidad\/#listItem","name":"Actualidad"}}]},{"@type":"Organization","@id":"https:\/\/www.eldigitaldeasturias.com\/noticias\/#organization","name":"El Digital de Asturias","description":"Hemeroteca","url":"https:\/\/www.eldigitaldeasturias.com\/noticias\/","email":"info@eldigitaldeasturias.com","telephone":"+34652131393","logo":{"@type":"ImageObject","url":"https:\/\/www.eldigitaldeasturias.com\/noticias\/wp-content\/uploads\/2020\/12\/EDA.jpg","@id":"https:\/\/www.eldigitaldeasturias.com\/noticias\/lula-debe-entrar-en-prision-antes-de-la-tarde-del-viernes\/#organizationLogo"},"image":{"@id":"https:\/\/www.eldigitaldeasturias.com\/noticias\/lula-debe-entrar-en-prision-antes-de-la-tarde-del-viernes\/#organizationLogo"},"sameAs":["https:\/\/facebook.com\/eldigitaldeasturias","https:\/\/www.youtube.com\/channel\/UCZP-2wLEB9Rv6erhFmqVnvg"],"address":{"@id":"https:\/\/www.eldigitaldeasturias.com\/noticias\/#postaladdress","@type":"PostalAddress","streetAddress":"san antonio 4","postalCode":"33430","addressLocality":"Cand\u00e1s","addressRegion":"Asturias","addressCountry":"ES"}},{"@type":"Person","@id":"https:\/\/www.eldigitaldeasturias.com\/noticias\/author\/admin\/#author","url":"https:\/\/www.eldigitaldeasturias.com\/noticias\/author\/admin\/","name":"El Digital de Asturias","image":{"@type":"ImageObject","@id":"https:\/\/www.eldigitaldeasturias.com\/noticias\/lula-debe-entrar-en-prision-antes-de-la-tarde-del-viernes\/#authorImage","url":"https:\/\/secure.gravatar.com\/avatar\/df2aeffc32bcd13f8d26072ef8a91b623d677766deac7f97ca815868cd41bf5e?s=96&d=mm&r=g","width":96,"height":96,"caption":"El Digital de Asturias"}},{"@type":"WebPage","@id":"https:\/\/www.eldigitaldeasturias.com\/noticias\/lula-debe-entrar-en-prision-antes-de-la-tarde-del-viernes\/#webpage","url":"https:\/\/www.eldigitaldeasturias.com\/noticias\/lula-debe-entrar-en-prision-antes-de-la-tarde-del-viernes\/","name":"Lula debe entrar en prisi\u00f3n antes de la tarde del viernes - El Digital de Asturias","description":"R\u00edo de Janeiro\/Sao Paulo\/Curitiba, 5 abr (dpa) - Luiz In\u00e1cio Lula da Silva debe entrar en prisi\u00f3n en las pr\u00f3ximas horas. El juez del caso \"Lava Jato\" S\u00e9rgio Moro orden\u00f3 hoy la reclusi\u00f3n del ex presidente brasile\u00f1o, gran favorito para las elecciones de octubre, a m\u00e1s tardar hasta ma\u00f1ana viernes para que empiece a cumplir","inLanguage":"es-ES","isPartOf":{"@id":"https:\/\/www.eldigitaldeasturias.com\/noticias\/#website"},"breadcrumb":{"@id":"https:\/\/www.eldigitaldeasturias.com\/noticias\/lula-debe-entrar-en-prision-antes-de-la-tarde-del-viernes\/#breadcrumblist"},"author":{"@id":"https:\/\/www.eldigitaldeasturias.com\/noticias\/author\/admin\/#author"},"creator":{"@id":"https:\/\/www.eldigitaldeasturias.com\/noticias\/author\/admin\/#author"},"image":{"@type":"ImageObject","url":868078,"@id":"https:\/\/www.eldigitaldeasturias.com\/noticias\/lula-debe-entrar-en-prision-antes-de-la-tarde-del-viernes\/#mainImage"},"primaryImageOfPage":{"@id":"https:\/\/www.eldigitaldeasturias.com\/noticias\/lula-debe-entrar-en-prision-antes-de-la-tarde-del-viernes\/#mainImage"},"datePublished":"2018-04-06T13:40:52+02:00","dateModified":"2018-04-06T13:40:52+02:00"},{"@type":"WebSite","@id":"https:\/\/www.eldigitaldeasturias.com\/noticias\/#website","url":"https:\/\/www.eldigitaldeasturias.com\/noticias\/","name":"El Digital de Asturias - Diario de actualidad y noticias","alternateName":"El Digital de Asturias - Diario de actualidad y noticias","description":"Hemeroteca","inLanguage":"es-ES","publisher":{"@id":"https:\/\/www.eldigitaldeasturias.com\/noticias\/#organization"}}]},"og:locale":"es_ES","og:site_name":"El Digital de Asturias","og:type":"article","og:title":"Lula debe entrar en prisi\u00f3n antes de la tarde del viernes - El Digital de Asturias","og:description":"R\u00edo de Janeiro\/Sao Paulo\/Curitiba, 5 abr (dpa) - Luiz In\u00e1cio Lula da Silva debe entrar en prisi\u00f3n en las pr\u00f3ximas horas. El juez del caso &quot;Lava Jato&quot; S\u00e9rgio Moro orden\u00f3 hoy la reclusi\u00f3n del ex presidente brasile\u00f1o, gran favorito para las elecciones de octubre, a m\u00e1s tardar hasta ma\u00f1ana viernes para que empiece a cumplir","og:url":"https:\/\/www.eldigitaldeasturias.com\/noticias\/lula-debe-entrar-en-prision-antes-de-la-tarde-del-viernes\/","article:tag":["actualidad"],"article:published_time":"2018-04-06T13:40:52+00:00","article:modified_time":"2018-04-06T13:40:52+00:00","article:publisher":"https:\/\/facebook.com\/eldigitaldeasturias","twitter:card":"summary_large_image","twitter:title":"Lula debe entrar en prisi\u00f3n antes de la tarde del viernes - El Digital de Asturias","twitter:description":"R\u00edo de Janeiro\/Sao Paulo\/Curitiba, 5 abr (dpa) - Luiz In\u00e1cio Lula da Silva debe entrar en prisi\u00f3n en las pr\u00f3ximas horas. El juez del caso &quot;Lava Jato&quot; S\u00e9rgio Moro orden\u00f3 hoy la reclusi\u00f3n del ex presidente brasile\u00f1o, gran favorito para las elecciones de octubre, a m\u00e1s tardar hasta ma\u00f1ana viernes para que empiece a cumplir","twitter:image":"https:\/\/www.eldigitaldeasturias.com\/noticias\/wp-content\/uploads\/2020\/12\/EDA-1.jpg","twitter:label1":"Escrito por","twitter:data1":"El Digital de Asturias","twitter:label2":"Tiempo de lectura estimado","twitter:data2":"4 minutos"},"aioseo_meta_data":{"post_id":"974961","title":null,"description":null,"keywords":null,"keyphrases":null,"primary_term":null,"canonical_url":null,"og_title":null,"og_description":null,"og_object_type":"default","og_image_type":"default","og_image_url":null,"og_image_width":null,"og_image_height":null,"og_image_custom_url":null,"og_image_custom_fields":null,"og_video":null,"og_custom_url":null,"og_article_section":null,"og_article_tags":null,"twitter_use_og":false,"twitter_card":"default","twitter_image_type":"default","twitter_image_url":null,"twitter_image_custom_url":null,"twitter_image_custom_fields":null,"twitter_title":null,"twitter_description":null,"schema":{"blockGraphs":[],"customGraphs":[],"default":{"data":{"Article":[],"Course":[],"Dataset":[],"FAQPage":[],"Movie":[],"Person":[],"Product":[],"ProductReview":[],"Car":[],"Recipe":[],"Service":[],"SoftwareApplication":[],"WebPage":[]},"graphName":"","isEnabled":true},"graphs":[],"defaultGraph":"","defaultPostTypeGraph":""},"schema_type":null,"schema_type_options":null,"pillar_content":false,"robots_default":true,"robots_noindex":false,"robots_noarchive":false,"robots_nosnippet":false,"robots_nofollow":false,"robots_noimageindex":false,"robots_noodp":false,"robots_notranslate":false,"robots_max_snippet":null,"robots_max_videopreview":null,"robots_max_imagepreview":"large","priority":null,"frequency":null,"local_seo":null,"seo_analyzer_scan_date":"2025-10-07 22:11:02","breadcrumb_settings":null,"limit_modified_date":false,"open_ai":null,"ai":null,"created":"2020-12-21 12:12:38","updated":"2025-10-07 22:11:02","focus_keyword":null,"additional_keywords":null,"truseo_locale":null},"aioseo_breadcrumb":"<div class=\"aioseo-breadcrumbs\"><span class=\"aioseo-breadcrumb\">\n\t<a href=\"https:\/\/www.eldigitaldeasturias.com\/noticias\" title=\"Home\">Home<\/a>\n<\/span><span class=\"aioseo-breadcrumb-separator\">\u2013<\/span><span class=\"aioseo-breadcrumb\">\n\t<a href=\"https:\/\/www.eldigitaldeasturias.com\/noticias\/category\/actualidad\/\" title=\"Actualidad\">Actualidad<\/a>\n<\/span><span class=\"aioseo-breadcrumb-separator\">\u2013<\/span><span class=\"aioseo-breadcrumb\">\n\t<a href=\"https:\/\/www.eldigitaldeasturias.com\/noticias\/lula-debe-entrar-en-prision-antes-de-la-tarde-del-viernes\/\" title=\"Lula debe entrar en prisi\u00f3n antes de la tarde del viernes\">Lula debe entrar en prisi\u00f3n antes de la tarde del viernes<\/a>\n<\/span><\/div>","aioseo_breadcrumb_json":[{"label":"Home","link":"https:\/\/www.eldigitaldeasturias.com\/noticias"},{"label":"Actualidad","link":"https:\/\/www.eldigitaldeasturias.com\/noticias\/category\/actualidad\/"},{"label":"Lula debe entrar en prisi\u00f3n antes de la tarde del viernes","link":"https:\/\/www.eldigitaldeasturias.com\/noticias\/lula-debe-entrar-en-prision-antes-de-la-tarde-del-viernes\/"}],"_links":{"self":[{"href":"https:\/\/www.eldigitaldeasturias.com\/noticias\/wp-json\/wp\/v2\/posts\/974961","targetHints":{"allow":["GET"]}}],"collection":[{"href":"https:\/\/www.eldigitaldeasturias.com\/noticias\/wp-json\/wp\/v2\/posts"}],"about":[{"href":"https:\/\/www.eldigitaldeasturias.com\/noticias\/wp-json\/wp\/v2\/types\/post"}],"author":[{"embeddable":true,"href":"https:\/\/www.eldigitaldeasturias.com\/noticias\/wp-json\/wp\/v2\/users\/1"}],"replies":[{"embeddable":true,"href":"https:\/\/www.eldigitaldeasturias.com\/noticias\/wp-json\/wp\/v2\/comments?post=974961"}],"version-history":[{"count":0,"href":"https:\/\/www.eldigitaldeasturias.com\/noticias\/wp-json\/wp\/v2\/posts\/974961\/revisions"}],"wp:attachment":[{"href":"https:\/\/www.eldigitaldeasturias.com\/noticias\/wp-json\/wp\/v2\/media?parent=974961"}],"wp:term":[{"taxonomy":"category","embeddable":true,"href":"https:\/\/www.eldigitaldeasturias.com\/noticias\/wp-json\/wp\/v2\/categories?post=974961"},{"taxonomy":"post_tag","embeddable":true,"href":"https:\/\/www.eldigitaldeasturias.com\/noticias\/wp-json\/wp\/v2\/tags?post=974961"}],"curies":[{"name":"wp","href":"https:\/\/api.w.org\/{rel}","templated":true}]}}