{"id":974953,"date":"2018-04-06T13:33:18","date_gmt":"2018-04-06T13:33:18","guid":{"rendered":"http:\/\/www.eldigitaldeasturias.com\/noticias\/?p=974953"},"modified":"2018-04-06T13:33:18","modified_gmt":"2018-04-06T13:33:18","slug":"el-independentismo-catalan-celebra-el-reves-a-la-justicia-espanola","status":"publish","type":"post","link":"https:\/\/www.eldigitaldeasturias.com\/noticias\/el-independentismo-catalan-celebra-el-reves-a-la-justicia-espanola\/","title":{"rendered":"El independentismo catal\u00e1n celebra el \u00abrev\u00e9s\u00bb a la Justicia espa\u00f1ola"},"content":{"rendered":"<p><img loading=\"lazy\" decoding=\"async\" class=\"alignleft size-medium wp-image-973562\" src=\"https:\/\/www.eldigitaldeasturias.com\/noticias\/wp-content\/uploads\/2018\/03\/marcha1-360x240.jpg\" alt=\"\" width=\"360\" height=\"240\" \/>Madrid, 5 abr (dpa) &#8211; El independentismo catal\u00e1n celebr\u00f3 hoy lo que consider\u00f3 un \u00abrev\u00e9s\u00bb para la Justicia espa\u00f1ola despu\u00e9s de que un tribunal alem\u00e1n dictara libertad bajo fianza para el l\u00edder independentista Carles Puigdemont y descartara el delito de rebeli\u00f3n por el que lo proces\u00f3 el Tribunal Supremo espa\u00f1ol.<\/p>\n<p>Tanto el partido de Puigdemont, Junts per Catalunya (JxCAT), como las otras dos fuerzas soberanistas, Esquerra Republicana (ERC) y la Candidatura de Unidad Popular (CUP), lo consideraron una victoria.<\/p>\n<p>\u00abUna muy buena noticia\u00bb, dijo en Twitter el presidente del Parlamento de Catalu\u00f1a, Roger Torrent. \u00abSiempre no hemos dicho: nunca ha habido violencia. El delito de rebeli\u00f3n es totalmente infundado\u00bb, a\u00f1adi\u00f3.<\/p>\n<p>\u00abSe demuestra que la Justicia espa\u00f1ola es una anomal\u00eda europea\u00bb, expres\u00f3 tambi\u00e9n el diputado de JxCAT Josep Costa.<\/p>\n<p>Desde ERC, el diputado Sergi Sabri\u00e0 celebr\u00f3 \u00abmucho que Puigdemont quede en libertad\u00bb. \u00abUn nuevo rev\u00e9s para la injusticia espa\u00f1ola. Nunca ha habido violencia y hoy lo dice tambi\u00e9n la justicia alemana. El delito de rebeli\u00f3n es inexistente\u00bb, escribi\u00f3 en la red social.<\/p>\n<p>\u00abVaya batacazo se acaban de dar\u00bb, expres\u00f3 desde este mismo partido Joan Tard\u00e1 en alusi\u00f3n al Gobierno espa\u00f1ol de Mariano Rajoy.<\/p>\n<p>Las organizaciones civiles independentistas Asamblea Nacional Catalana (ANC) y \u00d2mnium Cultural abonar\u00e1n los 75.000 euros de fianza que la Justicia alemana impuso hoy a Puigdemont, seg\u00fan adelant\u00f3 la agencia espa\u00f1ola Europa Press.<\/p>\n<p>Los fondos salen de la llamada \u00abcaja de solidaridad\u00bb que pusieron en marcha ambas entidades para afrontar las fianzas que han tenido que pagar en los \u00faltimos a\u00f1os los dirigentes soberanistas investigados por el proceso de ruptura con Espa\u00f1a.<\/p>\n<p>Tras el pago del importe, Puigdemont podr\u00e1 salir de la prisi\u00f3n del norte de Alemania en la que est\u00e1 desde que fue detenido en ese pa\u00eds, el 25 de marzo. Ya en libertad y sin poder salir de territorio alem\u00e1n tendr\u00e1 que esperar la decisi\u00f3n del Tribunal Regional Superior (OLG) del estado de Schleswig-Holstein sobre su entrega a Espa\u00f1a, solicitada por el Tribunal Supremo.<\/p>\n","protected":false},"excerpt":{"rendered":"<p>Madrid, 5 abr (dpa) &#8211; El independentismo catal\u00e1n celebr\u00f3 hoy lo que consider\u00f3 un \u00abrev\u00e9s\u00bb para la Justicia espa\u00f1ola despu\u00e9s de que un tribunal alem\u00e1n dictara libertad bajo fianza para el l\u00edder independentista Carles Puigdemont y descartara el delito de rebeli\u00f3n por el que lo proces\u00f3 el Tribunal Supremo espa\u00f1ol. Tanto el partido de Puigdemont, [&hellip;]<\/p>\n","protected":false},"author":1,"featured_media":973562,"comment_status":"closed","ping_status":"closed","sticky":false,"template":"","format":"standard","meta":{"footnotes":""},"categories":[1],"tags":[],"class_list":["post-974953","post","type-post","status-publish","format-standard","has-post-thumbnail","hentry","category-actualidad"],"aioseo_notices":[],"aioseo_head":"\n\t\t<!-- All in One SEO Pro 5.0.1 - aioseo.com -->\n\t<meta name=\"description\" content=\"Madrid, 5 abr (dpa) - El independentismo catal\u00e1n celebr\u00f3 hoy lo que consider\u00f3 un &quot;rev\u00e9s&quot; para la Justicia espa\u00f1ola despu\u00e9s de que un tribunal alem\u00e1n dictara libertad bajo fianza para el l\u00edder independentista Carles Puigdemont y descartara el delito de rebeli\u00f3n por el que lo proces\u00f3 el Tribunal Supremo espa\u00f1ol. Tanto el partido de Puigdemont,\" \/>\n\t<meta name=\"robots\" content=\"max-image-preview:large\" \/>\n\t<meta name=\"author\" content=\"El Digital de Asturias\"\/>\n\t<meta name=\"google-site-verification\" content=\"UA-38556648-1\" \/>\n\t<meta name=\"msvalidate.01\" content=\"7dfe9f3f1b24437ab69f4f2559babe99\" \/>\n\t<meta name=\"keywords\" content=\"actualidad\" \/>\n\t<link rel=\"canonical\" href=\"https:\/\/www.eldigitaldeasturias.com\/noticias\/el-independentismo-catalan-celebra-el-reves-a-la-justicia-espanola\/\" \/>\n\t<meta name=\"generator\" content=\"All in One SEO Pro (AIOSEO) 5.0.1\" \/>\n\t\t<meta property=\"og:locale\" content=\"es_ES\" \/>\n\t\t<meta property=\"og:site_name\" content=\"El Digital de Asturias\" \/>\n\t\t<meta property=\"og:type\" content=\"article\" \/>\n\t\t<meta property=\"og:title\" content=\"El independentismo catal\u00e1n celebra el \u00abrev\u00e9s\u00bb a la Justicia espa\u00f1ola - El Digital de Asturias\" \/>\n\t\t<meta property=\"og:description\" content=\"Madrid, 5 abr (dpa) - El independentismo catal\u00e1n celebr\u00f3 hoy lo que consider\u00f3 un &quot;rev\u00e9s&quot; para la Justicia espa\u00f1ola despu\u00e9s de que un tribunal alem\u00e1n dictara libertad bajo fianza para el l\u00edder independentista Carles Puigdemont y descartara el delito de rebeli\u00f3n por el que lo proces\u00f3 el Tribunal Supremo espa\u00f1ol. Tanto el partido de Puigdemont,\" \/>\n\t\t<meta property=\"og:url\" content=\"https:\/\/www.eldigitaldeasturias.com\/noticias\/el-independentismo-catalan-celebra-el-reves-a-la-justicia-espanola\/\" \/>\n\t\t<meta property=\"article:tag\" content=\"actualidad\" \/>\n\t\t<meta property=\"article:published_time\" content=\"2018-04-06T13:33:18+00:00\" \/>\n\t\t<meta property=\"article:modified_time\" content=\"2018-04-06T13:33:18+00:00\" \/>\n\t\t<meta property=\"article:publisher\" content=\"https:\/\/facebook.com\/eldigitaldeasturias\" \/>\n\t\t<meta name=\"twitter:card\" content=\"summary_large_image\" \/>\n\t\t<meta name=\"twitter:title\" content=\"El independentismo catal\u00e1n celebra el \u00abrev\u00e9s\u00bb a la Justicia espa\u00f1ola - El Digital de Asturias\" \/>\n\t\t<meta name=\"twitter:description\" content=\"Madrid, 5 abr (dpa) - El independentismo catal\u00e1n celebr\u00f3 hoy lo que consider\u00f3 un &quot;rev\u00e9s&quot; para la Justicia espa\u00f1ola despu\u00e9s de que un tribunal alem\u00e1n dictara libertad bajo fianza para el l\u00edder independentista Carles Puigdemont y descartara el delito de rebeli\u00f3n por el que lo proces\u00f3 el Tribunal Supremo espa\u00f1ol. Tanto el partido de Puigdemont,\" \/>\n\t\t<meta name=\"twitter:image\" content=\"https:\/\/www.eldigitaldeasturias.com\/noticias\/wp-content\/uploads\/2020\/12\/EDA-1.jpg\" \/>\n\t\t<meta name=\"twitter:label1\" content=\"Escrito por\" \/>\n\t\t<meta name=\"twitter:data1\" content=\"El Digital de Asturias\" \/>\n\t\t<meta name=\"twitter:label2\" content=\"Tiempo de lectura estimado\" \/>\n\t\t<meta name=\"twitter:data2\" content=\"2 minutos\" \/>\n\t\t<script type=\"application\/ld+json\" class=\"aioseo-schema\">\n\t\t\t{\"@context\":\"https:\\\/\\\/schema.org\",\"@graph\":[{\"@type\":\"BlogPosting\",\"@id\":\"https:\\\/\\\/www.eldigitaldeasturias.com\\\/noticias\\\/el-independentismo-catalan-celebra-el-reves-a-la-justicia-espanola\\\/#blogposting\",\"name\":\"El independentismo catal\\u00e1n celebra el \\u00abrev\\u00e9s\\u00bb a la Justicia espa\\u00f1ola - El Digital de Asturias\",\"headline\":\"El independentismo catal\\u00e1n celebra el \\u00abrev\\u00e9s\\u00bb a la Justicia espa\\u00f1ola\",\"author\":{\"@id\":\"https:\\\/\\\/www.eldigitaldeasturias.com\\\/noticias\\\/author\\\/admin\\\/#author\"},\"publisher\":{\"@id\":\"https:\\\/\\\/www.eldigitaldeasturias.com\\\/noticias\\\/#organization\"},\"image\":{\"@type\":\"ImageObject\",\"url\":973562},\"datePublished\":\"2018-04-06T13:33:18+02:00\",\"dateModified\":\"2018-04-06T13:33:18+02:00\",\"inLanguage\":\"es-ES\",\"mainEntityOfPage\":{\"@id\":\"https:\\\/\\\/www.eldigitaldeasturias.com\\\/noticias\\\/el-independentismo-catalan-celebra-el-reves-a-la-justicia-espanola\\\/#webpage\"},\"isPartOf\":{\"@id\":\"https:\\\/\\\/www.eldigitaldeasturias.com\\\/noticias\\\/el-independentismo-catalan-celebra-el-reves-a-la-justicia-espanola\\\/#webpage\"},\"articleSection\":\"Actualidad\"},{\"@type\":\"BreadcrumbList\",\"@id\":\"https:\\\/\\\/www.eldigitaldeasturias.com\\\/noticias\\\/el-independentismo-catalan-celebra-el-reves-a-la-justicia-espanola\\\/#breadcrumblist\",\"itemListElement\":[{\"@type\":\"ListItem\",\"@id\":\"https:\\\/\\\/www.eldigitaldeasturias.com\\\/noticias#listItem\",\"position\":1,\"name\":\"Home\",\"item\":\"https:\\\/\\\/www.eldigitaldeasturias.com\\\/noticias\",\"nextItem\":{\"@type\":\"ListItem\",\"@id\":\"https:\\\/\\\/www.eldigitaldeasturias.com\\\/noticias\\\/category\\\/actualidad\\\/#listItem\",\"name\":\"Actualidad\"}},{\"@type\":\"ListItem\",\"@id\":\"https:\\\/\\\/www.eldigitaldeasturias.com\\\/noticias\\\/category\\\/actualidad\\\/#listItem\",\"position\":2,\"name\":\"Actualidad\",\"item\":\"https:\\\/\\\/www.eldigitaldeasturias.com\\\/noticias\\\/category\\\/actualidad\\\/\",\"nextItem\":{\"@type\":\"ListItem\",\"@id\":\"https:\\\/\\\/www.eldigitaldeasturias.com\\\/noticias\\\/el-independentismo-catalan-celebra-el-reves-a-la-justicia-espanola\\\/#listItem\",\"name\":\"El independentismo catal\\u00e1n celebra el \\u00abrev\\u00e9s\\u00bb a la Justicia espa\\u00f1ola\"},\"previousItem\":{\"@type\":\"ListItem\",\"@id\":\"https:\\\/\\\/www.eldigitaldeasturias.com\\\/noticias#listItem\",\"name\":\"Home\"}},{\"@type\":\"ListItem\",\"@id\":\"https:\\\/\\\/www.eldigitaldeasturias.com\\\/noticias\\\/el-independentismo-catalan-celebra-el-reves-a-la-justicia-espanola\\\/#listItem\",\"position\":3,\"name\":\"El independentismo catal\\u00e1n celebra el \\u00abrev\\u00e9s\\u00bb a la Justicia espa\\u00f1ola\",\"previousItem\":{\"@type\":\"ListItem\",\"@id\":\"https:\\\/\\\/www.eldigitaldeasturias.com\\\/noticias\\\/category\\\/actualidad\\\/#listItem\",\"name\":\"Actualidad\"}}]},{\"@type\":\"Organization\",\"@id\":\"https:\\\/\\\/www.eldigitaldeasturias.com\\\/noticias\\\/#organization\",\"name\":\"El Digital de Asturias\",\"description\":\"Hemeroteca\",\"url\":\"https:\\\/\\\/www.eldigitaldeasturias.com\\\/noticias\\\/\",\"email\":\"info@eldigitaldeasturias.com\",\"telephone\":\"+34652131393\",\"logo\":{\"@type\":\"ImageObject\",\"url\":\"https:\\\/\\\/www.eldigitaldeasturias.com\\\/noticias\\\/wp-content\\\/uploads\\\/2020\\\/12\\\/EDA.jpg\",\"@id\":\"https:\\\/\\\/www.eldigitaldeasturias.com\\\/noticias\\\/el-independentismo-catalan-celebra-el-reves-a-la-justicia-espanola\\\/#organizationLogo\"},\"image\":{\"@id\":\"https:\\\/\\\/www.eldigitaldeasturias.com\\\/noticias\\\/el-independentismo-catalan-celebra-el-reves-a-la-justicia-espanola\\\/#organizationLogo\"},\"sameAs\":[\"https:\\\/\\\/facebook.com\\\/eldigitaldeasturias\",\"https:\\\/\\\/www.youtube.com\\\/channel\\\/UCZP-2wLEB9Rv6erhFmqVnvg\"],\"address\":{\"@id\":\"https:\\\/\\\/www.eldigitaldeasturias.com\\\/noticias\\\/#postaladdress\",\"@type\":\"PostalAddress\",\"streetAddress\":\"san antonio 4\",\"postalCode\":\"33430\",\"addressLocality\":\"Cand\\u00e1s\",\"addressRegion\":\"Asturias\",\"addressCountry\":\"ES\"}},{\"@type\":\"Person\",\"@id\":\"https:\\\/\\\/www.eldigitaldeasturias.com\\\/noticias\\\/author\\\/admin\\\/#author\",\"url\":\"https:\\\/\\\/www.eldigitaldeasturias.com\\\/noticias\\\/author\\\/admin\\\/\",\"name\":\"El Digital de Asturias\",\"image\":{\"@type\":\"ImageObject\",\"@id\":\"https:\\\/\\\/www.eldigitaldeasturias.com\\\/noticias\\\/el-independentismo-catalan-celebra-el-reves-a-la-justicia-espanola\\\/#authorImage\",\"url\":\"https:\\\/\\\/secure.gravatar.com\\\/avatar\\\/df2aeffc32bcd13f8d26072ef8a91b623d677766deac7f97ca815868cd41bf5e?s=96&d=mm&r=g\",\"width\":96,\"height\":96,\"caption\":\"El Digital de Asturias\"}},{\"@type\":\"WebPage\",\"@id\":\"https:\\\/\\\/www.eldigitaldeasturias.com\\\/noticias\\\/el-independentismo-catalan-celebra-el-reves-a-la-justicia-espanola\\\/#webpage\",\"url\":\"https:\\\/\\\/www.eldigitaldeasturias.com\\\/noticias\\\/el-independentismo-catalan-celebra-el-reves-a-la-justicia-espanola\\\/\",\"name\":\"El independentismo catal\\u00e1n celebra el \\u00abrev\\u00e9s\\u00bb a la Justicia espa\\u00f1ola - El Digital de Asturias\",\"description\":\"Madrid, 5 abr (dpa) - El independentismo catal\\u00e1n celebr\\u00f3 hoy lo que consider\\u00f3 un \\\"rev\\u00e9s\\\" para la Justicia espa\\u00f1ola despu\\u00e9s de que un tribunal alem\\u00e1n dictara libertad bajo fianza para el l\\u00edder independentista Carles Puigdemont y descartara el delito de rebeli\\u00f3n por el que lo proces\\u00f3 el Tribunal Supremo espa\\u00f1ol. Tanto el partido de Puigdemont,\",\"inLanguage\":\"es-ES\",\"isPartOf\":{\"@id\":\"https:\\\/\\\/www.eldigitaldeasturias.com\\\/noticias\\\/#website\"},\"breadcrumb\":{\"@id\":\"https:\\\/\\\/www.eldigitaldeasturias.com\\\/noticias\\\/el-independentismo-catalan-celebra-el-reves-a-la-justicia-espanola\\\/#breadcrumblist\"},\"author\":{\"@id\":\"https:\\\/\\\/www.eldigitaldeasturias.com\\\/noticias\\\/author\\\/admin\\\/#author\"},\"creator\":{\"@id\":\"https:\\\/\\\/www.eldigitaldeasturias.com\\\/noticias\\\/author\\\/admin\\\/#author\"},\"image\":{\"@type\":\"ImageObject\",\"url\":973562,\"@id\":\"https:\\\/\\\/www.eldigitaldeasturias.com\\\/noticias\\\/el-independentismo-catalan-celebra-el-reves-a-la-justicia-espanola\\\/#mainImage\"},\"primaryImageOfPage\":{\"@id\":\"https:\\\/\\\/www.eldigitaldeasturias.com\\\/noticias\\\/el-independentismo-catalan-celebra-el-reves-a-la-justicia-espanola\\\/#mainImage\"},\"datePublished\":\"2018-04-06T13:33:18+02:00\",\"dateModified\":\"2018-04-06T13:33:18+02:00\"},{\"@type\":\"WebSite\",\"@id\":\"https:\\\/\\\/www.eldigitaldeasturias.com\\\/noticias\\\/#website\",\"url\":\"https:\\\/\\\/www.eldigitaldeasturias.com\\\/noticias\\\/\",\"name\":\"El Digital de Asturias - Diario de actualidad y noticias\",\"alternateName\":\"El Digital de Asturias - Diario de actualidad y noticias\",\"description\":\"Hemeroteca\",\"inLanguage\":\"es-ES\",\"publisher\":{\"@id\":\"https:\\\/\\\/www.eldigitaldeasturias.com\\\/noticias\\\/#organization\"}}]}\n\t\t<\/script>\n\t\t<!-- All in One SEO Pro -->\r\n\t\t<title>El independentismo catal\u00e1n celebra el \u00abrev\u00e9s\u00bb a la Justicia espa\u00f1ola - El Digital de Asturias<\/title>\n\n","aioseo_head_json":{"title":"El independentismo catal\u00e1n celebra el \u00abrev\u00e9s\u00bb a la Justicia espa\u00f1ola - El Digital de Asturias","description":"Madrid, 5 abr (dpa) - El independentismo catal\u00e1n celebr\u00f3 hoy lo que consider\u00f3 un \"rev\u00e9s\" para la Justicia espa\u00f1ola despu\u00e9s de que un tribunal alem\u00e1n dictara libertad bajo fianza para el l\u00edder independentista Carles Puigdemont y descartara el delito de rebeli\u00f3n por el que lo proces\u00f3 el Tribunal Supremo espa\u00f1ol. Tanto el partido de Puigdemont,","canonical_url":"https:\/\/www.eldigitaldeasturias.com\/noticias\/el-independentismo-catalan-celebra-el-reves-a-la-justicia-espanola\/","robots":"max-image-preview:large","keywords":"actualidad","webmasterTools":{"google-site-verification":"UA-38556648-1","msvalidate.01":"7dfe9f3f1b24437ab69f4f2559babe99","miscellaneous":""},"schema":{"@context":"https:\/\/schema.org","@graph":[{"@type":"BlogPosting","@id":"https:\/\/www.eldigitaldeasturias.com\/noticias\/el-independentismo-catalan-celebra-el-reves-a-la-justicia-espanola\/#blogposting","name":"El independentismo catal\u00e1n celebra el \u00abrev\u00e9s\u00bb a la Justicia espa\u00f1ola - El Digital de Asturias","headline":"El independentismo catal\u00e1n celebra el \u00abrev\u00e9s\u00bb a la Justicia espa\u00f1ola","author":{"@id":"https:\/\/www.eldigitaldeasturias.com\/noticias\/author\/admin\/#author"},"publisher":{"@id":"https:\/\/www.eldigitaldeasturias.com\/noticias\/#organization"},"image":{"@type":"ImageObject","url":973562},"datePublished":"2018-04-06T13:33:18+02:00","dateModified":"2018-04-06T13:33:18+02:00","inLanguage":"es-ES","mainEntityOfPage":{"@id":"https:\/\/www.eldigitaldeasturias.com\/noticias\/el-independentismo-catalan-celebra-el-reves-a-la-justicia-espanola\/#webpage"},"isPartOf":{"@id":"https:\/\/www.eldigitaldeasturias.com\/noticias\/el-independentismo-catalan-celebra-el-reves-a-la-justicia-espanola\/#webpage"},"articleSection":"Actualidad"},{"@type":"BreadcrumbList","@id":"https:\/\/www.eldigitaldeasturias.com\/noticias\/el-independentismo-catalan-celebra-el-reves-a-la-justicia-espanola\/#breadcrumblist","itemListElement":[{"@type":"ListItem","@id":"https:\/\/www.eldigitaldeasturias.com\/noticias#listItem","position":1,"name":"Home","item":"https:\/\/www.eldigitaldeasturias.com\/noticias","nextItem":{"@type":"ListItem","@id":"https:\/\/www.eldigitaldeasturias.com\/noticias\/category\/actualidad\/#listItem","name":"Actualidad"}},{"@type":"ListItem","@id":"https:\/\/www.eldigitaldeasturias.com\/noticias\/category\/actualidad\/#listItem","position":2,"name":"Actualidad","item":"https:\/\/www.eldigitaldeasturias.com\/noticias\/category\/actualidad\/","nextItem":{"@type":"ListItem","@id":"https:\/\/www.eldigitaldeasturias.com\/noticias\/el-independentismo-catalan-celebra-el-reves-a-la-justicia-espanola\/#listItem","name":"El independentismo catal\u00e1n celebra el \u00abrev\u00e9s\u00bb a la Justicia espa\u00f1ola"},"previousItem":{"@type":"ListItem","@id":"https:\/\/www.eldigitaldeasturias.com\/noticias#listItem","name":"Home"}},{"@type":"ListItem","@id":"https:\/\/www.eldigitaldeasturias.com\/noticias\/el-independentismo-catalan-celebra-el-reves-a-la-justicia-espanola\/#listItem","position":3,"name":"El independentismo catal\u00e1n celebra el \u00abrev\u00e9s\u00bb a la Justicia espa\u00f1ola","previousItem":{"@type":"ListItem","@id":"https:\/\/www.eldigitaldeasturias.com\/noticias\/category\/actualidad\/#listItem","name":"Actualidad"}}]},{"@type":"Organization","@id":"https:\/\/www.eldigitaldeasturias.com\/noticias\/#organization","name":"El Digital de Asturias","description":"Hemeroteca","url":"https:\/\/www.eldigitaldeasturias.com\/noticias\/","email":"info@eldigitaldeasturias.com","telephone":"+34652131393","logo":{"@type":"ImageObject","url":"https:\/\/www.eldigitaldeasturias.com\/noticias\/wp-content\/uploads\/2020\/12\/EDA.jpg","@id":"https:\/\/www.eldigitaldeasturias.com\/noticias\/el-independentismo-catalan-celebra-el-reves-a-la-justicia-espanola\/#organizationLogo"},"image":{"@id":"https:\/\/www.eldigitaldeasturias.com\/noticias\/el-independentismo-catalan-celebra-el-reves-a-la-justicia-espanola\/#organizationLogo"},"sameAs":["https:\/\/facebook.com\/eldigitaldeasturias","https:\/\/www.youtube.com\/channel\/UCZP-2wLEB9Rv6erhFmqVnvg"],"address":{"@id":"https:\/\/www.eldigitaldeasturias.com\/noticias\/#postaladdress","@type":"PostalAddress","streetAddress":"san antonio 4","postalCode":"33430","addressLocality":"Cand\u00e1s","addressRegion":"Asturias","addressCountry":"ES"}},{"@type":"Person","@id":"https:\/\/www.eldigitaldeasturias.com\/noticias\/author\/admin\/#author","url":"https:\/\/www.eldigitaldeasturias.com\/noticias\/author\/admin\/","name":"El Digital de Asturias","image":{"@type":"ImageObject","@id":"https:\/\/www.eldigitaldeasturias.com\/noticias\/el-independentismo-catalan-celebra-el-reves-a-la-justicia-espanola\/#authorImage","url":"https:\/\/secure.gravatar.com\/avatar\/df2aeffc32bcd13f8d26072ef8a91b623d677766deac7f97ca815868cd41bf5e?s=96&d=mm&r=g","width":96,"height":96,"caption":"El Digital de Asturias"}},{"@type":"WebPage","@id":"https:\/\/www.eldigitaldeasturias.com\/noticias\/el-independentismo-catalan-celebra-el-reves-a-la-justicia-espanola\/#webpage","url":"https:\/\/www.eldigitaldeasturias.com\/noticias\/el-independentismo-catalan-celebra-el-reves-a-la-justicia-espanola\/","name":"El independentismo catal\u00e1n celebra el \u00abrev\u00e9s\u00bb a la Justicia espa\u00f1ola - El Digital de Asturias","description":"Madrid, 5 abr (dpa) - El independentismo catal\u00e1n celebr\u00f3 hoy lo que consider\u00f3 un \"rev\u00e9s\" para la Justicia espa\u00f1ola despu\u00e9s de que un tribunal alem\u00e1n dictara libertad bajo fianza para el l\u00edder independentista Carles Puigdemont y descartara el delito de rebeli\u00f3n por el que lo proces\u00f3 el Tribunal Supremo espa\u00f1ol. Tanto el partido de Puigdemont,","inLanguage":"es-ES","isPartOf":{"@id":"https:\/\/www.eldigitaldeasturias.com\/noticias\/#website"},"breadcrumb":{"@id":"https:\/\/www.eldigitaldeasturias.com\/noticias\/el-independentismo-catalan-celebra-el-reves-a-la-justicia-espanola\/#breadcrumblist"},"author":{"@id":"https:\/\/www.eldigitaldeasturias.com\/noticias\/author\/admin\/#author"},"creator":{"@id":"https:\/\/www.eldigitaldeasturias.com\/noticias\/author\/admin\/#author"},"image":{"@type":"ImageObject","url":973562,"@id":"https:\/\/www.eldigitaldeasturias.com\/noticias\/el-independentismo-catalan-celebra-el-reves-a-la-justicia-espanola\/#mainImage"},"primaryImageOfPage":{"@id":"https:\/\/www.eldigitaldeasturias.com\/noticias\/el-independentismo-catalan-celebra-el-reves-a-la-justicia-espanola\/#mainImage"},"datePublished":"2018-04-06T13:33:18+02:00","dateModified":"2018-04-06T13:33:18+02:00"},{"@type":"WebSite","@id":"https:\/\/www.eldigitaldeasturias.com\/noticias\/#website","url":"https:\/\/www.eldigitaldeasturias.com\/noticias\/","name":"El Digital de Asturias - Diario de actualidad y noticias","alternateName":"El Digital de Asturias - Diario de actualidad y noticias","description":"Hemeroteca","inLanguage":"es-ES","publisher":{"@id":"https:\/\/www.eldigitaldeasturias.com\/noticias\/#organization"}}]},"og:locale":"es_ES","og:site_name":"El Digital de Asturias","og:type":"article","og:title":"El independentismo catal\u00e1n celebra el \u00abrev\u00e9s\u00bb a la Justicia espa\u00f1ola - El Digital de Asturias","og:description":"Madrid, 5 abr (dpa) - El independentismo catal\u00e1n celebr\u00f3 hoy lo que consider\u00f3 un &quot;rev\u00e9s&quot; para la Justicia espa\u00f1ola despu\u00e9s de que un tribunal alem\u00e1n dictara libertad bajo fianza para el l\u00edder independentista Carles Puigdemont y descartara el delito de rebeli\u00f3n por el que lo proces\u00f3 el Tribunal Supremo espa\u00f1ol. Tanto el partido de Puigdemont,","og:url":"https:\/\/www.eldigitaldeasturias.com\/noticias\/el-independentismo-catalan-celebra-el-reves-a-la-justicia-espanola\/","article:tag":["actualidad"],"article:published_time":"2018-04-06T13:33:18+00:00","article:modified_time":"2018-04-06T13:33:18+00:00","article:publisher":"https:\/\/facebook.com\/eldigitaldeasturias","twitter:card":"summary_large_image","twitter:title":"El independentismo catal\u00e1n celebra el \u00abrev\u00e9s\u00bb a la Justicia espa\u00f1ola - El Digital de Asturias","twitter:description":"Madrid, 5 abr (dpa) - El independentismo catal\u00e1n celebr\u00f3 hoy lo que consider\u00f3 un &quot;rev\u00e9s&quot; para la Justicia espa\u00f1ola despu\u00e9s de que un tribunal alem\u00e1n dictara libertad bajo fianza para el l\u00edder independentista Carles Puigdemont y descartara el delito de rebeli\u00f3n por el que lo proces\u00f3 el Tribunal Supremo espa\u00f1ol. Tanto el partido de Puigdemont,","twitter:image":"https:\/\/www.eldigitaldeasturias.com\/noticias\/wp-content\/uploads\/2020\/12\/EDA-1.jpg","twitter:label1":"Escrito por","twitter:data1":"El Digital de Asturias","twitter:label2":"Tiempo de lectura estimado","twitter:data2":"2 minutos"},"aioseo_meta_data":{"post_id":"974953","title":null,"description":null,"keywords":null,"keyphrases":null,"primary_term":null,"canonical_url":null,"og_title":null,"og_description":null,"og_object_type":"default","og_image_type":"default","og_image_url":null,"og_image_width":null,"og_image_height":null,"og_image_custom_url":null,"og_image_custom_fields":null,"og_video":null,"og_custom_url":null,"og_article_section":null,"og_article_tags":null,"twitter_use_og":false,"twitter_card":"default","twitter_image_type":"default","twitter_image_url":null,"twitter_image_custom_url":null,"twitter_image_custom_fields":null,"twitter_title":null,"twitter_description":null,"schema":{"blockGraphs":[],"customGraphs":[],"default":{"data":{"Article":[],"Course":[],"Dataset":[],"FAQPage":[],"Movie":[],"Person":[],"Product":[],"ProductReview":[],"Car":[],"Recipe":[],"Service":[],"SoftwareApplication":[],"WebPage":[]},"graphName":"","isEnabled":true},"graphs":[],"defaultGraph":"","defaultPostTypeGraph":""},"schema_type":null,"schema_type_options":null,"pillar_content":false,"robots_default":true,"robots_noindex":false,"robots_noarchive":false,"robots_nosnippet":false,"robots_nofollow":false,"robots_noimageindex":false,"robots_noodp":false,"robots_notranslate":false,"robots_max_snippet":null,"robots_max_videopreview":null,"robots_max_imagepreview":"large","priority":null,"frequency":null,"local_seo":null,"seo_analyzer_scan_date":"2025-10-07 22:09:02","breadcrumb_settings":null,"limit_modified_date":false,"open_ai":null,"ai":null,"created":"2020-12-21 12:12:38","updated":"2025-10-07 22:09:02","focus_keyword":null,"additional_keywords":null,"truseo_locale":null},"aioseo_breadcrumb":"<div class=\"aioseo-breadcrumbs\"><span class=\"aioseo-breadcrumb\">\n\t<a href=\"https:\/\/www.eldigitaldeasturias.com\/noticias\" title=\"Home\">Home<\/a>\n<\/span><span class=\"aioseo-breadcrumb-separator\">\u2013<\/span><span class=\"aioseo-breadcrumb\">\n\t<a href=\"https:\/\/www.eldigitaldeasturias.com\/noticias\/category\/actualidad\/\" title=\"Actualidad\">Actualidad<\/a>\n<\/span><span class=\"aioseo-breadcrumb-separator\">\u2013<\/span><span class=\"aioseo-breadcrumb\">\n\t<a href=\"https:\/\/www.eldigitaldeasturias.com\/noticias\/el-independentismo-catalan-celebra-el-reves-a-la-justicia-espanola\/\" title=\"El independentismo catal\u00e1n celebra el \u00abrev\u00e9s\u00bb a la Justicia espa\u00f1ola\">El independentismo catal\u00e1n celebra el \u00abrev\u00e9s\u00bb a la Justicia espa\u00f1ola<\/a>\n<\/span><\/div>","aioseo_breadcrumb_json":[{"label":"Home","link":"https:\/\/www.eldigitaldeasturias.com\/noticias"},{"label":"Actualidad","link":"https:\/\/www.eldigitaldeasturias.com\/noticias\/category\/actualidad\/"},{"label":"El independentismo catal\u00e1n celebra el \u00abrev\u00e9s\u00bb a la Justicia espa\u00f1ola","link":"https:\/\/www.eldigitaldeasturias.com\/noticias\/el-independentismo-catalan-celebra-el-reves-a-la-justicia-espanola\/"}],"_links":{"self":[{"href":"https:\/\/www.eldigitaldeasturias.com\/noticias\/wp-json\/wp\/v2\/posts\/974953","targetHints":{"allow":["GET"]}}],"collection":[{"href":"https:\/\/www.eldigitaldeasturias.com\/noticias\/wp-json\/wp\/v2\/posts"}],"about":[{"href":"https:\/\/www.eldigitaldeasturias.com\/noticias\/wp-json\/wp\/v2\/types\/post"}],"author":[{"embeddable":true,"href":"https:\/\/www.eldigitaldeasturias.com\/noticias\/wp-json\/wp\/v2\/users\/1"}],"replies":[{"embeddable":true,"href":"https:\/\/www.eldigitaldeasturias.com\/noticias\/wp-json\/wp\/v2\/comments?post=974953"}],"version-history":[{"count":0,"href":"https:\/\/www.eldigitaldeasturias.com\/noticias\/wp-json\/wp\/v2\/posts\/974953\/revisions"}],"wp:attachment":[{"href":"https:\/\/www.eldigitaldeasturias.com\/noticias\/wp-json\/wp\/v2\/media?parent=974953"}],"wp:term":[{"taxonomy":"category","embeddable":true,"href":"https:\/\/www.eldigitaldeasturias.com\/noticias\/wp-json\/wp\/v2\/categories?post=974953"},{"taxonomy":"post_tag","embeddable":true,"href":"https:\/\/www.eldigitaldeasturias.com\/noticias\/wp-json\/wp\/v2\/tags?post=974953"}],"curies":[{"name":"wp","href":"https:\/\/api.w.org\/{rel}","templated":true}]}}