{"id":974943,"date":"2018-04-06T02:49:49","date_gmt":"2018-04-06T02:49:49","guid":{"rendered":"http:\/\/www.eldigitaldeasturias.com\/noticias\/?p=974943"},"modified":"2018-04-06T02:49:50","modified_gmt":"2018-04-06T02:49:50","slug":"pollenca-acoge-este-sabado-la-primera-feria-intercultural-de-mallorca-y-oriente","status":"publish","type":"post","link":"https:\/\/www.eldigitaldeasturias.com\/noticias\/pollenca-acoge-este-sabado-la-primera-feria-intercultural-de-mallorca-y-oriente\/","title":{"rendered":"Pollen\u00e7a acoge este s\u00e1bado la primera feria intercultural de Mallorca y Oriente"},"content":{"rendered":"<p><img loading=\"lazy\" decoding=\"async\" class=\"alignleft size-medium wp-image-974944\" src=\"https:\/\/www.eldigitaldeasturias.com\/noticias\/wp-content\/uploads\/2018\/04\/yayoy-360x271.jpg\" alt=\"\" width=\"360\" height=\"271\" \/>Pollen\u00e7a acoge este s\u00e1bado la primera feria intercultural de Mallorca y Oriente bajo la denominaci\u00f3n del \u201cFestival de les Flors\u201d. El acontecimiento est\u00e1 organizado por la entidad juvenil ONIT, presidida por Mois\u00e9s Cifre, que lo ha presentado hoy al mediod\u00eda en el Claustro de Sant Domingo junto con el alcalde Miquel \u00c0ngel March y el presidente de la Asociaci\u00f3n China de Balears (ACHINIB), Fang Ji, y otros participantes. En el acontecimiento participar\u00e1n m\u00e1s de 200 voluntarios, y decenas de puestos y artistas. Es tambi\u00e9n la primera vez que la asociaci\u00f3n ACHINIB se suma a una actividad fuera de Palma.<\/p>\n<p>Cifre ha explicado que \u201cqueremos demostrar nuestra labor diaria y lo enmarcamos bajo un intercambio cultural denominado Yayoi Matsuri o festival de las flores que tendr\u00e1 lugar el pr\u00f3ximo d\u00eda 7 de abril de 11.00 a 19.00 h en el claustro de Sant Domingo y estar\u00e1 abierto a todo el p\u00fablico en general. Contaremos con talleres, exposiciones, exhibiciones, comidas de cada zona, un poco de frikiday, stands de asociaciones, stands florales, etc\u201d.<\/p>\n<p>March se ha mostrado sorprendido \u201cdel gran eco que ha tenido ya el acontecimiento, que ha despertado el inter\u00e9s en otros municipios, y del n\u00famero de voluntarios, 200\u201d .<\/p>\n<p>Por su parte, Fang Ji ha destacado que \u201cpara la comunidad china es importante estar activos tambi\u00e9n fuera de Palma en todo lo que podamos ayudar\u201d.<\/p>\n<p>En palabras de Cifre, \u201cdesde hace tres a\u00f1os funciona la Asociaci\u00f3n Juvenil Onit. Somos una asociaci\u00f3n con ganas de movernos y hacer actividades, de poder echar una mano y establecer lazos de colaboraci\u00f3n entre otras entidades, educar en respeto y solidaridad. Somos j\u00f3venes y no tan j\u00f3venes, no tenemos un espacio para poder desarrollar nuestra tarea y aun as\u00ed organizamos poco a poco actividades como la que hoy os presentamos. Podemos destacar el gran acto inaugural a las 11.00 h con la danza de leones que llevar\u00e1 la asociaci\u00f3n china de las Islas Baleares, a quienes estamos muy agradecidos por su aportaci\u00f3n. Tambi\u00e9n habr\u00e1 una exposici\u00f3n que se titula \u201carte unido + arte\u201d organizada por Ada Mart\u00ednez y un pu\u00f1ado de actuaciones y talleres organizado. En total, 64 colaboraciones diferentes. Para finalizar queremos dar las gracias a todos nuestros colaboradores y una menci\u00f3n especial al Ayuntamiento de Pollen\u00e7a\u201d.<\/p>\n","protected":false},"excerpt":{"rendered":"<p>Pollen\u00e7a acoge este s\u00e1bado la primera feria intercultural de Mallorca y Oriente bajo la denominaci\u00f3n del \u201cFestival de les Flors\u201d. El acontecimiento est\u00e1 organizado por la entidad juvenil ONIT, presidida por Mois\u00e9s Cifre, que lo ha presentado hoy al mediod\u00eda en el Claustro de Sant Domingo junto con el alcalde Miquel \u00c0ngel March y el [&hellip;]<\/p>\n","protected":false},"author":1,"featured_media":974944,"comment_status":"closed","ping_status":"closed","sticky":false,"template":"","format":"standard","meta":{"footnotes":""},"categories":[1],"tags":[],"class_list":["post-974943","post","type-post","status-publish","format-standard","has-post-thumbnail","hentry","category-actualidad"],"aioseo_notices":[],"aioseo_head":"\n\t\t<!-- All in One SEO Pro 5.0.1 - aioseo.com -->\n\t<meta name=\"description\" content=\"Pollen\u00e7a acoge este s\u00e1bado la primera feria intercultural de Mallorca y Oriente bajo la denominaci\u00f3n del \u201cFestival de les Flors\u201d. El acontecimiento est\u00e1 organizado por la entidad juvenil ONIT, presidida por Mois\u00e9s Cifre, que lo ha presentado hoy al mediod\u00eda en el Claustro de Sant Domingo junto con el alcalde Miquel \u00c0ngel March y el\" \/>\n\t<meta name=\"robots\" content=\"max-image-preview:large\" \/>\n\t<meta name=\"author\" content=\"El Digital de Asturias\"\/>\n\t<meta name=\"google-site-verification\" content=\"UA-38556648-1\" \/>\n\t<meta name=\"msvalidate.01\" content=\"7dfe9f3f1b24437ab69f4f2559babe99\" \/>\n\t<meta name=\"keywords\" content=\"actualidad\" \/>\n\t<link rel=\"canonical\" href=\"https:\/\/www.eldigitaldeasturias.com\/noticias\/pollenca-acoge-este-sabado-la-primera-feria-intercultural-de-mallorca-y-oriente\/\" \/>\n\t<meta name=\"generator\" content=\"All in One SEO Pro (AIOSEO) 5.0.1\" \/>\n\t\t<meta property=\"og:locale\" content=\"es_ES\" \/>\n\t\t<meta property=\"og:site_name\" content=\"El Digital de Asturias\" \/>\n\t\t<meta property=\"og:type\" content=\"article\" \/>\n\t\t<meta property=\"og:title\" content=\"Pollen\u00e7a acoge este s\u00e1bado la primera feria intercultural de Mallorca y Oriente - El Digital de Asturias\" \/>\n\t\t<meta property=\"og:description\" content=\"Pollen\u00e7a acoge este s\u00e1bado la primera feria intercultural de Mallorca y Oriente bajo la denominaci\u00f3n del \u201cFestival de les Flors\u201d. El acontecimiento est\u00e1 organizado por la entidad juvenil ONIT, presidida por Mois\u00e9s Cifre, que lo ha presentado hoy al mediod\u00eda en el Claustro de Sant Domingo junto con el alcalde Miquel \u00c0ngel March y el\" \/>\n\t\t<meta property=\"og:url\" content=\"https:\/\/www.eldigitaldeasturias.com\/noticias\/pollenca-acoge-este-sabado-la-primera-feria-intercultural-de-mallorca-y-oriente\/\" \/>\n\t\t<meta property=\"article:tag\" content=\"actualidad\" \/>\n\t\t<meta property=\"article:published_time\" content=\"2018-04-06T02:49:49+00:00\" \/>\n\t\t<meta property=\"article:modified_time\" content=\"2018-04-06T02:49:50+00:00\" \/>\n\t\t<meta property=\"article:publisher\" content=\"https:\/\/facebook.com\/eldigitaldeasturias\" \/>\n\t\t<meta name=\"twitter:card\" content=\"summary_large_image\" \/>\n\t\t<meta name=\"twitter:title\" content=\"Pollen\u00e7a acoge este s\u00e1bado la primera feria intercultural de Mallorca y Oriente - El Digital de Asturias\" \/>\n\t\t<meta name=\"twitter:description\" content=\"Pollen\u00e7a acoge este s\u00e1bado la primera feria intercultural de Mallorca y Oriente bajo la denominaci\u00f3n del \u201cFestival de les Flors\u201d. El acontecimiento est\u00e1 organizado por la entidad juvenil ONIT, presidida por Mois\u00e9s Cifre, que lo ha presentado hoy al mediod\u00eda en el Claustro de Sant Domingo junto con el alcalde Miquel \u00c0ngel March y el\" \/>\n\t\t<meta name=\"twitter:image\" content=\"https:\/\/www.eldigitaldeasturias.com\/noticias\/wp-content\/uploads\/2020\/12\/EDA-1.jpg\" \/>\n\t\t<meta name=\"twitter:label1\" content=\"Escrito por\" \/>\n\t\t<meta name=\"twitter:data1\" content=\"El Digital de Asturias\" \/>\n\t\t<meta name=\"twitter:label2\" content=\"Tiempo de lectura estimado\" \/>\n\t\t<meta name=\"twitter:data2\" content=\"2 minutos\" \/>\n\t\t<script type=\"application\/ld+json\" class=\"aioseo-schema\">\n\t\t\t{\"@context\":\"https:\\\/\\\/schema.org\",\"@graph\":[{\"@type\":\"BlogPosting\",\"@id\":\"https:\\\/\\\/www.eldigitaldeasturias.com\\\/noticias\\\/pollenca-acoge-este-sabado-la-primera-feria-intercultural-de-mallorca-y-oriente\\\/#blogposting\",\"name\":\"Pollen\\u00e7a acoge este s\\u00e1bado la primera feria intercultural de Mallorca y Oriente - El Digital de Asturias\",\"headline\":\"Pollen\\u00e7a acoge este s\\u00e1bado la primera feria intercultural de Mallorca y Oriente\",\"author\":{\"@id\":\"https:\\\/\\\/www.eldigitaldeasturias.com\\\/noticias\\\/author\\\/admin\\\/#author\"},\"publisher\":{\"@id\":\"https:\\\/\\\/www.eldigitaldeasturias.com\\\/noticias\\\/#organization\"},\"image\":{\"@type\":\"ImageObject\",\"url\":974944},\"datePublished\":\"2018-04-06T02:49:49+02:00\",\"dateModified\":\"2018-04-06T02:49:50+02:00\",\"inLanguage\":\"es-ES\",\"mainEntityOfPage\":{\"@id\":\"https:\\\/\\\/www.eldigitaldeasturias.com\\\/noticias\\\/pollenca-acoge-este-sabado-la-primera-feria-intercultural-de-mallorca-y-oriente\\\/#webpage\"},\"isPartOf\":{\"@id\":\"https:\\\/\\\/www.eldigitaldeasturias.com\\\/noticias\\\/pollenca-acoge-este-sabado-la-primera-feria-intercultural-de-mallorca-y-oriente\\\/#webpage\"},\"articleSection\":\"Actualidad\"},{\"@type\":\"BreadcrumbList\",\"@id\":\"https:\\\/\\\/www.eldigitaldeasturias.com\\\/noticias\\\/pollenca-acoge-este-sabado-la-primera-feria-intercultural-de-mallorca-y-oriente\\\/#breadcrumblist\",\"itemListElement\":[{\"@type\":\"ListItem\",\"@id\":\"https:\\\/\\\/www.eldigitaldeasturias.com\\\/noticias#listItem\",\"position\":1,\"name\":\"Home\",\"item\":\"https:\\\/\\\/www.eldigitaldeasturias.com\\\/noticias\",\"nextItem\":{\"@type\":\"ListItem\",\"@id\":\"https:\\\/\\\/www.eldigitaldeasturias.com\\\/noticias\\\/category\\\/actualidad\\\/#listItem\",\"name\":\"Actualidad\"}},{\"@type\":\"ListItem\",\"@id\":\"https:\\\/\\\/www.eldigitaldeasturias.com\\\/noticias\\\/category\\\/actualidad\\\/#listItem\",\"position\":2,\"name\":\"Actualidad\",\"item\":\"https:\\\/\\\/www.eldigitaldeasturias.com\\\/noticias\\\/category\\\/actualidad\\\/\",\"nextItem\":{\"@type\":\"ListItem\",\"@id\":\"https:\\\/\\\/www.eldigitaldeasturias.com\\\/noticias\\\/pollenca-acoge-este-sabado-la-primera-feria-intercultural-de-mallorca-y-oriente\\\/#listItem\",\"name\":\"Pollen\\u00e7a acoge este s\\u00e1bado la primera feria intercultural de Mallorca y Oriente\"},\"previousItem\":{\"@type\":\"ListItem\",\"@id\":\"https:\\\/\\\/www.eldigitaldeasturias.com\\\/noticias#listItem\",\"name\":\"Home\"}},{\"@type\":\"ListItem\",\"@id\":\"https:\\\/\\\/www.eldigitaldeasturias.com\\\/noticias\\\/pollenca-acoge-este-sabado-la-primera-feria-intercultural-de-mallorca-y-oriente\\\/#listItem\",\"position\":3,\"name\":\"Pollen\\u00e7a acoge este s\\u00e1bado la primera feria intercultural de Mallorca y Oriente\",\"previousItem\":{\"@type\":\"ListItem\",\"@id\":\"https:\\\/\\\/www.eldigitaldeasturias.com\\\/noticias\\\/category\\\/actualidad\\\/#listItem\",\"name\":\"Actualidad\"}}]},{\"@type\":\"Organization\",\"@id\":\"https:\\\/\\\/www.eldigitaldeasturias.com\\\/noticias\\\/#organization\",\"name\":\"El Digital de Asturias\",\"description\":\"Hemeroteca\",\"url\":\"https:\\\/\\\/www.eldigitaldeasturias.com\\\/noticias\\\/\",\"email\":\"info@eldigitaldeasturias.com\",\"telephone\":\"+34652131393\",\"logo\":{\"@type\":\"ImageObject\",\"url\":\"https:\\\/\\\/www.eldigitaldeasturias.com\\\/noticias\\\/wp-content\\\/uploads\\\/2020\\\/12\\\/EDA.jpg\",\"@id\":\"https:\\\/\\\/www.eldigitaldeasturias.com\\\/noticias\\\/pollenca-acoge-este-sabado-la-primera-feria-intercultural-de-mallorca-y-oriente\\\/#organizationLogo\"},\"image\":{\"@id\":\"https:\\\/\\\/www.eldigitaldeasturias.com\\\/noticias\\\/pollenca-acoge-este-sabado-la-primera-feria-intercultural-de-mallorca-y-oriente\\\/#organizationLogo\"},\"sameAs\":[\"https:\\\/\\\/facebook.com\\\/eldigitaldeasturias\",\"https:\\\/\\\/www.youtube.com\\\/channel\\\/UCZP-2wLEB9Rv6erhFmqVnvg\"],\"address\":{\"@id\":\"https:\\\/\\\/www.eldigitaldeasturias.com\\\/noticias\\\/#postaladdress\",\"@type\":\"PostalAddress\",\"streetAddress\":\"san antonio 4\",\"postalCode\":\"33430\",\"addressLocality\":\"Cand\\u00e1s\",\"addressRegion\":\"Asturias\",\"addressCountry\":\"ES\"}},{\"@type\":\"Person\",\"@id\":\"https:\\\/\\\/www.eldigitaldeasturias.com\\\/noticias\\\/author\\\/admin\\\/#author\",\"url\":\"https:\\\/\\\/www.eldigitaldeasturias.com\\\/noticias\\\/author\\\/admin\\\/\",\"name\":\"El Digital de Asturias\",\"image\":{\"@type\":\"ImageObject\",\"@id\":\"https:\\\/\\\/www.eldigitaldeasturias.com\\\/noticias\\\/pollenca-acoge-este-sabado-la-primera-feria-intercultural-de-mallorca-y-oriente\\\/#authorImage\",\"url\":\"https:\\\/\\\/secure.gravatar.com\\\/avatar\\\/df2aeffc32bcd13f8d26072ef8a91b623d677766deac7f97ca815868cd41bf5e?s=96&d=mm&r=g\",\"width\":96,\"height\":96,\"caption\":\"El Digital de Asturias\"}},{\"@type\":\"WebPage\",\"@id\":\"https:\\\/\\\/www.eldigitaldeasturias.com\\\/noticias\\\/pollenca-acoge-este-sabado-la-primera-feria-intercultural-de-mallorca-y-oriente\\\/#webpage\",\"url\":\"https:\\\/\\\/www.eldigitaldeasturias.com\\\/noticias\\\/pollenca-acoge-este-sabado-la-primera-feria-intercultural-de-mallorca-y-oriente\\\/\",\"name\":\"Pollen\\u00e7a acoge este s\\u00e1bado la primera feria intercultural de Mallorca y Oriente - El Digital de Asturias\",\"description\":\"Pollen\\u00e7a acoge este s\\u00e1bado la primera feria intercultural de Mallorca y Oriente bajo la denominaci\\u00f3n del \\u201cFestival de les Flors\\u201d. El acontecimiento est\\u00e1 organizado por la entidad juvenil ONIT, presidida por Mois\\u00e9s Cifre, que lo ha presentado hoy al mediod\\u00eda en el Claustro de Sant Domingo junto con el alcalde Miquel \\u00c0ngel March y el\",\"inLanguage\":\"es-ES\",\"isPartOf\":{\"@id\":\"https:\\\/\\\/www.eldigitaldeasturias.com\\\/noticias\\\/#website\"},\"breadcrumb\":{\"@id\":\"https:\\\/\\\/www.eldigitaldeasturias.com\\\/noticias\\\/pollenca-acoge-este-sabado-la-primera-feria-intercultural-de-mallorca-y-oriente\\\/#breadcrumblist\"},\"author\":{\"@id\":\"https:\\\/\\\/www.eldigitaldeasturias.com\\\/noticias\\\/author\\\/admin\\\/#author\"},\"creator\":{\"@id\":\"https:\\\/\\\/www.eldigitaldeasturias.com\\\/noticias\\\/author\\\/admin\\\/#author\"},\"image\":{\"@type\":\"ImageObject\",\"url\":974944,\"@id\":\"https:\\\/\\\/www.eldigitaldeasturias.com\\\/noticias\\\/pollenca-acoge-este-sabado-la-primera-feria-intercultural-de-mallorca-y-oriente\\\/#mainImage\"},\"primaryImageOfPage\":{\"@id\":\"https:\\\/\\\/www.eldigitaldeasturias.com\\\/noticias\\\/pollenca-acoge-este-sabado-la-primera-feria-intercultural-de-mallorca-y-oriente\\\/#mainImage\"},\"datePublished\":\"2018-04-06T02:49:49+02:00\",\"dateModified\":\"2018-04-06T02:49:50+02:00\"},{\"@type\":\"WebSite\",\"@id\":\"https:\\\/\\\/www.eldigitaldeasturias.com\\\/noticias\\\/#website\",\"url\":\"https:\\\/\\\/www.eldigitaldeasturias.com\\\/noticias\\\/\",\"name\":\"El Digital de Asturias - Diario de actualidad y noticias\",\"alternateName\":\"El Digital de Asturias - Diario de actualidad y noticias\",\"description\":\"Hemeroteca\",\"inLanguage\":\"es-ES\",\"publisher\":{\"@id\":\"https:\\\/\\\/www.eldigitaldeasturias.com\\\/noticias\\\/#organization\"}}]}\n\t\t<\/script>\n\t\t<!-- All in One SEO Pro -->\r\n\t\t<title>Pollen\u00e7a acoge este s\u00e1bado la primera feria intercultural de Mallorca y Oriente - El Digital de Asturias<\/title>\n\n","aioseo_head_json":{"title":"Pollen\u00e7a acoge este s\u00e1bado la primera feria intercultural de Mallorca y Oriente - El Digital de Asturias","description":"Pollen\u00e7a acoge este s\u00e1bado la primera feria intercultural de Mallorca y Oriente bajo la denominaci\u00f3n del \u201cFestival de les Flors\u201d. El acontecimiento est\u00e1 organizado por la entidad juvenil ONIT, presidida por Mois\u00e9s Cifre, que lo ha presentado hoy al mediod\u00eda en el Claustro de Sant Domingo junto con el alcalde Miquel \u00c0ngel March y el","canonical_url":"https:\/\/www.eldigitaldeasturias.com\/noticias\/pollenca-acoge-este-sabado-la-primera-feria-intercultural-de-mallorca-y-oriente\/","robots":"max-image-preview:large","keywords":"actualidad","webmasterTools":{"google-site-verification":"UA-38556648-1","msvalidate.01":"7dfe9f3f1b24437ab69f4f2559babe99","miscellaneous":""},"schema":{"@context":"https:\/\/schema.org","@graph":[{"@type":"BlogPosting","@id":"https:\/\/www.eldigitaldeasturias.com\/noticias\/pollenca-acoge-este-sabado-la-primera-feria-intercultural-de-mallorca-y-oriente\/#blogposting","name":"Pollen\u00e7a acoge este s\u00e1bado la primera feria intercultural de Mallorca y Oriente - El Digital de Asturias","headline":"Pollen\u00e7a acoge este s\u00e1bado la primera feria intercultural de Mallorca y Oriente","author":{"@id":"https:\/\/www.eldigitaldeasturias.com\/noticias\/author\/admin\/#author"},"publisher":{"@id":"https:\/\/www.eldigitaldeasturias.com\/noticias\/#organization"},"image":{"@type":"ImageObject","url":974944},"datePublished":"2018-04-06T02:49:49+02:00","dateModified":"2018-04-06T02:49:50+02:00","inLanguage":"es-ES","mainEntityOfPage":{"@id":"https:\/\/www.eldigitaldeasturias.com\/noticias\/pollenca-acoge-este-sabado-la-primera-feria-intercultural-de-mallorca-y-oriente\/#webpage"},"isPartOf":{"@id":"https:\/\/www.eldigitaldeasturias.com\/noticias\/pollenca-acoge-este-sabado-la-primera-feria-intercultural-de-mallorca-y-oriente\/#webpage"},"articleSection":"Actualidad"},{"@type":"BreadcrumbList","@id":"https:\/\/www.eldigitaldeasturias.com\/noticias\/pollenca-acoge-este-sabado-la-primera-feria-intercultural-de-mallorca-y-oriente\/#breadcrumblist","itemListElement":[{"@type":"ListItem","@id":"https:\/\/www.eldigitaldeasturias.com\/noticias#listItem","position":1,"name":"Home","item":"https:\/\/www.eldigitaldeasturias.com\/noticias","nextItem":{"@type":"ListItem","@id":"https:\/\/www.eldigitaldeasturias.com\/noticias\/category\/actualidad\/#listItem","name":"Actualidad"}},{"@type":"ListItem","@id":"https:\/\/www.eldigitaldeasturias.com\/noticias\/category\/actualidad\/#listItem","position":2,"name":"Actualidad","item":"https:\/\/www.eldigitaldeasturias.com\/noticias\/category\/actualidad\/","nextItem":{"@type":"ListItem","@id":"https:\/\/www.eldigitaldeasturias.com\/noticias\/pollenca-acoge-este-sabado-la-primera-feria-intercultural-de-mallorca-y-oriente\/#listItem","name":"Pollen\u00e7a acoge este s\u00e1bado la primera feria intercultural de Mallorca y Oriente"},"previousItem":{"@type":"ListItem","@id":"https:\/\/www.eldigitaldeasturias.com\/noticias#listItem","name":"Home"}},{"@type":"ListItem","@id":"https:\/\/www.eldigitaldeasturias.com\/noticias\/pollenca-acoge-este-sabado-la-primera-feria-intercultural-de-mallorca-y-oriente\/#listItem","position":3,"name":"Pollen\u00e7a acoge este s\u00e1bado la primera feria intercultural de Mallorca y Oriente","previousItem":{"@type":"ListItem","@id":"https:\/\/www.eldigitaldeasturias.com\/noticias\/category\/actualidad\/#listItem","name":"Actualidad"}}]},{"@type":"Organization","@id":"https:\/\/www.eldigitaldeasturias.com\/noticias\/#organization","name":"El Digital de Asturias","description":"Hemeroteca","url":"https:\/\/www.eldigitaldeasturias.com\/noticias\/","email":"info@eldigitaldeasturias.com","telephone":"+34652131393","logo":{"@type":"ImageObject","url":"https:\/\/www.eldigitaldeasturias.com\/noticias\/wp-content\/uploads\/2020\/12\/EDA.jpg","@id":"https:\/\/www.eldigitaldeasturias.com\/noticias\/pollenca-acoge-este-sabado-la-primera-feria-intercultural-de-mallorca-y-oriente\/#organizationLogo"},"image":{"@id":"https:\/\/www.eldigitaldeasturias.com\/noticias\/pollenca-acoge-este-sabado-la-primera-feria-intercultural-de-mallorca-y-oriente\/#organizationLogo"},"sameAs":["https:\/\/facebook.com\/eldigitaldeasturias","https:\/\/www.youtube.com\/channel\/UCZP-2wLEB9Rv6erhFmqVnvg"],"address":{"@id":"https:\/\/www.eldigitaldeasturias.com\/noticias\/#postaladdress","@type":"PostalAddress","streetAddress":"san antonio 4","postalCode":"33430","addressLocality":"Cand\u00e1s","addressRegion":"Asturias","addressCountry":"ES"}},{"@type":"Person","@id":"https:\/\/www.eldigitaldeasturias.com\/noticias\/author\/admin\/#author","url":"https:\/\/www.eldigitaldeasturias.com\/noticias\/author\/admin\/","name":"El Digital de Asturias","image":{"@type":"ImageObject","@id":"https:\/\/www.eldigitaldeasturias.com\/noticias\/pollenca-acoge-este-sabado-la-primera-feria-intercultural-de-mallorca-y-oriente\/#authorImage","url":"https:\/\/secure.gravatar.com\/avatar\/df2aeffc32bcd13f8d26072ef8a91b623d677766deac7f97ca815868cd41bf5e?s=96&d=mm&r=g","width":96,"height":96,"caption":"El Digital de Asturias"}},{"@type":"WebPage","@id":"https:\/\/www.eldigitaldeasturias.com\/noticias\/pollenca-acoge-este-sabado-la-primera-feria-intercultural-de-mallorca-y-oriente\/#webpage","url":"https:\/\/www.eldigitaldeasturias.com\/noticias\/pollenca-acoge-este-sabado-la-primera-feria-intercultural-de-mallorca-y-oriente\/","name":"Pollen\u00e7a acoge este s\u00e1bado la primera feria intercultural de Mallorca y Oriente - El Digital de Asturias","description":"Pollen\u00e7a acoge este s\u00e1bado la primera feria intercultural de Mallorca y Oriente bajo la denominaci\u00f3n del \u201cFestival de les Flors\u201d. El acontecimiento est\u00e1 organizado por la entidad juvenil ONIT, presidida por Mois\u00e9s Cifre, que lo ha presentado hoy al mediod\u00eda en el Claustro de Sant Domingo junto con el alcalde Miquel \u00c0ngel March y el","inLanguage":"es-ES","isPartOf":{"@id":"https:\/\/www.eldigitaldeasturias.com\/noticias\/#website"},"breadcrumb":{"@id":"https:\/\/www.eldigitaldeasturias.com\/noticias\/pollenca-acoge-este-sabado-la-primera-feria-intercultural-de-mallorca-y-oriente\/#breadcrumblist"},"author":{"@id":"https:\/\/www.eldigitaldeasturias.com\/noticias\/author\/admin\/#author"},"creator":{"@id":"https:\/\/www.eldigitaldeasturias.com\/noticias\/author\/admin\/#author"},"image":{"@type":"ImageObject","url":974944,"@id":"https:\/\/www.eldigitaldeasturias.com\/noticias\/pollenca-acoge-este-sabado-la-primera-feria-intercultural-de-mallorca-y-oriente\/#mainImage"},"primaryImageOfPage":{"@id":"https:\/\/www.eldigitaldeasturias.com\/noticias\/pollenca-acoge-este-sabado-la-primera-feria-intercultural-de-mallorca-y-oriente\/#mainImage"},"datePublished":"2018-04-06T02:49:49+02:00","dateModified":"2018-04-06T02:49:50+02:00"},{"@type":"WebSite","@id":"https:\/\/www.eldigitaldeasturias.com\/noticias\/#website","url":"https:\/\/www.eldigitaldeasturias.com\/noticias\/","name":"El Digital de Asturias - Diario de actualidad y noticias","alternateName":"El Digital de Asturias - Diario de actualidad y noticias","description":"Hemeroteca","inLanguage":"es-ES","publisher":{"@id":"https:\/\/www.eldigitaldeasturias.com\/noticias\/#organization"}}]},"og:locale":"es_ES","og:site_name":"El Digital de Asturias","og:type":"article","og:title":"Pollen\u00e7a acoge este s\u00e1bado la primera feria intercultural de Mallorca y Oriente - El Digital de Asturias","og:description":"Pollen\u00e7a acoge este s\u00e1bado la primera feria intercultural de Mallorca y Oriente bajo la denominaci\u00f3n del \u201cFestival de les Flors\u201d. El acontecimiento est\u00e1 organizado por la entidad juvenil ONIT, presidida por Mois\u00e9s Cifre, que lo ha presentado hoy al mediod\u00eda en el Claustro de Sant Domingo junto con el alcalde Miquel \u00c0ngel March y el","og:url":"https:\/\/www.eldigitaldeasturias.com\/noticias\/pollenca-acoge-este-sabado-la-primera-feria-intercultural-de-mallorca-y-oriente\/","article:tag":["actualidad"],"article:published_time":"2018-04-06T02:49:49+00:00","article:modified_time":"2018-04-06T02:49:50+00:00","article:publisher":"https:\/\/facebook.com\/eldigitaldeasturias","twitter:card":"summary_large_image","twitter:title":"Pollen\u00e7a acoge este s\u00e1bado la primera feria intercultural de Mallorca y Oriente - El Digital de Asturias","twitter:description":"Pollen\u00e7a acoge este s\u00e1bado la primera feria intercultural de Mallorca y Oriente bajo la denominaci\u00f3n del \u201cFestival de les Flors\u201d. El acontecimiento est\u00e1 organizado por la entidad juvenil ONIT, presidida por Mois\u00e9s Cifre, que lo ha presentado hoy al mediod\u00eda en el Claustro de Sant Domingo junto con el alcalde Miquel \u00c0ngel March y el","twitter:image":"https:\/\/www.eldigitaldeasturias.com\/noticias\/wp-content\/uploads\/2020\/12\/EDA-1.jpg","twitter:label1":"Escrito por","twitter:data1":"El Digital de Asturias","twitter:label2":"Tiempo de lectura estimado","twitter:data2":"2 minutos"},"aioseo_meta_data":{"post_id":"974943","title":null,"description":null,"keywords":null,"keyphrases":null,"primary_term":null,"canonical_url":null,"og_title":null,"og_description":null,"og_object_type":"default","og_image_type":"default","og_image_url":null,"og_image_width":null,"og_image_height":null,"og_image_custom_url":null,"og_image_custom_fields":null,"og_video":null,"og_custom_url":null,"og_article_section":null,"og_article_tags":null,"twitter_use_og":false,"twitter_card":"default","twitter_image_type":"default","twitter_image_url":null,"twitter_image_custom_url":null,"twitter_image_custom_fields":null,"twitter_title":null,"twitter_description":null,"schema":{"blockGraphs":[],"customGraphs":[],"default":{"data":{"Article":[],"Course":[],"Dataset":[],"FAQPage":[],"Movie":[],"Person":[],"Product":[],"ProductReview":[],"Car":[],"Recipe":[],"Service":[],"SoftwareApplication":[],"WebPage":[]},"graphName":"","isEnabled":true},"graphs":[],"defaultGraph":"","defaultPostTypeGraph":""},"schema_type":null,"schema_type_options":null,"pillar_content":false,"robots_default":true,"robots_noindex":false,"robots_noarchive":false,"robots_nosnippet":false,"robots_nofollow":false,"robots_noimageindex":false,"robots_noodp":false,"robots_notranslate":false,"robots_max_snippet":null,"robots_max_videopreview":null,"robots_max_imagepreview":"large","priority":null,"frequency":null,"local_seo":null,"seo_analyzer_scan_date":"2025-10-07 22:07:06","breadcrumb_settings":null,"limit_modified_date":false,"open_ai":null,"ai":null,"created":"2020-12-21 12:12:38","updated":"2025-10-07 22:07:06","focus_keyword":null,"additional_keywords":null,"truseo_locale":null},"aioseo_breadcrumb":"<div class=\"aioseo-breadcrumbs\"><span class=\"aioseo-breadcrumb\">\n\t<a href=\"https:\/\/www.eldigitaldeasturias.com\/noticias\" title=\"Home\">Home<\/a>\n<\/span><span class=\"aioseo-breadcrumb-separator\">\u2013<\/span><span class=\"aioseo-breadcrumb\">\n\t<a href=\"https:\/\/www.eldigitaldeasturias.com\/noticias\/category\/actualidad\/\" title=\"Actualidad\">Actualidad<\/a>\n<\/span><span class=\"aioseo-breadcrumb-separator\">\u2013<\/span><span class=\"aioseo-breadcrumb\">\n\t<a href=\"https:\/\/www.eldigitaldeasturias.com\/noticias\/pollenca-acoge-este-sabado-la-primera-feria-intercultural-de-mallorca-y-oriente\/\" title=\"Pollen\u00e7a acoge este s\u00e1bado la primera feria intercultural de Mallorca y Oriente\">Pollen\u00e7a acoge este s\u00e1bado la primera feria intercultural de Mallorca y Oriente<\/a>\n<\/span><\/div>","aioseo_breadcrumb_json":[{"label":"Home","link":"https:\/\/www.eldigitaldeasturias.com\/noticias"},{"label":"Actualidad","link":"https:\/\/www.eldigitaldeasturias.com\/noticias\/category\/actualidad\/"},{"label":"Pollen\u00e7a acoge este s\u00e1bado la primera feria intercultural de Mallorca y Oriente","link":"https:\/\/www.eldigitaldeasturias.com\/noticias\/pollenca-acoge-este-sabado-la-primera-feria-intercultural-de-mallorca-y-oriente\/"}],"_links":{"self":[{"href":"https:\/\/www.eldigitaldeasturias.com\/noticias\/wp-json\/wp\/v2\/posts\/974943","targetHints":{"allow":["GET"]}}],"collection":[{"href":"https:\/\/www.eldigitaldeasturias.com\/noticias\/wp-json\/wp\/v2\/posts"}],"about":[{"href":"https:\/\/www.eldigitaldeasturias.com\/noticias\/wp-json\/wp\/v2\/types\/post"}],"author":[{"embeddable":true,"href":"https:\/\/www.eldigitaldeasturias.com\/noticias\/wp-json\/wp\/v2\/users\/1"}],"replies":[{"embeddable":true,"href":"https:\/\/www.eldigitaldeasturias.com\/noticias\/wp-json\/wp\/v2\/comments?post=974943"}],"version-history":[{"count":0,"href":"https:\/\/www.eldigitaldeasturias.com\/noticias\/wp-json\/wp\/v2\/posts\/974943\/revisions"}],"wp:attachment":[{"href":"https:\/\/www.eldigitaldeasturias.com\/noticias\/wp-json\/wp\/v2\/media?parent=974943"}],"wp:term":[{"taxonomy":"category","embeddable":true,"href":"https:\/\/www.eldigitaldeasturias.com\/noticias\/wp-json\/wp\/v2\/categories?post=974943"},{"taxonomy":"post_tag","embeddable":true,"href":"https:\/\/www.eldigitaldeasturias.com\/noticias\/wp-json\/wp\/v2\/tags?post=974943"}],"curies":[{"name":"wp","href":"https:\/\/api.w.org\/{rel}","templated":true}]}}