{"id":974932,"date":"2018-04-05T22:15:28","date_gmt":"2018-04-05T22:15:28","guid":{"rendered":"http:\/\/www.eldigitaldeasturias.com\/noticias\/?p=974932"},"modified":"2018-04-05T22:15:28","modified_gmt":"2018-04-05T22:15:28","slug":"la-corte-suprema-de-brasil-autoriza-el-encarcelamiento-de-lula","status":"publish","type":"post","link":"https:\/\/www.eldigitaldeasturias.com\/noticias\/la-corte-suprema-de-brasil-autoriza-el-encarcelamiento-de-lula\/","title":{"rendered":"La Corte Suprema de Brasil autoriza el encarcelamiento de Lula"},"content":{"rendered":"<p><img loading=\"lazy\" decoding=\"async\" class=\"alignleft size-medium wp-image-868078\" src=\"https:\/\/www.eldigitaldeasturias.com\/noticias\/wp-content\/uploads\/2016\/03\/fotonoticia_20160321102713_800-360x240.jpg\" alt=\"\" width=\"360\" height=\"240\" \/>R\u00edo de Janeiro\/Brasilia, 5 abr (dpa) &#8211; La Corte Suprema de Brasil dej\u00f3 hoy a Luiz In\u00e1cio Lula da Silva a un paso de la prisi\u00f3n tras rechazar un recurso de \u00abhabeas corpus\u00bb con el que el ex presidente intentaba evitar ir a prisi\u00f3n por una condena por corrupci\u00f3n.<\/p>\n<p>Los 11 jueces del Supremo Tribunal Federal (STF) se decantaron en la madrugada de hoy (hora brasile\u00f1a) con un voto muy ajustado de 6-5 contra el recurso de Lula, tras una marat\u00f3nica jornada de casi 11 horas en la sede del tribunal en Brasilia. La sesi\u00f3n comenz\u00f3 a las 14 horas del mi\u00e9rcoles y se cerr\u00f3 poco antes de la 1 de la ma\u00f1ana.<\/p>\n<p>Con el fallo, el STF abri\u00f3 la puerta a que la Justicia pueda decretar ya en los pr\u00f3ximos d\u00edas un encarcelamiento de Lula por una sentencia a m\u00e1s de 12 a\u00f1os de c\u00e1rcel a la que fue condenado en enero. El ex mandatario es a la vez el principal favorito para las elecciones presidenciales del 7 de octubre.<\/p>\n<p>\u00abHoy es un d\u00eda tr\u00e1gico para la democracia en Brasil\u00bb, se\u00f1al\u00f3 el izquierdista Partido de los Trabajadores (PT), que anunci\u00f3 que no defender\u00e1 la candidatura de su l\u00edder hist\u00f3rico \u00abhasta las \u00faltimas consecuencias\u00bb.<\/p>\n<p>\u00abLula es inocente y eso ser\u00e1 proclamado en un juicio justo\u00bb, se\u00f1al\u00f3 el partido en un comunicado. \u00abEl PT defender\u00e1 esa candidatura en las calles y en todas las instancias, hasta las \u00faltimas consencuencias\u00bb.<\/p>\n<p>Lula ya est\u00e1 en teor\u00eda autom\u00e1ticamente inhabilitado para ser candidato por la ley de \u00abFicha Limpa\u00bb(\u00abexpediente limpio\u00bb), aunque una corte electoral debe dar un veredicto oficial. Eso ocurrir\u00e1 previsiblemente en agosto, cuando se inscriban las candidaturas.<\/p>\n<p>Inminente parece en cambio el encarcelamiento del carism\u00e1tico ex presidente e \u00edcono de la izquierda. Para que haya una orden de arresto es necesario que la revisi\u00f3n de la condena del ex presidente de 72 a\u00f1os est\u00e9 cerrada en la segunda instancia judicial.<\/p>\n<p>Eso podr\u00eda ocurrir en cuesti\u00f3n de d\u00edas, ya que la corte a cargo s\u00f3lo tiene que responder a unas \u00faltimas objeciones formales de la defensa. Medios brasile\u00f1os barajaban un plazo hasta el 10 de abril.<\/p>\n<p>El fallo del Supremo era considerado como la opci\u00f3n m\u00e1s viable de Lula para evitar ir a prisi\u00f3n. El veredicto se defini\u00f3 s\u00f3lo despu\u00e9s de la medianoche con el voto de la presidenta del STF, C\u00e1rmen L\u00facia.<\/p>\n<p>\u00ab\u00bfC\u00f3mo se puede hablar de efectividad judicial si no hay un momento en que ya se pueda ejecutar la pena?\u00bb, dijo antes el juez Alexandre de Moraes, uno de los magistrados que vot\u00f3 contra Lula.<\/p>\n<p>El llamado \u00abhabeas corpus preventivo\u00bb presentado por los abogados de Lula ante el STF buscaba evitar una posible orden de arresto antes del final del proceso en todas las instancias judiciales. Lula todav\u00eda puede apelar contra su condena a\u00fan en dos instancias m\u00e1s en los pr\u00f3ximo meses, previsiblemente ya desde prisi\u00f3n.<\/p>\n<p>El juez del caso \u00abLava Jato\u00bb (\u00abLavado de autos\u00bb) S\u00e9rgio Moro debe decidir si emite la orden de arresto. En ese extremo, es posible que su defensa intenta apelar con un segundo \u00abhabeas corpus\u00bb, una vez que ya exista una orden de arresto espec\u00edfica.<\/p>\n<p>El \u00abhabeas corpus\u00bb es un garant\u00eda constitucional que permite a un acusado apelar a un juez con car\u00e1cter urgente para evitar un prisi\u00f3n que considera injusta.<\/p>\n<p>El drama judicial en torno al ex presidente (2003-2010) polariza al pa\u00eds desde hace meses y dispar\u00f3 en los ultimos d\u00edas las tensiones. Miles de manifestantes salieron por todo el pa\u00eds a protestar el mi\u00e9rcoles a favor y en contra de Lula.<\/p>\n<p>En Brasilia, las autoridades ordenaron un fuerte despliegue de seguridad para evitar enfrentamientos entre simpatizantes y detractores de Lula.<\/p>\n<p>Seg\u00fan los organizadores, hasta 13.000 personas estuvieron durante el d\u00eda en las calles en la capital, 6.000 para exigir la libertad del ex presidente y unos 7.000 cr\u00edticos de Lula. Tambi\u00e9n hubo protestas Sao Paulo y R\u00edo de Janeiro, entre otras ciudades.<\/p>\n<p>Lula sigue siendo muy popular entre las clases pobres debido al \u00e9xito de los programas sociales de sus dos Gobiernos y alcanza hasta el 36 por ciento de los apoyos en los \u00faltimos sondeos electorales.<\/p>\n<p>Al mismo tiempo, un 40 por ciento de los votantes manifestan su rechazo al ex l\u00edder obrero por sus esc\u00e1ndalos de corrupci\u00f3n.<\/p>\n<p>Al margen de la posible orden de arresto, se espera que la defensa de Lula contin\u00fae apelando contra la condena en tercera instancia ante el Superior Tribunal de Justicia (STJ), la m\u00e1xima corte brasile\u00f1a para asuntos no constitucionales, y como \u00faltimo recurso puede intentar llevar el caso ante el STF, la instancia final de la Justicia brasile\u00f1a.<\/p>\n<p>A ambos recursos se les ve pocas posiblidades de \u00e9xito tras los contundentes fallos contra Lula en los tribunales ordinarios.<\/p>\n<p>Lula fue condenado en 2017 a nueve a\u00f1os y medio de c\u00e1rcel en primera instancia por cargos de que acept\u00f3 la reforma de un apartamento de la constructora OAS a cambio de favorecer a la firma en sus negocios con Petrobras. La petrolera estatal est\u00e1 en el centro de los esc\u00e1ndalos de \u00abLava Jato\u00bb, la megacausa sobre corrupci\u00f3n pol\u00edtica que sacude al gigante sudamericano desde hace a\u00f1os.<\/p>\n<p>Un tribunal de apelaci\u00f3n confirm\u00f3 la sentencia contra Lula en enero y aument\u00f3 la pena a 12 a\u00f1os y un mes. Al mismo tiempo, la corte abri\u00f3 la puerta a que el ex mandatario, que puede hasta ahora apelar en libertad pueda ser encarcelado una vez que el caso sea cerrado en esa instancia.<\/p>\n<p><i class=\"lang-es\"><span class=\" readonly\" title=\"\">Por Isaac Risco (dpa)<\/span><\/i><\/p>\n","protected":false},"excerpt":{"rendered":"<p>R\u00edo de Janeiro\/Brasilia, 5 abr (dpa) &#8211; La Corte Suprema de Brasil dej\u00f3 hoy a Luiz In\u00e1cio Lula da Silva a un paso de la prisi\u00f3n tras rechazar un recurso de \u00abhabeas corpus\u00bb con el que el ex presidente intentaba evitar ir a prisi\u00f3n por una condena por corrupci\u00f3n. Los 11 jueces del Supremo Tribunal [&hellip;]<\/p>\n","protected":false},"author":1,"featured_media":868078,"comment_status":"closed","ping_status":"closed","sticky":false,"template":"","format":"standard","meta":{"footnotes":""},"categories":[1],"tags":[],"class_list":["post-974932","post","type-post","status-publish","format-standard","has-post-thumbnail","hentry","category-actualidad"],"aioseo_notices":[],"aioseo_head":"\n\t\t<!-- All in One SEO Pro 5.0.1 - aioseo.com -->\n\t<meta name=\"description\" content=\"R\u00edo de Janeiro\/Brasilia, 5 abr (dpa) - La Corte Suprema de Brasil dej\u00f3 hoy a Luiz In\u00e1cio Lula da Silva a un paso de la prisi\u00f3n tras rechazar un recurso de &quot;habeas corpus&quot; con el que el ex presidente intentaba evitar ir a prisi\u00f3n por una condena por corrupci\u00f3n. Los 11 jueces del Supremo Tribunal\" \/>\n\t<meta name=\"robots\" content=\"max-image-preview:large\" \/>\n\t<meta name=\"author\" content=\"El Digital de Asturias\"\/>\n\t<meta name=\"google-site-verification\" content=\"UA-38556648-1\" \/>\n\t<meta name=\"msvalidate.01\" content=\"7dfe9f3f1b24437ab69f4f2559babe99\" \/>\n\t<meta name=\"keywords\" content=\"actualidad\" \/>\n\t<link rel=\"canonical\" href=\"https:\/\/www.eldigitaldeasturias.com\/noticias\/la-corte-suprema-de-brasil-autoriza-el-encarcelamiento-de-lula\/\" \/>\n\t<meta name=\"generator\" content=\"All in One SEO Pro (AIOSEO) 5.0.1\" \/>\n\t\t<meta property=\"og:locale\" content=\"es_ES\" \/>\n\t\t<meta property=\"og:site_name\" content=\"El Digital de Asturias\" \/>\n\t\t<meta property=\"og:type\" content=\"article\" \/>\n\t\t<meta property=\"og:title\" content=\"La Corte Suprema de Brasil autoriza el encarcelamiento de Lula - El Digital de Asturias\" \/>\n\t\t<meta property=\"og:description\" content=\"R\u00edo de Janeiro\/Brasilia, 5 abr (dpa) - La Corte Suprema de Brasil dej\u00f3 hoy a Luiz In\u00e1cio Lula da Silva a un paso de la prisi\u00f3n tras rechazar un recurso de &quot;habeas corpus&quot; con el que el ex presidente intentaba evitar ir a prisi\u00f3n por una condena por corrupci\u00f3n. Los 11 jueces del Supremo Tribunal\" \/>\n\t\t<meta property=\"og:url\" content=\"https:\/\/www.eldigitaldeasturias.com\/noticias\/la-corte-suprema-de-brasil-autoriza-el-encarcelamiento-de-lula\/\" \/>\n\t\t<meta property=\"article:tag\" content=\"actualidad\" \/>\n\t\t<meta property=\"article:published_time\" content=\"2018-04-05T22:15:28+00:00\" \/>\n\t\t<meta property=\"article:modified_time\" content=\"2018-04-05T22:15:28+00:00\" \/>\n\t\t<meta property=\"article:publisher\" content=\"https:\/\/facebook.com\/eldigitaldeasturias\" \/>\n\t\t<meta name=\"twitter:card\" content=\"summary_large_image\" \/>\n\t\t<meta name=\"twitter:title\" content=\"La Corte Suprema de Brasil autoriza el encarcelamiento de Lula - El Digital de Asturias\" \/>\n\t\t<meta name=\"twitter:description\" content=\"R\u00edo de Janeiro\/Brasilia, 5 abr (dpa) - La Corte Suprema de Brasil dej\u00f3 hoy a Luiz In\u00e1cio Lula da Silva a un paso de la prisi\u00f3n tras rechazar un recurso de &quot;habeas corpus&quot; con el que el ex presidente intentaba evitar ir a prisi\u00f3n por una condena por corrupci\u00f3n. Los 11 jueces del Supremo Tribunal\" \/>\n\t\t<meta name=\"twitter:image\" content=\"https:\/\/www.eldigitaldeasturias.com\/noticias\/wp-content\/uploads\/2020\/12\/EDA-1.jpg\" \/>\n\t\t<meta name=\"twitter:label1\" content=\"Escrito por\" \/>\n\t\t<meta name=\"twitter:data1\" content=\"El Digital de Asturias\" \/>\n\t\t<meta name=\"twitter:label2\" content=\"Tiempo de lectura estimado\" \/>\n\t\t<meta name=\"twitter:data2\" content=\"5 minutos\" \/>\n\t\t<script type=\"application\/ld+json\" class=\"aioseo-schema\">\n\t\t\t{\"@context\":\"https:\\\/\\\/schema.org\",\"@graph\":[{\"@type\":\"BlogPosting\",\"@id\":\"https:\\\/\\\/www.eldigitaldeasturias.com\\\/noticias\\\/la-corte-suprema-de-brasil-autoriza-el-encarcelamiento-de-lula\\\/#blogposting\",\"name\":\"La Corte Suprema de Brasil autoriza el encarcelamiento de Lula - El Digital de Asturias\",\"headline\":\"La Corte Suprema de Brasil autoriza el encarcelamiento de Lula\",\"author\":{\"@id\":\"https:\\\/\\\/www.eldigitaldeasturias.com\\\/noticias\\\/author\\\/admin\\\/#author\"},\"publisher\":{\"@id\":\"https:\\\/\\\/www.eldigitaldeasturias.com\\\/noticias\\\/#organization\"},\"image\":{\"@type\":\"ImageObject\",\"url\":868078},\"datePublished\":\"2018-04-05T22:15:28+02:00\",\"dateModified\":\"2018-04-05T22:15:28+02:00\",\"inLanguage\":\"es-ES\",\"mainEntityOfPage\":{\"@id\":\"https:\\\/\\\/www.eldigitaldeasturias.com\\\/noticias\\\/la-corte-suprema-de-brasil-autoriza-el-encarcelamiento-de-lula\\\/#webpage\"},\"isPartOf\":{\"@id\":\"https:\\\/\\\/www.eldigitaldeasturias.com\\\/noticias\\\/la-corte-suprema-de-brasil-autoriza-el-encarcelamiento-de-lula\\\/#webpage\"},\"articleSection\":\"Actualidad\"},{\"@type\":\"BreadcrumbList\",\"@id\":\"https:\\\/\\\/www.eldigitaldeasturias.com\\\/noticias\\\/la-corte-suprema-de-brasil-autoriza-el-encarcelamiento-de-lula\\\/#breadcrumblist\",\"itemListElement\":[{\"@type\":\"ListItem\",\"@id\":\"https:\\\/\\\/www.eldigitaldeasturias.com\\\/noticias#listItem\",\"position\":1,\"name\":\"Home\",\"item\":\"https:\\\/\\\/www.eldigitaldeasturias.com\\\/noticias\",\"nextItem\":{\"@type\":\"ListItem\",\"@id\":\"https:\\\/\\\/www.eldigitaldeasturias.com\\\/noticias\\\/category\\\/actualidad\\\/#listItem\",\"name\":\"Actualidad\"}},{\"@type\":\"ListItem\",\"@id\":\"https:\\\/\\\/www.eldigitaldeasturias.com\\\/noticias\\\/category\\\/actualidad\\\/#listItem\",\"position\":2,\"name\":\"Actualidad\",\"item\":\"https:\\\/\\\/www.eldigitaldeasturias.com\\\/noticias\\\/category\\\/actualidad\\\/\",\"nextItem\":{\"@type\":\"ListItem\",\"@id\":\"https:\\\/\\\/www.eldigitaldeasturias.com\\\/noticias\\\/la-corte-suprema-de-brasil-autoriza-el-encarcelamiento-de-lula\\\/#listItem\",\"name\":\"La Corte Suprema de Brasil autoriza el encarcelamiento de Lula\"},\"previousItem\":{\"@type\":\"ListItem\",\"@id\":\"https:\\\/\\\/www.eldigitaldeasturias.com\\\/noticias#listItem\",\"name\":\"Home\"}},{\"@type\":\"ListItem\",\"@id\":\"https:\\\/\\\/www.eldigitaldeasturias.com\\\/noticias\\\/la-corte-suprema-de-brasil-autoriza-el-encarcelamiento-de-lula\\\/#listItem\",\"position\":3,\"name\":\"La Corte Suprema de Brasil autoriza el encarcelamiento de Lula\",\"previousItem\":{\"@type\":\"ListItem\",\"@id\":\"https:\\\/\\\/www.eldigitaldeasturias.com\\\/noticias\\\/category\\\/actualidad\\\/#listItem\",\"name\":\"Actualidad\"}}]},{\"@type\":\"Organization\",\"@id\":\"https:\\\/\\\/www.eldigitaldeasturias.com\\\/noticias\\\/#organization\",\"name\":\"El Digital de Asturias\",\"description\":\"Hemeroteca\",\"url\":\"https:\\\/\\\/www.eldigitaldeasturias.com\\\/noticias\\\/\",\"email\":\"info@eldigitaldeasturias.com\",\"telephone\":\"+34652131393\",\"logo\":{\"@type\":\"ImageObject\",\"url\":\"https:\\\/\\\/www.eldigitaldeasturias.com\\\/noticias\\\/wp-content\\\/uploads\\\/2020\\\/12\\\/EDA.jpg\",\"@id\":\"https:\\\/\\\/www.eldigitaldeasturias.com\\\/noticias\\\/la-corte-suprema-de-brasil-autoriza-el-encarcelamiento-de-lula\\\/#organizationLogo\"},\"image\":{\"@id\":\"https:\\\/\\\/www.eldigitaldeasturias.com\\\/noticias\\\/la-corte-suprema-de-brasil-autoriza-el-encarcelamiento-de-lula\\\/#organizationLogo\"},\"sameAs\":[\"https:\\\/\\\/facebook.com\\\/eldigitaldeasturias\",\"https:\\\/\\\/www.youtube.com\\\/channel\\\/UCZP-2wLEB9Rv6erhFmqVnvg\"],\"address\":{\"@id\":\"https:\\\/\\\/www.eldigitaldeasturias.com\\\/noticias\\\/#postaladdress\",\"@type\":\"PostalAddress\",\"streetAddress\":\"san antonio 4\",\"postalCode\":\"33430\",\"addressLocality\":\"Cand\\u00e1s\",\"addressRegion\":\"Asturias\",\"addressCountry\":\"ES\"}},{\"@type\":\"Person\",\"@id\":\"https:\\\/\\\/www.eldigitaldeasturias.com\\\/noticias\\\/author\\\/admin\\\/#author\",\"url\":\"https:\\\/\\\/www.eldigitaldeasturias.com\\\/noticias\\\/author\\\/admin\\\/\",\"name\":\"El Digital de Asturias\",\"image\":{\"@type\":\"ImageObject\",\"@id\":\"https:\\\/\\\/www.eldigitaldeasturias.com\\\/noticias\\\/la-corte-suprema-de-brasil-autoriza-el-encarcelamiento-de-lula\\\/#authorImage\",\"url\":\"https:\\\/\\\/secure.gravatar.com\\\/avatar\\\/df2aeffc32bcd13f8d26072ef8a91b623d677766deac7f97ca815868cd41bf5e?s=96&d=mm&r=g\",\"width\":96,\"height\":96,\"caption\":\"El Digital de Asturias\"}},{\"@type\":\"WebPage\",\"@id\":\"https:\\\/\\\/www.eldigitaldeasturias.com\\\/noticias\\\/la-corte-suprema-de-brasil-autoriza-el-encarcelamiento-de-lula\\\/#webpage\",\"url\":\"https:\\\/\\\/www.eldigitaldeasturias.com\\\/noticias\\\/la-corte-suprema-de-brasil-autoriza-el-encarcelamiento-de-lula\\\/\",\"name\":\"La Corte Suprema de Brasil autoriza el encarcelamiento de Lula - El Digital de Asturias\",\"description\":\"R\\u00edo de Janeiro\\\/Brasilia, 5 abr (dpa) - La Corte Suprema de Brasil dej\\u00f3 hoy a Luiz In\\u00e1cio Lula da Silva a un paso de la prisi\\u00f3n tras rechazar un recurso de \\\"habeas corpus\\\" con el que el ex presidente intentaba evitar ir a prisi\\u00f3n por una condena por corrupci\\u00f3n. Los 11 jueces del Supremo Tribunal\",\"inLanguage\":\"es-ES\",\"isPartOf\":{\"@id\":\"https:\\\/\\\/www.eldigitaldeasturias.com\\\/noticias\\\/#website\"},\"breadcrumb\":{\"@id\":\"https:\\\/\\\/www.eldigitaldeasturias.com\\\/noticias\\\/la-corte-suprema-de-brasil-autoriza-el-encarcelamiento-de-lula\\\/#breadcrumblist\"},\"author\":{\"@id\":\"https:\\\/\\\/www.eldigitaldeasturias.com\\\/noticias\\\/author\\\/admin\\\/#author\"},\"creator\":{\"@id\":\"https:\\\/\\\/www.eldigitaldeasturias.com\\\/noticias\\\/author\\\/admin\\\/#author\"},\"image\":{\"@type\":\"ImageObject\",\"url\":868078,\"@id\":\"https:\\\/\\\/www.eldigitaldeasturias.com\\\/noticias\\\/la-corte-suprema-de-brasil-autoriza-el-encarcelamiento-de-lula\\\/#mainImage\"},\"primaryImageOfPage\":{\"@id\":\"https:\\\/\\\/www.eldigitaldeasturias.com\\\/noticias\\\/la-corte-suprema-de-brasil-autoriza-el-encarcelamiento-de-lula\\\/#mainImage\"},\"datePublished\":\"2018-04-05T22:15:28+02:00\",\"dateModified\":\"2018-04-05T22:15:28+02:00\"},{\"@type\":\"WebSite\",\"@id\":\"https:\\\/\\\/www.eldigitaldeasturias.com\\\/noticias\\\/#website\",\"url\":\"https:\\\/\\\/www.eldigitaldeasturias.com\\\/noticias\\\/\",\"name\":\"El Digital de Asturias - Diario de actualidad y noticias\",\"alternateName\":\"El Digital de Asturias - Diario de actualidad y noticias\",\"description\":\"Hemeroteca\",\"inLanguage\":\"es-ES\",\"publisher\":{\"@id\":\"https:\\\/\\\/www.eldigitaldeasturias.com\\\/noticias\\\/#organization\"}}]}\n\t\t<\/script>\n\t\t<!-- All in One SEO Pro -->\r\n\t\t<title>La Corte Suprema de Brasil autoriza el encarcelamiento de Lula - El Digital de Asturias<\/title>\n\n","aioseo_head_json":{"title":"La Corte Suprema de Brasil autoriza el encarcelamiento de Lula - El Digital de Asturias","description":"R\u00edo de Janeiro\/Brasilia, 5 abr (dpa) - La Corte Suprema de Brasil dej\u00f3 hoy a Luiz In\u00e1cio Lula da Silva a un paso de la prisi\u00f3n tras rechazar un recurso de \"habeas corpus\" con el que el ex presidente intentaba evitar ir a prisi\u00f3n por una condena por corrupci\u00f3n. Los 11 jueces del Supremo Tribunal","canonical_url":"https:\/\/www.eldigitaldeasturias.com\/noticias\/la-corte-suprema-de-brasil-autoriza-el-encarcelamiento-de-lula\/","robots":"max-image-preview:large","keywords":"actualidad","webmasterTools":{"google-site-verification":"UA-38556648-1","msvalidate.01":"7dfe9f3f1b24437ab69f4f2559babe99","miscellaneous":""},"schema":{"@context":"https:\/\/schema.org","@graph":[{"@type":"BlogPosting","@id":"https:\/\/www.eldigitaldeasturias.com\/noticias\/la-corte-suprema-de-brasil-autoriza-el-encarcelamiento-de-lula\/#blogposting","name":"La Corte Suprema de Brasil autoriza el encarcelamiento de Lula - El Digital de Asturias","headline":"La Corte Suprema de Brasil autoriza el encarcelamiento de Lula","author":{"@id":"https:\/\/www.eldigitaldeasturias.com\/noticias\/author\/admin\/#author"},"publisher":{"@id":"https:\/\/www.eldigitaldeasturias.com\/noticias\/#organization"},"image":{"@type":"ImageObject","url":868078},"datePublished":"2018-04-05T22:15:28+02:00","dateModified":"2018-04-05T22:15:28+02:00","inLanguage":"es-ES","mainEntityOfPage":{"@id":"https:\/\/www.eldigitaldeasturias.com\/noticias\/la-corte-suprema-de-brasil-autoriza-el-encarcelamiento-de-lula\/#webpage"},"isPartOf":{"@id":"https:\/\/www.eldigitaldeasturias.com\/noticias\/la-corte-suprema-de-brasil-autoriza-el-encarcelamiento-de-lula\/#webpage"},"articleSection":"Actualidad"},{"@type":"BreadcrumbList","@id":"https:\/\/www.eldigitaldeasturias.com\/noticias\/la-corte-suprema-de-brasil-autoriza-el-encarcelamiento-de-lula\/#breadcrumblist","itemListElement":[{"@type":"ListItem","@id":"https:\/\/www.eldigitaldeasturias.com\/noticias#listItem","position":1,"name":"Home","item":"https:\/\/www.eldigitaldeasturias.com\/noticias","nextItem":{"@type":"ListItem","@id":"https:\/\/www.eldigitaldeasturias.com\/noticias\/category\/actualidad\/#listItem","name":"Actualidad"}},{"@type":"ListItem","@id":"https:\/\/www.eldigitaldeasturias.com\/noticias\/category\/actualidad\/#listItem","position":2,"name":"Actualidad","item":"https:\/\/www.eldigitaldeasturias.com\/noticias\/category\/actualidad\/","nextItem":{"@type":"ListItem","@id":"https:\/\/www.eldigitaldeasturias.com\/noticias\/la-corte-suprema-de-brasil-autoriza-el-encarcelamiento-de-lula\/#listItem","name":"La Corte Suprema de Brasil autoriza el encarcelamiento de Lula"},"previousItem":{"@type":"ListItem","@id":"https:\/\/www.eldigitaldeasturias.com\/noticias#listItem","name":"Home"}},{"@type":"ListItem","@id":"https:\/\/www.eldigitaldeasturias.com\/noticias\/la-corte-suprema-de-brasil-autoriza-el-encarcelamiento-de-lula\/#listItem","position":3,"name":"La Corte Suprema de Brasil autoriza el encarcelamiento de Lula","previousItem":{"@type":"ListItem","@id":"https:\/\/www.eldigitaldeasturias.com\/noticias\/category\/actualidad\/#listItem","name":"Actualidad"}}]},{"@type":"Organization","@id":"https:\/\/www.eldigitaldeasturias.com\/noticias\/#organization","name":"El Digital de Asturias","description":"Hemeroteca","url":"https:\/\/www.eldigitaldeasturias.com\/noticias\/","email":"info@eldigitaldeasturias.com","telephone":"+34652131393","logo":{"@type":"ImageObject","url":"https:\/\/www.eldigitaldeasturias.com\/noticias\/wp-content\/uploads\/2020\/12\/EDA.jpg","@id":"https:\/\/www.eldigitaldeasturias.com\/noticias\/la-corte-suprema-de-brasil-autoriza-el-encarcelamiento-de-lula\/#organizationLogo"},"image":{"@id":"https:\/\/www.eldigitaldeasturias.com\/noticias\/la-corte-suprema-de-brasil-autoriza-el-encarcelamiento-de-lula\/#organizationLogo"},"sameAs":["https:\/\/facebook.com\/eldigitaldeasturias","https:\/\/www.youtube.com\/channel\/UCZP-2wLEB9Rv6erhFmqVnvg"],"address":{"@id":"https:\/\/www.eldigitaldeasturias.com\/noticias\/#postaladdress","@type":"PostalAddress","streetAddress":"san antonio 4","postalCode":"33430","addressLocality":"Cand\u00e1s","addressRegion":"Asturias","addressCountry":"ES"}},{"@type":"Person","@id":"https:\/\/www.eldigitaldeasturias.com\/noticias\/author\/admin\/#author","url":"https:\/\/www.eldigitaldeasturias.com\/noticias\/author\/admin\/","name":"El Digital de Asturias","image":{"@type":"ImageObject","@id":"https:\/\/www.eldigitaldeasturias.com\/noticias\/la-corte-suprema-de-brasil-autoriza-el-encarcelamiento-de-lula\/#authorImage","url":"https:\/\/secure.gravatar.com\/avatar\/df2aeffc32bcd13f8d26072ef8a91b623d677766deac7f97ca815868cd41bf5e?s=96&d=mm&r=g","width":96,"height":96,"caption":"El Digital de Asturias"}},{"@type":"WebPage","@id":"https:\/\/www.eldigitaldeasturias.com\/noticias\/la-corte-suprema-de-brasil-autoriza-el-encarcelamiento-de-lula\/#webpage","url":"https:\/\/www.eldigitaldeasturias.com\/noticias\/la-corte-suprema-de-brasil-autoriza-el-encarcelamiento-de-lula\/","name":"La Corte Suprema de Brasil autoriza el encarcelamiento de Lula - El Digital de Asturias","description":"R\u00edo de Janeiro\/Brasilia, 5 abr (dpa) - La Corte Suprema de Brasil dej\u00f3 hoy a Luiz In\u00e1cio Lula da Silva a un paso de la prisi\u00f3n tras rechazar un recurso de \"habeas corpus\" con el que el ex presidente intentaba evitar ir a prisi\u00f3n por una condena por corrupci\u00f3n. Los 11 jueces del Supremo Tribunal","inLanguage":"es-ES","isPartOf":{"@id":"https:\/\/www.eldigitaldeasturias.com\/noticias\/#website"},"breadcrumb":{"@id":"https:\/\/www.eldigitaldeasturias.com\/noticias\/la-corte-suprema-de-brasil-autoriza-el-encarcelamiento-de-lula\/#breadcrumblist"},"author":{"@id":"https:\/\/www.eldigitaldeasturias.com\/noticias\/author\/admin\/#author"},"creator":{"@id":"https:\/\/www.eldigitaldeasturias.com\/noticias\/author\/admin\/#author"},"image":{"@type":"ImageObject","url":868078,"@id":"https:\/\/www.eldigitaldeasturias.com\/noticias\/la-corte-suprema-de-brasil-autoriza-el-encarcelamiento-de-lula\/#mainImage"},"primaryImageOfPage":{"@id":"https:\/\/www.eldigitaldeasturias.com\/noticias\/la-corte-suprema-de-brasil-autoriza-el-encarcelamiento-de-lula\/#mainImage"},"datePublished":"2018-04-05T22:15:28+02:00","dateModified":"2018-04-05T22:15:28+02:00"},{"@type":"WebSite","@id":"https:\/\/www.eldigitaldeasturias.com\/noticias\/#website","url":"https:\/\/www.eldigitaldeasturias.com\/noticias\/","name":"El Digital de Asturias - Diario de actualidad y noticias","alternateName":"El Digital de Asturias - Diario de actualidad y noticias","description":"Hemeroteca","inLanguage":"es-ES","publisher":{"@id":"https:\/\/www.eldigitaldeasturias.com\/noticias\/#organization"}}]},"og:locale":"es_ES","og:site_name":"El Digital de Asturias","og:type":"article","og:title":"La Corte Suprema de Brasil autoriza el encarcelamiento de Lula - El Digital de Asturias","og:description":"R\u00edo de Janeiro\/Brasilia, 5 abr (dpa) - La Corte Suprema de Brasil dej\u00f3 hoy a Luiz In\u00e1cio Lula da Silva a un paso de la prisi\u00f3n tras rechazar un recurso de &quot;habeas corpus&quot; con el que el ex presidente intentaba evitar ir a prisi\u00f3n por una condena por corrupci\u00f3n. Los 11 jueces del Supremo Tribunal","og:url":"https:\/\/www.eldigitaldeasturias.com\/noticias\/la-corte-suprema-de-brasil-autoriza-el-encarcelamiento-de-lula\/","article:tag":["actualidad"],"article:published_time":"2018-04-05T22:15:28+00:00","article:modified_time":"2018-04-05T22:15:28+00:00","article:publisher":"https:\/\/facebook.com\/eldigitaldeasturias","twitter:card":"summary_large_image","twitter:title":"La Corte Suprema de Brasil autoriza el encarcelamiento de Lula - El Digital de Asturias","twitter:description":"R\u00edo de Janeiro\/Brasilia, 5 abr (dpa) - La Corte Suprema de Brasil dej\u00f3 hoy a Luiz In\u00e1cio Lula da Silva a un paso de la prisi\u00f3n tras rechazar un recurso de &quot;habeas corpus&quot; con el que el ex presidente intentaba evitar ir a prisi\u00f3n por una condena por corrupci\u00f3n. Los 11 jueces del Supremo Tribunal","twitter:image":"https:\/\/www.eldigitaldeasturias.com\/noticias\/wp-content\/uploads\/2020\/12\/EDA-1.jpg","twitter:label1":"Escrito por","twitter:data1":"El Digital de Asturias","twitter:label2":"Tiempo de lectura estimado","twitter:data2":"5 minutos"},"aioseo_meta_data":{"post_id":"974932","title":null,"description":null,"keywords":null,"keyphrases":null,"primary_term":null,"canonical_url":null,"og_title":null,"og_description":null,"og_object_type":"default","og_image_type":"default","og_image_url":null,"og_image_width":null,"og_image_height":null,"og_image_custom_url":null,"og_image_custom_fields":null,"og_video":null,"og_custom_url":null,"og_article_section":null,"og_article_tags":null,"twitter_use_og":false,"twitter_card":"default","twitter_image_type":"default","twitter_image_url":null,"twitter_image_custom_url":null,"twitter_image_custom_fields":null,"twitter_title":null,"twitter_description":null,"schema":{"blockGraphs":[],"customGraphs":[],"default":{"data":{"Article":[],"Course":[],"Dataset":[],"FAQPage":[],"Movie":[],"Person":[],"Product":[],"ProductReview":[],"Car":[],"Recipe":[],"Service":[],"SoftwareApplication":[],"WebPage":[]},"graphName":"","isEnabled":true},"graphs":[],"defaultGraph":"","defaultPostTypeGraph":""},"schema_type":null,"schema_type_options":null,"pillar_content":false,"robots_default":true,"robots_noindex":false,"robots_noarchive":false,"robots_nosnippet":false,"robots_nofollow":false,"robots_noimageindex":false,"robots_noodp":false,"robots_notranslate":false,"robots_max_snippet":null,"robots_max_videopreview":null,"robots_max_imagepreview":"large","priority":null,"frequency":null,"local_seo":null,"seo_analyzer_scan_date":"2025-10-07 22:05:12","breadcrumb_settings":null,"limit_modified_date":false,"open_ai":null,"ai":null,"created":"2020-12-21 12:12:38","updated":"2025-10-07 22:05:12","focus_keyword":null,"additional_keywords":null,"truseo_locale":null},"aioseo_breadcrumb":"<div class=\"aioseo-breadcrumbs\"><span class=\"aioseo-breadcrumb\">\n\t<a href=\"https:\/\/www.eldigitaldeasturias.com\/noticias\" title=\"Home\">Home<\/a>\n<\/span><span class=\"aioseo-breadcrumb-separator\">\u2013<\/span><span class=\"aioseo-breadcrumb\">\n\t<a href=\"https:\/\/www.eldigitaldeasturias.com\/noticias\/category\/actualidad\/\" title=\"Actualidad\">Actualidad<\/a>\n<\/span><span class=\"aioseo-breadcrumb-separator\">\u2013<\/span><span class=\"aioseo-breadcrumb\">\n\t<a href=\"https:\/\/www.eldigitaldeasturias.com\/noticias\/la-corte-suprema-de-brasil-autoriza-el-encarcelamiento-de-lula\/\" title=\"La Corte Suprema de Brasil autoriza el encarcelamiento de Lula\">La Corte Suprema de Brasil autoriza el encarcelamiento de Lula<\/a>\n<\/span><\/div>","aioseo_breadcrumb_json":[{"label":"Home","link":"https:\/\/www.eldigitaldeasturias.com\/noticias"},{"label":"Actualidad","link":"https:\/\/www.eldigitaldeasturias.com\/noticias\/category\/actualidad\/"},{"label":"La Corte Suprema de Brasil autoriza el encarcelamiento de Lula","link":"https:\/\/www.eldigitaldeasturias.com\/noticias\/la-corte-suprema-de-brasil-autoriza-el-encarcelamiento-de-lula\/"}],"_links":{"self":[{"href":"https:\/\/www.eldigitaldeasturias.com\/noticias\/wp-json\/wp\/v2\/posts\/974932","targetHints":{"allow":["GET"]}}],"collection":[{"href":"https:\/\/www.eldigitaldeasturias.com\/noticias\/wp-json\/wp\/v2\/posts"}],"about":[{"href":"https:\/\/www.eldigitaldeasturias.com\/noticias\/wp-json\/wp\/v2\/types\/post"}],"author":[{"embeddable":true,"href":"https:\/\/www.eldigitaldeasturias.com\/noticias\/wp-json\/wp\/v2\/users\/1"}],"replies":[{"embeddable":true,"href":"https:\/\/www.eldigitaldeasturias.com\/noticias\/wp-json\/wp\/v2\/comments?post=974932"}],"version-history":[{"count":0,"href":"https:\/\/www.eldigitaldeasturias.com\/noticias\/wp-json\/wp\/v2\/posts\/974932\/revisions"}],"wp:attachment":[{"href":"https:\/\/www.eldigitaldeasturias.com\/noticias\/wp-json\/wp\/v2\/media?parent=974932"}],"wp:term":[{"taxonomy":"category","embeddable":true,"href":"https:\/\/www.eldigitaldeasturias.com\/noticias\/wp-json\/wp\/v2\/categories?post=974932"},{"taxonomy":"post_tag","embeddable":true,"href":"https:\/\/www.eldigitaldeasturias.com\/noticias\/wp-json\/wp\/v2\/tags?post=974932"}],"curies":[{"name":"wp","href":"https:\/\/api.w.org\/{rel}","templated":true}]}}