{"id":974916,"date":"2018-04-05T20:59:45","date_gmt":"2018-04-05T20:59:45","guid":{"rendered":"http:\/\/www.eldigitaldeasturias.com\/noticias\/?p=974916"},"modified":"2018-04-05T20:59:45","modified_gmt":"2018-04-05T20:59:45","slug":"entregara-la-justicia-alemana-a-puigdemont-ocho-claves","status":"publish","type":"post","link":"https:\/\/www.eldigitaldeasturias.com\/noticias\/entregara-la-justicia-alemana-a-puigdemont-ocho-claves\/","title":{"rendered":"\u00bfEntregar\u00e1 la Justicia alemana a Puigdemont? Ocho claves"},"content":{"rendered":"<p><img loading=\"lazy\" decoding=\"async\" class=\"alignleft size-medium wp-image-973532\" src=\"https:\/\/www.eldigitaldeasturias.com\/noticias\/wp-content\/uploads\/2018\/03\/Puigdemont-360x202.jpg\" alt=\"\" width=\"360\" height=\"202\" \/>Schleswig\/Madrid, 5 abr (dpa) &#8211; La Justicia alemana decidi\u00f3 hoy dejar en libertad bajo fianza al ex presidente del Gobierno catal\u00e1n Carles Puigdemont mientras decide sobre su posible entrega a Espa\u00f1a, donde fue procesado por rebeli\u00f3n y malversaci\u00f3n.<\/p>\n<p>A continuaci\u00f3n, ocho claves sobre la decisi\u00f3n judicial y sus posibles consecuencias:<\/p>\n<p><strong>\u00bfPor qu\u00e9 Puigdemont queda libertad bajo fianza y cu\u00e1ndo saldr\u00e1?<\/strong><\/p>\n<p>El Tribunal Regional Superior (OLG) del estado federado Schleswig-Holstein, en el norte de Alemania, consider\u00f3 hoy que la imputaci\u00f3n del delito de rebeli\u00f3n por el que fue procesado Puigdemont en Espa\u00f1a es \u00abinadmisible\u00bb, por lo que considera que el riesgo de fuga del l\u00edder independentista se reduce.<\/p>\n<p>El pol\u00edtico dormir\u00e1 hoy todav\u00eda en la c\u00e1rcel de Neum\u00fcnster, donde se encuentra desde el 25 de marzo, cuando fue detenido en el norte de Alemania. Para salir, seg\u00fan explic\u00f3 una funcionaria de la prisi\u00f3n, tiene que haber constancia de que sus abogados han abonado los 75.000 euros de fianza que le impone el tribunal alem\u00e1n.<\/p>\n<p><strong>\u00bfSigue adelante el proceso sobre la entrega de Puigdemont a Espa\u00f1a?<\/strong><\/p>\n<p>S\u00ed. Aunque la Justicia alemana descart\u00f3 el delito de rebeli\u00f3n, el proceso sobre la entrega de Puigdemont a Espa\u00f1a sigue adelante en base al delito de malversaci\u00f3n de fondos p\u00fablicos, incluido tambi\u00e9n en la orden de detenci\u00f3n europea dictada por el Tribunal Supremo de Espa\u00f1a.<\/p>\n<p>En su comunicado, el tribunal alem\u00e1n explica que \u00abpara decidir si se produce esa entrega hay que aclarar circunstancias y tener m\u00e1s informaci\u00f3n\u00bb.<\/p>\n<p><strong>\u00bfPor qu\u00e9 el tribunal alem\u00e1n no aprecia delito de rebeli\u00f3n?<\/strong><\/p>\n<p>EL OLG de Schleswig-Holstein considera que el delito de alta traici\u00f3n, comparable en Alemania al de rebeli\u00f3n, no se cumple en este caso porque \u00abno se aprecia la caracter\u00edstica de &#8216;violencia'\u00bb.<\/p>\n<p><strong>\u00bfQu\u00e9 supone que la Justicia alemana no aprecie rebeli\u00f3n?<\/strong><\/p>\n<p>En caso de que el tribunal alem\u00e1n decida en los pr\u00f3ximos d\u00edas entregar a Puigdemont a Espa\u00f1a, la Justicia de este pa\u00eds no podr\u00e1 juzgarlo por el delito de rebeli\u00f3n, el m\u00e1s grave que se le imputa, castigado con hasta 30 a\u00f1os de c\u00e1rcel.<\/p>\n<p>El juez del Tribunal Supremo espa\u00f1ol que proces\u00f3 a Puigdemont, Pablo Llarena, retir\u00f3 en diciembre una primera euroorden de detenci\u00f3n contra el pol\u00edtico, que se encontraba en ese momento en B\u00e9lgica, precisamente para evitar que las autoridades de ese pa\u00eds redujeran la posibilidad de juzgarlo por todos los delitos imputados, incluido el de rebeli\u00f3n.<\/p>\n<p><strong>\u00bfQu\u00e9 supone la decisi\u00f3n para Espa\u00f1a?<\/strong><\/p>\n<p>La excarcelaci\u00f3n de Puigdemont es un golpe para la Justicia espa\u00f1ola, que solicita su entrega a Alemania por malversaci\u00f3n y rebeli\u00f3n, y tambi\u00e9n para el jefe del Gobierno espa\u00f1ol, Mariano Rajoy, quien el pasado octubre destituy\u00f3 al entonces jefe del Gobierno catal\u00e1n para tratar de frenar sus planes separatistas.<\/p>\n<p>El liderazgo de Rajoy, quien gobierna en minor\u00eda en Espa\u00f1a, est\u00e1 en la cuerda floja y la crisis catalana podr\u00eda pasarle factura a medio plazo, tal y como auguran algunos analistas.<\/p>\n<p><strong>\u00bfCu\u00e1ndo se sabr\u00e1 si Alemania entrega a Puigdemont a Espa\u00f1a?<\/strong><\/p>\n<p>El Tribunal Regional Superior de Schleswig-Holstein debe tomar la decisi\u00f3n, pero no existe un plazo determinado.<\/p>\n<p>La normativa que regula la euroorden no fija l\u00edmites de tiempo a la decisi\u00f3n judicial. Sin embargo, s\u00ed establece un plazo recomendado de 60 d\u00edas (ampliable a 90 en casos excepcionales) que suele cumplirse. La media se sit\u00faa en 48 d\u00edas.<\/p>\n<p><strong>\u00bfPuede el Gobierno alem\u00e1n vetar la entrega?<\/strong><\/p>\n<p>Los abogados alemanes de Puigdemont confiaron la semana pasada en que el Gobierno alem\u00e1n \u00abno consienta la extradici\u00f3n\u00bb al considerar \u00ablas acusaciones injustificadas\u00bb. Sin embargo, los expertos aclaran que, a diferencia de lo que ocurre en un proceso de extradici\u00f3n tradicional, ante una euroorden el Poder Ejecutivo no interviene en ning\u00fan caso.<\/p>\n<p>\u00abSer\u00eda un grav\u00edsimo il\u00edcito que dar\u00eda derecho a que Espa\u00f1a demandara a Alemania ante el Tribunal de Justicia de la Uni\u00f3n Europea. Es una situaci\u00f3n impensable\u00bb, dijo a dpa Araceli Mangas, catedr\u00e1tica de Derecho Internacional de la Universidad Complutense de Madrid (UCM). Su par de la Universidad Aut\u00f3noma Antonio L\u00f3pez Castillo concidi\u00f3: \u00abLa euroorden radica en el principio de mutua confianza\u00bb.<\/p>\n<p><strong>\u00bfPuede cambiar la decisi\u00f3n del Tribunal otra instancia alemana?<\/strong><\/p>\n<p>Los abogados de Puigdemont en Alemania recurrieron ya la solicitud de entrega a Espa\u00f1a de la Fiscal\u00eda confiando en \u00abun an\u00e1lisis independiente y apropiado del Tribunal Regional Superior de Schleswig\u00bb, pero los expertos ven improbable un cambio de postura en una situaci\u00f3n regular.<\/p>\n<p>\u00abLo \u00fanico que podr\u00eda dar posibilidad de amparo ante el Tribunal Supremo o el Constitucional es que en el procedimiento hubiera una violaci\u00f3n de derechos fundamentales por parte de la Fiscal\u00eda o del Tribunal, algo muy raro\u00bb, sostuvo Mangas. \u00abSeguramente, eso no parar\u00eda la euroorden\u00bb.<\/p>\n<p><i class=\"lang-es\"><span class=\" readonly\" title=\"\">Por Pablo Sanguinetti y Ana L\u00e1zaro (dpa)<\/span><\/i><\/p>\n","protected":false},"excerpt":{"rendered":"<p>Schleswig\/Madrid, 5 abr (dpa) &#8211; La Justicia alemana decidi\u00f3 hoy dejar en libertad bajo fianza al ex presidente del Gobierno catal\u00e1n Carles Puigdemont mientras decide sobre su posible entrega a Espa\u00f1a, donde fue procesado por rebeli\u00f3n y malversaci\u00f3n. A continuaci\u00f3n, ocho claves sobre la decisi\u00f3n judicial y sus posibles consecuencias: \u00bfPor qu\u00e9 Puigdemont queda libertad [&hellip;]<\/p>\n","protected":false},"author":1,"featured_media":973532,"comment_status":"closed","ping_status":"closed","sticky":false,"template":"","format":"standard","meta":{"footnotes":""},"categories":[1],"tags":[],"class_list":["post-974916","post","type-post","status-publish","format-standard","has-post-thumbnail","hentry","category-actualidad"],"aioseo_notices":[],"aioseo_head":"\n\t\t<!-- All in One SEO Pro 5.0.1 - aioseo.com -->\n\t<meta name=\"description\" content=\"Schleswig\/Madrid, 5 abr (dpa) - La Justicia alemana decidi\u00f3 hoy dejar en libertad bajo fianza al ex presidente del Gobierno catal\u00e1n Carles Puigdemont mientras decide sobre su posible entrega a Espa\u00f1a, donde fue procesado por rebeli\u00f3n y malversaci\u00f3n. A continuaci\u00f3n, ocho claves sobre la decisi\u00f3n judicial y sus posibles consecuencias: \u00bfPor qu\u00e9 Puigdemont queda libertad\" \/>\n\t<meta name=\"robots\" content=\"max-image-preview:large\" \/>\n\t<meta name=\"author\" content=\"El Digital de Asturias\"\/>\n\t<meta name=\"google-site-verification\" content=\"UA-38556648-1\" \/>\n\t<meta name=\"msvalidate.01\" content=\"7dfe9f3f1b24437ab69f4f2559babe99\" \/>\n\t<meta name=\"keywords\" content=\"actualidad\" \/>\n\t<link rel=\"canonical\" href=\"https:\/\/www.eldigitaldeasturias.com\/noticias\/entregara-la-justicia-alemana-a-puigdemont-ocho-claves\/\" \/>\n\t<meta name=\"generator\" content=\"All in One SEO Pro (AIOSEO) 5.0.1\" \/>\n\t\t<meta property=\"og:locale\" content=\"es_ES\" \/>\n\t\t<meta property=\"og:site_name\" content=\"El Digital de Asturias\" \/>\n\t\t<meta property=\"og:type\" content=\"article\" \/>\n\t\t<meta property=\"og:title\" content=\"\u00bfEntregar\u00e1 la Justicia alemana a Puigdemont? Ocho claves - El Digital de Asturias\" \/>\n\t\t<meta property=\"og:description\" content=\"Schleswig\/Madrid, 5 abr (dpa) - La Justicia alemana decidi\u00f3 hoy dejar en libertad bajo fianza al ex presidente del Gobierno catal\u00e1n Carles Puigdemont mientras decide sobre su posible entrega a Espa\u00f1a, donde fue procesado por rebeli\u00f3n y malversaci\u00f3n. A continuaci\u00f3n, ocho claves sobre la decisi\u00f3n judicial y sus posibles consecuencias: \u00bfPor qu\u00e9 Puigdemont queda libertad\" \/>\n\t\t<meta property=\"og:url\" content=\"https:\/\/www.eldigitaldeasturias.com\/noticias\/entregara-la-justicia-alemana-a-puigdemont-ocho-claves\/\" \/>\n\t\t<meta property=\"article:tag\" content=\"actualidad\" \/>\n\t\t<meta property=\"article:published_time\" content=\"2018-04-05T20:59:45+00:00\" \/>\n\t\t<meta property=\"article:modified_time\" content=\"2018-04-05T20:59:45+00:00\" \/>\n\t\t<meta property=\"article:publisher\" content=\"https:\/\/facebook.com\/eldigitaldeasturias\" \/>\n\t\t<meta name=\"twitter:card\" content=\"summary_large_image\" \/>\n\t\t<meta name=\"twitter:title\" content=\"\u00bfEntregar\u00e1 la Justicia alemana a Puigdemont? Ocho claves - El Digital de Asturias\" \/>\n\t\t<meta name=\"twitter:description\" content=\"Schleswig\/Madrid, 5 abr (dpa) - La Justicia alemana decidi\u00f3 hoy dejar en libertad bajo fianza al ex presidente del Gobierno catal\u00e1n Carles Puigdemont mientras decide sobre su posible entrega a Espa\u00f1a, donde fue procesado por rebeli\u00f3n y malversaci\u00f3n. A continuaci\u00f3n, ocho claves sobre la decisi\u00f3n judicial y sus posibles consecuencias: \u00bfPor qu\u00e9 Puigdemont queda libertad\" \/>\n\t\t<meta name=\"twitter:image\" content=\"https:\/\/www.eldigitaldeasturias.com\/noticias\/wp-content\/uploads\/2020\/12\/EDA-1.jpg\" \/>\n\t\t<meta name=\"twitter:label1\" content=\"Escrito por\" \/>\n\t\t<meta name=\"twitter:data1\" content=\"El Digital de Asturias\" \/>\n\t\t<meta name=\"twitter:label2\" content=\"Tiempo de lectura estimado\" \/>\n\t\t<meta name=\"twitter:data2\" content=\"4 minutos\" \/>\n\t\t<script type=\"application\/ld+json\" class=\"aioseo-schema\">\n\t\t\t{\"@context\":\"https:\\\/\\\/schema.org\",\"@graph\":[{\"@type\":\"BlogPosting\",\"@id\":\"https:\\\/\\\/www.eldigitaldeasturias.com\\\/noticias\\\/entregara-la-justicia-alemana-a-puigdemont-ocho-claves\\\/#blogposting\",\"name\":\"\\u00bfEntregar\\u00e1 la Justicia alemana a Puigdemont? Ocho claves - El Digital de Asturias\",\"headline\":\"\\u00bfEntregar\\u00e1 la Justicia alemana a Puigdemont? Ocho claves\",\"author\":{\"@id\":\"https:\\\/\\\/www.eldigitaldeasturias.com\\\/noticias\\\/author\\\/admin\\\/#author\"},\"publisher\":{\"@id\":\"https:\\\/\\\/www.eldigitaldeasturias.com\\\/noticias\\\/#organization\"},\"image\":{\"@type\":\"ImageObject\",\"url\":973532},\"datePublished\":\"2018-04-05T20:59:45+02:00\",\"dateModified\":\"2018-04-05T20:59:45+02:00\",\"inLanguage\":\"es-ES\",\"mainEntityOfPage\":{\"@id\":\"https:\\\/\\\/www.eldigitaldeasturias.com\\\/noticias\\\/entregara-la-justicia-alemana-a-puigdemont-ocho-claves\\\/#webpage\"},\"isPartOf\":{\"@id\":\"https:\\\/\\\/www.eldigitaldeasturias.com\\\/noticias\\\/entregara-la-justicia-alemana-a-puigdemont-ocho-claves\\\/#webpage\"},\"articleSection\":\"Actualidad\"},{\"@type\":\"BreadcrumbList\",\"@id\":\"https:\\\/\\\/www.eldigitaldeasturias.com\\\/noticias\\\/entregara-la-justicia-alemana-a-puigdemont-ocho-claves\\\/#breadcrumblist\",\"itemListElement\":[{\"@type\":\"ListItem\",\"@id\":\"https:\\\/\\\/www.eldigitaldeasturias.com\\\/noticias#listItem\",\"position\":1,\"name\":\"Home\",\"item\":\"https:\\\/\\\/www.eldigitaldeasturias.com\\\/noticias\",\"nextItem\":{\"@type\":\"ListItem\",\"@id\":\"https:\\\/\\\/www.eldigitaldeasturias.com\\\/noticias\\\/category\\\/actualidad\\\/#listItem\",\"name\":\"Actualidad\"}},{\"@type\":\"ListItem\",\"@id\":\"https:\\\/\\\/www.eldigitaldeasturias.com\\\/noticias\\\/category\\\/actualidad\\\/#listItem\",\"position\":2,\"name\":\"Actualidad\",\"item\":\"https:\\\/\\\/www.eldigitaldeasturias.com\\\/noticias\\\/category\\\/actualidad\\\/\",\"nextItem\":{\"@type\":\"ListItem\",\"@id\":\"https:\\\/\\\/www.eldigitaldeasturias.com\\\/noticias\\\/entregara-la-justicia-alemana-a-puigdemont-ocho-claves\\\/#listItem\",\"name\":\"\\u00bfEntregar\\u00e1 la Justicia alemana a Puigdemont? Ocho claves\"},\"previousItem\":{\"@type\":\"ListItem\",\"@id\":\"https:\\\/\\\/www.eldigitaldeasturias.com\\\/noticias#listItem\",\"name\":\"Home\"}},{\"@type\":\"ListItem\",\"@id\":\"https:\\\/\\\/www.eldigitaldeasturias.com\\\/noticias\\\/entregara-la-justicia-alemana-a-puigdemont-ocho-claves\\\/#listItem\",\"position\":3,\"name\":\"\\u00bfEntregar\\u00e1 la Justicia alemana a Puigdemont? Ocho claves\",\"previousItem\":{\"@type\":\"ListItem\",\"@id\":\"https:\\\/\\\/www.eldigitaldeasturias.com\\\/noticias\\\/category\\\/actualidad\\\/#listItem\",\"name\":\"Actualidad\"}}]},{\"@type\":\"Organization\",\"@id\":\"https:\\\/\\\/www.eldigitaldeasturias.com\\\/noticias\\\/#organization\",\"name\":\"El Digital de Asturias\",\"description\":\"Hemeroteca\",\"url\":\"https:\\\/\\\/www.eldigitaldeasturias.com\\\/noticias\\\/\",\"email\":\"info@eldigitaldeasturias.com\",\"telephone\":\"+34652131393\",\"logo\":{\"@type\":\"ImageObject\",\"url\":\"https:\\\/\\\/www.eldigitaldeasturias.com\\\/noticias\\\/wp-content\\\/uploads\\\/2020\\\/12\\\/EDA.jpg\",\"@id\":\"https:\\\/\\\/www.eldigitaldeasturias.com\\\/noticias\\\/entregara-la-justicia-alemana-a-puigdemont-ocho-claves\\\/#organizationLogo\"},\"image\":{\"@id\":\"https:\\\/\\\/www.eldigitaldeasturias.com\\\/noticias\\\/entregara-la-justicia-alemana-a-puigdemont-ocho-claves\\\/#organizationLogo\"},\"sameAs\":[\"https:\\\/\\\/facebook.com\\\/eldigitaldeasturias\",\"https:\\\/\\\/www.youtube.com\\\/channel\\\/UCZP-2wLEB9Rv6erhFmqVnvg\"],\"address\":{\"@id\":\"https:\\\/\\\/www.eldigitaldeasturias.com\\\/noticias\\\/#postaladdress\",\"@type\":\"PostalAddress\",\"streetAddress\":\"san antonio 4\",\"postalCode\":\"33430\",\"addressLocality\":\"Cand\\u00e1s\",\"addressRegion\":\"Asturias\",\"addressCountry\":\"ES\"}},{\"@type\":\"Person\",\"@id\":\"https:\\\/\\\/www.eldigitaldeasturias.com\\\/noticias\\\/author\\\/admin\\\/#author\",\"url\":\"https:\\\/\\\/www.eldigitaldeasturias.com\\\/noticias\\\/author\\\/admin\\\/\",\"name\":\"El Digital de Asturias\",\"image\":{\"@type\":\"ImageObject\",\"@id\":\"https:\\\/\\\/www.eldigitaldeasturias.com\\\/noticias\\\/entregara-la-justicia-alemana-a-puigdemont-ocho-claves\\\/#authorImage\",\"url\":\"https:\\\/\\\/secure.gravatar.com\\\/avatar\\\/df2aeffc32bcd13f8d26072ef8a91b623d677766deac7f97ca815868cd41bf5e?s=96&d=mm&r=g\",\"width\":96,\"height\":96,\"caption\":\"El Digital de Asturias\"}},{\"@type\":\"WebPage\",\"@id\":\"https:\\\/\\\/www.eldigitaldeasturias.com\\\/noticias\\\/entregara-la-justicia-alemana-a-puigdemont-ocho-claves\\\/#webpage\",\"url\":\"https:\\\/\\\/www.eldigitaldeasturias.com\\\/noticias\\\/entregara-la-justicia-alemana-a-puigdemont-ocho-claves\\\/\",\"name\":\"\\u00bfEntregar\\u00e1 la Justicia alemana a Puigdemont? Ocho claves - El Digital de Asturias\",\"description\":\"Schleswig\\\/Madrid, 5 abr (dpa) - La Justicia alemana decidi\\u00f3 hoy dejar en libertad bajo fianza al ex presidente del Gobierno catal\\u00e1n Carles Puigdemont mientras decide sobre su posible entrega a Espa\\u00f1a, donde fue procesado por rebeli\\u00f3n y malversaci\\u00f3n. A continuaci\\u00f3n, ocho claves sobre la decisi\\u00f3n judicial y sus posibles consecuencias: \\u00bfPor qu\\u00e9 Puigdemont queda libertad\",\"inLanguage\":\"es-ES\",\"isPartOf\":{\"@id\":\"https:\\\/\\\/www.eldigitaldeasturias.com\\\/noticias\\\/#website\"},\"breadcrumb\":{\"@id\":\"https:\\\/\\\/www.eldigitaldeasturias.com\\\/noticias\\\/entregara-la-justicia-alemana-a-puigdemont-ocho-claves\\\/#breadcrumblist\"},\"author\":{\"@id\":\"https:\\\/\\\/www.eldigitaldeasturias.com\\\/noticias\\\/author\\\/admin\\\/#author\"},\"creator\":{\"@id\":\"https:\\\/\\\/www.eldigitaldeasturias.com\\\/noticias\\\/author\\\/admin\\\/#author\"},\"image\":{\"@type\":\"ImageObject\",\"url\":973532,\"@id\":\"https:\\\/\\\/www.eldigitaldeasturias.com\\\/noticias\\\/entregara-la-justicia-alemana-a-puigdemont-ocho-claves\\\/#mainImage\"},\"primaryImageOfPage\":{\"@id\":\"https:\\\/\\\/www.eldigitaldeasturias.com\\\/noticias\\\/entregara-la-justicia-alemana-a-puigdemont-ocho-claves\\\/#mainImage\"},\"datePublished\":\"2018-04-05T20:59:45+02:00\",\"dateModified\":\"2018-04-05T20:59:45+02:00\"},{\"@type\":\"WebSite\",\"@id\":\"https:\\\/\\\/www.eldigitaldeasturias.com\\\/noticias\\\/#website\",\"url\":\"https:\\\/\\\/www.eldigitaldeasturias.com\\\/noticias\\\/\",\"name\":\"El Digital de Asturias - Diario de actualidad y noticias\",\"alternateName\":\"El Digital de Asturias - Diario de actualidad y noticias\",\"description\":\"Hemeroteca\",\"inLanguage\":\"es-ES\",\"publisher\":{\"@id\":\"https:\\\/\\\/www.eldigitaldeasturias.com\\\/noticias\\\/#organization\"}}]}\n\t\t<\/script>\n\t\t<!-- All in One SEO Pro -->\r\n\t\t<title>\u00bfEntregar\u00e1 la Justicia alemana a Puigdemont? Ocho claves - El Digital de Asturias<\/title>\n\n","aioseo_head_json":{"title":"\u00bfEntregar\u00e1 la Justicia alemana a Puigdemont? Ocho claves - El Digital de Asturias","description":"Schleswig\/Madrid, 5 abr (dpa) - La Justicia alemana decidi\u00f3 hoy dejar en libertad bajo fianza al ex presidente del Gobierno catal\u00e1n Carles Puigdemont mientras decide sobre su posible entrega a Espa\u00f1a, donde fue procesado por rebeli\u00f3n y malversaci\u00f3n. A continuaci\u00f3n, ocho claves sobre la decisi\u00f3n judicial y sus posibles consecuencias: \u00bfPor qu\u00e9 Puigdemont queda libertad","canonical_url":"https:\/\/www.eldigitaldeasturias.com\/noticias\/entregara-la-justicia-alemana-a-puigdemont-ocho-claves\/","robots":"max-image-preview:large","keywords":"actualidad","webmasterTools":{"google-site-verification":"UA-38556648-1","msvalidate.01":"7dfe9f3f1b24437ab69f4f2559babe99","miscellaneous":""},"schema":{"@context":"https:\/\/schema.org","@graph":[{"@type":"BlogPosting","@id":"https:\/\/www.eldigitaldeasturias.com\/noticias\/entregara-la-justicia-alemana-a-puigdemont-ocho-claves\/#blogposting","name":"\u00bfEntregar\u00e1 la Justicia alemana a Puigdemont? Ocho claves - El Digital de Asturias","headline":"\u00bfEntregar\u00e1 la Justicia alemana a Puigdemont? Ocho claves","author":{"@id":"https:\/\/www.eldigitaldeasturias.com\/noticias\/author\/admin\/#author"},"publisher":{"@id":"https:\/\/www.eldigitaldeasturias.com\/noticias\/#organization"},"image":{"@type":"ImageObject","url":973532},"datePublished":"2018-04-05T20:59:45+02:00","dateModified":"2018-04-05T20:59:45+02:00","inLanguage":"es-ES","mainEntityOfPage":{"@id":"https:\/\/www.eldigitaldeasturias.com\/noticias\/entregara-la-justicia-alemana-a-puigdemont-ocho-claves\/#webpage"},"isPartOf":{"@id":"https:\/\/www.eldigitaldeasturias.com\/noticias\/entregara-la-justicia-alemana-a-puigdemont-ocho-claves\/#webpage"},"articleSection":"Actualidad"},{"@type":"BreadcrumbList","@id":"https:\/\/www.eldigitaldeasturias.com\/noticias\/entregara-la-justicia-alemana-a-puigdemont-ocho-claves\/#breadcrumblist","itemListElement":[{"@type":"ListItem","@id":"https:\/\/www.eldigitaldeasturias.com\/noticias#listItem","position":1,"name":"Home","item":"https:\/\/www.eldigitaldeasturias.com\/noticias","nextItem":{"@type":"ListItem","@id":"https:\/\/www.eldigitaldeasturias.com\/noticias\/category\/actualidad\/#listItem","name":"Actualidad"}},{"@type":"ListItem","@id":"https:\/\/www.eldigitaldeasturias.com\/noticias\/category\/actualidad\/#listItem","position":2,"name":"Actualidad","item":"https:\/\/www.eldigitaldeasturias.com\/noticias\/category\/actualidad\/","nextItem":{"@type":"ListItem","@id":"https:\/\/www.eldigitaldeasturias.com\/noticias\/entregara-la-justicia-alemana-a-puigdemont-ocho-claves\/#listItem","name":"\u00bfEntregar\u00e1 la Justicia alemana a Puigdemont? Ocho claves"},"previousItem":{"@type":"ListItem","@id":"https:\/\/www.eldigitaldeasturias.com\/noticias#listItem","name":"Home"}},{"@type":"ListItem","@id":"https:\/\/www.eldigitaldeasturias.com\/noticias\/entregara-la-justicia-alemana-a-puigdemont-ocho-claves\/#listItem","position":3,"name":"\u00bfEntregar\u00e1 la Justicia alemana a Puigdemont? Ocho claves","previousItem":{"@type":"ListItem","@id":"https:\/\/www.eldigitaldeasturias.com\/noticias\/category\/actualidad\/#listItem","name":"Actualidad"}}]},{"@type":"Organization","@id":"https:\/\/www.eldigitaldeasturias.com\/noticias\/#organization","name":"El Digital de Asturias","description":"Hemeroteca","url":"https:\/\/www.eldigitaldeasturias.com\/noticias\/","email":"info@eldigitaldeasturias.com","telephone":"+34652131393","logo":{"@type":"ImageObject","url":"https:\/\/www.eldigitaldeasturias.com\/noticias\/wp-content\/uploads\/2020\/12\/EDA.jpg","@id":"https:\/\/www.eldigitaldeasturias.com\/noticias\/entregara-la-justicia-alemana-a-puigdemont-ocho-claves\/#organizationLogo"},"image":{"@id":"https:\/\/www.eldigitaldeasturias.com\/noticias\/entregara-la-justicia-alemana-a-puigdemont-ocho-claves\/#organizationLogo"},"sameAs":["https:\/\/facebook.com\/eldigitaldeasturias","https:\/\/www.youtube.com\/channel\/UCZP-2wLEB9Rv6erhFmqVnvg"],"address":{"@id":"https:\/\/www.eldigitaldeasturias.com\/noticias\/#postaladdress","@type":"PostalAddress","streetAddress":"san antonio 4","postalCode":"33430","addressLocality":"Cand\u00e1s","addressRegion":"Asturias","addressCountry":"ES"}},{"@type":"Person","@id":"https:\/\/www.eldigitaldeasturias.com\/noticias\/author\/admin\/#author","url":"https:\/\/www.eldigitaldeasturias.com\/noticias\/author\/admin\/","name":"El Digital de Asturias","image":{"@type":"ImageObject","@id":"https:\/\/www.eldigitaldeasturias.com\/noticias\/entregara-la-justicia-alemana-a-puigdemont-ocho-claves\/#authorImage","url":"https:\/\/secure.gravatar.com\/avatar\/df2aeffc32bcd13f8d26072ef8a91b623d677766deac7f97ca815868cd41bf5e?s=96&d=mm&r=g","width":96,"height":96,"caption":"El Digital de Asturias"}},{"@type":"WebPage","@id":"https:\/\/www.eldigitaldeasturias.com\/noticias\/entregara-la-justicia-alemana-a-puigdemont-ocho-claves\/#webpage","url":"https:\/\/www.eldigitaldeasturias.com\/noticias\/entregara-la-justicia-alemana-a-puigdemont-ocho-claves\/","name":"\u00bfEntregar\u00e1 la Justicia alemana a Puigdemont? Ocho claves - El Digital de Asturias","description":"Schleswig\/Madrid, 5 abr (dpa) - La Justicia alemana decidi\u00f3 hoy dejar en libertad bajo fianza al ex presidente del Gobierno catal\u00e1n Carles Puigdemont mientras decide sobre su posible entrega a Espa\u00f1a, donde fue procesado por rebeli\u00f3n y malversaci\u00f3n. A continuaci\u00f3n, ocho claves sobre la decisi\u00f3n judicial y sus posibles consecuencias: \u00bfPor qu\u00e9 Puigdemont queda libertad","inLanguage":"es-ES","isPartOf":{"@id":"https:\/\/www.eldigitaldeasturias.com\/noticias\/#website"},"breadcrumb":{"@id":"https:\/\/www.eldigitaldeasturias.com\/noticias\/entregara-la-justicia-alemana-a-puigdemont-ocho-claves\/#breadcrumblist"},"author":{"@id":"https:\/\/www.eldigitaldeasturias.com\/noticias\/author\/admin\/#author"},"creator":{"@id":"https:\/\/www.eldigitaldeasturias.com\/noticias\/author\/admin\/#author"},"image":{"@type":"ImageObject","url":973532,"@id":"https:\/\/www.eldigitaldeasturias.com\/noticias\/entregara-la-justicia-alemana-a-puigdemont-ocho-claves\/#mainImage"},"primaryImageOfPage":{"@id":"https:\/\/www.eldigitaldeasturias.com\/noticias\/entregara-la-justicia-alemana-a-puigdemont-ocho-claves\/#mainImage"},"datePublished":"2018-04-05T20:59:45+02:00","dateModified":"2018-04-05T20:59:45+02:00"},{"@type":"WebSite","@id":"https:\/\/www.eldigitaldeasturias.com\/noticias\/#website","url":"https:\/\/www.eldigitaldeasturias.com\/noticias\/","name":"El Digital de Asturias - Diario de actualidad y noticias","alternateName":"El Digital de Asturias - Diario de actualidad y noticias","description":"Hemeroteca","inLanguage":"es-ES","publisher":{"@id":"https:\/\/www.eldigitaldeasturias.com\/noticias\/#organization"}}]},"og:locale":"es_ES","og:site_name":"El Digital de Asturias","og:type":"article","og:title":"\u00bfEntregar\u00e1 la Justicia alemana a Puigdemont? Ocho claves - El Digital de Asturias","og:description":"Schleswig\/Madrid, 5 abr (dpa) - La Justicia alemana decidi\u00f3 hoy dejar en libertad bajo fianza al ex presidente del Gobierno catal\u00e1n Carles Puigdemont mientras decide sobre su posible entrega a Espa\u00f1a, donde fue procesado por rebeli\u00f3n y malversaci\u00f3n. A continuaci\u00f3n, ocho claves sobre la decisi\u00f3n judicial y sus posibles consecuencias: \u00bfPor qu\u00e9 Puigdemont queda libertad","og:url":"https:\/\/www.eldigitaldeasturias.com\/noticias\/entregara-la-justicia-alemana-a-puigdemont-ocho-claves\/","article:tag":["actualidad"],"article:published_time":"2018-04-05T20:59:45+00:00","article:modified_time":"2018-04-05T20:59:45+00:00","article:publisher":"https:\/\/facebook.com\/eldigitaldeasturias","twitter:card":"summary_large_image","twitter:title":"\u00bfEntregar\u00e1 la Justicia alemana a Puigdemont? Ocho claves - El Digital de Asturias","twitter:description":"Schleswig\/Madrid, 5 abr (dpa) - La Justicia alemana decidi\u00f3 hoy dejar en libertad bajo fianza al ex presidente del Gobierno catal\u00e1n Carles Puigdemont mientras decide sobre su posible entrega a Espa\u00f1a, donde fue procesado por rebeli\u00f3n y malversaci\u00f3n. A continuaci\u00f3n, ocho claves sobre la decisi\u00f3n judicial y sus posibles consecuencias: \u00bfPor qu\u00e9 Puigdemont queda libertad","twitter:image":"https:\/\/www.eldigitaldeasturias.com\/noticias\/wp-content\/uploads\/2020\/12\/EDA-1.jpg","twitter:label1":"Escrito por","twitter:data1":"El Digital de Asturias","twitter:label2":"Tiempo de lectura estimado","twitter:data2":"4 minutos"},"aioseo_meta_data":{"post_id":"974916","title":null,"description":null,"keywords":null,"keyphrases":null,"primary_term":null,"canonical_url":null,"og_title":null,"og_description":null,"og_object_type":"default","og_image_type":"default","og_image_url":null,"og_image_width":null,"og_image_height":null,"og_image_custom_url":null,"og_image_custom_fields":null,"og_video":null,"og_custom_url":null,"og_article_section":null,"og_article_tags":null,"twitter_use_og":false,"twitter_card":"default","twitter_image_type":"default","twitter_image_url":null,"twitter_image_custom_url":null,"twitter_image_custom_fields":null,"twitter_title":null,"twitter_description":null,"schema":{"blockGraphs":[],"customGraphs":[],"default":{"data":{"Article":[],"Course":[],"Dataset":[],"FAQPage":[],"Movie":[],"Person":[],"Product":[],"ProductReview":[],"Car":[],"Recipe":[],"Service":[],"SoftwareApplication":[],"WebPage":[]},"graphName":"","isEnabled":true},"graphs":[],"defaultGraph":"","defaultPostTypeGraph":""},"schema_type":null,"schema_type_options":null,"pillar_content":false,"robots_default":true,"robots_noindex":false,"robots_noarchive":false,"robots_nosnippet":false,"robots_nofollow":false,"robots_noimageindex":false,"robots_noodp":false,"robots_notranslate":false,"robots_max_snippet":null,"robots_max_videopreview":null,"robots_max_imagepreview":"large","priority":null,"frequency":null,"local_seo":null,"seo_analyzer_scan_date":"2025-10-07 21:56:12","breadcrumb_settings":null,"limit_modified_date":false,"open_ai":null,"ai":null,"created":"2020-12-21 11:01:36","updated":"2025-10-07 21:56:12","focus_keyword":null,"additional_keywords":null,"truseo_locale":null},"aioseo_breadcrumb":"<div class=\"aioseo-breadcrumbs\"><span class=\"aioseo-breadcrumb\">\n\t<a href=\"https:\/\/www.eldigitaldeasturias.com\/noticias\" title=\"Home\">Home<\/a>\n<\/span><span class=\"aioseo-breadcrumb-separator\">\u2013<\/span><span class=\"aioseo-breadcrumb\">\n\t<a href=\"https:\/\/www.eldigitaldeasturias.com\/noticias\/category\/actualidad\/\" title=\"Actualidad\">Actualidad<\/a>\n<\/span><span class=\"aioseo-breadcrumb-separator\">\u2013<\/span><span class=\"aioseo-breadcrumb\">\n\t<a href=\"https:\/\/www.eldigitaldeasturias.com\/noticias\/entregara-la-justicia-alemana-a-puigdemont-ocho-claves\/\" title=\"\u00bfEntregar\u00e1 la Justicia alemana a Puigdemont? Ocho claves\">\u00bfEntregar\u00e1 la Justicia alemana a Puigdemont? Ocho claves<\/a>\n<\/span><\/div>","aioseo_breadcrumb_json":[{"label":"Home","link":"https:\/\/www.eldigitaldeasturias.com\/noticias"},{"label":"Actualidad","link":"https:\/\/www.eldigitaldeasturias.com\/noticias\/category\/actualidad\/"},{"label":"\u00bfEntregar\u00e1 la Justicia alemana a Puigdemont? Ocho claves","link":"https:\/\/www.eldigitaldeasturias.com\/noticias\/entregara-la-justicia-alemana-a-puigdemont-ocho-claves\/"}],"_links":{"self":[{"href":"https:\/\/www.eldigitaldeasturias.com\/noticias\/wp-json\/wp\/v2\/posts\/974916","targetHints":{"allow":["GET"]}}],"collection":[{"href":"https:\/\/www.eldigitaldeasturias.com\/noticias\/wp-json\/wp\/v2\/posts"}],"about":[{"href":"https:\/\/www.eldigitaldeasturias.com\/noticias\/wp-json\/wp\/v2\/types\/post"}],"author":[{"embeddable":true,"href":"https:\/\/www.eldigitaldeasturias.com\/noticias\/wp-json\/wp\/v2\/users\/1"}],"replies":[{"embeddable":true,"href":"https:\/\/www.eldigitaldeasturias.com\/noticias\/wp-json\/wp\/v2\/comments?post=974916"}],"version-history":[{"count":0,"href":"https:\/\/www.eldigitaldeasturias.com\/noticias\/wp-json\/wp\/v2\/posts\/974916\/revisions"}],"wp:attachment":[{"href":"https:\/\/www.eldigitaldeasturias.com\/noticias\/wp-json\/wp\/v2\/media?parent=974916"}],"wp:term":[{"taxonomy":"category","embeddable":true,"href":"https:\/\/www.eldigitaldeasturias.com\/noticias\/wp-json\/wp\/v2\/categories?post=974916"},{"taxonomy":"post_tag","embeddable":true,"href":"https:\/\/www.eldigitaldeasturias.com\/noticias\/wp-json\/wp\/v2\/tags?post=974916"}],"curies":[{"name":"wp","href":"https:\/\/api.w.org\/{rel}","templated":true}]}}