{"id":974886,"date":"2018-04-05T16:44:58","date_gmt":"2018-04-05T16:44:58","guid":{"rendered":"http:\/\/www.eldigitaldeasturias.com\/noticias\/?p=974886"},"modified":"2018-04-05T16:44:58","modified_gmt":"2018-04-05T16:44:58","slug":"pedro-sanchez-exige-a-rajoy-que-apoye-la-iniciativa-del-psoe-sobre-las-kellys","status":"publish","type":"post","link":"https:\/\/www.eldigitaldeasturias.com\/noticias\/pedro-sanchez-exige-a-rajoy-que-apoye-la-iniciativa-del-psoe-sobre-las-kellys\/","title":{"rendered":"Pedro S\u00e1nchez exige a Rajoy que apoye la iniciativa del PSOE sobre Las Kellys"},"content":{"rendered":"<p><img loading=\"lazy\" decoding=\"async\" class=\"alignleft size-medium wp-image-793321\" src=\"https:\/\/www.eldigitaldeasturias.com\/noticias\/wp-content\/uploads\/2015\/07\/pedro-sanchez-360x240.jpg\" alt=\"\" width=\"360\" height=\"240\" \/>El <strong>secretario general del PSOE, <\/strong>Pedro S\u00e1nchez\u00a0pide a Rajoy que el PP apoye la proposici\u00f3n de ley del <strong>grupo parlamentario socialista<\/strong> que deroga su reforma laboral para demostrar que su encuentro con <strong>Las Kellys<\/strong> no es s\u00f3lo cosm\u00e9tico. \u201cQue no se quede en una reuni\u00f3n y tenga consecuencias legislativas\u201d.<\/p>\n<p>\u201cExijo a Rajoy que d\u00e9 \u00f3rdenes a su grupo parlamentario en el Congreso para que apoyen la proposici\u00f3n de ley socialista que deroga su reforma laboral\u201d, dice S\u00e1nchez a Rajoy, para que demuestre coherencia tras su encuentro con Las Kellys, que representan a las camareras de piso, que sufren condiciones laborales de miseria y explotaci\u00f3n.<\/p>\n<p><iframe loading=\"lazy\" src=\"https:\/\/www.youtube.com\/embed\/Bzff0IV14Ho\" width=\"650\" height=\"315\" frameborder=\"0\" allowfullscreen=\"allowfullscreen\"><span data-mce-type=\"bookmark\" style=\"display: inline-block; width: 0px; overflow: hidden; line-height: 0;\" class=\"mce_SELRES_start\">\ufeff<\/span><\/iframe><\/p>\n<p>\u201cMe parece muy bien\u201d, asegura el secretario general socialista, que el presidente del Gobierno reciba a Las Kellys , porque \u201csus demandas son justas\u201d. Pero pide que el encuentro en Moncloa sea eficaz y no un mero retrato. \u201cQue no se quede en una reuni\u00f3n y tenga consecuencias legislativas\u201d. En este sentido, Pedro S\u00e1nchez emplaza a Rajoy a apoyar la propuesta socialista el pr\u00f3ximo 17 de abril, cuando la proposici\u00f3n de ley entra en fase de ponencia.<\/p>\n<p>La exigencia de coherencia a Mariano Rajoy es a\u00fan m\u00e1s necesaria porque, precisamente, el gobierno intent\u00f3 vetar en la Mesa del Congreso la proposici\u00f3n de ley socialista sobre los trabajadores subcontratados e, incluso, ha recurrido al Tribunal Constitucional.<\/p>\n<p>La proposici\u00f3n de ley del grupo socialista est\u00e1 dirigida, precisamente, a acabar con la explotaci\u00f3n de los trabajadores subcontratados, como Las Kellys, los limpiadores y los trabajadores de seguridad. Esta propuesta deroga la reforma laboral del PP en dos aspectos claves que ha destacado Pedro S\u00e1nchez: uno, que obliga a equiparar salarios y condiciones laborales entre trabajadores subcontratados y miembros de la plantilla habitual, y dos, recupera la prevalencia de los convenios garantistas de sector, firmados por sindicatos y patronal, sobre los convenios precarios de empresa, firmados bajo presi\u00f3n.<\/p>\n<p>El l\u00edder socialista, adem\u00e1s de pedir coherencia a Rajoy, se ha dirigido tambi\u00e9n a su socio ideol\u00f3gico: \u201cQue empatice con las Kellys\u201d, ha pedido a Rivera, para que tambi\u00e9n vote a favor de la proposici\u00f3n de ley del PSOE.<\/p>\n","protected":false},"excerpt":{"rendered":"<p>El secretario general del PSOE, Pedro S\u00e1nchez\u00a0pide a Rajoy que el PP apoye la proposici\u00f3n de ley del grupo parlamentario socialista que deroga su reforma laboral para demostrar que su encuentro con Las Kellys no es s\u00f3lo cosm\u00e9tico. \u201cQue no se quede en una reuni\u00f3n y tenga consecuencias legislativas\u201d. \u201cExijo a Rajoy que d\u00e9 \u00f3rdenes [&hellip;]<\/p>\n","protected":false},"author":1,"featured_media":974887,"comment_status":"closed","ping_status":"closed","sticky":false,"template":"","format":"standard","meta":{"footnotes":""},"categories":[1],"tags":[],"class_list":["post-974886","post","type-post","status-publish","format-standard","has-post-thumbnail","hentry","category-actualidad"],"aioseo_notices":[],"aioseo_head":"\n\t\t<!-- All in One SEO Pro 5.0.1 - aioseo.com -->\n\t<meta name=\"description\" content=\"El secretario general del PSOE, Pedro S\u00e1nchez pide a Rajoy que el PP apoye la proposici\u00f3n de ley del grupo parlamentario socialista que deroga su reforma laboral para demostrar que su encuentro con Las Kellys no es s\u00f3lo cosm\u00e9tico. \u201cQue no se quede en una reuni\u00f3n y tenga consecuencias legislativas\u201d. \u201cExijo a Rajoy que d\u00e9 \u00f3rdenes\" \/>\n\t<meta name=\"robots\" content=\"max-image-preview:large\" \/>\n\t<meta name=\"author\" content=\"El Digital de Asturias\"\/>\n\t<meta name=\"google-site-verification\" content=\"UA-38556648-1\" \/>\n\t<meta name=\"msvalidate.01\" content=\"7dfe9f3f1b24437ab69f4f2559babe99\" \/>\n\t<meta name=\"keywords\" content=\"actualidad\" \/>\n\t<link rel=\"canonical\" href=\"https:\/\/www.eldigitaldeasturias.com\/noticias\/pedro-sanchez-exige-a-rajoy-que-apoye-la-iniciativa-del-psoe-sobre-las-kellys\/\" \/>\n\t<meta name=\"generator\" content=\"All in One SEO Pro (AIOSEO) 5.0.1\" \/>\n\t\t<meta property=\"og:locale\" content=\"es_ES\" \/>\n\t\t<meta property=\"og:site_name\" content=\"El Digital de Asturias\" \/>\n\t\t<meta property=\"og:type\" content=\"article\" \/>\n\t\t<meta property=\"og:title\" content=\"Pedro S\u00e1nchez exige a Rajoy que apoye la iniciativa del PSOE sobre Las Kellys - El Digital de Asturias\" \/>\n\t\t<meta property=\"og:description\" content=\"El secretario general del PSOE, Pedro S\u00e1nchez pide a Rajoy que el PP apoye la proposici\u00f3n de ley del grupo parlamentario socialista que deroga su reforma laboral para demostrar que su encuentro con Las Kellys no es s\u00f3lo cosm\u00e9tico. \u201cQue no se quede en una reuni\u00f3n y tenga consecuencias legislativas\u201d. \u201cExijo a Rajoy que d\u00e9 \u00f3rdenes\" \/>\n\t\t<meta property=\"og:url\" content=\"https:\/\/www.eldigitaldeasturias.com\/noticias\/pedro-sanchez-exige-a-rajoy-que-apoye-la-iniciativa-del-psoe-sobre-las-kellys\/\" \/>\n\t\t<meta property=\"article:tag\" content=\"actualidad\" \/>\n\t\t<meta property=\"article:published_time\" content=\"2018-04-05T16:44:58+00:00\" \/>\n\t\t<meta property=\"article:modified_time\" content=\"2018-04-05T16:44:58+00:00\" \/>\n\t\t<meta property=\"article:publisher\" content=\"https:\/\/facebook.com\/eldigitaldeasturias\" \/>\n\t\t<meta name=\"twitter:card\" content=\"summary_large_image\" \/>\n\t\t<meta name=\"twitter:title\" content=\"Pedro S\u00e1nchez exige a Rajoy que apoye la iniciativa del PSOE sobre Las Kellys - El Digital de Asturias\" \/>\n\t\t<meta name=\"twitter:description\" content=\"El secretario general del PSOE, Pedro S\u00e1nchez pide a Rajoy que el PP apoye la proposici\u00f3n de ley del grupo parlamentario socialista que deroga su reforma laboral para demostrar que su encuentro con Las Kellys no es s\u00f3lo cosm\u00e9tico. \u201cQue no se quede en una reuni\u00f3n y tenga consecuencias legislativas\u201d. \u201cExijo a Rajoy que d\u00e9 \u00f3rdenes\" \/>\n\t\t<meta name=\"twitter:image\" content=\"https:\/\/www.eldigitaldeasturias.com\/noticias\/wp-content\/uploads\/2020\/12\/EDA-1.jpg\" \/>\n\t\t<meta name=\"twitter:label1\" content=\"Escrito por\" \/>\n\t\t<meta name=\"twitter:data1\" content=\"El Digital de Asturias\" \/>\n\t\t<meta name=\"twitter:label2\" content=\"Tiempo de lectura estimado\" \/>\n\t\t<meta name=\"twitter:data2\" content=\"2 minutos\" \/>\n\t\t<script type=\"application\/ld+json\" class=\"aioseo-schema\">\n\t\t\t{\"@context\":\"https:\\\/\\\/schema.org\",\"@graph\":[{\"@type\":\"BlogPosting\",\"@id\":\"https:\\\/\\\/www.eldigitaldeasturias.com\\\/noticias\\\/pedro-sanchez-exige-a-rajoy-que-apoye-la-iniciativa-del-psoe-sobre-las-kellys\\\/#blogposting\",\"name\":\"Pedro S\\u00e1nchez exige a Rajoy que apoye la iniciativa del PSOE sobre Las Kellys - El Digital de Asturias\",\"headline\":\"Pedro S\\u00e1nchez exige a Rajoy que apoye la iniciativa del PSOE sobre Las Kellys\",\"author\":{\"@id\":\"https:\\\/\\\/www.eldigitaldeasturias.com\\\/noticias\\\/author\\\/admin\\\/#author\"},\"publisher\":{\"@id\":\"https:\\\/\\\/www.eldigitaldeasturias.com\\\/noticias\\\/#organization\"},\"image\":{\"@type\":\"ImageObject\",\"url\":974887},\"datePublished\":\"2018-04-05T16:44:58+02:00\",\"dateModified\":\"2018-04-05T16:44:58+02:00\",\"inLanguage\":\"es-ES\",\"mainEntityOfPage\":{\"@id\":\"https:\\\/\\\/www.eldigitaldeasturias.com\\\/noticias\\\/pedro-sanchez-exige-a-rajoy-que-apoye-la-iniciativa-del-psoe-sobre-las-kellys\\\/#webpage\"},\"isPartOf\":{\"@id\":\"https:\\\/\\\/www.eldigitaldeasturias.com\\\/noticias\\\/pedro-sanchez-exige-a-rajoy-que-apoye-la-iniciativa-del-psoe-sobre-las-kellys\\\/#webpage\"},\"articleSection\":\"Actualidad\"},{\"@type\":\"BreadcrumbList\",\"@id\":\"https:\\\/\\\/www.eldigitaldeasturias.com\\\/noticias\\\/pedro-sanchez-exige-a-rajoy-que-apoye-la-iniciativa-del-psoe-sobre-las-kellys\\\/#breadcrumblist\",\"itemListElement\":[{\"@type\":\"ListItem\",\"@id\":\"https:\\\/\\\/www.eldigitaldeasturias.com\\\/noticias#listItem\",\"position\":1,\"name\":\"Home\",\"item\":\"https:\\\/\\\/www.eldigitaldeasturias.com\\\/noticias\",\"nextItem\":{\"@type\":\"ListItem\",\"@id\":\"https:\\\/\\\/www.eldigitaldeasturias.com\\\/noticias\\\/category\\\/actualidad\\\/#listItem\",\"name\":\"Actualidad\"}},{\"@type\":\"ListItem\",\"@id\":\"https:\\\/\\\/www.eldigitaldeasturias.com\\\/noticias\\\/category\\\/actualidad\\\/#listItem\",\"position\":2,\"name\":\"Actualidad\",\"item\":\"https:\\\/\\\/www.eldigitaldeasturias.com\\\/noticias\\\/category\\\/actualidad\\\/\",\"nextItem\":{\"@type\":\"ListItem\",\"@id\":\"https:\\\/\\\/www.eldigitaldeasturias.com\\\/noticias\\\/pedro-sanchez-exige-a-rajoy-que-apoye-la-iniciativa-del-psoe-sobre-las-kellys\\\/#listItem\",\"name\":\"Pedro S\\u00e1nchez exige a Rajoy que apoye la iniciativa del PSOE sobre Las Kellys\"},\"previousItem\":{\"@type\":\"ListItem\",\"@id\":\"https:\\\/\\\/www.eldigitaldeasturias.com\\\/noticias#listItem\",\"name\":\"Home\"}},{\"@type\":\"ListItem\",\"@id\":\"https:\\\/\\\/www.eldigitaldeasturias.com\\\/noticias\\\/pedro-sanchez-exige-a-rajoy-que-apoye-la-iniciativa-del-psoe-sobre-las-kellys\\\/#listItem\",\"position\":3,\"name\":\"Pedro S\\u00e1nchez exige a Rajoy que apoye la iniciativa del PSOE sobre Las Kellys\",\"previousItem\":{\"@type\":\"ListItem\",\"@id\":\"https:\\\/\\\/www.eldigitaldeasturias.com\\\/noticias\\\/category\\\/actualidad\\\/#listItem\",\"name\":\"Actualidad\"}}]},{\"@type\":\"Organization\",\"@id\":\"https:\\\/\\\/www.eldigitaldeasturias.com\\\/noticias\\\/#organization\",\"name\":\"El Digital de Asturias\",\"description\":\"Hemeroteca\",\"url\":\"https:\\\/\\\/www.eldigitaldeasturias.com\\\/noticias\\\/\",\"email\":\"info@eldigitaldeasturias.com\",\"telephone\":\"+34652131393\",\"logo\":{\"@type\":\"ImageObject\",\"url\":\"https:\\\/\\\/www.eldigitaldeasturias.com\\\/noticias\\\/wp-content\\\/uploads\\\/2020\\\/12\\\/EDA.jpg\",\"@id\":\"https:\\\/\\\/www.eldigitaldeasturias.com\\\/noticias\\\/pedro-sanchez-exige-a-rajoy-que-apoye-la-iniciativa-del-psoe-sobre-las-kellys\\\/#organizationLogo\"},\"image\":{\"@id\":\"https:\\\/\\\/www.eldigitaldeasturias.com\\\/noticias\\\/pedro-sanchez-exige-a-rajoy-que-apoye-la-iniciativa-del-psoe-sobre-las-kellys\\\/#organizationLogo\"},\"sameAs\":[\"https:\\\/\\\/facebook.com\\\/eldigitaldeasturias\",\"https:\\\/\\\/www.youtube.com\\\/channel\\\/UCZP-2wLEB9Rv6erhFmqVnvg\"],\"address\":{\"@id\":\"https:\\\/\\\/www.eldigitaldeasturias.com\\\/noticias\\\/#postaladdress\",\"@type\":\"PostalAddress\",\"streetAddress\":\"san antonio 4\",\"postalCode\":\"33430\",\"addressLocality\":\"Cand\\u00e1s\",\"addressRegion\":\"Asturias\",\"addressCountry\":\"ES\"}},{\"@type\":\"Person\",\"@id\":\"https:\\\/\\\/www.eldigitaldeasturias.com\\\/noticias\\\/author\\\/admin\\\/#author\",\"url\":\"https:\\\/\\\/www.eldigitaldeasturias.com\\\/noticias\\\/author\\\/admin\\\/\",\"name\":\"El Digital de Asturias\",\"image\":{\"@type\":\"ImageObject\",\"@id\":\"https:\\\/\\\/www.eldigitaldeasturias.com\\\/noticias\\\/pedro-sanchez-exige-a-rajoy-que-apoye-la-iniciativa-del-psoe-sobre-las-kellys\\\/#authorImage\",\"url\":\"https:\\\/\\\/secure.gravatar.com\\\/avatar\\\/df2aeffc32bcd13f8d26072ef8a91b623d677766deac7f97ca815868cd41bf5e?s=96&d=mm&r=g\",\"width\":96,\"height\":96,\"caption\":\"El Digital de Asturias\"}},{\"@type\":\"WebPage\",\"@id\":\"https:\\\/\\\/www.eldigitaldeasturias.com\\\/noticias\\\/pedro-sanchez-exige-a-rajoy-que-apoye-la-iniciativa-del-psoe-sobre-las-kellys\\\/#webpage\",\"url\":\"https:\\\/\\\/www.eldigitaldeasturias.com\\\/noticias\\\/pedro-sanchez-exige-a-rajoy-que-apoye-la-iniciativa-del-psoe-sobre-las-kellys\\\/\",\"name\":\"Pedro S\\u00e1nchez exige a Rajoy que apoye la iniciativa del PSOE sobre Las Kellys - El Digital de Asturias\",\"description\":\"El secretario general del PSOE, Pedro S\\u00e1nchez pide a Rajoy que el PP apoye la proposici\\u00f3n de ley del grupo parlamentario socialista que deroga su reforma laboral para demostrar que su encuentro con Las Kellys no es s\\u00f3lo cosm\\u00e9tico. \\u201cQue no se quede en una reuni\\u00f3n y tenga consecuencias legislativas\\u201d. \\u201cExijo a Rajoy que d\\u00e9 \\u00f3rdenes\",\"inLanguage\":\"es-ES\",\"isPartOf\":{\"@id\":\"https:\\\/\\\/www.eldigitaldeasturias.com\\\/noticias\\\/#website\"},\"breadcrumb\":{\"@id\":\"https:\\\/\\\/www.eldigitaldeasturias.com\\\/noticias\\\/pedro-sanchez-exige-a-rajoy-que-apoye-la-iniciativa-del-psoe-sobre-las-kellys\\\/#breadcrumblist\"},\"author\":{\"@id\":\"https:\\\/\\\/www.eldigitaldeasturias.com\\\/noticias\\\/author\\\/admin\\\/#author\"},\"creator\":{\"@id\":\"https:\\\/\\\/www.eldigitaldeasturias.com\\\/noticias\\\/author\\\/admin\\\/#author\"},\"image\":{\"@type\":\"ImageObject\",\"url\":974887,\"@id\":\"https:\\\/\\\/www.eldigitaldeasturias.com\\\/noticias\\\/pedro-sanchez-exige-a-rajoy-que-apoye-la-iniciativa-del-psoe-sobre-las-kellys\\\/#mainImage\"},\"primaryImageOfPage\":{\"@id\":\"https:\\\/\\\/www.eldigitaldeasturias.com\\\/noticias\\\/pedro-sanchez-exige-a-rajoy-que-apoye-la-iniciativa-del-psoe-sobre-las-kellys\\\/#mainImage\"},\"datePublished\":\"2018-04-05T16:44:58+02:00\",\"dateModified\":\"2018-04-05T16:44:58+02:00\"},{\"@type\":\"WebSite\",\"@id\":\"https:\\\/\\\/www.eldigitaldeasturias.com\\\/noticias\\\/#website\",\"url\":\"https:\\\/\\\/www.eldigitaldeasturias.com\\\/noticias\\\/\",\"name\":\"El Digital de Asturias - Diario de actualidad y noticias\",\"alternateName\":\"El Digital de Asturias - Diario de actualidad y noticias\",\"description\":\"Hemeroteca\",\"inLanguage\":\"es-ES\",\"publisher\":{\"@id\":\"https:\\\/\\\/www.eldigitaldeasturias.com\\\/noticias\\\/#organization\"}}]}\n\t\t<\/script>\n\t\t<!-- All in One SEO Pro -->\r\n\t\t<title>Pedro S\u00e1nchez exige a Rajoy que apoye la iniciativa del PSOE sobre Las Kellys - El Digital de Asturias<\/title>\n\n","aioseo_head_json":{"title":"Pedro S\u00e1nchez exige a Rajoy que apoye la iniciativa del PSOE sobre Las Kellys - El Digital de Asturias","description":"El secretario general del PSOE, Pedro S\u00e1nchez pide a Rajoy que el PP apoye la proposici\u00f3n de ley del grupo parlamentario socialista que deroga su reforma laboral para demostrar que su encuentro con Las Kellys no es s\u00f3lo cosm\u00e9tico. \u201cQue no se quede en una reuni\u00f3n y tenga consecuencias legislativas\u201d. \u201cExijo a Rajoy que d\u00e9 \u00f3rdenes","canonical_url":"https:\/\/www.eldigitaldeasturias.com\/noticias\/pedro-sanchez-exige-a-rajoy-que-apoye-la-iniciativa-del-psoe-sobre-las-kellys\/","robots":"max-image-preview:large","keywords":"actualidad","webmasterTools":{"google-site-verification":"UA-38556648-1","msvalidate.01":"7dfe9f3f1b24437ab69f4f2559babe99","miscellaneous":""},"schema":{"@context":"https:\/\/schema.org","@graph":[{"@type":"BlogPosting","@id":"https:\/\/www.eldigitaldeasturias.com\/noticias\/pedro-sanchez-exige-a-rajoy-que-apoye-la-iniciativa-del-psoe-sobre-las-kellys\/#blogposting","name":"Pedro S\u00e1nchez exige a Rajoy que apoye la iniciativa del PSOE sobre Las Kellys - El Digital de Asturias","headline":"Pedro S\u00e1nchez exige a Rajoy que apoye la iniciativa del PSOE sobre Las Kellys","author":{"@id":"https:\/\/www.eldigitaldeasturias.com\/noticias\/author\/admin\/#author"},"publisher":{"@id":"https:\/\/www.eldigitaldeasturias.com\/noticias\/#organization"},"image":{"@type":"ImageObject","url":974887},"datePublished":"2018-04-05T16:44:58+02:00","dateModified":"2018-04-05T16:44:58+02:00","inLanguage":"es-ES","mainEntityOfPage":{"@id":"https:\/\/www.eldigitaldeasturias.com\/noticias\/pedro-sanchez-exige-a-rajoy-que-apoye-la-iniciativa-del-psoe-sobre-las-kellys\/#webpage"},"isPartOf":{"@id":"https:\/\/www.eldigitaldeasturias.com\/noticias\/pedro-sanchez-exige-a-rajoy-que-apoye-la-iniciativa-del-psoe-sobre-las-kellys\/#webpage"},"articleSection":"Actualidad"},{"@type":"BreadcrumbList","@id":"https:\/\/www.eldigitaldeasturias.com\/noticias\/pedro-sanchez-exige-a-rajoy-que-apoye-la-iniciativa-del-psoe-sobre-las-kellys\/#breadcrumblist","itemListElement":[{"@type":"ListItem","@id":"https:\/\/www.eldigitaldeasturias.com\/noticias#listItem","position":1,"name":"Home","item":"https:\/\/www.eldigitaldeasturias.com\/noticias","nextItem":{"@type":"ListItem","@id":"https:\/\/www.eldigitaldeasturias.com\/noticias\/category\/actualidad\/#listItem","name":"Actualidad"}},{"@type":"ListItem","@id":"https:\/\/www.eldigitaldeasturias.com\/noticias\/category\/actualidad\/#listItem","position":2,"name":"Actualidad","item":"https:\/\/www.eldigitaldeasturias.com\/noticias\/category\/actualidad\/","nextItem":{"@type":"ListItem","@id":"https:\/\/www.eldigitaldeasturias.com\/noticias\/pedro-sanchez-exige-a-rajoy-que-apoye-la-iniciativa-del-psoe-sobre-las-kellys\/#listItem","name":"Pedro S\u00e1nchez exige a Rajoy que apoye la iniciativa del PSOE sobre Las Kellys"},"previousItem":{"@type":"ListItem","@id":"https:\/\/www.eldigitaldeasturias.com\/noticias#listItem","name":"Home"}},{"@type":"ListItem","@id":"https:\/\/www.eldigitaldeasturias.com\/noticias\/pedro-sanchez-exige-a-rajoy-que-apoye-la-iniciativa-del-psoe-sobre-las-kellys\/#listItem","position":3,"name":"Pedro S\u00e1nchez exige a Rajoy que apoye la iniciativa del PSOE sobre Las Kellys","previousItem":{"@type":"ListItem","@id":"https:\/\/www.eldigitaldeasturias.com\/noticias\/category\/actualidad\/#listItem","name":"Actualidad"}}]},{"@type":"Organization","@id":"https:\/\/www.eldigitaldeasturias.com\/noticias\/#organization","name":"El Digital de Asturias","description":"Hemeroteca","url":"https:\/\/www.eldigitaldeasturias.com\/noticias\/","email":"info@eldigitaldeasturias.com","telephone":"+34652131393","logo":{"@type":"ImageObject","url":"https:\/\/www.eldigitaldeasturias.com\/noticias\/wp-content\/uploads\/2020\/12\/EDA.jpg","@id":"https:\/\/www.eldigitaldeasturias.com\/noticias\/pedro-sanchez-exige-a-rajoy-que-apoye-la-iniciativa-del-psoe-sobre-las-kellys\/#organizationLogo"},"image":{"@id":"https:\/\/www.eldigitaldeasturias.com\/noticias\/pedro-sanchez-exige-a-rajoy-que-apoye-la-iniciativa-del-psoe-sobre-las-kellys\/#organizationLogo"},"sameAs":["https:\/\/facebook.com\/eldigitaldeasturias","https:\/\/www.youtube.com\/channel\/UCZP-2wLEB9Rv6erhFmqVnvg"],"address":{"@id":"https:\/\/www.eldigitaldeasturias.com\/noticias\/#postaladdress","@type":"PostalAddress","streetAddress":"san antonio 4","postalCode":"33430","addressLocality":"Cand\u00e1s","addressRegion":"Asturias","addressCountry":"ES"}},{"@type":"Person","@id":"https:\/\/www.eldigitaldeasturias.com\/noticias\/author\/admin\/#author","url":"https:\/\/www.eldigitaldeasturias.com\/noticias\/author\/admin\/","name":"El Digital de Asturias","image":{"@type":"ImageObject","@id":"https:\/\/www.eldigitaldeasturias.com\/noticias\/pedro-sanchez-exige-a-rajoy-que-apoye-la-iniciativa-del-psoe-sobre-las-kellys\/#authorImage","url":"https:\/\/secure.gravatar.com\/avatar\/df2aeffc32bcd13f8d26072ef8a91b623d677766deac7f97ca815868cd41bf5e?s=96&d=mm&r=g","width":96,"height":96,"caption":"El Digital de Asturias"}},{"@type":"WebPage","@id":"https:\/\/www.eldigitaldeasturias.com\/noticias\/pedro-sanchez-exige-a-rajoy-que-apoye-la-iniciativa-del-psoe-sobre-las-kellys\/#webpage","url":"https:\/\/www.eldigitaldeasturias.com\/noticias\/pedro-sanchez-exige-a-rajoy-que-apoye-la-iniciativa-del-psoe-sobre-las-kellys\/","name":"Pedro S\u00e1nchez exige a Rajoy que apoye la iniciativa del PSOE sobre Las Kellys - El Digital de Asturias","description":"El secretario general del PSOE, Pedro S\u00e1nchez pide a Rajoy que el PP apoye la proposici\u00f3n de ley del grupo parlamentario socialista que deroga su reforma laboral para demostrar que su encuentro con Las Kellys no es s\u00f3lo cosm\u00e9tico. \u201cQue no se quede en una reuni\u00f3n y tenga consecuencias legislativas\u201d. \u201cExijo a Rajoy que d\u00e9 \u00f3rdenes","inLanguage":"es-ES","isPartOf":{"@id":"https:\/\/www.eldigitaldeasturias.com\/noticias\/#website"},"breadcrumb":{"@id":"https:\/\/www.eldigitaldeasturias.com\/noticias\/pedro-sanchez-exige-a-rajoy-que-apoye-la-iniciativa-del-psoe-sobre-las-kellys\/#breadcrumblist"},"author":{"@id":"https:\/\/www.eldigitaldeasturias.com\/noticias\/author\/admin\/#author"},"creator":{"@id":"https:\/\/www.eldigitaldeasturias.com\/noticias\/author\/admin\/#author"},"image":{"@type":"ImageObject","url":974887,"@id":"https:\/\/www.eldigitaldeasturias.com\/noticias\/pedro-sanchez-exige-a-rajoy-que-apoye-la-iniciativa-del-psoe-sobre-las-kellys\/#mainImage"},"primaryImageOfPage":{"@id":"https:\/\/www.eldigitaldeasturias.com\/noticias\/pedro-sanchez-exige-a-rajoy-que-apoye-la-iniciativa-del-psoe-sobre-las-kellys\/#mainImage"},"datePublished":"2018-04-05T16:44:58+02:00","dateModified":"2018-04-05T16:44:58+02:00"},{"@type":"WebSite","@id":"https:\/\/www.eldigitaldeasturias.com\/noticias\/#website","url":"https:\/\/www.eldigitaldeasturias.com\/noticias\/","name":"El Digital de Asturias - Diario de actualidad y noticias","alternateName":"El Digital de Asturias - Diario de actualidad y noticias","description":"Hemeroteca","inLanguage":"es-ES","publisher":{"@id":"https:\/\/www.eldigitaldeasturias.com\/noticias\/#organization"}}]},"og:locale":"es_ES","og:site_name":"El Digital de Asturias","og:type":"article","og:title":"Pedro S\u00e1nchez exige a Rajoy que apoye la iniciativa del PSOE sobre Las Kellys - El Digital de Asturias","og:description":"El secretario general del PSOE, Pedro S\u00e1nchez pide a Rajoy que el PP apoye la proposici\u00f3n de ley del grupo parlamentario socialista que deroga su reforma laboral para demostrar que su encuentro con Las Kellys no es s\u00f3lo cosm\u00e9tico. \u201cQue no se quede en una reuni\u00f3n y tenga consecuencias legislativas\u201d. \u201cExijo a Rajoy que d\u00e9 \u00f3rdenes","og:url":"https:\/\/www.eldigitaldeasturias.com\/noticias\/pedro-sanchez-exige-a-rajoy-que-apoye-la-iniciativa-del-psoe-sobre-las-kellys\/","article:tag":["actualidad"],"article:published_time":"2018-04-05T16:44:58+00:00","article:modified_time":"2018-04-05T16:44:58+00:00","article:publisher":"https:\/\/facebook.com\/eldigitaldeasturias","twitter:card":"summary_large_image","twitter:title":"Pedro S\u00e1nchez exige a Rajoy que apoye la iniciativa del PSOE sobre Las Kellys - El Digital de Asturias","twitter:description":"El secretario general del PSOE, Pedro S\u00e1nchez pide a Rajoy que el PP apoye la proposici\u00f3n de ley del grupo parlamentario socialista que deroga su reforma laboral para demostrar que su encuentro con Las Kellys no es s\u00f3lo cosm\u00e9tico. \u201cQue no se quede en una reuni\u00f3n y tenga consecuencias legislativas\u201d. \u201cExijo a Rajoy que d\u00e9 \u00f3rdenes","twitter:image":"https:\/\/www.eldigitaldeasturias.com\/noticias\/wp-content\/uploads\/2020\/12\/EDA-1.jpg","twitter:label1":"Escrito por","twitter:data1":"El Digital de Asturias","twitter:label2":"Tiempo de lectura estimado","twitter:data2":"2 minutos"},"aioseo_meta_data":{"post_id":"974886","title":null,"description":null,"keywords":null,"keyphrases":null,"primary_term":null,"canonical_url":null,"og_title":null,"og_description":null,"og_object_type":"default","og_image_type":"default","og_image_url":null,"og_image_width":null,"og_image_height":null,"og_image_custom_url":null,"og_image_custom_fields":null,"og_video":null,"og_custom_url":null,"og_article_section":null,"og_article_tags":null,"twitter_use_og":false,"twitter_card":"default","twitter_image_type":"default","twitter_image_url":null,"twitter_image_custom_url":null,"twitter_image_custom_fields":null,"twitter_title":null,"twitter_description":null,"schema":{"blockGraphs":[],"customGraphs":[],"default":{"data":{"Article":[],"Course":[],"Dataset":[],"FAQPage":[],"Movie":[],"Person":[],"Product":[],"ProductReview":[],"Car":[],"Recipe":[],"Service":[],"SoftwareApplication":[],"WebPage":[]},"graphName":"","isEnabled":true},"graphs":[],"defaultGraph":"","defaultPostTypeGraph":""},"schema_type":null,"schema_type_options":null,"pillar_content":false,"robots_default":true,"robots_noindex":false,"robots_noarchive":false,"robots_nosnippet":false,"robots_nofollow":false,"robots_noimageindex":false,"robots_noodp":false,"robots_notranslate":false,"robots_max_snippet":null,"robots_max_videopreview":null,"robots_max_imagepreview":"large","priority":null,"frequency":null,"local_seo":null,"seo_analyzer_scan_date":"2025-10-07 21:50:08","breadcrumb_settings":null,"limit_modified_date":false,"open_ai":null,"ai":null,"created":"2020-12-21 12:12:38","updated":"2025-10-07 21:50:08","focus_keyword":null,"additional_keywords":null,"truseo_locale":null},"aioseo_breadcrumb":"<div class=\"aioseo-breadcrumbs\"><span class=\"aioseo-breadcrumb\">\n\t<a href=\"https:\/\/www.eldigitaldeasturias.com\/noticias\" title=\"Home\">Home<\/a>\n<\/span><span class=\"aioseo-breadcrumb-separator\">\u2013<\/span><span class=\"aioseo-breadcrumb\">\n\t<a href=\"https:\/\/www.eldigitaldeasturias.com\/noticias\/category\/actualidad\/\" title=\"Actualidad\">Actualidad<\/a>\n<\/span><span class=\"aioseo-breadcrumb-separator\">\u2013<\/span><span class=\"aioseo-breadcrumb\">\n\t<a href=\"https:\/\/www.eldigitaldeasturias.com\/noticias\/pedro-sanchez-exige-a-rajoy-que-apoye-la-iniciativa-del-psoe-sobre-las-kellys\/\" title=\"Pedro S\u00e1nchez exige a Rajoy que apoye la iniciativa del PSOE sobre Las Kellys\">Pedro S\u00e1nchez exige a Rajoy que apoye la iniciativa del PSOE sobre Las Kellys<\/a>\n<\/span><\/div>","aioseo_breadcrumb_json":[{"label":"Home","link":"https:\/\/www.eldigitaldeasturias.com\/noticias"},{"label":"Actualidad","link":"https:\/\/www.eldigitaldeasturias.com\/noticias\/category\/actualidad\/"},{"label":"Pedro S\u00e1nchez exige a Rajoy que apoye la iniciativa del PSOE sobre Las Kellys","link":"https:\/\/www.eldigitaldeasturias.com\/noticias\/pedro-sanchez-exige-a-rajoy-que-apoye-la-iniciativa-del-psoe-sobre-las-kellys\/"}],"_links":{"self":[{"href":"https:\/\/www.eldigitaldeasturias.com\/noticias\/wp-json\/wp\/v2\/posts\/974886","targetHints":{"allow":["GET"]}}],"collection":[{"href":"https:\/\/www.eldigitaldeasturias.com\/noticias\/wp-json\/wp\/v2\/posts"}],"about":[{"href":"https:\/\/www.eldigitaldeasturias.com\/noticias\/wp-json\/wp\/v2\/types\/post"}],"author":[{"embeddable":true,"href":"https:\/\/www.eldigitaldeasturias.com\/noticias\/wp-json\/wp\/v2\/users\/1"}],"replies":[{"embeddable":true,"href":"https:\/\/www.eldigitaldeasturias.com\/noticias\/wp-json\/wp\/v2\/comments?post=974886"}],"version-history":[{"count":0,"href":"https:\/\/www.eldigitaldeasturias.com\/noticias\/wp-json\/wp\/v2\/posts\/974886\/revisions"}],"wp:attachment":[{"href":"https:\/\/www.eldigitaldeasturias.com\/noticias\/wp-json\/wp\/v2\/media?parent=974886"}],"wp:term":[{"taxonomy":"category","embeddable":true,"href":"https:\/\/www.eldigitaldeasturias.com\/noticias\/wp-json\/wp\/v2\/categories?post=974886"},{"taxonomy":"post_tag","embeddable":true,"href":"https:\/\/www.eldigitaldeasturias.com\/noticias\/wp-json\/wp\/v2\/tags?post=974886"}],"curies":[{"name":"wp","href":"https:\/\/api.w.org\/{rel}","templated":true}]}}