{"id":974863,"date":"2018-04-05T05:16:01","date_gmt":"2018-04-05T05:16:01","guid":{"rendered":"http:\/\/www.eldigitaldeasturias.com\/noticias\/?p=974863"},"modified":"2018-04-05T05:16:01","modified_gmt":"2018-04-05T05:16:01","slug":"lula-da-silva-heroe-y-villano-de-un-brasil-dividido","status":"publish","type":"post","link":"https:\/\/www.eldigitaldeasturias.com\/noticias\/lula-da-silva-heroe-y-villano-de-un-brasil-dividido\/","title":{"rendered":"Lula da Silva, h\u00e9roe y villano de un Brasil dividido"},"content":{"rendered":"<p><img loading=\"lazy\" decoding=\"async\" class=\"alignleft size-medium wp-image-868078\" src=\"https:\/\/www.eldigitaldeasturias.com\/noticias\/wp-content\/uploads\/2016\/03\/fotonoticia_20160321102713_800-360x240.jpg\" alt=\"\" width=\"360\" height=\"240\" \/>R\u00edo de Janeiro, 4 abr (dpa) &#8211; Para sus seguidores sigue siendo el mejor presidente de la historia de Brasil, pero Luiz In\u00e1cio Lula da Silva est\u00e1 ahora a un paso de acabar en la c\u00e1rcel por una condena por corrupci\u00f3n.<\/p>\n<p>Nadie refleja hoy mejor la tragedia pol\u00edtica en la que se encuentra el gigante sudamericano que Lula da Silva, art\u00edfice del despegue pol\u00edtico y econ\u00f3mico brasile\u00f1o en la d\u00e9cada pasada y a la vez acusado de participar en tramas corruptas en m\u00e1s de media docena de casos.<\/p>\n<p>El ex mandatario de 72 a\u00f1os polariza las opiniones de sus compatriotas: Lula es favorito en los sondeos para las elecciones presidenciales del 7 de octubre con un 36 por ciento de los apoyos, aunque al mismo tiempo genera un profundo rechazo en un 40 por ciento de los brasile\u00f1os, seg\u00fan las \u00faltimas encuestas.<\/p>\n<p>Mientras los m\u00e1s pobres recuerdan el \u00e9xito de sus programas sociales, las clases medias y altas no le perdonan las acusaciones por actos corruptos durante sus Gobiernos.<\/p>\n<p>El antiguo l\u00edder sindical podr\u00eda acabar en prisi\u00f3n en breve y a estas alturas parece seguro que Lula no ser\u00e1 candidato. El juicio contra el \u00edcono de la izquierda deja sin embargo un pa\u00eds enormemente dividido, en el que la reconciliaci\u00f3n parece cada d\u00eda m\u00e1s dif\u00edcil.<\/p>\n<p>\u00abEl problema de ellos ahora no soy soy, el problema de ellos son todos ustedes\u00bb, clam\u00f3 Lula esta semana en un acto p\u00fablico frente a miles de seguidores en R\u00edo de Janeiro.<\/p>\n<p>El carism\u00e1tico Lula se convirti\u00f3 en enero de 2003 en el primer presidente de origen obrero de Brasil. Al simbolismo se sum\u00f3 luego el \u00e9xito real de gesti\u00f3n: durante los dos mandatos de Lula (hasta diciembre de 2010), el gigante sudamericano se coloc\u00f3 entre las potencias mundiales tras sacar a millones de personas de la pobreza gracias a un \u00abboom\u00bb econ\u00f3mico sin precedentes, basado sobre todo en los altos precios del petr\u00f3leo.<\/p>\n<p>Con Lula, Brasil se afianz\u00f3 en el grupo de las principales naciones industrializadas del mundo, el G20, y pas\u00f3 a formar parte del BRICS, el foro de los cinco pa\u00edses emergentes m\u00e1s importantes.<\/p>\n<p>Lula naci\u00f3 en 1945 en el seno de una familia pobre en Pernambuco, en el noreste brasile\u00f1o, y lleg\u00f3 de ni\u00f1o a Sao Paulo, a donde sus padres emigraron para buscarse la vida. En la voraz metr\u00f3poli industrial el futuro presidente empez\u00f3 a trabajar a\u00fan adolescente como tornero en una f\u00e1brica.<\/p>\n<p>El joven operario se convirti\u00f3 ah\u00ed en uno de los l\u00edderes del pujante movimiento sindical que plant\u00f3 cara a la dictadura militar (1964-1985). Y en 1980 fue uno de los fundadores del Partido de los Trabajadores (PT), que habr\u00eda de convertirse en las d\u00e9cadas siguientes en el partido de izquierda m\u00e1s grande de Am\u00e9rica Latina.<\/p>\n<p>Despu\u00e9s de haber sido diputado por Sao Paulo, Lula fue tres veces candidato presidencial antes de salir electo al cuarto intento. El l\u00edder del PT, curtido en las virulentas luchas sindicalistas, sorprendi\u00f3 a todos cuando tendi\u00f3 la mano al empresariado para impulsar el crecimiento econ\u00f3mico tras asumir la presidencia. Al mismo tiempo, cre\u00f3 programas sociales como el emblem\u00e1tico \u00abBolsa Fam\u00edlia\u00bb para auxiliar a las clases m\u00e1s necesitadas.<\/p>\n<p>El \u00ablulismo\u00bb gan\u00f3 pronto seguidores en Am\u00e9rica Latina como alternativa de \u00e9xito a modelos de izquierda populistas como el liderado por Hugo Ch\u00e1vez en Venezuela.<\/p>\n<p>Lula fue siempre un h\u00e1bil forjador de compromisos pol\u00edticos que le permitieron sacar adelante su agenda progresista. Un maestro de la \u00abrealpolitik\u00bb, consideran sus simpatizantes.<\/p>\n<p>Los pactos con las \u00e9lites, sin embargo, condujeron en ojos de sus detractores tambi\u00e9n al contubernio. \u00abLula se corrompi\u00f3 y corrompi\u00f3 a la sociedad brasile\u00f1a\u00bb, lo acusa hoy H\u00e9lio Bicudo, un cofundador del PT que se distanci\u00f3 del partido.<\/p>\n<p>La Justicia acusa a Lula en siete juicios vinculados con \u00abLava Jato\u00bb (\u00abLavado de autos\u00bb), la megainvestigaci\u00f3n sobre una trama corrupta en torno a la petrolera estatal Petrobras que ha puesto en jaque a toda la clase pol\u00edtica brasile\u00f1a.<\/p>\n<p>La primera sentencia puede enviar ahora al ex mandatario por m\u00e1s de 12 a\u00f1os a prisi\u00f3n por cargos de que acept\u00f3 la reforma de un lujoso apartamento a cambio de facilitar a la constructora OAS negocios con Petrobras.<\/p>\n<p>Lula niega los cargos y acusa a sus detractores de poner en peligro la democracia. \u00abQuiero que paren de mentir respecto a m\u00ed. Digan la verdad. Quiero ser juzgado en base al m\u00e9rito de mi proceso\u00bb, reiter\u00f3 esta semana en R\u00edo. Sus seguidores prometen dar la batalla.<\/p>\n<p><i class=\"lang-es\"><span class=\" readonly\" title=\"\">Por Isaac Risco (dpa)<\/span><\/i><\/p>\n","protected":false},"excerpt":{"rendered":"<p>R\u00edo de Janeiro, 4 abr (dpa) &#8211; Para sus seguidores sigue siendo el mejor presidente de la historia de Brasil, pero Luiz In\u00e1cio Lula da Silva est\u00e1 ahora a un paso de acabar en la c\u00e1rcel por una condena por corrupci\u00f3n. Nadie refleja hoy mejor la tragedia pol\u00edtica en la que se encuentra el gigante [&hellip;]<\/p>\n","protected":false},"author":1,"featured_media":868078,"comment_status":"closed","ping_status":"closed","sticky":false,"template":"","format":"standard","meta":{"footnotes":""},"categories":[1],"tags":[],"class_list":["post-974863","post","type-post","status-publish","format-standard","has-post-thumbnail","hentry","category-actualidad"],"aioseo_notices":[],"aioseo_head":"\n\t\t<!-- All in One SEO Pro 5.0.1 - aioseo.com -->\n\t<meta name=\"description\" content=\"R\u00edo de Janeiro, 4 abr (dpa) - Para sus seguidores sigue siendo el mejor presidente de la historia de Brasil, pero Luiz In\u00e1cio Lula da Silva est\u00e1 ahora a un paso de acabar en la c\u00e1rcel por una condena por corrupci\u00f3n. Nadie refleja hoy mejor la tragedia pol\u00edtica en la que se encuentra el gigante\" \/>\n\t<meta name=\"robots\" content=\"max-image-preview:large\" \/>\n\t<meta name=\"author\" content=\"El Digital de Asturias\"\/>\n\t<meta name=\"google-site-verification\" content=\"UA-38556648-1\" \/>\n\t<meta name=\"msvalidate.01\" content=\"7dfe9f3f1b24437ab69f4f2559babe99\" \/>\n\t<meta name=\"keywords\" content=\"actualidad\" \/>\n\t<link rel=\"canonical\" href=\"https:\/\/www.eldigitaldeasturias.com\/noticias\/lula-da-silva-heroe-y-villano-de-un-brasil-dividido\/\" \/>\n\t<meta name=\"generator\" content=\"All in One SEO Pro (AIOSEO) 5.0.1\" \/>\n\t\t<meta property=\"og:locale\" content=\"es_ES\" \/>\n\t\t<meta property=\"og:site_name\" content=\"El Digital de Asturias\" \/>\n\t\t<meta property=\"og:type\" content=\"article\" \/>\n\t\t<meta property=\"og:title\" content=\"Lula da Silva, h\u00e9roe y villano de un Brasil dividido - El Digital de Asturias\" \/>\n\t\t<meta property=\"og:description\" content=\"R\u00edo de Janeiro, 4 abr (dpa) - Para sus seguidores sigue siendo el mejor presidente de la historia de Brasil, pero Luiz In\u00e1cio Lula da Silva est\u00e1 ahora a un paso de acabar en la c\u00e1rcel por una condena por corrupci\u00f3n. Nadie refleja hoy mejor la tragedia pol\u00edtica en la que se encuentra el gigante\" \/>\n\t\t<meta property=\"og:url\" content=\"https:\/\/www.eldigitaldeasturias.com\/noticias\/lula-da-silva-heroe-y-villano-de-un-brasil-dividido\/\" \/>\n\t\t<meta property=\"article:tag\" content=\"actualidad\" \/>\n\t\t<meta property=\"article:published_time\" content=\"2018-04-05T05:16:01+00:00\" \/>\n\t\t<meta property=\"article:modified_time\" content=\"2018-04-05T05:16:01+00:00\" \/>\n\t\t<meta property=\"article:publisher\" content=\"https:\/\/facebook.com\/eldigitaldeasturias\" \/>\n\t\t<meta name=\"twitter:card\" content=\"summary_large_image\" \/>\n\t\t<meta name=\"twitter:title\" content=\"Lula da Silva, h\u00e9roe y villano de un Brasil dividido - El Digital de Asturias\" \/>\n\t\t<meta name=\"twitter:description\" content=\"R\u00edo de Janeiro, 4 abr (dpa) - Para sus seguidores sigue siendo el mejor presidente de la historia de Brasil, pero Luiz In\u00e1cio Lula da Silva est\u00e1 ahora a un paso de acabar en la c\u00e1rcel por una condena por corrupci\u00f3n. Nadie refleja hoy mejor la tragedia pol\u00edtica en la que se encuentra el gigante\" \/>\n\t\t<meta name=\"twitter:image\" content=\"https:\/\/www.eldigitaldeasturias.com\/noticias\/wp-content\/uploads\/2020\/12\/EDA-1.jpg\" \/>\n\t\t<meta name=\"twitter:label1\" content=\"Escrito por\" \/>\n\t\t<meta name=\"twitter:data1\" content=\"El Digital de Asturias\" \/>\n\t\t<meta name=\"twitter:label2\" content=\"Tiempo de lectura estimado\" \/>\n\t\t<meta name=\"twitter:data2\" content=\"4 minutos\" \/>\n\t\t<script type=\"application\/ld+json\" class=\"aioseo-schema\">\n\t\t\t{\"@context\":\"https:\\\/\\\/schema.org\",\"@graph\":[{\"@type\":\"BlogPosting\",\"@id\":\"https:\\\/\\\/www.eldigitaldeasturias.com\\\/noticias\\\/lula-da-silva-heroe-y-villano-de-un-brasil-dividido\\\/#blogposting\",\"name\":\"Lula da Silva, h\\u00e9roe y villano de un Brasil dividido - El Digital de Asturias\",\"headline\":\"Lula da Silva, h\\u00e9roe y villano de un Brasil dividido\",\"author\":{\"@id\":\"https:\\\/\\\/www.eldigitaldeasturias.com\\\/noticias\\\/author\\\/admin\\\/#author\"},\"publisher\":{\"@id\":\"https:\\\/\\\/www.eldigitaldeasturias.com\\\/noticias\\\/#organization\"},\"image\":{\"@type\":\"ImageObject\",\"url\":868078},\"datePublished\":\"2018-04-05T05:16:01+02:00\",\"dateModified\":\"2018-04-05T05:16:01+02:00\",\"inLanguage\":\"es-ES\",\"mainEntityOfPage\":{\"@id\":\"https:\\\/\\\/www.eldigitaldeasturias.com\\\/noticias\\\/lula-da-silva-heroe-y-villano-de-un-brasil-dividido\\\/#webpage\"},\"isPartOf\":{\"@id\":\"https:\\\/\\\/www.eldigitaldeasturias.com\\\/noticias\\\/lula-da-silva-heroe-y-villano-de-un-brasil-dividido\\\/#webpage\"},\"articleSection\":\"Actualidad\"},{\"@type\":\"BreadcrumbList\",\"@id\":\"https:\\\/\\\/www.eldigitaldeasturias.com\\\/noticias\\\/lula-da-silva-heroe-y-villano-de-un-brasil-dividido\\\/#breadcrumblist\",\"itemListElement\":[{\"@type\":\"ListItem\",\"@id\":\"https:\\\/\\\/www.eldigitaldeasturias.com\\\/noticias#listItem\",\"position\":1,\"name\":\"Home\",\"item\":\"https:\\\/\\\/www.eldigitaldeasturias.com\\\/noticias\",\"nextItem\":{\"@type\":\"ListItem\",\"@id\":\"https:\\\/\\\/www.eldigitaldeasturias.com\\\/noticias\\\/category\\\/actualidad\\\/#listItem\",\"name\":\"Actualidad\"}},{\"@type\":\"ListItem\",\"@id\":\"https:\\\/\\\/www.eldigitaldeasturias.com\\\/noticias\\\/category\\\/actualidad\\\/#listItem\",\"position\":2,\"name\":\"Actualidad\",\"item\":\"https:\\\/\\\/www.eldigitaldeasturias.com\\\/noticias\\\/category\\\/actualidad\\\/\",\"nextItem\":{\"@type\":\"ListItem\",\"@id\":\"https:\\\/\\\/www.eldigitaldeasturias.com\\\/noticias\\\/lula-da-silva-heroe-y-villano-de-un-brasil-dividido\\\/#listItem\",\"name\":\"Lula da Silva, h\\u00e9roe y villano de un Brasil dividido\"},\"previousItem\":{\"@type\":\"ListItem\",\"@id\":\"https:\\\/\\\/www.eldigitaldeasturias.com\\\/noticias#listItem\",\"name\":\"Home\"}},{\"@type\":\"ListItem\",\"@id\":\"https:\\\/\\\/www.eldigitaldeasturias.com\\\/noticias\\\/lula-da-silva-heroe-y-villano-de-un-brasil-dividido\\\/#listItem\",\"position\":3,\"name\":\"Lula da Silva, h\\u00e9roe y villano de un Brasil dividido\",\"previousItem\":{\"@type\":\"ListItem\",\"@id\":\"https:\\\/\\\/www.eldigitaldeasturias.com\\\/noticias\\\/category\\\/actualidad\\\/#listItem\",\"name\":\"Actualidad\"}}]},{\"@type\":\"Organization\",\"@id\":\"https:\\\/\\\/www.eldigitaldeasturias.com\\\/noticias\\\/#organization\",\"name\":\"El Digital de Asturias\",\"description\":\"Hemeroteca\",\"url\":\"https:\\\/\\\/www.eldigitaldeasturias.com\\\/noticias\\\/\",\"email\":\"info@eldigitaldeasturias.com\",\"telephone\":\"+34652131393\",\"logo\":{\"@type\":\"ImageObject\",\"url\":\"https:\\\/\\\/www.eldigitaldeasturias.com\\\/noticias\\\/wp-content\\\/uploads\\\/2020\\\/12\\\/EDA.jpg\",\"@id\":\"https:\\\/\\\/www.eldigitaldeasturias.com\\\/noticias\\\/lula-da-silva-heroe-y-villano-de-un-brasil-dividido\\\/#organizationLogo\"},\"image\":{\"@id\":\"https:\\\/\\\/www.eldigitaldeasturias.com\\\/noticias\\\/lula-da-silva-heroe-y-villano-de-un-brasil-dividido\\\/#organizationLogo\"},\"sameAs\":[\"https:\\\/\\\/facebook.com\\\/eldigitaldeasturias\",\"https:\\\/\\\/www.youtube.com\\\/channel\\\/UCZP-2wLEB9Rv6erhFmqVnvg\"],\"address\":{\"@id\":\"https:\\\/\\\/www.eldigitaldeasturias.com\\\/noticias\\\/#postaladdress\",\"@type\":\"PostalAddress\",\"streetAddress\":\"san antonio 4\",\"postalCode\":\"33430\",\"addressLocality\":\"Cand\\u00e1s\",\"addressRegion\":\"Asturias\",\"addressCountry\":\"ES\"}},{\"@type\":\"Person\",\"@id\":\"https:\\\/\\\/www.eldigitaldeasturias.com\\\/noticias\\\/author\\\/admin\\\/#author\",\"url\":\"https:\\\/\\\/www.eldigitaldeasturias.com\\\/noticias\\\/author\\\/admin\\\/\",\"name\":\"El Digital de Asturias\",\"image\":{\"@type\":\"ImageObject\",\"@id\":\"https:\\\/\\\/www.eldigitaldeasturias.com\\\/noticias\\\/lula-da-silva-heroe-y-villano-de-un-brasil-dividido\\\/#authorImage\",\"url\":\"https:\\\/\\\/secure.gravatar.com\\\/avatar\\\/df2aeffc32bcd13f8d26072ef8a91b623d677766deac7f97ca815868cd41bf5e?s=96&d=mm&r=g\",\"width\":96,\"height\":96,\"caption\":\"El Digital de Asturias\"}},{\"@type\":\"WebPage\",\"@id\":\"https:\\\/\\\/www.eldigitaldeasturias.com\\\/noticias\\\/lula-da-silva-heroe-y-villano-de-un-brasil-dividido\\\/#webpage\",\"url\":\"https:\\\/\\\/www.eldigitaldeasturias.com\\\/noticias\\\/lula-da-silva-heroe-y-villano-de-un-brasil-dividido\\\/\",\"name\":\"Lula da Silva, h\\u00e9roe y villano de un Brasil dividido - El Digital de Asturias\",\"description\":\"R\\u00edo de Janeiro, 4 abr (dpa) - Para sus seguidores sigue siendo el mejor presidente de la historia de Brasil, pero Luiz In\\u00e1cio Lula da Silva est\\u00e1 ahora a un paso de acabar en la c\\u00e1rcel por una condena por corrupci\\u00f3n. Nadie refleja hoy mejor la tragedia pol\\u00edtica en la que se encuentra el gigante\",\"inLanguage\":\"es-ES\",\"isPartOf\":{\"@id\":\"https:\\\/\\\/www.eldigitaldeasturias.com\\\/noticias\\\/#website\"},\"breadcrumb\":{\"@id\":\"https:\\\/\\\/www.eldigitaldeasturias.com\\\/noticias\\\/lula-da-silva-heroe-y-villano-de-un-brasil-dividido\\\/#breadcrumblist\"},\"author\":{\"@id\":\"https:\\\/\\\/www.eldigitaldeasturias.com\\\/noticias\\\/author\\\/admin\\\/#author\"},\"creator\":{\"@id\":\"https:\\\/\\\/www.eldigitaldeasturias.com\\\/noticias\\\/author\\\/admin\\\/#author\"},\"image\":{\"@type\":\"ImageObject\",\"url\":868078,\"@id\":\"https:\\\/\\\/www.eldigitaldeasturias.com\\\/noticias\\\/lula-da-silva-heroe-y-villano-de-un-brasil-dividido\\\/#mainImage\"},\"primaryImageOfPage\":{\"@id\":\"https:\\\/\\\/www.eldigitaldeasturias.com\\\/noticias\\\/lula-da-silva-heroe-y-villano-de-un-brasil-dividido\\\/#mainImage\"},\"datePublished\":\"2018-04-05T05:16:01+02:00\",\"dateModified\":\"2018-04-05T05:16:01+02:00\"},{\"@type\":\"WebSite\",\"@id\":\"https:\\\/\\\/www.eldigitaldeasturias.com\\\/noticias\\\/#website\",\"url\":\"https:\\\/\\\/www.eldigitaldeasturias.com\\\/noticias\\\/\",\"name\":\"El Digital de Asturias - Diario de actualidad y noticias\",\"alternateName\":\"El Digital de Asturias - Diario de actualidad y noticias\",\"description\":\"Hemeroteca\",\"inLanguage\":\"es-ES\",\"publisher\":{\"@id\":\"https:\\\/\\\/www.eldigitaldeasturias.com\\\/noticias\\\/#organization\"}}]}\n\t\t<\/script>\n\t\t<!-- All in One SEO Pro -->\r\n\t\t<title>Lula da Silva, h\u00e9roe y villano de un Brasil dividido - El Digital de Asturias<\/title>\n\n","aioseo_head_json":{"title":"Lula da Silva, h\u00e9roe y villano de un Brasil dividido - El Digital de Asturias","description":"R\u00edo de Janeiro, 4 abr (dpa) - Para sus seguidores sigue siendo el mejor presidente de la historia de Brasil, pero Luiz In\u00e1cio Lula da Silva est\u00e1 ahora a un paso de acabar en la c\u00e1rcel por una condena por corrupci\u00f3n. Nadie refleja hoy mejor la tragedia pol\u00edtica en la que se encuentra el gigante","canonical_url":"https:\/\/www.eldigitaldeasturias.com\/noticias\/lula-da-silva-heroe-y-villano-de-un-brasil-dividido\/","robots":"max-image-preview:large","keywords":"actualidad","webmasterTools":{"google-site-verification":"UA-38556648-1","msvalidate.01":"7dfe9f3f1b24437ab69f4f2559babe99","miscellaneous":""},"schema":{"@context":"https:\/\/schema.org","@graph":[{"@type":"BlogPosting","@id":"https:\/\/www.eldigitaldeasturias.com\/noticias\/lula-da-silva-heroe-y-villano-de-un-brasil-dividido\/#blogposting","name":"Lula da Silva, h\u00e9roe y villano de un Brasil dividido - El Digital de Asturias","headline":"Lula da Silva, h\u00e9roe y villano de un Brasil dividido","author":{"@id":"https:\/\/www.eldigitaldeasturias.com\/noticias\/author\/admin\/#author"},"publisher":{"@id":"https:\/\/www.eldigitaldeasturias.com\/noticias\/#organization"},"image":{"@type":"ImageObject","url":868078},"datePublished":"2018-04-05T05:16:01+02:00","dateModified":"2018-04-05T05:16:01+02:00","inLanguage":"es-ES","mainEntityOfPage":{"@id":"https:\/\/www.eldigitaldeasturias.com\/noticias\/lula-da-silva-heroe-y-villano-de-un-brasil-dividido\/#webpage"},"isPartOf":{"@id":"https:\/\/www.eldigitaldeasturias.com\/noticias\/lula-da-silva-heroe-y-villano-de-un-brasil-dividido\/#webpage"},"articleSection":"Actualidad"},{"@type":"BreadcrumbList","@id":"https:\/\/www.eldigitaldeasturias.com\/noticias\/lula-da-silva-heroe-y-villano-de-un-brasil-dividido\/#breadcrumblist","itemListElement":[{"@type":"ListItem","@id":"https:\/\/www.eldigitaldeasturias.com\/noticias#listItem","position":1,"name":"Home","item":"https:\/\/www.eldigitaldeasturias.com\/noticias","nextItem":{"@type":"ListItem","@id":"https:\/\/www.eldigitaldeasturias.com\/noticias\/category\/actualidad\/#listItem","name":"Actualidad"}},{"@type":"ListItem","@id":"https:\/\/www.eldigitaldeasturias.com\/noticias\/category\/actualidad\/#listItem","position":2,"name":"Actualidad","item":"https:\/\/www.eldigitaldeasturias.com\/noticias\/category\/actualidad\/","nextItem":{"@type":"ListItem","@id":"https:\/\/www.eldigitaldeasturias.com\/noticias\/lula-da-silva-heroe-y-villano-de-un-brasil-dividido\/#listItem","name":"Lula da Silva, h\u00e9roe y villano de un Brasil dividido"},"previousItem":{"@type":"ListItem","@id":"https:\/\/www.eldigitaldeasturias.com\/noticias#listItem","name":"Home"}},{"@type":"ListItem","@id":"https:\/\/www.eldigitaldeasturias.com\/noticias\/lula-da-silva-heroe-y-villano-de-un-brasil-dividido\/#listItem","position":3,"name":"Lula da Silva, h\u00e9roe y villano de un Brasil dividido","previousItem":{"@type":"ListItem","@id":"https:\/\/www.eldigitaldeasturias.com\/noticias\/category\/actualidad\/#listItem","name":"Actualidad"}}]},{"@type":"Organization","@id":"https:\/\/www.eldigitaldeasturias.com\/noticias\/#organization","name":"El Digital de Asturias","description":"Hemeroteca","url":"https:\/\/www.eldigitaldeasturias.com\/noticias\/","email":"info@eldigitaldeasturias.com","telephone":"+34652131393","logo":{"@type":"ImageObject","url":"https:\/\/www.eldigitaldeasturias.com\/noticias\/wp-content\/uploads\/2020\/12\/EDA.jpg","@id":"https:\/\/www.eldigitaldeasturias.com\/noticias\/lula-da-silva-heroe-y-villano-de-un-brasil-dividido\/#organizationLogo"},"image":{"@id":"https:\/\/www.eldigitaldeasturias.com\/noticias\/lula-da-silva-heroe-y-villano-de-un-brasil-dividido\/#organizationLogo"},"sameAs":["https:\/\/facebook.com\/eldigitaldeasturias","https:\/\/www.youtube.com\/channel\/UCZP-2wLEB9Rv6erhFmqVnvg"],"address":{"@id":"https:\/\/www.eldigitaldeasturias.com\/noticias\/#postaladdress","@type":"PostalAddress","streetAddress":"san antonio 4","postalCode":"33430","addressLocality":"Cand\u00e1s","addressRegion":"Asturias","addressCountry":"ES"}},{"@type":"Person","@id":"https:\/\/www.eldigitaldeasturias.com\/noticias\/author\/admin\/#author","url":"https:\/\/www.eldigitaldeasturias.com\/noticias\/author\/admin\/","name":"El Digital de Asturias","image":{"@type":"ImageObject","@id":"https:\/\/www.eldigitaldeasturias.com\/noticias\/lula-da-silva-heroe-y-villano-de-un-brasil-dividido\/#authorImage","url":"https:\/\/secure.gravatar.com\/avatar\/df2aeffc32bcd13f8d26072ef8a91b623d677766deac7f97ca815868cd41bf5e?s=96&d=mm&r=g","width":96,"height":96,"caption":"El Digital de Asturias"}},{"@type":"WebPage","@id":"https:\/\/www.eldigitaldeasturias.com\/noticias\/lula-da-silva-heroe-y-villano-de-un-brasil-dividido\/#webpage","url":"https:\/\/www.eldigitaldeasturias.com\/noticias\/lula-da-silva-heroe-y-villano-de-un-brasil-dividido\/","name":"Lula da Silva, h\u00e9roe y villano de un Brasil dividido - El Digital de Asturias","description":"R\u00edo de Janeiro, 4 abr (dpa) - Para sus seguidores sigue siendo el mejor presidente de la historia de Brasil, pero Luiz In\u00e1cio Lula da Silva est\u00e1 ahora a un paso de acabar en la c\u00e1rcel por una condena por corrupci\u00f3n. Nadie refleja hoy mejor la tragedia pol\u00edtica en la que se encuentra el gigante","inLanguage":"es-ES","isPartOf":{"@id":"https:\/\/www.eldigitaldeasturias.com\/noticias\/#website"},"breadcrumb":{"@id":"https:\/\/www.eldigitaldeasturias.com\/noticias\/lula-da-silva-heroe-y-villano-de-un-brasil-dividido\/#breadcrumblist"},"author":{"@id":"https:\/\/www.eldigitaldeasturias.com\/noticias\/author\/admin\/#author"},"creator":{"@id":"https:\/\/www.eldigitaldeasturias.com\/noticias\/author\/admin\/#author"},"image":{"@type":"ImageObject","url":868078,"@id":"https:\/\/www.eldigitaldeasturias.com\/noticias\/lula-da-silva-heroe-y-villano-de-un-brasil-dividido\/#mainImage"},"primaryImageOfPage":{"@id":"https:\/\/www.eldigitaldeasturias.com\/noticias\/lula-da-silva-heroe-y-villano-de-un-brasil-dividido\/#mainImage"},"datePublished":"2018-04-05T05:16:01+02:00","dateModified":"2018-04-05T05:16:01+02:00"},{"@type":"WebSite","@id":"https:\/\/www.eldigitaldeasturias.com\/noticias\/#website","url":"https:\/\/www.eldigitaldeasturias.com\/noticias\/","name":"El Digital de Asturias - Diario de actualidad y noticias","alternateName":"El Digital de Asturias - Diario de actualidad y noticias","description":"Hemeroteca","inLanguage":"es-ES","publisher":{"@id":"https:\/\/www.eldigitaldeasturias.com\/noticias\/#organization"}}]},"og:locale":"es_ES","og:site_name":"El Digital de Asturias","og:type":"article","og:title":"Lula da Silva, h\u00e9roe y villano de un Brasil dividido - El Digital de Asturias","og:description":"R\u00edo de Janeiro, 4 abr (dpa) - Para sus seguidores sigue siendo el mejor presidente de la historia de Brasil, pero Luiz In\u00e1cio Lula da Silva est\u00e1 ahora a un paso de acabar en la c\u00e1rcel por una condena por corrupci\u00f3n. Nadie refleja hoy mejor la tragedia pol\u00edtica en la que se encuentra el gigante","og:url":"https:\/\/www.eldigitaldeasturias.com\/noticias\/lula-da-silva-heroe-y-villano-de-un-brasil-dividido\/","article:tag":["actualidad"],"article:published_time":"2018-04-05T05:16:01+00:00","article:modified_time":"2018-04-05T05:16:01+00:00","article:publisher":"https:\/\/facebook.com\/eldigitaldeasturias","twitter:card":"summary_large_image","twitter:title":"Lula da Silva, h\u00e9roe y villano de un Brasil dividido - El Digital de Asturias","twitter:description":"R\u00edo de Janeiro, 4 abr (dpa) - Para sus seguidores sigue siendo el mejor presidente de la historia de Brasil, pero Luiz In\u00e1cio Lula da Silva est\u00e1 ahora a un paso de acabar en la c\u00e1rcel por una condena por corrupci\u00f3n. Nadie refleja hoy mejor la tragedia pol\u00edtica en la que se encuentra el gigante","twitter:image":"https:\/\/www.eldigitaldeasturias.com\/noticias\/wp-content\/uploads\/2020\/12\/EDA-1.jpg","twitter:label1":"Escrito por","twitter:data1":"El Digital de Asturias","twitter:label2":"Tiempo de lectura estimado","twitter:data2":"4 minutos"},"aioseo_meta_data":{"post_id":"974863","title":null,"description":null,"keywords":null,"keyphrases":null,"primary_term":null,"canonical_url":null,"og_title":null,"og_description":null,"og_object_type":"default","og_image_type":"default","og_image_url":null,"og_image_width":null,"og_image_height":null,"og_image_custom_url":null,"og_image_custom_fields":null,"og_video":null,"og_custom_url":null,"og_article_section":null,"og_article_tags":null,"twitter_use_og":false,"twitter_card":"default","twitter_image_type":"default","twitter_image_url":null,"twitter_image_custom_url":null,"twitter_image_custom_fields":null,"twitter_title":null,"twitter_description":null,"schema":{"blockGraphs":[],"customGraphs":[],"default":{"data":{"Article":[],"Course":[],"Dataset":[],"FAQPage":[],"Movie":[],"Person":[],"Product":[],"ProductReview":[],"Car":[],"Recipe":[],"Service":[],"SoftwareApplication":[],"WebPage":[]},"graphName":"","isEnabled":true},"graphs":[],"defaultGraph":"","defaultPostTypeGraph":""},"schema_type":null,"schema_type_options":null,"pillar_content":false,"robots_default":true,"robots_noindex":false,"robots_noarchive":false,"robots_nosnippet":false,"robots_nofollow":false,"robots_noimageindex":false,"robots_noodp":false,"robots_notranslate":false,"robots_max_snippet":null,"robots_max_videopreview":null,"robots_max_imagepreview":"large","priority":null,"frequency":null,"local_seo":null,"seo_analyzer_scan_date":"2025-10-07 21:45:06","breadcrumb_settings":null,"limit_modified_date":false,"open_ai":null,"ai":null,"created":"2020-12-21 12:12:39","updated":"2025-10-07 21:45:06","focus_keyword":null,"additional_keywords":null,"truseo_locale":null},"aioseo_breadcrumb":"<div class=\"aioseo-breadcrumbs\"><span class=\"aioseo-breadcrumb\">\n\t<a href=\"https:\/\/www.eldigitaldeasturias.com\/noticias\" title=\"Home\">Home<\/a>\n<\/span><span class=\"aioseo-breadcrumb-separator\">\u2013<\/span><span class=\"aioseo-breadcrumb\">\n\t<a href=\"https:\/\/www.eldigitaldeasturias.com\/noticias\/category\/actualidad\/\" title=\"Actualidad\">Actualidad<\/a>\n<\/span><span class=\"aioseo-breadcrumb-separator\">\u2013<\/span><span class=\"aioseo-breadcrumb\">\n\t<a href=\"https:\/\/www.eldigitaldeasturias.com\/noticias\/lula-da-silva-heroe-y-villano-de-un-brasil-dividido\/\" title=\"Lula da Silva, h\u00e9roe y villano de un Brasil dividido\">Lula da Silva, h\u00e9roe y villano de un Brasil dividido<\/a>\n<\/span><\/div>","aioseo_breadcrumb_json":[{"label":"Home","link":"https:\/\/www.eldigitaldeasturias.com\/noticias"},{"label":"Actualidad","link":"https:\/\/www.eldigitaldeasturias.com\/noticias\/category\/actualidad\/"},{"label":"Lula da Silva, h\u00e9roe y villano de un Brasil dividido","link":"https:\/\/www.eldigitaldeasturias.com\/noticias\/lula-da-silva-heroe-y-villano-de-un-brasil-dividido\/"}],"_links":{"self":[{"href":"https:\/\/www.eldigitaldeasturias.com\/noticias\/wp-json\/wp\/v2\/posts\/974863","targetHints":{"allow":["GET"]}}],"collection":[{"href":"https:\/\/www.eldigitaldeasturias.com\/noticias\/wp-json\/wp\/v2\/posts"}],"about":[{"href":"https:\/\/www.eldigitaldeasturias.com\/noticias\/wp-json\/wp\/v2\/types\/post"}],"author":[{"embeddable":true,"href":"https:\/\/www.eldigitaldeasturias.com\/noticias\/wp-json\/wp\/v2\/users\/1"}],"replies":[{"embeddable":true,"href":"https:\/\/www.eldigitaldeasturias.com\/noticias\/wp-json\/wp\/v2\/comments?post=974863"}],"version-history":[{"count":0,"href":"https:\/\/www.eldigitaldeasturias.com\/noticias\/wp-json\/wp\/v2\/posts\/974863\/revisions"}],"wp:attachment":[{"href":"https:\/\/www.eldigitaldeasturias.com\/noticias\/wp-json\/wp\/v2\/media?parent=974863"}],"wp:term":[{"taxonomy":"category","embeddable":true,"href":"https:\/\/www.eldigitaldeasturias.com\/noticias\/wp-json\/wp\/v2\/categories?post=974863"},{"taxonomy":"post_tag","embeddable":true,"href":"https:\/\/www.eldigitaldeasturias.com\/noticias\/wp-json\/wp\/v2\/tags?post=974863"}],"curies":[{"name":"wp","href":"https:\/\/api.w.org\/{rel}","templated":true}]}}