{"id":974856,"date":"2018-04-05T05:03:03","date_gmt":"2018-04-05T05:03:03","guid":{"rendered":"http:\/\/www.eldigitaldeasturias.com\/noticias\/?p=974856"},"modified":"2018-04-05T05:03:03","modified_gmt":"2018-04-05T05:03:03","slug":"albert-rivera-los-presupuestos-traen-por-fin-buenas-noticias","status":"publish","type":"post","link":"https:\/\/www.eldigitaldeasturias.com\/noticias\/albert-rivera-los-presupuestos-traen-por-fin-buenas-noticias\/","title":{"rendered":"Albert Rivera: \u201cLos Presupuestos traen por fin buenas noticias\u00bb"},"content":{"rendered":"<p><img loading=\"lazy\" decoding=\"async\" class=\"alignleft size-medium wp-image-974857\" src=\"https:\/\/www.eldigitaldeasturias.com\/noticias\/wp-content\/uploads\/2018\/04\/Rivera-360x270.jpg\" alt=\"\" width=\"360\" height=\"270\" \/>Los Presupuestos traen por fin buenas noticias gracias a los 8.000 millones de euros para medidas sociales y econ\u00f3micas impulsadas por Ciudadanos tras una d\u00e9cada de recortes y subidas de impuestos\u00bb, ha afirmado el presidente de Ciudadanos (Cs), Albert Rivera, que ha subrayado la necesidad de \u201cdevolver a los pensionistas y a la clase media trabajadora sus sacrificios durante la crisis\u201d.<\/p>\n<p>Rivera, en una entrevista en \u2018Los Desayunos de TVE\u2019, ha recordado algunas de las medidas impulsadas por Cs, \u201ccomo la bajada de impuestos para quien no llega a final de mes, la subida de pensiones para siete millones de pensionistas por encima del IPC, la ampliaci\u00f3n de los permisos de paternidad y los cheques guarder\u00eda\u201d. No obstante, tambi\u00e9n ha lamentado que \u201cel \u2018no es no\u2019 de Pedro S\u00e1nchez impida que los Presupuestos salgan adelante\u201d.<\/p>\n<p>En este sentido, Rivera ha reconocido que no le sorprende el rechazo del PNV a las cuentas p\u00fablicas porque \u201cnunca ha contado con ellos\u201d, por lo que no se siente decepcionado por la posici\u00f3n de los nacionalistas vascos. \u201cLos constitucionalistas estamos obligados a entendernos en temas de Estado porque se ha terminado el bipartidismo nost\u00e1lgico de pactar con los nacionalistas para sacar adelante los Presupuestos\u201d, ha espetado Rivera.<\/p>\n<p>El l\u00edder de la formaci\u00f3n liberal tambi\u00e9n ha denunciado que \u201ces imposible tener un proyecto de vida cuando nueve de cada diez trabajadores tienen un contrato basura\u201d, en relaci\u00f3n con los datos del paro del mes de marzo. As\u00ed, ha subrayado que en Espa\u00f1a \u201chay siete millones de personas que trabajan pero que son pobres\u201d.<\/p>\n<p>Frente a esta situaci\u00f3n, Rivera ha recordado que Ciudadanos defiende \u201cun nuevo marco laboral donde el problema no es cuando acaba el contrato sino si se trabaja bien, si el trabajador se forma o si est\u00e1 a gusto en la empresa\u201d. \u201cEsa es la relaci\u00f3n natural entre el trabajador y el empresario y no el modelo actual, donde el trabajador es expulsado del mercado y se le mete en una especie de rueda de h\u00e1mster para ir enlazando contratos temporales\u201d, ha recalcado.<\/p>\n<p>&nbsp;<\/p>\n","protected":false},"excerpt":{"rendered":"<p>Los Presupuestos traen por fin buenas noticias gracias a los 8.000 millones de euros para medidas sociales y econ\u00f3micas impulsadas por Ciudadanos tras una d\u00e9cada de recortes y subidas de impuestos\u00bb, ha afirmado el presidente de Ciudadanos (Cs), Albert Rivera, que ha subrayado la necesidad de \u201cdevolver a los pensionistas y a la clase media [&hellip;]<\/p>\n","protected":false},"author":1,"featured_media":974857,"comment_status":"closed","ping_status":"closed","sticky":false,"template":"","format":"standard","meta":{"footnotes":""},"categories":[1],"tags":[],"class_list":["post-974856","post","type-post","status-publish","format-standard","has-post-thumbnail","hentry","category-actualidad"],"aioseo_notices":[],"aioseo_head":"\n\t\t<!-- All in One SEO Pro 5.0.1 - aioseo.com -->\n\t<meta name=\"description\" content=\"Los Presupuestos traen por fin buenas noticias gracias a los 8.000 millones de euros para medidas sociales y econ\u00f3micas impulsadas por Ciudadanos tras una d\u00e9cada de recortes y subidas de impuestos&quot;, ha afirmado el presidente de Ciudadanos (Cs), Albert Rivera, que ha subrayado la necesidad de \u201cdevolver a los pensionistas y a la clase media\" \/>\n\t<meta name=\"robots\" content=\"max-image-preview:large\" \/>\n\t<meta name=\"author\" content=\"El Digital de Asturias\"\/>\n\t<meta name=\"google-site-verification\" content=\"UA-38556648-1\" \/>\n\t<meta name=\"msvalidate.01\" content=\"7dfe9f3f1b24437ab69f4f2559babe99\" \/>\n\t<meta name=\"keywords\" content=\"actualidad\" \/>\n\t<link rel=\"canonical\" href=\"https:\/\/www.eldigitaldeasturias.com\/noticias\/albert-rivera-los-presupuestos-traen-por-fin-buenas-noticias\/\" \/>\n\t<meta name=\"generator\" content=\"All in One SEO Pro (AIOSEO) 5.0.1\" \/>\n\t\t<meta property=\"og:locale\" content=\"es_ES\" \/>\n\t\t<meta property=\"og:site_name\" content=\"El Digital de Asturias\" \/>\n\t\t<meta property=\"og:type\" content=\"article\" \/>\n\t\t<meta property=\"og:title\" content=\"Albert Rivera: \u201cLos Presupuestos traen por fin buenas noticias\u00bb - El Digital de Asturias\" \/>\n\t\t<meta property=\"og:description\" content=\"Los Presupuestos traen por fin buenas noticias gracias a los 8.000 millones de euros para medidas sociales y econ\u00f3micas impulsadas por Ciudadanos tras una d\u00e9cada de recortes y subidas de impuestos&quot;, ha afirmado el presidente de Ciudadanos (Cs), Albert Rivera, que ha subrayado la necesidad de \u201cdevolver a los pensionistas y a la clase media\" \/>\n\t\t<meta property=\"og:url\" content=\"https:\/\/www.eldigitaldeasturias.com\/noticias\/albert-rivera-los-presupuestos-traen-por-fin-buenas-noticias\/\" \/>\n\t\t<meta property=\"article:tag\" content=\"actualidad\" \/>\n\t\t<meta property=\"article:published_time\" content=\"2018-04-05T05:03:03+00:00\" \/>\n\t\t<meta property=\"article:modified_time\" content=\"2018-04-05T05:03:03+00:00\" \/>\n\t\t<meta property=\"article:publisher\" content=\"https:\/\/facebook.com\/eldigitaldeasturias\" \/>\n\t\t<meta name=\"twitter:card\" content=\"summary_large_image\" \/>\n\t\t<meta name=\"twitter:title\" content=\"Albert Rivera: \u201cLos Presupuestos traen por fin buenas noticias\u00bb - El Digital de Asturias\" \/>\n\t\t<meta name=\"twitter:description\" content=\"Los Presupuestos traen por fin buenas noticias gracias a los 8.000 millones de euros para medidas sociales y econ\u00f3micas impulsadas por Ciudadanos tras una d\u00e9cada de recortes y subidas de impuestos&quot;, ha afirmado el presidente de Ciudadanos (Cs), Albert Rivera, que ha subrayado la necesidad de \u201cdevolver a los pensionistas y a la clase media\" \/>\n\t\t<meta name=\"twitter:image\" content=\"https:\/\/www.eldigitaldeasturias.com\/noticias\/wp-content\/uploads\/2020\/12\/EDA-1.jpg\" \/>\n\t\t<meta name=\"twitter:label1\" content=\"Escrito por\" \/>\n\t\t<meta name=\"twitter:data1\" content=\"El Digital de Asturias\" \/>\n\t\t<meta name=\"twitter:label2\" content=\"Tiempo de lectura estimado\" \/>\n\t\t<meta name=\"twitter:data2\" content=\"2 minutos\" \/>\n\t\t<script type=\"application\/ld+json\" class=\"aioseo-schema\">\n\t\t\t{\"@context\":\"https:\\\/\\\/schema.org\",\"@graph\":[{\"@type\":\"BlogPosting\",\"@id\":\"https:\\\/\\\/www.eldigitaldeasturias.com\\\/noticias\\\/albert-rivera-los-presupuestos-traen-por-fin-buenas-noticias\\\/#blogposting\",\"name\":\"Albert Rivera: \\u201cLos Presupuestos traen por fin buenas noticias\\u00bb - El Digital de Asturias\",\"headline\":\"Albert Rivera: \\u201cLos Presupuestos traen por fin buenas noticias\\u00bb\",\"author\":{\"@id\":\"https:\\\/\\\/www.eldigitaldeasturias.com\\\/noticias\\\/author\\\/admin\\\/#author\"},\"publisher\":{\"@id\":\"https:\\\/\\\/www.eldigitaldeasturias.com\\\/noticias\\\/#organization\"},\"image\":{\"@type\":\"ImageObject\",\"url\":974857},\"datePublished\":\"2018-04-05T05:03:03+02:00\",\"dateModified\":\"2018-04-05T05:03:03+02:00\",\"inLanguage\":\"es-ES\",\"mainEntityOfPage\":{\"@id\":\"https:\\\/\\\/www.eldigitaldeasturias.com\\\/noticias\\\/albert-rivera-los-presupuestos-traen-por-fin-buenas-noticias\\\/#webpage\"},\"isPartOf\":{\"@id\":\"https:\\\/\\\/www.eldigitaldeasturias.com\\\/noticias\\\/albert-rivera-los-presupuestos-traen-por-fin-buenas-noticias\\\/#webpage\"},\"articleSection\":\"Actualidad\"},{\"@type\":\"BreadcrumbList\",\"@id\":\"https:\\\/\\\/www.eldigitaldeasturias.com\\\/noticias\\\/albert-rivera-los-presupuestos-traen-por-fin-buenas-noticias\\\/#breadcrumblist\",\"itemListElement\":[{\"@type\":\"ListItem\",\"@id\":\"https:\\\/\\\/www.eldigitaldeasturias.com\\\/noticias#listItem\",\"position\":1,\"name\":\"Home\",\"item\":\"https:\\\/\\\/www.eldigitaldeasturias.com\\\/noticias\",\"nextItem\":{\"@type\":\"ListItem\",\"@id\":\"https:\\\/\\\/www.eldigitaldeasturias.com\\\/noticias\\\/category\\\/actualidad\\\/#listItem\",\"name\":\"Actualidad\"}},{\"@type\":\"ListItem\",\"@id\":\"https:\\\/\\\/www.eldigitaldeasturias.com\\\/noticias\\\/category\\\/actualidad\\\/#listItem\",\"position\":2,\"name\":\"Actualidad\",\"item\":\"https:\\\/\\\/www.eldigitaldeasturias.com\\\/noticias\\\/category\\\/actualidad\\\/\",\"nextItem\":{\"@type\":\"ListItem\",\"@id\":\"https:\\\/\\\/www.eldigitaldeasturias.com\\\/noticias\\\/albert-rivera-los-presupuestos-traen-por-fin-buenas-noticias\\\/#listItem\",\"name\":\"Albert Rivera: \\u201cLos Presupuestos traen por fin buenas noticias\\u00bb\"},\"previousItem\":{\"@type\":\"ListItem\",\"@id\":\"https:\\\/\\\/www.eldigitaldeasturias.com\\\/noticias#listItem\",\"name\":\"Home\"}},{\"@type\":\"ListItem\",\"@id\":\"https:\\\/\\\/www.eldigitaldeasturias.com\\\/noticias\\\/albert-rivera-los-presupuestos-traen-por-fin-buenas-noticias\\\/#listItem\",\"position\":3,\"name\":\"Albert Rivera: \\u201cLos Presupuestos traen por fin buenas noticias\\u00bb\",\"previousItem\":{\"@type\":\"ListItem\",\"@id\":\"https:\\\/\\\/www.eldigitaldeasturias.com\\\/noticias\\\/category\\\/actualidad\\\/#listItem\",\"name\":\"Actualidad\"}}]},{\"@type\":\"Organization\",\"@id\":\"https:\\\/\\\/www.eldigitaldeasturias.com\\\/noticias\\\/#organization\",\"name\":\"El Digital de Asturias\",\"description\":\"Hemeroteca\",\"url\":\"https:\\\/\\\/www.eldigitaldeasturias.com\\\/noticias\\\/\",\"email\":\"info@eldigitaldeasturias.com\",\"telephone\":\"+34652131393\",\"logo\":{\"@type\":\"ImageObject\",\"url\":\"https:\\\/\\\/www.eldigitaldeasturias.com\\\/noticias\\\/wp-content\\\/uploads\\\/2020\\\/12\\\/EDA.jpg\",\"@id\":\"https:\\\/\\\/www.eldigitaldeasturias.com\\\/noticias\\\/albert-rivera-los-presupuestos-traen-por-fin-buenas-noticias\\\/#organizationLogo\"},\"image\":{\"@id\":\"https:\\\/\\\/www.eldigitaldeasturias.com\\\/noticias\\\/albert-rivera-los-presupuestos-traen-por-fin-buenas-noticias\\\/#organizationLogo\"},\"sameAs\":[\"https:\\\/\\\/facebook.com\\\/eldigitaldeasturias\",\"https:\\\/\\\/www.youtube.com\\\/channel\\\/UCZP-2wLEB9Rv6erhFmqVnvg\"],\"address\":{\"@id\":\"https:\\\/\\\/www.eldigitaldeasturias.com\\\/noticias\\\/#postaladdress\",\"@type\":\"PostalAddress\",\"streetAddress\":\"san antonio 4\",\"postalCode\":\"33430\",\"addressLocality\":\"Cand\\u00e1s\",\"addressRegion\":\"Asturias\",\"addressCountry\":\"ES\"}},{\"@type\":\"Person\",\"@id\":\"https:\\\/\\\/www.eldigitaldeasturias.com\\\/noticias\\\/author\\\/admin\\\/#author\",\"url\":\"https:\\\/\\\/www.eldigitaldeasturias.com\\\/noticias\\\/author\\\/admin\\\/\",\"name\":\"El Digital de Asturias\",\"image\":{\"@type\":\"ImageObject\",\"@id\":\"https:\\\/\\\/www.eldigitaldeasturias.com\\\/noticias\\\/albert-rivera-los-presupuestos-traen-por-fin-buenas-noticias\\\/#authorImage\",\"url\":\"https:\\\/\\\/secure.gravatar.com\\\/avatar\\\/df2aeffc32bcd13f8d26072ef8a91b623d677766deac7f97ca815868cd41bf5e?s=96&d=mm&r=g\",\"width\":96,\"height\":96,\"caption\":\"El Digital de Asturias\"}},{\"@type\":\"WebPage\",\"@id\":\"https:\\\/\\\/www.eldigitaldeasturias.com\\\/noticias\\\/albert-rivera-los-presupuestos-traen-por-fin-buenas-noticias\\\/#webpage\",\"url\":\"https:\\\/\\\/www.eldigitaldeasturias.com\\\/noticias\\\/albert-rivera-los-presupuestos-traen-por-fin-buenas-noticias\\\/\",\"name\":\"Albert Rivera: \\u201cLos Presupuestos traen por fin buenas noticias\\u00bb - El Digital de Asturias\",\"description\":\"Los Presupuestos traen por fin buenas noticias gracias a los 8.000 millones de euros para medidas sociales y econ\\u00f3micas impulsadas por Ciudadanos tras una d\\u00e9cada de recortes y subidas de impuestos\\\", ha afirmado el presidente de Ciudadanos (Cs), Albert Rivera, que ha subrayado la necesidad de \\u201cdevolver a los pensionistas y a la clase media\",\"inLanguage\":\"es-ES\",\"isPartOf\":{\"@id\":\"https:\\\/\\\/www.eldigitaldeasturias.com\\\/noticias\\\/#website\"},\"breadcrumb\":{\"@id\":\"https:\\\/\\\/www.eldigitaldeasturias.com\\\/noticias\\\/albert-rivera-los-presupuestos-traen-por-fin-buenas-noticias\\\/#breadcrumblist\"},\"author\":{\"@id\":\"https:\\\/\\\/www.eldigitaldeasturias.com\\\/noticias\\\/author\\\/admin\\\/#author\"},\"creator\":{\"@id\":\"https:\\\/\\\/www.eldigitaldeasturias.com\\\/noticias\\\/author\\\/admin\\\/#author\"},\"image\":{\"@type\":\"ImageObject\",\"url\":974857,\"@id\":\"https:\\\/\\\/www.eldigitaldeasturias.com\\\/noticias\\\/albert-rivera-los-presupuestos-traen-por-fin-buenas-noticias\\\/#mainImage\"},\"primaryImageOfPage\":{\"@id\":\"https:\\\/\\\/www.eldigitaldeasturias.com\\\/noticias\\\/albert-rivera-los-presupuestos-traen-por-fin-buenas-noticias\\\/#mainImage\"},\"datePublished\":\"2018-04-05T05:03:03+02:00\",\"dateModified\":\"2018-04-05T05:03:03+02:00\"},{\"@type\":\"WebSite\",\"@id\":\"https:\\\/\\\/www.eldigitaldeasturias.com\\\/noticias\\\/#website\",\"url\":\"https:\\\/\\\/www.eldigitaldeasturias.com\\\/noticias\\\/\",\"name\":\"El Digital de Asturias - Diario de actualidad y noticias\",\"alternateName\":\"El Digital de Asturias - Diario de actualidad y noticias\",\"description\":\"Hemeroteca\",\"inLanguage\":\"es-ES\",\"publisher\":{\"@id\":\"https:\\\/\\\/www.eldigitaldeasturias.com\\\/noticias\\\/#organization\"}}]}\n\t\t<\/script>\n\t\t<!-- All in One SEO Pro -->\r\n\t\t<title>Albert Rivera: \u201cLos Presupuestos traen por fin buenas noticias\u00bb - El Digital de Asturias<\/title>\n\n","aioseo_head_json":{"title":"Albert Rivera: \u201cLos Presupuestos traen por fin buenas noticias\u00bb - El Digital de Asturias","description":"Los Presupuestos traen por fin buenas noticias gracias a los 8.000 millones de euros para medidas sociales y econ\u00f3micas impulsadas por Ciudadanos tras una d\u00e9cada de recortes y subidas de impuestos\", ha afirmado el presidente de Ciudadanos (Cs), Albert Rivera, que ha subrayado la necesidad de \u201cdevolver a los pensionistas y a la clase media","canonical_url":"https:\/\/www.eldigitaldeasturias.com\/noticias\/albert-rivera-los-presupuestos-traen-por-fin-buenas-noticias\/","robots":"max-image-preview:large","keywords":"actualidad","webmasterTools":{"google-site-verification":"UA-38556648-1","msvalidate.01":"7dfe9f3f1b24437ab69f4f2559babe99","miscellaneous":""},"schema":{"@context":"https:\/\/schema.org","@graph":[{"@type":"BlogPosting","@id":"https:\/\/www.eldigitaldeasturias.com\/noticias\/albert-rivera-los-presupuestos-traen-por-fin-buenas-noticias\/#blogposting","name":"Albert Rivera: \u201cLos Presupuestos traen por fin buenas noticias\u00bb - El Digital de Asturias","headline":"Albert Rivera: \u201cLos Presupuestos traen por fin buenas noticias\u00bb","author":{"@id":"https:\/\/www.eldigitaldeasturias.com\/noticias\/author\/admin\/#author"},"publisher":{"@id":"https:\/\/www.eldigitaldeasturias.com\/noticias\/#organization"},"image":{"@type":"ImageObject","url":974857},"datePublished":"2018-04-05T05:03:03+02:00","dateModified":"2018-04-05T05:03:03+02:00","inLanguage":"es-ES","mainEntityOfPage":{"@id":"https:\/\/www.eldigitaldeasturias.com\/noticias\/albert-rivera-los-presupuestos-traen-por-fin-buenas-noticias\/#webpage"},"isPartOf":{"@id":"https:\/\/www.eldigitaldeasturias.com\/noticias\/albert-rivera-los-presupuestos-traen-por-fin-buenas-noticias\/#webpage"},"articleSection":"Actualidad"},{"@type":"BreadcrumbList","@id":"https:\/\/www.eldigitaldeasturias.com\/noticias\/albert-rivera-los-presupuestos-traen-por-fin-buenas-noticias\/#breadcrumblist","itemListElement":[{"@type":"ListItem","@id":"https:\/\/www.eldigitaldeasturias.com\/noticias#listItem","position":1,"name":"Home","item":"https:\/\/www.eldigitaldeasturias.com\/noticias","nextItem":{"@type":"ListItem","@id":"https:\/\/www.eldigitaldeasturias.com\/noticias\/category\/actualidad\/#listItem","name":"Actualidad"}},{"@type":"ListItem","@id":"https:\/\/www.eldigitaldeasturias.com\/noticias\/category\/actualidad\/#listItem","position":2,"name":"Actualidad","item":"https:\/\/www.eldigitaldeasturias.com\/noticias\/category\/actualidad\/","nextItem":{"@type":"ListItem","@id":"https:\/\/www.eldigitaldeasturias.com\/noticias\/albert-rivera-los-presupuestos-traen-por-fin-buenas-noticias\/#listItem","name":"Albert Rivera: \u201cLos Presupuestos traen por fin buenas noticias\u00bb"},"previousItem":{"@type":"ListItem","@id":"https:\/\/www.eldigitaldeasturias.com\/noticias#listItem","name":"Home"}},{"@type":"ListItem","@id":"https:\/\/www.eldigitaldeasturias.com\/noticias\/albert-rivera-los-presupuestos-traen-por-fin-buenas-noticias\/#listItem","position":3,"name":"Albert Rivera: \u201cLos Presupuestos traen por fin buenas noticias\u00bb","previousItem":{"@type":"ListItem","@id":"https:\/\/www.eldigitaldeasturias.com\/noticias\/category\/actualidad\/#listItem","name":"Actualidad"}}]},{"@type":"Organization","@id":"https:\/\/www.eldigitaldeasturias.com\/noticias\/#organization","name":"El Digital de Asturias","description":"Hemeroteca","url":"https:\/\/www.eldigitaldeasturias.com\/noticias\/","email":"info@eldigitaldeasturias.com","telephone":"+34652131393","logo":{"@type":"ImageObject","url":"https:\/\/www.eldigitaldeasturias.com\/noticias\/wp-content\/uploads\/2020\/12\/EDA.jpg","@id":"https:\/\/www.eldigitaldeasturias.com\/noticias\/albert-rivera-los-presupuestos-traen-por-fin-buenas-noticias\/#organizationLogo"},"image":{"@id":"https:\/\/www.eldigitaldeasturias.com\/noticias\/albert-rivera-los-presupuestos-traen-por-fin-buenas-noticias\/#organizationLogo"},"sameAs":["https:\/\/facebook.com\/eldigitaldeasturias","https:\/\/www.youtube.com\/channel\/UCZP-2wLEB9Rv6erhFmqVnvg"],"address":{"@id":"https:\/\/www.eldigitaldeasturias.com\/noticias\/#postaladdress","@type":"PostalAddress","streetAddress":"san antonio 4","postalCode":"33430","addressLocality":"Cand\u00e1s","addressRegion":"Asturias","addressCountry":"ES"}},{"@type":"Person","@id":"https:\/\/www.eldigitaldeasturias.com\/noticias\/author\/admin\/#author","url":"https:\/\/www.eldigitaldeasturias.com\/noticias\/author\/admin\/","name":"El Digital de Asturias","image":{"@type":"ImageObject","@id":"https:\/\/www.eldigitaldeasturias.com\/noticias\/albert-rivera-los-presupuestos-traen-por-fin-buenas-noticias\/#authorImage","url":"https:\/\/secure.gravatar.com\/avatar\/df2aeffc32bcd13f8d26072ef8a91b623d677766deac7f97ca815868cd41bf5e?s=96&d=mm&r=g","width":96,"height":96,"caption":"El Digital de Asturias"}},{"@type":"WebPage","@id":"https:\/\/www.eldigitaldeasturias.com\/noticias\/albert-rivera-los-presupuestos-traen-por-fin-buenas-noticias\/#webpage","url":"https:\/\/www.eldigitaldeasturias.com\/noticias\/albert-rivera-los-presupuestos-traen-por-fin-buenas-noticias\/","name":"Albert Rivera: \u201cLos Presupuestos traen por fin buenas noticias\u00bb - El Digital de Asturias","description":"Los Presupuestos traen por fin buenas noticias gracias a los 8.000 millones de euros para medidas sociales y econ\u00f3micas impulsadas por Ciudadanos tras una d\u00e9cada de recortes y subidas de impuestos\", ha afirmado el presidente de Ciudadanos (Cs), Albert Rivera, que ha subrayado la necesidad de \u201cdevolver a los pensionistas y a la clase media","inLanguage":"es-ES","isPartOf":{"@id":"https:\/\/www.eldigitaldeasturias.com\/noticias\/#website"},"breadcrumb":{"@id":"https:\/\/www.eldigitaldeasturias.com\/noticias\/albert-rivera-los-presupuestos-traen-por-fin-buenas-noticias\/#breadcrumblist"},"author":{"@id":"https:\/\/www.eldigitaldeasturias.com\/noticias\/author\/admin\/#author"},"creator":{"@id":"https:\/\/www.eldigitaldeasturias.com\/noticias\/author\/admin\/#author"},"image":{"@type":"ImageObject","url":974857,"@id":"https:\/\/www.eldigitaldeasturias.com\/noticias\/albert-rivera-los-presupuestos-traen-por-fin-buenas-noticias\/#mainImage"},"primaryImageOfPage":{"@id":"https:\/\/www.eldigitaldeasturias.com\/noticias\/albert-rivera-los-presupuestos-traen-por-fin-buenas-noticias\/#mainImage"},"datePublished":"2018-04-05T05:03:03+02:00","dateModified":"2018-04-05T05:03:03+02:00"},{"@type":"WebSite","@id":"https:\/\/www.eldigitaldeasturias.com\/noticias\/#website","url":"https:\/\/www.eldigitaldeasturias.com\/noticias\/","name":"El Digital de Asturias - Diario de actualidad y noticias","alternateName":"El Digital de Asturias - Diario de actualidad y noticias","description":"Hemeroteca","inLanguage":"es-ES","publisher":{"@id":"https:\/\/www.eldigitaldeasturias.com\/noticias\/#organization"}}]},"og:locale":"es_ES","og:site_name":"El Digital de Asturias","og:type":"article","og:title":"Albert Rivera: \u201cLos Presupuestos traen por fin buenas noticias\u00bb - El Digital de Asturias","og:description":"Los Presupuestos traen por fin buenas noticias gracias a los 8.000 millones de euros para medidas sociales y econ\u00f3micas impulsadas por Ciudadanos tras una d\u00e9cada de recortes y subidas de impuestos&quot;, ha afirmado el presidente de Ciudadanos (Cs), Albert Rivera, que ha subrayado la necesidad de \u201cdevolver a los pensionistas y a la clase media","og:url":"https:\/\/www.eldigitaldeasturias.com\/noticias\/albert-rivera-los-presupuestos-traen-por-fin-buenas-noticias\/","article:tag":["actualidad"],"article:published_time":"2018-04-05T05:03:03+00:00","article:modified_time":"2018-04-05T05:03:03+00:00","article:publisher":"https:\/\/facebook.com\/eldigitaldeasturias","twitter:card":"summary_large_image","twitter:title":"Albert Rivera: \u201cLos Presupuestos traen por fin buenas noticias\u00bb - El Digital de Asturias","twitter:description":"Los Presupuestos traen por fin buenas noticias gracias a los 8.000 millones de euros para medidas sociales y econ\u00f3micas impulsadas por Ciudadanos tras una d\u00e9cada de recortes y subidas de impuestos&quot;, ha afirmado el presidente de Ciudadanos (Cs), Albert Rivera, que ha subrayado la necesidad de \u201cdevolver a los pensionistas y a la clase media","twitter:image":"https:\/\/www.eldigitaldeasturias.com\/noticias\/wp-content\/uploads\/2020\/12\/EDA-1.jpg","twitter:label1":"Escrito por","twitter:data1":"El Digital de Asturias","twitter:label2":"Tiempo de lectura estimado","twitter:data2":"2 minutos"},"aioseo_meta_data":{"post_id":"974856","title":null,"description":null,"keywords":null,"keyphrases":null,"primary_term":null,"canonical_url":null,"og_title":null,"og_description":null,"og_object_type":"default","og_image_type":"default","og_image_url":null,"og_image_width":null,"og_image_height":null,"og_image_custom_url":null,"og_image_custom_fields":null,"og_video":null,"og_custom_url":null,"og_article_section":null,"og_article_tags":null,"twitter_use_og":false,"twitter_card":"default","twitter_image_type":"default","twitter_image_url":null,"twitter_image_custom_url":null,"twitter_image_custom_fields":null,"twitter_title":null,"twitter_description":null,"schema":{"blockGraphs":[],"customGraphs":[],"default":{"data":{"Article":[],"Course":[],"Dataset":[],"FAQPage":[],"Movie":[],"Person":[],"Product":[],"ProductReview":[],"Car":[],"Recipe":[],"Service":[],"SoftwareApplication":[],"WebPage":[]},"graphName":"","isEnabled":true},"graphs":[],"defaultGraph":"","defaultPostTypeGraph":""},"schema_type":null,"schema_type_options":null,"pillar_content":false,"robots_default":true,"robots_noindex":false,"robots_noarchive":false,"robots_nosnippet":false,"robots_nofollow":false,"robots_noimageindex":false,"robots_noodp":false,"robots_notranslate":false,"robots_max_snippet":null,"robots_max_videopreview":null,"robots_max_imagepreview":"large","priority":null,"frequency":null,"local_seo":null,"seo_analyzer_scan_date":"2025-10-07 21:43:07","breadcrumb_settings":null,"limit_modified_date":false,"open_ai":null,"ai":null,"created":"2020-12-21 12:12:39","updated":"2025-10-07 21:43:07","focus_keyword":null,"additional_keywords":null,"truseo_locale":null},"aioseo_breadcrumb":"<div class=\"aioseo-breadcrumbs\"><span class=\"aioseo-breadcrumb\">\n\t<a href=\"https:\/\/www.eldigitaldeasturias.com\/noticias\" title=\"Home\">Home<\/a>\n<\/span><span class=\"aioseo-breadcrumb-separator\">\u2013<\/span><span class=\"aioseo-breadcrumb\">\n\t<a href=\"https:\/\/www.eldigitaldeasturias.com\/noticias\/category\/actualidad\/\" title=\"Actualidad\">Actualidad<\/a>\n<\/span><span class=\"aioseo-breadcrumb-separator\">\u2013<\/span><span class=\"aioseo-breadcrumb\">\n\t<a href=\"https:\/\/www.eldigitaldeasturias.com\/noticias\/albert-rivera-los-presupuestos-traen-por-fin-buenas-noticias\/\" title=\"Albert Rivera: \u201cLos Presupuestos traen por fin buenas noticias\u00bb\">Albert Rivera: \u201cLos Presupuestos traen por fin buenas noticias\u00bb<\/a>\n<\/span><\/div>","aioseo_breadcrumb_json":[{"label":"Home","link":"https:\/\/www.eldigitaldeasturias.com\/noticias"},{"label":"Actualidad","link":"https:\/\/www.eldigitaldeasturias.com\/noticias\/category\/actualidad\/"},{"label":"Albert Rivera: \u201cLos Presupuestos traen por fin buenas noticias\u00bb","link":"https:\/\/www.eldigitaldeasturias.com\/noticias\/albert-rivera-los-presupuestos-traen-por-fin-buenas-noticias\/"}],"_links":{"self":[{"href":"https:\/\/www.eldigitaldeasturias.com\/noticias\/wp-json\/wp\/v2\/posts\/974856","targetHints":{"allow":["GET"]}}],"collection":[{"href":"https:\/\/www.eldigitaldeasturias.com\/noticias\/wp-json\/wp\/v2\/posts"}],"about":[{"href":"https:\/\/www.eldigitaldeasturias.com\/noticias\/wp-json\/wp\/v2\/types\/post"}],"author":[{"embeddable":true,"href":"https:\/\/www.eldigitaldeasturias.com\/noticias\/wp-json\/wp\/v2\/users\/1"}],"replies":[{"embeddable":true,"href":"https:\/\/www.eldigitaldeasturias.com\/noticias\/wp-json\/wp\/v2\/comments?post=974856"}],"version-history":[{"count":0,"href":"https:\/\/www.eldigitaldeasturias.com\/noticias\/wp-json\/wp\/v2\/posts\/974856\/revisions"}],"wp:attachment":[{"href":"https:\/\/www.eldigitaldeasturias.com\/noticias\/wp-json\/wp\/v2\/media?parent=974856"}],"wp:term":[{"taxonomy":"category","embeddable":true,"href":"https:\/\/www.eldigitaldeasturias.com\/noticias\/wp-json\/wp\/v2\/categories?post=974856"},{"taxonomy":"post_tag","embeddable":true,"href":"https:\/\/www.eldigitaldeasturias.com\/noticias\/wp-json\/wp\/v2\/tags?post=974856"}],"curies":[{"name":"wp","href":"https:\/\/api.w.org\/{rel}","templated":true}]}}