{"id":974854,"date":"2018-04-05T05:00:33","date_gmt":"2018-04-05T05:00:33","guid":{"rendered":"http:\/\/www.eldigitaldeasturias.com\/noticias\/?p=974854"},"modified":"2018-04-05T05:00:33","modified_gmt":"2018-04-05T05:00:33","slug":"maroto-pide-al-psoe-altura-de-miras-y-mas-politica-de-estado","status":"publish","type":"post","link":"https:\/\/www.eldigitaldeasturias.com\/noticias\/maroto-pide-al-psoe-altura-de-miras-y-mas-politica-de-estado\/","title":{"rendered":"Maroto pide al PSOE \u201caltura de miras y m\u00e1s pol\u00edtica de Estado\u201d"},"content":{"rendered":"<p><img loading=\"lazy\" decoding=\"async\" class=\"alignleft size-medium wp-image-973357\" src=\"https:\/\/www.eldigitaldeasturias.com\/noticias\/wp-content\/uploads\/2018\/03\/20180324_declaraciones_maroto_1-360x163.jpg\" alt=\"\" width=\"360\" height=\"163\" \/>El vicesecretario de Pol\u00edtica Social y Sectorial del Partido Popular, Javier Maroto, ha pedido al Partido Socialista que en materia de Presupuestos \u201cse tome la pol\u00edtica nacional con un poco m\u00e1s de altura de miras y haga m\u00e1s pol\u00edtica de Estado\u201d.<\/p>\n<p>El vicesecretario popular ha recalcado que \u201csi estos PGE se diferencian de algo de los del a\u00f1o pasado en cuanto a los apoyos, es en la aplicaci\u00f3n del 155\u201d que, en su momento, los tres grandes partidos nacionales \u201cacordamos juntos, para lo bueno y para lo malo\u201d. En esta l\u00ednea, Maroto ha recordado que el PP, por ejemplo, estaba dispuesto a intervenir TV3, pero que, a petici\u00f3n del PSOE en una enmienda en el Senado, se elimin\u00f3 esa posibilidad porque \u201cpensamos que era mejor estar todos juntos\u201d. \u201cEstamos pidiendo responsabilidad para que la aplicaci\u00f3n de una pol\u00edtica de Estado no deje a Espa\u00f1a sin Presupuestos\u201d, ha dicho, porque son fundamentales para la creaci\u00f3n de empleo, el crecimiento econ\u00f3mico y para la dignidad de los pensionistas.<\/p>\n<p><strong>EJEMPLO DEL SOCIALISMO ALEM\u00c1N<\/strong><\/p>\n<p>El dirigente popular ha recordado adem\u00e1s que el PP \u201cmuy gustosamente y de manera generosa\u201d prest\u00f3 votos al Partido Socialista por una cuesti\u00f3n de Estado que era el \u201cPlan Ibarretxe\u201d y, en aquel momento, Pedro S\u00e1nchez no lo consider\u00f3 \u201cuna frivolidad\u201d. Maroto ha lamentado adem\u00e1s que los socialistas en Espa\u00f1a en vez de tomar nota del SPD alem\u00e1n, que anteponen la raz\u00f3n y los intereses de Alemania a sus intereses partidistas, est\u00e9n siempre instalados en las tres mismas palabras: no es no.<\/p>\n<p>En otro orden de cosas, Javier Maroto ha subrayado que un partido como el PNV, con cinco diputados, no puede imponer al Estado la necesidad de dejar de aplicar el 155 que se decidi\u00f3 entre tres partidos mayoritarios \u201cpara unir a partidos muy distintos en una situaci\u00f3n muy compleja\u201d. Para Maroto, el PNV no puede condicionar toda la pol\u00edtica nacional y los Presupuestos Generales del Estado, incluida la revalorizaci\u00f3n de las pensiones, por exigir que no se aplique el 155. \u201cLo razonable -ha continuado- es que esos tres mismos partidos respondan unidos para que el art\u00edculo, se pueda seguir aplicando y que esa no sea una excusa para no tener Presupuestos\u201d, ha explicado. \u201cNosotros seguimos erre que erre tratando de buscar la suma a trav\u00e9s de otras f\u00f3rmulas y l\u00f3gicamente ojal\u00e1 que podamos conseguir el apoyo del grupo nacionalista\u201d, ha se\u00f1alado. En este punto, el dirigente popular ha recordado que la uni\u00f3n de partidos rivales que en momentos dif\u00edciles se ponen de acuerdo \u201csiempre ha sido una receta de \u00e9xito\u201d: la Transici\u00f3n, el Pacto Antiterrorista o el Pacto de Toledo son ejemplos de ello.<\/p>\n<p>Para Maroto, si no hay una mayor\u00eda pol\u00edtica en el Congreso para sacar los Presupuestos,\u201d los ojos de muchas personas, los m\u00edos desde luego, mirar\u00e1n al PNV, que es capaz de tomar la decisi\u00f3n de gobernar s\u00f3lo para los que se sienten independentistas y no para el conjunto de vascos, que van a recibir inversiones en ese Presupuesto y se podr\u00edan quedar sin ellas s\u00f3lo por esa decisi\u00f3n\u201d. \u201cNosotros somos partidarios de que el PNV sea parte de la soluci\u00f3n y no parte del problema\u201d, ha recordado.<\/p>\n","protected":false},"excerpt":{"rendered":"<p>El vicesecretario de Pol\u00edtica Social y Sectorial del Partido Popular, Javier Maroto, ha pedido al Partido Socialista que en materia de Presupuestos \u201cse tome la pol\u00edtica nacional con un poco m\u00e1s de altura de miras y haga m\u00e1s pol\u00edtica de Estado\u201d. El vicesecretario popular ha recalcado que \u201csi estos PGE se diferencian de algo de [&hellip;]<\/p>\n","protected":false},"author":1,"featured_media":952336,"comment_status":"closed","ping_status":"closed","sticky":false,"template":"","format":"standard","meta":{"footnotes":""},"categories":[1],"tags":[],"class_list":["post-974854","post","type-post","status-publish","format-standard","has-post-thumbnail","hentry","category-actualidad"],"aioseo_notices":[],"aioseo_head":"\n\t\t<!-- All in One SEO Pro 5.0.1 - aioseo.com -->\n\t<meta name=\"description\" content=\"El vicesecretario de Pol\u00edtica Social y Sectorial del Partido Popular, Javier Maroto, ha pedido al Partido Socialista que en materia de Presupuestos \u201cse tome la pol\u00edtica nacional con un poco m\u00e1s de altura de miras y haga m\u00e1s pol\u00edtica de Estado\u201d. El vicesecretario popular ha recalcado que \u201csi estos PGE se diferencian de algo de\" \/>\n\t<meta name=\"robots\" content=\"max-image-preview:large\" \/>\n\t<meta name=\"author\" content=\"El Digital de Asturias\"\/>\n\t<meta name=\"google-site-verification\" content=\"UA-38556648-1\" \/>\n\t<meta name=\"msvalidate.01\" content=\"7dfe9f3f1b24437ab69f4f2559babe99\" \/>\n\t<meta name=\"keywords\" content=\"actualidad\" \/>\n\t<link rel=\"canonical\" href=\"https:\/\/www.eldigitaldeasturias.com\/noticias\/maroto-pide-al-psoe-altura-de-miras-y-mas-politica-de-estado\/\" \/>\n\t<meta name=\"generator\" content=\"All in One SEO Pro (AIOSEO) 5.0.1\" \/>\n\t\t<meta property=\"og:locale\" content=\"es_ES\" \/>\n\t\t<meta property=\"og:site_name\" content=\"El Digital de Asturias\" \/>\n\t\t<meta property=\"og:type\" content=\"article\" \/>\n\t\t<meta property=\"og:title\" content=\"Maroto pide al PSOE \u201caltura de miras y m\u00e1s pol\u00edtica de Estado\u201d - El Digital de Asturias\" \/>\n\t\t<meta property=\"og:description\" content=\"El vicesecretario de Pol\u00edtica Social y Sectorial del Partido Popular, Javier Maroto, ha pedido al Partido Socialista que en materia de Presupuestos \u201cse tome la pol\u00edtica nacional con un poco m\u00e1s de altura de miras y haga m\u00e1s pol\u00edtica de Estado\u201d. El vicesecretario popular ha recalcado que \u201csi estos PGE se diferencian de algo de\" \/>\n\t\t<meta property=\"og:url\" content=\"https:\/\/www.eldigitaldeasturias.com\/noticias\/maroto-pide-al-psoe-altura-de-miras-y-mas-politica-de-estado\/\" \/>\n\t\t<meta property=\"article:tag\" content=\"actualidad\" \/>\n\t\t<meta property=\"article:published_time\" content=\"2018-04-05T05:00:33+00:00\" \/>\n\t\t<meta property=\"article:modified_time\" content=\"2018-04-05T05:00:33+00:00\" \/>\n\t\t<meta property=\"article:publisher\" content=\"https:\/\/facebook.com\/eldigitaldeasturias\" \/>\n\t\t<meta name=\"twitter:card\" content=\"summary_large_image\" \/>\n\t\t<meta name=\"twitter:title\" content=\"Maroto pide al PSOE \u201caltura de miras y m\u00e1s pol\u00edtica de Estado\u201d - El Digital de Asturias\" \/>\n\t\t<meta name=\"twitter:description\" content=\"El vicesecretario de Pol\u00edtica Social y Sectorial del Partido Popular, Javier Maroto, ha pedido al Partido Socialista que en materia de Presupuestos \u201cse tome la pol\u00edtica nacional con un poco m\u00e1s de altura de miras y haga m\u00e1s pol\u00edtica de Estado\u201d. El vicesecretario popular ha recalcado que \u201csi estos PGE se diferencian de algo de\" \/>\n\t\t<meta name=\"twitter:image\" content=\"https:\/\/www.eldigitaldeasturias.com\/noticias\/wp-content\/uploads\/2020\/12\/EDA-1.jpg\" \/>\n\t\t<meta name=\"twitter:label1\" content=\"Escrito por\" \/>\n\t\t<meta name=\"twitter:data1\" content=\"El Digital de Asturias\" \/>\n\t\t<meta name=\"twitter:label2\" content=\"Tiempo de lectura estimado\" \/>\n\t\t<meta name=\"twitter:data2\" content=\"3 minutos\" \/>\n\t\t<script type=\"application\/ld+json\" class=\"aioseo-schema\">\n\t\t\t{\"@context\":\"https:\\\/\\\/schema.org\",\"@graph\":[{\"@type\":\"BlogPosting\",\"@id\":\"https:\\\/\\\/www.eldigitaldeasturias.com\\\/noticias\\\/maroto-pide-al-psoe-altura-de-miras-y-mas-politica-de-estado\\\/#blogposting\",\"name\":\"Maroto pide al PSOE \\u201caltura de miras y m\\u00e1s pol\\u00edtica de Estado\\u201d - El Digital de Asturias\",\"headline\":\"Maroto pide al PSOE \\u201caltura de miras y m\\u00e1s pol\\u00edtica de Estado\\u201d\",\"author\":{\"@id\":\"https:\\\/\\\/www.eldigitaldeasturias.com\\\/noticias\\\/author\\\/admin\\\/#author\"},\"publisher\":{\"@id\":\"https:\\\/\\\/www.eldigitaldeasturias.com\\\/noticias\\\/#organization\"},\"image\":{\"@type\":\"ImageObject\",\"url\":952336},\"datePublished\":\"2018-04-05T05:00:33+02:00\",\"dateModified\":\"2018-04-05T05:00:33+02:00\",\"inLanguage\":\"es-ES\",\"mainEntityOfPage\":{\"@id\":\"https:\\\/\\\/www.eldigitaldeasturias.com\\\/noticias\\\/maroto-pide-al-psoe-altura-de-miras-y-mas-politica-de-estado\\\/#webpage\"},\"isPartOf\":{\"@id\":\"https:\\\/\\\/www.eldigitaldeasturias.com\\\/noticias\\\/maroto-pide-al-psoe-altura-de-miras-y-mas-politica-de-estado\\\/#webpage\"},\"articleSection\":\"Actualidad\"},{\"@type\":\"BreadcrumbList\",\"@id\":\"https:\\\/\\\/www.eldigitaldeasturias.com\\\/noticias\\\/maroto-pide-al-psoe-altura-de-miras-y-mas-politica-de-estado\\\/#breadcrumblist\",\"itemListElement\":[{\"@type\":\"ListItem\",\"@id\":\"https:\\\/\\\/www.eldigitaldeasturias.com\\\/noticias#listItem\",\"position\":1,\"name\":\"Home\",\"item\":\"https:\\\/\\\/www.eldigitaldeasturias.com\\\/noticias\",\"nextItem\":{\"@type\":\"ListItem\",\"@id\":\"https:\\\/\\\/www.eldigitaldeasturias.com\\\/noticias\\\/category\\\/actualidad\\\/#listItem\",\"name\":\"Actualidad\"}},{\"@type\":\"ListItem\",\"@id\":\"https:\\\/\\\/www.eldigitaldeasturias.com\\\/noticias\\\/category\\\/actualidad\\\/#listItem\",\"position\":2,\"name\":\"Actualidad\",\"item\":\"https:\\\/\\\/www.eldigitaldeasturias.com\\\/noticias\\\/category\\\/actualidad\\\/\",\"nextItem\":{\"@type\":\"ListItem\",\"@id\":\"https:\\\/\\\/www.eldigitaldeasturias.com\\\/noticias\\\/maroto-pide-al-psoe-altura-de-miras-y-mas-politica-de-estado\\\/#listItem\",\"name\":\"Maroto pide al PSOE \\u201caltura de miras y m\\u00e1s pol\\u00edtica de Estado\\u201d\"},\"previousItem\":{\"@type\":\"ListItem\",\"@id\":\"https:\\\/\\\/www.eldigitaldeasturias.com\\\/noticias#listItem\",\"name\":\"Home\"}},{\"@type\":\"ListItem\",\"@id\":\"https:\\\/\\\/www.eldigitaldeasturias.com\\\/noticias\\\/maroto-pide-al-psoe-altura-de-miras-y-mas-politica-de-estado\\\/#listItem\",\"position\":3,\"name\":\"Maroto pide al PSOE \\u201caltura de miras y m\\u00e1s pol\\u00edtica de Estado\\u201d\",\"previousItem\":{\"@type\":\"ListItem\",\"@id\":\"https:\\\/\\\/www.eldigitaldeasturias.com\\\/noticias\\\/category\\\/actualidad\\\/#listItem\",\"name\":\"Actualidad\"}}]},{\"@type\":\"Organization\",\"@id\":\"https:\\\/\\\/www.eldigitaldeasturias.com\\\/noticias\\\/#organization\",\"name\":\"El Digital de Asturias\",\"description\":\"Hemeroteca\",\"url\":\"https:\\\/\\\/www.eldigitaldeasturias.com\\\/noticias\\\/\",\"email\":\"info@eldigitaldeasturias.com\",\"telephone\":\"+34652131393\",\"logo\":{\"@type\":\"ImageObject\",\"url\":\"https:\\\/\\\/www.eldigitaldeasturias.com\\\/noticias\\\/wp-content\\\/uploads\\\/2020\\\/12\\\/EDA.jpg\",\"@id\":\"https:\\\/\\\/www.eldigitaldeasturias.com\\\/noticias\\\/maroto-pide-al-psoe-altura-de-miras-y-mas-politica-de-estado\\\/#organizationLogo\"},\"image\":{\"@id\":\"https:\\\/\\\/www.eldigitaldeasturias.com\\\/noticias\\\/maroto-pide-al-psoe-altura-de-miras-y-mas-politica-de-estado\\\/#organizationLogo\"},\"sameAs\":[\"https:\\\/\\\/facebook.com\\\/eldigitaldeasturias\",\"https:\\\/\\\/www.youtube.com\\\/channel\\\/UCZP-2wLEB9Rv6erhFmqVnvg\"],\"address\":{\"@id\":\"https:\\\/\\\/www.eldigitaldeasturias.com\\\/noticias\\\/#postaladdress\",\"@type\":\"PostalAddress\",\"streetAddress\":\"san antonio 4\",\"postalCode\":\"33430\",\"addressLocality\":\"Cand\\u00e1s\",\"addressRegion\":\"Asturias\",\"addressCountry\":\"ES\"}},{\"@type\":\"Person\",\"@id\":\"https:\\\/\\\/www.eldigitaldeasturias.com\\\/noticias\\\/author\\\/admin\\\/#author\",\"url\":\"https:\\\/\\\/www.eldigitaldeasturias.com\\\/noticias\\\/author\\\/admin\\\/\",\"name\":\"El Digital de Asturias\",\"image\":{\"@type\":\"ImageObject\",\"@id\":\"https:\\\/\\\/www.eldigitaldeasturias.com\\\/noticias\\\/maroto-pide-al-psoe-altura-de-miras-y-mas-politica-de-estado\\\/#authorImage\",\"url\":\"https:\\\/\\\/secure.gravatar.com\\\/avatar\\\/df2aeffc32bcd13f8d26072ef8a91b623d677766deac7f97ca815868cd41bf5e?s=96&d=mm&r=g\",\"width\":96,\"height\":96,\"caption\":\"El Digital de Asturias\"}},{\"@type\":\"WebPage\",\"@id\":\"https:\\\/\\\/www.eldigitaldeasturias.com\\\/noticias\\\/maroto-pide-al-psoe-altura-de-miras-y-mas-politica-de-estado\\\/#webpage\",\"url\":\"https:\\\/\\\/www.eldigitaldeasturias.com\\\/noticias\\\/maroto-pide-al-psoe-altura-de-miras-y-mas-politica-de-estado\\\/\",\"name\":\"Maroto pide al PSOE \\u201caltura de miras y m\\u00e1s pol\\u00edtica de Estado\\u201d - El Digital de Asturias\",\"description\":\"El vicesecretario de Pol\\u00edtica Social y Sectorial del Partido Popular, Javier Maroto, ha pedido al Partido Socialista que en materia de Presupuestos \\u201cse tome la pol\\u00edtica nacional con un poco m\\u00e1s de altura de miras y haga m\\u00e1s pol\\u00edtica de Estado\\u201d. El vicesecretario popular ha recalcado que \\u201csi estos PGE se diferencian de algo de\",\"inLanguage\":\"es-ES\",\"isPartOf\":{\"@id\":\"https:\\\/\\\/www.eldigitaldeasturias.com\\\/noticias\\\/#website\"},\"breadcrumb\":{\"@id\":\"https:\\\/\\\/www.eldigitaldeasturias.com\\\/noticias\\\/maroto-pide-al-psoe-altura-de-miras-y-mas-politica-de-estado\\\/#breadcrumblist\"},\"author\":{\"@id\":\"https:\\\/\\\/www.eldigitaldeasturias.com\\\/noticias\\\/author\\\/admin\\\/#author\"},\"creator\":{\"@id\":\"https:\\\/\\\/www.eldigitaldeasturias.com\\\/noticias\\\/author\\\/admin\\\/#author\"},\"image\":{\"@type\":\"ImageObject\",\"url\":952336,\"@id\":\"https:\\\/\\\/www.eldigitaldeasturias.com\\\/noticias\\\/maroto-pide-al-psoe-altura-de-miras-y-mas-politica-de-estado\\\/#mainImage\"},\"primaryImageOfPage\":{\"@id\":\"https:\\\/\\\/www.eldigitaldeasturias.com\\\/noticias\\\/maroto-pide-al-psoe-altura-de-miras-y-mas-politica-de-estado\\\/#mainImage\"},\"datePublished\":\"2018-04-05T05:00:33+02:00\",\"dateModified\":\"2018-04-05T05:00:33+02:00\"},{\"@type\":\"WebSite\",\"@id\":\"https:\\\/\\\/www.eldigitaldeasturias.com\\\/noticias\\\/#website\",\"url\":\"https:\\\/\\\/www.eldigitaldeasturias.com\\\/noticias\\\/\",\"name\":\"El Digital de Asturias - Diario de actualidad y noticias\",\"alternateName\":\"El Digital de Asturias - Diario de actualidad y noticias\",\"description\":\"Hemeroteca\",\"inLanguage\":\"es-ES\",\"publisher\":{\"@id\":\"https:\\\/\\\/www.eldigitaldeasturias.com\\\/noticias\\\/#organization\"}}]}\n\t\t<\/script>\n\t\t<!-- All in One SEO Pro -->\r\n\t\t<title>Maroto pide al PSOE \u201caltura de miras y m\u00e1s pol\u00edtica de Estado\u201d - El Digital de Asturias<\/title>\n\n","aioseo_head_json":{"title":"Maroto pide al PSOE \u201caltura de miras y m\u00e1s pol\u00edtica de Estado\u201d - El Digital de Asturias","description":"El vicesecretario de Pol\u00edtica Social y Sectorial del Partido Popular, Javier Maroto, ha pedido al Partido Socialista que en materia de Presupuestos \u201cse tome la pol\u00edtica nacional con un poco m\u00e1s de altura de miras y haga m\u00e1s pol\u00edtica de Estado\u201d. El vicesecretario popular ha recalcado que \u201csi estos PGE se diferencian de algo de","canonical_url":"https:\/\/www.eldigitaldeasturias.com\/noticias\/maroto-pide-al-psoe-altura-de-miras-y-mas-politica-de-estado\/","robots":"max-image-preview:large","keywords":"actualidad","webmasterTools":{"google-site-verification":"UA-38556648-1","msvalidate.01":"7dfe9f3f1b24437ab69f4f2559babe99","miscellaneous":""},"schema":{"@context":"https:\/\/schema.org","@graph":[{"@type":"BlogPosting","@id":"https:\/\/www.eldigitaldeasturias.com\/noticias\/maroto-pide-al-psoe-altura-de-miras-y-mas-politica-de-estado\/#blogposting","name":"Maroto pide al PSOE \u201caltura de miras y m\u00e1s pol\u00edtica de Estado\u201d - El Digital de Asturias","headline":"Maroto pide al PSOE \u201caltura de miras y m\u00e1s pol\u00edtica de Estado\u201d","author":{"@id":"https:\/\/www.eldigitaldeasturias.com\/noticias\/author\/admin\/#author"},"publisher":{"@id":"https:\/\/www.eldigitaldeasturias.com\/noticias\/#organization"},"image":{"@type":"ImageObject","url":952336},"datePublished":"2018-04-05T05:00:33+02:00","dateModified":"2018-04-05T05:00:33+02:00","inLanguage":"es-ES","mainEntityOfPage":{"@id":"https:\/\/www.eldigitaldeasturias.com\/noticias\/maroto-pide-al-psoe-altura-de-miras-y-mas-politica-de-estado\/#webpage"},"isPartOf":{"@id":"https:\/\/www.eldigitaldeasturias.com\/noticias\/maroto-pide-al-psoe-altura-de-miras-y-mas-politica-de-estado\/#webpage"},"articleSection":"Actualidad"},{"@type":"BreadcrumbList","@id":"https:\/\/www.eldigitaldeasturias.com\/noticias\/maroto-pide-al-psoe-altura-de-miras-y-mas-politica-de-estado\/#breadcrumblist","itemListElement":[{"@type":"ListItem","@id":"https:\/\/www.eldigitaldeasturias.com\/noticias#listItem","position":1,"name":"Home","item":"https:\/\/www.eldigitaldeasturias.com\/noticias","nextItem":{"@type":"ListItem","@id":"https:\/\/www.eldigitaldeasturias.com\/noticias\/category\/actualidad\/#listItem","name":"Actualidad"}},{"@type":"ListItem","@id":"https:\/\/www.eldigitaldeasturias.com\/noticias\/category\/actualidad\/#listItem","position":2,"name":"Actualidad","item":"https:\/\/www.eldigitaldeasturias.com\/noticias\/category\/actualidad\/","nextItem":{"@type":"ListItem","@id":"https:\/\/www.eldigitaldeasturias.com\/noticias\/maroto-pide-al-psoe-altura-de-miras-y-mas-politica-de-estado\/#listItem","name":"Maroto pide al PSOE \u201caltura de miras y m\u00e1s pol\u00edtica de Estado\u201d"},"previousItem":{"@type":"ListItem","@id":"https:\/\/www.eldigitaldeasturias.com\/noticias#listItem","name":"Home"}},{"@type":"ListItem","@id":"https:\/\/www.eldigitaldeasturias.com\/noticias\/maroto-pide-al-psoe-altura-de-miras-y-mas-politica-de-estado\/#listItem","position":3,"name":"Maroto pide al PSOE \u201caltura de miras y m\u00e1s pol\u00edtica de Estado\u201d","previousItem":{"@type":"ListItem","@id":"https:\/\/www.eldigitaldeasturias.com\/noticias\/category\/actualidad\/#listItem","name":"Actualidad"}}]},{"@type":"Organization","@id":"https:\/\/www.eldigitaldeasturias.com\/noticias\/#organization","name":"El Digital de Asturias","description":"Hemeroteca","url":"https:\/\/www.eldigitaldeasturias.com\/noticias\/","email":"info@eldigitaldeasturias.com","telephone":"+34652131393","logo":{"@type":"ImageObject","url":"https:\/\/www.eldigitaldeasturias.com\/noticias\/wp-content\/uploads\/2020\/12\/EDA.jpg","@id":"https:\/\/www.eldigitaldeasturias.com\/noticias\/maroto-pide-al-psoe-altura-de-miras-y-mas-politica-de-estado\/#organizationLogo"},"image":{"@id":"https:\/\/www.eldigitaldeasturias.com\/noticias\/maroto-pide-al-psoe-altura-de-miras-y-mas-politica-de-estado\/#organizationLogo"},"sameAs":["https:\/\/facebook.com\/eldigitaldeasturias","https:\/\/www.youtube.com\/channel\/UCZP-2wLEB9Rv6erhFmqVnvg"],"address":{"@id":"https:\/\/www.eldigitaldeasturias.com\/noticias\/#postaladdress","@type":"PostalAddress","streetAddress":"san antonio 4","postalCode":"33430","addressLocality":"Cand\u00e1s","addressRegion":"Asturias","addressCountry":"ES"}},{"@type":"Person","@id":"https:\/\/www.eldigitaldeasturias.com\/noticias\/author\/admin\/#author","url":"https:\/\/www.eldigitaldeasturias.com\/noticias\/author\/admin\/","name":"El Digital de Asturias","image":{"@type":"ImageObject","@id":"https:\/\/www.eldigitaldeasturias.com\/noticias\/maroto-pide-al-psoe-altura-de-miras-y-mas-politica-de-estado\/#authorImage","url":"https:\/\/secure.gravatar.com\/avatar\/df2aeffc32bcd13f8d26072ef8a91b623d677766deac7f97ca815868cd41bf5e?s=96&d=mm&r=g","width":96,"height":96,"caption":"El Digital de Asturias"}},{"@type":"WebPage","@id":"https:\/\/www.eldigitaldeasturias.com\/noticias\/maroto-pide-al-psoe-altura-de-miras-y-mas-politica-de-estado\/#webpage","url":"https:\/\/www.eldigitaldeasturias.com\/noticias\/maroto-pide-al-psoe-altura-de-miras-y-mas-politica-de-estado\/","name":"Maroto pide al PSOE \u201caltura de miras y m\u00e1s pol\u00edtica de Estado\u201d - El Digital de Asturias","description":"El vicesecretario de Pol\u00edtica Social y Sectorial del Partido Popular, Javier Maroto, ha pedido al Partido Socialista que en materia de Presupuestos \u201cse tome la pol\u00edtica nacional con un poco m\u00e1s de altura de miras y haga m\u00e1s pol\u00edtica de Estado\u201d. El vicesecretario popular ha recalcado que \u201csi estos PGE se diferencian de algo de","inLanguage":"es-ES","isPartOf":{"@id":"https:\/\/www.eldigitaldeasturias.com\/noticias\/#website"},"breadcrumb":{"@id":"https:\/\/www.eldigitaldeasturias.com\/noticias\/maroto-pide-al-psoe-altura-de-miras-y-mas-politica-de-estado\/#breadcrumblist"},"author":{"@id":"https:\/\/www.eldigitaldeasturias.com\/noticias\/author\/admin\/#author"},"creator":{"@id":"https:\/\/www.eldigitaldeasturias.com\/noticias\/author\/admin\/#author"},"image":{"@type":"ImageObject","url":952336,"@id":"https:\/\/www.eldigitaldeasturias.com\/noticias\/maroto-pide-al-psoe-altura-de-miras-y-mas-politica-de-estado\/#mainImage"},"primaryImageOfPage":{"@id":"https:\/\/www.eldigitaldeasturias.com\/noticias\/maroto-pide-al-psoe-altura-de-miras-y-mas-politica-de-estado\/#mainImage"},"datePublished":"2018-04-05T05:00:33+02:00","dateModified":"2018-04-05T05:00:33+02:00"},{"@type":"WebSite","@id":"https:\/\/www.eldigitaldeasturias.com\/noticias\/#website","url":"https:\/\/www.eldigitaldeasturias.com\/noticias\/","name":"El Digital de Asturias - Diario de actualidad y noticias","alternateName":"El Digital de Asturias - Diario de actualidad y noticias","description":"Hemeroteca","inLanguage":"es-ES","publisher":{"@id":"https:\/\/www.eldigitaldeasturias.com\/noticias\/#organization"}}]},"og:locale":"es_ES","og:site_name":"El Digital de Asturias","og:type":"article","og:title":"Maroto pide al PSOE \u201caltura de miras y m\u00e1s pol\u00edtica de Estado\u201d - El Digital de Asturias","og:description":"El vicesecretario de Pol\u00edtica Social y Sectorial del Partido Popular, Javier Maroto, ha pedido al Partido Socialista que en materia de Presupuestos \u201cse tome la pol\u00edtica nacional con un poco m\u00e1s de altura de miras y haga m\u00e1s pol\u00edtica de Estado\u201d. El vicesecretario popular ha recalcado que \u201csi estos PGE se diferencian de algo de","og:url":"https:\/\/www.eldigitaldeasturias.com\/noticias\/maroto-pide-al-psoe-altura-de-miras-y-mas-politica-de-estado\/","article:tag":["actualidad"],"article:published_time":"2018-04-05T05:00:33+00:00","article:modified_time":"2018-04-05T05:00:33+00:00","article:publisher":"https:\/\/facebook.com\/eldigitaldeasturias","twitter:card":"summary_large_image","twitter:title":"Maroto pide al PSOE \u201caltura de miras y m\u00e1s pol\u00edtica de Estado\u201d - El Digital de Asturias","twitter:description":"El vicesecretario de Pol\u00edtica Social y Sectorial del Partido Popular, Javier Maroto, ha pedido al Partido Socialista que en materia de Presupuestos \u201cse tome la pol\u00edtica nacional con un poco m\u00e1s de altura de miras y haga m\u00e1s pol\u00edtica de Estado\u201d. El vicesecretario popular ha recalcado que \u201csi estos PGE se diferencian de algo de","twitter:image":"https:\/\/www.eldigitaldeasturias.com\/noticias\/wp-content\/uploads\/2020\/12\/EDA-1.jpg","twitter:label1":"Escrito por","twitter:data1":"El Digital de Asturias","twitter:label2":"Tiempo de lectura estimado","twitter:data2":"3 minutos"},"aioseo_meta_data":{"post_id":"974854","title":null,"description":null,"keywords":null,"keyphrases":null,"primary_term":null,"canonical_url":null,"og_title":null,"og_description":null,"og_object_type":"default","og_image_type":"default","og_image_url":null,"og_image_width":null,"og_image_height":null,"og_image_custom_url":null,"og_image_custom_fields":null,"og_video":null,"og_custom_url":null,"og_article_section":null,"og_article_tags":null,"twitter_use_og":false,"twitter_card":"default","twitter_image_type":"default","twitter_image_url":null,"twitter_image_custom_url":null,"twitter_image_custom_fields":null,"twitter_title":null,"twitter_description":null,"schema":{"blockGraphs":[],"customGraphs":[],"default":{"data":{"Article":[],"Course":[],"Dataset":[],"FAQPage":[],"Movie":[],"Person":[],"Product":[],"ProductReview":[],"Car":[],"Recipe":[],"Service":[],"SoftwareApplication":[],"WebPage":[]},"graphName":"","isEnabled":true},"graphs":[],"defaultGraph":"","defaultPostTypeGraph":""},"schema_type":null,"schema_type_options":null,"pillar_content":false,"robots_default":true,"robots_noindex":false,"robots_noarchive":false,"robots_nosnippet":false,"robots_nofollow":false,"robots_noimageindex":false,"robots_noodp":false,"robots_notranslate":false,"robots_max_snippet":null,"robots_max_videopreview":null,"robots_max_imagepreview":"large","priority":null,"frequency":null,"local_seo":null,"seo_analyzer_scan_date":"2025-10-07 21:43:06","breadcrumb_settings":null,"limit_modified_date":false,"open_ai":null,"ai":null,"created":"2020-12-21 12:12:39","updated":"2025-10-07 21:43:06","focus_keyword":null,"additional_keywords":null,"truseo_locale":null},"aioseo_breadcrumb":"<div class=\"aioseo-breadcrumbs\"><span class=\"aioseo-breadcrumb\">\n\t<a href=\"https:\/\/www.eldigitaldeasturias.com\/noticias\" title=\"Home\">Home<\/a>\n<\/span><span class=\"aioseo-breadcrumb-separator\">\u2013<\/span><span class=\"aioseo-breadcrumb\">\n\t<a href=\"https:\/\/www.eldigitaldeasturias.com\/noticias\/category\/actualidad\/\" title=\"Actualidad\">Actualidad<\/a>\n<\/span><span class=\"aioseo-breadcrumb-separator\">\u2013<\/span><span class=\"aioseo-breadcrumb\">\n\t<a href=\"https:\/\/www.eldigitaldeasturias.com\/noticias\/maroto-pide-al-psoe-altura-de-miras-y-mas-politica-de-estado\/\" title=\"Maroto pide al PSOE \u201caltura de miras y m\u00e1s pol\u00edtica de Estado\u201d\">Maroto pide al PSOE \u201caltura de miras y m\u00e1s pol\u00edtica de Estado\u201d<\/a>\n<\/span><\/div>","aioseo_breadcrumb_json":[{"label":"Home","link":"https:\/\/www.eldigitaldeasturias.com\/noticias"},{"label":"Actualidad","link":"https:\/\/www.eldigitaldeasturias.com\/noticias\/category\/actualidad\/"},{"label":"Maroto pide al PSOE \u201caltura de miras y m\u00e1s pol\u00edtica de Estado\u201d","link":"https:\/\/www.eldigitaldeasturias.com\/noticias\/maroto-pide-al-psoe-altura-de-miras-y-mas-politica-de-estado\/"}],"_links":{"self":[{"href":"https:\/\/www.eldigitaldeasturias.com\/noticias\/wp-json\/wp\/v2\/posts\/974854","targetHints":{"allow":["GET"]}}],"collection":[{"href":"https:\/\/www.eldigitaldeasturias.com\/noticias\/wp-json\/wp\/v2\/posts"}],"about":[{"href":"https:\/\/www.eldigitaldeasturias.com\/noticias\/wp-json\/wp\/v2\/types\/post"}],"author":[{"embeddable":true,"href":"https:\/\/www.eldigitaldeasturias.com\/noticias\/wp-json\/wp\/v2\/users\/1"}],"replies":[{"embeddable":true,"href":"https:\/\/www.eldigitaldeasturias.com\/noticias\/wp-json\/wp\/v2\/comments?post=974854"}],"version-history":[{"count":0,"href":"https:\/\/www.eldigitaldeasturias.com\/noticias\/wp-json\/wp\/v2\/posts\/974854\/revisions"}],"wp:attachment":[{"href":"https:\/\/www.eldigitaldeasturias.com\/noticias\/wp-json\/wp\/v2\/media?parent=974854"}],"wp:term":[{"taxonomy":"category","embeddable":true,"href":"https:\/\/www.eldigitaldeasturias.com\/noticias\/wp-json\/wp\/v2\/categories?post=974854"},{"taxonomy":"post_tag","embeddable":true,"href":"https:\/\/www.eldigitaldeasturias.com\/noticias\/wp-json\/wp\/v2\/tags?post=974854"}],"curies":[{"name":"wp","href":"https:\/\/api.w.org\/{rel}","templated":true}]}}