{"id":974847,"date":"2018-04-05T04:32:53","date_gmt":"2018-04-05T04:32:53","guid":{"rendered":"http:\/\/www.eldigitaldeasturias.com\/noticias\/?p=974847"},"modified":"2018-04-05T04:32:53","modified_gmt":"2018-04-05T04:32:53","slug":"andalucia-cumplira-su-parte-del-pacto-contra-la-violencia-de-genero","status":"publish","type":"post","link":"https:\/\/www.eldigitaldeasturias.com\/noticias\/andalucia-cumplira-su-parte-del-pacto-contra-la-violencia-de-genero\/","title":{"rendered":"Andaluc\u00eda cumplir\u00e1 su parte del Pacto contra la Violencia de G\u00e9nero"},"content":{"rendered":"<p><img loading=\"lazy\" decoding=\"async\" class=\"alignleft size-medium wp-image-952192\" src=\"https:\/\/www.eldigitaldeasturias.com\/noticias\/wp-content\/uploads\/2017\/09\/Susana-360x221.jpg\" alt=\"\" width=\"360\" height=\"221\" \/>La presidenta de la Junta de Andaluc\u00eda, Susana D\u00edaz, ha destacado que Andaluc\u00eda cumplir\u00e1 su parte del Pacto contra la Violencia de G\u00e9nero y reclamar\u00e1 al Gobierno que tambi\u00e9n lo haga. As\u00ed ha respondido en rueda de prensa, durante la cual ha garantizado que el Gobierno andaluz pondr\u00e1 la parte que le corresponda para el desarrollo del Pacto de Estado.<\/p>\n<p>Susana D\u00edaz ha tildado de \u00abirresponsable\u00bb la falta de compromiso del Gobierno, teniendo en cuenta que el proyecto de Ley de Presupuestos Generales del Estado (PGE) para 2018 consigna una partida de 80 millones de euros, muy lejos de los 200 millones de euros comprometidos. La inversi\u00f3n restante la deben aportar las comunidades aut\u00f3nomas, tal y como ha establecido el Gobierno. \u00abEstamos hablando de la seguridad y vida de las mujeres\u00bb, remarc\u00f3 la presidenta, quien insisti\u00f3 en que estamos ante uno de los temas \u00aben los que no se puede fallar\u00bb.<\/p>\n<p>D\u00edaz ha se\u00f1alado que \u00abdesde el principio el Gobierno no cre\u00eda en el Pacto contra la Violencia de G\u00e9nero y fueron arrastrados por la evidencia que hab\u00eda en este pa\u00eds de llegar a un acuerdo\u00bb, mientras que Andaluc\u00eda ya llevaba dos a\u00f1os plante\u00e1ndolo.<\/p>\n","protected":false},"excerpt":{"rendered":"<p>La presidenta de la Junta de Andaluc\u00eda, Susana D\u00edaz, ha destacado que Andaluc\u00eda cumplir\u00e1 su parte del Pacto contra la Violencia de G\u00e9nero y reclamar\u00e1 al Gobierno que tambi\u00e9n lo haga. As\u00ed ha respondido en rueda de prensa, durante la cual ha garantizado que el Gobierno andaluz pondr\u00e1 la parte que le corresponda para el [&hellip;]<\/p>\n","protected":false},"author":1,"featured_media":952192,"comment_status":"closed","ping_status":"closed","sticky":false,"template":"","format":"standard","meta":{"footnotes":""},"categories":[1],"tags":[],"class_list":["post-974847","post","type-post","status-publish","format-standard","has-post-thumbnail","hentry","category-actualidad"],"aioseo_notices":[],"aioseo_head":"\n\t\t<!-- All in One SEO Pro 5.0.1 - aioseo.com -->\n\t<meta name=\"description\" content=\"La presidenta de la Junta de Andaluc\u00eda, Susana D\u00edaz, ha destacado que Andaluc\u00eda cumplir\u00e1 su parte del Pacto contra la Violencia de G\u00e9nero y reclamar\u00e1 al Gobierno que tambi\u00e9n lo haga. As\u00ed ha respondido en rueda de prensa, durante la cual ha garantizado que el Gobierno andaluz pondr\u00e1 la parte que le corresponda para el\" \/>\n\t<meta name=\"robots\" content=\"max-image-preview:large\" \/>\n\t<meta name=\"author\" content=\"El Digital de Asturias\"\/>\n\t<meta name=\"google-site-verification\" content=\"UA-38556648-1\" \/>\n\t<meta name=\"msvalidate.01\" content=\"7dfe9f3f1b24437ab69f4f2559babe99\" \/>\n\t<meta name=\"keywords\" content=\"actualidad\" \/>\n\t<link rel=\"canonical\" href=\"https:\/\/www.eldigitaldeasturias.com\/noticias\/andalucia-cumplira-su-parte-del-pacto-contra-la-violencia-de-genero\/\" \/>\n\t<meta name=\"generator\" content=\"All in One SEO Pro (AIOSEO) 5.0.1\" \/>\n\t\t<meta property=\"og:locale\" content=\"es_ES\" \/>\n\t\t<meta property=\"og:site_name\" content=\"El Digital de Asturias\" \/>\n\t\t<meta property=\"og:type\" content=\"article\" \/>\n\t\t<meta property=\"og:title\" content=\"Andaluc\u00eda cumplir\u00e1 su parte del Pacto contra la Violencia de G\u00e9nero - El Digital de Asturias\" \/>\n\t\t<meta property=\"og:description\" content=\"La presidenta de la Junta de Andaluc\u00eda, Susana D\u00edaz, ha destacado que Andaluc\u00eda cumplir\u00e1 su parte del Pacto contra la Violencia de G\u00e9nero y reclamar\u00e1 al Gobierno que tambi\u00e9n lo haga. As\u00ed ha respondido en rueda de prensa, durante la cual ha garantizado que el Gobierno andaluz pondr\u00e1 la parte que le corresponda para el\" \/>\n\t\t<meta property=\"og:url\" content=\"https:\/\/www.eldigitaldeasturias.com\/noticias\/andalucia-cumplira-su-parte-del-pacto-contra-la-violencia-de-genero\/\" \/>\n\t\t<meta property=\"article:tag\" content=\"actualidad\" \/>\n\t\t<meta property=\"article:published_time\" content=\"2018-04-05T04:32:53+00:00\" \/>\n\t\t<meta property=\"article:modified_time\" content=\"2018-04-05T04:32:53+00:00\" \/>\n\t\t<meta property=\"article:publisher\" content=\"https:\/\/facebook.com\/eldigitaldeasturias\" \/>\n\t\t<meta name=\"twitter:card\" content=\"summary_large_image\" \/>\n\t\t<meta name=\"twitter:title\" content=\"Andaluc\u00eda cumplir\u00e1 su parte del Pacto contra la Violencia de G\u00e9nero - El Digital de Asturias\" \/>\n\t\t<meta name=\"twitter:description\" content=\"La presidenta de la Junta de Andaluc\u00eda, Susana D\u00edaz, ha destacado que Andaluc\u00eda cumplir\u00e1 su parte del Pacto contra la Violencia de G\u00e9nero y reclamar\u00e1 al Gobierno que tambi\u00e9n lo haga. As\u00ed ha respondido en rueda de prensa, durante la cual ha garantizado que el Gobierno andaluz pondr\u00e1 la parte que le corresponda para el\" \/>\n\t\t<meta name=\"twitter:image\" content=\"https:\/\/www.eldigitaldeasturias.com\/noticias\/wp-content\/uploads\/2020\/12\/EDA-1.jpg\" \/>\n\t\t<meta name=\"twitter:label1\" content=\"Escrito por\" \/>\n\t\t<meta name=\"twitter:data1\" content=\"El Digital de Asturias\" \/>\n\t\t<meta name=\"twitter:label2\" content=\"Tiempo de lectura estimado\" \/>\n\t\t<meta name=\"twitter:data2\" content=\"1 minuto\" \/>\n\t\t<script type=\"application\/ld+json\" class=\"aioseo-schema\">\n\t\t\t{\"@context\":\"https:\\\/\\\/schema.org\",\"@graph\":[{\"@type\":\"BlogPosting\",\"@id\":\"https:\\\/\\\/www.eldigitaldeasturias.com\\\/noticias\\\/andalucia-cumplira-su-parte-del-pacto-contra-la-violencia-de-genero\\\/#blogposting\",\"name\":\"Andaluc\\u00eda cumplir\\u00e1 su parte del Pacto contra la Violencia de G\\u00e9nero - El Digital de Asturias\",\"headline\":\"Andaluc\\u00eda cumplir\\u00e1 su parte del Pacto contra la Violencia de G\\u00e9nero\",\"author\":{\"@id\":\"https:\\\/\\\/www.eldigitaldeasturias.com\\\/noticias\\\/author\\\/admin\\\/#author\"},\"publisher\":{\"@id\":\"https:\\\/\\\/www.eldigitaldeasturias.com\\\/noticias\\\/#organization\"},\"image\":{\"@type\":\"ImageObject\",\"url\":952192},\"datePublished\":\"2018-04-05T04:32:53+02:00\",\"dateModified\":\"2018-04-05T04:32:53+02:00\",\"inLanguage\":\"es-ES\",\"mainEntityOfPage\":{\"@id\":\"https:\\\/\\\/www.eldigitaldeasturias.com\\\/noticias\\\/andalucia-cumplira-su-parte-del-pacto-contra-la-violencia-de-genero\\\/#webpage\"},\"isPartOf\":{\"@id\":\"https:\\\/\\\/www.eldigitaldeasturias.com\\\/noticias\\\/andalucia-cumplira-su-parte-del-pacto-contra-la-violencia-de-genero\\\/#webpage\"},\"articleSection\":\"Actualidad\"},{\"@type\":\"BreadcrumbList\",\"@id\":\"https:\\\/\\\/www.eldigitaldeasturias.com\\\/noticias\\\/andalucia-cumplira-su-parte-del-pacto-contra-la-violencia-de-genero\\\/#breadcrumblist\",\"itemListElement\":[{\"@type\":\"ListItem\",\"@id\":\"https:\\\/\\\/www.eldigitaldeasturias.com\\\/noticias#listItem\",\"position\":1,\"name\":\"Home\",\"item\":\"https:\\\/\\\/www.eldigitaldeasturias.com\\\/noticias\",\"nextItem\":{\"@type\":\"ListItem\",\"@id\":\"https:\\\/\\\/www.eldigitaldeasturias.com\\\/noticias\\\/category\\\/actualidad\\\/#listItem\",\"name\":\"Actualidad\"}},{\"@type\":\"ListItem\",\"@id\":\"https:\\\/\\\/www.eldigitaldeasturias.com\\\/noticias\\\/category\\\/actualidad\\\/#listItem\",\"position\":2,\"name\":\"Actualidad\",\"item\":\"https:\\\/\\\/www.eldigitaldeasturias.com\\\/noticias\\\/category\\\/actualidad\\\/\",\"nextItem\":{\"@type\":\"ListItem\",\"@id\":\"https:\\\/\\\/www.eldigitaldeasturias.com\\\/noticias\\\/andalucia-cumplira-su-parte-del-pacto-contra-la-violencia-de-genero\\\/#listItem\",\"name\":\"Andaluc\\u00eda cumplir\\u00e1 su parte del Pacto contra la Violencia de G\\u00e9nero\"},\"previousItem\":{\"@type\":\"ListItem\",\"@id\":\"https:\\\/\\\/www.eldigitaldeasturias.com\\\/noticias#listItem\",\"name\":\"Home\"}},{\"@type\":\"ListItem\",\"@id\":\"https:\\\/\\\/www.eldigitaldeasturias.com\\\/noticias\\\/andalucia-cumplira-su-parte-del-pacto-contra-la-violencia-de-genero\\\/#listItem\",\"position\":3,\"name\":\"Andaluc\\u00eda cumplir\\u00e1 su parte del Pacto contra la Violencia de G\\u00e9nero\",\"previousItem\":{\"@type\":\"ListItem\",\"@id\":\"https:\\\/\\\/www.eldigitaldeasturias.com\\\/noticias\\\/category\\\/actualidad\\\/#listItem\",\"name\":\"Actualidad\"}}]},{\"@type\":\"Organization\",\"@id\":\"https:\\\/\\\/www.eldigitaldeasturias.com\\\/noticias\\\/#organization\",\"name\":\"El Digital de Asturias\",\"description\":\"Hemeroteca\",\"url\":\"https:\\\/\\\/www.eldigitaldeasturias.com\\\/noticias\\\/\",\"email\":\"info@eldigitaldeasturias.com\",\"telephone\":\"+34652131393\",\"logo\":{\"@type\":\"ImageObject\",\"url\":\"https:\\\/\\\/www.eldigitaldeasturias.com\\\/noticias\\\/wp-content\\\/uploads\\\/2020\\\/12\\\/EDA.jpg\",\"@id\":\"https:\\\/\\\/www.eldigitaldeasturias.com\\\/noticias\\\/andalucia-cumplira-su-parte-del-pacto-contra-la-violencia-de-genero\\\/#organizationLogo\"},\"image\":{\"@id\":\"https:\\\/\\\/www.eldigitaldeasturias.com\\\/noticias\\\/andalucia-cumplira-su-parte-del-pacto-contra-la-violencia-de-genero\\\/#organizationLogo\"},\"sameAs\":[\"https:\\\/\\\/facebook.com\\\/eldigitaldeasturias\",\"https:\\\/\\\/www.youtube.com\\\/channel\\\/UCZP-2wLEB9Rv6erhFmqVnvg\"],\"address\":{\"@id\":\"https:\\\/\\\/www.eldigitaldeasturias.com\\\/noticias\\\/#postaladdress\",\"@type\":\"PostalAddress\",\"streetAddress\":\"san antonio 4\",\"postalCode\":\"33430\",\"addressLocality\":\"Cand\\u00e1s\",\"addressRegion\":\"Asturias\",\"addressCountry\":\"ES\"}},{\"@type\":\"Person\",\"@id\":\"https:\\\/\\\/www.eldigitaldeasturias.com\\\/noticias\\\/author\\\/admin\\\/#author\",\"url\":\"https:\\\/\\\/www.eldigitaldeasturias.com\\\/noticias\\\/author\\\/admin\\\/\",\"name\":\"El Digital de Asturias\",\"image\":{\"@type\":\"ImageObject\",\"@id\":\"https:\\\/\\\/www.eldigitaldeasturias.com\\\/noticias\\\/andalucia-cumplira-su-parte-del-pacto-contra-la-violencia-de-genero\\\/#authorImage\",\"url\":\"https:\\\/\\\/secure.gravatar.com\\\/avatar\\\/df2aeffc32bcd13f8d26072ef8a91b623d677766deac7f97ca815868cd41bf5e?s=96&d=mm&r=g\",\"width\":96,\"height\":96,\"caption\":\"El Digital de Asturias\"}},{\"@type\":\"WebPage\",\"@id\":\"https:\\\/\\\/www.eldigitaldeasturias.com\\\/noticias\\\/andalucia-cumplira-su-parte-del-pacto-contra-la-violencia-de-genero\\\/#webpage\",\"url\":\"https:\\\/\\\/www.eldigitaldeasturias.com\\\/noticias\\\/andalucia-cumplira-su-parte-del-pacto-contra-la-violencia-de-genero\\\/\",\"name\":\"Andaluc\\u00eda cumplir\\u00e1 su parte del Pacto contra la Violencia de G\\u00e9nero - El Digital de Asturias\",\"description\":\"La presidenta de la Junta de Andaluc\\u00eda, Susana D\\u00edaz, ha destacado que Andaluc\\u00eda cumplir\\u00e1 su parte del Pacto contra la Violencia de G\\u00e9nero y reclamar\\u00e1 al Gobierno que tambi\\u00e9n lo haga. As\\u00ed ha respondido en rueda de prensa, durante la cual ha garantizado que el Gobierno andaluz pondr\\u00e1 la parte que le corresponda para el\",\"inLanguage\":\"es-ES\",\"isPartOf\":{\"@id\":\"https:\\\/\\\/www.eldigitaldeasturias.com\\\/noticias\\\/#website\"},\"breadcrumb\":{\"@id\":\"https:\\\/\\\/www.eldigitaldeasturias.com\\\/noticias\\\/andalucia-cumplira-su-parte-del-pacto-contra-la-violencia-de-genero\\\/#breadcrumblist\"},\"author\":{\"@id\":\"https:\\\/\\\/www.eldigitaldeasturias.com\\\/noticias\\\/author\\\/admin\\\/#author\"},\"creator\":{\"@id\":\"https:\\\/\\\/www.eldigitaldeasturias.com\\\/noticias\\\/author\\\/admin\\\/#author\"},\"image\":{\"@type\":\"ImageObject\",\"url\":952192,\"@id\":\"https:\\\/\\\/www.eldigitaldeasturias.com\\\/noticias\\\/andalucia-cumplira-su-parte-del-pacto-contra-la-violencia-de-genero\\\/#mainImage\"},\"primaryImageOfPage\":{\"@id\":\"https:\\\/\\\/www.eldigitaldeasturias.com\\\/noticias\\\/andalucia-cumplira-su-parte-del-pacto-contra-la-violencia-de-genero\\\/#mainImage\"},\"datePublished\":\"2018-04-05T04:32:53+02:00\",\"dateModified\":\"2018-04-05T04:32:53+02:00\"},{\"@type\":\"WebSite\",\"@id\":\"https:\\\/\\\/www.eldigitaldeasturias.com\\\/noticias\\\/#website\",\"url\":\"https:\\\/\\\/www.eldigitaldeasturias.com\\\/noticias\\\/\",\"name\":\"El Digital de Asturias - Diario de actualidad y noticias\",\"alternateName\":\"El Digital de Asturias - Diario de actualidad y noticias\",\"description\":\"Hemeroteca\",\"inLanguage\":\"es-ES\",\"publisher\":{\"@id\":\"https:\\\/\\\/www.eldigitaldeasturias.com\\\/noticias\\\/#organization\"}}]}\n\t\t<\/script>\n\t\t<!-- All in One SEO Pro -->\r\n\t\t<title>Andaluc\u00eda cumplir\u00e1 su parte del Pacto contra la Violencia de G\u00e9nero - El Digital de Asturias<\/title>\n\n","aioseo_head_json":{"title":"Andaluc\u00eda cumplir\u00e1 su parte del Pacto contra la Violencia de G\u00e9nero - El Digital de Asturias","description":"La presidenta de la Junta de Andaluc\u00eda, Susana D\u00edaz, ha destacado que Andaluc\u00eda cumplir\u00e1 su parte del Pacto contra la Violencia de G\u00e9nero y reclamar\u00e1 al Gobierno que tambi\u00e9n lo haga. As\u00ed ha respondido en rueda de prensa, durante la cual ha garantizado que el Gobierno andaluz pondr\u00e1 la parte que le corresponda para el","canonical_url":"https:\/\/www.eldigitaldeasturias.com\/noticias\/andalucia-cumplira-su-parte-del-pacto-contra-la-violencia-de-genero\/","robots":"max-image-preview:large","keywords":"actualidad","webmasterTools":{"google-site-verification":"UA-38556648-1","msvalidate.01":"7dfe9f3f1b24437ab69f4f2559babe99","miscellaneous":""},"schema":{"@context":"https:\/\/schema.org","@graph":[{"@type":"BlogPosting","@id":"https:\/\/www.eldigitaldeasturias.com\/noticias\/andalucia-cumplira-su-parte-del-pacto-contra-la-violencia-de-genero\/#blogposting","name":"Andaluc\u00eda cumplir\u00e1 su parte del Pacto contra la Violencia de G\u00e9nero - El Digital de Asturias","headline":"Andaluc\u00eda cumplir\u00e1 su parte del Pacto contra la Violencia de G\u00e9nero","author":{"@id":"https:\/\/www.eldigitaldeasturias.com\/noticias\/author\/admin\/#author"},"publisher":{"@id":"https:\/\/www.eldigitaldeasturias.com\/noticias\/#organization"},"image":{"@type":"ImageObject","url":952192},"datePublished":"2018-04-05T04:32:53+02:00","dateModified":"2018-04-05T04:32:53+02:00","inLanguage":"es-ES","mainEntityOfPage":{"@id":"https:\/\/www.eldigitaldeasturias.com\/noticias\/andalucia-cumplira-su-parte-del-pacto-contra-la-violencia-de-genero\/#webpage"},"isPartOf":{"@id":"https:\/\/www.eldigitaldeasturias.com\/noticias\/andalucia-cumplira-su-parte-del-pacto-contra-la-violencia-de-genero\/#webpage"},"articleSection":"Actualidad"},{"@type":"BreadcrumbList","@id":"https:\/\/www.eldigitaldeasturias.com\/noticias\/andalucia-cumplira-su-parte-del-pacto-contra-la-violencia-de-genero\/#breadcrumblist","itemListElement":[{"@type":"ListItem","@id":"https:\/\/www.eldigitaldeasturias.com\/noticias#listItem","position":1,"name":"Home","item":"https:\/\/www.eldigitaldeasturias.com\/noticias","nextItem":{"@type":"ListItem","@id":"https:\/\/www.eldigitaldeasturias.com\/noticias\/category\/actualidad\/#listItem","name":"Actualidad"}},{"@type":"ListItem","@id":"https:\/\/www.eldigitaldeasturias.com\/noticias\/category\/actualidad\/#listItem","position":2,"name":"Actualidad","item":"https:\/\/www.eldigitaldeasturias.com\/noticias\/category\/actualidad\/","nextItem":{"@type":"ListItem","@id":"https:\/\/www.eldigitaldeasturias.com\/noticias\/andalucia-cumplira-su-parte-del-pacto-contra-la-violencia-de-genero\/#listItem","name":"Andaluc\u00eda cumplir\u00e1 su parte del Pacto contra la Violencia de G\u00e9nero"},"previousItem":{"@type":"ListItem","@id":"https:\/\/www.eldigitaldeasturias.com\/noticias#listItem","name":"Home"}},{"@type":"ListItem","@id":"https:\/\/www.eldigitaldeasturias.com\/noticias\/andalucia-cumplira-su-parte-del-pacto-contra-la-violencia-de-genero\/#listItem","position":3,"name":"Andaluc\u00eda cumplir\u00e1 su parte del Pacto contra la Violencia de G\u00e9nero","previousItem":{"@type":"ListItem","@id":"https:\/\/www.eldigitaldeasturias.com\/noticias\/category\/actualidad\/#listItem","name":"Actualidad"}}]},{"@type":"Organization","@id":"https:\/\/www.eldigitaldeasturias.com\/noticias\/#organization","name":"El Digital de Asturias","description":"Hemeroteca","url":"https:\/\/www.eldigitaldeasturias.com\/noticias\/","email":"info@eldigitaldeasturias.com","telephone":"+34652131393","logo":{"@type":"ImageObject","url":"https:\/\/www.eldigitaldeasturias.com\/noticias\/wp-content\/uploads\/2020\/12\/EDA.jpg","@id":"https:\/\/www.eldigitaldeasturias.com\/noticias\/andalucia-cumplira-su-parte-del-pacto-contra-la-violencia-de-genero\/#organizationLogo"},"image":{"@id":"https:\/\/www.eldigitaldeasturias.com\/noticias\/andalucia-cumplira-su-parte-del-pacto-contra-la-violencia-de-genero\/#organizationLogo"},"sameAs":["https:\/\/facebook.com\/eldigitaldeasturias","https:\/\/www.youtube.com\/channel\/UCZP-2wLEB9Rv6erhFmqVnvg"],"address":{"@id":"https:\/\/www.eldigitaldeasturias.com\/noticias\/#postaladdress","@type":"PostalAddress","streetAddress":"san antonio 4","postalCode":"33430","addressLocality":"Cand\u00e1s","addressRegion":"Asturias","addressCountry":"ES"}},{"@type":"Person","@id":"https:\/\/www.eldigitaldeasturias.com\/noticias\/author\/admin\/#author","url":"https:\/\/www.eldigitaldeasturias.com\/noticias\/author\/admin\/","name":"El Digital de Asturias","image":{"@type":"ImageObject","@id":"https:\/\/www.eldigitaldeasturias.com\/noticias\/andalucia-cumplira-su-parte-del-pacto-contra-la-violencia-de-genero\/#authorImage","url":"https:\/\/secure.gravatar.com\/avatar\/df2aeffc32bcd13f8d26072ef8a91b623d677766deac7f97ca815868cd41bf5e?s=96&d=mm&r=g","width":96,"height":96,"caption":"El Digital de Asturias"}},{"@type":"WebPage","@id":"https:\/\/www.eldigitaldeasturias.com\/noticias\/andalucia-cumplira-su-parte-del-pacto-contra-la-violencia-de-genero\/#webpage","url":"https:\/\/www.eldigitaldeasturias.com\/noticias\/andalucia-cumplira-su-parte-del-pacto-contra-la-violencia-de-genero\/","name":"Andaluc\u00eda cumplir\u00e1 su parte del Pacto contra la Violencia de G\u00e9nero - El Digital de Asturias","description":"La presidenta de la Junta de Andaluc\u00eda, Susana D\u00edaz, ha destacado que Andaluc\u00eda cumplir\u00e1 su parte del Pacto contra la Violencia de G\u00e9nero y reclamar\u00e1 al Gobierno que tambi\u00e9n lo haga. As\u00ed ha respondido en rueda de prensa, durante la cual ha garantizado que el Gobierno andaluz pondr\u00e1 la parte que le corresponda para el","inLanguage":"es-ES","isPartOf":{"@id":"https:\/\/www.eldigitaldeasturias.com\/noticias\/#website"},"breadcrumb":{"@id":"https:\/\/www.eldigitaldeasturias.com\/noticias\/andalucia-cumplira-su-parte-del-pacto-contra-la-violencia-de-genero\/#breadcrumblist"},"author":{"@id":"https:\/\/www.eldigitaldeasturias.com\/noticias\/author\/admin\/#author"},"creator":{"@id":"https:\/\/www.eldigitaldeasturias.com\/noticias\/author\/admin\/#author"},"image":{"@type":"ImageObject","url":952192,"@id":"https:\/\/www.eldigitaldeasturias.com\/noticias\/andalucia-cumplira-su-parte-del-pacto-contra-la-violencia-de-genero\/#mainImage"},"primaryImageOfPage":{"@id":"https:\/\/www.eldigitaldeasturias.com\/noticias\/andalucia-cumplira-su-parte-del-pacto-contra-la-violencia-de-genero\/#mainImage"},"datePublished":"2018-04-05T04:32:53+02:00","dateModified":"2018-04-05T04:32:53+02:00"},{"@type":"WebSite","@id":"https:\/\/www.eldigitaldeasturias.com\/noticias\/#website","url":"https:\/\/www.eldigitaldeasturias.com\/noticias\/","name":"El Digital de Asturias - Diario de actualidad y noticias","alternateName":"El Digital de Asturias - Diario de actualidad y noticias","description":"Hemeroteca","inLanguage":"es-ES","publisher":{"@id":"https:\/\/www.eldigitaldeasturias.com\/noticias\/#organization"}}]},"og:locale":"es_ES","og:site_name":"El Digital de Asturias","og:type":"article","og:title":"Andaluc\u00eda cumplir\u00e1 su parte del Pacto contra la Violencia de G\u00e9nero - El Digital de Asturias","og:description":"La presidenta de la Junta de Andaluc\u00eda, Susana D\u00edaz, ha destacado que Andaluc\u00eda cumplir\u00e1 su parte del Pacto contra la Violencia de G\u00e9nero y reclamar\u00e1 al Gobierno que tambi\u00e9n lo haga. As\u00ed ha respondido en rueda de prensa, durante la cual ha garantizado que el Gobierno andaluz pondr\u00e1 la parte que le corresponda para el","og:url":"https:\/\/www.eldigitaldeasturias.com\/noticias\/andalucia-cumplira-su-parte-del-pacto-contra-la-violencia-de-genero\/","article:tag":["actualidad"],"article:published_time":"2018-04-05T04:32:53+00:00","article:modified_time":"2018-04-05T04:32:53+00:00","article:publisher":"https:\/\/facebook.com\/eldigitaldeasturias","twitter:card":"summary_large_image","twitter:title":"Andaluc\u00eda cumplir\u00e1 su parte del Pacto contra la Violencia de G\u00e9nero - El Digital de Asturias","twitter:description":"La presidenta de la Junta de Andaluc\u00eda, Susana D\u00edaz, ha destacado que Andaluc\u00eda cumplir\u00e1 su parte del Pacto contra la Violencia de G\u00e9nero y reclamar\u00e1 al Gobierno que tambi\u00e9n lo haga. As\u00ed ha respondido en rueda de prensa, durante la cual ha garantizado que el Gobierno andaluz pondr\u00e1 la parte que le corresponda para el","twitter:image":"https:\/\/www.eldigitaldeasturias.com\/noticias\/wp-content\/uploads\/2020\/12\/EDA-1.jpg","twitter:label1":"Escrito por","twitter:data1":"El Digital de Asturias","twitter:label2":"Tiempo de lectura estimado","twitter:data2":"1 minuto"},"aioseo_meta_data":{"post_id":"974847","title":null,"description":null,"keywords":null,"keyphrases":null,"primary_term":null,"canonical_url":null,"og_title":null,"og_description":null,"og_object_type":"default","og_image_type":"default","og_image_url":null,"og_image_width":null,"og_image_height":null,"og_image_custom_url":null,"og_image_custom_fields":null,"og_video":null,"og_custom_url":null,"og_article_section":null,"og_article_tags":null,"twitter_use_og":false,"twitter_card":"default","twitter_image_type":"default","twitter_image_url":null,"twitter_image_custom_url":null,"twitter_image_custom_fields":null,"twitter_title":null,"twitter_description":null,"schema":{"blockGraphs":[],"customGraphs":[],"default":{"data":{"Article":[],"Course":[],"Dataset":[],"FAQPage":[],"Movie":[],"Person":[],"Product":[],"ProductReview":[],"Car":[],"Recipe":[],"Service":[],"SoftwareApplication":[],"WebPage":[]},"graphName":"","isEnabled":true},"graphs":[],"defaultGraph":"","defaultPostTypeGraph":""},"schema_type":null,"schema_type_options":null,"pillar_content":false,"robots_default":true,"robots_noindex":false,"robots_noarchive":false,"robots_nosnippet":false,"robots_nofollow":false,"robots_noimageindex":false,"robots_noodp":false,"robots_notranslate":false,"robots_max_snippet":null,"robots_max_videopreview":null,"robots_max_imagepreview":"large","priority":null,"frequency":null,"local_seo":null,"seo_analyzer_scan_date":"2025-10-07 21:41:08","breadcrumb_settings":null,"limit_modified_date":false,"open_ai":null,"ai":null,"created":"2020-12-21 12:12:39","updated":"2025-10-07 21:41:08","focus_keyword":null,"additional_keywords":null,"truseo_locale":null},"aioseo_breadcrumb":"<div class=\"aioseo-breadcrumbs\"><span class=\"aioseo-breadcrumb\">\n\t<a href=\"https:\/\/www.eldigitaldeasturias.com\/noticias\" title=\"Home\">Home<\/a>\n<\/span><span class=\"aioseo-breadcrumb-separator\">\u2013<\/span><span class=\"aioseo-breadcrumb\">\n\t<a href=\"https:\/\/www.eldigitaldeasturias.com\/noticias\/category\/actualidad\/\" title=\"Actualidad\">Actualidad<\/a>\n<\/span><span class=\"aioseo-breadcrumb-separator\">\u2013<\/span><span class=\"aioseo-breadcrumb\">\n\t<a href=\"https:\/\/www.eldigitaldeasturias.com\/noticias\/andalucia-cumplira-su-parte-del-pacto-contra-la-violencia-de-genero\/\" title=\"Andaluc\u00eda cumplir\u00e1 su parte del Pacto contra la Violencia de G\u00e9nero\">Andaluc\u00eda cumplir\u00e1 su parte del Pacto contra la Violencia de G\u00e9nero<\/a>\n<\/span><\/div>","aioseo_breadcrumb_json":[{"label":"Home","link":"https:\/\/www.eldigitaldeasturias.com\/noticias"},{"label":"Actualidad","link":"https:\/\/www.eldigitaldeasturias.com\/noticias\/category\/actualidad\/"},{"label":"Andaluc\u00eda cumplir\u00e1 su parte del Pacto contra la Violencia de G\u00e9nero","link":"https:\/\/www.eldigitaldeasturias.com\/noticias\/andalucia-cumplira-su-parte-del-pacto-contra-la-violencia-de-genero\/"}],"_links":{"self":[{"href":"https:\/\/www.eldigitaldeasturias.com\/noticias\/wp-json\/wp\/v2\/posts\/974847","targetHints":{"allow":["GET"]}}],"collection":[{"href":"https:\/\/www.eldigitaldeasturias.com\/noticias\/wp-json\/wp\/v2\/posts"}],"about":[{"href":"https:\/\/www.eldigitaldeasturias.com\/noticias\/wp-json\/wp\/v2\/types\/post"}],"author":[{"embeddable":true,"href":"https:\/\/www.eldigitaldeasturias.com\/noticias\/wp-json\/wp\/v2\/users\/1"}],"replies":[{"embeddable":true,"href":"https:\/\/www.eldigitaldeasturias.com\/noticias\/wp-json\/wp\/v2\/comments?post=974847"}],"version-history":[{"count":0,"href":"https:\/\/www.eldigitaldeasturias.com\/noticias\/wp-json\/wp\/v2\/posts\/974847\/revisions"}],"wp:attachment":[{"href":"https:\/\/www.eldigitaldeasturias.com\/noticias\/wp-json\/wp\/v2\/media?parent=974847"}],"wp:term":[{"taxonomy":"category","embeddable":true,"href":"https:\/\/www.eldigitaldeasturias.com\/noticias\/wp-json\/wp\/v2\/categories?post=974847"},{"taxonomy":"post_tag","embeddable":true,"href":"https:\/\/www.eldigitaldeasturias.com\/noticias\/wp-json\/wp\/v2\/tags?post=974847"}],"curies":[{"name":"wp","href":"https:\/\/api.w.org\/{rel}","templated":true}]}}