{"id":974841,"date":"2018-04-05T04:28:02","date_gmt":"2018-04-05T04:28:02","guid":{"rendered":"http:\/\/www.eldigitaldeasturias.com\/noticias\/?p=974841"},"modified":"2018-04-05T04:28:02","modified_gmt":"2018-04-05T04:28:02","slug":"el-estado-destina-a-justicia-un-total-de-1-926-millones-de-euros-en-2018","status":"publish","type":"post","link":"https:\/\/www.eldigitaldeasturias.com\/noticias\/el-estado-destina-a-justicia-un-total-de-1-926-millones-de-euros-en-2018\/","title":{"rendered":"El Estado destina a Justicia un total de 1.926 millones de euros en 2018"},"content":{"rendered":"<p><img loading=\"lazy\" decoding=\"async\" class=\"alignleft size-medium wp-image-971439\" src=\"https:\/\/www.eldigitaldeasturias.com\/noticias\/wp-content\/uploads\/2018\/03\/271115Catalaconsejo-360x239.jpg\" alt=\"\" width=\"360\" height=\"239\" \/>El presupuesto del departamento que dirige Rafael Catal\u00e1 incide en aumentar los medios, mejorar el servicio de asistencia jur\u00eddica gratuita, fortalecer el modelo de lucha contra la violencia de g\u00e9nero y de asistencia a las v\u00edctimas de delitos y avanzar en el proceso de transformaci\u00f3n digital y organizativa. Se convocar\u00e1n 300 nuevas plazas para jueces y fiscales y 3.759 para los distintos Cuerpos de la Administraci\u00f3n de Justicia.<\/p>\n<p>El gasto p\u00fablico en Justicia del Estado se elevar\u00e1 en 2018 hasta los 1.926,6 millones de euros, lo que supone un incremento del 3,1% respecto a la partida asignada a esta materia en 2017. Con 1.754 millones de euros de presupuesto, el Ministerio de Justicia es la instituci\u00f3n a la que se destina la mayor inversi\u00f3n, el 91%, mientras que el 9% restante se reparte entre los organismos aut\u00f3nomos dependientes del Ministerio y el Consejo General del Poder Judicial.<\/p>\n<p>El presupuesto del departamento que dirige Rafael Catal\u00e1 incide en una Justicia con m\u00e1s y mejores medios personales y materiales, en mejorar el servicio de asistencia jur\u00eddica gratuita, fortalecer nuestro modelo de lucha contra la violencia de g\u00e9nero y de asistencia a las v\u00edctimas de delitos y en avanzar en el proceso de transformaci\u00f3n digital y organizativa de la Justicia iniciado en los \u00faltimos a\u00f1os.<\/p>\n<p>En el cap\u00edtulo de gastos de personal se destinar\u00e1n a lo largo de este a\u00f1o 1.382,8 millones de euros, el 78,7% del presupuesto total del Ministerio, lo que supone un incremento del 2,5% respecto a las cuentas del pasado ejercicio. Esta dotaci\u00f3n se traducir\u00e1 en un aumento retributivo del 1,75 para el personal de la Administraci\u00f3n de Justicia y en la mejora de la calidad y profesionalizaci\u00f3n del empleo mediante una Oferta de Empleo P\u00fablico que incluir\u00e1 3.759 plazas.<\/p>\n<p>La Ley de Presupuestos Generales del Estado califica como prioritaria la Administraci\u00f3n de Justicia, por lo que habilita una tasa de reposici\u00f3n del 100% para los distintos Cuerpos, lo que permitir\u00e1 este a\u00f1o la creaci\u00f3n de 1.087 nuevas plazas. Adem\u00e1s, y con objeto de reducir la temporalidad se ofertar\u00e1n otras 2.672 plazas hasta ahora ocupadas por personal interino. Asimismo, la Oferta de Empleo P\u00fablico de 2018 permitir\u00e1 la incorporaci\u00f3n de 300 nuevos jueces y fiscales.<\/p>\n<p>Justicia apuesta tambi\u00e9n por una mejora de las prestaciones sanitarias y sociales de sus profesionales, partidas que recibir\u00e1n este a\u00f1o 104,5 millones de euros a trav\u00e9s de la Mutualidad General Judicial y por el refuerzo de su formaci\u00f3n, a la que se destinar\u00e1n 10 millones de euros para la carrera fiscal, letrados y otros Cuerpos de funcionarios de la Administraci\u00f3n de Justicia en el Centro de Estudios Jur\u00eddicos.<\/p>\n<p>En cuanto al plan de infraestructuras y equipamientos, se destinar\u00e1n este a\u00f1o 50,1 millones de euros, un 50% m\u00e1s que en 2017, para la construcci\u00f3n de nuevos edificios judiciales en Baleares (Ibiza, Ciudadela y Manacor), Castilla-La Mancha (Albacete, Casas Ib\u00e1\u00f1ez, Guadalajara, Toledo, Talavera de la Reina y Torrijos), Castilla y Le\u00f3n (Valladolid, Segovia, Lerma y Vitigudino), Extremadura (Badajoz y Navalmoral de la Mata) y Regi\u00f3n de Murcia (Lorca).<\/p>\n<p>Asimismo, se realizar\u00e1n obras de rehabilitaci\u00f3n y mejora en las audiencias provinciales de Soria, Salamanca y Toledo, los palacios de Justicia de Palencia y Trujillo, en la sede del Tribunal Supremo, en los edificios judiciales de Manzanares (Ciudad Real), Motilla del Palancar (Cuenca), Puertollano (Ciudad Real), Burgo de Osma (Soria) y en el antiguo edificio del Banco de Espa\u00f1a en Ceuta. Dentro de esta partida se contempla una inversi\u00f3n de 6,2 millones de euros para actuaciones de modernizaci\u00f3n y renovaci\u00f3n tecnol\u00f3gica de equipos en el Instituto Nacional de Toxicolog\u00eda y Ciencias Forenses y en los Institutos de Medicina Legal y Ciencias Forenses.<\/p>\n<p>Por otro lado, se destinar\u00e1n 108,6 millones de euros a gasto social en \u00e1reas de especial sensibilidad para el ciudadano, lo que supone un incremento del 31% respecto a 2017. En este cap\u00edtulo, las cuentas del Ministerio de Justicia reflejan el esfuerzo presupuestario derivado del Pacto de Estado contra la Violencia de G\u00e9nero que supondr\u00e1 asignar 58,8 millones de euros a la puesta en marcha de medidas de refuerzo de la asistencia jur\u00eddica gratuita, a las Oficinas de la Asistencia a las V\u00edctimas y a las Unidades de Valoraci\u00f3n Forense Integral, lo que permitir\u00e1 mejorar con m\u00e1s medios personales y materiales la atenci\u00f3n profesional a las v\u00edctimas e incrementar el n\u00famero de mujeres a las que se presta asesoramiento.<\/p>\n<p>Por otro lado, la dotaci\u00f3n para financiar la asistencia jur\u00eddica gratuita se eleva un 32,6% hasta los 48,7 millones de euros con los que se prev\u00e9 incrementar los importes que se satisfacen por la prestaci\u00f3n de este servicio desde los colegios de abogados y procuradores.<\/p>\n<p>En cuanto a la transformaci\u00f3n digital de la Administraci\u00f3n de Justicia, el presupuesto de 2018 contempla una inversi\u00f3n de 131,3 millones de euros que permitir\u00e1n, entre otras actuaciones, consolidar y completar los proyectos de Justicia y Fiscal\u00eda digital, dise\u00f1ar el nuevo sistema de gesti\u00f3n procesal del Ministerio de Justicia, ofrecer nuevos servicios tecnol\u00f3gicos a profesionales y ciudadanos, reforzar la formaci\u00f3n a los usuarios de servicios digitales de las sedes judiciales y renovar el equipamiento audiovisual de las salas de vista.<\/p>\n<p>Adem\u00e1s, se incrementar\u00e1 la seguridad de los sistemas de la Administraci\u00f3n de Justicia a trav\u00e9s del fortalecimiento de las infraestructuras del Centro de Proceso de Datos y se pondr\u00e1 en marcha un nuevo Centro de Control Tecnol\u00f3gico que permitir\u00e1 mejorar la monitorizaci\u00f3n en tiempo real de los servicios. En esta partida se incluyen tambi\u00e9n 2,8 millones de euros que Justicia invertir\u00e1 en la transformaci\u00f3n y modernizaci\u00f3n tecnol\u00f3gica del nuevo Registro Civil digital.<\/p>\n","protected":false},"excerpt":{"rendered":"<p>El presupuesto del departamento que dirige Rafael Catal\u00e1 incide en aumentar los medios, mejorar el servicio de asistencia jur\u00eddica gratuita, fortalecer el modelo de lucha contra la violencia de g\u00e9nero y de asistencia a las v\u00edctimas de delitos y avanzar en el proceso de transformaci\u00f3n digital y organizativa. Se convocar\u00e1n 300 nuevas plazas para jueces [&hellip;]<\/p>\n","protected":false},"author":1,"featured_media":971439,"comment_status":"closed","ping_status":"closed","sticky":false,"template":"","format":"standard","meta":{"footnotes":""},"categories":[1],"tags":[],"class_list":["post-974841","post","type-post","status-publish","format-standard","has-post-thumbnail","hentry","category-actualidad"],"aioseo_notices":[],"aioseo_head":"\n\t\t<!-- All in One SEO Pro 5.0.1 - aioseo.com -->\n\t<meta name=\"description\" content=\"El presupuesto del departamento que dirige Rafael Catal\u00e1 incide en aumentar los medios, mejorar el servicio de asistencia jur\u00eddica gratuita, fortalecer el modelo de lucha contra la violencia de g\u00e9nero y de asistencia a las v\u00edctimas de delitos y avanzar en el proceso de transformaci\u00f3n digital y organizativa. Se convocar\u00e1n 300 nuevas plazas para jueces\" \/>\n\t<meta name=\"robots\" content=\"max-image-preview:large\" \/>\n\t<meta name=\"author\" content=\"El Digital de Asturias\"\/>\n\t<meta name=\"google-site-verification\" content=\"UA-38556648-1\" \/>\n\t<meta name=\"msvalidate.01\" content=\"7dfe9f3f1b24437ab69f4f2559babe99\" \/>\n\t<meta name=\"keywords\" content=\"actualidad\" \/>\n\t<link rel=\"canonical\" href=\"https:\/\/www.eldigitaldeasturias.com\/noticias\/el-estado-destina-a-justicia-un-total-de-1-926-millones-de-euros-en-2018\/\" \/>\n\t<meta name=\"generator\" content=\"All in One SEO Pro (AIOSEO) 5.0.1\" \/>\n\t\t<meta property=\"og:locale\" content=\"es_ES\" \/>\n\t\t<meta property=\"og:site_name\" content=\"El Digital de Asturias\" \/>\n\t\t<meta property=\"og:type\" content=\"article\" \/>\n\t\t<meta property=\"og:title\" content=\"El Estado destina a Justicia un total de 1.926 millones de euros en 2018 - El Digital de Asturias\" \/>\n\t\t<meta property=\"og:description\" content=\"El presupuesto del departamento que dirige Rafael Catal\u00e1 incide en aumentar los medios, mejorar el servicio de asistencia jur\u00eddica gratuita, fortalecer el modelo de lucha contra la violencia de g\u00e9nero y de asistencia a las v\u00edctimas de delitos y avanzar en el proceso de transformaci\u00f3n digital y organizativa. Se convocar\u00e1n 300 nuevas plazas para jueces\" \/>\n\t\t<meta property=\"og:url\" content=\"https:\/\/www.eldigitaldeasturias.com\/noticias\/el-estado-destina-a-justicia-un-total-de-1-926-millones-de-euros-en-2018\/\" \/>\n\t\t<meta property=\"article:tag\" content=\"actualidad\" \/>\n\t\t<meta property=\"article:published_time\" content=\"2018-04-05T04:28:02+00:00\" \/>\n\t\t<meta property=\"article:modified_time\" content=\"2018-04-05T04:28:02+00:00\" \/>\n\t\t<meta property=\"article:publisher\" content=\"https:\/\/facebook.com\/eldigitaldeasturias\" \/>\n\t\t<meta name=\"twitter:card\" content=\"summary_large_image\" \/>\n\t\t<meta name=\"twitter:title\" content=\"El Estado destina a Justicia un total de 1.926 millones de euros en 2018 - El Digital de Asturias\" \/>\n\t\t<meta name=\"twitter:description\" content=\"El presupuesto del departamento que dirige Rafael Catal\u00e1 incide en aumentar los medios, mejorar el servicio de asistencia jur\u00eddica gratuita, fortalecer el modelo de lucha contra la violencia de g\u00e9nero y de asistencia a las v\u00edctimas de delitos y avanzar en el proceso de transformaci\u00f3n digital y organizativa. Se convocar\u00e1n 300 nuevas plazas para jueces\" \/>\n\t\t<meta name=\"twitter:image\" content=\"https:\/\/www.eldigitaldeasturias.com\/noticias\/wp-content\/uploads\/2020\/12\/EDA-1.jpg\" \/>\n\t\t<meta name=\"twitter:label1\" content=\"Escrito por\" \/>\n\t\t<meta name=\"twitter:data1\" content=\"El Digital de Asturias\" \/>\n\t\t<meta name=\"twitter:label2\" content=\"Tiempo de lectura estimado\" \/>\n\t\t<meta name=\"twitter:data2\" content=\"5 minutos\" \/>\n\t\t<script type=\"application\/ld+json\" class=\"aioseo-schema\">\n\t\t\t{\"@context\":\"https:\\\/\\\/schema.org\",\"@graph\":[{\"@type\":\"BlogPosting\",\"@id\":\"https:\\\/\\\/www.eldigitaldeasturias.com\\\/noticias\\\/el-estado-destina-a-justicia-un-total-de-1-926-millones-de-euros-en-2018\\\/#blogposting\",\"name\":\"El Estado destina a Justicia un total de 1.926 millones de euros en 2018 - El Digital de Asturias\",\"headline\":\"El Estado destina a Justicia un total de 1.926 millones de euros en 2018\",\"author\":{\"@id\":\"https:\\\/\\\/www.eldigitaldeasturias.com\\\/noticias\\\/author\\\/admin\\\/#author\"},\"publisher\":{\"@id\":\"https:\\\/\\\/www.eldigitaldeasturias.com\\\/noticias\\\/#organization\"},\"image\":{\"@type\":\"ImageObject\",\"url\":971439},\"datePublished\":\"2018-04-05T04:28:02+02:00\",\"dateModified\":\"2018-04-05T04:28:02+02:00\",\"inLanguage\":\"es-ES\",\"mainEntityOfPage\":{\"@id\":\"https:\\\/\\\/www.eldigitaldeasturias.com\\\/noticias\\\/el-estado-destina-a-justicia-un-total-de-1-926-millones-de-euros-en-2018\\\/#webpage\"},\"isPartOf\":{\"@id\":\"https:\\\/\\\/www.eldigitaldeasturias.com\\\/noticias\\\/el-estado-destina-a-justicia-un-total-de-1-926-millones-de-euros-en-2018\\\/#webpage\"},\"articleSection\":\"Actualidad\"},{\"@type\":\"BreadcrumbList\",\"@id\":\"https:\\\/\\\/www.eldigitaldeasturias.com\\\/noticias\\\/el-estado-destina-a-justicia-un-total-de-1-926-millones-de-euros-en-2018\\\/#breadcrumblist\",\"itemListElement\":[{\"@type\":\"ListItem\",\"@id\":\"https:\\\/\\\/www.eldigitaldeasturias.com\\\/noticias#listItem\",\"position\":1,\"name\":\"Home\",\"item\":\"https:\\\/\\\/www.eldigitaldeasturias.com\\\/noticias\",\"nextItem\":{\"@type\":\"ListItem\",\"@id\":\"https:\\\/\\\/www.eldigitaldeasturias.com\\\/noticias\\\/category\\\/actualidad\\\/#listItem\",\"name\":\"Actualidad\"}},{\"@type\":\"ListItem\",\"@id\":\"https:\\\/\\\/www.eldigitaldeasturias.com\\\/noticias\\\/category\\\/actualidad\\\/#listItem\",\"position\":2,\"name\":\"Actualidad\",\"item\":\"https:\\\/\\\/www.eldigitaldeasturias.com\\\/noticias\\\/category\\\/actualidad\\\/\",\"nextItem\":{\"@type\":\"ListItem\",\"@id\":\"https:\\\/\\\/www.eldigitaldeasturias.com\\\/noticias\\\/el-estado-destina-a-justicia-un-total-de-1-926-millones-de-euros-en-2018\\\/#listItem\",\"name\":\"El Estado destina a Justicia un total de 1.926 millones de euros en 2018\"},\"previousItem\":{\"@type\":\"ListItem\",\"@id\":\"https:\\\/\\\/www.eldigitaldeasturias.com\\\/noticias#listItem\",\"name\":\"Home\"}},{\"@type\":\"ListItem\",\"@id\":\"https:\\\/\\\/www.eldigitaldeasturias.com\\\/noticias\\\/el-estado-destina-a-justicia-un-total-de-1-926-millones-de-euros-en-2018\\\/#listItem\",\"position\":3,\"name\":\"El Estado destina a Justicia un total de 1.926 millones de euros en 2018\",\"previousItem\":{\"@type\":\"ListItem\",\"@id\":\"https:\\\/\\\/www.eldigitaldeasturias.com\\\/noticias\\\/category\\\/actualidad\\\/#listItem\",\"name\":\"Actualidad\"}}]},{\"@type\":\"Organization\",\"@id\":\"https:\\\/\\\/www.eldigitaldeasturias.com\\\/noticias\\\/#organization\",\"name\":\"El Digital de Asturias\",\"description\":\"Hemeroteca\",\"url\":\"https:\\\/\\\/www.eldigitaldeasturias.com\\\/noticias\\\/\",\"email\":\"info@eldigitaldeasturias.com\",\"telephone\":\"+34652131393\",\"logo\":{\"@type\":\"ImageObject\",\"url\":\"https:\\\/\\\/www.eldigitaldeasturias.com\\\/noticias\\\/wp-content\\\/uploads\\\/2020\\\/12\\\/EDA.jpg\",\"@id\":\"https:\\\/\\\/www.eldigitaldeasturias.com\\\/noticias\\\/el-estado-destina-a-justicia-un-total-de-1-926-millones-de-euros-en-2018\\\/#organizationLogo\"},\"image\":{\"@id\":\"https:\\\/\\\/www.eldigitaldeasturias.com\\\/noticias\\\/el-estado-destina-a-justicia-un-total-de-1-926-millones-de-euros-en-2018\\\/#organizationLogo\"},\"sameAs\":[\"https:\\\/\\\/facebook.com\\\/eldigitaldeasturias\",\"https:\\\/\\\/www.youtube.com\\\/channel\\\/UCZP-2wLEB9Rv6erhFmqVnvg\"],\"address\":{\"@id\":\"https:\\\/\\\/www.eldigitaldeasturias.com\\\/noticias\\\/#postaladdress\",\"@type\":\"PostalAddress\",\"streetAddress\":\"san antonio 4\",\"postalCode\":\"33430\",\"addressLocality\":\"Cand\\u00e1s\",\"addressRegion\":\"Asturias\",\"addressCountry\":\"ES\"}},{\"@type\":\"Person\",\"@id\":\"https:\\\/\\\/www.eldigitaldeasturias.com\\\/noticias\\\/author\\\/admin\\\/#author\",\"url\":\"https:\\\/\\\/www.eldigitaldeasturias.com\\\/noticias\\\/author\\\/admin\\\/\",\"name\":\"El Digital de Asturias\",\"image\":{\"@type\":\"ImageObject\",\"@id\":\"https:\\\/\\\/www.eldigitaldeasturias.com\\\/noticias\\\/el-estado-destina-a-justicia-un-total-de-1-926-millones-de-euros-en-2018\\\/#authorImage\",\"url\":\"https:\\\/\\\/secure.gravatar.com\\\/avatar\\\/df2aeffc32bcd13f8d26072ef8a91b623d677766deac7f97ca815868cd41bf5e?s=96&d=mm&r=g\",\"width\":96,\"height\":96,\"caption\":\"El Digital de Asturias\"}},{\"@type\":\"WebPage\",\"@id\":\"https:\\\/\\\/www.eldigitaldeasturias.com\\\/noticias\\\/el-estado-destina-a-justicia-un-total-de-1-926-millones-de-euros-en-2018\\\/#webpage\",\"url\":\"https:\\\/\\\/www.eldigitaldeasturias.com\\\/noticias\\\/el-estado-destina-a-justicia-un-total-de-1-926-millones-de-euros-en-2018\\\/\",\"name\":\"El Estado destina a Justicia un total de 1.926 millones de euros en 2018 - El Digital de Asturias\",\"description\":\"El presupuesto del departamento que dirige Rafael Catal\\u00e1 incide en aumentar los medios, mejorar el servicio de asistencia jur\\u00eddica gratuita, fortalecer el modelo de lucha contra la violencia de g\\u00e9nero y de asistencia a las v\\u00edctimas de delitos y avanzar en el proceso de transformaci\\u00f3n digital y organizativa. Se convocar\\u00e1n 300 nuevas plazas para jueces\",\"inLanguage\":\"es-ES\",\"isPartOf\":{\"@id\":\"https:\\\/\\\/www.eldigitaldeasturias.com\\\/noticias\\\/#website\"},\"breadcrumb\":{\"@id\":\"https:\\\/\\\/www.eldigitaldeasturias.com\\\/noticias\\\/el-estado-destina-a-justicia-un-total-de-1-926-millones-de-euros-en-2018\\\/#breadcrumblist\"},\"author\":{\"@id\":\"https:\\\/\\\/www.eldigitaldeasturias.com\\\/noticias\\\/author\\\/admin\\\/#author\"},\"creator\":{\"@id\":\"https:\\\/\\\/www.eldigitaldeasturias.com\\\/noticias\\\/author\\\/admin\\\/#author\"},\"image\":{\"@type\":\"ImageObject\",\"url\":971439,\"@id\":\"https:\\\/\\\/www.eldigitaldeasturias.com\\\/noticias\\\/el-estado-destina-a-justicia-un-total-de-1-926-millones-de-euros-en-2018\\\/#mainImage\"},\"primaryImageOfPage\":{\"@id\":\"https:\\\/\\\/www.eldigitaldeasturias.com\\\/noticias\\\/el-estado-destina-a-justicia-un-total-de-1-926-millones-de-euros-en-2018\\\/#mainImage\"},\"datePublished\":\"2018-04-05T04:28:02+02:00\",\"dateModified\":\"2018-04-05T04:28:02+02:00\"},{\"@type\":\"WebSite\",\"@id\":\"https:\\\/\\\/www.eldigitaldeasturias.com\\\/noticias\\\/#website\",\"url\":\"https:\\\/\\\/www.eldigitaldeasturias.com\\\/noticias\\\/\",\"name\":\"El Digital de Asturias - Diario de actualidad y noticias\",\"alternateName\":\"El Digital de Asturias - Diario de actualidad y noticias\",\"description\":\"Hemeroteca\",\"inLanguage\":\"es-ES\",\"publisher\":{\"@id\":\"https:\\\/\\\/www.eldigitaldeasturias.com\\\/noticias\\\/#organization\"}}]}\n\t\t<\/script>\n\t\t<!-- All in One SEO Pro -->\r\n\t\t<title>El Estado destina a Justicia un total de 1.926 millones de euros en 2018 - El Digital de Asturias<\/title>\n\n","aioseo_head_json":{"title":"El Estado destina a Justicia un total de 1.926 millones de euros en 2018 - El Digital de Asturias","description":"El presupuesto del departamento que dirige Rafael Catal\u00e1 incide en aumentar los medios, mejorar el servicio de asistencia jur\u00eddica gratuita, fortalecer el modelo de lucha contra la violencia de g\u00e9nero y de asistencia a las v\u00edctimas de delitos y avanzar en el proceso de transformaci\u00f3n digital y organizativa. Se convocar\u00e1n 300 nuevas plazas para jueces","canonical_url":"https:\/\/www.eldigitaldeasturias.com\/noticias\/el-estado-destina-a-justicia-un-total-de-1-926-millones-de-euros-en-2018\/","robots":"max-image-preview:large","keywords":"actualidad","webmasterTools":{"google-site-verification":"UA-38556648-1","msvalidate.01":"7dfe9f3f1b24437ab69f4f2559babe99","miscellaneous":""},"schema":{"@context":"https:\/\/schema.org","@graph":[{"@type":"BlogPosting","@id":"https:\/\/www.eldigitaldeasturias.com\/noticias\/el-estado-destina-a-justicia-un-total-de-1-926-millones-de-euros-en-2018\/#blogposting","name":"El Estado destina a Justicia un total de 1.926 millones de euros en 2018 - El Digital de Asturias","headline":"El Estado destina a Justicia un total de 1.926 millones de euros en 2018","author":{"@id":"https:\/\/www.eldigitaldeasturias.com\/noticias\/author\/admin\/#author"},"publisher":{"@id":"https:\/\/www.eldigitaldeasturias.com\/noticias\/#organization"},"image":{"@type":"ImageObject","url":971439},"datePublished":"2018-04-05T04:28:02+02:00","dateModified":"2018-04-05T04:28:02+02:00","inLanguage":"es-ES","mainEntityOfPage":{"@id":"https:\/\/www.eldigitaldeasturias.com\/noticias\/el-estado-destina-a-justicia-un-total-de-1-926-millones-de-euros-en-2018\/#webpage"},"isPartOf":{"@id":"https:\/\/www.eldigitaldeasturias.com\/noticias\/el-estado-destina-a-justicia-un-total-de-1-926-millones-de-euros-en-2018\/#webpage"},"articleSection":"Actualidad"},{"@type":"BreadcrumbList","@id":"https:\/\/www.eldigitaldeasturias.com\/noticias\/el-estado-destina-a-justicia-un-total-de-1-926-millones-de-euros-en-2018\/#breadcrumblist","itemListElement":[{"@type":"ListItem","@id":"https:\/\/www.eldigitaldeasturias.com\/noticias#listItem","position":1,"name":"Home","item":"https:\/\/www.eldigitaldeasturias.com\/noticias","nextItem":{"@type":"ListItem","@id":"https:\/\/www.eldigitaldeasturias.com\/noticias\/category\/actualidad\/#listItem","name":"Actualidad"}},{"@type":"ListItem","@id":"https:\/\/www.eldigitaldeasturias.com\/noticias\/category\/actualidad\/#listItem","position":2,"name":"Actualidad","item":"https:\/\/www.eldigitaldeasturias.com\/noticias\/category\/actualidad\/","nextItem":{"@type":"ListItem","@id":"https:\/\/www.eldigitaldeasturias.com\/noticias\/el-estado-destina-a-justicia-un-total-de-1-926-millones-de-euros-en-2018\/#listItem","name":"El Estado destina a Justicia un total de 1.926 millones de euros en 2018"},"previousItem":{"@type":"ListItem","@id":"https:\/\/www.eldigitaldeasturias.com\/noticias#listItem","name":"Home"}},{"@type":"ListItem","@id":"https:\/\/www.eldigitaldeasturias.com\/noticias\/el-estado-destina-a-justicia-un-total-de-1-926-millones-de-euros-en-2018\/#listItem","position":3,"name":"El Estado destina a Justicia un total de 1.926 millones de euros en 2018","previousItem":{"@type":"ListItem","@id":"https:\/\/www.eldigitaldeasturias.com\/noticias\/category\/actualidad\/#listItem","name":"Actualidad"}}]},{"@type":"Organization","@id":"https:\/\/www.eldigitaldeasturias.com\/noticias\/#organization","name":"El Digital de Asturias","description":"Hemeroteca","url":"https:\/\/www.eldigitaldeasturias.com\/noticias\/","email":"info@eldigitaldeasturias.com","telephone":"+34652131393","logo":{"@type":"ImageObject","url":"https:\/\/www.eldigitaldeasturias.com\/noticias\/wp-content\/uploads\/2020\/12\/EDA.jpg","@id":"https:\/\/www.eldigitaldeasturias.com\/noticias\/el-estado-destina-a-justicia-un-total-de-1-926-millones-de-euros-en-2018\/#organizationLogo"},"image":{"@id":"https:\/\/www.eldigitaldeasturias.com\/noticias\/el-estado-destina-a-justicia-un-total-de-1-926-millones-de-euros-en-2018\/#organizationLogo"},"sameAs":["https:\/\/facebook.com\/eldigitaldeasturias","https:\/\/www.youtube.com\/channel\/UCZP-2wLEB9Rv6erhFmqVnvg"],"address":{"@id":"https:\/\/www.eldigitaldeasturias.com\/noticias\/#postaladdress","@type":"PostalAddress","streetAddress":"san antonio 4","postalCode":"33430","addressLocality":"Cand\u00e1s","addressRegion":"Asturias","addressCountry":"ES"}},{"@type":"Person","@id":"https:\/\/www.eldigitaldeasturias.com\/noticias\/author\/admin\/#author","url":"https:\/\/www.eldigitaldeasturias.com\/noticias\/author\/admin\/","name":"El Digital de Asturias","image":{"@type":"ImageObject","@id":"https:\/\/www.eldigitaldeasturias.com\/noticias\/el-estado-destina-a-justicia-un-total-de-1-926-millones-de-euros-en-2018\/#authorImage","url":"https:\/\/secure.gravatar.com\/avatar\/df2aeffc32bcd13f8d26072ef8a91b623d677766deac7f97ca815868cd41bf5e?s=96&d=mm&r=g","width":96,"height":96,"caption":"El Digital de Asturias"}},{"@type":"WebPage","@id":"https:\/\/www.eldigitaldeasturias.com\/noticias\/el-estado-destina-a-justicia-un-total-de-1-926-millones-de-euros-en-2018\/#webpage","url":"https:\/\/www.eldigitaldeasturias.com\/noticias\/el-estado-destina-a-justicia-un-total-de-1-926-millones-de-euros-en-2018\/","name":"El Estado destina a Justicia un total de 1.926 millones de euros en 2018 - El Digital de Asturias","description":"El presupuesto del departamento que dirige Rafael Catal\u00e1 incide en aumentar los medios, mejorar el servicio de asistencia jur\u00eddica gratuita, fortalecer el modelo de lucha contra la violencia de g\u00e9nero y de asistencia a las v\u00edctimas de delitos y avanzar en el proceso de transformaci\u00f3n digital y organizativa. Se convocar\u00e1n 300 nuevas plazas para jueces","inLanguage":"es-ES","isPartOf":{"@id":"https:\/\/www.eldigitaldeasturias.com\/noticias\/#website"},"breadcrumb":{"@id":"https:\/\/www.eldigitaldeasturias.com\/noticias\/el-estado-destina-a-justicia-un-total-de-1-926-millones-de-euros-en-2018\/#breadcrumblist"},"author":{"@id":"https:\/\/www.eldigitaldeasturias.com\/noticias\/author\/admin\/#author"},"creator":{"@id":"https:\/\/www.eldigitaldeasturias.com\/noticias\/author\/admin\/#author"},"image":{"@type":"ImageObject","url":971439,"@id":"https:\/\/www.eldigitaldeasturias.com\/noticias\/el-estado-destina-a-justicia-un-total-de-1-926-millones-de-euros-en-2018\/#mainImage"},"primaryImageOfPage":{"@id":"https:\/\/www.eldigitaldeasturias.com\/noticias\/el-estado-destina-a-justicia-un-total-de-1-926-millones-de-euros-en-2018\/#mainImage"},"datePublished":"2018-04-05T04:28:02+02:00","dateModified":"2018-04-05T04:28:02+02:00"},{"@type":"WebSite","@id":"https:\/\/www.eldigitaldeasturias.com\/noticias\/#website","url":"https:\/\/www.eldigitaldeasturias.com\/noticias\/","name":"El Digital de Asturias - Diario de actualidad y noticias","alternateName":"El Digital de Asturias - Diario de actualidad y noticias","description":"Hemeroteca","inLanguage":"es-ES","publisher":{"@id":"https:\/\/www.eldigitaldeasturias.com\/noticias\/#organization"}}]},"og:locale":"es_ES","og:site_name":"El Digital de Asturias","og:type":"article","og:title":"El Estado destina a Justicia un total de 1.926 millones de euros en 2018 - El Digital de Asturias","og:description":"El presupuesto del departamento que dirige Rafael Catal\u00e1 incide en aumentar los medios, mejorar el servicio de asistencia jur\u00eddica gratuita, fortalecer el modelo de lucha contra la violencia de g\u00e9nero y de asistencia a las v\u00edctimas de delitos y avanzar en el proceso de transformaci\u00f3n digital y organizativa. Se convocar\u00e1n 300 nuevas plazas para jueces","og:url":"https:\/\/www.eldigitaldeasturias.com\/noticias\/el-estado-destina-a-justicia-un-total-de-1-926-millones-de-euros-en-2018\/","article:tag":["actualidad"],"article:published_time":"2018-04-05T04:28:02+00:00","article:modified_time":"2018-04-05T04:28:02+00:00","article:publisher":"https:\/\/facebook.com\/eldigitaldeasturias","twitter:card":"summary_large_image","twitter:title":"El Estado destina a Justicia un total de 1.926 millones de euros en 2018 - El Digital de Asturias","twitter:description":"El presupuesto del departamento que dirige Rafael Catal\u00e1 incide en aumentar los medios, mejorar el servicio de asistencia jur\u00eddica gratuita, fortalecer el modelo de lucha contra la violencia de g\u00e9nero y de asistencia a las v\u00edctimas de delitos y avanzar en el proceso de transformaci\u00f3n digital y organizativa. Se convocar\u00e1n 300 nuevas plazas para jueces","twitter:image":"https:\/\/www.eldigitaldeasturias.com\/noticias\/wp-content\/uploads\/2020\/12\/EDA-1.jpg","twitter:label1":"Escrito por","twitter:data1":"El Digital de Asturias","twitter:label2":"Tiempo de lectura estimado","twitter:data2":"5 minutos"},"aioseo_meta_data":{"post_id":"974841","title":null,"description":null,"keywords":null,"keyphrases":null,"primary_term":null,"canonical_url":null,"og_title":null,"og_description":null,"og_object_type":"default","og_image_type":"default","og_image_url":null,"og_image_width":null,"og_image_height":null,"og_image_custom_url":null,"og_image_custom_fields":null,"og_video":null,"og_custom_url":null,"og_article_section":null,"og_article_tags":null,"twitter_use_og":false,"twitter_card":"default","twitter_image_type":"default","twitter_image_url":null,"twitter_image_custom_url":null,"twitter_image_custom_fields":null,"twitter_title":null,"twitter_description":null,"schema":{"blockGraphs":[],"customGraphs":[],"default":{"data":{"Article":[],"Course":[],"Dataset":[],"FAQPage":[],"Movie":[],"Person":[],"Product":[],"ProductReview":[],"Car":[],"Recipe":[],"Service":[],"SoftwareApplication":[],"WebPage":[]},"graphName":"","isEnabled":true},"graphs":[],"defaultGraph":"","defaultPostTypeGraph":""},"schema_type":null,"schema_type_options":null,"pillar_content":false,"robots_default":true,"robots_noindex":false,"robots_noarchive":false,"robots_nosnippet":false,"robots_nofollow":false,"robots_noimageindex":false,"robots_noodp":false,"robots_notranslate":false,"robots_max_snippet":null,"robots_max_videopreview":null,"robots_max_imagepreview":"large","priority":null,"frequency":null,"local_seo":null,"seo_analyzer_scan_date":"2025-10-07 21:39:12","breadcrumb_settings":null,"limit_modified_date":false,"open_ai":null,"ai":null,"created":"2020-12-21 12:12:39","updated":"2025-10-07 21:39:12","focus_keyword":null,"additional_keywords":null,"truseo_locale":null},"aioseo_breadcrumb":"<div class=\"aioseo-breadcrumbs\"><span class=\"aioseo-breadcrumb\">\n\t<a href=\"https:\/\/www.eldigitaldeasturias.com\/noticias\" title=\"Home\">Home<\/a>\n<\/span><span class=\"aioseo-breadcrumb-separator\">\u2013<\/span><span class=\"aioseo-breadcrumb\">\n\t<a href=\"https:\/\/www.eldigitaldeasturias.com\/noticias\/category\/actualidad\/\" title=\"Actualidad\">Actualidad<\/a>\n<\/span><span class=\"aioseo-breadcrumb-separator\">\u2013<\/span><span class=\"aioseo-breadcrumb\">\n\t<a href=\"https:\/\/www.eldigitaldeasturias.com\/noticias\/el-estado-destina-a-justicia-un-total-de-1-926-millones-de-euros-en-2018\/\" title=\"El Estado destina a Justicia un total de 1.926 millones de euros en 2018\">El Estado destina a Justicia un total de 1.926 millones de euros en 2018<\/a>\n<\/span><\/div>","aioseo_breadcrumb_json":[{"label":"Home","link":"https:\/\/www.eldigitaldeasturias.com\/noticias"},{"label":"Actualidad","link":"https:\/\/www.eldigitaldeasturias.com\/noticias\/category\/actualidad\/"},{"label":"El Estado destina a Justicia un total de 1.926 millones de euros en 2018","link":"https:\/\/www.eldigitaldeasturias.com\/noticias\/el-estado-destina-a-justicia-un-total-de-1-926-millones-de-euros-en-2018\/"}],"_links":{"self":[{"href":"https:\/\/www.eldigitaldeasturias.com\/noticias\/wp-json\/wp\/v2\/posts\/974841","targetHints":{"allow":["GET"]}}],"collection":[{"href":"https:\/\/www.eldigitaldeasturias.com\/noticias\/wp-json\/wp\/v2\/posts"}],"about":[{"href":"https:\/\/www.eldigitaldeasturias.com\/noticias\/wp-json\/wp\/v2\/types\/post"}],"author":[{"embeddable":true,"href":"https:\/\/www.eldigitaldeasturias.com\/noticias\/wp-json\/wp\/v2\/users\/1"}],"replies":[{"embeddable":true,"href":"https:\/\/www.eldigitaldeasturias.com\/noticias\/wp-json\/wp\/v2\/comments?post=974841"}],"version-history":[{"count":0,"href":"https:\/\/www.eldigitaldeasturias.com\/noticias\/wp-json\/wp\/v2\/posts\/974841\/revisions"}],"wp:attachment":[{"href":"https:\/\/www.eldigitaldeasturias.com\/noticias\/wp-json\/wp\/v2\/media?parent=974841"}],"wp:term":[{"taxonomy":"category","embeddable":true,"href":"https:\/\/www.eldigitaldeasturias.com\/noticias\/wp-json\/wp\/v2\/categories?post=974841"},{"taxonomy":"post_tag","embeddable":true,"href":"https:\/\/www.eldigitaldeasturias.com\/noticias\/wp-json\/wp\/v2\/tags?post=974841"}],"curies":[{"name":"wp","href":"https:\/\/api.w.org\/{rel}","templated":true}]}}