{"id":974835,"date":"2018-04-05T04:22:40","date_gmt":"2018-04-05T04:22:40","guid":{"rendered":"http:\/\/www.eldigitaldeasturias.com\/noticias\/?p=974835"},"modified":"2018-04-05T04:22:40","modified_gmt":"2018-04-05T04:22:40","slug":"el-ministerio-de-educacion-cultura-y-deporte-inicia-el-expediente-para-declarar-la-zarzuela-patrimonio-cultural-inmaterial","status":"publish","type":"post","link":"https:\/\/www.eldigitaldeasturias.com\/noticias\/el-ministerio-de-educacion-cultura-y-deporte-inicia-el-expediente-para-declarar-la-zarzuela-patrimonio-cultural-inmaterial\/","title":{"rendered":"El Ministerio de Educaci\u00f3n, Cultura y Deporte inicia el expediente para declarar la Zarzuela Patrimonio Cultural Inmaterial"},"content":{"rendered":"<p><img loading=\"lazy\" decoding=\"async\" class=\"alignleft size-medium wp-image-974836\" src=\"https:\/\/www.eldigitaldeasturias.com\/noticias\/wp-content\/uploads\/2018\/04\/Zarzuela-360x239.jpg\" alt=\"\" width=\"360\" height=\"239\" \/>El Ministerio de Educaci\u00f3n, Cultura y Deporte ha iniciado los tr\u00e1mites para declarar la Zarzuela Manifestaci\u00f3n Representativa del Patrimonio Cultural Inmaterial, una iniciativa que forma parte de la estrategia pol\u00edtica de potenciar y proteger el g\u00e9nero de la Zarzuela.<\/p>\n<p>\u200bEl Ministerio considera que la Zarzuela es un patrimonio cultural de todos los espa\u00f1oles y con la declaraci\u00f3n de Manifestaci\u00f3n Representativa del Patrimonio Cultural Inmaterial se le otorgar\u00e1 la m\u00e1xima categor\u00eda de protecci\u00f3n que puede otorgar el Estado. En el expediente de esta declaraci\u00f3n se contemplar\u00e1 al Teatro de la Zarzuela como escenario esencial de referencia mundial para la difusi\u00f3n y transmisi\u00f3n de esta actividad a la ciudadan\u00eda.<\/p>\n<p>El procedimiento que se seguir\u00e1 se fundamenta en la Ley 10\/2015, de 26 de mayo, para la salvaguardia del Patrimonio Cultural Inmaterial, por la cual la Administraci\u00f3n General del Estado tiene competencias para declarar un bien Manifestaci\u00f3n Representativa del Patrimonio Cultural Inmaterial.<\/p>\n<p><strong>El experto Emilio Casares realiza el informe preliminar<\/strong><\/p>\n<p>Para iniciar el procedimiento se ha encargado la elaboraci\u00f3n del informe preliminar al profesor Emilio Casares, catedr\u00e1tico de Musicolog\u00eda y el mayor experto reconocido en la materia.<\/p>\n<p>Una vez se disponga de dicho informe, el Ministerio lo presentar\u00e1 en un primer momento de manera informal en la pr\u00f3xima reuni\u00f3n del Consejo del Patrimonio Hist\u00f3rico, \u00f3rgano de coordinaci\u00f3n entre la Administraci\u00f3n General del Estado y las Comunidades Aut\u00f3nomas en materia del Patrimonio Cultural Espa\u00f1ol, que tendr\u00e1 lugar el 11 de abril en Madrid.<\/p>\n<p>Seguidamente la Comisi\u00f3n de Seguimiento del Plan Nacional de Patrimonio Inmaterial lo valorar\u00e1 y elevar\u00e1 al Consejo de Patrimonio Hist\u00f3rico para que en su siguiente reuni\u00f3n se formalice la candidatura, abriendo un periodo de informaci\u00f3n p\u00fablica.<\/p>\n<p>A continuaci\u00f3n se abrir\u00e1 un tr\u00e1mite de audiencia a las comunidades portadoras del bien, a los titulares de derechos reales sobre los bienes muebles e inmuebles asociados a la manifestaci\u00f3n representativa del Patrimonio Cultural Inmaterial, y a las Administraciones auton\u00f3micas y locales del territorio en el que la manifestaci\u00f3n tiene lugar.<\/p>\n<p>El procedimiento culmina con la aprobaci\u00f3n de la declaraci\u00f3n por Real Decreto del Consejo de Ministros.<\/p>\n<p>Desde la entrada en vigor de la Ley para la salvaguardia del Patrimonio Cultural Inmaterial en 2015, se han declarado por parte del Estado las siguientes Manifestaciones Representativas del Patrimonio Cultural Inmaterial: el Carnaval, la Semana Santa y la Trashumancia. Se espera que pr\u00f3ximamente el Consejo de Ministros apruebe tambi\u00e9n las Tapas y la Cr\u00eda y Doma del Caballo Espa\u00f1ol.<\/p>\n<p>&nbsp;<\/p>\n","protected":false},"excerpt":{"rendered":"<p>El Ministerio de Educaci\u00f3n, Cultura y Deporte ha iniciado los tr\u00e1mites para declarar la Zarzuela Manifestaci\u00f3n Representativa del Patrimonio Cultural Inmaterial, una iniciativa que forma parte de la estrategia pol\u00edtica de potenciar y proteger el g\u00e9nero de la Zarzuela. \u200bEl Ministerio considera que la Zarzuela es un patrimonio cultural de todos los espa\u00f1oles y con [&hellip;]<\/p>\n","protected":false},"author":1,"featured_media":974836,"comment_status":"closed","ping_status":"closed","sticky":false,"template":"","format":"standard","meta":{"footnotes":""},"categories":[1],"tags":[],"class_list":["post-974835","post","type-post","status-publish","format-standard","has-post-thumbnail","hentry","category-actualidad"],"aioseo_notices":[],"aioseo_head":"\n\t\t<!-- All in One SEO Pro 5.0.1 - aioseo.com -->\n\t<meta name=\"description\" content=\"El Ministerio de Educaci\u00f3n, Cultura y Deporte ha iniciado los tr\u00e1mites para declarar la Zarzuela Manifestaci\u00f3n Representativa del Patrimonio Cultural Inmaterial, una iniciativa que forma parte de la estrategia pol\u00edtica de potenciar y proteger el g\u00e9nero de la Zarzuela. \u200bEl Ministerio considera que la Zarzuela es un patrimonio cultural de todos los espa\u00f1oles y con\" \/>\n\t<meta name=\"robots\" content=\"max-image-preview:large\" \/>\n\t<meta name=\"author\" content=\"El Digital de Asturias\"\/>\n\t<meta name=\"google-site-verification\" content=\"UA-38556648-1\" \/>\n\t<meta name=\"msvalidate.01\" content=\"7dfe9f3f1b24437ab69f4f2559babe99\" \/>\n\t<meta name=\"keywords\" content=\"actualidad\" \/>\n\t<link rel=\"canonical\" href=\"https:\/\/www.eldigitaldeasturias.com\/noticias\/el-ministerio-de-educacion-cultura-y-deporte-inicia-el-expediente-para-declarar-la-zarzuela-patrimonio-cultural-inmaterial\/\" \/>\n\t<meta name=\"generator\" content=\"All in One SEO Pro (AIOSEO) 5.0.1\" \/>\n\t\t<meta property=\"og:locale\" content=\"es_ES\" \/>\n\t\t<meta property=\"og:site_name\" content=\"El Digital de Asturias\" \/>\n\t\t<meta property=\"og:type\" content=\"article\" \/>\n\t\t<meta property=\"og:title\" content=\"El Ministerio de Educaci\u00f3n, Cultura y Deporte inicia el expediente para declarar la Zarzuela Patrimonio Cultural Inmaterial - El Digital de Asturias\" \/>\n\t\t<meta property=\"og:description\" content=\"El Ministerio de Educaci\u00f3n, Cultura y Deporte ha iniciado los tr\u00e1mites para declarar la Zarzuela Manifestaci\u00f3n Representativa del Patrimonio Cultural Inmaterial, una iniciativa que forma parte de la estrategia pol\u00edtica de potenciar y proteger el g\u00e9nero de la Zarzuela. \u200bEl Ministerio considera que la Zarzuela es un patrimonio cultural de todos los espa\u00f1oles y con\" \/>\n\t\t<meta property=\"og:url\" content=\"https:\/\/www.eldigitaldeasturias.com\/noticias\/el-ministerio-de-educacion-cultura-y-deporte-inicia-el-expediente-para-declarar-la-zarzuela-patrimonio-cultural-inmaterial\/\" \/>\n\t\t<meta property=\"article:tag\" content=\"actualidad\" \/>\n\t\t<meta property=\"article:published_time\" content=\"2018-04-05T04:22:40+00:00\" \/>\n\t\t<meta property=\"article:modified_time\" content=\"2018-04-05T04:22:40+00:00\" \/>\n\t\t<meta property=\"article:publisher\" content=\"https:\/\/facebook.com\/eldigitaldeasturias\" \/>\n\t\t<meta name=\"twitter:card\" content=\"summary_large_image\" \/>\n\t\t<meta name=\"twitter:title\" content=\"El Ministerio de Educaci\u00f3n, Cultura y Deporte inicia el expediente para declarar la Zarzuela Patrimonio Cultural Inmaterial - El Digital de Asturias\" \/>\n\t\t<meta name=\"twitter:description\" content=\"El Ministerio de Educaci\u00f3n, Cultura y Deporte ha iniciado los tr\u00e1mites para declarar la Zarzuela Manifestaci\u00f3n Representativa del Patrimonio Cultural Inmaterial, una iniciativa que forma parte de la estrategia pol\u00edtica de potenciar y proteger el g\u00e9nero de la Zarzuela. \u200bEl Ministerio considera que la Zarzuela es un patrimonio cultural de todos los espa\u00f1oles y con\" \/>\n\t\t<meta name=\"twitter:image\" content=\"https:\/\/www.eldigitaldeasturias.com\/noticias\/wp-content\/uploads\/2020\/12\/EDA-1.jpg\" \/>\n\t\t<meta name=\"twitter:label1\" content=\"Escrito por\" \/>\n\t\t<meta name=\"twitter:data1\" content=\"El Digital de Asturias\" \/>\n\t\t<meta name=\"twitter:label2\" content=\"Tiempo de lectura estimado\" \/>\n\t\t<meta name=\"twitter:data2\" content=\"2 minutos\" \/>\n\t\t<script type=\"application\/ld+json\" class=\"aioseo-schema\">\n\t\t\t{\"@context\":\"https:\\\/\\\/schema.org\",\"@graph\":[{\"@type\":\"BlogPosting\",\"@id\":\"https:\\\/\\\/www.eldigitaldeasturias.com\\\/noticias\\\/el-ministerio-de-educacion-cultura-y-deporte-inicia-el-expediente-para-declarar-la-zarzuela-patrimonio-cultural-inmaterial\\\/#blogposting\",\"name\":\"El Ministerio de Educaci\\u00f3n, Cultura y Deporte inicia el expediente para declarar la Zarzuela Patrimonio Cultural Inmaterial - El Digital de Asturias\",\"headline\":\"El Ministerio de Educaci\\u00f3n, Cultura y Deporte inicia el expediente para declarar la Zarzuela Patrimonio Cultural Inmaterial\",\"author\":{\"@id\":\"https:\\\/\\\/www.eldigitaldeasturias.com\\\/noticias\\\/author\\\/admin\\\/#author\"},\"publisher\":{\"@id\":\"https:\\\/\\\/www.eldigitaldeasturias.com\\\/noticias\\\/#organization\"},\"image\":{\"@type\":\"ImageObject\",\"url\":974836},\"datePublished\":\"2018-04-05T04:22:40+02:00\",\"dateModified\":\"2018-04-05T04:22:40+02:00\",\"inLanguage\":\"es-ES\",\"mainEntityOfPage\":{\"@id\":\"https:\\\/\\\/www.eldigitaldeasturias.com\\\/noticias\\\/el-ministerio-de-educacion-cultura-y-deporte-inicia-el-expediente-para-declarar-la-zarzuela-patrimonio-cultural-inmaterial\\\/#webpage\"},\"isPartOf\":{\"@id\":\"https:\\\/\\\/www.eldigitaldeasturias.com\\\/noticias\\\/el-ministerio-de-educacion-cultura-y-deporte-inicia-el-expediente-para-declarar-la-zarzuela-patrimonio-cultural-inmaterial\\\/#webpage\"},\"articleSection\":\"Actualidad\"},{\"@type\":\"BreadcrumbList\",\"@id\":\"https:\\\/\\\/www.eldigitaldeasturias.com\\\/noticias\\\/el-ministerio-de-educacion-cultura-y-deporte-inicia-el-expediente-para-declarar-la-zarzuela-patrimonio-cultural-inmaterial\\\/#breadcrumblist\",\"itemListElement\":[{\"@type\":\"ListItem\",\"@id\":\"https:\\\/\\\/www.eldigitaldeasturias.com\\\/noticias#listItem\",\"position\":1,\"name\":\"Home\",\"item\":\"https:\\\/\\\/www.eldigitaldeasturias.com\\\/noticias\",\"nextItem\":{\"@type\":\"ListItem\",\"@id\":\"https:\\\/\\\/www.eldigitaldeasturias.com\\\/noticias\\\/category\\\/actualidad\\\/#listItem\",\"name\":\"Actualidad\"}},{\"@type\":\"ListItem\",\"@id\":\"https:\\\/\\\/www.eldigitaldeasturias.com\\\/noticias\\\/category\\\/actualidad\\\/#listItem\",\"position\":2,\"name\":\"Actualidad\",\"item\":\"https:\\\/\\\/www.eldigitaldeasturias.com\\\/noticias\\\/category\\\/actualidad\\\/\",\"nextItem\":{\"@type\":\"ListItem\",\"@id\":\"https:\\\/\\\/www.eldigitaldeasturias.com\\\/noticias\\\/el-ministerio-de-educacion-cultura-y-deporte-inicia-el-expediente-para-declarar-la-zarzuela-patrimonio-cultural-inmaterial\\\/#listItem\",\"name\":\"El Ministerio de Educaci\\u00f3n, Cultura y Deporte inicia el expediente para declarar la Zarzuela Patrimonio Cultural Inmaterial\"},\"previousItem\":{\"@type\":\"ListItem\",\"@id\":\"https:\\\/\\\/www.eldigitaldeasturias.com\\\/noticias#listItem\",\"name\":\"Home\"}},{\"@type\":\"ListItem\",\"@id\":\"https:\\\/\\\/www.eldigitaldeasturias.com\\\/noticias\\\/el-ministerio-de-educacion-cultura-y-deporte-inicia-el-expediente-para-declarar-la-zarzuela-patrimonio-cultural-inmaterial\\\/#listItem\",\"position\":3,\"name\":\"El Ministerio de Educaci\\u00f3n, Cultura y Deporte inicia el expediente para declarar la Zarzuela Patrimonio Cultural Inmaterial\",\"previousItem\":{\"@type\":\"ListItem\",\"@id\":\"https:\\\/\\\/www.eldigitaldeasturias.com\\\/noticias\\\/category\\\/actualidad\\\/#listItem\",\"name\":\"Actualidad\"}}]},{\"@type\":\"Organization\",\"@id\":\"https:\\\/\\\/www.eldigitaldeasturias.com\\\/noticias\\\/#organization\",\"name\":\"El Digital de Asturias\",\"description\":\"Hemeroteca\",\"url\":\"https:\\\/\\\/www.eldigitaldeasturias.com\\\/noticias\\\/\",\"email\":\"info@eldigitaldeasturias.com\",\"telephone\":\"+34652131393\",\"logo\":{\"@type\":\"ImageObject\",\"url\":\"https:\\\/\\\/www.eldigitaldeasturias.com\\\/noticias\\\/wp-content\\\/uploads\\\/2020\\\/12\\\/EDA.jpg\",\"@id\":\"https:\\\/\\\/www.eldigitaldeasturias.com\\\/noticias\\\/el-ministerio-de-educacion-cultura-y-deporte-inicia-el-expediente-para-declarar-la-zarzuela-patrimonio-cultural-inmaterial\\\/#organizationLogo\"},\"image\":{\"@id\":\"https:\\\/\\\/www.eldigitaldeasturias.com\\\/noticias\\\/el-ministerio-de-educacion-cultura-y-deporte-inicia-el-expediente-para-declarar-la-zarzuela-patrimonio-cultural-inmaterial\\\/#organizationLogo\"},\"sameAs\":[\"https:\\\/\\\/facebook.com\\\/eldigitaldeasturias\",\"https:\\\/\\\/www.youtube.com\\\/channel\\\/UCZP-2wLEB9Rv6erhFmqVnvg\"],\"address\":{\"@id\":\"https:\\\/\\\/www.eldigitaldeasturias.com\\\/noticias\\\/#postaladdress\",\"@type\":\"PostalAddress\",\"streetAddress\":\"san antonio 4\",\"postalCode\":\"33430\",\"addressLocality\":\"Cand\\u00e1s\",\"addressRegion\":\"Asturias\",\"addressCountry\":\"ES\"}},{\"@type\":\"Person\",\"@id\":\"https:\\\/\\\/www.eldigitaldeasturias.com\\\/noticias\\\/author\\\/admin\\\/#author\",\"url\":\"https:\\\/\\\/www.eldigitaldeasturias.com\\\/noticias\\\/author\\\/admin\\\/\",\"name\":\"El Digital de Asturias\",\"image\":{\"@type\":\"ImageObject\",\"@id\":\"https:\\\/\\\/www.eldigitaldeasturias.com\\\/noticias\\\/el-ministerio-de-educacion-cultura-y-deporte-inicia-el-expediente-para-declarar-la-zarzuela-patrimonio-cultural-inmaterial\\\/#authorImage\",\"url\":\"https:\\\/\\\/secure.gravatar.com\\\/avatar\\\/df2aeffc32bcd13f8d26072ef8a91b623d677766deac7f97ca815868cd41bf5e?s=96&d=mm&r=g\",\"width\":96,\"height\":96,\"caption\":\"El Digital de Asturias\"}},{\"@type\":\"WebPage\",\"@id\":\"https:\\\/\\\/www.eldigitaldeasturias.com\\\/noticias\\\/el-ministerio-de-educacion-cultura-y-deporte-inicia-el-expediente-para-declarar-la-zarzuela-patrimonio-cultural-inmaterial\\\/#webpage\",\"url\":\"https:\\\/\\\/www.eldigitaldeasturias.com\\\/noticias\\\/el-ministerio-de-educacion-cultura-y-deporte-inicia-el-expediente-para-declarar-la-zarzuela-patrimonio-cultural-inmaterial\\\/\",\"name\":\"El Ministerio de Educaci\\u00f3n, Cultura y Deporte inicia el expediente para declarar la Zarzuela Patrimonio Cultural Inmaterial - El Digital de Asturias\",\"description\":\"El Ministerio de Educaci\\u00f3n, Cultura y Deporte ha iniciado los tr\\u00e1mites para declarar la Zarzuela Manifestaci\\u00f3n Representativa del Patrimonio Cultural Inmaterial, una iniciativa que forma parte de la estrategia pol\\u00edtica de potenciar y proteger el g\\u00e9nero de la Zarzuela. \\u200bEl Ministerio considera que la Zarzuela es un patrimonio cultural de todos los espa\\u00f1oles y con\",\"inLanguage\":\"es-ES\",\"isPartOf\":{\"@id\":\"https:\\\/\\\/www.eldigitaldeasturias.com\\\/noticias\\\/#website\"},\"breadcrumb\":{\"@id\":\"https:\\\/\\\/www.eldigitaldeasturias.com\\\/noticias\\\/el-ministerio-de-educacion-cultura-y-deporte-inicia-el-expediente-para-declarar-la-zarzuela-patrimonio-cultural-inmaterial\\\/#breadcrumblist\"},\"author\":{\"@id\":\"https:\\\/\\\/www.eldigitaldeasturias.com\\\/noticias\\\/author\\\/admin\\\/#author\"},\"creator\":{\"@id\":\"https:\\\/\\\/www.eldigitaldeasturias.com\\\/noticias\\\/author\\\/admin\\\/#author\"},\"image\":{\"@type\":\"ImageObject\",\"url\":974836,\"@id\":\"https:\\\/\\\/www.eldigitaldeasturias.com\\\/noticias\\\/el-ministerio-de-educacion-cultura-y-deporte-inicia-el-expediente-para-declarar-la-zarzuela-patrimonio-cultural-inmaterial\\\/#mainImage\"},\"primaryImageOfPage\":{\"@id\":\"https:\\\/\\\/www.eldigitaldeasturias.com\\\/noticias\\\/el-ministerio-de-educacion-cultura-y-deporte-inicia-el-expediente-para-declarar-la-zarzuela-patrimonio-cultural-inmaterial\\\/#mainImage\"},\"datePublished\":\"2018-04-05T04:22:40+02:00\",\"dateModified\":\"2018-04-05T04:22:40+02:00\"},{\"@type\":\"WebSite\",\"@id\":\"https:\\\/\\\/www.eldigitaldeasturias.com\\\/noticias\\\/#website\",\"url\":\"https:\\\/\\\/www.eldigitaldeasturias.com\\\/noticias\\\/\",\"name\":\"El Digital de Asturias - Diario de actualidad y noticias\",\"alternateName\":\"El Digital de Asturias - Diario de actualidad y noticias\",\"description\":\"Hemeroteca\",\"inLanguage\":\"es-ES\",\"publisher\":{\"@id\":\"https:\\\/\\\/www.eldigitaldeasturias.com\\\/noticias\\\/#organization\"}}]}\n\t\t<\/script>\n\t\t<!-- All in One SEO Pro -->\r\n\t\t<title>El Ministerio de Educaci\u00f3n, Cultura y Deporte inicia el expediente para declarar la Zarzuela Patrimonio Cultural Inmaterial - El Digital de Asturias<\/title>\n\n","aioseo_head_json":{"title":"El Ministerio de Educaci\u00f3n, Cultura y Deporte inicia el expediente para declarar la Zarzuela Patrimonio Cultural Inmaterial - El Digital de Asturias","description":"El Ministerio de Educaci\u00f3n, Cultura y Deporte ha iniciado los tr\u00e1mites para declarar la Zarzuela Manifestaci\u00f3n Representativa del Patrimonio Cultural Inmaterial, una iniciativa que forma parte de la estrategia pol\u00edtica de potenciar y proteger el g\u00e9nero de la Zarzuela. \u200bEl Ministerio considera que la Zarzuela es un patrimonio cultural de todos los espa\u00f1oles y con","canonical_url":"https:\/\/www.eldigitaldeasturias.com\/noticias\/el-ministerio-de-educacion-cultura-y-deporte-inicia-el-expediente-para-declarar-la-zarzuela-patrimonio-cultural-inmaterial\/","robots":"max-image-preview:large","keywords":"actualidad","webmasterTools":{"google-site-verification":"UA-38556648-1","msvalidate.01":"7dfe9f3f1b24437ab69f4f2559babe99","miscellaneous":""},"schema":{"@context":"https:\/\/schema.org","@graph":[{"@type":"BlogPosting","@id":"https:\/\/www.eldigitaldeasturias.com\/noticias\/el-ministerio-de-educacion-cultura-y-deporte-inicia-el-expediente-para-declarar-la-zarzuela-patrimonio-cultural-inmaterial\/#blogposting","name":"El Ministerio de Educaci\u00f3n, Cultura y Deporte inicia el expediente para declarar la Zarzuela Patrimonio Cultural Inmaterial - El Digital de Asturias","headline":"El Ministerio de Educaci\u00f3n, Cultura y Deporte inicia el expediente para declarar la Zarzuela Patrimonio Cultural Inmaterial","author":{"@id":"https:\/\/www.eldigitaldeasturias.com\/noticias\/author\/admin\/#author"},"publisher":{"@id":"https:\/\/www.eldigitaldeasturias.com\/noticias\/#organization"},"image":{"@type":"ImageObject","url":974836},"datePublished":"2018-04-05T04:22:40+02:00","dateModified":"2018-04-05T04:22:40+02:00","inLanguage":"es-ES","mainEntityOfPage":{"@id":"https:\/\/www.eldigitaldeasturias.com\/noticias\/el-ministerio-de-educacion-cultura-y-deporte-inicia-el-expediente-para-declarar-la-zarzuela-patrimonio-cultural-inmaterial\/#webpage"},"isPartOf":{"@id":"https:\/\/www.eldigitaldeasturias.com\/noticias\/el-ministerio-de-educacion-cultura-y-deporte-inicia-el-expediente-para-declarar-la-zarzuela-patrimonio-cultural-inmaterial\/#webpage"},"articleSection":"Actualidad"},{"@type":"BreadcrumbList","@id":"https:\/\/www.eldigitaldeasturias.com\/noticias\/el-ministerio-de-educacion-cultura-y-deporte-inicia-el-expediente-para-declarar-la-zarzuela-patrimonio-cultural-inmaterial\/#breadcrumblist","itemListElement":[{"@type":"ListItem","@id":"https:\/\/www.eldigitaldeasturias.com\/noticias#listItem","position":1,"name":"Home","item":"https:\/\/www.eldigitaldeasturias.com\/noticias","nextItem":{"@type":"ListItem","@id":"https:\/\/www.eldigitaldeasturias.com\/noticias\/category\/actualidad\/#listItem","name":"Actualidad"}},{"@type":"ListItem","@id":"https:\/\/www.eldigitaldeasturias.com\/noticias\/category\/actualidad\/#listItem","position":2,"name":"Actualidad","item":"https:\/\/www.eldigitaldeasturias.com\/noticias\/category\/actualidad\/","nextItem":{"@type":"ListItem","@id":"https:\/\/www.eldigitaldeasturias.com\/noticias\/el-ministerio-de-educacion-cultura-y-deporte-inicia-el-expediente-para-declarar-la-zarzuela-patrimonio-cultural-inmaterial\/#listItem","name":"El Ministerio de Educaci\u00f3n, Cultura y Deporte inicia el expediente para declarar la Zarzuela Patrimonio Cultural Inmaterial"},"previousItem":{"@type":"ListItem","@id":"https:\/\/www.eldigitaldeasturias.com\/noticias#listItem","name":"Home"}},{"@type":"ListItem","@id":"https:\/\/www.eldigitaldeasturias.com\/noticias\/el-ministerio-de-educacion-cultura-y-deporte-inicia-el-expediente-para-declarar-la-zarzuela-patrimonio-cultural-inmaterial\/#listItem","position":3,"name":"El Ministerio de Educaci\u00f3n, Cultura y Deporte inicia el expediente para declarar la Zarzuela Patrimonio Cultural Inmaterial","previousItem":{"@type":"ListItem","@id":"https:\/\/www.eldigitaldeasturias.com\/noticias\/category\/actualidad\/#listItem","name":"Actualidad"}}]},{"@type":"Organization","@id":"https:\/\/www.eldigitaldeasturias.com\/noticias\/#organization","name":"El Digital de Asturias","description":"Hemeroteca","url":"https:\/\/www.eldigitaldeasturias.com\/noticias\/","email":"info@eldigitaldeasturias.com","telephone":"+34652131393","logo":{"@type":"ImageObject","url":"https:\/\/www.eldigitaldeasturias.com\/noticias\/wp-content\/uploads\/2020\/12\/EDA.jpg","@id":"https:\/\/www.eldigitaldeasturias.com\/noticias\/el-ministerio-de-educacion-cultura-y-deporte-inicia-el-expediente-para-declarar-la-zarzuela-patrimonio-cultural-inmaterial\/#organizationLogo"},"image":{"@id":"https:\/\/www.eldigitaldeasturias.com\/noticias\/el-ministerio-de-educacion-cultura-y-deporte-inicia-el-expediente-para-declarar-la-zarzuela-patrimonio-cultural-inmaterial\/#organizationLogo"},"sameAs":["https:\/\/facebook.com\/eldigitaldeasturias","https:\/\/www.youtube.com\/channel\/UCZP-2wLEB9Rv6erhFmqVnvg"],"address":{"@id":"https:\/\/www.eldigitaldeasturias.com\/noticias\/#postaladdress","@type":"PostalAddress","streetAddress":"san antonio 4","postalCode":"33430","addressLocality":"Cand\u00e1s","addressRegion":"Asturias","addressCountry":"ES"}},{"@type":"Person","@id":"https:\/\/www.eldigitaldeasturias.com\/noticias\/author\/admin\/#author","url":"https:\/\/www.eldigitaldeasturias.com\/noticias\/author\/admin\/","name":"El Digital de Asturias","image":{"@type":"ImageObject","@id":"https:\/\/www.eldigitaldeasturias.com\/noticias\/el-ministerio-de-educacion-cultura-y-deporte-inicia-el-expediente-para-declarar-la-zarzuela-patrimonio-cultural-inmaterial\/#authorImage","url":"https:\/\/secure.gravatar.com\/avatar\/df2aeffc32bcd13f8d26072ef8a91b623d677766deac7f97ca815868cd41bf5e?s=96&d=mm&r=g","width":96,"height":96,"caption":"El Digital de Asturias"}},{"@type":"WebPage","@id":"https:\/\/www.eldigitaldeasturias.com\/noticias\/el-ministerio-de-educacion-cultura-y-deporte-inicia-el-expediente-para-declarar-la-zarzuela-patrimonio-cultural-inmaterial\/#webpage","url":"https:\/\/www.eldigitaldeasturias.com\/noticias\/el-ministerio-de-educacion-cultura-y-deporte-inicia-el-expediente-para-declarar-la-zarzuela-patrimonio-cultural-inmaterial\/","name":"El Ministerio de Educaci\u00f3n, Cultura y Deporte inicia el expediente para declarar la Zarzuela Patrimonio Cultural Inmaterial - El Digital de Asturias","description":"El Ministerio de Educaci\u00f3n, Cultura y Deporte ha iniciado los tr\u00e1mites para declarar la Zarzuela Manifestaci\u00f3n Representativa del Patrimonio Cultural Inmaterial, una iniciativa que forma parte de la estrategia pol\u00edtica de potenciar y proteger el g\u00e9nero de la Zarzuela. \u200bEl Ministerio considera que la Zarzuela es un patrimonio cultural de todos los espa\u00f1oles y con","inLanguage":"es-ES","isPartOf":{"@id":"https:\/\/www.eldigitaldeasturias.com\/noticias\/#website"},"breadcrumb":{"@id":"https:\/\/www.eldigitaldeasturias.com\/noticias\/el-ministerio-de-educacion-cultura-y-deporte-inicia-el-expediente-para-declarar-la-zarzuela-patrimonio-cultural-inmaterial\/#breadcrumblist"},"author":{"@id":"https:\/\/www.eldigitaldeasturias.com\/noticias\/author\/admin\/#author"},"creator":{"@id":"https:\/\/www.eldigitaldeasturias.com\/noticias\/author\/admin\/#author"},"image":{"@type":"ImageObject","url":974836,"@id":"https:\/\/www.eldigitaldeasturias.com\/noticias\/el-ministerio-de-educacion-cultura-y-deporte-inicia-el-expediente-para-declarar-la-zarzuela-patrimonio-cultural-inmaterial\/#mainImage"},"primaryImageOfPage":{"@id":"https:\/\/www.eldigitaldeasturias.com\/noticias\/el-ministerio-de-educacion-cultura-y-deporte-inicia-el-expediente-para-declarar-la-zarzuela-patrimonio-cultural-inmaterial\/#mainImage"},"datePublished":"2018-04-05T04:22:40+02:00","dateModified":"2018-04-05T04:22:40+02:00"},{"@type":"WebSite","@id":"https:\/\/www.eldigitaldeasturias.com\/noticias\/#website","url":"https:\/\/www.eldigitaldeasturias.com\/noticias\/","name":"El Digital de Asturias - Diario de actualidad y noticias","alternateName":"El Digital de Asturias - Diario de actualidad y noticias","description":"Hemeroteca","inLanguage":"es-ES","publisher":{"@id":"https:\/\/www.eldigitaldeasturias.com\/noticias\/#organization"}}]},"og:locale":"es_ES","og:site_name":"El Digital de Asturias","og:type":"article","og:title":"El Ministerio de Educaci\u00f3n, Cultura y Deporte inicia el expediente para declarar la Zarzuela Patrimonio Cultural Inmaterial - El Digital de Asturias","og:description":"El Ministerio de Educaci\u00f3n, Cultura y Deporte ha iniciado los tr\u00e1mites para declarar la Zarzuela Manifestaci\u00f3n Representativa del Patrimonio Cultural Inmaterial, una iniciativa que forma parte de la estrategia pol\u00edtica de potenciar y proteger el g\u00e9nero de la Zarzuela. \u200bEl Ministerio considera que la Zarzuela es un patrimonio cultural de todos los espa\u00f1oles y con","og:url":"https:\/\/www.eldigitaldeasturias.com\/noticias\/el-ministerio-de-educacion-cultura-y-deporte-inicia-el-expediente-para-declarar-la-zarzuela-patrimonio-cultural-inmaterial\/","article:tag":["actualidad"],"article:published_time":"2018-04-05T04:22:40+00:00","article:modified_time":"2018-04-05T04:22:40+00:00","article:publisher":"https:\/\/facebook.com\/eldigitaldeasturias","twitter:card":"summary_large_image","twitter:title":"El Ministerio de Educaci\u00f3n, Cultura y Deporte inicia el expediente para declarar la Zarzuela Patrimonio Cultural Inmaterial - El Digital de Asturias","twitter:description":"El Ministerio de Educaci\u00f3n, Cultura y Deporte ha iniciado los tr\u00e1mites para declarar la Zarzuela Manifestaci\u00f3n Representativa del Patrimonio Cultural Inmaterial, una iniciativa que forma parte de la estrategia pol\u00edtica de potenciar y proteger el g\u00e9nero de la Zarzuela. \u200bEl Ministerio considera que la Zarzuela es un patrimonio cultural de todos los espa\u00f1oles y con","twitter:image":"https:\/\/www.eldigitaldeasturias.com\/noticias\/wp-content\/uploads\/2020\/12\/EDA-1.jpg","twitter:label1":"Escrito por","twitter:data1":"El Digital de Asturias","twitter:label2":"Tiempo de lectura estimado","twitter:data2":"2 minutos"},"aioseo_meta_data":{"post_id":"974835","title":null,"description":null,"keywords":null,"keyphrases":null,"primary_term":null,"canonical_url":null,"og_title":null,"og_description":null,"og_object_type":"default","og_image_type":"default","og_image_url":null,"og_image_width":null,"og_image_height":null,"og_image_custom_url":null,"og_image_custom_fields":null,"og_video":null,"og_custom_url":null,"og_article_section":null,"og_article_tags":null,"twitter_use_og":false,"twitter_card":"default","twitter_image_type":"default","twitter_image_url":null,"twitter_image_custom_url":null,"twitter_image_custom_fields":null,"twitter_title":null,"twitter_description":null,"schema":{"blockGraphs":[],"customGraphs":[],"default":{"data":{"Article":[],"Course":[],"Dataset":[],"FAQPage":[],"Movie":[],"Person":[],"Product":[],"ProductReview":[],"Car":[],"Recipe":[],"Service":[],"SoftwareApplication":[],"WebPage":[]},"graphName":"","isEnabled":true},"graphs":[],"defaultGraph":"","defaultPostTypeGraph":""},"schema_type":null,"schema_type_options":null,"pillar_content":false,"robots_default":true,"robots_noindex":false,"robots_noarchive":false,"robots_nosnippet":false,"robots_nofollow":false,"robots_noimageindex":false,"robots_noodp":false,"robots_notranslate":false,"robots_max_snippet":null,"robots_max_videopreview":null,"robots_max_imagepreview":"large","priority":null,"frequency":null,"local_seo":null,"seo_analyzer_scan_date":"2025-10-07 21:39:07","breadcrumb_settings":null,"limit_modified_date":false,"open_ai":null,"ai":null,"created":"2020-12-21 12:12:39","updated":"2025-10-07 21:39:07","focus_keyword":null,"additional_keywords":null,"truseo_locale":null},"aioseo_breadcrumb":"<div class=\"aioseo-breadcrumbs\"><span class=\"aioseo-breadcrumb\">\n\t<a href=\"https:\/\/www.eldigitaldeasturias.com\/noticias\" title=\"Home\">Home<\/a>\n<\/span><span class=\"aioseo-breadcrumb-separator\">\u2013<\/span><span class=\"aioseo-breadcrumb\">\n\t<a href=\"https:\/\/www.eldigitaldeasturias.com\/noticias\/category\/actualidad\/\" title=\"Actualidad\">Actualidad<\/a>\n<\/span><span class=\"aioseo-breadcrumb-separator\">\u2013<\/span><span class=\"aioseo-breadcrumb\">\n\t<a href=\"https:\/\/www.eldigitaldeasturias.com\/noticias\/el-ministerio-de-educacion-cultura-y-deporte-inicia-el-expediente-para-declarar-la-zarzuela-patrimonio-cultural-inmaterial\/\" title=\"El Ministerio de Educaci\u00f3n, Cultura y Deporte inicia el expediente para declarar la Zarzuela Patrimonio Cultural Inmaterial\">El Ministerio de Educaci\u00f3n, Cultura y Deporte inicia el expediente para declarar la Zarzuela Patrimonio Cultural Inmaterial<\/a>\n<\/span><\/div>","aioseo_breadcrumb_json":[{"label":"Home","link":"https:\/\/www.eldigitaldeasturias.com\/noticias"},{"label":"Actualidad","link":"https:\/\/www.eldigitaldeasturias.com\/noticias\/category\/actualidad\/"},{"label":"El Ministerio de Educaci\u00f3n, Cultura y Deporte inicia el expediente para declarar la Zarzuela Patrimonio Cultural Inmaterial","link":"https:\/\/www.eldigitaldeasturias.com\/noticias\/el-ministerio-de-educacion-cultura-y-deporte-inicia-el-expediente-para-declarar-la-zarzuela-patrimonio-cultural-inmaterial\/"}],"_links":{"self":[{"href":"https:\/\/www.eldigitaldeasturias.com\/noticias\/wp-json\/wp\/v2\/posts\/974835","targetHints":{"allow":["GET"]}}],"collection":[{"href":"https:\/\/www.eldigitaldeasturias.com\/noticias\/wp-json\/wp\/v2\/posts"}],"about":[{"href":"https:\/\/www.eldigitaldeasturias.com\/noticias\/wp-json\/wp\/v2\/types\/post"}],"author":[{"embeddable":true,"href":"https:\/\/www.eldigitaldeasturias.com\/noticias\/wp-json\/wp\/v2\/users\/1"}],"replies":[{"embeddable":true,"href":"https:\/\/www.eldigitaldeasturias.com\/noticias\/wp-json\/wp\/v2\/comments?post=974835"}],"version-history":[{"count":0,"href":"https:\/\/www.eldigitaldeasturias.com\/noticias\/wp-json\/wp\/v2\/posts\/974835\/revisions"}],"wp:attachment":[{"href":"https:\/\/www.eldigitaldeasturias.com\/noticias\/wp-json\/wp\/v2\/media?parent=974835"}],"wp:term":[{"taxonomy":"category","embeddable":true,"href":"https:\/\/www.eldigitaldeasturias.com\/noticias\/wp-json\/wp\/v2\/categories?post=974835"},{"taxonomy":"post_tag","embeddable":true,"href":"https:\/\/www.eldigitaldeasturias.com\/noticias\/wp-json\/wp\/v2\/tags?post=974835"}],"curies":[{"name":"wp","href":"https:\/\/api.w.org\/{rel}","templated":true}]}}