{"id":974820,"date":"2018-04-05T02:45:21","date_gmt":"2018-04-05T02:45:21","guid":{"rendered":"http:\/\/www.eldigitaldeasturias.com\/noticias\/?p=974820"},"modified":"2018-04-05T02:45:29","modified_gmt":"2018-04-05T02:45:29","slug":"el-psoe-anima-a-la-ciudadania-a-marcar-la-casilla-de-la-solidaridad-en-la-declaracion-de-la-renta","status":"publish","type":"post","link":"https:\/\/www.eldigitaldeasturias.com\/noticias\/el-psoe-anima-a-la-ciudadania-a-marcar-la-casilla-de-la-solidaridad-en-la-declaracion-de-la-renta\/","title":{"rendered":"El PSOE anima a la ciudadan\u00eda a marcar la casilla de la solidaridad en la Declaraci\u00f3n de la Renta"},"content":{"rendered":"<p><img loading=\"lazy\" decoding=\"async\" class=\"alignleft size-medium wp-image-539964\" src=\"https:\/\/www.eldigitaldeasturias.com\/noticias\/wp-content\/uploads\/2014\/06\/6328976whacienda-360x255.jpg\" alt=\"\" width=\"360\" height=\"255\" \/>Como cada a\u00f1o por estas fechas comienza la campa\u00f1a para presentar la declaraci\u00f3n de la renta y el PSOE hace un llamamiento a la ciudadan\u00eda para que marque la casilla solidaria denominada \u201cActividades de Inter\u00e9s Social\u201d en su declaraci\u00f3n, destinando as\u00ed un 0,7% del impuesto a las personas que m\u00e1s lo necesiten por su situaci\u00f3n de vulnerabilidad o de riesgo de exclusi\u00f3n.<\/p>\n<p>El secretario ejecutivo de Movimientos Sociales del PSOE, Ignacio L\u00f3pez, ha afirmado que \u201cgracias a la solidaridad ciudadana a trav\u00e9s del Impuesto sobre la Renta de las Personas F\u00edsicas se recaudaron el a\u00f1o pasado m\u00e1s de 300 millones de euros que fueron gestionados por entidades sociales de todo el pa\u00eds a trav\u00e9s de programas y proyectos con los que se pudieron mejorar las condiciones de vida de 7 millones de personas entre mayores, j\u00f3venes, mujeres v\u00edctimas de violencia machista, personas sin hogar, personas con discapacidad, personas con escasos recursos y en riesgo de exclusi\u00f3n, etc.\u201d.<\/p>\n<p>Por su parte, la secretaria de Servicios Sociales, Dependencia y Discapacidad, Bego\u00f1a Garc\u00eda Retegui, subray\u00f3 que \u201cel 0,7 del impuesto es una forma activa de ejercer la solidaridad\u201d y que \u201cmarcar la casilla 106 de la declaraci\u00f3n es muy necesario y m\u00e1s a\u00fan cuando el gobierno del Partido Popular en estos a\u00f1os ha reducido tanto los fondos p\u00fablicos para asuntos sociales\u201d.<\/p>\n<p>L\u00f3pez y Retegui han aclarado que el 0,7% destinado a la iglesia es compatible con el destinado a fines de inter\u00e9s social. \u201cQuien marque la casilla de la iglesia puede tambi\u00e9n marcar la casilla de inter\u00e9s social\u201d han subrayado ambos dirigentes, a\u00f1adiendo que \u201csi se lograra que todos los contribuyentes marcaran la casilla de la solidaridad se duplicar\u00edan los fondos sociales y se conseguir\u00eda mejorar la vida de mucha m\u00e1s gente\u201d; raz\u00f3n por la que tambi\u00e9n \u201cdesde el PSOE pedimos al gobierno una campa\u00f1a informativa para animar a la ciudadan\u00eda a marcar esta casilla de la renta y a los medios de comunicaci\u00f3n que cedan espacios publicitarios a las iniciativas puestas en marcha por las ONGs para concienciar a la ciudadan\u00eda y que se conozca m\u00e1s y mejor esta posibilidad\u201d.<\/p>\n<p>El PSOE recuerda que la casilla solidaria \u2013que est\u00e1 a punto de cumplir 30 a\u00f1os- fue una iniciativa socialista que se ha ido consolidando a\u00f1o tras a\u00f1o e incrementando la recaudaci\u00f3n y el n\u00famero de personas que la marcan. \u201cConfiamos en que en cada vez sean m\u00e1s quienes lo hagan y se constate el ideal solidario de la inmensa mayor\u00eda de la sociedad espa\u00f1ola\u201d.<\/p>\n","protected":false},"excerpt":{"rendered":"<p>Como cada a\u00f1o por estas fechas comienza la campa\u00f1a para presentar la declaraci\u00f3n de la renta y el PSOE hace un llamamiento a la ciudadan\u00eda para que marque la casilla solidaria denominada \u201cActividades de Inter\u00e9s Social\u201d en su declaraci\u00f3n, destinando as\u00ed un 0,7% del impuesto a las personas que m\u00e1s lo necesiten por su situaci\u00f3n [&hellip;]<\/p>\n","protected":false},"author":1,"featured_media":528064,"comment_status":"closed","ping_status":"closed","sticky":false,"template":"","format":"standard","meta":{"footnotes":""},"categories":[1],"tags":[],"class_list":["post-974820","post","type-post","status-publish","format-standard","has-post-thumbnail","hentry","category-actualidad"],"aioseo_notices":[],"aioseo_head":"\n\t\t<!-- All in One SEO Pro 5.0.1 - aioseo.com -->\n\t<meta name=\"description\" content=\"Como cada a\u00f1o por estas fechas comienza la campa\u00f1a para presentar la declaraci\u00f3n de la renta y el PSOE hace un llamamiento a la ciudadan\u00eda para que marque la casilla solidaria denominada \u201cActividades de Inter\u00e9s Social\u201d en su declaraci\u00f3n, destinando as\u00ed un 0,7% del impuesto a las personas que m\u00e1s lo necesiten por su situaci\u00f3n\" \/>\n\t<meta name=\"robots\" content=\"max-image-preview:large\" \/>\n\t<meta name=\"author\" content=\"El Digital de Asturias\"\/>\n\t<meta name=\"google-site-verification\" content=\"UA-38556648-1\" \/>\n\t<meta name=\"msvalidate.01\" content=\"7dfe9f3f1b24437ab69f4f2559babe99\" \/>\n\t<meta name=\"keywords\" content=\"actualidad\" \/>\n\t<link rel=\"canonical\" href=\"https:\/\/www.eldigitaldeasturias.com\/noticias\/el-psoe-anima-a-la-ciudadania-a-marcar-la-casilla-de-la-solidaridad-en-la-declaracion-de-la-renta\/\" \/>\n\t<meta name=\"generator\" content=\"All in One SEO Pro (AIOSEO) 5.0.1\" \/>\n\t\t<meta property=\"og:locale\" content=\"es_ES\" \/>\n\t\t<meta property=\"og:site_name\" content=\"El Digital de Asturias\" \/>\n\t\t<meta property=\"og:type\" content=\"article\" \/>\n\t\t<meta property=\"og:title\" content=\"El PSOE anima a la ciudadan\u00eda a marcar la casilla de la solidaridad en la Declaraci\u00f3n de la Renta - El Digital de Asturias\" \/>\n\t\t<meta property=\"og:description\" content=\"Como cada a\u00f1o por estas fechas comienza la campa\u00f1a para presentar la declaraci\u00f3n de la renta y el PSOE hace un llamamiento a la ciudadan\u00eda para que marque la casilla solidaria denominada \u201cActividades de Inter\u00e9s Social\u201d en su declaraci\u00f3n, destinando as\u00ed un 0,7% del impuesto a las personas que m\u00e1s lo necesiten por su situaci\u00f3n\" \/>\n\t\t<meta property=\"og:url\" content=\"https:\/\/www.eldigitaldeasturias.com\/noticias\/el-psoe-anima-a-la-ciudadania-a-marcar-la-casilla-de-la-solidaridad-en-la-declaracion-de-la-renta\/\" \/>\n\t\t<meta property=\"article:tag\" content=\"actualidad\" \/>\n\t\t<meta property=\"article:published_time\" content=\"2018-04-05T02:45:21+00:00\" \/>\n\t\t<meta property=\"article:modified_time\" content=\"2018-04-05T02:45:29+00:00\" \/>\n\t\t<meta property=\"article:publisher\" content=\"https:\/\/facebook.com\/eldigitaldeasturias\" \/>\n\t\t<meta name=\"twitter:card\" content=\"summary_large_image\" \/>\n\t\t<meta name=\"twitter:title\" content=\"El PSOE anima a la ciudadan\u00eda a marcar la casilla de la solidaridad en la Declaraci\u00f3n de la Renta - El Digital de Asturias\" \/>\n\t\t<meta name=\"twitter:description\" content=\"Como cada a\u00f1o por estas fechas comienza la campa\u00f1a para presentar la declaraci\u00f3n de la renta y el PSOE hace un llamamiento a la ciudadan\u00eda para que marque la casilla solidaria denominada \u201cActividades de Inter\u00e9s Social\u201d en su declaraci\u00f3n, destinando as\u00ed un 0,7% del impuesto a las personas que m\u00e1s lo necesiten por su situaci\u00f3n\" \/>\n\t\t<meta name=\"twitter:image\" content=\"https:\/\/www.eldigitaldeasturias.com\/noticias\/wp-content\/uploads\/2020\/12\/EDA-1.jpg\" \/>\n\t\t<meta name=\"twitter:label1\" content=\"Escrito por\" \/>\n\t\t<meta name=\"twitter:data1\" content=\"El Digital de Asturias\" \/>\n\t\t<meta name=\"twitter:label2\" content=\"Tiempo de lectura estimado\" \/>\n\t\t<meta name=\"twitter:data2\" content=\"2 minutos\" \/>\n\t\t<script type=\"application\/ld+json\" class=\"aioseo-schema\">\n\t\t\t{\"@context\":\"https:\\\/\\\/schema.org\",\"@graph\":[{\"@type\":\"BlogPosting\",\"@id\":\"https:\\\/\\\/www.eldigitaldeasturias.com\\\/noticias\\\/el-psoe-anima-a-la-ciudadania-a-marcar-la-casilla-de-la-solidaridad-en-la-declaracion-de-la-renta\\\/#blogposting\",\"name\":\"El PSOE anima a la ciudadan\\u00eda a marcar la casilla de la solidaridad en la Declaraci\\u00f3n de la Renta - El Digital de Asturias\",\"headline\":\"El PSOE anima a la ciudadan\\u00eda a marcar la casilla de la solidaridad en la Declaraci\\u00f3n de la Renta\",\"author\":{\"@id\":\"https:\\\/\\\/www.eldigitaldeasturias.com\\\/noticias\\\/author\\\/admin\\\/#author\"},\"publisher\":{\"@id\":\"https:\\\/\\\/www.eldigitaldeasturias.com\\\/noticias\\\/#organization\"},\"image\":{\"@type\":\"ImageObject\",\"url\":528064},\"datePublished\":\"2018-04-05T02:45:21+02:00\",\"dateModified\":\"2018-04-05T02:45:29+02:00\",\"inLanguage\":\"es-ES\",\"mainEntityOfPage\":{\"@id\":\"https:\\\/\\\/www.eldigitaldeasturias.com\\\/noticias\\\/el-psoe-anima-a-la-ciudadania-a-marcar-la-casilla-de-la-solidaridad-en-la-declaracion-de-la-renta\\\/#webpage\"},\"isPartOf\":{\"@id\":\"https:\\\/\\\/www.eldigitaldeasturias.com\\\/noticias\\\/el-psoe-anima-a-la-ciudadania-a-marcar-la-casilla-de-la-solidaridad-en-la-declaracion-de-la-renta\\\/#webpage\"},\"articleSection\":\"Actualidad\"},{\"@type\":\"BreadcrumbList\",\"@id\":\"https:\\\/\\\/www.eldigitaldeasturias.com\\\/noticias\\\/el-psoe-anima-a-la-ciudadania-a-marcar-la-casilla-de-la-solidaridad-en-la-declaracion-de-la-renta\\\/#breadcrumblist\",\"itemListElement\":[{\"@type\":\"ListItem\",\"@id\":\"https:\\\/\\\/www.eldigitaldeasturias.com\\\/noticias#listItem\",\"position\":1,\"name\":\"Home\",\"item\":\"https:\\\/\\\/www.eldigitaldeasturias.com\\\/noticias\",\"nextItem\":{\"@type\":\"ListItem\",\"@id\":\"https:\\\/\\\/www.eldigitaldeasturias.com\\\/noticias\\\/category\\\/actualidad\\\/#listItem\",\"name\":\"Actualidad\"}},{\"@type\":\"ListItem\",\"@id\":\"https:\\\/\\\/www.eldigitaldeasturias.com\\\/noticias\\\/category\\\/actualidad\\\/#listItem\",\"position\":2,\"name\":\"Actualidad\",\"item\":\"https:\\\/\\\/www.eldigitaldeasturias.com\\\/noticias\\\/category\\\/actualidad\\\/\",\"nextItem\":{\"@type\":\"ListItem\",\"@id\":\"https:\\\/\\\/www.eldigitaldeasturias.com\\\/noticias\\\/el-psoe-anima-a-la-ciudadania-a-marcar-la-casilla-de-la-solidaridad-en-la-declaracion-de-la-renta\\\/#listItem\",\"name\":\"El PSOE anima a la ciudadan\\u00eda a marcar la casilla de la solidaridad en la Declaraci\\u00f3n de la Renta\"},\"previousItem\":{\"@type\":\"ListItem\",\"@id\":\"https:\\\/\\\/www.eldigitaldeasturias.com\\\/noticias#listItem\",\"name\":\"Home\"}},{\"@type\":\"ListItem\",\"@id\":\"https:\\\/\\\/www.eldigitaldeasturias.com\\\/noticias\\\/el-psoe-anima-a-la-ciudadania-a-marcar-la-casilla-de-la-solidaridad-en-la-declaracion-de-la-renta\\\/#listItem\",\"position\":3,\"name\":\"El PSOE anima a la ciudadan\\u00eda a marcar la casilla de la solidaridad en la Declaraci\\u00f3n de la Renta\",\"previousItem\":{\"@type\":\"ListItem\",\"@id\":\"https:\\\/\\\/www.eldigitaldeasturias.com\\\/noticias\\\/category\\\/actualidad\\\/#listItem\",\"name\":\"Actualidad\"}}]},{\"@type\":\"Organization\",\"@id\":\"https:\\\/\\\/www.eldigitaldeasturias.com\\\/noticias\\\/#organization\",\"name\":\"El Digital de Asturias\",\"description\":\"Hemeroteca\",\"url\":\"https:\\\/\\\/www.eldigitaldeasturias.com\\\/noticias\\\/\",\"email\":\"info@eldigitaldeasturias.com\",\"telephone\":\"+34652131393\",\"logo\":{\"@type\":\"ImageObject\",\"url\":\"https:\\\/\\\/www.eldigitaldeasturias.com\\\/noticias\\\/wp-content\\\/uploads\\\/2020\\\/12\\\/EDA.jpg\",\"@id\":\"https:\\\/\\\/www.eldigitaldeasturias.com\\\/noticias\\\/el-psoe-anima-a-la-ciudadania-a-marcar-la-casilla-de-la-solidaridad-en-la-declaracion-de-la-renta\\\/#organizationLogo\"},\"image\":{\"@id\":\"https:\\\/\\\/www.eldigitaldeasturias.com\\\/noticias\\\/el-psoe-anima-a-la-ciudadania-a-marcar-la-casilla-de-la-solidaridad-en-la-declaracion-de-la-renta\\\/#organizationLogo\"},\"sameAs\":[\"https:\\\/\\\/facebook.com\\\/eldigitaldeasturias\",\"https:\\\/\\\/www.youtube.com\\\/channel\\\/UCZP-2wLEB9Rv6erhFmqVnvg\"],\"address\":{\"@id\":\"https:\\\/\\\/www.eldigitaldeasturias.com\\\/noticias\\\/#postaladdress\",\"@type\":\"PostalAddress\",\"streetAddress\":\"san antonio 4\",\"postalCode\":\"33430\",\"addressLocality\":\"Cand\\u00e1s\",\"addressRegion\":\"Asturias\",\"addressCountry\":\"ES\"}},{\"@type\":\"Person\",\"@id\":\"https:\\\/\\\/www.eldigitaldeasturias.com\\\/noticias\\\/author\\\/admin\\\/#author\",\"url\":\"https:\\\/\\\/www.eldigitaldeasturias.com\\\/noticias\\\/author\\\/admin\\\/\",\"name\":\"El Digital de Asturias\",\"image\":{\"@type\":\"ImageObject\",\"@id\":\"https:\\\/\\\/www.eldigitaldeasturias.com\\\/noticias\\\/el-psoe-anima-a-la-ciudadania-a-marcar-la-casilla-de-la-solidaridad-en-la-declaracion-de-la-renta\\\/#authorImage\",\"url\":\"https:\\\/\\\/secure.gravatar.com\\\/avatar\\\/df2aeffc32bcd13f8d26072ef8a91b623d677766deac7f97ca815868cd41bf5e?s=96&d=mm&r=g\",\"width\":96,\"height\":96,\"caption\":\"El Digital de Asturias\"}},{\"@type\":\"WebPage\",\"@id\":\"https:\\\/\\\/www.eldigitaldeasturias.com\\\/noticias\\\/el-psoe-anima-a-la-ciudadania-a-marcar-la-casilla-de-la-solidaridad-en-la-declaracion-de-la-renta\\\/#webpage\",\"url\":\"https:\\\/\\\/www.eldigitaldeasturias.com\\\/noticias\\\/el-psoe-anima-a-la-ciudadania-a-marcar-la-casilla-de-la-solidaridad-en-la-declaracion-de-la-renta\\\/\",\"name\":\"El PSOE anima a la ciudadan\\u00eda a marcar la casilla de la solidaridad en la Declaraci\\u00f3n de la Renta - El Digital de Asturias\",\"description\":\"Como cada a\\u00f1o por estas fechas comienza la campa\\u00f1a para presentar la declaraci\\u00f3n de la renta y el PSOE hace un llamamiento a la ciudadan\\u00eda para que marque la casilla solidaria denominada \\u201cActividades de Inter\\u00e9s Social\\u201d en su declaraci\\u00f3n, destinando as\\u00ed un 0,7% del impuesto a las personas que m\\u00e1s lo necesiten por su situaci\\u00f3n\",\"inLanguage\":\"es-ES\",\"isPartOf\":{\"@id\":\"https:\\\/\\\/www.eldigitaldeasturias.com\\\/noticias\\\/#website\"},\"breadcrumb\":{\"@id\":\"https:\\\/\\\/www.eldigitaldeasturias.com\\\/noticias\\\/el-psoe-anima-a-la-ciudadania-a-marcar-la-casilla-de-la-solidaridad-en-la-declaracion-de-la-renta\\\/#breadcrumblist\"},\"author\":{\"@id\":\"https:\\\/\\\/www.eldigitaldeasturias.com\\\/noticias\\\/author\\\/admin\\\/#author\"},\"creator\":{\"@id\":\"https:\\\/\\\/www.eldigitaldeasturias.com\\\/noticias\\\/author\\\/admin\\\/#author\"},\"image\":{\"@type\":\"ImageObject\",\"url\":528064,\"@id\":\"https:\\\/\\\/www.eldigitaldeasturias.com\\\/noticias\\\/el-psoe-anima-a-la-ciudadania-a-marcar-la-casilla-de-la-solidaridad-en-la-declaracion-de-la-renta\\\/#mainImage\"},\"primaryImageOfPage\":{\"@id\":\"https:\\\/\\\/www.eldigitaldeasturias.com\\\/noticias\\\/el-psoe-anima-a-la-ciudadania-a-marcar-la-casilla-de-la-solidaridad-en-la-declaracion-de-la-renta\\\/#mainImage\"},\"datePublished\":\"2018-04-05T02:45:21+02:00\",\"dateModified\":\"2018-04-05T02:45:29+02:00\"},{\"@type\":\"WebSite\",\"@id\":\"https:\\\/\\\/www.eldigitaldeasturias.com\\\/noticias\\\/#website\",\"url\":\"https:\\\/\\\/www.eldigitaldeasturias.com\\\/noticias\\\/\",\"name\":\"El Digital de Asturias - Diario de actualidad y noticias\",\"alternateName\":\"El Digital de Asturias - Diario de actualidad y noticias\",\"description\":\"Hemeroteca\",\"inLanguage\":\"es-ES\",\"publisher\":{\"@id\":\"https:\\\/\\\/www.eldigitaldeasturias.com\\\/noticias\\\/#organization\"}}]}\n\t\t<\/script>\n\t\t<!-- All in One SEO Pro -->\r\n\t\t<title>El PSOE anima a la ciudadan\u00eda a marcar la casilla de la solidaridad en la Declaraci\u00f3n de la Renta - El Digital de Asturias<\/title>\n\n","aioseo_head_json":{"title":"El PSOE anima a la ciudadan\u00eda a marcar la casilla de la solidaridad en la Declaraci\u00f3n de la Renta - El Digital de Asturias","description":"Como cada a\u00f1o por estas fechas comienza la campa\u00f1a para presentar la declaraci\u00f3n de la renta y el PSOE hace un llamamiento a la ciudadan\u00eda para que marque la casilla solidaria denominada \u201cActividades de Inter\u00e9s Social\u201d en su declaraci\u00f3n, destinando as\u00ed un 0,7% del impuesto a las personas que m\u00e1s lo necesiten por su situaci\u00f3n","canonical_url":"https:\/\/www.eldigitaldeasturias.com\/noticias\/el-psoe-anima-a-la-ciudadania-a-marcar-la-casilla-de-la-solidaridad-en-la-declaracion-de-la-renta\/","robots":"max-image-preview:large","keywords":"actualidad","webmasterTools":{"google-site-verification":"UA-38556648-1","msvalidate.01":"7dfe9f3f1b24437ab69f4f2559babe99","miscellaneous":""},"schema":{"@context":"https:\/\/schema.org","@graph":[{"@type":"BlogPosting","@id":"https:\/\/www.eldigitaldeasturias.com\/noticias\/el-psoe-anima-a-la-ciudadania-a-marcar-la-casilla-de-la-solidaridad-en-la-declaracion-de-la-renta\/#blogposting","name":"El PSOE anima a la ciudadan\u00eda a marcar la casilla de la solidaridad en la Declaraci\u00f3n de la Renta - El Digital de Asturias","headline":"El PSOE anima a la ciudadan\u00eda a marcar la casilla de la solidaridad en la Declaraci\u00f3n de la Renta","author":{"@id":"https:\/\/www.eldigitaldeasturias.com\/noticias\/author\/admin\/#author"},"publisher":{"@id":"https:\/\/www.eldigitaldeasturias.com\/noticias\/#organization"},"image":{"@type":"ImageObject","url":528064},"datePublished":"2018-04-05T02:45:21+02:00","dateModified":"2018-04-05T02:45:29+02:00","inLanguage":"es-ES","mainEntityOfPage":{"@id":"https:\/\/www.eldigitaldeasturias.com\/noticias\/el-psoe-anima-a-la-ciudadania-a-marcar-la-casilla-de-la-solidaridad-en-la-declaracion-de-la-renta\/#webpage"},"isPartOf":{"@id":"https:\/\/www.eldigitaldeasturias.com\/noticias\/el-psoe-anima-a-la-ciudadania-a-marcar-la-casilla-de-la-solidaridad-en-la-declaracion-de-la-renta\/#webpage"},"articleSection":"Actualidad"},{"@type":"BreadcrumbList","@id":"https:\/\/www.eldigitaldeasturias.com\/noticias\/el-psoe-anima-a-la-ciudadania-a-marcar-la-casilla-de-la-solidaridad-en-la-declaracion-de-la-renta\/#breadcrumblist","itemListElement":[{"@type":"ListItem","@id":"https:\/\/www.eldigitaldeasturias.com\/noticias#listItem","position":1,"name":"Home","item":"https:\/\/www.eldigitaldeasturias.com\/noticias","nextItem":{"@type":"ListItem","@id":"https:\/\/www.eldigitaldeasturias.com\/noticias\/category\/actualidad\/#listItem","name":"Actualidad"}},{"@type":"ListItem","@id":"https:\/\/www.eldigitaldeasturias.com\/noticias\/category\/actualidad\/#listItem","position":2,"name":"Actualidad","item":"https:\/\/www.eldigitaldeasturias.com\/noticias\/category\/actualidad\/","nextItem":{"@type":"ListItem","@id":"https:\/\/www.eldigitaldeasturias.com\/noticias\/el-psoe-anima-a-la-ciudadania-a-marcar-la-casilla-de-la-solidaridad-en-la-declaracion-de-la-renta\/#listItem","name":"El PSOE anima a la ciudadan\u00eda a marcar la casilla de la solidaridad en la Declaraci\u00f3n de la Renta"},"previousItem":{"@type":"ListItem","@id":"https:\/\/www.eldigitaldeasturias.com\/noticias#listItem","name":"Home"}},{"@type":"ListItem","@id":"https:\/\/www.eldigitaldeasturias.com\/noticias\/el-psoe-anima-a-la-ciudadania-a-marcar-la-casilla-de-la-solidaridad-en-la-declaracion-de-la-renta\/#listItem","position":3,"name":"El PSOE anima a la ciudadan\u00eda a marcar la casilla de la solidaridad en la Declaraci\u00f3n de la Renta","previousItem":{"@type":"ListItem","@id":"https:\/\/www.eldigitaldeasturias.com\/noticias\/category\/actualidad\/#listItem","name":"Actualidad"}}]},{"@type":"Organization","@id":"https:\/\/www.eldigitaldeasturias.com\/noticias\/#organization","name":"El Digital de Asturias","description":"Hemeroteca","url":"https:\/\/www.eldigitaldeasturias.com\/noticias\/","email":"info@eldigitaldeasturias.com","telephone":"+34652131393","logo":{"@type":"ImageObject","url":"https:\/\/www.eldigitaldeasturias.com\/noticias\/wp-content\/uploads\/2020\/12\/EDA.jpg","@id":"https:\/\/www.eldigitaldeasturias.com\/noticias\/el-psoe-anima-a-la-ciudadania-a-marcar-la-casilla-de-la-solidaridad-en-la-declaracion-de-la-renta\/#organizationLogo"},"image":{"@id":"https:\/\/www.eldigitaldeasturias.com\/noticias\/el-psoe-anima-a-la-ciudadania-a-marcar-la-casilla-de-la-solidaridad-en-la-declaracion-de-la-renta\/#organizationLogo"},"sameAs":["https:\/\/facebook.com\/eldigitaldeasturias","https:\/\/www.youtube.com\/channel\/UCZP-2wLEB9Rv6erhFmqVnvg"],"address":{"@id":"https:\/\/www.eldigitaldeasturias.com\/noticias\/#postaladdress","@type":"PostalAddress","streetAddress":"san antonio 4","postalCode":"33430","addressLocality":"Cand\u00e1s","addressRegion":"Asturias","addressCountry":"ES"}},{"@type":"Person","@id":"https:\/\/www.eldigitaldeasturias.com\/noticias\/author\/admin\/#author","url":"https:\/\/www.eldigitaldeasturias.com\/noticias\/author\/admin\/","name":"El Digital de Asturias","image":{"@type":"ImageObject","@id":"https:\/\/www.eldigitaldeasturias.com\/noticias\/el-psoe-anima-a-la-ciudadania-a-marcar-la-casilla-de-la-solidaridad-en-la-declaracion-de-la-renta\/#authorImage","url":"https:\/\/secure.gravatar.com\/avatar\/df2aeffc32bcd13f8d26072ef8a91b623d677766deac7f97ca815868cd41bf5e?s=96&d=mm&r=g","width":96,"height":96,"caption":"El Digital de Asturias"}},{"@type":"WebPage","@id":"https:\/\/www.eldigitaldeasturias.com\/noticias\/el-psoe-anima-a-la-ciudadania-a-marcar-la-casilla-de-la-solidaridad-en-la-declaracion-de-la-renta\/#webpage","url":"https:\/\/www.eldigitaldeasturias.com\/noticias\/el-psoe-anima-a-la-ciudadania-a-marcar-la-casilla-de-la-solidaridad-en-la-declaracion-de-la-renta\/","name":"El PSOE anima a la ciudadan\u00eda a marcar la casilla de la solidaridad en la Declaraci\u00f3n de la Renta - El Digital de Asturias","description":"Como cada a\u00f1o por estas fechas comienza la campa\u00f1a para presentar la declaraci\u00f3n de la renta y el PSOE hace un llamamiento a la ciudadan\u00eda para que marque la casilla solidaria denominada \u201cActividades de Inter\u00e9s Social\u201d en su declaraci\u00f3n, destinando as\u00ed un 0,7% del impuesto a las personas que m\u00e1s lo necesiten por su situaci\u00f3n","inLanguage":"es-ES","isPartOf":{"@id":"https:\/\/www.eldigitaldeasturias.com\/noticias\/#website"},"breadcrumb":{"@id":"https:\/\/www.eldigitaldeasturias.com\/noticias\/el-psoe-anima-a-la-ciudadania-a-marcar-la-casilla-de-la-solidaridad-en-la-declaracion-de-la-renta\/#breadcrumblist"},"author":{"@id":"https:\/\/www.eldigitaldeasturias.com\/noticias\/author\/admin\/#author"},"creator":{"@id":"https:\/\/www.eldigitaldeasturias.com\/noticias\/author\/admin\/#author"},"image":{"@type":"ImageObject","url":528064,"@id":"https:\/\/www.eldigitaldeasturias.com\/noticias\/el-psoe-anima-a-la-ciudadania-a-marcar-la-casilla-de-la-solidaridad-en-la-declaracion-de-la-renta\/#mainImage"},"primaryImageOfPage":{"@id":"https:\/\/www.eldigitaldeasturias.com\/noticias\/el-psoe-anima-a-la-ciudadania-a-marcar-la-casilla-de-la-solidaridad-en-la-declaracion-de-la-renta\/#mainImage"},"datePublished":"2018-04-05T02:45:21+02:00","dateModified":"2018-04-05T02:45:29+02:00"},{"@type":"WebSite","@id":"https:\/\/www.eldigitaldeasturias.com\/noticias\/#website","url":"https:\/\/www.eldigitaldeasturias.com\/noticias\/","name":"El Digital de Asturias - Diario de actualidad y noticias","alternateName":"El Digital de Asturias - Diario de actualidad y noticias","description":"Hemeroteca","inLanguage":"es-ES","publisher":{"@id":"https:\/\/www.eldigitaldeasturias.com\/noticias\/#organization"}}]},"og:locale":"es_ES","og:site_name":"El Digital de Asturias","og:type":"article","og:title":"El PSOE anima a la ciudadan\u00eda a marcar la casilla de la solidaridad en la Declaraci\u00f3n de la Renta - El Digital de Asturias","og:description":"Como cada a\u00f1o por estas fechas comienza la campa\u00f1a para presentar la declaraci\u00f3n de la renta y el PSOE hace un llamamiento a la ciudadan\u00eda para que marque la casilla solidaria denominada \u201cActividades de Inter\u00e9s Social\u201d en su declaraci\u00f3n, destinando as\u00ed un 0,7% del impuesto a las personas que m\u00e1s lo necesiten por su situaci\u00f3n","og:url":"https:\/\/www.eldigitaldeasturias.com\/noticias\/el-psoe-anima-a-la-ciudadania-a-marcar-la-casilla-de-la-solidaridad-en-la-declaracion-de-la-renta\/","article:tag":["actualidad"],"article:published_time":"2018-04-05T02:45:21+00:00","article:modified_time":"2018-04-05T02:45:29+00:00","article:publisher":"https:\/\/facebook.com\/eldigitaldeasturias","twitter:card":"summary_large_image","twitter:title":"El PSOE anima a la ciudadan\u00eda a marcar la casilla de la solidaridad en la Declaraci\u00f3n de la Renta - El Digital de Asturias","twitter:description":"Como cada a\u00f1o por estas fechas comienza la campa\u00f1a para presentar la declaraci\u00f3n de la renta y el PSOE hace un llamamiento a la ciudadan\u00eda para que marque la casilla solidaria denominada \u201cActividades de Inter\u00e9s Social\u201d en su declaraci\u00f3n, destinando as\u00ed un 0,7% del impuesto a las personas que m\u00e1s lo necesiten por su situaci\u00f3n","twitter:image":"https:\/\/www.eldigitaldeasturias.com\/noticias\/wp-content\/uploads\/2020\/12\/EDA-1.jpg","twitter:label1":"Escrito por","twitter:data1":"El Digital de Asturias","twitter:label2":"Tiempo de lectura estimado","twitter:data2":"2 minutos"},"aioseo_meta_data":{"post_id":"974820","title":null,"description":null,"keywords":null,"keyphrases":null,"primary_term":null,"canonical_url":null,"og_title":null,"og_description":null,"og_object_type":"default","og_image_type":"default","og_image_url":null,"og_image_width":null,"og_image_height":null,"og_image_custom_url":null,"og_image_custom_fields":null,"og_video":null,"og_custom_url":null,"og_article_section":null,"og_article_tags":null,"twitter_use_og":false,"twitter_card":"default","twitter_image_type":"default","twitter_image_url":null,"twitter_image_custom_url":null,"twitter_image_custom_fields":null,"twitter_title":null,"twitter_description":null,"schema":{"blockGraphs":[],"customGraphs":[],"default":{"data":{"Article":[],"Course":[],"Dataset":[],"FAQPage":[],"Movie":[],"Person":[],"Product":[],"ProductReview":[],"Car":[],"Recipe":[],"Service":[],"SoftwareApplication":[],"WebPage":[]},"graphName":"","isEnabled":true},"graphs":[],"defaultGraph":"","defaultPostTypeGraph":""},"schema_type":null,"schema_type_options":null,"pillar_content":false,"robots_default":true,"robots_noindex":false,"robots_noarchive":false,"robots_nosnippet":false,"robots_nofollow":false,"robots_noimageindex":false,"robots_noodp":false,"robots_notranslate":false,"robots_max_snippet":null,"robots_max_videopreview":null,"robots_max_imagepreview":"large","priority":null,"frequency":null,"local_seo":null,"seo_analyzer_scan_date":"2025-10-07 21:35:08","breadcrumb_settings":null,"limit_modified_date":false,"open_ai":null,"ai":null,"created":"2020-12-21 12:12:39","updated":"2025-10-07 21:35:08","focus_keyword":null,"additional_keywords":null,"truseo_locale":null},"aioseo_breadcrumb":"<div class=\"aioseo-breadcrumbs\"><span class=\"aioseo-breadcrumb\">\n\t<a href=\"https:\/\/www.eldigitaldeasturias.com\/noticias\" title=\"Home\">Home<\/a>\n<\/span><span class=\"aioseo-breadcrumb-separator\">\u2013<\/span><span class=\"aioseo-breadcrumb\">\n\t<a href=\"https:\/\/www.eldigitaldeasturias.com\/noticias\/category\/actualidad\/\" title=\"Actualidad\">Actualidad<\/a>\n<\/span><span class=\"aioseo-breadcrumb-separator\">\u2013<\/span><span class=\"aioseo-breadcrumb\">\n\t<a href=\"https:\/\/www.eldigitaldeasturias.com\/noticias\/el-psoe-anima-a-la-ciudadania-a-marcar-la-casilla-de-la-solidaridad-en-la-declaracion-de-la-renta\/\" title=\"El PSOE anima a la ciudadan\u00eda a marcar la casilla de la solidaridad en la Declaraci\u00f3n de la Renta\">El PSOE anima a la ciudadan\u00eda a marcar la casilla de la solidaridad en la Declaraci\u00f3n de la Renta<\/a>\n<\/span><\/div>","aioseo_breadcrumb_json":[{"label":"Home","link":"https:\/\/www.eldigitaldeasturias.com\/noticias"},{"label":"Actualidad","link":"https:\/\/www.eldigitaldeasturias.com\/noticias\/category\/actualidad\/"},{"label":"El PSOE anima a la ciudadan\u00eda a marcar la casilla de la solidaridad en la Declaraci\u00f3n de la Renta","link":"https:\/\/www.eldigitaldeasturias.com\/noticias\/el-psoe-anima-a-la-ciudadania-a-marcar-la-casilla-de-la-solidaridad-en-la-declaracion-de-la-renta\/"}],"_links":{"self":[{"href":"https:\/\/www.eldigitaldeasturias.com\/noticias\/wp-json\/wp\/v2\/posts\/974820","targetHints":{"allow":["GET"]}}],"collection":[{"href":"https:\/\/www.eldigitaldeasturias.com\/noticias\/wp-json\/wp\/v2\/posts"}],"about":[{"href":"https:\/\/www.eldigitaldeasturias.com\/noticias\/wp-json\/wp\/v2\/types\/post"}],"author":[{"embeddable":true,"href":"https:\/\/www.eldigitaldeasturias.com\/noticias\/wp-json\/wp\/v2\/users\/1"}],"replies":[{"embeddable":true,"href":"https:\/\/www.eldigitaldeasturias.com\/noticias\/wp-json\/wp\/v2\/comments?post=974820"}],"version-history":[{"count":0,"href":"https:\/\/www.eldigitaldeasturias.com\/noticias\/wp-json\/wp\/v2\/posts\/974820\/revisions"}],"wp:attachment":[{"href":"https:\/\/www.eldigitaldeasturias.com\/noticias\/wp-json\/wp\/v2\/media?parent=974820"}],"wp:term":[{"taxonomy":"category","embeddable":true,"href":"https:\/\/www.eldigitaldeasturias.com\/noticias\/wp-json\/wp\/v2\/categories?post=974820"},{"taxonomy":"post_tag","embeddable":true,"href":"https:\/\/www.eldigitaldeasturias.com\/noticias\/wp-json\/wp\/v2\/tags?post=974820"}],"curies":[{"name":"wp","href":"https:\/\/api.w.org\/{rel}","templated":true}]}}