{"id":974814,"date":"2018-04-05T02:36:48","date_gmt":"2018-04-05T02:36:48","guid":{"rendered":"http:\/\/www.eldigitaldeasturias.com\/noticias\/?p=974814"},"modified":"2018-04-05T02:36:48","modified_gmt":"2018-04-05T02:36:48","slug":"malaga-lidera-la-inversion-exterior-de-idea","status":"publish","type":"post","link":"https:\/\/www.eldigitaldeasturias.com\/noticias\/malaga-lidera-la-inversion-exterior-de-idea\/","title":{"rendered":"M\u00e1laga lidera la inversi\u00f3n exterior de IDEA"},"content":{"rendered":"<p><img loading=\"lazy\" decoding=\"async\" class=\"alignleft size-medium wp-image-974815\" src=\"https:\/\/www.eldigitaldeasturias.com\/noticias\/wp-content\/uploads\/2018\/04\/1522665563032JCarneroFirmaConsulardn-360x212.jpg\" alt=\"\" width=\"360\" height=\"212\" \/>El consejero de Empleo, Empresa y Comercio, Javier Carnero, y el decano del Cuerpo Consular de M\u00e1laga y C\u00f3nsul Honorario de Suecia en la provincia, Pedro Meg\u00edas, han firmado hoy en M\u00e1laga un protocolo de colaboraci\u00f3n para incrementar las inversiones extranjeras en la provincia, una materia en la que este territorio parte con ventaja ya que, seg\u00fan el balance de 2017 de las inversiones exteriores captadas por la Agencia de Innovaci\u00f3n y Desarrollo de Andaluc\u00eda IDEA, el 42% de los proyectos eligieron M\u00e1laga como destino.<\/p>\n<p>M\u00e1s concretamente, la Agencia IDEA, organismo adscrito a la Consejer\u00eda de Empleo, Empresa y Comercio, ha captado para M\u00e1laga 12 proyectos que han supuesto una inversi\u00f3n empresarial de 75,56 millones de euros y la creaci\u00f3n de 461 empleos. En total, para Andaluc\u00eda se han logrado 28 proyectos empresariales que han generado una inversi\u00f3n de 266,26 millones de euros y la creaci\u00f3n de 1.727 puestos de trabajo.<\/p>\n<p>\u00abSe trata en su mayor\u00eda de proyectos nuevos en Andaluc\u00eda\u00bb, destac\u00f3 el consejero, \u00abseguidos de proyectos de expansi\u00f3n de compa\u00f1\u00edas que ya estaban trabajando en nuestra tierra. Esto es: no s\u00f3lo atraemos a nuevas empresas sino que las que ya operan en Andaluc\u00eda se quedan y quieren crecer aqu\u00ed\u00bb.<\/p>\n<p>En este sentido, Javier Carnero ha explicado que estos datos tambi\u00e9n refrendan los resultados del Bar\u00f3metro del Clima de Negocios en Andaluc\u00eda desde la perspectiva del inversor extranjero 2017, presentados en M\u00e1laga en diciembre pasado, y que miden la opini\u00f3n de los inversores extranjeros sobre distintos aspectos como el tama\u00f1o del mercado, las infraestructuras y el capital humano, la fiscalidad, la financiaci\u00f3n, los costes o la calidad de vida.<\/p>\n<p>Seg\u00fan este Bar\u00f3metro, las perspectivas de inversi\u00f3n de las empresas extranjeras son muy positivas, con un 97% de las empresas encuestadas que tienen previsto aumentar o mantener sus inversiones en 2017, frente al 95% que afirma haberlo hecho en 2016.<\/p>\n<p>Los proyectos captados por la Junta para quedarse en Andaluc\u00eda son fundamentalmente del sector TIC, seguido del metalmec\u00e1nico, el aeroespacial, la agroindustria y el sector Bio y de la salud y los pa\u00edses emisores son en su gran mayor\u00eda miembros de la UE (destacando Francia, Reino Unido, Pa\u00edses Escandinavos y Alemania), seguidos de los procedentes de EEUU y Canad\u00e1, Asia y Espa\u00f1a.<\/p>\n<p><strong>Servicio integral al inversor<\/strong><\/p>\n<p>La Consejer\u00eda de Empleo, empresa y Comercio, a trav\u00e9s de la Agencia de Innovaci\u00f3n y Desarrollo de Andaluc\u00eda IDEA, ofrece un sistema integral de atenci\u00f3n al inversor extranjero que incluye acompa\u00f1amiento durante el proceso de toma de decisi\u00f3n y el proceso de instalaci\u00f3n (informaci\u00f3n fiscal, legal y administrativa, situaci\u00f3n econ\u00f3mica y empresarial, disponibilidad de recursos humanos y financieros, b\u00fasqueda de espacios, contactos con las administraciones, posibles clientes y proveedores, etc. ); acompa\u00f1amiento durante el proceso de instalaci\u00f3n, incluyendo apoyo en la tramitaci\u00f3n burocr\u00e1tica y solicitud de incentivos y un servicio aftercare que se centra en el seguimiento de los proyectos de expansi\u00f3n y de las inversiones de las empresas extranjeras que est\u00e9n implantadas en la regi\u00f3n.<\/p>\n<p>Estos servicios se complementan con la oferta de incentivos y servicios de IDEA: \u00f3rdenes de incentivos a la inversi\u00f3n industrial y a la I+D+i, financiaci\u00f3n reembolsable, dotaci\u00f3n de espacios de excelencia e infraestructuras y servicios avanzados (gesti\u00f3n y tramitaci\u00f3n de patentes, informes de estados de la tecnolog\u00eda, b\u00fasqueda de socios tecnol\u00f3gicos, asesoramiento para acceder a otras fuentes de financiaci\u00f3n, etc.).<\/p>\n<p><strong>Nueva subestaci\u00f3n en M\u00e1laga<\/strong><\/p>\n<p>Por otra parte, Javier Carnero ha asistido hoy en M\u00e1laga tambi\u00e9n al acto de inauguraci\u00f3n de ENDESA de la nueva subestaci\u00f3n de transformaci\u00f3n el\u00e9ctrica Ciza\u00f1a, que dar\u00e1 servicio a 9.000 clientes de la nueva zona de expansi\u00f3n al oeste de la ciudad, posibilitando su desarrollo urban\u00edstico.<\/p>\n<p>Esta nueva infraestructura el\u00e9ctrica de \u00faltima tecnolog\u00eda, que realiza la transformaci\u00f3n de energ\u00eda de 66 a 20 kV (kilovoltios) mediante dos transformadores de 40 MW (megavatios) de potencia cada uno, ha supuesto una inversi\u00f3n de m\u00e1s de 5 millones de euros y la mejora de la calidad de suministro de la zona de Churriana, Cortijo Mazas, Guadalmar y Plaza Mayor de M\u00e1laga capital, as\u00ed como Los \u00c1lamos y toda Zona Este del municipio de Torremolinos.<\/p>\n<p>El consejero de Empleo, Empresa y Comercio ha valorado la inversi\u00f3n de 5 millones de euros realizada por la compa\u00f1\u00eda en una nueva infraestructura que \u00abser\u00e1 trascendente para M\u00e1laga y Torremolinos y para su desarrollo social, econ\u00f3mico y energ\u00e9tico\u00bb. El consejero ha se\u00f1alado que las diez l\u00edneas de media tensi\u00f3n que partir\u00e1n de la subestaci\u00f3n no solo fortalecer\u00e1n la calidad de suministro, sino que reforzar\u00e1n las posibilidades de desarrollo industrial en la zona.<\/p>\n","protected":false},"excerpt":{"rendered":"<p>El consejero de Empleo, Empresa y Comercio, Javier Carnero, y el decano del Cuerpo Consular de M\u00e1laga y C\u00f3nsul Honorario de Suecia en la provincia, Pedro Meg\u00edas, han firmado hoy en M\u00e1laga un protocolo de colaboraci\u00f3n para incrementar las inversiones extranjeras en la provincia, una materia en la que este territorio parte con ventaja ya [&hellip;]<\/p>\n","protected":false},"author":1,"featured_media":974815,"comment_status":"closed","ping_status":"closed","sticky":false,"template":"","format":"standard","meta":{"footnotes":""},"categories":[1],"tags":[],"class_list":["post-974814","post","type-post","status-publish","format-standard","has-post-thumbnail","hentry","category-actualidad"],"aioseo_notices":[],"aioseo_head":"\n\t\t<!-- All in One SEO Pro 5.0.1 - aioseo.com -->\n\t<meta name=\"description\" content=\"El consejero de Empleo, Empresa y Comercio, Javier Carnero, y el decano del Cuerpo Consular de M\u00e1laga y C\u00f3nsul Honorario de Suecia en la provincia, Pedro Meg\u00edas, han firmado hoy en M\u00e1laga un protocolo de colaboraci\u00f3n para incrementar las inversiones extranjeras en la provincia, una materia en la que este territorio parte con ventaja ya\" \/>\n\t<meta name=\"robots\" content=\"max-image-preview:large\" \/>\n\t<meta name=\"author\" content=\"El Digital de Asturias\"\/>\n\t<meta name=\"google-site-verification\" content=\"UA-38556648-1\" \/>\n\t<meta name=\"msvalidate.01\" content=\"7dfe9f3f1b24437ab69f4f2559babe99\" \/>\n\t<meta name=\"keywords\" content=\"actualidad\" \/>\n\t<link rel=\"canonical\" href=\"https:\/\/www.eldigitaldeasturias.com\/noticias\/malaga-lidera-la-inversion-exterior-de-idea\/\" \/>\n\t<meta name=\"generator\" content=\"All in One SEO Pro (AIOSEO) 5.0.1\" \/>\n\t\t<meta property=\"og:locale\" content=\"es_ES\" \/>\n\t\t<meta property=\"og:site_name\" content=\"El Digital de Asturias\" \/>\n\t\t<meta property=\"og:type\" content=\"article\" \/>\n\t\t<meta property=\"og:title\" content=\"M\u00e1laga lidera la inversi\u00f3n exterior de IDEA - El Digital de Asturias\" \/>\n\t\t<meta property=\"og:description\" content=\"El consejero de Empleo, Empresa y Comercio, Javier Carnero, y el decano del Cuerpo Consular de M\u00e1laga y C\u00f3nsul Honorario de Suecia en la provincia, Pedro Meg\u00edas, han firmado hoy en M\u00e1laga un protocolo de colaboraci\u00f3n para incrementar las inversiones extranjeras en la provincia, una materia en la que este territorio parte con ventaja ya\" \/>\n\t\t<meta property=\"og:url\" content=\"https:\/\/www.eldigitaldeasturias.com\/noticias\/malaga-lidera-la-inversion-exterior-de-idea\/\" \/>\n\t\t<meta property=\"article:tag\" content=\"actualidad\" \/>\n\t\t<meta property=\"article:published_time\" content=\"2018-04-05T02:36:48+00:00\" \/>\n\t\t<meta property=\"article:modified_time\" content=\"2018-04-05T02:36:48+00:00\" \/>\n\t\t<meta property=\"article:publisher\" content=\"https:\/\/facebook.com\/eldigitaldeasturias\" \/>\n\t\t<meta name=\"twitter:card\" content=\"summary_large_image\" \/>\n\t\t<meta name=\"twitter:title\" content=\"M\u00e1laga lidera la inversi\u00f3n exterior de IDEA - El Digital de Asturias\" \/>\n\t\t<meta name=\"twitter:description\" content=\"El consejero de Empleo, Empresa y Comercio, Javier Carnero, y el decano del Cuerpo Consular de M\u00e1laga y C\u00f3nsul Honorario de Suecia en la provincia, Pedro Meg\u00edas, han firmado hoy en M\u00e1laga un protocolo de colaboraci\u00f3n para incrementar las inversiones extranjeras en la provincia, una materia en la que este territorio parte con ventaja ya\" \/>\n\t\t<meta name=\"twitter:image\" content=\"https:\/\/www.eldigitaldeasturias.com\/noticias\/wp-content\/uploads\/2020\/12\/EDA-1.jpg\" \/>\n\t\t<meta name=\"twitter:label1\" content=\"Escrito por\" \/>\n\t\t<meta name=\"twitter:data1\" content=\"El Digital de Asturias\" \/>\n\t\t<meta name=\"twitter:label2\" content=\"Tiempo de lectura estimado\" \/>\n\t\t<meta name=\"twitter:data2\" content=\"4 minutos\" \/>\n\t\t<script type=\"application\/ld+json\" class=\"aioseo-schema\">\n\t\t\t{\"@context\":\"https:\\\/\\\/schema.org\",\"@graph\":[{\"@type\":\"BlogPosting\",\"@id\":\"https:\\\/\\\/www.eldigitaldeasturias.com\\\/noticias\\\/malaga-lidera-la-inversion-exterior-de-idea\\\/#blogposting\",\"name\":\"M\\u00e1laga lidera la inversi\\u00f3n exterior de IDEA - El Digital de Asturias\",\"headline\":\"M\\u00e1laga lidera la inversi\\u00f3n exterior de IDEA\",\"author\":{\"@id\":\"https:\\\/\\\/www.eldigitaldeasturias.com\\\/noticias\\\/author\\\/admin\\\/#author\"},\"publisher\":{\"@id\":\"https:\\\/\\\/www.eldigitaldeasturias.com\\\/noticias\\\/#organization\"},\"image\":{\"@type\":\"ImageObject\",\"url\":974815},\"datePublished\":\"2018-04-05T02:36:48+02:00\",\"dateModified\":\"2018-04-05T02:36:48+02:00\",\"inLanguage\":\"es-ES\",\"mainEntityOfPage\":{\"@id\":\"https:\\\/\\\/www.eldigitaldeasturias.com\\\/noticias\\\/malaga-lidera-la-inversion-exterior-de-idea\\\/#webpage\"},\"isPartOf\":{\"@id\":\"https:\\\/\\\/www.eldigitaldeasturias.com\\\/noticias\\\/malaga-lidera-la-inversion-exterior-de-idea\\\/#webpage\"},\"articleSection\":\"Actualidad\"},{\"@type\":\"BreadcrumbList\",\"@id\":\"https:\\\/\\\/www.eldigitaldeasturias.com\\\/noticias\\\/malaga-lidera-la-inversion-exterior-de-idea\\\/#breadcrumblist\",\"itemListElement\":[{\"@type\":\"ListItem\",\"@id\":\"https:\\\/\\\/www.eldigitaldeasturias.com\\\/noticias#listItem\",\"position\":1,\"name\":\"Home\",\"item\":\"https:\\\/\\\/www.eldigitaldeasturias.com\\\/noticias\",\"nextItem\":{\"@type\":\"ListItem\",\"@id\":\"https:\\\/\\\/www.eldigitaldeasturias.com\\\/noticias\\\/category\\\/actualidad\\\/#listItem\",\"name\":\"Actualidad\"}},{\"@type\":\"ListItem\",\"@id\":\"https:\\\/\\\/www.eldigitaldeasturias.com\\\/noticias\\\/category\\\/actualidad\\\/#listItem\",\"position\":2,\"name\":\"Actualidad\",\"item\":\"https:\\\/\\\/www.eldigitaldeasturias.com\\\/noticias\\\/category\\\/actualidad\\\/\",\"nextItem\":{\"@type\":\"ListItem\",\"@id\":\"https:\\\/\\\/www.eldigitaldeasturias.com\\\/noticias\\\/malaga-lidera-la-inversion-exterior-de-idea\\\/#listItem\",\"name\":\"M\\u00e1laga lidera la inversi\\u00f3n exterior de IDEA\"},\"previousItem\":{\"@type\":\"ListItem\",\"@id\":\"https:\\\/\\\/www.eldigitaldeasturias.com\\\/noticias#listItem\",\"name\":\"Home\"}},{\"@type\":\"ListItem\",\"@id\":\"https:\\\/\\\/www.eldigitaldeasturias.com\\\/noticias\\\/malaga-lidera-la-inversion-exterior-de-idea\\\/#listItem\",\"position\":3,\"name\":\"M\\u00e1laga lidera la inversi\\u00f3n exterior de IDEA\",\"previousItem\":{\"@type\":\"ListItem\",\"@id\":\"https:\\\/\\\/www.eldigitaldeasturias.com\\\/noticias\\\/category\\\/actualidad\\\/#listItem\",\"name\":\"Actualidad\"}}]},{\"@type\":\"Organization\",\"@id\":\"https:\\\/\\\/www.eldigitaldeasturias.com\\\/noticias\\\/#organization\",\"name\":\"El Digital de Asturias\",\"description\":\"Hemeroteca\",\"url\":\"https:\\\/\\\/www.eldigitaldeasturias.com\\\/noticias\\\/\",\"email\":\"info@eldigitaldeasturias.com\",\"telephone\":\"+34652131393\",\"logo\":{\"@type\":\"ImageObject\",\"url\":\"https:\\\/\\\/www.eldigitaldeasturias.com\\\/noticias\\\/wp-content\\\/uploads\\\/2020\\\/12\\\/EDA.jpg\",\"@id\":\"https:\\\/\\\/www.eldigitaldeasturias.com\\\/noticias\\\/malaga-lidera-la-inversion-exterior-de-idea\\\/#organizationLogo\"},\"image\":{\"@id\":\"https:\\\/\\\/www.eldigitaldeasturias.com\\\/noticias\\\/malaga-lidera-la-inversion-exterior-de-idea\\\/#organizationLogo\"},\"sameAs\":[\"https:\\\/\\\/facebook.com\\\/eldigitaldeasturias\",\"https:\\\/\\\/www.youtube.com\\\/channel\\\/UCZP-2wLEB9Rv6erhFmqVnvg\"],\"address\":{\"@id\":\"https:\\\/\\\/www.eldigitaldeasturias.com\\\/noticias\\\/#postaladdress\",\"@type\":\"PostalAddress\",\"streetAddress\":\"san antonio 4\",\"postalCode\":\"33430\",\"addressLocality\":\"Cand\\u00e1s\",\"addressRegion\":\"Asturias\",\"addressCountry\":\"ES\"}},{\"@type\":\"Person\",\"@id\":\"https:\\\/\\\/www.eldigitaldeasturias.com\\\/noticias\\\/author\\\/admin\\\/#author\",\"url\":\"https:\\\/\\\/www.eldigitaldeasturias.com\\\/noticias\\\/author\\\/admin\\\/\",\"name\":\"El Digital de Asturias\",\"image\":{\"@type\":\"ImageObject\",\"@id\":\"https:\\\/\\\/www.eldigitaldeasturias.com\\\/noticias\\\/malaga-lidera-la-inversion-exterior-de-idea\\\/#authorImage\",\"url\":\"https:\\\/\\\/secure.gravatar.com\\\/avatar\\\/df2aeffc32bcd13f8d26072ef8a91b623d677766deac7f97ca815868cd41bf5e?s=96&d=mm&r=g\",\"width\":96,\"height\":96,\"caption\":\"El Digital de Asturias\"}},{\"@type\":\"WebPage\",\"@id\":\"https:\\\/\\\/www.eldigitaldeasturias.com\\\/noticias\\\/malaga-lidera-la-inversion-exterior-de-idea\\\/#webpage\",\"url\":\"https:\\\/\\\/www.eldigitaldeasturias.com\\\/noticias\\\/malaga-lidera-la-inversion-exterior-de-idea\\\/\",\"name\":\"M\\u00e1laga lidera la inversi\\u00f3n exterior de IDEA - El Digital de Asturias\",\"description\":\"El consejero de Empleo, Empresa y Comercio, Javier Carnero, y el decano del Cuerpo Consular de M\\u00e1laga y C\\u00f3nsul Honorario de Suecia en la provincia, Pedro Meg\\u00edas, han firmado hoy en M\\u00e1laga un protocolo de colaboraci\\u00f3n para incrementar las inversiones extranjeras en la provincia, una materia en la que este territorio parte con ventaja ya\",\"inLanguage\":\"es-ES\",\"isPartOf\":{\"@id\":\"https:\\\/\\\/www.eldigitaldeasturias.com\\\/noticias\\\/#website\"},\"breadcrumb\":{\"@id\":\"https:\\\/\\\/www.eldigitaldeasturias.com\\\/noticias\\\/malaga-lidera-la-inversion-exterior-de-idea\\\/#breadcrumblist\"},\"author\":{\"@id\":\"https:\\\/\\\/www.eldigitaldeasturias.com\\\/noticias\\\/author\\\/admin\\\/#author\"},\"creator\":{\"@id\":\"https:\\\/\\\/www.eldigitaldeasturias.com\\\/noticias\\\/author\\\/admin\\\/#author\"},\"image\":{\"@type\":\"ImageObject\",\"url\":974815,\"@id\":\"https:\\\/\\\/www.eldigitaldeasturias.com\\\/noticias\\\/malaga-lidera-la-inversion-exterior-de-idea\\\/#mainImage\"},\"primaryImageOfPage\":{\"@id\":\"https:\\\/\\\/www.eldigitaldeasturias.com\\\/noticias\\\/malaga-lidera-la-inversion-exterior-de-idea\\\/#mainImage\"},\"datePublished\":\"2018-04-05T02:36:48+02:00\",\"dateModified\":\"2018-04-05T02:36:48+02:00\"},{\"@type\":\"WebSite\",\"@id\":\"https:\\\/\\\/www.eldigitaldeasturias.com\\\/noticias\\\/#website\",\"url\":\"https:\\\/\\\/www.eldigitaldeasturias.com\\\/noticias\\\/\",\"name\":\"El Digital de Asturias - Diario de actualidad y noticias\",\"alternateName\":\"El Digital de Asturias - Diario de actualidad y noticias\",\"description\":\"Hemeroteca\",\"inLanguage\":\"es-ES\",\"publisher\":{\"@id\":\"https:\\\/\\\/www.eldigitaldeasturias.com\\\/noticias\\\/#organization\"}}]}\n\t\t<\/script>\n\t\t<!-- All in One SEO Pro -->\r\n\t\t<title>M\u00e1laga lidera la inversi\u00f3n exterior de IDEA - El Digital de Asturias<\/title>\n\n","aioseo_head_json":{"title":"M\u00e1laga lidera la inversi\u00f3n exterior de IDEA - El Digital de Asturias","description":"El consejero de Empleo, Empresa y Comercio, Javier Carnero, y el decano del Cuerpo Consular de M\u00e1laga y C\u00f3nsul Honorario de Suecia en la provincia, Pedro Meg\u00edas, han firmado hoy en M\u00e1laga un protocolo de colaboraci\u00f3n para incrementar las inversiones extranjeras en la provincia, una materia en la que este territorio parte con ventaja ya","canonical_url":"https:\/\/www.eldigitaldeasturias.com\/noticias\/malaga-lidera-la-inversion-exterior-de-idea\/","robots":"max-image-preview:large","keywords":"actualidad","webmasterTools":{"google-site-verification":"UA-38556648-1","msvalidate.01":"7dfe9f3f1b24437ab69f4f2559babe99","miscellaneous":""},"schema":{"@context":"https:\/\/schema.org","@graph":[{"@type":"BlogPosting","@id":"https:\/\/www.eldigitaldeasturias.com\/noticias\/malaga-lidera-la-inversion-exterior-de-idea\/#blogposting","name":"M\u00e1laga lidera la inversi\u00f3n exterior de IDEA - El Digital de Asturias","headline":"M\u00e1laga lidera la inversi\u00f3n exterior de IDEA","author":{"@id":"https:\/\/www.eldigitaldeasturias.com\/noticias\/author\/admin\/#author"},"publisher":{"@id":"https:\/\/www.eldigitaldeasturias.com\/noticias\/#organization"},"image":{"@type":"ImageObject","url":974815},"datePublished":"2018-04-05T02:36:48+02:00","dateModified":"2018-04-05T02:36:48+02:00","inLanguage":"es-ES","mainEntityOfPage":{"@id":"https:\/\/www.eldigitaldeasturias.com\/noticias\/malaga-lidera-la-inversion-exterior-de-idea\/#webpage"},"isPartOf":{"@id":"https:\/\/www.eldigitaldeasturias.com\/noticias\/malaga-lidera-la-inversion-exterior-de-idea\/#webpage"},"articleSection":"Actualidad"},{"@type":"BreadcrumbList","@id":"https:\/\/www.eldigitaldeasturias.com\/noticias\/malaga-lidera-la-inversion-exterior-de-idea\/#breadcrumblist","itemListElement":[{"@type":"ListItem","@id":"https:\/\/www.eldigitaldeasturias.com\/noticias#listItem","position":1,"name":"Home","item":"https:\/\/www.eldigitaldeasturias.com\/noticias","nextItem":{"@type":"ListItem","@id":"https:\/\/www.eldigitaldeasturias.com\/noticias\/category\/actualidad\/#listItem","name":"Actualidad"}},{"@type":"ListItem","@id":"https:\/\/www.eldigitaldeasturias.com\/noticias\/category\/actualidad\/#listItem","position":2,"name":"Actualidad","item":"https:\/\/www.eldigitaldeasturias.com\/noticias\/category\/actualidad\/","nextItem":{"@type":"ListItem","@id":"https:\/\/www.eldigitaldeasturias.com\/noticias\/malaga-lidera-la-inversion-exterior-de-idea\/#listItem","name":"M\u00e1laga lidera la inversi\u00f3n exterior de IDEA"},"previousItem":{"@type":"ListItem","@id":"https:\/\/www.eldigitaldeasturias.com\/noticias#listItem","name":"Home"}},{"@type":"ListItem","@id":"https:\/\/www.eldigitaldeasturias.com\/noticias\/malaga-lidera-la-inversion-exterior-de-idea\/#listItem","position":3,"name":"M\u00e1laga lidera la inversi\u00f3n exterior de IDEA","previousItem":{"@type":"ListItem","@id":"https:\/\/www.eldigitaldeasturias.com\/noticias\/category\/actualidad\/#listItem","name":"Actualidad"}}]},{"@type":"Organization","@id":"https:\/\/www.eldigitaldeasturias.com\/noticias\/#organization","name":"El Digital de Asturias","description":"Hemeroteca","url":"https:\/\/www.eldigitaldeasturias.com\/noticias\/","email":"info@eldigitaldeasturias.com","telephone":"+34652131393","logo":{"@type":"ImageObject","url":"https:\/\/www.eldigitaldeasturias.com\/noticias\/wp-content\/uploads\/2020\/12\/EDA.jpg","@id":"https:\/\/www.eldigitaldeasturias.com\/noticias\/malaga-lidera-la-inversion-exterior-de-idea\/#organizationLogo"},"image":{"@id":"https:\/\/www.eldigitaldeasturias.com\/noticias\/malaga-lidera-la-inversion-exterior-de-idea\/#organizationLogo"},"sameAs":["https:\/\/facebook.com\/eldigitaldeasturias","https:\/\/www.youtube.com\/channel\/UCZP-2wLEB9Rv6erhFmqVnvg"],"address":{"@id":"https:\/\/www.eldigitaldeasturias.com\/noticias\/#postaladdress","@type":"PostalAddress","streetAddress":"san antonio 4","postalCode":"33430","addressLocality":"Cand\u00e1s","addressRegion":"Asturias","addressCountry":"ES"}},{"@type":"Person","@id":"https:\/\/www.eldigitaldeasturias.com\/noticias\/author\/admin\/#author","url":"https:\/\/www.eldigitaldeasturias.com\/noticias\/author\/admin\/","name":"El Digital de Asturias","image":{"@type":"ImageObject","@id":"https:\/\/www.eldigitaldeasturias.com\/noticias\/malaga-lidera-la-inversion-exterior-de-idea\/#authorImage","url":"https:\/\/secure.gravatar.com\/avatar\/df2aeffc32bcd13f8d26072ef8a91b623d677766deac7f97ca815868cd41bf5e?s=96&d=mm&r=g","width":96,"height":96,"caption":"El Digital de Asturias"}},{"@type":"WebPage","@id":"https:\/\/www.eldigitaldeasturias.com\/noticias\/malaga-lidera-la-inversion-exterior-de-idea\/#webpage","url":"https:\/\/www.eldigitaldeasturias.com\/noticias\/malaga-lidera-la-inversion-exterior-de-idea\/","name":"M\u00e1laga lidera la inversi\u00f3n exterior de IDEA - El Digital de Asturias","description":"El consejero de Empleo, Empresa y Comercio, Javier Carnero, y el decano del Cuerpo Consular de M\u00e1laga y C\u00f3nsul Honorario de Suecia en la provincia, Pedro Meg\u00edas, han firmado hoy en M\u00e1laga un protocolo de colaboraci\u00f3n para incrementar las inversiones extranjeras en la provincia, una materia en la que este territorio parte con ventaja ya","inLanguage":"es-ES","isPartOf":{"@id":"https:\/\/www.eldigitaldeasturias.com\/noticias\/#website"},"breadcrumb":{"@id":"https:\/\/www.eldigitaldeasturias.com\/noticias\/malaga-lidera-la-inversion-exterior-de-idea\/#breadcrumblist"},"author":{"@id":"https:\/\/www.eldigitaldeasturias.com\/noticias\/author\/admin\/#author"},"creator":{"@id":"https:\/\/www.eldigitaldeasturias.com\/noticias\/author\/admin\/#author"},"image":{"@type":"ImageObject","url":974815,"@id":"https:\/\/www.eldigitaldeasturias.com\/noticias\/malaga-lidera-la-inversion-exterior-de-idea\/#mainImage"},"primaryImageOfPage":{"@id":"https:\/\/www.eldigitaldeasturias.com\/noticias\/malaga-lidera-la-inversion-exterior-de-idea\/#mainImage"},"datePublished":"2018-04-05T02:36:48+02:00","dateModified":"2018-04-05T02:36:48+02:00"},{"@type":"WebSite","@id":"https:\/\/www.eldigitaldeasturias.com\/noticias\/#website","url":"https:\/\/www.eldigitaldeasturias.com\/noticias\/","name":"El Digital de Asturias - Diario de actualidad y noticias","alternateName":"El Digital de Asturias - Diario de actualidad y noticias","description":"Hemeroteca","inLanguage":"es-ES","publisher":{"@id":"https:\/\/www.eldigitaldeasturias.com\/noticias\/#organization"}}]},"og:locale":"es_ES","og:site_name":"El Digital de Asturias","og:type":"article","og:title":"M\u00e1laga lidera la inversi\u00f3n exterior de IDEA - El Digital de Asturias","og:description":"El consejero de Empleo, Empresa y Comercio, Javier Carnero, y el decano del Cuerpo Consular de M\u00e1laga y C\u00f3nsul Honorario de Suecia en la provincia, Pedro Meg\u00edas, han firmado hoy en M\u00e1laga un protocolo de colaboraci\u00f3n para incrementar las inversiones extranjeras en la provincia, una materia en la que este territorio parte con ventaja ya","og:url":"https:\/\/www.eldigitaldeasturias.com\/noticias\/malaga-lidera-la-inversion-exterior-de-idea\/","article:tag":["actualidad"],"article:published_time":"2018-04-05T02:36:48+00:00","article:modified_time":"2018-04-05T02:36:48+00:00","article:publisher":"https:\/\/facebook.com\/eldigitaldeasturias","twitter:card":"summary_large_image","twitter:title":"M\u00e1laga lidera la inversi\u00f3n exterior de IDEA - El Digital de Asturias","twitter:description":"El consejero de Empleo, Empresa y Comercio, Javier Carnero, y el decano del Cuerpo Consular de M\u00e1laga y C\u00f3nsul Honorario de Suecia en la provincia, Pedro Meg\u00edas, han firmado hoy en M\u00e1laga un protocolo de colaboraci\u00f3n para incrementar las inversiones extranjeras en la provincia, una materia en la que este territorio parte con ventaja ya","twitter:image":"https:\/\/www.eldigitaldeasturias.com\/noticias\/wp-content\/uploads\/2020\/12\/EDA-1.jpg","twitter:label1":"Escrito por","twitter:data1":"El Digital de Asturias","twitter:label2":"Tiempo de lectura estimado","twitter:data2":"4 minutos"},"aioseo_meta_data":{"post_id":"974814","title":null,"description":null,"keywords":null,"keyphrases":null,"primary_term":null,"canonical_url":null,"og_title":null,"og_description":null,"og_object_type":"default","og_image_type":"default","og_image_url":null,"og_image_width":null,"og_image_height":null,"og_image_custom_url":null,"og_image_custom_fields":null,"og_video":null,"og_custom_url":null,"og_article_section":null,"og_article_tags":null,"twitter_use_og":false,"twitter_card":"default","twitter_image_type":"default","twitter_image_url":null,"twitter_image_custom_url":null,"twitter_image_custom_fields":null,"twitter_title":null,"twitter_description":null,"schema":{"blockGraphs":[],"customGraphs":[],"default":{"data":{"Article":[],"Course":[],"Dataset":[],"FAQPage":[],"Movie":[],"Person":[],"Product":[],"ProductReview":[],"Car":[],"Recipe":[],"Service":[],"SoftwareApplication":[],"WebPage":[]},"graphName":"","isEnabled":true},"graphs":[],"defaultGraph":"","defaultPostTypeGraph":""},"schema_type":null,"schema_type_options":null,"pillar_content":false,"robots_default":true,"robots_noindex":false,"robots_noarchive":false,"robots_nosnippet":false,"robots_nofollow":false,"robots_noimageindex":false,"robots_noodp":false,"robots_notranslate":false,"robots_max_snippet":null,"robots_max_videopreview":null,"robots_max_imagepreview":"large","priority":null,"frequency":null,"local_seo":null,"seo_analyzer_scan_date":"2025-10-07 21:35:06","breadcrumb_settings":null,"limit_modified_date":false,"open_ai":null,"ai":null,"created":"2020-12-21 12:12:39","updated":"2025-10-07 21:35:06","focus_keyword":null,"additional_keywords":null,"truseo_locale":null},"aioseo_breadcrumb":"<div class=\"aioseo-breadcrumbs\"><span class=\"aioseo-breadcrumb\">\n\t<a href=\"https:\/\/www.eldigitaldeasturias.com\/noticias\" title=\"Home\">Home<\/a>\n<\/span><span class=\"aioseo-breadcrumb-separator\">\u2013<\/span><span class=\"aioseo-breadcrumb\">\n\t<a href=\"https:\/\/www.eldigitaldeasturias.com\/noticias\/category\/actualidad\/\" title=\"Actualidad\">Actualidad<\/a>\n<\/span><span class=\"aioseo-breadcrumb-separator\">\u2013<\/span><span class=\"aioseo-breadcrumb\">\n\t<a href=\"https:\/\/www.eldigitaldeasturias.com\/noticias\/malaga-lidera-la-inversion-exterior-de-idea\/\" title=\"M\u00e1laga lidera la inversi\u00f3n exterior de IDEA\">M\u00e1laga lidera la inversi\u00f3n exterior de IDEA<\/a>\n<\/span><\/div>","aioseo_breadcrumb_json":[{"label":"Home","link":"https:\/\/www.eldigitaldeasturias.com\/noticias"},{"label":"Actualidad","link":"https:\/\/www.eldigitaldeasturias.com\/noticias\/category\/actualidad\/"},{"label":"M\u00e1laga lidera la inversi\u00f3n exterior de IDEA","link":"https:\/\/www.eldigitaldeasturias.com\/noticias\/malaga-lidera-la-inversion-exterior-de-idea\/"}],"_links":{"self":[{"href":"https:\/\/www.eldigitaldeasturias.com\/noticias\/wp-json\/wp\/v2\/posts\/974814","targetHints":{"allow":["GET"]}}],"collection":[{"href":"https:\/\/www.eldigitaldeasturias.com\/noticias\/wp-json\/wp\/v2\/posts"}],"about":[{"href":"https:\/\/www.eldigitaldeasturias.com\/noticias\/wp-json\/wp\/v2\/types\/post"}],"author":[{"embeddable":true,"href":"https:\/\/www.eldigitaldeasturias.com\/noticias\/wp-json\/wp\/v2\/users\/1"}],"replies":[{"embeddable":true,"href":"https:\/\/www.eldigitaldeasturias.com\/noticias\/wp-json\/wp\/v2\/comments?post=974814"}],"version-history":[{"count":0,"href":"https:\/\/www.eldigitaldeasturias.com\/noticias\/wp-json\/wp\/v2\/posts\/974814\/revisions"}],"wp:attachment":[{"href":"https:\/\/www.eldigitaldeasturias.com\/noticias\/wp-json\/wp\/v2\/media?parent=974814"}],"wp:term":[{"taxonomy":"category","embeddable":true,"href":"https:\/\/www.eldigitaldeasturias.com\/noticias\/wp-json\/wp\/v2\/categories?post=974814"},{"taxonomy":"post_tag","embeddable":true,"href":"https:\/\/www.eldigitaldeasturias.com\/noticias\/wp-json\/wp\/v2\/tags?post=974814"}],"curies":[{"name":"wp","href":"https:\/\/api.w.org\/{rel}","templated":true}]}}