{"id":974811,"date":"2018-04-05T02:35:02","date_gmt":"2018-04-05T02:35:02","guid":{"rendered":"http:\/\/www.eldigitaldeasturias.com\/noticias\/?p=974811"},"modified":"2018-04-05T02:35:02","modified_gmt":"2018-04-05T02:35:02","slug":"andalucia-incentivara-el-cambio-de-ventanas-y-el-aislamiento-de-los-edificios","status":"publish","type":"post","link":"https:\/\/www.eldigitaldeasturias.com\/noticias\/andalucia-incentivara-el-cambio-de-ventanas-y-el-aislamiento-de-los-edificios\/","title":{"rendered":"Andaluc\u00eda incentivar\u00e1 el cambio de ventanas y el aislamiento de los edificios"},"content":{"rendered":"<p><img loading=\"lazy\" decoding=\"async\" class=\"alignleft size-medium wp-image-974812\" src=\"https:\/\/www.eldigitaldeasturias.com\/noticias\/wp-content\/uploads\/2018\/04\/1522668001370VentanaEstandardn-360x212.jpg\" alt=\"\" width=\"360\" height=\"212\" \/>La renovaci\u00f3n de ventanas, el aislamiento de edificios y la mejora de la iluminaci\u00f3n interior contar\u00e1n a partir del 23 de abril con un incremento de los incentivos concedidos por la Consejer\u00eda de Empleo, Empresa y Comercio, a trav\u00e9s de la Agencia Andaluza de la Energ\u00eda (AAE), dentro de la L\u00ednea Construcci\u00f3n Sostenible del Programa para el Desarrollo Energ\u00e9tico Sostenible de Andaluc\u00eda. El proceso de solicitud para estas ayudas est\u00e1 abierto desde el pasado mes de mayo.<\/p>\n<p>La AAE, siguiendo con la pol\u00edtica de participaci\u00f3n establecida para la elaboraci\u00f3n de la Estrategia Energ\u00e9tica de Andaluc\u00eda 2020 y de su nuevo programa de incentivos, ha abierto un proceso de di\u00e1logo con los principales agentes econ\u00f3micos y sociales para informarles sobre la evoluci\u00f3n del proyecto y conocer su valoraci\u00f3n respecto al mismo. Fruto de este trabajo, se ha decidido aumentar el porcentaje de incentivo para algunas de las actuaciones recogidas en la l\u00ednea Construcci\u00f3n Sostenible, y que junto con las l\u00edneas Pyme Sostenible y Redes Inteligentes componen el Programa para el Desarrollo Energ\u00e9tico Sostenible de Andaluc\u00eda, cofinanciado por el Fondo Europeo de Desarrollo Regional (FEDER).<\/p>\n<p>As\u00ed, la sustituci\u00f3n de ventanas o huecos acristalados es la actuaci\u00f3n que m\u00e1s ha aumentado su porcentaje de incentivo, pasando del 20% que ten\u00eda inicialmente hasta el 60%, pudiendo alcanzar el 65% si la actuaci\u00f3n se realiza en un edificio construido entre 1980 y 2007, y hasta un 70% de la inversi\u00f3n si el a\u00f1o de construcci\u00f3n es anterior a 1980 y si incluye soluciones avanzadas de aislamiento t\u00e9rmico (en el cerramiento, cubiertas o suelo), que originalmente se incentivaban con entre el 35% y el 45% de la inversi\u00f3n.<\/p>\n<p>El aislamiento de edificios, tanto por el interior como por el exterior que contaban con entre un 30% y un 45%, suben hasta el 60% y el 70% de la inversi\u00f3n, seg\u00fan el a\u00f1o de construcci\u00f3n del edificio.<\/p>\n<p>La modificaci\u00f3n del porcentaje de incentivo de estas actuaciones, que est\u00e1n entre las m\u00e1s solicitadas por los ciudadanos, va a permitir reducir notablemente la demanda de energ\u00eda de los edificios. El cambio de ventanas y la mejora del aislamiento pueden lograr un ahorro de hasta el 80% de la energ\u00eda que se requiere para la calefacci\u00f3n y refrigeraci\u00f3n, lo que supone un ahorro econ\u00f3mico anual estimado de entre 400 y 1.000 euros.<\/p>\n<p>Otras actuaciones cuyo porcentaje de incentivo ha aumentado, y con las que se busca principalmente reforzar las pymes del sector tur\u00edstico andaluz, son las referidas a la iluminaci\u00f3n interior (renovaci\u00f3n de equipos e implantaci\u00f3n de proyectos luminot\u00e9cnicos). Estas medidas, que pueden llevar a cabo pymes o aut\u00f3nomos, contar\u00e1n con entre el 40% y el 55% de ayudas, en funci\u00f3n del alcance del proyecto, teniendo en cuenta que pymes o aut\u00f3nomos del sector tur\u00edstico y de otros considerados prioritarios en la RIS3 (Estrategia de Innovaci\u00f3n de Andaluc\u00eda 2020) o que usen TIC para la medici\u00f3n y seguimiento energ\u00e9tico son los que optan a un mayor incentivo.<\/p>\n<p>As\u00ed por ejemplo, un restaurante que invierta 6.000 euros en renovar su iluminaci\u00f3n por tecnolog\u00eda led podr\u00eda tener un incentivo del 45%. Con su renovaci\u00f3n conseguir\u00eda un ahorro anual en iluminaci\u00f3n de m\u00e1s del 60%, estimado en unos 1.500 euros.<\/p>\n<p><strong>2.000 nuevas contrataciones<\/strong><\/p>\n<p>Con el incremento de los porcentajes de incentivo se prev\u00e9 mejorar energ\u00e9ticamente 5.000 hogares y m\u00e1s de 1.500 establecimientos tur\u00edsticos, comerciales, de oficinas u otros centros de trabajo, lo que har\u00e1 m\u00e1s patente el impacto y alcance de los fondos FEDER.<\/p>\n<p>De esta forma, se espera aumentar la sostenibilidad ambiental y el bienestar de los ciudadanos, as\u00ed como potenciar el crecimiento econ\u00f3mico y la creaci\u00f3n de nuevas oportunidades de empleo, mediante la generaci\u00f3n de hasta 2.000 nuevas contrataciones en las empresas andaluzas.<\/p>\n<p>Desde la apertura del programa de incentivos en mayo de 2017 ya se han resuelto favorablemente 1.868 solicitudes, lo que supone un incentivo de 56,4 millones de euros que va a conllevar una inversi\u00f3n de 103,7 millones.<\/p>\n<p>Para la gesti\u00f3n de los incentivos se cuenta con las entidades colaboradoras, que son las encargadas de ejecutar las actuaciones y de llevar a cabo las cuestiones relativas a la solicitud, tramitaci\u00f3n, justificaci\u00f3n y pago de los incentivos. Actualmente, se han inscrito 2.339 empresas como entidades colaboradoras.<\/p>\n","protected":false},"excerpt":{"rendered":"<p>La renovaci\u00f3n de ventanas, el aislamiento de edificios y la mejora de la iluminaci\u00f3n interior contar\u00e1n a partir del 23 de abril con un incremento de los incentivos concedidos por la Consejer\u00eda de Empleo, Empresa y Comercio, a trav\u00e9s de la Agencia Andaluza de la Energ\u00eda (AAE), dentro de la L\u00ednea Construcci\u00f3n Sostenible del Programa [&hellip;]<\/p>\n","protected":false},"author":1,"featured_media":974812,"comment_status":"closed","ping_status":"closed","sticky":false,"template":"","format":"standard","meta":{"footnotes":""},"categories":[1],"tags":[],"class_list":["post-974811","post","type-post","status-publish","format-standard","has-post-thumbnail","hentry","category-actualidad"],"aioseo_notices":[],"aioseo_head":"\n\t\t<!-- All in One SEO Pro 5.0.1 - aioseo.com -->\n\t<meta name=\"description\" content=\"La renovaci\u00f3n de ventanas, el aislamiento de edificios y la mejora de la iluminaci\u00f3n interior contar\u00e1n a partir del 23 de abril con un incremento de los incentivos concedidos por la Consejer\u00eda de Empleo, Empresa y Comercio, a trav\u00e9s de la Agencia Andaluza de la Energ\u00eda (AAE), dentro de la L\u00ednea Construcci\u00f3n Sostenible del Programa\" \/>\n\t<meta name=\"robots\" content=\"max-image-preview:large\" \/>\n\t<meta name=\"author\" content=\"El Digital de Asturias\"\/>\n\t<meta name=\"google-site-verification\" content=\"UA-38556648-1\" \/>\n\t<meta name=\"msvalidate.01\" content=\"7dfe9f3f1b24437ab69f4f2559babe99\" \/>\n\t<meta name=\"keywords\" content=\"actualidad\" \/>\n\t<link rel=\"canonical\" href=\"https:\/\/www.eldigitaldeasturias.com\/noticias\/andalucia-incentivara-el-cambio-de-ventanas-y-el-aislamiento-de-los-edificios\/\" \/>\n\t<meta name=\"generator\" content=\"All in One SEO Pro (AIOSEO) 5.0.1\" \/>\n\t\t<meta property=\"og:locale\" content=\"es_ES\" \/>\n\t\t<meta property=\"og:site_name\" content=\"El Digital de Asturias\" \/>\n\t\t<meta property=\"og:type\" content=\"article\" \/>\n\t\t<meta property=\"og:title\" content=\"Andaluc\u00eda incentivar\u00e1 el cambio de ventanas y el aislamiento de los edificios - El Digital de Asturias\" \/>\n\t\t<meta property=\"og:description\" content=\"La renovaci\u00f3n de ventanas, el aislamiento de edificios y la mejora de la iluminaci\u00f3n interior contar\u00e1n a partir del 23 de abril con un incremento de los incentivos concedidos por la Consejer\u00eda de Empleo, Empresa y Comercio, a trav\u00e9s de la Agencia Andaluza de la Energ\u00eda (AAE), dentro de la L\u00ednea Construcci\u00f3n Sostenible del Programa\" \/>\n\t\t<meta property=\"og:url\" content=\"https:\/\/www.eldigitaldeasturias.com\/noticias\/andalucia-incentivara-el-cambio-de-ventanas-y-el-aislamiento-de-los-edificios\/\" \/>\n\t\t<meta property=\"article:tag\" content=\"actualidad\" \/>\n\t\t<meta property=\"article:published_time\" content=\"2018-04-05T02:35:02+00:00\" \/>\n\t\t<meta property=\"article:modified_time\" content=\"2018-04-05T02:35:02+00:00\" \/>\n\t\t<meta property=\"article:publisher\" content=\"https:\/\/facebook.com\/eldigitaldeasturias\" \/>\n\t\t<meta name=\"twitter:card\" content=\"summary_large_image\" \/>\n\t\t<meta name=\"twitter:title\" content=\"Andaluc\u00eda incentivar\u00e1 el cambio de ventanas y el aislamiento de los edificios - El Digital de Asturias\" \/>\n\t\t<meta name=\"twitter:description\" content=\"La renovaci\u00f3n de ventanas, el aislamiento de edificios y la mejora de la iluminaci\u00f3n interior contar\u00e1n a partir del 23 de abril con un incremento de los incentivos concedidos por la Consejer\u00eda de Empleo, Empresa y Comercio, a trav\u00e9s de la Agencia Andaluza de la Energ\u00eda (AAE), dentro de la L\u00ednea Construcci\u00f3n Sostenible del Programa\" \/>\n\t\t<meta name=\"twitter:image\" content=\"https:\/\/www.eldigitaldeasturias.com\/noticias\/wp-content\/uploads\/2020\/12\/EDA-1.jpg\" \/>\n\t\t<meta name=\"twitter:label1\" content=\"Escrito por\" \/>\n\t\t<meta name=\"twitter:data1\" content=\"El Digital de Asturias\" \/>\n\t\t<meta name=\"twitter:label2\" content=\"Tiempo de lectura estimado\" \/>\n\t\t<meta name=\"twitter:data2\" content=\"4 minutos\" \/>\n\t\t<script type=\"application\/ld+json\" class=\"aioseo-schema\">\n\t\t\t{\"@context\":\"https:\\\/\\\/schema.org\",\"@graph\":[{\"@type\":\"BlogPosting\",\"@id\":\"https:\\\/\\\/www.eldigitaldeasturias.com\\\/noticias\\\/andalucia-incentivara-el-cambio-de-ventanas-y-el-aislamiento-de-los-edificios\\\/#blogposting\",\"name\":\"Andaluc\\u00eda incentivar\\u00e1 el cambio de ventanas y el aislamiento de los edificios - El Digital de Asturias\",\"headline\":\"Andaluc\\u00eda incentivar\\u00e1 el cambio de ventanas y el aislamiento de los edificios\",\"author\":{\"@id\":\"https:\\\/\\\/www.eldigitaldeasturias.com\\\/noticias\\\/author\\\/admin\\\/#author\"},\"publisher\":{\"@id\":\"https:\\\/\\\/www.eldigitaldeasturias.com\\\/noticias\\\/#organization\"},\"image\":{\"@type\":\"ImageObject\",\"url\":974812},\"datePublished\":\"2018-04-05T02:35:02+02:00\",\"dateModified\":\"2018-04-05T02:35:02+02:00\",\"inLanguage\":\"es-ES\",\"mainEntityOfPage\":{\"@id\":\"https:\\\/\\\/www.eldigitaldeasturias.com\\\/noticias\\\/andalucia-incentivara-el-cambio-de-ventanas-y-el-aislamiento-de-los-edificios\\\/#webpage\"},\"isPartOf\":{\"@id\":\"https:\\\/\\\/www.eldigitaldeasturias.com\\\/noticias\\\/andalucia-incentivara-el-cambio-de-ventanas-y-el-aislamiento-de-los-edificios\\\/#webpage\"},\"articleSection\":\"Actualidad\"},{\"@type\":\"BreadcrumbList\",\"@id\":\"https:\\\/\\\/www.eldigitaldeasturias.com\\\/noticias\\\/andalucia-incentivara-el-cambio-de-ventanas-y-el-aislamiento-de-los-edificios\\\/#breadcrumblist\",\"itemListElement\":[{\"@type\":\"ListItem\",\"@id\":\"https:\\\/\\\/www.eldigitaldeasturias.com\\\/noticias#listItem\",\"position\":1,\"name\":\"Home\",\"item\":\"https:\\\/\\\/www.eldigitaldeasturias.com\\\/noticias\",\"nextItem\":{\"@type\":\"ListItem\",\"@id\":\"https:\\\/\\\/www.eldigitaldeasturias.com\\\/noticias\\\/category\\\/actualidad\\\/#listItem\",\"name\":\"Actualidad\"}},{\"@type\":\"ListItem\",\"@id\":\"https:\\\/\\\/www.eldigitaldeasturias.com\\\/noticias\\\/category\\\/actualidad\\\/#listItem\",\"position\":2,\"name\":\"Actualidad\",\"item\":\"https:\\\/\\\/www.eldigitaldeasturias.com\\\/noticias\\\/category\\\/actualidad\\\/\",\"nextItem\":{\"@type\":\"ListItem\",\"@id\":\"https:\\\/\\\/www.eldigitaldeasturias.com\\\/noticias\\\/andalucia-incentivara-el-cambio-de-ventanas-y-el-aislamiento-de-los-edificios\\\/#listItem\",\"name\":\"Andaluc\\u00eda incentivar\\u00e1 el cambio de ventanas y el aislamiento de los edificios\"},\"previousItem\":{\"@type\":\"ListItem\",\"@id\":\"https:\\\/\\\/www.eldigitaldeasturias.com\\\/noticias#listItem\",\"name\":\"Home\"}},{\"@type\":\"ListItem\",\"@id\":\"https:\\\/\\\/www.eldigitaldeasturias.com\\\/noticias\\\/andalucia-incentivara-el-cambio-de-ventanas-y-el-aislamiento-de-los-edificios\\\/#listItem\",\"position\":3,\"name\":\"Andaluc\\u00eda incentivar\\u00e1 el cambio de ventanas y el aislamiento de los edificios\",\"previousItem\":{\"@type\":\"ListItem\",\"@id\":\"https:\\\/\\\/www.eldigitaldeasturias.com\\\/noticias\\\/category\\\/actualidad\\\/#listItem\",\"name\":\"Actualidad\"}}]},{\"@type\":\"Organization\",\"@id\":\"https:\\\/\\\/www.eldigitaldeasturias.com\\\/noticias\\\/#organization\",\"name\":\"El Digital de Asturias\",\"description\":\"Hemeroteca\",\"url\":\"https:\\\/\\\/www.eldigitaldeasturias.com\\\/noticias\\\/\",\"email\":\"info@eldigitaldeasturias.com\",\"telephone\":\"+34652131393\",\"logo\":{\"@type\":\"ImageObject\",\"url\":\"https:\\\/\\\/www.eldigitaldeasturias.com\\\/noticias\\\/wp-content\\\/uploads\\\/2020\\\/12\\\/EDA.jpg\",\"@id\":\"https:\\\/\\\/www.eldigitaldeasturias.com\\\/noticias\\\/andalucia-incentivara-el-cambio-de-ventanas-y-el-aislamiento-de-los-edificios\\\/#organizationLogo\"},\"image\":{\"@id\":\"https:\\\/\\\/www.eldigitaldeasturias.com\\\/noticias\\\/andalucia-incentivara-el-cambio-de-ventanas-y-el-aislamiento-de-los-edificios\\\/#organizationLogo\"},\"sameAs\":[\"https:\\\/\\\/facebook.com\\\/eldigitaldeasturias\",\"https:\\\/\\\/www.youtube.com\\\/channel\\\/UCZP-2wLEB9Rv6erhFmqVnvg\"],\"address\":{\"@id\":\"https:\\\/\\\/www.eldigitaldeasturias.com\\\/noticias\\\/#postaladdress\",\"@type\":\"PostalAddress\",\"streetAddress\":\"san antonio 4\",\"postalCode\":\"33430\",\"addressLocality\":\"Cand\\u00e1s\",\"addressRegion\":\"Asturias\",\"addressCountry\":\"ES\"}},{\"@type\":\"Person\",\"@id\":\"https:\\\/\\\/www.eldigitaldeasturias.com\\\/noticias\\\/author\\\/admin\\\/#author\",\"url\":\"https:\\\/\\\/www.eldigitaldeasturias.com\\\/noticias\\\/author\\\/admin\\\/\",\"name\":\"El Digital de Asturias\",\"image\":{\"@type\":\"ImageObject\",\"@id\":\"https:\\\/\\\/www.eldigitaldeasturias.com\\\/noticias\\\/andalucia-incentivara-el-cambio-de-ventanas-y-el-aislamiento-de-los-edificios\\\/#authorImage\",\"url\":\"https:\\\/\\\/secure.gravatar.com\\\/avatar\\\/df2aeffc32bcd13f8d26072ef8a91b623d677766deac7f97ca815868cd41bf5e?s=96&d=mm&r=g\",\"width\":96,\"height\":96,\"caption\":\"El Digital de Asturias\"}},{\"@type\":\"WebPage\",\"@id\":\"https:\\\/\\\/www.eldigitaldeasturias.com\\\/noticias\\\/andalucia-incentivara-el-cambio-de-ventanas-y-el-aislamiento-de-los-edificios\\\/#webpage\",\"url\":\"https:\\\/\\\/www.eldigitaldeasturias.com\\\/noticias\\\/andalucia-incentivara-el-cambio-de-ventanas-y-el-aislamiento-de-los-edificios\\\/\",\"name\":\"Andaluc\\u00eda incentivar\\u00e1 el cambio de ventanas y el aislamiento de los edificios - El Digital de Asturias\",\"description\":\"La renovaci\\u00f3n de ventanas, el aislamiento de edificios y la mejora de la iluminaci\\u00f3n interior contar\\u00e1n a partir del 23 de abril con un incremento de los incentivos concedidos por la Consejer\\u00eda de Empleo, Empresa y Comercio, a trav\\u00e9s de la Agencia Andaluza de la Energ\\u00eda (AAE), dentro de la L\\u00ednea Construcci\\u00f3n Sostenible del Programa\",\"inLanguage\":\"es-ES\",\"isPartOf\":{\"@id\":\"https:\\\/\\\/www.eldigitaldeasturias.com\\\/noticias\\\/#website\"},\"breadcrumb\":{\"@id\":\"https:\\\/\\\/www.eldigitaldeasturias.com\\\/noticias\\\/andalucia-incentivara-el-cambio-de-ventanas-y-el-aislamiento-de-los-edificios\\\/#breadcrumblist\"},\"author\":{\"@id\":\"https:\\\/\\\/www.eldigitaldeasturias.com\\\/noticias\\\/author\\\/admin\\\/#author\"},\"creator\":{\"@id\":\"https:\\\/\\\/www.eldigitaldeasturias.com\\\/noticias\\\/author\\\/admin\\\/#author\"},\"image\":{\"@type\":\"ImageObject\",\"url\":974812,\"@id\":\"https:\\\/\\\/www.eldigitaldeasturias.com\\\/noticias\\\/andalucia-incentivara-el-cambio-de-ventanas-y-el-aislamiento-de-los-edificios\\\/#mainImage\"},\"primaryImageOfPage\":{\"@id\":\"https:\\\/\\\/www.eldigitaldeasturias.com\\\/noticias\\\/andalucia-incentivara-el-cambio-de-ventanas-y-el-aislamiento-de-los-edificios\\\/#mainImage\"},\"datePublished\":\"2018-04-05T02:35:02+02:00\",\"dateModified\":\"2018-04-05T02:35:02+02:00\"},{\"@type\":\"WebSite\",\"@id\":\"https:\\\/\\\/www.eldigitaldeasturias.com\\\/noticias\\\/#website\",\"url\":\"https:\\\/\\\/www.eldigitaldeasturias.com\\\/noticias\\\/\",\"name\":\"El Digital de Asturias - Diario de actualidad y noticias\",\"alternateName\":\"El Digital de Asturias - Diario de actualidad y noticias\",\"description\":\"Hemeroteca\",\"inLanguage\":\"es-ES\",\"publisher\":{\"@id\":\"https:\\\/\\\/www.eldigitaldeasturias.com\\\/noticias\\\/#organization\"}}]}\n\t\t<\/script>\n\t\t<!-- All in One SEO Pro -->\r\n\t\t<title>Andaluc\u00eda incentivar\u00e1 el cambio de ventanas y el aislamiento de los edificios - El Digital de Asturias<\/title>\n\n","aioseo_head_json":{"title":"Andaluc\u00eda incentivar\u00e1 el cambio de ventanas y el aislamiento de los edificios - El Digital de Asturias","description":"La renovaci\u00f3n de ventanas, el aislamiento de edificios y la mejora de la iluminaci\u00f3n interior contar\u00e1n a partir del 23 de abril con un incremento de los incentivos concedidos por la Consejer\u00eda de Empleo, Empresa y Comercio, a trav\u00e9s de la Agencia Andaluza de la Energ\u00eda (AAE), dentro de la L\u00ednea Construcci\u00f3n Sostenible del Programa","canonical_url":"https:\/\/www.eldigitaldeasturias.com\/noticias\/andalucia-incentivara-el-cambio-de-ventanas-y-el-aislamiento-de-los-edificios\/","robots":"max-image-preview:large","keywords":"actualidad","webmasterTools":{"google-site-verification":"UA-38556648-1","msvalidate.01":"7dfe9f3f1b24437ab69f4f2559babe99","miscellaneous":""},"schema":{"@context":"https:\/\/schema.org","@graph":[{"@type":"BlogPosting","@id":"https:\/\/www.eldigitaldeasturias.com\/noticias\/andalucia-incentivara-el-cambio-de-ventanas-y-el-aislamiento-de-los-edificios\/#blogposting","name":"Andaluc\u00eda incentivar\u00e1 el cambio de ventanas y el aislamiento de los edificios - El Digital de Asturias","headline":"Andaluc\u00eda incentivar\u00e1 el cambio de ventanas y el aislamiento de los edificios","author":{"@id":"https:\/\/www.eldigitaldeasturias.com\/noticias\/author\/admin\/#author"},"publisher":{"@id":"https:\/\/www.eldigitaldeasturias.com\/noticias\/#organization"},"image":{"@type":"ImageObject","url":974812},"datePublished":"2018-04-05T02:35:02+02:00","dateModified":"2018-04-05T02:35:02+02:00","inLanguage":"es-ES","mainEntityOfPage":{"@id":"https:\/\/www.eldigitaldeasturias.com\/noticias\/andalucia-incentivara-el-cambio-de-ventanas-y-el-aislamiento-de-los-edificios\/#webpage"},"isPartOf":{"@id":"https:\/\/www.eldigitaldeasturias.com\/noticias\/andalucia-incentivara-el-cambio-de-ventanas-y-el-aislamiento-de-los-edificios\/#webpage"},"articleSection":"Actualidad"},{"@type":"BreadcrumbList","@id":"https:\/\/www.eldigitaldeasturias.com\/noticias\/andalucia-incentivara-el-cambio-de-ventanas-y-el-aislamiento-de-los-edificios\/#breadcrumblist","itemListElement":[{"@type":"ListItem","@id":"https:\/\/www.eldigitaldeasturias.com\/noticias#listItem","position":1,"name":"Home","item":"https:\/\/www.eldigitaldeasturias.com\/noticias","nextItem":{"@type":"ListItem","@id":"https:\/\/www.eldigitaldeasturias.com\/noticias\/category\/actualidad\/#listItem","name":"Actualidad"}},{"@type":"ListItem","@id":"https:\/\/www.eldigitaldeasturias.com\/noticias\/category\/actualidad\/#listItem","position":2,"name":"Actualidad","item":"https:\/\/www.eldigitaldeasturias.com\/noticias\/category\/actualidad\/","nextItem":{"@type":"ListItem","@id":"https:\/\/www.eldigitaldeasturias.com\/noticias\/andalucia-incentivara-el-cambio-de-ventanas-y-el-aislamiento-de-los-edificios\/#listItem","name":"Andaluc\u00eda incentivar\u00e1 el cambio de ventanas y el aislamiento de los edificios"},"previousItem":{"@type":"ListItem","@id":"https:\/\/www.eldigitaldeasturias.com\/noticias#listItem","name":"Home"}},{"@type":"ListItem","@id":"https:\/\/www.eldigitaldeasturias.com\/noticias\/andalucia-incentivara-el-cambio-de-ventanas-y-el-aislamiento-de-los-edificios\/#listItem","position":3,"name":"Andaluc\u00eda incentivar\u00e1 el cambio de ventanas y el aislamiento de los edificios","previousItem":{"@type":"ListItem","@id":"https:\/\/www.eldigitaldeasturias.com\/noticias\/category\/actualidad\/#listItem","name":"Actualidad"}}]},{"@type":"Organization","@id":"https:\/\/www.eldigitaldeasturias.com\/noticias\/#organization","name":"El Digital de Asturias","description":"Hemeroteca","url":"https:\/\/www.eldigitaldeasturias.com\/noticias\/","email":"info@eldigitaldeasturias.com","telephone":"+34652131393","logo":{"@type":"ImageObject","url":"https:\/\/www.eldigitaldeasturias.com\/noticias\/wp-content\/uploads\/2020\/12\/EDA.jpg","@id":"https:\/\/www.eldigitaldeasturias.com\/noticias\/andalucia-incentivara-el-cambio-de-ventanas-y-el-aislamiento-de-los-edificios\/#organizationLogo"},"image":{"@id":"https:\/\/www.eldigitaldeasturias.com\/noticias\/andalucia-incentivara-el-cambio-de-ventanas-y-el-aislamiento-de-los-edificios\/#organizationLogo"},"sameAs":["https:\/\/facebook.com\/eldigitaldeasturias","https:\/\/www.youtube.com\/channel\/UCZP-2wLEB9Rv6erhFmqVnvg"],"address":{"@id":"https:\/\/www.eldigitaldeasturias.com\/noticias\/#postaladdress","@type":"PostalAddress","streetAddress":"san antonio 4","postalCode":"33430","addressLocality":"Cand\u00e1s","addressRegion":"Asturias","addressCountry":"ES"}},{"@type":"Person","@id":"https:\/\/www.eldigitaldeasturias.com\/noticias\/author\/admin\/#author","url":"https:\/\/www.eldigitaldeasturias.com\/noticias\/author\/admin\/","name":"El Digital de Asturias","image":{"@type":"ImageObject","@id":"https:\/\/www.eldigitaldeasturias.com\/noticias\/andalucia-incentivara-el-cambio-de-ventanas-y-el-aislamiento-de-los-edificios\/#authorImage","url":"https:\/\/secure.gravatar.com\/avatar\/df2aeffc32bcd13f8d26072ef8a91b623d677766deac7f97ca815868cd41bf5e?s=96&d=mm&r=g","width":96,"height":96,"caption":"El Digital de Asturias"}},{"@type":"WebPage","@id":"https:\/\/www.eldigitaldeasturias.com\/noticias\/andalucia-incentivara-el-cambio-de-ventanas-y-el-aislamiento-de-los-edificios\/#webpage","url":"https:\/\/www.eldigitaldeasturias.com\/noticias\/andalucia-incentivara-el-cambio-de-ventanas-y-el-aislamiento-de-los-edificios\/","name":"Andaluc\u00eda incentivar\u00e1 el cambio de ventanas y el aislamiento de los edificios - El Digital de Asturias","description":"La renovaci\u00f3n de ventanas, el aislamiento de edificios y la mejora de la iluminaci\u00f3n interior contar\u00e1n a partir del 23 de abril con un incremento de los incentivos concedidos por la Consejer\u00eda de Empleo, Empresa y Comercio, a trav\u00e9s de la Agencia Andaluza de la Energ\u00eda (AAE), dentro de la L\u00ednea Construcci\u00f3n Sostenible del Programa","inLanguage":"es-ES","isPartOf":{"@id":"https:\/\/www.eldigitaldeasturias.com\/noticias\/#website"},"breadcrumb":{"@id":"https:\/\/www.eldigitaldeasturias.com\/noticias\/andalucia-incentivara-el-cambio-de-ventanas-y-el-aislamiento-de-los-edificios\/#breadcrumblist"},"author":{"@id":"https:\/\/www.eldigitaldeasturias.com\/noticias\/author\/admin\/#author"},"creator":{"@id":"https:\/\/www.eldigitaldeasturias.com\/noticias\/author\/admin\/#author"},"image":{"@type":"ImageObject","url":974812,"@id":"https:\/\/www.eldigitaldeasturias.com\/noticias\/andalucia-incentivara-el-cambio-de-ventanas-y-el-aislamiento-de-los-edificios\/#mainImage"},"primaryImageOfPage":{"@id":"https:\/\/www.eldigitaldeasturias.com\/noticias\/andalucia-incentivara-el-cambio-de-ventanas-y-el-aislamiento-de-los-edificios\/#mainImage"},"datePublished":"2018-04-05T02:35:02+02:00","dateModified":"2018-04-05T02:35:02+02:00"},{"@type":"WebSite","@id":"https:\/\/www.eldigitaldeasturias.com\/noticias\/#website","url":"https:\/\/www.eldigitaldeasturias.com\/noticias\/","name":"El Digital de Asturias - Diario de actualidad y noticias","alternateName":"El Digital de Asturias - Diario de actualidad y noticias","description":"Hemeroteca","inLanguage":"es-ES","publisher":{"@id":"https:\/\/www.eldigitaldeasturias.com\/noticias\/#organization"}}]},"og:locale":"es_ES","og:site_name":"El Digital de Asturias","og:type":"article","og:title":"Andaluc\u00eda incentivar\u00e1 el cambio de ventanas y el aislamiento de los edificios - El Digital de Asturias","og:description":"La renovaci\u00f3n de ventanas, el aislamiento de edificios y la mejora de la iluminaci\u00f3n interior contar\u00e1n a partir del 23 de abril con un incremento de los incentivos concedidos por la Consejer\u00eda de Empleo, Empresa y Comercio, a trav\u00e9s de la Agencia Andaluza de la Energ\u00eda (AAE), dentro de la L\u00ednea Construcci\u00f3n Sostenible del Programa","og:url":"https:\/\/www.eldigitaldeasturias.com\/noticias\/andalucia-incentivara-el-cambio-de-ventanas-y-el-aislamiento-de-los-edificios\/","article:tag":["actualidad"],"article:published_time":"2018-04-05T02:35:02+00:00","article:modified_time":"2018-04-05T02:35:02+00:00","article:publisher":"https:\/\/facebook.com\/eldigitaldeasturias","twitter:card":"summary_large_image","twitter:title":"Andaluc\u00eda incentivar\u00e1 el cambio de ventanas y el aislamiento de los edificios - El Digital de Asturias","twitter:description":"La renovaci\u00f3n de ventanas, el aislamiento de edificios y la mejora de la iluminaci\u00f3n interior contar\u00e1n a partir del 23 de abril con un incremento de los incentivos concedidos por la Consejer\u00eda de Empleo, Empresa y Comercio, a trav\u00e9s de la Agencia Andaluza de la Energ\u00eda (AAE), dentro de la L\u00ednea Construcci\u00f3n Sostenible del Programa","twitter:image":"https:\/\/www.eldigitaldeasturias.com\/noticias\/wp-content\/uploads\/2020\/12\/EDA-1.jpg","twitter:label1":"Escrito por","twitter:data1":"El Digital de Asturias","twitter:label2":"Tiempo de lectura estimado","twitter:data2":"4 minutos"},"aioseo_meta_data":{"post_id":"974811","title":null,"description":null,"keywords":null,"keyphrases":null,"primary_term":null,"canonical_url":null,"og_title":null,"og_description":null,"og_object_type":"default","og_image_type":"default","og_image_url":null,"og_image_width":null,"og_image_height":null,"og_image_custom_url":null,"og_image_custom_fields":null,"og_video":null,"og_custom_url":null,"og_article_section":null,"og_article_tags":null,"twitter_use_og":false,"twitter_card":"default","twitter_image_type":"default","twitter_image_url":null,"twitter_image_custom_url":null,"twitter_image_custom_fields":null,"twitter_title":null,"twitter_description":null,"schema":{"blockGraphs":[],"customGraphs":[],"default":{"data":{"Article":[],"Course":[],"Dataset":[],"FAQPage":[],"Movie":[],"Person":[],"Product":[],"ProductReview":[],"Car":[],"Recipe":[],"Service":[],"SoftwareApplication":[],"WebPage":[]},"graphName":"","isEnabled":true},"graphs":[],"defaultGraph":"","defaultPostTypeGraph":""},"schema_type":null,"schema_type_options":null,"pillar_content":false,"robots_default":true,"robots_noindex":false,"robots_noarchive":false,"robots_nosnippet":false,"robots_nofollow":false,"robots_noimageindex":false,"robots_noodp":false,"robots_notranslate":false,"robots_max_snippet":null,"robots_max_videopreview":null,"robots_max_imagepreview":"large","priority":null,"frequency":null,"local_seo":null,"seo_analyzer_scan_date":"2025-10-07 21:35:06","breadcrumb_settings":null,"limit_modified_date":false,"open_ai":null,"ai":null,"created":"2020-12-21 12:12:39","updated":"2025-10-07 21:35:06","focus_keyword":null,"additional_keywords":null,"truseo_locale":null},"aioseo_breadcrumb":"<div class=\"aioseo-breadcrumbs\"><span class=\"aioseo-breadcrumb\">\n\t<a href=\"https:\/\/www.eldigitaldeasturias.com\/noticias\" title=\"Home\">Home<\/a>\n<\/span><span class=\"aioseo-breadcrumb-separator\">\u2013<\/span><span class=\"aioseo-breadcrumb\">\n\t<a href=\"https:\/\/www.eldigitaldeasturias.com\/noticias\/category\/actualidad\/\" title=\"Actualidad\">Actualidad<\/a>\n<\/span><span class=\"aioseo-breadcrumb-separator\">\u2013<\/span><span class=\"aioseo-breadcrumb\">\n\t<a href=\"https:\/\/www.eldigitaldeasturias.com\/noticias\/andalucia-incentivara-el-cambio-de-ventanas-y-el-aislamiento-de-los-edificios\/\" title=\"Andaluc\u00eda incentivar\u00e1 el cambio de ventanas y el aislamiento de los edificios\">Andaluc\u00eda incentivar\u00e1 el cambio de ventanas y el aislamiento de los edificios<\/a>\n<\/span><\/div>","aioseo_breadcrumb_json":[{"label":"Home","link":"https:\/\/www.eldigitaldeasturias.com\/noticias"},{"label":"Actualidad","link":"https:\/\/www.eldigitaldeasturias.com\/noticias\/category\/actualidad\/"},{"label":"Andaluc\u00eda incentivar\u00e1 el cambio de ventanas y el aislamiento de los edificios","link":"https:\/\/www.eldigitaldeasturias.com\/noticias\/andalucia-incentivara-el-cambio-de-ventanas-y-el-aislamiento-de-los-edificios\/"}],"_links":{"self":[{"href":"https:\/\/www.eldigitaldeasturias.com\/noticias\/wp-json\/wp\/v2\/posts\/974811","targetHints":{"allow":["GET"]}}],"collection":[{"href":"https:\/\/www.eldigitaldeasturias.com\/noticias\/wp-json\/wp\/v2\/posts"}],"about":[{"href":"https:\/\/www.eldigitaldeasturias.com\/noticias\/wp-json\/wp\/v2\/types\/post"}],"author":[{"embeddable":true,"href":"https:\/\/www.eldigitaldeasturias.com\/noticias\/wp-json\/wp\/v2\/users\/1"}],"replies":[{"embeddable":true,"href":"https:\/\/www.eldigitaldeasturias.com\/noticias\/wp-json\/wp\/v2\/comments?post=974811"}],"version-history":[{"count":0,"href":"https:\/\/www.eldigitaldeasturias.com\/noticias\/wp-json\/wp\/v2\/posts\/974811\/revisions"}],"wp:attachment":[{"href":"https:\/\/www.eldigitaldeasturias.com\/noticias\/wp-json\/wp\/v2\/media?parent=974811"}],"wp:term":[{"taxonomy":"category","embeddable":true,"href":"https:\/\/www.eldigitaldeasturias.com\/noticias\/wp-json\/wp\/v2\/categories?post=974811"},{"taxonomy":"post_tag","embeddable":true,"href":"https:\/\/www.eldigitaldeasturias.com\/noticias\/wp-json\/wp\/v2\/tags?post=974811"}],"curies":[{"name":"wp","href":"https:\/\/api.w.org\/{rel}","templated":true}]}}