{"id":974802,"date":"2018-04-05T02:27:25","date_gmt":"2018-04-05T02:27:25","guid":{"rendered":"http:\/\/www.eldigitaldeasturias.com\/noticias\/?p=974802"},"modified":"2018-04-05T02:27:25","modified_gmt":"2018-04-05T02:27:25","slug":"la-denominacion-de-origen-protegida-de-granada-aglutina-los-vinos-de-la-provincia","status":"publish","type":"post","link":"https:\/\/www.eldigitaldeasturias.com\/noticias\/la-denominacion-de-origen-protegida-de-granada-aglutina-los-vinos-de-la-provincia\/","title":{"rendered":"La Denominaci\u00f3n de Origen Protegida de Granada aglutina los vinos de la provincia"},"content":{"rendered":"<p><img loading=\"lazy\" decoding=\"async\" class=\"alignleft size-medium wp-image-974803\" src=\"https:\/\/www.eldigitaldeasturias.com\/noticias\/wp-content\/uploads\/2018\/04\/1522678573008vinoestandardn-360x212.jpg\" alt=\"\" width=\"360\" height=\"212\" \/>La nueva Denominaci\u00f3n de Origen Protegida (DOP) Granada aglutinar\u00e1 los vinos de la provincia, una figura de reconocimiento que \u00abnos distingue frente a otros competidores y genera un mayor valor a\u00f1adido para los productores\u00bb, seg\u00fan ha destacado el consejero de Agricultura, Pesca y Desarrollo Rural, Rodrigo S\u00e1nchez Haro, quien ha apuntado que la apuesta por diferenciarse en lo singular \u00abes un camino de \u00e9xito demostrado\u00bb. Los datos, desde su punto de vista, son \u00abdemoledores\u00bb: el 78% de los caldos exportados desde Andaluc\u00eda est\u00e1n avalados por alguna de las 24 menciones de calidad registradas en la comunidad aut\u00f3noma.<\/p>\n<p>S\u00e1nchez Haro, en consecuencia, no ha dudado en apoyar y animar a la Asociaci\u00f3n Bodegas y Vi\u00f1edos de Granada en \u00abesta nueva andadura\u00bb que, \u00abestoy convencido, revitalizar\u00e1 y proyectar\u00e1 la marca en los mercados internacionales\u00bb. En este punto, ha recordado que el sector \u00abtiene instrumentos para ello\u00bb, en alusi\u00f3n a las distintas l\u00edneas de ayudas abiertas por la Consejer\u00eda de Agricultura, Pesca y Desarrollo Rural para respaldar a las producciones de calidad diferenciada, como los 3,2 millones de euros dirigidos a la promoci\u00f3n de estos alimentos y bebidas en la \u00faltima convocatoria (que se suman al mill\u00f3n de euros ya concedido en la anterior) o el mill\u00f3n de euros puesto a disposici\u00f3n de los agricultores para que puedan participar por primera vez en reg\u00edmenes de calidad. Un paraguas que se ve reforzado, adem\u00e1s, por los 3,2 millones de euros destinados a la promoci\u00f3n de vinos en terceros pa\u00edses.<\/p>\n<p><strong>La oportunidad del enoturismo<\/strong><\/p>\n<p>Junto a ello, el consejero ha incidido en la oportunidad de \u00abtodo lo que rodea al vino\u00bb. El turismo gastron\u00f3mico y el enoturismo son, ha aseverado, \u00abnegocios al alza que permiten promocionar de forma personal las producciones y que, a la vez, diversifican la actividad de los agricultores y bodegueros. En este sentido, Rodrigo S\u00e1nchez ha invitado a la asociaci\u00f3n, en particular, y a los viticultores, en general, a promover actividades complementarias que \u00abden estabilidad a las explotaciones\u00bb. Para ello, ha recordado, \u00abest\u00e1 abierta la ventanilla de los Grupos de Desarrollo Rural (GDR), que, en el caso concreto de Granada, cuentan con una asignaci\u00f3n de 35,9 millones de euros, con una primera convocatoria de 10 millones de euros que ha recibido ya 350 proyectos.<\/p>\n<p>El titular de Agricultura, Pesca y Desarrollo Rural ha abogado, en definitiva, por \u00abtrabajar de forma conjunta\u00bb para afrontar el reto de satisfacer el incremento de las exigencias de los consumidores, \u00abcada vez m\u00e1s sensibilizados con la calidad de los productos, los problemas ambientales y la seguridad alimentaria\u00bb. De ah\u00ed, ha concluido, \u00abque tengamos que poner en valor nuestras producciones, en especial en un lugar como Granada con la gran afluencia tur\u00edstica que recibe\u00bb, desde \u00abla promoci\u00f3n interior y el aprovechamiento de las sinergias que puedan surgir entre los productores y el sector tur\u00edstico\u00bb.<\/p>\n<p>Granada cuenta con 3.508 hect\u00e1reas de vi\u00f1edo y aporta, con ello, el 13% de la superficie dedicada a este cultivo en el conjunto de Andaluc\u00eda. Con un total de 61 bodegas, ocupa el cuarto lugar de la comunidad aut\u00f3noma en producci\u00f3n con 6.246 toneladas de uva que dan lugar a cinco millones de botellas y a una facturaci\u00f3n de alrededor de 2,5 millones de euros.<\/p>\n<p><strong>Reuni\u00f3n con Cooperativas Agroalimentarias de Granada<\/strong><\/p>\n<p>S\u00e1nchez Haro ha informado tambi\u00e9n de la reuni\u00f3n que ha mantenido con representantes de cooperativas agroalimentarias de Granada para \u00abintercambiar cuestiones de inter\u00e9s para el sector, as\u00ed como los retos que tenemos por delante\u00bb. Entre otras, el consejero ha destacado que se ha abordado la \u00abimportancia de seguir impulsando la integraci\u00f3n para aumentar el volumen de tama\u00f1o de nuestro sector\u00bb. Como ejemplo ha se\u00f1alado el proyecto ole\u00edcola Coperalia, fruto de la uni\u00f3n de cooperativas de Granada y Ja\u00e9n. S\u00e1nchez Haro ha subrayado el total respaldo de la Junta a iniciativas de este tipo.<\/p>\n<p>Asimismo, la futura Pol\u00edtica Agr\u00edcola Com\u00fan, la Ley de Agricultura y Ganader\u00eda y el apoyo que ha ofrecido la Consejer\u00eda a la provincia granadina han sido otros de los temas que se han puesto sobre la mesa en la reuni\u00f3n.<\/p>\n<p>El representante del Gobierno andaluz ha recordado que desde Andaluc\u00eda \u00abdefendemos una PAC fuerte, que no disminuya el presupuesto, que mire a nuestros peque\u00f1os y medianos agricultores y que mire a nuestra tierra\u00bb. Precisamente, ha resaltado, \u00abla Ley de Agricultura que se aprobar\u00e1 el pr\u00f3ximo 24 de abril reconoce la figura del peque\u00f1o y mediano agricultor, adem\u00e1s del trabajo que se viene haciendo desde hace tiempo por la incorporaci\u00f3n de las mujeres y los j\u00f3venes a la agricultura\u00bb.<\/p>\n<p>Por \u00faltimo, ha manifestado la \u00abapuesta clara de la Consejer\u00eda de Agricultura, Pesca y Desarrollo Rural por la provincia granadina, a la que hemos destinado en el \u00faltimo a\u00f1o 215 millones de euros, de los que 120 millones corresponden a ayudas de la PAC, 36 millones para Grupos de Desarrollo Rural y 24 millones para el relevo generacional en ese territorio\u00bb.<\/p>\n","protected":false},"excerpt":{"rendered":"<p>La nueva Denominaci\u00f3n de Origen Protegida (DOP) Granada aglutinar\u00e1 los vinos de la provincia, una figura de reconocimiento que \u00abnos distingue frente a otros competidores y genera un mayor valor a\u00f1adido para los productores\u00bb, seg\u00fan ha destacado el consejero de Agricultura, Pesca y Desarrollo Rural, Rodrigo S\u00e1nchez Haro, quien ha apuntado que la apuesta por [&hellip;]<\/p>\n","protected":false},"author":1,"featured_media":974803,"comment_status":"closed","ping_status":"closed","sticky":false,"template":"","format":"standard","meta":{"footnotes":""},"categories":[1],"tags":[],"class_list":["post-974802","post","type-post","status-publish","format-standard","has-post-thumbnail","hentry","category-actualidad"],"aioseo_notices":[],"aioseo_head":"\n\t\t<!-- All in One SEO Pro 5.0.1 - aioseo.com -->\n\t<meta name=\"description\" content=\"La nueva Denominaci\u00f3n de Origen Protegida (DOP) Granada aglutinar\u00e1 los vinos de la provincia, una figura de reconocimiento que &quot;nos distingue frente a otros competidores y genera un mayor valor a\u00f1adido para los productores&quot;, seg\u00fan ha destacado el consejero de Agricultura, Pesca y Desarrollo Rural, Rodrigo S\u00e1nchez Haro, quien ha apuntado que la apuesta por\" \/>\n\t<meta name=\"robots\" content=\"max-image-preview:large\" \/>\n\t<meta name=\"author\" content=\"El Digital de Asturias\"\/>\n\t<meta name=\"google-site-verification\" content=\"UA-38556648-1\" \/>\n\t<meta name=\"msvalidate.01\" content=\"7dfe9f3f1b24437ab69f4f2559babe99\" \/>\n\t<meta name=\"keywords\" content=\"actualidad\" \/>\n\t<link rel=\"canonical\" href=\"https:\/\/www.eldigitaldeasturias.com\/noticias\/la-denominacion-de-origen-protegida-de-granada-aglutina-los-vinos-de-la-provincia\/\" \/>\n\t<meta name=\"generator\" content=\"All in One SEO Pro (AIOSEO) 5.0.1\" \/>\n\t\t<meta property=\"og:locale\" content=\"es_ES\" \/>\n\t\t<meta property=\"og:site_name\" content=\"El Digital de Asturias\" \/>\n\t\t<meta property=\"og:type\" content=\"article\" \/>\n\t\t<meta property=\"og:title\" content=\"La Denominaci\u00f3n de Origen Protegida de Granada aglutina los vinos de la provincia - El Digital de Asturias\" \/>\n\t\t<meta property=\"og:description\" content=\"La nueva Denominaci\u00f3n de Origen Protegida (DOP) Granada aglutinar\u00e1 los vinos de la provincia, una figura de reconocimiento que &quot;nos distingue frente a otros competidores y genera un mayor valor a\u00f1adido para los productores&quot;, seg\u00fan ha destacado el consejero de Agricultura, Pesca y Desarrollo Rural, Rodrigo S\u00e1nchez Haro, quien ha apuntado que la apuesta por\" \/>\n\t\t<meta property=\"og:url\" content=\"https:\/\/www.eldigitaldeasturias.com\/noticias\/la-denominacion-de-origen-protegida-de-granada-aglutina-los-vinos-de-la-provincia\/\" \/>\n\t\t<meta property=\"article:tag\" content=\"actualidad\" \/>\n\t\t<meta property=\"article:published_time\" content=\"2018-04-05T02:27:25+00:00\" \/>\n\t\t<meta property=\"article:modified_time\" content=\"2018-04-05T02:27:25+00:00\" \/>\n\t\t<meta property=\"article:publisher\" content=\"https:\/\/facebook.com\/eldigitaldeasturias\" \/>\n\t\t<meta name=\"twitter:card\" content=\"summary_large_image\" \/>\n\t\t<meta name=\"twitter:title\" content=\"La Denominaci\u00f3n de Origen Protegida de Granada aglutina los vinos de la provincia - El Digital de Asturias\" \/>\n\t\t<meta name=\"twitter:description\" content=\"La nueva Denominaci\u00f3n de Origen Protegida (DOP) Granada aglutinar\u00e1 los vinos de la provincia, una figura de reconocimiento que &quot;nos distingue frente a otros competidores y genera un mayor valor a\u00f1adido para los productores&quot;, seg\u00fan ha destacado el consejero de Agricultura, Pesca y Desarrollo Rural, Rodrigo S\u00e1nchez Haro, quien ha apuntado que la apuesta por\" \/>\n\t\t<meta name=\"twitter:image\" content=\"https:\/\/www.eldigitaldeasturias.com\/noticias\/wp-content\/uploads\/2020\/12\/EDA-1.jpg\" \/>\n\t\t<meta name=\"twitter:label1\" content=\"Escrito por\" \/>\n\t\t<meta name=\"twitter:data1\" content=\"El Digital de Asturias\" \/>\n\t\t<meta name=\"twitter:label2\" content=\"Tiempo de lectura estimado\" \/>\n\t\t<meta name=\"twitter:data2\" content=\"4 minutos\" \/>\n\t\t<script type=\"application\/ld+json\" class=\"aioseo-schema\">\n\t\t\t{\"@context\":\"https:\\\/\\\/schema.org\",\"@graph\":[{\"@type\":\"BlogPosting\",\"@id\":\"https:\\\/\\\/www.eldigitaldeasturias.com\\\/noticias\\\/la-denominacion-de-origen-protegida-de-granada-aglutina-los-vinos-de-la-provincia\\\/#blogposting\",\"name\":\"La Denominaci\\u00f3n de Origen Protegida de Granada aglutina los vinos de la provincia - El Digital de Asturias\",\"headline\":\"La Denominaci\\u00f3n de Origen Protegida de Granada aglutina los vinos de la provincia\",\"author\":{\"@id\":\"https:\\\/\\\/www.eldigitaldeasturias.com\\\/noticias\\\/author\\\/admin\\\/#author\"},\"publisher\":{\"@id\":\"https:\\\/\\\/www.eldigitaldeasturias.com\\\/noticias\\\/#organization\"},\"image\":{\"@type\":\"ImageObject\",\"url\":974803},\"datePublished\":\"2018-04-05T02:27:25+02:00\",\"dateModified\":\"2018-04-05T02:27:25+02:00\",\"inLanguage\":\"es-ES\",\"mainEntityOfPage\":{\"@id\":\"https:\\\/\\\/www.eldigitaldeasturias.com\\\/noticias\\\/la-denominacion-de-origen-protegida-de-granada-aglutina-los-vinos-de-la-provincia\\\/#webpage\"},\"isPartOf\":{\"@id\":\"https:\\\/\\\/www.eldigitaldeasturias.com\\\/noticias\\\/la-denominacion-de-origen-protegida-de-granada-aglutina-los-vinos-de-la-provincia\\\/#webpage\"},\"articleSection\":\"Actualidad\"},{\"@type\":\"BreadcrumbList\",\"@id\":\"https:\\\/\\\/www.eldigitaldeasturias.com\\\/noticias\\\/la-denominacion-de-origen-protegida-de-granada-aglutina-los-vinos-de-la-provincia\\\/#breadcrumblist\",\"itemListElement\":[{\"@type\":\"ListItem\",\"@id\":\"https:\\\/\\\/www.eldigitaldeasturias.com\\\/noticias#listItem\",\"position\":1,\"name\":\"Home\",\"item\":\"https:\\\/\\\/www.eldigitaldeasturias.com\\\/noticias\",\"nextItem\":{\"@type\":\"ListItem\",\"@id\":\"https:\\\/\\\/www.eldigitaldeasturias.com\\\/noticias\\\/category\\\/actualidad\\\/#listItem\",\"name\":\"Actualidad\"}},{\"@type\":\"ListItem\",\"@id\":\"https:\\\/\\\/www.eldigitaldeasturias.com\\\/noticias\\\/category\\\/actualidad\\\/#listItem\",\"position\":2,\"name\":\"Actualidad\",\"item\":\"https:\\\/\\\/www.eldigitaldeasturias.com\\\/noticias\\\/category\\\/actualidad\\\/\",\"nextItem\":{\"@type\":\"ListItem\",\"@id\":\"https:\\\/\\\/www.eldigitaldeasturias.com\\\/noticias\\\/la-denominacion-de-origen-protegida-de-granada-aglutina-los-vinos-de-la-provincia\\\/#listItem\",\"name\":\"La Denominaci\\u00f3n de Origen Protegida de Granada aglutina los vinos de la provincia\"},\"previousItem\":{\"@type\":\"ListItem\",\"@id\":\"https:\\\/\\\/www.eldigitaldeasturias.com\\\/noticias#listItem\",\"name\":\"Home\"}},{\"@type\":\"ListItem\",\"@id\":\"https:\\\/\\\/www.eldigitaldeasturias.com\\\/noticias\\\/la-denominacion-de-origen-protegida-de-granada-aglutina-los-vinos-de-la-provincia\\\/#listItem\",\"position\":3,\"name\":\"La Denominaci\\u00f3n de Origen Protegida de Granada aglutina los vinos de la provincia\",\"previousItem\":{\"@type\":\"ListItem\",\"@id\":\"https:\\\/\\\/www.eldigitaldeasturias.com\\\/noticias\\\/category\\\/actualidad\\\/#listItem\",\"name\":\"Actualidad\"}}]},{\"@type\":\"Organization\",\"@id\":\"https:\\\/\\\/www.eldigitaldeasturias.com\\\/noticias\\\/#organization\",\"name\":\"El Digital de Asturias\",\"description\":\"Hemeroteca\",\"url\":\"https:\\\/\\\/www.eldigitaldeasturias.com\\\/noticias\\\/\",\"email\":\"info@eldigitaldeasturias.com\",\"telephone\":\"+34652131393\",\"logo\":{\"@type\":\"ImageObject\",\"url\":\"https:\\\/\\\/www.eldigitaldeasturias.com\\\/noticias\\\/wp-content\\\/uploads\\\/2020\\\/12\\\/EDA.jpg\",\"@id\":\"https:\\\/\\\/www.eldigitaldeasturias.com\\\/noticias\\\/la-denominacion-de-origen-protegida-de-granada-aglutina-los-vinos-de-la-provincia\\\/#organizationLogo\"},\"image\":{\"@id\":\"https:\\\/\\\/www.eldigitaldeasturias.com\\\/noticias\\\/la-denominacion-de-origen-protegida-de-granada-aglutina-los-vinos-de-la-provincia\\\/#organizationLogo\"},\"sameAs\":[\"https:\\\/\\\/facebook.com\\\/eldigitaldeasturias\",\"https:\\\/\\\/www.youtube.com\\\/channel\\\/UCZP-2wLEB9Rv6erhFmqVnvg\"],\"address\":{\"@id\":\"https:\\\/\\\/www.eldigitaldeasturias.com\\\/noticias\\\/#postaladdress\",\"@type\":\"PostalAddress\",\"streetAddress\":\"san antonio 4\",\"postalCode\":\"33430\",\"addressLocality\":\"Cand\\u00e1s\",\"addressRegion\":\"Asturias\",\"addressCountry\":\"ES\"}},{\"@type\":\"Person\",\"@id\":\"https:\\\/\\\/www.eldigitaldeasturias.com\\\/noticias\\\/author\\\/admin\\\/#author\",\"url\":\"https:\\\/\\\/www.eldigitaldeasturias.com\\\/noticias\\\/author\\\/admin\\\/\",\"name\":\"El Digital de Asturias\",\"image\":{\"@type\":\"ImageObject\",\"@id\":\"https:\\\/\\\/www.eldigitaldeasturias.com\\\/noticias\\\/la-denominacion-de-origen-protegida-de-granada-aglutina-los-vinos-de-la-provincia\\\/#authorImage\",\"url\":\"https:\\\/\\\/secure.gravatar.com\\\/avatar\\\/df2aeffc32bcd13f8d26072ef8a91b623d677766deac7f97ca815868cd41bf5e?s=96&d=mm&r=g\",\"width\":96,\"height\":96,\"caption\":\"El Digital de Asturias\"}},{\"@type\":\"WebPage\",\"@id\":\"https:\\\/\\\/www.eldigitaldeasturias.com\\\/noticias\\\/la-denominacion-de-origen-protegida-de-granada-aglutina-los-vinos-de-la-provincia\\\/#webpage\",\"url\":\"https:\\\/\\\/www.eldigitaldeasturias.com\\\/noticias\\\/la-denominacion-de-origen-protegida-de-granada-aglutina-los-vinos-de-la-provincia\\\/\",\"name\":\"La Denominaci\\u00f3n de Origen Protegida de Granada aglutina los vinos de la provincia - El Digital de Asturias\",\"description\":\"La nueva Denominaci\\u00f3n de Origen Protegida (DOP) Granada aglutinar\\u00e1 los vinos de la provincia, una figura de reconocimiento que \\\"nos distingue frente a otros competidores y genera un mayor valor a\\u00f1adido para los productores\\\", seg\\u00fan ha destacado el consejero de Agricultura, Pesca y Desarrollo Rural, Rodrigo S\\u00e1nchez Haro, quien ha apuntado que la apuesta por\",\"inLanguage\":\"es-ES\",\"isPartOf\":{\"@id\":\"https:\\\/\\\/www.eldigitaldeasturias.com\\\/noticias\\\/#website\"},\"breadcrumb\":{\"@id\":\"https:\\\/\\\/www.eldigitaldeasturias.com\\\/noticias\\\/la-denominacion-de-origen-protegida-de-granada-aglutina-los-vinos-de-la-provincia\\\/#breadcrumblist\"},\"author\":{\"@id\":\"https:\\\/\\\/www.eldigitaldeasturias.com\\\/noticias\\\/author\\\/admin\\\/#author\"},\"creator\":{\"@id\":\"https:\\\/\\\/www.eldigitaldeasturias.com\\\/noticias\\\/author\\\/admin\\\/#author\"},\"image\":{\"@type\":\"ImageObject\",\"url\":974803,\"@id\":\"https:\\\/\\\/www.eldigitaldeasturias.com\\\/noticias\\\/la-denominacion-de-origen-protegida-de-granada-aglutina-los-vinos-de-la-provincia\\\/#mainImage\"},\"primaryImageOfPage\":{\"@id\":\"https:\\\/\\\/www.eldigitaldeasturias.com\\\/noticias\\\/la-denominacion-de-origen-protegida-de-granada-aglutina-los-vinos-de-la-provincia\\\/#mainImage\"},\"datePublished\":\"2018-04-05T02:27:25+02:00\",\"dateModified\":\"2018-04-05T02:27:25+02:00\"},{\"@type\":\"WebSite\",\"@id\":\"https:\\\/\\\/www.eldigitaldeasturias.com\\\/noticias\\\/#website\",\"url\":\"https:\\\/\\\/www.eldigitaldeasturias.com\\\/noticias\\\/\",\"name\":\"El Digital de Asturias - Diario de actualidad y noticias\",\"alternateName\":\"El Digital de Asturias - Diario de actualidad y noticias\",\"description\":\"Hemeroteca\",\"inLanguage\":\"es-ES\",\"publisher\":{\"@id\":\"https:\\\/\\\/www.eldigitaldeasturias.com\\\/noticias\\\/#organization\"}}]}\n\t\t<\/script>\n\t\t<!-- All in One SEO Pro -->\r\n\t\t<title>La Denominaci\u00f3n de Origen Protegida de Granada aglutina los vinos de la provincia - El Digital de Asturias<\/title>\n\n","aioseo_head_json":{"title":"La Denominaci\u00f3n de Origen Protegida de Granada aglutina los vinos de la provincia - El Digital de Asturias","description":"La nueva Denominaci\u00f3n de Origen Protegida (DOP) Granada aglutinar\u00e1 los vinos de la provincia, una figura de reconocimiento que \"nos distingue frente a otros competidores y genera un mayor valor a\u00f1adido para los productores\", seg\u00fan ha destacado el consejero de Agricultura, Pesca y Desarrollo Rural, Rodrigo S\u00e1nchez Haro, quien ha apuntado que la apuesta por","canonical_url":"https:\/\/www.eldigitaldeasturias.com\/noticias\/la-denominacion-de-origen-protegida-de-granada-aglutina-los-vinos-de-la-provincia\/","robots":"max-image-preview:large","keywords":"actualidad","webmasterTools":{"google-site-verification":"UA-38556648-1","msvalidate.01":"7dfe9f3f1b24437ab69f4f2559babe99","miscellaneous":""},"schema":{"@context":"https:\/\/schema.org","@graph":[{"@type":"BlogPosting","@id":"https:\/\/www.eldigitaldeasturias.com\/noticias\/la-denominacion-de-origen-protegida-de-granada-aglutina-los-vinos-de-la-provincia\/#blogposting","name":"La Denominaci\u00f3n de Origen Protegida de Granada aglutina los vinos de la provincia - El Digital de Asturias","headline":"La Denominaci\u00f3n de Origen Protegida de Granada aglutina los vinos de la provincia","author":{"@id":"https:\/\/www.eldigitaldeasturias.com\/noticias\/author\/admin\/#author"},"publisher":{"@id":"https:\/\/www.eldigitaldeasturias.com\/noticias\/#organization"},"image":{"@type":"ImageObject","url":974803},"datePublished":"2018-04-05T02:27:25+02:00","dateModified":"2018-04-05T02:27:25+02:00","inLanguage":"es-ES","mainEntityOfPage":{"@id":"https:\/\/www.eldigitaldeasturias.com\/noticias\/la-denominacion-de-origen-protegida-de-granada-aglutina-los-vinos-de-la-provincia\/#webpage"},"isPartOf":{"@id":"https:\/\/www.eldigitaldeasturias.com\/noticias\/la-denominacion-de-origen-protegida-de-granada-aglutina-los-vinos-de-la-provincia\/#webpage"},"articleSection":"Actualidad"},{"@type":"BreadcrumbList","@id":"https:\/\/www.eldigitaldeasturias.com\/noticias\/la-denominacion-de-origen-protegida-de-granada-aglutina-los-vinos-de-la-provincia\/#breadcrumblist","itemListElement":[{"@type":"ListItem","@id":"https:\/\/www.eldigitaldeasturias.com\/noticias#listItem","position":1,"name":"Home","item":"https:\/\/www.eldigitaldeasturias.com\/noticias","nextItem":{"@type":"ListItem","@id":"https:\/\/www.eldigitaldeasturias.com\/noticias\/category\/actualidad\/#listItem","name":"Actualidad"}},{"@type":"ListItem","@id":"https:\/\/www.eldigitaldeasturias.com\/noticias\/category\/actualidad\/#listItem","position":2,"name":"Actualidad","item":"https:\/\/www.eldigitaldeasturias.com\/noticias\/category\/actualidad\/","nextItem":{"@type":"ListItem","@id":"https:\/\/www.eldigitaldeasturias.com\/noticias\/la-denominacion-de-origen-protegida-de-granada-aglutina-los-vinos-de-la-provincia\/#listItem","name":"La Denominaci\u00f3n de Origen Protegida de Granada aglutina los vinos de la provincia"},"previousItem":{"@type":"ListItem","@id":"https:\/\/www.eldigitaldeasturias.com\/noticias#listItem","name":"Home"}},{"@type":"ListItem","@id":"https:\/\/www.eldigitaldeasturias.com\/noticias\/la-denominacion-de-origen-protegida-de-granada-aglutina-los-vinos-de-la-provincia\/#listItem","position":3,"name":"La Denominaci\u00f3n de Origen Protegida de Granada aglutina los vinos de la provincia","previousItem":{"@type":"ListItem","@id":"https:\/\/www.eldigitaldeasturias.com\/noticias\/category\/actualidad\/#listItem","name":"Actualidad"}}]},{"@type":"Organization","@id":"https:\/\/www.eldigitaldeasturias.com\/noticias\/#organization","name":"El Digital de Asturias","description":"Hemeroteca","url":"https:\/\/www.eldigitaldeasturias.com\/noticias\/","email":"info@eldigitaldeasturias.com","telephone":"+34652131393","logo":{"@type":"ImageObject","url":"https:\/\/www.eldigitaldeasturias.com\/noticias\/wp-content\/uploads\/2020\/12\/EDA.jpg","@id":"https:\/\/www.eldigitaldeasturias.com\/noticias\/la-denominacion-de-origen-protegida-de-granada-aglutina-los-vinos-de-la-provincia\/#organizationLogo"},"image":{"@id":"https:\/\/www.eldigitaldeasturias.com\/noticias\/la-denominacion-de-origen-protegida-de-granada-aglutina-los-vinos-de-la-provincia\/#organizationLogo"},"sameAs":["https:\/\/facebook.com\/eldigitaldeasturias","https:\/\/www.youtube.com\/channel\/UCZP-2wLEB9Rv6erhFmqVnvg"],"address":{"@id":"https:\/\/www.eldigitaldeasturias.com\/noticias\/#postaladdress","@type":"PostalAddress","streetAddress":"san antonio 4","postalCode":"33430","addressLocality":"Cand\u00e1s","addressRegion":"Asturias","addressCountry":"ES"}},{"@type":"Person","@id":"https:\/\/www.eldigitaldeasturias.com\/noticias\/author\/admin\/#author","url":"https:\/\/www.eldigitaldeasturias.com\/noticias\/author\/admin\/","name":"El Digital de Asturias","image":{"@type":"ImageObject","@id":"https:\/\/www.eldigitaldeasturias.com\/noticias\/la-denominacion-de-origen-protegida-de-granada-aglutina-los-vinos-de-la-provincia\/#authorImage","url":"https:\/\/secure.gravatar.com\/avatar\/df2aeffc32bcd13f8d26072ef8a91b623d677766deac7f97ca815868cd41bf5e?s=96&d=mm&r=g","width":96,"height":96,"caption":"El Digital de Asturias"}},{"@type":"WebPage","@id":"https:\/\/www.eldigitaldeasturias.com\/noticias\/la-denominacion-de-origen-protegida-de-granada-aglutina-los-vinos-de-la-provincia\/#webpage","url":"https:\/\/www.eldigitaldeasturias.com\/noticias\/la-denominacion-de-origen-protegida-de-granada-aglutina-los-vinos-de-la-provincia\/","name":"La Denominaci\u00f3n de Origen Protegida de Granada aglutina los vinos de la provincia - El Digital de Asturias","description":"La nueva Denominaci\u00f3n de Origen Protegida (DOP) Granada aglutinar\u00e1 los vinos de la provincia, una figura de reconocimiento que \"nos distingue frente a otros competidores y genera un mayor valor a\u00f1adido para los productores\", seg\u00fan ha destacado el consejero de Agricultura, Pesca y Desarrollo Rural, Rodrigo S\u00e1nchez Haro, quien ha apuntado que la apuesta por","inLanguage":"es-ES","isPartOf":{"@id":"https:\/\/www.eldigitaldeasturias.com\/noticias\/#website"},"breadcrumb":{"@id":"https:\/\/www.eldigitaldeasturias.com\/noticias\/la-denominacion-de-origen-protegida-de-granada-aglutina-los-vinos-de-la-provincia\/#breadcrumblist"},"author":{"@id":"https:\/\/www.eldigitaldeasturias.com\/noticias\/author\/admin\/#author"},"creator":{"@id":"https:\/\/www.eldigitaldeasturias.com\/noticias\/author\/admin\/#author"},"image":{"@type":"ImageObject","url":974803,"@id":"https:\/\/www.eldigitaldeasturias.com\/noticias\/la-denominacion-de-origen-protegida-de-granada-aglutina-los-vinos-de-la-provincia\/#mainImage"},"primaryImageOfPage":{"@id":"https:\/\/www.eldigitaldeasturias.com\/noticias\/la-denominacion-de-origen-protegida-de-granada-aglutina-los-vinos-de-la-provincia\/#mainImage"},"datePublished":"2018-04-05T02:27:25+02:00","dateModified":"2018-04-05T02:27:25+02:00"},{"@type":"WebSite","@id":"https:\/\/www.eldigitaldeasturias.com\/noticias\/#website","url":"https:\/\/www.eldigitaldeasturias.com\/noticias\/","name":"El Digital de Asturias - Diario de actualidad y noticias","alternateName":"El Digital de Asturias - Diario de actualidad y noticias","description":"Hemeroteca","inLanguage":"es-ES","publisher":{"@id":"https:\/\/www.eldigitaldeasturias.com\/noticias\/#organization"}}]},"og:locale":"es_ES","og:site_name":"El Digital de Asturias","og:type":"article","og:title":"La Denominaci\u00f3n de Origen Protegida de Granada aglutina los vinos de la provincia - El Digital de Asturias","og:description":"La nueva Denominaci\u00f3n de Origen Protegida (DOP) Granada aglutinar\u00e1 los vinos de la provincia, una figura de reconocimiento que &quot;nos distingue frente a otros competidores y genera un mayor valor a\u00f1adido para los productores&quot;, seg\u00fan ha destacado el consejero de Agricultura, Pesca y Desarrollo Rural, Rodrigo S\u00e1nchez Haro, quien ha apuntado que la apuesta por","og:url":"https:\/\/www.eldigitaldeasturias.com\/noticias\/la-denominacion-de-origen-protegida-de-granada-aglutina-los-vinos-de-la-provincia\/","article:tag":["actualidad"],"article:published_time":"2018-04-05T02:27:25+00:00","article:modified_time":"2018-04-05T02:27:25+00:00","article:publisher":"https:\/\/facebook.com\/eldigitaldeasturias","twitter:card":"summary_large_image","twitter:title":"La Denominaci\u00f3n de Origen Protegida de Granada aglutina los vinos de la provincia - El Digital de Asturias","twitter:description":"La nueva Denominaci\u00f3n de Origen Protegida (DOP) Granada aglutinar\u00e1 los vinos de la provincia, una figura de reconocimiento que &quot;nos distingue frente a otros competidores y genera un mayor valor a\u00f1adido para los productores&quot;, seg\u00fan ha destacado el consejero de Agricultura, Pesca y Desarrollo Rural, Rodrigo S\u00e1nchez Haro, quien ha apuntado que la apuesta por","twitter:image":"https:\/\/www.eldigitaldeasturias.com\/noticias\/wp-content\/uploads\/2020\/12\/EDA-1.jpg","twitter:label1":"Escrito por","twitter:data1":"El Digital de Asturias","twitter:label2":"Tiempo de lectura estimado","twitter:data2":"4 minutos"},"aioseo_meta_data":{"post_id":"974802","title":null,"description":null,"keywords":null,"keyphrases":null,"primary_term":null,"canonical_url":null,"og_title":null,"og_description":null,"og_object_type":"default","og_image_type":"default","og_image_url":null,"og_image_width":null,"og_image_height":null,"og_image_custom_url":null,"og_image_custom_fields":null,"og_video":null,"og_custom_url":null,"og_article_section":null,"og_article_tags":null,"twitter_use_og":false,"twitter_card":"default","twitter_image_type":"default","twitter_image_url":null,"twitter_image_custom_url":null,"twitter_image_custom_fields":null,"twitter_title":null,"twitter_description":null,"schema":{"blockGraphs":[],"customGraphs":[],"default":{"data":{"Article":[],"Course":[],"Dataset":[],"FAQPage":[],"Movie":[],"Person":[],"Product":[],"ProductReview":[],"Car":[],"Recipe":[],"Service":[],"SoftwareApplication":[],"WebPage":[]},"graphName":"","isEnabled":true},"graphs":[],"defaultGraph":"","defaultPostTypeGraph":""},"schema_type":null,"schema_type_options":null,"pillar_content":false,"robots_default":true,"robots_noindex":false,"robots_noarchive":false,"robots_nosnippet":false,"robots_nofollow":false,"robots_noimageindex":false,"robots_noodp":false,"robots_notranslate":false,"robots_max_snippet":null,"robots_max_videopreview":null,"robots_max_imagepreview":"large","priority":null,"frequency":null,"local_seo":null,"seo_analyzer_scan_date":"2025-10-07 21:33:21","breadcrumb_settings":null,"limit_modified_date":false,"open_ai":null,"ai":null,"created":"2020-12-21 12:12:39","updated":"2025-10-07 21:33:21","focus_keyword":null,"additional_keywords":null,"truseo_locale":null},"aioseo_breadcrumb":"<div class=\"aioseo-breadcrumbs\"><span class=\"aioseo-breadcrumb\">\n\t<a href=\"https:\/\/www.eldigitaldeasturias.com\/noticias\" title=\"Home\">Home<\/a>\n<\/span><span class=\"aioseo-breadcrumb-separator\">\u2013<\/span><span class=\"aioseo-breadcrumb\">\n\t<a href=\"https:\/\/www.eldigitaldeasturias.com\/noticias\/category\/actualidad\/\" title=\"Actualidad\">Actualidad<\/a>\n<\/span><span class=\"aioseo-breadcrumb-separator\">\u2013<\/span><span class=\"aioseo-breadcrumb\">\n\t<a href=\"https:\/\/www.eldigitaldeasturias.com\/noticias\/la-denominacion-de-origen-protegida-de-granada-aglutina-los-vinos-de-la-provincia\/\" title=\"La Denominaci\u00f3n de Origen Protegida de Granada aglutina los vinos de la provincia\">La Denominaci\u00f3n de Origen Protegida de Granada aglutina los vinos de la provincia<\/a>\n<\/span><\/div>","aioseo_breadcrumb_json":[{"label":"Home","link":"https:\/\/www.eldigitaldeasturias.com\/noticias"},{"label":"Actualidad","link":"https:\/\/www.eldigitaldeasturias.com\/noticias\/category\/actualidad\/"},{"label":"La Denominaci\u00f3n de Origen Protegida de Granada aglutina los vinos de la provincia","link":"https:\/\/www.eldigitaldeasturias.com\/noticias\/la-denominacion-de-origen-protegida-de-granada-aglutina-los-vinos-de-la-provincia\/"}],"_links":{"self":[{"href":"https:\/\/www.eldigitaldeasturias.com\/noticias\/wp-json\/wp\/v2\/posts\/974802","targetHints":{"allow":["GET"]}}],"collection":[{"href":"https:\/\/www.eldigitaldeasturias.com\/noticias\/wp-json\/wp\/v2\/posts"}],"about":[{"href":"https:\/\/www.eldigitaldeasturias.com\/noticias\/wp-json\/wp\/v2\/types\/post"}],"author":[{"embeddable":true,"href":"https:\/\/www.eldigitaldeasturias.com\/noticias\/wp-json\/wp\/v2\/users\/1"}],"replies":[{"embeddable":true,"href":"https:\/\/www.eldigitaldeasturias.com\/noticias\/wp-json\/wp\/v2\/comments?post=974802"}],"version-history":[{"count":0,"href":"https:\/\/www.eldigitaldeasturias.com\/noticias\/wp-json\/wp\/v2\/posts\/974802\/revisions"}],"wp:attachment":[{"href":"https:\/\/www.eldigitaldeasturias.com\/noticias\/wp-json\/wp\/v2\/media?parent=974802"}],"wp:term":[{"taxonomy":"category","embeddable":true,"href":"https:\/\/www.eldigitaldeasturias.com\/noticias\/wp-json\/wp\/v2\/categories?post=974802"},{"taxonomy":"post_tag","embeddable":true,"href":"https:\/\/www.eldigitaldeasturias.com\/noticias\/wp-json\/wp\/v2\/tags?post=974802"}],"curies":[{"name":"wp","href":"https:\/\/api.w.org\/{rel}","templated":true}]}}