{"id":974794,"date":"2018-04-05T02:21:46","date_gmt":"2018-04-05T02:21:46","guid":{"rendered":"http:\/\/www.eldigitaldeasturias.com\/noticias\/?p=974794"},"modified":"2018-04-05T02:21:46","modified_gmt":"2018-04-05T02:21:46","slug":"susana-diaz-destaca-la-ocupacion-turistica-del-715-en-semana-santa","status":"publish","type":"post","link":"https:\/\/www.eldigitaldeasturias.com\/noticias\/susana-diaz-destaca-la-ocupacion-turistica-del-715-en-semana-santa\/","title":{"rendered":"Susana D\u00edaz destaca la ocupaci\u00f3n tur\u00edstica del 71,5% en Semana Santa"},"content":{"rendered":"<p><img loading=\"lazy\" decoding=\"async\" class=\"alignleft size-medium wp-image-952192\" src=\"https:\/\/www.eldigitaldeasturias.com\/noticias\/wp-content\/uploads\/2017\/09\/Susana-360x221.jpg\" alt=\"\" width=\"360\" height=\"221\" \/>La presidenta de la Junta, Susana D\u00edaz, ha destacado que Andaluc\u00eda ha cerrado la Semana Santa con una ocupaci\u00f3n tur\u00edstica media del 71,5%, que en algunas provincias ha alcanzado el 80%, por encima de las previsiones iniciales.<\/p>\n<p>D\u00edaz ha declarado a los periodistas tras inaugurar el Observatorio del Lince en el Espacio Natural de Do\u00f1ana que el sector y la Administraci\u00f3n andaluza abordaban la Semana Santa con \u00abpreocupaci\u00f3n por tres semanas de temporal que se llev\u00f3 por delante muchas de nuestras playas\u00bb y por las \u00abcancelaciones\u00bb debido al riesgo de lluvias.<\/p>\n<p>Al cierre de este periodo vacacional, \u00abafortunadamente, estamos muy por encima de las previsiones que ten\u00edamos al inicio de la propia semana\u00bb, ha valorado la presidenta, que ha atribuido estos \u00abbuenos datos tur\u00edsticos\u00bb al empuje del sector tur\u00edstico, de sus trabajadores, de los consorcios y de la propia Consejer\u00eda, \u00abque han hecho un esfuerzo importante de promoci\u00f3n tur\u00edstica en los \u00faltimos d\u00edas, lo que nos ha permitido que el cierre haya estado en torno al 71,5%, con provincias por encima del 80%\u00bb.<\/p>\n","protected":false},"excerpt":{"rendered":"<p>La presidenta de la Junta, Susana D\u00edaz, ha destacado que Andaluc\u00eda ha cerrado la Semana Santa con una ocupaci\u00f3n tur\u00edstica media del 71,5%, que en algunas provincias ha alcanzado el 80%, por encima de las previsiones iniciales. D\u00edaz ha declarado a los periodistas tras inaugurar el Observatorio del Lince en el Espacio Natural de Do\u00f1ana [&hellip;]<\/p>\n","protected":false},"author":1,"featured_media":952192,"comment_status":"closed","ping_status":"closed","sticky":false,"template":"","format":"standard","meta":{"footnotes":""},"categories":[1],"tags":[],"class_list":["post-974794","post","type-post","status-publish","format-standard","has-post-thumbnail","hentry","category-actualidad"],"aioseo_notices":[],"aioseo_head":"\n\t\t<!-- All in One SEO Pro 5.0.1 - aioseo.com -->\n\t<meta name=\"description\" content=\"La presidenta de la Junta, Susana D\u00edaz, ha destacado que Andaluc\u00eda ha cerrado la Semana Santa con una ocupaci\u00f3n tur\u00edstica media del 71,5%, que en algunas provincias ha alcanzado el 80%, por encima de las previsiones iniciales. D\u00edaz ha declarado a los periodistas tras inaugurar el Observatorio del Lince en el Espacio Natural de Do\u00f1ana\" \/>\n\t<meta name=\"robots\" content=\"max-image-preview:large\" \/>\n\t<meta name=\"author\" content=\"El Digital de Asturias\"\/>\n\t<meta name=\"google-site-verification\" content=\"UA-38556648-1\" \/>\n\t<meta name=\"msvalidate.01\" content=\"7dfe9f3f1b24437ab69f4f2559babe99\" \/>\n\t<meta name=\"keywords\" content=\"actualidad\" \/>\n\t<link rel=\"canonical\" href=\"https:\/\/www.eldigitaldeasturias.com\/noticias\/susana-diaz-destaca-la-ocupacion-turistica-del-715-en-semana-santa\/\" \/>\n\t<meta name=\"generator\" content=\"All in One SEO Pro (AIOSEO) 5.0.1\" \/>\n\t\t<meta property=\"og:locale\" content=\"es_ES\" \/>\n\t\t<meta property=\"og:site_name\" content=\"El Digital de Asturias\" \/>\n\t\t<meta property=\"og:type\" content=\"article\" \/>\n\t\t<meta property=\"og:title\" content=\"Susana D\u00edaz destaca la ocupaci\u00f3n tur\u00edstica del 71,5% en Semana Santa - El Digital de Asturias\" \/>\n\t\t<meta property=\"og:description\" content=\"La presidenta de la Junta, Susana D\u00edaz, ha destacado que Andaluc\u00eda ha cerrado la Semana Santa con una ocupaci\u00f3n tur\u00edstica media del 71,5%, que en algunas provincias ha alcanzado el 80%, por encima de las previsiones iniciales. D\u00edaz ha declarado a los periodistas tras inaugurar el Observatorio del Lince en el Espacio Natural de Do\u00f1ana\" \/>\n\t\t<meta property=\"og:url\" content=\"https:\/\/www.eldigitaldeasturias.com\/noticias\/susana-diaz-destaca-la-ocupacion-turistica-del-715-en-semana-santa\/\" \/>\n\t\t<meta property=\"article:tag\" content=\"actualidad\" \/>\n\t\t<meta property=\"article:published_time\" content=\"2018-04-05T02:21:46+00:00\" \/>\n\t\t<meta property=\"article:modified_time\" content=\"2018-04-05T02:21:46+00:00\" \/>\n\t\t<meta property=\"article:publisher\" content=\"https:\/\/facebook.com\/eldigitaldeasturias\" \/>\n\t\t<meta name=\"twitter:card\" content=\"summary_large_image\" \/>\n\t\t<meta name=\"twitter:title\" content=\"Susana D\u00edaz destaca la ocupaci\u00f3n tur\u00edstica del 71,5% en Semana Santa - El Digital de Asturias\" \/>\n\t\t<meta name=\"twitter:description\" content=\"La presidenta de la Junta, Susana D\u00edaz, ha destacado que Andaluc\u00eda ha cerrado la Semana Santa con una ocupaci\u00f3n tur\u00edstica media del 71,5%, que en algunas provincias ha alcanzado el 80%, por encima de las previsiones iniciales. D\u00edaz ha declarado a los periodistas tras inaugurar el Observatorio del Lince en el Espacio Natural de Do\u00f1ana\" \/>\n\t\t<meta name=\"twitter:image\" content=\"https:\/\/www.eldigitaldeasturias.com\/noticias\/wp-content\/uploads\/2020\/12\/EDA-1.jpg\" \/>\n\t\t<meta name=\"twitter:label1\" content=\"Escrito por\" \/>\n\t\t<meta name=\"twitter:data1\" content=\"El Digital de Asturias\" \/>\n\t\t<meta name=\"twitter:label2\" content=\"Tiempo de lectura estimado\" \/>\n\t\t<meta name=\"twitter:data2\" content=\"1 minuto\" \/>\n\t\t<script type=\"application\/ld+json\" class=\"aioseo-schema\">\n\t\t\t{\"@context\":\"https:\\\/\\\/schema.org\",\"@graph\":[{\"@type\":\"BlogPosting\",\"@id\":\"https:\\\/\\\/www.eldigitaldeasturias.com\\\/noticias\\\/susana-diaz-destaca-la-ocupacion-turistica-del-715-en-semana-santa\\\/#blogposting\",\"name\":\"Susana D\\u00edaz destaca la ocupaci\\u00f3n tur\\u00edstica del 71,5% en Semana Santa - El Digital de Asturias\",\"headline\":\"Susana D\\u00edaz destaca la ocupaci\\u00f3n tur\\u00edstica del 71,5% en Semana Santa\",\"author\":{\"@id\":\"https:\\\/\\\/www.eldigitaldeasturias.com\\\/noticias\\\/author\\\/admin\\\/#author\"},\"publisher\":{\"@id\":\"https:\\\/\\\/www.eldigitaldeasturias.com\\\/noticias\\\/#organization\"},\"image\":{\"@type\":\"ImageObject\",\"url\":952192},\"datePublished\":\"2018-04-05T02:21:46+02:00\",\"dateModified\":\"2018-04-05T02:21:46+02:00\",\"inLanguage\":\"es-ES\",\"mainEntityOfPage\":{\"@id\":\"https:\\\/\\\/www.eldigitaldeasturias.com\\\/noticias\\\/susana-diaz-destaca-la-ocupacion-turistica-del-715-en-semana-santa\\\/#webpage\"},\"isPartOf\":{\"@id\":\"https:\\\/\\\/www.eldigitaldeasturias.com\\\/noticias\\\/susana-diaz-destaca-la-ocupacion-turistica-del-715-en-semana-santa\\\/#webpage\"},\"articleSection\":\"Actualidad\"},{\"@type\":\"BreadcrumbList\",\"@id\":\"https:\\\/\\\/www.eldigitaldeasturias.com\\\/noticias\\\/susana-diaz-destaca-la-ocupacion-turistica-del-715-en-semana-santa\\\/#breadcrumblist\",\"itemListElement\":[{\"@type\":\"ListItem\",\"@id\":\"https:\\\/\\\/www.eldigitaldeasturias.com\\\/noticias#listItem\",\"position\":1,\"name\":\"Home\",\"item\":\"https:\\\/\\\/www.eldigitaldeasturias.com\\\/noticias\",\"nextItem\":{\"@type\":\"ListItem\",\"@id\":\"https:\\\/\\\/www.eldigitaldeasturias.com\\\/noticias\\\/category\\\/actualidad\\\/#listItem\",\"name\":\"Actualidad\"}},{\"@type\":\"ListItem\",\"@id\":\"https:\\\/\\\/www.eldigitaldeasturias.com\\\/noticias\\\/category\\\/actualidad\\\/#listItem\",\"position\":2,\"name\":\"Actualidad\",\"item\":\"https:\\\/\\\/www.eldigitaldeasturias.com\\\/noticias\\\/category\\\/actualidad\\\/\",\"nextItem\":{\"@type\":\"ListItem\",\"@id\":\"https:\\\/\\\/www.eldigitaldeasturias.com\\\/noticias\\\/susana-diaz-destaca-la-ocupacion-turistica-del-715-en-semana-santa\\\/#listItem\",\"name\":\"Susana D\\u00edaz destaca la ocupaci\\u00f3n tur\\u00edstica del 71,5% en Semana Santa\"},\"previousItem\":{\"@type\":\"ListItem\",\"@id\":\"https:\\\/\\\/www.eldigitaldeasturias.com\\\/noticias#listItem\",\"name\":\"Home\"}},{\"@type\":\"ListItem\",\"@id\":\"https:\\\/\\\/www.eldigitaldeasturias.com\\\/noticias\\\/susana-diaz-destaca-la-ocupacion-turistica-del-715-en-semana-santa\\\/#listItem\",\"position\":3,\"name\":\"Susana D\\u00edaz destaca la ocupaci\\u00f3n tur\\u00edstica del 71,5% en Semana Santa\",\"previousItem\":{\"@type\":\"ListItem\",\"@id\":\"https:\\\/\\\/www.eldigitaldeasturias.com\\\/noticias\\\/category\\\/actualidad\\\/#listItem\",\"name\":\"Actualidad\"}}]},{\"@type\":\"Organization\",\"@id\":\"https:\\\/\\\/www.eldigitaldeasturias.com\\\/noticias\\\/#organization\",\"name\":\"El Digital de Asturias\",\"description\":\"Hemeroteca\",\"url\":\"https:\\\/\\\/www.eldigitaldeasturias.com\\\/noticias\\\/\",\"email\":\"info@eldigitaldeasturias.com\",\"telephone\":\"+34652131393\",\"logo\":{\"@type\":\"ImageObject\",\"url\":\"https:\\\/\\\/www.eldigitaldeasturias.com\\\/noticias\\\/wp-content\\\/uploads\\\/2020\\\/12\\\/EDA.jpg\",\"@id\":\"https:\\\/\\\/www.eldigitaldeasturias.com\\\/noticias\\\/susana-diaz-destaca-la-ocupacion-turistica-del-715-en-semana-santa\\\/#organizationLogo\"},\"image\":{\"@id\":\"https:\\\/\\\/www.eldigitaldeasturias.com\\\/noticias\\\/susana-diaz-destaca-la-ocupacion-turistica-del-715-en-semana-santa\\\/#organizationLogo\"},\"sameAs\":[\"https:\\\/\\\/facebook.com\\\/eldigitaldeasturias\",\"https:\\\/\\\/www.youtube.com\\\/channel\\\/UCZP-2wLEB9Rv6erhFmqVnvg\"],\"address\":{\"@id\":\"https:\\\/\\\/www.eldigitaldeasturias.com\\\/noticias\\\/#postaladdress\",\"@type\":\"PostalAddress\",\"streetAddress\":\"san antonio 4\",\"postalCode\":\"33430\",\"addressLocality\":\"Cand\\u00e1s\",\"addressRegion\":\"Asturias\",\"addressCountry\":\"ES\"}},{\"@type\":\"Person\",\"@id\":\"https:\\\/\\\/www.eldigitaldeasturias.com\\\/noticias\\\/author\\\/admin\\\/#author\",\"url\":\"https:\\\/\\\/www.eldigitaldeasturias.com\\\/noticias\\\/author\\\/admin\\\/\",\"name\":\"El Digital de Asturias\",\"image\":{\"@type\":\"ImageObject\",\"@id\":\"https:\\\/\\\/www.eldigitaldeasturias.com\\\/noticias\\\/susana-diaz-destaca-la-ocupacion-turistica-del-715-en-semana-santa\\\/#authorImage\",\"url\":\"https:\\\/\\\/secure.gravatar.com\\\/avatar\\\/df2aeffc32bcd13f8d26072ef8a91b623d677766deac7f97ca815868cd41bf5e?s=96&d=mm&r=g\",\"width\":96,\"height\":96,\"caption\":\"El Digital de Asturias\"}},{\"@type\":\"WebPage\",\"@id\":\"https:\\\/\\\/www.eldigitaldeasturias.com\\\/noticias\\\/susana-diaz-destaca-la-ocupacion-turistica-del-715-en-semana-santa\\\/#webpage\",\"url\":\"https:\\\/\\\/www.eldigitaldeasturias.com\\\/noticias\\\/susana-diaz-destaca-la-ocupacion-turistica-del-715-en-semana-santa\\\/\",\"name\":\"Susana D\\u00edaz destaca la ocupaci\\u00f3n tur\\u00edstica del 71,5% en Semana Santa - El Digital de Asturias\",\"description\":\"La presidenta de la Junta, Susana D\\u00edaz, ha destacado que Andaluc\\u00eda ha cerrado la Semana Santa con una ocupaci\\u00f3n tur\\u00edstica media del 71,5%, que en algunas provincias ha alcanzado el 80%, por encima de las previsiones iniciales. D\\u00edaz ha declarado a los periodistas tras inaugurar el Observatorio del Lince en el Espacio Natural de Do\\u00f1ana\",\"inLanguage\":\"es-ES\",\"isPartOf\":{\"@id\":\"https:\\\/\\\/www.eldigitaldeasturias.com\\\/noticias\\\/#website\"},\"breadcrumb\":{\"@id\":\"https:\\\/\\\/www.eldigitaldeasturias.com\\\/noticias\\\/susana-diaz-destaca-la-ocupacion-turistica-del-715-en-semana-santa\\\/#breadcrumblist\"},\"author\":{\"@id\":\"https:\\\/\\\/www.eldigitaldeasturias.com\\\/noticias\\\/author\\\/admin\\\/#author\"},\"creator\":{\"@id\":\"https:\\\/\\\/www.eldigitaldeasturias.com\\\/noticias\\\/author\\\/admin\\\/#author\"},\"image\":{\"@type\":\"ImageObject\",\"url\":952192,\"@id\":\"https:\\\/\\\/www.eldigitaldeasturias.com\\\/noticias\\\/susana-diaz-destaca-la-ocupacion-turistica-del-715-en-semana-santa\\\/#mainImage\"},\"primaryImageOfPage\":{\"@id\":\"https:\\\/\\\/www.eldigitaldeasturias.com\\\/noticias\\\/susana-diaz-destaca-la-ocupacion-turistica-del-715-en-semana-santa\\\/#mainImage\"},\"datePublished\":\"2018-04-05T02:21:46+02:00\",\"dateModified\":\"2018-04-05T02:21:46+02:00\"},{\"@type\":\"WebSite\",\"@id\":\"https:\\\/\\\/www.eldigitaldeasturias.com\\\/noticias\\\/#website\",\"url\":\"https:\\\/\\\/www.eldigitaldeasturias.com\\\/noticias\\\/\",\"name\":\"El Digital de Asturias - Diario de actualidad y noticias\",\"alternateName\":\"El Digital de Asturias - Diario de actualidad y noticias\",\"description\":\"Hemeroteca\",\"inLanguage\":\"es-ES\",\"publisher\":{\"@id\":\"https:\\\/\\\/www.eldigitaldeasturias.com\\\/noticias\\\/#organization\"}}]}\n\t\t<\/script>\n\t\t<!-- All in One SEO Pro -->\r\n\t\t<title>Susana D\u00edaz destaca la ocupaci\u00f3n tur\u00edstica del 71,5% en Semana Santa - El Digital de Asturias<\/title>\n\n","aioseo_head_json":{"title":"Susana D\u00edaz destaca la ocupaci\u00f3n tur\u00edstica del 71,5% en Semana Santa - El Digital de Asturias","description":"La presidenta de la Junta, Susana D\u00edaz, ha destacado que Andaluc\u00eda ha cerrado la Semana Santa con una ocupaci\u00f3n tur\u00edstica media del 71,5%, que en algunas provincias ha alcanzado el 80%, por encima de las previsiones iniciales. D\u00edaz ha declarado a los periodistas tras inaugurar el Observatorio del Lince en el Espacio Natural de Do\u00f1ana","canonical_url":"https:\/\/www.eldigitaldeasturias.com\/noticias\/susana-diaz-destaca-la-ocupacion-turistica-del-715-en-semana-santa\/","robots":"max-image-preview:large","keywords":"actualidad","webmasterTools":{"google-site-verification":"UA-38556648-1","msvalidate.01":"7dfe9f3f1b24437ab69f4f2559babe99","miscellaneous":""},"schema":{"@context":"https:\/\/schema.org","@graph":[{"@type":"BlogPosting","@id":"https:\/\/www.eldigitaldeasturias.com\/noticias\/susana-diaz-destaca-la-ocupacion-turistica-del-715-en-semana-santa\/#blogposting","name":"Susana D\u00edaz destaca la ocupaci\u00f3n tur\u00edstica del 71,5% en Semana Santa - El Digital de Asturias","headline":"Susana D\u00edaz destaca la ocupaci\u00f3n tur\u00edstica del 71,5% en Semana Santa","author":{"@id":"https:\/\/www.eldigitaldeasturias.com\/noticias\/author\/admin\/#author"},"publisher":{"@id":"https:\/\/www.eldigitaldeasturias.com\/noticias\/#organization"},"image":{"@type":"ImageObject","url":952192},"datePublished":"2018-04-05T02:21:46+02:00","dateModified":"2018-04-05T02:21:46+02:00","inLanguage":"es-ES","mainEntityOfPage":{"@id":"https:\/\/www.eldigitaldeasturias.com\/noticias\/susana-diaz-destaca-la-ocupacion-turistica-del-715-en-semana-santa\/#webpage"},"isPartOf":{"@id":"https:\/\/www.eldigitaldeasturias.com\/noticias\/susana-diaz-destaca-la-ocupacion-turistica-del-715-en-semana-santa\/#webpage"},"articleSection":"Actualidad"},{"@type":"BreadcrumbList","@id":"https:\/\/www.eldigitaldeasturias.com\/noticias\/susana-diaz-destaca-la-ocupacion-turistica-del-715-en-semana-santa\/#breadcrumblist","itemListElement":[{"@type":"ListItem","@id":"https:\/\/www.eldigitaldeasturias.com\/noticias#listItem","position":1,"name":"Home","item":"https:\/\/www.eldigitaldeasturias.com\/noticias","nextItem":{"@type":"ListItem","@id":"https:\/\/www.eldigitaldeasturias.com\/noticias\/category\/actualidad\/#listItem","name":"Actualidad"}},{"@type":"ListItem","@id":"https:\/\/www.eldigitaldeasturias.com\/noticias\/category\/actualidad\/#listItem","position":2,"name":"Actualidad","item":"https:\/\/www.eldigitaldeasturias.com\/noticias\/category\/actualidad\/","nextItem":{"@type":"ListItem","@id":"https:\/\/www.eldigitaldeasturias.com\/noticias\/susana-diaz-destaca-la-ocupacion-turistica-del-715-en-semana-santa\/#listItem","name":"Susana D\u00edaz destaca la ocupaci\u00f3n tur\u00edstica del 71,5% en Semana Santa"},"previousItem":{"@type":"ListItem","@id":"https:\/\/www.eldigitaldeasturias.com\/noticias#listItem","name":"Home"}},{"@type":"ListItem","@id":"https:\/\/www.eldigitaldeasturias.com\/noticias\/susana-diaz-destaca-la-ocupacion-turistica-del-715-en-semana-santa\/#listItem","position":3,"name":"Susana D\u00edaz destaca la ocupaci\u00f3n tur\u00edstica del 71,5% en Semana Santa","previousItem":{"@type":"ListItem","@id":"https:\/\/www.eldigitaldeasturias.com\/noticias\/category\/actualidad\/#listItem","name":"Actualidad"}}]},{"@type":"Organization","@id":"https:\/\/www.eldigitaldeasturias.com\/noticias\/#organization","name":"El Digital de Asturias","description":"Hemeroteca","url":"https:\/\/www.eldigitaldeasturias.com\/noticias\/","email":"info@eldigitaldeasturias.com","telephone":"+34652131393","logo":{"@type":"ImageObject","url":"https:\/\/www.eldigitaldeasturias.com\/noticias\/wp-content\/uploads\/2020\/12\/EDA.jpg","@id":"https:\/\/www.eldigitaldeasturias.com\/noticias\/susana-diaz-destaca-la-ocupacion-turistica-del-715-en-semana-santa\/#organizationLogo"},"image":{"@id":"https:\/\/www.eldigitaldeasturias.com\/noticias\/susana-diaz-destaca-la-ocupacion-turistica-del-715-en-semana-santa\/#organizationLogo"},"sameAs":["https:\/\/facebook.com\/eldigitaldeasturias","https:\/\/www.youtube.com\/channel\/UCZP-2wLEB9Rv6erhFmqVnvg"],"address":{"@id":"https:\/\/www.eldigitaldeasturias.com\/noticias\/#postaladdress","@type":"PostalAddress","streetAddress":"san antonio 4","postalCode":"33430","addressLocality":"Cand\u00e1s","addressRegion":"Asturias","addressCountry":"ES"}},{"@type":"Person","@id":"https:\/\/www.eldigitaldeasturias.com\/noticias\/author\/admin\/#author","url":"https:\/\/www.eldigitaldeasturias.com\/noticias\/author\/admin\/","name":"El Digital de Asturias","image":{"@type":"ImageObject","@id":"https:\/\/www.eldigitaldeasturias.com\/noticias\/susana-diaz-destaca-la-ocupacion-turistica-del-715-en-semana-santa\/#authorImage","url":"https:\/\/secure.gravatar.com\/avatar\/df2aeffc32bcd13f8d26072ef8a91b623d677766deac7f97ca815868cd41bf5e?s=96&d=mm&r=g","width":96,"height":96,"caption":"El Digital de Asturias"}},{"@type":"WebPage","@id":"https:\/\/www.eldigitaldeasturias.com\/noticias\/susana-diaz-destaca-la-ocupacion-turistica-del-715-en-semana-santa\/#webpage","url":"https:\/\/www.eldigitaldeasturias.com\/noticias\/susana-diaz-destaca-la-ocupacion-turistica-del-715-en-semana-santa\/","name":"Susana D\u00edaz destaca la ocupaci\u00f3n tur\u00edstica del 71,5% en Semana Santa - El Digital de Asturias","description":"La presidenta de la Junta, Susana D\u00edaz, ha destacado que Andaluc\u00eda ha cerrado la Semana Santa con una ocupaci\u00f3n tur\u00edstica media del 71,5%, que en algunas provincias ha alcanzado el 80%, por encima de las previsiones iniciales. D\u00edaz ha declarado a los periodistas tras inaugurar el Observatorio del Lince en el Espacio Natural de Do\u00f1ana","inLanguage":"es-ES","isPartOf":{"@id":"https:\/\/www.eldigitaldeasturias.com\/noticias\/#website"},"breadcrumb":{"@id":"https:\/\/www.eldigitaldeasturias.com\/noticias\/susana-diaz-destaca-la-ocupacion-turistica-del-715-en-semana-santa\/#breadcrumblist"},"author":{"@id":"https:\/\/www.eldigitaldeasturias.com\/noticias\/author\/admin\/#author"},"creator":{"@id":"https:\/\/www.eldigitaldeasturias.com\/noticias\/author\/admin\/#author"},"image":{"@type":"ImageObject","url":952192,"@id":"https:\/\/www.eldigitaldeasturias.com\/noticias\/susana-diaz-destaca-la-ocupacion-turistica-del-715-en-semana-santa\/#mainImage"},"primaryImageOfPage":{"@id":"https:\/\/www.eldigitaldeasturias.com\/noticias\/susana-diaz-destaca-la-ocupacion-turistica-del-715-en-semana-santa\/#mainImage"},"datePublished":"2018-04-05T02:21:46+02:00","dateModified":"2018-04-05T02:21:46+02:00"},{"@type":"WebSite","@id":"https:\/\/www.eldigitaldeasturias.com\/noticias\/#website","url":"https:\/\/www.eldigitaldeasturias.com\/noticias\/","name":"El Digital de Asturias - Diario de actualidad y noticias","alternateName":"El Digital de Asturias - Diario de actualidad y noticias","description":"Hemeroteca","inLanguage":"es-ES","publisher":{"@id":"https:\/\/www.eldigitaldeasturias.com\/noticias\/#organization"}}]},"og:locale":"es_ES","og:site_name":"El Digital de Asturias","og:type":"article","og:title":"Susana D\u00edaz destaca la ocupaci\u00f3n tur\u00edstica del 71,5% en Semana Santa - El Digital de Asturias","og:description":"La presidenta de la Junta, Susana D\u00edaz, ha destacado que Andaluc\u00eda ha cerrado la Semana Santa con una ocupaci\u00f3n tur\u00edstica media del 71,5%, que en algunas provincias ha alcanzado el 80%, por encima de las previsiones iniciales. D\u00edaz ha declarado a los periodistas tras inaugurar el Observatorio del Lince en el Espacio Natural de Do\u00f1ana","og:url":"https:\/\/www.eldigitaldeasturias.com\/noticias\/susana-diaz-destaca-la-ocupacion-turistica-del-715-en-semana-santa\/","article:tag":["actualidad"],"article:published_time":"2018-04-05T02:21:46+00:00","article:modified_time":"2018-04-05T02:21:46+00:00","article:publisher":"https:\/\/facebook.com\/eldigitaldeasturias","twitter:card":"summary_large_image","twitter:title":"Susana D\u00edaz destaca la ocupaci\u00f3n tur\u00edstica del 71,5% en Semana Santa - El Digital de Asturias","twitter:description":"La presidenta de la Junta, Susana D\u00edaz, ha destacado que Andaluc\u00eda ha cerrado la Semana Santa con una ocupaci\u00f3n tur\u00edstica media del 71,5%, que en algunas provincias ha alcanzado el 80%, por encima de las previsiones iniciales. D\u00edaz ha declarado a los periodistas tras inaugurar el Observatorio del Lince en el Espacio Natural de Do\u00f1ana","twitter:image":"https:\/\/www.eldigitaldeasturias.com\/noticias\/wp-content\/uploads\/2020\/12\/EDA-1.jpg","twitter:label1":"Escrito por","twitter:data1":"El Digital de Asturias","twitter:label2":"Tiempo de lectura estimado","twitter:data2":"1 minuto"},"aioseo_meta_data":{"post_id":"974794","title":null,"description":null,"keywords":null,"keyphrases":null,"primary_term":null,"canonical_url":null,"og_title":null,"og_description":null,"og_object_type":"default","og_image_type":"default","og_image_url":null,"og_image_width":null,"og_image_height":null,"og_image_custom_url":null,"og_image_custom_fields":null,"og_video":null,"og_custom_url":null,"og_article_section":null,"og_article_tags":null,"twitter_use_og":false,"twitter_card":"default","twitter_image_type":"default","twitter_image_url":null,"twitter_image_custom_url":null,"twitter_image_custom_fields":null,"twitter_title":null,"twitter_description":null,"schema":{"blockGraphs":[],"customGraphs":[],"default":{"data":{"Article":[],"Course":[],"Dataset":[],"FAQPage":[],"Movie":[],"Person":[],"Product":[],"ProductReview":[],"Car":[],"Recipe":[],"Service":[],"SoftwareApplication":[],"WebPage":[]},"graphName":"","isEnabled":true},"graphs":[],"defaultGraph":"","defaultPostTypeGraph":""},"schema_type":null,"schema_type_options":null,"pillar_content":false,"robots_default":true,"robots_noindex":false,"robots_noarchive":false,"robots_nosnippet":false,"robots_nofollow":false,"robots_noimageindex":false,"robots_noodp":false,"robots_notranslate":false,"robots_max_snippet":null,"robots_max_videopreview":null,"robots_max_imagepreview":"large","priority":null,"frequency":null,"local_seo":null,"seo_analyzer_scan_date":"2025-10-07 21:31:13","breadcrumb_settings":null,"limit_modified_date":false,"open_ai":null,"ai":null,"created":"2020-12-21 12:12:39","updated":"2025-10-07 21:31:13","focus_keyword":null,"additional_keywords":null,"truseo_locale":null},"aioseo_breadcrumb":"<div class=\"aioseo-breadcrumbs\"><span class=\"aioseo-breadcrumb\">\n\t<a href=\"https:\/\/www.eldigitaldeasturias.com\/noticias\" title=\"Home\">Home<\/a>\n<\/span><span class=\"aioseo-breadcrumb-separator\">\u2013<\/span><span class=\"aioseo-breadcrumb\">\n\t<a href=\"https:\/\/www.eldigitaldeasturias.com\/noticias\/category\/actualidad\/\" title=\"Actualidad\">Actualidad<\/a>\n<\/span><span class=\"aioseo-breadcrumb-separator\">\u2013<\/span><span class=\"aioseo-breadcrumb\">\n\t<a href=\"https:\/\/www.eldigitaldeasturias.com\/noticias\/susana-diaz-destaca-la-ocupacion-turistica-del-715-en-semana-santa\/\" title=\"Susana D\u00edaz destaca la ocupaci\u00f3n tur\u00edstica del 71,5% en Semana Santa\">Susana D\u00edaz destaca la ocupaci\u00f3n tur\u00edstica del 71,5% en Semana Santa<\/a>\n<\/span><\/div>","aioseo_breadcrumb_json":[{"label":"Home","link":"https:\/\/www.eldigitaldeasturias.com\/noticias"},{"label":"Actualidad","link":"https:\/\/www.eldigitaldeasturias.com\/noticias\/category\/actualidad\/"},{"label":"Susana D\u00edaz destaca la ocupaci\u00f3n tur\u00edstica del 71,5% en Semana Santa","link":"https:\/\/www.eldigitaldeasturias.com\/noticias\/susana-diaz-destaca-la-ocupacion-turistica-del-715-en-semana-santa\/"}],"_links":{"self":[{"href":"https:\/\/www.eldigitaldeasturias.com\/noticias\/wp-json\/wp\/v2\/posts\/974794","targetHints":{"allow":["GET"]}}],"collection":[{"href":"https:\/\/www.eldigitaldeasturias.com\/noticias\/wp-json\/wp\/v2\/posts"}],"about":[{"href":"https:\/\/www.eldigitaldeasturias.com\/noticias\/wp-json\/wp\/v2\/types\/post"}],"author":[{"embeddable":true,"href":"https:\/\/www.eldigitaldeasturias.com\/noticias\/wp-json\/wp\/v2\/users\/1"}],"replies":[{"embeddable":true,"href":"https:\/\/www.eldigitaldeasturias.com\/noticias\/wp-json\/wp\/v2\/comments?post=974794"}],"version-history":[{"count":0,"href":"https:\/\/www.eldigitaldeasturias.com\/noticias\/wp-json\/wp\/v2\/posts\/974794\/revisions"}],"wp:attachment":[{"href":"https:\/\/www.eldigitaldeasturias.com\/noticias\/wp-json\/wp\/v2\/media?parent=974794"}],"wp:term":[{"taxonomy":"category","embeddable":true,"href":"https:\/\/www.eldigitaldeasturias.com\/noticias\/wp-json\/wp\/v2\/categories?post=974794"},{"taxonomy":"post_tag","embeddable":true,"href":"https:\/\/www.eldigitaldeasturias.com\/noticias\/wp-json\/wp\/v2\/tags?post=974794"}],"curies":[{"name":"wp","href":"https:\/\/api.w.org\/{rel}","templated":true}]}}