{"id":974791,"date":"2018-04-05T02:20:06","date_gmt":"2018-04-05T02:20:06","guid":{"rendered":"http:\/\/www.eldigitaldeasturias.com\/noticias\/?p=974791"},"modified":"2018-04-05T02:20:06","modified_gmt":"2018-04-05T02:20:06","slug":"susana-diaz-inaugura-en-donana-el-observatorio-del-lince","status":"publish","type":"post","link":"https:\/\/www.eldigitaldeasturias.com\/noticias\/susana-diaz-inaugura-en-donana-el-observatorio-del-lince\/","title":{"rendered":"Susana D\u00edaz inaugura en Do\u00f1ana el Observatorio del Lince"},"content":{"rendered":"<p><img loading=\"lazy\" decoding=\"async\" class=\"alignleft size-medium wp-image-974792\" src=\"https:\/\/www.eldigitaldeasturias.com\/noticias\/wp-content\/uploads\/2018\/04\/1522680459441lince2Estandardn-360x212.jpg\" alt=\"\" width=\"360\" height=\"212\" \/>La presidenta de la Junta de Andaluc\u00eda, Susana D\u00edaz, ha inaugurado el Observatorio de Linces del Espacio Natural de Do\u00f1ana, que tendr\u00e1 usos educativos y tur\u00edsticos, adem\u00e1s de contribuir a la recuperaci\u00f3n de esta especie y de albergar a ejemplares que ya no son aptos para la reproducci\u00f3n.<\/p>\n<p>D\u00edaz ha destacado que este nuevo equipamiento, que ha contado con una inversi\u00f3n pr\u00f3xima a 200.000 euros, responde a una \u00abdemanda querida y anhelada por muchos sectores: la comarca, el municipio de Almonte y todos los que trabajan en el entorno de apoyo al lince\u00bb.<\/p>\n<p>El Observatorio va a contribuir a que los centros educativos, comenzando por el colegio Do\u00f1ana de Almonte (Huelva) que ya lo ha visitado, conozcan \u00abc\u00f3mo se desarrolla el lince en su h\u00e1bitat\u00bb.<\/p>\n<p>Asimismo, D\u00edaz ha subrayado que el Observatorio \u00abva a permitir que los linces que no est\u00e1n aptos para la reproducci\u00f3n puedan tener un entorno donde desarrollarse y seguir teniendo su h\u00e1bitat normalizado\u00bb y va a convertirse en un atractivo tur\u00edstico de Do\u00f1ana.<\/p>\n<p>La poblaci\u00f3n de lince ha pasado de los 94 ejemplares del a\u00f1o 2002 solo en Andaluc\u00eda a los 448 del \u00faltimo censo, a los que se suman otros 145 en el resto de la Pen\u00ednsula Ib\u00e9rica, lo que da idea, seg\u00fan ha explicado la presidenta, del \u00abtrabajo importante, reconocido a nivel internacional y con respeto absoluto al entorno\u00bb para la recuperaci\u00f3n de esta especie.<\/p>\n<p><strong>Datos del Observatorio<\/strong><\/p>\n<p>El Observatorio de Linces del Espacio Natural de Do\u00f1ana contribuir\u00e1 a difundir el programa de recuperaci\u00f3n de la especie en la Pen\u00ednsula Ib\u00e9rica y a concienciar a la sociedad de la importancia de su conservaci\u00f3n.<\/p>\n<p>Adem\u00e1s de conocer los trabajos realizados para la recuperaci\u00f3n de esta especie, en esta instalaci\u00f3n, ubicada en El Acebuche, en Almonte, se podr\u00e1n observar de cerca dos ejemplares provenientes del programa de cr\u00eda en cautividad y seleccionados por la Consejer\u00eda de Medio Ambiente y Ordenaci\u00f3n del Territorio. Estos animales, un macho llamado Eucalipto y una hembra de nombre Aura, ya no son aptos para la reproducci\u00f3n ni pueden contribuir gen\u00e9ticamente al programa de cr\u00eda. Cabe destacar que tampoco es conveniente devolver a estos individuos al medio natural, ya que han pasado buena parte de su vida en cautividad.<\/p>\n<p>Con la apertura de este observatorio, la Junta pretende tambi\u00e9n mejorar y ampliar la oferta en materia de uso p\u00fablico y de educaci\u00f3n ambiental en Do\u00f1ana, especialmente en el \u00e1rea del Acebuche, as\u00ed como contribuir al buen funcionamiento del programa de conservaci\u00f3n de la especie.<\/p>\n<p>Este centro se localiza en un antiguo recinto en desuso para la observaci\u00f3n de ungulados, el cual se ha adecuado y mejorado para poder albergar a los dos ejemplares de lince ib\u00e9rico.<\/p>\n<p>Seg\u00fan los datos del \u00faltimo censo, la poblaci\u00f3n actual de este felino en peligro de extinci\u00f3n alcanza en Andaluc\u00eda los 448 ejemplares, 363 localizados en Sierra Morena y 85 en el entorno de Do\u00f1ana, con un considerable aumento tanto del n\u00famero de cachorros en libertad (125) como de hembras territoriales (109).<\/p>\n<p>Si se suma el total de la poblaci\u00f3n andaluza a la informaci\u00f3n aportada por las \u00e1reas de reintroducci\u00f3n creadas en Portugal, Extremadura y Castilla-La Mancha con el proyecto LIFE Iberlince, el n\u00famero de ejemplares para toda la Pen\u00ednsula Ib\u00e9rica es de 593, una cifra que se debe afianzar trabajando en la consolidaci\u00f3n de las nuevas \u00e1reas de reintroducci\u00f3n, incrementando la conexi\u00f3n entre \u00e1reas y mejorando las poblaciones de conejo silvestre.<\/p>\n<p>Estos datos confirman la buena evoluci\u00f3n de las poblaciones de este felino, que han pasado de los 94 ejemplares en 2002, con presencia solo en Andaluc\u00eda, a los 593 toda la Pen\u00ednsula.<\/p>\n<p>Cabe destacar que el proyecto Life Iberlince, coordinado y liderado por la Junta, da continuidad al trabajo realizado en los \u00faltimos a\u00f1os desde Andaluc\u00eda para propiciar la recuperaci\u00f3n de esta especie y que ha sido reconocido por la Uni\u00f3n Europea en numerosas ocasiones. Sirva como ejemplo la elecci\u00f3n del proyecto para la Conservaci\u00f3n y Reintroducci\u00f3n del Lince Ib\u00e9rico en Andaluc\u00eda como la mejor iniciativa que se ha ejecutado en Europa en los 25 a\u00f1os de existencia del proyecto Life, dentro de la categor\u00eda Naturaleza y Biodiversidad. Un hecho que viene a avalar las pol\u00edticas de conservaci\u00f3n de especies amenazadas y biodiversidad que desarrolla la Junta, ademas de reconocer la labor que desempe\u00f1an los t\u00e9cnicos en esta materia.<\/p>\n","protected":false},"excerpt":{"rendered":"<p>La presidenta de la Junta de Andaluc\u00eda, Susana D\u00edaz, ha inaugurado el Observatorio de Linces del Espacio Natural de Do\u00f1ana, que tendr\u00e1 usos educativos y tur\u00edsticos, adem\u00e1s de contribuir a la recuperaci\u00f3n de esta especie y de albergar a ejemplares que ya no son aptos para la reproducci\u00f3n. D\u00edaz ha destacado que este nuevo equipamiento, [&hellip;]<\/p>\n","protected":false},"author":1,"featured_media":974792,"comment_status":"closed","ping_status":"closed","sticky":false,"template":"","format":"standard","meta":{"footnotes":""},"categories":[1],"tags":[],"class_list":["post-974791","post","type-post","status-publish","format-standard","has-post-thumbnail","hentry","category-actualidad"],"aioseo_notices":[],"aioseo_head":"\n\t\t<!-- All in One SEO Pro 5.0.1 - aioseo.com -->\n\t<meta name=\"description\" content=\"La presidenta de la Junta de Andaluc\u00eda, Susana D\u00edaz, ha inaugurado el Observatorio de Linces del Espacio Natural de Do\u00f1ana, que tendr\u00e1 usos educativos y tur\u00edsticos, adem\u00e1s de contribuir a la recuperaci\u00f3n de esta especie y de albergar a ejemplares que ya no son aptos para la reproducci\u00f3n. D\u00edaz ha destacado que este nuevo equipamiento,\" \/>\n\t<meta name=\"robots\" content=\"max-image-preview:large\" \/>\n\t<meta name=\"author\" content=\"El Digital de Asturias\"\/>\n\t<meta name=\"google-site-verification\" content=\"UA-38556648-1\" \/>\n\t<meta name=\"msvalidate.01\" content=\"7dfe9f3f1b24437ab69f4f2559babe99\" \/>\n\t<meta name=\"keywords\" content=\"actualidad\" \/>\n\t<link rel=\"canonical\" href=\"https:\/\/www.eldigitaldeasturias.com\/noticias\/susana-diaz-inaugura-en-donana-el-observatorio-del-lince\/\" \/>\n\t<meta name=\"generator\" content=\"All in One SEO Pro (AIOSEO) 5.0.1\" \/>\n\t\t<meta property=\"og:locale\" content=\"es_ES\" \/>\n\t\t<meta property=\"og:site_name\" content=\"El Digital de Asturias\" \/>\n\t\t<meta property=\"og:type\" content=\"article\" \/>\n\t\t<meta property=\"og:title\" content=\"Susana D\u00edaz inaugura en Do\u00f1ana el Observatorio del Lince - El Digital de Asturias\" \/>\n\t\t<meta property=\"og:description\" content=\"La presidenta de la Junta de Andaluc\u00eda, Susana D\u00edaz, ha inaugurado el Observatorio de Linces del Espacio Natural de Do\u00f1ana, que tendr\u00e1 usos educativos y tur\u00edsticos, adem\u00e1s de contribuir a la recuperaci\u00f3n de esta especie y de albergar a ejemplares que ya no son aptos para la reproducci\u00f3n. D\u00edaz ha destacado que este nuevo equipamiento,\" \/>\n\t\t<meta property=\"og:url\" content=\"https:\/\/www.eldigitaldeasturias.com\/noticias\/susana-diaz-inaugura-en-donana-el-observatorio-del-lince\/\" \/>\n\t\t<meta property=\"article:tag\" content=\"actualidad\" \/>\n\t\t<meta property=\"article:published_time\" content=\"2018-04-05T02:20:06+00:00\" \/>\n\t\t<meta property=\"article:modified_time\" content=\"2018-04-05T02:20:06+00:00\" \/>\n\t\t<meta property=\"article:publisher\" content=\"https:\/\/facebook.com\/eldigitaldeasturias\" \/>\n\t\t<meta name=\"twitter:card\" content=\"summary_large_image\" \/>\n\t\t<meta name=\"twitter:title\" content=\"Susana D\u00edaz inaugura en Do\u00f1ana el Observatorio del Lince - El Digital de Asturias\" \/>\n\t\t<meta name=\"twitter:description\" content=\"La presidenta de la Junta de Andaluc\u00eda, Susana D\u00edaz, ha inaugurado el Observatorio de Linces del Espacio Natural de Do\u00f1ana, que tendr\u00e1 usos educativos y tur\u00edsticos, adem\u00e1s de contribuir a la recuperaci\u00f3n de esta especie y de albergar a ejemplares que ya no son aptos para la reproducci\u00f3n. D\u00edaz ha destacado que este nuevo equipamiento,\" \/>\n\t\t<meta name=\"twitter:image\" content=\"https:\/\/www.eldigitaldeasturias.com\/noticias\/wp-content\/uploads\/2020\/12\/EDA-1.jpg\" \/>\n\t\t<meta name=\"twitter:label1\" content=\"Escrito por\" \/>\n\t\t<meta name=\"twitter:data1\" content=\"El Digital de Asturias\" \/>\n\t\t<meta name=\"twitter:label2\" content=\"Tiempo de lectura estimado\" \/>\n\t\t<meta name=\"twitter:data2\" content=\"4 minutos\" \/>\n\t\t<script type=\"application\/ld+json\" class=\"aioseo-schema\">\n\t\t\t{\"@context\":\"https:\\\/\\\/schema.org\",\"@graph\":[{\"@type\":\"BlogPosting\",\"@id\":\"https:\\\/\\\/www.eldigitaldeasturias.com\\\/noticias\\\/susana-diaz-inaugura-en-donana-el-observatorio-del-lince\\\/#blogposting\",\"name\":\"Susana D\\u00edaz inaugura en Do\\u00f1ana el Observatorio del Lince - El Digital de Asturias\",\"headline\":\"Susana D\\u00edaz inaugura en Do\\u00f1ana el Observatorio del Lince\",\"author\":{\"@id\":\"https:\\\/\\\/www.eldigitaldeasturias.com\\\/noticias\\\/author\\\/admin\\\/#author\"},\"publisher\":{\"@id\":\"https:\\\/\\\/www.eldigitaldeasturias.com\\\/noticias\\\/#organization\"},\"image\":{\"@type\":\"ImageObject\",\"url\":974792},\"datePublished\":\"2018-04-05T02:20:06+02:00\",\"dateModified\":\"2018-04-05T02:20:06+02:00\",\"inLanguage\":\"es-ES\",\"mainEntityOfPage\":{\"@id\":\"https:\\\/\\\/www.eldigitaldeasturias.com\\\/noticias\\\/susana-diaz-inaugura-en-donana-el-observatorio-del-lince\\\/#webpage\"},\"isPartOf\":{\"@id\":\"https:\\\/\\\/www.eldigitaldeasturias.com\\\/noticias\\\/susana-diaz-inaugura-en-donana-el-observatorio-del-lince\\\/#webpage\"},\"articleSection\":\"Actualidad\"},{\"@type\":\"BreadcrumbList\",\"@id\":\"https:\\\/\\\/www.eldigitaldeasturias.com\\\/noticias\\\/susana-diaz-inaugura-en-donana-el-observatorio-del-lince\\\/#breadcrumblist\",\"itemListElement\":[{\"@type\":\"ListItem\",\"@id\":\"https:\\\/\\\/www.eldigitaldeasturias.com\\\/noticias#listItem\",\"position\":1,\"name\":\"Home\",\"item\":\"https:\\\/\\\/www.eldigitaldeasturias.com\\\/noticias\",\"nextItem\":{\"@type\":\"ListItem\",\"@id\":\"https:\\\/\\\/www.eldigitaldeasturias.com\\\/noticias\\\/category\\\/actualidad\\\/#listItem\",\"name\":\"Actualidad\"}},{\"@type\":\"ListItem\",\"@id\":\"https:\\\/\\\/www.eldigitaldeasturias.com\\\/noticias\\\/category\\\/actualidad\\\/#listItem\",\"position\":2,\"name\":\"Actualidad\",\"item\":\"https:\\\/\\\/www.eldigitaldeasturias.com\\\/noticias\\\/category\\\/actualidad\\\/\",\"nextItem\":{\"@type\":\"ListItem\",\"@id\":\"https:\\\/\\\/www.eldigitaldeasturias.com\\\/noticias\\\/susana-diaz-inaugura-en-donana-el-observatorio-del-lince\\\/#listItem\",\"name\":\"Susana D\\u00edaz inaugura en Do\\u00f1ana el Observatorio del Lince\"},\"previousItem\":{\"@type\":\"ListItem\",\"@id\":\"https:\\\/\\\/www.eldigitaldeasturias.com\\\/noticias#listItem\",\"name\":\"Home\"}},{\"@type\":\"ListItem\",\"@id\":\"https:\\\/\\\/www.eldigitaldeasturias.com\\\/noticias\\\/susana-diaz-inaugura-en-donana-el-observatorio-del-lince\\\/#listItem\",\"position\":3,\"name\":\"Susana D\\u00edaz inaugura en Do\\u00f1ana el Observatorio del Lince\",\"previousItem\":{\"@type\":\"ListItem\",\"@id\":\"https:\\\/\\\/www.eldigitaldeasturias.com\\\/noticias\\\/category\\\/actualidad\\\/#listItem\",\"name\":\"Actualidad\"}}]},{\"@type\":\"Organization\",\"@id\":\"https:\\\/\\\/www.eldigitaldeasturias.com\\\/noticias\\\/#organization\",\"name\":\"El Digital de Asturias\",\"description\":\"Hemeroteca\",\"url\":\"https:\\\/\\\/www.eldigitaldeasturias.com\\\/noticias\\\/\",\"email\":\"info@eldigitaldeasturias.com\",\"telephone\":\"+34652131393\",\"logo\":{\"@type\":\"ImageObject\",\"url\":\"https:\\\/\\\/www.eldigitaldeasturias.com\\\/noticias\\\/wp-content\\\/uploads\\\/2020\\\/12\\\/EDA.jpg\",\"@id\":\"https:\\\/\\\/www.eldigitaldeasturias.com\\\/noticias\\\/susana-diaz-inaugura-en-donana-el-observatorio-del-lince\\\/#organizationLogo\"},\"image\":{\"@id\":\"https:\\\/\\\/www.eldigitaldeasturias.com\\\/noticias\\\/susana-diaz-inaugura-en-donana-el-observatorio-del-lince\\\/#organizationLogo\"},\"sameAs\":[\"https:\\\/\\\/facebook.com\\\/eldigitaldeasturias\",\"https:\\\/\\\/www.youtube.com\\\/channel\\\/UCZP-2wLEB9Rv6erhFmqVnvg\"],\"address\":{\"@id\":\"https:\\\/\\\/www.eldigitaldeasturias.com\\\/noticias\\\/#postaladdress\",\"@type\":\"PostalAddress\",\"streetAddress\":\"san antonio 4\",\"postalCode\":\"33430\",\"addressLocality\":\"Cand\\u00e1s\",\"addressRegion\":\"Asturias\",\"addressCountry\":\"ES\"}},{\"@type\":\"Person\",\"@id\":\"https:\\\/\\\/www.eldigitaldeasturias.com\\\/noticias\\\/author\\\/admin\\\/#author\",\"url\":\"https:\\\/\\\/www.eldigitaldeasturias.com\\\/noticias\\\/author\\\/admin\\\/\",\"name\":\"El Digital de Asturias\",\"image\":{\"@type\":\"ImageObject\",\"@id\":\"https:\\\/\\\/www.eldigitaldeasturias.com\\\/noticias\\\/susana-diaz-inaugura-en-donana-el-observatorio-del-lince\\\/#authorImage\",\"url\":\"https:\\\/\\\/secure.gravatar.com\\\/avatar\\\/df2aeffc32bcd13f8d26072ef8a91b623d677766deac7f97ca815868cd41bf5e?s=96&d=mm&r=g\",\"width\":96,\"height\":96,\"caption\":\"El Digital de Asturias\"}},{\"@type\":\"WebPage\",\"@id\":\"https:\\\/\\\/www.eldigitaldeasturias.com\\\/noticias\\\/susana-diaz-inaugura-en-donana-el-observatorio-del-lince\\\/#webpage\",\"url\":\"https:\\\/\\\/www.eldigitaldeasturias.com\\\/noticias\\\/susana-diaz-inaugura-en-donana-el-observatorio-del-lince\\\/\",\"name\":\"Susana D\\u00edaz inaugura en Do\\u00f1ana el Observatorio del Lince - El Digital de Asturias\",\"description\":\"La presidenta de la Junta de Andaluc\\u00eda, Susana D\\u00edaz, ha inaugurado el Observatorio de Linces del Espacio Natural de Do\\u00f1ana, que tendr\\u00e1 usos educativos y tur\\u00edsticos, adem\\u00e1s de contribuir a la recuperaci\\u00f3n de esta especie y de albergar a ejemplares que ya no son aptos para la reproducci\\u00f3n. D\\u00edaz ha destacado que este nuevo equipamiento,\",\"inLanguage\":\"es-ES\",\"isPartOf\":{\"@id\":\"https:\\\/\\\/www.eldigitaldeasturias.com\\\/noticias\\\/#website\"},\"breadcrumb\":{\"@id\":\"https:\\\/\\\/www.eldigitaldeasturias.com\\\/noticias\\\/susana-diaz-inaugura-en-donana-el-observatorio-del-lince\\\/#breadcrumblist\"},\"author\":{\"@id\":\"https:\\\/\\\/www.eldigitaldeasturias.com\\\/noticias\\\/author\\\/admin\\\/#author\"},\"creator\":{\"@id\":\"https:\\\/\\\/www.eldigitaldeasturias.com\\\/noticias\\\/author\\\/admin\\\/#author\"},\"image\":{\"@type\":\"ImageObject\",\"url\":974792,\"@id\":\"https:\\\/\\\/www.eldigitaldeasturias.com\\\/noticias\\\/susana-diaz-inaugura-en-donana-el-observatorio-del-lince\\\/#mainImage\"},\"primaryImageOfPage\":{\"@id\":\"https:\\\/\\\/www.eldigitaldeasturias.com\\\/noticias\\\/susana-diaz-inaugura-en-donana-el-observatorio-del-lince\\\/#mainImage\"},\"datePublished\":\"2018-04-05T02:20:06+02:00\",\"dateModified\":\"2018-04-05T02:20:06+02:00\"},{\"@type\":\"WebSite\",\"@id\":\"https:\\\/\\\/www.eldigitaldeasturias.com\\\/noticias\\\/#website\",\"url\":\"https:\\\/\\\/www.eldigitaldeasturias.com\\\/noticias\\\/\",\"name\":\"El Digital de Asturias - Diario de actualidad y noticias\",\"alternateName\":\"El Digital de Asturias - Diario de actualidad y noticias\",\"description\":\"Hemeroteca\",\"inLanguage\":\"es-ES\",\"publisher\":{\"@id\":\"https:\\\/\\\/www.eldigitaldeasturias.com\\\/noticias\\\/#organization\"}}]}\n\t\t<\/script>\n\t\t<!-- All in One SEO Pro -->\r\n\t\t<title>Susana D\u00edaz inaugura en Do\u00f1ana el Observatorio del Lince - El Digital de Asturias<\/title>\n\n","aioseo_head_json":{"title":"Susana D\u00edaz inaugura en Do\u00f1ana el Observatorio del Lince - El Digital de Asturias","description":"La presidenta de la Junta de Andaluc\u00eda, Susana D\u00edaz, ha inaugurado el Observatorio de Linces del Espacio Natural de Do\u00f1ana, que tendr\u00e1 usos educativos y tur\u00edsticos, adem\u00e1s de contribuir a la recuperaci\u00f3n de esta especie y de albergar a ejemplares que ya no son aptos para la reproducci\u00f3n. D\u00edaz ha destacado que este nuevo equipamiento,","canonical_url":"https:\/\/www.eldigitaldeasturias.com\/noticias\/susana-diaz-inaugura-en-donana-el-observatorio-del-lince\/","robots":"max-image-preview:large","keywords":"actualidad","webmasterTools":{"google-site-verification":"UA-38556648-1","msvalidate.01":"7dfe9f3f1b24437ab69f4f2559babe99","miscellaneous":""},"schema":{"@context":"https:\/\/schema.org","@graph":[{"@type":"BlogPosting","@id":"https:\/\/www.eldigitaldeasturias.com\/noticias\/susana-diaz-inaugura-en-donana-el-observatorio-del-lince\/#blogposting","name":"Susana D\u00edaz inaugura en Do\u00f1ana el Observatorio del Lince - El Digital de Asturias","headline":"Susana D\u00edaz inaugura en Do\u00f1ana el Observatorio del Lince","author":{"@id":"https:\/\/www.eldigitaldeasturias.com\/noticias\/author\/admin\/#author"},"publisher":{"@id":"https:\/\/www.eldigitaldeasturias.com\/noticias\/#organization"},"image":{"@type":"ImageObject","url":974792},"datePublished":"2018-04-05T02:20:06+02:00","dateModified":"2018-04-05T02:20:06+02:00","inLanguage":"es-ES","mainEntityOfPage":{"@id":"https:\/\/www.eldigitaldeasturias.com\/noticias\/susana-diaz-inaugura-en-donana-el-observatorio-del-lince\/#webpage"},"isPartOf":{"@id":"https:\/\/www.eldigitaldeasturias.com\/noticias\/susana-diaz-inaugura-en-donana-el-observatorio-del-lince\/#webpage"},"articleSection":"Actualidad"},{"@type":"BreadcrumbList","@id":"https:\/\/www.eldigitaldeasturias.com\/noticias\/susana-diaz-inaugura-en-donana-el-observatorio-del-lince\/#breadcrumblist","itemListElement":[{"@type":"ListItem","@id":"https:\/\/www.eldigitaldeasturias.com\/noticias#listItem","position":1,"name":"Home","item":"https:\/\/www.eldigitaldeasturias.com\/noticias","nextItem":{"@type":"ListItem","@id":"https:\/\/www.eldigitaldeasturias.com\/noticias\/category\/actualidad\/#listItem","name":"Actualidad"}},{"@type":"ListItem","@id":"https:\/\/www.eldigitaldeasturias.com\/noticias\/category\/actualidad\/#listItem","position":2,"name":"Actualidad","item":"https:\/\/www.eldigitaldeasturias.com\/noticias\/category\/actualidad\/","nextItem":{"@type":"ListItem","@id":"https:\/\/www.eldigitaldeasturias.com\/noticias\/susana-diaz-inaugura-en-donana-el-observatorio-del-lince\/#listItem","name":"Susana D\u00edaz inaugura en Do\u00f1ana el Observatorio del Lince"},"previousItem":{"@type":"ListItem","@id":"https:\/\/www.eldigitaldeasturias.com\/noticias#listItem","name":"Home"}},{"@type":"ListItem","@id":"https:\/\/www.eldigitaldeasturias.com\/noticias\/susana-diaz-inaugura-en-donana-el-observatorio-del-lince\/#listItem","position":3,"name":"Susana D\u00edaz inaugura en Do\u00f1ana el Observatorio del Lince","previousItem":{"@type":"ListItem","@id":"https:\/\/www.eldigitaldeasturias.com\/noticias\/category\/actualidad\/#listItem","name":"Actualidad"}}]},{"@type":"Organization","@id":"https:\/\/www.eldigitaldeasturias.com\/noticias\/#organization","name":"El Digital de Asturias","description":"Hemeroteca","url":"https:\/\/www.eldigitaldeasturias.com\/noticias\/","email":"info@eldigitaldeasturias.com","telephone":"+34652131393","logo":{"@type":"ImageObject","url":"https:\/\/www.eldigitaldeasturias.com\/noticias\/wp-content\/uploads\/2020\/12\/EDA.jpg","@id":"https:\/\/www.eldigitaldeasturias.com\/noticias\/susana-diaz-inaugura-en-donana-el-observatorio-del-lince\/#organizationLogo"},"image":{"@id":"https:\/\/www.eldigitaldeasturias.com\/noticias\/susana-diaz-inaugura-en-donana-el-observatorio-del-lince\/#organizationLogo"},"sameAs":["https:\/\/facebook.com\/eldigitaldeasturias","https:\/\/www.youtube.com\/channel\/UCZP-2wLEB9Rv6erhFmqVnvg"],"address":{"@id":"https:\/\/www.eldigitaldeasturias.com\/noticias\/#postaladdress","@type":"PostalAddress","streetAddress":"san antonio 4","postalCode":"33430","addressLocality":"Cand\u00e1s","addressRegion":"Asturias","addressCountry":"ES"}},{"@type":"Person","@id":"https:\/\/www.eldigitaldeasturias.com\/noticias\/author\/admin\/#author","url":"https:\/\/www.eldigitaldeasturias.com\/noticias\/author\/admin\/","name":"El Digital de Asturias","image":{"@type":"ImageObject","@id":"https:\/\/www.eldigitaldeasturias.com\/noticias\/susana-diaz-inaugura-en-donana-el-observatorio-del-lince\/#authorImage","url":"https:\/\/secure.gravatar.com\/avatar\/df2aeffc32bcd13f8d26072ef8a91b623d677766deac7f97ca815868cd41bf5e?s=96&d=mm&r=g","width":96,"height":96,"caption":"El Digital de Asturias"}},{"@type":"WebPage","@id":"https:\/\/www.eldigitaldeasturias.com\/noticias\/susana-diaz-inaugura-en-donana-el-observatorio-del-lince\/#webpage","url":"https:\/\/www.eldigitaldeasturias.com\/noticias\/susana-diaz-inaugura-en-donana-el-observatorio-del-lince\/","name":"Susana D\u00edaz inaugura en Do\u00f1ana el Observatorio del Lince - El Digital de Asturias","description":"La presidenta de la Junta de Andaluc\u00eda, Susana D\u00edaz, ha inaugurado el Observatorio de Linces del Espacio Natural de Do\u00f1ana, que tendr\u00e1 usos educativos y tur\u00edsticos, adem\u00e1s de contribuir a la recuperaci\u00f3n de esta especie y de albergar a ejemplares que ya no son aptos para la reproducci\u00f3n. D\u00edaz ha destacado que este nuevo equipamiento,","inLanguage":"es-ES","isPartOf":{"@id":"https:\/\/www.eldigitaldeasturias.com\/noticias\/#website"},"breadcrumb":{"@id":"https:\/\/www.eldigitaldeasturias.com\/noticias\/susana-diaz-inaugura-en-donana-el-observatorio-del-lince\/#breadcrumblist"},"author":{"@id":"https:\/\/www.eldigitaldeasturias.com\/noticias\/author\/admin\/#author"},"creator":{"@id":"https:\/\/www.eldigitaldeasturias.com\/noticias\/author\/admin\/#author"},"image":{"@type":"ImageObject","url":974792,"@id":"https:\/\/www.eldigitaldeasturias.com\/noticias\/susana-diaz-inaugura-en-donana-el-observatorio-del-lince\/#mainImage"},"primaryImageOfPage":{"@id":"https:\/\/www.eldigitaldeasturias.com\/noticias\/susana-diaz-inaugura-en-donana-el-observatorio-del-lince\/#mainImage"},"datePublished":"2018-04-05T02:20:06+02:00","dateModified":"2018-04-05T02:20:06+02:00"},{"@type":"WebSite","@id":"https:\/\/www.eldigitaldeasturias.com\/noticias\/#website","url":"https:\/\/www.eldigitaldeasturias.com\/noticias\/","name":"El Digital de Asturias - Diario de actualidad y noticias","alternateName":"El Digital de Asturias - Diario de actualidad y noticias","description":"Hemeroteca","inLanguage":"es-ES","publisher":{"@id":"https:\/\/www.eldigitaldeasturias.com\/noticias\/#organization"}}]},"og:locale":"es_ES","og:site_name":"El Digital de Asturias","og:type":"article","og:title":"Susana D\u00edaz inaugura en Do\u00f1ana el Observatorio del Lince - El Digital de Asturias","og:description":"La presidenta de la Junta de Andaluc\u00eda, Susana D\u00edaz, ha inaugurado el Observatorio de Linces del Espacio Natural de Do\u00f1ana, que tendr\u00e1 usos educativos y tur\u00edsticos, adem\u00e1s de contribuir a la recuperaci\u00f3n de esta especie y de albergar a ejemplares que ya no son aptos para la reproducci\u00f3n. D\u00edaz ha destacado que este nuevo equipamiento,","og:url":"https:\/\/www.eldigitaldeasturias.com\/noticias\/susana-diaz-inaugura-en-donana-el-observatorio-del-lince\/","article:tag":["actualidad"],"article:published_time":"2018-04-05T02:20:06+00:00","article:modified_time":"2018-04-05T02:20:06+00:00","article:publisher":"https:\/\/facebook.com\/eldigitaldeasturias","twitter:card":"summary_large_image","twitter:title":"Susana D\u00edaz inaugura en Do\u00f1ana el Observatorio del Lince - El Digital de Asturias","twitter:description":"La presidenta de la Junta de Andaluc\u00eda, Susana D\u00edaz, ha inaugurado el Observatorio de Linces del Espacio Natural de Do\u00f1ana, que tendr\u00e1 usos educativos y tur\u00edsticos, adem\u00e1s de contribuir a la recuperaci\u00f3n de esta especie y de albergar a ejemplares que ya no son aptos para la reproducci\u00f3n. D\u00edaz ha destacado que este nuevo equipamiento,","twitter:image":"https:\/\/www.eldigitaldeasturias.com\/noticias\/wp-content\/uploads\/2020\/12\/EDA-1.jpg","twitter:label1":"Escrito por","twitter:data1":"El Digital de Asturias","twitter:label2":"Tiempo de lectura estimado","twitter:data2":"4 minutos"},"aioseo_meta_data":{"post_id":"974791","title":null,"description":null,"keywords":null,"keyphrases":null,"primary_term":null,"canonical_url":null,"og_title":null,"og_description":null,"og_object_type":"default","og_image_type":"default","og_image_url":null,"og_image_width":null,"og_image_height":null,"og_image_custom_url":null,"og_image_custom_fields":null,"og_video":null,"og_custom_url":null,"og_article_section":null,"og_article_tags":null,"twitter_use_og":false,"twitter_card":"default","twitter_image_type":"default","twitter_image_url":null,"twitter_image_custom_url":null,"twitter_image_custom_fields":null,"twitter_title":null,"twitter_description":null,"schema":{"blockGraphs":[],"customGraphs":[],"default":{"data":{"Article":[],"Course":[],"Dataset":[],"FAQPage":[],"Movie":[],"Person":[],"Product":[],"ProductReview":[],"Car":[],"Recipe":[],"Service":[],"SoftwareApplication":[],"WebPage":[]},"graphName":"","isEnabled":true},"graphs":[],"defaultGraph":"","defaultPostTypeGraph":""},"schema_type":null,"schema_type_options":null,"pillar_content":false,"robots_default":true,"robots_noindex":false,"robots_noarchive":false,"robots_nosnippet":false,"robots_nofollow":false,"robots_noimageindex":false,"robots_noodp":false,"robots_notranslate":false,"robots_max_snippet":null,"robots_max_videopreview":null,"robots_max_imagepreview":"large","priority":null,"frequency":null,"local_seo":null,"seo_analyzer_scan_date":"2025-10-07 21:31:13","breadcrumb_settings":null,"limit_modified_date":false,"open_ai":null,"ai":null,"created":"2020-12-21 12:12:39","updated":"2025-10-07 21:31:13","focus_keyword":null,"additional_keywords":null,"truseo_locale":null},"aioseo_breadcrumb":"<div class=\"aioseo-breadcrumbs\"><span class=\"aioseo-breadcrumb\">\n\t<a href=\"https:\/\/www.eldigitaldeasturias.com\/noticias\" title=\"Home\">Home<\/a>\n<\/span><span class=\"aioseo-breadcrumb-separator\">\u2013<\/span><span class=\"aioseo-breadcrumb\">\n\t<a href=\"https:\/\/www.eldigitaldeasturias.com\/noticias\/category\/actualidad\/\" title=\"Actualidad\">Actualidad<\/a>\n<\/span><span class=\"aioseo-breadcrumb-separator\">\u2013<\/span><span class=\"aioseo-breadcrumb\">\n\t<a href=\"https:\/\/www.eldigitaldeasturias.com\/noticias\/susana-diaz-inaugura-en-donana-el-observatorio-del-lince\/\" title=\"Susana D\u00edaz inaugura en Do\u00f1ana el Observatorio del Lince\">Susana D\u00edaz inaugura en Do\u00f1ana el Observatorio del Lince<\/a>\n<\/span><\/div>","aioseo_breadcrumb_json":[{"label":"Home","link":"https:\/\/www.eldigitaldeasturias.com\/noticias"},{"label":"Actualidad","link":"https:\/\/www.eldigitaldeasturias.com\/noticias\/category\/actualidad\/"},{"label":"Susana D\u00edaz inaugura en Do\u00f1ana el Observatorio del Lince","link":"https:\/\/www.eldigitaldeasturias.com\/noticias\/susana-diaz-inaugura-en-donana-el-observatorio-del-lince\/"}],"_links":{"self":[{"href":"https:\/\/www.eldigitaldeasturias.com\/noticias\/wp-json\/wp\/v2\/posts\/974791","targetHints":{"allow":["GET"]}}],"collection":[{"href":"https:\/\/www.eldigitaldeasturias.com\/noticias\/wp-json\/wp\/v2\/posts"}],"about":[{"href":"https:\/\/www.eldigitaldeasturias.com\/noticias\/wp-json\/wp\/v2\/types\/post"}],"author":[{"embeddable":true,"href":"https:\/\/www.eldigitaldeasturias.com\/noticias\/wp-json\/wp\/v2\/users\/1"}],"replies":[{"embeddable":true,"href":"https:\/\/www.eldigitaldeasturias.com\/noticias\/wp-json\/wp\/v2\/comments?post=974791"}],"version-history":[{"count":0,"href":"https:\/\/www.eldigitaldeasturias.com\/noticias\/wp-json\/wp\/v2\/posts\/974791\/revisions"}],"wp:attachment":[{"href":"https:\/\/www.eldigitaldeasturias.com\/noticias\/wp-json\/wp\/v2\/media?parent=974791"}],"wp:term":[{"taxonomy":"category","embeddable":true,"href":"https:\/\/www.eldigitaldeasturias.com\/noticias\/wp-json\/wp\/v2\/categories?post=974791"},{"taxonomy":"post_tag","embeddable":true,"href":"https:\/\/www.eldigitaldeasturias.com\/noticias\/wp-json\/wp\/v2\/tags?post=974791"}],"curies":[{"name":"wp","href":"https:\/\/api.w.org\/{rel}","templated":true}]}}