{"id":974789,"date":"2018-04-05T02:17:45","date_gmt":"2018-04-05T02:17:45","guid":{"rendered":"http:\/\/www.eldigitaldeasturias.com\/noticias\/?p=974789"},"modified":"2018-04-05T02:17:45","modified_gmt":"2018-04-05T02:17:45","slug":"diaz-solicita-a-rajoy-una-reunion-urgente-para-abordar-la-propuesta-andaluza-sobre-financiacion","status":"publish","type":"post","link":"https:\/\/www.eldigitaldeasturias.com\/noticias\/diaz-solicita-a-rajoy-una-reunion-urgente-para-abordar-la-propuesta-andaluza-sobre-financiacion\/","title":{"rendered":"D\u00edaz solicita a Rajoy una reuni\u00f3n urgente para abordar la propuesta andaluza sobre financiaci\u00f3n"},"content":{"rendered":"<p><img loading=\"lazy\" decoding=\"async\" class=\"alignleft size-medium wp-image-952192\" src=\"https:\/\/www.eldigitaldeasturias.com\/noticias\/wp-content\/uploads\/2017\/09\/Susana-360x221.jpg\" alt=\"\" width=\"360\" height=\"221\" \/>La presidenta de la Junta, Susana D\u00edaz, ha solicitado al presidente del Gobierno, Mariano Rajoy una reuni\u00f3n urgente para abordar \u00abde manera inmediata\u00bb el acuerdo suscrito en el Parlamento de Andaluc\u00eda sobre financiaci\u00f3n auton\u00f3mica, por parte de la inmensa mayor\u00eda de los partidos pol\u00edticos, y en el que han colaborado agentes sociales y econ\u00f3micos de la comunidad.<\/p>\n<p>D\u00edaz conf\u00eda en que en la reuni\u00f3n con el presidente del Ejecutivo, \u00e9ste recoja \u00abun documento que es bueno y que abre un camino de entendimiento para mejorar algo que ya nadie hoy niega: que Andaluc\u00eda est\u00e1 mal financiada, y mal tratada en la aplicaci\u00f3n del modelo de financiaci\u00f3n\u00bb, resalt\u00f3.<\/p>\n<p>Susana D\u00edaz ha asegurado que informar\u00e1 a los grupos parlamentarios sobre los temas que tratar\u00e1 con el presidente, adem\u00e1s de la financiaci\u00f3n, como la necesidad de infraestructuras que tiene Andaluc\u00eda, \u00abinversiones que son fundamentales para la generaci\u00f3n de riqueza y creaci\u00f3n de empleo\u00bb, as\u00ed como tambi\u00e9n informar\u00e1 a posteriori del resultado de la citada reuni\u00f3n.<\/p>\n<p>Adem\u00e1s, D\u00edaz ha indicado que iniciar\u00e1 a lo largo de esta semana una ronda de contactos con todos los agentes sociales y econ\u00f3micos que han participado en la elaboraci\u00f3n del documento aprobado por la C\u00e1mara andaluza, comenzando con sindicatos y empresarios a partir del pr\u00f3ximo mi\u00e9rcoles.<\/p>\n","protected":false},"excerpt":{"rendered":"<p>La presidenta de la Junta, Susana D\u00edaz, ha solicitado al presidente del Gobierno, Mariano Rajoy una reuni\u00f3n urgente para abordar \u00abde manera inmediata\u00bb el acuerdo suscrito en el Parlamento de Andaluc\u00eda sobre financiaci\u00f3n auton\u00f3mica, por parte de la inmensa mayor\u00eda de los partidos pol\u00edticos, y en el que han colaborado agentes sociales y econ\u00f3micos de [&hellip;]<\/p>\n","protected":false},"author":1,"featured_media":952192,"comment_status":"closed","ping_status":"closed","sticky":false,"template":"","format":"standard","meta":{"footnotes":""},"categories":[1],"tags":[],"class_list":["post-974789","post","type-post","status-publish","format-standard","has-post-thumbnail","hentry","category-actualidad"],"aioseo_notices":[],"aioseo_head":"\n\t\t<!-- All in One SEO Pro 5.0.1 - aioseo.com -->\n\t<meta name=\"description\" content=\"La presidenta de la Junta, Susana D\u00edaz, ha solicitado al presidente del Gobierno, Mariano Rajoy una reuni\u00f3n urgente para abordar &quot;de manera inmediata&quot; el acuerdo suscrito en el Parlamento de Andaluc\u00eda sobre financiaci\u00f3n auton\u00f3mica, por parte de la inmensa mayor\u00eda de los partidos pol\u00edticos, y en el que han colaborado agentes sociales y econ\u00f3micos de\" \/>\n\t<meta name=\"robots\" content=\"max-image-preview:large\" \/>\n\t<meta name=\"author\" content=\"El Digital de Asturias\"\/>\n\t<meta name=\"google-site-verification\" content=\"UA-38556648-1\" \/>\n\t<meta name=\"msvalidate.01\" content=\"7dfe9f3f1b24437ab69f4f2559babe99\" \/>\n\t<meta name=\"keywords\" content=\"actualidad\" \/>\n\t<link rel=\"canonical\" href=\"https:\/\/www.eldigitaldeasturias.com\/noticias\/diaz-solicita-a-rajoy-una-reunion-urgente-para-abordar-la-propuesta-andaluza-sobre-financiacion\/\" \/>\n\t<meta name=\"generator\" content=\"All in One SEO Pro (AIOSEO) 5.0.1\" \/>\n\t\t<meta property=\"og:locale\" content=\"es_ES\" \/>\n\t\t<meta property=\"og:site_name\" content=\"El Digital de Asturias\" \/>\n\t\t<meta property=\"og:type\" content=\"article\" \/>\n\t\t<meta property=\"og:title\" content=\"D\u00edaz solicita a Rajoy una reuni\u00f3n urgente para abordar la propuesta andaluza sobre financiaci\u00f3n - El Digital de Asturias\" \/>\n\t\t<meta property=\"og:description\" content=\"La presidenta de la Junta, Susana D\u00edaz, ha solicitado al presidente del Gobierno, Mariano Rajoy una reuni\u00f3n urgente para abordar &quot;de manera inmediata&quot; el acuerdo suscrito en el Parlamento de Andaluc\u00eda sobre financiaci\u00f3n auton\u00f3mica, por parte de la inmensa mayor\u00eda de los partidos pol\u00edticos, y en el que han colaborado agentes sociales y econ\u00f3micos de\" \/>\n\t\t<meta property=\"og:url\" content=\"https:\/\/www.eldigitaldeasturias.com\/noticias\/diaz-solicita-a-rajoy-una-reunion-urgente-para-abordar-la-propuesta-andaluza-sobre-financiacion\/\" \/>\n\t\t<meta property=\"article:tag\" content=\"actualidad\" \/>\n\t\t<meta property=\"article:published_time\" content=\"2018-04-05T02:17:45+00:00\" \/>\n\t\t<meta property=\"article:modified_time\" content=\"2018-04-05T02:17:45+00:00\" \/>\n\t\t<meta property=\"article:publisher\" content=\"https:\/\/facebook.com\/eldigitaldeasturias\" \/>\n\t\t<meta name=\"twitter:card\" content=\"summary_large_image\" \/>\n\t\t<meta name=\"twitter:title\" content=\"D\u00edaz solicita a Rajoy una reuni\u00f3n urgente para abordar la propuesta andaluza sobre financiaci\u00f3n - El Digital de Asturias\" \/>\n\t\t<meta name=\"twitter:description\" content=\"La presidenta de la Junta, Susana D\u00edaz, ha solicitado al presidente del Gobierno, Mariano Rajoy una reuni\u00f3n urgente para abordar &quot;de manera inmediata&quot; el acuerdo suscrito en el Parlamento de Andaluc\u00eda sobre financiaci\u00f3n auton\u00f3mica, por parte de la inmensa mayor\u00eda de los partidos pol\u00edticos, y en el que han colaborado agentes sociales y econ\u00f3micos de\" \/>\n\t\t<meta name=\"twitter:image\" content=\"https:\/\/www.eldigitaldeasturias.com\/noticias\/wp-content\/uploads\/2020\/12\/EDA-1.jpg\" \/>\n\t\t<meta name=\"twitter:label1\" content=\"Escrito por\" \/>\n\t\t<meta name=\"twitter:data1\" content=\"El Digital de Asturias\" \/>\n\t\t<meta name=\"twitter:label2\" content=\"Tiempo de lectura estimado\" \/>\n\t\t<meta name=\"twitter:data2\" content=\"1 minuto\" \/>\n\t\t<script type=\"application\/ld+json\" class=\"aioseo-schema\">\n\t\t\t{\"@context\":\"https:\\\/\\\/schema.org\",\"@graph\":[{\"@type\":\"BlogPosting\",\"@id\":\"https:\\\/\\\/www.eldigitaldeasturias.com\\\/noticias\\\/diaz-solicita-a-rajoy-una-reunion-urgente-para-abordar-la-propuesta-andaluza-sobre-financiacion\\\/#blogposting\",\"name\":\"D\\u00edaz solicita a Rajoy una reuni\\u00f3n urgente para abordar la propuesta andaluza sobre financiaci\\u00f3n - El Digital de Asturias\",\"headline\":\"D\\u00edaz solicita a Rajoy una reuni\\u00f3n urgente para abordar la propuesta andaluza sobre financiaci\\u00f3n\",\"author\":{\"@id\":\"https:\\\/\\\/www.eldigitaldeasturias.com\\\/noticias\\\/author\\\/admin\\\/#author\"},\"publisher\":{\"@id\":\"https:\\\/\\\/www.eldigitaldeasturias.com\\\/noticias\\\/#organization\"},\"image\":{\"@type\":\"ImageObject\",\"url\":952192},\"datePublished\":\"2018-04-05T02:17:45+02:00\",\"dateModified\":\"2018-04-05T02:17:45+02:00\",\"inLanguage\":\"es-ES\",\"mainEntityOfPage\":{\"@id\":\"https:\\\/\\\/www.eldigitaldeasturias.com\\\/noticias\\\/diaz-solicita-a-rajoy-una-reunion-urgente-para-abordar-la-propuesta-andaluza-sobre-financiacion\\\/#webpage\"},\"isPartOf\":{\"@id\":\"https:\\\/\\\/www.eldigitaldeasturias.com\\\/noticias\\\/diaz-solicita-a-rajoy-una-reunion-urgente-para-abordar-la-propuesta-andaluza-sobre-financiacion\\\/#webpage\"},\"articleSection\":\"Actualidad\"},{\"@type\":\"BreadcrumbList\",\"@id\":\"https:\\\/\\\/www.eldigitaldeasturias.com\\\/noticias\\\/diaz-solicita-a-rajoy-una-reunion-urgente-para-abordar-la-propuesta-andaluza-sobre-financiacion\\\/#breadcrumblist\",\"itemListElement\":[{\"@type\":\"ListItem\",\"@id\":\"https:\\\/\\\/www.eldigitaldeasturias.com\\\/noticias#listItem\",\"position\":1,\"name\":\"Home\",\"item\":\"https:\\\/\\\/www.eldigitaldeasturias.com\\\/noticias\",\"nextItem\":{\"@type\":\"ListItem\",\"@id\":\"https:\\\/\\\/www.eldigitaldeasturias.com\\\/noticias\\\/category\\\/actualidad\\\/#listItem\",\"name\":\"Actualidad\"}},{\"@type\":\"ListItem\",\"@id\":\"https:\\\/\\\/www.eldigitaldeasturias.com\\\/noticias\\\/category\\\/actualidad\\\/#listItem\",\"position\":2,\"name\":\"Actualidad\",\"item\":\"https:\\\/\\\/www.eldigitaldeasturias.com\\\/noticias\\\/category\\\/actualidad\\\/\",\"nextItem\":{\"@type\":\"ListItem\",\"@id\":\"https:\\\/\\\/www.eldigitaldeasturias.com\\\/noticias\\\/diaz-solicita-a-rajoy-una-reunion-urgente-para-abordar-la-propuesta-andaluza-sobre-financiacion\\\/#listItem\",\"name\":\"D\\u00edaz solicita a Rajoy una reuni\\u00f3n urgente para abordar la propuesta andaluza sobre financiaci\\u00f3n\"},\"previousItem\":{\"@type\":\"ListItem\",\"@id\":\"https:\\\/\\\/www.eldigitaldeasturias.com\\\/noticias#listItem\",\"name\":\"Home\"}},{\"@type\":\"ListItem\",\"@id\":\"https:\\\/\\\/www.eldigitaldeasturias.com\\\/noticias\\\/diaz-solicita-a-rajoy-una-reunion-urgente-para-abordar-la-propuesta-andaluza-sobre-financiacion\\\/#listItem\",\"position\":3,\"name\":\"D\\u00edaz solicita a Rajoy una reuni\\u00f3n urgente para abordar la propuesta andaluza sobre financiaci\\u00f3n\",\"previousItem\":{\"@type\":\"ListItem\",\"@id\":\"https:\\\/\\\/www.eldigitaldeasturias.com\\\/noticias\\\/category\\\/actualidad\\\/#listItem\",\"name\":\"Actualidad\"}}]},{\"@type\":\"Organization\",\"@id\":\"https:\\\/\\\/www.eldigitaldeasturias.com\\\/noticias\\\/#organization\",\"name\":\"El Digital de Asturias\",\"description\":\"Hemeroteca\",\"url\":\"https:\\\/\\\/www.eldigitaldeasturias.com\\\/noticias\\\/\",\"email\":\"info@eldigitaldeasturias.com\",\"telephone\":\"+34652131393\",\"logo\":{\"@type\":\"ImageObject\",\"url\":\"https:\\\/\\\/www.eldigitaldeasturias.com\\\/noticias\\\/wp-content\\\/uploads\\\/2020\\\/12\\\/EDA.jpg\",\"@id\":\"https:\\\/\\\/www.eldigitaldeasturias.com\\\/noticias\\\/diaz-solicita-a-rajoy-una-reunion-urgente-para-abordar-la-propuesta-andaluza-sobre-financiacion\\\/#organizationLogo\"},\"image\":{\"@id\":\"https:\\\/\\\/www.eldigitaldeasturias.com\\\/noticias\\\/diaz-solicita-a-rajoy-una-reunion-urgente-para-abordar-la-propuesta-andaluza-sobre-financiacion\\\/#organizationLogo\"},\"sameAs\":[\"https:\\\/\\\/facebook.com\\\/eldigitaldeasturias\",\"https:\\\/\\\/www.youtube.com\\\/channel\\\/UCZP-2wLEB9Rv6erhFmqVnvg\"],\"address\":{\"@id\":\"https:\\\/\\\/www.eldigitaldeasturias.com\\\/noticias\\\/#postaladdress\",\"@type\":\"PostalAddress\",\"streetAddress\":\"san antonio 4\",\"postalCode\":\"33430\",\"addressLocality\":\"Cand\\u00e1s\",\"addressRegion\":\"Asturias\",\"addressCountry\":\"ES\"}},{\"@type\":\"Person\",\"@id\":\"https:\\\/\\\/www.eldigitaldeasturias.com\\\/noticias\\\/author\\\/admin\\\/#author\",\"url\":\"https:\\\/\\\/www.eldigitaldeasturias.com\\\/noticias\\\/author\\\/admin\\\/\",\"name\":\"El Digital de Asturias\",\"image\":{\"@type\":\"ImageObject\",\"@id\":\"https:\\\/\\\/www.eldigitaldeasturias.com\\\/noticias\\\/diaz-solicita-a-rajoy-una-reunion-urgente-para-abordar-la-propuesta-andaluza-sobre-financiacion\\\/#authorImage\",\"url\":\"https:\\\/\\\/secure.gravatar.com\\\/avatar\\\/df2aeffc32bcd13f8d26072ef8a91b623d677766deac7f97ca815868cd41bf5e?s=96&d=mm&r=g\",\"width\":96,\"height\":96,\"caption\":\"El Digital de Asturias\"}},{\"@type\":\"WebPage\",\"@id\":\"https:\\\/\\\/www.eldigitaldeasturias.com\\\/noticias\\\/diaz-solicita-a-rajoy-una-reunion-urgente-para-abordar-la-propuesta-andaluza-sobre-financiacion\\\/#webpage\",\"url\":\"https:\\\/\\\/www.eldigitaldeasturias.com\\\/noticias\\\/diaz-solicita-a-rajoy-una-reunion-urgente-para-abordar-la-propuesta-andaluza-sobre-financiacion\\\/\",\"name\":\"D\\u00edaz solicita a Rajoy una reuni\\u00f3n urgente para abordar la propuesta andaluza sobre financiaci\\u00f3n - El Digital de Asturias\",\"description\":\"La presidenta de la Junta, Susana D\\u00edaz, ha solicitado al presidente del Gobierno, Mariano Rajoy una reuni\\u00f3n urgente para abordar \\\"de manera inmediata\\\" el acuerdo suscrito en el Parlamento de Andaluc\\u00eda sobre financiaci\\u00f3n auton\\u00f3mica, por parte de la inmensa mayor\\u00eda de los partidos pol\\u00edticos, y en el que han colaborado agentes sociales y econ\\u00f3micos de\",\"inLanguage\":\"es-ES\",\"isPartOf\":{\"@id\":\"https:\\\/\\\/www.eldigitaldeasturias.com\\\/noticias\\\/#website\"},\"breadcrumb\":{\"@id\":\"https:\\\/\\\/www.eldigitaldeasturias.com\\\/noticias\\\/diaz-solicita-a-rajoy-una-reunion-urgente-para-abordar-la-propuesta-andaluza-sobre-financiacion\\\/#breadcrumblist\"},\"author\":{\"@id\":\"https:\\\/\\\/www.eldigitaldeasturias.com\\\/noticias\\\/author\\\/admin\\\/#author\"},\"creator\":{\"@id\":\"https:\\\/\\\/www.eldigitaldeasturias.com\\\/noticias\\\/author\\\/admin\\\/#author\"},\"image\":{\"@type\":\"ImageObject\",\"url\":952192,\"@id\":\"https:\\\/\\\/www.eldigitaldeasturias.com\\\/noticias\\\/diaz-solicita-a-rajoy-una-reunion-urgente-para-abordar-la-propuesta-andaluza-sobre-financiacion\\\/#mainImage\"},\"primaryImageOfPage\":{\"@id\":\"https:\\\/\\\/www.eldigitaldeasturias.com\\\/noticias\\\/diaz-solicita-a-rajoy-una-reunion-urgente-para-abordar-la-propuesta-andaluza-sobre-financiacion\\\/#mainImage\"},\"datePublished\":\"2018-04-05T02:17:45+02:00\",\"dateModified\":\"2018-04-05T02:17:45+02:00\"},{\"@type\":\"WebSite\",\"@id\":\"https:\\\/\\\/www.eldigitaldeasturias.com\\\/noticias\\\/#website\",\"url\":\"https:\\\/\\\/www.eldigitaldeasturias.com\\\/noticias\\\/\",\"name\":\"El Digital de Asturias - Diario de actualidad y noticias\",\"alternateName\":\"El Digital de Asturias - Diario de actualidad y noticias\",\"description\":\"Hemeroteca\",\"inLanguage\":\"es-ES\",\"publisher\":{\"@id\":\"https:\\\/\\\/www.eldigitaldeasturias.com\\\/noticias\\\/#organization\"}}]}\n\t\t<\/script>\n\t\t<!-- All in One SEO Pro -->\r\n\t\t<title>D\u00edaz solicita a Rajoy una reuni\u00f3n urgente para abordar la propuesta andaluza sobre financiaci\u00f3n - El Digital de Asturias<\/title>\n\n","aioseo_head_json":{"title":"D\u00edaz solicita a Rajoy una reuni\u00f3n urgente para abordar la propuesta andaluza sobre financiaci\u00f3n - El Digital de Asturias","description":"La presidenta de la Junta, Susana D\u00edaz, ha solicitado al presidente del Gobierno, Mariano Rajoy una reuni\u00f3n urgente para abordar \"de manera inmediata\" el acuerdo suscrito en el Parlamento de Andaluc\u00eda sobre financiaci\u00f3n auton\u00f3mica, por parte de la inmensa mayor\u00eda de los partidos pol\u00edticos, y en el que han colaborado agentes sociales y econ\u00f3micos de","canonical_url":"https:\/\/www.eldigitaldeasturias.com\/noticias\/diaz-solicita-a-rajoy-una-reunion-urgente-para-abordar-la-propuesta-andaluza-sobre-financiacion\/","robots":"max-image-preview:large","keywords":"actualidad","webmasterTools":{"google-site-verification":"UA-38556648-1","msvalidate.01":"7dfe9f3f1b24437ab69f4f2559babe99","miscellaneous":""},"schema":{"@context":"https:\/\/schema.org","@graph":[{"@type":"BlogPosting","@id":"https:\/\/www.eldigitaldeasturias.com\/noticias\/diaz-solicita-a-rajoy-una-reunion-urgente-para-abordar-la-propuesta-andaluza-sobre-financiacion\/#blogposting","name":"D\u00edaz solicita a Rajoy una reuni\u00f3n urgente para abordar la propuesta andaluza sobre financiaci\u00f3n - El Digital de Asturias","headline":"D\u00edaz solicita a Rajoy una reuni\u00f3n urgente para abordar la propuesta andaluza sobre financiaci\u00f3n","author":{"@id":"https:\/\/www.eldigitaldeasturias.com\/noticias\/author\/admin\/#author"},"publisher":{"@id":"https:\/\/www.eldigitaldeasturias.com\/noticias\/#organization"},"image":{"@type":"ImageObject","url":952192},"datePublished":"2018-04-05T02:17:45+02:00","dateModified":"2018-04-05T02:17:45+02:00","inLanguage":"es-ES","mainEntityOfPage":{"@id":"https:\/\/www.eldigitaldeasturias.com\/noticias\/diaz-solicita-a-rajoy-una-reunion-urgente-para-abordar-la-propuesta-andaluza-sobre-financiacion\/#webpage"},"isPartOf":{"@id":"https:\/\/www.eldigitaldeasturias.com\/noticias\/diaz-solicita-a-rajoy-una-reunion-urgente-para-abordar-la-propuesta-andaluza-sobre-financiacion\/#webpage"},"articleSection":"Actualidad"},{"@type":"BreadcrumbList","@id":"https:\/\/www.eldigitaldeasturias.com\/noticias\/diaz-solicita-a-rajoy-una-reunion-urgente-para-abordar-la-propuesta-andaluza-sobre-financiacion\/#breadcrumblist","itemListElement":[{"@type":"ListItem","@id":"https:\/\/www.eldigitaldeasturias.com\/noticias#listItem","position":1,"name":"Home","item":"https:\/\/www.eldigitaldeasturias.com\/noticias","nextItem":{"@type":"ListItem","@id":"https:\/\/www.eldigitaldeasturias.com\/noticias\/category\/actualidad\/#listItem","name":"Actualidad"}},{"@type":"ListItem","@id":"https:\/\/www.eldigitaldeasturias.com\/noticias\/category\/actualidad\/#listItem","position":2,"name":"Actualidad","item":"https:\/\/www.eldigitaldeasturias.com\/noticias\/category\/actualidad\/","nextItem":{"@type":"ListItem","@id":"https:\/\/www.eldigitaldeasturias.com\/noticias\/diaz-solicita-a-rajoy-una-reunion-urgente-para-abordar-la-propuesta-andaluza-sobre-financiacion\/#listItem","name":"D\u00edaz solicita a Rajoy una reuni\u00f3n urgente para abordar la propuesta andaluza sobre financiaci\u00f3n"},"previousItem":{"@type":"ListItem","@id":"https:\/\/www.eldigitaldeasturias.com\/noticias#listItem","name":"Home"}},{"@type":"ListItem","@id":"https:\/\/www.eldigitaldeasturias.com\/noticias\/diaz-solicita-a-rajoy-una-reunion-urgente-para-abordar-la-propuesta-andaluza-sobre-financiacion\/#listItem","position":3,"name":"D\u00edaz solicita a Rajoy una reuni\u00f3n urgente para abordar la propuesta andaluza sobre financiaci\u00f3n","previousItem":{"@type":"ListItem","@id":"https:\/\/www.eldigitaldeasturias.com\/noticias\/category\/actualidad\/#listItem","name":"Actualidad"}}]},{"@type":"Organization","@id":"https:\/\/www.eldigitaldeasturias.com\/noticias\/#organization","name":"El Digital de Asturias","description":"Hemeroteca","url":"https:\/\/www.eldigitaldeasturias.com\/noticias\/","email":"info@eldigitaldeasturias.com","telephone":"+34652131393","logo":{"@type":"ImageObject","url":"https:\/\/www.eldigitaldeasturias.com\/noticias\/wp-content\/uploads\/2020\/12\/EDA.jpg","@id":"https:\/\/www.eldigitaldeasturias.com\/noticias\/diaz-solicita-a-rajoy-una-reunion-urgente-para-abordar-la-propuesta-andaluza-sobre-financiacion\/#organizationLogo"},"image":{"@id":"https:\/\/www.eldigitaldeasturias.com\/noticias\/diaz-solicita-a-rajoy-una-reunion-urgente-para-abordar-la-propuesta-andaluza-sobre-financiacion\/#organizationLogo"},"sameAs":["https:\/\/facebook.com\/eldigitaldeasturias","https:\/\/www.youtube.com\/channel\/UCZP-2wLEB9Rv6erhFmqVnvg"],"address":{"@id":"https:\/\/www.eldigitaldeasturias.com\/noticias\/#postaladdress","@type":"PostalAddress","streetAddress":"san antonio 4","postalCode":"33430","addressLocality":"Cand\u00e1s","addressRegion":"Asturias","addressCountry":"ES"}},{"@type":"Person","@id":"https:\/\/www.eldigitaldeasturias.com\/noticias\/author\/admin\/#author","url":"https:\/\/www.eldigitaldeasturias.com\/noticias\/author\/admin\/","name":"El Digital de Asturias","image":{"@type":"ImageObject","@id":"https:\/\/www.eldigitaldeasturias.com\/noticias\/diaz-solicita-a-rajoy-una-reunion-urgente-para-abordar-la-propuesta-andaluza-sobre-financiacion\/#authorImage","url":"https:\/\/secure.gravatar.com\/avatar\/df2aeffc32bcd13f8d26072ef8a91b623d677766deac7f97ca815868cd41bf5e?s=96&d=mm&r=g","width":96,"height":96,"caption":"El Digital de Asturias"}},{"@type":"WebPage","@id":"https:\/\/www.eldigitaldeasturias.com\/noticias\/diaz-solicita-a-rajoy-una-reunion-urgente-para-abordar-la-propuesta-andaluza-sobre-financiacion\/#webpage","url":"https:\/\/www.eldigitaldeasturias.com\/noticias\/diaz-solicita-a-rajoy-una-reunion-urgente-para-abordar-la-propuesta-andaluza-sobre-financiacion\/","name":"D\u00edaz solicita a Rajoy una reuni\u00f3n urgente para abordar la propuesta andaluza sobre financiaci\u00f3n - El Digital de Asturias","description":"La presidenta de la Junta, Susana D\u00edaz, ha solicitado al presidente del Gobierno, Mariano Rajoy una reuni\u00f3n urgente para abordar \"de manera inmediata\" el acuerdo suscrito en el Parlamento de Andaluc\u00eda sobre financiaci\u00f3n auton\u00f3mica, por parte de la inmensa mayor\u00eda de los partidos pol\u00edticos, y en el que han colaborado agentes sociales y econ\u00f3micos de","inLanguage":"es-ES","isPartOf":{"@id":"https:\/\/www.eldigitaldeasturias.com\/noticias\/#website"},"breadcrumb":{"@id":"https:\/\/www.eldigitaldeasturias.com\/noticias\/diaz-solicita-a-rajoy-una-reunion-urgente-para-abordar-la-propuesta-andaluza-sobre-financiacion\/#breadcrumblist"},"author":{"@id":"https:\/\/www.eldigitaldeasturias.com\/noticias\/author\/admin\/#author"},"creator":{"@id":"https:\/\/www.eldigitaldeasturias.com\/noticias\/author\/admin\/#author"},"image":{"@type":"ImageObject","url":952192,"@id":"https:\/\/www.eldigitaldeasturias.com\/noticias\/diaz-solicita-a-rajoy-una-reunion-urgente-para-abordar-la-propuesta-andaluza-sobre-financiacion\/#mainImage"},"primaryImageOfPage":{"@id":"https:\/\/www.eldigitaldeasturias.com\/noticias\/diaz-solicita-a-rajoy-una-reunion-urgente-para-abordar-la-propuesta-andaluza-sobre-financiacion\/#mainImage"},"datePublished":"2018-04-05T02:17:45+02:00","dateModified":"2018-04-05T02:17:45+02:00"},{"@type":"WebSite","@id":"https:\/\/www.eldigitaldeasturias.com\/noticias\/#website","url":"https:\/\/www.eldigitaldeasturias.com\/noticias\/","name":"El Digital de Asturias - Diario de actualidad y noticias","alternateName":"El Digital de Asturias - Diario de actualidad y noticias","description":"Hemeroteca","inLanguage":"es-ES","publisher":{"@id":"https:\/\/www.eldigitaldeasturias.com\/noticias\/#organization"}}]},"og:locale":"es_ES","og:site_name":"El Digital de Asturias","og:type":"article","og:title":"D\u00edaz solicita a Rajoy una reuni\u00f3n urgente para abordar la propuesta andaluza sobre financiaci\u00f3n - El Digital de Asturias","og:description":"La presidenta de la Junta, Susana D\u00edaz, ha solicitado al presidente del Gobierno, Mariano Rajoy una reuni\u00f3n urgente para abordar &quot;de manera inmediata&quot; el acuerdo suscrito en el Parlamento de Andaluc\u00eda sobre financiaci\u00f3n auton\u00f3mica, por parte de la inmensa mayor\u00eda de los partidos pol\u00edticos, y en el que han colaborado agentes sociales y econ\u00f3micos de","og:url":"https:\/\/www.eldigitaldeasturias.com\/noticias\/diaz-solicita-a-rajoy-una-reunion-urgente-para-abordar-la-propuesta-andaluza-sobre-financiacion\/","article:tag":["actualidad"],"article:published_time":"2018-04-05T02:17:45+00:00","article:modified_time":"2018-04-05T02:17:45+00:00","article:publisher":"https:\/\/facebook.com\/eldigitaldeasturias","twitter:card":"summary_large_image","twitter:title":"D\u00edaz solicita a Rajoy una reuni\u00f3n urgente para abordar la propuesta andaluza sobre financiaci\u00f3n - El Digital de Asturias","twitter:description":"La presidenta de la Junta, Susana D\u00edaz, ha solicitado al presidente del Gobierno, Mariano Rajoy una reuni\u00f3n urgente para abordar &quot;de manera inmediata&quot; el acuerdo suscrito en el Parlamento de Andaluc\u00eda sobre financiaci\u00f3n auton\u00f3mica, por parte de la inmensa mayor\u00eda de los partidos pol\u00edticos, y en el que han colaborado agentes sociales y econ\u00f3micos de","twitter:image":"https:\/\/www.eldigitaldeasturias.com\/noticias\/wp-content\/uploads\/2020\/12\/EDA-1.jpg","twitter:label1":"Escrito por","twitter:data1":"El Digital de Asturias","twitter:label2":"Tiempo de lectura estimado","twitter:data2":"1 minuto"},"aioseo_meta_data":{"post_id":"974789","title":null,"description":null,"keywords":null,"keyphrases":null,"primary_term":null,"canonical_url":null,"og_title":null,"og_description":null,"og_object_type":"default","og_image_type":"default","og_image_url":null,"og_image_width":null,"og_image_height":null,"og_image_custom_url":null,"og_image_custom_fields":null,"og_video":null,"og_custom_url":null,"og_article_section":null,"og_article_tags":null,"twitter_use_og":false,"twitter_card":"default","twitter_image_type":"default","twitter_image_url":null,"twitter_image_custom_url":null,"twitter_image_custom_fields":null,"twitter_title":null,"twitter_description":null,"schema":{"blockGraphs":[],"customGraphs":[],"default":{"data":{"Article":[],"Course":[],"Dataset":[],"FAQPage":[],"Movie":[],"Person":[],"Product":[],"ProductReview":[],"Car":[],"Recipe":[],"Service":[],"SoftwareApplication":[],"WebPage":[]},"graphName":"","isEnabled":true},"graphs":[],"defaultGraph":"","defaultPostTypeGraph":""},"schema_type":null,"schema_type_options":null,"pillar_content":false,"robots_default":true,"robots_noindex":false,"robots_noarchive":false,"robots_nosnippet":false,"robots_nofollow":false,"robots_noimageindex":false,"robots_noodp":false,"robots_notranslate":false,"robots_max_snippet":null,"robots_max_videopreview":null,"robots_max_imagepreview":"large","priority":null,"frequency":null,"local_seo":null,"seo_analyzer_scan_date":"2025-10-07 21:31:12","breadcrumb_settings":null,"limit_modified_date":false,"open_ai":null,"ai":null,"created":"2020-12-21 12:12:39","updated":"2025-10-07 21:31:12","focus_keyword":null,"additional_keywords":null,"truseo_locale":null},"aioseo_breadcrumb":"<div class=\"aioseo-breadcrumbs\"><span class=\"aioseo-breadcrumb\">\n\t<a href=\"https:\/\/www.eldigitaldeasturias.com\/noticias\" title=\"Home\">Home<\/a>\n<\/span><span class=\"aioseo-breadcrumb-separator\">\u2013<\/span><span class=\"aioseo-breadcrumb\">\n\t<a href=\"https:\/\/www.eldigitaldeasturias.com\/noticias\/category\/actualidad\/\" title=\"Actualidad\">Actualidad<\/a>\n<\/span><span class=\"aioseo-breadcrumb-separator\">\u2013<\/span><span class=\"aioseo-breadcrumb\">\n\t<a href=\"https:\/\/www.eldigitaldeasturias.com\/noticias\/diaz-solicita-a-rajoy-una-reunion-urgente-para-abordar-la-propuesta-andaluza-sobre-financiacion\/\" title=\"D\u00edaz solicita a Rajoy una reuni\u00f3n urgente para abordar la propuesta andaluza sobre financiaci\u00f3n\">D\u00edaz solicita a Rajoy una reuni\u00f3n urgente para abordar la propuesta andaluza sobre financiaci\u00f3n<\/a>\n<\/span><\/div>","aioseo_breadcrumb_json":[{"label":"Home","link":"https:\/\/www.eldigitaldeasturias.com\/noticias"},{"label":"Actualidad","link":"https:\/\/www.eldigitaldeasturias.com\/noticias\/category\/actualidad\/"},{"label":"D\u00edaz solicita a Rajoy una reuni\u00f3n urgente para abordar la propuesta andaluza sobre financiaci\u00f3n","link":"https:\/\/www.eldigitaldeasturias.com\/noticias\/diaz-solicita-a-rajoy-una-reunion-urgente-para-abordar-la-propuesta-andaluza-sobre-financiacion\/"}],"_links":{"self":[{"href":"https:\/\/www.eldigitaldeasturias.com\/noticias\/wp-json\/wp\/v2\/posts\/974789","targetHints":{"allow":["GET"]}}],"collection":[{"href":"https:\/\/www.eldigitaldeasturias.com\/noticias\/wp-json\/wp\/v2\/posts"}],"about":[{"href":"https:\/\/www.eldigitaldeasturias.com\/noticias\/wp-json\/wp\/v2\/types\/post"}],"author":[{"embeddable":true,"href":"https:\/\/www.eldigitaldeasturias.com\/noticias\/wp-json\/wp\/v2\/users\/1"}],"replies":[{"embeddable":true,"href":"https:\/\/www.eldigitaldeasturias.com\/noticias\/wp-json\/wp\/v2\/comments?post=974789"}],"version-history":[{"count":0,"href":"https:\/\/www.eldigitaldeasturias.com\/noticias\/wp-json\/wp\/v2\/posts\/974789\/revisions"}],"wp:attachment":[{"href":"https:\/\/www.eldigitaldeasturias.com\/noticias\/wp-json\/wp\/v2\/media?parent=974789"}],"wp:term":[{"taxonomy":"category","embeddable":true,"href":"https:\/\/www.eldigitaldeasturias.com\/noticias\/wp-json\/wp\/v2\/categories?post=974789"},{"taxonomy":"post_tag","embeddable":true,"href":"https:\/\/www.eldigitaldeasturias.com\/noticias\/wp-json\/wp\/v2\/tags?post=974789"}],"curies":[{"name":"wp","href":"https:\/\/api.w.org\/{rel}","templated":true}]}}