{"id":974775,"date":"2018-04-05T01:50:44","date_gmt":"2018-04-05T01:50:44","guid":{"rendered":"http:\/\/www.eldigitaldeasturias.com\/noticias\/?p=974775"},"modified":"2018-04-05T01:50:44","modified_gmt":"2018-04-05T01:50:44","slug":"trump-ordena-el-envio-de-la-guardia-nacional-a-la-frontera-con-mexico","status":"publish","type":"post","link":"https:\/\/www.eldigitaldeasturias.com\/noticias\/trump-ordena-el-envio-de-la-guardia-nacional-a-la-frontera-con-mexico\/","title":{"rendered":"Trump ordena el env\u00edo de la Guardia Nacional a la frontera con M\u00e9xico"},"content":{"rendered":"<p><img loading=\"lazy\" decoding=\"async\" class=\"alignleft size-medium wp-image-971766\" src=\"https:\/\/www.eldigitaldeasturias.com\/noticias\/wp-content\/uploads\/2018\/03\/trump-2704264_1280-360x240.jpg\" alt=\"\" width=\"360\" height=\"240\" \/>Washington, 4 abr (dpa) &#8211; El presidente de Estados Unidos, Donald Trump, dio hoy inicio a una militarizaci\u00f3n en la frontera con M\u00e9xico, donde en las pr\u00f3ximas horas llegar\u00e1n efectivos de la Guardia Nacional con la misi\u00f3n de ayudar a frenar la entrada de inmigraci\u00f3n ilegal mientras construye su famoso y pol\u00e9mico muro.<\/p>\n<p>El mandatario, que ha hecho de la seguridad fronteriza y la mano dura con la inmigraci\u00f3n uno de los focos de su presidencia, prepar\u00f3 desde el fin de semana el terreno para el anuncio de hoy con una oleada de tuits y declaraciones en los que volvi\u00f3 a arremeter contra M\u00e9xico, acus\u00e1ndolo de no frenar los flujos migratorios hacia Estados Unidos y amenaz\u00e1ndolo con romper el Nafta si no lo hace.<\/p>\n<p>\u00abEl presidente ha mandado que el Departamento de Defensa y el Departamento de Seguridad Nacional trabajen juntos con nuestros gobernadores para desplegar a la Guardia Nacional en nuestra frontera suroeste\u00bb, anunci\u00f3 su secretaria de Seguridad Nacional, Kirstjen Nielsen, en una rueda de prensa en la Casa Blanca.<\/p>\n<p>\u00abEmpezaremos hoy y nos moveremos r\u00e1pidamente\u00bb, a\u00f1adi\u00f3. Los primeros efectivos pueden llegar en cuesti\u00f3n de horas tras la firma de la proclamaci\u00f3n presidencial, que se esperaba para el mismo mi\u00e9rcoles.<\/p>\n<p>El Gobierno de Trump asegura que existe un aumento en el n\u00famero de inmigrantes que cruzan ilegalmente la frontera desde M\u00e9xico, pese a que las cifras de detenciones all\u00ed han ca\u00eddo a m\u00ednimos en d\u00e9cadas. Las estad\u00edsticas, adem\u00e1s, muestran que ya hay m\u00e1s mexicanos que dejan el pa\u00eds que los que llegan.<\/p>\n<p>El anuncio del env\u00edo de los militares se hizo con los ministros de Exteriores y Econom\u00eda de M\u00e9xico, Luis Videgaray e Ildefonso Guajardo, reunidos en Washington con altos funcionarios de la administraci\u00f3n Trump -entre ellos su yerno y asesor, Jared Kushner- con el tratado de libre comercio Nafta como tema central.<\/p>\n<p>Nielsen asegur\u00f3 haber hablado con funcionarios mexicanos sobre la medida, aunque no revel\u00f3 con cu\u00e1les. \u00abEntienden y respetan la soberan\u00eda nacional\u00bb, dijo. La v\u00edspera, despu\u00e9s de que Trump expresase su deseo de enviar militares a la frontera, Mexico pidi\u00f3 oficialmente explicaciones sobre el plan hoy anunciado.<\/p>\n<p>De momento no hay cifras de los efectivos que se desplegar\u00e1n ni estimaciones del coste. La Guardia Nacional es un cuerpo de voluntarios que sirve como fuerza de reserva del Ej\u00e9rcito. Suele ser utilizado en respuesta a cat\u00e1strofes. Cada uno de los estados cuenta con la suya propia. Los que hacen frontera con M\u00e9xico son Texas, Nuevo M\u00e9xico, Arizona y California.<\/p>\n<p>Tanto el dem\u00f3crata Barack Obama como el republicano George W. Bush enviaron a esa frontera efectivos de la Guardia Nacional durante sus mandatos. Obama despleg\u00f3 1.200 en 2010 con la tarea de vigilar la separaci\u00f3n fronteriza. Bush mand\u00f3 6.000 entre 2006 y 2008 como refuerzo de los agentes de fronteras.<\/p>\n<p>La ley estadounidense proh\u00edbe que los cuerpos militares act\u00faen como agentes de polic\u00eda en la aplicaci\u00f3n de la ley, por lo que los efectivos de la Guardia Nacional que se desplieguen no podr\u00e1n participar en detenciones y se tendr\u00e1n que limitar a la colaboraci\u00f3n en la seguridad fronteriza.<\/p>\n<p>\u00abHoy es el d\u00eda en el que queremos empezar este proceso. La amenaza es real\u00bb, dijo Nielsen al ser preguntada sobre por qu\u00e9 un despliegue ahora. Una caravana de unos 1.000 centroamericanos que recorr\u00eda M\u00e9xico hacia la frontera estadounidense para denunciar, como cada a\u00f1o, la pobreza y violencia en la que se vive en su regi\u00f3n estuvo detr\u00e1s de los tuits de Trump de los \u00faltimos d\u00edas.<\/p>\n<p>En Washington hay analistas que interpretan el despliegue de la Guardia Nacional como un mensaje de Trump a sus bases de votantes. \u00abLa maniobra es simplemente est\u00fapida\u00bb, dijo Frank Sharry, director ejecutivo de America&#8217;s Voice. \u00abSe trata de la incompetencia, la petulancia y la xenofobia de Trump\u00bb.<\/p>\n<p>Los gobernadores de Texas y Arizona, ambos republicanos, saludaron hoy el paso de Trump y su administraci\u00f3n. No se espera que lo haga California, controlada por los dem\u00f3cratas y enfrentada a Trump sobre todo en cuestiones migratorias.<\/p>\n<p>El presidente acaba de recibir del Congreso la primera partida de dinero para la construcci\u00f3n del muro en la frontera con M\u00e9xico que asegura que frenar\u00e1 la entrada de inmigraci\u00f3n ilegal y de drogas.<\/p>\n<p>Frente a los 25.000 millones de d\u00f3lares que hab\u00eda pedido, ha recibido solo 1.600, que adem\u00e1s est\u00e1n sujetos a condiciones y restricciones de gasto. El enfado de Trump fue tal que lleg\u00f3 a amenazar con vetar el presupuesto federal en el que fueron incluidos.<\/p>\n<p>El presidente estuvo hace tres semanas en el \u00e1rea fronteriza de San Diego con M\u00e9xico, en California, visitando por primera vez los ocho prototipos de muro que se han levantado all\u00ed y entre los que a\u00fan debe elegirse cu\u00e1les se emplean para levantar la barrera.<\/p>\n<p>Los 20 millones de d\u00f3lares que se emplearon para levantarlos fueron reasignados de otras partidas del presupuesto del Departamento de Seguridad Nacional.<\/p>\n<p><i class=\"lang-es\"><span class=\" readonly\" title=\"\">Por Sara Barderas (dpa)<\/span><\/i><\/p>\n","protected":false},"excerpt":{"rendered":"<p>Washington, 4 abr (dpa) &#8211; El presidente de Estados Unidos, Donald Trump, dio hoy inicio a una militarizaci\u00f3n en la frontera con M\u00e9xico, donde en las pr\u00f3ximas horas llegar\u00e1n efectivos de la Guardia Nacional con la misi\u00f3n de ayudar a frenar la entrada de inmigraci\u00f3n ilegal mientras construye su famoso y pol\u00e9mico muro. El mandatario, [&hellip;]<\/p>\n","protected":false},"author":1,"featured_media":971766,"comment_status":"closed","ping_status":"closed","sticky":false,"template":"","format":"standard","meta":{"footnotes":""},"categories":[1],"tags":[],"class_list":["post-974775","post","type-post","status-publish","format-standard","has-post-thumbnail","hentry","category-actualidad"],"aioseo_notices":[],"aioseo_head":"\n\t\t<!-- All in One SEO Pro 5.0.1 - aioseo.com -->\n\t<meta name=\"description\" content=\"Washington, 4 abr (dpa) - El presidente de Estados Unidos, Donald Trump, dio hoy inicio a una militarizaci\u00f3n en la frontera con M\u00e9xico, donde en las pr\u00f3ximas horas llegar\u00e1n efectivos de la Guardia Nacional con la misi\u00f3n de ayudar a frenar la entrada de inmigraci\u00f3n ilegal mientras construye su famoso y pol\u00e9mico muro. El mandatario,\" \/>\n\t<meta name=\"robots\" content=\"max-image-preview:large\" \/>\n\t<meta name=\"author\" content=\"El Digital de Asturias\"\/>\n\t<meta name=\"google-site-verification\" content=\"UA-38556648-1\" \/>\n\t<meta name=\"msvalidate.01\" content=\"7dfe9f3f1b24437ab69f4f2559babe99\" \/>\n\t<meta name=\"keywords\" content=\"actualidad\" \/>\n\t<link rel=\"canonical\" href=\"https:\/\/www.eldigitaldeasturias.com\/noticias\/trump-ordena-el-envio-de-la-guardia-nacional-a-la-frontera-con-mexico\/\" \/>\n\t<meta name=\"generator\" content=\"All in One SEO Pro (AIOSEO) 5.0.1\" \/>\n\t\t<meta property=\"og:locale\" content=\"es_ES\" \/>\n\t\t<meta property=\"og:site_name\" content=\"El Digital de Asturias\" \/>\n\t\t<meta property=\"og:type\" content=\"article\" \/>\n\t\t<meta property=\"og:title\" content=\"Trump ordena el env\u00edo de la Guardia Nacional a la frontera con M\u00e9xico - El Digital de Asturias\" \/>\n\t\t<meta property=\"og:description\" content=\"Washington, 4 abr (dpa) - El presidente de Estados Unidos, Donald Trump, dio hoy inicio a una militarizaci\u00f3n en la frontera con M\u00e9xico, donde en las pr\u00f3ximas horas llegar\u00e1n efectivos de la Guardia Nacional con la misi\u00f3n de ayudar a frenar la entrada de inmigraci\u00f3n ilegal mientras construye su famoso y pol\u00e9mico muro. El mandatario,\" \/>\n\t\t<meta property=\"og:url\" content=\"https:\/\/www.eldigitaldeasturias.com\/noticias\/trump-ordena-el-envio-de-la-guardia-nacional-a-la-frontera-con-mexico\/\" \/>\n\t\t<meta property=\"article:tag\" content=\"actualidad\" \/>\n\t\t<meta property=\"article:published_time\" content=\"2018-04-05T01:50:44+00:00\" \/>\n\t\t<meta property=\"article:modified_time\" content=\"2018-04-05T01:50:44+00:00\" \/>\n\t\t<meta property=\"article:publisher\" content=\"https:\/\/facebook.com\/eldigitaldeasturias\" \/>\n\t\t<meta name=\"twitter:card\" content=\"summary_large_image\" \/>\n\t\t<meta name=\"twitter:title\" content=\"Trump ordena el env\u00edo de la Guardia Nacional a la frontera con M\u00e9xico - El Digital de Asturias\" \/>\n\t\t<meta name=\"twitter:description\" content=\"Washington, 4 abr (dpa) - El presidente de Estados Unidos, Donald Trump, dio hoy inicio a una militarizaci\u00f3n en la frontera con M\u00e9xico, donde en las pr\u00f3ximas horas llegar\u00e1n efectivos de la Guardia Nacional con la misi\u00f3n de ayudar a frenar la entrada de inmigraci\u00f3n ilegal mientras construye su famoso y pol\u00e9mico muro. El mandatario,\" \/>\n\t\t<meta name=\"twitter:image\" content=\"https:\/\/www.eldigitaldeasturias.com\/noticias\/wp-content\/uploads\/2020\/12\/EDA-1.jpg\" \/>\n\t\t<meta name=\"twitter:label1\" content=\"Escrito por\" \/>\n\t\t<meta name=\"twitter:data1\" content=\"El Digital de Asturias\" \/>\n\t\t<meta name=\"twitter:label2\" content=\"Tiempo de lectura estimado\" \/>\n\t\t<meta name=\"twitter:data2\" content=\"4 minutos\" \/>\n\t\t<script type=\"application\/ld+json\" class=\"aioseo-schema\">\n\t\t\t{\"@context\":\"https:\\\/\\\/schema.org\",\"@graph\":[{\"@type\":\"BlogPosting\",\"@id\":\"https:\\\/\\\/www.eldigitaldeasturias.com\\\/noticias\\\/trump-ordena-el-envio-de-la-guardia-nacional-a-la-frontera-con-mexico\\\/#blogposting\",\"name\":\"Trump ordena el env\\u00edo de la Guardia Nacional a la frontera con M\\u00e9xico - El Digital de Asturias\",\"headline\":\"Trump ordena el env\\u00edo de la Guardia Nacional a la frontera con M\\u00e9xico\",\"author\":{\"@id\":\"https:\\\/\\\/www.eldigitaldeasturias.com\\\/noticias\\\/author\\\/admin\\\/#author\"},\"publisher\":{\"@id\":\"https:\\\/\\\/www.eldigitaldeasturias.com\\\/noticias\\\/#organization\"},\"image\":{\"@type\":\"ImageObject\",\"url\":971766},\"datePublished\":\"2018-04-05T01:50:44+02:00\",\"dateModified\":\"2018-04-05T01:50:44+02:00\",\"inLanguage\":\"es-ES\",\"mainEntityOfPage\":{\"@id\":\"https:\\\/\\\/www.eldigitaldeasturias.com\\\/noticias\\\/trump-ordena-el-envio-de-la-guardia-nacional-a-la-frontera-con-mexico\\\/#webpage\"},\"isPartOf\":{\"@id\":\"https:\\\/\\\/www.eldigitaldeasturias.com\\\/noticias\\\/trump-ordena-el-envio-de-la-guardia-nacional-a-la-frontera-con-mexico\\\/#webpage\"},\"articleSection\":\"Actualidad\"},{\"@type\":\"BreadcrumbList\",\"@id\":\"https:\\\/\\\/www.eldigitaldeasturias.com\\\/noticias\\\/trump-ordena-el-envio-de-la-guardia-nacional-a-la-frontera-con-mexico\\\/#breadcrumblist\",\"itemListElement\":[{\"@type\":\"ListItem\",\"@id\":\"https:\\\/\\\/www.eldigitaldeasturias.com\\\/noticias#listItem\",\"position\":1,\"name\":\"Home\",\"item\":\"https:\\\/\\\/www.eldigitaldeasturias.com\\\/noticias\",\"nextItem\":{\"@type\":\"ListItem\",\"@id\":\"https:\\\/\\\/www.eldigitaldeasturias.com\\\/noticias\\\/category\\\/actualidad\\\/#listItem\",\"name\":\"Actualidad\"}},{\"@type\":\"ListItem\",\"@id\":\"https:\\\/\\\/www.eldigitaldeasturias.com\\\/noticias\\\/category\\\/actualidad\\\/#listItem\",\"position\":2,\"name\":\"Actualidad\",\"item\":\"https:\\\/\\\/www.eldigitaldeasturias.com\\\/noticias\\\/category\\\/actualidad\\\/\",\"nextItem\":{\"@type\":\"ListItem\",\"@id\":\"https:\\\/\\\/www.eldigitaldeasturias.com\\\/noticias\\\/trump-ordena-el-envio-de-la-guardia-nacional-a-la-frontera-con-mexico\\\/#listItem\",\"name\":\"Trump ordena el env\\u00edo de la Guardia Nacional a la frontera con M\\u00e9xico\"},\"previousItem\":{\"@type\":\"ListItem\",\"@id\":\"https:\\\/\\\/www.eldigitaldeasturias.com\\\/noticias#listItem\",\"name\":\"Home\"}},{\"@type\":\"ListItem\",\"@id\":\"https:\\\/\\\/www.eldigitaldeasturias.com\\\/noticias\\\/trump-ordena-el-envio-de-la-guardia-nacional-a-la-frontera-con-mexico\\\/#listItem\",\"position\":3,\"name\":\"Trump ordena el env\\u00edo de la Guardia Nacional a la frontera con M\\u00e9xico\",\"previousItem\":{\"@type\":\"ListItem\",\"@id\":\"https:\\\/\\\/www.eldigitaldeasturias.com\\\/noticias\\\/category\\\/actualidad\\\/#listItem\",\"name\":\"Actualidad\"}}]},{\"@type\":\"Organization\",\"@id\":\"https:\\\/\\\/www.eldigitaldeasturias.com\\\/noticias\\\/#organization\",\"name\":\"El Digital de Asturias\",\"description\":\"Hemeroteca\",\"url\":\"https:\\\/\\\/www.eldigitaldeasturias.com\\\/noticias\\\/\",\"email\":\"info@eldigitaldeasturias.com\",\"telephone\":\"+34652131393\",\"logo\":{\"@type\":\"ImageObject\",\"url\":\"https:\\\/\\\/www.eldigitaldeasturias.com\\\/noticias\\\/wp-content\\\/uploads\\\/2020\\\/12\\\/EDA.jpg\",\"@id\":\"https:\\\/\\\/www.eldigitaldeasturias.com\\\/noticias\\\/trump-ordena-el-envio-de-la-guardia-nacional-a-la-frontera-con-mexico\\\/#organizationLogo\"},\"image\":{\"@id\":\"https:\\\/\\\/www.eldigitaldeasturias.com\\\/noticias\\\/trump-ordena-el-envio-de-la-guardia-nacional-a-la-frontera-con-mexico\\\/#organizationLogo\"},\"sameAs\":[\"https:\\\/\\\/facebook.com\\\/eldigitaldeasturias\",\"https:\\\/\\\/www.youtube.com\\\/channel\\\/UCZP-2wLEB9Rv6erhFmqVnvg\"],\"address\":{\"@id\":\"https:\\\/\\\/www.eldigitaldeasturias.com\\\/noticias\\\/#postaladdress\",\"@type\":\"PostalAddress\",\"streetAddress\":\"san antonio 4\",\"postalCode\":\"33430\",\"addressLocality\":\"Cand\\u00e1s\",\"addressRegion\":\"Asturias\",\"addressCountry\":\"ES\"}},{\"@type\":\"Person\",\"@id\":\"https:\\\/\\\/www.eldigitaldeasturias.com\\\/noticias\\\/author\\\/admin\\\/#author\",\"url\":\"https:\\\/\\\/www.eldigitaldeasturias.com\\\/noticias\\\/author\\\/admin\\\/\",\"name\":\"El Digital de Asturias\",\"image\":{\"@type\":\"ImageObject\",\"@id\":\"https:\\\/\\\/www.eldigitaldeasturias.com\\\/noticias\\\/trump-ordena-el-envio-de-la-guardia-nacional-a-la-frontera-con-mexico\\\/#authorImage\",\"url\":\"https:\\\/\\\/secure.gravatar.com\\\/avatar\\\/df2aeffc32bcd13f8d26072ef8a91b623d677766deac7f97ca815868cd41bf5e?s=96&d=mm&r=g\",\"width\":96,\"height\":96,\"caption\":\"El Digital de Asturias\"}},{\"@type\":\"WebPage\",\"@id\":\"https:\\\/\\\/www.eldigitaldeasturias.com\\\/noticias\\\/trump-ordena-el-envio-de-la-guardia-nacional-a-la-frontera-con-mexico\\\/#webpage\",\"url\":\"https:\\\/\\\/www.eldigitaldeasturias.com\\\/noticias\\\/trump-ordena-el-envio-de-la-guardia-nacional-a-la-frontera-con-mexico\\\/\",\"name\":\"Trump ordena el env\\u00edo de la Guardia Nacional a la frontera con M\\u00e9xico - El Digital de Asturias\",\"description\":\"Washington, 4 abr (dpa) - El presidente de Estados Unidos, Donald Trump, dio hoy inicio a una militarizaci\\u00f3n en la frontera con M\\u00e9xico, donde en las pr\\u00f3ximas horas llegar\\u00e1n efectivos de la Guardia Nacional con la misi\\u00f3n de ayudar a frenar la entrada de inmigraci\\u00f3n ilegal mientras construye su famoso y pol\\u00e9mico muro. El mandatario,\",\"inLanguage\":\"es-ES\",\"isPartOf\":{\"@id\":\"https:\\\/\\\/www.eldigitaldeasturias.com\\\/noticias\\\/#website\"},\"breadcrumb\":{\"@id\":\"https:\\\/\\\/www.eldigitaldeasturias.com\\\/noticias\\\/trump-ordena-el-envio-de-la-guardia-nacional-a-la-frontera-con-mexico\\\/#breadcrumblist\"},\"author\":{\"@id\":\"https:\\\/\\\/www.eldigitaldeasturias.com\\\/noticias\\\/author\\\/admin\\\/#author\"},\"creator\":{\"@id\":\"https:\\\/\\\/www.eldigitaldeasturias.com\\\/noticias\\\/author\\\/admin\\\/#author\"},\"image\":{\"@type\":\"ImageObject\",\"url\":971766,\"@id\":\"https:\\\/\\\/www.eldigitaldeasturias.com\\\/noticias\\\/trump-ordena-el-envio-de-la-guardia-nacional-a-la-frontera-con-mexico\\\/#mainImage\"},\"primaryImageOfPage\":{\"@id\":\"https:\\\/\\\/www.eldigitaldeasturias.com\\\/noticias\\\/trump-ordena-el-envio-de-la-guardia-nacional-a-la-frontera-con-mexico\\\/#mainImage\"},\"datePublished\":\"2018-04-05T01:50:44+02:00\",\"dateModified\":\"2018-04-05T01:50:44+02:00\"},{\"@type\":\"WebSite\",\"@id\":\"https:\\\/\\\/www.eldigitaldeasturias.com\\\/noticias\\\/#website\",\"url\":\"https:\\\/\\\/www.eldigitaldeasturias.com\\\/noticias\\\/\",\"name\":\"El Digital de Asturias - Diario de actualidad y noticias\",\"alternateName\":\"El Digital de Asturias - Diario de actualidad y noticias\",\"description\":\"Hemeroteca\",\"inLanguage\":\"es-ES\",\"publisher\":{\"@id\":\"https:\\\/\\\/www.eldigitaldeasturias.com\\\/noticias\\\/#organization\"}}]}\n\t\t<\/script>\n\t\t<!-- All in One SEO Pro -->\r\n\t\t<title>Trump ordena el env\u00edo de la Guardia Nacional a la frontera con M\u00e9xico - El Digital de Asturias<\/title>\n\n","aioseo_head_json":{"title":"Trump ordena el env\u00edo de la Guardia Nacional a la frontera con M\u00e9xico - El Digital de Asturias","description":"Washington, 4 abr (dpa) - El presidente de Estados Unidos, Donald Trump, dio hoy inicio a una militarizaci\u00f3n en la frontera con M\u00e9xico, donde en las pr\u00f3ximas horas llegar\u00e1n efectivos de la Guardia Nacional con la misi\u00f3n de ayudar a frenar la entrada de inmigraci\u00f3n ilegal mientras construye su famoso y pol\u00e9mico muro. El mandatario,","canonical_url":"https:\/\/www.eldigitaldeasturias.com\/noticias\/trump-ordena-el-envio-de-la-guardia-nacional-a-la-frontera-con-mexico\/","robots":"max-image-preview:large","keywords":"actualidad","webmasterTools":{"google-site-verification":"UA-38556648-1","msvalidate.01":"7dfe9f3f1b24437ab69f4f2559babe99","miscellaneous":""},"schema":{"@context":"https:\/\/schema.org","@graph":[{"@type":"BlogPosting","@id":"https:\/\/www.eldigitaldeasturias.com\/noticias\/trump-ordena-el-envio-de-la-guardia-nacional-a-la-frontera-con-mexico\/#blogposting","name":"Trump ordena el env\u00edo de la Guardia Nacional a la frontera con M\u00e9xico - El Digital de Asturias","headline":"Trump ordena el env\u00edo de la Guardia Nacional a la frontera con M\u00e9xico","author":{"@id":"https:\/\/www.eldigitaldeasturias.com\/noticias\/author\/admin\/#author"},"publisher":{"@id":"https:\/\/www.eldigitaldeasturias.com\/noticias\/#organization"},"image":{"@type":"ImageObject","url":971766},"datePublished":"2018-04-05T01:50:44+02:00","dateModified":"2018-04-05T01:50:44+02:00","inLanguage":"es-ES","mainEntityOfPage":{"@id":"https:\/\/www.eldigitaldeasturias.com\/noticias\/trump-ordena-el-envio-de-la-guardia-nacional-a-la-frontera-con-mexico\/#webpage"},"isPartOf":{"@id":"https:\/\/www.eldigitaldeasturias.com\/noticias\/trump-ordena-el-envio-de-la-guardia-nacional-a-la-frontera-con-mexico\/#webpage"},"articleSection":"Actualidad"},{"@type":"BreadcrumbList","@id":"https:\/\/www.eldigitaldeasturias.com\/noticias\/trump-ordena-el-envio-de-la-guardia-nacional-a-la-frontera-con-mexico\/#breadcrumblist","itemListElement":[{"@type":"ListItem","@id":"https:\/\/www.eldigitaldeasturias.com\/noticias#listItem","position":1,"name":"Home","item":"https:\/\/www.eldigitaldeasturias.com\/noticias","nextItem":{"@type":"ListItem","@id":"https:\/\/www.eldigitaldeasturias.com\/noticias\/category\/actualidad\/#listItem","name":"Actualidad"}},{"@type":"ListItem","@id":"https:\/\/www.eldigitaldeasturias.com\/noticias\/category\/actualidad\/#listItem","position":2,"name":"Actualidad","item":"https:\/\/www.eldigitaldeasturias.com\/noticias\/category\/actualidad\/","nextItem":{"@type":"ListItem","@id":"https:\/\/www.eldigitaldeasturias.com\/noticias\/trump-ordena-el-envio-de-la-guardia-nacional-a-la-frontera-con-mexico\/#listItem","name":"Trump ordena el env\u00edo de la Guardia Nacional a la frontera con M\u00e9xico"},"previousItem":{"@type":"ListItem","@id":"https:\/\/www.eldigitaldeasturias.com\/noticias#listItem","name":"Home"}},{"@type":"ListItem","@id":"https:\/\/www.eldigitaldeasturias.com\/noticias\/trump-ordena-el-envio-de-la-guardia-nacional-a-la-frontera-con-mexico\/#listItem","position":3,"name":"Trump ordena el env\u00edo de la Guardia Nacional a la frontera con M\u00e9xico","previousItem":{"@type":"ListItem","@id":"https:\/\/www.eldigitaldeasturias.com\/noticias\/category\/actualidad\/#listItem","name":"Actualidad"}}]},{"@type":"Organization","@id":"https:\/\/www.eldigitaldeasturias.com\/noticias\/#organization","name":"El Digital de Asturias","description":"Hemeroteca","url":"https:\/\/www.eldigitaldeasturias.com\/noticias\/","email":"info@eldigitaldeasturias.com","telephone":"+34652131393","logo":{"@type":"ImageObject","url":"https:\/\/www.eldigitaldeasturias.com\/noticias\/wp-content\/uploads\/2020\/12\/EDA.jpg","@id":"https:\/\/www.eldigitaldeasturias.com\/noticias\/trump-ordena-el-envio-de-la-guardia-nacional-a-la-frontera-con-mexico\/#organizationLogo"},"image":{"@id":"https:\/\/www.eldigitaldeasturias.com\/noticias\/trump-ordena-el-envio-de-la-guardia-nacional-a-la-frontera-con-mexico\/#organizationLogo"},"sameAs":["https:\/\/facebook.com\/eldigitaldeasturias","https:\/\/www.youtube.com\/channel\/UCZP-2wLEB9Rv6erhFmqVnvg"],"address":{"@id":"https:\/\/www.eldigitaldeasturias.com\/noticias\/#postaladdress","@type":"PostalAddress","streetAddress":"san antonio 4","postalCode":"33430","addressLocality":"Cand\u00e1s","addressRegion":"Asturias","addressCountry":"ES"}},{"@type":"Person","@id":"https:\/\/www.eldigitaldeasturias.com\/noticias\/author\/admin\/#author","url":"https:\/\/www.eldigitaldeasturias.com\/noticias\/author\/admin\/","name":"El Digital de Asturias","image":{"@type":"ImageObject","@id":"https:\/\/www.eldigitaldeasturias.com\/noticias\/trump-ordena-el-envio-de-la-guardia-nacional-a-la-frontera-con-mexico\/#authorImage","url":"https:\/\/secure.gravatar.com\/avatar\/df2aeffc32bcd13f8d26072ef8a91b623d677766deac7f97ca815868cd41bf5e?s=96&d=mm&r=g","width":96,"height":96,"caption":"El Digital de Asturias"}},{"@type":"WebPage","@id":"https:\/\/www.eldigitaldeasturias.com\/noticias\/trump-ordena-el-envio-de-la-guardia-nacional-a-la-frontera-con-mexico\/#webpage","url":"https:\/\/www.eldigitaldeasturias.com\/noticias\/trump-ordena-el-envio-de-la-guardia-nacional-a-la-frontera-con-mexico\/","name":"Trump ordena el env\u00edo de la Guardia Nacional a la frontera con M\u00e9xico - El Digital de Asturias","description":"Washington, 4 abr (dpa) - El presidente de Estados Unidos, Donald Trump, dio hoy inicio a una militarizaci\u00f3n en la frontera con M\u00e9xico, donde en las pr\u00f3ximas horas llegar\u00e1n efectivos de la Guardia Nacional con la misi\u00f3n de ayudar a frenar la entrada de inmigraci\u00f3n ilegal mientras construye su famoso y pol\u00e9mico muro. El mandatario,","inLanguage":"es-ES","isPartOf":{"@id":"https:\/\/www.eldigitaldeasturias.com\/noticias\/#website"},"breadcrumb":{"@id":"https:\/\/www.eldigitaldeasturias.com\/noticias\/trump-ordena-el-envio-de-la-guardia-nacional-a-la-frontera-con-mexico\/#breadcrumblist"},"author":{"@id":"https:\/\/www.eldigitaldeasturias.com\/noticias\/author\/admin\/#author"},"creator":{"@id":"https:\/\/www.eldigitaldeasturias.com\/noticias\/author\/admin\/#author"},"image":{"@type":"ImageObject","url":971766,"@id":"https:\/\/www.eldigitaldeasturias.com\/noticias\/trump-ordena-el-envio-de-la-guardia-nacional-a-la-frontera-con-mexico\/#mainImage"},"primaryImageOfPage":{"@id":"https:\/\/www.eldigitaldeasturias.com\/noticias\/trump-ordena-el-envio-de-la-guardia-nacional-a-la-frontera-con-mexico\/#mainImage"},"datePublished":"2018-04-05T01:50:44+02:00","dateModified":"2018-04-05T01:50:44+02:00"},{"@type":"WebSite","@id":"https:\/\/www.eldigitaldeasturias.com\/noticias\/#website","url":"https:\/\/www.eldigitaldeasturias.com\/noticias\/","name":"El Digital de Asturias - Diario de actualidad y noticias","alternateName":"El Digital de Asturias - Diario de actualidad y noticias","description":"Hemeroteca","inLanguage":"es-ES","publisher":{"@id":"https:\/\/www.eldigitaldeasturias.com\/noticias\/#organization"}}]},"og:locale":"es_ES","og:site_name":"El Digital de Asturias","og:type":"article","og:title":"Trump ordena el env\u00edo de la Guardia Nacional a la frontera con M\u00e9xico - El Digital de Asturias","og:description":"Washington, 4 abr (dpa) - El presidente de Estados Unidos, Donald Trump, dio hoy inicio a una militarizaci\u00f3n en la frontera con M\u00e9xico, donde en las pr\u00f3ximas horas llegar\u00e1n efectivos de la Guardia Nacional con la misi\u00f3n de ayudar a frenar la entrada de inmigraci\u00f3n ilegal mientras construye su famoso y pol\u00e9mico muro. El mandatario,","og:url":"https:\/\/www.eldigitaldeasturias.com\/noticias\/trump-ordena-el-envio-de-la-guardia-nacional-a-la-frontera-con-mexico\/","article:tag":["actualidad"],"article:published_time":"2018-04-05T01:50:44+00:00","article:modified_time":"2018-04-05T01:50:44+00:00","article:publisher":"https:\/\/facebook.com\/eldigitaldeasturias","twitter:card":"summary_large_image","twitter:title":"Trump ordena el env\u00edo de la Guardia Nacional a la frontera con M\u00e9xico - El Digital de Asturias","twitter:description":"Washington, 4 abr (dpa) - El presidente de Estados Unidos, Donald Trump, dio hoy inicio a una militarizaci\u00f3n en la frontera con M\u00e9xico, donde en las pr\u00f3ximas horas llegar\u00e1n efectivos de la Guardia Nacional con la misi\u00f3n de ayudar a frenar la entrada de inmigraci\u00f3n ilegal mientras construye su famoso y pol\u00e9mico muro. El mandatario,","twitter:image":"https:\/\/www.eldigitaldeasturias.com\/noticias\/wp-content\/uploads\/2020\/12\/EDA-1.jpg","twitter:label1":"Escrito por","twitter:data1":"El Digital de Asturias","twitter:label2":"Tiempo de lectura estimado","twitter:data2":"4 minutos"},"aioseo_meta_data":{"post_id":"974775","title":null,"description":null,"keywords":null,"keyphrases":null,"primary_term":null,"canonical_url":null,"og_title":null,"og_description":null,"og_object_type":"default","og_image_type":"default","og_image_url":null,"og_image_width":null,"og_image_height":null,"og_image_custom_url":null,"og_image_custom_fields":null,"og_video":null,"og_custom_url":null,"og_article_section":null,"og_article_tags":null,"twitter_use_og":false,"twitter_card":"default","twitter_image_type":"default","twitter_image_url":null,"twitter_image_custom_url":null,"twitter_image_custom_fields":null,"twitter_title":null,"twitter_description":null,"schema":{"blockGraphs":[],"customGraphs":[],"default":{"data":{"Article":[],"Course":[],"Dataset":[],"FAQPage":[],"Movie":[],"Person":[],"Product":[],"ProductReview":[],"Car":[],"Recipe":[],"Service":[],"SoftwareApplication":[],"WebPage":[]},"graphName":"","isEnabled":true},"graphs":[],"defaultGraph":"","defaultPostTypeGraph":""},"schema_type":null,"schema_type_options":null,"pillar_content":false,"robots_default":true,"robots_noindex":false,"robots_noarchive":false,"robots_nosnippet":false,"robots_nofollow":false,"robots_noimageindex":false,"robots_noodp":false,"robots_notranslate":false,"robots_max_snippet":null,"robots_max_videopreview":null,"robots_max_imagepreview":"large","priority":null,"frequency":null,"local_seo":null,"seo_analyzer_scan_date":"2025-10-07 21:27:11","breadcrumb_settings":null,"limit_modified_date":false,"open_ai":null,"ai":null,"created":"2020-12-21 12:12:39","updated":"2025-10-07 21:27:11","focus_keyword":null,"additional_keywords":null,"truseo_locale":null},"aioseo_breadcrumb":"<div class=\"aioseo-breadcrumbs\"><span class=\"aioseo-breadcrumb\">\n\t<a href=\"https:\/\/www.eldigitaldeasturias.com\/noticias\" title=\"Home\">Home<\/a>\n<\/span><span class=\"aioseo-breadcrumb-separator\">\u2013<\/span><span class=\"aioseo-breadcrumb\">\n\t<a href=\"https:\/\/www.eldigitaldeasturias.com\/noticias\/category\/actualidad\/\" title=\"Actualidad\">Actualidad<\/a>\n<\/span><span class=\"aioseo-breadcrumb-separator\">\u2013<\/span><span class=\"aioseo-breadcrumb\">\n\t<a href=\"https:\/\/www.eldigitaldeasturias.com\/noticias\/trump-ordena-el-envio-de-la-guardia-nacional-a-la-frontera-con-mexico\/\" title=\"Trump ordena el env\u00edo de la Guardia Nacional a la frontera con M\u00e9xico\">Trump ordena el env\u00edo de la Guardia Nacional a la frontera con M\u00e9xico<\/a>\n<\/span><\/div>","aioseo_breadcrumb_json":[{"label":"Home","link":"https:\/\/www.eldigitaldeasturias.com\/noticias"},{"label":"Actualidad","link":"https:\/\/www.eldigitaldeasturias.com\/noticias\/category\/actualidad\/"},{"label":"Trump ordena el env\u00edo de la Guardia Nacional a la frontera con M\u00e9xico","link":"https:\/\/www.eldigitaldeasturias.com\/noticias\/trump-ordena-el-envio-de-la-guardia-nacional-a-la-frontera-con-mexico\/"}],"_links":{"self":[{"href":"https:\/\/www.eldigitaldeasturias.com\/noticias\/wp-json\/wp\/v2\/posts\/974775","targetHints":{"allow":["GET"]}}],"collection":[{"href":"https:\/\/www.eldigitaldeasturias.com\/noticias\/wp-json\/wp\/v2\/posts"}],"about":[{"href":"https:\/\/www.eldigitaldeasturias.com\/noticias\/wp-json\/wp\/v2\/types\/post"}],"author":[{"embeddable":true,"href":"https:\/\/www.eldigitaldeasturias.com\/noticias\/wp-json\/wp\/v2\/users\/1"}],"replies":[{"embeddable":true,"href":"https:\/\/www.eldigitaldeasturias.com\/noticias\/wp-json\/wp\/v2\/comments?post=974775"}],"version-history":[{"count":0,"href":"https:\/\/www.eldigitaldeasturias.com\/noticias\/wp-json\/wp\/v2\/posts\/974775\/revisions"}],"wp:attachment":[{"href":"https:\/\/www.eldigitaldeasturias.com\/noticias\/wp-json\/wp\/v2\/media?parent=974775"}],"wp:term":[{"taxonomy":"category","embeddable":true,"href":"https:\/\/www.eldigitaldeasturias.com\/noticias\/wp-json\/wp\/v2\/categories?post=974775"},{"taxonomy":"post_tag","embeddable":true,"href":"https:\/\/www.eldigitaldeasturias.com\/noticias\/wp-json\/wp\/v2\/tags?post=974775"}],"curies":[{"name":"wp","href":"https:\/\/api.w.org\/{rel}","templated":true}]}}