{"id":974669,"date":"2018-04-04T15:07:20","date_gmt":"2018-04-04T15:07:20","guid":{"rendered":"http:\/\/www.eldigitaldeasturias.com\/noticias\/?p=974669"},"modified":"2018-04-04T15:07:20","modified_gmt":"2018-04-04T15:07:20","slug":"pedro-sanchez-la-mentira-no-puede-presidir-la-comunidad-de-madrid","status":"publish","type":"post","link":"https:\/\/www.eldigitaldeasturias.com\/noticias\/pedro-sanchez-la-mentira-no-puede-presidir-la-comunidad-de-madrid\/","title":{"rendered":"Pedro S\u00e1nchez: \u201cLa mentira no puede presidir la Comunidad de Madrid\u201d"},"content":{"rendered":"<p><img loading=\"lazy\" decoding=\"async\" class=\"alignleft size-medium wp-image-793321\" src=\"https:\/\/www.eldigitaldeasturias.com\/noticias\/wp-content\/uploads\/2015\/07\/pedro-sanchez-360x240.jpg\" alt=\"\" width=\"360\" height=\"240\" \/>\u201cLa mentira no puede presidir la Comunidad de Madrid\u201d ha dicho esta ma\u00f1ana el secretario general del PSOE, Pedro S\u00e1nchez, en relaci\u00f3n a las informaciones que revelan evidentes irregularidades en la obtenci\u00f3n de un m\u00e1ster por parte de la presidenta de la Comunidad, Cristina Cifuentes.<\/p>\n<p>En una entrevista en Onda Cero Radio, S\u00e1nchez se ha referido al nuevo dato conocido hoy sobre la falsificaci\u00f3n en las firmas del acta que exhibi\u00f3 la presidenta de Madrid, y ha se\u00f1alado que \u201crefuerza la impresi\u00f3n de que Cifuentes no puede decir la verdad, porque si la dijera, tendr\u00eda que asumir en primera persona las responsabilidades pol\u00edticas. En todo caso, si no lo hace, el Partido Socialista tiene claro que la mentira no puede presidir la Comunidad de Madrid\u201d.<\/p>\n<p>Respecto a qu\u00e9 har\u00e1 su partido afirm\u00f3 que \u201cel PSOE, como alternativa que es en la Comunidad de Madrid, baraja todas las opciones, y sin duda tambi\u00e9n la moci\u00f3n de censura\u201d. \u201cCuanto m\u00e1s imposible parece el m\u00e1ster de Cifuentes, m\u00e1s posible es el que haya esa moci\u00f3n de censura\u201d, reconoci\u00f3.<\/p>\n<p>De cara al pleno que vivir\u00e1 la Asamblea de Madrid esta tarde, subray\u00f3 que \u201csi hoy Cifuentes da explicaciones contundentes, no hay caso; ahora si no las da, los partidos pol\u00edticos tendremos que asumir nuestra responsabilidad, y tambi\u00e9n el socio de gobierno de Cifuentes\u201d, Ciudadanos, con quien firm\u00f3 un acuerdo \u2013record\u00f3- que expresamente dice que no se aceptar\u00e1n falsedades en el curr\u00edculum acad\u00e9mico.<\/p>\n<p>Para Pedro S\u00e1nchez es necesario \u201cdevolver a Madrid a la normalidad y estabilidad institucional\u201d, as\u00ed como reconstruir \u201cel buen nombre de la presidencia, que est\u00e1 siendo da\u00f1ada\u201d por una Cristina Cifuentes \u201cque no est\u00e1 siendo ni coherente ni transparente, ni est\u00e1 dando la cara en algo que estamos viendo traspasa ya el territorio de las meras responsabilidades pol\u00edticas y puede entrar en el de las responsabilidades penales\u201d, en clara referencia a esa falsificaci\u00f3n que revela hoy El Confidencial.<\/p>\n<p><strong>PGE<\/strong><\/p>\n<p>Sobre los Presupuestos Generales del Estado, el l\u00edder socialista consider\u00f3 que el Gobierno del PP \u201chace aguas\u201d y \u201cest\u00e1 agotado\u201d, pues los ha presentado \u201ccon seis meses de retraso\u201d; y se trata adem\u00e1s de unos Presupuestos \u201cantisociales\u201d e \u201cideol\u00f3gicos\u201d.<\/p>\n<p>Respecto a \u201cla redistribuci\u00f3n, los gastos, tenemos muchas cosas que reprochar\u201d al Gobierno, ha dicho Pedro S\u00e1nchez, quien ha incidido en lo importante que es impulsar \u201cla tarea que tiene el sector p\u00fablico de contribuir a modernizar el aparato productivo en nuestro pa\u00eds\u201d; algo que en estas cuentas \u201cdeja mucho que desear\u201d. A ello se suma que \u201cen infraestructuras no se recuperan los niveles de inversi\u00f3n p\u00fablica pre-crisis, y en I+D+i o en Ciencia estamos a la cola de la Uni\u00f3n Europea\u201d.<\/p>\n<p>Apunt\u00f3 que, al igual que ocurri\u00f3 con el Gobierno de Felipe Gonz\u00e1lez en 1995, Rajoy puede ver que sus Presupuestos son rechazados por la C\u00e1mara. Entonces Gonz\u00e1lez convoc\u00f3 elecciones, y en este caso \u201cyo creo que como m\u00ednimo el presidente debe someterse a una cuesti\u00f3n de confianza, y si nos prospera, entiendo que nos tendremos que ver abocados a unas elecciones que planteen una mayor\u00eda parlamentaria distinta que saque adelante los Presupuestos. Espa\u00f1a necesita avanzar, lo que no puede sufrir es un gobierno instalado en la pr\u00f3rroga perpetua, que es precisamente en lo que est\u00e1 el se\u00f1or Rajoy\u201d, a\u00f1adi\u00f3.<\/p>\n","protected":false},"excerpt":{"rendered":"<p>\u201cLa mentira no puede presidir la Comunidad de Madrid\u201d ha dicho esta ma\u00f1ana el secretario general del PSOE, Pedro S\u00e1nchez, en relaci\u00f3n a las informaciones que revelan evidentes irregularidades en la obtenci\u00f3n de un m\u00e1ster por parte de la presidenta de la Comunidad, Cristina Cifuentes. En una entrevista en Onda Cero Radio, S\u00e1nchez se ha [&hellip;]<\/p>\n","protected":false},"author":1,"featured_media":793321,"comment_status":"closed","ping_status":"closed","sticky":false,"template":"","format":"standard","meta":{"footnotes":""},"categories":[1],"tags":[],"class_list":["post-974669","post","type-post","status-publish","format-standard","has-post-thumbnail","hentry","category-actualidad"],"aioseo_notices":[],"aioseo_head":"\n\t\t<!-- All in One SEO Pro 5.0.1 - aioseo.com -->\n\t<meta name=\"description\" content=\"\u201cLa mentira no puede presidir la Comunidad de Madrid\u201d ha dicho esta ma\u00f1ana el secretario general del PSOE, Pedro S\u00e1nchez, en relaci\u00f3n a las informaciones que revelan evidentes irregularidades en la obtenci\u00f3n de un m\u00e1ster por parte de la presidenta de la Comunidad, Cristina Cifuentes. En una entrevista en Onda Cero Radio, S\u00e1nchez se ha\" \/>\n\t<meta name=\"robots\" content=\"max-image-preview:large\" \/>\n\t<meta name=\"author\" content=\"El Digital de Asturias\"\/>\n\t<meta name=\"google-site-verification\" content=\"UA-38556648-1\" \/>\n\t<meta name=\"msvalidate.01\" content=\"7dfe9f3f1b24437ab69f4f2559babe99\" \/>\n\t<meta name=\"keywords\" content=\"actualidad\" \/>\n\t<link rel=\"canonical\" href=\"https:\/\/www.eldigitaldeasturias.com\/noticias\/pedro-sanchez-la-mentira-no-puede-presidir-la-comunidad-de-madrid\/\" \/>\n\t<meta name=\"generator\" content=\"All in One SEO Pro (AIOSEO) 5.0.1\" \/>\n\t\t<meta property=\"og:locale\" content=\"es_ES\" \/>\n\t\t<meta property=\"og:site_name\" content=\"El Digital de Asturias\" \/>\n\t\t<meta property=\"og:type\" content=\"article\" \/>\n\t\t<meta property=\"og:title\" content=\"Pedro S\u00e1nchez: \u201cLa mentira no puede presidir la Comunidad de Madrid\u201d - El Digital de Asturias\" \/>\n\t\t<meta property=\"og:description\" content=\"\u201cLa mentira no puede presidir la Comunidad de Madrid\u201d ha dicho esta ma\u00f1ana el secretario general del PSOE, Pedro S\u00e1nchez, en relaci\u00f3n a las informaciones que revelan evidentes irregularidades en la obtenci\u00f3n de un m\u00e1ster por parte de la presidenta de la Comunidad, Cristina Cifuentes. En una entrevista en Onda Cero Radio, S\u00e1nchez se ha\" \/>\n\t\t<meta property=\"og:url\" content=\"https:\/\/www.eldigitaldeasturias.com\/noticias\/pedro-sanchez-la-mentira-no-puede-presidir-la-comunidad-de-madrid\/\" \/>\n\t\t<meta property=\"article:tag\" content=\"actualidad\" \/>\n\t\t<meta property=\"article:published_time\" content=\"2018-04-04T15:07:20+00:00\" \/>\n\t\t<meta property=\"article:modified_time\" content=\"2018-04-04T15:07:20+00:00\" \/>\n\t\t<meta property=\"article:publisher\" content=\"https:\/\/facebook.com\/eldigitaldeasturias\" \/>\n\t\t<meta name=\"twitter:card\" content=\"summary_large_image\" \/>\n\t\t<meta name=\"twitter:title\" content=\"Pedro S\u00e1nchez: \u201cLa mentira no puede presidir la Comunidad de Madrid\u201d - El Digital de Asturias\" \/>\n\t\t<meta name=\"twitter:description\" content=\"\u201cLa mentira no puede presidir la Comunidad de Madrid\u201d ha dicho esta ma\u00f1ana el secretario general del PSOE, Pedro S\u00e1nchez, en relaci\u00f3n a las informaciones que revelan evidentes irregularidades en la obtenci\u00f3n de un m\u00e1ster por parte de la presidenta de la Comunidad, Cristina Cifuentes. En una entrevista en Onda Cero Radio, S\u00e1nchez se ha\" \/>\n\t\t<meta name=\"twitter:image\" content=\"https:\/\/www.eldigitaldeasturias.com\/noticias\/wp-content\/uploads\/2020\/12\/EDA-1.jpg\" \/>\n\t\t<meta name=\"twitter:label1\" content=\"Escrito por\" \/>\n\t\t<meta name=\"twitter:data1\" content=\"El Digital de Asturias\" \/>\n\t\t<meta name=\"twitter:label2\" content=\"Tiempo de lectura estimado\" \/>\n\t\t<meta name=\"twitter:data2\" content=\"3 minutos\" \/>\n\t\t<script type=\"application\/ld+json\" class=\"aioseo-schema\">\n\t\t\t{\"@context\":\"https:\\\/\\\/schema.org\",\"@graph\":[{\"@type\":\"BlogPosting\",\"@id\":\"https:\\\/\\\/www.eldigitaldeasturias.com\\\/noticias\\\/pedro-sanchez-la-mentira-no-puede-presidir-la-comunidad-de-madrid\\\/#blogposting\",\"name\":\"Pedro S\\u00e1nchez: \\u201cLa mentira no puede presidir la Comunidad de Madrid\\u201d - El Digital de Asturias\",\"headline\":\"Pedro S\\u00e1nchez: \\u201cLa mentira no puede presidir la Comunidad de Madrid\\u201d\",\"author\":{\"@id\":\"https:\\\/\\\/www.eldigitaldeasturias.com\\\/noticias\\\/author\\\/admin\\\/#author\"},\"publisher\":{\"@id\":\"https:\\\/\\\/www.eldigitaldeasturias.com\\\/noticias\\\/#organization\"},\"image\":{\"@type\":\"ImageObject\",\"url\":793321},\"datePublished\":\"2018-04-04T15:07:20+02:00\",\"dateModified\":\"2018-04-04T15:07:20+02:00\",\"inLanguage\":\"es-ES\",\"mainEntityOfPage\":{\"@id\":\"https:\\\/\\\/www.eldigitaldeasturias.com\\\/noticias\\\/pedro-sanchez-la-mentira-no-puede-presidir-la-comunidad-de-madrid\\\/#webpage\"},\"isPartOf\":{\"@id\":\"https:\\\/\\\/www.eldigitaldeasturias.com\\\/noticias\\\/pedro-sanchez-la-mentira-no-puede-presidir-la-comunidad-de-madrid\\\/#webpage\"},\"articleSection\":\"Actualidad\"},{\"@type\":\"BreadcrumbList\",\"@id\":\"https:\\\/\\\/www.eldigitaldeasturias.com\\\/noticias\\\/pedro-sanchez-la-mentira-no-puede-presidir-la-comunidad-de-madrid\\\/#breadcrumblist\",\"itemListElement\":[{\"@type\":\"ListItem\",\"@id\":\"https:\\\/\\\/www.eldigitaldeasturias.com\\\/noticias#listItem\",\"position\":1,\"name\":\"Home\",\"item\":\"https:\\\/\\\/www.eldigitaldeasturias.com\\\/noticias\",\"nextItem\":{\"@type\":\"ListItem\",\"@id\":\"https:\\\/\\\/www.eldigitaldeasturias.com\\\/noticias\\\/category\\\/actualidad\\\/#listItem\",\"name\":\"Actualidad\"}},{\"@type\":\"ListItem\",\"@id\":\"https:\\\/\\\/www.eldigitaldeasturias.com\\\/noticias\\\/category\\\/actualidad\\\/#listItem\",\"position\":2,\"name\":\"Actualidad\",\"item\":\"https:\\\/\\\/www.eldigitaldeasturias.com\\\/noticias\\\/category\\\/actualidad\\\/\",\"nextItem\":{\"@type\":\"ListItem\",\"@id\":\"https:\\\/\\\/www.eldigitaldeasturias.com\\\/noticias\\\/pedro-sanchez-la-mentira-no-puede-presidir-la-comunidad-de-madrid\\\/#listItem\",\"name\":\"Pedro S\\u00e1nchez: \\u201cLa mentira no puede presidir la Comunidad de Madrid\\u201d\"},\"previousItem\":{\"@type\":\"ListItem\",\"@id\":\"https:\\\/\\\/www.eldigitaldeasturias.com\\\/noticias#listItem\",\"name\":\"Home\"}},{\"@type\":\"ListItem\",\"@id\":\"https:\\\/\\\/www.eldigitaldeasturias.com\\\/noticias\\\/pedro-sanchez-la-mentira-no-puede-presidir-la-comunidad-de-madrid\\\/#listItem\",\"position\":3,\"name\":\"Pedro S\\u00e1nchez: \\u201cLa mentira no puede presidir la Comunidad de Madrid\\u201d\",\"previousItem\":{\"@type\":\"ListItem\",\"@id\":\"https:\\\/\\\/www.eldigitaldeasturias.com\\\/noticias\\\/category\\\/actualidad\\\/#listItem\",\"name\":\"Actualidad\"}}]},{\"@type\":\"Organization\",\"@id\":\"https:\\\/\\\/www.eldigitaldeasturias.com\\\/noticias\\\/#organization\",\"name\":\"El Digital de Asturias\",\"description\":\"Hemeroteca\",\"url\":\"https:\\\/\\\/www.eldigitaldeasturias.com\\\/noticias\\\/\",\"email\":\"info@eldigitaldeasturias.com\",\"telephone\":\"+34652131393\",\"logo\":{\"@type\":\"ImageObject\",\"url\":\"https:\\\/\\\/www.eldigitaldeasturias.com\\\/noticias\\\/wp-content\\\/uploads\\\/2020\\\/12\\\/EDA.jpg\",\"@id\":\"https:\\\/\\\/www.eldigitaldeasturias.com\\\/noticias\\\/pedro-sanchez-la-mentira-no-puede-presidir-la-comunidad-de-madrid\\\/#organizationLogo\"},\"image\":{\"@id\":\"https:\\\/\\\/www.eldigitaldeasturias.com\\\/noticias\\\/pedro-sanchez-la-mentira-no-puede-presidir-la-comunidad-de-madrid\\\/#organizationLogo\"},\"sameAs\":[\"https:\\\/\\\/facebook.com\\\/eldigitaldeasturias\",\"https:\\\/\\\/www.youtube.com\\\/channel\\\/UCZP-2wLEB9Rv6erhFmqVnvg\"],\"address\":{\"@id\":\"https:\\\/\\\/www.eldigitaldeasturias.com\\\/noticias\\\/#postaladdress\",\"@type\":\"PostalAddress\",\"streetAddress\":\"san antonio 4\",\"postalCode\":\"33430\",\"addressLocality\":\"Cand\\u00e1s\",\"addressRegion\":\"Asturias\",\"addressCountry\":\"ES\"}},{\"@type\":\"Person\",\"@id\":\"https:\\\/\\\/www.eldigitaldeasturias.com\\\/noticias\\\/author\\\/admin\\\/#author\",\"url\":\"https:\\\/\\\/www.eldigitaldeasturias.com\\\/noticias\\\/author\\\/admin\\\/\",\"name\":\"El Digital de Asturias\",\"image\":{\"@type\":\"ImageObject\",\"@id\":\"https:\\\/\\\/www.eldigitaldeasturias.com\\\/noticias\\\/pedro-sanchez-la-mentira-no-puede-presidir-la-comunidad-de-madrid\\\/#authorImage\",\"url\":\"https:\\\/\\\/secure.gravatar.com\\\/avatar\\\/df2aeffc32bcd13f8d26072ef8a91b623d677766deac7f97ca815868cd41bf5e?s=96&d=mm&r=g\",\"width\":96,\"height\":96,\"caption\":\"El Digital de Asturias\"}},{\"@type\":\"WebPage\",\"@id\":\"https:\\\/\\\/www.eldigitaldeasturias.com\\\/noticias\\\/pedro-sanchez-la-mentira-no-puede-presidir-la-comunidad-de-madrid\\\/#webpage\",\"url\":\"https:\\\/\\\/www.eldigitaldeasturias.com\\\/noticias\\\/pedro-sanchez-la-mentira-no-puede-presidir-la-comunidad-de-madrid\\\/\",\"name\":\"Pedro S\\u00e1nchez: \\u201cLa mentira no puede presidir la Comunidad de Madrid\\u201d - El Digital de Asturias\",\"description\":\"\\u201cLa mentira no puede presidir la Comunidad de Madrid\\u201d ha dicho esta ma\\u00f1ana el secretario general del PSOE, Pedro S\\u00e1nchez, en relaci\\u00f3n a las informaciones que revelan evidentes irregularidades en la obtenci\\u00f3n de un m\\u00e1ster por parte de la presidenta de la Comunidad, Cristina Cifuentes. En una entrevista en Onda Cero Radio, S\\u00e1nchez se ha\",\"inLanguage\":\"es-ES\",\"isPartOf\":{\"@id\":\"https:\\\/\\\/www.eldigitaldeasturias.com\\\/noticias\\\/#website\"},\"breadcrumb\":{\"@id\":\"https:\\\/\\\/www.eldigitaldeasturias.com\\\/noticias\\\/pedro-sanchez-la-mentira-no-puede-presidir-la-comunidad-de-madrid\\\/#breadcrumblist\"},\"author\":{\"@id\":\"https:\\\/\\\/www.eldigitaldeasturias.com\\\/noticias\\\/author\\\/admin\\\/#author\"},\"creator\":{\"@id\":\"https:\\\/\\\/www.eldigitaldeasturias.com\\\/noticias\\\/author\\\/admin\\\/#author\"},\"image\":{\"@type\":\"ImageObject\",\"url\":793321,\"@id\":\"https:\\\/\\\/www.eldigitaldeasturias.com\\\/noticias\\\/pedro-sanchez-la-mentira-no-puede-presidir-la-comunidad-de-madrid\\\/#mainImage\"},\"primaryImageOfPage\":{\"@id\":\"https:\\\/\\\/www.eldigitaldeasturias.com\\\/noticias\\\/pedro-sanchez-la-mentira-no-puede-presidir-la-comunidad-de-madrid\\\/#mainImage\"},\"datePublished\":\"2018-04-04T15:07:20+02:00\",\"dateModified\":\"2018-04-04T15:07:20+02:00\"},{\"@type\":\"WebSite\",\"@id\":\"https:\\\/\\\/www.eldigitaldeasturias.com\\\/noticias\\\/#website\",\"url\":\"https:\\\/\\\/www.eldigitaldeasturias.com\\\/noticias\\\/\",\"name\":\"El Digital de Asturias - Diario de actualidad y noticias\",\"alternateName\":\"El Digital de Asturias - Diario de actualidad y noticias\",\"description\":\"Hemeroteca\",\"inLanguage\":\"es-ES\",\"publisher\":{\"@id\":\"https:\\\/\\\/www.eldigitaldeasturias.com\\\/noticias\\\/#organization\"}}]}\n\t\t<\/script>\n\t\t<!-- All in One SEO Pro -->\r\n\t\t<title>Pedro S\u00e1nchez: \u201cLa mentira no puede presidir la Comunidad de Madrid\u201d - El Digital de Asturias<\/title>\n\n","aioseo_head_json":{"title":"Pedro S\u00e1nchez: \u201cLa mentira no puede presidir la Comunidad de Madrid\u201d - El Digital de Asturias","description":"\u201cLa mentira no puede presidir la Comunidad de Madrid\u201d ha dicho esta ma\u00f1ana el secretario general del PSOE, Pedro S\u00e1nchez, en relaci\u00f3n a las informaciones que revelan evidentes irregularidades en la obtenci\u00f3n de un m\u00e1ster por parte de la presidenta de la Comunidad, Cristina Cifuentes. En una entrevista en Onda Cero Radio, S\u00e1nchez se ha","canonical_url":"https:\/\/www.eldigitaldeasturias.com\/noticias\/pedro-sanchez-la-mentira-no-puede-presidir-la-comunidad-de-madrid\/","robots":"max-image-preview:large","keywords":"actualidad","webmasterTools":{"google-site-verification":"UA-38556648-1","msvalidate.01":"7dfe9f3f1b24437ab69f4f2559babe99","miscellaneous":""},"schema":{"@context":"https:\/\/schema.org","@graph":[{"@type":"BlogPosting","@id":"https:\/\/www.eldigitaldeasturias.com\/noticias\/pedro-sanchez-la-mentira-no-puede-presidir-la-comunidad-de-madrid\/#blogposting","name":"Pedro S\u00e1nchez: \u201cLa mentira no puede presidir la Comunidad de Madrid\u201d - El Digital de Asturias","headline":"Pedro S\u00e1nchez: \u201cLa mentira no puede presidir la Comunidad de Madrid\u201d","author":{"@id":"https:\/\/www.eldigitaldeasturias.com\/noticias\/author\/admin\/#author"},"publisher":{"@id":"https:\/\/www.eldigitaldeasturias.com\/noticias\/#organization"},"image":{"@type":"ImageObject","url":793321},"datePublished":"2018-04-04T15:07:20+02:00","dateModified":"2018-04-04T15:07:20+02:00","inLanguage":"es-ES","mainEntityOfPage":{"@id":"https:\/\/www.eldigitaldeasturias.com\/noticias\/pedro-sanchez-la-mentira-no-puede-presidir-la-comunidad-de-madrid\/#webpage"},"isPartOf":{"@id":"https:\/\/www.eldigitaldeasturias.com\/noticias\/pedro-sanchez-la-mentira-no-puede-presidir-la-comunidad-de-madrid\/#webpage"},"articleSection":"Actualidad"},{"@type":"BreadcrumbList","@id":"https:\/\/www.eldigitaldeasturias.com\/noticias\/pedro-sanchez-la-mentira-no-puede-presidir-la-comunidad-de-madrid\/#breadcrumblist","itemListElement":[{"@type":"ListItem","@id":"https:\/\/www.eldigitaldeasturias.com\/noticias#listItem","position":1,"name":"Home","item":"https:\/\/www.eldigitaldeasturias.com\/noticias","nextItem":{"@type":"ListItem","@id":"https:\/\/www.eldigitaldeasturias.com\/noticias\/category\/actualidad\/#listItem","name":"Actualidad"}},{"@type":"ListItem","@id":"https:\/\/www.eldigitaldeasturias.com\/noticias\/category\/actualidad\/#listItem","position":2,"name":"Actualidad","item":"https:\/\/www.eldigitaldeasturias.com\/noticias\/category\/actualidad\/","nextItem":{"@type":"ListItem","@id":"https:\/\/www.eldigitaldeasturias.com\/noticias\/pedro-sanchez-la-mentira-no-puede-presidir-la-comunidad-de-madrid\/#listItem","name":"Pedro S\u00e1nchez: \u201cLa mentira no puede presidir la Comunidad de Madrid\u201d"},"previousItem":{"@type":"ListItem","@id":"https:\/\/www.eldigitaldeasturias.com\/noticias#listItem","name":"Home"}},{"@type":"ListItem","@id":"https:\/\/www.eldigitaldeasturias.com\/noticias\/pedro-sanchez-la-mentira-no-puede-presidir-la-comunidad-de-madrid\/#listItem","position":3,"name":"Pedro S\u00e1nchez: \u201cLa mentira no puede presidir la Comunidad de Madrid\u201d","previousItem":{"@type":"ListItem","@id":"https:\/\/www.eldigitaldeasturias.com\/noticias\/category\/actualidad\/#listItem","name":"Actualidad"}}]},{"@type":"Organization","@id":"https:\/\/www.eldigitaldeasturias.com\/noticias\/#organization","name":"El Digital de Asturias","description":"Hemeroteca","url":"https:\/\/www.eldigitaldeasturias.com\/noticias\/","email":"info@eldigitaldeasturias.com","telephone":"+34652131393","logo":{"@type":"ImageObject","url":"https:\/\/www.eldigitaldeasturias.com\/noticias\/wp-content\/uploads\/2020\/12\/EDA.jpg","@id":"https:\/\/www.eldigitaldeasturias.com\/noticias\/pedro-sanchez-la-mentira-no-puede-presidir-la-comunidad-de-madrid\/#organizationLogo"},"image":{"@id":"https:\/\/www.eldigitaldeasturias.com\/noticias\/pedro-sanchez-la-mentira-no-puede-presidir-la-comunidad-de-madrid\/#organizationLogo"},"sameAs":["https:\/\/facebook.com\/eldigitaldeasturias","https:\/\/www.youtube.com\/channel\/UCZP-2wLEB9Rv6erhFmqVnvg"],"address":{"@id":"https:\/\/www.eldigitaldeasturias.com\/noticias\/#postaladdress","@type":"PostalAddress","streetAddress":"san antonio 4","postalCode":"33430","addressLocality":"Cand\u00e1s","addressRegion":"Asturias","addressCountry":"ES"}},{"@type":"Person","@id":"https:\/\/www.eldigitaldeasturias.com\/noticias\/author\/admin\/#author","url":"https:\/\/www.eldigitaldeasturias.com\/noticias\/author\/admin\/","name":"El Digital de Asturias","image":{"@type":"ImageObject","@id":"https:\/\/www.eldigitaldeasturias.com\/noticias\/pedro-sanchez-la-mentira-no-puede-presidir-la-comunidad-de-madrid\/#authorImage","url":"https:\/\/secure.gravatar.com\/avatar\/df2aeffc32bcd13f8d26072ef8a91b623d677766deac7f97ca815868cd41bf5e?s=96&d=mm&r=g","width":96,"height":96,"caption":"El Digital de Asturias"}},{"@type":"WebPage","@id":"https:\/\/www.eldigitaldeasturias.com\/noticias\/pedro-sanchez-la-mentira-no-puede-presidir-la-comunidad-de-madrid\/#webpage","url":"https:\/\/www.eldigitaldeasturias.com\/noticias\/pedro-sanchez-la-mentira-no-puede-presidir-la-comunidad-de-madrid\/","name":"Pedro S\u00e1nchez: \u201cLa mentira no puede presidir la Comunidad de Madrid\u201d - El Digital de Asturias","description":"\u201cLa mentira no puede presidir la Comunidad de Madrid\u201d ha dicho esta ma\u00f1ana el secretario general del PSOE, Pedro S\u00e1nchez, en relaci\u00f3n a las informaciones que revelan evidentes irregularidades en la obtenci\u00f3n de un m\u00e1ster por parte de la presidenta de la Comunidad, Cristina Cifuentes. En una entrevista en Onda Cero Radio, S\u00e1nchez se ha","inLanguage":"es-ES","isPartOf":{"@id":"https:\/\/www.eldigitaldeasturias.com\/noticias\/#website"},"breadcrumb":{"@id":"https:\/\/www.eldigitaldeasturias.com\/noticias\/pedro-sanchez-la-mentira-no-puede-presidir-la-comunidad-de-madrid\/#breadcrumblist"},"author":{"@id":"https:\/\/www.eldigitaldeasturias.com\/noticias\/author\/admin\/#author"},"creator":{"@id":"https:\/\/www.eldigitaldeasturias.com\/noticias\/author\/admin\/#author"},"image":{"@type":"ImageObject","url":793321,"@id":"https:\/\/www.eldigitaldeasturias.com\/noticias\/pedro-sanchez-la-mentira-no-puede-presidir-la-comunidad-de-madrid\/#mainImage"},"primaryImageOfPage":{"@id":"https:\/\/www.eldigitaldeasturias.com\/noticias\/pedro-sanchez-la-mentira-no-puede-presidir-la-comunidad-de-madrid\/#mainImage"},"datePublished":"2018-04-04T15:07:20+02:00","dateModified":"2018-04-04T15:07:20+02:00"},{"@type":"WebSite","@id":"https:\/\/www.eldigitaldeasturias.com\/noticias\/#website","url":"https:\/\/www.eldigitaldeasturias.com\/noticias\/","name":"El Digital de Asturias - Diario de actualidad y noticias","alternateName":"El Digital de Asturias - Diario de actualidad y noticias","description":"Hemeroteca","inLanguage":"es-ES","publisher":{"@id":"https:\/\/www.eldigitaldeasturias.com\/noticias\/#organization"}}]},"og:locale":"es_ES","og:site_name":"El Digital de Asturias","og:type":"article","og:title":"Pedro S\u00e1nchez: \u201cLa mentira no puede presidir la Comunidad de Madrid\u201d - El Digital de Asturias","og:description":"\u201cLa mentira no puede presidir la Comunidad de Madrid\u201d ha dicho esta ma\u00f1ana el secretario general del PSOE, Pedro S\u00e1nchez, en relaci\u00f3n a las informaciones que revelan evidentes irregularidades en la obtenci\u00f3n de un m\u00e1ster por parte de la presidenta de la Comunidad, Cristina Cifuentes. En una entrevista en Onda Cero Radio, S\u00e1nchez se ha","og:url":"https:\/\/www.eldigitaldeasturias.com\/noticias\/pedro-sanchez-la-mentira-no-puede-presidir-la-comunidad-de-madrid\/","article:tag":["actualidad"],"article:published_time":"2018-04-04T15:07:20+00:00","article:modified_time":"2018-04-04T15:07:20+00:00","article:publisher":"https:\/\/facebook.com\/eldigitaldeasturias","twitter:card":"summary_large_image","twitter:title":"Pedro S\u00e1nchez: \u201cLa mentira no puede presidir la Comunidad de Madrid\u201d - El Digital de Asturias","twitter:description":"\u201cLa mentira no puede presidir la Comunidad de Madrid\u201d ha dicho esta ma\u00f1ana el secretario general del PSOE, Pedro S\u00e1nchez, en relaci\u00f3n a las informaciones que revelan evidentes irregularidades en la obtenci\u00f3n de un m\u00e1ster por parte de la presidenta de la Comunidad, Cristina Cifuentes. En una entrevista en Onda Cero Radio, S\u00e1nchez se ha","twitter:image":"https:\/\/www.eldigitaldeasturias.com\/noticias\/wp-content\/uploads\/2020\/12\/EDA-1.jpg","twitter:label1":"Escrito por","twitter:data1":"El Digital de Asturias","twitter:label2":"Tiempo de lectura estimado","twitter:data2":"3 minutos"},"aioseo_meta_data":{"post_id":"974669","title":null,"description":null,"keywords":null,"keyphrases":null,"primary_term":null,"canonical_url":null,"og_title":null,"og_description":null,"og_object_type":"default","og_image_type":"default","og_image_url":null,"og_image_width":null,"og_image_height":null,"og_image_custom_url":null,"og_image_custom_fields":null,"og_video":null,"og_custom_url":null,"og_article_section":null,"og_article_tags":null,"twitter_use_og":false,"twitter_card":"default","twitter_image_type":"default","twitter_image_url":null,"twitter_image_custom_url":null,"twitter_image_custom_fields":null,"twitter_title":null,"twitter_description":null,"schema":{"blockGraphs":[],"customGraphs":[],"default":{"data":{"Article":[],"Course":[],"Dataset":[],"FAQPage":[],"Movie":[],"Person":[],"Product":[],"ProductReview":[],"Car":[],"Recipe":[],"Service":[],"SoftwareApplication":[],"WebPage":[]},"graphName":"","isEnabled":true},"graphs":[],"defaultGraph":"","defaultPostTypeGraph":""},"schema_type":null,"schema_type_options":null,"pillar_content":false,"robots_default":true,"robots_noindex":false,"robots_noarchive":false,"robots_nosnippet":false,"robots_nofollow":false,"robots_noimageindex":false,"robots_noodp":false,"robots_notranslate":false,"robots_max_snippet":null,"robots_max_videopreview":null,"robots_max_imagepreview":"large","priority":null,"frequency":null,"local_seo":null,"seo_analyzer_scan_date":"2025-10-07 21:04:02","breadcrumb_settings":null,"limit_modified_date":false,"open_ai":null,"ai":null,"created":"2020-12-21 12:12:39","updated":"2025-10-07 21:04:02","focus_keyword":null,"additional_keywords":null,"truseo_locale":null},"aioseo_breadcrumb":"<div class=\"aioseo-breadcrumbs\"><span class=\"aioseo-breadcrumb\">\n\t<a href=\"https:\/\/www.eldigitaldeasturias.com\/noticias\" title=\"Home\">Home<\/a>\n<\/span><span class=\"aioseo-breadcrumb-separator\">\u2013<\/span><span class=\"aioseo-breadcrumb\">\n\t<a href=\"https:\/\/www.eldigitaldeasturias.com\/noticias\/category\/actualidad\/\" title=\"Actualidad\">Actualidad<\/a>\n<\/span><span class=\"aioseo-breadcrumb-separator\">\u2013<\/span><span class=\"aioseo-breadcrumb\">\n\t<a href=\"https:\/\/www.eldigitaldeasturias.com\/noticias\/pedro-sanchez-la-mentira-no-puede-presidir-la-comunidad-de-madrid\/\" title=\"Pedro S\u00e1nchez: \u201cLa mentira no puede presidir la Comunidad de Madrid\u201d\">Pedro S\u00e1nchez: \u201cLa mentira no puede presidir la Comunidad de Madrid\u201d<\/a>\n<\/span><\/div>","aioseo_breadcrumb_json":[{"label":"Home","link":"https:\/\/www.eldigitaldeasturias.com\/noticias"},{"label":"Actualidad","link":"https:\/\/www.eldigitaldeasturias.com\/noticias\/category\/actualidad\/"},{"label":"Pedro S\u00e1nchez: \u201cLa mentira no puede presidir la Comunidad de Madrid\u201d","link":"https:\/\/www.eldigitaldeasturias.com\/noticias\/pedro-sanchez-la-mentira-no-puede-presidir-la-comunidad-de-madrid\/"}],"_links":{"self":[{"href":"https:\/\/www.eldigitaldeasturias.com\/noticias\/wp-json\/wp\/v2\/posts\/974669","targetHints":{"allow":["GET"]}}],"collection":[{"href":"https:\/\/www.eldigitaldeasturias.com\/noticias\/wp-json\/wp\/v2\/posts"}],"about":[{"href":"https:\/\/www.eldigitaldeasturias.com\/noticias\/wp-json\/wp\/v2\/types\/post"}],"author":[{"embeddable":true,"href":"https:\/\/www.eldigitaldeasturias.com\/noticias\/wp-json\/wp\/v2\/users\/1"}],"replies":[{"embeddable":true,"href":"https:\/\/www.eldigitaldeasturias.com\/noticias\/wp-json\/wp\/v2\/comments?post=974669"}],"version-history":[{"count":0,"href":"https:\/\/www.eldigitaldeasturias.com\/noticias\/wp-json\/wp\/v2\/posts\/974669\/revisions"}],"wp:attachment":[{"href":"https:\/\/www.eldigitaldeasturias.com\/noticias\/wp-json\/wp\/v2\/media?parent=974669"}],"wp:term":[{"taxonomy":"category","embeddable":true,"href":"https:\/\/www.eldigitaldeasturias.com\/noticias\/wp-json\/wp\/v2\/categories?post=974669"},{"taxonomy":"post_tag","embeddable":true,"href":"https:\/\/www.eldigitaldeasturias.com\/noticias\/wp-json\/wp\/v2\/tags?post=974669"}],"curies":[{"name":"wp","href":"https:\/\/api.w.org\/{rel}","templated":true}]}}