{"id":974638,"date":"2018-04-04T06:06:46","date_gmt":"2018-04-04T06:06:46","guid":{"rendered":"http:\/\/www.eldigitaldeasturias.com\/noticias\/?p=974638"},"modified":"2018-04-04T06:06:46","modified_gmt":"2018-04-04T06:06:46","slug":"protestas-en-todo-brasil-horas-antes-del-juicio-de-lula","status":"publish","type":"post","link":"https:\/\/www.eldigitaldeasturias.com\/noticias\/protestas-en-todo-brasil-horas-antes-del-juicio-de-lula\/","title":{"rendered":"Protestas en todo Brasil horas antes del juicio de Lula"},"content":{"rendered":"<p><img loading=\"lazy\" decoding=\"async\" class=\"alignleft size-medium wp-image-868078\" src=\"https:\/\/www.eldigitaldeasturias.com\/noticias\/wp-content\/uploads\/2016\/03\/fotonoticia_20160321102713_800-360x240.jpg\" alt=\"\" width=\"360\" height=\"240\" \/>R\u00edo de Janeiro, 3 abr (dpa) &#8211; Cientos de personas salieron a protestar hoy por todo Brasil a favor y en contra del ex presidente Luiz In\u00e1cio Lula da Silva, horas antes de un juicio que podr\u00eda enviar en breve a la c\u00e1rcel al ex mandatario por una condena de corrupci\u00f3n.<\/p>\n<p>Las protestas tuvieron lugar en 23 estados del pa\u00eds, entre ellos en las metr\u00f3polis R\u00edo de Janeiro y Sao Paulo, as\u00ed como en la capital, Brasilia, seg\u00fan el portal \u00abGlobo\u00bb.<\/p>\n<p>El inminente juicio en el que Supremo Tribunal Federal (STF) podr\u00eda abrir la puerta a que Lula sea encarcelado agit\u00f3 al gigante sudamericano en las \u00faltimas horas, que sigue desde hace meses el drama judicial en torno al popular ex jefe de Estado de 72 a\u00f1os.<\/p>\n<p>Lula fue condenado en enero en segunda instancia a m\u00e1s de 12 a\u00f1os de c\u00e1rcel por el caso \u00abLava Jato\u00bb (\u00abLavado de autos\u00bb). Su defensa present\u00f3 hace algunas semanas ante el Supremo un recurso urgente de \u00abhabeas corpus\u00bb para solicitar que se aplace una posible orden de arresto hasta que las apelaciones del caso sean cerradas en todas las instancias judiciales posibles en los pr\u00f3ximos meses.<\/p>\n<p>Si el STF rechaza el mi\u00e9rcoles el \u00abhabeas corpus\u00bb, la Justicia podr\u00eda ordenar en los pr\u00f3ximos d\u00edas la entrada en prisi\u00f3n de Lula, presidente entre 2003 y 2010 e \u00edcono de la izquierda latinoamericana.<\/p>\n<p>La agitaci\u00f3n reaviv\u00f3 tambi\u00e9n los temores a una intervenci\u00f3n de los militares. El comandante del Ej\u00e9rcito brasile\u00f1o, Eduardo Villas Boas, caus\u00f3 revuelo al pronunciarse en la noche del martes contra \u00abla impunidad\u00bb.<\/p>\n<p>\u00abAseguro a la naci\u00f3n que el Ej\u00e9rcito brasile\u00f1o comparte el anhelo de todos los ciudadanos de bien de repudio a la impunidad y de respeto a la Constituci\u00f3n, la paz social y la democracia, as\u00ed como se mantiene atento a sus misiones institucionales\u00bb, escribi\u00f3 Villas Boas en la red social Twitter.<\/p>\n<p>La grave crisis institucional que vive Brasil desde hace a\u00f1os debido a los esc\u00e1ndalos de corrupci\u00f3n pol\u00edtica de \u00abLava Jato\u00bb ha conducido tambi\u00e9n a que algunos sectores de la sociedad brasile\u00f1a aboguen abiertamente por una intervenci\u00f3n militar.<\/p>\n<p>En algunas manifestaciones contra la corrupci\u00f3n se han visto carteles que piden abiertamente una dictadura militar como la que gobern\u00f3 al gigante sudamericano entre 1964 y 1985.<\/p>\n<p>Villas Boas gener\u00f3 ya en el pasado revuelo con declaraciones sobre pol\u00edtica criticando que el pa\u00eds se encuentre \u00aba la deriva\u00bb.<\/p>\n<p>Otro alto cargo militar, el general de reserva Luiz Gonzaga Schroeder Lessa, sugiri\u00f3 incluso directamente un golpe militar en caso de que el Supremo favorezca a Lula el mi\u00e9rcoles.<\/p>\n<p>\u00abSi hay tantas zancadillas y cambios de ley, no tengo duda de que s\u00f3lo resta la reacci\u00f3n armada\u00bb, dijo Gonzaga Schroeder a la edici\u00f3n del martes del diario \u00abEstado de Sao Paulo\u00bb.<\/p>\n","protected":false},"excerpt":{"rendered":"<p>R\u00edo de Janeiro, 3 abr (dpa) &#8211; Cientos de personas salieron a protestar hoy por todo Brasil a favor y en contra del ex presidente Luiz In\u00e1cio Lula da Silva, horas antes de un juicio que podr\u00eda enviar en breve a la c\u00e1rcel al ex mandatario por una condena de corrupci\u00f3n. Las protestas tuvieron lugar [&hellip;]<\/p>\n","protected":false},"author":1,"featured_media":868078,"comment_status":"closed","ping_status":"closed","sticky":false,"template":"","format":"standard","meta":{"footnotes":""},"categories":[1],"tags":[],"class_list":["post-974638","post","type-post","status-publish","format-standard","has-post-thumbnail","hentry","category-actualidad"],"aioseo_notices":[],"aioseo_head":"\n\t\t<!-- All in One SEO Pro 5.0.1 - aioseo.com -->\n\t<meta name=\"description\" content=\"R\u00edo de Janeiro, 3 abr (dpa) - Cientos de personas salieron a protestar hoy por todo Brasil a favor y en contra del ex presidente Luiz In\u00e1cio Lula da Silva, horas antes de un juicio que podr\u00eda enviar en breve a la c\u00e1rcel al ex mandatario por una condena de corrupci\u00f3n. Las protestas tuvieron lugar\" \/>\n\t<meta name=\"robots\" content=\"max-image-preview:large\" \/>\n\t<meta name=\"author\" content=\"El Digital de Asturias\"\/>\n\t<meta name=\"google-site-verification\" content=\"UA-38556648-1\" \/>\n\t<meta name=\"msvalidate.01\" content=\"7dfe9f3f1b24437ab69f4f2559babe99\" \/>\n\t<meta name=\"keywords\" content=\"actualidad\" \/>\n\t<link rel=\"canonical\" href=\"https:\/\/www.eldigitaldeasturias.com\/noticias\/protestas-en-todo-brasil-horas-antes-del-juicio-de-lula\/\" \/>\n\t<meta name=\"generator\" content=\"All in One SEO Pro (AIOSEO) 5.0.1\" \/>\n\t\t<meta property=\"og:locale\" content=\"es_ES\" \/>\n\t\t<meta property=\"og:site_name\" content=\"El Digital de Asturias\" \/>\n\t\t<meta property=\"og:type\" content=\"article\" \/>\n\t\t<meta property=\"og:title\" content=\"Protestas en todo Brasil horas antes del juicio de Lula - El Digital de Asturias\" \/>\n\t\t<meta property=\"og:description\" content=\"R\u00edo de Janeiro, 3 abr (dpa) - Cientos de personas salieron a protestar hoy por todo Brasil a favor y en contra del ex presidente Luiz In\u00e1cio Lula da Silva, horas antes de un juicio que podr\u00eda enviar en breve a la c\u00e1rcel al ex mandatario por una condena de corrupci\u00f3n. Las protestas tuvieron lugar\" \/>\n\t\t<meta property=\"og:url\" content=\"https:\/\/www.eldigitaldeasturias.com\/noticias\/protestas-en-todo-brasil-horas-antes-del-juicio-de-lula\/\" \/>\n\t\t<meta property=\"article:tag\" content=\"actualidad\" \/>\n\t\t<meta property=\"article:published_time\" content=\"2018-04-04T06:06:46+00:00\" \/>\n\t\t<meta property=\"article:modified_time\" content=\"2018-04-04T06:06:46+00:00\" \/>\n\t\t<meta property=\"article:publisher\" content=\"https:\/\/facebook.com\/eldigitaldeasturias\" \/>\n\t\t<meta name=\"twitter:card\" content=\"summary_large_image\" \/>\n\t\t<meta name=\"twitter:title\" content=\"Protestas en todo Brasil horas antes del juicio de Lula - El Digital de Asturias\" \/>\n\t\t<meta name=\"twitter:description\" content=\"R\u00edo de Janeiro, 3 abr (dpa) - Cientos de personas salieron a protestar hoy por todo Brasil a favor y en contra del ex presidente Luiz In\u00e1cio Lula da Silva, horas antes de un juicio que podr\u00eda enviar en breve a la c\u00e1rcel al ex mandatario por una condena de corrupci\u00f3n. Las protestas tuvieron lugar\" \/>\n\t\t<meta name=\"twitter:image\" content=\"https:\/\/www.eldigitaldeasturias.com\/noticias\/wp-content\/uploads\/2020\/12\/EDA-1.jpg\" \/>\n\t\t<meta name=\"twitter:label1\" content=\"Escrito por\" \/>\n\t\t<meta name=\"twitter:data1\" content=\"El Digital de Asturias\" \/>\n\t\t<meta name=\"twitter:label2\" content=\"Tiempo de lectura estimado\" \/>\n\t\t<meta name=\"twitter:data2\" content=\"2 minutos\" \/>\n\t\t<script type=\"application\/ld+json\" class=\"aioseo-schema\">\n\t\t\t{\"@context\":\"https:\\\/\\\/schema.org\",\"@graph\":[{\"@type\":\"BlogPosting\",\"@id\":\"https:\\\/\\\/www.eldigitaldeasturias.com\\\/noticias\\\/protestas-en-todo-brasil-horas-antes-del-juicio-de-lula\\\/#blogposting\",\"name\":\"Protestas en todo Brasil horas antes del juicio de Lula - El Digital de Asturias\",\"headline\":\"Protestas en todo Brasil horas antes del juicio de Lula\",\"author\":{\"@id\":\"https:\\\/\\\/www.eldigitaldeasturias.com\\\/noticias\\\/author\\\/admin\\\/#author\"},\"publisher\":{\"@id\":\"https:\\\/\\\/www.eldigitaldeasturias.com\\\/noticias\\\/#organization\"},\"image\":{\"@type\":\"ImageObject\",\"url\":868078},\"datePublished\":\"2018-04-04T06:06:46+02:00\",\"dateModified\":\"2018-04-04T06:06:46+02:00\",\"inLanguage\":\"es-ES\",\"mainEntityOfPage\":{\"@id\":\"https:\\\/\\\/www.eldigitaldeasturias.com\\\/noticias\\\/protestas-en-todo-brasil-horas-antes-del-juicio-de-lula\\\/#webpage\"},\"isPartOf\":{\"@id\":\"https:\\\/\\\/www.eldigitaldeasturias.com\\\/noticias\\\/protestas-en-todo-brasil-horas-antes-del-juicio-de-lula\\\/#webpage\"},\"articleSection\":\"Actualidad\"},{\"@type\":\"BreadcrumbList\",\"@id\":\"https:\\\/\\\/www.eldigitaldeasturias.com\\\/noticias\\\/protestas-en-todo-brasil-horas-antes-del-juicio-de-lula\\\/#breadcrumblist\",\"itemListElement\":[{\"@type\":\"ListItem\",\"@id\":\"https:\\\/\\\/www.eldigitaldeasturias.com\\\/noticias#listItem\",\"position\":1,\"name\":\"Home\",\"item\":\"https:\\\/\\\/www.eldigitaldeasturias.com\\\/noticias\",\"nextItem\":{\"@type\":\"ListItem\",\"@id\":\"https:\\\/\\\/www.eldigitaldeasturias.com\\\/noticias\\\/category\\\/actualidad\\\/#listItem\",\"name\":\"Actualidad\"}},{\"@type\":\"ListItem\",\"@id\":\"https:\\\/\\\/www.eldigitaldeasturias.com\\\/noticias\\\/category\\\/actualidad\\\/#listItem\",\"position\":2,\"name\":\"Actualidad\",\"item\":\"https:\\\/\\\/www.eldigitaldeasturias.com\\\/noticias\\\/category\\\/actualidad\\\/\",\"nextItem\":{\"@type\":\"ListItem\",\"@id\":\"https:\\\/\\\/www.eldigitaldeasturias.com\\\/noticias\\\/protestas-en-todo-brasil-horas-antes-del-juicio-de-lula\\\/#listItem\",\"name\":\"Protestas en todo Brasil horas antes del juicio de Lula\"},\"previousItem\":{\"@type\":\"ListItem\",\"@id\":\"https:\\\/\\\/www.eldigitaldeasturias.com\\\/noticias#listItem\",\"name\":\"Home\"}},{\"@type\":\"ListItem\",\"@id\":\"https:\\\/\\\/www.eldigitaldeasturias.com\\\/noticias\\\/protestas-en-todo-brasil-horas-antes-del-juicio-de-lula\\\/#listItem\",\"position\":3,\"name\":\"Protestas en todo Brasil horas antes del juicio de Lula\",\"previousItem\":{\"@type\":\"ListItem\",\"@id\":\"https:\\\/\\\/www.eldigitaldeasturias.com\\\/noticias\\\/category\\\/actualidad\\\/#listItem\",\"name\":\"Actualidad\"}}]},{\"@type\":\"Organization\",\"@id\":\"https:\\\/\\\/www.eldigitaldeasturias.com\\\/noticias\\\/#organization\",\"name\":\"El Digital de Asturias\",\"description\":\"Hemeroteca\",\"url\":\"https:\\\/\\\/www.eldigitaldeasturias.com\\\/noticias\\\/\",\"email\":\"info@eldigitaldeasturias.com\",\"telephone\":\"+34652131393\",\"logo\":{\"@type\":\"ImageObject\",\"url\":\"https:\\\/\\\/www.eldigitaldeasturias.com\\\/noticias\\\/wp-content\\\/uploads\\\/2020\\\/12\\\/EDA.jpg\",\"@id\":\"https:\\\/\\\/www.eldigitaldeasturias.com\\\/noticias\\\/protestas-en-todo-brasil-horas-antes-del-juicio-de-lula\\\/#organizationLogo\"},\"image\":{\"@id\":\"https:\\\/\\\/www.eldigitaldeasturias.com\\\/noticias\\\/protestas-en-todo-brasil-horas-antes-del-juicio-de-lula\\\/#organizationLogo\"},\"sameAs\":[\"https:\\\/\\\/facebook.com\\\/eldigitaldeasturias\",\"https:\\\/\\\/www.youtube.com\\\/channel\\\/UCZP-2wLEB9Rv6erhFmqVnvg\"],\"address\":{\"@id\":\"https:\\\/\\\/www.eldigitaldeasturias.com\\\/noticias\\\/#postaladdress\",\"@type\":\"PostalAddress\",\"streetAddress\":\"san antonio 4\",\"postalCode\":\"33430\",\"addressLocality\":\"Cand\\u00e1s\",\"addressRegion\":\"Asturias\",\"addressCountry\":\"ES\"}},{\"@type\":\"Person\",\"@id\":\"https:\\\/\\\/www.eldigitaldeasturias.com\\\/noticias\\\/author\\\/admin\\\/#author\",\"url\":\"https:\\\/\\\/www.eldigitaldeasturias.com\\\/noticias\\\/author\\\/admin\\\/\",\"name\":\"El Digital de Asturias\",\"image\":{\"@type\":\"ImageObject\",\"@id\":\"https:\\\/\\\/www.eldigitaldeasturias.com\\\/noticias\\\/protestas-en-todo-brasil-horas-antes-del-juicio-de-lula\\\/#authorImage\",\"url\":\"https:\\\/\\\/secure.gravatar.com\\\/avatar\\\/df2aeffc32bcd13f8d26072ef8a91b623d677766deac7f97ca815868cd41bf5e?s=96&d=mm&r=g\",\"width\":96,\"height\":96,\"caption\":\"El Digital de Asturias\"}},{\"@type\":\"WebPage\",\"@id\":\"https:\\\/\\\/www.eldigitaldeasturias.com\\\/noticias\\\/protestas-en-todo-brasil-horas-antes-del-juicio-de-lula\\\/#webpage\",\"url\":\"https:\\\/\\\/www.eldigitaldeasturias.com\\\/noticias\\\/protestas-en-todo-brasil-horas-antes-del-juicio-de-lula\\\/\",\"name\":\"Protestas en todo Brasil horas antes del juicio de Lula - El Digital de Asturias\",\"description\":\"R\\u00edo de Janeiro, 3 abr (dpa) - Cientos de personas salieron a protestar hoy por todo Brasil a favor y en contra del ex presidente Luiz In\\u00e1cio Lula da Silva, horas antes de un juicio que podr\\u00eda enviar en breve a la c\\u00e1rcel al ex mandatario por una condena de corrupci\\u00f3n. Las protestas tuvieron lugar\",\"inLanguage\":\"es-ES\",\"isPartOf\":{\"@id\":\"https:\\\/\\\/www.eldigitaldeasturias.com\\\/noticias\\\/#website\"},\"breadcrumb\":{\"@id\":\"https:\\\/\\\/www.eldigitaldeasturias.com\\\/noticias\\\/protestas-en-todo-brasil-horas-antes-del-juicio-de-lula\\\/#breadcrumblist\"},\"author\":{\"@id\":\"https:\\\/\\\/www.eldigitaldeasturias.com\\\/noticias\\\/author\\\/admin\\\/#author\"},\"creator\":{\"@id\":\"https:\\\/\\\/www.eldigitaldeasturias.com\\\/noticias\\\/author\\\/admin\\\/#author\"},\"image\":{\"@type\":\"ImageObject\",\"url\":868078,\"@id\":\"https:\\\/\\\/www.eldigitaldeasturias.com\\\/noticias\\\/protestas-en-todo-brasil-horas-antes-del-juicio-de-lula\\\/#mainImage\"},\"primaryImageOfPage\":{\"@id\":\"https:\\\/\\\/www.eldigitaldeasturias.com\\\/noticias\\\/protestas-en-todo-brasil-horas-antes-del-juicio-de-lula\\\/#mainImage\"},\"datePublished\":\"2018-04-04T06:06:46+02:00\",\"dateModified\":\"2018-04-04T06:06:46+02:00\"},{\"@type\":\"WebSite\",\"@id\":\"https:\\\/\\\/www.eldigitaldeasturias.com\\\/noticias\\\/#website\",\"url\":\"https:\\\/\\\/www.eldigitaldeasturias.com\\\/noticias\\\/\",\"name\":\"El Digital de Asturias - Diario de actualidad y noticias\",\"alternateName\":\"El Digital de Asturias - Diario de actualidad y noticias\",\"description\":\"Hemeroteca\",\"inLanguage\":\"es-ES\",\"publisher\":{\"@id\":\"https:\\\/\\\/www.eldigitaldeasturias.com\\\/noticias\\\/#organization\"}}]}\n\t\t<\/script>\n\t\t<!-- All in One SEO Pro -->\r\n\t\t<title>Protestas en todo Brasil horas antes del juicio de Lula - El Digital de Asturias<\/title>\n\n","aioseo_head_json":{"title":"Protestas en todo Brasil horas antes del juicio de Lula - El Digital de Asturias","description":"R\u00edo de Janeiro, 3 abr (dpa) - Cientos de personas salieron a protestar hoy por todo Brasil a favor y en contra del ex presidente Luiz In\u00e1cio Lula da Silva, horas antes de un juicio que podr\u00eda enviar en breve a la c\u00e1rcel al ex mandatario por una condena de corrupci\u00f3n. Las protestas tuvieron lugar","canonical_url":"https:\/\/www.eldigitaldeasturias.com\/noticias\/protestas-en-todo-brasil-horas-antes-del-juicio-de-lula\/","robots":"max-image-preview:large","keywords":"actualidad","webmasterTools":{"google-site-verification":"UA-38556648-1","msvalidate.01":"7dfe9f3f1b24437ab69f4f2559babe99","miscellaneous":""},"schema":{"@context":"https:\/\/schema.org","@graph":[{"@type":"BlogPosting","@id":"https:\/\/www.eldigitaldeasturias.com\/noticias\/protestas-en-todo-brasil-horas-antes-del-juicio-de-lula\/#blogposting","name":"Protestas en todo Brasil horas antes del juicio de Lula - El Digital de Asturias","headline":"Protestas en todo Brasil horas antes del juicio de Lula","author":{"@id":"https:\/\/www.eldigitaldeasturias.com\/noticias\/author\/admin\/#author"},"publisher":{"@id":"https:\/\/www.eldigitaldeasturias.com\/noticias\/#organization"},"image":{"@type":"ImageObject","url":868078},"datePublished":"2018-04-04T06:06:46+02:00","dateModified":"2018-04-04T06:06:46+02:00","inLanguage":"es-ES","mainEntityOfPage":{"@id":"https:\/\/www.eldigitaldeasturias.com\/noticias\/protestas-en-todo-brasil-horas-antes-del-juicio-de-lula\/#webpage"},"isPartOf":{"@id":"https:\/\/www.eldigitaldeasturias.com\/noticias\/protestas-en-todo-brasil-horas-antes-del-juicio-de-lula\/#webpage"},"articleSection":"Actualidad"},{"@type":"BreadcrumbList","@id":"https:\/\/www.eldigitaldeasturias.com\/noticias\/protestas-en-todo-brasil-horas-antes-del-juicio-de-lula\/#breadcrumblist","itemListElement":[{"@type":"ListItem","@id":"https:\/\/www.eldigitaldeasturias.com\/noticias#listItem","position":1,"name":"Home","item":"https:\/\/www.eldigitaldeasturias.com\/noticias","nextItem":{"@type":"ListItem","@id":"https:\/\/www.eldigitaldeasturias.com\/noticias\/category\/actualidad\/#listItem","name":"Actualidad"}},{"@type":"ListItem","@id":"https:\/\/www.eldigitaldeasturias.com\/noticias\/category\/actualidad\/#listItem","position":2,"name":"Actualidad","item":"https:\/\/www.eldigitaldeasturias.com\/noticias\/category\/actualidad\/","nextItem":{"@type":"ListItem","@id":"https:\/\/www.eldigitaldeasturias.com\/noticias\/protestas-en-todo-brasil-horas-antes-del-juicio-de-lula\/#listItem","name":"Protestas en todo Brasil horas antes del juicio de Lula"},"previousItem":{"@type":"ListItem","@id":"https:\/\/www.eldigitaldeasturias.com\/noticias#listItem","name":"Home"}},{"@type":"ListItem","@id":"https:\/\/www.eldigitaldeasturias.com\/noticias\/protestas-en-todo-brasil-horas-antes-del-juicio-de-lula\/#listItem","position":3,"name":"Protestas en todo Brasil horas antes del juicio de Lula","previousItem":{"@type":"ListItem","@id":"https:\/\/www.eldigitaldeasturias.com\/noticias\/category\/actualidad\/#listItem","name":"Actualidad"}}]},{"@type":"Organization","@id":"https:\/\/www.eldigitaldeasturias.com\/noticias\/#organization","name":"El Digital de Asturias","description":"Hemeroteca","url":"https:\/\/www.eldigitaldeasturias.com\/noticias\/","email":"info@eldigitaldeasturias.com","telephone":"+34652131393","logo":{"@type":"ImageObject","url":"https:\/\/www.eldigitaldeasturias.com\/noticias\/wp-content\/uploads\/2020\/12\/EDA.jpg","@id":"https:\/\/www.eldigitaldeasturias.com\/noticias\/protestas-en-todo-brasil-horas-antes-del-juicio-de-lula\/#organizationLogo"},"image":{"@id":"https:\/\/www.eldigitaldeasturias.com\/noticias\/protestas-en-todo-brasil-horas-antes-del-juicio-de-lula\/#organizationLogo"},"sameAs":["https:\/\/facebook.com\/eldigitaldeasturias","https:\/\/www.youtube.com\/channel\/UCZP-2wLEB9Rv6erhFmqVnvg"],"address":{"@id":"https:\/\/www.eldigitaldeasturias.com\/noticias\/#postaladdress","@type":"PostalAddress","streetAddress":"san antonio 4","postalCode":"33430","addressLocality":"Cand\u00e1s","addressRegion":"Asturias","addressCountry":"ES"}},{"@type":"Person","@id":"https:\/\/www.eldigitaldeasturias.com\/noticias\/author\/admin\/#author","url":"https:\/\/www.eldigitaldeasturias.com\/noticias\/author\/admin\/","name":"El Digital de Asturias","image":{"@type":"ImageObject","@id":"https:\/\/www.eldigitaldeasturias.com\/noticias\/protestas-en-todo-brasil-horas-antes-del-juicio-de-lula\/#authorImage","url":"https:\/\/secure.gravatar.com\/avatar\/df2aeffc32bcd13f8d26072ef8a91b623d677766deac7f97ca815868cd41bf5e?s=96&d=mm&r=g","width":96,"height":96,"caption":"El Digital de Asturias"}},{"@type":"WebPage","@id":"https:\/\/www.eldigitaldeasturias.com\/noticias\/protestas-en-todo-brasil-horas-antes-del-juicio-de-lula\/#webpage","url":"https:\/\/www.eldigitaldeasturias.com\/noticias\/protestas-en-todo-brasil-horas-antes-del-juicio-de-lula\/","name":"Protestas en todo Brasil horas antes del juicio de Lula - El Digital de Asturias","description":"R\u00edo de Janeiro, 3 abr (dpa) - Cientos de personas salieron a protestar hoy por todo Brasil a favor y en contra del ex presidente Luiz In\u00e1cio Lula da Silva, horas antes de un juicio que podr\u00eda enviar en breve a la c\u00e1rcel al ex mandatario por una condena de corrupci\u00f3n. Las protestas tuvieron lugar","inLanguage":"es-ES","isPartOf":{"@id":"https:\/\/www.eldigitaldeasturias.com\/noticias\/#website"},"breadcrumb":{"@id":"https:\/\/www.eldigitaldeasturias.com\/noticias\/protestas-en-todo-brasil-horas-antes-del-juicio-de-lula\/#breadcrumblist"},"author":{"@id":"https:\/\/www.eldigitaldeasturias.com\/noticias\/author\/admin\/#author"},"creator":{"@id":"https:\/\/www.eldigitaldeasturias.com\/noticias\/author\/admin\/#author"},"image":{"@type":"ImageObject","url":868078,"@id":"https:\/\/www.eldigitaldeasturias.com\/noticias\/protestas-en-todo-brasil-horas-antes-del-juicio-de-lula\/#mainImage"},"primaryImageOfPage":{"@id":"https:\/\/www.eldigitaldeasturias.com\/noticias\/protestas-en-todo-brasil-horas-antes-del-juicio-de-lula\/#mainImage"},"datePublished":"2018-04-04T06:06:46+02:00","dateModified":"2018-04-04T06:06:46+02:00"},{"@type":"WebSite","@id":"https:\/\/www.eldigitaldeasturias.com\/noticias\/#website","url":"https:\/\/www.eldigitaldeasturias.com\/noticias\/","name":"El Digital de Asturias - Diario de actualidad y noticias","alternateName":"El Digital de Asturias - Diario de actualidad y noticias","description":"Hemeroteca","inLanguage":"es-ES","publisher":{"@id":"https:\/\/www.eldigitaldeasturias.com\/noticias\/#organization"}}]},"og:locale":"es_ES","og:site_name":"El Digital de Asturias","og:type":"article","og:title":"Protestas en todo Brasil horas antes del juicio de Lula - El Digital de Asturias","og:description":"R\u00edo de Janeiro, 3 abr (dpa) - Cientos de personas salieron a protestar hoy por todo Brasil a favor y en contra del ex presidente Luiz In\u00e1cio Lula da Silva, horas antes de un juicio que podr\u00eda enviar en breve a la c\u00e1rcel al ex mandatario por una condena de corrupci\u00f3n. Las protestas tuvieron lugar","og:url":"https:\/\/www.eldigitaldeasturias.com\/noticias\/protestas-en-todo-brasil-horas-antes-del-juicio-de-lula\/","article:tag":["actualidad"],"article:published_time":"2018-04-04T06:06:46+00:00","article:modified_time":"2018-04-04T06:06:46+00:00","article:publisher":"https:\/\/facebook.com\/eldigitaldeasturias","twitter:card":"summary_large_image","twitter:title":"Protestas en todo Brasil horas antes del juicio de Lula - El Digital de Asturias","twitter:description":"R\u00edo de Janeiro, 3 abr (dpa) - Cientos de personas salieron a protestar hoy por todo Brasil a favor y en contra del ex presidente Luiz In\u00e1cio Lula da Silva, horas antes de un juicio que podr\u00eda enviar en breve a la c\u00e1rcel al ex mandatario por una condena de corrupci\u00f3n. Las protestas tuvieron lugar","twitter:image":"https:\/\/www.eldigitaldeasturias.com\/noticias\/wp-content\/uploads\/2020\/12\/EDA-1.jpg","twitter:label1":"Escrito por","twitter:data1":"El Digital de Asturias","twitter:label2":"Tiempo de lectura estimado","twitter:data2":"2 minutos"},"aioseo_meta_data":{"post_id":"974638","title":null,"description":null,"keywords":null,"keyphrases":null,"primary_term":null,"canonical_url":null,"og_title":null,"og_description":null,"og_object_type":"default","og_image_type":"default","og_image_url":null,"og_image_width":null,"og_image_height":null,"og_image_custom_url":null,"og_image_custom_fields":null,"og_video":null,"og_custom_url":null,"og_article_section":null,"og_article_tags":null,"twitter_use_og":false,"twitter_card":"default","twitter_image_type":"default","twitter_image_url":null,"twitter_image_custom_url":null,"twitter_image_custom_fields":null,"twitter_title":null,"twitter_description":null,"schema":{"blockGraphs":[],"customGraphs":[],"default":{"data":{"Article":[],"Course":[],"Dataset":[],"FAQPage":[],"Movie":[],"Person":[],"Product":[],"ProductReview":[],"Car":[],"Recipe":[],"Service":[],"SoftwareApplication":[],"WebPage":[]},"graphName":"","isEnabled":true},"graphs":[],"defaultGraph":"","defaultPostTypeGraph":""},"schema_type":null,"schema_type_options":null,"pillar_content":false,"robots_default":true,"robots_noindex":false,"robots_noarchive":false,"robots_nosnippet":false,"robots_nofollow":false,"robots_noimageindex":false,"robots_noodp":false,"robots_notranslate":false,"robots_max_snippet":null,"robots_max_videopreview":null,"robots_max_imagepreview":"large","priority":null,"frequency":null,"local_seo":null,"seo_analyzer_scan_date":"2025-10-07 20:58:03","breadcrumb_settings":null,"limit_modified_date":false,"open_ai":null,"ai":null,"created":"2020-12-21 12:12:39","updated":"2025-10-07 20:58:03","focus_keyword":null,"additional_keywords":null,"truseo_locale":null},"aioseo_breadcrumb":"<div class=\"aioseo-breadcrumbs\"><span class=\"aioseo-breadcrumb\">\n\t<a href=\"https:\/\/www.eldigitaldeasturias.com\/noticias\" title=\"Home\">Home<\/a>\n<\/span><span class=\"aioseo-breadcrumb-separator\">\u2013<\/span><span class=\"aioseo-breadcrumb\">\n\t<a href=\"https:\/\/www.eldigitaldeasturias.com\/noticias\/category\/actualidad\/\" title=\"Actualidad\">Actualidad<\/a>\n<\/span><span class=\"aioseo-breadcrumb-separator\">\u2013<\/span><span class=\"aioseo-breadcrumb\">\n\t<a href=\"https:\/\/www.eldigitaldeasturias.com\/noticias\/protestas-en-todo-brasil-horas-antes-del-juicio-de-lula\/\" title=\"Protestas en todo Brasil horas antes del juicio de Lula\">Protestas en todo Brasil horas antes del juicio de Lula<\/a>\n<\/span><\/div>","aioseo_breadcrumb_json":[{"label":"Home","link":"https:\/\/www.eldigitaldeasturias.com\/noticias"},{"label":"Actualidad","link":"https:\/\/www.eldigitaldeasturias.com\/noticias\/category\/actualidad\/"},{"label":"Protestas en todo Brasil horas antes del juicio de Lula","link":"https:\/\/www.eldigitaldeasturias.com\/noticias\/protestas-en-todo-brasil-horas-antes-del-juicio-de-lula\/"}],"_links":{"self":[{"href":"https:\/\/www.eldigitaldeasturias.com\/noticias\/wp-json\/wp\/v2\/posts\/974638","targetHints":{"allow":["GET"]}}],"collection":[{"href":"https:\/\/www.eldigitaldeasturias.com\/noticias\/wp-json\/wp\/v2\/posts"}],"about":[{"href":"https:\/\/www.eldigitaldeasturias.com\/noticias\/wp-json\/wp\/v2\/types\/post"}],"author":[{"embeddable":true,"href":"https:\/\/www.eldigitaldeasturias.com\/noticias\/wp-json\/wp\/v2\/users\/1"}],"replies":[{"embeddable":true,"href":"https:\/\/www.eldigitaldeasturias.com\/noticias\/wp-json\/wp\/v2\/comments?post=974638"}],"version-history":[{"count":0,"href":"https:\/\/www.eldigitaldeasturias.com\/noticias\/wp-json\/wp\/v2\/posts\/974638\/revisions"}],"wp:attachment":[{"href":"https:\/\/www.eldigitaldeasturias.com\/noticias\/wp-json\/wp\/v2\/media?parent=974638"}],"wp:term":[{"taxonomy":"category","embeddable":true,"href":"https:\/\/www.eldigitaldeasturias.com\/noticias\/wp-json\/wp\/v2\/categories?post=974638"},{"taxonomy":"post_tag","embeddable":true,"href":"https:\/\/www.eldigitaldeasturias.com\/noticias\/wp-json\/wp\/v2\/tags?post=974638"}],"curies":[{"name":"wp","href":"https:\/\/api.w.org\/{rel}","templated":true}]}}