{"id":974636,"date":"2018-04-04T06:01:57","date_gmt":"2018-04-04T06:01:57","guid":{"rendered":"http:\/\/www.eldigitaldeasturias.com\/noticias\/?p=974636"},"modified":"2018-04-04T06:01:57","modified_gmt":"2018-04-04T06:01:57","slug":"la-ex-fiscal-ortega-vincula-a-maduro-con-odebrecht-y-pide-su-captura","status":"publish","type":"post","link":"https:\/\/www.eldigitaldeasturias.com\/noticias\/la-ex-fiscal-ortega-vincula-a-maduro-con-odebrecht-y-pide-su-captura\/","title":{"rendered":"La ex fiscal Ortega vincula a Maduro con Odebrecht y pide su captura"},"content":{"rendered":"<p><img loading=\"lazy\" decoding=\"async\" class=\"alignleft size-medium wp-image-485917\" src=\"https:\/\/www.eldigitaldeasturias.com\/noticias\/wp-content\/uploads\/2014\/02\/5919099w-360x240.jpg\" alt=\"\" width=\"360\" height=\"240\" \/>Bogot\u00e1, 3 abr (dpa) &#8211; La ex fiscal general venezolana Luisa Ortega se\u00f1al\u00f3 hoy al presidente Nicol\u00e1s Maduro como el principal responsable del esc\u00e1ndalo de corrupci\u00f3n de la constructora Odebrecht en Venezuela, y pidi\u00f3 que Interpol emita una alerta roja en su contra.<\/p>\n<p>\u00abLas obras de Odebrecht nunca fueron terminadas ni evaluadas, son un monumento a corrupci\u00f3n (\u2026) Maduro incurri\u00f3 en delito de corrupci\u00f3n en su condici\u00f3n como Presidente de la Rep\u00fablica (\u2026) estamos frente a un consenso lucrativo\u00bb, dijo Ortega en Bogot\u00e1.<\/p>\n<p>Las declaraciones se realizaron durante una sesi\u00f3n del Tribunal Supremo de Justicia de Venezuela realizada en el Congreso colombiano. El tribunal, de mayor\u00eda opositora, est\u00e1 en el exilio y no es reconocido por el Gobierno venezolano.<\/p>\n<p>El juicio representa una acci\u00f3n simb\u00f3lica, dado que el Tribunal Supremo de Justicia fue desarticulado hace dos a\u00f1os.<\/p>\n<p>La ex fiscal solicit\u00f3 a los magistrados en el exilio declarar la existencia de m\u00e9rito para establecer la responsabilidad penal de Maduro y solicitar as\u00ed a la Interpol una alerta roja en su contra.<\/p>\n<p>\u00abEn Venezuela se gener\u00f3 el mayor da\u00f1o patrimonial con el caso de corrupci\u00f3n de Odebrecht\u00bb, subray\u00f3 Ortega.<\/p>\n<p>El tribunal debe decidir en seis d\u00edas si enjuicia a Maduro por corrupci\u00f3n o si dicta sobreseimiento de la causa. Aunque la decisi\u00f3n sea ignorada por el Gobierno de Maduro, podr\u00eda ser utilizada en su contra una vez abandone el poder.<\/p>\n<p>\u00abSolicito que se oficie a la Fuerza Armada Nacional Bolivariana para que ejecute la captura contra Nicol\u00e1s Maduro y lo ponga a la orden de este tribunal\u00bb, a\u00f1adi\u00f3 Ortega, quien pidi\u00f3 adem\u00e1s que se congelen sus bienes.<\/p>\n<p>El presidente venezolano fue notificado de la audiencia que se realiz\u00f3 en la capital colombiana, pero no asisti\u00f3 y tampoco present\u00f3 un abogado en su representaci\u00f3n. Por esta raz\u00f3n, la audiencia tuvo lugar con un abogado de oficio que nombr\u00f3 el Tribunal.<\/p>\n<p>La ex fiscal, destituida por la Asamblea Nacional Constituyente, afirm\u00f3 que el Estado venezolano contrat\u00f3 al menos 13 obras con Odebrecht que jam\u00e1s fueron terminadas. Entre ellas se encuentra un primer contrato por m\u00e1s de 200.000 millones de d\u00f3lares para la construcci\u00f3n del puente sobre el Lago de Maracaibo.<\/p>\n<p>\u00ab(Nicol\u00e1s) Maduro le pidi\u00f3 50 millones de d\u00f3lares al due\u00f1o de Odebrecht para financiar su campa\u00f1a con el compromiso de favorecer los contratos de la constructora (\u2026) tom\u00f3 posesi\u00f3n del 19 de abril y el 4 de mayo ya estaba aprobando los puntos de cuenta para los desembolsos de los dineros a Odebrecht\u00bb, se\u00f1al\u00f3 Ortega.<\/p>\n<p>La fiscal tambi\u00e9n se\u00f1al\u00f3 como implicados al l\u00edder chavista Diosdado Cabello, al director del Servicio de Inteligencia, Gustavo Gonz\u00e1lez, al ex ministro de Transporte Haiman El Troudi, y al ex presidente de PDVSA Rafael Ram\u00edrez.<\/p>\n<p>En 2017 la Asamblea Nacional venezolana nombr\u00f3 a 33 magistrados. Sin embargo, Maduro empez\u00f3 una persecuci\u00f3n en su contra y varios de ellos pidieron asilo en otro pa\u00edses.<\/p>\n<p>Los magistrados contin\u00faan ahora reuni\u00e9ndose a trav\u00e9s de videoconferencias para tomar decisiones. En octubre pasado tomaron juramento ante la OEA, cuando se decidi\u00f3 que el Tribunal Supremo de Justicia funcionar\u00eda formalmente en el exilio.<\/p>\n","protected":false},"excerpt":{"rendered":"<p>Bogot\u00e1, 3 abr (dpa) &#8211; La ex fiscal general venezolana Luisa Ortega se\u00f1al\u00f3 hoy al presidente Nicol\u00e1s Maduro como el principal responsable del esc\u00e1ndalo de corrupci\u00f3n de la constructora Odebrecht en Venezuela, y pidi\u00f3 que Interpol emita una alerta roja en su contra. \u00abLas obras de Odebrecht nunca fueron terminadas ni evaluadas, son un monumento [&hellip;]<\/p>\n","protected":false},"author":1,"featured_media":485917,"comment_status":"closed","ping_status":"closed","sticky":false,"template":"","format":"standard","meta":{"footnotes":""},"categories":[1],"tags":[],"class_list":["post-974636","post","type-post","status-publish","format-standard","has-post-thumbnail","hentry","category-actualidad"],"aioseo_notices":[],"aioseo_head":"\n\t\t<!-- All in One SEO Pro 5.0.1 - aioseo.com -->\n\t<meta name=\"description\" content=\"Bogot\u00e1, 3 abr (dpa) - La ex fiscal general venezolana Luisa Ortega se\u00f1al\u00f3 hoy al presidente Nicol\u00e1s Maduro como el principal responsable del esc\u00e1ndalo de corrupci\u00f3n de la constructora Odebrecht en Venezuela, y pidi\u00f3 que Interpol emita una alerta roja en su contra. &quot;Las obras de Odebrecht nunca fueron terminadas ni evaluadas, son un monumento\" \/>\n\t<meta name=\"robots\" content=\"max-image-preview:large\" \/>\n\t<meta name=\"author\" content=\"El Digital de Asturias\"\/>\n\t<meta name=\"google-site-verification\" content=\"UA-38556648-1\" \/>\n\t<meta name=\"msvalidate.01\" content=\"7dfe9f3f1b24437ab69f4f2559babe99\" \/>\n\t<meta name=\"keywords\" content=\"actualidad\" \/>\n\t<link rel=\"canonical\" href=\"https:\/\/www.eldigitaldeasturias.com\/noticias\/la-ex-fiscal-ortega-vincula-a-maduro-con-odebrecht-y-pide-su-captura\/\" \/>\n\t<meta name=\"generator\" content=\"All in One SEO Pro (AIOSEO) 5.0.1\" \/>\n\t\t<meta property=\"og:locale\" content=\"es_ES\" \/>\n\t\t<meta property=\"og:site_name\" content=\"El Digital de Asturias\" \/>\n\t\t<meta property=\"og:type\" content=\"article\" \/>\n\t\t<meta property=\"og:title\" content=\"La ex fiscal Ortega vincula a Maduro con Odebrecht y pide su captura - El Digital de Asturias\" \/>\n\t\t<meta property=\"og:description\" content=\"Bogot\u00e1, 3 abr (dpa) - La ex fiscal general venezolana Luisa Ortega se\u00f1al\u00f3 hoy al presidente Nicol\u00e1s Maduro como el principal responsable del esc\u00e1ndalo de corrupci\u00f3n de la constructora Odebrecht en Venezuela, y pidi\u00f3 que Interpol emita una alerta roja en su contra. &quot;Las obras de Odebrecht nunca fueron terminadas ni evaluadas, son un monumento\" \/>\n\t\t<meta property=\"og:url\" content=\"https:\/\/www.eldigitaldeasturias.com\/noticias\/la-ex-fiscal-ortega-vincula-a-maduro-con-odebrecht-y-pide-su-captura\/\" \/>\n\t\t<meta property=\"article:tag\" content=\"actualidad\" \/>\n\t\t<meta property=\"article:published_time\" content=\"2018-04-04T06:01:57+00:00\" \/>\n\t\t<meta property=\"article:modified_time\" content=\"2018-04-04T06:01:57+00:00\" \/>\n\t\t<meta property=\"article:publisher\" content=\"https:\/\/facebook.com\/eldigitaldeasturias\" \/>\n\t\t<meta name=\"twitter:card\" content=\"summary_large_image\" \/>\n\t\t<meta name=\"twitter:title\" content=\"La ex fiscal Ortega vincula a Maduro con Odebrecht y pide su captura - El Digital de Asturias\" \/>\n\t\t<meta name=\"twitter:description\" content=\"Bogot\u00e1, 3 abr (dpa) - La ex fiscal general venezolana Luisa Ortega se\u00f1al\u00f3 hoy al presidente Nicol\u00e1s Maduro como el principal responsable del esc\u00e1ndalo de corrupci\u00f3n de la constructora Odebrecht en Venezuela, y pidi\u00f3 que Interpol emita una alerta roja en su contra. &quot;Las obras de Odebrecht nunca fueron terminadas ni evaluadas, son un monumento\" \/>\n\t\t<meta name=\"twitter:image\" content=\"https:\/\/www.eldigitaldeasturias.com\/noticias\/wp-content\/uploads\/2020\/12\/EDA-1.jpg\" \/>\n\t\t<meta name=\"twitter:label1\" content=\"Escrito por\" \/>\n\t\t<meta name=\"twitter:data1\" content=\"El Digital de Asturias\" \/>\n\t\t<meta name=\"twitter:label2\" content=\"Tiempo de lectura estimado\" \/>\n\t\t<meta name=\"twitter:data2\" content=\"3 minutos\" \/>\n\t\t<script type=\"application\/ld+json\" class=\"aioseo-schema\">\n\t\t\t{\"@context\":\"https:\\\/\\\/schema.org\",\"@graph\":[{\"@type\":\"BlogPosting\",\"@id\":\"https:\\\/\\\/www.eldigitaldeasturias.com\\\/noticias\\\/la-ex-fiscal-ortega-vincula-a-maduro-con-odebrecht-y-pide-su-captura\\\/#blogposting\",\"name\":\"La ex fiscal Ortega vincula a Maduro con Odebrecht y pide su captura - El Digital de Asturias\",\"headline\":\"La ex fiscal Ortega vincula a Maduro con Odebrecht y pide su captura\",\"author\":{\"@id\":\"https:\\\/\\\/www.eldigitaldeasturias.com\\\/noticias\\\/author\\\/admin\\\/#author\"},\"publisher\":{\"@id\":\"https:\\\/\\\/www.eldigitaldeasturias.com\\\/noticias\\\/#organization\"},\"image\":{\"@type\":\"ImageObject\",\"url\":485917},\"datePublished\":\"2018-04-04T06:01:57+02:00\",\"dateModified\":\"2018-04-04T06:01:57+02:00\",\"inLanguage\":\"es-ES\",\"mainEntityOfPage\":{\"@id\":\"https:\\\/\\\/www.eldigitaldeasturias.com\\\/noticias\\\/la-ex-fiscal-ortega-vincula-a-maduro-con-odebrecht-y-pide-su-captura\\\/#webpage\"},\"isPartOf\":{\"@id\":\"https:\\\/\\\/www.eldigitaldeasturias.com\\\/noticias\\\/la-ex-fiscal-ortega-vincula-a-maduro-con-odebrecht-y-pide-su-captura\\\/#webpage\"},\"articleSection\":\"Actualidad\"},{\"@type\":\"BreadcrumbList\",\"@id\":\"https:\\\/\\\/www.eldigitaldeasturias.com\\\/noticias\\\/la-ex-fiscal-ortega-vincula-a-maduro-con-odebrecht-y-pide-su-captura\\\/#breadcrumblist\",\"itemListElement\":[{\"@type\":\"ListItem\",\"@id\":\"https:\\\/\\\/www.eldigitaldeasturias.com\\\/noticias#listItem\",\"position\":1,\"name\":\"Home\",\"item\":\"https:\\\/\\\/www.eldigitaldeasturias.com\\\/noticias\",\"nextItem\":{\"@type\":\"ListItem\",\"@id\":\"https:\\\/\\\/www.eldigitaldeasturias.com\\\/noticias\\\/category\\\/actualidad\\\/#listItem\",\"name\":\"Actualidad\"}},{\"@type\":\"ListItem\",\"@id\":\"https:\\\/\\\/www.eldigitaldeasturias.com\\\/noticias\\\/category\\\/actualidad\\\/#listItem\",\"position\":2,\"name\":\"Actualidad\",\"item\":\"https:\\\/\\\/www.eldigitaldeasturias.com\\\/noticias\\\/category\\\/actualidad\\\/\",\"nextItem\":{\"@type\":\"ListItem\",\"@id\":\"https:\\\/\\\/www.eldigitaldeasturias.com\\\/noticias\\\/la-ex-fiscal-ortega-vincula-a-maduro-con-odebrecht-y-pide-su-captura\\\/#listItem\",\"name\":\"La ex fiscal Ortega vincula a Maduro con Odebrecht y pide su captura\"},\"previousItem\":{\"@type\":\"ListItem\",\"@id\":\"https:\\\/\\\/www.eldigitaldeasturias.com\\\/noticias#listItem\",\"name\":\"Home\"}},{\"@type\":\"ListItem\",\"@id\":\"https:\\\/\\\/www.eldigitaldeasturias.com\\\/noticias\\\/la-ex-fiscal-ortega-vincula-a-maduro-con-odebrecht-y-pide-su-captura\\\/#listItem\",\"position\":3,\"name\":\"La ex fiscal Ortega vincula a Maduro con Odebrecht y pide su captura\",\"previousItem\":{\"@type\":\"ListItem\",\"@id\":\"https:\\\/\\\/www.eldigitaldeasturias.com\\\/noticias\\\/category\\\/actualidad\\\/#listItem\",\"name\":\"Actualidad\"}}]},{\"@type\":\"Organization\",\"@id\":\"https:\\\/\\\/www.eldigitaldeasturias.com\\\/noticias\\\/#organization\",\"name\":\"El Digital de Asturias\",\"description\":\"Hemeroteca\",\"url\":\"https:\\\/\\\/www.eldigitaldeasturias.com\\\/noticias\\\/\",\"email\":\"info@eldigitaldeasturias.com\",\"telephone\":\"+34652131393\",\"logo\":{\"@type\":\"ImageObject\",\"url\":\"https:\\\/\\\/www.eldigitaldeasturias.com\\\/noticias\\\/wp-content\\\/uploads\\\/2020\\\/12\\\/EDA.jpg\",\"@id\":\"https:\\\/\\\/www.eldigitaldeasturias.com\\\/noticias\\\/la-ex-fiscal-ortega-vincula-a-maduro-con-odebrecht-y-pide-su-captura\\\/#organizationLogo\"},\"image\":{\"@id\":\"https:\\\/\\\/www.eldigitaldeasturias.com\\\/noticias\\\/la-ex-fiscal-ortega-vincula-a-maduro-con-odebrecht-y-pide-su-captura\\\/#organizationLogo\"},\"sameAs\":[\"https:\\\/\\\/facebook.com\\\/eldigitaldeasturias\",\"https:\\\/\\\/www.youtube.com\\\/channel\\\/UCZP-2wLEB9Rv6erhFmqVnvg\"],\"address\":{\"@id\":\"https:\\\/\\\/www.eldigitaldeasturias.com\\\/noticias\\\/#postaladdress\",\"@type\":\"PostalAddress\",\"streetAddress\":\"san antonio 4\",\"postalCode\":\"33430\",\"addressLocality\":\"Cand\\u00e1s\",\"addressRegion\":\"Asturias\",\"addressCountry\":\"ES\"}},{\"@type\":\"Person\",\"@id\":\"https:\\\/\\\/www.eldigitaldeasturias.com\\\/noticias\\\/author\\\/admin\\\/#author\",\"url\":\"https:\\\/\\\/www.eldigitaldeasturias.com\\\/noticias\\\/author\\\/admin\\\/\",\"name\":\"El Digital de Asturias\",\"image\":{\"@type\":\"ImageObject\",\"@id\":\"https:\\\/\\\/www.eldigitaldeasturias.com\\\/noticias\\\/la-ex-fiscal-ortega-vincula-a-maduro-con-odebrecht-y-pide-su-captura\\\/#authorImage\",\"url\":\"https:\\\/\\\/secure.gravatar.com\\\/avatar\\\/df2aeffc32bcd13f8d26072ef8a91b623d677766deac7f97ca815868cd41bf5e?s=96&d=mm&r=g\",\"width\":96,\"height\":96,\"caption\":\"El Digital de Asturias\"}},{\"@type\":\"WebPage\",\"@id\":\"https:\\\/\\\/www.eldigitaldeasturias.com\\\/noticias\\\/la-ex-fiscal-ortega-vincula-a-maduro-con-odebrecht-y-pide-su-captura\\\/#webpage\",\"url\":\"https:\\\/\\\/www.eldigitaldeasturias.com\\\/noticias\\\/la-ex-fiscal-ortega-vincula-a-maduro-con-odebrecht-y-pide-su-captura\\\/\",\"name\":\"La ex fiscal Ortega vincula a Maduro con Odebrecht y pide su captura - El Digital de Asturias\",\"description\":\"Bogot\\u00e1, 3 abr (dpa) - La ex fiscal general venezolana Luisa Ortega se\\u00f1al\\u00f3 hoy al presidente Nicol\\u00e1s Maduro como el principal responsable del esc\\u00e1ndalo de corrupci\\u00f3n de la constructora Odebrecht en Venezuela, y pidi\\u00f3 que Interpol emita una alerta roja en su contra. \\\"Las obras de Odebrecht nunca fueron terminadas ni evaluadas, son un monumento\",\"inLanguage\":\"es-ES\",\"isPartOf\":{\"@id\":\"https:\\\/\\\/www.eldigitaldeasturias.com\\\/noticias\\\/#website\"},\"breadcrumb\":{\"@id\":\"https:\\\/\\\/www.eldigitaldeasturias.com\\\/noticias\\\/la-ex-fiscal-ortega-vincula-a-maduro-con-odebrecht-y-pide-su-captura\\\/#breadcrumblist\"},\"author\":{\"@id\":\"https:\\\/\\\/www.eldigitaldeasturias.com\\\/noticias\\\/author\\\/admin\\\/#author\"},\"creator\":{\"@id\":\"https:\\\/\\\/www.eldigitaldeasturias.com\\\/noticias\\\/author\\\/admin\\\/#author\"},\"image\":{\"@type\":\"ImageObject\",\"url\":485917,\"@id\":\"https:\\\/\\\/www.eldigitaldeasturias.com\\\/noticias\\\/la-ex-fiscal-ortega-vincula-a-maduro-con-odebrecht-y-pide-su-captura\\\/#mainImage\"},\"primaryImageOfPage\":{\"@id\":\"https:\\\/\\\/www.eldigitaldeasturias.com\\\/noticias\\\/la-ex-fiscal-ortega-vincula-a-maduro-con-odebrecht-y-pide-su-captura\\\/#mainImage\"},\"datePublished\":\"2018-04-04T06:01:57+02:00\",\"dateModified\":\"2018-04-04T06:01:57+02:00\"},{\"@type\":\"WebSite\",\"@id\":\"https:\\\/\\\/www.eldigitaldeasturias.com\\\/noticias\\\/#website\",\"url\":\"https:\\\/\\\/www.eldigitaldeasturias.com\\\/noticias\\\/\",\"name\":\"El Digital de Asturias - Diario de actualidad y noticias\",\"alternateName\":\"El Digital de Asturias - Diario de actualidad y noticias\",\"description\":\"Hemeroteca\",\"inLanguage\":\"es-ES\",\"publisher\":{\"@id\":\"https:\\\/\\\/www.eldigitaldeasturias.com\\\/noticias\\\/#organization\"}}]}\n\t\t<\/script>\n\t\t<!-- All in One SEO Pro -->\r\n\t\t<title>La ex fiscal Ortega vincula a Maduro con Odebrecht y pide su captura - El Digital de Asturias<\/title>\n\n","aioseo_head_json":{"title":"La ex fiscal Ortega vincula a Maduro con Odebrecht y pide su captura - El Digital de Asturias","description":"Bogot\u00e1, 3 abr (dpa) - La ex fiscal general venezolana Luisa Ortega se\u00f1al\u00f3 hoy al presidente Nicol\u00e1s Maduro como el principal responsable del esc\u00e1ndalo de corrupci\u00f3n de la constructora Odebrecht en Venezuela, y pidi\u00f3 que Interpol emita una alerta roja en su contra. \"Las obras de Odebrecht nunca fueron terminadas ni evaluadas, son un monumento","canonical_url":"https:\/\/www.eldigitaldeasturias.com\/noticias\/la-ex-fiscal-ortega-vincula-a-maduro-con-odebrecht-y-pide-su-captura\/","robots":"max-image-preview:large","keywords":"actualidad","webmasterTools":{"google-site-verification":"UA-38556648-1","msvalidate.01":"7dfe9f3f1b24437ab69f4f2559babe99","miscellaneous":""},"schema":{"@context":"https:\/\/schema.org","@graph":[{"@type":"BlogPosting","@id":"https:\/\/www.eldigitaldeasturias.com\/noticias\/la-ex-fiscal-ortega-vincula-a-maduro-con-odebrecht-y-pide-su-captura\/#blogposting","name":"La ex fiscal Ortega vincula a Maduro con Odebrecht y pide su captura - El Digital de Asturias","headline":"La ex fiscal Ortega vincula a Maduro con Odebrecht y pide su captura","author":{"@id":"https:\/\/www.eldigitaldeasturias.com\/noticias\/author\/admin\/#author"},"publisher":{"@id":"https:\/\/www.eldigitaldeasturias.com\/noticias\/#organization"},"image":{"@type":"ImageObject","url":485917},"datePublished":"2018-04-04T06:01:57+02:00","dateModified":"2018-04-04T06:01:57+02:00","inLanguage":"es-ES","mainEntityOfPage":{"@id":"https:\/\/www.eldigitaldeasturias.com\/noticias\/la-ex-fiscal-ortega-vincula-a-maduro-con-odebrecht-y-pide-su-captura\/#webpage"},"isPartOf":{"@id":"https:\/\/www.eldigitaldeasturias.com\/noticias\/la-ex-fiscal-ortega-vincula-a-maduro-con-odebrecht-y-pide-su-captura\/#webpage"},"articleSection":"Actualidad"},{"@type":"BreadcrumbList","@id":"https:\/\/www.eldigitaldeasturias.com\/noticias\/la-ex-fiscal-ortega-vincula-a-maduro-con-odebrecht-y-pide-su-captura\/#breadcrumblist","itemListElement":[{"@type":"ListItem","@id":"https:\/\/www.eldigitaldeasturias.com\/noticias#listItem","position":1,"name":"Home","item":"https:\/\/www.eldigitaldeasturias.com\/noticias","nextItem":{"@type":"ListItem","@id":"https:\/\/www.eldigitaldeasturias.com\/noticias\/category\/actualidad\/#listItem","name":"Actualidad"}},{"@type":"ListItem","@id":"https:\/\/www.eldigitaldeasturias.com\/noticias\/category\/actualidad\/#listItem","position":2,"name":"Actualidad","item":"https:\/\/www.eldigitaldeasturias.com\/noticias\/category\/actualidad\/","nextItem":{"@type":"ListItem","@id":"https:\/\/www.eldigitaldeasturias.com\/noticias\/la-ex-fiscal-ortega-vincula-a-maduro-con-odebrecht-y-pide-su-captura\/#listItem","name":"La ex fiscal Ortega vincula a Maduro con Odebrecht y pide su captura"},"previousItem":{"@type":"ListItem","@id":"https:\/\/www.eldigitaldeasturias.com\/noticias#listItem","name":"Home"}},{"@type":"ListItem","@id":"https:\/\/www.eldigitaldeasturias.com\/noticias\/la-ex-fiscal-ortega-vincula-a-maduro-con-odebrecht-y-pide-su-captura\/#listItem","position":3,"name":"La ex fiscal Ortega vincula a Maduro con Odebrecht y pide su captura","previousItem":{"@type":"ListItem","@id":"https:\/\/www.eldigitaldeasturias.com\/noticias\/category\/actualidad\/#listItem","name":"Actualidad"}}]},{"@type":"Organization","@id":"https:\/\/www.eldigitaldeasturias.com\/noticias\/#organization","name":"El Digital de Asturias","description":"Hemeroteca","url":"https:\/\/www.eldigitaldeasturias.com\/noticias\/","email":"info@eldigitaldeasturias.com","telephone":"+34652131393","logo":{"@type":"ImageObject","url":"https:\/\/www.eldigitaldeasturias.com\/noticias\/wp-content\/uploads\/2020\/12\/EDA.jpg","@id":"https:\/\/www.eldigitaldeasturias.com\/noticias\/la-ex-fiscal-ortega-vincula-a-maduro-con-odebrecht-y-pide-su-captura\/#organizationLogo"},"image":{"@id":"https:\/\/www.eldigitaldeasturias.com\/noticias\/la-ex-fiscal-ortega-vincula-a-maduro-con-odebrecht-y-pide-su-captura\/#organizationLogo"},"sameAs":["https:\/\/facebook.com\/eldigitaldeasturias","https:\/\/www.youtube.com\/channel\/UCZP-2wLEB9Rv6erhFmqVnvg"],"address":{"@id":"https:\/\/www.eldigitaldeasturias.com\/noticias\/#postaladdress","@type":"PostalAddress","streetAddress":"san antonio 4","postalCode":"33430","addressLocality":"Cand\u00e1s","addressRegion":"Asturias","addressCountry":"ES"}},{"@type":"Person","@id":"https:\/\/www.eldigitaldeasturias.com\/noticias\/author\/admin\/#author","url":"https:\/\/www.eldigitaldeasturias.com\/noticias\/author\/admin\/","name":"El Digital de Asturias","image":{"@type":"ImageObject","@id":"https:\/\/www.eldigitaldeasturias.com\/noticias\/la-ex-fiscal-ortega-vincula-a-maduro-con-odebrecht-y-pide-su-captura\/#authorImage","url":"https:\/\/secure.gravatar.com\/avatar\/df2aeffc32bcd13f8d26072ef8a91b623d677766deac7f97ca815868cd41bf5e?s=96&d=mm&r=g","width":96,"height":96,"caption":"El Digital de Asturias"}},{"@type":"WebPage","@id":"https:\/\/www.eldigitaldeasturias.com\/noticias\/la-ex-fiscal-ortega-vincula-a-maduro-con-odebrecht-y-pide-su-captura\/#webpage","url":"https:\/\/www.eldigitaldeasturias.com\/noticias\/la-ex-fiscal-ortega-vincula-a-maduro-con-odebrecht-y-pide-su-captura\/","name":"La ex fiscal Ortega vincula a Maduro con Odebrecht y pide su captura - El Digital de Asturias","description":"Bogot\u00e1, 3 abr (dpa) - La ex fiscal general venezolana Luisa Ortega se\u00f1al\u00f3 hoy al presidente Nicol\u00e1s Maduro como el principal responsable del esc\u00e1ndalo de corrupci\u00f3n de la constructora Odebrecht en Venezuela, y pidi\u00f3 que Interpol emita una alerta roja en su contra. \"Las obras de Odebrecht nunca fueron terminadas ni evaluadas, son un monumento","inLanguage":"es-ES","isPartOf":{"@id":"https:\/\/www.eldigitaldeasturias.com\/noticias\/#website"},"breadcrumb":{"@id":"https:\/\/www.eldigitaldeasturias.com\/noticias\/la-ex-fiscal-ortega-vincula-a-maduro-con-odebrecht-y-pide-su-captura\/#breadcrumblist"},"author":{"@id":"https:\/\/www.eldigitaldeasturias.com\/noticias\/author\/admin\/#author"},"creator":{"@id":"https:\/\/www.eldigitaldeasturias.com\/noticias\/author\/admin\/#author"},"image":{"@type":"ImageObject","url":485917,"@id":"https:\/\/www.eldigitaldeasturias.com\/noticias\/la-ex-fiscal-ortega-vincula-a-maduro-con-odebrecht-y-pide-su-captura\/#mainImage"},"primaryImageOfPage":{"@id":"https:\/\/www.eldigitaldeasturias.com\/noticias\/la-ex-fiscal-ortega-vincula-a-maduro-con-odebrecht-y-pide-su-captura\/#mainImage"},"datePublished":"2018-04-04T06:01:57+02:00","dateModified":"2018-04-04T06:01:57+02:00"},{"@type":"WebSite","@id":"https:\/\/www.eldigitaldeasturias.com\/noticias\/#website","url":"https:\/\/www.eldigitaldeasturias.com\/noticias\/","name":"El Digital de Asturias - Diario de actualidad y noticias","alternateName":"El Digital de Asturias - Diario de actualidad y noticias","description":"Hemeroteca","inLanguage":"es-ES","publisher":{"@id":"https:\/\/www.eldigitaldeasturias.com\/noticias\/#organization"}}]},"og:locale":"es_ES","og:site_name":"El Digital de Asturias","og:type":"article","og:title":"La ex fiscal Ortega vincula a Maduro con Odebrecht y pide su captura - El Digital de Asturias","og:description":"Bogot\u00e1, 3 abr (dpa) - La ex fiscal general venezolana Luisa Ortega se\u00f1al\u00f3 hoy al presidente Nicol\u00e1s Maduro como el principal responsable del esc\u00e1ndalo de corrupci\u00f3n de la constructora Odebrecht en Venezuela, y pidi\u00f3 que Interpol emita una alerta roja en su contra. &quot;Las obras de Odebrecht nunca fueron terminadas ni evaluadas, son un monumento","og:url":"https:\/\/www.eldigitaldeasturias.com\/noticias\/la-ex-fiscal-ortega-vincula-a-maduro-con-odebrecht-y-pide-su-captura\/","article:tag":["actualidad"],"article:published_time":"2018-04-04T06:01:57+00:00","article:modified_time":"2018-04-04T06:01:57+00:00","article:publisher":"https:\/\/facebook.com\/eldigitaldeasturias","twitter:card":"summary_large_image","twitter:title":"La ex fiscal Ortega vincula a Maduro con Odebrecht y pide su captura - El Digital de Asturias","twitter:description":"Bogot\u00e1, 3 abr (dpa) - La ex fiscal general venezolana Luisa Ortega se\u00f1al\u00f3 hoy al presidente Nicol\u00e1s Maduro como el principal responsable del esc\u00e1ndalo de corrupci\u00f3n de la constructora Odebrecht en Venezuela, y pidi\u00f3 que Interpol emita una alerta roja en su contra. &quot;Las obras de Odebrecht nunca fueron terminadas ni evaluadas, son un monumento","twitter:image":"https:\/\/www.eldigitaldeasturias.com\/noticias\/wp-content\/uploads\/2020\/12\/EDA-1.jpg","twitter:label1":"Escrito por","twitter:data1":"El Digital de Asturias","twitter:label2":"Tiempo de lectura estimado","twitter:data2":"3 minutos"},"aioseo_meta_data":{"post_id":"974636","title":null,"description":null,"keywords":null,"keyphrases":null,"primary_term":null,"canonical_url":null,"og_title":null,"og_description":null,"og_object_type":"default","og_image_type":"default","og_image_url":null,"og_image_width":null,"og_image_height":null,"og_image_custom_url":null,"og_image_custom_fields":null,"og_video":null,"og_custom_url":null,"og_article_section":null,"og_article_tags":null,"twitter_use_og":false,"twitter_card":"default","twitter_image_type":"default","twitter_image_url":null,"twitter_image_custom_url":null,"twitter_image_custom_fields":null,"twitter_title":null,"twitter_description":null,"schema":{"blockGraphs":[],"customGraphs":[],"default":{"data":{"Article":[],"Course":[],"Dataset":[],"FAQPage":[],"Movie":[],"Person":[],"Product":[],"ProductReview":[],"Car":[],"Recipe":[],"Service":[],"SoftwareApplication":[],"WebPage":[]},"graphName":"","isEnabled":true},"graphs":[]},"schema_type":null,"schema_type_options":null,"pillar_content":false,"robots_default":true,"robots_noindex":false,"robots_noarchive":false,"robots_nosnippet":false,"robots_nofollow":false,"robots_noimageindex":false,"robots_noodp":false,"robots_notranslate":false,"robots_max_snippet":null,"robots_max_videopreview":null,"robots_max_imagepreview":"large","priority":null,"frequency":null,"local_seo":null,"seo_analyzer_scan_date":"2025-10-07 20:58:03","breadcrumb_settings":null,"limit_modified_date":false,"open_ai":null,"ai":null,"created":"2020-12-21 12:12:39","updated":"2025-10-07 20:58:03","focus_keyword":null,"additional_keywords":null,"truseo_locale":null},"aioseo_breadcrumb":"<div class=\"aioseo-breadcrumbs\"><span class=\"aioseo-breadcrumb\">\n\t<a href=\"https:\/\/www.eldigitaldeasturias.com\/noticias\" title=\"Home\">Home<\/a>\n<\/span><span class=\"aioseo-breadcrumb-separator\">\u2013<\/span><span class=\"aioseo-breadcrumb\">\n\t<a href=\"https:\/\/www.eldigitaldeasturias.com\/noticias\/category\/actualidad\/\" title=\"Actualidad\">Actualidad<\/a>\n<\/span><span class=\"aioseo-breadcrumb-separator\">\u2013<\/span><span class=\"aioseo-breadcrumb\">\n\t<a href=\"https:\/\/www.eldigitaldeasturias.com\/noticias\/la-ex-fiscal-ortega-vincula-a-maduro-con-odebrecht-y-pide-su-captura\/\" title=\"La ex fiscal Ortega vincula a Maduro con Odebrecht y pide su captura\">La ex fiscal Ortega vincula a Maduro con Odebrecht y pide su captura<\/a>\n<\/span><\/div>","aioseo_breadcrumb_json":[{"label":"Home","link":"https:\/\/www.eldigitaldeasturias.com\/noticias"},{"label":"Actualidad","link":"https:\/\/www.eldigitaldeasturias.com\/noticias\/category\/actualidad\/"},{"label":"La ex fiscal Ortega vincula a Maduro con Odebrecht y pide su captura","link":"https:\/\/www.eldigitaldeasturias.com\/noticias\/la-ex-fiscal-ortega-vincula-a-maduro-con-odebrecht-y-pide-su-captura\/"}],"_links":{"self":[{"href":"https:\/\/www.eldigitaldeasturias.com\/noticias\/wp-json\/wp\/v2\/posts\/974636","targetHints":{"allow":["GET"]}}],"collection":[{"href":"https:\/\/www.eldigitaldeasturias.com\/noticias\/wp-json\/wp\/v2\/posts"}],"about":[{"href":"https:\/\/www.eldigitaldeasturias.com\/noticias\/wp-json\/wp\/v2\/types\/post"}],"author":[{"embeddable":true,"href":"https:\/\/www.eldigitaldeasturias.com\/noticias\/wp-json\/wp\/v2\/users\/1"}],"replies":[{"embeddable":true,"href":"https:\/\/www.eldigitaldeasturias.com\/noticias\/wp-json\/wp\/v2\/comments?post=974636"}],"version-history":[{"count":0,"href":"https:\/\/www.eldigitaldeasturias.com\/noticias\/wp-json\/wp\/v2\/posts\/974636\/revisions"}],"wp:attachment":[{"href":"https:\/\/www.eldigitaldeasturias.com\/noticias\/wp-json\/wp\/v2\/media?parent=974636"}],"wp:term":[{"taxonomy":"category","embeddable":true,"href":"https:\/\/www.eldigitaldeasturias.com\/noticias\/wp-json\/wp\/v2\/categories?post=974636"},{"taxonomy":"post_tag","embeddable":true,"href":"https:\/\/www.eldigitaldeasturias.com\/noticias\/wp-json\/wp\/v2\/tags?post=974636"}],"curies":[{"name":"wp","href":"https:\/\/api.w.org\/{rel}","templated":true}]}}