{"id":974632,"date":"2018-04-04T05:55:05","date_gmt":"2018-04-04T05:55:05","guid":{"rendered":"http:\/\/www.eldigitaldeasturias.com\/noticias\/?p=974632"},"modified":"2018-04-04T05:55:05","modified_gmt":"2018-04-04T05:55:05","slug":"trump-las-tropas-vigilaran-la-frontera-con-mexico","status":"publish","type":"post","link":"https:\/\/www.eldigitaldeasturias.com\/noticias\/trump-las-tropas-vigilaran-la-frontera-con-mexico\/","title":{"rendered":"Trump: \u201cLas Tropas vigilar\u00e1n la frontera con M\u00e9xico\u201d"},"content":{"rendered":"<p><img loading=\"lazy\" decoding=\"async\" class=\"alignleft size-medium wp-image-971766\" src=\"https:\/\/www.eldigitaldeasturias.com\/noticias\/wp-content\/uploads\/2018\/03\/trump-2704264_1280-360x240.jpg\" alt=\"\" width=\"360\" height=\"240\" \/>Washington, 3 abr (dpa) &#8211; Donald Trump asegur\u00f3 hoy que Estados Unidos utilizar\u00e1 sus fuerzas militares para vigilar sus fronteras con M\u00e9xico hasta que se construya el muro que el presidente quiere para separar ambos pa\u00edses.<\/p>\n<p>\u00abHasta que podamos tener un muro y seguridad apropiada, vigilaremos nuestra frontera con las fuerzas armadas. Es un gran paso\u00bb, se\u00f1al\u00f3 en la Casa Blanca durante un encuentro con colegas de los estados b\u00e1lticos.<\/p>\n<p>El mandatario se refiri\u00f3 a su vez a la caravana de migrantes centroamericanos que viaja actualmente por M\u00e9xico y podr\u00eda llegar a Estados Unidos.<\/p>\n<p>\u00abSi llega a nuestra frontera, nuestras leyes son tan d\u00e9biles y pat\u00e9ticas\u00bb, dijo. \u00abEs como si no tuvi\u00e9ramos frontera\u00bb.<\/p>\n<p>De todas formas advirti\u00f3 que la caravana, que est\u00e1 compuesta por unos 1.500 migrantes de Honduras y Guatemala, se est\u00e1 disolviendo. Seg\u00fan Trump, esto se produjo despu\u00e9s de que le dijera a M\u00e9xico \u00aben t\u00e9rminos muy fuertos\u00bb que tendr\u00eda que hacer algo al respecto.<\/p>\n<p>El mandatario asegur\u00f3 que M\u00e9xico aplica sus \u00abpropias leyes migratorias fuertes\u00bb para que se desarme la caravana.<\/p>\n<p>\u00abLa caravana no me irrita, me da tristeza que esto pueda ocurrirle a Estados Unidos\u00bb, a\u00f1adi\u00f3. Trump dijo que su pa\u00eds no puede permitir que la gente ingrese ilegalmente y luego desaparezca y no se presente a audiencias sobre su estatus migratorio.<\/p>\n<p>El \u00abviacrucis migrante\u00bb se realiza desde 2008 con el objetivo de visibilizar las dificultades que sufren los inmigrantes que cruzan el territorio mexicano, la mayor\u00eda de veces en busca de pasar la frontera con Estados Unidos.<\/p>\n<p>La caravana despert\u00f3 el enojo de Trump, que desde el domingo lanz\u00f3 en Twitter advertencias sobre el grupo de migrantes que se acerca a la frontera de su pa\u00eds y acus\u00f3 a M\u00e9xico de no hacer nada para frenarlos.<\/p>\n","protected":false},"excerpt":{"rendered":"<p>Washington, 3 abr (dpa) &#8211; Donald Trump asegur\u00f3 hoy que Estados Unidos utilizar\u00e1 sus fuerzas militares para vigilar sus fronteras con M\u00e9xico hasta que se construya el muro que el presidente quiere para separar ambos pa\u00edses. \u00abHasta que podamos tener un muro y seguridad apropiada, vigilaremos nuestra frontera con las fuerzas armadas. Es un gran [&hellip;]<\/p>\n","protected":false},"author":1,"featured_media":971766,"comment_status":"closed","ping_status":"closed","sticky":false,"template":"","format":"standard","meta":{"footnotes":""},"categories":[1],"tags":[],"class_list":["post-974632","post","type-post","status-publish","format-standard","has-post-thumbnail","hentry","category-actualidad"],"aioseo_notices":[],"aioseo_head":"\n\t\t<!-- All in One SEO Pro 5.0.1 - aioseo.com -->\n\t<meta name=\"description\" content=\"Washington, 3 abr (dpa) - Donald Trump asegur\u00f3 hoy que Estados Unidos utilizar\u00e1 sus fuerzas militares para vigilar sus fronteras con M\u00e9xico hasta que se construya el muro que el presidente quiere para separar ambos pa\u00edses. &quot;Hasta que podamos tener un muro y seguridad apropiada, vigilaremos nuestra frontera con las fuerzas armadas. Es un gran\" \/>\n\t<meta name=\"robots\" content=\"max-image-preview:large\" \/>\n\t<meta name=\"author\" content=\"El Digital de Asturias\"\/>\n\t<meta name=\"google-site-verification\" content=\"UA-38556648-1\" \/>\n\t<meta name=\"msvalidate.01\" content=\"7dfe9f3f1b24437ab69f4f2559babe99\" \/>\n\t<meta name=\"keywords\" content=\"actualidad\" \/>\n\t<link rel=\"canonical\" href=\"https:\/\/www.eldigitaldeasturias.com\/noticias\/trump-las-tropas-vigilaran-la-frontera-con-mexico\/\" \/>\n\t<meta name=\"generator\" content=\"All in One SEO Pro (AIOSEO) 5.0.1\" \/>\n\t\t<meta property=\"og:locale\" content=\"es_ES\" \/>\n\t\t<meta property=\"og:site_name\" content=\"El Digital de Asturias\" \/>\n\t\t<meta property=\"og:type\" content=\"article\" \/>\n\t\t<meta property=\"og:title\" content=\"Trump: \u201cLas Tropas vigilar\u00e1n la frontera con M\u00e9xico\u201d - El Digital de Asturias\" \/>\n\t\t<meta property=\"og:description\" content=\"Washington, 3 abr (dpa) - Donald Trump asegur\u00f3 hoy que Estados Unidos utilizar\u00e1 sus fuerzas militares para vigilar sus fronteras con M\u00e9xico hasta que se construya el muro que el presidente quiere para separar ambos pa\u00edses. &quot;Hasta que podamos tener un muro y seguridad apropiada, vigilaremos nuestra frontera con las fuerzas armadas. Es un gran\" \/>\n\t\t<meta property=\"og:url\" content=\"https:\/\/www.eldigitaldeasturias.com\/noticias\/trump-las-tropas-vigilaran-la-frontera-con-mexico\/\" \/>\n\t\t<meta property=\"article:tag\" content=\"actualidad\" \/>\n\t\t<meta property=\"article:published_time\" content=\"2018-04-04T05:55:05+00:00\" \/>\n\t\t<meta property=\"article:modified_time\" content=\"2018-04-04T05:55:05+00:00\" \/>\n\t\t<meta property=\"article:publisher\" content=\"https:\/\/facebook.com\/eldigitaldeasturias\" \/>\n\t\t<meta name=\"twitter:card\" content=\"summary_large_image\" \/>\n\t\t<meta name=\"twitter:title\" content=\"Trump: \u201cLas Tropas vigilar\u00e1n la frontera con M\u00e9xico\u201d - El Digital de Asturias\" \/>\n\t\t<meta name=\"twitter:description\" content=\"Washington, 3 abr (dpa) - Donald Trump asegur\u00f3 hoy que Estados Unidos utilizar\u00e1 sus fuerzas militares para vigilar sus fronteras con M\u00e9xico hasta que se construya el muro que el presidente quiere para separar ambos pa\u00edses. &quot;Hasta que podamos tener un muro y seguridad apropiada, vigilaremos nuestra frontera con las fuerzas armadas. Es un gran\" \/>\n\t\t<meta name=\"twitter:image\" content=\"https:\/\/www.eldigitaldeasturias.com\/noticias\/wp-content\/uploads\/2020\/12\/EDA-1.jpg\" \/>\n\t\t<meta name=\"twitter:label1\" content=\"Escrito por\" \/>\n\t\t<meta name=\"twitter:data1\" content=\"El Digital de Asturias\" \/>\n\t\t<meta name=\"twitter:label2\" content=\"Tiempo de lectura estimado\" \/>\n\t\t<meta name=\"twitter:data2\" content=\"2 minutos\" \/>\n\t\t<script type=\"application\/ld+json\" class=\"aioseo-schema\">\n\t\t\t{\"@context\":\"https:\\\/\\\/schema.org\",\"@graph\":[{\"@type\":\"BlogPosting\",\"@id\":\"https:\\\/\\\/www.eldigitaldeasturias.com\\\/noticias\\\/trump-las-tropas-vigilaran-la-frontera-con-mexico\\\/#blogposting\",\"name\":\"Trump: \\u201cLas Tropas vigilar\\u00e1n la frontera con M\\u00e9xico\\u201d - El Digital de Asturias\",\"headline\":\"Trump: \\u201cLas Tropas vigilar\\u00e1n la frontera con M\\u00e9xico\\u201d\",\"author\":{\"@id\":\"https:\\\/\\\/www.eldigitaldeasturias.com\\\/noticias\\\/author\\\/admin\\\/#author\"},\"publisher\":{\"@id\":\"https:\\\/\\\/www.eldigitaldeasturias.com\\\/noticias\\\/#organization\"},\"image\":{\"@type\":\"ImageObject\",\"url\":971766},\"datePublished\":\"2018-04-04T05:55:05+02:00\",\"dateModified\":\"2018-04-04T05:55:05+02:00\",\"inLanguage\":\"es-ES\",\"mainEntityOfPage\":{\"@id\":\"https:\\\/\\\/www.eldigitaldeasturias.com\\\/noticias\\\/trump-las-tropas-vigilaran-la-frontera-con-mexico\\\/#webpage\"},\"isPartOf\":{\"@id\":\"https:\\\/\\\/www.eldigitaldeasturias.com\\\/noticias\\\/trump-las-tropas-vigilaran-la-frontera-con-mexico\\\/#webpage\"},\"articleSection\":\"Actualidad\"},{\"@type\":\"BreadcrumbList\",\"@id\":\"https:\\\/\\\/www.eldigitaldeasturias.com\\\/noticias\\\/trump-las-tropas-vigilaran-la-frontera-con-mexico\\\/#breadcrumblist\",\"itemListElement\":[{\"@type\":\"ListItem\",\"@id\":\"https:\\\/\\\/www.eldigitaldeasturias.com\\\/noticias#listItem\",\"position\":1,\"name\":\"Home\",\"item\":\"https:\\\/\\\/www.eldigitaldeasturias.com\\\/noticias\",\"nextItem\":{\"@type\":\"ListItem\",\"@id\":\"https:\\\/\\\/www.eldigitaldeasturias.com\\\/noticias\\\/category\\\/actualidad\\\/#listItem\",\"name\":\"Actualidad\"}},{\"@type\":\"ListItem\",\"@id\":\"https:\\\/\\\/www.eldigitaldeasturias.com\\\/noticias\\\/category\\\/actualidad\\\/#listItem\",\"position\":2,\"name\":\"Actualidad\",\"item\":\"https:\\\/\\\/www.eldigitaldeasturias.com\\\/noticias\\\/category\\\/actualidad\\\/\",\"nextItem\":{\"@type\":\"ListItem\",\"@id\":\"https:\\\/\\\/www.eldigitaldeasturias.com\\\/noticias\\\/trump-las-tropas-vigilaran-la-frontera-con-mexico\\\/#listItem\",\"name\":\"Trump: \\u201cLas Tropas vigilar\\u00e1n la frontera con M\\u00e9xico\\u201d\"},\"previousItem\":{\"@type\":\"ListItem\",\"@id\":\"https:\\\/\\\/www.eldigitaldeasturias.com\\\/noticias#listItem\",\"name\":\"Home\"}},{\"@type\":\"ListItem\",\"@id\":\"https:\\\/\\\/www.eldigitaldeasturias.com\\\/noticias\\\/trump-las-tropas-vigilaran-la-frontera-con-mexico\\\/#listItem\",\"position\":3,\"name\":\"Trump: \\u201cLas Tropas vigilar\\u00e1n la frontera con M\\u00e9xico\\u201d\",\"previousItem\":{\"@type\":\"ListItem\",\"@id\":\"https:\\\/\\\/www.eldigitaldeasturias.com\\\/noticias\\\/category\\\/actualidad\\\/#listItem\",\"name\":\"Actualidad\"}}]},{\"@type\":\"Organization\",\"@id\":\"https:\\\/\\\/www.eldigitaldeasturias.com\\\/noticias\\\/#organization\",\"name\":\"El Digital de Asturias\",\"description\":\"Hemeroteca\",\"url\":\"https:\\\/\\\/www.eldigitaldeasturias.com\\\/noticias\\\/\",\"email\":\"info@eldigitaldeasturias.com\",\"telephone\":\"+34652131393\",\"logo\":{\"@type\":\"ImageObject\",\"url\":\"https:\\\/\\\/www.eldigitaldeasturias.com\\\/noticias\\\/wp-content\\\/uploads\\\/2020\\\/12\\\/EDA.jpg\",\"@id\":\"https:\\\/\\\/www.eldigitaldeasturias.com\\\/noticias\\\/trump-las-tropas-vigilaran-la-frontera-con-mexico\\\/#organizationLogo\"},\"image\":{\"@id\":\"https:\\\/\\\/www.eldigitaldeasturias.com\\\/noticias\\\/trump-las-tropas-vigilaran-la-frontera-con-mexico\\\/#organizationLogo\"},\"sameAs\":[\"https:\\\/\\\/facebook.com\\\/eldigitaldeasturias\",\"https:\\\/\\\/www.youtube.com\\\/channel\\\/UCZP-2wLEB9Rv6erhFmqVnvg\"],\"address\":{\"@id\":\"https:\\\/\\\/www.eldigitaldeasturias.com\\\/noticias\\\/#postaladdress\",\"@type\":\"PostalAddress\",\"streetAddress\":\"san antonio 4\",\"postalCode\":\"33430\",\"addressLocality\":\"Cand\\u00e1s\",\"addressRegion\":\"Asturias\",\"addressCountry\":\"ES\"}},{\"@type\":\"Person\",\"@id\":\"https:\\\/\\\/www.eldigitaldeasturias.com\\\/noticias\\\/author\\\/admin\\\/#author\",\"url\":\"https:\\\/\\\/www.eldigitaldeasturias.com\\\/noticias\\\/author\\\/admin\\\/\",\"name\":\"El Digital de Asturias\",\"image\":{\"@type\":\"ImageObject\",\"@id\":\"https:\\\/\\\/www.eldigitaldeasturias.com\\\/noticias\\\/trump-las-tropas-vigilaran-la-frontera-con-mexico\\\/#authorImage\",\"url\":\"https:\\\/\\\/secure.gravatar.com\\\/avatar\\\/df2aeffc32bcd13f8d26072ef8a91b623d677766deac7f97ca815868cd41bf5e?s=96&d=mm&r=g\",\"width\":96,\"height\":96,\"caption\":\"El Digital de Asturias\"}},{\"@type\":\"WebPage\",\"@id\":\"https:\\\/\\\/www.eldigitaldeasturias.com\\\/noticias\\\/trump-las-tropas-vigilaran-la-frontera-con-mexico\\\/#webpage\",\"url\":\"https:\\\/\\\/www.eldigitaldeasturias.com\\\/noticias\\\/trump-las-tropas-vigilaran-la-frontera-con-mexico\\\/\",\"name\":\"Trump: \\u201cLas Tropas vigilar\\u00e1n la frontera con M\\u00e9xico\\u201d - El Digital de Asturias\",\"description\":\"Washington, 3 abr (dpa) - Donald Trump asegur\\u00f3 hoy que Estados Unidos utilizar\\u00e1 sus fuerzas militares para vigilar sus fronteras con M\\u00e9xico hasta que se construya el muro que el presidente quiere para separar ambos pa\\u00edses. \\\"Hasta que podamos tener un muro y seguridad apropiada, vigilaremos nuestra frontera con las fuerzas armadas. Es un gran\",\"inLanguage\":\"es-ES\",\"isPartOf\":{\"@id\":\"https:\\\/\\\/www.eldigitaldeasturias.com\\\/noticias\\\/#website\"},\"breadcrumb\":{\"@id\":\"https:\\\/\\\/www.eldigitaldeasturias.com\\\/noticias\\\/trump-las-tropas-vigilaran-la-frontera-con-mexico\\\/#breadcrumblist\"},\"author\":{\"@id\":\"https:\\\/\\\/www.eldigitaldeasturias.com\\\/noticias\\\/author\\\/admin\\\/#author\"},\"creator\":{\"@id\":\"https:\\\/\\\/www.eldigitaldeasturias.com\\\/noticias\\\/author\\\/admin\\\/#author\"},\"image\":{\"@type\":\"ImageObject\",\"url\":971766,\"@id\":\"https:\\\/\\\/www.eldigitaldeasturias.com\\\/noticias\\\/trump-las-tropas-vigilaran-la-frontera-con-mexico\\\/#mainImage\"},\"primaryImageOfPage\":{\"@id\":\"https:\\\/\\\/www.eldigitaldeasturias.com\\\/noticias\\\/trump-las-tropas-vigilaran-la-frontera-con-mexico\\\/#mainImage\"},\"datePublished\":\"2018-04-04T05:55:05+02:00\",\"dateModified\":\"2018-04-04T05:55:05+02:00\"},{\"@type\":\"WebSite\",\"@id\":\"https:\\\/\\\/www.eldigitaldeasturias.com\\\/noticias\\\/#website\",\"url\":\"https:\\\/\\\/www.eldigitaldeasturias.com\\\/noticias\\\/\",\"name\":\"El Digital de Asturias - Diario de actualidad y noticias\",\"alternateName\":\"El Digital de Asturias - Diario de actualidad y noticias\",\"description\":\"Hemeroteca\",\"inLanguage\":\"es-ES\",\"publisher\":{\"@id\":\"https:\\\/\\\/www.eldigitaldeasturias.com\\\/noticias\\\/#organization\"}}]}\n\t\t<\/script>\n\t\t<!-- All in One SEO Pro -->\r\n\t\t<title>Trump: \u201cLas Tropas vigilar\u00e1n la frontera con M\u00e9xico\u201d - El Digital de Asturias<\/title>\n\n","aioseo_head_json":{"title":"Trump: \u201cLas Tropas vigilar\u00e1n la frontera con M\u00e9xico\u201d - El Digital de Asturias","description":"Washington, 3 abr (dpa) - Donald Trump asegur\u00f3 hoy que Estados Unidos utilizar\u00e1 sus fuerzas militares para vigilar sus fronteras con M\u00e9xico hasta que se construya el muro que el presidente quiere para separar ambos pa\u00edses. \"Hasta que podamos tener un muro y seguridad apropiada, vigilaremos nuestra frontera con las fuerzas armadas. Es un gran","canonical_url":"https:\/\/www.eldigitaldeasturias.com\/noticias\/trump-las-tropas-vigilaran-la-frontera-con-mexico\/","robots":"max-image-preview:large","keywords":"actualidad","webmasterTools":{"google-site-verification":"UA-38556648-1","msvalidate.01":"7dfe9f3f1b24437ab69f4f2559babe99","miscellaneous":""},"schema":{"@context":"https:\/\/schema.org","@graph":[{"@type":"BlogPosting","@id":"https:\/\/www.eldigitaldeasturias.com\/noticias\/trump-las-tropas-vigilaran-la-frontera-con-mexico\/#blogposting","name":"Trump: \u201cLas Tropas vigilar\u00e1n la frontera con M\u00e9xico\u201d - El Digital de Asturias","headline":"Trump: \u201cLas Tropas vigilar\u00e1n la frontera con M\u00e9xico\u201d","author":{"@id":"https:\/\/www.eldigitaldeasturias.com\/noticias\/author\/admin\/#author"},"publisher":{"@id":"https:\/\/www.eldigitaldeasturias.com\/noticias\/#organization"},"image":{"@type":"ImageObject","url":971766},"datePublished":"2018-04-04T05:55:05+02:00","dateModified":"2018-04-04T05:55:05+02:00","inLanguage":"es-ES","mainEntityOfPage":{"@id":"https:\/\/www.eldigitaldeasturias.com\/noticias\/trump-las-tropas-vigilaran-la-frontera-con-mexico\/#webpage"},"isPartOf":{"@id":"https:\/\/www.eldigitaldeasturias.com\/noticias\/trump-las-tropas-vigilaran-la-frontera-con-mexico\/#webpage"},"articleSection":"Actualidad"},{"@type":"BreadcrumbList","@id":"https:\/\/www.eldigitaldeasturias.com\/noticias\/trump-las-tropas-vigilaran-la-frontera-con-mexico\/#breadcrumblist","itemListElement":[{"@type":"ListItem","@id":"https:\/\/www.eldigitaldeasturias.com\/noticias#listItem","position":1,"name":"Home","item":"https:\/\/www.eldigitaldeasturias.com\/noticias","nextItem":{"@type":"ListItem","@id":"https:\/\/www.eldigitaldeasturias.com\/noticias\/category\/actualidad\/#listItem","name":"Actualidad"}},{"@type":"ListItem","@id":"https:\/\/www.eldigitaldeasturias.com\/noticias\/category\/actualidad\/#listItem","position":2,"name":"Actualidad","item":"https:\/\/www.eldigitaldeasturias.com\/noticias\/category\/actualidad\/","nextItem":{"@type":"ListItem","@id":"https:\/\/www.eldigitaldeasturias.com\/noticias\/trump-las-tropas-vigilaran-la-frontera-con-mexico\/#listItem","name":"Trump: \u201cLas Tropas vigilar\u00e1n la frontera con M\u00e9xico\u201d"},"previousItem":{"@type":"ListItem","@id":"https:\/\/www.eldigitaldeasturias.com\/noticias#listItem","name":"Home"}},{"@type":"ListItem","@id":"https:\/\/www.eldigitaldeasturias.com\/noticias\/trump-las-tropas-vigilaran-la-frontera-con-mexico\/#listItem","position":3,"name":"Trump: \u201cLas Tropas vigilar\u00e1n la frontera con M\u00e9xico\u201d","previousItem":{"@type":"ListItem","@id":"https:\/\/www.eldigitaldeasturias.com\/noticias\/category\/actualidad\/#listItem","name":"Actualidad"}}]},{"@type":"Organization","@id":"https:\/\/www.eldigitaldeasturias.com\/noticias\/#organization","name":"El Digital de Asturias","description":"Hemeroteca","url":"https:\/\/www.eldigitaldeasturias.com\/noticias\/","email":"info@eldigitaldeasturias.com","telephone":"+34652131393","logo":{"@type":"ImageObject","url":"https:\/\/www.eldigitaldeasturias.com\/noticias\/wp-content\/uploads\/2020\/12\/EDA.jpg","@id":"https:\/\/www.eldigitaldeasturias.com\/noticias\/trump-las-tropas-vigilaran-la-frontera-con-mexico\/#organizationLogo"},"image":{"@id":"https:\/\/www.eldigitaldeasturias.com\/noticias\/trump-las-tropas-vigilaran-la-frontera-con-mexico\/#organizationLogo"},"sameAs":["https:\/\/facebook.com\/eldigitaldeasturias","https:\/\/www.youtube.com\/channel\/UCZP-2wLEB9Rv6erhFmqVnvg"],"address":{"@id":"https:\/\/www.eldigitaldeasturias.com\/noticias\/#postaladdress","@type":"PostalAddress","streetAddress":"san antonio 4","postalCode":"33430","addressLocality":"Cand\u00e1s","addressRegion":"Asturias","addressCountry":"ES"}},{"@type":"Person","@id":"https:\/\/www.eldigitaldeasturias.com\/noticias\/author\/admin\/#author","url":"https:\/\/www.eldigitaldeasturias.com\/noticias\/author\/admin\/","name":"El Digital de Asturias","image":{"@type":"ImageObject","@id":"https:\/\/www.eldigitaldeasturias.com\/noticias\/trump-las-tropas-vigilaran-la-frontera-con-mexico\/#authorImage","url":"https:\/\/secure.gravatar.com\/avatar\/df2aeffc32bcd13f8d26072ef8a91b623d677766deac7f97ca815868cd41bf5e?s=96&d=mm&r=g","width":96,"height":96,"caption":"El Digital de Asturias"}},{"@type":"WebPage","@id":"https:\/\/www.eldigitaldeasturias.com\/noticias\/trump-las-tropas-vigilaran-la-frontera-con-mexico\/#webpage","url":"https:\/\/www.eldigitaldeasturias.com\/noticias\/trump-las-tropas-vigilaran-la-frontera-con-mexico\/","name":"Trump: \u201cLas Tropas vigilar\u00e1n la frontera con M\u00e9xico\u201d - El Digital de Asturias","description":"Washington, 3 abr (dpa) - Donald Trump asegur\u00f3 hoy que Estados Unidos utilizar\u00e1 sus fuerzas militares para vigilar sus fronteras con M\u00e9xico hasta que se construya el muro que el presidente quiere para separar ambos pa\u00edses. \"Hasta que podamos tener un muro y seguridad apropiada, vigilaremos nuestra frontera con las fuerzas armadas. Es un gran","inLanguage":"es-ES","isPartOf":{"@id":"https:\/\/www.eldigitaldeasturias.com\/noticias\/#website"},"breadcrumb":{"@id":"https:\/\/www.eldigitaldeasturias.com\/noticias\/trump-las-tropas-vigilaran-la-frontera-con-mexico\/#breadcrumblist"},"author":{"@id":"https:\/\/www.eldigitaldeasturias.com\/noticias\/author\/admin\/#author"},"creator":{"@id":"https:\/\/www.eldigitaldeasturias.com\/noticias\/author\/admin\/#author"},"image":{"@type":"ImageObject","url":971766,"@id":"https:\/\/www.eldigitaldeasturias.com\/noticias\/trump-las-tropas-vigilaran-la-frontera-con-mexico\/#mainImage"},"primaryImageOfPage":{"@id":"https:\/\/www.eldigitaldeasturias.com\/noticias\/trump-las-tropas-vigilaran-la-frontera-con-mexico\/#mainImage"},"datePublished":"2018-04-04T05:55:05+02:00","dateModified":"2018-04-04T05:55:05+02:00"},{"@type":"WebSite","@id":"https:\/\/www.eldigitaldeasturias.com\/noticias\/#website","url":"https:\/\/www.eldigitaldeasturias.com\/noticias\/","name":"El Digital de Asturias - Diario de actualidad y noticias","alternateName":"El Digital de Asturias - Diario de actualidad y noticias","description":"Hemeroteca","inLanguage":"es-ES","publisher":{"@id":"https:\/\/www.eldigitaldeasturias.com\/noticias\/#organization"}}]},"og:locale":"es_ES","og:site_name":"El Digital de Asturias","og:type":"article","og:title":"Trump: \u201cLas Tropas vigilar\u00e1n la frontera con M\u00e9xico\u201d - El Digital de Asturias","og:description":"Washington, 3 abr (dpa) - Donald Trump asegur\u00f3 hoy que Estados Unidos utilizar\u00e1 sus fuerzas militares para vigilar sus fronteras con M\u00e9xico hasta que se construya el muro que el presidente quiere para separar ambos pa\u00edses. &quot;Hasta que podamos tener un muro y seguridad apropiada, vigilaremos nuestra frontera con las fuerzas armadas. Es un gran","og:url":"https:\/\/www.eldigitaldeasturias.com\/noticias\/trump-las-tropas-vigilaran-la-frontera-con-mexico\/","article:tag":["actualidad"],"article:published_time":"2018-04-04T05:55:05+00:00","article:modified_time":"2018-04-04T05:55:05+00:00","article:publisher":"https:\/\/facebook.com\/eldigitaldeasturias","twitter:card":"summary_large_image","twitter:title":"Trump: \u201cLas Tropas vigilar\u00e1n la frontera con M\u00e9xico\u201d - El Digital de Asturias","twitter:description":"Washington, 3 abr (dpa) - Donald Trump asegur\u00f3 hoy que Estados Unidos utilizar\u00e1 sus fuerzas militares para vigilar sus fronteras con M\u00e9xico hasta que se construya el muro que el presidente quiere para separar ambos pa\u00edses. &quot;Hasta que podamos tener un muro y seguridad apropiada, vigilaremos nuestra frontera con las fuerzas armadas. Es un gran","twitter:image":"https:\/\/www.eldigitaldeasturias.com\/noticias\/wp-content\/uploads\/2020\/12\/EDA-1.jpg","twitter:label1":"Escrito por","twitter:data1":"El Digital de Asturias","twitter:label2":"Tiempo de lectura estimado","twitter:data2":"2 minutos"},"aioseo_meta_data":{"post_id":"974632","title":null,"description":null,"keywords":null,"keyphrases":null,"primary_term":null,"canonical_url":null,"og_title":null,"og_description":null,"og_object_type":"default","og_image_type":"default","og_image_url":null,"og_image_width":null,"og_image_height":null,"og_image_custom_url":null,"og_image_custom_fields":null,"og_video":null,"og_custom_url":null,"og_article_section":null,"og_article_tags":null,"twitter_use_og":false,"twitter_card":"default","twitter_image_type":"default","twitter_image_url":null,"twitter_image_custom_url":null,"twitter_image_custom_fields":null,"twitter_title":null,"twitter_description":null,"schema":{"blockGraphs":[],"customGraphs":[],"default":{"data":{"Article":[],"Course":[],"Dataset":[],"FAQPage":[],"Movie":[],"Person":[],"Product":[],"ProductReview":[],"Car":[],"Recipe":[],"Service":[],"SoftwareApplication":[],"WebPage":[]},"graphName":"","isEnabled":true},"graphs":[],"defaultGraph":"","defaultPostTypeGraph":""},"schema_type":null,"schema_type_options":null,"pillar_content":false,"robots_default":true,"robots_noindex":false,"robots_noarchive":false,"robots_nosnippet":false,"robots_nofollow":false,"robots_noimageindex":false,"robots_noodp":false,"robots_notranslate":false,"robots_max_snippet":null,"robots_max_videopreview":null,"robots_max_imagepreview":"large","priority":null,"frequency":null,"local_seo":null,"seo_analyzer_scan_date":"2025-10-07 20:56:06","breadcrumb_settings":null,"limit_modified_date":false,"open_ai":null,"ai":null,"created":"2020-12-21 12:12:39","updated":"2025-10-07 20:56:06","focus_keyword":null,"additional_keywords":null,"truseo_locale":null},"aioseo_breadcrumb":"<div class=\"aioseo-breadcrumbs\"><span class=\"aioseo-breadcrumb\">\n\t<a href=\"https:\/\/www.eldigitaldeasturias.com\/noticias\" title=\"Home\">Home<\/a>\n<\/span><span class=\"aioseo-breadcrumb-separator\">\u2013<\/span><span class=\"aioseo-breadcrumb\">\n\t<a href=\"https:\/\/www.eldigitaldeasturias.com\/noticias\/category\/actualidad\/\" title=\"Actualidad\">Actualidad<\/a>\n<\/span><span class=\"aioseo-breadcrumb-separator\">\u2013<\/span><span class=\"aioseo-breadcrumb\">\n\t<a href=\"https:\/\/www.eldigitaldeasturias.com\/noticias\/trump-las-tropas-vigilaran-la-frontera-con-mexico\/\" title=\"Trump: \u201cLas Tropas vigilar\u00e1n la frontera con M\u00e9xico\u201d\">Trump: \u201cLas Tropas vigilar\u00e1n la frontera con M\u00e9xico\u201d<\/a>\n<\/span><\/div>","aioseo_breadcrumb_json":[{"label":"Home","link":"https:\/\/www.eldigitaldeasturias.com\/noticias"},{"label":"Actualidad","link":"https:\/\/www.eldigitaldeasturias.com\/noticias\/category\/actualidad\/"},{"label":"Trump: \u201cLas Tropas vigilar\u00e1n la frontera con M\u00e9xico\u201d","link":"https:\/\/www.eldigitaldeasturias.com\/noticias\/trump-las-tropas-vigilaran-la-frontera-con-mexico\/"}],"_links":{"self":[{"href":"https:\/\/www.eldigitaldeasturias.com\/noticias\/wp-json\/wp\/v2\/posts\/974632","targetHints":{"allow":["GET"]}}],"collection":[{"href":"https:\/\/www.eldigitaldeasturias.com\/noticias\/wp-json\/wp\/v2\/posts"}],"about":[{"href":"https:\/\/www.eldigitaldeasturias.com\/noticias\/wp-json\/wp\/v2\/types\/post"}],"author":[{"embeddable":true,"href":"https:\/\/www.eldigitaldeasturias.com\/noticias\/wp-json\/wp\/v2\/users\/1"}],"replies":[{"embeddable":true,"href":"https:\/\/www.eldigitaldeasturias.com\/noticias\/wp-json\/wp\/v2\/comments?post=974632"}],"version-history":[{"count":0,"href":"https:\/\/www.eldigitaldeasturias.com\/noticias\/wp-json\/wp\/v2\/posts\/974632\/revisions"}],"wp:attachment":[{"href":"https:\/\/www.eldigitaldeasturias.com\/noticias\/wp-json\/wp\/v2\/media?parent=974632"}],"wp:term":[{"taxonomy":"category","embeddable":true,"href":"https:\/\/www.eldigitaldeasturias.com\/noticias\/wp-json\/wp\/v2\/categories?post=974632"},{"taxonomy":"post_tag","embeddable":true,"href":"https:\/\/www.eldigitaldeasturias.com\/noticias\/wp-json\/wp\/v2\/tags?post=974632"}],"curies":[{"name":"wp","href":"https:\/\/api.w.org\/{rel}","templated":true}]}}