{"id":974630,"date":"2018-04-04T05:51:57","date_gmt":"2018-04-04T05:51:57","guid":{"rendered":"http:\/\/www.eldigitaldeasturias.com\/noticias\/?p=974630"},"modified":"2018-04-04T05:51:57","modified_gmt":"2018-04-04T05:51:57","slug":"aumenta-el-numero-de-fallecidos-en-la-frontera-entre-israel-y-gaza","status":"publish","type":"post","link":"https:\/\/www.eldigitaldeasturias.com\/noticias\/aumenta-el-numero-de-fallecidos-en-la-frontera-entre-israel-y-gaza\/","title":{"rendered":"Aumenta el n\u00famero de fallecidos en la frontera entre Israel y Gaza"},"content":{"rendered":"<p><img loading=\"lazy\" decoding=\"async\" class=\"alignleft size-medium wp-image-974234\" src=\"https:\/\/www.eldigitaldeasturias.com\/noticias\/wp-content\/uploads\/2018\/03\/gaza-678979_1280-360x240.jpg\" alt=\"\" width=\"360\" height=\"240\" \/>Tel Aviv, 3 abr (dpa) &#8211; Un palestino muri\u00f3 hoy en un nuevo enfrentamiento con el Ej\u00e9rcito israel\u00ed en la frontera con la Franja de Gaza, inform\u00f3 el Ministerio de Sanidad palestino, despu\u00e9s de que Human Rights Watch criticara la actuaci\u00f3n de Israel durante las protestas del viernes, que dejaron 18 muertos.<\/p>\n<p>La muerte hoy por disparos israel\u00edes del joven de 25 a\u00f1os, seg\u00fan el ministerio de Gaza, no fue a\u00fan confirmada por el Ej\u00e9rcito israel\u00ed, que se limit\u00f3 a decir que est\u00e1 investigando el caso.<\/p>\n<p>De confirmarse, se sumar\u00eda a la de al menos otros 18 palestinos por disparos de los israel\u00edes el pasado viernes en el marco de la llamada \u00abMarcha del Retorno\u00bb, organizada por la organizaci\u00f3n radical Hamas para reivindicar el derecho de los palestinos a volver al territorio del que fueron expulsados desde la creaci\u00f3n del Estado de Israel en 1948.<\/p>\n<p>Durante las protestas, m\u00e1s de 1.400 resultaron heridos, la mayor\u00eda por gases lacrim\u00f3genos. M\u00e1s de 50.000 personas acudieron a la marcha, seg\u00fan estimaciones palestinas, frente a las 40.000 que calculan fuentes israel\u00edes. Israel niega a los palestinos el derecho al retorno.<\/p>\n<p>La organizaci\u00f3n de derechos humanos Human Rights Watch (HRW) critic\u00f3 hoy la actuaci\u00f3n de Israel durante el que se considera ya el peor episodio de violencia en la Franja de Gaza desde la guerra de 2014.<\/p>\n<p>\u00abLos soldados israel\u00edes no s\u00f3lo hicieron un uso excesivo de la fuerza\u00bb, dijo su vicedirector para Oriente Pr\u00f3ximo, Eric Goldstein, \u00absino que adem\u00e1s al parecer cumplieron \u00f3rdenes que no aseguraban m\u00e1s que una respuesta sangrienta a las manifestaciones palestinas\u00bb.<\/p>\n<p>El resultado fueron \u00abmuertes previsibles y heridas entre los manifestantes\u00bb del otro lado de la frontera, pese a que los palestinos no constitu\u00edan \u00abninguna amenaza inmediata para la vida\u00bb de los soldados. Goldstein destac\u00f3, entre otras cosas, la presencia seg\u00fan el Ej\u00e9rcito de m\u00e1s de 100 tiradores de precisi\u00f3n en la frontera.<\/p>\n<p>Pese a las cr\u00edticas, el ministro israel\u00ed de Defensa, Avigdor Lieberman, afirm\u00f3 hoy que Israel no ha cambiado sus par\u00e1metros de uso de la fuerza respecto a las manifestaciones en Gaza, que previsiblemente seguir\u00e1n durante semanas.<\/p>\n<p>\u00abHemos sentado fundamentos claros y no estamos planeando cambiarlos\u00bb, dijo Lieberman a la prensa. \u00abCualquiera que se acerque a la valla (fronteriza) arriesga su vida\u00bb, a\u00f1adi\u00f3.<\/p>\n<p>El Ej\u00e9rcito israel\u00ed no coment\u00f3 el informe de HRW. El viernes asegur\u00f3 haber disparado \u00fanicamente contra los instigadores de actos violentos. En declaraciones a la radio del Ej\u00e9rcito, Lieberman afirm\u00f3 que la mayor\u00eda de los muertos eran \u00abconocidos activistas terroristas\u00bb.<\/p>\n","protected":false},"excerpt":{"rendered":"<p>Tel Aviv, 3 abr (dpa) &#8211; Un palestino muri\u00f3 hoy en un nuevo enfrentamiento con el Ej\u00e9rcito israel\u00ed en la frontera con la Franja de Gaza, inform\u00f3 el Ministerio de Sanidad palestino, despu\u00e9s de que Human Rights Watch criticara la actuaci\u00f3n de Israel durante las protestas del viernes, que dejaron 18 muertos. La muerte hoy [&hellip;]<\/p>\n","protected":false},"author":1,"featured_media":974234,"comment_status":"closed","ping_status":"closed","sticky":false,"template":"","format":"standard","meta":{"footnotes":""},"categories":[1],"tags":[],"class_list":["post-974630","post","type-post","status-publish","format-standard","has-post-thumbnail","hentry","category-actualidad"],"aioseo_notices":[],"aioseo_head":"\n\t\t<!-- All in One SEO Pro 5.0.1 - aioseo.com -->\n\t<meta name=\"description\" content=\"Tel Aviv, 3 abr (dpa) - Un palestino muri\u00f3 hoy en un nuevo enfrentamiento con el Ej\u00e9rcito israel\u00ed en la frontera con la Franja de Gaza, inform\u00f3 el Ministerio de Sanidad palestino, despu\u00e9s de que Human Rights Watch criticara la actuaci\u00f3n de Israel durante las protestas del viernes, que dejaron 18 muertos. La muerte hoy\" \/>\n\t<meta name=\"robots\" content=\"max-image-preview:large\" \/>\n\t<meta name=\"author\" content=\"El Digital de Asturias\"\/>\n\t<meta name=\"google-site-verification\" content=\"UA-38556648-1\" \/>\n\t<meta name=\"msvalidate.01\" content=\"7dfe9f3f1b24437ab69f4f2559babe99\" \/>\n\t<meta name=\"keywords\" content=\"actualidad\" \/>\n\t<link rel=\"canonical\" href=\"https:\/\/www.eldigitaldeasturias.com\/noticias\/aumenta-el-numero-de-fallecidos-en-la-frontera-entre-israel-y-gaza\/\" \/>\n\t<meta name=\"generator\" content=\"All in One SEO Pro (AIOSEO) 5.0.1\" \/>\n\t\t<meta property=\"og:locale\" content=\"es_ES\" \/>\n\t\t<meta property=\"og:site_name\" content=\"El Digital de Asturias\" \/>\n\t\t<meta property=\"og:type\" content=\"article\" \/>\n\t\t<meta property=\"og:title\" content=\"Aumenta el n\u00famero de fallecidos en la frontera entre Israel y Gaza - El Digital de Asturias\" \/>\n\t\t<meta property=\"og:description\" content=\"Tel Aviv, 3 abr (dpa) - Un palestino muri\u00f3 hoy en un nuevo enfrentamiento con el Ej\u00e9rcito israel\u00ed en la frontera con la Franja de Gaza, inform\u00f3 el Ministerio de Sanidad palestino, despu\u00e9s de que Human Rights Watch criticara la actuaci\u00f3n de Israel durante las protestas del viernes, que dejaron 18 muertos. La muerte hoy\" \/>\n\t\t<meta property=\"og:url\" content=\"https:\/\/www.eldigitaldeasturias.com\/noticias\/aumenta-el-numero-de-fallecidos-en-la-frontera-entre-israel-y-gaza\/\" \/>\n\t\t<meta property=\"article:tag\" content=\"actualidad\" \/>\n\t\t<meta property=\"article:published_time\" content=\"2018-04-04T05:51:57+00:00\" \/>\n\t\t<meta property=\"article:modified_time\" content=\"2018-04-04T05:51:57+00:00\" \/>\n\t\t<meta property=\"article:publisher\" content=\"https:\/\/facebook.com\/eldigitaldeasturias\" \/>\n\t\t<meta name=\"twitter:card\" content=\"summary_large_image\" \/>\n\t\t<meta name=\"twitter:title\" content=\"Aumenta el n\u00famero de fallecidos en la frontera entre Israel y Gaza - El Digital de Asturias\" \/>\n\t\t<meta name=\"twitter:description\" content=\"Tel Aviv, 3 abr (dpa) - Un palestino muri\u00f3 hoy en un nuevo enfrentamiento con el Ej\u00e9rcito israel\u00ed en la frontera con la Franja de Gaza, inform\u00f3 el Ministerio de Sanidad palestino, despu\u00e9s de que Human Rights Watch criticara la actuaci\u00f3n de Israel durante las protestas del viernes, que dejaron 18 muertos. La muerte hoy\" \/>\n\t\t<meta name=\"twitter:image\" content=\"https:\/\/www.eldigitaldeasturias.com\/noticias\/wp-content\/uploads\/2020\/12\/EDA-1.jpg\" \/>\n\t\t<meta name=\"twitter:label1\" content=\"Escrito por\" \/>\n\t\t<meta name=\"twitter:data1\" content=\"El Digital de Asturias\" \/>\n\t\t<meta name=\"twitter:label2\" content=\"Tiempo de lectura estimado\" \/>\n\t\t<meta name=\"twitter:data2\" content=\"2 minutos\" \/>\n\t\t<script type=\"application\/ld+json\" class=\"aioseo-schema\">\n\t\t\t{\"@context\":\"https:\\\/\\\/schema.org\",\"@graph\":[{\"@type\":\"BlogPosting\",\"@id\":\"https:\\\/\\\/www.eldigitaldeasturias.com\\\/noticias\\\/aumenta-el-numero-de-fallecidos-en-la-frontera-entre-israel-y-gaza\\\/#blogposting\",\"name\":\"Aumenta el n\\u00famero de fallecidos en la frontera entre Israel y Gaza - El Digital de Asturias\",\"headline\":\"Aumenta el n\\u00famero de fallecidos en la frontera entre Israel y Gaza\",\"author\":{\"@id\":\"https:\\\/\\\/www.eldigitaldeasturias.com\\\/noticias\\\/author\\\/admin\\\/#author\"},\"publisher\":{\"@id\":\"https:\\\/\\\/www.eldigitaldeasturias.com\\\/noticias\\\/#organization\"},\"image\":{\"@type\":\"ImageObject\",\"url\":974234},\"datePublished\":\"2018-04-04T05:51:57+02:00\",\"dateModified\":\"2018-04-04T05:51:57+02:00\",\"inLanguage\":\"es-ES\",\"mainEntityOfPage\":{\"@id\":\"https:\\\/\\\/www.eldigitaldeasturias.com\\\/noticias\\\/aumenta-el-numero-de-fallecidos-en-la-frontera-entre-israel-y-gaza\\\/#webpage\"},\"isPartOf\":{\"@id\":\"https:\\\/\\\/www.eldigitaldeasturias.com\\\/noticias\\\/aumenta-el-numero-de-fallecidos-en-la-frontera-entre-israel-y-gaza\\\/#webpage\"},\"articleSection\":\"Actualidad\"},{\"@type\":\"BreadcrumbList\",\"@id\":\"https:\\\/\\\/www.eldigitaldeasturias.com\\\/noticias\\\/aumenta-el-numero-de-fallecidos-en-la-frontera-entre-israel-y-gaza\\\/#breadcrumblist\",\"itemListElement\":[{\"@type\":\"ListItem\",\"@id\":\"https:\\\/\\\/www.eldigitaldeasturias.com\\\/noticias#listItem\",\"position\":1,\"name\":\"Home\",\"item\":\"https:\\\/\\\/www.eldigitaldeasturias.com\\\/noticias\",\"nextItem\":{\"@type\":\"ListItem\",\"@id\":\"https:\\\/\\\/www.eldigitaldeasturias.com\\\/noticias\\\/category\\\/actualidad\\\/#listItem\",\"name\":\"Actualidad\"}},{\"@type\":\"ListItem\",\"@id\":\"https:\\\/\\\/www.eldigitaldeasturias.com\\\/noticias\\\/category\\\/actualidad\\\/#listItem\",\"position\":2,\"name\":\"Actualidad\",\"item\":\"https:\\\/\\\/www.eldigitaldeasturias.com\\\/noticias\\\/category\\\/actualidad\\\/\",\"nextItem\":{\"@type\":\"ListItem\",\"@id\":\"https:\\\/\\\/www.eldigitaldeasturias.com\\\/noticias\\\/aumenta-el-numero-de-fallecidos-en-la-frontera-entre-israel-y-gaza\\\/#listItem\",\"name\":\"Aumenta el n\\u00famero de fallecidos en la frontera entre Israel y Gaza\"},\"previousItem\":{\"@type\":\"ListItem\",\"@id\":\"https:\\\/\\\/www.eldigitaldeasturias.com\\\/noticias#listItem\",\"name\":\"Home\"}},{\"@type\":\"ListItem\",\"@id\":\"https:\\\/\\\/www.eldigitaldeasturias.com\\\/noticias\\\/aumenta-el-numero-de-fallecidos-en-la-frontera-entre-israel-y-gaza\\\/#listItem\",\"position\":3,\"name\":\"Aumenta el n\\u00famero de fallecidos en la frontera entre Israel y Gaza\",\"previousItem\":{\"@type\":\"ListItem\",\"@id\":\"https:\\\/\\\/www.eldigitaldeasturias.com\\\/noticias\\\/category\\\/actualidad\\\/#listItem\",\"name\":\"Actualidad\"}}]},{\"@type\":\"Organization\",\"@id\":\"https:\\\/\\\/www.eldigitaldeasturias.com\\\/noticias\\\/#organization\",\"name\":\"El Digital de Asturias\",\"description\":\"Hemeroteca\",\"url\":\"https:\\\/\\\/www.eldigitaldeasturias.com\\\/noticias\\\/\",\"email\":\"info@eldigitaldeasturias.com\",\"telephone\":\"+34652131393\",\"logo\":{\"@type\":\"ImageObject\",\"url\":\"https:\\\/\\\/www.eldigitaldeasturias.com\\\/noticias\\\/wp-content\\\/uploads\\\/2020\\\/12\\\/EDA.jpg\",\"@id\":\"https:\\\/\\\/www.eldigitaldeasturias.com\\\/noticias\\\/aumenta-el-numero-de-fallecidos-en-la-frontera-entre-israel-y-gaza\\\/#organizationLogo\"},\"image\":{\"@id\":\"https:\\\/\\\/www.eldigitaldeasturias.com\\\/noticias\\\/aumenta-el-numero-de-fallecidos-en-la-frontera-entre-israel-y-gaza\\\/#organizationLogo\"},\"sameAs\":[\"https:\\\/\\\/facebook.com\\\/eldigitaldeasturias\",\"https:\\\/\\\/www.youtube.com\\\/channel\\\/UCZP-2wLEB9Rv6erhFmqVnvg\"],\"address\":{\"@id\":\"https:\\\/\\\/www.eldigitaldeasturias.com\\\/noticias\\\/#postaladdress\",\"@type\":\"PostalAddress\",\"streetAddress\":\"san antonio 4\",\"postalCode\":\"33430\",\"addressLocality\":\"Cand\\u00e1s\",\"addressRegion\":\"Asturias\",\"addressCountry\":\"ES\"}},{\"@type\":\"Person\",\"@id\":\"https:\\\/\\\/www.eldigitaldeasturias.com\\\/noticias\\\/author\\\/admin\\\/#author\",\"url\":\"https:\\\/\\\/www.eldigitaldeasturias.com\\\/noticias\\\/author\\\/admin\\\/\",\"name\":\"El Digital de Asturias\",\"image\":{\"@type\":\"ImageObject\",\"@id\":\"https:\\\/\\\/www.eldigitaldeasturias.com\\\/noticias\\\/aumenta-el-numero-de-fallecidos-en-la-frontera-entre-israel-y-gaza\\\/#authorImage\",\"url\":\"https:\\\/\\\/secure.gravatar.com\\\/avatar\\\/df2aeffc32bcd13f8d26072ef8a91b623d677766deac7f97ca815868cd41bf5e?s=96&d=mm&r=g\",\"width\":96,\"height\":96,\"caption\":\"El Digital de Asturias\"}},{\"@type\":\"WebPage\",\"@id\":\"https:\\\/\\\/www.eldigitaldeasturias.com\\\/noticias\\\/aumenta-el-numero-de-fallecidos-en-la-frontera-entre-israel-y-gaza\\\/#webpage\",\"url\":\"https:\\\/\\\/www.eldigitaldeasturias.com\\\/noticias\\\/aumenta-el-numero-de-fallecidos-en-la-frontera-entre-israel-y-gaza\\\/\",\"name\":\"Aumenta el n\\u00famero de fallecidos en la frontera entre Israel y Gaza - El Digital de Asturias\",\"description\":\"Tel Aviv, 3 abr (dpa) - Un palestino muri\\u00f3 hoy en un nuevo enfrentamiento con el Ej\\u00e9rcito israel\\u00ed en la frontera con la Franja de Gaza, inform\\u00f3 el Ministerio de Sanidad palestino, despu\\u00e9s de que Human Rights Watch criticara la actuaci\\u00f3n de Israel durante las protestas del viernes, que dejaron 18 muertos. La muerte hoy\",\"inLanguage\":\"es-ES\",\"isPartOf\":{\"@id\":\"https:\\\/\\\/www.eldigitaldeasturias.com\\\/noticias\\\/#website\"},\"breadcrumb\":{\"@id\":\"https:\\\/\\\/www.eldigitaldeasturias.com\\\/noticias\\\/aumenta-el-numero-de-fallecidos-en-la-frontera-entre-israel-y-gaza\\\/#breadcrumblist\"},\"author\":{\"@id\":\"https:\\\/\\\/www.eldigitaldeasturias.com\\\/noticias\\\/author\\\/admin\\\/#author\"},\"creator\":{\"@id\":\"https:\\\/\\\/www.eldigitaldeasturias.com\\\/noticias\\\/author\\\/admin\\\/#author\"},\"image\":{\"@type\":\"ImageObject\",\"url\":974234,\"@id\":\"https:\\\/\\\/www.eldigitaldeasturias.com\\\/noticias\\\/aumenta-el-numero-de-fallecidos-en-la-frontera-entre-israel-y-gaza\\\/#mainImage\"},\"primaryImageOfPage\":{\"@id\":\"https:\\\/\\\/www.eldigitaldeasturias.com\\\/noticias\\\/aumenta-el-numero-de-fallecidos-en-la-frontera-entre-israel-y-gaza\\\/#mainImage\"},\"datePublished\":\"2018-04-04T05:51:57+02:00\",\"dateModified\":\"2018-04-04T05:51:57+02:00\"},{\"@type\":\"WebSite\",\"@id\":\"https:\\\/\\\/www.eldigitaldeasturias.com\\\/noticias\\\/#website\",\"url\":\"https:\\\/\\\/www.eldigitaldeasturias.com\\\/noticias\\\/\",\"name\":\"El Digital de Asturias - Diario de actualidad y noticias\",\"alternateName\":\"El Digital de Asturias - Diario de actualidad y noticias\",\"description\":\"Hemeroteca\",\"inLanguage\":\"es-ES\",\"publisher\":{\"@id\":\"https:\\\/\\\/www.eldigitaldeasturias.com\\\/noticias\\\/#organization\"}}]}\n\t\t<\/script>\n\t\t<!-- All in One SEO Pro -->\r\n\t\t<title>Aumenta el n\u00famero de fallecidos en la frontera entre Israel y Gaza - El Digital de Asturias<\/title>\n\n","aioseo_head_json":{"title":"Aumenta el n\u00famero de fallecidos en la frontera entre Israel y Gaza - El Digital de Asturias","description":"Tel Aviv, 3 abr (dpa) - Un palestino muri\u00f3 hoy en un nuevo enfrentamiento con el Ej\u00e9rcito israel\u00ed en la frontera con la Franja de Gaza, inform\u00f3 el Ministerio de Sanidad palestino, despu\u00e9s de que Human Rights Watch criticara la actuaci\u00f3n de Israel durante las protestas del viernes, que dejaron 18 muertos. La muerte hoy","canonical_url":"https:\/\/www.eldigitaldeasturias.com\/noticias\/aumenta-el-numero-de-fallecidos-en-la-frontera-entre-israel-y-gaza\/","robots":"max-image-preview:large","keywords":"actualidad","webmasterTools":{"google-site-verification":"UA-38556648-1","msvalidate.01":"7dfe9f3f1b24437ab69f4f2559babe99","miscellaneous":""},"schema":{"@context":"https:\/\/schema.org","@graph":[{"@type":"BlogPosting","@id":"https:\/\/www.eldigitaldeasturias.com\/noticias\/aumenta-el-numero-de-fallecidos-en-la-frontera-entre-israel-y-gaza\/#blogposting","name":"Aumenta el n\u00famero de fallecidos en la frontera entre Israel y Gaza - El Digital de Asturias","headline":"Aumenta el n\u00famero de fallecidos en la frontera entre Israel y Gaza","author":{"@id":"https:\/\/www.eldigitaldeasturias.com\/noticias\/author\/admin\/#author"},"publisher":{"@id":"https:\/\/www.eldigitaldeasturias.com\/noticias\/#organization"},"image":{"@type":"ImageObject","url":974234},"datePublished":"2018-04-04T05:51:57+02:00","dateModified":"2018-04-04T05:51:57+02:00","inLanguage":"es-ES","mainEntityOfPage":{"@id":"https:\/\/www.eldigitaldeasturias.com\/noticias\/aumenta-el-numero-de-fallecidos-en-la-frontera-entre-israel-y-gaza\/#webpage"},"isPartOf":{"@id":"https:\/\/www.eldigitaldeasturias.com\/noticias\/aumenta-el-numero-de-fallecidos-en-la-frontera-entre-israel-y-gaza\/#webpage"},"articleSection":"Actualidad"},{"@type":"BreadcrumbList","@id":"https:\/\/www.eldigitaldeasturias.com\/noticias\/aumenta-el-numero-de-fallecidos-en-la-frontera-entre-israel-y-gaza\/#breadcrumblist","itemListElement":[{"@type":"ListItem","@id":"https:\/\/www.eldigitaldeasturias.com\/noticias#listItem","position":1,"name":"Home","item":"https:\/\/www.eldigitaldeasturias.com\/noticias","nextItem":{"@type":"ListItem","@id":"https:\/\/www.eldigitaldeasturias.com\/noticias\/category\/actualidad\/#listItem","name":"Actualidad"}},{"@type":"ListItem","@id":"https:\/\/www.eldigitaldeasturias.com\/noticias\/category\/actualidad\/#listItem","position":2,"name":"Actualidad","item":"https:\/\/www.eldigitaldeasturias.com\/noticias\/category\/actualidad\/","nextItem":{"@type":"ListItem","@id":"https:\/\/www.eldigitaldeasturias.com\/noticias\/aumenta-el-numero-de-fallecidos-en-la-frontera-entre-israel-y-gaza\/#listItem","name":"Aumenta el n\u00famero de fallecidos en la frontera entre Israel y Gaza"},"previousItem":{"@type":"ListItem","@id":"https:\/\/www.eldigitaldeasturias.com\/noticias#listItem","name":"Home"}},{"@type":"ListItem","@id":"https:\/\/www.eldigitaldeasturias.com\/noticias\/aumenta-el-numero-de-fallecidos-en-la-frontera-entre-israel-y-gaza\/#listItem","position":3,"name":"Aumenta el n\u00famero de fallecidos en la frontera entre Israel y Gaza","previousItem":{"@type":"ListItem","@id":"https:\/\/www.eldigitaldeasturias.com\/noticias\/category\/actualidad\/#listItem","name":"Actualidad"}}]},{"@type":"Organization","@id":"https:\/\/www.eldigitaldeasturias.com\/noticias\/#organization","name":"El Digital de Asturias","description":"Hemeroteca","url":"https:\/\/www.eldigitaldeasturias.com\/noticias\/","email":"info@eldigitaldeasturias.com","telephone":"+34652131393","logo":{"@type":"ImageObject","url":"https:\/\/www.eldigitaldeasturias.com\/noticias\/wp-content\/uploads\/2020\/12\/EDA.jpg","@id":"https:\/\/www.eldigitaldeasturias.com\/noticias\/aumenta-el-numero-de-fallecidos-en-la-frontera-entre-israel-y-gaza\/#organizationLogo"},"image":{"@id":"https:\/\/www.eldigitaldeasturias.com\/noticias\/aumenta-el-numero-de-fallecidos-en-la-frontera-entre-israel-y-gaza\/#organizationLogo"},"sameAs":["https:\/\/facebook.com\/eldigitaldeasturias","https:\/\/www.youtube.com\/channel\/UCZP-2wLEB9Rv6erhFmqVnvg"],"address":{"@id":"https:\/\/www.eldigitaldeasturias.com\/noticias\/#postaladdress","@type":"PostalAddress","streetAddress":"san antonio 4","postalCode":"33430","addressLocality":"Cand\u00e1s","addressRegion":"Asturias","addressCountry":"ES"}},{"@type":"Person","@id":"https:\/\/www.eldigitaldeasturias.com\/noticias\/author\/admin\/#author","url":"https:\/\/www.eldigitaldeasturias.com\/noticias\/author\/admin\/","name":"El Digital de Asturias","image":{"@type":"ImageObject","@id":"https:\/\/www.eldigitaldeasturias.com\/noticias\/aumenta-el-numero-de-fallecidos-en-la-frontera-entre-israel-y-gaza\/#authorImage","url":"https:\/\/secure.gravatar.com\/avatar\/df2aeffc32bcd13f8d26072ef8a91b623d677766deac7f97ca815868cd41bf5e?s=96&d=mm&r=g","width":96,"height":96,"caption":"El Digital de Asturias"}},{"@type":"WebPage","@id":"https:\/\/www.eldigitaldeasturias.com\/noticias\/aumenta-el-numero-de-fallecidos-en-la-frontera-entre-israel-y-gaza\/#webpage","url":"https:\/\/www.eldigitaldeasturias.com\/noticias\/aumenta-el-numero-de-fallecidos-en-la-frontera-entre-israel-y-gaza\/","name":"Aumenta el n\u00famero de fallecidos en la frontera entre Israel y Gaza - El Digital de Asturias","description":"Tel Aviv, 3 abr (dpa) - Un palestino muri\u00f3 hoy en un nuevo enfrentamiento con el Ej\u00e9rcito israel\u00ed en la frontera con la Franja de Gaza, inform\u00f3 el Ministerio de Sanidad palestino, despu\u00e9s de que Human Rights Watch criticara la actuaci\u00f3n de Israel durante las protestas del viernes, que dejaron 18 muertos. La muerte hoy","inLanguage":"es-ES","isPartOf":{"@id":"https:\/\/www.eldigitaldeasturias.com\/noticias\/#website"},"breadcrumb":{"@id":"https:\/\/www.eldigitaldeasturias.com\/noticias\/aumenta-el-numero-de-fallecidos-en-la-frontera-entre-israel-y-gaza\/#breadcrumblist"},"author":{"@id":"https:\/\/www.eldigitaldeasturias.com\/noticias\/author\/admin\/#author"},"creator":{"@id":"https:\/\/www.eldigitaldeasturias.com\/noticias\/author\/admin\/#author"},"image":{"@type":"ImageObject","url":974234,"@id":"https:\/\/www.eldigitaldeasturias.com\/noticias\/aumenta-el-numero-de-fallecidos-en-la-frontera-entre-israel-y-gaza\/#mainImage"},"primaryImageOfPage":{"@id":"https:\/\/www.eldigitaldeasturias.com\/noticias\/aumenta-el-numero-de-fallecidos-en-la-frontera-entre-israel-y-gaza\/#mainImage"},"datePublished":"2018-04-04T05:51:57+02:00","dateModified":"2018-04-04T05:51:57+02:00"},{"@type":"WebSite","@id":"https:\/\/www.eldigitaldeasturias.com\/noticias\/#website","url":"https:\/\/www.eldigitaldeasturias.com\/noticias\/","name":"El Digital de Asturias - Diario de actualidad y noticias","alternateName":"El Digital de Asturias - Diario de actualidad y noticias","description":"Hemeroteca","inLanguage":"es-ES","publisher":{"@id":"https:\/\/www.eldigitaldeasturias.com\/noticias\/#organization"}}]},"og:locale":"es_ES","og:site_name":"El Digital de Asturias","og:type":"article","og:title":"Aumenta el n\u00famero de fallecidos en la frontera entre Israel y Gaza - El Digital de Asturias","og:description":"Tel Aviv, 3 abr (dpa) - Un palestino muri\u00f3 hoy en un nuevo enfrentamiento con el Ej\u00e9rcito israel\u00ed en la frontera con la Franja de Gaza, inform\u00f3 el Ministerio de Sanidad palestino, despu\u00e9s de que Human Rights Watch criticara la actuaci\u00f3n de Israel durante las protestas del viernes, que dejaron 18 muertos. La muerte hoy","og:url":"https:\/\/www.eldigitaldeasturias.com\/noticias\/aumenta-el-numero-de-fallecidos-en-la-frontera-entre-israel-y-gaza\/","article:tag":["actualidad"],"article:published_time":"2018-04-04T05:51:57+00:00","article:modified_time":"2018-04-04T05:51:57+00:00","article:publisher":"https:\/\/facebook.com\/eldigitaldeasturias","twitter:card":"summary_large_image","twitter:title":"Aumenta el n\u00famero de fallecidos en la frontera entre Israel y Gaza - El Digital de Asturias","twitter:description":"Tel Aviv, 3 abr (dpa) - Un palestino muri\u00f3 hoy en un nuevo enfrentamiento con el Ej\u00e9rcito israel\u00ed en la frontera con la Franja de Gaza, inform\u00f3 el Ministerio de Sanidad palestino, despu\u00e9s de que Human Rights Watch criticara la actuaci\u00f3n de Israel durante las protestas del viernes, que dejaron 18 muertos. La muerte hoy","twitter:image":"https:\/\/www.eldigitaldeasturias.com\/noticias\/wp-content\/uploads\/2020\/12\/EDA-1.jpg","twitter:label1":"Escrito por","twitter:data1":"El Digital de Asturias","twitter:label2":"Tiempo de lectura estimado","twitter:data2":"2 minutos"},"aioseo_meta_data":{"post_id":"974630","title":null,"description":null,"keywords":null,"keyphrases":null,"primary_term":null,"canonical_url":null,"og_title":null,"og_description":null,"og_object_type":"default","og_image_type":"default","og_image_url":null,"og_image_width":null,"og_image_height":null,"og_image_custom_url":null,"og_image_custom_fields":null,"og_video":null,"og_custom_url":null,"og_article_section":null,"og_article_tags":null,"twitter_use_og":false,"twitter_card":"default","twitter_image_type":"default","twitter_image_url":null,"twitter_image_custom_url":null,"twitter_image_custom_fields":null,"twitter_title":null,"twitter_description":null,"schema":{"blockGraphs":[],"customGraphs":[],"default":{"data":{"Article":[],"Course":[],"Dataset":[],"FAQPage":[],"Movie":[],"Person":[],"Product":[],"ProductReview":[],"Car":[],"Recipe":[],"Service":[],"SoftwareApplication":[],"WebPage":[]},"graphName":"","isEnabled":true},"graphs":[],"defaultGraph":"","defaultPostTypeGraph":""},"schema_type":null,"schema_type_options":null,"pillar_content":false,"robots_default":true,"robots_noindex":false,"robots_noarchive":false,"robots_nosnippet":false,"robots_nofollow":false,"robots_noimageindex":false,"robots_noodp":false,"robots_notranslate":false,"robots_max_snippet":null,"robots_max_videopreview":null,"robots_max_imagepreview":"large","priority":null,"frequency":null,"local_seo":null,"seo_analyzer_scan_date":"2025-10-07 20:56:06","breadcrumb_settings":null,"limit_modified_date":false,"open_ai":null,"ai":null,"created":"2020-12-21 12:12:39","updated":"2025-10-07 20:56:06","focus_keyword":null,"additional_keywords":null,"truseo_locale":null},"aioseo_breadcrumb":"<div class=\"aioseo-breadcrumbs\"><span class=\"aioseo-breadcrumb\">\n\t<a href=\"https:\/\/www.eldigitaldeasturias.com\/noticias\" title=\"Home\">Home<\/a>\n<\/span><span class=\"aioseo-breadcrumb-separator\">\u2013<\/span><span class=\"aioseo-breadcrumb\">\n\t<a href=\"https:\/\/www.eldigitaldeasturias.com\/noticias\/category\/actualidad\/\" title=\"Actualidad\">Actualidad<\/a>\n<\/span><span class=\"aioseo-breadcrumb-separator\">\u2013<\/span><span class=\"aioseo-breadcrumb\">\n\t<a href=\"https:\/\/www.eldigitaldeasturias.com\/noticias\/aumenta-el-numero-de-fallecidos-en-la-frontera-entre-israel-y-gaza\/\" title=\"Aumenta el n\u00famero de fallecidos en la frontera entre Israel y Gaza\">Aumenta el n\u00famero de fallecidos en la frontera entre Israel y Gaza<\/a>\n<\/span><\/div>","aioseo_breadcrumb_json":[{"label":"Home","link":"https:\/\/www.eldigitaldeasturias.com\/noticias"},{"label":"Actualidad","link":"https:\/\/www.eldigitaldeasturias.com\/noticias\/category\/actualidad\/"},{"label":"Aumenta el n\u00famero de fallecidos en la frontera entre Israel y Gaza","link":"https:\/\/www.eldigitaldeasturias.com\/noticias\/aumenta-el-numero-de-fallecidos-en-la-frontera-entre-israel-y-gaza\/"}],"_links":{"self":[{"href":"https:\/\/www.eldigitaldeasturias.com\/noticias\/wp-json\/wp\/v2\/posts\/974630","targetHints":{"allow":["GET"]}}],"collection":[{"href":"https:\/\/www.eldigitaldeasturias.com\/noticias\/wp-json\/wp\/v2\/posts"}],"about":[{"href":"https:\/\/www.eldigitaldeasturias.com\/noticias\/wp-json\/wp\/v2\/types\/post"}],"author":[{"embeddable":true,"href":"https:\/\/www.eldigitaldeasturias.com\/noticias\/wp-json\/wp\/v2\/users\/1"}],"replies":[{"embeddable":true,"href":"https:\/\/www.eldigitaldeasturias.com\/noticias\/wp-json\/wp\/v2\/comments?post=974630"}],"version-history":[{"count":0,"href":"https:\/\/www.eldigitaldeasturias.com\/noticias\/wp-json\/wp\/v2\/posts\/974630\/revisions"}],"wp:attachment":[{"href":"https:\/\/www.eldigitaldeasturias.com\/noticias\/wp-json\/wp\/v2\/media?parent=974630"}],"wp:term":[{"taxonomy":"category","embeddable":true,"href":"https:\/\/www.eldigitaldeasturias.com\/noticias\/wp-json\/wp\/v2\/categories?post=974630"},{"taxonomy":"post_tag","embeddable":true,"href":"https:\/\/www.eldigitaldeasturias.com\/noticias\/wp-json\/wp\/v2\/tags?post=974630"}],"curies":[{"name":"wp","href":"https:\/\/api.w.org\/{rel}","templated":true}]}}