{"id":974609,"date":"2018-04-04T05:18:22","date_gmt":"2018-04-04T05:18:22","guid":{"rendered":"http:\/\/www.eldigitaldeasturias.com\/noticias\/?p=974609"},"modified":"2018-04-04T05:18:22","modified_gmt":"2018-04-04T05:18:22","slug":"medio-ano-de-metoo-que-ha-provocado-el-debate-del-sexismo","status":"publish","type":"post","link":"https:\/\/www.eldigitaldeasturias.com\/noticias\/medio-ano-de-metoo-que-ha-provocado-el-debate-del-sexismo\/","title":{"rendered":"Medio a\u00f1o de #MeToo: \u00bfQu\u00e9 ha provocado el debate del sexismo?"},"content":{"rendered":"<p><img loading=\"lazy\" decoding=\"async\" class=\"alignleft size-medium wp-image-969030\" src=\"https:\/\/www.eldigitaldeasturias.com\/noticias\/wp-content\/uploads\/2018\/02\/macbook-577758_1280-1-360x239.jpg\" alt=\"\" width=\"360\" height=\"239\" \/>Berl\u00edn, 3 abr (dpa) &#8211; El esc\u00e1ndalo Weinstein, que abri\u00f3 el debate sobre sexismo y acoso sexual bajo la etiqueta #MeToo, estall\u00f3 hace seis meses en Estados Unidos, pero r\u00e1pidamente se transform\u00f3 en un movimiento mundial. \u00bfCu\u00e1les son las consecuencias que ha tenido #MeToo en las distintas regiones del mundo?<\/p>\n<p><strong>Estados Unidos<\/strong>: En octubre de 2017 unos art\u00edculos en el \u00abNew York Times\u00bb y en la revista \u00abNew Yorker\u00bb provocaron una avalancha: Ashley Judd y otras actrices acusaron al productor de cine Harvey Weinstein de acoso sexual. Cada vez se les unieron m\u00e1s mujeres y hasta el momento sum\u00e1s m\u00e1s de 80 las mujeres que hablaron de acusaciones similares y denunciaron incluso violaciones por parte del productor.<\/p>\n<p>Weinstein reconoci\u00f3 haberse comportado de forma incorrecta, pero neg\u00f3 una y otra vez las acusaciones de sexo no consentido. Se supone que ahora se encuentra en terapia. Su mujer se separ\u00f3 de \u00e9l y la empresa fundada por \u00e9l, que tuvo que declararse insolvente, lo despidi\u00f3. No se sabe si habr\u00e1 un juicio contra Weinstein ni cu\u00e1ndo.<\/p>\n<p>El esc\u00e1ndalo de Weinstein desat\u00f3 el debate de #MeToo, un movimiento mundial en el que cientos de miles de afectados, sobre todo mujeres, pero tambi\u00e9n hombres, contaron p\u00fablicamente sus experiencias y lanzaron acusaciones de abusos. Desde la industria del cine, el debate se extendi\u00f3 a otros sectores, se presentaron nuevas acusaciones y muchos perdieron su trabajo.<\/p>\n<p><strong>Espa\u00f1a<\/strong>: El estallido del esc\u00e1ndalo Weinstein llev\u00f3 a actrices como Aitana S\u00e1nchez Gij\u00f3n o Maru Valdivieso a contar experiencias de acoso, si bien en Espa\u00f1a no hubo una ola de denuncias ni productores o directores que quedaran en el punto de mira. El tema s\u00ed encendi\u00f3 el reclamo de m\u00e1s igualdad en el cine y domin\u00f3 en febrero la gala de los Premios Goya, los m\u00e1s importantes de la industria en Espa\u00f1a. Figuras como Pen\u00e9lope Cruz, Isabel Coixet, Carla Sim\u00f3n o Leticia Dolera -convertida en referente del nuevo feminismo- alzaron la voz con un mismo pedido: \u00abM\u00e1s mujeres en el cine\u00bb. En ese clima reivindicativo, Espa\u00f1a vivi\u00f3 una hist\u00f3rica huelga el 8 de marzo, D\u00eda internacional de la mujer trabajadora, cuando millones de mujeres salieron a la calle con el lema \u00abSi nosotras paramos, se para el mundo\u00bb y dejaron im\u00e1genes que dieron la vuelta al mundo.<\/p>\n<p><strong>M\u00e9xico<\/strong>: Aunque en M\u00e9xico es constante que aparezcan diferentes expresiones feministas, normalmente ocurre en redes sociales. Hace un a\u00f1o se volvi\u00f3 tendencia el hashtag #DenunciaATuAcosador, con el que cientos de mujeres empezaron a contar sus experiencias de acoso callejero.<\/p>\n<p>Sin embargo, el #MeToo lleg\u00f3 en febrero con los testimonios de un grupo de actrices y deportistas. En una entrevista con la periodista Carmen Aristegui para la cadena CNN, la actriz Karla Souza, conocida por sus pel\u00edculas como \u00ab\u00bfQu\u00e9 culpa tiene el ni\u00f1o?\u00bb o la serie \u00abHow Get Away With Murders\u00bb, cont\u00f3 que cuando empezaba su carrera un director mexicano la acos\u00f3 y la viol\u00f3, aunque nunca mencion\u00f3 su nombre. Su testimonio se hizo pol\u00e9mico porque el mismo d\u00eda en que se difundi\u00f3, el gigante Televisa despidi\u00f3 al cineasta Gustavo Loza. Tras \u00abuna investigaci\u00f3n preliminar\u00bb, la cadena concluy\u00f3 que Loza hab\u00eda reca\u00eddo en esas conductas. El cineasta -que trabaj\u00f3 con Souza en \u00ab\u00bfQu\u00e9 culpa tiene el ni\u00f1o?\u00bb- neg\u00f3 las acusaciones y le exigi\u00f3 a la actriz decir el nombre del abusador, aunque esta nunca lleg\u00f3 a revelarlo ni desminti\u00f3 a Televisa.<\/p>\n<p>Muchos expresaron su apoyo a Souza y a las dem\u00e1s actrices que contaron sus experiencias, pero tambi\u00e9n fueron muy criticadas por grupos que restaron importancia a sus casos. A Souza, adem\u00e1s, le reprocharon no decir el nombre del abusador y dejar que Loza sea expuesto medi\u00e1ticamente.<\/p>\n<p><strong>Argentina<\/strong>: \u00abA m\u00ed me violaron en Madrid. Me cost\u00f3 darme cuenta de que era una violaci\u00f3n porque era una persona conocida m\u00eda\u00bb, dijo el 27 de enero \u00faltimo la actriz argentina Cecilia Roth. Su testimonio, entre otros tantos, se convirti\u00f3 acaso en el m\u00e1s resonante pronunciado en el pa\u00eds desde el surgimiento internacional del #MeToo.<\/p>\n<p>Actores, m\u00fasicos y presentadores de radio y televisi\u00f3n fueron denunciados en Argentina por mujeres que dijeron haber sufrido situaciones de acoso, violencia y hasta abuso sexual. En el pa\u00eds del #NiUnaMenos, el movimiento surgido en 2015 a partir de una serie de feminicidios y que traspas\u00f3 las fronteras, el 97 por ciento de las mujeres y transexuales fueron acosadas f\u00edsica o verbalmente al menos una vez en espacios p\u00fablicos o privados, y el 17 por ciento fue violada por su pareja, seg\u00fan una encuesta difundida a fines de 2016.<\/p>\n<p><strong>Reino Unido<\/strong>: El debate #MeToo afect\u00f3 en Reino Unido sobre todo a pol\u00edticos. Las acusaciones de acoso provocaron dimisiones de miembros del Gobierno, adem\u00e1s el ministro de Defensa Michael Fallon y el jefe de Gabinete Damian Green perdieron el puesto.<\/p>\n<p>Tambi\u00e9n surgieron acusaciones similares en el mundo del cine, de la m\u00fasica y de la moda. De hecho, Scotland Yard tambi\u00e9n est\u00e1 investigando en el caso de Weinstein.<\/p>\n<p>Casi 200 actrices brit\u00e1nicas e irlandesas fundaron una iniciativa para apoyar a las mujeres en el sector bajo el lema: \u00abHagamos de 2018 el a\u00f1o en el que acabe la era del acoso y el abuso sexual\u00bb.<\/p>\n<p>Tambi\u00e9n se acus\u00f3 al actor estadounidense Kevin Spacey de haber acosado sexualmente a al menos 20 hombres cuando era director art\u00edstico en el teatro londinense Old Vic Theater.<\/p>\n<p>Oxfam tambi\u00e9n admiti\u00f3 que algunos de sus trabajadores hab\u00edan exigido sexo a mujeres en Hait\u00ed y en el Chad a cambio de las ayudas. El director ejecutivo brit\u00e1nico de la organizaci\u00f3n, Mark Goldring, rest\u00f3 importancia al principio a los hechos, seg\u00fan los cr\u00edticos. En un primer momento dijo que se estaba atacando a su ONG como si hubieran \u00abasesinado a beb\u00e9s en sus cunas\u00bb.<\/p>\n<p><strong>Suecia<\/strong>: En realidad este pa\u00eds est\u00e1 considerado como el para\u00edso de la igualdad, por eso sorprendi\u00f3 a muchos lo mucho que cal\u00f3 aqu\u00ed el debate. Decenas de afectadas de diferentes sectores recogieron acusaciones y firmas: desde actrices y cantantes hasta abogadas, arque\u00f3logas, obreras, doctoras y pol\u00edticas. Seg\u00fan los medios hay cerca de 50 peticiones con m\u00e1s de 60.000 firmas en total.<\/p>\n<p>Las suecas no solo luchan contra el sexismo en los juzgados, sino tambi\u00e9n realizan exigencias concretas como lugares de trabajo sin discriminaci\u00f3n, malos tonos y acoso. Unas 40 empresas tuvieron que justificar su tratamiento de los casos de acoso ante el defensor del pueblo.<\/p>\n<p>Varios pol\u00edticos y presentadores tambi\u00e9n perdieron su trabajo y la Academia Sueca retir\u00f3 la invitaci\u00f3n a un experto en cultura, cuyo nombre no se public\u00f3, a la entrega del Premio Nobel.<\/p>\n<p>Pero tambi\u00e9n surgi\u00f3 un debate sobre la responsabilidad de los medios a la hora de publicar las acusaciones despu\u00e9s de que se suicidara un director de teatro de Estocolmo. Previamente un peri\u00f3dico lo hab\u00eda atacado por supuestamente comportarse de forma sexista en su trabajo.<\/p>\n<p>Adem\u00e1s, el Gobierno present\u00f3 una propuesta de ley seg\u00fan la cual dos personas deben expresar claramente su consentimiento antes de mantener relaciones sexuales. En caso contrario, se considerar\u00e1 violaci\u00f3n.<\/p>\n<p>El ex cantante de Abba Bj\u00f6rn Ulvaeus escribi\u00f3 en el peri\u00f3dico \u00abSvenska Dagbladet\u00bb que \u00e9l mismo y otros hombres tienen ahora mucho m\u00e1s cuidado en c\u00f3mo tratan a las mujeres. \u00abAntes de #MeToo no reflexionaba sobre estas situaciones. Pero que lo haga ahora me sienta bien y \u00bfpor qu\u00e9 demonios no lo habr\u00e9 hecho antes?\u00bb, dijo. \u00ab#MeToo es un punto de inflexi\u00f3n hist\u00f3rico. Estoy contento de que lo haya podido vivir\u00bb.<\/p>\n<p><strong>India<\/strong>: En cuando se comenz\u00f3 a utilizar la etiqueta #MeToo en las redes sociales, numerosas mujeres indias se unieron. En el pa\u00eds conservador se habl\u00f3 sobre el acoso sexual puede que de forma m\u00e1s abierta que nunca. La violencia sexual contra las mujeres es un grave problema en India. Los medios informaron sobre la triste frecuencia con la que se cometen horribles violaciones en el pa\u00eds, que a menudo acaban con la v\u00edctima muerta.<\/p>\n<p>Tambi\u00e9n algunas actrices de Bollywood contaron sus experiencias con el acoso sexual. Sin embargo, no se nombr\u00f3 a ning\u00fan autor conocido y hasta ahora no ha habido grandes consecuencias. La excepci\u00f3n se produjo en marzo, cuando se detuvo a un profesor en Nueva Delhi que hab\u00eda sido acusado de acoso por numerosas estudiantes. Sin embargo, el alcance del movimiento en India es reducido, pues solo uno de cada tres ciudadanos tiene acceso a Internet.<\/p>\n<p><strong>Mundo \u00e1rabe<\/strong>: En amplias partes del mundo \u00e1rabe, en el que la tasa de acoso sexual est\u00e1 entre las m\u00e1s altas, #MeToo solo jug\u00f3 un peque\u00f1o papel. Una de las principales razones podr\u00eda ser que all\u00ed el debate solo se produjo entre la \u00e9lite y a menudo en ingl\u00e9s. Esto deja fuera a la mayor parte de la poblaci\u00f3n.<\/p>\n<p>A pesar de ello, el famoso \u00abhashtag\u00bb tambi\u00e9n fue viral en algunos pa\u00edses \u00e1rabes, como en Egipto. Pero no es la primera vez que las mujeres elevan la voz: desde las revueltas de 2011 hubo campa\u00f1as similares en algunos pa\u00edses \u00e1rabes. Por ejemplo, en T\u00fanez se llev\u00f3 a cabo en septiembre una acci\u00f3n con el nombre \u00abLos acosadores no viajan con nosotras\u00bb contra los intentos de acercamiento en el transporte p\u00fablico.<\/p>\n<p>En el L\u00edbano tuvo efecto la campa\u00f1a \u00abNo est\u00e1 bien\u00bb, creada por el Ministerio de la Mujer y la Universidad Americana de Beirut. Tambi\u00e9n se present\u00f3 una ley que penaliza el acoso. Sin embargo, a\u00fan no ha entrado en vigor.<\/p>\n<p>Por el contrario, en muchos pa\u00edses \u00e1rabes la lucha contra el acoso y el abuso sexual no tuvo calado. En Yemen, por ejemplo, #MeToo desapareci\u00f3 r\u00e1pidamente y el pa\u00eds continua sin contar con una ley que proh\u00edba este comportamiento.<\/p>\n","protected":false},"excerpt":{"rendered":"<p>Berl\u00edn, 3 abr (dpa) &#8211; El esc\u00e1ndalo Weinstein, que abri\u00f3 el debate sobre sexismo y acoso sexual bajo la etiqueta #MeToo, estall\u00f3 hace seis meses en Estados Unidos, pero r\u00e1pidamente se transform\u00f3 en un movimiento mundial. \u00bfCu\u00e1les son las consecuencias que ha tenido #MeToo en las distintas regiones del mundo? Estados Unidos: En octubre de [&hellip;]<\/p>\n","protected":false},"author":1,"featured_media":968232,"comment_status":"closed","ping_status":"closed","sticky":false,"template":"","format":"standard","meta":{"footnotes":""},"categories":[1],"tags":[],"class_list":["post-974609","post","type-post","status-publish","format-standard","has-post-thumbnail","hentry","category-actualidad"],"aioseo_notices":[],"aioseo_head":"\n\t\t<!-- All in One SEO Pro 5.0.1 - aioseo.com -->\n\t<meta name=\"description\" content=\"Berl\u00edn, 3 abr (dpa) - El esc\u00e1ndalo Weinstein, que abri\u00f3 el debate sobre sexismo y acoso sexual bajo la etiqueta #MeToo, estall\u00f3 hace seis meses en Estados Unidos, pero r\u00e1pidamente se transform\u00f3 en un movimiento mundial. \u00bfCu\u00e1les son las consecuencias que ha tenido #MeToo en las distintas regiones del mundo? Estados Unidos: En octubre de\" \/>\n\t<meta name=\"robots\" content=\"max-image-preview:large\" \/>\n\t<meta name=\"author\" content=\"El Digital de Asturias\"\/>\n\t<meta name=\"google-site-verification\" content=\"UA-38556648-1\" \/>\n\t<meta name=\"msvalidate.01\" content=\"7dfe9f3f1b24437ab69f4f2559babe99\" \/>\n\t<meta name=\"keywords\" content=\"actualidad\" \/>\n\t<link rel=\"canonical\" href=\"https:\/\/www.eldigitaldeasturias.com\/noticias\/medio-ano-de-metoo-que-ha-provocado-el-debate-del-sexismo\/\" \/>\n\t<meta name=\"generator\" content=\"All in One SEO Pro (AIOSEO) 5.0.1\" \/>\n\t\t<meta property=\"og:locale\" content=\"es_ES\" \/>\n\t\t<meta property=\"og:site_name\" content=\"El Digital de Asturias\" \/>\n\t\t<meta property=\"og:type\" content=\"article\" \/>\n\t\t<meta property=\"og:title\" content=\"Medio a\u00f1o de #MeToo: \u00bfQu\u00e9 ha provocado el debate del sexismo? - El Digital de Asturias\" \/>\n\t\t<meta property=\"og:description\" content=\"Berl\u00edn, 3 abr (dpa) - El esc\u00e1ndalo Weinstein, que abri\u00f3 el debate sobre sexismo y acoso sexual bajo la etiqueta #MeToo, estall\u00f3 hace seis meses en Estados Unidos, pero r\u00e1pidamente se transform\u00f3 en un movimiento mundial. \u00bfCu\u00e1les son las consecuencias que ha tenido #MeToo en las distintas regiones del mundo? Estados Unidos: En octubre de\" \/>\n\t\t<meta property=\"og:url\" content=\"https:\/\/www.eldigitaldeasturias.com\/noticias\/medio-ano-de-metoo-que-ha-provocado-el-debate-del-sexismo\/\" \/>\n\t\t<meta property=\"article:tag\" content=\"actualidad\" \/>\n\t\t<meta property=\"article:published_time\" content=\"2018-04-04T05:18:22+00:00\" \/>\n\t\t<meta property=\"article:modified_time\" content=\"2018-04-04T05:18:22+00:00\" \/>\n\t\t<meta property=\"article:publisher\" content=\"https:\/\/facebook.com\/eldigitaldeasturias\" \/>\n\t\t<meta name=\"twitter:card\" content=\"summary_large_image\" \/>\n\t\t<meta name=\"twitter:title\" content=\"Medio a\u00f1o de #MeToo: \u00bfQu\u00e9 ha provocado el debate del sexismo? - El Digital de Asturias\" \/>\n\t\t<meta name=\"twitter:description\" content=\"Berl\u00edn, 3 abr (dpa) - El esc\u00e1ndalo Weinstein, que abri\u00f3 el debate sobre sexismo y acoso sexual bajo la etiqueta #MeToo, estall\u00f3 hace seis meses en Estados Unidos, pero r\u00e1pidamente se transform\u00f3 en un movimiento mundial. \u00bfCu\u00e1les son las consecuencias que ha tenido #MeToo en las distintas regiones del mundo? Estados Unidos: En octubre de\" \/>\n\t\t<meta name=\"twitter:image\" content=\"https:\/\/www.eldigitaldeasturias.com\/noticias\/wp-content\/uploads\/2020\/12\/EDA-1.jpg\" \/>\n\t\t<meta name=\"twitter:label1\" content=\"Escrito por\" \/>\n\t\t<meta name=\"twitter:data1\" content=\"El Digital de Asturias\" \/>\n\t\t<meta name=\"twitter:label2\" content=\"Tiempo de lectura estimado\" \/>\n\t\t<meta name=\"twitter:data2\" content=\"8 minutos\" \/>\n\t\t<script type=\"application\/ld+json\" class=\"aioseo-schema\">\n\t\t\t{\"@context\":\"https:\\\/\\\/schema.org\",\"@graph\":[{\"@type\":\"BlogPosting\",\"@id\":\"https:\\\/\\\/www.eldigitaldeasturias.com\\\/noticias\\\/medio-ano-de-metoo-que-ha-provocado-el-debate-del-sexismo\\\/#blogposting\",\"name\":\"Medio a\\u00f1o de #MeToo: \\u00bfQu\\u00e9 ha provocado el debate del sexismo? - El Digital de Asturias\",\"headline\":\"Medio a\\u00f1o de #MeToo: \\u00bfQu\\u00e9 ha provocado el debate del sexismo?\",\"author\":{\"@id\":\"https:\\\/\\\/www.eldigitaldeasturias.com\\\/noticias\\\/author\\\/admin\\\/#author\"},\"publisher\":{\"@id\":\"https:\\\/\\\/www.eldigitaldeasturias.com\\\/noticias\\\/#organization\"},\"image\":{\"@type\":\"ImageObject\",\"url\":968232},\"datePublished\":\"2018-04-04T05:18:22+02:00\",\"dateModified\":\"2018-04-04T05:18:22+02:00\",\"inLanguage\":\"es-ES\",\"mainEntityOfPage\":{\"@id\":\"https:\\\/\\\/www.eldigitaldeasturias.com\\\/noticias\\\/medio-ano-de-metoo-que-ha-provocado-el-debate-del-sexismo\\\/#webpage\"},\"isPartOf\":{\"@id\":\"https:\\\/\\\/www.eldigitaldeasturias.com\\\/noticias\\\/medio-ano-de-metoo-que-ha-provocado-el-debate-del-sexismo\\\/#webpage\"},\"articleSection\":\"Actualidad\"},{\"@type\":\"BreadcrumbList\",\"@id\":\"https:\\\/\\\/www.eldigitaldeasturias.com\\\/noticias\\\/medio-ano-de-metoo-que-ha-provocado-el-debate-del-sexismo\\\/#breadcrumblist\",\"itemListElement\":[{\"@type\":\"ListItem\",\"@id\":\"https:\\\/\\\/www.eldigitaldeasturias.com\\\/noticias#listItem\",\"position\":1,\"name\":\"Home\",\"item\":\"https:\\\/\\\/www.eldigitaldeasturias.com\\\/noticias\",\"nextItem\":{\"@type\":\"ListItem\",\"@id\":\"https:\\\/\\\/www.eldigitaldeasturias.com\\\/noticias\\\/category\\\/actualidad\\\/#listItem\",\"name\":\"Actualidad\"}},{\"@type\":\"ListItem\",\"@id\":\"https:\\\/\\\/www.eldigitaldeasturias.com\\\/noticias\\\/category\\\/actualidad\\\/#listItem\",\"position\":2,\"name\":\"Actualidad\",\"item\":\"https:\\\/\\\/www.eldigitaldeasturias.com\\\/noticias\\\/category\\\/actualidad\\\/\",\"nextItem\":{\"@type\":\"ListItem\",\"@id\":\"https:\\\/\\\/www.eldigitaldeasturias.com\\\/noticias\\\/medio-ano-de-metoo-que-ha-provocado-el-debate-del-sexismo\\\/#listItem\",\"name\":\"Medio a\\u00f1o de #MeToo: \\u00bfQu\\u00e9 ha provocado el debate del sexismo?\"},\"previousItem\":{\"@type\":\"ListItem\",\"@id\":\"https:\\\/\\\/www.eldigitaldeasturias.com\\\/noticias#listItem\",\"name\":\"Home\"}},{\"@type\":\"ListItem\",\"@id\":\"https:\\\/\\\/www.eldigitaldeasturias.com\\\/noticias\\\/medio-ano-de-metoo-que-ha-provocado-el-debate-del-sexismo\\\/#listItem\",\"position\":3,\"name\":\"Medio a\\u00f1o de #MeToo: \\u00bfQu\\u00e9 ha provocado el debate del sexismo?\",\"previousItem\":{\"@type\":\"ListItem\",\"@id\":\"https:\\\/\\\/www.eldigitaldeasturias.com\\\/noticias\\\/category\\\/actualidad\\\/#listItem\",\"name\":\"Actualidad\"}}]},{\"@type\":\"Organization\",\"@id\":\"https:\\\/\\\/www.eldigitaldeasturias.com\\\/noticias\\\/#organization\",\"name\":\"El Digital de Asturias\",\"description\":\"Hemeroteca\",\"url\":\"https:\\\/\\\/www.eldigitaldeasturias.com\\\/noticias\\\/\",\"email\":\"info@eldigitaldeasturias.com\",\"telephone\":\"+34652131393\",\"logo\":{\"@type\":\"ImageObject\",\"url\":\"https:\\\/\\\/www.eldigitaldeasturias.com\\\/noticias\\\/wp-content\\\/uploads\\\/2020\\\/12\\\/EDA.jpg\",\"@id\":\"https:\\\/\\\/www.eldigitaldeasturias.com\\\/noticias\\\/medio-ano-de-metoo-que-ha-provocado-el-debate-del-sexismo\\\/#organizationLogo\"},\"image\":{\"@id\":\"https:\\\/\\\/www.eldigitaldeasturias.com\\\/noticias\\\/medio-ano-de-metoo-que-ha-provocado-el-debate-del-sexismo\\\/#organizationLogo\"},\"sameAs\":[\"https:\\\/\\\/facebook.com\\\/eldigitaldeasturias\",\"https:\\\/\\\/www.youtube.com\\\/channel\\\/UCZP-2wLEB9Rv6erhFmqVnvg\"],\"address\":{\"@id\":\"https:\\\/\\\/www.eldigitaldeasturias.com\\\/noticias\\\/#postaladdress\",\"@type\":\"PostalAddress\",\"streetAddress\":\"san antonio 4\",\"postalCode\":\"33430\",\"addressLocality\":\"Cand\\u00e1s\",\"addressRegion\":\"Asturias\",\"addressCountry\":\"ES\"}},{\"@type\":\"Person\",\"@id\":\"https:\\\/\\\/www.eldigitaldeasturias.com\\\/noticias\\\/author\\\/admin\\\/#author\",\"url\":\"https:\\\/\\\/www.eldigitaldeasturias.com\\\/noticias\\\/author\\\/admin\\\/\",\"name\":\"El Digital de Asturias\",\"image\":{\"@type\":\"ImageObject\",\"@id\":\"https:\\\/\\\/www.eldigitaldeasturias.com\\\/noticias\\\/medio-ano-de-metoo-que-ha-provocado-el-debate-del-sexismo\\\/#authorImage\",\"url\":\"https:\\\/\\\/secure.gravatar.com\\\/avatar\\\/df2aeffc32bcd13f8d26072ef8a91b623d677766deac7f97ca815868cd41bf5e?s=96&d=mm&r=g\",\"width\":96,\"height\":96,\"caption\":\"El Digital de Asturias\"}},{\"@type\":\"WebPage\",\"@id\":\"https:\\\/\\\/www.eldigitaldeasturias.com\\\/noticias\\\/medio-ano-de-metoo-que-ha-provocado-el-debate-del-sexismo\\\/#webpage\",\"url\":\"https:\\\/\\\/www.eldigitaldeasturias.com\\\/noticias\\\/medio-ano-de-metoo-que-ha-provocado-el-debate-del-sexismo\\\/\",\"name\":\"Medio a\\u00f1o de #MeToo: \\u00bfQu\\u00e9 ha provocado el debate del sexismo? - El Digital de Asturias\",\"description\":\"Berl\\u00edn, 3 abr (dpa) - El esc\\u00e1ndalo Weinstein, que abri\\u00f3 el debate sobre sexismo y acoso sexual bajo la etiqueta #MeToo, estall\\u00f3 hace seis meses en Estados Unidos, pero r\\u00e1pidamente se transform\\u00f3 en un movimiento mundial. \\u00bfCu\\u00e1les son las consecuencias que ha tenido #MeToo en las distintas regiones del mundo? Estados Unidos: En octubre de\",\"inLanguage\":\"es-ES\",\"isPartOf\":{\"@id\":\"https:\\\/\\\/www.eldigitaldeasturias.com\\\/noticias\\\/#website\"},\"breadcrumb\":{\"@id\":\"https:\\\/\\\/www.eldigitaldeasturias.com\\\/noticias\\\/medio-ano-de-metoo-que-ha-provocado-el-debate-del-sexismo\\\/#breadcrumblist\"},\"author\":{\"@id\":\"https:\\\/\\\/www.eldigitaldeasturias.com\\\/noticias\\\/author\\\/admin\\\/#author\"},\"creator\":{\"@id\":\"https:\\\/\\\/www.eldigitaldeasturias.com\\\/noticias\\\/author\\\/admin\\\/#author\"},\"image\":{\"@type\":\"ImageObject\",\"url\":968232,\"@id\":\"https:\\\/\\\/www.eldigitaldeasturias.com\\\/noticias\\\/medio-ano-de-metoo-que-ha-provocado-el-debate-del-sexismo\\\/#mainImage\"},\"primaryImageOfPage\":{\"@id\":\"https:\\\/\\\/www.eldigitaldeasturias.com\\\/noticias\\\/medio-ano-de-metoo-que-ha-provocado-el-debate-del-sexismo\\\/#mainImage\"},\"datePublished\":\"2018-04-04T05:18:22+02:00\",\"dateModified\":\"2018-04-04T05:18:22+02:00\"},{\"@type\":\"WebSite\",\"@id\":\"https:\\\/\\\/www.eldigitaldeasturias.com\\\/noticias\\\/#website\",\"url\":\"https:\\\/\\\/www.eldigitaldeasturias.com\\\/noticias\\\/\",\"name\":\"El Digital de Asturias - Diario de actualidad y noticias\",\"alternateName\":\"El Digital de Asturias - Diario de actualidad y noticias\",\"description\":\"Hemeroteca\",\"inLanguage\":\"es-ES\",\"publisher\":{\"@id\":\"https:\\\/\\\/www.eldigitaldeasturias.com\\\/noticias\\\/#organization\"}}]}\n\t\t<\/script>\n\t\t<!-- All in One SEO Pro -->\r\n\t\t<title>Medio a\u00f1o de #MeToo: \u00bfQu\u00e9 ha provocado el debate del sexismo? - El Digital de Asturias<\/title>\n\n","aioseo_head_json":{"title":"Medio a\u00f1o de #MeToo: \u00bfQu\u00e9 ha provocado el debate del sexismo? - El Digital de Asturias","description":"Berl\u00edn, 3 abr (dpa) - El esc\u00e1ndalo Weinstein, que abri\u00f3 el debate sobre sexismo y acoso sexual bajo la etiqueta #MeToo, estall\u00f3 hace seis meses en Estados Unidos, pero r\u00e1pidamente se transform\u00f3 en un movimiento mundial. \u00bfCu\u00e1les son las consecuencias que ha tenido #MeToo en las distintas regiones del mundo? Estados Unidos: En octubre de","canonical_url":"https:\/\/www.eldigitaldeasturias.com\/noticias\/medio-ano-de-metoo-que-ha-provocado-el-debate-del-sexismo\/","robots":"max-image-preview:large","keywords":"actualidad","webmasterTools":{"google-site-verification":"UA-38556648-1","msvalidate.01":"7dfe9f3f1b24437ab69f4f2559babe99","miscellaneous":""},"schema":{"@context":"https:\/\/schema.org","@graph":[{"@type":"BlogPosting","@id":"https:\/\/www.eldigitaldeasturias.com\/noticias\/medio-ano-de-metoo-que-ha-provocado-el-debate-del-sexismo\/#blogposting","name":"Medio a\u00f1o de #MeToo: \u00bfQu\u00e9 ha provocado el debate del sexismo? - El Digital de Asturias","headline":"Medio a\u00f1o de #MeToo: \u00bfQu\u00e9 ha provocado el debate del sexismo?","author":{"@id":"https:\/\/www.eldigitaldeasturias.com\/noticias\/author\/admin\/#author"},"publisher":{"@id":"https:\/\/www.eldigitaldeasturias.com\/noticias\/#organization"},"image":{"@type":"ImageObject","url":968232},"datePublished":"2018-04-04T05:18:22+02:00","dateModified":"2018-04-04T05:18:22+02:00","inLanguage":"es-ES","mainEntityOfPage":{"@id":"https:\/\/www.eldigitaldeasturias.com\/noticias\/medio-ano-de-metoo-que-ha-provocado-el-debate-del-sexismo\/#webpage"},"isPartOf":{"@id":"https:\/\/www.eldigitaldeasturias.com\/noticias\/medio-ano-de-metoo-que-ha-provocado-el-debate-del-sexismo\/#webpage"},"articleSection":"Actualidad"},{"@type":"BreadcrumbList","@id":"https:\/\/www.eldigitaldeasturias.com\/noticias\/medio-ano-de-metoo-que-ha-provocado-el-debate-del-sexismo\/#breadcrumblist","itemListElement":[{"@type":"ListItem","@id":"https:\/\/www.eldigitaldeasturias.com\/noticias#listItem","position":1,"name":"Home","item":"https:\/\/www.eldigitaldeasturias.com\/noticias","nextItem":{"@type":"ListItem","@id":"https:\/\/www.eldigitaldeasturias.com\/noticias\/category\/actualidad\/#listItem","name":"Actualidad"}},{"@type":"ListItem","@id":"https:\/\/www.eldigitaldeasturias.com\/noticias\/category\/actualidad\/#listItem","position":2,"name":"Actualidad","item":"https:\/\/www.eldigitaldeasturias.com\/noticias\/category\/actualidad\/","nextItem":{"@type":"ListItem","@id":"https:\/\/www.eldigitaldeasturias.com\/noticias\/medio-ano-de-metoo-que-ha-provocado-el-debate-del-sexismo\/#listItem","name":"Medio a\u00f1o de #MeToo: \u00bfQu\u00e9 ha provocado el debate del sexismo?"},"previousItem":{"@type":"ListItem","@id":"https:\/\/www.eldigitaldeasturias.com\/noticias#listItem","name":"Home"}},{"@type":"ListItem","@id":"https:\/\/www.eldigitaldeasturias.com\/noticias\/medio-ano-de-metoo-que-ha-provocado-el-debate-del-sexismo\/#listItem","position":3,"name":"Medio a\u00f1o de #MeToo: \u00bfQu\u00e9 ha provocado el debate del sexismo?","previousItem":{"@type":"ListItem","@id":"https:\/\/www.eldigitaldeasturias.com\/noticias\/category\/actualidad\/#listItem","name":"Actualidad"}}]},{"@type":"Organization","@id":"https:\/\/www.eldigitaldeasturias.com\/noticias\/#organization","name":"El Digital de Asturias","description":"Hemeroteca","url":"https:\/\/www.eldigitaldeasturias.com\/noticias\/","email":"info@eldigitaldeasturias.com","telephone":"+34652131393","logo":{"@type":"ImageObject","url":"https:\/\/www.eldigitaldeasturias.com\/noticias\/wp-content\/uploads\/2020\/12\/EDA.jpg","@id":"https:\/\/www.eldigitaldeasturias.com\/noticias\/medio-ano-de-metoo-que-ha-provocado-el-debate-del-sexismo\/#organizationLogo"},"image":{"@id":"https:\/\/www.eldigitaldeasturias.com\/noticias\/medio-ano-de-metoo-que-ha-provocado-el-debate-del-sexismo\/#organizationLogo"},"sameAs":["https:\/\/facebook.com\/eldigitaldeasturias","https:\/\/www.youtube.com\/channel\/UCZP-2wLEB9Rv6erhFmqVnvg"],"address":{"@id":"https:\/\/www.eldigitaldeasturias.com\/noticias\/#postaladdress","@type":"PostalAddress","streetAddress":"san antonio 4","postalCode":"33430","addressLocality":"Cand\u00e1s","addressRegion":"Asturias","addressCountry":"ES"}},{"@type":"Person","@id":"https:\/\/www.eldigitaldeasturias.com\/noticias\/author\/admin\/#author","url":"https:\/\/www.eldigitaldeasturias.com\/noticias\/author\/admin\/","name":"El Digital de Asturias","image":{"@type":"ImageObject","@id":"https:\/\/www.eldigitaldeasturias.com\/noticias\/medio-ano-de-metoo-que-ha-provocado-el-debate-del-sexismo\/#authorImage","url":"https:\/\/secure.gravatar.com\/avatar\/df2aeffc32bcd13f8d26072ef8a91b623d677766deac7f97ca815868cd41bf5e?s=96&d=mm&r=g","width":96,"height":96,"caption":"El Digital de Asturias"}},{"@type":"WebPage","@id":"https:\/\/www.eldigitaldeasturias.com\/noticias\/medio-ano-de-metoo-que-ha-provocado-el-debate-del-sexismo\/#webpage","url":"https:\/\/www.eldigitaldeasturias.com\/noticias\/medio-ano-de-metoo-que-ha-provocado-el-debate-del-sexismo\/","name":"Medio a\u00f1o de #MeToo: \u00bfQu\u00e9 ha provocado el debate del sexismo? - El Digital de Asturias","description":"Berl\u00edn, 3 abr (dpa) - El esc\u00e1ndalo Weinstein, que abri\u00f3 el debate sobre sexismo y acoso sexual bajo la etiqueta #MeToo, estall\u00f3 hace seis meses en Estados Unidos, pero r\u00e1pidamente se transform\u00f3 en un movimiento mundial. \u00bfCu\u00e1les son las consecuencias que ha tenido #MeToo en las distintas regiones del mundo? Estados Unidos: En octubre de","inLanguage":"es-ES","isPartOf":{"@id":"https:\/\/www.eldigitaldeasturias.com\/noticias\/#website"},"breadcrumb":{"@id":"https:\/\/www.eldigitaldeasturias.com\/noticias\/medio-ano-de-metoo-que-ha-provocado-el-debate-del-sexismo\/#breadcrumblist"},"author":{"@id":"https:\/\/www.eldigitaldeasturias.com\/noticias\/author\/admin\/#author"},"creator":{"@id":"https:\/\/www.eldigitaldeasturias.com\/noticias\/author\/admin\/#author"},"image":{"@type":"ImageObject","url":968232,"@id":"https:\/\/www.eldigitaldeasturias.com\/noticias\/medio-ano-de-metoo-que-ha-provocado-el-debate-del-sexismo\/#mainImage"},"primaryImageOfPage":{"@id":"https:\/\/www.eldigitaldeasturias.com\/noticias\/medio-ano-de-metoo-que-ha-provocado-el-debate-del-sexismo\/#mainImage"},"datePublished":"2018-04-04T05:18:22+02:00","dateModified":"2018-04-04T05:18:22+02:00"},{"@type":"WebSite","@id":"https:\/\/www.eldigitaldeasturias.com\/noticias\/#website","url":"https:\/\/www.eldigitaldeasturias.com\/noticias\/","name":"El Digital de Asturias - Diario de actualidad y noticias","alternateName":"El Digital de Asturias - Diario de actualidad y noticias","description":"Hemeroteca","inLanguage":"es-ES","publisher":{"@id":"https:\/\/www.eldigitaldeasturias.com\/noticias\/#organization"}}]},"og:locale":"es_ES","og:site_name":"El Digital de Asturias","og:type":"article","og:title":"Medio a\u00f1o de #MeToo: \u00bfQu\u00e9 ha provocado el debate del sexismo? - El Digital de Asturias","og:description":"Berl\u00edn, 3 abr (dpa) - El esc\u00e1ndalo Weinstein, que abri\u00f3 el debate sobre sexismo y acoso sexual bajo la etiqueta #MeToo, estall\u00f3 hace seis meses en Estados Unidos, pero r\u00e1pidamente se transform\u00f3 en un movimiento mundial. \u00bfCu\u00e1les son las consecuencias que ha tenido #MeToo en las distintas regiones del mundo? Estados Unidos: En octubre de","og:url":"https:\/\/www.eldigitaldeasturias.com\/noticias\/medio-ano-de-metoo-que-ha-provocado-el-debate-del-sexismo\/","article:tag":["actualidad"],"article:published_time":"2018-04-04T05:18:22+00:00","article:modified_time":"2018-04-04T05:18:22+00:00","article:publisher":"https:\/\/facebook.com\/eldigitaldeasturias","twitter:card":"summary_large_image","twitter:title":"Medio a\u00f1o de #MeToo: \u00bfQu\u00e9 ha provocado el debate del sexismo? - El Digital de Asturias","twitter:description":"Berl\u00edn, 3 abr (dpa) - El esc\u00e1ndalo Weinstein, que abri\u00f3 el debate sobre sexismo y acoso sexual bajo la etiqueta #MeToo, estall\u00f3 hace seis meses en Estados Unidos, pero r\u00e1pidamente se transform\u00f3 en un movimiento mundial. \u00bfCu\u00e1les son las consecuencias que ha tenido #MeToo en las distintas regiones del mundo? Estados Unidos: En octubre de","twitter:image":"https:\/\/www.eldigitaldeasturias.com\/noticias\/wp-content\/uploads\/2020\/12\/EDA-1.jpg","twitter:label1":"Escrito por","twitter:data1":"El Digital de Asturias","twitter:label2":"Tiempo de lectura estimado","twitter:data2":"8 minutos"},"aioseo_meta_data":{"post_id":"974609","title":null,"description":null,"keywords":null,"keyphrases":null,"primary_term":null,"canonical_url":null,"og_title":null,"og_description":null,"og_object_type":"default","og_image_type":"default","og_image_url":null,"og_image_width":null,"og_image_height":null,"og_image_custom_url":null,"og_image_custom_fields":null,"og_video":null,"og_custom_url":null,"og_article_section":null,"og_article_tags":null,"twitter_use_og":false,"twitter_card":"default","twitter_image_type":"default","twitter_image_url":null,"twitter_image_custom_url":null,"twitter_image_custom_fields":null,"twitter_title":null,"twitter_description":null,"schema":{"blockGraphs":[],"customGraphs":[],"default":{"data":{"Article":[],"Course":[],"Dataset":[],"FAQPage":[],"Movie":[],"Person":[],"Product":[],"ProductReview":[],"Car":[],"Recipe":[],"Service":[],"SoftwareApplication":[],"WebPage":[]},"graphName":"","isEnabled":true},"graphs":[],"defaultGraph":"","defaultPostTypeGraph":""},"schema_type":null,"schema_type_options":null,"pillar_content":false,"robots_default":true,"robots_noindex":false,"robots_noarchive":false,"robots_nosnippet":false,"robots_nofollow":false,"robots_noimageindex":false,"robots_noodp":false,"robots_notranslate":false,"robots_max_snippet":null,"robots_max_videopreview":null,"robots_max_imagepreview":"large","priority":null,"frequency":null,"local_seo":null,"seo_analyzer_scan_date":"2025-10-07 20:49:09","breadcrumb_settings":null,"limit_modified_date":false,"open_ai":null,"ai":null,"created":"2020-12-21 12:13:38","updated":"2025-10-07 20:49:09","focus_keyword":null,"additional_keywords":null,"truseo_locale":null},"aioseo_breadcrumb":"<div class=\"aioseo-breadcrumbs\"><span class=\"aioseo-breadcrumb\">\n\t<a href=\"https:\/\/www.eldigitaldeasturias.com\/noticias\" title=\"Home\">Home<\/a>\n<\/span><span class=\"aioseo-breadcrumb-separator\">\u2013<\/span><span class=\"aioseo-breadcrumb\">\n\t<a href=\"https:\/\/www.eldigitaldeasturias.com\/noticias\/category\/actualidad\/\" title=\"Actualidad\">Actualidad<\/a>\n<\/span><span class=\"aioseo-breadcrumb-separator\">\u2013<\/span><span class=\"aioseo-breadcrumb\">\n\t<a href=\"https:\/\/www.eldigitaldeasturias.com\/noticias\/medio-ano-de-metoo-que-ha-provocado-el-debate-del-sexismo\/\" title=\"Medio a\u00f1o de #MeToo: \u00bfQu\u00e9 ha provocado el debate del sexismo?\">Medio a\u00f1o de #MeToo: \u00bfQu\u00e9 ha provocado el debate del sexismo?<\/a>\n<\/span><\/div>","aioseo_breadcrumb_json":[{"label":"Home","link":"https:\/\/www.eldigitaldeasturias.com\/noticias"},{"label":"Actualidad","link":"https:\/\/www.eldigitaldeasturias.com\/noticias\/category\/actualidad\/"},{"label":"Medio a\u00f1o de #MeToo: \u00bfQu\u00e9 ha provocado el debate del sexismo?","link":"https:\/\/www.eldigitaldeasturias.com\/noticias\/medio-ano-de-metoo-que-ha-provocado-el-debate-del-sexismo\/"}],"_links":{"self":[{"href":"https:\/\/www.eldigitaldeasturias.com\/noticias\/wp-json\/wp\/v2\/posts\/974609","targetHints":{"allow":["GET"]}}],"collection":[{"href":"https:\/\/www.eldigitaldeasturias.com\/noticias\/wp-json\/wp\/v2\/posts"}],"about":[{"href":"https:\/\/www.eldigitaldeasturias.com\/noticias\/wp-json\/wp\/v2\/types\/post"}],"author":[{"embeddable":true,"href":"https:\/\/www.eldigitaldeasturias.com\/noticias\/wp-json\/wp\/v2\/users\/1"}],"replies":[{"embeddable":true,"href":"https:\/\/www.eldigitaldeasturias.com\/noticias\/wp-json\/wp\/v2\/comments?post=974609"}],"version-history":[{"count":0,"href":"https:\/\/www.eldigitaldeasturias.com\/noticias\/wp-json\/wp\/v2\/posts\/974609\/revisions"}],"wp:attachment":[{"href":"https:\/\/www.eldigitaldeasturias.com\/noticias\/wp-json\/wp\/v2\/media?parent=974609"}],"wp:term":[{"taxonomy":"category","embeddable":true,"href":"https:\/\/www.eldigitaldeasturias.com\/noticias\/wp-json\/wp\/v2\/categories?post=974609"},{"taxonomy":"post_tag","embeddable":true,"href":"https:\/\/www.eldigitaldeasturias.com\/noticias\/wp-json\/wp\/v2\/tags?post=974609"}],"curies":[{"name":"wp","href":"https:\/\/api.w.org\/{rel}","templated":true}]}}