{"id":974530,"date":"2018-04-03T11:51:28","date_gmt":"2018-04-03T11:51:28","guid":{"rendered":"http:\/\/www.eldigitaldeasturias.com\/noticias\/?p=974530"},"modified":"2018-04-03T11:51:28","modified_gmt":"2018-04-03T11:51:28","slug":"catala-aboga-por-la-cooperacion-internacional-para-conseguir-una-justicia-mas-eficiente-y-garantista","status":"publish","type":"post","link":"https:\/\/www.eldigitaldeasturias.com\/noticias\/catala-aboga-por-la-cooperacion-internacional-para-conseguir-una-justicia-mas-eficiente-y-garantista\/","title":{"rendered":"Catal\u00e1 aboga por la cooperaci\u00f3n internacional para conseguir una Justicia m\u00e1s eficiente y garantista"},"content":{"rendered":"<p><img loading=\"lazy\" decoding=\"async\" class=\"alignleft size-medium wp-image-974531\" src=\"https:\/\/www.eldigitaldeasturias.com\/noticias\/wp-content\/uploads\/2018\/04\/020418CatalaMarrakech-360x239.jpg\" alt=\"\" width=\"360\" height=\"239\" \/>El ministro de Justicia, Rafael Catal\u00e1, ha participado en la inauguraci\u00f3n de la Conferencia Internacional de Marrakech sobre la Justicia, en la que ha defendido la cooperaci\u00f3n y los mecanismos de colaboraci\u00f3n internacional como medios para promover una Justicia m\u00e1s eficiente y garantista.<\/p>\n<p>En ese sentido, el ministro se ha congratulado de que expertos espa\u00f1oles hayan aportado experiencia y conocimiento para ayudar a implementar los cambios que se han llevado a cabo en el \u00e1mbito de la Justicia marroqu\u00ed. El pa\u00eds vecino se ha dotado de una Fiscal\u00eda General y ha cedido competencias del Ministerio de Justicia al Consejo Superior del Poder Judicial, \u00f3rgano colectivo e independiente del Gobierno.<\/p>\n<p>Espa\u00f1a, ha explicado Catal\u00e1, siempre ha sido consciente de la importancia que tiene la seguridad jur\u00eddica como palanca del crecimiento y est\u00edmulo de la actividad, por eso en los \u00faltimos a\u00f1os se ha abordado la agenda reformista m\u00e1s ambiciosa de nuestra democracia, que nos ha devuelto a la senda de la recuperaci\u00f3n y del crecimiento. Esas reformas permiten, seg\u00fan el ministro, perfeccionar nuestro marco normativo aportando mayor credibilidad al pa\u00eds y esa confianza es la que nos ha devuelto fortalezas econ\u00f3micas, sociales e institucionales.<\/p>\n<p>Rafael Catal\u00e1 ha se\u00f1alado que hay que seguir haciendo de la transformaci\u00f3n de la Justicia un eje de acci\u00f3n preferente. Por eso, apuesta por una Justicia civil y penal m\u00e1s r\u00e1pida que proporcione procesos m\u00e1s \u00e1giles, eficientes y seguros; por una mayor protecci\u00f3n frente al delito en el \u00e1mbito de la violencia de g\u00e9nero, de los menores, de la creaci\u00f3n cultural o del acceso a la Justicia a los colectivos m\u00e1s vulnerables; por facilitar m\u00e1s recursos a la Justicia para completar el proceso de transformaci\u00f3n digital; por favorecer la transparencia, la regeneraci\u00f3n y la percepci\u00f3n de la independencia judicial; y por seguir combatiendo las grandes amenazas de las democracias libres, como el terrorismo internacional o la ciberdelincuencia.<\/p>\n<p>En esa misma l\u00ednea de colaboraci\u00f3n, Espa\u00f1a se siente profundamente europe\u00edsta, tiene una indudable vocaci\u00f3n iberoamericana y una vertiente mediterr\u00e1nea, por eso quiere seguir siendo parte activa del perfeccionamiento de todos esos espacios jur\u00eddicos.<\/p>\n<p>Y en ese sentido, el ministro ha mantenido una reuni\u00f3n bilateral con su hom\u00f3logo marroqu\u00ed, Mohamed Aujjar, con quien ha firmado el Plan de Acci\u00f3n de Cooperaci\u00f3n entre ambos pa\u00edses para el periodo 2018-2019, acordado en la reuni\u00f3n de las Comisiones Mixtas consultivas en los \u00e1mbitos civil y penal celebrada en Rabat el pasado mes de febrero.<\/p>\n<p>Adem\u00e1s, ha mantenido diversos encuentros bilaterales con varios de los titulares de Justicia asistentes a esta Conferencia Internacional de Marrakech sobre la Justicia.<\/p>\n","protected":false},"excerpt":{"rendered":"<p>El ministro de Justicia, Rafael Catal\u00e1, ha participado en la inauguraci\u00f3n de la Conferencia Internacional de Marrakech sobre la Justicia, en la que ha defendido la cooperaci\u00f3n y los mecanismos de colaboraci\u00f3n internacional como medios para promover una Justicia m\u00e1s eficiente y garantista. En ese sentido, el ministro se ha congratulado de que expertos espa\u00f1oles [&hellip;]<\/p>\n","protected":false},"author":1,"featured_media":974531,"comment_status":"closed","ping_status":"closed","sticky":false,"template":"","format":"standard","meta":{"footnotes":""},"categories":[1],"tags":[],"class_list":["post-974530","post","type-post","status-publish","format-standard","has-post-thumbnail","hentry","category-actualidad"],"aioseo_notices":[],"aioseo_head":"\n\t\t<!-- All in One SEO Pro 5.0.1 - aioseo.com -->\n\t<meta name=\"description\" content=\"El ministro de Justicia, Rafael Catal\u00e1, ha participado en la inauguraci\u00f3n de la Conferencia Internacional de Marrakech sobre la Justicia, en la que ha defendido la cooperaci\u00f3n y los mecanismos de colaboraci\u00f3n internacional como medios para promover una Justicia m\u00e1s eficiente y garantista. En ese sentido, el ministro se ha congratulado de que expertos espa\u00f1oles\" \/>\n\t<meta name=\"robots\" content=\"max-image-preview:large\" \/>\n\t<meta name=\"author\" content=\"El Digital de Asturias\"\/>\n\t<meta name=\"google-site-verification\" content=\"UA-38556648-1\" \/>\n\t<meta name=\"msvalidate.01\" content=\"7dfe9f3f1b24437ab69f4f2559babe99\" \/>\n\t<meta name=\"keywords\" content=\"actualidad\" \/>\n\t<link rel=\"canonical\" href=\"https:\/\/www.eldigitaldeasturias.com\/noticias\/catala-aboga-por-la-cooperacion-internacional-para-conseguir-una-justicia-mas-eficiente-y-garantista\/\" \/>\n\t<meta name=\"generator\" content=\"All in One SEO Pro (AIOSEO) 5.0.1\" \/>\n\t\t<meta property=\"og:locale\" content=\"es_ES\" \/>\n\t\t<meta property=\"og:site_name\" content=\"El Digital de Asturias\" \/>\n\t\t<meta property=\"og:type\" content=\"article\" \/>\n\t\t<meta property=\"og:title\" content=\"Catal\u00e1 aboga por la cooperaci\u00f3n internacional para conseguir una Justicia m\u00e1s eficiente y garantista - El Digital de Asturias\" \/>\n\t\t<meta property=\"og:description\" content=\"El ministro de Justicia, Rafael Catal\u00e1, ha participado en la inauguraci\u00f3n de la Conferencia Internacional de Marrakech sobre la Justicia, en la que ha defendido la cooperaci\u00f3n y los mecanismos de colaboraci\u00f3n internacional como medios para promover una Justicia m\u00e1s eficiente y garantista. En ese sentido, el ministro se ha congratulado de que expertos espa\u00f1oles\" \/>\n\t\t<meta property=\"og:url\" content=\"https:\/\/www.eldigitaldeasturias.com\/noticias\/catala-aboga-por-la-cooperacion-internacional-para-conseguir-una-justicia-mas-eficiente-y-garantista\/\" \/>\n\t\t<meta property=\"article:tag\" content=\"actualidad\" \/>\n\t\t<meta property=\"article:published_time\" content=\"2018-04-03T11:51:28+00:00\" \/>\n\t\t<meta property=\"article:modified_time\" content=\"2018-04-03T11:51:28+00:00\" \/>\n\t\t<meta property=\"article:publisher\" content=\"https:\/\/facebook.com\/eldigitaldeasturias\" \/>\n\t\t<meta name=\"twitter:card\" content=\"summary_large_image\" \/>\n\t\t<meta name=\"twitter:title\" content=\"Catal\u00e1 aboga por la cooperaci\u00f3n internacional para conseguir una Justicia m\u00e1s eficiente y garantista - El Digital de Asturias\" \/>\n\t\t<meta name=\"twitter:description\" content=\"El ministro de Justicia, Rafael Catal\u00e1, ha participado en la inauguraci\u00f3n de la Conferencia Internacional de Marrakech sobre la Justicia, en la que ha defendido la cooperaci\u00f3n y los mecanismos de colaboraci\u00f3n internacional como medios para promover una Justicia m\u00e1s eficiente y garantista. En ese sentido, el ministro se ha congratulado de que expertos espa\u00f1oles\" \/>\n\t\t<meta name=\"twitter:image\" content=\"https:\/\/www.eldigitaldeasturias.com\/noticias\/wp-content\/uploads\/2020\/12\/EDA-1.jpg\" \/>\n\t\t<meta name=\"twitter:label1\" content=\"Escrito por\" \/>\n\t\t<meta name=\"twitter:data1\" content=\"El Digital de Asturias\" \/>\n\t\t<meta name=\"twitter:label2\" content=\"Tiempo de lectura estimado\" \/>\n\t\t<meta name=\"twitter:data2\" content=\"2 minutos\" \/>\n\t\t<script type=\"application\/ld+json\" class=\"aioseo-schema\">\n\t\t\t{\"@context\":\"https:\\\/\\\/schema.org\",\"@graph\":[{\"@type\":\"BlogPosting\",\"@id\":\"https:\\\/\\\/www.eldigitaldeasturias.com\\\/noticias\\\/catala-aboga-por-la-cooperacion-internacional-para-conseguir-una-justicia-mas-eficiente-y-garantista\\\/#blogposting\",\"name\":\"Catal\\u00e1 aboga por la cooperaci\\u00f3n internacional para conseguir una Justicia m\\u00e1s eficiente y garantista - El Digital de Asturias\",\"headline\":\"Catal\\u00e1 aboga por la cooperaci\\u00f3n internacional para conseguir una Justicia m\\u00e1s eficiente y garantista\",\"author\":{\"@id\":\"https:\\\/\\\/www.eldigitaldeasturias.com\\\/noticias\\\/author\\\/admin\\\/#author\"},\"publisher\":{\"@id\":\"https:\\\/\\\/www.eldigitaldeasturias.com\\\/noticias\\\/#organization\"},\"image\":{\"@type\":\"ImageObject\",\"url\":974531},\"datePublished\":\"2018-04-03T11:51:28+02:00\",\"dateModified\":\"2018-04-03T11:51:28+02:00\",\"inLanguage\":\"es-ES\",\"mainEntityOfPage\":{\"@id\":\"https:\\\/\\\/www.eldigitaldeasturias.com\\\/noticias\\\/catala-aboga-por-la-cooperacion-internacional-para-conseguir-una-justicia-mas-eficiente-y-garantista\\\/#webpage\"},\"isPartOf\":{\"@id\":\"https:\\\/\\\/www.eldigitaldeasturias.com\\\/noticias\\\/catala-aboga-por-la-cooperacion-internacional-para-conseguir-una-justicia-mas-eficiente-y-garantista\\\/#webpage\"},\"articleSection\":\"Actualidad\"},{\"@type\":\"BreadcrumbList\",\"@id\":\"https:\\\/\\\/www.eldigitaldeasturias.com\\\/noticias\\\/catala-aboga-por-la-cooperacion-internacional-para-conseguir-una-justicia-mas-eficiente-y-garantista\\\/#breadcrumblist\",\"itemListElement\":[{\"@type\":\"ListItem\",\"@id\":\"https:\\\/\\\/www.eldigitaldeasturias.com\\\/noticias#listItem\",\"position\":1,\"name\":\"Home\",\"item\":\"https:\\\/\\\/www.eldigitaldeasturias.com\\\/noticias\",\"nextItem\":{\"@type\":\"ListItem\",\"@id\":\"https:\\\/\\\/www.eldigitaldeasturias.com\\\/noticias\\\/category\\\/actualidad\\\/#listItem\",\"name\":\"Actualidad\"}},{\"@type\":\"ListItem\",\"@id\":\"https:\\\/\\\/www.eldigitaldeasturias.com\\\/noticias\\\/category\\\/actualidad\\\/#listItem\",\"position\":2,\"name\":\"Actualidad\",\"item\":\"https:\\\/\\\/www.eldigitaldeasturias.com\\\/noticias\\\/category\\\/actualidad\\\/\",\"nextItem\":{\"@type\":\"ListItem\",\"@id\":\"https:\\\/\\\/www.eldigitaldeasturias.com\\\/noticias\\\/catala-aboga-por-la-cooperacion-internacional-para-conseguir-una-justicia-mas-eficiente-y-garantista\\\/#listItem\",\"name\":\"Catal\\u00e1 aboga por la cooperaci\\u00f3n internacional para conseguir una Justicia m\\u00e1s eficiente y garantista\"},\"previousItem\":{\"@type\":\"ListItem\",\"@id\":\"https:\\\/\\\/www.eldigitaldeasturias.com\\\/noticias#listItem\",\"name\":\"Home\"}},{\"@type\":\"ListItem\",\"@id\":\"https:\\\/\\\/www.eldigitaldeasturias.com\\\/noticias\\\/catala-aboga-por-la-cooperacion-internacional-para-conseguir-una-justicia-mas-eficiente-y-garantista\\\/#listItem\",\"position\":3,\"name\":\"Catal\\u00e1 aboga por la cooperaci\\u00f3n internacional para conseguir una Justicia m\\u00e1s eficiente y garantista\",\"previousItem\":{\"@type\":\"ListItem\",\"@id\":\"https:\\\/\\\/www.eldigitaldeasturias.com\\\/noticias\\\/category\\\/actualidad\\\/#listItem\",\"name\":\"Actualidad\"}}]},{\"@type\":\"Organization\",\"@id\":\"https:\\\/\\\/www.eldigitaldeasturias.com\\\/noticias\\\/#organization\",\"name\":\"El Digital de Asturias\",\"description\":\"Hemeroteca\",\"url\":\"https:\\\/\\\/www.eldigitaldeasturias.com\\\/noticias\\\/\",\"email\":\"info@eldigitaldeasturias.com\",\"telephone\":\"+34652131393\",\"logo\":{\"@type\":\"ImageObject\",\"url\":\"https:\\\/\\\/www.eldigitaldeasturias.com\\\/noticias\\\/wp-content\\\/uploads\\\/2020\\\/12\\\/EDA.jpg\",\"@id\":\"https:\\\/\\\/www.eldigitaldeasturias.com\\\/noticias\\\/catala-aboga-por-la-cooperacion-internacional-para-conseguir-una-justicia-mas-eficiente-y-garantista\\\/#organizationLogo\"},\"image\":{\"@id\":\"https:\\\/\\\/www.eldigitaldeasturias.com\\\/noticias\\\/catala-aboga-por-la-cooperacion-internacional-para-conseguir-una-justicia-mas-eficiente-y-garantista\\\/#organizationLogo\"},\"sameAs\":[\"https:\\\/\\\/facebook.com\\\/eldigitaldeasturias\",\"https:\\\/\\\/www.youtube.com\\\/channel\\\/UCZP-2wLEB9Rv6erhFmqVnvg\"],\"address\":{\"@id\":\"https:\\\/\\\/www.eldigitaldeasturias.com\\\/noticias\\\/#postaladdress\",\"@type\":\"PostalAddress\",\"streetAddress\":\"san antonio 4\",\"postalCode\":\"33430\",\"addressLocality\":\"Cand\\u00e1s\",\"addressRegion\":\"Asturias\",\"addressCountry\":\"ES\"}},{\"@type\":\"Person\",\"@id\":\"https:\\\/\\\/www.eldigitaldeasturias.com\\\/noticias\\\/author\\\/admin\\\/#author\",\"url\":\"https:\\\/\\\/www.eldigitaldeasturias.com\\\/noticias\\\/author\\\/admin\\\/\",\"name\":\"El Digital de Asturias\",\"image\":{\"@type\":\"ImageObject\",\"@id\":\"https:\\\/\\\/www.eldigitaldeasturias.com\\\/noticias\\\/catala-aboga-por-la-cooperacion-internacional-para-conseguir-una-justicia-mas-eficiente-y-garantista\\\/#authorImage\",\"url\":\"https:\\\/\\\/secure.gravatar.com\\\/avatar\\\/df2aeffc32bcd13f8d26072ef8a91b623d677766deac7f97ca815868cd41bf5e?s=96&d=mm&r=g\",\"width\":96,\"height\":96,\"caption\":\"El Digital de Asturias\"}},{\"@type\":\"WebPage\",\"@id\":\"https:\\\/\\\/www.eldigitaldeasturias.com\\\/noticias\\\/catala-aboga-por-la-cooperacion-internacional-para-conseguir-una-justicia-mas-eficiente-y-garantista\\\/#webpage\",\"url\":\"https:\\\/\\\/www.eldigitaldeasturias.com\\\/noticias\\\/catala-aboga-por-la-cooperacion-internacional-para-conseguir-una-justicia-mas-eficiente-y-garantista\\\/\",\"name\":\"Catal\\u00e1 aboga por la cooperaci\\u00f3n internacional para conseguir una Justicia m\\u00e1s eficiente y garantista - El Digital de Asturias\",\"description\":\"El ministro de Justicia, Rafael Catal\\u00e1, ha participado en la inauguraci\\u00f3n de la Conferencia Internacional de Marrakech sobre la Justicia, en la que ha defendido la cooperaci\\u00f3n y los mecanismos de colaboraci\\u00f3n internacional como medios para promover una Justicia m\\u00e1s eficiente y garantista. En ese sentido, el ministro se ha congratulado de que expertos espa\\u00f1oles\",\"inLanguage\":\"es-ES\",\"isPartOf\":{\"@id\":\"https:\\\/\\\/www.eldigitaldeasturias.com\\\/noticias\\\/#website\"},\"breadcrumb\":{\"@id\":\"https:\\\/\\\/www.eldigitaldeasturias.com\\\/noticias\\\/catala-aboga-por-la-cooperacion-internacional-para-conseguir-una-justicia-mas-eficiente-y-garantista\\\/#breadcrumblist\"},\"author\":{\"@id\":\"https:\\\/\\\/www.eldigitaldeasturias.com\\\/noticias\\\/author\\\/admin\\\/#author\"},\"creator\":{\"@id\":\"https:\\\/\\\/www.eldigitaldeasturias.com\\\/noticias\\\/author\\\/admin\\\/#author\"},\"image\":{\"@type\":\"ImageObject\",\"url\":974531,\"@id\":\"https:\\\/\\\/www.eldigitaldeasturias.com\\\/noticias\\\/catala-aboga-por-la-cooperacion-internacional-para-conseguir-una-justicia-mas-eficiente-y-garantista\\\/#mainImage\"},\"primaryImageOfPage\":{\"@id\":\"https:\\\/\\\/www.eldigitaldeasturias.com\\\/noticias\\\/catala-aboga-por-la-cooperacion-internacional-para-conseguir-una-justicia-mas-eficiente-y-garantista\\\/#mainImage\"},\"datePublished\":\"2018-04-03T11:51:28+02:00\",\"dateModified\":\"2018-04-03T11:51:28+02:00\"},{\"@type\":\"WebSite\",\"@id\":\"https:\\\/\\\/www.eldigitaldeasturias.com\\\/noticias\\\/#website\",\"url\":\"https:\\\/\\\/www.eldigitaldeasturias.com\\\/noticias\\\/\",\"name\":\"El Digital de Asturias - Diario de actualidad y noticias\",\"alternateName\":\"El Digital de Asturias - Diario de actualidad y noticias\",\"description\":\"Hemeroteca\",\"inLanguage\":\"es-ES\",\"publisher\":{\"@id\":\"https:\\\/\\\/www.eldigitaldeasturias.com\\\/noticias\\\/#organization\"}}]}\n\t\t<\/script>\n\t\t<!-- All in One SEO Pro -->\r\n\t\t<title>Catal\u00e1 aboga por la cooperaci\u00f3n internacional para conseguir una Justicia m\u00e1s eficiente y garantista - El Digital de Asturias<\/title>\n\n","aioseo_head_json":{"title":"Catal\u00e1 aboga por la cooperaci\u00f3n internacional para conseguir una Justicia m\u00e1s eficiente y garantista - El Digital de Asturias","description":"El ministro de Justicia, Rafael Catal\u00e1, ha participado en la inauguraci\u00f3n de la Conferencia Internacional de Marrakech sobre la Justicia, en la que ha defendido la cooperaci\u00f3n y los mecanismos de colaboraci\u00f3n internacional como medios para promover una Justicia m\u00e1s eficiente y garantista. En ese sentido, el ministro se ha congratulado de que expertos espa\u00f1oles","canonical_url":"https:\/\/www.eldigitaldeasturias.com\/noticias\/catala-aboga-por-la-cooperacion-internacional-para-conseguir-una-justicia-mas-eficiente-y-garantista\/","robots":"max-image-preview:large","keywords":"actualidad","webmasterTools":{"google-site-verification":"UA-38556648-1","msvalidate.01":"7dfe9f3f1b24437ab69f4f2559babe99","miscellaneous":""},"schema":{"@context":"https:\/\/schema.org","@graph":[{"@type":"BlogPosting","@id":"https:\/\/www.eldigitaldeasturias.com\/noticias\/catala-aboga-por-la-cooperacion-internacional-para-conseguir-una-justicia-mas-eficiente-y-garantista\/#blogposting","name":"Catal\u00e1 aboga por la cooperaci\u00f3n internacional para conseguir una Justicia m\u00e1s eficiente y garantista - El Digital de Asturias","headline":"Catal\u00e1 aboga por la cooperaci\u00f3n internacional para conseguir una Justicia m\u00e1s eficiente y garantista","author":{"@id":"https:\/\/www.eldigitaldeasturias.com\/noticias\/author\/admin\/#author"},"publisher":{"@id":"https:\/\/www.eldigitaldeasturias.com\/noticias\/#organization"},"image":{"@type":"ImageObject","url":974531},"datePublished":"2018-04-03T11:51:28+02:00","dateModified":"2018-04-03T11:51:28+02:00","inLanguage":"es-ES","mainEntityOfPage":{"@id":"https:\/\/www.eldigitaldeasturias.com\/noticias\/catala-aboga-por-la-cooperacion-internacional-para-conseguir-una-justicia-mas-eficiente-y-garantista\/#webpage"},"isPartOf":{"@id":"https:\/\/www.eldigitaldeasturias.com\/noticias\/catala-aboga-por-la-cooperacion-internacional-para-conseguir-una-justicia-mas-eficiente-y-garantista\/#webpage"},"articleSection":"Actualidad"},{"@type":"BreadcrumbList","@id":"https:\/\/www.eldigitaldeasturias.com\/noticias\/catala-aboga-por-la-cooperacion-internacional-para-conseguir-una-justicia-mas-eficiente-y-garantista\/#breadcrumblist","itemListElement":[{"@type":"ListItem","@id":"https:\/\/www.eldigitaldeasturias.com\/noticias#listItem","position":1,"name":"Home","item":"https:\/\/www.eldigitaldeasturias.com\/noticias","nextItem":{"@type":"ListItem","@id":"https:\/\/www.eldigitaldeasturias.com\/noticias\/category\/actualidad\/#listItem","name":"Actualidad"}},{"@type":"ListItem","@id":"https:\/\/www.eldigitaldeasturias.com\/noticias\/category\/actualidad\/#listItem","position":2,"name":"Actualidad","item":"https:\/\/www.eldigitaldeasturias.com\/noticias\/category\/actualidad\/","nextItem":{"@type":"ListItem","@id":"https:\/\/www.eldigitaldeasturias.com\/noticias\/catala-aboga-por-la-cooperacion-internacional-para-conseguir-una-justicia-mas-eficiente-y-garantista\/#listItem","name":"Catal\u00e1 aboga por la cooperaci\u00f3n internacional para conseguir una Justicia m\u00e1s eficiente y garantista"},"previousItem":{"@type":"ListItem","@id":"https:\/\/www.eldigitaldeasturias.com\/noticias#listItem","name":"Home"}},{"@type":"ListItem","@id":"https:\/\/www.eldigitaldeasturias.com\/noticias\/catala-aboga-por-la-cooperacion-internacional-para-conseguir-una-justicia-mas-eficiente-y-garantista\/#listItem","position":3,"name":"Catal\u00e1 aboga por la cooperaci\u00f3n internacional para conseguir una Justicia m\u00e1s eficiente y garantista","previousItem":{"@type":"ListItem","@id":"https:\/\/www.eldigitaldeasturias.com\/noticias\/category\/actualidad\/#listItem","name":"Actualidad"}}]},{"@type":"Organization","@id":"https:\/\/www.eldigitaldeasturias.com\/noticias\/#organization","name":"El Digital de Asturias","description":"Hemeroteca","url":"https:\/\/www.eldigitaldeasturias.com\/noticias\/","email":"info@eldigitaldeasturias.com","telephone":"+34652131393","logo":{"@type":"ImageObject","url":"https:\/\/www.eldigitaldeasturias.com\/noticias\/wp-content\/uploads\/2020\/12\/EDA.jpg","@id":"https:\/\/www.eldigitaldeasturias.com\/noticias\/catala-aboga-por-la-cooperacion-internacional-para-conseguir-una-justicia-mas-eficiente-y-garantista\/#organizationLogo"},"image":{"@id":"https:\/\/www.eldigitaldeasturias.com\/noticias\/catala-aboga-por-la-cooperacion-internacional-para-conseguir-una-justicia-mas-eficiente-y-garantista\/#organizationLogo"},"sameAs":["https:\/\/facebook.com\/eldigitaldeasturias","https:\/\/www.youtube.com\/channel\/UCZP-2wLEB9Rv6erhFmqVnvg"],"address":{"@id":"https:\/\/www.eldigitaldeasturias.com\/noticias\/#postaladdress","@type":"PostalAddress","streetAddress":"san antonio 4","postalCode":"33430","addressLocality":"Cand\u00e1s","addressRegion":"Asturias","addressCountry":"ES"}},{"@type":"Person","@id":"https:\/\/www.eldigitaldeasturias.com\/noticias\/author\/admin\/#author","url":"https:\/\/www.eldigitaldeasturias.com\/noticias\/author\/admin\/","name":"El Digital de Asturias","image":{"@type":"ImageObject","@id":"https:\/\/www.eldigitaldeasturias.com\/noticias\/catala-aboga-por-la-cooperacion-internacional-para-conseguir-una-justicia-mas-eficiente-y-garantista\/#authorImage","url":"https:\/\/secure.gravatar.com\/avatar\/df2aeffc32bcd13f8d26072ef8a91b623d677766deac7f97ca815868cd41bf5e?s=96&d=mm&r=g","width":96,"height":96,"caption":"El Digital de Asturias"}},{"@type":"WebPage","@id":"https:\/\/www.eldigitaldeasturias.com\/noticias\/catala-aboga-por-la-cooperacion-internacional-para-conseguir-una-justicia-mas-eficiente-y-garantista\/#webpage","url":"https:\/\/www.eldigitaldeasturias.com\/noticias\/catala-aboga-por-la-cooperacion-internacional-para-conseguir-una-justicia-mas-eficiente-y-garantista\/","name":"Catal\u00e1 aboga por la cooperaci\u00f3n internacional para conseguir una Justicia m\u00e1s eficiente y garantista - El Digital de Asturias","description":"El ministro de Justicia, Rafael Catal\u00e1, ha participado en la inauguraci\u00f3n de la Conferencia Internacional de Marrakech sobre la Justicia, en la que ha defendido la cooperaci\u00f3n y los mecanismos de colaboraci\u00f3n internacional como medios para promover una Justicia m\u00e1s eficiente y garantista. En ese sentido, el ministro se ha congratulado de que expertos espa\u00f1oles","inLanguage":"es-ES","isPartOf":{"@id":"https:\/\/www.eldigitaldeasturias.com\/noticias\/#website"},"breadcrumb":{"@id":"https:\/\/www.eldigitaldeasturias.com\/noticias\/catala-aboga-por-la-cooperacion-internacional-para-conseguir-una-justicia-mas-eficiente-y-garantista\/#breadcrumblist"},"author":{"@id":"https:\/\/www.eldigitaldeasturias.com\/noticias\/author\/admin\/#author"},"creator":{"@id":"https:\/\/www.eldigitaldeasturias.com\/noticias\/author\/admin\/#author"},"image":{"@type":"ImageObject","url":974531,"@id":"https:\/\/www.eldigitaldeasturias.com\/noticias\/catala-aboga-por-la-cooperacion-internacional-para-conseguir-una-justicia-mas-eficiente-y-garantista\/#mainImage"},"primaryImageOfPage":{"@id":"https:\/\/www.eldigitaldeasturias.com\/noticias\/catala-aboga-por-la-cooperacion-internacional-para-conseguir-una-justicia-mas-eficiente-y-garantista\/#mainImage"},"datePublished":"2018-04-03T11:51:28+02:00","dateModified":"2018-04-03T11:51:28+02:00"},{"@type":"WebSite","@id":"https:\/\/www.eldigitaldeasturias.com\/noticias\/#website","url":"https:\/\/www.eldigitaldeasturias.com\/noticias\/","name":"El Digital de Asturias - Diario de actualidad y noticias","alternateName":"El Digital de Asturias - Diario de actualidad y noticias","description":"Hemeroteca","inLanguage":"es-ES","publisher":{"@id":"https:\/\/www.eldigitaldeasturias.com\/noticias\/#organization"}}]},"og:locale":"es_ES","og:site_name":"El Digital de Asturias","og:type":"article","og:title":"Catal\u00e1 aboga por la cooperaci\u00f3n internacional para conseguir una Justicia m\u00e1s eficiente y garantista - El Digital de Asturias","og:description":"El ministro de Justicia, Rafael Catal\u00e1, ha participado en la inauguraci\u00f3n de la Conferencia Internacional de Marrakech sobre la Justicia, en la que ha defendido la cooperaci\u00f3n y los mecanismos de colaboraci\u00f3n internacional como medios para promover una Justicia m\u00e1s eficiente y garantista. En ese sentido, el ministro se ha congratulado de que expertos espa\u00f1oles","og:url":"https:\/\/www.eldigitaldeasturias.com\/noticias\/catala-aboga-por-la-cooperacion-internacional-para-conseguir-una-justicia-mas-eficiente-y-garantista\/","article:tag":["actualidad"],"article:published_time":"2018-04-03T11:51:28+00:00","article:modified_time":"2018-04-03T11:51:28+00:00","article:publisher":"https:\/\/facebook.com\/eldigitaldeasturias","twitter:card":"summary_large_image","twitter:title":"Catal\u00e1 aboga por la cooperaci\u00f3n internacional para conseguir una Justicia m\u00e1s eficiente y garantista - El Digital de Asturias","twitter:description":"El ministro de Justicia, Rafael Catal\u00e1, ha participado en la inauguraci\u00f3n de la Conferencia Internacional de Marrakech sobre la Justicia, en la que ha defendido la cooperaci\u00f3n y los mecanismos de colaboraci\u00f3n internacional como medios para promover una Justicia m\u00e1s eficiente y garantista. En ese sentido, el ministro se ha congratulado de que expertos espa\u00f1oles","twitter:image":"https:\/\/www.eldigitaldeasturias.com\/noticias\/wp-content\/uploads\/2020\/12\/EDA-1.jpg","twitter:label1":"Escrito por","twitter:data1":"El Digital de Asturias","twitter:label2":"Tiempo de lectura estimado","twitter:data2":"2 minutos"},"aioseo_meta_data":{"post_id":"974530","title":null,"description":null,"keywords":null,"keyphrases":null,"primary_term":null,"canonical_url":null,"og_title":null,"og_description":null,"og_object_type":"default","og_image_type":"default","og_image_url":null,"og_image_width":null,"og_image_height":null,"og_image_custom_url":null,"og_image_custom_fields":null,"og_video":null,"og_custom_url":null,"og_article_section":null,"og_article_tags":null,"twitter_use_og":false,"twitter_card":"default","twitter_image_type":"default","twitter_image_url":null,"twitter_image_custom_url":null,"twitter_image_custom_fields":null,"twitter_title":null,"twitter_description":null,"schema":{"blockGraphs":[],"customGraphs":[],"default":{"data":{"Article":[],"Course":[],"Dataset":[],"FAQPage":[],"Movie":[],"Person":[],"Product":[],"ProductReview":[],"Car":[],"Recipe":[],"Service":[],"SoftwareApplication":[],"WebPage":[]},"graphName":"","isEnabled":true},"graphs":[],"defaultGraph":"","defaultPostTypeGraph":""},"schema_type":null,"schema_type_options":null,"pillar_content":false,"robots_default":true,"robots_noindex":false,"robots_noarchive":false,"robots_nosnippet":false,"robots_nofollow":false,"robots_noimageindex":false,"robots_noodp":false,"robots_notranslate":false,"robots_max_snippet":null,"robots_max_videopreview":null,"robots_max_imagepreview":"large","priority":null,"frequency":null,"local_seo":null,"seo_analyzer_scan_date":"2025-10-07 20:33:32","breadcrumb_settings":null,"limit_modified_date":false,"open_ai":null,"ai":null,"created":"2020-12-21 12:13:38","updated":"2025-10-07 20:33:32","focus_keyword":null,"additional_keywords":null,"truseo_locale":null},"aioseo_breadcrumb":"<div class=\"aioseo-breadcrumbs\"><span class=\"aioseo-breadcrumb\">\n\t<a href=\"https:\/\/www.eldigitaldeasturias.com\/noticias\" title=\"Home\">Home<\/a>\n<\/span><span class=\"aioseo-breadcrumb-separator\">\u2013<\/span><span class=\"aioseo-breadcrumb\">\n\t<a href=\"https:\/\/www.eldigitaldeasturias.com\/noticias\/category\/actualidad\/\" title=\"Actualidad\">Actualidad<\/a>\n<\/span><span class=\"aioseo-breadcrumb-separator\">\u2013<\/span><span class=\"aioseo-breadcrumb\">\n\t<a href=\"https:\/\/www.eldigitaldeasturias.com\/noticias\/catala-aboga-por-la-cooperacion-internacional-para-conseguir-una-justicia-mas-eficiente-y-garantista\/\" title=\"Catal\u00e1 aboga por la cooperaci\u00f3n internacional para conseguir una Justicia m\u00e1s eficiente y garantista\">Catal\u00e1 aboga por la cooperaci\u00f3n internacional para conseguir una Justicia m\u00e1s eficiente y garantista<\/a>\n<\/span><\/div>","aioseo_breadcrumb_json":[{"label":"Home","link":"https:\/\/www.eldigitaldeasturias.com\/noticias"},{"label":"Actualidad","link":"https:\/\/www.eldigitaldeasturias.com\/noticias\/category\/actualidad\/"},{"label":"Catal\u00e1 aboga por la cooperaci\u00f3n internacional para conseguir una Justicia m\u00e1s eficiente y garantista","link":"https:\/\/www.eldigitaldeasturias.com\/noticias\/catala-aboga-por-la-cooperacion-internacional-para-conseguir-una-justicia-mas-eficiente-y-garantista\/"}],"_links":{"self":[{"href":"https:\/\/www.eldigitaldeasturias.com\/noticias\/wp-json\/wp\/v2\/posts\/974530","targetHints":{"allow":["GET"]}}],"collection":[{"href":"https:\/\/www.eldigitaldeasturias.com\/noticias\/wp-json\/wp\/v2\/posts"}],"about":[{"href":"https:\/\/www.eldigitaldeasturias.com\/noticias\/wp-json\/wp\/v2\/types\/post"}],"author":[{"embeddable":true,"href":"https:\/\/www.eldigitaldeasturias.com\/noticias\/wp-json\/wp\/v2\/users\/1"}],"replies":[{"embeddable":true,"href":"https:\/\/www.eldigitaldeasturias.com\/noticias\/wp-json\/wp\/v2\/comments?post=974530"}],"version-history":[{"count":0,"href":"https:\/\/www.eldigitaldeasturias.com\/noticias\/wp-json\/wp\/v2\/posts\/974530\/revisions"}],"wp:attachment":[{"href":"https:\/\/www.eldigitaldeasturias.com\/noticias\/wp-json\/wp\/v2\/media?parent=974530"}],"wp:term":[{"taxonomy":"category","embeddable":true,"href":"https:\/\/www.eldigitaldeasturias.com\/noticias\/wp-json\/wp\/v2\/categories?post=974530"},{"taxonomy":"post_tag","embeddable":true,"href":"https:\/\/www.eldigitaldeasturias.com\/noticias\/wp-json\/wp\/v2\/tags?post=974530"}],"curies":[{"name":"wp","href":"https:\/\/api.w.org\/{rel}","templated":true}]}}