{"id":974515,"date":"2018-04-02T22:41:01","date_gmt":"2018-04-02T22:41:01","guid":{"rendered":"http:\/\/www.eldigitaldeasturias.com\/noticias\/?p=974515"},"modified":"2018-04-02T22:41:01","modified_gmt":"2018-04-02T22:41:01","slug":"israel-y-la-onu-acuerdan-reubicar-a-16-000-migrantes-africanos","status":"publish","type":"post","link":"https:\/\/www.eldigitaldeasturias.com\/noticias\/israel-y-la-onu-acuerdan-reubicar-a-16-000-migrantes-africanos\/","title":{"rendered":"Israel y la ONU acuerdan reubicar a 16.000 migrantes africanos"},"content":{"rendered":"<p><img loading=\"lazy\" decoding=\"async\" class=\"alignleft size-medium wp-image-974516\" src=\"https:\/\/www.eldigitaldeasturias.com\/noticias\/wp-content\/uploads\/2018\/04\/flag-3158666_1280-360x240.jpg\" alt=\"\" width=\"360\" height=\"240\" \/>Tel Aviv, 2 abr (dpa) &#8211; Israel alcanz\u00f3 hoy un acuerdo con la ONU para reubicar a m\u00e1s de 16.000 solicitantes de asilo africanos en pa\u00edses occidentales durante un plazo de cinco a\u00f1os, con lo que se suspendi\u00f3 el proceso para deportarlos forzosamente.<\/p>\n<p>El primer ministro israel\u00ed, Benjamin Netanyahu, dijo que Israel reconocer\u00e1 la situaci\u00f3n de 16.000 personas, en una medida que pone fin a una d\u00e9cada de incertidumbre para la mayor\u00eda de los solicitantes de asilo en Israel, cuyo Gobierno los presionaba para abandonar el pa\u00eds mediante detenciones o deducciones salariales.<\/p>\n<p>El principio que regir\u00e1 el acuerdo ser\u00e1 relocalizar a un solicitante de asilo por cada uno que deba permanecer en Israel, dijo Netanyahu.<\/p>\n<p>El primer ministro israel\u00ed anunci\u00f3 adem\u00e1s que Alemania, Canad\u00e1 e Italia son algunos de los posibles pa\u00edses a los que trasladar\u00e1n a los migrantes. No obstante, el Alto Comisionado de las Naciones Unidas para los Refugiados (ACNUR) reconoci\u00f3 que a\u00fan no hay acuerdos formalizados con esos pa\u00edses.<\/p>\n<p>A comienzos y mediados de los 2000, solicitantes de asilo provenientes de Sud\u00e1n y Eritrea cruzaron la frontera con Egipto a trav\u00e9s de la Pen\u00ednsula de Sina\u00ed e ingresaron a Israel. El gran flujo de migrantes desat\u00f3 el rechazo de muchos israel\u00edes, que no los reconoc\u00edan como refugiados sino como \u00abinfiltrados\u00bb.<\/p>\n<p>Seg\u00fan cifras de ACNUR, hay unos 39.000 solicitantes de asilo en el pa\u00eds, adem\u00e1s de unos miles de ni\u00f1os a su cargo. Se desconoce cu\u00e1l ser\u00e1 el destino de los migrantes que no est\u00e1n incluidos en el plan.<\/p>\n<p>Anteriormente, el primer ministro hab\u00eda anunciado que alcanz\u00f3 un acuerdo con un tercer pa\u00eds, al que no identific\u00f3, para deportar forzosamente a los migrantes.<\/p>\n<p>En el anuncio de hoy, el Gobierno israel\u00ed finalmente reconoci\u00f3 que fue incapaz de ejecutar su plan de la deportacion forzosa \u00abdebido a problemas legales y dificultades pol\u00edticas por parte de terceros pa\u00edses\u00bb.<\/p>\n<p>\u00abS\u00e9 que la expectativa era que pudi\u00e9ramos retirarlos a todos a un tercer estado\u00bb, dijo Netanyahu a periodistas. A la luz del acuerdo alcanzado ahora con el ACNUR no hay m\u00e1s \u00abnecesidad\u00bb de deportarlos, agreg\u00f3 el comunicado oficial.<\/p>\n<p>A fines de marzo, Israel les hab\u00eda ofrecido salir del pa\u00eds voluntariamente y el pago de unos 2.800 euros. Luego amenaz\u00f3 con encarcelarlos.<\/p>\n<p>Una coalici\u00f3n de organizaciones de derechos humanos israel\u00edes celebr\u00f3 hoy la decisi\u00f3n y asegur\u00f3 que seguir\u00e1n \u00abde cerca\u00bb el acuerdo para asegurarse que los solicitantes \u00abreciban estatus, derechos y seguridad tanto en Israel como en otros pa\u00edses\u00bb.<\/p>\n","protected":false},"excerpt":{"rendered":"<p>Tel Aviv, 2 abr (dpa) &#8211; Israel alcanz\u00f3 hoy un acuerdo con la ONU para reubicar a m\u00e1s de 16.000 solicitantes de asilo africanos en pa\u00edses occidentales durante un plazo de cinco a\u00f1os, con lo que se suspendi\u00f3 el proceso para deportarlos forzosamente. El primer ministro israel\u00ed, Benjamin Netanyahu, dijo que Israel reconocer\u00e1 la situaci\u00f3n [&hellip;]<\/p>\n","protected":false},"author":1,"featured_media":974516,"comment_status":"closed","ping_status":"closed","sticky":false,"template":"","format":"standard","meta":{"footnotes":""},"categories":[1],"tags":[],"class_list":["post-974515","post","type-post","status-publish","format-standard","has-post-thumbnail","hentry","category-actualidad"],"aioseo_notices":[],"aioseo_head":"\n\t\t<!-- All in One SEO Pro 5.0.1 - aioseo.com -->\n\t<meta name=\"description\" content=\"Tel Aviv, 2 abr (dpa) - Israel alcanz\u00f3 hoy un acuerdo con la ONU para reubicar a m\u00e1s de 16.000 solicitantes de asilo africanos en pa\u00edses occidentales durante un plazo de cinco a\u00f1os, con lo que se suspendi\u00f3 el proceso para deportarlos forzosamente. El primer ministro israel\u00ed, Benjamin Netanyahu, dijo que Israel reconocer\u00e1 la situaci\u00f3n\" \/>\n\t<meta name=\"robots\" content=\"max-image-preview:large\" \/>\n\t<meta name=\"author\" content=\"El Digital de Asturias\"\/>\n\t<meta name=\"google-site-verification\" content=\"UA-38556648-1\" \/>\n\t<meta name=\"msvalidate.01\" content=\"7dfe9f3f1b24437ab69f4f2559babe99\" \/>\n\t<meta name=\"keywords\" content=\"actualidad\" \/>\n\t<link rel=\"canonical\" href=\"https:\/\/www.eldigitaldeasturias.com\/noticias\/israel-y-la-onu-acuerdan-reubicar-a-16-000-migrantes-africanos\/\" \/>\n\t<meta name=\"generator\" content=\"All in One SEO Pro (AIOSEO) 5.0.1\" \/>\n\t\t<meta property=\"og:locale\" content=\"es_ES\" \/>\n\t\t<meta property=\"og:site_name\" content=\"El Digital de Asturias\" \/>\n\t\t<meta property=\"og:type\" content=\"article\" \/>\n\t\t<meta property=\"og:title\" content=\"Israel y la ONU acuerdan reubicar a 16.000 migrantes africanos - El Digital de Asturias\" \/>\n\t\t<meta property=\"og:description\" content=\"Tel Aviv, 2 abr (dpa) - Israel alcanz\u00f3 hoy un acuerdo con la ONU para reubicar a m\u00e1s de 16.000 solicitantes de asilo africanos en pa\u00edses occidentales durante un plazo de cinco a\u00f1os, con lo que se suspendi\u00f3 el proceso para deportarlos forzosamente. El primer ministro israel\u00ed, Benjamin Netanyahu, dijo que Israel reconocer\u00e1 la situaci\u00f3n\" \/>\n\t\t<meta property=\"og:url\" content=\"https:\/\/www.eldigitaldeasturias.com\/noticias\/israel-y-la-onu-acuerdan-reubicar-a-16-000-migrantes-africanos\/\" \/>\n\t\t<meta property=\"article:tag\" content=\"actualidad\" \/>\n\t\t<meta property=\"article:published_time\" content=\"2018-04-02T22:41:01+00:00\" \/>\n\t\t<meta property=\"article:modified_time\" content=\"2018-04-02T22:41:01+00:00\" \/>\n\t\t<meta property=\"article:publisher\" content=\"https:\/\/facebook.com\/eldigitaldeasturias\" \/>\n\t\t<meta name=\"twitter:card\" content=\"summary_large_image\" \/>\n\t\t<meta name=\"twitter:title\" content=\"Israel y la ONU acuerdan reubicar a 16.000 migrantes africanos - El Digital de Asturias\" \/>\n\t\t<meta name=\"twitter:description\" content=\"Tel Aviv, 2 abr (dpa) - Israel alcanz\u00f3 hoy un acuerdo con la ONU para reubicar a m\u00e1s de 16.000 solicitantes de asilo africanos en pa\u00edses occidentales durante un plazo de cinco a\u00f1os, con lo que se suspendi\u00f3 el proceso para deportarlos forzosamente. El primer ministro israel\u00ed, Benjamin Netanyahu, dijo que Israel reconocer\u00e1 la situaci\u00f3n\" \/>\n\t\t<meta name=\"twitter:image\" content=\"https:\/\/www.eldigitaldeasturias.com\/noticias\/wp-content\/uploads\/2020\/12\/EDA-1.jpg\" \/>\n\t\t<meta name=\"twitter:label1\" content=\"Escrito por\" \/>\n\t\t<meta name=\"twitter:data1\" content=\"El Digital de Asturias\" \/>\n\t\t<meta name=\"twitter:label2\" content=\"Tiempo de lectura estimado\" \/>\n\t\t<meta name=\"twitter:data2\" content=\"2 minutos\" \/>\n\t\t<script type=\"application\/ld+json\" class=\"aioseo-schema\">\n\t\t\t{\"@context\":\"https:\\\/\\\/schema.org\",\"@graph\":[{\"@type\":\"BlogPosting\",\"@id\":\"https:\\\/\\\/www.eldigitaldeasturias.com\\\/noticias\\\/israel-y-la-onu-acuerdan-reubicar-a-16-000-migrantes-africanos\\\/#blogposting\",\"name\":\"Israel y la ONU acuerdan reubicar a 16.000 migrantes africanos - El Digital de Asturias\",\"headline\":\"Israel y la ONU acuerdan reubicar a 16.000 migrantes africanos\",\"author\":{\"@id\":\"https:\\\/\\\/www.eldigitaldeasturias.com\\\/noticias\\\/author\\\/admin\\\/#author\"},\"publisher\":{\"@id\":\"https:\\\/\\\/www.eldigitaldeasturias.com\\\/noticias\\\/#organization\"},\"image\":{\"@type\":\"ImageObject\",\"url\":974516},\"datePublished\":\"2018-04-02T22:41:01+02:00\",\"dateModified\":\"2018-04-02T22:41:01+02:00\",\"inLanguage\":\"es-ES\",\"mainEntityOfPage\":{\"@id\":\"https:\\\/\\\/www.eldigitaldeasturias.com\\\/noticias\\\/israel-y-la-onu-acuerdan-reubicar-a-16-000-migrantes-africanos\\\/#webpage\"},\"isPartOf\":{\"@id\":\"https:\\\/\\\/www.eldigitaldeasturias.com\\\/noticias\\\/israel-y-la-onu-acuerdan-reubicar-a-16-000-migrantes-africanos\\\/#webpage\"},\"articleSection\":\"Actualidad\"},{\"@type\":\"BreadcrumbList\",\"@id\":\"https:\\\/\\\/www.eldigitaldeasturias.com\\\/noticias\\\/israel-y-la-onu-acuerdan-reubicar-a-16-000-migrantes-africanos\\\/#breadcrumblist\",\"itemListElement\":[{\"@type\":\"ListItem\",\"@id\":\"https:\\\/\\\/www.eldigitaldeasturias.com\\\/noticias#listItem\",\"position\":1,\"name\":\"Home\",\"item\":\"https:\\\/\\\/www.eldigitaldeasturias.com\\\/noticias\",\"nextItem\":{\"@type\":\"ListItem\",\"@id\":\"https:\\\/\\\/www.eldigitaldeasturias.com\\\/noticias\\\/category\\\/actualidad\\\/#listItem\",\"name\":\"Actualidad\"}},{\"@type\":\"ListItem\",\"@id\":\"https:\\\/\\\/www.eldigitaldeasturias.com\\\/noticias\\\/category\\\/actualidad\\\/#listItem\",\"position\":2,\"name\":\"Actualidad\",\"item\":\"https:\\\/\\\/www.eldigitaldeasturias.com\\\/noticias\\\/category\\\/actualidad\\\/\",\"nextItem\":{\"@type\":\"ListItem\",\"@id\":\"https:\\\/\\\/www.eldigitaldeasturias.com\\\/noticias\\\/israel-y-la-onu-acuerdan-reubicar-a-16-000-migrantes-africanos\\\/#listItem\",\"name\":\"Israel y la ONU acuerdan reubicar a 16.000 migrantes africanos\"},\"previousItem\":{\"@type\":\"ListItem\",\"@id\":\"https:\\\/\\\/www.eldigitaldeasturias.com\\\/noticias#listItem\",\"name\":\"Home\"}},{\"@type\":\"ListItem\",\"@id\":\"https:\\\/\\\/www.eldigitaldeasturias.com\\\/noticias\\\/israel-y-la-onu-acuerdan-reubicar-a-16-000-migrantes-africanos\\\/#listItem\",\"position\":3,\"name\":\"Israel y la ONU acuerdan reubicar a 16.000 migrantes africanos\",\"previousItem\":{\"@type\":\"ListItem\",\"@id\":\"https:\\\/\\\/www.eldigitaldeasturias.com\\\/noticias\\\/category\\\/actualidad\\\/#listItem\",\"name\":\"Actualidad\"}}]},{\"@type\":\"Organization\",\"@id\":\"https:\\\/\\\/www.eldigitaldeasturias.com\\\/noticias\\\/#organization\",\"name\":\"El Digital de Asturias\",\"description\":\"Hemeroteca\",\"url\":\"https:\\\/\\\/www.eldigitaldeasturias.com\\\/noticias\\\/\",\"email\":\"info@eldigitaldeasturias.com\",\"telephone\":\"+34652131393\",\"logo\":{\"@type\":\"ImageObject\",\"url\":\"https:\\\/\\\/www.eldigitaldeasturias.com\\\/noticias\\\/wp-content\\\/uploads\\\/2020\\\/12\\\/EDA.jpg\",\"@id\":\"https:\\\/\\\/www.eldigitaldeasturias.com\\\/noticias\\\/israel-y-la-onu-acuerdan-reubicar-a-16-000-migrantes-africanos\\\/#organizationLogo\"},\"image\":{\"@id\":\"https:\\\/\\\/www.eldigitaldeasturias.com\\\/noticias\\\/israel-y-la-onu-acuerdan-reubicar-a-16-000-migrantes-africanos\\\/#organizationLogo\"},\"sameAs\":[\"https:\\\/\\\/facebook.com\\\/eldigitaldeasturias\",\"https:\\\/\\\/www.youtube.com\\\/channel\\\/UCZP-2wLEB9Rv6erhFmqVnvg\"],\"address\":{\"@id\":\"https:\\\/\\\/www.eldigitaldeasturias.com\\\/noticias\\\/#postaladdress\",\"@type\":\"PostalAddress\",\"streetAddress\":\"san antonio 4\",\"postalCode\":\"33430\",\"addressLocality\":\"Cand\\u00e1s\",\"addressRegion\":\"Asturias\",\"addressCountry\":\"ES\"}},{\"@type\":\"Person\",\"@id\":\"https:\\\/\\\/www.eldigitaldeasturias.com\\\/noticias\\\/author\\\/admin\\\/#author\",\"url\":\"https:\\\/\\\/www.eldigitaldeasturias.com\\\/noticias\\\/author\\\/admin\\\/\",\"name\":\"El Digital de Asturias\",\"image\":{\"@type\":\"ImageObject\",\"@id\":\"https:\\\/\\\/www.eldigitaldeasturias.com\\\/noticias\\\/israel-y-la-onu-acuerdan-reubicar-a-16-000-migrantes-africanos\\\/#authorImage\",\"url\":\"https:\\\/\\\/secure.gravatar.com\\\/avatar\\\/df2aeffc32bcd13f8d26072ef8a91b623d677766deac7f97ca815868cd41bf5e?s=96&d=mm&r=g\",\"width\":96,\"height\":96,\"caption\":\"El Digital de Asturias\"}},{\"@type\":\"WebPage\",\"@id\":\"https:\\\/\\\/www.eldigitaldeasturias.com\\\/noticias\\\/israel-y-la-onu-acuerdan-reubicar-a-16-000-migrantes-africanos\\\/#webpage\",\"url\":\"https:\\\/\\\/www.eldigitaldeasturias.com\\\/noticias\\\/israel-y-la-onu-acuerdan-reubicar-a-16-000-migrantes-africanos\\\/\",\"name\":\"Israel y la ONU acuerdan reubicar a 16.000 migrantes africanos - El Digital de Asturias\",\"description\":\"Tel Aviv, 2 abr (dpa) - Israel alcanz\\u00f3 hoy un acuerdo con la ONU para reubicar a m\\u00e1s de 16.000 solicitantes de asilo africanos en pa\\u00edses occidentales durante un plazo de cinco a\\u00f1os, con lo que se suspendi\\u00f3 el proceso para deportarlos forzosamente. El primer ministro israel\\u00ed, Benjamin Netanyahu, dijo que Israel reconocer\\u00e1 la situaci\\u00f3n\",\"inLanguage\":\"es-ES\",\"isPartOf\":{\"@id\":\"https:\\\/\\\/www.eldigitaldeasturias.com\\\/noticias\\\/#website\"},\"breadcrumb\":{\"@id\":\"https:\\\/\\\/www.eldigitaldeasturias.com\\\/noticias\\\/israel-y-la-onu-acuerdan-reubicar-a-16-000-migrantes-africanos\\\/#breadcrumblist\"},\"author\":{\"@id\":\"https:\\\/\\\/www.eldigitaldeasturias.com\\\/noticias\\\/author\\\/admin\\\/#author\"},\"creator\":{\"@id\":\"https:\\\/\\\/www.eldigitaldeasturias.com\\\/noticias\\\/author\\\/admin\\\/#author\"},\"image\":{\"@type\":\"ImageObject\",\"url\":974516,\"@id\":\"https:\\\/\\\/www.eldigitaldeasturias.com\\\/noticias\\\/israel-y-la-onu-acuerdan-reubicar-a-16-000-migrantes-africanos\\\/#mainImage\"},\"primaryImageOfPage\":{\"@id\":\"https:\\\/\\\/www.eldigitaldeasturias.com\\\/noticias\\\/israel-y-la-onu-acuerdan-reubicar-a-16-000-migrantes-africanos\\\/#mainImage\"},\"datePublished\":\"2018-04-02T22:41:01+02:00\",\"dateModified\":\"2018-04-02T22:41:01+02:00\"},{\"@type\":\"WebSite\",\"@id\":\"https:\\\/\\\/www.eldigitaldeasturias.com\\\/noticias\\\/#website\",\"url\":\"https:\\\/\\\/www.eldigitaldeasturias.com\\\/noticias\\\/\",\"name\":\"El Digital de Asturias - Diario de actualidad y noticias\",\"alternateName\":\"El Digital de Asturias - Diario de actualidad y noticias\",\"description\":\"Hemeroteca\",\"inLanguage\":\"es-ES\",\"publisher\":{\"@id\":\"https:\\\/\\\/www.eldigitaldeasturias.com\\\/noticias\\\/#organization\"}}]}\n\t\t<\/script>\n\t\t<!-- All in One SEO Pro -->\r\n\t\t<title>Israel y la ONU acuerdan reubicar a 16.000 migrantes africanos - El Digital de Asturias<\/title>\n\n","aioseo_head_json":{"title":"Israel y la ONU acuerdan reubicar a 16.000 migrantes africanos - El Digital de Asturias","description":"Tel Aviv, 2 abr (dpa) - Israel alcanz\u00f3 hoy un acuerdo con la ONU para reubicar a m\u00e1s de 16.000 solicitantes de asilo africanos en pa\u00edses occidentales durante un plazo de cinco a\u00f1os, con lo que se suspendi\u00f3 el proceso para deportarlos forzosamente. El primer ministro israel\u00ed, Benjamin Netanyahu, dijo que Israel reconocer\u00e1 la situaci\u00f3n","canonical_url":"https:\/\/www.eldigitaldeasturias.com\/noticias\/israel-y-la-onu-acuerdan-reubicar-a-16-000-migrantes-africanos\/","robots":"max-image-preview:large","keywords":"actualidad","webmasterTools":{"google-site-verification":"UA-38556648-1","msvalidate.01":"7dfe9f3f1b24437ab69f4f2559babe99","miscellaneous":""},"schema":{"@context":"https:\/\/schema.org","@graph":[{"@type":"BlogPosting","@id":"https:\/\/www.eldigitaldeasturias.com\/noticias\/israel-y-la-onu-acuerdan-reubicar-a-16-000-migrantes-africanos\/#blogposting","name":"Israel y la ONU acuerdan reubicar a 16.000 migrantes africanos - El Digital de Asturias","headline":"Israel y la ONU acuerdan reubicar a 16.000 migrantes africanos","author":{"@id":"https:\/\/www.eldigitaldeasturias.com\/noticias\/author\/admin\/#author"},"publisher":{"@id":"https:\/\/www.eldigitaldeasturias.com\/noticias\/#organization"},"image":{"@type":"ImageObject","url":974516},"datePublished":"2018-04-02T22:41:01+02:00","dateModified":"2018-04-02T22:41:01+02:00","inLanguage":"es-ES","mainEntityOfPage":{"@id":"https:\/\/www.eldigitaldeasturias.com\/noticias\/israel-y-la-onu-acuerdan-reubicar-a-16-000-migrantes-africanos\/#webpage"},"isPartOf":{"@id":"https:\/\/www.eldigitaldeasturias.com\/noticias\/israel-y-la-onu-acuerdan-reubicar-a-16-000-migrantes-africanos\/#webpage"},"articleSection":"Actualidad"},{"@type":"BreadcrumbList","@id":"https:\/\/www.eldigitaldeasturias.com\/noticias\/israel-y-la-onu-acuerdan-reubicar-a-16-000-migrantes-africanos\/#breadcrumblist","itemListElement":[{"@type":"ListItem","@id":"https:\/\/www.eldigitaldeasturias.com\/noticias#listItem","position":1,"name":"Home","item":"https:\/\/www.eldigitaldeasturias.com\/noticias","nextItem":{"@type":"ListItem","@id":"https:\/\/www.eldigitaldeasturias.com\/noticias\/category\/actualidad\/#listItem","name":"Actualidad"}},{"@type":"ListItem","@id":"https:\/\/www.eldigitaldeasturias.com\/noticias\/category\/actualidad\/#listItem","position":2,"name":"Actualidad","item":"https:\/\/www.eldigitaldeasturias.com\/noticias\/category\/actualidad\/","nextItem":{"@type":"ListItem","@id":"https:\/\/www.eldigitaldeasturias.com\/noticias\/israel-y-la-onu-acuerdan-reubicar-a-16-000-migrantes-africanos\/#listItem","name":"Israel y la ONU acuerdan reubicar a 16.000 migrantes africanos"},"previousItem":{"@type":"ListItem","@id":"https:\/\/www.eldigitaldeasturias.com\/noticias#listItem","name":"Home"}},{"@type":"ListItem","@id":"https:\/\/www.eldigitaldeasturias.com\/noticias\/israel-y-la-onu-acuerdan-reubicar-a-16-000-migrantes-africanos\/#listItem","position":3,"name":"Israel y la ONU acuerdan reubicar a 16.000 migrantes africanos","previousItem":{"@type":"ListItem","@id":"https:\/\/www.eldigitaldeasturias.com\/noticias\/category\/actualidad\/#listItem","name":"Actualidad"}}]},{"@type":"Organization","@id":"https:\/\/www.eldigitaldeasturias.com\/noticias\/#organization","name":"El Digital de Asturias","description":"Hemeroteca","url":"https:\/\/www.eldigitaldeasturias.com\/noticias\/","email":"info@eldigitaldeasturias.com","telephone":"+34652131393","logo":{"@type":"ImageObject","url":"https:\/\/www.eldigitaldeasturias.com\/noticias\/wp-content\/uploads\/2020\/12\/EDA.jpg","@id":"https:\/\/www.eldigitaldeasturias.com\/noticias\/israel-y-la-onu-acuerdan-reubicar-a-16-000-migrantes-africanos\/#organizationLogo"},"image":{"@id":"https:\/\/www.eldigitaldeasturias.com\/noticias\/israel-y-la-onu-acuerdan-reubicar-a-16-000-migrantes-africanos\/#organizationLogo"},"sameAs":["https:\/\/facebook.com\/eldigitaldeasturias","https:\/\/www.youtube.com\/channel\/UCZP-2wLEB9Rv6erhFmqVnvg"],"address":{"@id":"https:\/\/www.eldigitaldeasturias.com\/noticias\/#postaladdress","@type":"PostalAddress","streetAddress":"san antonio 4","postalCode":"33430","addressLocality":"Cand\u00e1s","addressRegion":"Asturias","addressCountry":"ES"}},{"@type":"Person","@id":"https:\/\/www.eldigitaldeasturias.com\/noticias\/author\/admin\/#author","url":"https:\/\/www.eldigitaldeasturias.com\/noticias\/author\/admin\/","name":"El Digital de Asturias","image":{"@type":"ImageObject","@id":"https:\/\/www.eldigitaldeasturias.com\/noticias\/israel-y-la-onu-acuerdan-reubicar-a-16-000-migrantes-africanos\/#authorImage","url":"https:\/\/secure.gravatar.com\/avatar\/df2aeffc32bcd13f8d26072ef8a91b623d677766deac7f97ca815868cd41bf5e?s=96&d=mm&r=g","width":96,"height":96,"caption":"El Digital de Asturias"}},{"@type":"WebPage","@id":"https:\/\/www.eldigitaldeasturias.com\/noticias\/israel-y-la-onu-acuerdan-reubicar-a-16-000-migrantes-africanos\/#webpage","url":"https:\/\/www.eldigitaldeasturias.com\/noticias\/israel-y-la-onu-acuerdan-reubicar-a-16-000-migrantes-africanos\/","name":"Israel y la ONU acuerdan reubicar a 16.000 migrantes africanos - El Digital de Asturias","description":"Tel Aviv, 2 abr (dpa) - Israel alcanz\u00f3 hoy un acuerdo con la ONU para reubicar a m\u00e1s de 16.000 solicitantes de asilo africanos en pa\u00edses occidentales durante un plazo de cinco a\u00f1os, con lo que se suspendi\u00f3 el proceso para deportarlos forzosamente. El primer ministro israel\u00ed, Benjamin Netanyahu, dijo que Israel reconocer\u00e1 la situaci\u00f3n","inLanguage":"es-ES","isPartOf":{"@id":"https:\/\/www.eldigitaldeasturias.com\/noticias\/#website"},"breadcrumb":{"@id":"https:\/\/www.eldigitaldeasturias.com\/noticias\/israel-y-la-onu-acuerdan-reubicar-a-16-000-migrantes-africanos\/#breadcrumblist"},"author":{"@id":"https:\/\/www.eldigitaldeasturias.com\/noticias\/author\/admin\/#author"},"creator":{"@id":"https:\/\/www.eldigitaldeasturias.com\/noticias\/author\/admin\/#author"},"image":{"@type":"ImageObject","url":974516,"@id":"https:\/\/www.eldigitaldeasturias.com\/noticias\/israel-y-la-onu-acuerdan-reubicar-a-16-000-migrantes-africanos\/#mainImage"},"primaryImageOfPage":{"@id":"https:\/\/www.eldigitaldeasturias.com\/noticias\/israel-y-la-onu-acuerdan-reubicar-a-16-000-migrantes-africanos\/#mainImage"},"datePublished":"2018-04-02T22:41:01+02:00","dateModified":"2018-04-02T22:41:01+02:00"},{"@type":"WebSite","@id":"https:\/\/www.eldigitaldeasturias.com\/noticias\/#website","url":"https:\/\/www.eldigitaldeasturias.com\/noticias\/","name":"El Digital de Asturias - Diario de actualidad y noticias","alternateName":"El Digital de Asturias - Diario de actualidad y noticias","description":"Hemeroteca","inLanguage":"es-ES","publisher":{"@id":"https:\/\/www.eldigitaldeasturias.com\/noticias\/#organization"}}]},"og:locale":"es_ES","og:site_name":"El Digital de Asturias","og:type":"article","og:title":"Israel y la ONU acuerdan reubicar a 16.000 migrantes africanos - El Digital de Asturias","og:description":"Tel Aviv, 2 abr (dpa) - Israel alcanz\u00f3 hoy un acuerdo con la ONU para reubicar a m\u00e1s de 16.000 solicitantes de asilo africanos en pa\u00edses occidentales durante un plazo de cinco a\u00f1os, con lo que se suspendi\u00f3 el proceso para deportarlos forzosamente. El primer ministro israel\u00ed, Benjamin Netanyahu, dijo que Israel reconocer\u00e1 la situaci\u00f3n","og:url":"https:\/\/www.eldigitaldeasturias.com\/noticias\/israel-y-la-onu-acuerdan-reubicar-a-16-000-migrantes-africanos\/","article:tag":["actualidad"],"article:published_time":"2018-04-02T22:41:01+00:00","article:modified_time":"2018-04-02T22:41:01+00:00","article:publisher":"https:\/\/facebook.com\/eldigitaldeasturias","twitter:card":"summary_large_image","twitter:title":"Israel y la ONU acuerdan reubicar a 16.000 migrantes africanos - El Digital de Asturias","twitter:description":"Tel Aviv, 2 abr (dpa) - Israel alcanz\u00f3 hoy un acuerdo con la ONU para reubicar a m\u00e1s de 16.000 solicitantes de asilo africanos en pa\u00edses occidentales durante un plazo de cinco a\u00f1os, con lo que se suspendi\u00f3 el proceso para deportarlos forzosamente. El primer ministro israel\u00ed, Benjamin Netanyahu, dijo que Israel reconocer\u00e1 la situaci\u00f3n","twitter:image":"https:\/\/www.eldigitaldeasturias.com\/noticias\/wp-content\/uploads\/2020\/12\/EDA-1.jpg","twitter:label1":"Escrito por","twitter:data1":"El Digital de Asturias","twitter:label2":"Tiempo de lectura estimado","twitter:data2":"2 minutos"},"aioseo_meta_data":{"post_id":"974515","title":null,"description":null,"keywords":null,"keyphrases":null,"primary_term":null,"canonical_url":null,"og_title":null,"og_description":null,"og_object_type":"default","og_image_type":"default","og_image_url":null,"og_image_width":null,"og_image_height":null,"og_image_custom_url":null,"og_image_custom_fields":null,"og_video":null,"og_custom_url":null,"og_article_section":null,"og_article_tags":null,"twitter_use_og":false,"twitter_card":"default","twitter_image_type":"default","twitter_image_url":null,"twitter_image_custom_url":null,"twitter_image_custom_fields":null,"twitter_title":null,"twitter_description":null,"schema":{"blockGraphs":[],"customGraphs":[],"default":{"data":{"Article":[],"Course":[],"Dataset":[],"FAQPage":[],"Movie":[],"Person":[],"Product":[],"ProductReview":[],"Car":[],"Recipe":[],"Service":[],"SoftwareApplication":[],"WebPage":[]},"graphName":"","isEnabled":true},"graphs":[],"defaultGraph":"","defaultPostTypeGraph":""},"schema_type":null,"schema_type_options":null,"pillar_content":false,"robots_default":true,"robots_noindex":false,"robots_noarchive":false,"robots_nosnippet":false,"robots_nofollow":false,"robots_noimageindex":false,"robots_noodp":false,"robots_notranslate":false,"robots_max_snippet":null,"robots_max_videopreview":null,"robots_max_imagepreview":"large","priority":null,"frequency":null,"local_seo":null,"seo_analyzer_scan_date":"2025-10-07 20:29:08","breadcrumb_settings":null,"limit_modified_date":false,"open_ai":null,"ai":null,"created":"2020-12-21 12:13:38","updated":"2025-10-07 20:29:08","focus_keyword":null,"additional_keywords":null,"truseo_locale":null},"aioseo_breadcrumb":"<div class=\"aioseo-breadcrumbs\"><span class=\"aioseo-breadcrumb\">\n\t<a href=\"https:\/\/www.eldigitaldeasturias.com\/noticias\" title=\"Home\">Home<\/a>\n<\/span><span class=\"aioseo-breadcrumb-separator\">\u2013<\/span><span class=\"aioseo-breadcrumb\">\n\t<a href=\"https:\/\/www.eldigitaldeasturias.com\/noticias\/category\/actualidad\/\" title=\"Actualidad\">Actualidad<\/a>\n<\/span><span class=\"aioseo-breadcrumb-separator\">\u2013<\/span><span class=\"aioseo-breadcrumb\">\n\t<a href=\"https:\/\/www.eldigitaldeasturias.com\/noticias\/israel-y-la-onu-acuerdan-reubicar-a-16-000-migrantes-africanos\/\" title=\"Israel y la ONU acuerdan reubicar a 16.000 migrantes africanos\">Israel y la ONU acuerdan reubicar a 16.000 migrantes africanos<\/a>\n<\/span><\/div>","aioseo_breadcrumb_json":[{"label":"Home","link":"https:\/\/www.eldigitaldeasturias.com\/noticias"},{"label":"Actualidad","link":"https:\/\/www.eldigitaldeasturias.com\/noticias\/category\/actualidad\/"},{"label":"Israel y la ONU acuerdan reubicar a 16.000 migrantes africanos","link":"https:\/\/www.eldigitaldeasturias.com\/noticias\/israel-y-la-onu-acuerdan-reubicar-a-16-000-migrantes-africanos\/"}],"_links":{"self":[{"href":"https:\/\/www.eldigitaldeasturias.com\/noticias\/wp-json\/wp\/v2\/posts\/974515","targetHints":{"allow":["GET"]}}],"collection":[{"href":"https:\/\/www.eldigitaldeasturias.com\/noticias\/wp-json\/wp\/v2\/posts"}],"about":[{"href":"https:\/\/www.eldigitaldeasturias.com\/noticias\/wp-json\/wp\/v2\/types\/post"}],"author":[{"embeddable":true,"href":"https:\/\/www.eldigitaldeasturias.com\/noticias\/wp-json\/wp\/v2\/users\/1"}],"replies":[{"embeddable":true,"href":"https:\/\/www.eldigitaldeasturias.com\/noticias\/wp-json\/wp\/v2\/comments?post=974515"}],"version-history":[{"count":0,"href":"https:\/\/www.eldigitaldeasturias.com\/noticias\/wp-json\/wp\/v2\/posts\/974515\/revisions"}],"wp:attachment":[{"href":"https:\/\/www.eldigitaldeasturias.com\/noticias\/wp-json\/wp\/v2\/media?parent=974515"}],"wp:term":[{"taxonomy":"category","embeddable":true,"href":"https:\/\/www.eldigitaldeasturias.com\/noticias\/wp-json\/wp\/v2\/categories?post=974515"},{"taxonomy":"post_tag","embeddable":true,"href":"https:\/\/www.eldigitaldeasturias.com\/noticias\/wp-json\/wp\/v2\/tags?post=974515"}],"curies":[{"name":"wp","href":"https:\/\/api.w.org\/{rel}","templated":true}]}}