{"id":974510,"date":"2018-04-02T22:34:21","date_gmt":"2018-04-02T22:34:21","guid":{"rendered":"http:\/\/www.eldigitaldeasturias.com\/noticias\/?p=974510"},"modified":"2018-04-02T22:34:34","modified_gmt":"2018-04-02T22:34:34","slug":"alarma-en-cataluna-por-las-acciones-de-los-grupos-independentistas","status":"publish","type":"post","link":"https:\/\/www.eldigitaldeasturias.com\/noticias\/alarma-en-cataluna-por-las-acciones-de-los-grupos-independentistas\/","title":{"rendered":"Alarma en Catalu\u00f1a por las acciones de los grupos independentistas"},"content":{"rendered":"<p>Barcelona, 2 abr (dpa) &#8211; Mientras Carles Puigdemont y otros l\u00edderes independentistas catalanes insisten en que la ruptura con Espa\u00f1a debe buscarse de forma \u00abno violenta y civilizada\u00bb, grupos de activistas organizaron los \u00faltimos d\u00edas acciones de \u00abdesobediencia\u00bb callejera que encendieron la alarma por la escalada de tensi\u00f3n en Catalu\u00f1a.<\/p>\n<p>Amenazas contra el juez que proces\u00f3 a los otros responsables del plan soberanista en la regi\u00f3n, cortes de carreteras y retirada de las barreras de peajes son algunas de las acciones con las que los autodenominados Comit\u00e9s de Defensa de la Rep\u00fablica (CDR) subieron el tono de su lucha por la proclamaci\u00f3n de una \u00abrep\u00fablica catalana\u00bb.<\/p>\n<p><img loading=\"lazy\" decoding=\"async\" class=\"aligncenter size-large wp-image-974511\" src=\"https:\/\/www.eldigitaldeasturias.com\/noticias\/wp-content\/uploads\/2018\/04\/DZImljnWsAEX2f3-640x480.jpg\" alt=\"\" width=\"640\" height=\"480\" \/><\/p>\n<p>El Partido Socialista de Catalu\u00f1a alert\u00f3 hoy sobre el peligro de esas \u00abacciones insurreccionales\u00bb que \u00abno entran dentro del pac\u00edfico y leg\u00edtimo derecho de manifestaci\u00f3n\u00bb. \u00abSi no se les pone coto, se puede llegar a un enfrentamiento civil en Catalu\u00f1a\u00bb, sostuvo en duros t\u00e9rminos el secretario de organizaci\u00f3n del partido, Salvador Illa.<\/p>\n<p>El Partido Popular de Mariano Rajoy compar\u00f3 lo ocurrido los \u00faltimos d\u00edas en Catalu\u00f1a con la \u00abkale borroka\u00bb, los actos de violencia callejera producidos por el entorno del grupo armado ETA en las calles de Pa\u00eds Vasco, mientras que el partido antiindependentista Ciudadanos vio en las acciones de los CDR \u00abla cara oculta del nacionalismo\u00bb.<\/p>\n<p>Incluso Catalunya en Com\u00fa-Podem, marca del partido izquierdista Podemos que viene apoyando en diversos frentes los reclamos independentistas y sus cr\u00edticas a la Justicia espa\u00f1ola, rechaz\u00f3 la actividad de los CDR. \u00abPuede llevar a expresiones de un conflicto violento\u00bb, avis\u00f3 hoy el l\u00edder de la formaci\u00f3n, Xavier Dom\u00e8nech.<\/p>\n<p>Los CDR son grupos peque\u00f1os y organizados en general por barrios. Nacieron para defender el refer\u00e9ndum soberanista ilegal celebrado el 1 de octubre en Catalu\u00f1a, pero siguieron desarroll\u00e1ndose luego y acompa\u00f1aron el turbulento proceso posterior que termin\u00f3 con una declaraci\u00f3n independentista el 27 de octubre y la intervenci\u00f3n de la autonom\u00eda de Catalu\u00f1a ese mismo d\u00eda por parte del Gobierno central.<\/p>\n<p>\u00abAnte el avasallamiento y la agresi\u00f3n policial del Estado espa\u00f1ol, se dio un proceso de solidaridad de un mont\u00f3n de gente que viv\u00eda con dudas y en un desamparo y que decidi\u00f3 organizarse\u00bb, explic\u00f3 en marzo a dpa Pere, empresario de 50 a\u00f1os y miembro de un CDR de Barcelona, sobre los inicios del movimiento.<\/p>\n<p>El arresto de Puigdemont el 25 de marzo en Alemania en cumplimiento de una orden europea de detenci\u00f3n activada por Espa\u00f1a termin\u00f3 de disparar ahora la tensi\u00f3n.<\/p>\n<p>Ese mismo domingo, mientras miles de personas se manifestaban en Barcelona para reclamar la liberaci\u00f3n de los nueve pol\u00edticos catalanes que se encuentran en prisi\u00f3n preventiva y que el independentismo considera \u00abpresos pol\u00edticos\u00bb, se produjeron fuertes choques con la Polic\u00eda que dejaron un centenar de heridos leves.<\/p>\n<p>Los CDR proclamaron luego el estallido de la \u00abprimavera catalana\u00bb, alusi\u00f3n a la \u00abprimavera \u00e1rabe\u00bb que hace siete a\u00f1os revolucion\u00f3 varios pa\u00edses del norte de \u00c1frica y Cercano Oriente. Durante la semana cortaron calles y carreteras de Barcelona y Catalu\u00f1a y el domingo desmontaron barreras de varios peajes para liberar el paso.<\/p>\n<p>Los grupos de activistas independentistas apuntaron tambi\u00e9n contra Pablo Llarena, el juez del Tribunal Supremo que proces\u00f3 a 25 pol\u00edticos soberanistas por delitos vinculados al plan soberanista.<\/p>\n<p>Frente a una casa suya en una localidad catalana aparecieron pintadas con amenazas como \u00ablos Pa\u00edses Catalanes ser\u00e1n tu infierno\u00bb. Se las atribuy\u00f3 Arr\u00e1n, grupo juvenil af\u00edn al partido soberanista y antistema CUP. En otras ciudades aparecieron tambi\u00e9n fotos invertidas del juez.<\/p>\n<p>En una escena inusual, cientos de activistas marcharon el domingo hacia la localidad donde se encuentra la casa de Llarena con banderas independentistas y lemas como \u00ablibertad presos pol\u00edticos\u00bb. \u00abQueremos dejar bien claro que el juez Llarena no es bienvenido\u00bb, indicaron los CDR al difundir un video de la acci\u00f3n intimidatoria.<\/p>\n<p>El mismo d\u00eda, Puigdemont envi\u00f3 un audio desde su prisi\u00f3n en Alemania insistiendo en mantener \u00abde forma no violenta y civilizada\u00bb la lucha contra una Espa\u00f1a que, denunci\u00f3, act\u00faa \u00abde forma cada vez m\u00e1s autoritaria\u00bb. Los pr\u00f3ximos d\u00edas mostrar\u00e1n si cala su mensaje, sobre todo cuando avance su posible entrega a Espa\u00f1a a partir de ma\u00f1ana.<\/p>\n<p><i class=\"lang-es\"><span class=\" readonly\" title=\"\">Por Pablo Sanguinetti (dpa)<\/span><\/i><\/p>\n","protected":false},"excerpt":{"rendered":"<p>Barcelona, 2 abr (dpa) &#8211; Mientras Carles Puigdemont y otros l\u00edderes independentistas catalanes insisten en que la ruptura con Espa\u00f1a debe buscarse de forma \u00abno violenta y civilizada\u00bb, grupos de activistas organizaron los \u00faltimos d\u00edas acciones de \u00abdesobediencia\u00bb callejera que encendieron la alarma por la escalada de tensi\u00f3n en Catalu\u00f1a. Amenazas contra el juez que [&hellip;]<\/p>\n","protected":false},"author":1,"featured_media":974511,"comment_status":"closed","ping_status":"closed","sticky":false,"template":"","format":"standard","meta":{"footnotes":""},"categories":[1],"tags":[],"class_list":["post-974510","post","type-post","status-publish","format-standard","has-post-thumbnail","hentry","category-actualidad"],"aioseo_notices":[],"aioseo_head":"\n\t\t<!-- All in One SEO Pro 5.0.1 - aioseo.com -->\n\t<meta name=\"description\" content=\"Barcelona, 2 abr (dpa) - Mientras Carles Puigdemont y otros l\u00edderes independentistas catalanes insisten en que la ruptura con Espa\u00f1a debe buscarse de forma &quot;no violenta y civilizada&quot;, grupos de activistas organizaron los \u00faltimos d\u00edas acciones de &quot;desobediencia&quot; callejera que encendieron la alarma por la escalada de tensi\u00f3n en Catalu\u00f1a. Amenazas contra el juez que\" \/>\n\t<meta name=\"robots\" content=\"max-image-preview:large\" \/>\n\t<meta name=\"author\" content=\"El Digital de Asturias\"\/>\n\t<meta name=\"google-site-verification\" content=\"UA-38556648-1\" \/>\n\t<meta name=\"msvalidate.01\" content=\"7dfe9f3f1b24437ab69f4f2559babe99\" \/>\n\t<meta name=\"keywords\" content=\"actualidad\" \/>\n\t<link rel=\"canonical\" href=\"https:\/\/www.eldigitaldeasturias.com\/noticias\/alarma-en-cataluna-por-las-acciones-de-los-grupos-independentistas\/\" \/>\n\t<meta name=\"generator\" content=\"All in One SEO Pro (AIOSEO) 5.0.1\" \/>\n\t\t<meta property=\"og:locale\" content=\"es_ES\" \/>\n\t\t<meta property=\"og:site_name\" content=\"El Digital de Asturias\" \/>\n\t\t<meta property=\"og:type\" content=\"article\" \/>\n\t\t<meta property=\"og:title\" content=\"Alarma en Catalu\u00f1a por las acciones de los grupos independentistas - El Digital de Asturias\" \/>\n\t\t<meta property=\"og:description\" content=\"Barcelona, 2 abr (dpa) - Mientras Carles Puigdemont y otros l\u00edderes independentistas catalanes insisten en que la ruptura con Espa\u00f1a debe buscarse de forma &quot;no violenta y civilizada&quot;, grupos de activistas organizaron los \u00faltimos d\u00edas acciones de &quot;desobediencia&quot; callejera que encendieron la alarma por la escalada de tensi\u00f3n en Catalu\u00f1a. Amenazas contra el juez que\" \/>\n\t\t<meta property=\"og:url\" content=\"https:\/\/www.eldigitaldeasturias.com\/noticias\/alarma-en-cataluna-por-las-acciones-de-los-grupos-independentistas\/\" \/>\n\t\t<meta property=\"article:tag\" content=\"actualidad\" \/>\n\t\t<meta property=\"article:published_time\" content=\"2018-04-02T22:34:21+00:00\" \/>\n\t\t<meta property=\"article:modified_time\" content=\"2018-04-02T22:34:34+00:00\" \/>\n\t\t<meta property=\"article:publisher\" content=\"https:\/\/facebook.com\/eldigitaldeasturias\" \/>\n\t\t<meta name=\"twitter:card\" content=\"summary_large_image\" \/>\n\t\t<meta name=\"twitter:title\" content=\"Alarma en Catalu\u00f1a por las acciones de los grupos independentistas - El Digital de Asturias\" \/>\n\t\t<meta name=\"twitter:description\" content=\"Barcelona, 2 abr (dpa) - Mientras Carles Puigdemont y otros l\u00edderes independentistas catalanes insisten en que la ruptura con Espa\u00f1a debe buscarse de forma &quot;no violenta y civilizada&quot;, grupos de activistas organizaron los \u00faltimos d\u00edas acciones de &quot;desobediencia&quot; callejera que encendieron la alarma por la escalada de tensi\u00f3n en Catalu\u00f1a. Amenazas contra el juez que\" \/>\n\t\t<meta name=\"twitter:image\" content=\"https:\/\/www.eldigitaldeasturias.com\/noticias\/wp-content\/uploads\/2020\/12\/EDA-1.jpg\" \/>\n\t\t<meta name=\"twitter:label1\" content=\"Escrito por\" \/>\n\t\t<meta name=\"twitter:data1\" content=\"El Digital de Asturias\" \/>\n\t\t<meta name=\"twitter:label2\" content=\"Tiempo de lectura estimado\" \/>\n\t\t<meta name=\"twitter:data2\" content=\"4 minutos\" \/>\n\t\t<script type=\"application\/ld+json\" class=\"aioseo-schema\">\n\t\t\t{\"@context\":\"https:\\\/\\\/schema.org\",\"@graph\":[{\"@type\":\"BlogPosting\",\"@id\":\"https:\\\/\\\/www.eldigitaldeasturias.com\\\/noticias\\\/alarma-en-cataluna-por-las-acciones-de-los-grupos-independentistas\\\/#blogposting\",\"name\":\"Alarma en Catalu\\u00f1a por las acciones de los grupos independentistas - El Digital de Asturias\",\"headline\":\"Alarma en Catalu\\u00f1a por las acciones de los grupos independentistas\",\"author\":{\"@id\":\"https:\\\/\\\/www.eldigitaldeasturias.com\\\/noticias\\\/author\\\/admin\\\/#author\"},\"publisher\":{\"@id\":\"https:\\\/\\\/www.eldigitaldeasturias.com\\\/noticias\\\/#organization\"},\"image\":{\"@type\":\"ImageObject\",\"url\":974511},\"datePublished\":\"2018-04-02T22:34:21+02:00\",\"dateModified\":\"2018-04-02T22:34:34+02:00\",\"inLanguage\":\"es-ES\",\"mainEntityOfPage\":{\"@id\":\"https:\\\/\\\/www.eldigitaldeasturias.com\\\/noticias\\\/alarma-en-cataluna-por-las-acciones-de-los-grupos-independentistas\\\/#webpage\"},\"isPartOf\":{\"@id\":\"https:\\\/\\\/www.eldigitaldeasturias.com\\\/noticias\\\/alarma-en-cataluna-por-las-acciones-de-los-grupos-independentistas\\\/#webpage\"},\"articleSection\":\"Actualidad\"},{\"@type\":\"BreadcrumbList\",\"@id\":\"https:\\\/\\\/www.eldigitaldeasturias.com\\\/noticias\\\/alarma-en-cataluna-por-las-acciones-de-los-grupos-independentistas\\\/#breadcrumblist\",\"itemListElement\":[{\"@type\":\"ListItem\",\"@id\":\"https:\\\/\\\/www.eldigitaldeasturias.com\\\/noticias#listItem\",\"position\":1,\"name\":\"Home\",\"item\":\"https:\\\/\\\/www.eldigitaldeasturias.com\\\/noticias\",\"nextItem\":{\"@type\":\"ListItem\",\"@id\":\"https:\\\/\\\/www.eldigitaldeasturias.com\\\/noticias\\\/category\\\/actualidad\\\/#listItem\",\"name\":\"Actualidad\"}},{\"@type\":\"ListItem\",\"@id\":\"https:\\\/\\\/www.eldigitaldeasturias.com\\\/noticias\\\/category\\\/actualidad\\\/#listItem\",\"position\":2,\"name\":\"Actualidad\",\"item\":\"https:\\\/\\\/www.eldigitaldeasturias.com\\\/noticias\\\/category\\\/actualidad\\\/\",\"nextItem\":{\"@type\":\"ListItem\",\"@id\":\"https:\\\/\\\/www.eldigitaldeasturias.com\\\/noticias\\\/alarma-en-cataluna-por-las-acciones-de-los-grupos-independentistas\\\/#listItem\",\"name\":\"Alarma en Catalu\\u00f1a por las acciones de los grupos independentistas\"},\"previousItem\":{\"@type\":\"ListItem\",\"@id\":\"https:\\\/\\\/www.eldigitaldeasturias.com\\\/noticias#listItem\",\"name\":\"Home\"}},{\"@type\":\"ListItem\",\"@id\":\"https:\\\/\\\/www.eldigitaldeasturias.com\\\/noticias\\\/alarma-en-cataluna-por-las-acciones-de-los-grupos-independentistas\\\/#listItem\",\"position\":3,\"name\":\"Alarma en Catalu\\u00f1a por las acciones de los grupos independentistas\",\"previousItem\":{\"@type\":\"ListItem\",\"@id\":\"https:\\\/\\\/www.eldigitaldeasturias.com\\\/noticias\\\/category\\\/actualidad\\\/#listItem\",\"name\":\"Actualidad\"}}]},{\"@type\":\"Organization\",\"@id\":\"https:\\\/\\\/www.eldigitaldeasturias.com\\\/noticias\\\/#organization\",\"name\":\"El Digital de Asturias\",\"description\":\"Hemeroteca\",\"url\":\"https:\\\/\\\/www.eldigitaldeasturias.com\\\/noticias\\\/\",\"email\":\"info@eldigitaldeasturias.com\",\"telephone\":\"+34652131393\",\"logo\":{\"@type\":\"ImageObject\",\"url\":\"https:\\\/\\\/www.eldigitaldeasturias.com\\\/noticias\\\/wp-content\\\/uploads\\\/2020\\\/12\\\/EDA.jpg\",\"@id\":\"https:\\\/\\\/www.eldigitaldeasturias.com\\\/noticias\\\/alarma-en-cataluna-por-las-acciones-de-los-grupos-independentistas\\\/#organizationLogo\"},\"image\":{\"@id\":\"https:\\\/\\\/www.eldigitaldeasturias.com\\\/noticias\\\/alarma-en-cataluna-por-las-acciones-de-los-grupos-independentistas\\\/#organizationLogo\"},\"sameAs\":[\"https:\\\/\\\/facebook.com\\\/eldigitaldeasturias\",\"https:\\\/\\\/www.youtube.com\\\/channel\\\/UCZP-2wLEB9Rv6erhFmqVnvg\"],\"address\":{\"@id\":\"https:\\\/\\\/www.eldigitaldeasturias.com\\\/noticias\\\/#postaladdress\",\"@type\":\"PostalAddress\",\"streetAddress\":\"san antonio 4\",\"postalCode\":\"33430\",\"addressLocality\":\"Cand\\u00e1s\",\"addressRegion\":\"Asturias\",\"addressCountry\":\"ES\"}},{\"@type\":\"Person\",\"@id\":\"https:\\\/\\\/www.eldigitaldeasturias.com\\\/noticias\\\/author\\\/admin\\\/#author\",\"url\":\"https:\\\/\\\/www.eldigitaldeasturias.com\\\/noticias\\\/author\\\/admin\\\/\",\"name\":\"El Digital de Asturias\",\"image\":{\"@type\":\"ImageObject\",\"@id\":\"https:\\\/\\\/www.eldigitaldeasturias.com\\\/noticias\\\/alarma-en-cataluna-por-las-acciones-de-los-grupos-independentistas\\\/#authorImage\",\"url\":\"https:\\\/\\\/secure.gravatar.com\\\/avatar\\\/df2aeffc32bcd13f8d26072ef8a91b623d677766deac7f97ca815868cd41bf5e?s=96&d=mm&r=g\",\"width\":96,\"height\":96,\"caption\":\"El Digital de Asturias\"}},{\"@type\":\"WebPage\",\"@id\":\"https:\\\/\\\/www.eldigitaldeasturias.com\\\/noticias\\\/alarma-en-cataluna-por-las-acciones-de-los-grupos-independentistas\\\/#webpage\",\"url\":\"https:\\\/\\\/www.eldigitaldeasturias.com\\\/noticias\\\/alarma-en-cataluna-por-las-acciones-de-los-grupos-independentistas\\\/\",\"name\":\"Alarma en Catalu\\u00f1a por las acciones de los grupos independentistas - El Digital de Asturias\",\"description\":\"Barcelona, 2 abr (dpa) - Mientras Carles Puigdemont y otros l\\u00edderes independentistas catalanes insisten en que la ruptura con Espa\\u00f1a debe buscarse de forma \\\"no violenta y civilizada\\\", grupos de activistas organizaron los \\u00faltimos d\\u00edas acciones de \\\"desobediencia\\\" callejera que encendieron la alarma por la escalada de tensi\\u00f3n en Catalu\\u00f1a. Amenazas contra el juez que\",\"inLanguage\":\"es-ES\",\"isPartOf\":{\"@id\":\"https:\\\/\\\/www.eldigitaldeasturias.com\\\/noticias\\\/#website\"},\"breadcrumb\":{\"@id\":\"https:\\\/\\\/www.eldigitaldeasturias.com\\\/noticias\\\/alarma-en-cataluna-por-las-acciones-de-los-grupos-independentistas\\\/#breadcrumblist\"},\"author\":{\"@id\":\"https:\\\/\\\/www.eldigitaldeasturias.com\\\/noticias\\\/author\\\/admin\\\/#author\"},\"creator\":{\"@id\":\"https:\\\/\\\/www.eldigitaldeasturias.com\\\/noticias\\\/author\\\/admin\\\/#author\"},\"image\":{\"@type\":\"ImageObject\",\"url\":974511,\"@id\":\"https:\\\/\\\/www.eldigitaldeasturias.com\\\/noticias\\\/alarma-en-cataluna-por-las-acciones-de-los-grupos-independentistas\\\/#mainImage\"},\"primaryImageOfPage\":{\"@id\":\"https:\\\/\\\/www.eldigitaldeasturias.com\\\/noticias\\\/alarma-en-cataluna-por-las-acciones-de-los-grupos-independentistas\\\/#mainImage\"},\"datePublished\":\"2018-04-02T22:34:21+02:00\",\"dateModified\":\"2018-04-02T22:34:34+02:00\"},{\"@type\":\"WebSite\",\"@id\":\"https:\\\/\\\/www.eldigitaldeasturias.com\\\/noticias\\\/#website\",\"url\":\"https:\\\/\\\/www.eldigitaldeasturias.com\\\/noticias\\\/\",\"name\":\"El Digital de Asturias - Diario de actualidad y noticias\",\"alternateName\":\"El Digital de Asturias - Diario de actualidad y noticias\",\"description\":\"Hemeroteca\",\"inLanguage\":\"es-ES\",\"publisher\":{\"@id\":\"https:\\\/\\\/www.eldigitaldeasturias.com\\\/noticias\\\/#organization\"}}]}\n\t\t<\/script>\n\t\t<!-- All in One SEO Pro -->\r\n\t\t<title>Alarma en Catalu\u00f1a por las acciones de los grupos independentistas - El Digital de Asturias<\/title>\n\n","aioseo_head_json":{"title":"Alarma en Catalu\u00f1a por las acciones de los grupos independentistas - El Digital de Asturias","description":"Barcelona, 2 abr (dpa) - Mientras Carles Puigdemont y otros l\u00edderes independentistas catalanes insisten en que la ruptura con Espa\u00f1a debe buscarse de forma \"no violenta y civilizada\", grupos de activistas organizaron los \u00faltimos d\u00edas acciones de \"desobediencia\" callejera que encendieron la alarma por la escalada de tensi\u00f3n en Catalu\u00f1a. Amenazas contra el juez que","canonical_url":"https:\/\/www.eldigitaldeasturias.com\/noticias\/alarma-en-cataluna-por-las-acciones-de-los-grupos-independentistas\/","robots":"max-image-preview:large","keywords":"actualidad","webmasterTools":{"google-site-verification":"UA-38556648-1","msvalidate.01":"7dfe9f3f1b24437ab69f4f2559babe99","miscellaneous":""},"schema":{"@context":"https:\/\/schema.org","@graph":[{"@type":"BlogPosting","@id":"https:\/\/www.eldigitaldeasturias.com\/noticias\/alarma-en-cataluna-por-las-acciones-de-los-grupos-independentistas\/#blogposting","name":"Alarma en Catalu\u00f1a por las acciones de los grupos independentistas - El Digital de Asturias","headline":"Alarma en Catalu\u00f1a por las acciones de los grupos independentistas","author":{"@id":"https:\/\/www.eldigitaldeasturias.com\/noticias\/author\/admin\/#author"},"publisher":{"@id":"https:\/\/www.eldigitaldeasturias.com\/noticias\/#organization"},"image":{"@type":"ImageObject","url":974511},"datePublished":"2018-04-02T22:34:21+02:00","dateModified":"2018-04-02T22:34:34+02:00","inLanguage":"es-ES","mainEntityOfPage":{"@id":"https:\/\/www.eldigitaldeasturias.com\/noticias\/alarma-en-cataluna-por-las-acciones-de-los-grupos-independentistas\/#webpage"},"isPartOf":{"@id":"https:\/\/www.eldigitaldeasturias.com\/noticias\/alarma-en-cataluna-por-las-acciones-de-los-grupos-independentistas\/#webpage"},"articleSection":"Actualidad"},{"@type":"BreadcrumbList","@id":"https:\/\/www.eldigitaldeasturias.com\/noticias\/alarma-en-cataluna-por-las-acciones-de-los-grupos-independentistas\/#breadcrumblist","itemListElement":[{"@type":"ListItem","@id":"https:\/\/www.eldigitaldeasturias.com\/noticias#listItem","position":1,"name":"Home","item":"https:\/\/www.eldigitaldeasturias.com\/noticias","nextItem":{"@type":"ListItem","@id":"https:\/\/www.eldigitaldeasturias.com\/noticias\/category\/actualidad\/#listItem","name":"Actualidad"}},{"@type":"ListItem","@id":"https:\/\/www.eldigitaldeasturias.com\/noticias\/category\/actualidad\/#listItem","position":2,"name":"Actualidad","item":"https:\/\/www.eldigitaldeasturias.com\/noticias\/category\/actualidad\/","nextItem":{"@type":"ListItem","@id":"https:\/\/www.eldigitaldeasturias.com\/noticias\/alarma-en-cataluna-por-las-acciones-de-los-grupos-independentistas\/#listItem","name":"Alarma en Catalu\u00f1a por las acciones de los grupos independentistas"},"previousItem":{"@type":"ListItem","@id":"https:\/\/www.eldigitaldeasturias.com\/noticias#listItem","name":"Home"}},{"@type":"ListItem","@id":"https:\/\/www.eldigitaldeasturias.com\/noticias\/alarma-en-cataluna-por-las-acciones-de-los-grupos-independentistas\/#listItem","position":3,"name":"Alarma en Catalu\u00f1a por las acciones de los grupos independentistas","previousItem":{"@type":"ListItem","@id":"https:\/\/www.eldigitaldeasturias.com\/noticias\/category\/actualidad\/#listItem","name":"Actualidad"}}]},{"@type":"Organization","@id":"https:\/\/www.eldigitaldeasturias.com\/noticias\/#organization","name":"El Digital de Asturias","description":"Hemeroteca","url":"https:\/\/www.eldigitaldeasturias.com\/noticias\/","email":"info@eldigitaldeasturias.com","telephone":"+34652131393","logo":{"@type":"ImageObject","url":"https:\/\/www.eldigitaldeasturias.com\/noticias\/wp-content\/uploads\/2020\/12\/EDA.jpg","@id":"https:\/\/www.eldigitaldeasturias.com\/noticias\/alarma-en-cataluna-por-las-acciones-de-los-grupos-independentistas\/#organizationLogo"},"image":{"@id":"https:\/\/www.eldigitaldeasturias.com\/noticias\/alarma-en-cataluna-por-las-acciones-de-los-grupos-independentistas\/#organizationLogo"},"sameAs":["https:\/\/facebook.com\/eldigitaldeasturias","https:\/\/www.youtube.com\/channel\/UCZP-2wLEB9Rv6erhFmqVnvg"],"address":{"@id":"https:\/\/www.eldigitaldeasturias.com\/noticias\/#postaladdress","@type":"PostalAddress","streetAddress":"san antonio 4","postalCode":"33430","addressLocality":"Cand\u00e1s","addressRegion":"Asturias","addressCountry":"ES"}},{"@type":"Person","@id":"https:\/\/www.eldigitaldeasturias.com\/noticias\/author\/admin\/#author","url":"https:\/\/www.eldigitaldeasturias.com\/noticias\/author\/admin\/","name":"El Digital de Asturias","image":{"@type":"ImageObject","@id":"https:\/\/www.eldigitaldeasturias.com\/noticias\/alarma-en-cataluna-por-las-acciones-de-los-grupos-independentistas\/#authorImage","url":"https:\/\/secure.gravatar.com\/avatar\/df2aeffc32bcd13f8d26072ef8a91b623d677766deac7f97ca815868cd41bf5e?s=96&d=mm&r=g","width":96,"height":96,"caption":"El Digital de Asturias"}},{"@type":"WebPage","@id":"https:\/\/www.eldigitaldeasturias.com\/noticias\/alarma-en-cataluna-por-las-acciones-de-los-grupos-independentistas\/#webpage","url":"https:\/\/www.eldigitaldeasturias.com\/noticias\/alarma-en-cataluna-por-las-acciones-de-los-grupos-independentistas\/","name":"Alarma en Catalu\u00f1a por las acciones de los grupos independentistas - El Digital de Asturias","description":"Barcelona, 2 abr (dpa) - Mientras Carles Puigdemont y otros l\u00edderes independentistas catalanes insisten en que la ruptura con Espa\u00f1a debe buscarse de forma \"no violenta y civilizada\", grupos de activistas organizaron los \u00faltimos d\u00edas acciones de \"desobediencia\" callejera que encendieron la alarma por la escalada de tensi\u00f3n en Catalu\u00f1a. Amenazas contra el juez que","inLanguage":"es-ES","isPartOf":{"@id":"https:\/\/www.eldigitaldeasturias.com\/noticias\/#website"},"breadcrumb":{"@id":"https:\/\/www.eldigitaldeasturias.com\/noticias\/alarma-en-cataluna-por-las-acciones-de-los-grupos-independentistas\/#breadcrumblist"},"author":{"@id":"https:\/\/www.eldigitaldeasturias.com\/noticias\/author\/admin\/#author"},"creator":{"@id":"https:\/\/www.eldigitaldeasturias.com\/noticias\/author\/admin\/#author"},"image":{"@type":"ImageObject","url":974511,"@id":"https:\/\/www.eldigitaldeasturias.com\/noticias\/alarma-en-cataluna-por-las-acciones-de-los-grupos-independentistas\/#mainImage"},"primaryImageOfPage":{"@id":"https:\/\/www.eldigitaldeasturias.com\/noticias\/alarma-en-cataluna-por-las-acciones-de-los-grupos-independentistas\/#mainImage"},"datePublished":"2018-04-02T22:34:21+02:00","dateModified":"2018-04-02T22:34:34+02:00"},{"@type":"WebSite","@id":"https:\/\/www.eldigitaldeasturias.com\/noticias\/#website","url":"https:\/\/www.eldigitaldeasturias.com\/noticias\/","name":"El Digital de Asturias - Diario de actualidad y noticias","alternateName":"El Digital de Asturias - Diario de actualidad y noticias","description":"Hemeroteca","inLanguage":"es-ES","publisher":{"@id":"https:\/\/www.eldigitaldeasturias.com\/noticias\/#organization"}}]},"og:locale":"es_ES","og:site_name":"El Digital de Asturias","og:type":"article","og:title":"Alarma en Catalu\u00f1a por las acciones de los grupos independentistas - El Digital de Asturias","og:description":"Barcelona, 2 abr (dpa) - Mientras Carles Puigdemont y otros l\u00edderes independentistas catalanes insisten en que la ruptura con Espa\u00f1a debe buscarse de forma &quot;no violenta y civilizada&quot;, grupos de activistas organizaron los \u00faltimos d\u00edas acciones de &quot;desobediencia&quot; callejera que encendieron la alarma por la escalada de tensi\u00f3n en Catalu\u00f1a. Amenazas contra el juez que","og:url":"https:\/\/www.eldigitaldeasturias.com\/noticias\/alarma-en-cataluna-por-las-acciones-de-los-grupos-independentistas\/","article:tag":["actualidad"],"article:published_time":"2018-04-02T22:34:21+00:00","article:modified_time":"2018-04-02T22:34:34+00:00","article:publisher":"https:\/\/facebook.com\/eldigitaldeasturias","twitter:card":"summary_large_image","twitter:title":"Alarma en Catalu\u00f1a por las acciones de los grupos independentistas - El Digital de Asturias","twitter:description":"Barcelona, 2 abr (dpa) - Mientras Carles Puigdemont y otros l\u00edderes independentistas catalanes insisten en que la ruptura con Espa\u00f1a debe buscarse de forma &quot;no violenta y civilizada&quot;, grupos de activistas organizaron los \u00faltimos d\u00edas acciones de &quot;desobediencia&quot; callejera que encendieron la alarma por la escalada de tensi\u00f3n en Catalu\u00f1a. Amenazas contra el juez que","twitter:image":"https:\/\/www.eldigitaldeasturias.com\/noticias\/wp-content\/uploads\/2020\/12\/EDA-1.jpg","twitter:label1":"Escrito por","twitter:data1":"El Digital de Asturias","twitter:label2":"Tiempo de lectura estimado","twitter:data2":"4 minutos"},"aioseo_meta_data":{"post_id":"974510","title":null,"description":null,"keywords":null,"keyphrases":null,"primary_term":null,"canonical_url":null,"og_title":null,"og_description":null,"og_object_type":"default","og_image_type":"default","og_image_url":null,"og_image_width":null,"og_image_height":null,"og_image_custom_url":null,"og_image_custom_fields":null,"og_video":null,"og_custom_url":null,"og_article_section":null,"og_article_tags":null,"twitter_use_og":false,"twitter_card":"default","twitter_image_type":"default","twitter_image_url":null,"twitter_image_custom_url":null,"twitter_image_custom_fields":null,"twitter_title":null,"twitter_description":null,"schema":{"blockGraphs":[],"customGraphs":[],"default":{"data":{"Article":[],"Course":[],"Dataset":[],"FAQPage":[],"Movie":[],"Person":[],"Product":[],"ProductReview":[],"Car":[],"Recipe":[],"Service":[],"SoftwareApplication":[],"WebPage":[]},"graphName":"","isEnabled":true},"graphs":[],"defaultGraph":"","defaultPostTypeGraph":""},"schema_type":null,"schema_type_options":null,"pillar_content":false,"robots_default":true,"robots_noindex":false,"robots_noarchive":false,"robots_nosnippet":false,"robots_nofollow":false,"robots_noimageindex":false,"robots_noodp":false,"robots_notranslate":false,"robots_max_snippet":null,"robots_max_videopreview":null,"robots_max_imagepreview":"large","priority":null,"frequency":null,"local_seo":null,"seo_analyzer_scan_date":"2025-10-07 20:29:07","breadcrumb_settings":null,"limit_modified_date":false,"open_ai":null,"ai":null,"created":"2020-12-21 12:13:38","updated":"2025-10-07 20:29:07","focus_keyword":null,"additional_keywords":null,"truseo_locale":null},"aioseo_breadcrumb":"<div class=\"aioseo-breadcrumbs\"><span class=\"aioseo-breadcrumb\">\n\t<a href=\"https:\/\/www.eldigitaldeasturias.com\/noticias\" title=\"Home\">Home<\/a>\n<\/span><span class=\"aioseo-breadcrumb-separator\">\u2013<\/span><span class=\"aioseo-breadcrumb\">\n\t<a href=\"https:\/\/www.eldigitaldeasturias.com\/noticias\/category\/actualidad\/\" title=\"Actualidad\">Actualidad<\/a>\n<\/span><span class=\"aioseo-breadcrumb-separator\">\u2013<\/span><span class=\"aioseo-breadcrumb\">\n\t<a href=\"https:\/\/www.eldigitaldeasturias.com\/noticias\/alarma-en-cataluna-por-las-acciones-de-los-grupos-independentistas\/\" title=\"Alarma en Catalu\u00f1a por las acciones de los grupos independentistas\">Alarma en Catalu\u00f1a por las acciones de los grupos independentistas<\/a>\n<\/span><\/div>","aioseo_breadcrumb_json":[{"label":"Home","link":"https:\/\/www.eldigitaldeasturias.com\/noticias"},{"label":"Actualidad","link":"https:\/\/www.eldigitaldeasturias.com\/noticias\/category\/actualidad\/"},{"label":"Alarma en Catalu\u00f1a por las acciones de los grupos independentistas","link":"https:\/\/www.eldigitaldeasturias.com\/noticias\/alarma-en-cataluna-por-las-acciones-de-los-grupos-independentistas\/"}],"_links":{"self":[{"href":"https:\/\/www.eldigitaldeasturias.com\/noticias\/wp-json\/wp\/v2\/posts\/974510","targetHints":{"allow":["GET"]}}],"collection":[{"href":"https:\/\/www.eldigitaldeasturias.com\/noticias\/wp-json\/wp\/v2\/posts"}],"about":[{"href":"https:\/\/www.eldigitaldeasturias.com\/noticias\/wp-json\/wp\/v2\/types\/post"}],"author":[{"embeddable":true,"href":"https:\/\/www.eldigitaldeasturias.com\/noticias\/wp-json\/wp\/v2\/users\/1"}],"replies":[{"embeddable":true,"href":"https:\/\/www.eldigitaldeasturias.com\/noticias\/wp-json\/wp\/v2\/comments?post=974510"}],"version-history":[{"count":0,"href":"https:\/\/www.eldigitaldeasturias.com\/noticias\/wp-json\/wp\/v2\/posts\/974510\/revisions"}],"wp:attachment":[{"href":"https:\/\/www.eldigitaldeasturias.com\/noticias\/wp-json\/wp\/v2\/media?parent=974510"}],"wp:term":[{"taxonomy":"category","embeddable":true,"href":"https:\/\/www.eldigitaldeasturias.com\/noticias\/wp-json\/wp\/v2\/categories?post=974510"},{"taxonomy":"post_tag","embeddable":true,"href":"https:\/\/www.eldigitaldeasturias.com\/noticias\/wp-json\/wp\/v2\/tags?post=974510"}],"curies":[{"name":"wp","href":"https:\/\/api.w.org\/{rel}","templated":true}]}}