{"id":974499,"date":"2018-04-02T22:15:37","date_gmt":"2018-04-02T22:15:37","guid":{"rendered":"http:\/\/www.eldigitaldeasturias.com\/noticias\/?p=974499"},"modified":"2018-04-02T22:15:37","modified_gmt":"2018-04-02T22:15:37","slug":"winnie-mandela-una-madre-de-la-nacion-llena-de-sombras","status":"publish","type":"post","link":"https:\/\/www.eldigitaldeasturias.com\/noticias\/winnie-mandela-una-madre-de-la-nacion-llena-de-sombras\/","title":{"rendered":"Winnie Mandela, una \u00abmadre de la naci\u00f3n\u00bb llena de sombras"},"content":{"rendered":"<p><img loading=\"lazy\" decoding=\"async\" class=\"alignleft size-medium wp-image-574270\" src=\"https:\/\/www.eldigitaldeasturias.com\/noticias\/wp-content\/uploads\/2014\/08\/6530281w-360x235.jpg\" alt=\"\" width=\"360\" height=\"235\" \/>Johannesburgo, 2 abr (dpa) &#8211; Durante m\u00e1s de cuatro d\u00e9cadas de actividad pol\u00edtica, Winnie Mandela se convirti\u00f3 en un s\u00edmbolo de la lucha contra el apartheid, el r\u00e9gimen de segregaci\u00f3n racial que reg\u00eda en Sud\u00e1frica, pero con su turbulenta vida polariz\u00f3 tambi\u00e9n el pa\u00eds como pocos.<\/p>\n<p>Celebrada por sus admiradores como \u00abuMama Wethu\u00bb, \u00abmadre de la naci\u00f3n\u00bb, sus cr\u00edticos prefirieron apodarla como \u00abla mamba negra\u00bb, en referencia al nombre de una peligrosa serpiente. Pese a ello, la ex mujer del primer presidente negro de Sud\u00e1frica, Nelson Mandela -que gobern\u00f3 entre 1994 y 1999-, mantuvo su popularidad hasta avanzada edad. Muri\u00f3 hoy a los 81 a\u00f1os, seg\u00fan inform\u00f3 su familia en un comunicado.<\/p>\n<p>En una lista de los cien principales africanos de todos los tiempos, los lectores de la revista \u00abNew African\u00bb la votaron como la mujer m\u00e1s popular del continente. Pero su imagen no est\u00e1 exenta de sombras: esc\u00e1ndalos y deudas marcaron su vida tras el giro democr\u00e1tico de la naci\u00f3n.<\/p>\n<p>Nacida en la pobre provincia de Transkei, hija de un profesor, Winnie Nomzamo (\u00abla aplicada\u00bb) Mandela fue la primera sudafricana negra que se form\u00f3 como trabajadora social, antes casarse en 1958 con el abogado Nelson Mandela tras mudarse a Soweto.<\/p>\n<p>En su autobiograf\u00eda \u00abLong Walk to Freedom\u00bb, el activista describe los primeros a\u00f1os de su matrimonio como una \u00e9poca plagada de redadas del a polic\u00eda y arrestos. Pero fue con la detenci\u00f3n del entonces l\u00edder del Congreso Nacional Africano (CNA) en 1962 y su posterior condena, cuando comenz\u00f3 el periodo m\u00e1s dif\u00edcil de la vida de Winnie.<\/p>\n<p>Durante los 27 a\u00f1os que Mandela estuvo en prisi\u00f3n, ella estuvo sola al cargo de sus hijas Zenani y Zinzi, soportando las vejaciones a las que la somet\u00eda el r\u00e9gimen. Ella misma estuvo arrestada y aislada en prisi\u00f3n durante 17 meses por sus actividades contra el r\u00e9gimen, una \u00e9poca que describi\u00f3 en sus memorias \u00ab491 days\u00bb.<\/p>\n<p>Entonces se gan\u00f3 el respecto internacional por su compromiso social y su valent\u00eda.<\/p>\n<p>Las cosas cambiaron cuando se rode\u00f3 despu\u00e9s en Soweto de un temido cuerpo de guardaespaldas. Entonces se la vincul\u00f3 con secuestros, torturas e incluso asesinatos de los considerados traidores o esp\u00edas. Especialmente controvertido fue un discurso que dio en 1986 en el que apoyaba un duro castigo para los traidores de la causa del CNA: colocarles un neum\u00e1tico alrededor del cuello, rociarlos con gasolina y quemarlos vivos.<\/p>\n<p>En 1991 fue condenada a seis a\u00f1os de c\u00e1rcel por secuestro y complicidad de agresi\u00f3n a cuatro j\u00f3venes negro, pero logr\u00f3 reducir la condena al pago de una multa durante el proceso de apelaci\u00f3n.<\/p>\n<p>Cuando acompa\u00f1\u00f3 a su marido en el momento de su liberaci\u00f3n el 11 de febrero de 1990, muchos vieron en ella a la primera primera dama negra de Sud\u00e1frica. Pero sus esc\u00e1ndalos y arrogancia destruyeron su matrimonio y tambi\u00e9n lastraron su imagen internacional.<\/p>\n<p>Uno a\u00f1o antes de ser elegido presidente en 1993, Nelson Mandela y Winnie se separaron. El divorcio de la pareja se hizo efectivo en 1996. Nelson Mandela aleg\u00f3 entonces infidelidades mientras \u00e9l estuvo en prisi\u00f3n y asegur\u00f3 que Winnie lo hab\u00eda convertido en el \u00abhombre m\u00e1s solo del mundo\u00bb desde que hab\u00eda vuelto a casa.<\/p>\n<p>La considerada populista se hizo a un lado aunque segu\u00eda gozando de una gran popularidad entre los m\u00e1s pobres, que continuaban vi\u00e9ndola como encarnaci\u00f3n de sufrimiento, dolor y conciencia negra.<\/p>\n<p>Una y otra vez, Winnie Madikizela-Mandela, como se hizo llamar desde su divorcio, logr\u00f3 eludir penas de prisi\u00f3n y reforz\u00f3\u00a0su imagen como toda una artista de la supervivencia.<\/p>\n<p>Tras las primeras elecciones democr\u00e1ticas del pa\u00eds, en las que gan\u00f3 Mandela, se cre\u00f3 la Comisi\u00f3n de la Verdad y Reconciliaci\u00f3n creada para esclarecer abusos y cr\u00edmenes durante el apartheid. Los testimonios escuchados vinculaban a Winnie con el asesinato de un joven de 14 a\u00f1os llamado Stompie Seipei, acusado de ser un informante de la polic\u00eda.<\/p>\n<p>Ella neg\u00f3 las acusaciones pero su imagen qued\u00f3 da\u00f1ada tanto dentro como fuera del pa\u00eds. Tambi\u00e9n fue acusada de ordenar el asesinato del m\u00e9dico que examin\u00f3 al joven. Pero la comisi\u00f3n no era un tribunal y no ten\u00eda capacidad de juzgar y condenar a nadie.<\/p>\n<p>Tambi\u00e9n sus gestiones financieras provocaron indignaci\u00f3n y ocuparon a legiones de abogados. Consigui\u00f3 que se suspendiera una sentencia por la que hab\u00eda sido considerada culpable de fraude y tuvo que volver a los tribunales este a\u00f1o en una batalla contra otros miembros del clan Mandela por cuestiones de propiedad.<\/p>\n<p>Su modo de vida tambi\u00e9n fue cuestionado. Tras a\u00f1os de privaciones, pas\u00f3 a negarse ning\u00fan lujo: autom\u00f3viles, mansiones, vestidos de dise\u00f1o y guardaespaldas. Era conocida por su gusto por las gafas (lentes) llamativas gafas y sus estrafalarios sombreros.<\/p>\n<p>Ello le vali\u00f3 muchas cr\u00edticas, en vista de la extendida pobreza del pa\u00eds. Tambi\u00e9n fue objeto de burla cuanto tuvo que explicar a un juez de d\u00f3nde obten\u00eda el dinero para cubrir sus gastos mensuales de unos 72.000 rand (unos 5.000 euros o 6.000 d\u00f3lares al cambio actual). Entonces respondi\u00f3 que ten\u00eda mecenas que le pagaban mensualmente 55.000 rand.<\/p>\n<p>Cuando abandon\u00f3 todos los cargos pol\u00edticos no s\u00f3lo hubo l\u00e1grimas para despedirla: en su \u00abpatria pol\u00edtica\u00bb, el CNA, era considerada ya un f\u00f3sil de una \u00e9poca pasada. Tambi\u00e9n ella critic\u00f3 la situaci\u00f3n de un partido por el que su ex marido y ella hab\u00edan sacrificado su juventud y su familia.<\/p>\n<p>En 2013, Winnie apareci\u00f3 en p\u00fablico tras la muerte de su ex marido: se la vio abrazada a la entonces mujer de Mandela, Graca Machel, llorando juntas la desaparici\u00f3n del primer presidente negro de Sud\u00e1frica.<\/p>\n<p>Otro icono del apartheid, Desmond Tutu, dijo una vez sobre ella: \u00abNunca olvidaremos su contribuci\u00f3n (&#8230;) y su esp\u00edritu indomable. Y a\u00fan as\u00ed uno debe decir que algo fue muy mal\u00bb.<\/p>\n<p><i class=\"lang-es\"><span class=\" readonly\" title=\"\">Por Ralf E. Kr\u00fcger y Kate Bartlett (dpa)<\/span><\/i><\/p>\n","protected":false},"excerpt":{"rendered":"<p>Johannesburgo, 2 abr (dpa) &#8211; Durante m\u00e1s de cuatro d\u00e9cadas de actividad pol\u00edtica, Winnie Mandela se convirti\u00f3 en un s\u00edmbolo de la lucha contra el apartheid, el r\u00e9gimen de segregaci\u00f3n racial que reg\u00eda en Sud\u00e1frica, pero con su turbulenta vida polariz\u00f3 tambi\u00e9n el pa\u00eds como pocos. Celebrada por sus admiradores como \u00abuMama Wethu\u00bb, \u00abmadre de [&hellip;]<\/p>\n","protected":false},"author":1,"featured_media":574270,"comment_status":"closed","ping_status":"closed","sticky":false,"template":"","format":"standard","meta":{"footnotes":""},"categories":[1],"tags":[],"class_list":["post-974499","post","type-post","status-publish","format-standard","has-post-thumbnail","hentry","category-actualidad"],"aioseo_notices":[],"aioseo_head":"\n\t\t<!-- All in One SEO Pro 5.0.1 - aioseo.com -->\n\t<meta name=\"description\" content=\"Johannesburgo, 2 abr (dpa) - Durante m\u00e1s de cuatro d\u00e9cadas de actividad pol\u00edtica, Winnie Mandela se convirti\u00f3 en un s\u00edmbolo de la lucha contra el apartheid, el r\u00e9gimen de segregaci\u00f3n racial que reg\u00eda en Sud\u00e1frica, pero con su turbulenta vida polariz\u00f3 tambi\u00e9n el pa\u00eds como pocos. Celebrada por sus admiradores como &quot;uMama Wethu&quot;, &quot;madre de\" \/>\n\t<meta name=\"robots\" content=\"max-image-preview:large\" \/>\n\t<meta name=\"author\" content=\"El Digital de Asturias\"\/>\n\t<meta name=\"google-site-verification\" content=\"UA-38556648-1\" \/>\n\t<meta name=\"msvalidate.01\" content=\"7dfe9f3f1b24437ab69f4f2559babe99\" \/>\n\t<meta name=\"keywords\" content=\"actualidad\" \/>\n\t<link rel=\"canonical\" href=\"https:\/\/www.eldigitaldeasturias.com\/noticias\/winnie-mandela-una-madre-de-la-nacion-llena-de-sombras\/\" \/>\n\t<meta name=\"generator\" content=\"All in One SEO Pro (AIOSEO) 5.0.1\" \/>\n\t\t<meta property=\"og:locale\" content=\"es_ES\" \/>\n\t\t<meta property=\"og:site_name\" content=\"El Digital de Asturias\" \/>\n\t\t<meta property=\"og:type\" content=\"article\" \/>\n\t\t<meta property=\"og:title\" content=\"Winnie Mandela, una \u00abmadre de la naci\u00f3n\u00bb llena de sombras - El Digital de Asturias\" \/>\n\t\t<meta property=\"og:description\" content=\"Johannesburgo, 2 abr (dpa) - Durante m\u00e1s de cuatro d\u00e9cadas de actividad pol\u00edtica, Winnie Mandela se convirti\u00f3 en un s\u00edmbolo de la lucha contra el apartheid, el r\u00e9gimen de segregaci\u00f3n racial que reg\u00eda en Sud\u00e1frica, pero con su turbulenta vida polariz\u00f3 tambi\u00e9n el pa\u00eds como pocos. Celebrada por sus admiradores como &quot;uMama Wethu&quot;, &quot;madre de\" \/>\n\t\t<meta property=\"og:url\" content=\"https:\/\/www.eldigitaldeasturias.com\/noticias\/winnie-mandela-una-madre-de-la-nacion-llena-de-sombras\/\" \/>\n\t\t<meta property=\"article:tag\" content=\"actualidad\" \/>\n\t\t<meta property=\"article:published_time\" content=\"2018-04-02T22:15:37+00:00\" \/>\n\t\t<meta property=\"article:modified_time\" content=\"2018-04-02T22:15:37+00:00\" \/>\n\t\t<meta property=\"article:publisher\" content=\"https:\/\/facebook.com\/eldigitaldeasturias\" \/>\n\t\t<meta name=\"twitter:card\" content=\"summary_large_image\" \/>\n\t\t<meta name=\"twitter:title\" content=\"Winnie Mandela, una \u00abmadre de la naci\u00f3n\u00bb llena de sombras - El Digital de Asturias\" \/>\n\t\t<meta name=\"twitter:description\" content=\"Johannesburgo, 2 abr (dpa) - Durante m\u00e1s de cuatro d\u00e9cadas de actividad pol\u00edtica, Winnie Mandela se convirti\u00f3 en un s\u00edmbolo de la lucha contra el apartheid, el r\u00e9gimen de segregaci\u00f3n racial que reg\u00eda en Sud\u00e1frica, pero con su turbulenta vida polariz\u00f3 tambi\u00e9n el pa\u00eds como pocos. Celebrada por sus admiradores como &quot;uMama Wethu&quot;, &quot;madre de\" \/>\n\t\t<meta name=\"twitter:image\" content=\"https:\/\/www.eldigitaldeasturias.com\/noticias\/wp-content\/uploads\/2020\/12\/EDA-1.jpg\" \/>\n\t\t<meta name=\"twitter:label1\" content=\"Escrito por\" \/>\n\t\t<meta name=\"twitter:data1\" content=\"El Digital de Asturias\" \/>\n\t\t<meta name=\"twitter:label2\" content=\"Tiempo de lectura estimado\" \/>\n\t\t<meta name=\"twitter:data2\" content=\"5 minutos\" \/>\n\t\t<script type=\"application\/ld+json\" class=\"aioseo-schema\">\n\t\t\t{\"@context\":\"https:\\\/\\\/schema.org\",\"@graph\":[{\"@type\":\"BlogPosting\",\"@id\":\"https:\\\/\\\/www.eldigitaldeasturias.com\\\/noticias\\\/winnie-mandela-una-madre-de-la-nacion-llena-de-sombras\\\/#blogposting\",\"name\":\"Winnie Mandela, una \\u00abmadre de la naci\\u00f3n\\u00bb llena de sombras - El Digital de Asturias\",\"headline\":\"Winnie Mandela, una \\u00abmadre de la naci\\u00f3n\\u00bb llena de sombras\",\"author\":{\"@id\":\"https:\\\/\\\/www.eldigitaldeasturias.com\\\/noticias\\\/author\\\/admin\\\/#author\"},\"publisher\":{\"@id\":\"https:\\\/\\\/www.eldigitaldeasturias.com\\\/noticias\\\/#organization\"},\"image\":{\"@type\":\"ImageObject\",\"url\":574270},\"datePublished\":\"2018-04-02T22:15:37+02:00\",\"dateModified\":\"2018-04-02T22:15:37+02:00\",\"inLanguage\":\"es-ES\",\"mainEntityOfPage\":{\"@id\":\"https:\\\/\\\/www.eldigitaldeasturias.com\\\/noticias\\\/winnie-mandela-una-madre-de-la-nacion-llena-de-sombras\\\/#webpage\"},\"isPartOf\":{\"@id\":\"https:\\\/\\\/www.eldigitaldeasturias.com\\\/noticias\\\/winnie-mandela-una-madre-de-la-nacion-llena-de-sombras\\\/#webpage\"},\"articleSection\":\"Actualidad\"},{\"@type\":\"BreadcrumbList\",\"@id\":\"https:\\\/\\\/www.eldigitaldeasturias.com\\\/noticias\\\/winnie-mandela-una-madre-de-la-nacion-llena-de-sombras\\\/#breadcrumblist\",\"itemListElement\":[{\"@type\":\"ListItem\",\"@id\":\"https:\\\/\\\/www.eldigitaldeasturias.com\\\/noticias#listItem\",\"position\":1,\"name\":\"Home\",\"item\":\"https:\\\/\\\/www.eldigitaldeasturias.com\\\/noticias\",\"nextItem\":{\"@type\":\"ListItem\",\"@id\":\"https:\\\/\\\/www.eldigitaldeasturias.com\\\/noticias\\\/category\\\/actualidad\\\/#listItem\",\"name\":\"Actualidad\"}},{\"@type\":\"ListItem\",\"@id\":\"https:\\\/\\\/www.eldigitaldeasturias.com\\\/noticias\\\/category\\\/actualidad\\\/#listItem\",\"position\":2,\"name\":\"Actualidad\",\"item\":\"https:\\\/\\\/www.eldigitaldeasturias.com\\\/noticias\\\/category\\\/actualidad\\\/\",\"nextItem\":{\"@type\":\"ListItem\",\"@id\":\"https:\\\/\\\/www.eldigitaldeasturias.com\\\/noticias\\\/winnie-mandela-una-madre-de-la-nacion-llena-de-sombras\\\/#listItem\",\"name\":\"Winnie Mandela, una \\u00abmadre de la naci\\u00f3n\\u00bb llena de sombras\"},\"previousItem\":{\"@type\":\"ListItem\",\"@id\":\"https:\\\/\\\/www.eldigitaldeasturias.com\\\/noticias#listItem\",\"name\":\"Home\"}},{\"@type\":\"ListItem\",\"@id\":\"https:\\\/\\\/www.eldigitaldeasturias.com\\\/noticias\\\/winnie-mandela-una-madre-de-la-nacion-llena-de-sombras\\\/#listItem\",\"position\":3,\"name\":\"Winnie Mandela, una \\u00abmadre de la naci\\u00f3n\\u00bb llena de sombras\",\"previousItem\":{\"@type\":\"ListItem\",\"@id\":\"https:\\\/\\\/www.eldigitaldeasturias.com\\\/noticias\\\/category\\\/actualidad\\\/#listItem\",\"name\":\"Actualidad\"}}]},{\"@type\":\"Organization\",\"@id\":\"https:\\\/\\\/www.eldigitaldeasturias.com\\\/noticias\\\/#organization\",\"name\":\"El Digital de Asturias\",\"description\":\"Hemeroteca\",\"url\":\"https:\\\/\\\/www.eldigitaldeasturias.com\\\/noticias\\\/\",\"email\":\"info@eldigitaldeasturias.com\",\"telephone\":\"+34652131393\",\"logo\":{\"@type\":\"ImageObject\",\"url\":\"https:\\\/\\\/www.eldigitaldeasturias.com\\\/noticias\\\/wp-content\\\/uploads\\\/2020\\\/12\\\/EDA.jpg\",\"@id\":\"https:\\\/\\\/www.eldigitaldeasturias.com\\\/noticias\\\/winnie-mandela-una-madre-de-la-nacion-llena-de-sombras\\\/#organizationLogo\"},\"image\":{\"@id\":\"https:\\\/\\\/www.eldigitaldeasturias.com\\\/noticias\\\/winnie-mandela-una-madre-de-la-nacion-llena-de-sombras\\\/#organizationLogo\"},\"sameAs\":[\"https:\\\/\\\/facebook.com\\\/eldigitaldeasturias\",\"https:\\\/\\\/www.youtube.com\\\/channel\\\/UCZP-2wLEB9Rv6erhFmqVnvg\"],\"address\":{\"@id\":\"https:\\\/\\\/www.eldigitaldeasturias.com\\\/noticias\\\/#postaladdress\",\"@type\":\"PostalAddress\",\"streetAddress\":\"san antonio 4\",\"postalCode\":\"33430\",\"addressLocality\":\"Cand\\u00e1s\",\"addressRegion\":\"Asturias\",\"addressCountry\":\"ES\"}},{\"@type\":\"Person\",\"@id\":\"https:\\\/\\\/www.eldigitaldeasturias.com\\\/noticias\\\/author\\\/admin\\\/#author\",\"url\":\"https:\\\/\\\/www.eldigitaldeasturias.com\\\/noticias\\\/author\\\/admin\\\/\",\"name\":\"El Digital de Asturias\",\"image\":{\"@type\":\"ImageObject\",\"@id\":\"https:\\\/\\\/www.eldigitaldeasturias.com\\\/noticias\\\/winnie-mandela-una-madre-de-la-nacion-llena-de-sombras\\\/#authorImage\",\"url\":\"https:\\\/\\\/secure.gravatar.com\\\/avatar\\\/df2aeffc32bcd13f8d26072ef8a91b623d677766deac7f97ca815868cd41bf5e?s=96&d=mm&r=g\",\"width\":96,\"height\":96,\"caption\":\"El Digital de Asturias\"}},{\"@type\":\"WebPage\",\"@id\":\"https:\\\/\\\/www.eldigitaldeasturias.com\\\/noticias\\\/winnie-mandela-una-madre-de-la-nacion-llena-de-sombras\\\/#webpage\",\"url\":\"https:\\\/\\\/www.eldigitaldeasturias.com\\\/noticias\\\/winnie-mandela-una-madre-de-la-nacion-llena-de-sombras\\\/\",\"name\":\"Winnie Mandela, una \\u00abmadre de la naci\\u00f3n\\u00bb llena de sombras - El Digital de Asturias\",\"description\":\"Johannesburgo, 2 abr (dpa) - Durante m\\u00e1s de cuatro d\\u00e9cadas de actividad pol\\u00edtica, Winnie Mandela se convirti\\u00f3 en un s\\u00edmbolo de la lucha contra el apartheid, el r\\u00e9gimen de segregaci\\u00f3n racial que reg\\u00eda en Sud\\u00e1frica, pero con su turbulenta vida polariz\\u00f3 tambi\\u00e9n el pa\\u00eds como pocos. Celebrada por sus admiradores como \\\"uMama Wethu\\\", \\\"madre de\",\"inLanguage\":\"es-ES\",\"isPartOf\":{\"@id\":\"https:\\\/\\\/www.eldigitaldeasturias.com\\\/noticias\\\/#website\"},\"breadcrumb\":{\"@id\":\"https:\\\/\\\/www.eldigitaldeasturias.com\\\/noticias\\\/winnie-mandela-una-madre-de-la-nacion-llena-de-sombras\\\/#breadcrumblist\"},\"author\":{\"@id\":\"https:\\\/\\\/www.eldigitaldeasturias.com\\\/noticias\\\/author\\\/admin\\\/#author\"},\"creator\":{\"@id\":\"https:\\\/\\\/www.eldigitaldeasturias.com\\\/noticias\\\/author\\\/admin\\\/#author\"},\"image\":{\"@type\":\"ImageObject\",\"url\":574270,\"@id\":\"https:\\\/\\\/www.eldigitaldeasturias.com\\\/noticias\\\/winnie-mandela-una-madre-de-la-nacion-llena-de-sombras\\\/#mainImage\"},\"primaryImageOfPage\":{\"@id\":\"https:\\\/\\\/www.eldigitaldeasturias.com\\\/noticias\\\/winnie-mandela-una-madre-de-la-nacion-llena-de-sombras\\\/#mainImage\"},\"datePublished\":\"2018-04-02T22:15:37+02:00\",\"dateModified\":\"2018-04-02T22:15:37+02:00\"},{\"@type\":\"WebSite\",\"@id\":\"https:\\\/\\\/www.eldigitaldeasturias.com\\\/noticias\\\/#website\",\"url\":\"https:\\\/\\\/www.eldigitaldeasturias.com\\\/noticias\\\/\",\"name\":\"El Digital de Asturias - Diario de actualidad y noticias\",\"alternateName\":\"El Digital de Asturias - Diario de actualidad y noticias\",\"description\":\"Hemeroteca\",\"inLanguage\":\"es-ES\",\"publisher\":{\"@id\":\"https:\\\/\\\/www.eldigitaldeasturias.com\\\/noticias\\\/#organization\"}}]}\n\t\t<\/script>\n\t\t<!-- All in One SEO Pro -->\r\n\t\t<title>Winnie Mandela, una \u00abmadre de la naci\u00f3n\u00bb llena de sombras - El Digital de Asturias<\/title>\n\n","aioseo_head_json":{"title":"Winnie Mandela, una \u00abmadre de la naci\u00f3n\u00bb llena de sombras - El Digital de Asturias","description":"Johannesburgo, 2 abr (dpa) - Durante m\u00e1s de cuatro d\u00e9cadas de actividad pol\u00edtica, Winnie Mandela se convirti\u00f3 en un s\u00edmbolo de la lucha contra el apartheid, el r\u00e9gimen de segregaci\u00f3n racial que reg\u00eda en Sud\u00e1frica, pero con su turbulenta vida polariz\u00f3 tambi\u00e9n el pa\u00eds como pocos. Celebrada por sus admiradores como \"uMama Wethu\", \"madre de","canonical_url":"https:\/\/www.eldigitaldeasturias.com\/noticias\/winnie-mandela-una-madre-de-la-nacion-llena-de-sombras\/","robots":"max-image-preview:large","keywords":"actualidad","webmasterTools":{"google-site-verification":"UA-38556648-1","msvalidate.01":"7dfe9f3f1b24437ab69f4f2559babe99","miscellaneous":""},"schema":{"@context":"https:\/\/schema.org","@graph":[{"@type":"BlogPosting","@id":"https:\/\/www.eldigitaldeasturias.com\/noticias\/winnie-mandela-una-madre-de-la-nacion-llena-de-sombras\/#blogposting","name":"Winnie Mandela, una \u00abmadre de la naci\u00f3n\u00bb llena de sombras - El Digital de Asturias","headline":"Winnie Mandela, una \u00abmadre de la naci\u00f3n\u00bb llena de sombras","author":{"@id":"https:\/\/www.eldigitaldeasturias.com\/noticias\/author\/admin\/#author"},"publisher":{"@id":"https:\/\/www.eldigitaldeasturias.com\/noticias\/#organization"},"image":{"@type":"ImageObject","url":574270},"datePublished":"2018-04-02T22:15:37+02:00","dateModified":"2018-04-02T22:15:37+02:00","inLanguage":"es-ES","mainEntityOfPage":{"@id":"https:\/\/www.eldigitaldeasturias.com\/noticias\/winnie-mandela-una-madre-de-la-nacion-llena-de-sombras\/#webpage"},"isPartOf":{"@id":"https:\/\/www.eldigitaldeasturias.com\/noticias\/winnie-mandela-una-madre-de-la-nacion-llena-de-sombras\/#webpage"},"articleSection":"Actualidad"},{"@type":"BreadcrumbList","@id":"https:\/\/www.eldigitaldeasturias.com\/noticias\/winnie-mandela-una-madre-de-la-nacion-llena-de-sombras\/#breadcrumblist","itemListElement":[{"@type":"ListItem","@id":"https:\/\/www.eldigitaldeasturias.com\/noticias#listItem","position":1,"name":"Home","item":"https:\/\/www.eldigitaldeasturias.com\/noticias","nextItem":{"@type":"ListItem","@id":"https:\/\/www.eldigitaldeasturias.com\/noticias\/category\/actualidad\/#listItem","name":"Actualidad"}},{"@type":"ListItem","@id":"https:\/\/www.eldigitaldeasturias.com\/noticias\/category\/actualidad\/#listItem","position":2,"name":"Actualidad","item":"https:\/\/www.eldigitaldeasturias.com\/noticias\/category\/actualidad\/","nextItem":{"@type":"ListItem","@id":"https:\/\/www.eldigitaldeasturias.com\/noticias\/winnie-mandela-una-madre-de-la-nacion-llena-de-sombras\/#listItem","name":"Winnie Mandela, una \u00abmadre de la naci\u00f3n\u00bb llena de sombras"},"previousItem":{"@type":"ListItem","@id":"https:\/\/www.eldigitaldeasturias.com\/noticias#listItem","name":"Home"}},{"@type":"ListItem","@id":"https:\/\/www.eldigitaldeasturias.com\/noticias\/winnie-mandela-una-madre-de-la-nacion-llena-de-sombras\/#listItem","position":3,"name":"Winnie Mandela, una \u00abmadre de la naci\u00f3n\u00bb llena de sombras","previousItem":{"@type":"ListItem","@id":"https:\/\/www.eldigitaldeasturias.com\/noticias\/category\/actualidad\/#listItem","name":"Actualidad"}}]},{"@type":"Organization","@id":"https:\/\/www.eldigitaldeasturias.com\/noticias\/#organization","name":"El Digital de Asturias","description":"Hemeroteca","url":"https:\/\/www.eldigitaldeasturias.com\/noticias\/","email":"info@eldigitaldeasturias.com","telephone":"+34652131393","logo":{"@type":"ImageObject","url":"https:\/\/www.eldigitaldeasturias.com\/noticias\/wp-content\/uploads\/2020\/12\/EDA.jpg","@id":"https:\/\/www.eldigitaldeasturias.com\/noticias\/winnie-mandela-una-madre-de-la-nacion-llena-de-sombras\/#organizationLogo"},"image":{"@id":"https:\/\/www.eldigitaldeasturias.com\/noticias\/winnie-mandela-una-madre-de-la-nacion-llena-de-sombras\/#organizationLogo"},"sameAs":["https:\/\/facebook.com\/eldigitaldeasturias","https:\/\/www.youtube.com\/channel\/UCZP-2wLEB9Rv6erhFmqVnvg"],"address":{"@id":"https:\/\/www.eldigitaldeasturias.com\/noticias\/#postaladdress","@type":"PostalAddress","streetAddress":"san antonio 4","postalCode":"33430","addressLocality":"Cand\u00e1s","addressRegion":"Asturias","addressCountry":"ES"}},{"@type":"Person","@id":"https:\/\/www.eldigitaldeasturias.com\/noticias\/author\/admin\/#author","url":"https:\/\/www.eldigitaldeasturias.com\/noticias\/author\/admin\/","name":"El Digital de Asturias","image":{"@type":"ImageObject","@id":"https:\/\/www.eldigitaldeasturias.com\/noticias\/winnie-mandela-una-madre-de-la-nacion-llena-de-sombras\/#authorImage","url":"https:\/\/secure.gravatar.com\/avatar\/df2aeffc32bcd13f8d26072ef8a91b623d677766deac7f97ca815868cd41bf5e?s=96&d=mm&r=g","width":96,"height":96,"caption":"El Digital de Asturias"}},{"@type":"WebPage","@id":"https:\/\/www.eldigitaldeasturias.com\/noticias\/winnie-mandela-una-madre-de-la-nacion-llena-de-sombras\/#webpage","url":"https:\/\/www.eldigitaldeasturias.com\/noticias\/winnie-mandela-una-madre-de-la-nacion-llena-de-sombras\/","name":"Winnie Mandela, una \u00abmadre de la naci\u00f3n\u00bb llena de sombras - El Digital de Asturias","description":"Johannesburgo, 2 abr (dpa) - Durante m\u00e1s de cuatro d\u00e9cadas de actividad pol\u00edtica, Winnie Mandela se convirti\u00f3 en un s\u00edmbolo de la lucha contra el apartheid, el r\u00e9gimen de segregaci\u00f3n racial que reg\u00eda en Sud\u00e1frica, pero con su turbulenta vida polariz\u00f3 tambi\u00e9n el pa\u00eds como pocos. Celebrada por sus admiradores como \"uMama Wethu\", \"madre de","inLanguage":"es-ES","isPartOf":{"@id":"https:\/\/www.eldigitaldeasturias.com\/noticias\/#website"},"breadcrumb":{"@id":"https:\/\/www.eldigitaldeasturias.com\/noticias\/winnie-mandela-una-madre-de-la-nacion-llena-de-sombras\/#breadcrumblist"},"author":{"@id":"https:\/\/www.eldigitaldeasturias.com\/noticias\/author\/admin\/#author"},"creator":{"@id":"https:\/\/www.eldigitaldeasturias.com\/noticias\/author\/admin\/#author"},"image":{"@type":"ImageObject","url":574270,"@id":"https:\/\/www.eldigitaldeasturias.com\/noticias\/winnie-mandela-una-madre-de-la-nacion-llena-de-sombras\/#mainImage"},"primaryImageOfPage":{"@id":"https:\/\/www.eldigitaldeasturias.com\/noticias\/winnie-mandela-una-madre-de-la-nacion-llena-de-sombras\/#mainImage"},"datePublished":"2018-04-02T22:15:37+02:00","dateModified":"2018-04-02T22:15:37+02:00"},{"@type":"WebSite","@id":"https:\/\/www.eldigitaldeasturias.com\/noticias\/#website","url":"https:\/\/www.eldigitaldeasturias.com\/noticias\/","name":"El Digital de Asturias - Diario de actualidad y noticias","alternateName":"El Digital de Asturias - Diario de actualidad y noticias","description":"Hemeroteca","inLanguage":"es-ES","publisher":{"@id":"https:\/\/www.eldigitaldeasturias.com\/noticias\/#organization"}}]},"og:locale":"es_ES","og:site_name":"El Digital de Asturias","og:type":"article","og:title":"Winnie Mandela, una \u00abmadre de la naci\u00f3n\u00bb llena de sombras - El Digital de Asturias","og:description":"Johannesburgo, 2 abr (dpa) - Durante m\u00e1s de cuatro d\u00e9cadas de actividad pol\u00edtica, Winnie Mandela se convirti\u00f3 en un s\u00edmbolo de la lucha contra el apartheid, el r\u00e9gimen de segregaci\u00f3n racial que reg\u00eda en Sud\u00e1frica, pero con su turbulenta vida polariz\u00f3 tambi\u00e9n el pa\u00eds como pocos. Celebrada por sus admiradores como &quot;uMama Wethu&quot;, &quot;madre de","og:url":"https:\/\/www.eldigitaldeasturias.com\/noticias\/winnie-mandela-una-madre-de-la-nacion-llena-de-sombras\/","article:tag":["actualidad"],"article:published_time":"2018-04-02T22:15:37+00:00","article:modified_time":"2018-04-02T22:15:37+00:00","article:publisher":"https:\/\/facebook.com\/eldigitaldeasturias","twitter:card":"summary_large_image","twitter:title":"Winnie Mandela, una \u00abmadre de la naci\u00f3n\u00bb llena de sombras - El Digital de Asturias","twitter:description":"Johannesburgo, 2 abr (dpa) - Durante m\u00e1s de cuatro d\u00e9cadas de actividad pol\u00edtica, Winnie Mandela se convirti\u00f3 en un s\u00edmbolo de la lucha contra el apartheid, el r\u00e9gimen de segregaci\u00f3n racial que reg\u00eda en Sud\u00e1frica, pero con su turbulenta vida polariz\u00f3 tambi\u00e9n el pa\u00eds como pocos. Celebrada por sus admiradores como &quot;uMama Wethu&quot;, &quot;madre de","twitter:image":"https:\/\/www.eldigitaldeasturias.com\/noticias\/wp-content\/uploads\/2020\/12\/EDA-1.jpg","twitter:label1":"Escrito por","twitter:data1":"El Digital de Asturias","twitter:label2":"Tiempo de lectura estimado","twitter:data2":"5 minutos"},"aioseo_meta_data":{"post_id":"974499","title":null,"description":null,"keywords":null,"keyphrases":null,"primary_term":null,"canonical_url":null,"og_title":null,"og_description":null,"og_object_type":"default","og_image_type":"default","og_image_url":null,"og_image_width":null,"og_image_height":null,"og_image_custom_url":null,"og_image_custom_fields":null,"og_video":null,"og_custom_url":null,"og_article_section":null,"og_article_tags":null,"twitter_use_og":false,"twitter_card":"default","twitter_image_type":"default","twitter_image_url":null,"twitter_image_custom_url":null,"twitter_image_custom_fields":null,"twitter_title":null,"twitter_description":null,"schema":{"blockGraphs":[],"customGraphs":[],"default":{"data":{"Article":[],"Course":[],"Dataset":[],"FAQPage":[],"Movie":[],"Person":[],"Product":[],"ProductReview":[],"Car":[],"Recipe":[],"Service":[],"SoftwareApplication":[],"WebPage":[]},"graphName":"","isEnabled":true},"graphs":[],"defaultGraph":"","defaultPostTypeGraph":""},"schema_type":null,"schema_type_options":null,"pillar_content":false,"robots_default":true,"robots_noindex":false,"robots_noarchive":false,"robots_nosnippet":false,"robots_nofollow":false,"robots_noimageindex":false,"robots_noodp":false,"robots_notranslate":false,"robots_max_snippet":null,"robots_max_videopreview":null,"robots_max_imagepreview":"large","priority":null,"frequency":null,"local_seo":null,"seo_analyzer_scan_date":"2025-10-07 20:25:21","breadcrumb_settings":null,"limit_modified_date":false,"open_ai":null,"ai":null,"created":"2020-12-21 12:13:38","updated":"2025-10-07 20:25:21","focus_keyword":null,"additional_keywords":null,"truseo_locale":null},"aioseo_breadcrumb":"<div class=\"aioseo-breadcrumbs\"><span class=\"aioseo-breadcrumb\">\n\t<a href=\"https:\/\/www.eldigitaldeasturias.com\/noticias\" title=\"Home\">Home<\/a>\n<\/span><span class=\"aioseo-breadcrumb-separator\">\u2013<\/span><span class=\"aioseo-breadcrumb\">\n\t<a href=\"https:\/\/www.eldigitaldeasturias.com\/noticias\/category\/actualidad\/\" title=\"Actualidad\">Actualidad<\/a>\n<\/span><span class=\"aioseo-breadcrumb-separator\">\u2013<\/span><span class=\"aioseo-breadcrumb\">\n\t<a href=\"https:\/\/www.eldigitaldeasturias.com\/noticias\/winnie-mandela-una-madre-de-la-nacion-llena-de-sombras\/\" title=\"Winnie Mandela, una \u00abmadre de la naci\u00f3n\u00bb llena de sombras\">Winnie Mandela, una \u00abmadre de la naci\u00f3n\u00bb llena de sombras<\/a>\n<\/span><\/div>","aioseo_breadcrumb_json":[{"label":"Home","link":"https:\/\/www.eldigitaldeasturias.com\/noticias"},{"label":"Actualidad","link":"https:\/\/www.eldigitaldeasturias.com\/noticias\/category\/actualidad\/"},{"label":"Winnie Mandela, una \u00abmadre de la naci\u00f3n\u00bb llena de sombras","link":"https:\/\/www.eldigitaldeasturias.com\/noticias\/winnie-mandela-una-madre-de-la-nacion-llena-de-sombras\/"}],"_links":{"self":[{"href":"https:\/\/www.eldigitaldeasturias.com\/noticias\/wp-json\/wp\/v2\/posts\/974499","targetHints":{"allow":["GET"]}}],"collection":[{"href":"https:\/\/www.eldigitaldeasturias.com\/noticias\/wp-json\/wp\/v2\/posts"}],"about":[{"href":"https:\/\/www.eldigitaldeasturias.com\/noticias\/wp-json\/wp\/v2\/types\/post"}],"author":[{"embeddable":true,"href":"https:\/\/www.eldigitaldeasturias.com\/noticias\/wp-json\/wp\/v2\/users\/1"}],"replies":[{"embeddable":true,"href":"https:\/\/www.eldigitaldeasturias.com\/noticias\/wp-json\/wp\/v2\/comments?post=974499"}],"version-history":[{"count":0,"href":"https:\/\/www.eldigitaldeasturias.com\/noticias\/wp-json\/wp\/v2\/posts\/974499\/revisions"}],"wp:attachment":[{"href":"https:\/\/www.eldigitaldeasturias.com\/noticias\/wp-json\/wp\/v2\/media?parent=974499"}],"wp:term":[{"taxonomy":"category","embeddable":true,"href":"https:\/\/www.eldigitaldeasturias.com\/noticias\/wp-json\/wp\/v2\/categories?post=974499"},{"taxonomy":"post_tag","embeddable":true,"href":"https:\/\/www.eldigitaldeasturias.com\/noticias\/wp-json\/wp\/v2\/tags?post=974499"}],"curies":[{"name":"wp","href":"https:\/\/api.w.org\/{rel}","templated":true}]}}