{"id":974492,"date":"2018-04-02T22:06:19","date_gmt":"2018-04-02T22:06:19","guid":{"rendered":"http:\/\/www.eldigitaldeasturias.com\/noticias\/?p=974492"},"modified":"2018-04-02T22:06:19","modified_gmt":"2018-04-02T22:06:19","slug":"libre-o-preso-la-justicia-brasilena-decide-si-lula-ingresa-en-prision","status":"publish","type":"post","link":"https:\/\/www.eldigitaldeasturias.com\/noticias\/libre-o-preso-la-justicia-brasilena-decide-si-lula-ingresa-en-prision\/","title":{"rendered":"\u00bfLibre o preso? La justicia brasile\u00f1a decide si Lula ingresa en prisi\u00f3n"},"content":{"rendered":"<p><img loading=\"lazy\" decoding=\"async\" class=\"alignleft size-medium wp-image-868078\" src=\"https:\/\/www.eldigitaldeasturias.com\/noticias\/wp-content\/uploads\/2016\/03\/fotonoticia_20160321102713_800-360x240.jpg\" alt=\"\" width=\"360\" height=\"240\" \/>R\u00edo de Janeiro, 2 abr (dpa) &#8211; El ex presidente brasile\u00f1o Luiz In\u00e1cio Lula da Silva, principal favorito para las elecciones de octubre, podr\u00eda ingresar a partir de este mi\u00e9rcoles en prisi\u00f3n si el Supremo Tribunal Federal (STF), m\u00e1xima instancia judicial del pa\u00eds, le deniega un recurso extraordinario contra su condena por corrupci\u00f3n.<\/p>\n<p>El recurso de \u00abhabeas corpus preventivo\u00bb fue presentado en febrero por la defensa de Lula y el STF acept\u00f3 debatirlo a finales de marzo. De la decisi\u00f3n del tribunal, que genera una enorme expectativa en Brasil, depender\u00e1 si el ex mandatario, de 72 a\u00f1os, afronta lo que resta de su proceso judicial en libertad o en la c\u00e1rcel.<\/p>\n<p>Un \u00abhabeas corpus\u00bb preventivo es un instrumento jur\u00eddico que se usa para asegurar la libertad de una persona, incluso si esa persona no est\u00e1 presa todav\u00eda. El recurso se constituye como una garant\u00eda constitucional que se puede utilizar para evitar una reclusi\u00f3n considerada ilegal. En el caso de ser aceptado, el juez otorga un salvoconducto al solicitante.<\/p>\n<p>Si el STF acepta el \u00abhabeas corpus\u00bb, Lula, quien ya fue condenado en segunda instancia por corrupci\u00f3n, podr\u00e1 seguir apelando su condena en libertad. Pero si la Corte lo deniega, presumiblemente ingresar\u00e1 en prisi\u00f3n, pese a que a\u00fan le quedan recursos para presentar ante la Justicia en instancias superiores.<\/p>\n<p>La decisi\u00f3n sobre un posible encarcelamiento depender\u00e1 del momento en que el tribunal de apelaci\u00f3n que conden\u00f3 a Lula en enero d\u00e9 el caso definitivamente por cerrado en segunda instancia. Eso podr\u00eda ocurrir en cualquier momento tras el fallo del STF.<\/p>\n<p>El 24 de enero, un tribunal de Porto Alegre conden\u00f3 al l\u00edder del izquierdista Partido de los Trabajadores (PT) a m\u00e1s de 12 a\u00f1os de reclusi\u00f3n.<\/p>\n<p>La sentencia confirm\u00f3 la condena en primera instancia de julio de 2017 por el caso conocido como \u00abel tr\u00edplex de Guaruj\u00e1\u00bb. De acuerdo con la sentencia del juez S\u00e9rgio Moro, de un tribunal de la ciudad de Curitiba, el ex presidente es culpable de haber aceptado que la constructora OAS le renovara un apartamento de tres pisos en el litoral de Sao Paulo a cambio de favorecer a la empresa en sus tratos con el gigante petrolero estatal Petrobras.<\/p>\n<p>Despu\u00e9s de la segunda instancia, al ex l\u00edder metal\u00fargico, quien gobern\u00f3 Brasil entre 2003 y 2010, le quedan todav\u00eda dos recursos extraordinarios para presentar: ante el Superior Tribunal de Justicia (STJ), el m\u00e1ximo tribunal del pa\u00eds para asuntos no constitucionales, y eventualmente ante el STF.<\/p>\n<p>En el caso de que el \u00abhabeas corpus\u00bb sea denegado, Moro, quien est\u00e1 a cargo de los procesos del esc\u00e1ndalo de corrupci\u00f3n pol\u00edtica \u00abLava Jato\u00bb (\u00abLavado de autos\u00bb), podr\u00eda ordenar el encarcelamiento de Lula. La reclusi\u00f3n no invalidar\u00eda, de todas formas, las potenciales apelaciones ante el STJ y el STF.<\/p>\n<p>Aunque la decisi\u00f3n sobre el \u00abhabeas corpus\u00bb no afecta directamente a su posible candidatura en las elecciones presidenciales de octubre, el posible encarcelamiento de Lula amenaza con generar un terremoto pol\u00edtico, ya que el ex l\u00edder obrero, quien lanz\u00f3 su precandidatura por el PT, es actualmente favorito en los sondeos con hasta el 36 por ciento de los apoyos.<\/p>\n<p>La posible candidatura de Lula ser\u00e1 juzgada aparte por el Tribunal Superior Electoral (TSE). La llamada ley de \u00abFicha Limpa\u00bb (\u00abExpediente Limpio\u00bb) impide formalmente al ex presidente ser candidato debido a su condena. El tribunal electoral, sin embargo, debe emitir un fallo formal si el PT intenta inscribir oficialmente la candidatura de su l\u00edder, lo que no ocurrir\u00eda hasta en agosto.<\/p>\n<p>La situaci\u00f3n de Lula tiene en vilo a gran parte del pa\u00eds desde hace meses. En medio de la polarizaci\u00f3n existente respecto a su persona, se registraron varios episodios de violencia en las \u00faltimas semanas.<\/p>\n<p>El suceso m\u00e1s grave ocurri\u00f3 el 27 de marzo, cuando la caravana que trasladaba a Lula por el estado de Paran\u00e1, al Sur de Brasil, fue atacada a tiros. El hecho provoc\u00f3 el repudio del presidente Michel Temer, quien llam\u00f3 a \u00abpacificar el pa\u00eds\u00bb.<\/p>\n<p><i class=\"lang-es\"><span class=\" readonly\" title=\"\">Por Fernando Duclos (dpa)<\/span><\/i><\/p>\n","protected":false},"excerpt":{"rendered":"<p>R\u00edo de Janeiro, 2 abr (dpa) &#8211; El ex presidente brasile\u00f1o Luiz In\u00e1cio Lula da Silva, principal favorito para las elecciones de octubre, podr\u00eda ingresar a partir de este mi\u00e9rcoles en prisi\u00f3n si el Supremo Tribunal Federal (STF), m\u00e1xima instancia judicial del pa\u00eds, le deniega un recurso extraordinario contra su condena por corrupci\u00f3n. El recurso [&hellip;]<\/p>\n","protected":false},"author":1,"featured_media":868078,"comment_status":"closed","ping_status":"closed","sticky":false,"template":"","format":"standard","meta":{"footnotes":""},"categories":[1],"tags":[],"class_list":["post-974492","post","type-post","status-publish","format-standard","has-post-thumbnail","hentry","category-actualidad"],"aioseo_notices":[],"aioseo_head":"\n\t\t<!-- All in One SEO Pro 5.0.1 - aioseo.com -->\n\t<meta name=\"description\" content=\"R\u00edo de Janeiro, 2 abr (dpa) - El ex presidente brasile\u00f1o Luiz In\u00e1cio Lula da Silva, principal favorito para las elecciones de octubre, podr\u00eda ingresar a partir de este mi\u00e9rcoles en prisi\u00f3n si el Supremo Tribunal Federal (STF), m\u00e1xima instancia judicial del pa\u00eds, le deniega un recurso extraordinario contra su condena por corrupci\u00f3n. El recurso\" \/>\n\t<meta name=\"robots\" content=\"max-image-preview:large\" \/>\n\t<meta name=\"author\" content=\"El Digital de Asturias\"\/>\n\t<meta name=\"google-site-verification\" content=\"UA-38556648-1\" \/>\n\t<meta name=\"msvalidate.01\" content=\"7dfe9f3f1b24437ab69f4f2559babe99\" \/>\n\t<meta name=\"keywords\" content=\"actualidad\" \/>\n\t<link rel=\"canonical\" href=\"https:\/\/www.eldigitaldeasturias.com\/noticias\/libre-o-preso-la-justicia-brasilena-decide-si-lula-ingresa-en-prision\/\" \/>\n\t<meta name=\"generator\" content=\"All in One SEO Pro (AIOSEO) 5.0.1\" \/>\n\t\t<meta property=\"og:locale\" content=\"es_ES\" \/>\n\t\t<meta property=\"og:site_name\" content=\"El Digital de Asturias\" \/>\n\t\t<meta property=\"og:type\" content=\"article\" \/>\n\t\t<meta property=\"og:title\" content=\"\u00bfLibre o preso? La justicia brasile\u00f1a decide si Lula ingresa en prisi\u00f3n - El Digital de Asturias\" \/>\n\t\t<meta property=\"og:description\" content=\"R\u00edo de Janeiro, 2 abr (dpa) - El ex presidente brasile\u00f1o Luiz In\u00e1cio Lula da Silva, principal favorito para las elecciones de octubre, podr\u00eda ingresar a partir de este mi\u00e9rcoles en prisi\u00f3n si el Supremo Tribunal Federal (STF), m\u00e1xima instancia judicial del pa\u00eds, le deniega un recurso extraordinario contra su condena por corrupci\u00f3n. El recurso\" \/>\n\t\t<meta property=\"og:url\" content=\"https:\/\/www.eldigitaldeasturias.com\/noticias\/libre-o-preso-la-justicia-brasilena-decide-si-lula-ingresa-en-prision\/\" \/>\n\t\t<meta property=\"article:tag\" content=\"actualidad\" \/>\n\t\t<meta property=\"article:published_time\" content=\"2018-04-02T22:06:19+00:00\" \/>\n\t\t<meta property=\"article:modified_time\" content=\"2018-04-02T22:06:19+00:00\" \/>\n\t\t<meta property=\"article:publisher\" content=\"https:\/\/facebook.com\/eldigitaldeasturias\" \/>\n\t\t<meta name=\"twitter:card\" content=\"summary_large_image\" \/>\n\t\t<meta name=\"twitter:title\" content=\"\u00bfLibre o preso? La justicia brasile\u00f1a decide si Lula ingresa en prisi\u00f3n - El Digital de Asturias\" \/>\n\t\t<meta name=\"twitter:description\" content=\"R\u00edo de Janeiro, 2 abr (dpa) - El ex presidente brasile\u00f1o Luiz In\u00e1cio Lula da Silva, principal favorito para las elecciones de octubre, podr\u00eda ingresar a partir de este mi\u00e9rcoles en prisi\u00f3n si el Supremo Tribunal Federal (STF), m\u00e1xima instancia judicial del pa\u00eds, le deniega un recurso extraordinario contra su condena por corrupci\u00f3n. El recurso\" \/>\n\t\t<meta name=\"twitter:image\" content=\"https:\/\/www.eldigitaldeasturias.com\/noticias\/wp-content\/uploads\/2020\/12\/EDA-1.jpg\" \/>\n\t\t<meta name=\"twitter:label1\" content=\"Escrito por\" \/>\n\t\t<meta name=\"twitter:data1\" content=\"El Digital de Asturias\" \/>\n\t\t<meta name=\"twitter:label2\" content=\"Tiempo de lectura estimado\" \/>\n\t\t<meta name=\"twitter:data2\" content=\"4 minutos\" \/>\n\t\t<script type=\"application\/ld+json\" class=\"aioseo-schema\">\n\t\t\t{\"@context\":\"https:\\\/\\\/schema.org\",\"@graph\":[{\"@type\":\"BlogPosting\",\"@id\":\"https:\\\/\\\/www.eldigitaldeasturias.com\\\/noticias\\\/libre-o-preso-la-justicia-brasilena-decide-si-lula-ingresa-en-prision\\\/#blogposting\",\"name\":\"\\u00bfLibre o preso? La justicia brasile\\u00f1a decide si Lula ingresa en prisi\\u00f3n - El Digital de Asturias\",\"headline\":\"\\u00bfLibre o preso? La justicia brasile\\u00f1a decide si Lula ingresa en prisi\\u00f3n\",\"author\":{\"@id\":\"https:\\\/\\\/www.eldigitaldeasturias.com\\\/noticias\\\/author\\\/admin\\\/#author\"},\"publisher\":{\"@id\":\"https:\\\/\\\/www.eldigitaldeasturias.com\\\/noticias\\\/#organization\"},\"image\":{\"@type\":\"ImageObject\",\"url\":868078},\"datePublished\":\"2018-04-02T22:06:19+02:00\",\"dateModified\":\"2018-04-02T22:06:19+02:00\",\"inLanguage\":\"es-ES\",\"mainEntityOfPage\":{\"@id\":\"https:\\\/\\\/www.eldigitaldeasturias.com\\\/noticias\\\/libre-o-preso-la-justicia-brasilena-decide-si-lula-ingresa-en-prision\\\/#webpage\"},\"isPartOf\":{\"@id\":\"https:\\\/\\\/www.eldigitaldeasturias.com\\\/noticias\\\/libre-o-preso-la-justicia-brasilena-decide-si-lula-ingresa-en-prision\\\/#webpage\"},\"articleSection\":\"Actualidad\"},{\"@type\":\"BreadcrumbList\",\"@id\":\"https:\\\/\\\/www.eldigitaldeasturias.com\\\/noticias\\\/libre-o-preso-la-justicia-brasilena-decide-si-lula-ingresa-en-prision\\\/#breadcrumblist\",\"itemListElement\":[{\"@type\":\"ListItem\",\"@id\":\"https:\\\/\\\/www.eldigitaldeasturias.com\\\/noticias#listItem\",\"position\":1,\"name\":\"Home\",\"item\":\"https:\\\/\\\/www.eldigitaldeasturias.com\\\/noticias\",\"nextItem\":{\"@type\":\"ListItem\",\"@id\":\"https:\\\/\\\/www.eldigitaldeasturias.com\\\/noticias\\\/category\\\/actualidad\\\/#listItem\",\"name\":\"Actualidad\"}},{\"@type\":\"ListItem\",\"@id\":\"https:\\\/\\\/www.eldigitaldeasturias.com\\\/noticias\\\/category\\\/actualidad\\\/#listItem\",\"position\":2,\"name\":\"Actualidad\",\"item\":\"https:\\\/\\\/www.eldigitaldeasturias.com\\\/noticias\\\/category\\\/actualidad\\\/\",\"nextItem\":{\"@type\":\"ListItem\",\"@id\":\"https:\\\/\\\/www.eldigitaldeasturias.com\\\/noticias\\\/libre-o-preso-la-justicia-brasilena-decide-si-lula-ingresa-en-prision\\\/#listItem\",\"name\":\"\\u00bfLibre o preso? La justicia brasile\\u00f1a decide si Lula ingresa en prisi\\u00f3n\"},\"previousItem\":{\"@type\":\"ListItem\",\"@id\":\"https:\\\/\\\/www.eldigitaldeasturias.com\\\/noticias#listItem\",\"name\":\"Home\"}},{\"@type\":\"ListItem\",\"@id\":\"https:\\\/\\\/www.eldigitaldeasturias.com\\\/noticias\\\/libre-o-preso-la-justicia-brasilena-decide-si-lula-ingresa-en-prision\\\/#listItem\",\"position\":3,\"name\":\"\\u00bfLibre o preso? La justicia brasile\\u00f1a decide si Lula ingresa en prisi\\u00f3n\",\"previousItem\":{\"@type\":\"ListItem\",\"@id\":\"https:\\\/\\\/www.eldigitaldeasturias.com\\\/noticias\\\/category\\\/actualidad\\\/#listItem\",\"name\":\"Actualidad\"}}]},{\"@type\":\"Organization\",\"@id\":\"https:\\\/\\\/www.eldigitaldeasturias.com\\\/noticias\\\/#organization\",\"name\":\"El Digital de Asturias\",\"description\":\"Hemeroteca\",\"url\":\"https:\\\/\\\/www.eldigitaldeasturias.com\\\/noticias\\\/\",\"email\":\"info@eldigitaldeasturias.com\",\"telephone\":\"+34652131393\",\"logo\":{\"@type\":\"ImageObject\",\"url\":\"https:\\\/\\\/www.eldigitaldeasturias.com\\\/noticias\\\/wp-content\\\/uploads\\\/2020\\\/12\\\/EDA.jpg\",\"@id\":\"https:\\\/\\\/www.eldigitaldeasturias.com\\\/noticias\\\/libre-o-preso-la-justicia-brasilena-decide-si-lula-ingresa-en-prision\\\/#organizationLogo\"},\"image\":{\"@id\":\"https:\\\/\\\/www.eldigitaldeasturias.com\\\/noticias\\\/libre-o-preso-la-justicia-brasilena-decide-si-lula-ingresa-en-prision\\\/#organizationLogo\"},\"sameAs\":[\"https:\\\/\\\/facebook.com\\\/eldigitaldeasturias\",\"https:\\\/\\\/www.youtube.com\\\/channel\\\/UCZP-2wLEB9Rv6erhFmqVnvg\"],\"address\":{\"@id\":\"https:\\\/\\\/www.eldigitaldeasturias.com\\\/noticias\\\/#postaladdress\",\"@type\":\"PostalAddress\",\"streetAddress\":\"san antonio 4\",\"postalCode\":\"33430\",\"addressLocality\":\"Cand\\u00e1s\",\"addressRegion\":\"Asturias\",\"addressCountry\":\"ES\"}},{\"@type\":\"Person\",\"@id\":\"https:\\\/\\\/www.eldigitaldeasturias.com\\\/noticias\\\/author\\\/admin\\\/#author\",\"url\":\"https:\\\/\\\/www.eldigitaldeasturias.com\\\/noticias\\\/author\\\/admin\\\/\",\"name\":\"El Digital de Asturias\",\"image\":{\"@type\":\"ImageObject\",\"@id\":\"https:\\\/\\\/www.eldigitaldeasturias.com\\\/noticias\\\/libre-o-preso-la-justicia-brasilena-decide-si-lula-ingresa-en-prision\\\/#authorImage\",\"url\":\"https:\\\/\\\/secure.gravatar.com\\\/avatar\\\/df2aeffc32bcd13f8d26072ef8a91b623d677766deac7f97ca815868cd41bf5e?s=96&d=mm&r=g\",\"width\":96,\"height\":96,\"caption\":\"El Digital de Asturias\"}},{\"@type\":\"WebPage\",\"@id\":\"https:\\\/\\\/www.eldigitaldeasturias.com\\\/noticias\\\/libre-o-preso-la-justicia-brasilena-decide-si-lula-ingresa-en-prision\\\/#webpage\",\"url\":\"https:\\\/\\\/www.eldigitaldeasturias.com\\\/noticias\\\/libre-o-preso-la-justicia-brasilena-decide-si-lula-ingresa-en-prision\\\/\",\"name\":\"\\u00bfLibre o preso? La justicia brasile\\u00f1a decide si Lula ingresa en prisi\\u00f3n - El Digital de Asturias\",\"description\":\"R\\u00edo de Janeiro, 2 abr (dpa) - El ex presidente brasile\\u00f1o Luiz In\\u00e1cio Lula da Silva, principal favorito para las elecciones de octubre, podr\\u00eda ingresar a partir de este mi\\u00e9rcoles en prisi\\u00f3n si el Supremo Tribunal Federal (STF), m\\u00e1xima instancia judicial del pa\\u00eds, le deniega un recurso extraordinario contra su condena por corrupci\\u00f3n. El recurso\",\"inLanguage\":\"es-ES\",\"isPartOf\":{\"@id\":\"https:\\\/\\\/www.eldigitaldeasturias.com\\\/noticias\\\/#website\"},\"breadcrumb\":{\"@id\":\"https:\\\/\\\/www.eldigitaldeasturias.com\\\/noticias\\\/libre-o-preso-la-justicia-brasilena-decide-si-lula-ingresa-en-prision\\\/#breadcrumblist\"},\"author\":{\"@id\":\"https:\\\/\\\/www.eldigitaldeasturias.com\\\/noticias\\\/author\\\/admin\\\/#author\"},\"creator\":{\"@id\":\"https:\\\/\\\/www.eldigitaldeasturias.com\\\/noticias\\\/author\\\/admin\\\/#author\"},\"image\":{\"@type\":\"ImageObject\",\"url\":868078,\"@id\":\"https:\\\/\\\/www.eldigitaldeasturias.com\\\/noticias\\\/libre-o-preso-la-justicia-brasilena-decide-si-lula-ingresa-en-prision\\\/#mainImage\"},\"primaryImageOfPage\":{\"@id\":\"https:\\\/\\\/www.eldigitaldeasturias.com\\\/noticias\\\/libre-o-preso-la-justicia-brasilena-decide-si-lula-ingresa-en-prision\\\/#mainImage\"},\"datePublished\":\"2018-04-02T22:06:19+02:00\",\"dateModified\":\"2018-04-02T22:06:19+02:00\"},{\"@type\":\"WebSite\",\"@id\":\"https:\\\/\\\/www.eldigitaldeasturias.com\\\/noticias\\\/#website\",\"url\":\"https:\\\/\\\/www.eldigitaldeasturias.com\\\/noticias\\\/\",\"name\":\"El Digital de Asturias - Diario de actualidad y noticias\",\"alternateName\":\"El Digital de Asturias - Diario de actualidad y noticias\",\"description\":\"Hemeroteca\",\"inLanguage\":\"es-ES\",\"publisher\":{\"@id\":\"https:\\\/\\\/www.eldigitaldeasturias.com\\\/noticias\\\/#organization\"}}]}\n\t\t<\/script>\n\t\t<!-- All in One SEO Pro -->\r\n\t\t<title>\u00bfLibre o preso? La justicia brasile\u00f1a decide si Lula ingresa en prisi\u00f3n - El Digital de Asturias<\/title>\n\n","aioseo_head_json":{"title":"\u00bfLibre o preso? La justicia brasile\u00f1a decide si Lula ingresa en prisi\u00f3n - El Digital de Asturias","description":"R\u00edo de Janeiro, 2 abr (dpa) - El ex presidente brasile\u00f1o Luiz In\u00e1cio Lula da Silva, principal favorito para las elecciones de octubre, podr\u00eda ingresar a partir de este mi\u00e9rcoles en prisi\u00f3n si el Supremo Tribunal Federal (STF), m\u00e1xima instancia judicial del pa\u00eds, le deniega un recurso extraordinario contra su condena por corrupci\u00f3n. El recurso","canonical_url":"https:\/\/www.eldigitaldeasturias.com\/noticias\/libre-o-preso-la-justicia-brasilena-decide-si-lula-ingresa-en-prision\/","robots":"max-image-preview:large","keywords":"actualidad","webmasterTools":{"google-site-verification":"UA-38556648-1","msvalidate.01":"7dfe9f3f1b24437ab69f4f2559babe99","miscellaneous":""},"schema":{"@context":"https:\/\/schema.org","@graph":[{"@type":"BlogPosting","@id":"https:\/\/www.eldigitaldeasturias.com\/noticias\/libre-o-preso-la-justicia-brasilena-decide-si-lula-ingresa-en-prision\/#blogposting","name":"\u00bfLibre o preso? La justicia brasile\u00f1a decide si Lula ingresa en prisi\u00f3n - El Digital de Asturias","headline":"\u00bfLibre o preso? La justicia brasile\u00f1a decide si Lula ingresa en prisi\u00f3n","author":{"@id":"https:\/\/www.eldigitaldeasturias.com\/noticias\/author\/admin\/#author"},"publisher":{"@id":"https:\/\/www.eldigitaldeasturias.com\/noticias\/#organization"},"image":{"@type":"ImageObject","url":868078},"datePublished":"2018-04-02T22:06:19+02:00","dateModified":"2018-04-02T22:06:19+02:00","inLanguage":"es-ES","mainEntityOfPage":{"@id":"https:\/\/www.eldigitaldeasturias.com\/noticias\/libre-o-preso-la-justicia-brasilena-decide-si-lula-ingresa-en-prision\/#webpage"},"isPartOf":{"@id":"https:\/\/www.eldigitaldeasturias.com\/noticias\/libre-o-preso-la-justicia-brasilena-decide-si-lula-ingresa-en-prision\/#webpage"},"articleSection":"Actualidad"},{"@type":"BreadcrumbList","@id":"https:\/\/www.eldigitaldeasturias.com\/noticias\/libre-o-preso-la-justicia-brasilena-decide-si-lula-ingresa-en-prision\/#breadcrumblist","itemListElement":[{"@type":"ListItem","@id":"https:\/\/www.eldigitaldeasturias.com\/noticias#listItem","position":1,"name":"Home","item":"https:\/\/www.eldigitaldeasturias.com\/noticias","nextItem":{"@type":"ListItem","@id":"https:\/\/www.eldigitaldeasturias.com\/noticias\/category\/actualidad\/#listItem","name":"Actualidad"}},{"@type":"ListItem","@id":"https:\/\/www.eldigitaldeasturias.com\/noticias\/category\/actualidad\/#listItem","position":2,"name":"Actualidad","item":"https:\/\/www.eldigitaldeasturias.com\/noticias\/category\/actualidad\/","nextItem":{"@type":"ListItem","@id":"https:\/\/www.eldigitaldeasturias.com\/noticias\/libre-o-preso-la-justicia-brasilena-decide-si-lula-ingresa-en-prision\/#listItem","name":"\u00bfLibre o preso? La justicia brasile\u00f1a decide si Lula ingresa en prisi\u00f3n"},"previousItem":{"@type":"ListItem","@id":"https:\/\/www.eldigitaldeasturias.com\/noticias#listItem","name":"Home"}},{"@type":"ListItem","@id":"https:\/\/www.eldigitaldeasturias.com\/noticias\/libre-o-preso-la-justicia-brasilena-decide-si-lula-ingresa-en-prision\/#listItem","position":3,"name":"\u00bfLibre o preso? La justicia brasile\u00f1a decide si Lula ingresa en prisi\u00f3n","previousItem":{"@type":"ListItem","@id":"https:\/\/www.eldigitaldeasturias.com\/noticias\/category\/actualidad\/#listItem","name":"Actualidad"}}]},{"@type":"Organization","@id":"https:\/\/www.eldigitaldeasturias.com\/noticias\/#organization","name":"El Digital de Asturias","description":"Hemeroteca","url":"https:\/\/www.eldigitaldeasturias.com\/noticias\/","email":"info@eldigitaldeasturias.com","telephone":"+34652131393","logo":{"@type":"ImageObject","url":"https:\/\/www.eldigitaldeasturias.com\/noticias\/wp-content\/uploads\/2020\/12\/EDA.jpg","@id":"https:\/\/www.eldigitaldeasturias.com\/noticias\/libre-o-preso-la-justicia-brasilena-decide-si-lula-ingresa-en-prision\/#organizationLogo"},"image":{"@id":"https:\/\/www.eldigitaldeasturias.com\/noticias\/libre-o-preso-la-justicia-brasilena-decide-si-lula-ingresa-en-prision\/#organizationLogo"},"sameAs":["https:\/\/facebook.com\/eldigitaldeasturias","https:\/\/www.youtube.com\/channel\/UCZP-2wLEB9Rv6erhFmqVnvg"],"address":{"@id":"https:\/\/www.eldigitaldeasturias.com\/noticias\/#postaladdress","@type":"PostalAddress","streetAddress":"san antonio 4","postalCode":"33430","addressLocality":"Cand\u00e1s","addressRegion":"Asturias","addressCountry":"ES"}},{"@type":"Person","@id":"https:\/\/www.eldigitaldeasturias.com\/noticias\/author\/admin\/#author","url":"https:\/\/www.eldigitaldeasturias.com\/noticias\/author\/admin\/","name":"El Digital de Asturias","image":{"@type":"ImageObject","@id":"https:\/\/www.eldigitaldeasturias.com\/noticias\/libre-o-preso-la-justicia-brasilena-decide-si-lula-ingresa-en-prision\/#authorImage","url":"https:\/\/secure.gravatar.com\/avatar\/df2aeffc32bcd13f8d26072ef8a91b623d677766deac7f97ca815868cd41bf5e?s=96&d=mm&r=g","width":96,"height":96,"caption":"El Digital de Asturias"}},{"@type":"WebPage","@id":"https:\/\/www.eldigitaldeasturias.com\/noticias\/libre-o-preso-la-justicia-brasilena-decide-si-lula-ingresa-en-prision\/#webpage","url":"https:\/\/www.eldigitaldeasturias.com\/noticias\/libre-o-preso-la-justicia-brasilena-decide-si-lula-ingresa-en-prision\/","name":"\u00bfLibre o preso? La justicia brasile\u00f1a decide si Lula ingresa en prisi\u00f3n - El Digital de Asturias","description":"R\u00edo de Janeiro, 2 abr (dpa) - El ex presidente brasile\u00f1o Luiz In\u00e1cio Lula da Silva, principal favorito para las elecciones de octubre, podr\u00eda ingresar a partir de este mi\u00e9rcoles en prisi\u00f3n si el Supremo Tribunal Federal (STF), m\u00e1xima instancia judicial del pa\u00eds, le deniega un recurso extraordinario contra su condena por corrupci\u00f3n. El recurso","inLanguage":"es-ES","isPartOf":{"@id":"https:\/\/www.eldigitaldeasturias.com\/noticias\/#website"},"breadcrumb":{"@id":"https:\/\/www.eldigitaldeasturias.com\/noticias\/libre-o-preso-la-justicia-brasilena-decide-si-lula-ingresa-en-prision\/#breadcrumblist"},"author":{"@id":"https:\/\/www.eldigitaldeasturias.com\/noticias\/author\/admin\/#author"},"creator":{"@id":"https:\/\/www.eldigitaldeasturias.com\/noticias\/author\/admin\/#author"},"image":{"@type":"ImageObject","url":868078,"@id":"https:\/\/www.eldigitaldeasturias.com\/noticias\/libre-o-preso-la-justicia-brasilena-decide-si-lula-ingresa-en-prision\/#mainImage"},"primaryImageOfPage":{"@id":"https:\/\/www.eldigitaldeasturias.com\/noticias\/libre-o-preso-la-justicia-brasilena-decide-si-lula-ingresa-en-prision\/#mainImage"},"datePublished":"2018-04-02T22:06:19+02:00","dateModified":"2018-04-02T22:06:19+02:00"},{"@type":"WebSite","@id":"https:\/\/www.eldigitaldeasturias.com\/noticias\/#website","url":"https:\/\/www.eldigitaldeasturias.com\/noticias\/","name":"El Digital de Asturias - Diario de actualidad y noticias","alternateName":"El Digital de Asturias - Diario de actualidad y noticias","description":"Hemeroteca","inLanguage":"es-ES","publisher":{"@id":"https:\/\/www.eldigitaldeasturias.com\/noticias\/#organization"}}]},"og:locale":"es_ES","og:site_name":"El Digital de Asturias","og:type":"article","og:title":"\u00bfLibre o preso? La justicia brasile\u00f1a decide si Lula ingresa en prisi\u00f3n - El Digital de Asturias","og:description":"R\u00edo de Janeiro, 2 abr (dpa) - El ex presidente brasile\u00f1o Luiz In\u00e1cio Lula da Silva, principal favorito para las elecciones de octubre, podr\u00eda ingresar a partir de este mi\u00e9rcoles en prisi\u00f3n si el Supremo Tribunal Federal (STF), m\u00e1xima instancia judicial del pa\u00eds, le deniega un recurso extraordinario contra su condena por corrupci\u00f3n. El recurso","og:url":"https:\/\/www.eldigitaldeasturias.com\/noticias\/libre-o-preso-la-justicia-brasilena-decide-si-lula-ingresa-en-prision\/","article:tag":["actualidad"],"article:published_time":"2018-04-02T22:06:19+00:00","article:modified_time":"2018-04-02T22:06:19+00:00","article:publisher":"https:\/\/facebook.com\/eldigitaldeasturias","twitter:card":"summary_large_image","twitter:title":"\u00bfLibre o preso? La justicia brasile\u00f1a decide si Lula ingresa en prisi\u00f3n - El Digital de Asturias","twitter:description":"R\u00edo de Janeiro, 2 abr (dpa) - El ex presidente brasile\u00f1o Luiz In\u00e1cio Lula da Silva, principal favorito para las elecciones de octubre, podr\u00eda ingresar a partir de este mi\u00e9rcoles en prisi\u00f3n si el Supremo Tribunal Federal (STF), m\u00e1xima instancia judicial del pa\u00eds, le deniega un recurso extraordinario contra su condena por corrupci\u00f3n. El recurso","twitter:image":"https:\/\/www.eldigitaldeasturias.com\/noticias\/wp-content\/uploads\/2020\/12\/EDA-1.jpg","twitter:label1":"Escrito por","twitter:data1":"El Digital de Asturias","twitter:label2":"Tiempo de lectura estimado","twitter:data2":"4 minutos"},"aioseo_meta_data":{"post_id":"974492","title":null,"description":null,"keywords":null,"keyphrases":null,"primary_term":null,"canonical_url":null,"og_title":null,"og_description":null,"og_object_type":"default","og_image_type":"default","og_image_url":null,"og_image_width":null,"og_image_height":null,"og_image_custom_url":null,"og_image_custom_fields":null,"og_video":null,"og_custom_url":null,"og_article_section":null,"og_article_tags":null,"twitter_use_og":false,"twitter_card":"default","twitter_image_type":"default","twitter_image_url":null,"twitter_image_custom_url":null,"twitter_image_custom_fields":null,"twitter_title":null,"twitter_description":null,"schema":{"blockGraphs":[],"customGraphs":[],"default":{"data":{"Article":[],"Course":[],"Dataset":[],"FAQPage":[],"Movie":[],"Person":[],"Product":[],"ProductReview":[],"Car":[],"Recipe":[],"Service":[],"SoftwareApplication":[],"WebPage":[]},"graphName":"","isEnabled":true},"graphs":[],"defaultGraph":"","defaultPostTypeGraph":""},"schema_type":null,"schema_type_options":null,"pillar_content":false,"robots_default":true,"robots_noindex":false,"robots_noarchive":false,"robots_nosnippet":false,"robots_nofollow":false,"robots_noimageindex":false,"robots_noodp":false,"robots_notranslate":false,"robots_max_snippet":null,"robots_max_videopreview":null,"robots_max_imagepreview":"large","priority":null,"frequency":null,"local_seo":null,"seo_analyzer_scan_date":"2025-10-07 20:25:20","breadcrumb_settings":null,"limit_modified_date":false,"open_ai":null,"ai":null,"created":"2020-12-21 12:13:39","updated":"2025-10-07 20:25:20","focus_keyword":null,"additional_keywords":null,"truseo_locale":null},"aioseo_breadcrumb":"<div class=\"aioseo-breadcrumbs\"><span class=\"aioseo-breadcrumb\">\n\t<a href=\"https:\/\/www.eldigitaldeasturias.com\/noticias\" title=\"Home\">Home<\/a>\n<\/span><span class=\"aioseo-breadcrumb-separator\">\u2013<\/span><span class=\"aioseo-breadcrumb\">\n\t<a href=\"https:\/\/www.eldigitaldeasturias.com\/noticias\/category\/actualidad\/\" title=\"Actualidad\">Actualidad<\/a>\n<\/span><span class=\"aioseo-breadcrumb-separator\">\u2013<\/span><span class=\"aioseo-breadcrumb\">\n\t<a href=\"https:\/\/www.eldigitaldeasturias.com\/noticias\/libre-o-preso-la-justicia-brasilena-decide-si-lula-ingresa-en-prision\/\" title=\"\u00bfLibre o preso? La justicia brasile\u00f1a decide si Lula ingresa en prisi\u00f3n\">\u00bfLibre o preso? La justicia brasile\u00f1a decide si Lula ingresa en prisi\u00f3n<\/a>\n<\/span><\/div>","aioseo_breadcrumb_json":[{"label":"Home","link":"https:\/\/www.eldigitaldeasturias.com\/noticias"},{"label":"Actualidad","link":"https:\/\/www.eldigitaldeasturias.com\/noticias\/category\/actualidad\/"},{"label":"\u00bfLibre o preso? La justicia brasile\u00f1a decide si Lula ingresa en prisi\u00f3n","link":"https:\/\/www.eldigitaldeasturias.com\/noticias\/libre-o-preso-la-justicia-brasilena-decide-si-lula-ingresa-en-prision\/"}],"_links":{"self":[{"href":"https:\/\/www.eldigitaldeasturias.com\/noticias\/wp-json\/wp\/v2\/posts\/974492","targetHints":{"allow":["GET"]}}],"collection":[{"href":"https:\/\/www.eldigitaldeasturias.com\/noticias\/wp-json\/wp\/v2\/posts"}],"about":[{"href":"https:\/\/www.eldigitaldeasturias.com\/noticias\/wp-json\/wp\/v2\/types\/post"}],"author":[{"embeddable":true,"href":"https:\/\/www.eldigitaldeasturias.com\/noticias\/wp-json\/wp\/v2\/users\/1"}],"replies":[{"embeddable":true,"href":"https:\/\/www.eldigitaldeasturias.com\/noticias\/wp-json\/wp\/v2\/comments?post=974492"}],"version-history":[{"count":0,"href":"https:\/\/www.eldigitaldeasturias.com\/noticias\/wp-json\/wp\/v2\/posts\/974492\/revisions"}],"wp:attachment":[{"href":"https:\/\/www.eldigitaldeasturias.com\/noticias\/wp-json\/wp\/v2\/media?parent=974492"}],"wp:term":[{"taxonomy":"category","embeddable":true,"href":"https:\/\/www.eldigitaldeasturias.com\/noticias\/wp-json\/wp\/v2\/categories?post=974492"},{"taxonomy":"post_tag","embeddable":true,"href":"https:\/\/www.eldigitaldeasturias.com\/noticias\/wp-json\/wp\/v2\/tags?post=974492"}],"curies":[{"name":"wp","href":"https:\/\/api.w.org\/{rel}","templated":true}]}}