{"id":974479,"date":"2018-04-02T21:05:40","date_gmt":"2018-04-02T21:05:40","guid":{"rendered":"http:\/\/www.eldigitaldeasturias.com\/noticias\/?p=974479"},"modified":"2018-04-02T21:05:40","modified_gmt":"2018-04-02T21:05:40","slug":"un-ano-despues-de-las-protestas-en-venezuela-maduro-busca-la-reeleccion","status":"publish","type":"post","link":"https:\/\/www.eldigitaldeasturias.com\/noticias\/un-ano-despues-de-las-protestas-en-venezuela-maduro-busca-la-reeleccion\/","title":{"rendered":"Un a\u00f1o despu\u00e9s de las protestas en Venezuela, Maduro busca la reelecci\u00f3n"},"content":{"rendered":"<p><img loading=\"lazy\" decoding=\"async\" class=\"alignleft size-medium wp-image-485917\" src=\"https:\/\/www.eldigitaldeasturias.com\/noticias\/wp-content\/uploads\/2014\/02\/5919099w-360x240.jpg\" alt=\"\" width=\"360\" height=\"240\" \/>Caracas, 2 abr (dpa) \u2013 En abril del a\u00f1o pasado comenzaban en Venezuela cuatro meses de protestas contra el Gobierno que dejaron m\u00e1s de 100 muertos y miles de heridos. Ahora, un a\u00f1o despu\u00e9s, el presidente Nicol\u00e1s Maduro se prepara para lograr la reelecci\u00f3n en los comicios del 20 de mayo frente a una oposici\u00f3n desarticulada.<\/p>\n<p>El malestar popular estall\u00f3 apenas comenzado abril de 2017, pero el detonante se produjo el d\u00eda 4 de ese mes cuando una gran movilizaci\u00f3n hasta la Asamblea Nacional (Congreso) fue reprimida con gases lacrim\u00f3genos y golpes de la polic\u00eda para impedir su llegada hasta la sede legislativa, en el centro de Caracas.<\/p>\n<p>Unos d\u00edas antes, el Tribunal Supremo de Justicia (TSJ) hab\u00eda emitido dos sentencias que despojaron a la Asamblea de sus atribuciones, lo que provoc\u00f3 la reacci\u00f3n de la mayor\u00eda opositora, que calific\u00f3 los fallos como un golpe de Estado.<\/p>\n<p>La manifestaci\u00f3n del 4 de abril fue impedida por la fuerza, as\u00ed como todos los siguientes intentos que hizo la oposici\u00f3n para llegar al centro de la ciudad, ya que las fuerzas del orden utilizaron su arsenal para contener las marchas, alegando que los manifestantes no hab\u00edan solicitado permiso de las autoridades.<\/p>\n<p>La autopista Francisco Fajardo, que une el este y el oeste de Caracas, fue el escenario de m\u00faltiples escaramuzas, siendo la v\u00eda m\u00e1s utilizada en el intento opositor de llegar al centro.<\/p>\n<p>Las protestas se repitieron y llegaron a esparcirse por varias de las 23 regiones del pa\u00eds. Cada semana se anunciaban concentraciones y marchas que tuvieron el mismo desenlace: muertos y heridos y denuncias de atropellos de los cuerpos de seguridad. Organizaciones no gubernamentales denunciaron violaciones de los derechos humanos durante las protestas y varios funcionarios del Gobierno fueron sancionados por Estados Unidos.<\/p>\n<p>Las protestas se prolongaron hasta el 30 de julio, cuando se celebr\u00f3 en Venezuela la votaci\u00f3n de los miembros de una Asamblea Constituyente convocada por Maduro, que qued\u00f3 totalmente dominada por el chavismo y asumi\u00f3 de hecho las facultades de la Asamblea Nacional.<\/p>\n<p>El Consejo Nacional Electoral (CNE) aval\u00f3 la elecci\u00f3n, alegando una participaci\u00f3n de 8,3 millones de votantes. Adem\u00e1s qued\u00f3 en el centro de la controversia pol\u00edtica despu\u00e9s que la empresa Smartmatic, que le facilitaba servicios inform\u00e1ticos, denunciara que las cifras de participaci\u00f3n fueron alteradas e infladas.<\/p>\n<p>La Constituyente, que dijo tener poderes plenipotenciarios, convoc\u00f3 en 2017 las elecciones de gobernadores y alcaldes y este a\u00f1o fij\u00f3 las presidenciales para el 22 de abril, que luego mud\u00f3 para el 20 de mayo.<\/p>\n<p>En los comicios de mayo, Maduro buscar\u00e1 una reelecci\u00f3n apoyado por el Partido Socialista Unido de Venezuela (PSUV) y el movimiento Somos Venezuela, creado por la ex canciller Delcy Rodr\u00edguez, tambi\u00e9n jefa de la Constituyente.<\/p>\n<p>Aunque Maduro tiene un amplio rechazo en las encuestas, debido a los efectos de la hiperinflaci\u00f3n y el estancamiento econ\u00f3mico, se ha visto beneficiado por la desarticulaci\u00f3n de la oposici\u00f3n, cuya coalici\u00f3n Mesa de Unidad Democr\u00e1tica (MUD) declin\u00f3 participar en las elecciones y decidi\u00f3 boicotearlas, dejando con limitado apoyo al candidato Henri Falc\u00f3n.<\/p>\n<p>Maduro sostiene que la Constituyente llev\u00f3 la paz al pa\u00eds, ya que desde el 30 de julio quedaron paralizadas las movilizaciones contra el Gobierno m\u00e1s all\u00e1 de algunos t\u00edmidos intentos opositores.<\/p>\n<p>La Fiscal\u00eda General, cuya titular Luisa Ortega D\u00edaz fue destituida por la Constituyente, estim\u00f3 el saldo de las protestas del a\u00f1o pasado en 122 muertos. La organizaci\u00f3n defensora de derechos humanos Provea contabiliz\u00f3 139 muertos hasta el 14 de agosto de 2017.<\/p>\n<p>Por su parte, un informe de la organizaci\u00f3n Foro Penal Venezolano, una ONG que asiste a v\u00edctimas de violaciones de los derechos humanos, denunci\u00f3 en febrero de este a\u00f1o \u00abla respuesta abusiva y desproporcionada\u00bb de los cuerpos de seguridad del Estado en las manifestaciones del a\u00f1o pasado y de grupos civiles armados conocidos como \u00abcolectivos\u00bb.<\/p>\n<p>El reporte tambi\u00e9n apunta a una \u00abconducta parcializada\u00bb por parte de los \u00f3rganos de administraci\u00f3n de justicia, que en su opini\u00f3n actuaron siguiendo directrices de altos funcionarios del Gobierno no ajustadas a derecho.<\/p>\n<p><i class=\"lang-es\"><span class=\" readonly\" title=\"\">Por N\u00e9stor Rojas (dpa)<\/span><\/i><\/p>\n<p>&nbsp;<\/p>\n","protected":false},"excerpt":{"rendered":"<p>Caracas, 2 abr (dpa) \u2013 En abril del a\u00f1o pasado comenzaban en Venezuela cuatro meses de protestas contra el Gobierno que dejaron m\u00e1s de 100 muertos y miles de heridos. Ahora, un a\u00f1o despu\u00e9s, el presidente Nicol\u00e1s Maduro se prepara para lograr la reelecci\u00f3n en los comicios del 20 de mayo frente a una oposici\u00f3n [&hellip;]<\/p>\n","protected":false},"author":1,"featured_media":485917,"comment_status":"closed","ping_status":"closed","sticky":false,"template":"","format":"standard","meta":{"footnotes":""},"categories":[1],"tags":[],"class_list":["post-974479","post","type-post","status-publish","format-standard","has-post-thumbnail","hentry","category-actualidad"],"aioseo_notices":[],"aioseo_head":"\n\t\t<!-- All in One SEO Pro 5.0.1 - aioseo.com -->\n\t<meta name=\"description\" content=\"Caracas, 2 abr (dpa) \u2013 En abril del a\u00f1o pasado comenzaban en Venezuela cuatro meses de protestas contra el Gobierno que dejaron m\u00e1s de 100 muertos y miles de heridos. Ahora, un a\u00f1o despu\u00e9s, el presidente Nicol\u00e1s Maduro se prepara para lograr la reelecci\u00f3n en los comicios del 20 de mayo frente a una oposici\u00f3n\" \/>\n\t<meta name=\"robots\" content=\"max-image-preview:large\" \/>\n\t<meta name=\"author\" content=\"El Digital de Asturias\"\/>\n\t<meta name=\"google-site-verification\" content=\"UA-38556648-1\" \/>\n\t<meta name=\"msvalidate.01\" content=\"7dfe9f3f1b24437ab69f4f2559babe99\" \/>\n\t<meta name=\"keywords\" content=\"actualidad\" \/>\n\t<link rel=\"canonical\" href=\"https:\/\/www.eldigitaldeasturias.com\/noticias\/un-ano-despues-de-las-protestas-en-venezuela-maduro-busca-la-reeleccion\/\" \/>\n\t<meta name=\"generator\" content=\"All in One SEO Pro (AIOSEO) 5.0.1\" \/>\n\t\t<meta property=\"og:locale\" content=\"es_ES\" \/>\n\t\t<meta property=\"og:site_name\" content=\"El Digital de Asturias\" \/>\n\t\t<meta property=\"og:type\" content=\"article\" \/>\n\t\t<meta property=\"og:title\" content=\"Un a\u00f1o despu\u00e9s de las protestas en Venezuela, Maduro busca la reelecci\u00f3n - El Digital de Asturias\" \/>\n\t\t<meta property=\"og:description\" content=\"Caracas, 2 abr (dpa) \u2013 En abril del a\u00f1o pasado comenzaban en Venezuela cuatro meses de protestas contra el Gobierno que dejaron m\u00e1s de 100 muertos y miles de heridos. Ahora, un a\u00f1o despu\u00e9s, el presidente Nicol\u00e1s Maduro se prepara para lograr la reelecci\u00f3n en los comicios del 20 de mayo frente a una oposici\u00f3n\" \/>\n\t\t<meta property=\"og:url\" content=\"https:\/\/www.eldigitaldeasturias.com\/noticias\/un-ano-despues-de-las-protestas-en-venezuela-maduro-busca-la-reeleccion\/\" \/>\n\t\t<meta property=\"article:tag\" content=\"actualidad\" \/>\n\t\t<meta property=\"article:published_time\" content=\"2018-04-02T21:05:40+00:00\" \/>\n\t\t<meta property=\"article:modified_time\" content=\"2018-04-02T21:05:40+00:00\" \/>\n\t\t<meta property=\"article:publisher\" content=\"https:\/\/facebook.com\/eldigitaldeasturias\" \/>\n\t\t<meta name=\"twitter:card\" content=\"summary_large_image\" \/>\n\t\t<meta name=\"twitter:title\" content=\"Un a\u00f1o despu\u00e9s de las protestas en Venezuela, Maduro busca la reelecci\u00f3n - El Digital de Asturias\" \/>\n\t\t<meta name=\"twitter:description\" content=\"Caracas, 2 abr (dpa) \u2013 En abril del a\u00f1o pasado comenzaban en Venezuela cuatro meses de protestas contra el Gobierno que dejaron m\u00e1s de 100 muertos y miles de heridos. Ahora, un a\u00f1o despu\u00e9s, el presidente Nicol\u00e1s Maduro se prepara para lograr la reelecci\u00f3n en los comicios del 20 de mayo frente a una oposici\u00f3n\" \/>\n\t\t<meta name=\"twitter:image\" content=\"https:\/\/www.eldigitaldeasturias.com\/noticias\/wp-content\/uploads\/2020\/12\/EDA-1.jpg\" \/>\n\t\t<meta name=\"twitter:label1\" content=\"Escrito por\" \/>\n\t\t<meta name=\"twitter:data1\" content=\"El Digital de Asturias\" \/>\n\t\t<meta name=\"twitter:label2\" content=\"Tiempo de lectura estimado\" \/>\n\t\t<meta name=\"twitter:data2\" content=\"4 minutos\" \/>\n\t\t<script type=\"application\/ld+json\" class=\"aioseo-schema\">\n\t\t\t{\"@context\":\"https:\\\/\\\/schema.org\",\"@graph\":[{\"@type\":\"BlogPosting\",\"@id\":\"https:\\\/\\\/www.eldigitaldeasturias.com\\\/noticias\\\/un-ano-despues-de-las-protestas-en-venezuela-maduro-busca-la-reeleccion\\\/#blogposting\",\"name\":\"Un a\\u00f1o despu\\u00e9s de las protestas en Venezuela, Maduro busca la reelecci\\u00f3n - El Digital de Asturias\",\"headline\":\"Un a\\u00f1o despu\\u00e9s de las protestas en Venezuela, Maduro busca la reelecci\\u00f3n\",\"author\":{\"@id\":\"https:\\\/\\\/www.eldigitaldeasturias.com\\\/noticias\\\/author\\\/admin\\\/#author\"},\"publisher\":{\"@id\":\"https:\\\/\\\/www.eldigitaldeasturias.com\\\/noticias\\\/#organization\"},\"image\":{\"@type\":\"ImageObject\",\"url\":485917},\"datePublished\":\"2018-04-02T21:05:40+02:00\",\"dateModified\":\"2018-04-02T21:05:40+02:00\",\"inLanguage\":\"es-ES\",\"mainEntityOfPage\":{\"@id\":\"https:\\\/\\\/www.eldigitaldeasturias.com\\\/noticias\\\/un-ano-despues-de-las-protestas-en-venezuela-maduro-busca-la-reeleccion\\\/#webpage\"},\"isPartOf\":{\"@id\":\"https:\\\/\\\/www.eldigitaldeasturias.com\\\/noticias\\\/un-ano-despues-de-las-protestas-en-venezuela-maduro-busca-la-reeleccion\\\/#webpage\"},\"articleSection\":\"Actualidad\"},{\"@type\":\"BreadcrumbList\",\"@id\":\"https:\\\/\\\/www.eldigitaldeasturias.com\\\/noticias\\\/un-ano-despues-de-las-protestas-en-venezuela-maduro-busca-la-reeleccion\\\/#breadcrumblist\",\"itemListElement\":[{\"@type\":\"ListItem\",\"@id\":\"https:\\\/\\\/www.eldigitaldeasturias.com\\\/noticias#listItem\",\"position\":1,\"name\":\"Home\",\"item\":\"https:\\\/\\\/www.eldigitaldeasturias.com\\\/noticias\",\"nextItem\":{\"@type\":\"ListItem\",\"@id\":\"https:\\\/\\\/www.eldigitaldeasturias.com\\\/noticias\\\/category\\\/actualidad\\\/#listItem\",\"name\":\"Actualidad\"}},{\"@type\":\"ListItem\",\"@id\":\"https:\\\/\\\/www.eldigitaldeasturias.com\\\/noticias\\\/category\\\/actualidad\\\/#listItem\",\"position\":2,\"name\":\"Actualidad\",\"item\":\"https:\\\/\\\/www.eldigitaldeasturias.com\\\/noticias\\\/category\\\/actualidad\\\/\",\"nextItem\":{\"@type\":\"ListItem\",\"@id\":\"https:\\\/\\\/www.eldigitaldeasturias.com\\\/noticias\\\/un-ano-despues-de-las-protestas-en-venezuela-maduro-busca-la-reeleccion\\\/#listItem\",\"name\":\"Un a\\u00f1o despu\\u00e9s de las protestas en Venezuela, Maduro busca la reelecci\\u00f3n\"},\"previousItem\":{\"@type\":\"ListItem\",\"@id\":\"https:\\\/\\\/www.eldigitaldeasturias.com\\\/noticias#listItem\",\"name\":\"Home\"}},{\"@type\":\"ListItem\",\"@id\":\"https:\\\/\\\/www.eldigitaldeasturias.com\\\/noticias\\\/un-ano-despues-de-las-protestas-en-venezuela-maduro-busca-la-reeleccion\\\/#listItem\",\"position\":3,\"name\":\"Un a\\u00f1o despu\\u00e9s de las protestas en Venezuela, Maduro busca la reelecci\\u00f3n\",\"previousItem\":{\"@type\":\"ListItem\",\"@id\":\"https:\\\/\\\/www.eldigitaldeasturias.com\\\/noticias\\\/category\\\/actualidad\\\/#listItem\",\"name\":\"Actualidad\"}}]},{\"@type\":\"Organization\",\"@id\":\"https:\\\/\\\/www.eldigitaldeasturias.com\\\/noticias\\\/#organization\",\"name\":\"El Digital de Asturias\",\"description\":\"Hemeroteca\",\"url\":\"https:\\\/\\\/www.eldigitaldeasturias.com\\\/noticias\\\/\",\"email\":\"info@eldigitaldeasturias.com\",\"telephone\":\"+34652131393\",\"logo\":{\"@type\":\"ImageObject\",\"url\":\"https:\\\/\\\/www.eldigitaldeasturias.com\\\/noticias\\\/wp-content\\\/uploads\\\/2020\\\/12\\\/EDA.jpg\",\"@id\":\"https:\\\/\\\/www.eldigitaldeasturias.com\\\/noticias\\\/un-ano-despues-de-las-protestas-en-venezuela-maduro-busca-la-reeleccion\\\/#organizationLogo\"},\"image\":{\"@id\":\"https:\\\/\\\/www.eldigitaldeasturias.com\\\/noticias\\\/un-ano-despues-de-las-protestas-en-venezuela-maduro-busca-la-reeleccion\\\/#organizationLogo\"},\"sameAs\":[\"https:\\\/\\\/facebook.com\\\/eldigitaldeasturias\",\"https:\\\/\\\/www.youtube.com\\\/channel\\\/UCZP-2wLEB9Rv6erhFmqVnvg\"],\"address\":{\"@id\":\"https:\\\/\\\/www.eldigitaldeasturias.com\\\/noticias\\\/#postaladdress\",\"@type\":\"PostalAddress\",\"streetAddress\":\"san antonio 4\",\"postalCode\":\"33430\",\"addressLocality\":\"Cand\\u00e1s\",\"addressRegion\":\"Asturias\",\"addressCountry\":\"ES\"}},{\"@type\":\"Person\",\"@id\":\"https:\\\/\\\/www.eldigitaldeasturias.com\\\/noticias\\\/author\\\/admin\\\/#author\",\"url\":\"https:\\\/\\\/www.eldigitaldeasturias.com\\\/noticias\\\/author\\\/admin\\\/\",\"name\":\"El Digital de Asturias\",\"image\":{\"@type\":\"ImageObject\",\"@id\":\"https:\\\/\\\/www.eldigitaldeasturias.com\\\/noticias\\\/un-ano-despues-de-las-protestas-en-venezuela-maduro-busca-la-reeleccion\\\/#authorImage\",\"url\":\"https:\\\/\\\/secure.gravatar.com\\\/avatar\\\/df2aeffc32bcd13f8d26072ef8a91b623d677766deac7f97ca815868cd41bf5e?s=96&d=mm&r=g\",\"width\":96,\"height\":96,\"caption\":\"El Digital de Asturias\"}},{\"@type\":\"WebPage\",\"@id\":\"https:\\\/\\\/www.eldigitaldeasturias.com\\\/noticias\\\/un-ano-despues-de-las-protestas-en-venezuela-maduro-busca-la-reeleccion\\\/#webpage\",\"url\":\"https:\\\/\\\/www.eldigitaldeasturias.com\\\/noticias\\\/un-ano-despues-de-las-protestas-en-venezuela-maduro-busca-la-reeleccion\\\/\",\"name\":\"Un a\\u00f1o despu\\u00e9s de las protestas en Venezuela, Maduro busca la reelecci\\u00f3n - El Digital de Asturias\",\"description\":\"Caracas, 2 abr (dpa) \\u2013 En abril del a\\u00f1o pasado comenzaban en Venezuela cuatro meses de protestas contra el Gobierno que dejaron m\\u00e1s de 100 muertos y miles de heridos. Ahora, un a\\u00f1o despu\\u00e9s, el presidente Nicol\\u00e1s Maduro se prepara para lograr la reelecci\\u00f3n en los comicios del 20 de mayo frente a una oposici\\u00f3n\",\"inLanguage\":\"es-ES\",\"isPartOf\":{\"@id\":\"https:\\\/\\\/www.eldigitaldeasturias.com\\\/noticias\\\/#website\"},\"breadcrumb\":{\"@id\":\"https:\\\/\\\/www.eldigitaldeasturias.com\\\/noticias\\\/un-ano-despues-de-las-protestas-en-venezuela-maduro-busca-la-reeleccion\\\/#breadcrumblist\"},\"author\":{\"@id\":\"https:\\\/\\\/www.eldigitaldeasturias.com\\\/noticias\\\/author\\\/admin\\\/#author\"},\"creator\":{\"@id\":\"https:\\\/\\\/www.eldigitaldeasturias.com\\\/noticias\\\/author\\\/admin\\\/#author\"},\"image\":{\"@type\":\"ImageObject\",\"url\":485917,\"@id\":\"https:\\\/\\\/www.eldigitaldeasturias.com\\\/noticias\\\/un-ano-despues-de-las-protestas-en-venezuela-maduro-busca-la-reeleccion\\\/#mainImage\"},\"primaryImageOfPage\":{\"@id\":\"https:\\\/\\\/www.eldigitaldeasturias.com\\\/noticias\\\/un-ano-despues-de-las-protestas-en-venezuela-maduro-busca-la-reeleccion\\\/#mainImage\"},\"datePublished\":\"2018-04-02T21:05:40+02:00\",\"dateModified\":\"2018-04-02T21:05:40+02:00\"},{\"@type\":\"WebSite\",\"@id\":\"https:\\\/\\\/www.eldigitaldeasturias.com\\\/noticias\\\/#website\",\"url\":\"https:\\\/\\\/www.eldigitaldeasturias.com\\\/noticias\\\/\",\"name\":\"El Digital de Asturias - Diario de actualidad y noticias\",\"alternateName\":\"El Digital de Asturias - Diario de actualidad y noticias\",\"description\":\"Hemeroteca\",\"inLanguage\":\"es-ES\",\"publisher\":{\"@id\":\"https:\\\/\\\/www.eldigitaldeasturias.com\\\/noticias\\\/#organization\"}}]}\n\t\t<\/script>\n\t\t<!-- All in One SEO Pro -->\r\n\t\t<title>Un a\u00f1o despu\u00e9s de las protestas en Venezuela, Maduro busca la reelecci\u00f3n - El Digital de Asturias<\/title>\n\n","aioseo_head_json":{"title":"Un a\u00f1o despu\u00e9s de las protestas en Venezuela, Maduro busca la reelecci\u00f3n - El Digital de Asturias","description":"Caracas, 2 abr (dpa) \u2013 En abril del a\u00f1o pasado comenzaban en Venezuela cuatro meses de protestas contra el Gobierno que dejaron m\u00e1s de 100 muertos y miles de heridos. Ahora, un a\u00f1o despu\u00e9s, el presidente Nicol\u00e1s Maduro se prepara para lograr la reelecci\u00f3n en los comicios del 20 de mayo frente a una oposici\u00f3n","canonical_url":"https:\/\/www.eldigitaldeasturias.com\/noticias\/un-ano-despues-de-las-protestas-en-venezuela-maduro-busca-la-reeleccion\/","robots":"max-image-preview:large","keywords":"actualidad","webmasterTools":{"google-site-verification":"UA-38556648-1","msvalidate.01":"7dfe9f3f1b24437ab69f4f2559babe99","miscellaneous":""},"schema":{"@context":"https:\/\/schema.org","@graph":[{"@type":"BlogPosting","@id":"https:\/\/www.eldigitaldeasturias.com\/noticias\/un-ano-despues-de-las-protestas-en-venezuela-maduro-busca-la-reeleccion\/#blogposting","name":"Un a\u00f1o despu\u00e9s de las protestas en Venezuela, Maduro busca la reelecci\u00f3n - El Digital de Asturias","headline":"Un a\u00f1o despu\u00e9s de las protestas en Venezuela, Maduro busca la reelecci\u00f3n","author":{"@id":"https:\/\/www.eldigitaldeasturias.com\/noticias\/author\/admin\/#author"},"publisher":{"@id":"https:\/\/www.eldigitaldeasturias.com\/noticias\/#organization"},"image":{"@type":"ImageObject","url":485917},"datePublished":"2018-04-02T21:05:40+02:00","dateModified":"2018-04-02T21:05:40+02:00","inLanguage":"es-ES","mainEntityOfPage":{"@id":"https:\/\/www.eldigitaldeasturias.com\/noticias\/un-ano-despues-de-las-protestas-en-venezuela-maduro-busca-la-reeleccion\/#webpage"},"isPartOf":{"@id":"https:\/\/www.eldigitaldeasturias.com\/noticias\/un-ano-despues-de-las-protestas-en-venezuela-maduro-busca-la-reeleccion\/#webpage"},"articleSection":"Actualidad"},{"@type":"BreadcrumbList","@id":"https:\/\/www.eldigitaldeasturias.com\/noticias\/un-ano-despues-de-las-protestas-en-venezuela-maduro-busca-la-reeleccion\/#breadcrumblist","itemListElement":[{"@type":"ListItem","@id":"https:\/\/www.eldigitaldeasturias.com\/noticias#listItem","position":1,"name":"Home","item":"https:\/\/www.eldigitaldeasturias.com\/noticias","nextItem":{"@type":"ListItem","@id":"https:\/\/www.eldigitaldeasturias.com\/noticias\/category\/actualidad\/#listItem","name":"Actualidad"}},{"@type":"ListItem","@id":"https:\/\/www.eldigitaldeasturias.com\/noticias\/category\/actualidad\/#listItem","position":2,"name":"Actualidad","item":"https:\/\/www.eldigitaldeasturias.com\/noticias\/category\/actualidad\/","nextItem":{"@type":"ListItem","@id":"https:\/\/www.eldigitaldeasturias.com\/noticias\/un-ano-despues-de-las-protestas-en-venezuela-maduro-busca-la-reeleccion\/#listItem","name":"Un a\u00f1o despu\u00e9s de las protestas en Venezuela, Maduro busca la reelecci\u00f3n"},"previousItem":{"@type":"ListItem","@id":"https:\/\/www.eldigitaldeasturias.com\/noticias#listItem","name":"Home"}},{"@type":"ListItem","@id":"https:\/\/www.eldigitaldeasturias.com\/noticias\/un-ano-despues-de-las-protestas-en-venezuela-maduro-busca-la-reeleccion\/#listItem","position":3,"name":"Un a\u00f1o despu\u00e9s de las protestas en Venezuela, Maduro busca la reelecci\u00f3n","previousItem":{"@type":"ListItem","@id":"https:\/\/www.eldigitaldeasturias.com\/noticias\/category\/actualidad\/#listItem","name":"Actualidad"}}]},{"@type":"Organization","@id":"https:\/\/www.eldigitaldeasturias.com\/noticias\/#organization","name":"El Digital de Asturias","description":"Hemeroteca","url":"https:\/\/www.eldigitaldeasturias.com\/noticias\/","email":"info@eldigitaldeasturias.com","telephone":"+34652131393","logo":{"@type":"ImageObject","url":"https:\/\/www.eldigitaldeasturias.com\/noticias\/wp-content\/uploads\/2020\/12\/EDA.jpg","@id":"https:\/\/www.eldigitaldeasturias.com\/noticias\/un-ano-despues-de-las-protestas-en-venezuela-maduro-busca-la-reeleccion\/#organizationLogo"},"image":{"@id":"https:\/\/www.eldigitaldeasturias.com\/noticias\/un-ano-despues-de-las-protestas-en-venezuela-maduro-busca-la-reeleccion\/#organizationLogo"},"sameAs":["https:\/\/facebook.com\/eldigitaldeasturias","https:\/\/www.youtube.com\/channel\/UCZP-2wLEB9Rv6erhFmqVnvg"],"address":{"@id":"https:\/\/www.eldigitaldeasturias.com\/noticias\/#postaladdress","@type":"PostalAddress","streetAddress":"san antonio 4","postalCode":"33430","addressLocality":"Cand\u00e1s","addressRegion":"Asturias","addressCountry":"ES"}},{"@type":"Person","@id":"https:\/\/www.eldigitaldeasturias.com\/noticias\/author\/admin\/#author","url":"https:\/\/www.eldigitaldeasturias.com\/noticias\/author\/admin\/","name":"El Digital de Asturias","image":{"@type":"ImageObject","@id":"https:\/\/www.eldigitaldeasturias.com\/noticias\/un-ano-despues-de-las-protestas-en-venezuela-maduro-busca-la-reeleccion\/#authorImage","url":"https:\/\/secure.gravatar.com\/avatar\/df2aeffc32bcd13f8d26072ef8a91b623d677766deac7f97ca815868cd41bf5e?s=96&d=mm&r=g","width":96,"height":96,"caption":"El Digital de Asturias"}},{"@type":"WebPage","@id":"https:\/\/www.eldigitaldeasturias.com\/noticias\/un-ano-despues-de-las-protestas-en-venezuela-maduro-busca-la-reeleccion\/#webpage","url":"https:\/\/www.eldigitaldeasturias.com\/noticias\/un-ano-despues-de-las-protestas-en-venezuela-maduro-busca-la-reeleccion\/","name":"Un a\u00f1o despu\u00e9s de las protestas en Venezuela, Maduro busca la reelecci\u00f3n - El Digital de Asturias","description":"Caracas, 2 abr (dpa) \u2013 En abril del a\u00f1o pasado comenzaban en Venezuela cuatro meses de protestas contra el Gobierno que dejaron m\u00e1s de 100 muertos y miles de heridos. Ahora, un a\u00f1o despu\u00e9s, el presidente Nicol\u00e1s Maduro se prepara para lograr la reelecci\u00f3n en los comicios del 20 de mayo frente a una oposici\u00f3n","inLanguage":"es-ES","isPartOf":{"@id":"https:\/\/www.eldigitaldeasturias.com\/noticias\/#website"},"breadcrumb":{"@id":"https:\/\/www.eldigitaldeasturias.com\/noticias\/un-ano-despues-de-las-protestas-en-venezuela-maduro-busca-la-reeleccion\/#breadcrumblist"},"author":{"@id":"https:\/\/www.eldigitaldeasturias.com\/noticias\/author\/admin\/#author"},"creator":{"@id":"https:\/\/www.eldigitaldeasturias.com\/noticias\/author\/admin\/#author"},"image":{"@type":"ImageObject","url":485917,"@id":"https:\/\/www.eldigitaldeasturias.com\/noticias\/un-ano-despues-de-las-protestas-en-venezuela-maduro-busca-la-reeleccion\/#mainImage"},"primaryImageOfPage":{"@id":"https:\/\/www.eldigitaldeasturias.com\/noticias\/un-ano-despues-de-las-protestas-en-venezuela-maduro-busca-la-reeleccion\/#mainImage"},"datePublished":"2018-04-02T21:05:40+02:00","dateModified":"2018-04-02T21:05:40+02:00"},{"@type":"WebSite","@id":"https:\/\/www.eldigitaldeasturias.com\/noticias\/#website","url":"https:\/\/www.eldigitaldeasturias.com\/noticias\/","name":"El Digital de Asturias - Diario de actualidad y noticias","alternateName":"El Digital de Asturias - Diario de actualidad y noticias","description":"Hemeroteca","inLanguage":"es-ES","publisher":{"@id":"https:\/\/www.eldigitaldeasturias.com\/noticias\/#organization"}}]},"og:locale":"es_ES","og:site_name":"El Digital de Asturias","og:type":"article","og:title":"Un a\u00f1o despu\u00e9s de las protestas en Venezuela, Maduro busca la reelecci\u00f3n - El Digital de Asturias","og:description":"Caracas, 2 abr (dpa) \u2013 En abril del a\u00f1o pasado comenzaban en Venezuela cuatro meses de protestas contra el Gobierno que dejaron m\u00e1s de 100 muertos y miles de heridos. Ahora, un a\u00f1o despu\u00e9s, el presidente Nicol\u00e1s Maduro se prepara para lograr la reelecci\u00f3n en los comicios del 20 de mayo frente a una oposici\u00f3n","og:url":"https:\/\/www.eldigitaldeasturias.com\/noticias\/un-ano-despues-de-las-protestas-en-venezuela-maduro-busca-la-reeleccion\/","article:tag":["actualidad"],"article:published_time":"2018-04-02T21:05:40+00:00","article:modified_time":"2018-04-02T21:05:40+00:00","article:publisher":"https:\/\/facebook.com\/eldigitaldeasturias","twitter:card":"summary_large_image","twitter:title":"Un a\u00f1o despu\u00e9s de las protestas en Venezuela, Maduro busca la reelecci\u00f3n - El Digital de Asturias","twitter:description":"Caracas, 2 abr (dpa) \u2013 En abril del a\u00f1o pasado comenzaban en Venezuela cuatro meses de protestas contra el Gobierno que dejaron m\u00e1s de 100 muertos y miles de heridos. Ahora, un a\u00f1o despu\u00e9s, el presidente Nicol\u00e1s Maduro se prepara para lograr la reelecci\u00f3n en los comicios del 20 de mayo frente a una oposici\u00f3n","twitter:image":"https:\/\/www.eldigitaldeasturias.com\/noticias\/wp-content\/uploads\/2020\/12\/EDA-1.jpg","twitter:label1":"Escrito por","twitter:data1":"El Digital de Asturias","twitter:label2":"Tiempo de lectura estimado","twitter:data2":"4 minutos"},"aioseo_meta_data":{"post_id":"974479","title":null,"description":null,"keywords":null,"keyphrases":null,"primary_term":null,"canonical_url":null,"og_title":null,"og_description":null,"og_object_type":"default","og_image_type":"default","og_image_url":null,"og_image_width":null,"og_image_height":null,"og_image_custom_url":null,"og_image_custom_fields":null,"og_video":null,"og_custom_url":null,"og_article_section":null,"og_article_tags":null,"twitter_use_og":false,"twitter_card":"default","twitter_image_type":"default","twitter_image_url":null,"twitter_image_custom_url":null,"twitter_image_custom_fields":null,"twitter_title":null,"twitter_description":null,"schema":{"blockGraphs":[],"customGraphs":[],"default":{"data":{"Article":[],"Course":[],"Dataset":[],"FAQPage":[],"Movie":[],"Person":[],"Product":[],"ProductReview":[],"Car":[],"Recipe":[],"Service":[],"SoftwareApplication":[],"WebPage":[]},"graphName":"","isEnabled":true},"graphs":[],"defaultGraph":"","defaultPostTypeGraph":""},"schema_type":null,"schema_type_options":null,"pillar_content":false,"robots_default":true,"robots_noindex":false,"robots_noarchive":false,"robots_nosnippet":false,"robots_nofollow":false,"robots_noimageindex":false,"robots_noodp":false,"robots_notranslate":false,"robots_max_snippet":null,"robots_max_videopreview":null,"robots_max_imagepreview":"large","priority":null,"frequency":null,"local_seo":null,"seo_analyzer_scan_date":"2025-10-07 20:21:05","breadcrumb_settings":null,"limit_modified_date":false,"open_ai":null,"ai":null,"created":"2020-12-21 12:13:39","updated":"2025-10-07 20:21:05","focus_keyword":null,"additional_keywords":null,"truseo_locale":null},"aioseo_breadcrumb":"<div class=\"aioseo-breadcrumbs\"><span class=\"aioseo-breadcrumb\">\n\t<a href=\"https:\/\/www.eldigitaldeasturias.com\/noticias\" title=\"Home\">Home<\/a>\n<\/span><span class=\"aioseo-breadcrumb-separator\">\u2013<\/span><span class=\"aioseo-breadcrumb\">\n\t<a href=\"https:\/\/www.eldigitaldeasturias.com\/noticias\/category\/actualidad\/\" title=\"Actualidad\">Actualidad<\/a>\n<\/span><span class=\"aioseo-breadcrumb-separator\">\u2013<\/span><span class=\"aioseo-breadcrumb\">\n\t<a href=\"https:\/\/www.eldigitaldeasturias.com\/noticias\/un-ano-despues-de-las-protestas-en-venezuela-maduro-busca-la-reeleccion\/\" title=\"Un a\u00f1o despu\u00e9s de las protestas en Venezuela, Maduro busca la reelecci\u00f3n\">Un a\u00f1o despu\u00e9s de las protestas en Venezuela, Maduro busca la reelecci\u00f3n<\/a>\n<\/span><\/div>","aioseo_breadcrumb_json":[{"label":"Home","link":"https:\/\/www.eldigitaldeasturias.com\/noticias"},{"label":"Actualidad","link":"https:\/\/www.eldigitaldeasturias.com\/noticias\/category\/actualidad\/"},{"label":"Un a\u00f1o despu\u00e9s de las protestas en Venezuela, Maduro busca la reelecci\u00f3n","link":"https:\/\/www.eldigitaldeasturias.com\/noticias\/un-ano-despues-de-las-protestas-en-venezuela-maduro-busca-la-reeleccion\/"}],"_links":{"self":[{"href":"https:\/\/www.eldigitaldeasturias.com\/noticias\/wp-json\/wp\/v2\/posts\/974479","targetHints":{"allow":["GET"]}}],"collection":[{"href":"https:\/\/www.eldigitaldeasturias.com\/noticias\/wp-json\/wp\/v2\/posts"}],"about":[{"href":"https:\/\/www.eldigitaldeasturias.com\/noticias\/wp-json\/wp\/v2\/types\/post"}],"author":[{"embeddable":true,"href":"https:\/\/www.eldigitaldeasturias.com\/noticias\/wp-json\/wp\/v2\/users\/1"}],"replies":[{"embeddable":true,"href":"https:\/\/www.eldigitaldeasturias.com\/noticias\/wp-json\/wp\/v2\/comments?post=974479"}],"version-history":[{"count":0,"href":"https:\/\/www.eldigitaldeasturias.com\/noticias\/wp-json\/wp\/v2\/posts\/974479\/revisions"}],"wp:attachment":[{"href":"https:\/\/www.eldigitaldeasturias.com\/noticias\/wp-json\/wp\/v2\/media?parent=974479"}],"wp:term":[{"taxonomy":"category","embeddable":true,"href":"https:\/\/www.eldigitaldeasturias.com\/noticias\/wp-json\/wp\/v2\/categories?post=974479"},{"taxonomy":"post_tag","embeddable":true,"href":"https:\/\/www.eldigitaldeasturias.com\/noticias\/wp-json\/wp\/v2\/tags?post=974479"}],"curies":[{"name":"wp","href":"https:\/\/api.w.org\/{rel}","templated":true}]}}