{"id":974433,"date":"2018-04-02T14:19:48","date_gmt":"2018-04-02T14:19:48","guid":{"rendered":"http:\/\/www.eldigitaldeasturias.com\/noticias\/?p=974433"},"modified":"2018-04-02T14:19:48","modified_gmt":"2018-04-02T14:19:48","slug":"mariano-rajoy-estamos-en-condiciones-de-superar-la-crisis","status":"publish","type":"post","link":"https:\/\/www.eldigitaldeasturias.com\/noticias\/mariano-rajoy-estamos-en-condiciones-de-superar-la-crisis\/","title":{"rendered":"Mariano Rajoy: \u00abEstamos en condiciones de superar la crisis\u00bb"},"content":{"rendered":"<p><img loading=\"lazy\" decoding=\"async\" class=\"alignleft size-medium wp-image-974434\" src=\"https:\/\/www.eldigitaldeasturias.com\/noticias\/wp-content\/uploads\/2018\/04\/rajoy_en_pontevedra-360x163.jpeg\" alt=\"\" width=\"360\" height=\"163\" \/>El presidente del Gobierno de Espa\u00f1a, Mariano Rajoy, ha recordado esta ma\u00f1ana durante una visita a las obras de la autov\u00eda de la A-57 en el tramo Vilaboa-Ermida (Pontevedra), que la previsi\u00f3n de crecimiento en Espa\u00f1a llegar\u00e1 hasta el 2,7% y que se crear\u00e1 m\u00e1s empleo para terminar situ\u00e1ndonos a final de a\u00f1o, en torno a los 475.000 nuevos empleados.<\/p>\n<p>De esta manera, el presidente del Gobierno ha anunciado que son cuatro las actuaciones que se han puesto en marcha en materia de autov\u00edas, \u201cla primera en Murcia, la segunda en Castell\u00f3n y la tercera en Alicante. La cuarta se est\u00e1 produciendo en las R\u00edas Bajas y culminar\u00e1 en Vigo con un presupuesto de 337 millones de euros para construir una alternativa a la Autov\u00eda 555 que mejore la seguridad diaria de la zona por la que transitan habitualmente cientos de personas\u201d. Afirma que esta inversi\u00f3n se suma a otras que el Gobierno est\u00e1 llevando a cabo en carreteras gallegas y que tienen un excelente impacto social.<\/p>\n<p>Rajoy asegura que la futura circunvalaci\u00f3n es una alternativa de gran capacidad y de libre circulaci\u00f3n \u201cque contribuir\u00e1 a dinamizar la actividad econom\u00eda de la zona y las explotaciones agr\u00edcolas, ayudar a promover el sector servicios y el camino portugu\u00e9s a Santiago\u201d.<\/p>\n<p>Asimismo, recuerda las obras de infraestructuras punteras como el AVE a Galicia. \u201cEstos datos son una demostraci\u00f3n del esfuerzo que se est\u00e1 haciendo por parte de las administraciones en Galicia y en el resto de Espa\u00f1a\u201d.<\/p>\n<p><strong>PGE 2018<\/strong><\/p>\n<p>En este punto, el presidente del Gobierno ha recordado que todav\u00eda \u201cson muchas las atenciones para las que hay que prestar atenci\u00f3n en el conjunto de las CC.AA., ya que algunas como las relacionadas con las pensiones, las administraciones p\u00fablicas, la sanidad, educaci\u00f3n, etc., son muy importantes ya que representan los mayores porcentajes de gasto.<\/p>\n<p>\u201cLas infraestructuras son un elemento decisivo que ayudan a la competitividad de la econom\u00eda, ha declarado el presidente del Gobierno, mientras contin\u00faa afirmando que \u201clo son para la econom\u00eda y la creaci\u00f3n de empleo y cuando hacemos la recaudaci\u00f3n de la Administraci\u00f3n, podemos destinar m\u00e1s recursos a los grandes servicios p\u00fablicos fundamentales\u201d.<\/p>\n<p>De la misma manera. Se\u00f1ala que tras tres o cuatro a\u00f1os, \u201chemos subido la previsi\u00f3n de crecimiento en cuatro d\u00e9cimas tras cinco a\u00f1os de crecimiento negativo de la econom\u00eda y otros cuatro de crecimiento positivo. Ahora ten\u00edamos previsto un nivel de crecimiento del 2,3% para este a\u00f1o pero la evoluci\u00f3n del crecimiento nos ha hecho subir la previsi\u00f3n al 2,7%\u201d. Destaca que la previsi\u00f3n de creaci\u00f3n empleo para este a\u00f1o es de 475.000 personas y \u201cqueremos romper de nuevo el pron\u00f3stico para estar por encima de las 500.000 personas\u201d.<\/p>\n<p>\u201cEstamos en condiciones de superar la crisis tras varios a\u00f1os de crecimiento econ\u00f3mico y pienso que en estos momentos hay una gran oportunidad, ya que los pa\u00edses de nuestro entorno tambi\u00e9n crecen y por tanto, si hacemos las cosas bien, seguiremos aumentando el empleo en Espa\u00f1a, la recaudaci\u00f3n y construiremos m\u00e1s infraestructuras para que la econom\u00eda genere crecimiento\u201d.<\/p>\n<p>\u201cSe trata de hacer pol\u00edticas que beneficien a la gente sin sectarismos ni prejuicios que la historia demuestra que sirven para poco, o mejor, para nada\u201d.<\/p>\n","protected":false},"excerpt":{"rendered":"<p>El presidente del Gobierno de Espa\u00f1a, Mariano Rajoy, ha recordado esta ma\u00f1ana durante una visita a las obras de la autov\u00eda de la A-57 en el tramo Vilaboa-Ermida (Pontevedra), que la previsi\u00f3n de crecimiento en Espa\u00f1a llegar\u00e1 hasta el 2,7% y que se crear\u00e1 m\u00e1s empleo para terminar situ\u00e1ndonos a final de a\u00f1o, en torno [&hellip;]<\/p>\n","protected":false},"author":1,"featured_media":974434,"comment_status":"closed","ping_status":"closed","sticky":false,"template":"","format":"standard","meta":{"footnotes":""},"categories":[1],"tags":[],"class_list":["post-974433","post","type-post","status-publish","format-standard","has-post-thumbnail","hentry","category-actualidad"],"aioseo_notices":[],"aioseo_head":"\n\t\t<!-- All in One SEO Pro 5.0.1 - aioseo.com -->\n\t<meta name=\"description\" content=\"El presidente del Gobierno de Espa\u00f1a, Mariano Rajoy, ha recordado esta ma\u00f1ana durante una visita a las obras de la autov\u00eda de la A-57 en el tramo Vilaboa-Ermida (Pontevedra), que la previsi\u00f3n de crecimiento en Espa\u00f1a llegar\u00e1 hasta el 2,7% y que se crear\u00e1 m\u00e1s empleo para terminar situ\u00e1ndonos a final de a\u00f1o, en torno\" \/>\n\t<meta name=\"robots\" content=\"max-image-preview:large\" \/>\n\t<meta name=\"author\" content=\"El Digital de Asturias\"\/>\n\t<meta name=\"google-site-verification\" content=\"UA-38556648-1\" \/>\n\t<meta name=\"msvalidate.01\" content=\"7dfe9f3f1b24437ab69f4f2559babe99\" \/>\n\t<meta name=\"keywords\" content=\"actualidad\" \/>\n\t<link rel=\"canonical\" href=\"https:\/\/www.eldigitaldeasturias.com\/noticias\/mariano-rajoy-estamos-en-condiciones-de-superar-la-crisis\/\" \/>\n\t<meta name=\"generator\" content=\"All in One SEO Pro (AIOSEO) 5.0.1\" \/>\n\t\t<meta property=\"og:locale\" content=\"es_ES\" \/>\n\t\t<meta property=\"og:site_name\" content=\"El Digital de Asturias\" \/>\n\t\t<meta property=\"og:type\" content=\"article\" \/>\n\t\t<meta property=\"og:title\" content=\"Mariano Rajoy: \u00abEstamos en condiciones de superar la crisis\u00bb - El Digital de Asturias\" \/>\n\t\t<meta property=\"og:description\" content=\"El presidente del Gobierno de Espa\u00f1a, Mariano Rajoy, ha recordado esta ma\u00f1ana durante una visita a las obras de la autov\u00eda de la A-57 en el tramo Vilaboa-Ermida (Pontevedra), que la previsi\u00f3n de crecimiento en Espa\u00f1a llegar\u00e1 hasta el 2,7% y que se crear\u00e1 m\u00e1s empleo para terminar situ\u00e1ndonos a final de a\u00f1o, en torno\" \/>\n\t\t<meta property=\"og:url\" content=\"https:\/\/www.eldigitaldeasturias.com\/noticias\/mariano-rajoy-estamos-en-condiciones-de-superar-la-crisis\/\" \/>\n\t\t<meta property=\"article:tag\" content=\"actualidad\" \/>\n\t\t<meta property=\"article:published_time\" content=\"2018-04-02T14:19:48+00:00\" \/>\n\t\t<meta property=\"article:modified_time\" content=\"2018-04-02T14:19:48+00:00\" \/>\n\t\t<meta property=\"article:publisher\" content=\"https:\/\/facebook.com\/eldigitaldeasturias\" \/>\n\t\t<meta name=\"twitter:card\" content=\"summary_large_image\" \/>\n\t\t<meta name=\"twitter:title\" content=\"Mariano Rajoy: \u00abEstamos en condiciones de superar la crisis\u00bb - El Digital de Asturias\" \/>\n\t\t<meta name=\"twitter:description\" content=\"El presidente del Gobierno de Espa\u00f1a, Mariano Rajoy, ha recordado esta ma\u00f1ana durante una visita a las obras de la autov\u00eda de la A-57 en el tramo Vilaboa-Ermida (Pontevedra), que la previsi\u00f3n de crecimiento en Espa\u00f1a llegar\u00e1 hasta el 2,7% y que se crear\u00e1 m\u00e1s empleo para terminar situ\u00e1ndonos a final de a\u00f1o, en torno\" \/>\n\t\t<meta name=\"twitter:image\" content=\"https:\/\/www.eldigitaldeasturias.com\/noticias\/wp-content\/uploads\/2020\/12\/EDA-1.jpg\" \/>\n\t\t<meta name=\"twitter:label1\" content=\"Escrito por\" \/>\n\t\t<meta name=\"twitter:data1\" content=\"El Digital de Asturias\" \/>\n\t\t<meta name=\"twitter:label2\" content=\"Tiempo de lectura estimado\" \/>\n\t\t<meta name=\"twitter:data2\" content=\"3 minutos\" \/>\n\t\t<script type=\"application\/ld+json\" class=\"aioseo-schema\">\n\t\t\t{\"@context\":\"https:\\\/\\\/schema.org\",\"@graph\":[{\"@type\":\"BlogPosting\",\"@id\":\"https:\\\/\\\/www.eldigitaldeasturias.com\\\/noticias\\\/mariano-rajoy-estamos-en-condiciones-de-superar-la-crisis\\\/#blogposting\",\"name\":\"Mariano Rajoy: \\u00abEstamos en condiciones de superar la crisis\\u00bb - El Digital de Asturias\",\"headline\":\"Mariano Rajoy: \\u00abEstamos en condiciones de superar la crisis\\u00bb\",\"author\":{\"@id\":\"https:\\\/\\\/www.eldigitaldeasturias.com\\\/noticias\\\/author\\\/admin\\\/#author\"},\"publisher\":{\"@id\":\"https:\\\/\\\/www.eldigitaldeasturias.com\\\/noticias\\\/#organization\"},\"image\":{\"@type\":\"ImageObject\",\"url\":974434},\"datePublished\":\"2018-04-02T14:19:48+02:00\",\"dateModified\":\"2018-04-02T14:19:48+02:00\",\"inLanguage\":\"es-ES\",\"mainEntityOfPage\":{\"@id\":\"https:\\\/\\\/www.eldigitaldeasturias.com\\\/noticias\\\/mariano-rajoy-estamos-en-condiciones-de-superar-la-crisis\\\/#webpage\"},\"isPartOf\":{\"@id\":\"https:\\\/\\\/www.eldigitaldeasturias.com\\\/noticias\\\/mariano-rajoy-estamos-en-condiciones-de-superar-la-crisis\\\/#webpage\"},\"articleSection\":\"Actualidad\"},{\"@type\":\"BreadcrumbList\",\"@id\":\"https:\\\/\\\/www.eldigitaldeasturias.com\\\/noticias\\\/mariano-rajoy-estamos-en-condiciones-de-superar-la-crisis\\\/#breadcrumblist\",\"itemListElement\":[{\"@type\":\"ListItem\",\"@id\":\"https:\\\/\\\/www.eldigitaldeasturias.com\\\/noticias#listItem\",\"position\":1,\"name\":\"Home\",\"item\":\"https:\\\/\\\/www.eldigitaldeasturias.com\\\/noticias\",\"nextItem\":{\"@type\":\"ListItem\",\"@id\":\"https:\\\/\\\/www.eldigitaldeasturias.com\\\/noticias\\\/category\\\/actualidad\\\/#listItem\",\"name\":\"Actualidad\"}},{\"@type\":\"ListItem\",\"@id\":\"https:\\\/\\\/www.eldigitaldeasturias.com\\\/noticias\\\/category\\\/actualidad\\\/#listItem\",\"position\":2,\"name\":\"Actualidad\",\"item\":\"https:\\\/\\\/www.eldigitaldeasturias.com\\\/noticias\\\/category\\\/actualidad\\\/\",\"nextItem\":{\"@type\":\"ListItem\",\"@id\":\"https:\\\/\\\/www.eldigitaldeasturias.com\\\/noticias\\\/mariano-rajoy-estamos-en-condiciones-de-superar-la-crisis\\\/#listItem\",\"name\":\"Mariano Rajoy: \\u00abEstamos en condiciones de superar la crisis\\u00bb\"},\"previousItem\":{\"@type\":\"ListItem\",\"@id\":\"https:\\\/\\\/www.eldigitaldeasturias.com\\\/noticias#listItem\",\"name\":\"Home\"}},{\"@type\":\"ListItem\",\"@id\":\"https:\\\/\\\/www.eldigitaldeasturias.com\\\/noticias\\\/mariano-rajoy-estamos-en-condiciones-de-superar-la-crisis\\\/#listItem\",\"position\":3,\"name\":\"Mariano Rajoy: \\u00abEstamos en condiciones de superar la crisis\\u00bb\",\"previousItem\":{\"@type\":\"ListItem\",\"@id\":\"https:\\\/\\\/www.eldigitaldeasturias.com\\\/noticias\\\/category\\\/actualidad\\\/#listItem\",\"name\":\"Actualidad\"}}]},{\"@type\":\"Organization\",\"@id\":\"https:\\\/\\\/www.eldigitaldeasturias.com\\\/noticias\\\/#organization\",\"name\":\"El Digital de Asturias\",\"description\":\"Hemeroteca\",\"url\":\"https:\\\/\\\/www.eldigitaldeasturias.com\\\/noticias\\\/\",\"email\":\"info@eldigitaldeasturias.com\",\"telephone\":\"+34652131393\",\"logo\":{\"@type\":\"ImageObject\",\"url\":\"https:\\\/\\\/www.eldigitaldeasturias.com\\\/noticias\\\/wp-content\\\/uploads\\\/2020\\\/12\\\/EDA.jpg\",\"@id\":\"https:\\\/\\\/www.eldigitaldeasturias.com\\\/noticias\\\/mariano-rajoy-estamos-en-condiciones-de-superar-la-crisis\\\/#organizationLogo\"},\"image\":{\"@id\":\"https:\\\/\\\/www.eldigitaldeasturias.com\\\/noticias\\\/mariano-rajoy-estamos-en-condiciones-de-superar-la-crisis\\\/#organizationLogo\"},\"sameAs\":[\"https:\\\/\\\/facebook.com\\\/eldigitaldeasturias\",\"https:\\\/\\\/www.youtube.com\\\/channel\\\/UCZP-2wLEB9Rv6erhFmqVnvg\"],\"address\":{\"@id\":\"https:\\\/\\\/www.eldigitaldeasturias.com\\\/noticias\\\/#postaladdress\",\"@type\":\"PostalAddress\",\"streetAddress\":\"san antonio 4\",\"postalCode\":\"33430\",\"addressLocality\":\"Cand\\u00e1s\",\"addressRegion\":\"Asturias\",\"addressCountry\":\"ES\"}},{\"@type\":\"Person\",\"@id\":\"https:\\\/\\\/www.eldigitaldeasturias.com\\\/noticias\\\/author\\\/admin\\\/#author\",\"url\":\"https:\\\/\\\/www.eldigitaldeasturias.com\\\/noticias\\\/author\\\/admin\\\/\",\"name\":\"El Digital de Asturias\",\"image\":{\"@type\":\"ImageObject\",\"@id\":\"https:\\\/\\\/www.eldigitaldeasturias.com\\\/noticias\\\/mariano-rajoy-estamos-en-condiciones-de-superar-la-crisis\\\/#authorImage\",\"url\":\"https:\\\/\\\/secure.gravatar.com\\\/avatar\\\/df2aeffc32bcd13f8d26072ef8a91b623d677766deac7f97ca815868cd41bf5e?s=96&d=mm&r=g\",\"width\":96,\"height\":96,\"caption\":\"El Digital de Asturias\"}},{\"@type\":\"WebPage\",\"@id\":\"https:\\\/\\\/www.eldigitaldeasturias.com\\\/noticias\\\/mariano-rajoy-estamos-en-condiciones-de-superar-la-crisis\\\/#webpage\",\"url\":\"https:\\\/\\\/www.eldigitaldeasturias.com\\\/noticias\\\/mariano-rajoy-estamos-en-condiciones-de-superar-la-crisis\\\/\",\"name\":\"Mariano Rajoy: \\u00abEstamos en condiciones de superar la crisis\\u00bb - El Digital de Asturias\",\"description\":\"El presidente del Gobierno de Espa\\u00f1a, Mariano Rajoy, ha recordado esta ma\\u00f1ana durante una visita a las obras de la autov\\u00eda de la A-57 en el tramo Vilaboa-Ermida (Pontevedra), que la previsi\\u00f3n de crecimiento en Espa\\u00f1a llegar\\u00e1 hasta el 2,7% y que se crear\\u00e1 m\\u00e1s empleo para terminar situ\\u00e1ndonos a final de a\\u00f1o, en torno\",\"inLanguage\":\"es-ES\",\"isPartOf\":{\"@id\":\"https:\\\/\\\/www.eldigitaldeasturias.com\\\/noticias\\\/#website\"},\"breadcrumb\":{\"@id\":\"https:\\\/\\\/www.eldigitaldeasturias.com\\\/noticias\\\/mariano-rajoy-estamos-en-condiciones-de-superar-la-crisis\\\/#breadcrumblist\"},\"author\":{\"@id\":\"https:\\\/\\\/www.eldigitaldeasturias.com\\\/noticias\\\/author\\\/admin\\\/#author\"},\"creator\":{\"@id\":\"https:\\\/\\\/www.eldigitaldeasturias.com\\\/noticias\\\/author\\\/admin\\\/#author\"},\"image\":{\"@type\":\"ImageObject\",\"url\":974434,\"@id\":\"https:\\\/\\\/www.eldigitaldeasturias.com\\\/noticias\\\/mariano-rajoy-estamos-en-condiciones-de-superar-la-crisis\\\/#mainImage\"},\"primaryImageOfPage\":{\"@id\":\"https:\\\/\\\/www.eldigitaldeasturias.com\\\/noticias\\\/mariano-rajoy-estamos-en-condiciones-de-superar-la-crisis\\\/#mainImage\"},\"datePublished\":\"2018-04-02T14:19:48+02:00\",\"dateModified\":\"2018-04-02T14:19:48+02:00\"},{\"@type\":\"WebSite\",\"@id\":\"https:\\\/\\\/www.eldigitaldeasturias.com\\\/noticias\\\/#website\",\"url\":\"https:\\\/\\\/www.eldigitaldeasturias.com\\\/noticias\\\/\",\"name\":\"El Digital de Asturias - Diario de actualidad y noticias\",\"alternateName\":\"El Digital de Asturias - Diario de actualidad y noticias\",\"description\":\"Hemeroteca\",\"inLanguage\":\"es-ES\",\"publisher\":{\"@id\":\"https:\\\/\\\/www.eldigitaldeasturias.com\\\/noticias\\\/#organization\"}}]}\n\t\t<\/script>\n\t\t<!-- All in One SEO Pro -->\r\n\t\t<title>Mariano Rajoy: \u00abEstamos en condiciones de superar la crisis\u00bb - El Digital de Asturias<\/title>\n\n","aioseo_head_json":{"title":"Mariano Rajoy: \u00abEstamos en condiciones de superar la crisis\u00bb - El Digital de Asturias","description":"El presidente del Gobierno de Espa\u00f1a, Mariano Rajoy, ha recordado esta ma\u00f1ana durante una visita a las obras de la autov\u00eda de la A-57 en el tramo Vilaboa-Ermida (Pontevedra), que la previsi\u00f3n de crecimiento en Espa\u00f1a llegar\u00e1 hasta el 2,7% y que se crear\u00e1 m\u00e1s empleo para terminar situ\u00e1ndonos a final de a\u00f1o, en torno","canonical_url":"https:\/\/www.eldigitaldeasturias.com\/noticias\/mariano-rajoy-estamos-en-condiciones-de-superar-la-crisis\/","robots":"max-image-preview:large","keywords":"actualidad","webmasterTools":{"google-site-verification":"UA-38556648-1","msvalidate.01":"7dfe9f3f1b24437ab69f4f2559babe99","miscellaneous":""},"schema":{"@context":"https:\/\/schema.org","@graph":[{"@type":"BlogPosting","@id":"https:\/\/www.eldigitaldeasturias.com\/noticias\/mariano-rajoy-estamos-en-condiciones-de-superar-la-crisis\/#blogposting","name":"Mariano Rajoy: \u00abEstamos en condiciones de superar la crisis\u00bb - El Digital de Asturias","headline":"Mariano Rajoy: \u00abEstamos en condiciones de superar la crisis\u00bb","author":{"@id":"https:\/\/www.eldigitaldeasturias.com\/noticias\/author\/admin\/#author"},"publisher":{"@id":"https:\/\/www.eldigitaldeasturias.com\/noticias\/#organization"},"image":{"@type":"ImageObject","url":974434},"datePublished":"2018-04-02T14:19:48+02:00","dateModified":"2018-04-02T14:19:48+02:00","inLanguage":"es-ES","mainEntityOfPage":{"@id":"https:\/\/www.eldigitaldeasturias.com\/noticias\/mariano-rajoy-estamos-en-condiciones-de-superar-la-crisis\/#webpage"},"isPartOf":{"@id":"https:\/\/www.eldigitaldeasturias.com\/noticias\/mariano-rajoy-estamos-en-condiciones-de-superar-la-crisis\/#webpage"},"articleSection":"Actualidad"},{"@type":"BreadcrumbList","@id":"https:\/\/www.eldigitaldeasturias.com\/noticias\/mariano-rajoy-estamos-en-condiciones-de-superar-la-crisis\/#breadcrumblist","itemListElement":[{"@type":"ListItem","@id":"https:\/\/www.eldigitaldeasturias.com\/noticias#listItem","position":1,"name":"Home","item":"https:\/\/www.eldigitaldeasturias.com\/noticias","nextItem":{"@type":"ListItem","@id":"https:\/\/www.eldigitaldeasturias.com\/noticias\/category\/actualidad\/#listItem","name":"Actualidad"}},{"@type":"ListItem","@id":"https:\/\/www.eldigitaldeasturias.com\/noticias\/category\/actualidad\/#listItem","position":2,"name":"Actualidad","item":"https:\/\/www.eldigitaldeasturias.com\/noticias\/category\/actualidad\/","nextItem":{"@type":"ListItem","@id":"https:\/\/www.eldigitaldeasturias.com\/noticias\/mariano-rajoy-estamos-en-condiciones-de-superar-la-crisis\/#listItem","name":"Mariano Rajoy: \u00abEstamos en condiciones de superar la crisis\u00bb"},"previousItem":{"@type":"ListItem","@id":"https:\/\/www.eldigitaldeasturias.com\/noticias#listItem","name":"Home"}},{"@type":"ListItem","@id":"https:\/\/www.eldigitaldeasturias.com\/noticias\/mariano-rajoy-estamos-en-condiciones-de-superar-la-crisis\/#listItem","position":3,"name":"Mariano Rajoy: \u00abEstamos en condiciones de superar la crisis\u00bb","previousItem":{"@type":"ListItem","@id":"https:\/\/www.eldigitaldeasturias.com\/noticias\/category\/actualidad\/#listItem","name":"Actualidad"}}]},{"@type":"Organization","@id":"https:\/\/www.eldigitaldeasturias.com\/noticias\/#organization","name":"El Digital de Asturias","description":"Hemeroteca","url":"https:\/\/www.eldigitaldeasturias.com\/noticias\/","email":"info@eldigitaldeasturias.com","telephone":"+34652131393","logo":{"@type":"ImageObject","url":"https:\/\/www.eldigitaldeasturias.com\/noticias\/wp-content\/uploads\/2020\/12\/EDA.jpg","@id":"https:\/\/www.eldigitaldeasturias.com\/noticias\/mariano-rajoy-estamos-en-condiciones-de-superar-la-crisis\/#organizationLogo"},"image":{"@id":"https:\/\/www.eldigitaldeasturias.com\/noticias\/mariano-rajoy-estamos-en-condiciones-de-superar-la-crisis\/#organizationLogo"},"sameAs":["https:\/\/facebook.com\/eldigitaldeasturias","https:\/\/www.youtube.com\/channel\/UCZP-2wLEB9Rv6erhFmqVnvg"],"address":{"@id":"https:\/\/www.eldigitaldeasturias.com\/noticias\/#postaladdress","@type":"PostalAddress","streetAddress":"san antonio 4","postalCode":"33430","addressLocality":"Cand\u00e1s","addressRegion":"Asturias","addressCountry":"ES"}},{"@type":"Person","@id":"https:\/\/www.eldigitaldeasturias.com\/noticias\/author\/admin\/#author","url":"https:\/\/www.eldigitaldeasturias.com\/noticias\/author\/admin\/","name":"El Digital de Asturias","image":{"@type":"ImageObject","@id":"https:\/\/www.eldigitaldeasturias.com\/noticias\/mariano-rajoy-estamos-en-condiciones-de-superar-la-crisis\/#authorImage","url":"https:\/\/secure.gravatar.com\/avatar\/df2aeffc32bcd13f8d26072ef8a91b623d677766deac7f97ca815868cd41bf5e?s=96&d=mm&r=g","width":96,"height":96,"caption":"El Digital de Asturias"}},{"@type":"WebPage","@id":"https:\/\/www.eldigitaldeasturias.com\/noticias\/mariano-rajoy-estamos-en-condiciones-de-superar-la-crisis\/#webpage","url":"https:\/\/www.eldigitaldeasturias.com\/noticias\/mariano-rajoy-estamos-en-condiciones-de-superar-la-crisis\/","name":"Mariano Rajoy: \u00abEstamos en condiciones de superar la crisis\u00bb - El Digital de Asturias","description":"El presidente del Gobierno de Espa\u00f1a, Mariano Rajoy, ha recordado esta ma\u00f1ana durante una visita a las obras de la autov\u00eda de la A-57 en el tramo Vilaboa-Ermida (Pontevedra), que la previsi\u00f3n de crecimiento en Espa\u00f1a llegar\u00e1 hasta el 2,7% y que se crear\u00e1 m\u00e1s empleo para terminar situ\u00e1ndonos a final de a\u00f1o, en torno","inLanguage":"es-ES","isPartOf":{"@id":"https:\/\/www.eldigitaldeasturias.com\/noticias\/#website"},"breadcrumb":{"@id":"https:\/\/www.eldigitaldeasturias.com\/noticias\/mariano-rajoy-estamos-en-condiciones-de-superar-la-crisis\/#breadcrumblist"},"author":{"@id":"https:\/\/www.eldigitaldeasturias.com\/noticias\/author\/admin\/#author"},"creator":{"@id":"https:\/\/www.eldigitaldeasturias.com\/noticias\/author\/admin\/#author"},"image":{"@type":"ImageObject","url":974434,"@id":"https:\/\/www.eldigitaldeasturias.com\/noticias\/mariano-rajoy-estamos-en-condiciones-de-superar-la-crisis\/#mainImage"},"primaryImageOfPage":{"@id":"https:\/\/www.eldigitaldeasturias.com\/noticias\/mariano-rajoy-estamos-en-condiciones-de-superar-la-crisis\/#mainImage"},"datePublished":"2018-04-02T14:19:48+02:00","dateModified":"2018-04-02T14:19:48+02:00"},{"@type":"WebSite","@id":"https:\/\/www.eldigitaldeasturias.com\/noticias\/#website","url":"https:\/\/www.eldigitaldeasturias.com\/noticias\/","name":"El Digital de Asturias - Diario de actualidad y noticias","alternateName":"El Digital de Asturias - Diario de actualidad y noticias","description":"Hemeroteca","inLanguage":"es-ES","publisher":{"@id":"https:\/\/www.eldigitaldeasturias.com\/noticias\/#organization"}}]},"og:locale":"es_ES","og:site_name":"El Digital de Asturias","og:type":"article","og:title":"Mariano Rajoy: \u00abEstamos en condiciones de superar la crisis\u00bb - El Digital de Asturias","og:description":"El presidente del Gobierno de Espa\u00f1a, Mariano Rajoy, ha recordado esta ma\u00f1ana durante una visita a las obras de la autov\u00eda de la A-57 en el tramo Vilaboa-Ermida (Pontevedra), que la previsi\u00f3n de crecimiento en Espa\u00f1a llegar\u00e1 hasta el 2,7% y que se crear\u00e1 m\u00e1s empleo para terminar situ\u00e1ndonos a final de a\u00f1o, en torno","og:url":"https:\/\/www.eldigitaldeasturias.com\/noticias\/mariano-rajoy-estamos-en-condiciones-de-superar-la-crisis\/","article:tag":["actualidad"],"article:published_time":"2018-04-02T14:19:48+00:00","article:modified_time":"2018-04-02T14:19:48+00:00","article:publisher":"https:\/\/facebook.com\/eldigitaldeasturias","twitter:card":"summary_large_image","twitter:title":"Mariano Rajoy: \u00abEstamos en condiciones de superar la crisis\u00bb - El Digital de Asturias","twitter:description":"El presidente del Gobierno de Espa\u00f1a, Mariano Rajoy, ha recordado esta ma\u00f1ana durante una visita a las obras de la autov\u00eda de la A-57 en el tramo Vilaboa-Ermida (Pontevedra), que la previsi\u00f3n de crecimiento en Espa\u00f1a llegar\u00e1 hasta el 2,7% y que se crear\u00e1 m\u00e1s empleo para terminar situ\u00e1ndonos a final de a\u00f1o, en torno","twitter:image":"https:\/\/www.eldigitaldeasturias.com\/noticias\/wp-content\/uploads\/2020\/12\/EDA-1.jpg","twitter:label1":"Escrito por","twitter:data1":"El Digital de Asturias","twitter:label2":"Tiempo de lectura estimado","twitter:data2":"3 minutos"},"aioseo_meta_data":{"post_id":"974433","title":null,"description":null,"keywords":null,"keyphrases":null,"primary_term":null,"canonical_url":null,"og_title":null,"og_description":null,"og_object_type":"default","og_image_type":"default","og_image_url":null,"og_image_width":null,"og_image_height":null,"og_image_custom_url":null,"og_image_custom_fields":null,"og_video":null,"og_custom_url":null,"og_article_section":null,"og_article_tags":null,"twitter_use_og":false,"twitter_card":"default","twitter_image_type":"default","twitter_image_url":null,"twitter_image_custom_url":null,"twitter_image_custom_fields":null,"twitter_title":null,"twitter_description":null,"schema":{"blockGraphs":[],"customGraphs":[],"default":{"data":{"Article":[],"Course":[],"Dataset":[],"FAQPage":[],"Movie":[],"Person":[],"Product":[],"ProductReview":[],"Car":[],"Recipe":[],"Service":[],"SoftwareApplication":[],"WebPage":[]},"graphName":"","isEnabled":true},"graphs":[],"defaultGraph":"","defaultPostTypeGraph":""},"schema_type":null,"schema_type_options":null,"pillar_content":false,"robots_default":true,"robots_noindex":false,"robots_noarchive":false,"robots_nosnippet":false,"robots_nofollow":false,"robots_noimageindex":false,"robots_noodp":false,"robots_notranslate":false,"robots_max_snippet":null,"robots_max_videopreview":null,"robots_max_imagepreview":"large","priority":null,"frequency":null,"local_seo":null,"seo_analyzer_scan_date":"2025-10-07 20:12:01","breadcrumb_settings":null,"limit_modified_date":false,"open_ai":null,"ai":null,"created":"2020-12-21 12:13:39","updated":"2025-10-07 20:12:01","focus_keyword":null,"additional_keywords":null,"truseo_locale":null},"aioseo_breadcrumb":"<div class=\"aioseo-breadcrumbs\"><span class=\"aioseo-breadcrumb\">\n\t<a href=\"https:\/\/www.eldigitaldeasturias.com\/noticias\" title=\"Home\">Home<\/a>\n<\/span><span class=\"aioseo-breadcrumb-separator\">\u2013<\/span><span class=\"aioseo-breadcrumb\">\n\t<a href=\"https:\/\/www.eldigitaldeasturias.com\/noticias\/category\/actualidad\/\" title=\"Actualidad\">Actualidad<\/a>\n<\/span><span class=\"aioseo-breadcrumb-separator\">\u2013<\/span><span class=\"aioseo-breadcrumb\">\n\t<a href=\"https:\/\/www.eldigitaldeasturias.com\/noticias\/mariano-rajoy-estamos-en-condiciones-de-superar-la-crisis\/\" title=\"Mariano Rajoy: \u00abEstamos en condiciones de superar la crisis\u00bb\">Mariano Rajoy: \u00abEstamos en condiciones de superar la crisis\u00bb<\/a>\n<\/span><\/div>","aioseo_breadcrumb_json":[{"label":"Home","link":"https:\/\/www.eldigitaldeasturias.com\/noticias"},{"label":"Actualidad","link":"https:\/\/www.eldigitaldeasturias.com\/noticias\/category\/actualidad\/"},{"label":"Mariano Rajoy: \u00abEstamos en condiciones de superar la crisis\u00bb","link":"https:\/\/www.eldigitaldeasturias.com\/noticias\/mariano-rajoy-estamos-en-condiciones-de-superar-la-crisis\/"}],"_links":{"self":[{"href":"https:\/\/www.eldigitaldeasturias.com\/noticias\/wp-json\/wp\/v2\/posts\/974433","targetHints":{"allow":["GET"]}}],"collection":[{"href":"https:\/\/www.eldigitaldeasturias.com\/noticias\/wp-json\/wp\/v2\/posts"}],"about":[{"href":"https:\/\/www.eldigitaldeasturias.com\/noticias\/wp-json\/wp\/v2\/types\/post"}],"author":[{"embeddable":true,"href":"https:\/\/www.eldigitaldeasturias.com\/noticias\/wp-json\/wp\/v2\/users\/1"}],"replies":[{"embeddable":true,"href":"https:\/\/www.eldigitaldeasturias.com\/noticias\/wp-json\/wp\/v2\/comments?post=974433"}],"version-history":[{"count":0,"href":"https:\/\/www.eldigitaldeasturias.com\/noticias\/wp-json\/wp\/v2\/posts\/974433\/revisions"}],"wp:attachment":[{"href":"https:\/\/www.eldigitaldeasturias.com\/noticias\/wp-json\/wp\/v2\/media?parent=974433"}],"wp:term":[{"taxonomy":"category","embeddable":true,"href":"https:\/\/www.eldigitaldeasturias.com\/noticias\/wp-json\/wp\/v2\/categories?post=974433"},{"taxonomy":"post_tag","embeddable":true,"href":"https:\/\/www.eldigitaldeasturias.com\/noticias\/wp-json\/wp\/v2\/tags?post=974433"}],"curies":[{"name":"wp","href":"https:\/\/api.w.org\/{rel}","templated":true}]}}