{"id":974406,"date":"2018-04-02T02:11:17","date_gmt":"2018-04-02T02:11:17","guid":{"rendered":"http:\/\/www.eldigitaldeasturias.com\/noticias\/?p=974406"},"modified":"2018-04-02T02:11:17","modified_gmt":"2018-04-02T02:11:17","slug":"rios-montt-el-ex-dictador-guatemalteco-que-murio-sin-condena","status":"publish","type":"post","link":"https:\/\/www.eldigitaldeasturias.com\/noticias\/rios-montt-el-ex-dictador-guatemalteco-que-murio-sin-condena\/","title":{"rendered":"R\u00edos Montt, el ex dictador guatemalteco que muri\u00f3 sin condena"},"content":{"rendered":"<p><img loading=\"lazy\" decoding=\"async\" class=\"alignleft size-medium wp-image-726499\" src=\"https:\/\/www.eldigitaldeasturias.com\/noticias\/wp-content\/uploads\/2014\/12\/8448377w-360x239.jpg\" alt=\"\" width=\"360\" height=\"239\" \/>Ciudad de Guatemala, 1 abr (dpa) &#8211; A pesar de cargar con la responsabilidad de las atrocidades cometidas por los militares en Guatemala durante su Gobierno de facto (1982-1983), el ex dictador Jos\u00e9 Efra\u00edn R\u00edos Montt muri\u00f3 sin condena, mientras a\u00fan se desarrollaba un juicio especial por genocidio en su contra.<\/p>\n<p>Durante su dictadura, el Ej\u00e9rcito de Guatemala endureci\u00f3 la estrategia contrainsurgente de \u00abtierra arrasada\u00bb en el campo, que ten\u00eda como fin acabar con la guerrilla. Sin embargo, las v\u00edctimas fueron en su gran mayor\u00eda civiles: mujeres, ni\u00f1os, ancianos y hombres despose\u00eddos a quienes se consideraba colaboradores de la insurgencia.<\/p>\n<p>Si bien en 2013 fue sentenciado a 80 a\u00f1os de c\u00e1rcel por la matanza de 1.071 ind\u00edgenas de la etnia maya ixil en el departamento de Quich\u00e9 (norte) en 1982, en el marco del conflicto armado que dej\u00f3 al menos 250.000 muertos y desaparecidos seg\u00fan la ONU, la condena fue anulada diez d\u00edas despu\u00e9s por la Corte de Constitucionalidad (CC) por supuestos errores en el proceso.<\/p>\n<p>Durante el juicio, a cargo del Tribunal de Alto Riesgo A, R\u00edos Montt neg\u00f3 los cargos. \u00abEstamos totalmente convencidos de su intenci\u00f3n de destruir y exterminar a la etnia ixil\u00bb, dijo sin embargo la presidenta de la sala, Jazm\u00edn Barrios, durante la audiencia final.<\/p>\n<p>Por acciones de la defensa, el nuevo juicio no pudo reanudarse sino hasta 2016. Los abogados del ex dictador consiguieron, entretanto, demostrar en 2015 que padec\u00eda de \u00abdemencia senil mixta\u00bb. Debido a esta condici\u00f3n del ex jefe militar, el tribunal a cargo del nuevo juicio, el de Mayor Riesgo B, admiti\u00f3 que \u00e9ste se desarrollara bajo medidas especiales, lo que evit\u00f3 que R\u00edos Montt acudiera a las audiencias y fuera representado por sus abogados.<\/p>\n<p>Seg\u00fan dijeron sus familiares a la prensa, \u00abfalleci\u00f3 en su hogar, con el amor de su familia\u00bb, en su residencia en un exclusivo sector de la capital, donde guardaba prisi\u00f3n domiciliar.<\/p>\n<p>Tuvieron que pasar muchos a\u00f1os hasta que R\u00edos Montt, quien hab\u00eda gobernado Guatemala con mano de hierro, se sentara en el banquillo de los acusados. La acci\u00f3n legal reci\u00e9n fue viable en 2012, cuando no logr\u00f3 la reelecci\u00f3n como diputado del partido que surgi\u00f3 en torno a su carism\u00e1tica figura, el Frente Republicano Guatemalteco (FRG), ahora desaparecido.<\/p>\n<p>R\u00edos Montt ocupaba un esca\u00f1o en el Congreso desde 1996, a\u00f1o en que se firm\u00f3 la paz en Guatemala tras 36 a\u00f1os de lucha armada. Lo hizo junto a su hija Zury R\u00edos, quien fue candidata presidencial en 2015 y se apresta a volver a serlo en 2019. Como diputado del Congreso Nacional hab\u00eda gozado, hasta ese entonces, del privilegio de inmunidad ante la ley.<\/p>\n<p>El mismo ex dictador hab\u00eda intentado dos veces en vano llegar a la presidencia de Guatemala en los a\u00f1os 90 de la mano del FRG, pero el Tribunal Supremo Electoral (TSE) no aval\u00f3 la inscripci\u00f3n de su candidatura en base a una prohibici\u00f3n constitucional por haber ejercido el cargo de jefe de un Gobierno de facto.<\/p>\n<p>Sin embargo, tras cambiar de estrategia, el FRG consigui\u00f3 triunfar en las elecciones presidenciales de 1999 bajo el liderazgo aglutinador de R\u00edos Montt y con el economista Alfonso Portillo (2000-2004) como candidato.<\/p>\n<p>De todas formas, los intentos de R\u00edos Montt, uno de los principales protagonistas de la historia pol\u00edtica reciente de Guatemala, se remontan a muchos a\u00f1os antes: en 1973 hab\u00eda sido ya candidato presidencial del tambi\u00e9n desaparecido partido Democracia Cristiana Guatemalteca (DCG).<\/p>\n<p>En ese proceso result\u00f3 derrotado por el tambi\u00e9n general Kjell Eugenio Lauguerud Garc\u00eda (1974-1978), aunque la DCG aleg\u00f3 fraude. R\u00edos Montt fue nombrado por la administraci\u00f3n Lauguerud como agregado militar en la embajada guatemalteca en Espa\u00f1a.<\/p>\n<p>Con esos antecedentes, el 23 de marzo de 1982 fue llamado por oficiales j\u00f3venes que encabezaron el golpe de Estado contra el gobierno del tambi\u00e9n general Romeo Lucas (1978-1982) para integrar un triunvirato provisional, pero poco despu\u00e9s R\u00edos Montt se proclam\u00f3 como jefe de Estado.<\/p>\n<p>Gobern\u00f3 hasta el 8 de agosto de 1983, cuando fue depuesto mediante otro golpe de Estado encabezado por el general \u00d3scar Mej\u00eda V\u00edctores, quien gobern\u00f3 el pa\u00eds hasta enero de 1986, cuando se instaur\u00f3 la democracia.<\/p>\n<p><i class=\"lang-es\"><span class=\" readonly\" title=\"\">Por Patricia Castillo (dpa)<\/span><\/i><\/p>\n","protected":false},"excerpt":{"rendered":"<p>Ciudad de Guatemala, 1 abr (dpa) &#8211; A pesar de cargar con la responsabilidad de las atrocidades cometidas por los militares en Guatemala durante su Gobierno de facto (1982-1983), el ex dictador Jos\u00e9 Efra\u00edn R\u00edos Montt muri\u00f3 sin condena, mientras a\u00fan se desarrollaba un juicio especial por genocidio en su contra. Durante su dictadura, el [&hellip;]<\/p>\n","protected":false},"author":1,"featured_media":726499,"comment_status":"closed","ping_status":"closed","sticky":false,"template":"","format":"standard","meta":{"footnotes":""},"categories":[1],"tags":[],"class_list":["post-974406","post","type-post","status-publish","format-standard","has-post-thumbnail","hentry","category-actualidad"],"aioseo_notices":[],"aioseo_head":"\n\t\t<!-- All in One SEO Pro 5.0.1 - aioseo.com -->\n\t<meta name=\"description\" content=\"Ciudad de Guatemala, 1 abr (dpa) - A pesar de cargar con la responsabilidad de las atrocidades cometidas por los militares en Guatemala durante su Gobierno de facto (1982-1983), el ex dictador Jos\u00e9 Efra\u00edn R\u00edos Montt muri\u00f3 sin condena, mientras a\u00fan se desarrollaba un juicio especial por genocidio en su contra. Durante su dictadura, el\" \/>\n\t<meta name=\"robots\" content=\"max-image-preview:large\" \/>\n\t<meta name=\"author\" content=\"El Digital de Asturias\"\/>\n\t<meta name=\"google-site-verification\" content=\"UA-38556648-1\" \/>\n\t<meta name=\"msvalidate.01\" content=\"7dfe9f3f1b24437ab69f4f2559babe99\" \/>\n\t<meta name=\"keywords\" content=\"actualidad\" \/>\n\t<link rel=\"canonical\" href=\"https:\/\/www.eldigitaldeasturias.com\/noticias\/rios-montt-el-ex-dictador-guatemalteco-que-murio-sin-condena\/\" \/>\n\t<meta name=\"generator\" content=\"All in One SEO Pro (AIOSEO) 5.0.1\" \/>\n\t\t<meta property=\"og:locale\" content=\"es_ES\" \/>\n\t\t<meta property=\"og:site_name\" content=\"El Digital de Asturias\" \/>\n\t\t<meta property=\"og:type\" content=\"article\" \/>\n\t\t<meta property=\"og:title\" content=\"R\u00edos Montt, el ex dictador guatemalteco que muri\u00f3 sin condena - El Digital de Asturias\" \/>\n\t\t<meta property=\"og:description\" content=\"Ciudad de Guatemala, 1 abr (dpa) - A pesar de cargar con la responsabilidad de las atrocidades cometidas por los militares en Guatemala durante su Gobierno de facto (1982-1983), el ex dictador Jos\u00e9 Efra\u00edn R\u00edos Montt muri\u00f3 sin condena, mientras a\u00fan se desarrollaba un juicio especial por genocidio en su contra. Durante su dictadura, el\" \/>\n\t\t<meta property=\"og:url\" content=\"https:\/\/www.eldigitaldeasturias.com\/noticias\/rios-montt-el-ex-dictador-guatemalteco-que-murio-sin-condena\/\" \/>\n\t\t<meta property=\"article:tag\" content=\"actualidad\" \/>\n\t\t<meta property=\"article:published_time\" content=\"2018-04-02T02:11:17+00:00\" \/>\n\t\t<meta property=\"article:modified_time\" content=\"2018-04-02T02:11:17+00:00\" \/>\n\t\t<meta property=\"article:publisher\" content=\"https:\/\/facebook.com\/eldigitaldeasturias\" \/>\n\t\t<meta name=\"twitter:card\" content=\"summary_large_image\" \/>\n\t\t<meta name=\"twitter:title\" content=\"R\u00edos Montt, el ex dictador guatemalteco que muri\u00f3 sin condena - El Digital de Asturias\" \/>\n\t\t<meta name=\"twitter:description\" content=\"Ciudad de Guatemala, 1 abr (dpa) - A pesar de cargar con la responsabilidad de las atrocidades cometidas por los militares en Guatemala durante su Gobierno de facto (1982-1983), el ex dictador Jos\u00e9 Efra\u00edn R\u00edos Montt muri\u00f3 sin condena, mientras a\u00fan se desarrollaba un juicio especial por genocidio en su contra. Durante su dictadura, el\" \/>\n\t\t<meta name=\"twitter:image\" content=\"https:\/\/www.eldigitaldeasturias.com\/noticias\/wp-content\/uploads\/2020\/12\/EDA-1.jpg\" \/>\n\t\t<meta name=\"twitter:label1\" content=\"Escrito por\" \/>\n\t\t<meta name=\"twitter:data1\" content=\"El Digital de Asturias\" \/>\n\t\t<meta name=\"twitter:label2\" content=\"Tiempo de lectura estimado\" \/>\n\t\t<meta name=\"twitter:data2\" content=\"4 minutos\" \/>\n\t\t<script type=\"application\/ld+json\" class=\"aioseo-schema\">\n\t\t\t{\"@context\":\"https:\\\/\\\/schema.org\",\"@graph\":[{\"@type\":\"BlogPosting\",\"@id\":\"https:\\\/\\\/www.eldigitaldeasturias.com\\\/noticias\\\/rios-montt-el-ex-dictador-guatemalteco-que-murio-sin-condena\\\/#blogposting\",\"name\":\"R\\u00edos Montt, el ex dictador guatemalteco que muri\\u00f3 sin condena - El Digital de Asturias\",\"headline\":\"R\\u00edos Montt, el ex dictador guatemalteco que muri\\u00f3 sin condena\",\"author\":{\"@id\":\"https:\\\/\\\/www.eldigitaldeasturias.com\\\/noticias\\\/author\\\/admin\\\/#author\"},\"publisher\":{\"@id\":\"https:\\\/\\\/www.eldigitaldeasturias.com\\\/noticias\\\/#organization\"},\"image\":{\"@type\":\"ImageObject\",\"url\":726499},\"datePublished\":\"2018-04-02T02:11:17+02:00\",\"dateModified\":\"2018-04-02T02:11:17+02:00\",\"inLanguage\":\"es-ES\",\"mainEntityOfPage\":{\"@id\":\"https:\\\/\\\/www.eldigitaldeasturias.com\\\/noticias\\\/rios-montt-el-ex-dictador-guatemalteco-que-murio-sin-condena\\\/#webpage\"},\"isPartOf\":{\"@id\":\"https:\\\/\\\/www.eldigitaldeasturias.com\\\/noticias\\\/rios-montt-el-ex-dictador-guatemalteco-que-murio-sin-condena\\\/#webpage\"},\"articleSection\":\"Actualidad\"},{\"@type\":\"BreadcrumbList\",\"@id\":\"https:\\\/\\\/www.eldigitaldeasturias.com\\\/noticias\\\/rios-montt-el-ex-dictador-guatemalteco-que-murio-sin-condena\\\/#breadcrumblist\",\"itemListElement\":[{\"@type\":\"ListItem\",\"@id\":\"https:\\\/\\\/www.eldigitaldeasturias.com\\\/noticias#listItem\",\"position\":1,\"name\":\"Home\",\"item\":\"https:\\\/\\\/www.eldigitaldeasturias.com\\\/noticias\",\"nextItem\":{\"@type\":\"ListItem\",\"@id\":\"https:\\\/\\\/www.eldigitaldeasturias.com\\\/noticias\\\/category\\\/actualidad\\\/#listItem\",\"name\":\"Actualidad\"}},{\"@type\":\"ListItem\",\"@id\":\"https:\\\/\\\/www.eldigitaldeasturias.com\\\/noticias\\\/category\\\/actualidad\\\/#listItem\",\"position\":2,\"name\":\"Actualidad\",\"item\":\"https:\\\/\\\/www.eldigitaldeasturias.com\\\/noticias\\\/category\\\/actualidad\\\/\",\"nextItem\":{\"@type\":\"ListItem\",\"@id\":\"https:\\\/\\\/www.eldigitaldeasturias.com\\\/noticias\\\/rios-montt-el-ex-dictador-guatemalteco-que-murio-sin-condena\\\/#listItem\",\"name\":\"R\\u00edos Montt, el ex dictador guatemalteco que muri\\u00f3 sin condena\"},\"previousItem\":{\"@type\":\"ListItem\",\"@id\":\"https:\\\/\\\/www.eldigitaldeasturias.com\\\/noticias#listItem\",\"name\":\"Home\"}},{\"@type\":\"ListItem\",\"@id\":\"https:\\\/\\\/www.eldigitaldeasturias.com\\\/noticias\\\/rios-montt-el-ex-dictador-guatemalteco-que-murio-sin-condena\\\/#listItem\",\"position\":3,\"name\":\"R\\u00edos Montt, el ex dictador guatemalteco que muri\\u00f3 sin condena\",\"previousItem\":{\"@type\":\"ListItem\",\"@id\":\"https:\\\/\\\/www.eldigitaldeasturias.com\\\/noticias\\\/category\\\/actualidad\\\/#listItem\",\"name\":\"Actualidad\"}}]},{\"@type\":\"Organization\",\"@id\":\"https:\\\/\\\/www.eldigitaldeasturias.com\\\/noticias\\\/#organization\",\"name\":\"El Digital de Asturias\",\"description\":\"Hemeroteca\",\"url\":\"https:\\\/\\\/www.eldigitaldeasturias.com\\\/noticias\\\/\",\"email\":\"info@eldigitaldeasturias.com\",\"telephone\":\"+34652131393\",\"logo\":{\"@type\":\"ImageObject\",\"url\":\"https:\\\/\\\/www.eldigitaldeasturias.com\\\/noticias\\\/wp-content\\\/uploads\\\/2020\\\/12\\\/EDA.jpg\",\"@id\":\"https:\\\/\\\/www.eldigitaldeasturias.com\\\/noticias\\\/rios-montt-el-ex-dictador-guatemalteco-que-murio-sin-condena\\\/#organizationLogo\"},\"image\":{\"@id\":\"https:\\\/\\\/www.eldigitaldeasturias.com\\\/noticias\\\/rios-montt-el-ex-dictador-guatemalteco-que-murio-sin-condena\\\/#organizationLogo\"},\"sameAs\":[\"https:\\\/\\\/facebook.com\\\/eldigitaldeasturias\",\"https:\\\/\\\/www.youtube.com\\\/channel\\\/UCZP-2wLEB9Rv6erhFmqVnvg\"],\"address\":{\"@id\":\"https:\\\/\\\/www.eldigitaldeasturias.com\\\/noticias\\\/#postaladdress\",\"@type\":\"PostalAddress\",\"streetAddress\":\"san antonio 4\",\"postalCode\":\"33430\",\"addressLocality\":\"Cand\\u00e1s\",\"addressRegion\":\"Asturias\",\"addressCountry\":\"ES\"}},{\"@type\":\"Person\",\"@id\":\"https:\\\/\\\/www.eldigitaldeasturias.com\\\/noticias\\\/author\\\/admin\\\/#author\",\"url\":\"https:\\\/\\\/www.eldigitaldeasturias.com\\\/noticias\\\/author\\\/admin\\\/\",\"name\":\"El Digital de Asturias\",\"image\":{\"@type\":\"ImageObject\",\"@id\":\"https:\\\/\\\/www.eldigitaldeasturias.com\\\/noticias\\\/rios-montt-el-ex-dictador-guatemalteco-que-murio-sin-condena\\\/#authorImage\",\"url\":\"https:\\\/\\\/secure.gravatar.com\\\/avatar\\\/df2aeffc32bcd13f8d26072ef8a91b623d677766deac7f97ca815868cd41bf5e?s=96&d=mm&r=g\",\"width\":96,\"height\":96,\"caption\":\"El Digital de Asturias\"}},{\"@type\":\"WebPage\",\"@id\":\"https:\\\/\\\/www.eldigitaldeasturias.com\\\/noticias\\\/rios-montt-el-ex-dictador-guatemalteco-que-murio-sin-condena\\\/#webpage\",\"url\":\"https:\\\/\\\/www.eldigitaldeasturias.com\\\/noticias\\\/rios-montt-el-ex-dictador-guatemalteco-que-murio-sin-condena\\\/\",\"name\":\"R\\u00edos Montt, el ex dictador guatemalteco que muri\\u00f3 sin condena - El Digital de Asturias\",\"description\":\"Ciudad de Guatemala, 1 abr (dpa) - A pesar de cargar con la responsabilidad de las atrocidades cometidas por los militares en Guatemala durante su Gobierno de facto (1982-1983), el ex dictador Jos\\u00e9 Efra\\u00edn R\\u00edos Montt muri\\u00f3 sin condena, mientras a\\u00fan se desarrollaba un juicio especial por genocidio en su contra. Durante su dictadura, el\",\"inLanguage\":\"es-ES\",\"isPartOf\":{\"@id\":\"https:\\\/\\\/www.eldigitaldeasturias.com\\\/noticias\\\/#website\"},\"breadcrumb\":{\"@id\":\"https:\\\/\\\/www.eldigitaldeasturias.com\\\/noticias\\\/rios-montt-el-ex-dictador-guatemalteco-que-murio-sin-condena\\\/#breadcrumblist\"},\"author\":{\"@id\":\"https:\\\/\\\/www.eldigitaldeasturias.com\\\/noticias\\\/author\\\/admin\\\/#author\"},\"creator\":{\"@id\":\"https:\\\/\\\/www.eldigitaldeasturias.com\\\/noticias\\\/author\\\/admin\\\/#author\"},\"image\":{\"@type\":\"ImageObject\",\"url\":726499,\"@id\":\"https:\\\/\\\/www.eldigitaldeasturias.com\\\/noticias\\\/rios-montt-el-ex-dictador-guatemalteco-que-murio-sin-condena\\\/#mainImage\"},\"primaryImageOfPage\":{\"@id\":\"https:\\\/\\\/www.eldigitaldeasturias.com\\\/noticias\\\/rios-montt-el-ex-dictador-guatemalteco-que-murio-sin-condena\\\/#mainImage\"},\"datePublished\":\"2018-04-02T02:11:17+02:00\",\"dateModified\":\"2018-04-02T02:11:17+02:00\"},{\"@type\":\"WebSite\",\"@id\":\"https:\\\/\\\/www.eldigitaldeasturias.com\\\/noticias\\\/#website\",\"url\":\"https:\\\/\\\/www.eldigitaldeasturias.com\\\/noticias\\\/\",\"name\":\"El Digital de Asturias - Diario de actualidad y noticias\",\"alternateName\":\"El Digital de Asturias - Diario de actualidad y noticias\",\"description\":\"Hemeroteca\",\"inLanguage\":\"es-ES\",\"publisher\":{\"@id\":\"https:\\\/\\\/www.eldigitaldeasturias.com\\\/noticias\\\/#organization\"}}]}\n\t\t<\/script>\n\t\t<!-- All in One SEO Pro -->\r\n\t\t<title>R\u00edos Montt, el ex dictador guatemalteco que muri\u00f3 sin condena - El Digital de Asturias<\/title>\n\n","aioseo_head_json":{"title":"R\u00edos Montt, el ex dictador guatemalteco que muri\u00f3 sin condena - El Digital de Asturias","description":"Ciudad de Guatemala, 1 abr (dpa) - A pesar de cargar con la responsabilidad de las atrocidades cometidas por los militares en Guatemala durante su Gobierno de facto (1982-1983), el ex dictador Jos\u00e9 Efra\u00edn R\u00edos Montt muri\u00f3 sin condena, mientras a\u00fan se desarrollaba un juicio especial por genocidio en su contra. Durante su dictadura, el","canonical_url":"https:\/\/www.eldigitaldeasturias.com\/noticias\/rios-montt-el-ex-dictador-guatemalteco-que-murio-sin-condena\/","robots":"max-image-preview:large","keywords":"actualidad","webmasterTools":{"google-site-verification":"UA-38556648-1","msvalidate.01":"7dfe9f3f1b24437ab69f4f2559babe99","miscellaneous":""},"schema":{"@context":"https:\/\/schema.org","@graph":[{"@type":"BlogPosting","@id":"https:\/\/www.eldigitaldeasturias.com\/noticias\/rios-montt-el-ex-dictador-guatemalteco-que-murio-sin-condena\/#blogposting","name":"R\u00edos Montt, el ex dictador guatemalteco que muri\u00f3 sin condena - El Digital de Asturias","headline":"R\u00edos Montt, el ex dictador guatemalteco que muri\u00f3 sin condena","author":{"@id":"https:\/\/www.eldigitaldeasturias.com\/noticias\/author\/admin\/#author"},"publisher":{"@id":"https:\/\/www.eldigitaldeasturias.com\/noticias\/#organization"},"image":{"@type":"ImageObject","url":726499},"datePublished":"2018-04-02T02:11:17+02:00","dateModified":"2018-04-02T02:11:17+02:00","inLanguage":"es-ES","mainEntityOfPage":{"@id":"https:\/\/www.eldigitaldeasturias.com\/noticias\/rios-montt-el-ex-dictador-guatemalteco-que-murio-sin-condena\/#webpage"},"isPartOf":{"@id":"https:\/\/www.eldigitaldeasturias.com\/noticias\/rios-montt-el-ex-dictador-guatemalteco-que-murio-sin-condena\/#webpage"},"articleSection":"Actualidad"},{"@type":"BreadcrumbList","@id":"https:\/\/www.eldigitaldeasturias.com\/noticias\/rios-montt-el-ex-dictador-guatemalteco-que-murio-sin-condena\/#breadcrumblist","itemListElement":[{"@type":"ListItem","@id":"https:\/\/www.eldigitaldeasturias.com\/noticias#listItem","position":1,"name":"Home","item":"https:\/\/www.eldigitaldeasturias.com\/noticias","nextItem":{"@type":"ListItem","@id":"https:\/\/www.eldigitaldeasturias.com\/noticias\/category\/actualidad\/#listItem","name":"Actualidad"}},{"@type":"ListItem","@id":"https:\/\/www.eldigitaldeasturias.com\/noticias\/category\/actualidad\/#listItem","position":2,"name":"Actualidad","item":"https:\/\/www.eldigitaldeasturias.com\/noticias\/category\/actualidad\/","nextItem":{"@type":"ListItem","@id":"https:\/\/www.eldigitaldeasturias.com\/noticias\/rios-montt-el-ex-dictador-guatemalteco-que-murio-sin-condena\/#listItem","name":"R\u00edos Montt, el ex dictador guatemalteco que muri\u00f3 sin condena"},"previousItem":{"@type":"ListItem","@id":"https:\/\/www.eldigitaldeasturias.com\/noticias#listItem","name":"Home"}},{"@type":"ListItem","@id":"https:\/\/www.eldigitaldeasturias.com\/noticias\/rios-montt-el-ex-dictador-guatemalteco-que-murio-sin-condena\/#listItem","position":3,"name":"R\u00edos Montt, el ex dictador guatemalteco que muri\u00f3 sin condena","previousItem":{"@type":"ListItem","@id":"https:\/\/www.eldigitaldeasturias.com\/noticias\/category\/actualidad\/#listItem","name":"Actualidad"}}]},{"@type":"Organization","@id":"https:\/\/www.eldigitaldeasturias.com\/noticias\/#organization","name":"El Digital de Asturias","description":"Hemeroteca","url":"https:\/\/www.eldigitaldeasturias.com\/noticias\/","email":"info@eldigitaldeasturias.com","telephone":"+34652131393","logo":{"@type":"ImageObject","url":"https:\/\/www.eldigitaldeasturias.com\/noticias\/wp-content\/uploads\/2020\/12\/EDA.jpg","@id":"https:\/\/www.eldigitaldeasturias.com\/noticias\/rios-montt-el-ex-dictador-guatemalteco-que-murio-sin-condena\/#organizationLogo"},"image":{"@id":"https:\/\/www.eldigitaldeasturias.com\/noticias\/rios-montt-el-ex-dictador-guatemalteco-que-murio-sin-condena\/#organizationLogo"},"sameAs":["https:\/\/facebook.com\/eldigitaldeasturias","https:\/\/www.youtube.com\/channel\/UCZP-2wLEB9Rv6erhFmqVnvg"],"address":{"@id":"https:\/\/www.eldigitaldeasturias.com\/noticias\/#postaladdress","@type":"PostalAddress","streetAddress":"san antonio 4","postalCode":"33430","addressLocality":"Cand\u00e1s","addressRegion":"Asturias","addressCountry":"ES"}},{"@type":"Person","@id":"https:\/\/www.eldigitaldeasturias.com\/noticias\/author\/admin\/#author","url":"https:\/\/www.eldigitaldeasturias.com\/noticias\/author\/admin\/","name":"El Digital de Asturias","image":{"@type":"ImageObject","@id":"https:\/\/www.eldigitaldeasturias.com\/noticias\/rios-montt-el-ex-dictador-guatemalteco-que-murio-sin-condena\/#authorImage","url":"https:\/\/secure.gravatar.com\/avatar\/df2aeffc32bcd13f8d26072ef8a91b623d677766deac7f97ca815868cd41bf5e?s=96&d=mm&r=g","width":96,"height":96,"caption":"El Digital de Asturias"}},{"@type":"WebPage","@id":"https:\/\/www.eldigitaldeasturias.com\/noticias\/rios-montt-el-ex-dictador-guatemalteco-que-murio-sin-condena\/#webpage","url":"https:\/\/www.eldigitaldeasturias.com\/noticias\/rios-montt-el-ex-dictador-guatemalteco-que-murio-sin-condena\/","name":"R\u00edos Montt, el ex dictador guatemalteco que muri\u00f3 sin condena - El Digital de Asturias","description":"Ciudad de Guatemala, 1 abr (dpa) - A pesar de cargar con la responsabilidad de las atrocidades cometidas por los militares en Guatemala durante su Gobierno de facto (1982-1983), el ex dictador Jos\u00e9 Efra\u00edn R\u00edos Montt muri\u00f3 sin condena, mientras a\u00fan se desarrollaba un juicio especial por genocidio en su contra. Durante su dictadura, el","inLanguage":"es-ES","isPartOf":{"@id":"https:\/\/www.eldigitaldeasturias.com\/noticias\/#website"},"breadcrumb":{"@id":"https:\/\/www.eldigitaldeasturias.com\/noticias\/rios-montt-el-ex-dictador-guatemalteco-que-murio-sin-condena\/#breadcrumblist"},"author":{"@id":"https:\/\/www.eldigitaldeasturias.com\/noticias\/author\/admin\/#author"},"creator":{"@id":"https:\/\/www.eldigitaldeasturias.com\/noticias\/author\/admin\/#author"},"image":{"@type":"ImageObject","url":726499,"@id":"https:\/\/www.eldigitaldeasturias.com\/noticias\/rios-montt-el-ex-dictador-guatemalteco-que-murio-sin-condena\/#mainImage"},"primaryImageOfPage":{"@id":"https:\/\/www.eldigitaldeasturias.com\/noticias\/rios-montt-el-ex-dictador-guatemalteco-que-murio-sin-condena\/#mainImage"},"datePublished":"2018-04-02T02:11:17+02:00","dateModified":"2018-04-02T02:11:17+02:00"},{"@type":"WebSite","@id":"https:\/\/www.eldigitaldeasturias.com\/noticias\/#website","url":"https:\/\/www.eldigitaldeasturias.com\/noticias\/","name":"El Digital de Asturias - Diario de actualidad y noticias","alternateName":"El Digital de Asturias - Diario de actualidad y noticias","description":"Hemeroteca","inLanguage":"es-ES","publisher":{"@id":"https:\/\/www.eldigitaldeasturias.com\/noticias\/#organization"}}]},"og:locale":"es_ES","og:site_name":"El Digital de Asturias","og:type":"article","og:title":"R\u00edos Montt, el ex dictador guatemalteco que muri\u00f3 sin condena - El Digital de Asturias","og:description":"Ciudad de Guatemala, 1 abr (dpa) - A pesar de cargar con la responsabilidad de las atrocidades cometidas por los militares en Guatemala durante su Gobierno de facto (1982-1983), el ex dictador Jos\u00e9 Efra\u00edn R\u00edos Montt muri\u00f3 sin condena, mientras a\u00fan se desarrollaba un juicio especial por genocidio en su contra. Durante su dictadura, el","og:url":"https:\/\/www.eldigitaldeasturias.com\/noticias\/rios-montt-el-ex-dictador-guatemalteco-que-murio-sin-condena\/","article:tag":["actualidad"],"article:published_time":"2018-04-02T02:11:17+00:00","article:modified_time":"2018-04-02T02:11:17+00:00","article:publisher":"https:\/\/facebook.com\/eldigitaldeasturias","twitter:card":"summary_large_image","twitter:title":"R\u00edos Montt, el ex dictador guatemalteco que muri\u00f3 sin condena - El Digital de Asturias","twitter:description":"Ciudad de Guatemala, 1 abr (dpa) - A pesar de cargar con la responsabilidad de las atrocidades cometidas por los militares en Guatemala durante su Gobierno de facto (1982-1983), el ex dictador Jos\u00e9 Efra\u00edn R\u00edos Montt muri\u00f3 sin condena, mientras a\u00fan se desarrollaba un juicio especial por genocidio en su contra. Durante su dictadura, el","twitter:image":"https:\/\/www.eldigitaldeasturias.com\/noticias\/wp-content\/uploads\/2020\/12\/EDA-1.jpg","twitter:label1":"Escrito por","twitter:data1":"El Digital de Asturias","twitter:label2":"Tiempo de lectura estimado","twitter:data2":"4 minutos"},"aioseo_meta_data":{"post_id":"974406","title":null,"description":null,"keywords":null,"keyphrases":null,"primary_term":null,"canonical_url":null,"og_title":null,"og_description":null,"og_object_type":"default","og_image_type":"default","og_image_url":null,"og_image_width":null,"og_image_height":null,"og_image_custom_url":null,"og_image_custom_fields":null,"og_video":null,"og_custom_url":null,"og_article_section":null,"og_article_tags":null,"twitter_use_og":false,"twitter_card":"default","twitter_image_type":"default","twitter_image_url":null,"twitter_image_custom_url":null,"twitter_image_custom_fields":null,"twitter_title":null,"twitter_description":null,"schema":{"blockGraphs":[],"customGraphs":[],"default":{"data":{"Article":[],"Course":[],"Dataset":[],"FAQPage":[],"Movie":[],"Person":[],"Product":[],"ProductReview":[],"Car":[],"Recipe":[],"Service":[],"SoftwareApplication":[],"WebPage":[]},"graphName":"","isEnabled":true},"graphs":[],"defaultGraph":"","defaultPostTypeGraph":""},"schema_type":null,"schema_type_options":null,"pillar_content":false,"robots_default":true,"robots_noindex":false,"robots_noarchive":false,"robots_nosnippet":false,"robots_nofollow":false,"robots_noimageindex":false,"robots_noodp":false,"robots_notranslate":false,"robots_max_snippet":null,"robots_max_videopreview":null,"robots_max_imagepreview":"large","priority":null,"frequency":null,"local_seo":null,"seo_analyzer_scan_date":"2025-10-07 20:06:18","breadcrumb_settings":null,"limit_modified_date":false,"open_ai":null,"ai":null,"created":"2020-12-21 12:13:39","updated":"2025-10-07 20:06:18","focus_keyword":null,"additional_keywords":null,"truseo_locale":null},"aioseo_breadcrumb":"<div class=\"aioseo-breadcrumbs\"><span class=\"aioseo-breadcrumb\">\n\t<a href=\"https:\/\/www.eldigitaldeasturias.com\/noticias\" title=\"Home\">Home<\/a>\n<\/span><span class=\"aioseo-breadcrumb-separator\">\u2013<\/span><span class=\"aioseo-breadcrumb\">\n\t<a href=\"https:\/\/www.eldigitaldeasturias.com\/noticias\/category\/actualidad\/\" title=\"Actualidad\">Actualidad<\/a>\n<\/span><span class=\"aioseo-breadcrumb-separator\">\u2013<\/span><span class=\"aioseo-breadcrumb\">\n\t<a href=\"https:\/\/www.eldigitaldeasturias.com\/noticias\/rios-montt-el-ex-dictador-guatemalteco-que-murio-sin-condena\/\" title=\"R\u00edos Montt, el ex dictador guatemalteco que muri\u00f3 sin condena\">R\u00edos Montt, el ex dictador guatemalteco que muri\u00f3 sin condena<\/a>\n<\/span><\/div>","aioseo_breadcrumb_json":[{"label":"Home","link":"https:\/\/www.eldigitaldeasturias.com\/noticias"},{"label":"Actualidad","link":"https:\/\/www.eldigitaldeasturias.com\/noticias\/category\/actualidad\/"},{"label":"R\u00edos Montt, el ex dictador guatemalteco que muri\u00f3 sin condena","link":"https:\/\/www.eldigitaldeasturias.com\/noticias\/rios-montt-el-ex-dictador-guatemalteco-que-murio-sin-condena\/"}],"_links":{"self":[{"href":"https:\/\/www.eldigitaldeasturias.com\/noticias\/wp-json\/wp\/v2\/posts\/974406","targetHints":{"allow":["GET"]}}],"collection":[{"href":"https:\/\/www.eldigitaldeasturias.com\/noticias\/wp-json\/wp\/v2\/posts"}],"about":[{"href":"https:\/\/www.eldigitaldeasturias.com\/noticias\/wp-json\/wp\/v2\/types\/post"}],"author":[{"embeddable":true,"href":"https:\/\/www.eldigitaldeasturias.com\/noticias\/wp-json\/wp\/v2\/users\/1"}],"replies":[{"embeddable":true,"href":"https:\/\/www.eldigitaldeasturias.com\/noticias\/wp-json\/wp\/v2\/comments?post=974406"}],"version-history":[{"count":0,"href":"https:\/\/www.eldigitaldeasturias.com\/noticias\/wp-json\/wp\/v2\/posts\/974406\/revisions"}],"wp:attachment":[{"href":"https:\/\/www.eldigitaldeasturias.com\/noticias\/wp-json\/wp\/v2\/media?parent=974406"}],"wp:term":[{"taxonomy":"category","embeddable":true,"href":"https:\/\/www.eldigitaldeasturias.com\/noticias\/wp-json\/wp\/v2\/categories?post=974406"},{"taxonomy":"post_tag","embeddable":true,"href":"https:\/\/www.eldigitaldeasturias.com\/noticias\/wp-json\/wp\/v2\/tags?post=974406"}],"curies":[{"name":"wp","href":"https:\/\/api.w.org\/{rel}","templated":true}]}}